{"id":8336,"date":"2023-01-01T18:17:46","date_gmt":"2023-01-01T17:17:46","guid":{"rendered":"http:\/\/blog.inmontanis.info\/?p=8336"},"modified":"2023-08-05T20:59:29","modified_gmt":"2023-08-05T18:59:29","slug":"weinebene-1-1-2023","status":"publish","type":"post","link":"http:\/\/blog.inmontanis.info\/?p=8336","title":{"rendered":"Weinebene, 1.1.2023"},"content":{"rendered":"<p><strong>So, 1.1.2023<\/strong><\/p>\n<p>Zum ersten Skitag des neuen Jahres gab es ein kleines Jubil\u00e4um: mein 700. Skigebiet, zumindest nach meiner derzeitigen z\u00e4hlweise. Daher hab ich &#8211; in einem eigenen Beitrag &#8211; meine Statistik etwas aufgeh\u00fcbscht.<\/p>\n<p>Am 1.1. sollte man ja fr\u00fch dran sein, ich war um kurz vor 9 Uhr am Parkplatz am Skigebiet Weinebene. Das liegt zwar nur ca. 7km Luftlinie von mir weg, aber bis man mit dem Auto ins Tal runter und anderswo wieder rauf f\u00e4hrt, dauert es fast eine Stunde.<\/p>\n<p>Das Skigebiet Weinebene erinnert vom Aufbau her (einseitiges Passskigebiet, vom Parkplatz aus erst paar k\u00fcrzere SL am ersten H\u00fcgel, dahinter l\u00e4ngerer Lift auf anderen H\u00fcgel) an Garessio (wo der obere Lift allerdings weiter hinauf geht, hier auf der Weinebene ist der quasi auf der R\u00fcckseite). Grundlegend mit den SL und Waldabfahrten aber nat\u00fcrlich auch an Skandinavien. Das Panorama oben mit dem Tiefblick auf recht flaches Land tief unten an manche Skigebiete im Appennin.<\/p>\n<p>Der Zustand vom r\u00fcckseitigen SL Schneeloch war insofern ungewiss, da lt. Bergfex 8\/8 Lifte offen sein sollen, lt. interaktiver Karte war er jedoch geschlossen. Nun, leider stimmte letzteres, was nat\u00fcrlich sehr schade ist, weil 1. sonniger S\u00fcdhang mit Flachlandpano und 2. mehr Abwechslung.<\/p>\n<p>Schnee war h\u00e4rter als die letzten Tage, wobei ich ja auch fr\u00fcher dran war. Sp\u00e4ter teilweise allerdings knollig. Die Abfahrten selbst eher unspektakul\u00e4r. Mehr Wartezeiten als auf der Koralpe, was aber ja durch die leichte Erreichbarkeit aus dem steirischen Flachland erkl\u00e4rbar ist. Hatte heute wieder die neueren Schuhe an.<\/p>\n<p>Leider gibt&#8217;s in K\u00e4rnten generell eine sehr hohe Dichte an Skiliftb\u00fcgelgeber, aber hier ist sie am h\u00f6chsten, man kann leider fast kaum den B\u00fcgel selbst nehmen :(<\/p>\n<p><a href='http:\/\/extra.inmontanis.info\/d\/98136-3\/DSC05653.jpg'><img src=http:\/\/extra.inmontanis.info\/d\/98134-4\/DSC05653.jpg \/><\/a><br \/>\n^ Koralpe am Morgen<\/p>\n<p><a href='http:\/\/extra.inmontanis.info\/d\/98140-3\/DSC05656.jpg'><img src=http:\/\/extra.inmontanis.info\/d\/98139-4\/DSC05656.jpg \/><\/a><br \/>\n^ Mondi (Papierhersteller), ziemlich gro\u00dfe Fabrik<\/p>\n<p><a href='http:\/\/extra.inmontanis.info\/d\/98144-3\/DSC05658.jpg'><img src=http:\/\/extra.inmontanis.info\/d\/98143-4\/DSC05658.jpg \/><\/a><br \/>\n^ Auffahrt Weinebene<\/p>\n<p><a href='http:\/\/extra.inmontanis.info\/d\/98148-3\/DSC05663.jpg'><img src=http:\/\/extra.inmontanis.info\/d\/98147-4\/DSC05663.jpg \/><\/a><br \/>\n^ Blick zum Skigebiet Koralpe, hier f\u00fcr ein sp\u00e4teres Bild zu merken ist die Sendeanlage links hinterm Skigebietsgipfel, die sieht man vom Skigebiet Weinebene aus.<\/p>\n<p><a href='http:\/\/ski.inmontanis.info\/d\/309156-2\/DSC05667.jpg'><img src=http:\/\/ski.inmontanis.info\/d\/309154-3\/DSC05667.jpg \/><\/a><br \/>\n^ Weinebene, rechts die SL Brandr\u00fccken<\/p>\n<p><a href='http:\/\/ski.inmontanis.info\/d\/309160-2\/DSC05668.jpg'><img src=http:\/\/ski.inmontanis.info\/d\/309159-3\/DSC05668.jpg \/><\/a><br \/>\n^ Parkplatz, vereist, dann F\u00f6rderband, dann 3 SL auf den linken H\u00fcgel und dahinter dann der gro\u00dfe Doppel-SL<\/p>\n<p><a href='http:\/\/ski.inmontanis.info\/d\/309244-2\/DSC05705.jpg'><img src=http:\/\/ski.inmontanis.info\/d\/309243-3\/DSC05705.jpg \/><\/a><br \/>\n^ Pistenplan<\/p>\n<p><a href='http:\/\/ski.inmontanis.info\/d\/309164-2\/DSC05674.jpg'><img src=http:\/\/ski.inmontanis.info\/d\/309163-3\/DSC05674.jpg \/><\/a><br \/>\n^ Abfahrt an den vorderen SL, zum SL G\u00f6sler<\/p>\n<p><a href='http:\/\/ski.inmontanis.info\/d\/309168-2\/DSC05675.jpg'><img src=http:\/\/ski.inmontanis.info\/d\/309167-3\/DSC05675.jpg \/><\/a><br \/>\n^ SL G\u00f6sler<\/p>\n<p><a href='http:\/\/ski.inmontanis.info\/d\/309172-2\/DSC05678.jpg'><img src=http:\/\/ski.inmontanis.info\/d\/309171-3\/DSC05678.jpg \/><\/a><br \/>\n^ Abfahrt zu den SL Brandr\u00fccken<\/p>\n<p><a href='http:\/\/ski.inmontanis.info\/d\/309176-2\/DSC05679.jpg'><img src=http:\/\/ski.inmontanis.info\/d\/309175-3\/DSC05679.jpg \/><\/a><br \/>\n^ SL Brandr\u00fccken. Nachdem es einige Zeit eine Warteschlange gab, wurde der 2. Lift in Betrieb genommen.<\/p>\n<p><a href='http:\/\/ski.inmontanis.info\/d\/309180-2\/DSC05682.jpg'><img src=http:\/\/ski.inmontanis.info\/d\/309179-3\/DSC05682.jpg \/><\/a><br \/>\n^ SL Brandr\u00fccken<\/p>\n<p><a href='http:\/\/ski.inmontanis.info\/d\/309184-2\/DSC05684.jpg'><img src=http:\/\/ski.inmontanis.info\/d\/309183-3\/DSC05684.jpg \/><\/a><br \/>\n^ SL Brandr\u00fccken, der linke ist k\u00fcrzer<\/p>\n<p><a href='http:\/\/ski.inmontanis.info\/d\/309188-2\/DSC05685.jpg'><img src=http:\/\/ski.inmontanis.info\/d\/309187-3\/DSC05685.jpg \/><\/a><br \/>\n^ Hinterm SL Brandr\u00fccken ist noch der SL Schneeloch, leider momentan geschlossen. Hinten in Bildmitte der Sendemast vom Gipfel hinterm Koralpen-Skigebiets-Hauptgipfel<\/p>\n<p><a href='http:\/\/ski.inmontanis.info\/d\/309192-2\/DSC05690.jpg'><img src=http:\/\/ski.inmontanis.info\/d\/309191-3\/DSC05690.jpg \/><\/a><br \/>\n^ Abfahrt SL Schneeloch, schaut frisch pr\u00e4pariert aus, aber leider nicht offen :( Da h\u00e4tte man einen sch\u00f6nen Blick aufs Flachland<\/p>\n<p><a href='http:\/\/ski.inmontanis.info\/d\/309196-2\/DSC05689.jpg'><img src=http:\/\/ski.inmontanis.info\/d\/309195-3\/DSC05689.jpg \/><\/a><br \/>\n^ Abfahrt SL Brandr\u00fccken mit Blick zur Passstra\u00dfe<\/p>\n<p><a href='http:\/\/ski.inmontanis.info\/d\/309200-2\/DSC05691.jpg'><img src=http:\/\/ski.inmontanis.info\/d\/309199-3\/DSC05691.jpg \/><\/a><br \/>\n^ Abfahrt SL Brandr\u00fccken<\/p>\n<p><a href='http:\/\/ski.inmontanis.info\/d\/309204-2\/DSC05693.jpg'><img src=http:\/\/ski.inmontanis.info\/d\/309203-3\/DSC05693.jpg \/><\/a><br \/>\n^ SL Weinofen 1+2<\/p>\n<p><a href='http:\/\/ski.inmontanis.info\/d\/309208-2\/DSC05694.jpg'><img src=http:\/\/ski.inmontanis.info\/d\/309207-3\/DSC05694.jpg \/><\/a><br \/>\n^ Blick von Bergstation SL G\u00f6sler zu SL Brandr\u00fccken und Abfahrten<\/p>\n<p><a href='http:\/\/ski.inmontanis.info\/d\/309212-2\/DSC05695.jpg'><img src=http:\/\/ski.inmontanis.info\/d\/309211-3\/DSC05695.jpg \/><\/a><br \/>\n^ SL G\u00f6sler und SL Weinofen 1+2<\/p>\n<p><a href='http:\/\/ski.inmontanis.info\/d\/309216-2\/DSC05696.jpg'><img src=http:\/\/ski.inmontanis.info\/d\/309215-3\/DSC05696.jpg \/><\/a><br \/>\n^ SL Brandr\u00fccken mit Blick auf&#8217;s Flachland. Erinnert an das eine oder andere Skigebiet im Appennin, allerdings ist hier das Meer weiter weg ;-) Und in diese Richtung landet man eher im Schwarzen Meer als in der Adria<\/p>\n<p>Im Kopf hatte ich nat\u00fcrlich Bolognola, hier ein Vergleichsbild (mit Blick auf die Adria):<\/p>\n<p><a href='http:\/\/ski.inmontanis.info\/d\/215027-3\/DSC03085.jpg'><img src=http:\/\/ski.inmontanis.info\/d\/215026-4\/DSC03085.jpg \/><\/a><\/p>\n<p><a href='http:\/\/ski.inmontanis.info\/d\/309220-2\/DSC05698.jpg'><img src=http:\/\/ski.inmontanis.info\/d\/309219-3\/DSC05698.jpg \/><\/a><br \/>\n^ Pano in n\u00f6rdliche Richtung<\/p>\n<p><a href='http:\/\/ski.inmontanis.info\/d\/309224-2\/DSC05699.jpg'><img src=http:\/\/ski.inmontanis.info\/d\/309223-3\/DSC05699.jpg \/><\/a><br \/>\n^ Flachland-Pano (Steiermark, Slowenien, evtl. Ungarn)<\/p>\n<p><a href='http:\/\/ski.inmontanis.info\/d\/309228-2\/DSC05700.jpg'><img src=http:\/\/ski.inmontanis.info\/d\/309227-3\/DSC05700.jpg \/><\/a><br \/>\n^ Selten d\u00e4mlicher F\u00f6rderbandausstieg<\/p>\n<p><a href='http:\/\/ski.inmontanis.info\/d\/309232-2\/DSC05701.jpg'><img src=http:\/\/ski.inmontanis.info\/d\/309231-3\/DSC05701.jpg \/><\/a><br \/>\n^ Die andere Seite der Passstra\u00dfe ist liftm\u00e4\u00dfig nicht erschlossen. Etwas schade, da man vom Gipfel dort sicherlich noch ein sch\u00f6nes Panorama h\u00e4tte.<\/p>\n<p><a href='http:\/\/ski.inmontanis.info\/d\/309236-2\/DSC05703.jpg'><img src=http:\/\/ski.inmontanis.info\/d\/309235-3\/DSC05703.jpg \/><\/a><br \/>\n^ SL Schneeloch<\/p>\n<p><a href='http:\/\/ski.inmontanis.info\/d\/309240-2\/DSC05702.jpg'><img src=http:\/\/ski.inmontanis.info\/d\/309239-3\/DSC05702.jpg \/><\/a><br \/>\n^ SL Schneeloch. Wenn man auf den H\u00fcgel im Vordergrund aufsteigt, k\u00f6nnte man eventuell ohne viel Gegenanstiege bis zum Parkplatz am Koralpen-Skigebiet abfahren. Von der Koralpe her ist&#8217;s wohl beschwerlicher.<\/p>\n<p><a href='http:\/\/ski.inmontanis.info\/d\/309248-2\/ge20230101a.jpg'><img src=http:\/\/ski.inmontanis.info\/d\/309247-3\/ge20230101a.jpg \/><\/a><br \/>\n^ GPS-Track 1.1.2023, Magenta der SL Schneeloch (Steiermark); die nicht gefahrene Abfahrt in Bildmitte ist der Funpark<\/p>\n<p>Im Vergleich Garessio, wo ich ja sagte, dass es mich daran erinnerte:<br \/>\n<a href='http:\/\/ski.inmontanis.info\/d\/56763-3\/gps_garessio.jpg'><img src=http:\/\/ski.inmontanis.info\/d\/56761-4\/gps_garessio.jpg \/><\/a><br \/>\n^ Garessio (S\u00fcdpiemont)<\/p>\n<p><a href='http:\/\/ski.inmontanis.info\/d\/309252-2\/ge20230101b.jpg'><img src=http:\/\/ski.inmontanis.info\/d\/309251-3\/ge20230101b.jpg \/><\/a><br \/>\n^ Links Skigebiet Weinebene, rechts Skigebiet Koralpe. Wenn alle Lifte offen sind, k\u00f6nnte man skitourenm\u00e4\u00dfig vielleicht mit relativ wenig Bergauf-Strecken hin und her queren.<br \/>\n(Ganz links oben \u00fcbrigens ein Ort mit einem ulkigen Namen: Deutschlandsberg.)<\/p>\n<p><a href='http:\/\/extra.inmontanis.info\/d\/98152-3\/DSC05706.jpg'><img src=http:\/\/extra.inmontanis.info\/d\/98151-4\/DSC05706.jpg \/><\/a><br \/>\n^ Mondi (Papierhersteller), ziemlich gro\u00dfe Fabrik<\/p>\n<p>Ich w\u00fcrde die 3 Skigebiete um Wolfsberg wohl so reihen:<\/p>\n<p>1. Koralpe komplett mit Wasserhang (noch nicht erlebt, aber sicher Platz 1)<br \/>\n2. Weinebene komplett mit Schneeloch (noch nicht erlebt, gesch\u00e4tzt)<br \/>\n3. Klippitzt\u00f6rl komplett alle Abfahrten und Lifte (noch nicht erlebt, gesch\u00e4tzt)<br \/>\n4. Koralpe ohne Wasserhang<br \/>\n5. Weinebene ohne Schneeloch<br \/>\n6. Koralpe mit nur 1 Lift<\/p>\n<p>Weinebene (momentan als 5) punktet mit dem sch\u00f6nen Flachlandpano und den momentan mehr offenen Abfahrten und besseren Schneeverh\u00e4ltnissen, aber die Koralpe (momentan als 4) punktet daf\u00fcr mir 2 Hauptliften auf unterschiedlichen H\u00e4ngen (&#038; Richtungen).<\/p>\n<p>Nachmittags noch eine kleine Bastelstunde im Auto &#8211; hab das Ladeger\u00e4t aufgeschraubt. Dazu musste man es erst mal von der Holzplatte l\u00f6sen (2 Schrauben, eine davon unterhalb, quasi versteckt) und dann von hinten 4 Schrauben l\u00f6sen. Ging, wenn auch etwas umst\u00e4ndlich, sogar ohne die ganzen Kabel rauszunehmen. <\/p>\n<p>Nunja, offen offenbarte sich das, was auch schon im Internet zu finden war: der Sicherungshalter einer der beiden 40A-Sicherungen ist geschmolzen. (Alternativ gibts auch F\u00e4lle, wo die Sicherung nur durchgebrannt ist, weil zu knapp).  Wenn ich das richtig sehe, ist das die Sicherung von der Eingangsseite. <\/p>\n<p>Kurioserweise ist der eingebaute L\u00fcfter auf der anderen Seite des Ladeger\u00e4ts, unten. D.h. im Sp\u00e4tsommer hat vermutlich mein von oben drauf laufender USB-L\u00fcfter tats\u00e4chlich geholfen, dass das noch einige Zeit ging&#8230;<\/p>\n<p><a href='http:\/\/extra.inmontanis.info\/d\/98156-3\/IMG_20230102_124943.jpg'><img src=http:\/\/extra.inmontanis.info\/d\/98155-4\/IMG_20230102_124943.jpg \/><\/a><br \/>\n^ Verschmorter bzw. geschmolzener Sicherungshalter und 40A-Sicherung (Votronic VCC 1212-30)<\/p>\n<p>Warum das verschmort, ohne dass die Sicherung ausl\u00f6st, ist wohl auch eigenartig. <\/p>\n<p>Ich k\u00f6nnte das Teil komplett ausbauen und den Sicherungshalter rausl\u00f6ten und einen anderen reinl\u00f6ten. W\u00e4re wohl die g\u00fcnstigste Variante &#8211; bis es irgendwann wieder abraucht. Kann nat\u00fcrlich sein, dass noch was anderes defekt ist &#8211; was der eigentliche Grund f\u00fcr das Abrauchen war?! Au\u00dferdem scheint man so einen passenden Halter gar nicht so einfach zu bekommen.<\/p>\n<p>Andererseits fraglich, ob ein Ersatz des Sicherungshalters was n\u00fctzen w\u00fcrde, denn die LED leuchtete noch (wenn man es einschaltet, hab da einen eigenen Einschalter am D+-Eingang vom Ladeger\u00e4t) &#8211; also bekommt das Teil ja noch Strom, funktioniert also evtl. die Sicherung noch. Au\u00dfer es zieht sich den Strom dann vom Ausgang (von der Batterie, die das Teil laden sollte). Sollte vielleicht mal den Temperatursensor abklemmen oder wo anders hinlegen, evtl. l\u00e4dt das Teil ja nur deshalb momentan nicht. <\/p>\n<p>Betreffend Ostern 1995 hab ich auch noch die passende Tagebuchdatei gefunden und konnte so noch ein paar Kronplatztage in der Datenbank erg\u00e4nzen. Und nebenbei: Im Kalenderjahr 2022 (also nicht nach Saison) hatte ich jetzt exakt 150 Skitage ;-)<\/p>\n","protected":false},"excerpt":{"rendered":"<p>So, 1.1.2023<\/p>\n<p>Zum ersten Skitag des neuen Jahres gab es ein kleines Jubil\u00e4um: mein 700. Skigebiet, zumindest nach meiner derzeitigen z\u00e4hlweise. Daher hab ich &#8211; in einem eigenen Beitrag &#8211; meine Statistik etwas aufgeh\u00fcbscht.<\/p>\n<p>Am 1.1. sollte man ja fr\u00fch dran sein, ich war um kurz vor 9 Uhr am Parkplatz am Skigebiet Weinebene. Das <a href=\"http:\/\/blog.inmontanis.info\/?p=8336\">[&#8230;]<\/a><\/p>\n","protected":false},"author":1,"featured_media":8340,"comment_status":"closed","ping_status":"closed","sticky":false,"template":"","format":"standard","meta":{"footnotes":""},"categories":[13,27,834],"tags":[47],"class_list":["post-8336","post","type-post","status-publish","format-standard","has-post-thumbnail","hentry","category-austria","category-skifahren-winterskiing-winter","category-weinebene","tag-sl","odd"],"_links":{"self":[{"href":"http:\/\/blog.inmontanis.info\/index.php?rest_route=\/wp\/v2\/posts\/8336","targetHints":{"allow":["GET"]}}],"collection":[{"href":"http:\/\/blog.inmontanis.info\/index.php?rest_route=\/wp\/v2\/posts"}],"about":[{"href":"http:\/\/blog.inmontanis.info\/index.php?rest_route=\/wp\/v2\/types\/post"}],"author":[{"embeddable":true,"href":"http:\/\/blog.inmontanis.info\/index.php?rest_route=\/wp\/v2\/users\/1"}],"replies":[{"embeddable":true,"href":"http:\/\/blog.inmontanis.info\/index.php?rest_route=%2Fwp%2Fv2%2Fcomments&post=8336"}],"version-history":[{"count":4,"href":"http:\/\/blog.inmontanis.info\/index.php?rest_route=\/wp\/v2\/posts\/8336\/revisions"}],"predecessor-version":[{"id":8341,"href":"http:\/\/blog.inmontanis.info\/index.php?rest_route=\/wp\/v2\/posts\/8336\/revisions\/8341"}],"wp:featuredmedia":[{"embeddable":true,"href":"http:\/\/blog.inmontanis.info\/index.php?rest_route=\/wp\/v2\/media\/8340"}],"wp:attachment":[{"href":"http:\/\/blog.inmontanis.info\/index.php?rest_route=%2Fwp%2Fv2%2Fmedia&parent=8336"}],"wp:term":[{"taxonomy":"category","embeddable":true,"href":"http:\/\/blog.inmontanis.info\/index.php?rest_route=%2Fwp%2Fv2%2Fcategories&post=8336"},{"taxonomy":"post_tag","embeddable":true,"href":"http:\/\/blog.inmontanis.info\/index.php?rest_route=%2Fwp%2Fv2%2Ftags&post=8336"}],"curies":[{"name":"wp","href":"https:\/\/api.w.org\/{rel}","templated":true}]}}