{"id":832,"date":"2008-04-27T23:59:45","date_gmt":"2008-04-27T21:59:45","guid":{"rendered":"http:\/\/blog.inmontanis.info\/?p=832"},"modified":"2023-08-04T18:45:29","modified_gmt":"2023-08-04T16:45:29","slug":"aprica-27-4-2008","status":"publish","type":"post","link":"http:\/\/blog.inmontanis.info\/?p=832","title":{"rendered":"Aprica, 27.4.2008"},"content":{"rendered":"<p>Am Sonntag in Aprica das mittelb\u00f6se Erwachen: Die Pessimisten unter den Wetterberichten sollten recht behalten: Hochnebel, leichter Nieselrege, kaum Sonne. <!--more--><\/p>\n<p>Am Donnerstag h\u00e4tte lt. Schneebericht noch die komplette Magnolta-Seite und Palabione ab Mittelstation offen sein sollen. Am Freitag wurde im Schneebericht zus\u00e4tzlich die Baradello-Seite ab Mittelstation auf &#8220;si&#8221; geschaltet. Soweit zum Soll. Und daher auch der Grund, warum ich nach Aprica fuhr: <\/p>\n<p>&#8211; Agudio 6EUB mit ge\u00f6ffneter Talabfahrt, Marchisio-DSB und Marchisio-SL zum Saisonabschlu\u00df (Magnolta-Seite)<br \/>\n&#8211; Etliche andere Pisten im Palabione-Bereich offen<br \/>\n&#8211; Eventuell ein paar inoffizielle Talabfahrten?<br \/>\n&#8211; 20,- f\u00fcr die Tageskarte <\/p>\n<p>Das Ist sah etwas anders aus: <\/p>\n<p>Um kurz nach 8:15 war ich an der Palabione-Talstation, die Gondel fuhr bereits, an der Magnolta war noch keine Kabine drin. Gegen 8.30 wurde die Magnolta-EUB ausgaragiert, gegen 9 Uhr stand sie still. Ca. 9.45 fuhr sie &#8211; und um 10.15 waren wieder alle Kabinen drau\u00dfen und meine Stimmung gen Null. <\/p>\n<p>Dass der SL Salina nur bis 13 Uhr fuhr, stand an der Talstation, ist aber ziemlich schwachsinnig, da die Baradello-4KSB bis 16.30 f\u00e4hrt und man ohne dem SL von Palabione nicht r\u00fcber kommt (au\u00dfer man steigt ein St\u00fcck zu Fu\u00df rauf). <\/p>\n<p>Mit den Talabfahrten inoffiziell wurde auch nix und die Abfahrt an der Magnolta war h\u00f6chsten letzte Woche noch ge\u00f6ffnet.  <\/p>\n<p>Aprica am letzten Betriebswochenende -> ist also nur sehr eingeschr\u00e4nkt zu empfehlen. <\/p>\n<p>Nunja, die Marchisio-Lifte konnten sie mir nehmen, die Talabfahrt nicht: Es gibt n\u00e4mlich eine neue H\u00f6henverbindung Magnolta -> Palabione, die Gegenrichtung wird hoffentlich dieses Jahr fertig. Sprich: Tourenski aus dem Auto, Felle angeschnallt, den neuen Verbindungsweg raufgestiegen, die Talabfahrt gefahren .. und 15 Minuten Fu\u00dfweg auf dem waldig-matschigen Skiweg. Nebenbei hab ich gesehen, dass der Marchisio-SL aufgrund unpr\u00e4parierter Abfahrt auch am Freitag und Samstag nicht offen gewesen sein d\u00fcrfte. Hmpf!! <\/p>\n<p><a href='http:\/\/ski.inmontanis.info\/d\/58028-1\/gps_aprica2007_2008.jpg'><img src=http:\/\/ski.inmontanis.info\/d\/58030-3\/gps_aprica2007_2008.jpg \/><\/a><br \/>\n^ GPS-Track (t\u00fcrkis 2007, pink 2008) <\/p>\n<p><a href='http:\/\/ski.inmontanis.info\/d\/58036-1\/P1260215.JPG'><img src=http:\/\/ski.inmontanis.info\/d\/58038-3\/P1260215.JPG \/><\/a><br \/>\n^ 4KSB Baradello, davor die ehemalige Talstation der Vorg\u00e4nger-Funivia.. evtl. ein Korblift? <\/p>\n<p><a href='http:\/\/ski.inmontanis.info\/d\/58040-1\/P1260216.JPG'><img src=http:\/\/ski.inmontanis.info\/d\/58042-3\/P1260216.JPG \/><\/a><br \/>\n^ Ex-Funivia-Talstation <\/p>\n<p><a href='http:\/\/ski.inmontanis.info\/d\/58044-1\/P1260217.JPG'><img src=http:\/\/ski.inmontanis.info\/d\/58046-3\/P1260217.JPG \/><\/a><br \/>\n^ .. und von der anderen Seite <\/p>\n<p><a href='http:\/\/ski.inmontanis.info\/d\/58048-1\/P1260218.JPG'><img src=http:\/\/ski.inmontanis.info\/d\/58050-3\/P1260218.JPG \/><\/a><br \/>\n^ St\u00fctze der ehemaligen .. ja was? PB? ZUB? Palabione <\/p>\n<p><a href='http:\/\/ski.inmontanis.info\/d\/58052-1\/P1260219.JPG'><img src=http:\/\/ski.inmontanis.info\/d\/58054-3\/P1260219.JPG \/><\/a><br \/>\n^ .. im Zoom <\/p>\n<p><a href='http:\/\/ski.inmontanis.info\/d\/58056-1\/P1260265.JPG'><img src=http:\/\/ski.inmontanis.info\/d\/58058-3\/P1260265.JPG \/><\/a><br \/>\n^ Ehemalige St\u00fctze einer der Vorg\u00e4ngerbahnen. Schaut ja fast so aus, als ob das Haus rechts mit dem gr\u00fcnen Dach fr\u00fcher die Talstation war und das Haus abgeschnitten wurde?? Eigenartig&#8230; Oder stand die St\u00fctze fr\u00fcher anderswo&#8230; <\/p>\n<p><a href='http:\/\/ski.inmontanis.info\/d\/58060-1\/P1260267.JPG'><img src=http:\/\/ski.inmontanis.info\/d\/58062-3\/P1260267.JPG \/><\/a><br \/>\n^ .. und die St\u00fctze im Zoom. Extrem kleine PB? Oder doch eher ZUB? <\/p>\n<p><a href='http:\/\/ski.inmontanis.info\/d\/58064-1\/P1260272.JPG'><img src=http:\/\/ski.inmontanis.info\/d\/58066-3\/P1260272.JPG \/><\/a><br \/>\n^ Talstation Palabione. Den sch\u00f6nen Pilz-Turm hat man zum Gl\u00fcck beim Umbau in die 8EUB nicht abgerissen. (An was erinnert mich der nur&#8230;) <\/p>\n<p><a href='http:\/\/ski.inmontanis.info\/d\/58068-1\/P1260222.JPG'><img src=http:\/\/ski.inmontanis.info\/d\/58070-3\/P1260222.JPG \/><\/a><br \/>\n^ Palabione-Mittelstation, bis hierhin war der Schnee ausreichend vorhanden, genau danach fast nichts mehr&#8230; <\/p>\n<p><a href='http:\/\/ski.inmontanis.info\/d\/58072-1\/P1260223.JPG'><img src=http:\/\/ski.inmontanis.info\/d\/58074-3\/P1260223.JPG \/><\/a><br \/>\n^ Ein Wald-Tellerlift am 27.4. Cooool.. (SL Salina) <\/p>\n<p><a href='http:\/\/ski.inmontanis.info\/d\/58076-1\/P1260226.JPG'><img src=http:\/\/ski.inmontanis.info\/d\/58078-3\/P1260226.JPG \/><\/a><br \/>\n^ SL Salina. Eigentlich ja ein recht neuer SL, aber letztes Mal nicht bis oben offen, dieses Mal nicht &#8211; ich glaub, das ist Standard, dass der obere Steilhang beschnitten wurde. Italien halt&#8230; <\/p>\n<p><a href='http:\/\/ski.inmontanis.info\/d\/58080-1\/P1260227.JPG'><img src=http:\/\/ski.inmontanis.info\/d\/58082-3\/P1260227.JPG \/><\/a><br \/>\n^ Abfahrt zur Mittelstation 4KSB Baradello. Noch gut 20cm kompakter Schnee, links etwas zusammengeschoben. <\/p>\n<p><a href='http:\/\/ski.inmontanis.info\/d\/58084-1\/P1260228.JPG'><img src=http:\/\/ski.inmontanis.info\/d\/58086-3\/P1260228.JPG \/><\/a><br \/>\n^ Linke rote Abfahrt an der 4KSB Baradello, wei\u00df zum Saisonschlu\u00df durchaus zu gefallen .. <\/p>\n<p><a href='http:\/\/ski.inmontanis.info\/d\/58088-1\/P1260237.JPG'><img src=http:\/\/ski.inmontanis.info\/d\/58090-3\/P1260237.JPG \/><\/a><br \/>\n^ Schwarze Abfahrt SL Dosso Paso <\/p>\n<p><a href='http:\/\/ski.inmontanis.info\/d\/58092-1\/P1260238.JPG'><img src=http:\/\/ski.inmontanis.info\/d\/58094-3\/P1260238.JPG \/><\/a><br \/>\n^ Bergstation 4KSB\/DSB Palabione II, dahinter unten der neue Verbindungsweg Magnolta-Palabione, der Weg von hier aus r\u00fcber wird wohl heuer fertig gebaut und befindet sich oberhalb. <\/p>\n<p><a href='http:\/\/ski.inmontanis.info\/d\/58096-1\/P1260240.JPG'><img src=http:\/\/ski.inmontanis.info\/d\/58098-3\/P1260240.JPG \/><\/a><br \/>\n^ Raupentaxi am Rifugio Valtellina <\/p>\n<p><a href='http:\/\/ski.inmontanis.info\/d\/58100-1\/P1260241.JPG'><img src=http:\/\/ski.inmontanis.info\/d\/58102-3\/P1260241.JPG \/><\/a><br \/>\n^ 4SB Quadrifoglio und DSB Lago Palabione. Einfach unfassbar, dass das keine KSB ist. 12 Minuten ist die lang &#8211; lt. Prospekt. <\/p>\n<p><a href='http:\/\/ski.inmontanis.info\/d\/58104-1\/P1260243.JPG'><img src=http:\/\/ski.inmontanis.info\/d\/58106-3\/P1260243.JPG \/><\/a><br \/>\n^ Lago und Monte Palabione, zwischen 4SB und DSB. SL Dosso Paso geht links hinauf <\/p>\n<p><a href='http:\/\/ski.inmontanis.info\/d\/58108-1\/P1260244.JPG'><img src=http:\/\/ski.inmontanis.info\/d\/58110-3\/P1260244.JPG \/><\/a><br \/>\n^ Neue Verbindungsabfahrt Magnolta-Palabione <\/p>\n<p><a href='http:\/\/ski.inmontanis.info\/d\/58112-1\/P1260245.JPG'><img src=http:\/\/ski.inmontanis.info\/d\/58114-3\/P1260245.JPG \/><\/a><br \/>\n^ \u00f6h .. unglaublich, dass da mitten im Wald Schnee abrutscht&#8230; <\/p>\n<p><a href='http:\/\/ski.inmontanis.info\/d\/58116-1\/P1260246.JPG'><img src=http:\/\/ski.inmontanis.info\/d\/58118-3\/P1260246.JPG \/><\/a><br \/>\n^ Neue Verbindungsabfahrt Magnolta-Palabione, ganz hinten am Grat ist die DSB Malga Magnolta. Durchaus also eine l\u00e4ngere Verbindung. <\/p>\n<p><a href='http:\/\/ski.inmontanis.info\/d\/58120-1\/P1260248.JPG'><img src=http:\/\/ski.inmontanis.info\/d\/58122-3\/P1260248.JPG \/><\/a><br \/>\n^ Neue Verbindungsabfahrt Magnolta-Palabione, hier w\u00e4re die Kreuzung und ab hier muss im Sommer weitergearbeitet werden&#8230; <\/p>\n<p><a href='http:\/\/ski.inmontanis.info\/d\/58124-1\/P1260250.JPG'><img src=http:\/\/ski.inmontanis.info\/d\/58126-3\/P1260250.JPG \/><\/a><br \/>\n^ Neue Verbindungsabfahrt Magnolta-Palabione und Einsammeln des Zauns.  <\/p>\n<p><a href='http:\/\/ski.inmontanis.info\/d\/58128-1\/P1260251.JPG'><img src=http:\/\/ski.inmontanis.info\/d\/58130-3\/P1260251.JPG \/><\/a><br \/>\n^ Neue Verbindungsabfahrt Palabione-Magnolta, der Teil existiert schon, man kommt genau an der 6EUB-Bergstation raus. <\/p>\n<p><a href='http:\/\/ski.inmontanis.info\/d\/58132-1\/P1260252.JPG'><img src=http:\/\/ski.inmontanis.info\/d\/58134-3\/P1260252.JPG \/><\/a><br \/>\n^ 6EUB Magnolta <\/p>\n<p><a href='http:\/\/ski.inmontanis.info\/d\/58136-1\/P1260256.JPG'><img src=http:\/\/ski.inmontanis.info\/d\/58138-3\/P1260256.JPG \/><\/a><br \/>\n^ Pista Roccolo mit einer pr\u00e4parierten Raupenspur. Zum Gl\u00fcck, der Neuschnee daneben war sehr nass.. <\/p>\n<p><a href='http:\/\/ski.inmontanis.info\/d\/58140-1\/P1260257.JPG'><img src=http:\/\/ski.inmontanis.info\/d\/58142-3\/P1260257.JPG \/><\/a><br \/>\n^ .. aber nach 2\/3 war schlu\u00df mit der sch\u00f6nen Spur. Hmpf. Aber trotzdem noch besser zu fahren als im Nasstiefschnee! <\/p>\n<p><a href='http:\/\/ski.inmontanis.info\/d\/58144-1\/P1260258.JPG'><img src=http:\/\/ski.inmontanis.info\/d\/58146-3\/P1260258.JPG \/><\/a><br \/>\n^ Blick r\u00fcber zur Palabione Talabfahrt M. W\u00e4re vermutlich auch gut gegangen. <\/p>\n<p><a href='http:\/\/ski.inmontanis.info\/d\/58148-1\/P1260259.JPG'><img src=http:\/\/ski.inmontanis.info\/d\/58150-3\/P1260259.JPG \/><\/a><br \/>\n^ Schockiert: Abfahrt Magnolta, oberer Teil: Unpr\u00e4pariert! War wohl dieses WE gar nicht mehr offen?! Entgegen des Schneeberichts.  <\/p>\n<p><a href='http:\/\/ski.inmontanis.info\/d\/58152-1\/P1260260.JPG'><img src=http:\/\/ski.inmontanis.info\/d\/58154-3\/P1260260.JPG \/><\/a><br \/>\n^ Magnolta unten. Na klar, und lt. Schneebericht am Freitag h\u00e4tte die noch offen sein sollen? SICHER!! F\u00fcr mich gehts bald mal nach rechts, Fu\u00dfwegverbindung &#8230; <\/p>\n<p><a href='http:\/\/ski.inmontanis.info\/d\/58156-1\/P1260261.JPG'><img src=http:\/\/ski.inmontanis.info\/d\/58158-3\/P1260261.JPG \/><\/a><br \/>\n^ .. aber bis hierhin perfekt zu fahren. Menno! Jetzt ist die Skisaison vorbei und heuer kaum solche geilen Firnrestabfahrten fahren k\u00f6nnen :-( <\/p>\n<p><a href='http:\/\/ski.inmontanis.info\/d\/58160-1\/P1260263.JPG'><img src=http:\/\/ski.inmontanis.info\/d\/58162-3\/P1260263.JPG \/><\/a><br \/>\n^ Nach 15 Minuten Fu\u00dfmarsch nochmal kurz die Skier anschnallen! (Wer sagt, dass Schnee immer wei\u00df sein muss?! :) ) <\/p>\n<p><a href='http:\/\/ski.inmontanis.info\/d\/58164-1\/P1260268.JPG'><img src=http:\/\/ski.inmontanis.info\/d\/58166-3\/P1260268.JPG \/><\/a><br \/>\n^ Alter Pistenplan. Die 1, 9 und einige andere Tallifte, die 32, gibts gar nicht mehr. 13 stillgelegt, 2-3-4 ist die 4KSB Baradello, 21 und 22 verk\u00fcrzt, 20 ist jetzt 4SB. <\/p>\n<p><a href='http:\/\/ski.inmontanis.info\/d\/58168-1\/P1260270.JPG'><img src=http:\/\/ski.inmontanis.info\/d\/58170-3\/P1260270.JPG \/><\/a><br \/>\n^ Alter Plan. Baradello als Funivia, Palabione als Ovovia (gleiche Strecke wie die jetzige 8EUB) und Magnolta schon als Telecabina (also bereits zu zeiten der Agudio-6EUB?) <\/p>\n<p>Nach 15 Uhr war ich wieder an der Talstation und fuhr \u00fcber den Bernina-Pass ca. 3,5-4 Stunden heim. <\/p>\n<p><a href='http:\/\/ski.inmontanis.info\/d\/58172-1\/P1260274.JPG'><img src=http:\/\/ski.inmontanis.info\/d\/58174-3\/P1260274.JPG \/><\/a><br \/>\n^ Am Berninapass <\/p>\n<p>Ansonsten verweise ich noch auf meine Berichte von letztem Jahr: <\/p>\n<p>Livigno, 22.4.2007:<br \/>\n<a href='http:\/\/www.alpinforum.com\/forum\/viewtopic.php?f=48&#038;t=21864'>http:\/\/www.alpinforum.com\/forum\/viewtopic.php?f=48&#038;t=21864<\/a> <\/p>\n<p>Livigno, 29.4.2007:<br \/>\n<a href='http:\/\/www.sommerschi.com\/forum\/viewtopic.php?t=536'>http:\/\/www.sommerschi.com\/forum\/viewtopic.php?t=536<\/a> <\/p>\n<p>Aprica, 3.3.2007:<br \/>\n<a href='http:\/\/www.sommerschi.com\/forum\/viewtopic.php?t=406'>http:\/\/www.sommerschi.com\/forum\/viewtopic.php?t=406<\/a><\/p>\n","protected":false},"excerpt":{"rendered":"<p>Am Sonntag in Aprica das mittelb\u00f6se Erwachen: Die Pessimisten unter den Wetterberichten sollten recht behalten: Hochnebel, leichter Nieselrege, kaum Sonne. <\/p>\n<p> <a href=\"http:\/\/blog.inmontanis.info\/?p=832\">[&#8230;]<\/a><\/p>\n","protected":false},"author":1,"featured_media":0,"comment_status":"open","ping_status":"closed","sticky":false,"template":"","format":"standard","meta":{"footnotes":""},"categories":[531,24,15,27,32],"tags":[49,38,47],"class_list":["post-832","post","type-post","status-publish","format-standard","hentry","category-aprica","category-tagestour","category-italienitaly","category-skifahren-winterskiing-winter","category-lostplaces","tag-4sb","tag-dsb","tag-sl","odd"],"_links":{"self":[{"href":"http:\/\/blog.inmontanis.info\/index.php?rest_route=\/wp\/v2\/posts\/832","targetHints":{"allow":["GET"]}}],"collection":[{"href":"http:\/\/blog.inmontanis.info\/index.php?rest_route=\/wp\/v2\/posts"}],"about":[{"href":"http:\/\/blog.inmontanis.info\/index.php?rest_route=\/wp\/v2\/types\/post"}],"author":[{"embeddable":true,"href":"http:\/\/blog.inmontanis.info\/index.php?rest_route=\/wp\/v2\/users\/1"}],"replies":[{"embeddable":true,"href":"http:\/\/blog.inmontanis.info\/index.php?rest_route=%2Fwp%2Fv2%2Fcomments&post=832"}],"version-history":[{"count":3,"href":"http:\/\/blog.inmontanis.info\/index.php?rest_route=\/wp\/v2\/posts\/832\/revisions"}],"predecessor-version":[{"id":3300,"href":"http:\/\/blog.inmontanis.info\/index.php?rest_route=\/wp\/v2\/posts\/832\/revisions\/3300"}],"wp:attachment":[{"href":"http:\/\/blog.inmontanis.info\/index.php?rest_route=%2Fwp%2Fv2%2Fmedia&parent=832"}],"wp:term":[{"taxonomy":"category","embeddable":true,"href":"http:\/\/blog.inmontanis.info\/index.php?rest_route=%2Fwp%2Fv2%2Fcategories&post=832"},{"taxonomy":"post_tag","embeddable":true,"href":"http:\/\/blog.inmontanis.info\/index.php?rest_route=%2Fwp%2Fv2%2Ftags&post=832"}],"curies":[{"name":"wp","href":"https:\/\/api.w.org\/{rel}","templated":true}]}}