{"id":8234,"date":"2022-12-31T20:33:04","date_gmt":"2022-12-31T19:33:04","guid":{"rendered":"http:\/\/blog.inmontanis.info\/?p=8234"},"modified":"2023-01-01T21:00:21","modified_gmt":"2023-01-01T20:00:21","slug":"koralpe-30-31-12-2022-bilanz-strolz-skischuhe","status":"publish","type":"post","link":"http:\/\/blog.inmontanis.info\/?p=8234","title":{"rendered":"Koralpe, 30.+31.12.2022 + Bilanz Strolz-Skischuhe"},"content":{"rendered":"<p><strong>Fr, 30.12.2022<\/strong><\/p>\n<p>Heute zur Abwechslung mal unter dem Nebel &#8230;<\/p>\n<p>Hab mir mal meine alten Strolz Schuhe angesehen &#8211; die sind in einem \u00e4hnlichen Zustand, Innenschuh oben schaut sogar noch schlechter aus. Da ich sie aber ja mal wieder probieren wollte, musste ich entsprechend die Heizeinlagen von den neuen in die alten stecken &#8211; bei einem ging das mal wieder nicht, weil sich die zwei Teile voneinander l\u00f6sen und somit der untere Teil nicht greifbar ist, weil man ja auch kaum mit der Hand reinkommt in diese engen Schuhe. Also dann testweise heute links mal ohne Heizung, links bin ich ja nicht so empfindlich wie rechts. (Einfachere) Ersatzeinlagen h\u00e4tte ich nat\u00fcrlich im Auto dabei, wollt ich aber nicht extra rauskramen f\u00fcr den ersten Test heute. <\/p>\n<p>K\u00f6nnte nat\u00fcrlich noch versuchen, die Sohlen bzw. Abs\u00e4tze der neuen Schuhe abzuschrauben, was mir vermutlich nicht gelingen wird, wird sicherlich einiges aufgebohrt werden m\u00fcssen und ob dann die neuen Abs\u00e4tze von den alten Schuhen noch halten, bleibt wieder fraglich &#8211; ich hab da ja beim Strolz fr\u00fcher schon mitgeschaut, wie schwer die sich taten, diese abgetretenen, vielleicht halb festgerosteten Schrauben zu l\u00f6sen&#8230;<\/p>\n<p>Schock am Parkplatz Skigbiet Koralpe: Hier wurden nun Parkticketautomaten aufgestellt! Wenn ich hier oben nicht  wohnen w\u00fcrde, w\u00e4r ich wieder runter und wo anders hin gefahren, so bin ich halt erst mal &#8211; nerv, nerv &#8211; zur Kasse hin, dort warten m\u00fcssen, bis ich dran war und hab dann ein gratis Parkticket f\u00fcr den Rest der Saison bekommen (gezahlt h\u00e4tte ich auch nichts), das man nat\u00fcrlich immer brav in die Windschutzscheibe legen muss und nicht vergessen darf&#8230;<\/p>\n<p>Die alten Schuhe angezogen: Noch enger, dazu eine Druckstelle rechts vorne &#8211; evtl. ist diese Heizeinlage dicker, werd ich morgen doch mal die einfacheren Ersatzeinlagen probieren. Vom Flex her d\u00fcrfte der hier weicher sein &#8211; aber im Prinzip ist mir das alles ziemlich egal.<\/p>\n<p>Der Schnee war sch\u00f6n nass-weich, besser als die letzten Tage. Aber der obere Bereich der SL im Nebel, daher Fotos auf morgen verschoben. <\/p>\n<p><a href='http:\/\/ski.inmontanis.info\/d\/309046-2\/DSC05604.jpg'><img src=http:\/\/ski.inmontanis.info\/d\/309045-3\/DSC05604.jpg \/><\/a><br \/>\n^ Talstationen<\/p>\n<p>Abends hab ich mein Skipass-Archiv (3 Lebkuchendosen vollgestopft) durchforstet und konnte tats\u00e4chlich den nervigen 7.4.2000 in meiner Datenbank kl\u00e4ren, wo ich &#8220;unbekannt&#8221; stehen hatte. Anhand der notierten Skipass- und Benzinkosten hatte ich im Vorfeld schon eine Idee, die sich best\u00e4tigt hatte, es war der Patscherkofel.<\/p>\n<p>Was ich nicht mehr wei\u00df, wie oft wir z.B. bei unserem Gastein-Urlaub in dem jeweiligen Skigebiet waren &#8211; denn Bad Gastein, Dorfgastein und Sportgastein sind (bzw. waren zu der Zeit) ja nicht verbunden und w\u00fcrde ich somit als eigenst\u00e4ndige Gebiete z\u00e4hlen. Einfach mal gesch\u00e4tzt. Eventuell dass ich mir das in meinem damaligen Tagebuch vermerkt hab &#8230;<\/p>\n<p>\u00c4hnlich die Situation mit den Oster-Ischgl-Urlauben in den 80ern &#8211; ob wir da auch mal in einem anderen Skigebiet im Samnauntal waren, fraglich, fraglich, eher nicht, vielleicht schon mal ein halber Tag, vielleicht nur ich mit meiner Mutter ohne Vater, weil der damals keine ESL fahren wollte (ich glaub, das k\u00f6nnte tats\u00e4chlich so gewesen sein, aber vorsorglich mal nichts dergleichen eingetragen).<\/p>\n<p>Ok, alte Tageb\u00fccher rausgekramt. Na witzig, beim ersten Eintrag vom 18.4.1984 schrieb ich gleich mal vom Tod der Urgro\u00dfoma (allerdings hatte ich mit der nicht viel zu tun, das war die andere, mit der ich mit der Stra\u00dfenbahn gefahren bin). Aber auf der n\u00e4chsten Seite steht bereits der Skiurlaub in Ischgl, den ich in der Datenbank also f\u00e4lschlicherweise vom 1.4.-8.4. eingetragen hatte, vmtl. hatte ich das nur gesch\u00e4tzt und nicht anhand eines vorhandenen Skipasses. Wenn ich meine Tagebucheintr\u00e4ge von damals richtig interpretiere, sind wir vmtl. nur vom 21.-26.4. gefahren, somit muss ich 2 Tage Ischgl aus der Datenbank l\u00f6schen.  <\/p>\n<p>Flachau und Zauchensee konnte ich auch noch halbwegs auseinanderdividieren. Anderes dagegen nicht. 3 Kronplatztage musste ich l\u00f6schen, evtl. k\u00e4men aber noch welche in einem anderen Jahr hinzu, aber das bleibt leider ungekl\u00e4rt. In einem Jahr war ich n\u00e4mlich mal 2 Wochen im Ahrntal, da waren auch Tante\/Onkel und Gro\u00dfeltern dabei, da hab ich mich auch mal auf Langlaufskiern versucht (ging gar nicht) &#8211; ob wir da auch mal Speikboden oder Klausberg waren, oder abschnittsweise erst mein Vater und dann meine Mutter dabei waren &#8211; keinen Plan und nicht genau notiert. <\/p>\n<p>Ich sollte also doch nochmals nach den alten Skip\u00e4ssen suchen und die mit der Datenbank vergleichen .. obwohl ich ja gedacht h\u00e4tte, dass ich die urspr\u00fcnglich als Quelle genommen hatte..<\/p>\n<p><strong>Sa, 31.12.2022<\/strong><\/p>\n<p>An Schlaf ist nach 7 Uhr leider nicht zu denken, wenn ein Nachbar alle 1-2 Minuten einen Hustenanfall hat. War schon bei meinen letzten Besuchen so, wenn der auch da war..<\/p>\n<p>Heute sonnigereres Wetter, aber da die Koralpe ja nachmittags mehr in der Sonne liegt und mir das Skigebiet zu klein f\u00fcr einen ganzen Skitag ist, lie\u00df ich mir Zeit. Die ich mit restlichen Nachforschungen f\u00fcr die Datenbank verbrachte, also Tageb\u00fccher, Fotoalben und nochmals die alten Skip\u00e4sse durchforstet. Einiges tats\u00e4chlich \u00e4ndern k\u00f6nnen, aber einiges bleibt im Nebel der Zeit verschollen.<\/p>\n<p>Aber die Tage in Bad Gastein konnte ich anhand einer Tagebuchdatei (und mit Hilfe eines Psion-Series3a-Emulators via Dos-Box am Android-Tastatur-Handy) kl\u00e4ren, war aber eh wie schon gedacht, logisch aufgebaut: erster Tag Bad Gastein\/Hofgastein, zweiter Tag Dorfgastein, dritter Tag Sportgastein, dann nochmals Bad Gastein, dann Dorfgastein (allerdings mit Halbtagswechsel Bad Gastein, egal) und letzter Tag Bad Gastein. Von Ostern 95 fehlt aber leider die Datei.<\/p>\n<p>\u00dcberraschenderweise gestern gelesen, dass Kroatien ab morgen den Euro einf\u00fchrt. Also mal nachgeschaut,  ob ich noch kroatisches Geld hab..  Scheint nicht der Fall zu sein. Aber ukrainisches h\u00e4tte ich noch :( H\u00e4tte ja gedacht, dass ich da mal wieder auf dem Weg nach Russland durchkomme oder noch besser dort Ski fahre. Aber seitdem sie den Krieg mit Russland provoziert bzw. ja quasi begonnen hatten bzw. sich von USA&#038;Co haben f\u00fcr einspannen lassen, was in die bekannten Sanktionen und diese in Kombination mit den Coronama\u00dfnahmen zu der momentanen wirtschaftlichen desastr\u00f6sen Lage und Inflation gef\u00fchrt hat, steht das Land (bzw. Ukraine+USA) auf meiner Boykott-Liste, will ich also nicht mehr besuchen. Das ukrainische Geld ist aktuell aber wohl nur (noch) ca. 11 \u20ac wert. Der Verlust h\u00e4lt sich also in Grenzen. Ob diverse Scheine aus anderen L\u00e4ndern noch aktuell und g\u00fcltig sind, w\u00e4re wohl die n\u00e4chste Frage&#8230;<\/p>\n<p>Sp\u00e4testens ab Mittag war es recht sonnig, so dass ich um kurz vor 13:00 endlich aufbrach.<\/p>\n<p>Mit den anderen Heizeinlagen sind die alten Schuhe fast noch enger. Klar, sp\u00fcrt man nur beim Einstieg, aber das eine Anschlusskabel ist auch recht verbogen und liegt nicht sauber hinten am Rand. Ich hab zus\u00e4tzlich vormittags meine F\u00fc\u00dfe ausgemessen, der eine 25,5cm, der andere 25-25,5cm. Also sollten 26er Schuhe schon passen, sp\u00e4testens mit den Heizeinlagen. W\u00fcrd mir um das Geld zwar lieber eine neue Digicam kaufen, aber die beiden Modelle, die ich in die n\u00e4here Auswahl gefasst h\u00e4tte, sind momentan eh nicht erh\u00e4ltlich oder nur stark verteuert. Also doch die neuen Nordica Heckeinsteiger kaufen? Bei 150 Skitagen pro Jahr st\u00f6rt das Ein- und Aussteigen in die gesch\u00e4umten Strolz schon oft, 300x im Jahr, je nach Temperatur mal mehr, mal weniger.<\/p>\n<p>Strolz Skischuhe hatte ich ja 2 bzw. 4 &#8211; denn bei jedem Innenschuh hab ich mir nach einiger Zeit nochmals eine neue Schale gekauft, weil der Innenschuh noch besser beinander war als die Schale:<\/p>\n<p>Kauf 1. Strolz Dezember 2004, 633 \u20ac, Schale 5 Jahre (ca. 460 Tage) gefahren<br \/>\nErsatz Schale November 2009, 180 \u20ac, 2. Schale 3 Jahre (ca. 300 Tage), Innenschuh 8 Jahre (ca. 760 Tage) gefahren -> das sind jetzt die schwarzen mit den neuen Abs\u00e4tzen<\/p>\n<p>Kauf 2. Strolz Dezember 2012, 729 \u20ac, 5 Jahre (ca. 560 Tage) gefahren<br \/>\nErsatz Schale Dezember 2017, 200 \u20ac, bis jetzt, Dezember 2022 = 5 Jahre (ca. 620 Tage) mit 2. Schale bzw. 10 Jahre (ca.1.180 Tage) mit Innenschuh -> das sind jetzt die aktuell wei\u00dfen.<\/p>\n<p>Durch die jeweils ausgetauschte Schale bei selben Innenschuh kamen mir die ersten beiden Strolz quasi auf 406,50 \u20ac und die zweiten auf 464,50 \u20ac. <\/p>\n<p><a href='http:\/\/extra.inmontanis.info\/d\/98118-2\/DSC05596.jpg'><img src=http:\/\/extra.inmontanis.info\/d\/98117-3\/DSC05596.jpg \/><\/a><br \/>\n^ die alten Strolz<\/p>\n<p><a href='http:\/\/extra.inmontanis.info\/d\/98122-2\/DSC05597.jpg'><img src=http:\/\/extra.inmontanis.info\/d\/98121-3\/DSC05597.jpg \/><\/a><br \/>\n^ die alten Strolz<\/p>\n<p><a href='http:\/\/extra.inmontanis.info\/d\/98126-2\/DSC05598.jpg'><img src=http:\/\/extra.inmontanis.info\/d\/98125-3\/DSC05598.jpg \/><\/a><br \/>\n^ die alten Strolz<\/p>\n<p><a href='http:\/\/extra.inmontanis.info\/d\/98098-2\/DSC05590.jpg'><img src=http:\/\/extra.inmontanis.info\/d\/98097-3\/DSC05590.jpg \/><\/a><br \/>\n^ die neueren Strolz<\/p>\n<p><a href='http:\/\/extra.inmontanis.info\/d\/98102-2\/DSC05592.jpg'><img src=http:\/\/extra.inmontanis.info\/d\/98101-3\/DSC05592.jpg \/><\/a><br \/>\n^ die neueren Strolz<\/p>\n<p><a href='http:\/\/extra.inmontanis.info\/d\/98106-2\/DSC05593.jpg'><img src=http:\/\/extra.inmontanis.info\/d\/98105-3\/DSC05593.jpg \/><\/a><br \/>\n^ die neueren Strolz<\/p>\n<p><a href='http:\/\/extra.inmontanis.info\/d\/98110-2\/DSC05594.jpg'><img src=http:\/\/extra.inmontanis.info\/d\/98109-3\/DSC05594.jpg \/><\/a><br \/>\n^ die neueren Strolz<\/p>\n<p><a href='http:\/\/extra.inmontanis.info\/d\/98114-2\/DSC05595.jpg'><img src=http:\/\/extra.inmontanis.info\/d\/98113-3\/DSC05595.jpg \/><\/a><br \/>\n^ die neueren Strolz<\/p>\n<p>Im Skigebiet \u00e4hnlich sch\u00f6n weicher Schnee wie gestern, mehr Sonne und zum Schluss eine kleine LSAP-Erkundung, sch\u00f6ner Abschluss zum Jahr.<\/p>\n<p>Aber mit den alten Strolz-Schuhen werd ich wohl nicht mehr gl\u00fccklich, sind einfach zu eng. Hab mir dann die Absatzthematik der neueren Schuhe angesehen, ein vorderes Absatzst\u00fcck konnte ich noch wegschrauben und mit einem der neuen von den alten Schuhen ersetzen, bei den anderen 3 gibt&#8217;s eine oder mehrere Schrauben ohne brauchbaren Angriffspunkt oben, die m\u00fcssten also aufgebohrt werden, das lass ich jetzt mal so.<\/p>\n<p><a href='http:\/\/ski.inmontanis.info\/d\/309050-2\/DSC05606.jpg'><img src=http:\/\/ski.inmontanis.info\/d\/309049-3\/DSC05606.jpg \/><\/a><br \/>\n^ Kurven-SL Steinschneider<\/p>\n<p><a href='http:\/\/ski.inmontanis.info\/d\/309054-2\/DSC05609.jpg'><img src=http:\/\/ski.inmontanis.info\/d\/309053-3\/DSC05609.jpg \/><\/a><br \/>\n^ Talblick, heute seltenerweise mal ohne Nebelmeer<\/p>\n<p><a href='http:\/\/ski.inmontanis.info\/d\/309058-2\/DSC05612.jpg'><img src=http:\/\/ski.inmontanis.info\/d\/309057-3\/DSC05612.jpg \/><\/a><br \/>\n^ Blick vom SL Steinschneider zur auch heuer geschlossenen 4KSB<\/p>\n<p><a href='http:\/\/ski.inmontanis.info\/d\/309062-2\/DSC05613.jpg'><img src=http:\/\/ski.inmontanis.info\/d\/309061-3\/DSC05613.jpg \/><\/a><br \/>\n^ Blick von hinterm SL Steinschneider zum SL Wasserhanggipfel, leider wegen Schneemangels momentan noch zu :(<\/p>\n<p><a href='http:\/\/ski.inmontanis.info\/d\/309066-2\/DSC05615.jpg'><img src=http:\/\/ski.inmontanis.info\/d\/309065-3\/DSC05615.jpg \/><\/a><br \/>\n^ Das Tal ist ganz sch\u00f6n h\u00fcgelig. <\/p>\n<p><a href='http:\/\/ski.inmontanis.info\/d\/309070-2\/DSC05619.jpg'><img src=http:\/\/ski.inmontanis.info\/d\/309069-3\/DSC05619.jpg \/><\/a><br \/>\n^ Der SL Wasserhanggipfel erschlie\u00dft nicht nur eigene H\u00e4nge, sondern auch weitere (Au\u00dfenrum-) Abfahrten zum Hipfl-SL<\/p>\n<p><a href='http:\/\/ski.inmontanis.info\/d\/309074-2\/DSC05621.jpg'><img src=http:\/\/ski.inmontanis.info\/d\/309073-3\/DSC05621.jpg \/><\/a><br \/>\n^ Blick von Nahe 4KSB Bergstation zum SL Steinschneider und SL Wasserhanggipfel (rechts), der dann die (Grat-) Abfahrt \u00fcber den Gipfel erschlie\u00dfen w\u00fcrde. <\/p>\n<p><a href='http:\/\/ski.inmontanis.info\/d\/309078-2\/DSC05623.jpg'><img src=http:\/\/ski.inmontanis.info\/d\/309077-3\/DSC05623.jpg \/><\/a><br \/>\n^ SL Steinschneider und SL Hipfl<\/p>\n<p><a href='http:\/\/ski.inmontanis.info\/d\/309082-2\/DSC05626.jpg'><img src=http:\/\/ski.inmontanis.info\/d\/309081-3\/DSC05626.jpg \/><\/a><br \/>\n^ Talstationen SL, aktuell mit nervig lauter verbl\u00f6dender Partymusik aus der Schirmbar. Da m\u00fcsste man eigentlich ein Warnschild aufstellen &#8220;Achtung, das H\u00f6ren dieser Texte killt Gehirnzellen und f\u00fchrt zur Verminderung Ihres IQ.&#8221;<\/p>\n<p><a href='http:\/\/ski.inmontanis.info\/d\/309086-2\/DSC05627.jpg'><img src=http:\/\/ski.inmontanis.info\/d\/309085-3\/DSC05627.jpg \/><\/a><br \/>\n^ SL Hipfl<\/p>\n<p><a href='http:\/\/ski.inmontanis.info\/d\/309090-2\/DSC05628.jpg'><img src=http:\/\/ski.inmontanis.info\/d\/309089-3\/DSC05628.jpg \/><\/a><br \/>\n^ SL Hipfl Bergstation<\/p>\n<p><a href='http:\/\/ski.inmontanis.info\/d\/309094-2\/DSC05629.jpg'><img src=http:\/\/ski.inmontanis.info\/d\/309093-3\/DSC05629.jpg \/><\/a><br \/>\n^ R\u00fcckseitenpano SL Hipfl<\/p>\n<p><a href='http:\/\/ski.inmontanis.info\/d\/309098-2\/DSC05630.jpg'><img src=http:\/\/ski.inmontanis.info\/d\/309097-3\/DSC05630.jpg \/><\/a><br \/>\n^ R\u00fcckseitenpano SL Hipfl, quasi hinter dem Gipfel hinter der Senke (bzw. noch einer dahinter) ist schon das Skigebiet Weinebene<\/p>\n<p><a href='http:\/\/ski.inmontanis.info\/d\/309102-2\/DSC05631.jpg'><img src=http:\/\/ski.inmontanis.info\/d\/309101-3\/DSC05631.jpg \/><\/a><br \/>\n^ SL Hipfl<\/p>\n<p><a href='http:\/\/ski.inmontanis.info\/d\/309106-2\/DSC05632.jpg'><img src=http:\/\/ski.inmontanis.info\/d\/309105-3\/DSC05632.jpg \/><\/a><br \/>\n^ SL Hipfl und SL Steinschneider<\/p>\n<p><a href='http:\/\/ski.inmontanis.info\/d\/309110-2\/DSC05633.jpg'><img src=http:\/\/ski.inmontanis.info\/d\/309109-3\/DSC05633.jpg \/><\/a><br \/>\n^ SL Hipfl richtung Gipfel, f\u00fcr die Abfahrt braucht&#8217;s den SL Wasserhanggipfel<\/p>\n<p><a href='http:\/\/ski.inmontanis.info\/d\/309114-2\/DSC05635.jpg'><img src=http:\/\/ski.inmontanis.info\/d\/309113-3\/DSC05635.jpg \/><\/a><br \/>\n^ SL Hipfl <\/p>\n<p><a href='http:\/\/ski.inmontanis.info\/d\/309118-2\/DSC05637.jpg'><img src=http:\/\/ski.inmontanis.info\/d\/309117-3\/DSC05637.jpg \/><\/a><br \/>\n^ Beim letzten Fahren mit dem SL Steinschneider fiel mir hier eine verr\u00e4terisch aussehende Trasse auf. Da wird doch nicht wohl ein SL gestanden sein? Da muss ich nochmal den SL Hipfl heute fahren..<\/p>\n<p><a href='http:\/\/ski.inmontanis.info\/d\/309122-2\/DSC05639.jpg'><img src=http:\/\/ski.inmontanis.info\/d\/309121-3\/DSC05639.jpg \/><\/a><br \/>\n^ Bergstation Kurven-SL Steinschneider<\/p>\n<p><a href='http:\/\/ski.inmontanis.info\/d\/309126-2\/DSC05642.jpg'><img src=http:\/\/ski.inmontanis.info\/d\/309125-3\/DSC05642.jpg \/><\/a><br \/>\n^ Ganztags eher mehr Wanderer, Tourengeher und Rodler unterwegs als zahlende Skifahrer :(<\/p>\n<p><a href='http:\/\/ski.inmontanis.info\/d\/309130-2\/DSC05643.jpg'><img src=http:\/\/ski.inmontanis.info\/d\/309129-3\/DSC05643.jpg \/><\/a><br \/>\n^ Ehemalige SL-Talstation<\/p>\n<p><a href='http:\/\/ski.inmontanis.info\/d\/309134-2\/DSC05647.jpg'><img src=http:\/\/ski.inmontanis.info\/d\/309133-3\/DSC05647.jpg \/><\/a><br \/>\n^ Alte Betonfundamente der ehemaligen Talstation. Dahinter\/dar\u00fcber SL Steinschneider<\/p>\n<p><a href='http:\/\/ski.inmontanis.info\/d\/309138-2\/DSC05649.jpg'><img src=http:\/\/ski.inmontanis.info\/d\/309137-3\/DSC05649.jpg \/><\/a><br \/>\n^ Ehemalige SL-Trasse<\/p>\n<p><a href='http:\/\/ski.inmontanis.info\/d\/309142-2\/DSC05650.jpg'><img src=http:\/\/ski.inmontanis.info\/d\/309141-3\/DSC05650.jpg \/><\/a><br \/>\n^ Bingo! War also sogar das Lifth\u00e4uschen. Und der SL hie\u00df wohl Erlloch.<\/p>\n<p><a href='http:\/\/ski.inmontanis.info\/d\/309146-2\/DSC05651.jpg'><img src=http:\/\/ski.inmontanis.info\/d\/309145-3\/DSC05651.jpg \/><\/a><br \/>\n^ Schad, dass da nicht noch eine Abfahrt vom SL Steinschneider runtergeht<\/p>\n<p><a href='http:\/\/ski.inmontanis.info\/d\/309150-2\/ge20221231c.jpg'><img src=http:\/\/ski.inmontanis.info\/d\/309149-3\/ge20221231c.jpg \/><\/a><br \/>\n^ GPS-Track meiner 3 bisherigen Koralpen-Skitage heuer.<br \/>\nMagenta unten: 4KSB<br \/>\nMagenta rechts: SL Wasserhanggipfel<br \/>\nRot: die abgebauten SL (evtl. nicht korrekt eingezeichnet)<\/p>\n<p>Passenderweise noch ein Auto-Track mit den Skigebiets-POIs:<\/p>\n<p><a href='http:\/\/extra.inmontanis.info\/d\/98130-2\/ge202212a.jpg'><img src=http:\/\/extra.inmontanis.info\/d\/98129-3\/ge202212a.jpg \/><\/a><br \/>\n^ GPS-Track und POI Nov\/Dez 2022 inkl. Saisonkartenskigebiete Top-Ski K\u00e4rnten\/Osttirol<\/p>\n<p>A) M\u00f6lltaler Gletscher<br \/>\nB) Koralpe<br \/>\nC) Katschberg<br \/>\nD) Turracher H\u00f6he<br \/>\nE) Gerlitzen<br \/>\nF) Bad Kleinkirchheim<br \/>\nG) Nassfeld<br \/>\nH) Sillian<br \/>\nI) Heiligenblut<br \/>\nJ) Obertilliach<br \/>\nK) Hochrindl<br \/>\nL) Falkert Heidi Alm<br \/>\nM) Arnoldstein Dreil\u00e4ndereck<br \/>\nN) Emberger Alm<br \/>\nO) K\u00f6tschach<br \/>\nP) Simonh\u00f6he<br \/>\nQ) Flattnitz<br \/>\nR) Klippitzt\u00f6rl<br \/>\nS) Weinebene<\/p>\n<p>Da mein Navi ca. 1h zur Weinebene kalkuliert (bei Luftlinie unter 10km), w\u00e4re ein Besuch morgen Sonntag schon sinnvoller als unter der Woche. Das wird dann ein kleines Jubil\u00e4um geben, n\u00e4mlich mein 700. Skigebiet. Da ich da ein paar Statistiken online stellen m\u00f6chte, bin ich eben momentan etwas am Programmieren und Verbessern meiner Datenbank, der Bericht dauert evtl. noch 2 Tage.<\/p>\n<p>&#8212;<\/p>\n<p>Zum Jahresabschluss noch 2 politisch motivierte Videos:<\/p>\n<p>Interview mit Oskar Lafontaine betreffend Deutschland\/Europa <> USA:<br \/>\n<a href='https:\/\/www.youtube.com\/watch?v=tCpK2h5C1l4'>https:\/\/www.youtube.com\/watch?v=tCpK2h5C1l4<\/a><\/p>\n<p>Und zum &#8220;Klimawandel&#8221; \/ zur CO2-L\u00fcge:<br \/>\n<a href='https:\/\/www.youtube.com\/watch?v=_cYroG_rBTA'>https:\/\/www.youtube.com\/watch?v=_cYroG_rBTA<\/a><\/p>\n","protected":false},"excerpt":{"rendered":"<p>Fr, 30.12.2022<\/p>\n<p>Heute zur Abwechslung mal unter dem Nebel &#8230;<\/p>\n<p>Hab mir mal meine alten Strolz Schuhe angesehen &#8211; die sind in einem \u00e4hnlichen Zustand, Innenschuh oben schaut sogar noch schlechter aus. Da ich sie aber ja mal wieder probieren wollte, musste ich entsprechend die Heizeinlagen von den neuen in die alten stecken &#8211; bei <a href=\"http:\/\/blog.inmontanis.info\/?p=8234\">[&#8230;]<\/a><\/p>\n","protected":false},"author":1,"featured_media":8238,"comment_status":"closed","ping_status":"closed","sticky":false,"template":"","format":"standard","meta":{"footnotes":""},"categories":[200,13,27],"tags":[47],"class_list":["post-8234","post","type-post","status-publish","format-standard","has-post-thumbnail","hentry","category-koralpe","category-austria","category-skifahren-winterskiing-winter","tag-sl","odd"],"_links":{"self":[{"href":"http:\/\/blog.inmontanis.info\/index.php?rest_route=\/wp\/v2\/posts\/8234","targetHints":{"allow":["GET"]}}],"collection":[{"href":"http:\/\/blog.inmontanis.info\/index.php?rest_route=\/wp\/v2\/posts"}],"about":[{"href":"http:\/\/blog.inmontanis.info\/index.php?rest_route=\/wp\/v2\/types\/post"}],"author":[{"embeddable":true,"href":"http:\/\/blog.inmontanis.info\/index.php?rest_route=\/wp\/v2\/users\/1"}],"replies":[{"embeddable":true,"href":"http:\/\/blog.inmontanis.info\/index.php?rest_route=%2Fwp%2Fv2%2Fcomments&post=8234"}],"version-history":[{"count":4,"href":"http:\/\/blog.inmontanis.info\/index.php?rest_route=\/wp\/v2\/posts\/8234\/revisions"}],"predecessor-version":[{"id":8239,"href":"http:\/\/blog.inmontanis.info\/index.php?rest_route=\/wp\/v2\/posts\/8234\/revisions\/8239"}],"wp:featuredmedia":[{"embeddable":true,"href":"http:\/\/blog.inmontanis.info\/index.php?rest_route=\/wp\/v2\/media\/8238"}],"wp:attachment":[{"href":"http:\/\/blog.inmontanis.info\/index.php?rest_route=%2Fwp%2Fv2%2Fmedia&parent=8234"}],"wp:term":[{"taxonomy":"category","embeddable":true,"href":"http:\/\/blog.inmontanis.info\/index.php?rest_route=%2Fwp%2Fv2%2Fcategories&post=8234"},{"taxonomy":"post_tag","embeddable":true,"href":"http:\/\/blog.inmontanis.info\/index.php?rest_route=%2Fwp%2Fv2%2Ftags&post=8234"}],"curies":[{"name":"wp","href":"https:\/\/api.w.org\/{rel}","templated":true}]}}