{"id":8229,"date":"2022-12-29T20:26:11","date_gmt":"2022-12-29T19:26:11","guid":{"rendered":"http:\/\/blog.inmontanis.info\/?p=8229"},"modified":"2023-03-11T20:17:12","modified_gmt":"2023-03-11T19:17:12","slug":"klippitztorl-29-12-2022","status":"publish","type":"post","link":"http:\/\/blog.inmontanis.info\/?p=8229","title":{"rendered":"Klippitzt\u00f6rl, 29.12.2022"},"content":{"rendered":"<p><strong>Do, 29.12.2022<\/strong> &#8211; Skitag Nr. 30<\/p>\n<p>Mit -2\u00b0 drau\u00dfen und +2\u00b0 drinnen w\u00e4re die Nacht ja gar nicht so kalt gewesen, trotzdem musste ich irgendwann am fr\u00fchen Morgen noch die Fu\u00dfheizung einschalten und auch am Hintern war&#8217;s etwas kalt (seitlich liegend), trotz der \u00fcblichen 3 Decken (k\u00fcrzere, d\u00fcnne Fleecedecke F\u00fc\u00dfe bis Hintern, d\u00fcnne Sommersteppdecke F\u00fc\u00dfe bis Schulter und nur (von unten) bis Waden geschlossener Schlafsack bis \u00fcbern Kopf).<\/p>\n<p>Um 6 Uhr startete auch hier wieder eine nahe Kirche ihr Dauergel\u00e4ute. Auf dem Weg ins Skigebiet lag ein Autostra\u00dfen-Rastplaz samt WC, musste aber umkehren, weil der in S\u00fcdrichtung mit Betonkl\u00f6tzen versperrt war.<\/p>\n<p>Das Skigebiet Klippitzt\u00f6rl (heute mein erster Tag dort) befindet sich ein St\u00fcck unterhalb des Pass\u00fcbergangs, Parkpl\u00e4tze allesamt recht voll, aber doch einen guten nahe der Piste zum SL erwischt.<\/p>\n<p>Weil so wenig Schnee, sind aber noch etliche Abfahrten geschlossen. Einige sind im Plan gestrichelt und eine Schneise scheint ohne Abfahrtsmarkierung zu sein &#8211; aber da hab ich bei den momentanen Schneeverh\u00e4ltnissen nichts probiert. Bzw. doch ja oben, weil nicht ersichtlich, ob das nun offene Piste sein soll oder nicht &#8211; wohl eher doch nicht.<\/p>\n<p>Es wehte ein kalter, im Gipfelbereich st\u00fcrmischer Wind und die Pisten waren wieder eisig abgefahren, au\u00dfer die s\u00fcdliche DSB-Abfahrt, da hohe Buckel aufgefahren. Bis zum n\u00e4chsten Schneefall momentan sehr unspa\u00dfig alles, evtl. am WE sch\u00f6ner, wo die Pisten wegen W\u00e4rme und Sonne fr\u00fchlingshaft weich werden.<\/p>\n<p>Ansonten w\u00e4ren die Pisten am SL und der 4SB hier eigentlich recht nett, vielleicht hab ich im Fr\u00fchjahr ja mehr Gl\u00fcck. Etwas Wartezeiten gab&#8217;s heute auch an 4SB und SL. <\/p>\n<p><a href='http:\/\/extra.inmontanis.info\/d\/98070-2\/DSC05537.jpg'><img src=http:\/\/extra.inmontanis.info\/d\/98069-3\/DSC05537.jpg \/><\/a><br \/>\n^ Die Bergwand da oben mit den freien H\u00e4ngen oben s\u00e4he auch recht lecker aus.<\/p>\n<p><a href='http:\/\/extra.inmontanis.info\/d\/98074-2\/DSC05538.jpg'><img src=http:\/\/extra.inmontanis.info\/d\/98073-3\/DSC05538.jpg \/><\/a><br \/>\n^ K\u00e4rnter Landschaft<\/p>\n<p><a href='http:\/\/extra.inmontanis.info\/d\/98078-2\/DSC05539.jpg'><img src=http:\/\/extra.inmontanis.info\/d\/98077-3\/DSC05539.jpg \/><\/a><br \/>\n^ Auffahrt Klippitzt\u00f6rl vom Westen<\/p>\n<p><a href='http:\/\/extra.inmontanis.info\/d\/98082-2\/DSC05540.jpg'><img src=http:\/\/extra.inmontanis.info\/d\/98081-3\/DSC05540.jpg \/><\/a><br \/>\n^ Auffahrt Klippitzt\u00f6rl vom Westen<\/p>\n<p><a href='http:\/\/extra.inmontanis.info\/d\/98086-2\/DSC05543.jpg'><img src=http:\/\/extra.inmontanis.info\/d\/98085-3\/DSC05543.jpg \/><\/a><br \/>\n^ Pano vom Klippitzt\u00f6rl (Passstra\u00dfe)<\/p>\n<p><a href='http:\/\/extra.inmontanis.info\/d\/98090-2\/DSC05544.jpg'><img src=http:\/\/extra.inmontanis.info\/d\/98089-3\/DSC05544.jpg \/><\/a><br \/>\n^ Vom Pass aus muss man ein St\u00fcck runter zum Skigebiet Klippitzt\u00f6rl fahren, ist also kein richtiges Passskigebiet<\/p>\n<p><a href='http:\/\/ski.inmontanis.info\/d\/308938-2\/DSC05550.jpg'><img src=http:\/\/ski.inmontanis.info\/d\/308937-3\/DSC05550.jpg \/><\/a><br \/>\n^ SL Kuhgraben<\/p>\n<p><a href='http:\/\/ski.inmontanis.info\/d\/308942-2\/DSC05551.jpg'><img src=http:\/\/ski.inmontanis.info\/d\/308941-3\/DSC05551.jpg \/><\/a><br \/>\n^ SL Kuhgraben, hier sind noch etliche Abfahrten wg. Schneemangels gesperrt<\/p>\n<p><a href='http:\/\/ski.inmontanis.info\/d\/308946-2\/DSC05552.jpg'><img src=http:\/\/ski.inmontanis.info\/d\/308945-3\/DSC05552.jpg \/><\/a><br \/>\n^ SL Kuhgraben<\/p>\n<p><a href='http:\/\/ski.inmontanis.info\/d\/308950-2\/DSC05553.jpg'><img src=http:\/\/ski.inmontanis.info\/d\/308949-3\/DSC05553.jpg \/><\/a><br \/>\n^ SL Kuhgraben<\/p>\n<p><a href='http:\/\/ski.inmontanis.info\/d\/308954-2\/DSC05554.jpg'><img src=http:\/\/ski.inmontanis.info\/d\/308953-3\/DSC05554.jpg \/><\/a><br \/>\n^ SL Kuhgraben<\/p>\n<p><a href='http:\/\/ski.inmontanis.info\/d\/308958-2\/DSC05555.jpg'><img src=http:\/\/ski.inmontanis.info\/d\/308957-3\/DSC05555.jpg \/><\/a><br \/>\n^ Blick von nahe Bergstation SL Kuhgraben zur DSB Hochegger<\/p>\n<p><a href='http:\/\/ski.inmontanis.info\/d\/308962-2\/DSC05556.jpg'><img src=http:\/\/ski.inmontanis.info\/d\/308961-3\/DSC05556.jpg \/><\/a><br \/>\n^ Und das obligatorische Nebelmeer im Tal und Blick zum Skigebiet Koralpe (links, das mit der Wolke am Gipfel)<\/p>\n<p><a href='http:\/\/ski.inmontanis.info\/d\/308966-2\/DSC05557.jpg'><img src=http:\/\/ski.inmontanis.info\/d\/308965-3\/DSC05557.jpg \/><\/a><br \/>\n^ Abfahrt DSB Hochegger<\/p>\n<p><a href='http:\/\/ski.inmontanis.info\/d\/308970-2\/DSC05558.jpg'><img src=http:\/\/ski.inmontanis.info\/d\/308969-3\/DSC05558.jpg \/><\/a><br \/>\n^ Abfahrt DSB Hochegger<\/p>\n<p><a href='http:\/\/ski.inmontanis.info\/d\/308974-2\/DSC05559.jpg'><img src=http:\/\/ski.inmontanis.info\/d\/308973-3\/DSC05559.jpg \/><\/a><br \/>\n^ DSB Hochegger, dahinter der \u00dcbungslift, zu dem man aber \u00fcber den Parkplatz laufen musste &#8211; daher hab ich den auslassen bzw. schien er sp\u00e4ter nicht mehr zu fahren<\/p>\n<p><a href='http:\/\/ski.inmontanis.info\/d\/308978-2\/DSC05560.jpg'><img src=http:\/\/ski.inmontanis.info\/d\/308977-3\/DSC05560.jpg \/><\/a><br \/>\n^ DSB Hochegger mit Sommerrodelbahn<\/p>\n<p><a href='http:\/\/ski.inmontanis.info\/d\/308982-2\/DSC05562.jpg'><img src=http:\/\/ski.inmontanis.info\/d\/308981-3\/DSC05562.jpg \/><\/a><br \/>\n^ DSB Hochegger, hat verschiedene St\u00fctzen, mal rund, mal vierkant<\/p>\n<p><a href='http:\/\/ski.inmontanis.info\/d\/308986-2\/DSC05563.jpg'><img src=http:\/\/ski.inmontanis.info\/d\/308985-3\/DSC05563.jpg \/><\/a><br \/>\n^ DSB Hochegger und SL<\/p>\n<p><a href='http:\/\/ski.inmontanis.info\/d\/308990-2\/DSC05564.jpg'><img src=http:\/\/ski.inmontanis.info\/d\/308989-3\/DSC05564.jpg \/><\/a><br \/>\n^ Von der Bergstation DSB Hochegger kommt man etwas r\u00fcckseitig zu den Abfahrten an der 4SB B\u00e4renwald<\/p>\n<p><a href='http:\/\/ski.inmontanis.info\/d\/308994-2\/DSC05565.jpg'><img src=http:\/\/ski.inmontanis.info\/d\/308993-3\/DSC05565.jpg \/><\/a><br \/>\n^ 4SB B\u00e4renwald Abfahrten rechts<\/p>\n<p><a href='http:\/\/ski.inmontanis.info\/d\/308998-2\/DSC05567.jpg'><img src=http:\/\/ski.inmontanis.info\/d\/308997-3\/DSC05567.jpg \/><\/a><br \/>\n^ Abfahrt 11 (4SB B\u00e4renwald)<\/p>\n<p><a href='http:\/\/ski.inmontanis.info\/d\/309002-2\/DSC05572.jpg'><img src=http:\/\/ski.inmontanis.info\/d\/309001-3\/DSC05572.jpg \/><\/a><br \/>\n^ Abfahrt 11 (4SB B\u00e4renwald), nach einem l\u00e4ngeren Skiweg muss man leider auch noch ein St\u00fcck aufsteigen<\/p>\n<p><a href='http:\/\/ski.inmontanis.info\/d\/309006-2\/DSC05573.jpg'><img src=http:\/\/ski.inmontanis.info\/d\/309005-3\/DSC05573.jpg \/><\/a><br \/>\n^ 4SB B\u00e4renwald<\/p>\n<p><a href='http:\/\/ski.inmontanis.info\/d\/309010-2\/DSC05574.jpg'><img src=http:\/\/ski.inmontanis.info\/d\/309009-3\/DSC05574.jpg \/><\/a><br \/>\n^ 4SB B\u00e4renwald und Abfahrt 10<\/p>\n<p><a href='http:\/\/ski.inmontanis.info\/d\/309014-2\/DSC05576.jpg'><img src=http:\/\/ski.inmontanis.info\/d\/309013-3\/DSC05576.jpg \/><\/a><br \/>\n^ 4SB B\u00e4renwald Bergstation<\/p>\n<p><a href='http:\/\/ski.inmontanis.info\/d\/309018-2\/DSC05578.jpg'><img src=http:\/\/ski.inmontanis.info\/d\/309017-3\/DSC05578.jpg \/><\/a><br \/>\n^ 4SB B\u00e4renwald Pano<\/p>\n<p><a href='http:\/\/ski.inmontanis.info\/d\/309022-2\/DSC05579.jpg'><img src=http:\/\/ski.inmontanis.info\/d\/309021-3\/DSC05579.jpg \/><\/a><br \/>\n^ 4SB B\u00e4renwald, Abfahrt rechts<\/p>\n<p><a href='http:\/\/ski.inmontanis.info\/d\/309026-2\/DSC05582.jpg'><img src=http:\/\/ski.inmontanis.info\/d\/309025-3\/DSC05582.jpg \/><\/a><br \/>\n^ 4SB B\u00e4renwald, Abfahrt links, sch\u00f6n nicht-modelliert<\/p>\n<p><a href='http:\/\/ski.inmontanis.info\/d\/309030-2\/DSC05583.jpg'><img src=http:\/\/ski.inmontanis.info\/d\/309029-3\/DSC05583.jpg \/><\/a><br \/>\n^ 4SB B\u00e4renwald, Abfahrt links<\/p>\n<p><a href='http:\/\/ski.inmontanis.info\/d\/309034-2\/DSC05585.jpg'><img src=http:\/\/ski.inmontanis.info\/d\/309033-3\/DSC05585.jpg \/><\/a><br \/>\n^ Abfahrt 7 SL Kuhgraben<\/p>\n<p><a href='http:\/\/ski.inmontanis.info\/d\/309038-2\/DSC05586.jpg'><img src=http:\/\/ski.inmontanis.info\/d\/309037-3\/DSC05586.jpg \/><\/a><br \/>\n^ SL Kuhgraben Abfahrt 3 (ja wie, links oder rechts??), die an den Parkpl\u00e4tzen vorbei f\u00fchrt. Die einzige Wolke am Himmel ist \u00fcber dem Koralpenskigebiet.<\/p>\n<p><a href='http:\/\/ski.inmontanis.info\/d\/309042-2\/ge20221229a.jpg'><img src=http:\/\/ski.inmontanis.info\/d\/309041-3\/ge20221229a.jpg \/><\/a><br \/>\n^ GPS-Track 29.12.2022, links die DSB, mittig der SL und rechts die 4SB.<\/p>\n<p>Heute Abend war es besonders fraglich, wo \u00fcbernachten. Einerseits wollte ich morgen Weinebene fahren, vmtl. etwas leerer am Freitag als am WE, aber von daheim aus anzufahren dauert wesentlich l\u00e4nger, als wenn ich zB morgens schon unten im Tal in oder n\u00f6rdlich von Wolfsberg w\u00e4re. Dazu w\u00e4re entweder ein normaler Parkplatz etwas n\u00f6rdlich im engeren Teil vom Lavanttal dienlich oder ein kleiner Stellplatz im Norden Wolfsbergs selbst &#8211; an den 2 Wohnmobilpl\u00e4tzen darf ich mich zwar wohl nicht hinstellen, aber nebendran sind PKW-Parkpl\u00e4tze und der (kostenpflichtige) Stromanschluss w\u00e4re dazwischen laut Bildern. Wenn da also keine 2 Wohnmobile stehen sollten, die Strom brauchen und wenn der PKW-Parkplatz daneben frei w\u00e4re, k\u00f6nnte ich mich da anzapfen und f\u00fcr wenig Geld Heizer anschmei\u00dfen und Batterie laden.<\/p>\n<p>Oder ich fahr heim, dann k\u00f6nnt ich entweder vormittags noch daheim arbeiten und w\u00e4r erst sp\u00e4ter auf der Weinebene oder morgens wegfahren und unterwegs arbeiten. Umweg \u00fcber daheim w\u00e4ren ca. 30km. Fahrzeit von mir zur Weinebene lt. GMaps 45min, lt. Navi eher eine Stunde, was wohl besser passen wird, da ich kurvige Bergstra\u00dfen nicht mehr so schnell fahren will (weniger Reifenabn\u00fctzung, weniger Sachen, die umherfallen, weniger Schaltvorg\u00e4nge, weniger Spritverbrauch, &#8230;).<\/p>\n<p>Wenn ich daheim w\u00e4r, m\u00fcsste ich morgen aber auch gar nicht auf die Weinebene und k\u00f6nnte einen sonnigeren Tag abwarten. Der Nachteil am Sonntag ist, dass ich eigentlich hinter der Weinebene noch was anderes besuchen wollte, n\u00e4mlich ein Restaurant namens &#8220;Karpfenwirt&#8221;, ca. 30km entfernt, der wohl ganzj\u00e4hrig Karpfen in verschiedenen Variationen auf der Speisekarte hat. Aber wie etliche Restaurants wohl Sonntag Abend nicht offen hat &#8211; und auch Mo+Di Ruhetag bzw. generell abends nur DO-SA offen. <\/p>\n<p>Vorsichtshalber checkte ich noch schnell die Website: das f\u00e4llt eh aus, die haben bereits ab morgen bis 3.1. geschlossen. <\/p>\n<p>Ok, dann egal, fahr ich heut heim und morgen Koralpe und irgendwann sp\u00e4ter Weinebene. Folglich musste ich noch einkaufen. In Wolfsberg unterm Nebelmeer roch es \u00e4hnlich (wenn auch weniger stark) nach Kloake wie in den einigen T\u00e4lern in Norwegen und Schweden im Winter, also auch au\u00dferhalb von meinem Auto, hat also nichts mit meinem WC im Auto zu tun.<\/p>\n<p><a href='http:\/\/extra.inmontanis.info\/d\/98094-2\/DSC05588.jpg'><img src=http:\/\/extra.inmontanis.info\/d\/98093-3\/DSC05588.jpg \/><\/a><br \/>\n^ Klippitzt\u00f6rl-Wolfsberg<\/p>\n<p>W\u00e4hrend ich im Campingmodus ja alle 1-2 Tage einen Supermarkt ansteuere, musste ich jetzt wieder umstellen, Zeug f\u00fcr eine Woche kaufen. Zuvor ging&#8217;s noch in einen Action, wie im Dollarstore in Schweden findet man da auch immer was g\u00fcnstiges. Haben wollte ich aber eine Heizdecke f\u00fcr&#8217;s Bett (oder f\u00fcr&#8217;n Fu\u00dfboden), da ja die zuvor von Amazon gekaufte nicht funktionert hatte (musste ich aber doch nicht retournieren, bekam das Geld auch so, d.h. ich k\u00f6nnte mal versuchen, rauszufinden, warum die nicht geht, irgendwo ein Kabelbruch, der evtl. \u00fcberbr\u00fcckt werden k\u00f6nnte).<\/p>\n<p>Daheim war die Zimmertemperatur w\u00e4rmer als gedacht, ca. 13\u00b0 hatte es, zumindest zuletzt hatte die Heizung also wohl nicht eingeschaltet. Wo die W\u00e4rme wohl herkam?! Hab das Hauptzimmer dann recht schnell auf 20\u00b0 bekommen und die neue Heizdecke leistete zum Vorw\u00e4rmen des kalten Bettes abends auch einen guten Dienst. Nachteilig ist aber, dass die logischerweise den kompletten K\u00f6rperbereich heizt, wenn man sie noch etwas laufen l\u00e4sst, w\u00e4hrend man seine englischen Tram-Bilderb\u00fccher liest oder am Handy spielt. Da br\u00e4uchte ich mehr W\u00e4rme an den F\u00fc\u00dfen als am R\u00fccken.<\/p>\n","protected":false},"excerpt":{"rendered":"<p>Do, 29.12.2022 &#8211; Skitag Nr. 30<\/p>\n<p>Mit -2\u00b0 drau\u00dfen und +2\u00b0 drinnen w\u00e4re die Nacht ja gar nicht so kalt gewesen, trotzdem musste ich irgendwann am fr\u00fchen Morgen noch die Fu\u00dfheizung einschalten und auch am Hintern war&#8217;s etwas kalt (seitlich liegend), trotz der \u00fcblichen 3 Decken (k\u00fcrzere, d\u00fcnne Fleecedecke F\u00fc\u00dfe bis Hintern, d\u00fcnne Sommersteppdecke F\u00fc\u00dfe <a href=\"http:\/\/blog.inmontanis.info\/?p=8229\">[&#8230;]<\/a><\/p>\n","protected":false},"author":1,"featured_media":8231,"comment_status":"closed","ping_status":"closed","sticky":false,"template":"","format":"standard","meta":{"footnotes":""},"categories":[242,13,27],"tags":[49,38,77,47],"class_list":["post-8229","post","type-post","status-publish","format-standard","has-post-thumbnail","hentry","category-klippitztorl","category-austria","category-skifahren-winterskiing-winter","tag-4sb","tag-dsb","tag-nebelmeer","tag-sl","odd"],"_links":{"self":[{"href":"http:\/\/blog.inmontanis.info\/index.php?rest_route=\/wp\/v2\/posts\/8229","targetHints":{"allow":["GET"]}}],"collection":[{"href":"http:\/\/blog.inmontanis.info\/index.php?rest_route=\/wp\/v2\/posts"}],"about":[{"href":"http:\/\/blog.inmontanis.info\/index.php?rest_route=\/wp\/v2\/types\/post"}],"author":[{"embeddable":true,"href":"http:\/\/blog.inmontanis.info\/index.php?rest_route=\/wp\/v2\/users\/1"}],"replies":[{"embeddable":true,"href":"http:\/\/blog.inmontanis.info\/index.php?rest_route=%2Fwp%2Fv2%2Fcomments&post=8229"}],"version-history":[{"count":3,"href":"http:\/\/blog.inmontanis.info\/index.php?rest_route=\/wp\/v2\/posts\/8229\/revisions"}],"predecessor-version":[{"id":8233,"href":"http:\/\/blog.inmontanis.info\/index.php?rest_route=\/wp\/v2\/posts\/8229\/revisions\/8233"}],"wp:featuredmedia":[{"embeddable":true,"href":"http:\/\/blog.inmontanis.info\/index.php?rest_route=\/wp\/v2\/media\/8231"}],"wp:attachment":[{"href":"http:\/\/blog.inmontanis.info\/index.php?rest_route=%2Fwp%2Fv2%2Fmedia&parent=8229"}],"wp:term":[{"taxonomy":"category","embeddable":true,"href":"http:\/\/blog.inmontanis.info\/index.php?rest_route=%2Fwp%2Fv2%2Fcategories&post=8229"},{"taxonomy":"post_tag","embeddable":true,"href":"http:\/\/blog.inmontanis.info\/index.php?rest_route=%2Fwp%2Fv2%2Ftags&post=8229"}],"curies":[{"name":"wp","href":"https:\/\/api.w.org\/{rel}","templated":true}]}}