{"id":8187,"date":"2022-12-27T18:37:44","date_gmt":"2022-12-27T17:37:44","guid":{"rendered":"http:\/\/blog.inmontanis.info\/?p=8187"},"modified":"2023-08-05T21:12:48","modified_gmt":"2023-08-05T19:12:48","slug":"simonhohe-27-12-2022-noch-langweiliger-als-befurchtet","status":"publish","type":"post","link":"http:\/\/blog.inmontanis.info\/?p=8187","title":{"rendered":"Simonh\u00f6he, 27.12.2022 &#8212; noch langweiliger als bef\u00fcrchtet"},"content":{"rendered":"<p><strong>Di, 27.12.2022<\/strong><\/p>\n<p>Was die Semmeln anbelangt (siehe Bericht 23.12.) &#8211; hielten problemlos bis heute. Vielleicht etwas trockener, aber das waren die schon immer.<\/p>\n<p>Kaum sind ein paar mehr G\u00e4ste (Ausl\u00e4nder) auf dem Campingplatz, werden die WC-Brillen vollgepisst. Sauhaufen.<\/p>\n<p>Heute also mein Erstbesuch auf der Simonh\u00f6he. Leider kein Vollbetrieb. Und irgendwie haben die ein ziemlich bescheuertes Skipassmodell &#8211; QR-Codes, die man via App oder Online kaufen &#038; mitf\u00fchren muss, keine Drehkreuze, daf\u00fcr stichprobenartige Kontrollen. Hab ich heute keine gesehen.<\/p>\n<p>Wie das mit der TopSki-Saisonkarte ausschaut, wird auf der Homepage nicht erw\u00e4hnt. Sp\u00e4ter hab ich vor Ort ein gro\u00dfes Transparent (und einen nicht sichtbaren Leser) gefunden und konnte meine Karte lesen lassen.<\/p>\n<p>Alles umst\u00e4ndlich. Betrifft mich heut ja nicht, aber wie einfach es doch w\u00e4re, an einer Verkaufsstelle vor Ort einen Skipass zu kaufen und den einfach irgendwie mitzuf\u00fchren, z.B. wie in Frankreich oder Italien mittels Kleber oder wie in Schweden mit einer Armbandtasche oder wie fr\u00fcher als Pappkarte zum Umh\u00e4ngen oder oder oder .. ;) Nein, ich erw\u00e4hne jetzt nicht Keycard, weil da unterst\u00fctzen die meisten Skigebiete in \u00d6sterreich ja keine fremden Karten, so dass man am Ende des Tages die Karte wieder abgeben und zu Geld machen muss. Oder die Unsitte in manchen Skigebieten in einigen L\u00e4ndern, wo man deren eigene Keycard alle paar Jahre kaufen muss.<\/p>\n<p>Puh, das Skigebiet ist ja noch langweiliger als bef\u00fcrchtet. Und vermutlich w\u00e4re der noch(?) geschlossene SL der interessanteste Lift hier. Wie ich sp\u00e4ter feststellen musste, gab es zudem nicht nur einen weiteren abgebauten SL, sondern sogar mal eine 4er Sesselbahn, die abgebaut wurde, nachdem sie nur von 2000-2011 in Betrieb gewesen sein soll.<\/p>\n<p>Es waren sehr viele Anf\u00e4nger unterwegs, entsprechendes m\u00fchsames Slalomfahren n\u00f6tig. Skikurs vor einem SL-Einstieg:  Die Kinder mussten von der Skilehrerin zum SL-Einstieg getragen werden :) Und auch bei einem weiteren Skikurs kamen mir die Kinder eher wie Zombies vor, null Bock, null Eigenintiative.<\/p>\n<p><a href='http:\/\/ski.inmontanis.info\/d\/308744-2\/DSC05446.jpg'><img src=http:\/\/ski.inmontanis.info\/d\/308742-3\/DSC05446.jpg \/><\/a><br \/>\n^ Auffahrt Simonh\u00f6he<\/p>\n<p><a href='http:\/\/ski.inmontanis.info\/d\/308748-2\/DSC05447.jpg'><img src=http:\/\/ski.inmontanis.info\/d\/308747-3\/DSC05447.jpg \/><\/a><br \/>\n^ Stillgelegte Abfahrt vorderseitig<\/p>\n<p><a href='http:\/\/ski.inmontanis.info\/d\/308752-2\/DSC05450.jpg'><img src=http:\/\/ski.inmontanis.info\/d\/308751-3\/DSC05450.jpg \/><\/a><br \/>\n^ Wenn man am Ende des Parkplatzes parkt, kann man gleich zum Kurzb\u00fcgel-SL B\u00e4rental. Leider hatte ich gleich bei der ersten Fahrt einen rauchenden Skileherer vor mir -> daher auf der Strecke abgeb\u00fcgelt und wieder unten angestellt. Bei einer SL-Fahrt (im Gegensatz zur DSB zuvor in K\u00f6tschach) muss man sich das ja nicht antun. <\/p>\n<p><a href='http:\/\/ski.inmontanis.info\/d\/308756-2\/DSC05451.jpg'><img src=http:\/\/ski.inmontanis.info\/d\/308755-3\/DSC05451.jpg \/><\/a><br \/>\n^ SL B\u00e4rental<\/p>\n<p><a href='http:\/\/ski.inmontanis.info\/d\/308760-2\/DSC05453.jpg'><img src=http:\/\/ski.inmontanis.info\/d\/308759-3\/DSC05453.jpg \/><\/a><br \/>\n^ SL B\u00e4rental \/ SL Hocheck<\/p>\n<p><a href='http:\/\/ski.inmontanis.info\/d\/308764-2\/DSC05454.jpg'><img src=http:\/\/ski.inmontanis.info\/d\/308763-3\/DSC05454.jpg \/><\/a><br \/>\n^  SL Hocheck. Mit dem Nebelmeer, wenn man es als verschneiten See ansehen w\u00fcrde, h\u00e4tte das was skandinavisches ;)<\/p>\n<p><a href='http:\/\/ski.inmontanis.info\/d\/308768-2\/DSC05455.jpg'><img src=http:\/\/ski.inmontanis.info\/d\/308767-3\/DSC05455.jpg \/><\/a><br \/>\n^  SL Hocheck \/ SL Paulsberg<\/p>\n<p><a href='http:\/\/ski.inmontanis.info\/d\/308772-2\/DSC05458.jpg'><img src=http:\/\/ski.inmontanis.info\/d\/308771-3\/DSC05458.jpg \/><\/a><br \/>\n^ Stillgelegte Abfahrt vorne<\/p>\n<p><a href='http:\/\/ski.inmontanis.info\/d\/308776-2\/DSC05459.jpg'><img src=http:\/\/ski.inmontanis.info\/d\/308775-3\/DSC05459.jpg \/><\/a><br \/>\n^ SL Hocheck<\/p>\n<p><a href='http:\/\/ski.inmontanis.info\/d\/308780-2\/DSC05460.jpg'><img src=http:\/\/ski.inmontanis.info\/d\/308779-3\/DSC05460.jpg \/><\/a><br \/>\n^ SL Paulsberg<\/p>\n<p><a href='http:\/\/ski.inmontanis.info\/d\/308784-2\/DSC05463.jpg'><img src=http:\/\/ski.inmontanis.info\/d\/308783-3\/DSC05463.jpg \/><\/a><br \/>\n^ SL Nord, leider zumindest aktuell geschlossen<\/p>\n<p><a href='http:\/\/ski.inmontanis.info\/d\/308788-2\/DSC05464.jpg'><img src=http:\/\/ski.inmontanis.info\/d\/308787-3\/DSC05464.jpg \/><\/a><br \/>\n^ SL Sonne und SL Paulsberg. Die Kinder, die es mit dem Lift nicht nach oben schaffen, werden bei der n\u00e4chsten Abfahrt wieder eingesammelt und bleiben halt einfach so liegen, wo sie rausgefallen sind.<\/p>\n<p><a href='http:\/\/ski.inmontanis.info\/d\/308792-2\/DSC05465.jpg'><img src=http:\/\/ski.inmontanis.info\/d\/308791-3\/DSC05465.jpg \/><\/a><br \/>\n^ R\u00fcckseitig vom Teller-SL Sonne geht die Abfahrt zum SL Nord. Ja, s\u00e4he leckerer aus.<\/p>\n<p><a href='http:\/\/ski.inmontanis.info\/d\/308796-2\/DSC05467.jpg'><img src=http:\/\/ski.inmontanis.info\/d\/308795-3\/DSC05467.jpg \/><\/a><br \/>\n^  Blick vom SL Paulsberg  zum SL Hocheck und der stillgelegten Abfahrt samt ehemaligen Lift links davon<\/p>\n<p><a href='http:\/\/ski.inmontanis.info\/d\/308800-2\/DSC05468.jpg'><img src=http:\/\/ski.inmontanis.info\/d\/308799-3\/DSC05468.jpg \/><\/a><br \/>\n^ SL Mulde, derzeit noch nicht in Betrieb, aber von der Abfahrt kommt man zum SL B\u00e4rental<\/p>\n<p><a href='http:\/\/ski.inmontanis.info\/d\/308804-2\/DSC05469.jpg'><img src=http:\/\/ski.inmontanis.info\/d\/308803-3\/DSC05469.jpg \/><\/a><br \/>\n^ SL B\u00e4rental<\/p>\n<p><a href='http:\/\/ski.inmontanis.info\/d\/308808-2\/DSC05470.jpg'><img src=http:\/\/ski.inmontanis.info\/d\/308807-3\/DSC05470.jpg \/><\/a><br \/>\n^ SL B\u00e4rental<\/p>\n<p><a href='http:\/\/ski.inmontanis.info\/d\/308812-3\/DSC05471.jpg'><img src=http:\/\/ski.inmontanis.info\/d\/308811-4\/DSC05471.jpg \/><\/a><br \/>\n^ Abfahrt am SL B\u00e4rental, links die Piste ging zur 4SB runter. Evtl. gibts 1 oder 2 Wegchen, um von der Abfahrt zum SL zu gelangen. Offiziell aber nicht mehr im Plan.<\/p>\n<p><a href='http:\/\/ski.inmontanis.info\/d\/308816-3\/ge20221227a.jpg'><img src=http:\/\/ski.inmontanis.info\/d\/308815-4\/ge20221227a.jpg \/><\/a><br \/>\n^ GPS-Track 27.12.2022. Rot die beiden stillgelegten Lifte, Magenta der aktuell noch geschlossene Nord-SL. <\/p>\n<p>Also hier komm ich nur dann nochmals her, wenn der SL Nord in Betrieb ist. Der Rest ist ja schon zu vergessen bzw. f\u00fcr 2h maximal geeignet. <\/p>\n<p>Da die Wintercampingplatzdichte in dem Bereich und der Gegend der n\u00e4chsten Tage gering bis nicht vorhanden ist, k\u00f6nnte ich heute und die n\u00e4chsten Tage mal etwas frei stehen, also 3-4 Tage (oder zwischendrin heimfahren, weil auch nahe). Dann sollte ich auf&#8217;s Kochen verzichten. <\/p>\n<p>Unglaublich, wie lecker ein fertiger, ungek\u00fchlter Kartoffelsalat (mit Essig &#038; Zwiebeln) sein kann, wenn man schon lang keinen mehr hatte&#8230;. hab ihn mir wegen einer noch offenen Packung Mini-Frikadellen (fertig gekocht, kalt essbar) gekauft, wobei ich beides jeweils heute halb und morgen den Rest essen wollte. H\u00e4tte den Kartoffelsalat heute auch ohne Fleisch komplett aufessen k\u00f6nnen ;)<\/p>\n<p>Nach dem Aufatmen beim Blick aufs Aktienfonds-Depot im November schaut die Sache heute wieder wesentlich schlechter aus. US-Tech-Fonds -30% .. und von wegen Mischung aus Anleihen\/Aktien, der eine Anleihenfonds ist auch irgendwo zwischen -10 und -20% &#8230; h\u00e4tt ich doch letztes Jahr Dezember auf die Warnungen (insb. der alternativen Medien) geh\u00f6rt und alles verkauft .. und n\u00e4chstes Jahr wird&#8217;s mir \u00e4hnlich gehen, wenn die Kurse noch weiter im Keller sind.<\/p>\n<p>\u00d6ffentliche Parkpl\u00e4tze scheinen sich in \u00d6sterreich nicht von UK oder Skandinavien zu unterscheiden &#8211; kaum ist&#8217;s dunkel &#8211; und egal ob das ein Parkplatz an einem Friedhof ist &#8211; kommen l\u00e4rmende &#8220;Jugendliche&#8221; mit ihren Angeberautos und m\u00fcssen sich nat\u00fcrlich in meine N\u00e4he stellen, egal wie gro\u00df der Parkplatz sein mag.<\/p>\n<p>Hab mich vorsichtshalber um 19 Uhr verzogen, wer weiss, wie lang das noch geht und was da noch alles kommt &#8211; eine Seitenstra\u00dfe weiter mit teils Kurzparkzonen (nur 8-18h), sah mir sinnvoller aus. Allerdings Kirchenglocken, die irgendwann abends zwar ruhig waren, aber mich mit l\u00e4ngerem Gel\u00e4ute um 6 Uhr geweckt hatten.<\/p>\n","protected":false},"excerpt":{"rendered":"<p>Di, 27.12.2022<\/p>\n<p>Was die Semmeln anbelangt (siehe Bericht 23.12.) &#8211; hielten problemlos bis heute. Vielleicht etwas trockener, aber das waren die schon immer.<\/p>\n<p>Kaum sind ein paar mehr G\u00e4ste (Ausl\u00e4nder) auf dem Campingplatz, werden die WC-Brillen vollgepisst. Sauhaufen.<\/p>\n<p>Heute also mein Erstbesuch auf der Simonh\u00f6he. Leider kein Vollbetrieb. Und irgendwie haben die ein ziemlich bescheuertes <a href=\"http:\/\/blog.inmontanis.info\/?p=8187\">[&#8230;]<\/a><\/p>\n","protected":false},"author":1,"featured_media":8191,"comment_status":"closed","ping_status":"closed","sticky":false,"template":"","format":"standard","meta":{"footnotes":""},"categories":[13,841,27],"tags":[77,47],"class_list":["post-8187","post","type-post","status-publish","format-standard","has-post-thumbnail","hentry","category-austria","category-simonhohe","category-skifahren-winterskiing-winter","tag-nebelmeer","tag-sl","odd"],"_links":{"self":[{"href":"http:\/\/blog.inmontanis.info\/index.php?rest_route=\/wp\/v2\/posts\/8187","targetHints":{"allow":["GET"]}}],"collection":[{"href":"http:\/\/blog.inmontanis.info\/index.php?rest_route=\/wp\/v2\/posts"}],"about":[{"href":"http:\/\/blog.inmontanis.info\/index.php?rest_route=\/wp\/v2\/types\/post"}],"author":[{"embeddable":true,"href":"http:\/\/blog.inmontanis.info\/index.php?rest_route=\/wp\/v2\/users\/1"}],"replies":[{"embeddable":true,"href":"http:\/\/blog.inmontanis.info\/index.php?rest_route=%2Fwp%2Fv2%2Fcomments&post=8187"}],"version-history":[{"count":4,"href":"http:\/\/blog.inmontanis.info\/index.php?rest_route=\/wp\/v2\/posts\/8187\/revisions"}],"predecessor-version":[{"id":9188,"href":"http:\/\/blog.inmontanis.info\/index.php?rest_route=\/wp\/v2\/posts\/8187\/revisions\/9188"}],"wp:featuredmedia":[{"embeddable":true,"href":"http:\/\/blog.inmontanis.info\/index.php?rest_route=\/wp\/v2\/media\/8191"}],"wp:attachment":[{"href":"http:\/\/blog.inmontanis.info\/index.php?rest_route=%2Fwp%2Fv2%2Fmedia&parent=8187"}],"wp:term":[{"taxonomy":"category","embeddable":true,"href":"http:\/\/blog.inmontanis.info\/index.php?rest_route=%2Fwp%2Fv2%2Fcategories&post=8187"},{"taxonomy":"post_tag","embeddable":true,"href":"http:\/\/blog.inmontanis.info\/index.php?rest_route=%2Fwp%2Fv2%2Ftags&post=8187"}],"curies":[{"name":"wp","href":"https:\/\/api.w.org\/{rel}","templated":true}]}}