{"id":8180,"date":"2022-12-25T18:39:12","date_gmt":"2022-12-25T17:39:12","guid":{"rendered":"http:\/\/blog.inmontanis.info\/?p=8180"},"modified":"2022-12-26T18:48:01","modified_gmt":"2022-12-26T17:48:01","slug":"kotschach-mauthen-vorhegg-25-12-2022","status":"publish","type":"post","link":"http:\/\/blog.inmontanis.info\/?p=8180","title":{"rendered":"K\u00f6tschach-Mauthen (Vorhegg), 25.12.2022"},"content":{"rendered":"<p><strong>So, 25.12.2022<\/strong><\/p>\n<p>K\u00f6tschach-Mauthen hat zwar evtl. momentan auch nur die (immerhin \u00fcber 2km lange) DSB in Betrieb und noch nicht den SL, der ebenfalls recht lang w\u00e4re und eine etwas steilere Abfahrt bieten sollte. Trotzdem m\u00f6cht ich da jetzt mal gefahren sein. K\u00f6nnte aber auch sein, dass gar nichts offen hat, denn lt. Bergfex ist nix offen, lt. interkativer Karte ist nix offen, nur lt. Website sollen angeblich seit 22. DSB und \u00dcbungslift offen sein.<\/p>\n<p>Obertilliach h\u00e4tte nun alles offen &#8211; mit der zweiten Talabfahrt ja durchaus nochmal ein Besuchsgrund. Allerdings ist die Fahrt durchs Gailtal\/Lesachtal insbesondere von K\u00f6tschach aus lang und zeitraubend &#8211; da ist man glaub ich schneller durch&#8217;s Centovalli durch. Laut GMaps knappe Stunde von K\u00f6tschach bis Obertilliach. Und au\u00dferdem war ich jetzt halt erst in Obertilliach, nur der steilere SL oben und die zweite Talabfahrt k\u00e4men eben dazu..<\/p>\n<p>Am SL in Laas angekommen waren noch nicht mal Vorbereitungen zu sehen. Keine Vorpr\u00e4parierung, keine h\u00e4ngenden B\u00fcgel. Also wenn der Lift geschlossen bleiben sollte, wird das heute mein einziger Besuch in K\u00f6tschach diese Saison bleiben.<\/p>\n<p>Die DSB hatte eine sehr steile Rampe aufs F\u00f6rderband, wobei der Sessel dann sehr schnell da war und gleich bei der ersten Fahrt musste mir so ein schei\u00df Raucher vor mir die Luft verpesten &#8211; der erste dieser Saison.<\/p>\n<p>Oben an der Bergstation der Blick zum SL &#8211; die Abfahrt machte nicht den Anschein, als w\u00fcrde der Lift heuer in Betrieb gehen :( Das w\u00e4re nach Arnolstein die zweite herbe Entt\u00e4uschung der Saisonkartenskigebiete.<\/p>\n<p>Die Abfahrt war wegen der geringen H\u00f6he und dem Tauwetter sehr hart au\u00dfer an den von der Sonne bereits aufgeweichten Stellen &#8211; hier war sie sehr erdig, nachmittags entsprechend noch mehr.<\/p>\n<p>Immerhin keine Wartezeiten und strahlender Sonnenschein. <\/p>\n<p>Den m\u00fchsamen Weg nach Obertilliach wollte ich mir mittags aber doch nicht antun, also blieb ich hier bis kurz nach 14 Uhr. Teilweise wurde der Schnee wieder h\u00e4rter und bei den schneearmen Stellen kratzte es auch immer \u00f6fters am Belag. Ansonsten, eine Runde DSB-Abfahrt dauerte ca. 20 Minuten und die Abfahrt ist ja recht abwechslungsreich.<\/p>\n<p><a href='http:\/\/ski.inmontanis.info\/d\/308538-2\/DSC05365.jpg'><img src=http:\/\/ski.inmontanis.info\/d\/308537-3\/DSC05365.jpg \/><\/a><br \/>\n^ Der SL aus Laas ist nicht offen &#8211; fraglich, ob der \u00fcberhaupt noch in Betrieb ist<\/p>\n<p><a href='http:\/\/ski.inmontanis.info\/d\/308542-2\/DSC05366.jpg'><img src=http:\/\/ski.inmontanis.info\/d\/308541-3\/DSC05366.jpg \/><\/a><br \/>\n^ DSB aus K\u00f6tschach<\/p>\n<p><a href='http:\/\/ski.inmontanis.info\/d\/308546-2\/DSC05368.jpg'><img src=http:\/\/ski.inmontanis.info\/d\/308545-3\/DSC05368.jpg \/><\/a><br \/>\n^ DSB Talstation<\/p>\n<p><a href='http:\/\/ski.inmontanis.info\/d\/308550-2\/DSC05369.jpg'><img src=http:\/\/ski.inmontanis.info\/d\/308549-3\/DSC05369.jpg \/><\/a><br \/>\n^ DSB Auffahrt und Abfahrt<\/p>\n<p><a href='http:\/\/ski.inmontanis.info\/d\/308554-2\/DSC05371.jpg'><img src=http:\/\/ski.inmontanis.info\/d\/308553-3\/DSC05371.jpg \/><\/a><br \/>\n^ DSB und Talblick<\/p>\n<p><a href='http:\/\/ski.inmontanis.info\/d\/308558-2\/DSC05372.jpg'><img src=http:\/\/ski.inmontanis.info\/d\/308557-3\/DSC05372.jpg \/><\/a><br \/>\n^ DSB und Abfahrt<\/p>\n<p><a href='http:\/\/ski.inmontanis.info\/d\/308562-2\/DSC05374.jpg'><img src=http:\/\/ski.inmontanis.info\/d\/308561-3\/DSC05374.jpg \/><\/a><br \/>\n^ DSB und Abfahrt<\/p>\n<p><a href='http:\/\/ski.inmontanis.info\/d\/308566-2\/DSC05375.jpg'><img src=http:\/\/ski.inmontanis.info\/d\/308565-3\/DSC05375.jpg \/><\/a><br \/>\n^ DSB oberer Teil<\/p>\n<p><a href='http:\/\/ski.inmontanis.info\/d\/308570-2\/DSC05376.jpg'><img src=http:\/\/ski.inmontanis.info\/d\/308569-3\/DSC05376.jpg \/><\/a><br \/>\n^ DSB Talblick<\/p>\n<p><a href='http:\/\/ski.inmontanis.info\/d\/308574-2\/DSC05377.jpg'><img src=http:\/\/ski.inmontanis.info\/d\/308573-3\/DSC05377.jpg \/><\/a><br \/>\n^ DSB Bergstation<\/p>\n<p><a href='http:\/\/ski.inmontanis.info\/d\/308578-2\/DSC05379.jpg'><img src=http:\/\/ski.inmontanis.info\/d\/308577-3\/DSC05379.jpg \/><\/a><br \/>\n^ DSB Bergstation<\/p>\n<p><a href='http:\/\/ski.inmontanis.info\/d\/308582-2\/DSC05381.jpg'><img src=http:\/\/ski.inmontanis.info\/d\/308581-3\/DSC05381.jpg \/><\/a><br \/>\n^ Bergstationen DSB und SL<\/p>\n<p><a href='http:\/\/ski.inmontanis.info\/d\/308586-2\/DSC05378.jpg'><img src=http:\/\/ski.inmontanis.info\/d\/308585-3\/DSC05378.jpg \/><\/a><br \/>\n^ Abfahrt zum SL aus Laas, mit einigen h\u00f6heren Str\u00e4uchern auf der Piste<\/p>\n<p><a href='http:\/\/ski.inmontanis.info\/d\/308590-2\/DSC05382.jpg'><img src=http:\/\/ski.inmontanis.info\/d\/308589-3\/DSC05382.jpg \/><\/a><br \/>\n^ DSB-Abfahrt<\/p>\n<p><a href='http:\/\/ski.inmontanis.info\/d\/308594-2\/DSC05383.jpg'><img src=http:\/\/ski.inmontanis.info\/d\/308593-3\/DSC05383.jpg \/><\/a><br \/>\n^ DSB-Abfahrt<\/p>\n<p><a href='http:\/\/ski.inmontanis.info\/d\/308598-2\/DSC05384.jpg'><img src=http:\/\/ski.inmontanis.info\/d\/308597-3\/DSC05384.jpg \/><\/a><br \/>\n^ DSB-Abfahrt<\/p>\n<p><a href='http:\/\/ski.inmontanis.info\/d\/308602-2\/DSC05385.jpg'><img src=http:\/\/ski.inmontanis.info\/d\/308601-3\/DSC05385.jpg \/><\/a><br \/>\n^ DSB-Abfahrt<\/p>\n<p><a href='http:\/\/ski.inmontanis.info\/d\/308606-2\/DSC05386.jpg'><img src=http:\/\/ski.inmontanis.info\/d\/308605-3\/DSC05386.jpg \/><\/a><br \/>\n^ DSB-Abfahrt<\/p>\n<p><a href='http:\/\/ski.inmontanis.info\/d\/308610-2\/DSC05387.jpg'><img src=http:\/\/ski.inmontanis.info\/d\/308609-3\/DSC05387.jpg \/><\/a><br \/>\n^ \u00dcbungs-SL<\/p>\n<p><a href='http:\/\/ski.inmontanis.info\/d\/308614-2\/DSC05388.jpg'><img src=http:\/\/ski.inmontanis.info\/d\/308613-3\/DSC05388.jpg \/><\/a><br \/>\n^ Talstation \u00dcbungsgel\u00e4nde<\/p>\n<p><a href='http:\/\/ski.inmontanis.info\/d\/308618-2\/DSC05393.jpg'><img src=http:\/\/ski.inmontanis.info\/d\/308617-3\/DSC05393.jpg \/><\/a><br \/>\n^ SL Laas und Abfahrt<\/p>\n<p><a href='http:\/\/ski.inmontanis.info\/d\/308622-2\/ge20221225a.jpg'><img src=http:\/\/ski.inmontanis.info\/d\/308621-3\/ge20221225a.jpg \/><\/a><br \/>\n^ GPS-Track 25.12.2022<\/p>\n<p><a href='http:\/\/extra.inmontanis.info\/d\/98022-2\/DSC05394.jpg'><img src=http:\/\/extra.inmontanis.info\/d\/98021-3\/DSC05394.jpg \/><\/a><br \/>\n^ Auf der Stra\u00dfe zur Gailbergh\u00f6he sind noch die in \u00d6sterreich fr\u00fcher \u00fcblichen, alten gelben Stra\u00dfenmarkierungen sichtbar, teilweise aber nur noch schwach erkennbar<\/p>\n<p>Man m\u00fcsste wohl davon ausgehen, dass es heute Nachmittag warm genug im Auto war und das im Herbst ja lange Zeit verschmort riechende Ladeger\u00e4t f\u00fcr die Innenraumbatterie temperaturm\u00e4\u00dfig eigentlich h\u00e4tte laden sollen &#8211; was es aber nicht tat. Vielleicht ist es nun endg\u00fcltig verschmort. <\/p>\n<p>Aktuell lad ich die Batterie ja immer auf den Campingpl\u00e4tzen nach, mit 230V-Ladeger\u00e4t. Das kann ich zwar mit dem kleinen Wechselrichter und &#8220;Zigarettenanschluss&#8221; auch w\u00e4hrend der Fahrt laden, weil es nur mit 4,7A l\u00e4dt, aber eben l\u00e4dt es dann halt pro Stunde auch nur 4,7 Ah (statt 30 Ah vom 12V-12V-Ladebooster).  St\u00e4rker d\u00fcrfte das Ladeger\u00e4t f\u00fcr den kleinen Wechselrichter und die &#8220;Zigarettenanschlussdose&#8221; aber auch gar nicht sein.<\/p>\n<p>Somit m\u00fcsste ich im Fr\u00fchjahr wesentlich \u00f6fters auf Campingpl\u00e4tzen stehen und sp\u00e4testens, wenn ich irgendwelche Touren im Sommer machen sollte, selbst wenn es nur Wochenendtouren w\u00e4ren, muss ich das entweder repariert oder ersetzt haben. Batterie jedesmal ausbauen und in der Wohnung laden, w\u00e4re jedenfalls keine Option.<\/p>\n<p>Das Ger\u00e4t unterwegs auszubauen, wenn die Matratze und alles andere im Auto ist, ist aber auch nicht gerade einfach. Auch wenn es am Campingplatz insofern praktisch w\u00e4re, dass es durch den Elektroheizer w\u00e4rmer w\u00e4re. Sofern ich das passende Werkzeug dabei h\u00e4tte.<\/p>\n<p>Ein erster Blick nach Italien zeigt momentan nicht so rosige Schneeh\u00f6hen bzw. auch noch viele Lifte geschlossen. Ok, dauert ja noch ca. einen Monat, bis ich dort sein werde. Im Wallis schaut&#8217;s aktuell anscheinend noch schlimmer aus, da haben noch einige Skigebiete gar keinen Skibetrieb wegen Schneemangels. \u00c4tschib\u00e4tsch, in K\u00e4rnten hat&#8217;s mehr Schnee :)<\/p>\n","protected":false},"excerpt":{"rendered":"<p>So, 25.12.2022<\/p>\n<p>K\u00f6tschach-Mauthen hat zwar evtl. momentan auch nur die (immerhin \u00fcber 2km lange) DSB in Betrieb und noch nicht den SL, der ebenfalls recht lang w\u00e4re und eine etwas steilere Abfahrt bieten sollte. Trotzdem m\u00f6cht ich da jetzt mal gefahren sein. K\u00f6nnte aber auch sein, dass gar nichts offen hat, denn lt. Bergfex ist <a href=\"http:\/\/blog.inmontanis.info\/?p=8180\">[&#8230;]<\/a><\/p>\n","protected":false},"author":1,"featured_media":8182,"comment_status":"closed","ping_status":"closed","sticky":false,"template":"","format":"standard","meta":{"footnotes":""},"categories":[211,27],"tags":[38,47],"class_list":["post-8180","post","type-post","status-publish","format-standard","has-post-thumbnail","hentry","category-kotschach","category-skifahren-winterskiing-winter","tag-dsb","tag-sl","odd"],"_links":{"self":[{"href":"http:\/\/blog.inmontanis.info\/index.php?rest_route=\/wp\/v2\/posts\/8180","targetHints":{"allow":["GET"]}}],"collection":[{"href":"http:\/\/blog.inmontanis.info\/index.php?rest_route=\/wp\/v2\/posts"}],"about":[{"href":"http:\/\/blog.inmontanis.info\/index.php?rest_route=\/wp\/v2\/types\/post"}],"author":[{"embeddable":true,"href":"http:\/\/blog.inmontanis.info\/index.php?rest_route=\/wp\/v2\/users\/1"}],"replies":[{"embeddable":true,"href":"http:\/\/blog.inmontanis.info\/index.php?rest_route=%2Fwp%2Fv2%2Fcomments&post=8180"}],"version-history":[{"count":2,"href":"http:\/\/blog.inmontanis.info\/index.php?rest_route=\/wp\/v2\/posts\/8180\/revisions"}],"predecessor-version":[{"id":8183,"href":"http:\/\/blog.inmontanis.info\/index.php?rest_route=\/wp\/v2\/posts\/8180\/revisions\/8183"}],"wp:featuredmedia":[{"embeddable":true,"href":"http:\/\/blog.inmontanis.info\/index.php?rest_route=\/wp\/v2\/media\/8182"}],"wp:attachment":[{"href":"http:\/\/blog.inmontanis.info\/index.php?rest_route=%2Fwp%2Fv2%2Fmedia&parent=8180"}],"wp:term":[{"taxonomy":"category","embeddable":true,"href":"http:\/\/blog.inmontanis.info\/index.php?rest_route=%2Fwp%2Fv2%2Fcategories&post=8180"},{"taxonomy":"post_tag","embeddable":true,"href":"http:\/\/blog.inmontanis.info\/index.php?rest_route=%2Fwp%2Fv2%2Ftags&post=8180"}],"curies":[{"name":"wp","href":"https:\/\/api.w.org\/{rel}","templated":true}]}}