{"id":818,"date":"2008-03-15T23:59:52","date_gmt":"2008-03-15T21:59:52","guid":{"rendered":"http:\/\/blog.inmontanis.info\/?p=818"},"modified":"2023-08-02T21:57:28","modified_gmt":"2023-08-02T19:57:28","slug":"maseben-15-3-2008","status":"publish","type":"post","link":"http:\/\/blog.inmontanis.info\/?p=818","title":{"rendered":"Maseben, 15.3.2008"},"content":{"rendered":"<p>2 Wochen nach meiner gro\u00dfen Appennin-S\u00fcdalpentour war ich wieder in Italien, allerdings nur in S\u00fcdtirol: In Maseben, n\u00e4he Reschensee. Stand schon lang auf dem Plan, jetzt sollte es soweit sein. <!--more-->Ist ja quasi die R\u00fcckseite vom Kaunertaler Gletscher, von hier war vor ein paar Jahren geplant, eine Bahn hinauf zum Kaunertaler Gletscher zu bauen. Bin ich immer noch daf\u00fcr ;-) (wobei mir Gepatscherschlie\u00dfung lieber w\u00e4r) <\/p>\n<p>Es gibt dort eine Leitner-DSB mit blauen St\u00fctzen und einen Leitner-SL mit blauen St\u00fctzen und Kurzb\u00fcgel. Was ja recht selten ist&#8230; <\/p>\n<p>Die Landschaft oben ist super, alles total abgelegen und dementspr\u00e4chen leer, die Abfahrten am SL sehr nat\u00fcrlich aber&#8230; <\/p>\n<p>.. die Abfahrten am SL sind sehr leicht<br \/>\n.. die Abfahrt zur DSB-Mittelstation kurz und leicht<br \/>\n.. die Talabfahrt war am Besuchstag nicht frisch pr\u00e4pariert und absolut beschissen zu fahren. <\/p>\n<p>War ungef\u00e4hr 2-2,5h dort, danach hatte es mir doch gereicht. <\/p>\n<p>Lt. Pistenplan soll ja seit &#8220;ewigkeiten&#8221; noch ein SL &#8220;Wei\u00dfkugel&#8221; weiter hinauf gebaut werden, w\u00fcrde die Attraktivit\u00e4t sicher stark erh\u00f6hen. <\/p>\n<p><a href='http:\/\/ski.inmontanis.info\/d\/57225-1\/gps_maseben.jpg'><img src=http:\/\/ski.inmontanis.info\/d\/57227-3\/gps_maseben.jpg \/><\/a><br \/>\n^ GPS-Track <\/p>\n<p><a href='http:\/\/ski.inmontanis.info\/d\/57230-1\/P1250312.JPG'><img src=http:\/\/ski.inmontanis.info\/d\/57232-3\/P1250312.JPG \/><\/a><br \/>\n^ Taleinw\u00e4rts &#8230; <\/p>\n<p><a href='http:\/\/ski.inmontanis.info\/d\/57234-1\/P1250314.JPG'><img src=http:\/\/ski.inmontanis.info\/d\/57236-3\/P1250314.JPG \/><\/a><br \/>\n^ Weiter im Talinneren &#8230; <\/p>\n<p><a href='http:\/\/ski.inmontanis.info\/d\/57238-1\/P1250317.JPG'><img src=http:\/\/ski.inmontanis.info\/d\/57240-3\/P1250317.JPG \/><\/a><br \/>\n^ DSB-Talstation und Abfahrt <\/p>\n<p><a href='http:\/\/ski.inmontanis.info\/d\/57242-1\/P1250318.JPG'><img src=http:\/\/ski.inmontanis.info\/d\/57244-3\/P1250318.JPG \/><\/a><br \/>\n^ DSB-Talstation, der Parkplatz ist etwas oberhalb .. <\/p>\n<p><a href='http:\/\/ski.inmontanis.info\/d\/57246-1\/P1250321.JPG'><img src=http:\/\/ski.inmontanis.info\/d\/57248-3\/P1250321.JPG \/><\/a><br \/>\n^ In der DSB <\/p>\n<p><a href='http:\/\/ski.inmontanis.info\/d\/57250-1\/P1250322.JPG'><img src=http:\/\/ski.inmontanis.info\/d\/57252-3\/P1250322.JPG \/><\/a><br \/>\n^ DSB-Talstation <\/p>\n<p><a href='http:\/\/ski.inmontanis.info\/d\/57254-1\/P1250324.JPG'><img src=http:\/\/ski.inmontanis.info\/d\/57256-3\/P1250324.JPG \/><\/a><br \/>\n^ DSB-Zwischenstation <\/p>\n<p><a href='http:\/\/ski.inmontanis.info\/d\/57258-1\/P1250325.JPG'><img src=http:\/\/ski.inmontanis.info\/d\/57260-3\/P1250325.JPG \/><\/a><br \/>\n^ DSB, St\u00fcck oberhalb der Mittelstation &#8211; oben ist auch schon die Bergstaiton. <\/p>\n<p><a href='http:\/\/ski.inmontanis.info\/d\/57262-1\/P1250326.JPG'><img src=http:\/\/ski.inmontanis.info\/d\/57264-3\/P1250326.JPG \/><\/a><br \/>\n^ DSB-Zwischenstation <\/p>\n<p><a href='http:\/\/ski.inmontanis.info\/d\/57266-1\/P1250328.JPG'><img src=http:\/\/ski.inmontanis.info\/d\/57268-3\/P1250328.JPG \/><\/a><br \/>\n^ DSB-Bergstation <\/p>\n<p><a href='http:\/\/ski.inmontanis.info\/d\/57270-1\/P1250329.JPG'><img src=http:\/\/ski.inmontanis.info\/d\/57272-3\/P1250329.JPG \/><\/a><br \/>\n^ Blick von der DSB-Bergstation zum SL <\/p>\n<p><a href='http:\/\/ski.inmontanis.info\/d\/57274-1\/P1250332.JPG'><img src=http:\/\/ski.inmontanis.info\/d\/57276-3\/P1250332.JPG \/><\/a><br \/>\n^ DSB-Bergstation <\/p>\n<p><a href='http:\/\/ski.inmontanis.info\/d\/57278-1\/P1250333.JPG'><img src=http:\/\/ski.inmontanis.info\/d\/57280-3\/P1250333.JPG \/><\/a><br \/>\n^ Talstation SL. Hinter den hohen Bergen ist \u00fcbrigens das Kaunertaler Gletscherskigebiet! <\/p>\n<p><a href='http:\/\/ski.inmontanis.info\/d\/57282-1\/P1250334.JPG'><img src=http:\/\/ski.inmontanis.info\/d\/57284-3\/P1250334.JPG \/><\/a><br \/>\n^ SL und Talende <\/p>\n<p><a href='http:\/\/ski.inmontanis.info\/d\/57286-1\/P1250336.JPG'><img src=http:\/\/ski.inmontanis.info\/d\/57288-3\/P1250336.JPG \/><\/a><br \/>\n^ SL-Bergstation. Lt. Pistenplan w\u00e4re hier noch ein SL weiter hinauf geplant?? Oder w\u00e4r der wo anders&#8230; <\/p>\n<p><a href='http:\/\/ski.inmontanis.info\/d\/57290-1\/P1250337.JPG'><img src=http:\/\/ski.inmontanis.info\/d\/57292-3\/P1250337.JPG \/><\/a><br \/>\n^ Abfahrt am SL <\/p>\n<p><a href='http:\/\/ski.inmontanis.info\/d\/57294-1\/P1250338.JPG'><img src=http:\/\/ski.inmontanis.info\/d\/57296-3\/P1250338.JPG \/><\/a><br \/>\n^ SL mit Gipfelpano <\/p>\n<p><a href='http:\/\/ski.inmontanis.info\/d\/57298-1\/P1250341.JPG'><img src=http:\/\/ski.inmontanis.info\/d\/57300-3\/P1250341.JPG \/><\/a><br \/>\n^ SL mit Abfahrt <\/p>\n<p><a href='http:\/\/ski.inmontanis.info\/d\/57302-1\/P1250345.JPG'><img src=http:\/\/ski.inmontanis.info\/d\/57304-3\/P1250345.JPG \/><\/a><br \/>\n^ DSB-Bergstation, Restaurant und SL <\/p>\n<p><a href='http:\/\/ski.inmontanis.info\/d\/57306-1\/P1250346.JPG'><img src=http:\/\/ski.inmontanis.info\/d\/57308-3\/P1250346.JPG \/><\/a><br \/>\n^ SL-Bergst. und die linke Abfahrt <\/p>\n<p><a href='http:\/\/ski.inmontanis.info\/d\/57310-1\/P1250347.JPG'><img src=http:\/\/ski.inmontanis.info\/d\/57312-3\/P1250347.JPG \/><\/a><br \/>\n^ Pano talausw\u00e4rts <\/p>\n<p><a href='http:\/\/ski.inmontanis.info\/d\/57314-1\/P1250351.JPG'><img src=http:\/\/ski.inmontanis.info\/d\/57316-3\/P1250351.JPG \/><\/a><br \/>\n^ DSB-Mittelstation <\/p>\n<p><a href='http:\/\/ski.inmontanis.info\/d\/57318-1\/P1250352.JPG'><img src=http:\/\/ski.inmontanis.info\/d\/57320-3\/P1250352.JPG \/><\/a><br \/>\n^ Tallift gegen\u00fcber ist stillgelegt.. <\/p>\n<p><a href='http:\/\/ski.inmontanis.info\/d\/57322-1\/P1250353.JPG'><img src=http:\/\/ski.inmontanis.info\/d\/57324-3\/P1250353.JPG \/><\/a><br \/>\n^ stillgelegter Tallift gegen\u00fcber <\/p>\n<p><a href='http:\/\/ski.inmontanis.info\/d\/57326-1\/P1250355.JPG'><img src=http:\/\/ski.inmontanis.info\/d\/57328-3\/P1250355.JPG \/><\/a><br \/>\n^ Talabfahrt <\/p>\n<p><a href='http:\/\/ski.inmontanis.info\/d\/57330-1\/P1250356.JPG'><img src=http:\/\/ski.inmontanis.info\/d\/57332-3\/P1250356.JPG \/><\/a><br \/>\n^ Talabfahrt <\/p>\n<p><a href='http:\/\/ski.inmontanis.info\/d\/57334-1\/P1250361.JPG'><img src=http:\/\/ski.inmontanis.info\/d\/57336-3\/P1250361.JPG \/><\/a><br \/>\n^ SL und linke Abfahrt <\/p>\n<p><a href='http:\/\/ski.inmontanis.info\/d\/57338-1\/P1250362.JPG'><img src=http:\/\/ski.inmontanis.info\/d\/57340-3\/P1250362.JPG \/><\/a><br \/>\n^ Restaurant Atlantis (\u00fcbrigens auch mit Zimmer zum \u00dcbernachten!) <\/p>\n<p><a href='http:\/\/ski.inmontanis.info\/d\/57342-1\/P1250365.JPG'><img src=http:\/\/ski.inmontanis.info\/d\/57344-3\/P1250365.JPG \/><\/a><br \/>\n^ Unpr\u00e4parierter, alternativer Steilhang an der Talabfahrt <\/p>\n","protected":false},"excerpt":{"rendered":"<p>2 Wochen nach meiner gro\u00dfen Appennin-S\u00fcdalpentour war ich wieder in Italien, allerdings nur in S\u00fcdtirol: In Maseben, n\u00e4he Reschensee. Stand schon lang auf dem Plan, jetzt sollte es soweit sein. <\/p>\n<p> <a href=\"http:\/\/blog.inmontanis.info\/?p=818\">[&#8230;]<\/a><\/p>\n","protected":false},"author":1,"featured_media":0,"comment_status":"open","ping_status":"closed","sticky":false,"template":"","format":"standard","meta":{"footnotes":""},"categories":[24,15,461,59,27],"tags":[38,47],"class_list":["post-818","post","type-post","status-publish","format-standard","hentry","category-tagestour","category-italienitaly","category-maseben","category-nostalgie","category-skifahren-winterskiing-winter","tag-dsb","tag-sl","odd"],"_links":{"self":[{"href":"http:\/\/blog.inmontanis.info\/index.php?rest_route=\/wp\/v2\/posts\/818","targetHints":{"allow":["GET"]}}],"collection":[{"href":"http:\/\/blog.inmontanis.info\/index.php?rest_route=\/wp\/v2\/posts"}],"about":[{"href":"http:\/\/blog.inmontanis.info\/index.php?rest_route=\/wp\/v2\/types\/post"}],"author":[{"embeddable":true,"href":"http:\/\/blog.inmontanis.info\/index.php?rest_route=\/wp\/v2\/users\/1"}],"replies":[{"embeddable":true,"href":"http:\/\/blog.inmontanis.info\/index.php?rest_route=%2Fwp%2Fv2%2Fcomments&post=818"}],"version-history":[{"count":3,"href":"http:\/\/blog.inmontanis.info\/index.php?rest_route=\/wp\/v2\/posts\/818\/revisions"}],"predecessor-version":[{"id":3303,"href":"http:\/\/blog.inmontanis.info\/index.php?rest_route=\/wp\/v2\/posts\/818\/revisions\/3303"}],"wp:attachment":[{"href":"http:\/\/blog.inmontanis.info\/index.php?rest_route=%2Fwp%2Fv2%2Fmedia&parent=818"}],"wp:term":[{"taxonomy":"category","embeddable":true,"href":"http:\/\/blog.inmontanis.info\/index.php?rest_route=%2Fwp%2Fv2%2Fcategories&post=818"},{"taxonomy":"post_tag","embeddable":true,"href":"http:\/\/blog.inmontanis.info\/index.php?rest_route=%2Fwp%2Fv2%2Ftags&post=818"}],"curies":[{"name":"wp","href":"https:\/\/api.w.org\/{rel}","templated":true}]}}