{"id":8176,"date":"2022-12-24T19:45:13","date_gmt":"2022-12-24T18:45:13","guid":{"rendered":"http:\/\/blog.inmontanis.info\/?p=8176"},"modified":"2022-12-25T20:07:36","modified_gmt":"2022-12-25T19:07:36","slug":"emberger-alm-24-12-2022-dass-sowas-2022-in-osterreich-noch-existiert-ist-sehr-cool","status":"publish","type":"post","link":"http:\/\/blog.inmontanis.info\/?p=8176","title":{"rendered":"Emberger Alm, 24.12.2022 &#8211; &#8220;Dass sowas 2022 in \u00d6sterreich noch existiert, ist sehr cool&#8221;"},"content":{"rendered":"<p><strong>Sa, 24.12.2022<\/strong><\/p>\n<p>Nix Neues aus Lienz oder Ankogel, was den noch eingeschr\u00e4nkten Betrieb betrifft. Aber Obertilliach hat nun alle Lifte und Abfahrten offen, k\u00f6nnte man also nochmals besuchen.<\/p>\n<p>Von hier zur Emberger Alm und retour sind&#8217;s auch etwas \u00fcber 60km. Aber wohl der n\u00e4heste Wintercampingplatz hier. Bl\u00f6d ist nat\u00fcrlich, dass man erst mal die Passstra\u00dfe vom Gailbergsattel ins Drautal runter fahren muss und dann zur Emberger Alm nochmals ca. 1200 H\u00f6henmeter (!!) bergauf kurven muss.  So geil kann das Skigebiet gar nicht sein, dass ich mir die Auffahrt hier nochmals antun werde? (Spoiler: Ich f\u00fcrchte, doch.)<\/p>\n<p>Parkplatzsituation auch eher eigenartig, der gro\u00dfe Parkplatz scheint weit von den SL entfernt zu sein, direkt an der Piste gibt&#8217;s unterhalb einer Pension oder Gasthof einen Parkplatz, es stand mal kein Verbotsschild, dass es nur f\u00fcr Hausg\u00e4ste w\u00e4re, also hab ich mich halt auch da hingestellt. Am unteren SL sollte es laut Plan auch einen Parkplatz geben, aber die Abzweigung zum SL war nicht ausgeschildert. Jetzt dank GPS wei\u00df ich nat\u00fcrlich, wie ich dort hin komm, aber &#8220;Parkplatz&#8221; d\u00fcrfte da auch etwas \u00fcbertrieben sein. Stra\u00dfenrand einer schmalen Bergstra\u00dfe ..<\/p>\n<p>Der untere Kurzb\u00fcgler fuhr sehr, sehr langsam und war k\u00fcrzer als gedacht. Der oberste Lift aber macht alles wieder wett, weil cool und steil und nette Au\u00dfenrumabfahrt.<\/p>\n<p>Sp\u00e4ter an der Kasse Talstation Ponylift gefragt, wo die Toilette sei, da die hier befindliche Plastik-WC-Box mit Vorh\u00e4ngeschloss abgesperrt war. Am n\u00e4chsten Lift, genaueres wisse sie aber auch nichf, soll halt mal dort nachfragen. Ausgeschidert hab ich dort nirgends etwas gesehen, der Liftler war meist in seiner H\u00fctte bzw. hatte laute Musik spielen, also dann eben am Pistenrand\/Waldrand vom unteren Lift gepinkelt. Erst sp\u00e4ter hab ich die Abfahrt durch die H\u00e4user entdeckt, wo man an einem Gasthof samt WC-Schildern vorbei kam.<\/p>\n<p><a href='http:\/\/ski.inmontanis.info\/d\/308398-2\/DSC05301.jpg'><img src=http:\/\/ski.inmontanis.info\/d\/308396-3\/DSC05301.jpg \/><\/a><br \/>\n^ Auffahrt Emberger Alm, nix f\u00fcr schwache Nerven. <\/p>\n<p><a href='http:\/\/ski.inmontanis.info\/d\/308402-2\/DSC05307.jpg'><img src=http:\/\/ski.inmontanis.info\/d\/308401-3\/DSC05307.jpg \/><\/a><br \/>\n^ Auffahrt Emberger Alm, ca. 1200hm muss man rauffahren :(<\/p>\n<p><a href='http:\/\/ski.inmontanis.info\/d\/308406-2\/DSC05310.jpg'><img src=http:\/\/ski.inmontanis.info\/d\/308405-3\/DSC05310.jpg \/><\/a><br \/>\n^ Emberger Alm &#8211; Siedlung<\/p>\n<p><a href='http:\/\/ski.inmontanis.info\/d\/308410-2\/DSC05312.jpg'><img src=http:\/\/ski.inmontanis.info\/d\/308409-3\/DSC05312.jpg \/><\/a><br \/>\n^ Abfahrt 1 zum unteren Kurzb\u00fcgel-SL Ochsenalm, nicht frisch pr\u00e4pariert<\/p>\n<p><a href='http:\/\/ski.inmontanis.info\/d\/308414-2\/DSC05313.jpg'><img src=http:\/\/ski.inmontanis.info\/d\/308413-3\/DSC05313.jpg \/><\/a><br \/>\n^ SL Ochsenalm, Kurzb\u00fcgler, Dieselantrieb, sehr langsam<\/p>\n<p><a href='http:\/\/ski.inmontanis.info\/d\/308418-2\/DSC05314.jpg'><img src=http:\/\/ski.inmontanis.info\/d\/308417-3\/DSC05314.jpg \/><\/a><br \/>\n^ SL Ochsenalm, dann der leider bescheuert gebaute Ponylift, dahinter SL Mittel<\/p>\n<p><a href='http:\/\/ski.inmontanis.info\/d\/308422-2\/DSC05315.jpg'><img src=http:\/\/ski.inmontanis.info\/d\/308421-3\/DSC05315.jpg \/><\/a><br \/>\n^ Da der Ponylift leider auf der falschen Seite rauff\u00e4hrt, muss man um die Bergstation rumlaufen, um zum SL Mittel zu kommen. Das ist leider der gr\u00f6\u00dfte Minuspunkt hier<\/p>\n<p><a href='http:\/\/ski.inmontanis.info\/d\/308426-2\/DSC05316.jpg'><img src=http:\/\/ski.inmontanis.info\/d\/308425-3\/DSC05316.jpg \/><\/a><br \/>\n^ SL Mittel und SL Nassfeld (oder Na\u00dffeld)<\/p>\n<p><a href='http:\/\/ski.inmontanis.info\/d\/308430-2\/DSC05317.jpg'><img src=http:\/\/ski.inmontanis.info\/d\/308429-3\/DSC05317.jpg \/><\/a><br \/>\n^ Talpano am SL Mittel<\/p>\n<p><a href='http:\/\/ski.inmontanis.info\/d\/308434-2\/DSC05318.jpg'><img src=http:\/\/ski.inmontanis.info\/d\/308433-3\/DSC05318.jpg \/><\/a><br \/>\n^ SL Mittel<\/p>\n<p><a href='http:\/\/ski.inmontanis.info\/d\/308438-2\/DSC05319.jpg'><img src=http:\/\/ski.inmontanis.info\/d\/308437-3\/DSC05319.jpg \/><\/a><br \/>\n^ SL Nassfeld mit blauer Talstation, sch\u00f6n<\/p>\n<p><a href='http:\/\/ski.inmontanis.info\/d\/308442-2\/DSC05320.jpg'><img src=http:\/\/ski.inmontanis.info\/d\/308441-3\/DSC05320.jpg \/><\/a><br \/>\n^ SL Nassfeld, ein f\u00fcr 2022 in \u00d6sterreich ungew\u00f6hnlich rassig-steiler Tellerlift, die direkte schwarze Abfahrt hatte aber arg wenig Schnee<\/p>\n<p><a href='http:\/\/ski.inmontanis.info\/d\/308446-2\/DSC05322.jpg'><img src=http:\/\/ski.inmontanis.info\/d\/308445-3\/DSC05322.jpg \/><\/a><br \/>\n^ SL Nassfeld mit blauer Bergstation. Schade, dass dann nicht auch die St\u00fctzen blau lackiert sind ;)<\/p>\n<p><a href='http:\/\/ski.inmontanis.info\/d\/308450-2\/DSC05323.jpg'><img src=http:\/\/ski.inmontanis.info\/d\/308449-3\/DSC05323.jpg \/><\/a><br \/>\n^ Sehr nette Au\u00dfenrumabfahrt 3 am SL Nassfeld<\/p>\n<p><a href='http:\/\/ski.inmontanis.info\/d\/308454-2\/DSC05326.jpg'><img src=http:\/\/ski.inmontanis.info\/d\/308453-3\/DSC05326.jpg \/><\/a><br \/>\n^ Sehr nette Au\u00dfenrumabfahrt 3 am SL Nassfeld<\/p>\n<p><a href='http:\/\/ski.inmontanis.info\/d\/308458-2\/DSC05329.jpg'><img src=http:\/\/ski.inmontanis.info\/d\/308457-3\/DSC05329.jpg \/><\/a><br \/>\n^ Die Verl\u00e4ngerung der Au\u00dfenrumabfahrt als 3a war offizell noch gesperrt<\/p>\n<p><a href='http:\/\/ski.inmontanis.info\/d\/308462-2\/DSC05332.jpg'><img src=http:\/\/ski.inmontanis.info\/d\/308461-3\/DSC05332.jpg \/><\/a><br \/>\n^ SL Mittel hat sehr nette, nat\u00fcrlich-h\u00fcgelige-muldige Abfahrten<\/p>\n<p><a href='http:\/\/ski.inmontanis.info\/d\/308466-2\/DSC05333.jpg'><img src=http:\/\/ski.inmontanis.info\/d\/308465-3\/DSC05333.jpg \/><\/a><br \/>\n^ Der steile SL Nassfeld ist nat\u00fcrlich das Highlight im Skigebiet<\/p>\n<p><a href='http:\/\/ski.inmontanis.info\/d\/308470-2\/DSC05335.jpg'><img src=http:\/\/ski.inmontanis.info\/d\/308469-3\/DSC05335.jpg \/><\/a><br \/>\n^ SL Nassfeld<\/p>\n<p><a href='http:\/\/ski.inmontanis.info\/d\/308474-2\/DSC05336.jpg'><img src=http:\/\/ski.inmontanis.info\/d\/308473-3\/DSC05336.jpg \/><\/a><br \/>\n^ SL Mittel hat sehr nette, nat\u00fcrlich-h\u00fcgelige-muldige Abfahrten<\/p>\n<p><a href='http:\/\/ski.inmontanis.info\/d\/308478-2\/DSC05337.jpg'><img src=http:\/\/ski.inmontanis.info\/d\/308477-3\/DSC05337.jpg \/><\/a><br \/>\n^ SL Ochsenalm<\/p>\n<p><a href='http:\/\/ski.inmontanis.info\/d\/308482-2\/DSC05339.jpg'><img src=http:\/\/ski.inmontanis.info\/d\/308481-3\/DSC05339.jpg \/><\/a><br \/>\n^ SL Ochsenalm hat auch 1-2 nette Abfahrten, aber halt sehr langsam unterwegs. Da gibt&#8217;s Seillifte, die schneller fahren ..<\/p>\n<p><a href='http:\/\/ski.inmontanis.info\/d\/308486-2\/DSC05340.jpg'><img src=http:\/\/ski.inmontanis.info\/d\/308485-3\/DSC05340.jpg \/><\/a><br \/>\n^ Siedlung, dahinter der Skiweg von der noch gesperrten Au\u00dfenrumabfahrt 3a<\/p>\n<p><a href='http:\/\/ski.inmontanis.info\/d\/308490-2\/DSC05344.jpg'><img src=http:\/\/ski.inmontanis.info\/d\/308489-3\/DSC05344.jpg \/><\/a><br \/>\n^ SL Mittel-Nassfeld und schwarze Abfahrt, vmtl. nie pr\u00e4pariert<\/p>\n<p><a href='http:\/\/ski.inmontanis.info\/d\/308494-2\/DSC05345.jpg'><img src=http:\/\/ski.inmontanis.info\/d\/308493-3\/DSC05345.jpg \/><\/a><br \/>\n^ Seitenpano am SL Nassfeld<\/p>\n<p><a href='http:\/\/ski.inmontanis.info\/d\/308498-2\/DSC05346.jpg'><img src=http:\/\/ski.inmontanis.info\/d\/308497-3\/DSC05346.jpg \/><\/a><br \/>\n^ SL Nassfeld<\/p>\n<p><a href='http:\/\/ski.inmontanis.info\/d\/308502-2\/DSC05350.jpg'><img src=http:\/\/ski.inmontanis.info\/d\/308501-3\/DSC05350.jpg \/><\/a><br \/>\n^ Au\u00dfenrumabfahrt 3a, noch gesperrt<\/p>\n<p><a href='http:\/\/ski.inmontanis.info\/d\/308506-2\/DSC05351.jpg'><img src=http:\/\/ski.inmontanis.info\/d\/308505-3\/DSC05351.jpg \/><\/a><br \/>\n^ Au\u00dfenrumabfahrt 3a, gleich kommt der Skiweg<\/p>\n<p><a href='http:\/\/ski.inmontanis.info\/d\/308510-2\/DSC05352.jpg'><img src=http:\/\/ski.inmontanis.info\/d\/308509-3\/DSC05352.jpg \/><\/a><br \/>\n^ Au\u00dfenrumabfahrt 3a zum Ponylift \/ Ochsenalm-SL<\/p>\n<p><a href='http:\/\/ski.inmontanis.info\/d\/308514-2\/DSC05354.jpg'><img src=http:\/\/ski.inmontanis.info\/d\/308513-3\/DSC05354.jpg \/><\/a><br \/>\n^ Durch die H\u00e4user geht auch eine Abfahrt runter zum SL Ochsenalm<\/p>\n<p><a href='http:\/\/ski.inmontanis.info\/d\/308518-2\/DSC05355.jpg'><img src=http:\/\/ski.inmontanis.info\/d\/308517-3\/DSC05355.jpg \/><\/a><br \/>\n^ .. da k\u00e4me man auch am Gasthof vorbei, wo auch ein WC angeschrieben ist<\/p>\n<p><a href='http:\/\/ski.inmontanis.info\/d\/308522-2\/DSC05356.jpg'><img src=http:\/\/ski.inmontanis.info\/d\/308521-3\/DSC05356.jpg \/><\/a><br \/>\n^ Panorama-Skiweg Abfahrt 2a am SL Mittel<\/p>\n<p><a href='http:\/\/ski.inmontanis.info\/d\/308526-2\/DSC05357.jpg'><img src=http:\/\/ski.inmontanis.info\/d\/308525-3\/DSC05357.jpg \/><\/a><br \/>\n^ Rechts Panorama-Skiweg Abfahrt 2a am SL Mittel, mittig die Loipe und links k\u00e4me man vmtl. zum SL Ochsenalm runter, aber nicht als Piste im Plan ausgewiesen<\/p>\n<p><a href='http:\/\/ski.inmontanis.info\/d\/308530-2\/DSC05361.jpg'><img src=http:\/\/ski.inmontanis.info\/d\/308529-3\/DSC05361.jpg \/><\/a><br \/>\n^ SL Nassfeld hat etliche unterschiedliche Tellerstangen<\/p>\n<p><a href='http:\/\/ski.inmontanis.info\/d\/308534-2\/ge20221224a.jpg'><img src=http:\/\/ski.inmontanis.info\/d\/308533-3\/ge20221224a.jpg \/><\/a><br \/>\n^ GPS-Track 24.12.2022<\/p>\n<p>Als ich vormittags am untersten SL gefragt hatte, wie lang sie heute in Betrieb w\u00e4ren (in Italien ist ja am 25.12. oftmals geschlossen, in \u00d6sterreich machen die Lifte am 24.12. oft fr\u00fcher zu), meinte der Liftler, er w\u00fcsste von nix, also 16 Uhr normal. Um etwas nach 14:30 am oberen SL hie\u00df es dann &#8220;letzte Fahrt&#8221; und als ich um 14:45 an der Talstation Ponylift war, lief weder der noch der Mittel-SL dar\u00fcber mehr &#8211; nur noch der untere. <\/p>\n<p>Bin also zur Bergstation des Kurzb\u00fcglers aufgestiegen und hab den Liftler gefragt &#8211; der meinte wie der untere, dass eigentlich normal bis 16h offen sein sollte. Als ich ihm dann erkl\u00e4rte, dass der obere vorhin &#8220;letzte Fahrt&#8221; gesagt hatte, einigten wir uns, dass ich nochmals runterfahren kann. Als ich wieder oben war fragte er mich, ob ich nochmals runter fahren w\u00fcrde, worauf ich meinte, dass der Lift nur wegen mir dann auch nicht mehr laufen muss. <\/p>\n<p>Keine Ahnung, ob die beiden Liftler jetzt noch bis 16 Uhr in ihrer H\u00fctte geblieben sind oder nicht ;) Der Lift wurde jedenfalls mal abgeschaltet.<\/p>\n<p>Dass ich&#8217;s 5 Stunden hier problemlos ausgehalten hab, zeigt jedenfalls, dass mir das Skigebiet doch recht gut gefallen hat, sch\u00f6n abwechslungsreich mit den 3 Liften, auch wenn einiges nicht optimal ist &#8211; der falschseitige Ausstieg am Ponylift, der sehr langsam laufende Kurzb\u00fcgler, die morgens sehr schwierige und schlechte Pistenpr\u00e4perierung (wohl keine Seilwinden bzw. am unteren SL gar nicht frisch pr\u00e4pariert), was durch die Sonne aber bald weicher wurde.<\/p>\n<p>Dass so ein Skigebiet in diesem Ausbauzustand 2022 in \u00d6sterreich noch existiert, ist schon sehr cool. Wenn man nur nicht die ca. 1200hm vom Tal aus rauffahren m\u00fcsste. Allersuperulimativst w\u00e4re es nat\u00fcrlich, g\u00e4be es hier einen Korblift als Zubringer vom Tal :) ESL w\u00fcrde auch gehen. Aber bevor es eine 8\/10EUB als Zubringer gibt oder oben eine Sesselbahn o.dgl. &#8211; hab ich&#8217;s lieber so, wie es ist, mit der 1200hm-Autofahrt.<\/p>\n","protected":false},"excerpt":{"rendered":"<p>Sa, 24.12.2022<\/p>\n<p>Nix Neues aus Lienz oder Ankogel, was den noch eingeschr\u00e4nkten Betrieb betrifft. Aber Obertilliach hat nun alle Lifte und Abfahrten offen, k\u00f6nnte man also nochmals besuchen.<\/p>\n<p>Von hier zur Emberger Alm und retour sind&#8217;s auch etwas \u00fcber 60km. Aber wohl der n\u00e4heste Wintercampingplatz hier. Bl\u00f6d ist nat\u00fcrlich, dass man erst mal die Passstra\u00dfe <a href=\"http:\/\/blog.inmontanis.info\/?p=8176\">[&#8230;]<\/a><\/p>\n","protected":false},"author":1,"featured_media":8178,"comment_status":"closed","ping_status":"closed","sticky":false,"template":"","format":"standard","meta":{"footnotes":""},"categories":[210,59,13,27],"tags":[47],"class_list":["post-8176","post","type-post","status-publish","format-standard","has-post-thumbnail","hentry","category-emberger-alm","category-nostalgie","category-austria","category-skifahren-winterskiing-winter","tag-sl","odd"],"_links":{"self":[{"href":"http:\/\/blog.inmontanis.info\/index.php?rest_route=\/wp\/v2\/posts\/8176","targetHints":{"allow":["GET"]}}],"collection":[{"href":"http:\/\/blog.inmontanis.info\/index.php?rest_route=\/wp\/v2\/posts"}],"about":[{"href":"http:\/\/blog.inmontanis.info\/index.php?rest_route=\/wp\/v2\/types\/post"}],"author":[{"embeddable":true,"href":"http:\/\/blog.inmontanis.info\/index.php?rest_route=\/wp\/v2\/users\/1"}],"replies":[{"embeddable":true,"href":"http:\/\/blog.inmontanis.info\/index.php?rest_route=%2Fwp%2Fv2%2Fcomments&post=8176"}],"version-history":[{"count":2,"href":"http:\/\/blog.inmontanis.info\/index.php?rest_route=\/wp\/v2\/posts\/8176\/revisions"}],"predecessor-version":[{"id":8179,"href":"http:\/\/blog.inmontanis.info\/index.php?rest_route=\/wp\/v2\/posts\/8176\/revisions\/8179"}],"wp:featuredmedia":[{"embeddable":true,"href":"http:\/\/blog.inmontanis.info\/index.php?rest_route=\/wp\/v2\/media\/8178"}],"wp:attachment":[{"href":"http:\/\/blog.inmontanis.info\/index.php?rest_route=%2Fwp%2Fv2%2Fmedia&parent=8176"}],"wp:term":[{"taxonomy":"category","embeddable":true,"href":"http:\/\/blog.inmontanis.info\/index.php?rest_route=%2Fwp%2Fv2%2Fcategories&post=8176"},{"taxonomy":"post_tag","embeddable":true,"href":"http:\/\/blog.inmontanis.info\/index.php?rest_route=%2Fwp%2Fv2%2Ftags&post=8176"}],"curies":[{"name":"wp","href":"https:\/\/api.w.org\/{rel}","templated":true}]}}