{"id":8169,"date":"2022-12-23T19:51:23","date_gmt":"2022-12-23T18:51:23","guid":{"rendered":"http:\/\/blog.inmontanis.info\/?p=8169"},"modified":"2022-12-24T20:19:06","modified_gmt":"2022-12-24T19:19:06","slug":"gerlitzen-23-12-2022-auf-die-fresse-gefallen-und-blut-im-schnee","status":"publish","type":"post","link":"http:\/\/blog.inmontanis.info\/?p=8169","title":{"rendered":"Gerlitzen, 23.12.2022 &#8211; Auf die Fresse gefallen und Blut im Schnee"},"content":{"rendered":"<p><strong>Fr, 23.12.2022<\/strong><\/p>\n<p>W\u00e4hrend zum Fr\u00fchst\u00fcck Erdbeer-Dessertsauce ein ad\u00e4quater Ersatz zu Erdbeer-(Quetsch)marmelade ist, gilt das f\u00fcr Schoko-Dessertsauce im Vergleich zu Nutella o.\u00e4. leider gar nicht. (Daher Nachmittags 4 Superm\u00e4rkte abgeklappert, bis ich endlich eine Erdbeer-Dessertsauce fand).<\/p>\n<p>Schwieriger wird eine Websuche, wie lang Br\u00f6tchen halten, ggf. im Plastikbeutel. Da findet man nichts. Oder maximal was von 1 Tag. Bullshit.<\/p>\n<p>Also, Hot-Dog-Semmeln im Plastikbeutel halten mehrere Tage, ich hab nie genau aufgepasst, aber hier und da sicherlich auch mal eine Woche oder knapp gebraucht, bis ich eine Packung aufgebraucht hab.<\/p>\n<p>Wei\u00dfbrot hab ich eher selten (weil kr\u00fcmeliger), aber auch die Angabe, die man hier im Web findet &#8220;1-3 Tage&#8221; kann ich weder aus j\u00fcngerer, noch aus \u00e4lterer Vergangenheit (Stichwort: Gro\u00dfeltern, Sommer, Garten) best\u00e4tigen, 3 Tage ist eher Minimum statt Maximum.<\/p>\n<p>Br\u00f6tchen\/Semmeln hab ich im Ausland ja eher selten bekommen, meist kauf ich mir dann gleich aufgeschnittene Semmeln\/Bagels oder \u00e4hnliches. Auch die waren 3-4 oder mehr Tage kein Problem. Meist ist die Packung aber ja kleiner, daher fr\u00fcher weg. Aber manchmal nehm ich dann nur ein halbes zum Fr\u00fchst\u00fcck und hab was anderes f\u00fcr tags\u00fcber.<\/p>\n<p>Fraglich nun, wie lang halten sich normale, einzeln verkaufte Semmeln? Das werde ich an diesem verl\u00e4ngerten WE mal zumindest f\u00fcr 2-3 Tage probieren. Vielleicht nehm ich auch gleich so einen 10er Pack, den man in manchen Superm\u00e4rkten nochmals g\u00fcnstiger bekommt. Vielleicht halten sich die dann automatisch l\u00e4nger. K\u00f6nnten andererseits aber auch bereits &#8220;von gestern&#8221; sein ..<\/p>\n<p>Heute fr\u00fch hab ich jedenfalls eine halbe Semmel gegessen, die ich vorgestern Abend eingekauft hatte und in den Plastikbeutel gesteckt hab (wo zuvor Hotdog-Semmeln drin waren) &#8211; absolut gut und sch\u00f6n weich, nicht z\u00e4h, besser als deutsche\/britische Hotdog-Semmeln (die ja leider anders sind als skandinavische).<\/p>\n<p><a href='http:\/\/extra.inmontanis.info\/d\/98018-2\/DSC05252.jpg'><img src=http:\/\/extra.inmontanis.info\/d\/98017-3\/DSC05252.jpg \/><\/a><br \/>\n^ Das Feld zwischen Campingplatz und den H\u00e4usern wird normalerweise f\u00fcr Hundegeher verwendet, heute kurz vor 9 Uhr rannten zwei Rehe vorbei &#8230;<\/p>\n<p>Lienz hat heute die Hochstein-Seite aufgemacht &#8211; aber auch nur mit der 1. Sektion. W\u00fcrde ich die n\u00e4chsten Tage besuchen, wenn und nur wenn da alle 3 Sektionen offen w\u00e4ren. <\/p>\n<p>Heute ging&#8217;s aber ja auf die Gerlitzen, nat\u00fcrlich wieder mit der 4EUB. Einfacher anzufahren und so lang nicht mehr los ist..<\/p>\n<p>SL Pachleiner ist recht nett, insb. die linke Abfahrt. Die direkte schwarze Abfahrt war leider noch nicht offen, nur die rot-schwarze daneben. <\/p>\n<p>Der SL Birkenhof war dann zum Gl\u00fcck langweilig, dann kann ich die Ecke ein f\u00fcr alle Mal abhaken &#8211; denn von dem kommt man ja nur mit der scheiss Zwangsverriegelungs-Sitzabtrenner-Minifu\u00dfraster-M\u00fcll-6KSB weg. Daher heute eine Ausnahme gemacht und sie ein allerletztes Mal gefahren. Da krieg ich so einen Hass, da k\u00f6nntet ihr mir eine Axt geben und ich w\u00fcrde auf jeden Sesseln einzeln einschlagen.<\/p>\n<p>Zwischen den beiden SL bin ich einmal die Kl\u00f6sterle-Nordseite bis ganz runter gefahren. H\u00e4tte ich mir sparen sollen, zumindest die untere Sektion, sehr eisig. Und oben auch noch viel zu hart. Generell war&#8217;s auf den sonnigen Pisten sch\u00f6n weich. Allerdings sp\u00e4testens auf den Skiwegen auch arg bremsend.<\/p>\n<p><a href='http:\/\/ski.inmontanis.info\/d\/308264-2\/DSC05257.jpg'><img src=http:\/\/ski.inmontanis.info\/d\/308263-3\/DSC05257.jpg \/><\/a><br \/>\n^ Seeblick von der 4EUB d\u00fcrfte selten sein &#8211; wieder einmal Nebelmeer<\/p>\n<p><a href='http:\/\/ski.inmontanis.info\/d\/308268-2\/DSC05259.jpg'><img src=http:\/\/ski.inmontanis.info\/d\/308267-3\/DSC05259.jpg \/><\/a><br \/>\n^ Blick ins Skigebiet von der 4EUB aus<\/p>\n<p><a href='http:\/\/ski.inmontanis.info\/d\/308272-2\/DSC05260.jpg'><img src=http:\/\/ski.inmontanis.info\/d\/308271-3\/DSC05260.jpg \/><\/a><br \/>\n^ DSB Moser<\/p>\n<p><a href='http:\/\/ski.inmontanis.info\/d\/308276-2\/DSC05262.jpg'><img src=http:\/\/ski.inmontanis.info\/d\/308275-3\/DSC05262.jpg \/><\/a><br \/>\n^ SL Sonne<\/p>\n<p><a href='http:\/\/ski.inmontanis.info\/d\/308280-2\/DSC05263.jpg'><img src=http:\/\/ski.inmontanis.info\/d\/308279-3\/DSC05263.jpg \/><\/a><br \/>\n^ SL Sonne \/ DSB P\u00f6llinger<\/p>\n<p><a href='http:\/\/ski.inmontanis.info\/d\/308284-2\/DSC05264.jpg'><img src=http:\/\/ski.inmontanis.info\/d\/308283-3\/DSC05264.jpg \/><\/a><br \/>\n^ R\u00fcckseitig vom SL Sonne soll man via einer gr\u00fcnen Abfahrt oder Skiweg zur Bergstation der 4EUB kommen. Wollte ich mir evtl. f\u00fcr Nachmittag aufheben, f\u00fcrchtete dann aber zu pappigen Schnee und dadurch zuviel Schieberei<\/p>\n<p><a href='http:\/\/ski.inmontanis.info\/d\/308288-2\/DSC05265.jpg'><img src=http:\/\/ski.inmontanis.info\/d\/308287-3\/DSC05265.jpg \/><\/a><br \/>\n^ DSB P\u00f6llinger<\/p>\n<p><a href='http:\/\/ski.inmontanis.info\/d\/308292-2\/DSC05266.jpg'><img src=http:\/\/ski.inmontanis.info\/d\/308291-3\/DSC05266.jpg \/><\/a><br \/>\n^ DSB P\u00f6llinger<\/p>\n<p><a href='http:\/\/ski.inmontanis.info\/d\/308296-2\/DSC05267.jpg'><img src=http:\/\/ski.inmontanis.info\/d\/308295-3\/DSC05267.jpg \/><\/a><br \/>\n^ Gipfel-SL Pacheiner<\/p>\n<p><a href='http:\/\/ski.inmontanis.info\/d\/308300-2\/DSC05268.jpg'><img src=http:\/\/ski.inmontanis.info\/d\/308299-3\/DSC05268.jpg \/><\/a><br \/>\n^ 4KSB Gipfel<\/p>\n<p><a href='http:\/\/ski.inmontanis.info\/d\/308304-2\/DSC05270.jpg'><img src=http:\/\/ski.inmontanis.info\/d\/308303-3\/DSC05270.jpg \/><\/a><br \/>\n^ SL Pacheiner; wenn man von der linken Abfahrt kommt, muss man das links sichtbare St\u00fcck raufgehen &#8211; oder schnell genug dran sein<\/p>\n<p><a href='http:\/\/ski.inmontanis.info\/d\/308308-2\/DSC05271.jpg'><img src=http:\/\/ski.inmontanis.info\/d\/308307-3\/DSC05271.jpg \/><\/a><br \/>\n^ SL Pacheiner, linke Abfahrt 8, die sch\u00f6nste Abfahrt auf der Gerlitzen<\/p>\n<p><a href='http:\/\/ski.inmontanis.info\/d\/308312-2\/DSC05272.jpg'><img src=http:\/\/ski.inmontanis.info\/d\/308311-3\/DSC05272.jpg \/><\/a><br \/>\n^ SL Pacheiner, linke Abfahrt 8<\/p>\n<p><a href='http:\/\/ski.inmontanis.info\/d\/308316-2\/DSC05273.jpg'><img src=http:\/\/ski.inmontanis.info\/d\/308315-3\/DSC05273.jpg \/><\/a><br \/>\n^ SL Pacheiner, linke Abfahrt 8<\/p>\n<p><a href='http:\/\/ski.inmontanis.info\/d\/308320-2\/DSC05275.jpg'><img src=http:\/\/ski.inmontanis.info\/d\/308319-3\/DSC05275.jpg \/><\/a><br \/>\n^ SL Pacheiner<\/p>\n<p><a href='http:\/\/ski.inmontanis.info\/d\/308324-2\/DSC05277.jpg'><img src=http:\/\/ski.inmontanis.info\/d\/308323-3\/DSC05277.jpg \/><\/a><br \/>\n^ Die M\u00fcll-6KSB und das Nebelmeer. Notgedrungen muss ich sp\u00e4ter die M\u00fcll-6KSB nehmen, weil ich ja den darunter befindlichen SL fahren wollte<\/p>\n<p><a href='http:\/\/ski.inmontanis.info\/d\/308328-2\/DSC05280.jpg'><img src=http:\/\/ski.inmontanis.info\/d\/308327-3\/DSC05280.jpg \/><\/a><br \/>\n^ Abfahrt 23 sollte lt. Plan ziemlich geradeaus weiter gehen zum SL Birkenhof. Tut sie aber nicht.<\/p>\n<p><a href='http:\/\/ski.inmontanis.info\/d\/308332-2\/DSC05281.jpg'><img src=http:\/\/ski.inmontanis.info\/d\/308331-3\/DSC05281.jpg \/><\/a><br \/>\n^ Unterhalb von der M\u00fcll-4SB ging ein Weg weiter, den fuhr ich mal, in der Hoffnung, zum SL zu kommen<\/p>\n<p><a href='http:\/\/ski.inmontanis.info\/d\/308336-2\/DSC05282.jpg'><img src=http:\/\/ski.inmontanis.info\/d\/308335-3\/DSC05282.jpg \/><\/a><br \/>\n^ Naja, k\u00f6nnte meinetwegen eine Abfahrt sein. Aber rot? N\u00f6. Ausgeschrieben? Auch nicht.<\/p>\n<p><a href='http:\/\/ski.inmontanis.info\/d\/308340-2\/DSC05283.jpg'><img src=http:\/\/ski.inmontanis.info\/d\/308339-3\/DSC05283.jpg \/><\/a><br \/>\n^ Erst sehr sp\u00e4t sah man einen Hinweis, dass das tat\u00e4schlich der Skiweg zum SL Birkenhof ist<\/p>\n<p><a href='http:\/\/ski.inmontanis.info\/d\/308344-2\/DSC05285.jpg'><img src=http:\/\/ski.inmontanis.info\/d\/308343-3\/DSC05285.jpg \/><\/a><br \/>\n^ Und noch weiter unten endlich ein Schild, wonach hier der Skiweg \/ Skiroute zur Gipfelbahn\/Kanzelbahn abzweigen soll<\/p>\n<p><a href='http:\/\/ski.inmontanis.info\/d\/308348-2\/DSC05287.jpg'><img src=http:\/\/ski.inmontanis.info\/d\/308347-3\/DSC05287.jpg \/><\/a><br \/>\n^ Rechts dann also die Abfahrt 23 zum SL Birkenhof, links der Skiweg 33 zu Gipfelbahn\/Kanzelbahn. Wegen eklatanten Pappschnees hab ich das heut nicht ausprobieren wollen<\/p>\n<p><a href='http:\/\/ski.inmontanis.info\/d\/308352-2\/DSC05288.jpg'><img src=http:\/\/ski.inmontanis.info\/d\/308351-3\/DSC05288.jpg \/><\/a><br \/>\n^ Abfahrt 24 am SL Birkenhof<\/p>\n<p><a href='http:\/\/ski.inmontanis.info\/d\/308356-2\/DSC05289.jpg'><img src=http:\/\/ski.inmontanis.info\/d\/308355-3\/DSC05289.jpg \/><\/a><br \/>\n^ Abfahrt 24 am SL Birkenhof<\/p>\n<p><a href='http:\/\/ski.inmontanis.info\/d\/308360-2\/DSC05290.jpg'><img src=http:\/\/ski.inmontanis.info\/d\/308359-3\/DSC05290.jpg \/><\/a><br \/>\n^ Hier ginge noch eine Skiroute ins Tal weiter, die kommt aber nicht an der 4EUB raus<\/p>\n<p><a href='http:\/\/ski.inmontanis.info\/d\/308364-2\/DSC05291.jpg'><img src=http:\/\/ski.inmontanis.info\/d\/308363-3\/DSC05291.jpg \/><\/a><br \/>\n^ SL Birkenhof<\/p>\n<p><a href='http:\/\/ski.inmontanis.info\/d\/308368-2\/DSC05292.jpg'><img src=http:\/\/ski.inmontanis.info\/d\/308367-3\/DSC05292.jpg \/><\/a><br \/>\n^ SL Birkenhof<\/p>\n<p><a href='http:\/\/ski.inmontanis.info\/d\/308372-2\/DSC05293.jpg'><img src=http:\/\/ski.inmontanis.info\/d\/308371-3\/DSC05293.jpg \/><\/a><br \/>\n^ Abfahrt 24 am SL Birkenhof. Leider langweilig.<\/p>\n<p>Bei meiner zweiten Abfahrt links am SL Pacheiner hat&#8217;s mich dann leider wortw\u00f6rtlich auf die Fresse gehaun, keine Ahnung warum, irgendwo im weichen Schnee mitten auf der Piste bzw. an der Kante vor dem Steilhang mit einem Ski vielleicht h\u00e4ngen geblieben oder zu tief eingesunken, jedenfalls hatte sich in der Linkskurve oder vor deren Einleitung am rechten Ski die Bindung gel\u00f6st und ich bin dann eher mit einer Gr\u00e4tsche r\u00fcckw\u00e4rts um die Linkskurve und auf Mund und Nase gefallen, nat\u00fcrlich da, wo es wieder eisiger war.<\/p>\n<p>Ich merkte, dass ich irgendwo im Nasenbereich blutete, holte (nachdem mir ganz kurz die Luft wegblieb*) also mein Handy raus um nachzusehen, wo ich wie schwer verletzt w\u00e4re. Der gr\u00f6\u00dfte Teil vom Blut kam wohl aus dem linken Nasenloch, wobei es auch au\u00dfen ein paar Absch\u00fcrfungen gab. Und die Innenseite der Lippe hatte ich mir an den Z\u00e4hnen etwas gequetscht.<\/p>\n<p>Nach einem blutgetr\u00e4nkten Papier(hand)tuch und ein paar roten Tropfen auf dem Schnee hat&#8217;s dann aufgeh\u00f6rt, wobei ich die Nase nicht zugehalten und Kopf nach hinten gelegt hab, wie man es ja eigentlich machen sollte, sondern mit Atmen f\u00fcr Durchzug und somit Eintrocknung sorgte. <\/p>\n<p>Am Knie hatte ich auch etwas gesp\u00fcrt, war aber noch keine Absch\u00fcrfung. Der Nasen-Windschutz von meiner Skibrille ist auch nicht kaputt gegangen und sollte wohl auch etwas vom Aufprall aufgenommen haben, ggf. aber auch f\u00fcr die \u00e4u\u00dfere kleine Schnittverletzung zust\u00e4ndig sein. <\/p>\n<p>Z\u00e4hne sind noch alle da und wackeln nicht und Nase scheint auch nicht gebrochen und &#8220;wie \u00fcblich&#8221; h\u00e4tte ein Helm die Sache nicht verbessert, sondern m.E. eher verschlimmert (weil mehr Gewicht am Kopf => st\u00e4rkerer Aufprall => vielleicht Nase gebrochen, Zahn ausgeschlagen oder mit der Stirn statt mit Kinn\/Mund\/Nase aufgeschlagen). <\/p>\n<p>Warum ich den Kopf diesmal nicht weiter hochgezogen hatte oder mit den H\u00e4nden nicht abfedern konnte, keine Ahnung, evtl. weil der Hang nach dem Abschnallen wieder steiler war oder ich gedacht hatte, ich k\u00f6nnte noch zum Stehen kommen.<\/p>\n<p>*Immerhin war ich zuvor schlau genug, den ausgetauschten Cam-Akku nicht in die Brust-Jackentasche zu stecken, weil ich mir gedacht hatte &#8220;Nein, das gibt sonst eine Rippenprellung.&#8221;<\/p>\n<p>Da es mittlerweile kurz vor 15 Uhr war, ich eh noch ca. 1,5h mit dem Auto fahren muss und wg. den Feiertagen auch noch einkaufen will und momentan wegen dem noch frischen Blutgerinsel nicht allzuh\u00e4ufig mehr Nase putzen wollte, h\u00f6rte ich halt auf.<\/p>\n<p>Etliche meiner St\u00fcrze w\u00e4ren ja vermeidbar gewesen, auch der letztens in Obertilliach, aber der heutige nicht, ganz normal locker normal-langsam-schnell die Piste abgefahren, nicht verkantet, nicht sp\u00fcrbar irgendwo h\u00e4ngen geblieben, es war eigentlich ein normaler weicher Sulzschneehaufen. Vielleicht sollte ich die Bindung etwas st\u00e4rker stellen. Wobei mir eine blutige Nase lieber als ein gebrochenes Bein ist ;)<\/p>\n<p><a href='http:\/\/ski.inmontanis.info\/d\/308376-2\/DSC05294.jpg'><img src=http:\/\/ski.inmontanis.info\/d\/308375-3\/DSC05294.jpg \/><\/a><br \/>\n^ Wenigstens ist die Skibrille samt Nasenschutz (Wind, K\u00e4lte) noch heile. Leichte Blutspur unten ;)<\/p>\n<p>(Und ja, bei dem heutigen warmen Wetter h\u00e4tte die normale Sonnenbrille gereicht. Aber vielleicht w\u00e4re dann der Nasenschaden gr\u00f6\u00dfer gewesen.)<\/p>\n<p><a href='http:\/\/ski.inmontanis.info\/d\/308380-2\/DSC05296.jpg'><img src=http:\/\/ski.inmontanis.info\/d\/308379-3\/DSC05296.jpg \/><\/a><br \/>\n^ Ex-PB-Bergstation<\/p>\n<p><a href='http:\/\/ski.inmontanis.info\/d\/308384-2\/DSC05297.jpg'><img src=http:\/\/ski.inmontanis.info\/d\/308383-3\/DSC05297.jpg \/><\/a><br \/>\n^ Ex-PB-Bergstation und 4EUB<\/p>\n<p><a href='http:\/\/ski.inmontanis.info\/d\/308388-3\/DSC05298.jpg'><img src=http:\/\/ski.inmontanis.info\/d\/308387-4\/DSC05298.jpg \/><\/a><br \/>\n^ Die zweite PB-Kabine steht auch am Parkplatz rum<\/p>\n<p><a href='http:\/\/ski.inmontanis.info\/d\/308392-3\/ge20221223a.jpg'><img src=http:\/\/ski.inmontanis.info\/d\/308391-4\/ge20221223a.jpg \/><\/a><br \/>\n^ GPS-Track 23.12.2022 in T\u00fcrkis, vorherige Besuche in Orange<\/p>\n<p>Die 10er Packung (kleine) Semmeln beim Lidl in der (l\u00f6chrigen) Plastikpackung kostete 1,29 &#8211; da kann man nicht viel falsch machen, also mitgenommen, auch wenn es mit 25.12. angeschrieben steht. Bei mir kommt das dann in einen verschlosseneren Plastikbeutel.<\/p>\n<p>&#8220;Bl\u00f6derweise&#8221; hab ich in den TK-Truhen noch els\u00e4ssischen Flammkuchen gesehen, was ich auch schon lang nicht mehr hatte -> anstatt gleich mal 2 Semmeln f\u00fcr&#8217;n Wurstsalat heut zu essen, gabs eben Flammkuchen und den Wurstsalat morgen.<\/p>\n<p>So knusprig wie der Pizzateig wird, wird der Flammkuchenteig in der Pfanne anscheinend nicht &#8211; oder er braucht wesentlich l\u00e4nger oder ist nicht vorgekocht. Trotzdem mal wieder lecker. Aber eher wenig.<\/p>\n<p>\u00dcbernachtet wird am bekannten Stellplatz auf der Gailbergh\u00f6he, das in der N\u00e4he von K\u00f6tschach-Mauthen ist. Etwas weiter weg, aber der n\u00e4heste Platz daf\u00fcr, ist die Emberger Alm. Auch Lienz w\u00e4re nicht weit weg. Geplant h\u00e4tte ich mal, 3 N\u00e4chte zu bleiben, bevor es dann ostw\u00e4rts geht, wo ja auch einige noch nie besuchte Skigebiete warten.  <\/p>\n","protected":false},"excerpt":{"rendered":"<p>Fr, 23.12.2022<\/p>\n<p>W\u00e4hrend zum Fr\u00fchst\u00fcck Erdbeer-Dessertsauce ein ad\u00e4quater Ersatz zu Erdbeer-(Quetsch)marmelade ist, gilt das f\u00fcr Schoko-Dessertsauce im Vergleich zu Nutella o.\u00e4. leider gar nicht. (Daher Nachmittags 4 Superm\u00e4rkte abgeklappert, bis ich endlich eine Erdbeer-Dessertsauce fand).<\/p>\n<p>Schwieriger wird eine Websuche, wie lang Br\u00f6tchen halten, ggf. im Plastikbeutel. Da findet man nichts. Oder maximal was von 1 <a href=\"http:\/\/blog.inmontanis.info\/?p=8169\">[&#8230;]<\/a><\/p>\n","protected":false},"author":1,"featured_media":8174,"comment_status":"closed","ping_status":"closed","sticky":false,"template":"","format":"standard","meta":{"footnotes":""},"categories":[203,13,27],"tags":[42,49,77,52,47],"class_list":["post-8169","post","type-post","status-publish","format-standard","has-post-thumbnail","hentry","category-gerlitzen","category-austria","category-skifahren-winterskiing-winter","tag-4eub","tag-4sb","tag-nebelmeer","tag-pb","tag-sl","odd"],"_links":{"self":[{"href":"http:\/\/blog.inmontanis.info\/index.php?rest_route=\/wp\/v2\/posts\/8169","targetHints":{"allow":["GET"]}}],"collection":[{"href":"http:\/\/blog.inmontanis.info\/index.php?rest_route=\/wp\/v2\/posts"}],"about":[{"href":"http:\/\/blog.inmontanis.info\/index.php?rest_route=\/wp\/v2\/types\/post"}],"author":[{"embeddable":true,"href":"http:\/\/blog.inmontanis.info\/index.php?rest_route=\/wp\/v2\/users\/1"}],"replies":[{"embeddable":true,"href":"http:\/\/blog.inmontanis.info\/index.php?rest_route=%2Fwp%2Fv2%2Fcomments&post=8169"}],"version-history":[{"count":5,"href":"http:\/\/blog.inmontanis.info\/index.php?rest_route=\/wp\/v2\/posts\/8169\/revisions"}],"predecessor-version":[{"id":8175,"href":"http:\/\/blog.inmontanis.info\/index.php?rest_route=\/wp\/v2\/posts\/8169\/revisions\/8175"}],"wp:featuredmedia":[{"embeddable":true,"href":"http:\/\/blog.inmontanis.info\/index.php?rest_route=\/wp\/v2\/media\/8174"}],"wp:attachment":[{"href":"http:\/\/blog.inmontanis.info\/index.php?rest_route=%2Fwp%2Fv2%2Fmedia&parent=8169"}],"wp:term":[{"taxonomy":"category","embeddable":true,"href":"http:\/\/blog.inmontanis.info\/index.php?rest_route=%2Fwp%2Fv2%2Fcategories&post=8169"},{"taxonomy":"post_tag","embeddable":true,"href":"http:\/\/blog.inmontanis.info\/index.php?rest_route=%2Fwp%2Fv2%2Ftags&post=8169"}],"curies":[{"name":"wp","href":"https:\/\/api.w.org\/{rel}","templated":true}]}}