{"id":8165,"date":"2022-12-22T20:19:12","date_gmt":"2022-12-22T19:19:12","guid":{"rendered":"http:\/\/blog.inmontanis.info\/?p=8165"},"modified":"2023-08-06T09:23:54","modified_gmt":"2023-08-06T07:23:54","slug":"arnoldstein-dreilandereck-22-12-2022-verarsche-4-heist-hier-komm-ich-heuer-nicht-mehr-her","status":"publish","type":"post","link":"http:\/\/blog.inmontanis.info\/?p=8165","title":{"rendered":"Arnoldstein Dreil\u00e4ndereck, 22.12.2022 &#8211; Verarsche * 4 hei\u00dft: hier komm ich heuer nicht mehr her"},"content":{"rendered":"<p><strong>Do, 22.12.2022<\/strong><\/p>\n<p>Arnoldstein Dreil\u00e4ndereck hat heute lt. Schneebericht fast komplett aufgesperrt &#8211; was aber fehlt, w\u00e4re der lange SL ganz rechts. Will ich da jetzt 2 Tage bleiben oder fahr ich heut doch erst noch einen Tag Gerlitzen, weil dort ja jetzt auch die beiden gew\u00fcnschten SL in Berieb sind? Morgen soll noch eine weitere DSB in Betrieb gehen &#8211; allerdings liegt Gerlitzen morgen nicht so sch\u00f6n auf dem Weg zum morgigen Campingplatz. Wobei es auch nicht so viel Umweg w\u00e4re. Klar, am k\u00fcrzesten w\u00e4re heute Gerlitzen und morgen Arnoldstein.<\/p>\n<p>Ich entschied mich f\u00fcr Arnoldstein. An der Talstation war dichter Nebel, aber nicht weit, dafur schwappte bald oben aus Slowenien Nebel r\u00fcber.<\/p>\n<p>Allerdings gab es 2 gro\u00dfe Entt\u00e4uschungen:<\/p>\n<p>1. die 3KSB hat keine Hauben mehr!!??!!<\/p>\n<p>2. &#8211; und das kann ich nicht tolerieren und f\u00fchrt zum meinerseitigen Boykott f\u00fcr den Rest dieser Saison: die vielen L\u00fcgen hinsichtlich ge\u00f6ffneter Lifte\/Pisten: es war nicht die schwarze Talabfahrtsvariante offen, es war nicht der steile linke SL oben offem (SL-Spur gar nicht pr\u00e4pariert) und es waren auch nicht dessen 2 Abfahrten ge\u00f6ffnet<\/p>\n<p><a href='http:\/\/ski.inmontanis.info\/d\/19513-2\/P1150540.jpg'><img src=http:\/\/ski.inmontanis.info\/d\/19513-2\/P1150540.jpg \/><\/a><br \/>\n^ Pistenplan (Foto von 2007, kaum\/nix ge\u00e4ndert)<\/p>\n<p><a href='http:\/\/ski.inmontanis.info\/d\/308180-2\/DSC05218.jpg'><img src=http:\/\/ski.inmontanis.info\/d\/308179-3\/DSC05218.jpg \/><\/a><br \/>\n^ Talabfahrt<\/p>\n<p><a href='http:\/\/ski.inmontanis.info\/d\/308184-2\/DSC05220.jpg'><img src=http:\/\/ski.inmontanis.info\/d\/308183-3\/DSC05220.jpg \/><\/a><br \/>\n^ Alte Abfahrt? S\u00e4he nett aus<\/p>\n<p><a href='http:\/\/ski.inmontanis.info\/d\/308188-2\/DSC05224.jpg'><img src=http:\/\/ski.inmontanis.info\/d\/308187-3\/DSC05224.jpg \/><\/a><br \/>\n^ 3KSB<\/p>\n<p><a href='http:\/\/ski.inmontanis.info\/d\/308192-2\/DSC05227.jpg'><img src=http:\/\/ski.inmontanis.info\/d\/308191-3\/DSC05227.jpg \/><\/a><br \/>\n^ 3KSB, \u00fcber 2km lang<\/p>\n<p><a href='http:\/\/ski.inmontanis.info\/d\/308196-2\/DSC05229.jpg'><img src=http:\/\/ski.inmontanis.info\/d\/308195-3\/DSC05229.jpg \/><\/a><br \/>\n^ Talabfahrtsvariante 1b. Sollte offen sein, war es aber nicht<\/p>\n<p><a href='http:\/\/ski.inmontanis.info\/d\/308200-2\/DSC05230.jpg'><img src=http:\/\/ski.inmontanis.info\/d\/308199-3\/DSC05230.jpg \/><\/a><br \/>\n^ Talabfahrtsvariante 1b. Sollte offen sein, war es aber nicht<\/p>\n<p><a href='http:\/\/ski.inmontanis.info\/d\/308204-2\/DSC05231.jpg'><img src=http:\/\/ski.inmontanis.info\/d\/308203-3\/DSC05231.jpg \/><\/a><br \/>\n^ SL Hahnenwipfel mit seinen 2 Abfahrten 2+3 sollte auch offen sein, noch eine L\u00fcge.<\/p>\n<p><a href='http:\/\/ski.inmontanis.info\/d\/308208-2\/DSC05232.jpg'><img src=http:\/\/ski.inmontanis.info\/d\/308207-3\/DSC05232.jpg \/><\/a><br \/>\n^ SL Taubenkogel<\/p>\n<p><a href='http:\/\/ski.inmontanis.info\/d\/308212-2\/DSC05234.jpg'><img src=http:\/\/ski.inmontanis.info\/d\/308211-3\/DSC05234.jpg \/><\/a><br \/>\n^ Kurven-SL Dreil\u00e4ndereck<\/p>\n<p><a href='http:\/\/ski.inmontanis.info\/d\/308216-2\/DSC05235.jpg'><img src=http:\/\/ski.inmontanis.info\/d\/308215-3\/DSC05235.jpg \/><\/a><br \/>\n^ SL Dreil\u00e4ndereck, dahinter der noch geschlossene SL Stole<\/p>\n<p><a href='http:\/\/ski.inmontanis.info\/d\/308220-2\/DSC05236.jpg'><img src=http:\/\/ski.inmontanis.info\/d\/308219-3\/DSC05236.jpg \/><\/a><br \/>\n^ SL Dreil\u00e4ndereck und die anderen Lifte samt 3KSB-Bergstation und Nebelmeer<\/p>\n<p><a href='http:\/\/ski.inmontanis.info\/d\/308224-2\/DSC05238.jpg'><img src=http:\/\/ski.inmontanis.info\/d\/308223-3\/DSC05238.jpg \/><\/a><br \/>\n^ Grenze zu Slowenien<\/p>\n<p><a href='http:\/\/ski.inmontanis.info\/d\/308228-2\/DSC05239.jpg'><img src=http:\/\/ski.inmontanis.info\/d\/308227-3\/DSC05239.jpg \/><\/a><br \/>\n^ Talabfahrt und Beschneiungsteich<\/p>\n<p><a href='http:\/\/ski.inmontanis.info\/d\/308232-2\/DSC05241.jpg'><img src=http:\/\/ski.inmontanis.info\/d\/308231-3\/DSC05241.jpg \/><\/a><br \/>\n^ Tal-SL Seltschach<\/p>\n<p><a href='http:\/\/ski.inmontanis.info\/d\/308236-2\/DSC05242.jpg'><img src=http:\/\/ski.inmontanis.info\/d\/308235-3\/DSC05242.jpg \/><\/a><br \/>\n^ L\u00fcge: SL B ist nicht in Betrieb<\/p>\n<p><a href='http:\/\/ski.inmontanis.info\/d\/308240-2\/DSC05243.jpg'><img src=http:\/\/ski.inmontanis.info\/d\/308239-3\/DSC05243.jpg \/><\/a><br \/>\n^ L\u00fcgen: Abfahrten 1b+2+3 sind nicht ge\u00f6ffnet<\/p>\n<p><a href='http:\/\/ski.inmontanis.info\/d\/308244-2\/DSC05245.jpg'><img src=http:\/\/ski.inmontanis.info\/d\/308243-3\/DSC05245.jpg \/><\/a><br \/>\n^ L\u00fcgen: SL links, Abfahrten 1b+2+3 sind nicht ge\u00f6ffnet<\/p>\n<p><a href='http:\/\/ski.inmontanis.info\/d\/308248-2\/DSC05248.jpg'><img src=http:\/\/ski.inmontanis.info\/d\/308247-3\/DSC05248.jpg \/><\/a><br \/>\n^ 3KSB, unterer Teil<\/p>\n<p><a href='http:\/\/ski.inmontanis.info\/d\/308252-2\/DSC05250.jpg'><img src=http:\/\/ski.inmontanis.info\/d\/308251-3\/DSC05250.jpg \/><\/a><br \/>\n^ Talblick nahe der 3KSB-Bergstation<\/p>\n<p><a href='http:\/\/ski.inmontanis.info\/d\/308256-2\/DSC05251.jpg'><img src=http:\/\/ski.inmontanis.info\/d\/308255-3\/DSC05251.jpg \/><\/a><br \/>\n^ SL Taubenkogel \/ Dreil\u00e4ndereck<\/p>\n<p><a href='http:\/\/ski.inmontanis.info\/d\/308260-2\/ge20221222a.jpg'><img src=http:\/\/ski.inmontanis.info\/d\/308259-3\/ge20221222a.jpg \/><\/a><br \/>\n^ GPS-Track 22.12.2022 in T\u00fcrkis und vorheriger Besuch in Orange<\/p>\n<p>Da ich auf die eisige Talabfahrt kein drittes Mal Lust hatte, hab ich nach ca. 2h wieder aufgeh\u00f6rt. Schade, das h\u00e4tte ich heute nicht besuchen sollen. Und wie gesagt, aufgrund der L\u00fcgen werde ich das Skigebiet diese Saison auch nicht mehr besuchen. Freuen sich andere kleine Gebiete \u00fcber meinen (vermutlich geringen) Saisonkartenanteil.<\/p>\n<p>Bin daher noch zum Gigasport in Villach gegangen, also bei den Nordica Heckeinsteigern mit der Gripwalk-Sohle w\u00e4ren anscheinend auch normale Sohlen zum Austausch in der Packung drin, nahm ich zumindest an, dass das normale Sohlen sein sollen. Soweit so gut.<\/p>\n<p>Das g\u00fcnstigere, runtergesetzte Modell hatten&#8217;s aber erst eine (halbe) Gr\u00f6\u00dfe gr\u00f6\u00dfer als das teurere (und auch noch nicht runtergesetzte) Modell, wobei beim teuren auch der Vorteil w\u00e4re, dass es oben den Strap hat &#8211; das hab ich selbst bei meinen Strolz oft gemerkt, dass der obere Strap immer sehr wichtig zum fest zuziehen ist.<\/p>\n<p>Ansonsten nat\u00fcrlich ein Traum, das Einsteigen in den Heckeinsteiger im Vergleich zu meinen Strolz. Lang ists her, wo ich den (rot-) wei\u00dfen Nordica Heckeinsteiger mit integrierter Heizsohle hatte&#8230; <\/p>\n<p>Vermutlich br\u00e4uchte ich aber noch eine etwas kleinere Gr\u00f6\u00dfe als das, was sie da hatten, minimal hatten sie 26.0 &#8211; was Gr\u00f6\u00dfe 41 entspricht. Allerdings hei\u00dfts, man sollte Skischuhe kleiner nehmen &#8211; anpassen kann man sie eher richtung Druckstellen entfernen als umgekehrt und durchs Tragen sollen sie ja auch eher weiter als enger werden. <\/p>\n<p>Ob eine halbe Gr\u00f6\u00dfe so viel ausmacht, bleibt nat\u00fcrlich fraglich, ich hab den Schuh auch nicht mit meiner Heizeinlage getestet, die ja auch nochmals enger macht. Aber es w\u00e4re die kleinste Gr\u00f6\u00dfe, die Gigasport im Programm h\u00e4tte. Dieser H\u00e4ndler w\u00e4re insofern praktisch, weil ich da noch eine 100\u20ac-Gutscheinkarte von 2020 h\u00e4tte.<\/p>\n<p>Via Geizhals-Link kommt man zu einem 10% Gutschein. Beides zusammen w\u00fcrde also aus 529,99 nur noch 376,99 \u20ac draufzahlen machen, was dann schon interessant w\u00e4re. Unter 26 findet man den Schuh bei den anderen Online-Anbietern anscheinened auch nirgends. Laut Nordica aber ab 24.<\/p>\n<p>Die Sohlenl\u00e4nge d\u00fcrfte bei dem 26er ca. 1cm gr\u00f6\u00dfer sein, also m\u00fcsste das bei meinen Bindungen eigentlich drin sein, wobei ich jetzt die Tourenbindungen nicht mehr wei\u00df, wie die damals montiert wurden. Die anderen sind glaub ich eh ziemlich alle Schiebebindungen mit komplett freier Gr\u00f6\u00dfenwahl.<\/p>\n<p>Schlussendlich entschied ich mich gegen einen spontanen Kauf. Es w\u00e4re einfach t\u00f6rricht, wenn ich doch noch die alten Strolz-Skischuhe als Ersatz daheim hab und sogar zuletzt &#8220;mit umgezogen&#8221; hatte. Die will ich zuerst genauer anschauen und nochmals fahren. Ich wei\u00df, dass sie sogar neue Sohlen haben, weil die der Strolz beim letzten Schuhkauf noch ausgetauscht hatte. Bei den aktuellen werd ich die Sohlen wohl nicht mehr wechseln lassen, erstens kostet das was und zweitens lohnt sich das vermutlich wirklich nicht mehr, da sich insbesondere der Innenschuh von oben mehr und mehr aufl\u00f6st. Zustandsfotos von beiden Schuhpaaren gibt&#8217;s, wenn ich wieder daheim bin.<\/p>\n<p>Hatte mir gestern oder vorgestern 500g gek\u00fchlte Eiersp\u00e4tzle gekauft (wg. MHD rabattiert), wo auf der Verpackung leider stand, dass man die ge\u00f6ffnete Packung gleich aufbrauchen sollte &#8211; also nicht wenigstens 1 Tag aufheben sollte. Schade, ist dann halt schon eine gro\u00dfe Portion. Wobei f\u00fcr 2 Portionen w\u00e4r&#8217;s zu klein gewesen. Rein kamen die restlichen Champignons (samt dem Wasser im Glas) und der restliche geriebene K\u00e4se, auch noch die restlichen Panadenkr\u00fcmel von der Chicken-Nuggets-Verpackung, also Resteessen. Au\u00dfer der Sahne, da w\u00e4r mir alles zu viel geworden.<\/p>\n<p><a href='http:\/\/extra.inmontanis.info\/d\/98014-2\/IMG_20221222_174502.jpg'><img src=http:\/\/extra.inmontanis.info\/d\/98013-3\/IMG_20221222_174502.jpg \/><\/a><br \/>\n^ war schon sehr viel heute<\/p>\n<p>Die Betreiber hier am Campingplatz fahren \u00fcbrigens 3 Suzuki &#8211; Vitara, S-Cross und zum Schneer\u00e4umen einen Jimny. Brav ;)<\/p>\n","protected":false},"excerpt":{"rendered":"<p>Do, 22.12.2022<\/p>\n<p>Arnoldstein Dreil\u00e4ndereck hat heute lt. Schneebericht fast komplett aufgesperrt &#8211; was aber fehlt, w\u00e4re der lange SL ganz rechts. Will ich da jetzt 2 Tage bleiben oder fahr ich heut doch erst noch einen Tag Gerlitzen, weil dort ja jetzt auch die beiden gew\u00fcnschten SL in Berieb sind? Morgen soll noch eine weitere <a href=\"http:\/\/blog.inmontanis.info\/?p=8165\">[&#8230;]<\/a><\/p>\n","protected":false},"author":1,"featured_media":8167,"comment_status":"closed","ping_status":"closed","sticky":false,"template":"","format":"standard","meta":{"footnotes":""},"categories":[881,13,27],"tags":[55,77,47],"class_list":["post-8165","post","type-post","status-publish","format-standard","has-post-thumbnail","hentry","category-arnoldstein-dreilandereck","category-austria","category-skifahren-winterskiing-winter","tag-3sb","tag-nebelmeer","tag-sl","odd"],"_links":{"self":[{"href":"http:\/\/blog.inmontanis.info\/index.php?rest_route=\/wp\/v2\/posts\/8165","targetHints":{"allow":["GET"]}}],"collection":[{"href":"http:\/\/blog.inmontanis.info\/index.php?rest_route=\/wp\/v2\/posts"}],"about":[{"href":"http:\/\/blog.inmontanis.info\/index.php?rest_route=\/wp\/v2\/types\/post"}],"author":[{"embeddable":true,"href":"http:\/\/blog.inmontanis.info\/index.php?rest_route=\/wp\/v2\/users\/1"}],"replies":[{"embeddable":true,"href":"http:\/\/blog.inmontanis.info\/index.php?rest_route=%2Fwp%2Fv2%2Fcomments&post=8165"}],"version-history":[{"count":2,"href":"http:\/\/blog.inmontanis.info\/index.php?rest_route=\/wp\/v2\/posts\/8165\/revisions"}],"predecessor-version":[{"id":8168,"href":"http:\/\/blog.inmontanis.info\/index.php?rest_route=\/wp\/v2\/posts\/8165\/revisions\/8168"}],"wp:featuredmedia":[{"embeddable":true,"href":"http:\/\/blog.inmontanis.info\/index.php?rest_route=\/wp\/v2\/media\/8167"}],"wp:attachment":[{"href":"http:\/\/blog.inmontanis.info\/index.php?rest_route=%2Fwp%2Fv2%2Fmedia&parent=8165"}],"wp:term":[{"taxonomy":"category","embeddable":true,"href":"http:\/\/blog.inmontanis.info\/index.php?rest_route=%2Fwp%2Fv2%2Fcategories&post=8165"},{"taxonomy":"post_tag","embeddable":true,"href":"http:\/\/blog.inmontanis.info\/index.php?rest_route=%2Fwp%2Fv2%2Ftags&post=8165"}],"curies":[{"name":"wp","href":"https:\/\/api.w.org\/{rel}","templated":true}]}}