{"id":8160,"date":"2022-12-21T19:58:17","date_gmt":"2022-12-21T18:58:17","guid":{"rendered":"http:\/\/blog.inmontanis.info\/?p=8160"},"modified":"2022-12-22T20:34:24","modified_gmt":"2022-12-22T19:34:24","slug":"turracher-hohe-21-12-2022-und-streckte-seinen-braunen-arsch-in-die-hohe","status":"publish","type":"post","link":"http:\/\/blog.inmontanis.info\/?p=8160","title":{"rendered":"Turracher H\u00f6he, 21.12.2022 &#8211;  &#8220;und streckte seinen braunen Arsch in die H\u00f6he&#8221;"},"content":{"rendered":"<p><strong>Mi, 21.12.2022<\/strong><\/p>\n<p>Erste (und letzte) Fahrt heute &#8220;nat\u00fcrlich&#8221; am SL Engl\u00e4nder, dem wohl besten Lift auf der Turracher H\u00f6he, kurz, steil, alter Stemag-Teller. Nach dem Einschwingen an den beiden SL ging&#8217;s zur Kornock-6KSB und zur Schafalm-6KSB &#8211; oder auch nicht. Am Anfang der Abfahrt f\u00fcr einen Fotostopp gehalten, dann die kurzen Fu\u00dfraster bemerkt &#8211; meist ein Anzeichen auch f\u00fcr Zwangsverriegelung. Daher zum Ausstieg r\u00fcbergeschoben und beobachtet, ja, scheint ein automatischer Zwangsverrieglungb\u00fcgel zu sein &#8211; also bin ich diese 6KSB nicht gefahren, kommt stattdessen gleich auf die Boykottliste und werde so tun, als w\u00fcrde die gar nicht existieren. So einen Schrott muss ich mir bekanntlich nicht antun, wenn&#8217;s nicht unbedingt sein muss.<\/p>\n<p>Bei einer der n\u00e4chsten Fahrten mit der 6KSB Kornock hatte ich leider 4 Arschlochholl\u00e4nder neben mir, Jugendliche\/Kinder und nach alkohol riechende Erwachsene inklusive. Das rechte Kind mit extremen Dauergewippe an den Skiern, dass der Sessel nach rechts\/links geschaukelt hat. Pl\u00f6tzlich schreien sie sich alle lange Zeit die Seele aus dem Leib um eine andere (bekannte) Gruppe auf der Piste zu was auch immer zu animieren. Einer von denen auf der Piste, ein Schwarzer oder dunkler Inder, zog spontan die Hose runter und streckte seinen braunen Arsch in die H\u00f6he.<\/p>\n<p>Danach wurde sich nat\u00fcrlich noch weiterhin assozial verhalten, auf die Piste gespuckt usw. &#8211; was bin ich froh, wenn ich wieder keine 6KSBen (mit anderen) fahren muss. Oder im Ausland zivlisiertere Leute im Lift neben mir hab als diese Saufturis in \u00d6sterreich &#8230;<\/p>\n<p>Sp\u00e4ter am Einstieg der Turrachbahn 2 alte M\u00e4nner, wohl Ausl\u00e4nder, ewig weit von der Lichtschranke entfernt, warteten, dass die Zutrittsschranken aufgehen. Bin seitlich hin und hab die Lichtschranke unterbrochen. Haben nach Alkohol gerochen. Bei der n\u00e4chsten Fahrt waren sie wieder vor mir und zu weit weg und haben ewig gewartet &#8211; diesmal hab ich nix gemacht, entweder einer kam dann nach einigen Sesseln mit dem Stecken in den Lichtschrankenbereich oder der Liftler hat die Schranke manuell ausgel\u00f6st. Diese Lichtschranken in AT nerven so derbe, ich sag&#8217;s ja immer wieder.<\/p>\n<p><a href='http:\/\/ski.inmontanis.info\/d\/308040-2\/DSC05161.jpg'><img src=http:\/\/ski.inmontanis.info\/d\/308039-3\/DSC05161.jpg \/><\/a><br \/>\n^ SL Engl\u00e4nder, kurz aber steil &#8212; bester Lift auf der  Turrach ;)<\/p>\n<p><a href='http:\/\/ski.inmontanis.info\/d\/308044-2\/DSC05162.jpg'><img src=http:\/\/ski.inmontanis.info\/d\/308043-3\/DSC05162.jpg \/><\/a><br \/>\n^ SL Engl\u00e4nder<\/p>\n<p><a href='http:\/\/ski.inmontanis.info\/d\/308048-2\/DSC05163.jpg'><img src=http:\/\/ski.inmontanis.info\/d\/308047-3\/DSC05163.jpg \/><\/a><br \/>\n^ SL Engl\u00e4nder, tiefe St\u00fctzen, ungew\u00f6hnliche Klemmen<\/p>\n<p><a href='http:\/\/ski.inmontanis.info\/d\/308052-2\/DSC05164.jpg'><img src=http:\/\/ski.inmontanis.info\/d\/308051-3\/DSC05164.jpg \/><\/a><br \/>\n^ Am Ende vom SL Engl\u00e4nder endet auch der SL \u00dcbungswiese<\/p>\n<p><a href='http:\/\/ski.inmontanis.info\/d\/308056-2\/DSC05165.jpg'><img src=http:\/\/ski.inmontanis.info\/d\/308055-3\/DSC05165.jpg \/><\/a><br \/>\n^ Vom SL Engl\u00e4nder \/ SL \u00dcbungswiese zum neuen SL Hirschkogel kommt man aber nicht so einfach&#8230;<\/p>\n<p><a href='http:\/\/ski.inmontanis.info\/d\/308060-2\/DSC05167.jpg'><img src=http:\/\/ski.inmontanis.info\/d\/308059-3\/DSC05167.jpg \/><\/a><br \/>\n^ Abfahrt 6 am SL \u00dcbungswiese, dahinter ein steiles F\u00f6rderband an einer roten Abfahrt &#8211; Verbindung zur Kombibahn. War mir zu steil. Ich bin schon bei flacheren F\u00f6rderb\u00e4ndern r\u00fcckw\u00e4rts gerutscht.<\/p>\n<p><a href='http:\/\/ski.inmontanis.info\/d\/308064-2\/DSC05169.jpg'><img src=http:\/\/ski.inmontanis.info\/d\/308063-3\/DSC05169.jpg \/><\/a><br \/>\n^ 6KSB Schafalm, landete noch vor meiner ersten Fahrt auf der Boykottliste, siehe Text oben<\/p>\n<p><a href='http:\/\/ski.inmontanis.info\/d\/308068-2\/DSC05170.jpg'><img src=http:\/\/ski.inmontanis.info\/d\/308067-3\/DSC05170.jpg \/><\/a><br \/>\n^ Abfahrt 3 an der 6KSB Kornock<\/p>\n<p><a href='http:\/\/ski.inmontanis.info\/d\/308072-2\/DSC05172.jpg'><img src=http:\/\/ski.inmontanis.info\/d\/308071-3\/DSC05172.jpg \/><\/a><br \/>\n^ Abfahrt 4 an der 6KSB Kornock<\/p>\n<p><a href='http:\/\/ski.inmontanis.info\/d\/308076-2\/DSC05174.jpg'><img src=http:\/\/ski.inmontanis.info\/d\/308075-3\/DSC05174.jpg \/><\/a><br \/>\n^ Abfahrten 3+4 an der 6KSB Kornock, die sch\u00f6nsten Pisten im Skigebiet<\/p>\n<p><a href='http:\/\/ski.inmontanis.info\/d\/308080-2\/DSC05175.jpg'><img src=http:\/\/ski.inmontanis.info\/d\/308079-3\/DSC05175.jpg \/><\/a><br \/>\n^ 6KSB Kornock und SL H\u00fcttenexpress zur Kombibahn<\/p>\n<p><a href='http:\/\/ski.inmontanis.info\/d\/308084-2\/DSC05177.jpg'><img src=http:\/\/ski.inmontanis.info\/d\/308083-3\/DSC05177.jpg \/><\/a><br \/>\n^ Kombibahn Panorama und Sommerrodelbahn\/Alpine Coaster, auch im Winter offen<\/p>\n<p><a href='http:\/\/ski.inmontanis.info\/d\/308088-2\/DSC05178.jpg'><img src=http:\/\/ski.inmontanis.info\/d\/308087-3\/DSC05178.jpg \/><\/a><br \/>\n^ Abfahrt Kombibahn Panorama<\/p>\n<p><a href='http:\/\/ski.inmontanis.info\/d\/308092-2\/DSC05181.jpg'><img src=http:\/\/ski.inmontanis.info\/d\/308091-3\/DSC05181.jpg \/><\/a><br \/>\n^ Kombibahn Panorama. Der Campingplatz liegt ca. rechts hinter den H\u00e4usern<\/p>\n<p><a href='http:\/\/ski.inmontanis.info\/d\/308096-2\/DSC05184.jpg'><img src=http:\/\/ski.inmontanis.info\/d\/308095-3\/DSC05184.jpg \/><\/a><br \/>\n^ Abfahrt 20 an der 6KSB Turrach<\/p>\n<p><a href='http:\/\/ski.inmontanis.info\/d\/308100-2\/DSC05185.jpg'><img src=http:\/\/ski.inmontanis.info\/d\/308099-3\/DSC05185.jpg \/><\/a><br \/>\n^ 6KSB Turrach<\/p>\n<p><a href='http:\/\/ski.inmontanis.info\/d\/308104-2\/DSC05186.jpg'><img src=http:\/\/ski.inmontanis.info\/d\/308103-3\/DSC05186.jpg \/><\/a><br \/>\n^ 6KSB Turrach<\/p>\n<p><a href='http:\/\/ski.inmontanis.info\/d\/308108-2\/DSC05187.jpg'><img src=http:\/\/ski.inmontanis.info\/d\/308107-3\/DSC05187.jpg \/><\/a><br \/>\n^ 6KSB Turrach<\/p>\n<p><a href='http:\/\/ski.inmontanis.info\/d\/308112-2\/DSC05188.jpg'><img src=http:\/\/ski.inmontanis.info\/d\/308111-3\/DSC05188.jpg \/><\/a><br \/>\n^ 6KSB Turrach und links hinten liegt DSB\/SL<\/p>\n<p><a href='http:\/\/ski.inmontanis.info\/d\/308116-2\/DSC05190.jpg'><img src=http:\/\/ski.inmontanis.info\/d\/308115-3\/DSC05190.jpg \/><\/a><br \/>\n^ Schiebelastiger Skiweg 32 zur DSB Sonne. Wenn der SL Weitental offen ist, muss man den wohl nicht fahren.<\/p>\n<p><a href='http:\/\/ski.inmontanis.info\/d\/308120-2\/DSC05191.jpg'><img src=http:\/\/ski.inmontanis.info\/d\/308119-3\/DSC05191.jpg \/><\/a><br \/>\n^ Man kommt an einem ehemaligen Gasthof vorbei<\/p>\n<p><a href='http:\/\/ski.inmontanis.info\/d\/308124-2\/DSC05192.jpg'><img src=http:\/\/ski.inmontanis.info\/d\/308123-3\/DSC05192.jpg \/><\/a><br \/>\n^ See und Talstation DSB Sonne<\/p>\n<p><a href='http:\/\/ski.inmontanis.info\/d\/308128-2\/DSC05194.jpg'><img src=http:\/\/ski.inmontanis.info\/d\/308127-3\/DSC05194.jpg \/><\/a><br \/>\n^ DSB Sonne und See<\/p>\n<p><a href='http:\/\/ski.inmontanis.info\/d\/308132-2\/DSC05197.jpg'><img src=http:\/\/ski.inmontanis.info\/d\/308131-3\/DSC05197.jpg \/><\/a><br \/>\n^ DSB Sonne und Abfahrt 25, war nett, guter Schnee, keine Leute<\/p>\n<p><a href='http:\/\/ski.inmontanis.info\/d\/308136-2\/DSC05198.jpg'><img src=http:\/\/ski.inmontanis.info\/d\/308135-3\/DSC05198.jpg \/><\/a><br \/>\n^ Eine alte Kabine aus Ischgl (Fimba) steht hier rum<\/p>\n<p><a href='http:\/\/ski.inmontanis.info\/d\/308140-2\/DSC05200.jpg'><img src=http:\/\/ski.inmontanis.info\/d\/308139-3\/DSC05200.jpg \/><\/a><br \/>\n^ R\u00fcckseitig der DSB Sonne befindet sich der SL Weitental. Zusammen mit der DSB wohl der sch\u00f6nste Bereich im Skigebiet<\/p>\n<p><a href='http:\/\/ski.inmontanis.info\/d\/308144-2\/DSC05201.jpg'><img src=http:\/\/ski.inmontanis.info\/d\/308143-3\/DSC05201.jpg \/><\/a><br \/>\n^ Abfahrt an der DSB Sonne und Blick r\u00fcber zum Kornock-Bereich, links die Kombibahn und ganz rechts die sch\u00f6nen Abfahrten 3+4<\/p>\n<p><a href='http:\/\/ski.inmontanis.info\/d\/308148-2\/DSC05202.jpg'><img src=http:\/\/ski.inmontanis.info\/d\/308147-3\/DSC05202.jpg \/><\/a><br \/>\n^ Blick von der DSB Sonne zum SL Seitensprung<\/p>\n<p><a href='http:\/\/ski.inmontanis.info\/d\/308152-2\/DSC05205.jpg'><img src=http:\/\/ski.inmontanis.info\/d\/308151-3\/DSC05205.jpg \/><\/a><br \/>\n^ DSB Sonne<\/p>\n<p><a href='http:\/\/ski.inmontanis.info\/d\/308156-2\/DSC05204.jpg'><img src=http:\/\/ski.inmontanis.info\/d\/308155-3\/DSC05204.jpg \/><\/a><br \/>\n^ Abfahrt 23 zum SL Weitental bzw. SL Seitensprung (mit dem kommt man wieder zur 6KSB Turrach)<\/p>\n<p><a href='http:\/\/ski.inmontanis.info\/d\/308160-2\/DSC05207.jpg'><img src=http:\/\/ski.inmontanis.info\/d\/308159-3\/DSC05207.jpg \/><\/a><br \/>\n^ SL Seitensprung<\/p>\n<p><a href='http:\/\/ski.inmontanis.info\/d\/308164-2\/DSC05206.jpg'><img src=http:\/\/ski.inmontanis.info\/d\/308163-3\/DSC05206.jpg \/><\/a><br \/>\n^ Blick vom SL Seitensprung zur Abfahrt 23 \/ SL Weitental \/ DSB Sonne<\/p>\n<p><a href='http:\/\/ski.inmontanis.info\/d\/308168-2\/DSC05208.jpg'><img src=http:\/\/ski.inmontanis.info\/d\/308167-3\/DSC05208.jpg \/><\/a><br \/>\n^ Abfahrt 21 an der 6KSB Turrach<\/p>\n<p><a href='http:\/\/ski.inmontanis.info\/d\/308172-2\/DSC05211.jpg'><img src=http:\/\/ski.inmontanis.info\/d\/308171-3\/DSC05211.jpg \/><\/a><br \/>\n^ Nervige Marotte an vielen SL hier im Skigebiet: Filz- oder Fleece-Matten am SL-Einstieg<\/p>\n<p><a href='http:\/\/ski.inmontanis.info\/d\/308176-2\/ge20221221a.jpg'><img src=http:\/\/ski.inmontanis.info\/d\/308175-3\/ge20221221a.jpg \/><\/a><br \/>\n^ GPS-Track 21.12.2002 in T\u00fcrkis, vorherige Besuche in Orange; Rot SL Weitental, Magenta 6KSB Schafalm<\/p>\n<p>Da ich ja nun doch nochmals westlich fahren m\u00f6chte, liegt die Simonh\u00f6he f\u00fcr morgen gar nicht auf dem Weg. Leider schreibt auch Arnoldstein noch nicht, was es morgen aufmacht und somit wei\u00df ich nicht, ob ich dann dort 2 Tage sein m\u00f6chte. Ohne vern\u00fcnftigem Angebot in Arnoldstein machen 2 N\u00e4chte Villach ja egtl. keinen Sinn, obwohl, auf der Gerlitzen sind jetzt beide SL offen. Also bin ich doch mal zum bekannten und g\u00fcnstigen Campingplatz in Villach gefahren und hab mich f\u00fcr 2 N\u00e4chte einquartiert.<\/p>\n<p><a href='http:\/\/extra.inmontanis.info\/d\/98010-2\/DSC05214.jpg'><img src=http:\/\/extra.inmontanis.info\/d\/98009-3\/DSC05214.jpg \/><\/a><br \/>\n^ Pizza mit den restlichen Chicken Nuggets, paar Champignons und einen Spritzer BBQ-Sauce. Schmeckt aber nicht so gut wie britische Chicken-BBQ-Pizza.<\/p>\n<p>Ein bisschen fehlt mir heuer ja schon Schweden, nach den intensiven letzten 2 Jahren ..<\/p>\n<p>Was ich an\/von\/aus Schweden vermisse, ohne besondere Reihung und vermutlich ist mir gar nicht alles eingefallen, &#8230;<\/p>\n<p>.. die vielen SL auch in gro\u00dfen Skigebieten<br \/>\n.. die weite, einsame, (flache) Landschaft<br \/>\n.. die g\u00fcnstigen, leckeren Tiefk\u00fchl-Fertiggerichte<br \/>\n.. die leckeren Tankstellen-Hotdogs<br \/>\n.. Tunnbr\u00f6d, Hotdog-Semmeln und Preisselbeer-Schwarzbrot<br \/>\n.. gewisse Gesch\u00e4fte wie ICA, Biltema, Dollarstore etc.<br \/>\n.. die g\u00fcnstigen Schoko\/Weingummi-Godis, die Nuss\/Natur-Godis<br \/>\n.. die langen, winterlichen Sonnenunterg\u00e4nge (Abendd\u00e4mmerung)<br \/>\n.. die nachmittags beleuchteten Skipisten<br \/>\n.. die W\u00e4rmestuben und Selbstversorgerh\u00fctten samt Mikrowellen in den Skigebieten<br \/>\n.. die oft g\u00fcnstigen Essensm\u00f6glichkeiten in den Skigebieten (zumindest g\u00fcnstige Hotdogs gibts \u00f6fters, oder auch Tiefk\u00fchl-Pizza-Schnitten f\u00fcr die Mikrowelle)<br \/>\n.. die besonders leckeren Zimtschnecken<br \/>\n.. die offizielle Freiheit Offpiste &#038; insbesondere im Wald abzufahren<br \/>\n.. durchgehend mit Schnee bedeckte Stra\u00dfen<br \/>\n.. Rentiere<br \/>\n.. Garnelen\/Rentier-Tubenk\u00e4se .. wobei ich da noch einen oder einen jeweils hab.<br \/>\n.. Nordlichter, wobei ich da die letzten Jahre ja auch kaum noch Jagd drauf gemacht hab.<br \/>\n.. die meist bequeme Anfahrt zu den Skigebieten, weil sie im Tal losgehen &#8211; da muss man nicht erst hunderte H\u00f6henmeter mit dem Auto raufkurven<\/p>\n<p>Was ich dagegen nicht vermisse &#8230;<br \/>\n.. die K\u00e4lte und der eisige Wind im baumfreien Bereich. Wobei die K\u00e4lte auch f\u00fcr einiges aus der &#8220;vermisse-ich&#8221;-Liste verantwortlich ist<br \/>\n.. die teils teuren Skip\u00e4sse (aber immerhin zumeist g\u00fcnstiger als in AT)<br \/>\n.. die langen N\u00e4chte im Hochwinter<br \/>\n.. die teureren Spritpreise<br \/>\n.. die zumeist teureren Campingplatzpreise<br \/>\n.. die Skiliftb\u00fcgelgeber und die manchmal bl\u00f6den SL-Einstiege <\/p>\n<p>Also verglichen mit den \u00f6sterreichischen Skigebieten ist mir Schweden schon lieber. Nat\u00fcrlich gef\u00e4llt mir nicht jedes schwedische Skigebiet besser als jedes \u00f6sterreichische, aber bei der Wahl zwischen &#8220;einen ganzen Winter nur Schweden&#8221; oder &#8220;einen ganzen Winter nur \u00d6sterreich&#8221; w\u00fcrde ich ohne zu \u00fcberlegen &#8220;Schweden&#8221; sagen. Mal gespannt, wie es mir in Italien und Frankreich diese Saison noch gefallen wird&#8230;<\/p>\n","protected":false},"excerpt":{"rendered":"<p>Mi, 21.12.2022<\/p>\n<p>Erste (und letzte) Fahrt heute &#8220;nat\u00fcrlich&#8221; am SL Engl\u00e4nder, dem wohl besten Lift auf der Turracher H\u00f6he, kurz, steil, alter Stemag-Teller. Nach dem Einschwingen an den beiden SL ging&#8217;s zur Kornock-6KSB und zur Schafalm-6KSB &#8211; oder auch nicht. Am Anfang der Abfahrt f\u00fcr einen Fotostopp gehalten, dann die kurzen Fu\u00dfraster bemerkt &#8211; meist <a href=\"http:\/\/blog.inmontanis.info\/?p=8160\">[&#8230;]<\/a><\/p>\n","protected":false},"author":1,"featured_media":8162,"comment_status":"closed","ping_status":"closed","sticky":false,"template":"","format":"standard","meta":{"footnotes":""},"categories":[13,27,202],"tags":[56,38,47],"class_list":["post-8160","post","type-post","status-publish","format-standard","has-post-thumbnail","hentry","category-austria","category-skifahren-winterskiing-winter","category-turrach","tag-6sb","tag-dsb","tag-sl","odd"],"_links":{"self":[{"href":"http:\/\/blog.inmontanis.info\/index.php?rest_route=\/wp\/v2\/posts\/8160","targetHints":{"allow":["GET"]}}],"collection":[{"href":"http:\/\/blog.inmontanis.info\/index.php?rest_route=\/wp\/v2\/posts"}],"about":[{"href":"http:\/\/blog.inmontanis.info\/index.php?rest_route=\/wp\/v2\/types\/post"}],"author":[{"embeddable":true,"href":"http:\/\/blog.inmontanis.info\/index.php?rest_route=\/wp\/v2\/users\/1"}],"replies":[{"embeddable":true,"href":"http:\/\/blog.inmontanis.info\/index.php?rest_route=%2Fwp%2Fv2%2Fcomments&post=8160"}],"version-history":[{"count":3,"href":"http:\/\/blog.inmontanis.info\/index.php?rest_route=\/wp\/v2\/posts\/8160\/revisions"}],"predecessor-version":[{"id":8164,"href":"http:\/\/blog.inmontanis.info\/index.php?rest_route=\/wp\/v2\/posts\/8160\/revisions\/8164"}],"wp:featuredmedia":[{"embeddable":true,"href":"http:\/\/blog.inmontanis.info\/index.php?rest_route=\/wp\/v2\/media\/8162"}],"wp:attachment":[{"href":"http:\/\/blog.inmontanis.info\/index.php?rest_route=%2Fwp%2Fv2%2Fmedia&parent=8160"}],"wp:term":[{"taxonomy":"category","embeddable":true,"href":"http:\/\/blog.inmontanis.info\/index.php?rest_route=%2Fwp%2Fv2%2Fcategories&post=8160"},{"taxonomy":"post_tag","embeddable":true,"href":"http:\/\/blog.inmontanis.info\/index.php?rest_route=%2Fwp%2Fv2%2Ftags&post=8160"}],"curies":[{"name":"wp","href":"https:\/\/api.w.org\/{rel}","templated":true}]}}