{"id":8156,"date":"2022-12-20T19:28:48","date_gmt":"2022-12-20T18:28:48","guid":{"rendered":"http:\/\/blog.inmontanis.info\/?p=8156"},"modified":"2022-12-21T19:40:36","modified_gmt":"2022-12-21T18:40:36","slug":"falkert-heidi-alm-20-12-2022-fast-wie-im-appennin","status":"publish","type":"post","link":"http:\/\/blog.inmontanis.info\/?p=8156","title":{"rendered":"Falkert (Heidi Alm), 20.12.2022 &#8211; fast wie im Appennin"},"content":{"rendered":"<p><strong>Di, 20.12.2022<\/strong> <\/p>\n<p>Heute schon wieder ein bisher noch nie besuchtes Skigebiet kennengelernt: Falkert \/ Heidi-Alm<\/p>\n<p>Befindet sich quasi zwischen Bad Kleinkirchheim und Turracher H\u00f6he und man muss eine entsprechend lange und h\u00f6henmeterintensive Bergstra\u00dfe fahren. D.h. die Mehrzahl der Skifahrer bleibt dann entweder gleich unten in BKK oder Gerlitzen oder, wenn sie schon irgendwo rauffahren, fahren zur gr\u00f6\u00dferen Turracher H\u00f6he.<\/p>\n<p>Daher geht es den Liften am Falkert nicht besonders gut, 2 Schlepplifte sind stillgelegt, wobei der Spitzlift fix zu ist und der Zirmachlift (Kurzb\u00fcgler) im Wald bei schlechtem Wetter (Sturm? Nebel?) in Betrieb sein soll, aktuell ist die Abfahrt aber noch nicht pr\u00e4pariert.<\/p>\n<p>Mich erinnert das Skigebiet hier sehr an Appennin-Skigebiete, erst recht dann am Portalst\u00fctzen-Teller, wenn auch leider kein italienisches Fabrikat. Trotzdem somit nat\u00fcrlich eins der coolsten Skigebiete in \u00d6sterreich, 2 baumfreie SL und sonst nichts, das ist ja schon recht selten.<\/p>\n<p>Mittlerweile ist wieder das Weihnachtstauwetter angekommen und bei beinahe fr\u00fchlingshaften Temperaturen war der Schnee recht nass, bevor es im Schatten nach 14:30 wieder anfror. Um 15 Uhr hab ich aufgeh\u00f6rt, alles oft genug gefahren. So sch\u00f6n die Stimmung und das Gel\u00e4nde hier ist, es reicht dann auch wieder. Mit einem dritten Lift (egal ob Spitz oder Zirmach) g\u00e4be es nochmals mehr Abwechslung.<\/p>\n<p><a href='http:\/\/ski.inmontanis.info\/d\/307936-2\/DSC05120.jpg'><img src=http:\/\/ski.inmontanis.info\/d\/307934-3\/DSC05120.jpg \/><\/a><br \/>\n^ Abzweigung Auffahrt Heidi-Alm<\/p>\n<p><a href='http:\/\/ski.inmontanis.info\/d\/307940-2\/DSC05121.jpg'><img src=http:\/\/ski.inmontanis.info\/d\/307939-3\/DSC05121.jpg \/><\/a><br \/>\n^ Auffahrt + Falkertspitz<\/p>\n<p><a href='http:\/\/ski.inmontanis.info\/d\/307944-2\/DSC05122.jpg'><img src=http:\/\/ski.inmontanis.info\/d\/307943-3\/DSC05122.jpg \/><\/a><br \/>\n^ Der Kurzb\u00fcgel-SL Zirmach soll nur bei schlechtem Wetter in Betrieb sein, dann anstelle z.B. des Falkert-SL<\/p>\n<p><a href='http:\/\/ski.inmontanis.info\/d\/307948-2\/DSC05126.jpg'><img src=http:\/\/ski.inmontanis.info\/d\/307947-3\/DSC05126.jpg \/><\/a><br \/>\n^ Alles Heidi<\/p>\n<p><a href='http:\/\/ski.inmontanis.info\/d\/307952-2\/DSC05127.jpg'><img src=http:\/\/ski.inmontanis.info\/d\/307951-3\/DSC05127.jpg \/><\/a><br \/>\n^ Pistenpalan<\/p>\n<p><a href='http:\/\/ski.inmontanis.info\/d\/307956-2\/DSC05128.jpg'><img src=http:\/\/ski.inmontanis.info\/d\/307955-3\/DSC05128.jpg \/><\/a><br \/>\n^ Der momentan wichtigste Lift im Gebiet: SL Falkert<\/p>\n<p><a href='http:\/\/ski.inmontanis.info\/d\/307960-2\/DSC05129.jpg'><img src=http:\/\/ski.inmontanis.info\/d\/307959-3\/DSC05129.jpg \/><\/a><br \/>\n^ Stillgelegt, weil wohl kaum noch einer mit fahren wollte: SL Spitz<\/p>\n<p><a href='http:\/\/ski.inmontanis.info\/d\/307964-2\/DSC05130.jpg'><img src=http:\/\/ski.inmontanis.info\/d\/307963-3\/DSC05130.jpg \/><\/a><br \/>\n^ SL Falkert mit Abfahrten<\/p>\n<p><a href='http:\/\/ski.inmontanis.info\/d\/307968-2\/DSC05131.jpg'><img src=http:\/\/ski.inmontanis.info\/d\/307967-3\/DSC05131.jpg \/><\/a><br \/>\n^ SL Falkert<\/p>\n<p><a href='http:\/\/ski.inmontanis.info\/d\/307972-2\/DSC05132.jpg'><img src=http:\/\/ski.inmontanis.info\/d\/307971-3\/DSC05132.jpg \/><\/a><br \/>\n^ SL Falkert \/ SL Spitz<\/p>\n<p><a href='http:\/\/ski.inmontanis.info\/d\/307976-2\/DSC05133.jpg'><img src=http:\/\/ski.inmontanis.info\/d\/307975-3\/DSC05133.jpg \/><\/a><br \/>\n^ R\u00fcckseitenpano SL Falkert<\/p>\n<p><a href='http:\/\/ski.inmontanis.info\/d\/307980-2\/DSC05135.jpg'><img src=http:\/\/ski.inmontanis.info\/d\/307979-3\/DSC05135.jpg \/><\/a><br \/>\n^ Offpiste<\/p>\n<p><a href='http:\/\/ski.inmontanis.info\/d\/307984-2\/DSC05136.jpg'><img src=http:\/\/ski.inmontanis.info\/d\/307983-3\/DSC05136.jpg \/><\/a><br \/>\n^ Offpiste \/ SL Falkert \/ SL Spitz<\/p>\n<p><a href='http:\/\/ski.inmontanis.info\/d\/307988-2\/DSC05138.jpg'><img src=http:\/\/ski.inmontanis.info\/d\/307987-3\/DSC05138.jpg \/><\/a><br \/>\n^ Offpiste, war OK<\/p>\n<p><a href='http:\/\/ski.inmontanis.info\/d\/307992-2\/DSC05139.jpg'><img src=http:\/\/ski.inmontanis.info\/d\/307991-3\/DSC05139.jpg \/><\/a><br \/>\n^ SL Spitz mit ungew\u00f6hnlicher Fast-Portalst\u00fctze<\/p>\n<p><a href='http:\/\/ski.inmontanis.info\/d\/307996-2\/DSC05140.jpg'><img src=http:\/\/ski.inmontanis.info\/d\/307995-3\/DSC05140.jpg \/><\/a><br \/>\n^ SL Spitz<\/p>\n<p><a href='http:\/\/ski.inmontanis.info\/d\/308000-2\/DSC05141.jpg'><img src=http:\/\/ski.inmontanis.info\/d\/307999-3\/DSC05141.jpg \/><\/a><br \/>\n^ SL Sonnenlift, Portalst\u00fctzen-Teller, Schneefangz\u00e4une, da kommt man sich ja wie im Appennin vor ;)<\/p>\n<p><a href='http:\/\/ski.inmontanis.info\/d\/308004-2\/DSC05143.jpg'><img src=http:\/\/ski.inmontanis.info\/d\/308003-3\/DSC05143.jpg \/><\/a><br \/>\n^ Talstationen<\/p>\n<p><a href='http:\/\/ski.inmontanis.info\/d\/308008-2\/DSC05146.jpg'><img src=http:\/\/ski.inmontanis.info\/d\/308007-3\/DSC05146.jpg \/><\/a><br \/>\n^ R\u00fcckseitenpano SL Sonnenlift<\/p>\n<p><a href='http:\/\/ski.inmontanis.info\/d\/308012-2\/DSC05147.jpg'><img src=http:\/\/ski.inmontanis.info\/d\/308011-3\/DSC05147.jpg \/><\/a><br \/>\n^ Rechte Abfahrt SL Sonnenlift<\/p>\n<p><a href='http:\/\/ski.inmontanis.info\/d\/308016-2\/DSC05148.jpg'><img src=http:\/\/ski.inmontanis.info\/d\/308015-3\/DSC05148.jpg \/><\/a><br \/>\n^ Vom SL Sonnenlift zum SL Falkertlift und SL Spitzlift<\/p>\n<p><a href='http:\/\/ski.inmontanis.info\/d\/308020-2\/DSC05151.jpg'><img src=http:\/\/ski.inmontanis.info\/d\/308019-3\/DSC05151.jpg \/><\/a><br \/>\n^ SL Sonnenlift<\/p>\n<p><a href='http:\/\/ski.inmontanis.info\/d\/308024-2\/DSC05152.jpg'><img src=http:\/\/ski.inmontanis.info\/d\/308023-3\/DSC05152.jpg \/><\/a><br \/>\n^ SL Falkert<\/p>\n<p><a href='http:\/\/ski.inmontanis.info\/d\/308028-2\/DSC05153.jpg'><img src=http:\/\/ski.inmontanis.info\/d\/308027-3\/DSC05153.jpg \/><\/a><br \/>\n^ Offpiste vom SL Falkert zum SL Spitz. War leider windgepresst\/bruchharschig<\/p>\n<p><a href='http:\/\/ski.inmontanis.info\/d\/308032-2\/DSC05154.jpg'><img src=http:\/\/ski.inmontanis.info\/d\/308031-3\/DSC05154.jpg \/><\/a><br \/>\n^ SL Spitz<\/p>\n<p><a href='http:\/\/ski.inmontanis.info\/d\/308036-2\/ge20221220a.jpg'><img src=http:\/\/ski.inmontanis.info\/d\/308035-3\/ge20221220a.jpg \/><\/a><br \/>\n^ GPS-Track 20.12.2022; Rot SL Spitz, Magenta Schlechtwetter-SL Zirmach<\/p>\n<p>Anschlie\u00dfend ging es &#8211; nach kurzem Supermarktbesuch &#8211; rauf auf die Turracher H\u00f6he zum dortigen, bekannten Campingplatz. Hab mich aber nur f\u00fcr 1 Tag einquartiert.<\/p>\n<p><a href='http:\/\/extra.inmontanis.info\/d\/98002-2\/DSC05156.jpg'><img src=http:\/\/extra.inmontanis.info\/d\/98001-3\/DSC05156.jpg \/><\/a><br \/>\n^ Abendstimmung am Campingplatz auf der Turracher H\u00f6he<\/p>\n<p>Trotz der jeweils 9 gegessenen Chicken Nuggets in den letzten 3 Tagen sind immer noch zu viele da. Allerdings war die gro\u00dfe Packung Billa-Eigenmarke g\u00fcnstiger als die kleinere Packung Iglo, d.h. selbst wenn ich welche wegschmei\u00dfen m\u00fcsste, weil sie vergammeln, k\u00e4m es (leider) g\u00fcnstiger. <\/p>\n<p>Na ok, 10 w\u00e4ren da, aber mit K\u00e4se-Sahne-Sauce ist mir das zu viel. Pommes hab ich heute aber aufgebraucht. D.h. die restlichen Nuggets dann morgen mit mehr Nudeln. Oder ich kauf mir eine Margherita-Pizza und erg\u00e4nze die mit den restlichen 4 Nuggets, paar Champignons und dem gerieben K\u00e4se&#8230;<\/p>\n<p><a href='http:\/\/extra.inmontanis.info\/d\/98006-2\/DSC05159.jpg'><img src=http:\/\/extra.inmontanis.info\/d\/98005-3\/DSC05159.jpg \/><\/a><br \/>\n^ Chicken Nuggets, Pommes, Champignons, K\u00e4se, Sahne, Rosmarin, sp\u00e4ter noch etwas Pfeffer dazu. Paar Sesamk\u00f6rner haben sich von dem gestrigen Sesamkringel in der T\u00fcte gesammelt &#8211; die kamen auch mit rein.<\/p>\n<p>Heut mal auf der Gigasport-Website geschaut, ob ich diesen Gutschein von der Saisonkarte unterbringen k\u00f6nnte &#8211; wohl eher nicht, da eh fast alles runtergesetzt wurde. <\/p>\n<p>Irgendwann brauch ich nat\u00fcrlich neue Skischuhe, meine Strolz zersetzen sich so langsam. Wobei ich die vorherigen auch noch h\u00e4tte, Innenschuh wie Schale. Und bevor ich mir wieder Strolz kauf, w\u00fcrd ich zumindest mal wieder die neueren Heckeinsteiger probieren wollen. Hatte ich fr\u00fcher ja auch mal. Damals zuletzt aber haupts\u00e4chlich wegen der Heizung ;)<\/p>\n<p>.. aber was muss ich da sehen? Fast alle Skischuhe haben neuerdings eine neue &#8220;Grip Walk&#8221; &#8211; Sohle. Daf\u00fcr braucht man nat\u00fcrlich eine neue Bindung. Klar, als ob ich bei den 5-6 Skiern nun noch die Bindungen austauschen w\u00fcrde, das wurde ja mal wieder geschickt eingef\u00e4delt&#8230; Manche Schuhhersteller bieten auch normale Sohlen zum Ersatz an, aber ob das immer so ist, wei\u00df man nicht.<\/p>\n<p>Seitdem ich meine Skier ja noch seltener zum Skiservice geb, halten die nochmals l\u00e4nger &#8211; und geschrottet hab ich auch schon lang keine mehr. Momentan glaub ich nicht, dass ich in den n\u00e4chsten 5 oder gar 10 Jahren neue Ski brauchen werde, soviel wie ich da hab und ja auch alle weiterhin fahre. D.h. so gern wie ich diese neuen, weil rutschfestere, Sohlen an den Schuhen h\u00e4tte, aber bis mein Skiarsenal komplett kompatible Bindungen hat .. das kann ich vergessen.<\/p>\n<p>Somit schon ein bisschen fraglich, ob man sich nicht lieber jetzt Schuhe kaufen sollte, so lange es \u00fcberhaupt noch welche mit den alten Sohlen gibt &#8230; Bleibt halt zu bef\u00fcrchten, dass ich auf Reise bin und dann meine alten Strolz kaputt gehen, irgendwo brechen zB &#8211; dann brauch ich unterwegs Ersatz, weil die anderen alten daheim sind.<\/p>\n","protected":false},"excerpt":{"rendered":"<p>Di, 20.12.2022 <\/p>\n<p>Heute schon wieder ein bisher noch nie besuchtes Skigebiet kennengelernt: Falkert \/ Heidi-Alm<\/p>\n<p>Befindet sich quasi zwischen Bad Kleinkirchheim und Turracher H\u00f6he und man muss eine entsprechend lange und h\u00f6henmeterintensive Bergstra\u00dfe fahren. D.h. die Mehrzahl der Skifahrer bleibt dann entweder gleich unten in BKK oder Gerlitzen oder, wenn sie schon irgendwo rauffahren, <a href=\"http:\/\/blog.inmontanis.info\/?p=8156\">[&#8230;]<\/a><\/p>\n","protected":false},"author":1,"featured_media":8158,"comment_status":"closed","ping_status":"closed","sticky":false,"template":"","format":"standard","meta":{"footnotes":""},"categories":[209,13,27],"tags":[47],"class_list":["post-8156","post","type-post","status-publish","format-standard","has-post-thumbnail","hentry","category-falkert","category-austria","category-skifahren-winterskiing-winter","tag-sl","odd"],"_links":{"self":[{"href":"http:\/\/blog.inmontanis.info\/index.php?rest_route=\/wp\/v2\/posts\/8156","targetHints":{"allow":["GET"]}}],"collection":[{"href":"http:\/\/blog.inmontanis.info\/index.php?rest_route=\/wp\/v2\/posts"}],"about":[{"href":"http:\/\/blog.inmontanis.info\/index.php?rest_route=\/wp\/v2\/types\/post"}],"author":[{"embeddable":true,"href":"http:\/\/blog.inmontanis.info\/index.php?rest_route=\/wp\/v2\/users\/1"}],"replies":[{"embeddable":true,"href":"http:\/\/blog.inmontanis.info\/index.php?rest_route=%2Fwp%2Fv2%2Fcomments&post=8156"}],"version-history":[{"count":2,"href":"http:\/\/blog.inmontanis.info\/index.php?rest_route=\/wp\/v2\/posts\/8156\/revisions"}],"predecessor-version":[{"id":8159,"href":"http:\/\/blog.inmontanis.info\/index.php?rest_route=\/wp\/v2\/posts\/8156\/revisions\/8159"}],"wp:featuredmedia":[{"embeddable":true,"href":"http:\/\/blog.inmontanis.info\/index.php?rest_route=\/wp\/v2\/media\/8158"}],"wp:attachment":[{"href":"http:\/\/blog.inmontanis.info\/index.php?rest_route=%2Fwp%2Fv2%2Fmedia&parent=8156"}],"wp:term":[{"taxonomy":"category","embeddable":true,"href":"http:\/\/blog.inmontanis.info\/index.php?rest_route=%2Fwp%2Fv2%2Fcategories&post=8156"},{"taxonomy":"post_tag","embeddable":true,"href":"http:\/\/blog.inmontanis.info\/index.php?rest_route=%2Fwp%2Fv2%2Ftags&post=8156"}],"curies":[{"name":"wp","href":"https:\/\/api.w.org\/{rel}","templated":true}]}}