{"id":8152,"date":"2022-12-19T19:20:32","date_gmt":"2022-12-19T18:20:32","guid":{"rendered":"http:\/\/blog.inmontanis.info\/?p=8152"},"modified":"2022-12-20T19:30:33","modified_gmt":"2022-12-20T18:30:33","slug":"hochrindl-19-12-2022","status":"publish","type":"post","link":"http:\/\/blog.inmontanis.info\/?p=8152","title":{"rendered":"Hochrindl, 19.12.2022"},"content":{"rendered":"<p><strong>Mo, 19.12.2022<\/strong> &#8211; Skitag Nr. 20<\/p>\n<p>Die heurige Saisonkarte bietet ja \u00fcber ein Dutzend Gebiete, die ich noch nie besucht hatte, teilweise aber schon lang mal besuchen wollte. Die Hochrindl geh\u00f6rt eher zur ersten, denn zur zweiten Gruppe. Da es aber ein SL-zentriertes Skigebiet ist (plus einer 4SB), geh\u00f6rt es nat\u00fcrlich schon zu den gewollteren Horizonterweiterungen.<\/p>\n<p>In Betrieb sind derzeit nur die 3 (4) rechten SL im Plan, also nicht die 4SB und nicht der SL auf die andere Seite. Das ist auch eher ungewohnt, versuchen die Skigebiete doch sonst, eher ihre Sessel- statt Schlepplifte in Betrieb zu nehmen. Mir soll&#8217;s nat\u00fcrlich recht sein.<\/p>\n<p>Der linke und rechte SL waren eine positive \u00dcberraschung, da l\u00e4nger und steiler als der zentrale SL. Allerdings am rechten ganz unten unsch\u00f6ner Schnee, eisig\/knollig.<\/p>\n<p><a href='http:\/\/extra.inmontanis.info\/d\/97994-2\/DSC05074.jpg'><img src=http:\/\/extra.inmontanis.info\/d\/97993-3\/DSC05074.jpg \/><\/a><br \/>\n^ Viel Wald<\/p>\n<p><a href='http:\/\/ski.inmontanis.info\/d\/307850-2\/DSC05109.jpg'><img src=http:\/\/ski.inmontanis.info\/d\/307849-3\/DSC05109.jpg \/><\/a><br \/>\n^ Pistenplan; nicht in Betrieb der SL links und die 4SB daneben<\/p>\n<p><a href='http:\/\/ski.inmontanis.info\/d\/307854-2\/DSC05076.jpg'><img src=http:\/\/ski.inmontanis.info\/d\/307853-3\/DSC05076.jpg \/><\/a><br \/>\n^ Parkpl\u00e4tze, flacher niedriger H\u00fcgel, k\u00f6nnte auch im Harz sein ;-)<\/p>\n<p><a href='http:\/\/ski.inmontanis.info\/d\/307858-2\/DSC05077.jpg'><img src=http:\/\/ski.inmontanis.info\/d\/307857-3\/DSC05077.jpg \/><\/a><br \/>\n^ SL Zirbenlift 1+2<\/p>\n<p><a href='http:\/\/ski.inmontanis.info\/d\/307862-2\/DSC05080.jpg'><img src=http:\/\/ski.inmontanis.info\/d\/307861-3\/DSC05080.jpg \/><\/a><br \/>\n^ Abfahrt 6 zum SL Kegel<\/p>\n<p><a href='http:\/\/ski.inmontanis.info\/d\/307866-2\/DSC05081.jpg'><img src=http:\/\/ski.inmontanis.info\/d\/307865-3\/DSC05081.jpg \/><\/a><br \/>\n^ Abfahrt 6 und SL Kegel gehen mittels Br\u00fccke \u00fcber die Stra\u00dfe, daher l\u00e4nger und interessanter als der Hauptlift vom Einstieg<\/p>\n<p><a href='http:\/\/ski.inmontanis.info\/d\/307870-2\/DSC05082.jpg'><img src=http:\/\/ski.inmontanis.info\/d\/307869-3\/DSC05082.jpg \/><\/a><br \/>\n^ Abfahrt 6 zum SL Kegel<\/p>\n<p><a href='http:\/\/ski.inmontanis.info\/d\/307874-2\/DSC05083.jpg'><img src=http:\/\/ski.inmontanis.info\/d\/307873-3\/DSC05083.jpg \/><\/a><br \/>\n^ SL Kegel<\/p>\n<p><a href='http:\/\/ski.inmontanis.info\/d\/307878-2\/DSC05085.jpg'><img src=http:\/\/ski.inmontanis.info\/d\/307877-3\/DSC05085.jpg \/><\/a><br \/>\n^ SL Kegel<\/p>\n<p><a href='http:\/\/ski.inmontanis.info\/d\/307882-2\/DSC05088.jpg'><img src=http:\/\/ski.inmontanis.info\/d\/307881-3\/DSC05088.jpg \/><\/a><br \/>\n^ SL Kegel<\/p>\n<p><a href='http:\/\/ski.inmontanis.info\/d\/307886-2\/DSC05090.jpg'><img src=http:\/\/ski.inmontanis.info\/d\/307885-3\/DSC05090.jpg \/><\/a><br \/>\n^ Verbindungslift, dahinter die 4SB<\/p>\n<p><a href='http:\/\/ski.inmontanis.info\/d\/307890-2\/DSC05095.jpg'><img src=http:\/\/ski.inmontanis.info\/d\/307889-3\/DSC05095.jpg \/><\/a><br \/>\n^ Gro\u00dfer Beschneiungsteich f\u00fcr so ein kleines Skigebiet<\/p>\n<p><a href='http:\/\/ski.inmontanis.info\/d\/307894-2\/DSC05096.jpg'><img src=http:\/\/ski.inmontanis.info\/d\/307893-3\/DSC05096.jpg \/><\/a><br \/>\n^ Abfahrt 10 am SL Stoichart; der Bergkamm dort hinten s\u00e4he aber auch sehr lecker aus<\/p>\n<p><a href='http:\/\/ski.inmontanis.info\/d\/307898-2\/DSC05097.jpg'><img src=http:\/\/ski.inmontanis.info\/d\/307897-3\/DSC05097.jpg \/><\/a><br \/>\n^ Abfahrt 10 am SL Stoichart<\/p>\n<p><a href='http:\/\/ski.inmontanis.info\/d\/307902-2\/DSC05101.jpg'><img src=http:\/\/ski.inmontanis.info\/d\/307901-3\/DSC05101.jpg \/><\/a><br \/>\n^ Abfahrt 11 am SL Stoichart<\/p>\n<p><a href='http:\/\/ski.inmontanis.info\/d\/307906-2\/DSC05103.jpg'><img src=http:\/\/ski.inmontanis.info\/d\/307905-3\/DSC05103.jpg \/><\/a><br \/>\n^ Abfahrt 11 am SL Stoichart<\/p>\n<p><a href='http:\/\/ski.inmontanis.info\/d\/307910-2\/DSC05104.jpg'><img src=http:\/\/ski.inmontanis.info\/d\/307909-3\/DSC05104.jpg \/><\/a><br \/>\n^ SL Stoichart, konsequent bis ganz runter gebaut, cool. Nur der Schnee war bl\u00f6d &#8211; eisig-knollig<\/p>\n<p><a href='http:\/\/ski.inmontanis.info\/d\/307914-2\/DSC05107.jpg'><img src=http:\/\/ski.inmontanis.info\/d\/307913-3\/DSC05107.jpg \/><\/a><br \/>\n^ Abfahrt 9 am SL Zirbenlift<\/p>\n<p><a href='http:\/\/ski.inmontanis.info\/d\/307918-2\/DSC05110.jpg'><img src=http:\/\/ski.inmontanis.info\/d\/307917-3\/DSC05110.jpg \/><\/a><br \/>\n^ Gef\u00e4llt mir ;-)<\/p>\n<p><a href='http:\/\/ski.inmontanis.info\/d\/307922-2\/ge20221219a.jpg'><img src=http:\/\/ski.inmontanis.info\/d\/307921-3\/ge20221219a.jpg \/><\/a><br \/>\n^ GPS-Track 19.12.2022<\/p>\n<p><a href='http:\/\/ski.inmontanis.info\/d\/307926-2\/DSC05112.jpg'><img src=http:\/\/ski.inmontanis.info\/d\/307925-3\/DSC05112.jpg \/><\/a><br \/>\n^ SL Krucken<\/p>\n<p><a href='http:\/\/ski.inmontanis.info\/d\/307930-2\/DSC05113.jpg'><img src=http:\/\/ski.inmontanis.info\/d\/307929-3\/DSC05113.jpg \/><\/a><br \/>\n^ Hochrindl &#8211; Ebene Reichenau<\/p>\n<p>Nachmittags fuhr ich zu dem Campingplatz n\u00e4he BKK, der lt. Email f\u00fcr die 1. Nacht 18,- und ab der 2. Nacht 22,- verlangen sollte -> schlussendlich musste ich heute 20,- zahlen. Ich glaub, ich hab noch bei keinem der besuchten Campingpl\u00e4tze genau das zahlen m\u00fcssen, was ich auf der Homepage gefunden oder mir per Email mitgeteilt wurde. Faszinierend.<\/p>\n<p>Nuggets + Pommes heute als Kartoffelpfanne mit K\u00e4se und Champignons:<\/p>\n<p><a href='http:\/\/extra.inmontanis.info\/d\/97998-2\/DSC05116.jpg'><img src=http:\/\/extra.inmontanis.info\/d\/97997-3\/DSC05116.jpg \/><\/a><br \/>\n^ Rosmarin kam nat\u00fcrlich auch noch rein.<\/p>\n","protected":false},"excerpt":{"rendered":"<p>Mo, 19.12.2022 &#8211; Skitag Nr. 20<\/p>\n<p>Die heurige Saisonkarte bietet ja \u00fcber ein Dutzend Gebiete, die ich noch nie besucht hatte, teilweise aber schon lang mal besuchen wollte. Die Hochrindl geh\u00f6rt eher zur ersten, denn zur zweiten Gruppe. Da es aber ein SL-zentriertes Skigebiet ist (plus einer 4SB), geh\u00f6rt es nat\u00fcrlich schon zu den gewollteren <a href=\"http:\/\/blog.inmontanis.info\/?p=8152\">[&#8230;]<\/a><\/p>\n","protected":false},"author":1,"featured_media":8154,"comment_status":"closed","ping_status":"closed","sticky":false,"template":"","format":"standard","meta":{"footnotes":""},"categories":[208,13,27],"tags":[47],"class_list":["post-8152","post","type-post","status-publish","format-standard","has-post-thumbnail","hentry","category-hochrindl","category-austria","category-skifahren-winterskiing-winter","tag-sl","odd"],"_links":{"self":[{"href":"http:\/\/blog.inmontanis.info\/index.php?rest_route=\/wp\/v2\/posts\/8152","targetHints":{"allow":["GET"]}}],"collection":[{"href":"http:\/\/blog.inmontanis.info\/index.php?rest_route=\/wp\/v2\/posts"}],"about":[{"href":"http:\/\/blog.inmontanis.info\/index.php?rest_route=\/wp\/v2\/types\/post"}],"author":[{"embeddable":true,"href":"http:\/\/blog.inmontanis.info\/index.php?rest_route=\/wp\/v2\/users\/1"}],"replies":[{"embeddable":true,"href":"http:\/\/blog.inmontanis.info\/index.php?rest_route=%2Fwp%2Fv2%2Fcomments&post=8152"}],"version-history":[{"count":2,"href":"http:\/\/blog.inmontanis.info\/index.php?rest_route=\/wp\/v2\/posts\/8152\/revisions"}],"predecessor-version":[{"id":8155,"href":"http:\/\/blog.inmontanis.info\/index.php?rest_route=\/wp\/v2\/posts\/8152\/revisions\/8155"}],"wp:featuredmedia":[{"embeddable":true,"href":"http:\/\/blog.inmontanis.info\/index.php?rest_route=\/wp\/v2\/media\/8154"}],"wp:attachment":[{"href":"http:\/\/blog.inmontanis.info\/index.php?rest_route=%2Fwp%2Fv2%2Fmedia&parent=8152"}],"wp:term":[{"taxonomy":"category","embeddable":true,"href":"http:\/\/blog.inmontanis.info\/index.php?rest_route=%2Fwp%2Fv2%2Fcategories&post=8152"},{"taxonomy":"post_tag","embeddable":true,"href":"http:\/\/blog.inmontanis.info\/index.php?rest_route=%2Fwp%2Fv2%2Ftags&post=8152"}],"curies":[{"name":"wp","href":"https:\/\/api.w.org\/{rel}","templated":true}]}}