{"id":8148,"date":"2022-12-18T20:17:37","date_gmt":"2022-12-18T19:17:37","guid":{"rendered":"http:\/\/blog.inmontanis.info\/?p=8148"},"modified":"2022-12-19T20:27:16","modified_gmt":"2022-12-19T19:27:16","slug":"obertilliach-18-12-2022","status":"publish","type":"post","link":"http:\/\/blog.inmontanis.info\/?p=8148","title":{"rendered":"Obertilliach, 18.12.2022"},"content":{"rendered":"<p><strong>So, 18.12.2022<\/strong><\/p>\n<p>Heute Morgen bin ich an der Wildunfallstelle vorbeigekommen, diesmal nat\u00fcrlich in Gegenrichtung:<\/p>\n<p><a href='http:\/\/extra.inmontanis.info\/d\/97986-2\/DSC05031.jpg'><img src=http:\/\/extra.inmontanis.info\/d\/97985-3\/DSC05031.jpg \/><\/a><\/p>\n<p>Und zwar kreuzte der junge Rehbock von hier aus gesehen von rechts nach links und zwar ziemlich am Anfang von den B\u00e4umen links der Stra\u00dfe, wo man eine Einfahrt zwischen den B\u00e4umen erkennen kann.<\/p>\n<p>Ich wei\u00df nicht mehr, ob ich das Fernlicht anhatte oder nicht, und wenn nicht, ob es was gen\u00fctzt h\u00e4tte &#8211; obwohl das Reh ja \u00fcber diese breite wei\u00dfe Schneefl\u00e4che kam, hab ich es nicht fr\u00fcher sehen k\u00f6nnen, weil die Scheinwerfer durch die Kurve ja ganz wo anders hingeleuchtet haben und er quasi direkt dann am Ende der Kurve mit einem Affenzahn \u00fcber die Stra\u00dfe huschte, wof\u00fcr er wohl weit weniger als eine halbe Sekunde gebraucht h\u00e4tte &#8211; leider halt genau in der falschen halben Sekunde. <\/p>\n<p>Meine Reaktionszeit d\u00fcrfte vmtl. auch unter einer halben Sekunde gelegen haben und in der n\u00e4chsten halben Sekunde (glaub eher nicht, dass ich noch eine ganze Sekunde gebremst hatte) war er halt nicht ganz dr\u00fcben.<\/p>\n<p>&#8211;<\/p>\n<p>H\u00e4tte heute fr\u00fch noch 1-2 Stunden in Kartisch verbringen wollen, da ich eh vorbei kam. Aber am Hauptlift schien auf ziemlich ganzer Breite zumindest unten ein Rennkurs gesteckt zu sein, also nicht rauf gefahren, und auf den kurzen Lift im Tal hatte ich bei Schatten und -10\u00b0 auch keine Lust. Dann lieber fr\u00fcher ins s\u00fcdseitig-sonnige Obertilliach.<\/p>\n<p><a href='http:\/\/ski.inmontanis.info\/d\/307746-2\/DSC05034.jpg'><img src=http:\/\/ski.inmontanis.info\/d\/307745-3\/DSC05034.jpg \/><\/a><br \/>\n^ Der untere SL in Kartitsch &#8211; schattig und -10\u00b0, da hat wohl keiner gro\u00dfe Lust auf den Lift gerade..<\/p>\n<p>Parkplatz war sehr leer und \u00fcberhaupt recht klein, leider musste die DSB ja mit einer (kapazit\u00e4tsschwachen) 10EUB ersetzt werden, d.h. wenig Kabinen und kaum Chancen, eine f\u00fcr sich zu bekommen.<\/p>\n<p>Wie so gut wie alle Lifte momentan in \u00d6sterreich, fuhr auch die 10EUB sehr langsam. St\u00f6rt mich aber ja nicht, kann man sich l\u00e4nger aufw\u00e4rmen, essen, am Handy was machen, etc.<\/p>\n<p>In Betrieb waren noch nicht alle Lifte, aber das wusste ich ja. Wenigstens der obere der beiden SL war offen.<\/p>\n<p>Dort oben auch sch\u00f6n pulvrig, aber am Rand hinaus hatte ich gleich mal abgeschnallt an einem Ski, aber nix ernsthaft verletzt. W\u00e4r ja eigentlich mal wieder eine Rippenprellung f\u00e4llig heuer ;) Da h\u00e4tte ich die Allmountains anschnallen m\u00fcssen.<\/p>\n<p>Die Abfahrt zum unteren (der beiden oberen) SL war frisch pr\u00e4pariert und mit keinem Sperrschild versehen &#8211; aber der SL fuhr ja nicht. Etwas verwirrend&#8230;.<\/p>\n<p>Die Talabfahrt leider komplett knollig (und somit hart), die andere war noch zu.<\/p>\n<p><a href='http:\/\/ski.inmontanis.info\/d\/307750-2\/DSC05037.jpg'><img src=http:\/\/ski.inmontanis.info\/d\/307749-3\/DSC05037.jpg \/><\/a><br \/>\n^ Talstation der kapazit\u00e4tsschwachen 10EUB. H\u00e4tte man auch 4er oder 6er Gondeln hinh\u00e4ngen k\u00f6nnen :(<\/p>\n<p><a href='http:\/\/ski.inmontanis.info\/d\/307754-2\/DSC05040.jpg'><img src=http:\/\/ski.inmontanis.info\/d\/307753-3\/DSC05040.jpg \/><\/a><br \/>\n^ SL Bloas, leider noch nicht in Betrieb<\/p>\n<p><a href='http:\/\/ski.inmontanis.info\/d\/307758-2\/DSC05042.jpg'><img src=http:\/\/ski.inmontanis.info\/d\/307757-3\/DSC05042.jpg \/><\/a><br \/>\n^ Idyllischer SL Glamp<\/p>\n<p><a href='http:\/\/ski.inmontanis.info\/d\/307762-2\/DSC05044.jpg'><img src=http:\/\/ski.inmontanis.info\/d\/307761-3\/DSC05044.jpg \/><\/a><br \/>\n^ SL Glamp<\/p>\n<p><a href='http:\/\/ski.inmontanis.info\/d\/307766-2\/DSC05045.jpg'><img src=http:\/\/ski.inmontanis.info\/d\/307765-3\/DSC05045.jpg \/><\/a><br \/>\n^ SL Glamp, St\u00fctzen ohne Wartungspodeste etc. und unten schimmert blaue Farbe durch!<\/p>\n<p><a href='http:\/\/ski.inmontanis.info\/d\/307770-2\/DSC05046.jpg'><img src=http:\/\/ski.inmontanis.info\/d\/307769-3\/DSC05046.jpg \/><\/a><br \/>\n^ SL Glamp<\/p>\n<p><a href='http:\/\/ski.inmontanis.info\/d\/307774-2\/DSC05047.jpg'><img src=http:\/\/ski.inmontanis.info\/d\/307773-3\/DSC05047.jpg \/><\/a><br \/>\n^ R\u00fcckseitenpano<\/p>\n<p><a href='http:\/\/ski.inmontanis.info\/d\/307778-2\/DSC05049.jpg'><img src=http:\/\/ski.inmontanis.info\/d\/307777-3\/DSC05049.jpg \/><\/a><br \/>\n^ Pano<\/p>\n<p><a href='http:\/\/ski.inmontanis.info\/d\/307782-2\/DSC05050.jpg'><img src=http:\/\/ski.inmontanis.info\/d\/307781-3\/DSC05050.jpg \/><\/a><br \/>\n^ Pano<\/p>\n<p><a href='http:\/\/ski.inmontanis.info\/d\/307786-2\/DSC05051.jpg'><img src=http:\/\/ski.inmontanis.info\/d\/307785-3\/DSC05051.jpg \/><\/a><br \/>\n^ SL Glamp<\/p>\n<p><a href='http:\/\/ski.inmontanis.info\/d\/307790-2\/DSC05052.jpg'><img src=http:\/\/ski.inmontanis.info\/d\/307789-3\/DSC05052.jpg \/><\/a><br \/>\n^ Nette Gratabfahrt am SL Glamp<\/p>\n<p><a href='http:\/\/ski.inmontanis.info\/d\/307794-2\/DSC05053.jpg'><img src=http:\/\/ski.inmontanis.info\/d\/307793-3\/DSC05053.jpg \/><\/a><br \/>\n^ SL Glamp mit Gratabfahrt<\/p>\n<p><a href='http:\/\/ski.inmontanis.info\/d\/307798-2\/DSC05054.jpg'><img src=http:\/\/ski.inmontanis.info\/d\/307797-3\/DSC05054.jpg \/><\/a><br \/>\n^ Nette Gratabfahrt am SL Glamp<\/p>\n<p><a href='http:\/\/ski.inmontanis.info\/d\/307802-2\/DSC05058.jpg'><img src=http:\/\/ski.inmontanis.info\/d\/307801-3\/DSC05058.jpg \/><\/a><br \/>\n^ 10EUB Bergstation, der Umlauf ist so kurz, dass die T\u00fcr erst aufmacht, wenn die Gondel schon die Kurve einschl\u00e4gt.<\/p>\n<p><a href='http:\/\/ski.inmontanis.info\/d\/307806-2\/DSC05059.jpg'><img src=http:\/\/ski.inmontanis.info\/d\/307805-3\/DSC05059.jpg \/><\/a><br \/>\n^ SL Bloas<\/p>\n<p><a href='http:\/\/ski.inmontanis.info\/d\/307810-2\/DSC05060.jpg'><img src=http:\/\/ski.inmontanis.info\/d\/307809-3\/DSC05060.jpg \/><\/a><br \/>\n^ Talabfahrten<\/p>\n<p><a href='http:\/\/ski.inmontanis.info\/d\/307814-2\/DSC05061.jpg'><img src=http:\/\/ski.inmontanis.info\/d\/307813-3\/DSC05061.jpg \/><\/a><br \/>\n^ Dorf-Abfahrt, bescheuerte Zick-Zack-Fangzaun-Abfahrt<\/p>\n<p><a href='http:\/\/ski.inmontanis.info\/d\/307818-2\/DSC05062.jpg'><img src=http:\/\/ski.inmontanis.info\/d\/307817-3\/DSC05062.jpg \/><\/a><br \/>\n^ Dorf-Abfahrt<\/p>\n<p><a href='http:\/\/ski.inmontanis.info\/d\/307822-2\/DSC05064.jpg'><img src=http:\/\/ski.inmontanis.info\/d\/307821-3\/DSC05064.jpg \/><\/a><br \/>\n^ Tal, in dem die Dorf-Abfahrt m\u00fcndet<\/p>\n<p><a href='http:\/\/ski.inmontanis.info\/d\/307826-2\/DSC05065.jpg'><img src=http:\/\/ski.inmontanis.info\/d\/307825-3\/DSC05065.jpg \/><\/a><br \/>\n^ Dorf-Abfahrt<\/p>\n<p><a href='http:\/\/ski.inmontanis.info\/d\/307830-2\/DSC05067.jpg'><img src=http:\/\/ski.inmontanis.info\/d\/307829-3\/DSC05067.jpg \/><\/a><br \/>\n^ SL Himbeergol<\/p>\n<p><a href='http:\/\/ski.inmontanis.info\/d\/307834-2\/DSC05068.jpg'><img src=http:\/\/ski.inmontanis.info\/d\/307833-3\/DSC05068.jpg \/><\/a><br \/>\n^ Aktueller Pistenplan<\/p>\n<p><a href='http:\/\/ski.inmontanis.info\/d\/307838-2\/DSC05071.jpg'><img src=http:\/\/ski.inmontanis.info\/d\/307837-3\/DSC05071.jpg \/><\/a><br \/>\n^ Dorf-Abfahrt<\/p>\n<p><a href='http:\/\/ski.inmontanis.info\/d\/307842-2\/DSC05072.jpg'><img src=http:\/\/ski.inmontanis.info\/d\/307841-3\/DSC05072.jpg \/><\/a><br \/>\n^ SL Stuben an der Dorf-Abfahrt<\/p>\n<p><a href='http:\/\/ski.inmontanis.info\/d\/307846-2\/ge20221218a.jpg'><img src=http:\/\/ski.inmontanis.info\/d\/307845-3\/ge20221218a.jpg \/><\/a><br \/>\n^ GPS-Track 18.12.2022 in Magenta und vorheriger Besuch in Blau. Die rechte Talabfahrt ist wesentlich sch\u00f6ner.<\/p>\n<p>Da ich nachmittags noch zum g\u00fcnstigen Campingplatz in Villach fahren m\u00f6chte, was ca. 2h Fahrt bedeutet, wollte ich nicht allzu lang bleiben. Gegen 14 Uhr hab ich aufgeh\u00f6rt, bin alle Abfahrten oft genug gefahren heute.<\/p>\n<p>Wollte mir heute Pilzsauce zu meinen Nuggets und Pommes machen. Ist nat\u00fcrlich nicht so einfach, erst die Nuggets+Pommes im Topf warm machen und dann irgendwohin raustun und dann die Pilzsauce zubereiten? Oder umgekehrt, dann m\u00fcssten zwar Nuggets+Pommes nicht nochmals raus, aber dann kocht die Sauce halt wesentlich l\u00e4nger als sie sollte oder zieht zu schnell in die Kartoffeln rein.<\/p>\n<p>N\u00e4chstes Problem ist nat\u00fcrlich, dass mir ein Beutel zu viel sein wird, ich den also auf 2x machen m\u00f6chte &#8211; da muss man also ungef\u00e4hr die H\u00e4lfte vom Beutel erwischen .. oder ganzen Beutelinhalt erst in den trockenen Messbecher, dann tut man sich mit der H\u00e4lfte vielleicht einfacher.<\/p>\n<p>Hat aber ganz gut geschmeckt. \u00c4hnlich halt dem Champignon-Schnitzel-mit-Pommes-Fertiggericht in Schweden. Den Rest der Sauce m\u00f6chte ich aber evtl. mit Nudeln machen und Champignons dazu.<\/p>\n<p><a href='http:\/\/extra.inmontanis.info\/d\/97990-2\/IMG_20221218_175719.jpg'><img src=http:\/\/extra.inmontanis.info\/d\/97989-3\/IMG_20221218_175719.jpg \/><\/a><br \/>\n^ Chicken Nuggets, Pommes und Waldpilzsauce<\/p>\n","protected":false},"excerpt":{"rendered":"<p>So, 18.12.2022<\/p>\n<p>Heute Morgen bin ich an der Wildunfallstelle vorbeigekommen, diesmal nat\u00fcrlich in Gegenrichtung:<\/p>\n<\/p>\n<p>Und zwar kreuzte der junge Rehbock von hier aus gesehen von rechts nach links und zwar ziemlich am Anfang von den B\u00e4umen links der Stra\u00dfe, wo man eine Einfahrt zwischen den B\u00e4umen erkennen kann.<\/p>\n<p>Ich wei\u00df nicht mehr, ob ich <a href=\"http:\/\/blog.inmontanis.info\/?p=8148\">[&#8230;]<\/a><\/p>\n","protected":false},"author":1,"featured_media":8150,"comment_status":"closed","ping_status":"closed","sticky":false,"template":"","format":"standard","meta":{"footnotes":""},"categories":[207,13,27],"tags":[72,47],"class_list":["post-8148","post","type-post","status-publish","format-standard","has-post-thumbnail","hentry","category-obertilliach","category-austria","category-skifahren-winterskiing-winter","tag-10eub","tag-sl","odd"],"_links":{"self":[{"href":"http:\/\/blog.inmontanis.info\/index.php?rest_route=\/wp\/v2\/posts\/8148","targetHints":{"allow":["GET"]}}],"collection":[{"href":"http:\/\/blog.inmontanis.info\/index.php?rest_route=\/wp\/v2\/posts"}],"about":[{"href":"http:\/\/blog.inmontanis.info\/index.php?rest_route=\/wp\/v2\/types\/post"}],"author":[{"embeddable":true,"href":"http:\/\/blog.inmontanis.info\/index.php?rest_route=\/wp\/v2\/users\/1"}],"replies":[{"embeddable":true,"href":"http:\/\/blog.inmontanis.info\/index.php?rest_route=%2Fwp%2Fv2%2Fcomments&post=8148"}],"version-history":[{"count":2,"href":"http:\/\/blog.inmontanis.info\/index.php?rest_route=\/wp\/v2\/posts\/8148\/revisions"}],"predecessor-version":[{"id":8151,"href":"http:\/\/blog.inmontanis.info\/index.php?rest_route=\/wp\/v2\/posts\/8148\/revisions\/8151"}],"wp:featuredmedia":[{"embeddable":true,"href":"http:\/\/blog.inmontanis.info\/index.php?rest_route=\/wp\/v2\/media\/8150"}],"wp:attachment":[{"href":"http:\/\/blog.inmontanis.info\/index.php?rest_route=%2Fwp%2Fv2%2Fmedia&parent=8148"}],"wp:term":[{"taxonomy":"category","embeddable":true,"href":"http:\/\/blog.inmontanis.info\/index.php?rest_route=%2Fwp%2Fv2%2Fcategories&post=8148"},{"taxonomy":"post_tag","embeddable":true,"href":"http:\/\/blog.inmontanis.info\/index.php?rest_route=%2Fwp%2Fv2%2Ftags&post=8148"}],"curies":[{"name":"wp","href":"https:\/\/api.w.org\/{rel}","templated":true}]}}