{"id":8139,"date":"2022-12-15T18:51:36","date_gmt":"2022-12-15T17:51:36","guid":{"rendered":"http:\/\/blog.inmontanis.info\/?p=8139"},"modified":"2022-12-17T19:00:57","modified_gmt":"2022-12-17T18:00:57","slug":"molltaler-15-12-2022-und-dann-ein-unfall","status":"publish","type":"post","link":"http:\/\/blog.inmontanis.info\/?p=8139","title":{"rendered":"M\u00f6lltaler, 15.12.2022 &#8211; und dann ein Unfall"},"content":{"rendered":"<p><strong>Do,15.12.2022<\/strong><\/p>\n<p>Kurz vor 12 Uhr kam ich am Parkplatz an, mittlerweile werden gar nicht mehr alle Ebenen ger\u00e4umt, weil eh zu wenig los ist. Da die n\u00e4chste SSB ja erst um 12:30 f\u00e4hrt, konnte ich mir Zeit lassen.<\/p>\n<p>Sch\u00f6ne \u00dcberraschung an der Pistenplan-Anzige der Talstation: die Alteck-4SB ist jetzt offen. War sie vor ein paar Tagen noch nicht, d\u00fcrfte also heute oder gestern erst aufgemacht haben.<\/p>\n<p>Die Alteckseite war durchaus nett, Schnee war auch gut. Die EUB\/Mittelstationsabfahrt war allerdings ungem\u00fctlich, da kalter Gegenwind. Der machte auch die DSB-Fahrt sehr unsch\u00f6n. Und so sonnig, wie gemeldet, war&#8217;s heut auch wieder nicht.<\/p>\n<p>Bl\u00f6derweise hatte ich die heizbaren Handschuhe nicht angezogen, weil es mir nicht so extrem kalt vorkam, aber nach ein paar Fahrten hintereinander mit der Alteck-4SB merkte ich pl\u00f6tzlich ein taubes Gef\u00fchl an einer Fingerkuppe. Ist mir doch auch noch nie passiert?!<\/p>\n<p><a href='http:\/\/ski.inmontanis.info\/d\/307490-2\/DSC04905.jpg'><img src=http:\/\/ski.inmontanis.info\/d\/307489-3\/DSC04905.jpg \/><\/a><br \/>\n^ Am Gletscher nach wie vor nur 2 Abfahrten offen, aber im unteren Teil kommt bald ein Abschnitt dazu<\/p>\n<p><a href='http:\/\/ski.inmontanis.info\/d\/307494-2\/DSC04907.jpg'><img src=http:\/\/ski.inmontanis.info\/d\/307493-3\/DSC04907.jpg \/><\/a><br \/>\n^ Eisfall an der Alteck-4SB<\/p>\n<p><a href='http:\/\/ski.inmontanis.info\/d\/307498-2\/DSC04908.jpg'><img src=http:\/\/ski.inmontanis.info\/d\/307497-3\/DSC04908.jpg \/><\/a><br \/>\n^ 4SB Alteck<\/p>\n<p><a href='http:\/\/ski.inmontanis.info\/d\/307502-2\/DSC04912.jpg'><img src=http:\/\/ski.inmontanis.info\/d\/307501-3\/DSC04912.jpg \/><\/a><br \/>\n^ 4SB Alteck, die direkte Abfahrt (vorne) hatte tollen Schnee, mit Ausnahme des schmalen Steilst\u00fccks unten. Hintenrum der Skiweg zur DSB ging nat\u00fcrlich auch<\/p>\n<p><a href='http:\/\/ski.inmontanis.info\/d\/307506-2\/DSC04917.jpg'><img src=http:\/\/ski.inmontanis.info\/d\/307505-3\/DSC04917.jpg \/><\/a><br \/>\n^ R\u00fcckseitenpano 4SB Alteck<\/p>\n<p><a href='http:\/\/ski.inmontanis.info\/d\/307510-2\/DSC04918.jpg'><img src=http:\/\/ski.inmontanis.info\/d\/307509-3\/DSC04918.jpg \/><\/a><br \/>\n^ R\u00fcckseitenpano 4SB Alteck<\/p>\n<p><a href='http:\/\/ski.inmontanis.info\/d\/307514-2\/DSC04920.jpg'><img src=http:\/\/ski.inmontanis.info\/d\/307513-3\/DSC04920.jpg \/><\/a><br \/>\n^ Der Stausee ist mittlerweile gefroren<\/p>\n<p><a href='http:\/\/ski.inmontanis.info\/d\/307518-2\/DSC04921.jpg'><img src=http:\/\/ski.inmontanis.info\/d\/307517-3\/DSC04921.jpg \/><\/a><br \/>\n^ Blick zur DSB und dem Gletscherbereich<\/p>\n<p><a href='http:\/\/ski.inmontanis.info\/d\/307522-2\/DSC04922.jpg'><img src=http:\/\/ski.inmontanis.info\/d\/307521-3\/DSC04922.jpg \/><\/a><br \/>\n^ Stausee und 4SB Alteck<\/p>\n<p><a href='http:\/\/ski.inmontanis.info\/d\/307526-2\/ge20221215a.jpg'><img src=http:\/\/ski.inmontanis.info\/d\/307525-3\/ge20221215a.jpg \/><\/a><br \/>\n^ GPS-Track 15.12.2022 in Magenta, vorherige Besuche in Orange<\/p>\n<p>Unten im Ort ging ich noch einkaufen, der Supermarkt war gerade voll und mit Wartezeiten an der Kassa, weil wohl eine ausl\u00e4ndische Jugendgruppe (Skifahrer vmtl.) einkaufen wollten &#8211; da w\u00e4r ich mal besser erst in einen der n\u00e4chsten Orte gegangen.<\/p>\n<p>Ich fuhr also die Strecke wie heute fr\u00fch her gefahren, zur\u00fcck, also richtung Heiligenblut, aber nahm einen Campingplatz sp\u00e4ter. Vor und in Heiligenblut sind n\u00e4mlich glatt 3 im Winter offen. Daf\u00fcr bekommt man in anderen Gegenden gar nix nahes.<\/p>\n<p>Tja, und kurz hinter dem gestrigen Campingplatz kam im H\u00f6llentempo vor mir von links nach rechts ein Reh \u00fcber die Stra\u00dfe &#8211; da wusste ich schon beim Einleiten der Vollbremsung, dass ich da nicht mehr rechtzeitig werde stoppen k\u00f6nnen. Obwohl ich ja eh wie \u00fcblich nur 70-75 km\/h gefahren bin. So in dem Bereich nicht weniger erlaubt war.<\/p>\n<p>Rechte Sto\u00dfstangenseite samt Nebelscheinwerfer ist etwas zerfetzt. \u00c4rgerlich, \u00e4rgerlich. Wenn ich vielleicht etwas nach links gelenkt h\u00e4tte, w\u00e4re es sich vielleicht ohne Schaden ausgegangen. Oder einfach eine Zehntelsekunde sp\u00e4ter dran gewesen w\u00e4re. <\/p>\n<p>Hab mich in die n\u00e4chste Hauseinfahrt gestellt (nachdem ich da gefragt hab, ob das f\u00fcr die in Ordnung geht) und auf die Polizei gewartet, die den Schaden dann aufgenommen haben. Zuvor noch kurz hinter gegangen und gesehen, dass das Reh oder der junge Bock im Stra\u00dfengraben lag und noch lebte (sp\u00e4ter vom J\u00e4ger nat\u00fcrlich erschossen wurde) und ein paar Autoteile von mir waren auch daneben. Die hat mir dann der Polizist sp\u00e4ter gebracht, ich hab derweil meine Sto\u00dfstange bzw. meinen raush\u00e4ngenden Nebelscheinwerfer mit Gewebeband festgeklebt.<\/p>\n<p><a href='http:\/\/extra.inmontanis.info\/d\/97978-2\/IMG_20221215_174740.jpg'><img src=http:\/\/extra.inmontanis.info\/d\/97977-3\/IMG_20221215_174740.jpg \/><\/a><br \/>\n^ Wildschaden-Unfall, evtl. nur die Sto\u00dfstange zerfetzt, also wohl hoffentlich noch kein Totalschaden<\/p>\n<p>Wir hatten noch vereinbart, dass ich den Bericht morgen Nachmittag bei der Polizeiinspektion\/Dienststelle in Heiligenblut abhole. Ob ich das nun in K\u00e4rnten oder in Tirol reparieren lass, wei\u00df ich noch nicht, aber vmtl. in Tirol. Ein paar Skitage werden da wohl geopfert werden m\u00fcssen.<\/p>\n<p>Vor ca. 20 Jahren hatte ich meinen letzten (und ersten) Wildunfall, damals bin ich aber einfach weiter gefahren, weil sich das f\u00fcr mich nicht so stark angeh\u00f6rt hatte &#8211; eher wie ein kleiner Schubser. Bl\u00f6derweise hatte ich dabei mein Kennzeichen verloren, weshalb ich sp\u00e4ter von der Polizei angerufen wurde. Glaub ich konnte noch knapp der Anzeige f\u00fcr Fahrerflucht entgehen, wei\u00df aber nicht mehr, ob ich da was hatte zahlen m\u00fcssen.<\/p>\n<p>Dann endlich weiter zum n\u00e4chsten Campingplatz, wo ich heute Nacht wohl auch der einzige bin, wobei  hier etliche Wohnw\u00e4gen rumstehen. Die sollten egtl. g\u00fcnstiger sein und mit Pauschaltarif f\u00fcr Strom.<\/p>\n<p>Abends gab&#8217;s noch TK-Pizza. Salamipizza ist ja nicht ganz mein Fall eigentlich, aber weil&#8217;s die zuvor im Supermarkt um unter 1,- \u20ac (0,99 oder 0,89) gegeben hatte, probier ich sie halt mal. Margherita w\u00e4r noch 0,10 \u20ac g\u00fcnstiger gewesen, aber dann h\u00e4tte ich irgendeinen Belag noch drauf tun wollen &#8211; und fertige H\u00fchnerst\u00fcckchen oder Fleischb\u00e4llchen oder so hat&#8217;s nicht gegeben, au\u00dfer nat\u00fcrlich TK-Nuggets.<\/p>\n<p>Hab noch Pizza-Gew\u00fcrz vom norwegischen Pizza Bakeren, dann schmeckt die Pizza gleich mal nach Norwegen ;-) Dazu noch eine Scheibe Bergk\u00e4se drauf. War eigentlich ganz ok, also kann man definitiv mehrmals essen f\u00fcr das g\u00fcnstige Geld. War eigentlich besser als das gek\u00fchlte Fertiggericht Specklinsen+Serviettenkn\u00f6del, das ich am n\u00e4chsten Tag a\u00df.<\/p>\n<p>Am n\u00e4chsten Morgen zahlte ich f\u00fcr die vergangene und n\u00e4chste Nacht am Campingplatz 17,40 \u20ac pro Nacht.<\/p>\n","protected":false},"excerpt":{"rendered":"<p>Do,15.12.2022<\/p>\n<p>Kurz vor 12 Uhr kam ich am Parkplatz an, mittlerweile werden gar nicht mehr alle Ebenen ger\u00e4umt, weil eh zu wenig los ist. Da die n\u00e4chste SSB ja erst um 12:30 f\u00e4hrt, konnte ich mir Zeit lassen.<\/p>\n<p>Sch\u00f6ne \u00dcberraschung an der Pistenplan-Anzige der Talstation: die Alteck-4SB ist jetzt offen. War sie vor ein paar <a href=\"http:\/\/blog.inmontanis.info\/?p=8139\">[&#8230;]<\/a><\/p>\n","protected":false},"author":1,"featured_media":8142,"comment_status":"closed","ping_status":"closed","sticky":false,"template":"","format":"standard","meta":{"footnotes":""},"categories":[199,13,27],"tags":[49],"class_list":["post-8139","post","type-post","status-publish","format-standard","has-post-thumbnail","hentry","category-molltaler-gletscher","category-austria","category-skifahren-winterskiing-winter","tag-4sb","odd"],"_links":{"self":[{"href":"http:\/\/blog.inmontanis.info\/index.php?rest_route=\/wp\/v2\/posts\/8139","targetHints":{"allow":["GET"]}}],"collection":[{"href":"http:\/\/blog.inmontanis.info\/index.php?rest_route=\/wp\/v2\/posts"}],"about":[{"href":"http:\/\/blog.inmontanis.info\/index.php?rest_route=\/wp\/v2\/types\/post"}],"author":[{"embeddable":true,"href":"http:\/\/blog.inmontanis.info\/index.php?rest_route=\/wp\/v2\/users\/1"}],"replies":[{"embeddable":true,"href":"http:\/\/blog.inmontanis.info\/index.php?rest_route=%2Fwp%2Fv2%2Fcomments&post=8139"}],"version-history":[{"count":3,"href":"http:\/\/blog.inmontanis.info\/index.php?rest_route=\/wp\/v2\/posts\/8139\/revisions"}],"predecessor-version":[{"id":8143,"href":"http:\/\/blog.inmontanis.info\/index.php?rest_route=\/wp\/v2\/posts\/8139\/revisions\/8143"}],"wp:featuredmedia":[{"embeddable":true,"href":"http:\/\/blog.inmontanis.info\/index.php?rest_route=\/wp\/v2\/media\/8142"}],"wp:attachment":[{"href":"http:\/\/blog.inmontanis.info\/index.php?rest_route=%2Fwp%2Fv2%2Fmedia&parent=8139"}],"wp:term":[{"taxonomy":"category","embeddable":true,"href":"http:\/\/blog.inmontanis.info\/index.php?rest_route=%2Fwp%2Fv2%2Fcategories&post=8139"},{"taxonomy":"post_tag","embeddable":true,"href":"http:\/\/blog.inmontanis.info\/index.php?rest_route=%2Fwp%2Fv2%2Ftags&post=8139"}],"curies":[{"name":"wp","href":"https:\/\/api.w.org\/{rel}","templated":true}]}}