{"id":8135,"date":"2022-12-14T18:44:28","date_gmt":"2022-12-14T17:44:28","guid":{"rendered":"http:\/\/blog.inmontanis.info\/?p=8135"},"modified":"2022-12-16T18:57:28","modified_gmt":"2022-12-16T17:57:28","slug":"sillian-14-12-2022","status":"publish","type":"post","link":"http:\/\/blog.inmontanis.info\/?p=8135","title":{"rendered":"Sillian, 14.12.2022"},"content":{"rendered":"<p><strong>Mi,14.12.2022<\/strong><\/p>\n<p>Falls ich heute einen Skitag in Osttirol einlegen wollen sollte, w\u00e4ren 3 Skigebiete ge\u00f6ffnet, Sillian (EUB mit Abfahrt bis Mittelstation + obere, neuere KSB, die bei meinem letzten Besuch noch ein SL war, zumeist also Osth\u00e4nge, die nachmittags wohl schattig sein werden), St. Jakob (EUB+3SB mit jeweils 1 Abfahrt, Nordh\u00e4nge, also wohl auch kaum Sonne) und Kals-Matrei (mit wesentlich mehr Liften und Abfahrten, haupts\u00e4chlich Ost- und Westh\u00e4nge, also vmtl. nachmittags das sonnigste dieser 3 Skigebiete).<\/p>\n<p>Alternativ k\u00f6nnte ich auch M\u00f6lltaler fahren, aber falls ich am Freitag Heiligenblut fahren wollen sollte, w\u00fcrd ich 2 Tage M\u00f6lltaler fahren m\u00fcssen. Immerhin soll es ja ab heute wieder weniger kalt sein.<\/p>\n<p>2010 hatte mir Sillian recht gut gefallen, aber da stand ja auch noch der alte, lange SL, der jetzt eine 6KSB  geworden ist. Kals-Matrei gefiel mir damals schon nicht besonders, nicht nur, weil sie um 220hm schummeln und \u00fcberall so tun, als ginge das Skigebiet bis 2600m statt 2400m.<\/p>\n<p><a href='http:\/\/extra.inmontanis.info\/d\/97966-2\/DSC04856.jpg'><img src=http:\/\/extra.inmontanis.info\/d\/97965-3\/DSC04856.jpg \/><\/a><br \/>\n^ Das war schon grenzwertig, dass ich da heut fr\u00fch rausgekommen bin<\/p>\n<p><a href='http:\/\/extra.inmontanis.info\/d\/97970-2\/DSC04858.jpg'><img src=http:\/\/extra.inmontanis.info\/d\/97969-3\/DSC04858.jpg \/><\/a><br \/>\n^ Lienz Zettersfeld soll am Samstag aufmachen<\/p>\n<p><a href='http:\/\/extra.inmontanis.info\/d\/97974-2\/DSC04859.jpg'><img src=http:\/\/extra.inmontanis.info\/d\/97973-3\/DSC04859.jpg \/><\/a><br \/>\n^ Lienz Hochstein soll evtl. erst sp\u00e4ter \u00f6ffnen<\/p>\n<p>Also entschied ich mich f\u00fcr Sillian, so sonnig wird&#8217;s heute eh nicht gemeldet, von der Entfernung her war&#8217;s auch egal. <\/p>\n<p>Die Talabfahrt schien in den n\u00e4chsten Tagen zu \u00f6ffnen, also leider knapp verpasst. Die Mittelstation ist n\u00e4mlich sehr weit oben im Vergleich. Der Tageskarten-Normaltarif hier ist unversch\u00e4mte 55,- \u20ac f\u00fcr dieses kleine Skigebiet!!! Das w\u00fcrde ich ja nie und nimmer zahlen. Gut, dass meine K\u00e4rnten-Saisonkarte auch in Osttirol gilt.<\/p>\n<p>Die Abfahrten fand ich wohl noch genauso sch\u00f6n wie 2010. Die knapp 1900m lange 6KSB wurde \u00fcbrigens 2010 gebaut, d.h. ich hatte da wieder einmal gerade noch Gl\u00fcck gehabt, den SL geschafft zu haben. Aber Ledersitze, leider. Sitzheizung heute nicht in Betrieb. Und mit Haube.<\/p>\n<p><a href='http:\/\/ski.inmontanis.info\/d\/307382-2\/DSC04862.jpg'><img src=http:\/\/ski.inmontanis.info\/d\/307381-3\/DSC04862.jpg \/><\/a><br \/>\n^ Burg vor Sillian, dahinter die Gondel und Talabfahrt<\/p>\n<p><a href='http:\/\/ski.inmontanis.info\/d\/307386-2\/DSC04863.jpg'><img src=http:\/\/ski.inmontanis.info\/d\/307385-3\/DSC04863.jpg \/><\/a><br \/>\n^ Pistenplan. Wie die Abfahrt 2 ohne 1a offen sein soll, bleibt der Pistenplan nat\u00fcrlich schuldig. Und die 2010 noch eingezeichneten Liftprojekte rechts sind weg.<\/p>\n<p><a href='http:\/\/ski.inmontanis.info\/d\/307390-2\/DSC04864.jpg'><img src=http:\/\/ski.inmontanis.info\/d\/307389-3\/DSC04864.jpg \/><\/a><br \/>\n^ 6EUB Sektion 1 (Girak)<\/p>\n<p><a href='http:\/\/ski.inmontanis.info\/d\/307394-2\/DSC04866.jpg'><img src=http:\/\/ski.inmontanis.info\/d\/307393-3\/DSC04866.jpg \/><\/a><br \/>\n^ 6EUB Sektion 2 \/ Bergstation; die 4SB Gadein war nicht in Betrieb<\/p>\n<p><a href='http:\/\/ski.inmontanis.info\/d\/307398-2\/DSC04867.jpg'><img src=http:\/\/ski.inmontanis.info\/d\/307397-3\/DSC04867.jpg \/><\/a><br \/>\n^ Der SL Gadein  geht etwas oberhalb der EUB-Bergstation los, daher bin ich ihn erst sp\u00e4ter gefahren.<\/p>\n<p><a href='http:\/\/ski.inmontanis.info\/d\/307402-2\/DSC04869.jpg'><img src=http:\/\/ski.inmontanis.info\/d\/307401-3\/DSC04869.jpg \/><\/a><br \/>\n^ Talstation 6KSB<\/p>\n<p><a href='http:\/\/ski.inmontanis.info\/d\/307406-2\/DSC04870.jpg'><img src=http:\/\/ski.inmontanis.info\/d\/307405-3\/DSC04870.jpg \/><\/a><br \/>\n^ Abfahrt 4 an der 6KSB<\/p>\n<p><a href='http:\/\/ski.inmontanis.info\/d\/307410-2\/DSC04871.jpg'><img src=http:\/\/ski.inmontanis.info\/d\/307409-3\/DSC04871.jpg \/><\/a><br \/>\n^ Die rechten Abfahrten 5\/5a von der 6KSB<\/p>\n<p><a href='http:\/\/ski.inmontanis.info\/d\/307414-2\/DSC04872.jpg'><img src=http:\/\/ski.inmontanis.info\/d\/307413-3\/DSC04872.jpg \/><\/a><br \/>\n^ R\u00fcckseitenpano<\/p>\n<p><a href='http:\/\/ski.inmontanis.info\/d\/307418-2\/DSC04873.jpg'><img src=http:\/\/ski.inmontanis.info\/d\/307417-3\/DSC04873.jpg \/><\/a><br \/>\n^ R\u00fcckseitenpano<\/p>\n<p><a href='http:\/\/ski.inmontanis.info\/d\/307422-2\/DSC04874.jpg'><img src=http:\/\/ski.inmontanis.info\/d\/307421-3\/DSC04874.jpg \/><\/a><br \/>\n^ 6KSB. Gegen\u00fcber die Schneise ist der SL in Kartitsch<\/p>\n<p><a href='http:\/\/ski.inmontanis.info\/d\/307426-2\/DSC04876.jpg'><img src=http:\/\/ski.inmontanis.info\/d\/307425-3\/DSC04876.jpg \/><\/a><br \/>\n^ 6KSB<\/p>\n<p><a href='http:\/\/ski.inmontanis.info\/d\/307430-2\/DSC04878.jpg'><img src=http:\/\/ski.inmontanis.info\/d\/307429-3\/DSC04878.jpg \/><\/a><br \/>\n^ Blick von der 6KSB zur 4SB<\/p>\n<p><a href='http:\/\/ski.inmontanis.info\/d\/307434-2\/DSC04880.jpg'><img src=http:\/\/ski.inmontanis.info\/d\/307433-3\/DSC04880.jpg \/><\/a><br \/>\n^ 6KSB<\/p>\n<p><a href='http:\/\/ski.inmontanis.info\/d\/307438-2\/DSC04881.jpg'><img src=http:\/\/ski.inmontanis.info\/d\/307437-3\/DSC04881.jpg \/><\/a><br \/>\n^ Zwischen hier und der Felswand liegt noch das Skigebiet von Innichen-Sexten<\/p>\n<p><a href='http:\/\/ski.inmontanis.info\/d\/307442-2\/DSC04883.jpg'><img src=http:\/\/ski.inmontanis.info\/d\/307441-3\/DSC04883.jpg \/><\/a><br \/>\n^ Schmale und ungesicherte Gratabfahrt links der 6KSB, so mag ich das. Damit kommt man an der 4SB vorbei<\/p>\n<p><a href='http:\/\/ski.inmontanis.info\/d\/307446-2\/DSC04884.jpg'><img src=http:\/\/ski.inmontanis.info\/d\/307445-3\/DSC04884.jpg \/><\/a><br \/>\n^ 4SB und SL Gadein<\/p>\n<p><a href='http:\/\/ski.inmontanis.info\/d\/307450-2\/DSC04885.jpg'><img src=http:\/\/ski.inmontanis.info\/d\/307449-3\/DSC04885.jpg \/><\/a><br \/>\n^ SL Gadein<\/p>\n<p><a href='http:\/\/ski.inmontanis.info\/d\/307454-2\/DSC04890.jpg'><img src=http:\/\/ski.inmontanis.info\/d\/307453-3\/DSC04890.jpg \/><\/a><br \/>\n^ Die Haube schimmerte heute regenbogenfarbig<\/p>\n<p><a href='http:\/\/ski.inmontanis.info\/d\/307458-2\/DSC04892.jpg'><img src=http:\/\/ski.inmontanis.info\/d\/307457-3\/DSC04892.jpg \/><\/a><br \/>\n^ Abfahrt 1a. Tja, einerseits steht ein Sperrschild da, andererseits steht das neben der Piste und die Absperrung ist offen &#8211; also doch offen?<\/p>\n<p><a href='http:\/\/ski.inmontanis.info\/d\/307462-2\/DSC04893.jpg'><img src=http:\/\/ski.inmontanis.info\/d\/307461-3\/DSC04893.jpg \/><\/a><br \/>\n^ Abfahrt 1a<\/p>\n<p><a href='http:\/\/ski.inmontanis.info\/d\/307466-2\/DSC04897.jpg'><img src=http:\/\/ski.inmontanis.info\/d\/307465-3\/DSC04897.jpg \/><\/a><br \/>\n^ Kurioserweise ist die Abfahrt 2 von hier aus aber doch nicht offen. Die L\u00f6sung war, dass die Abfahrt links vom SL als Nummer 2 ausgesteckt war, was lt. Plan ja gar nicht passt.<\/p>\n<p><a href='http:\/\/ski.inmontanis.info\/d\/307470-2\/DSC04898.jpg'><img src=http:\/\/ski.inmontanis.info\/d\/307469-3\/DSC04898.jpg \/><\/a><br \/>\n^ Mittelstationsabfahrt 1b<\/p>\n<p><a href='http:\/\/ski.inmontanis.info\/d\/307474-2\/DSC04899.jpg'><img src=http:\/\/ski.inmontanis.info\/d\/307473-3\/DSC04899.jpg \/><\/a><br \/>\n^ Mittelstationsabfahrt 1b<\/p>\n<p><a href='http:\/\/ski.inmontanis.info\/d\/307478-2\/DSC04903.jpg'><img src=http:\/\/ski.inmontanis.info\/d\/307477-3\/DSC04903.jpg \/><\/a><br \/>\n^ Mittelstationsabfahrt 8, in dem Bereich muss man leider etwas schieben Und ist eh nur ein Skiweg<\/p>\n<p><a href='http:\/\/ski.inmontanis.info\/d\/307482-2\/DSC04904.jpg'><img src=http:\/\/ski.inmontanis.info\/d\/307481-3\/DSC04904.jpg \/><\/a><br \/>\n^ 6EUB Talstation<\/p>\n<p><a href='http:\/\/ski.inmontanis.info\/d\/307486-2\/ge20221214a.jpg'><img src=http:\/\/ski.inmontanis.info\/d\/307485-3\/ge20221214a.jpg \/><\/a><br \/>\n^ GPS-Track 14.12.2022 in T\u00fcrkis und vorheriger Besuch 2010 in Orange<\/p>\n<p>Der Umweg nach Sillian hatte sich heute also gelohnt, die Schneeverh\u00e4ltnisse auf den Pisten waren um Welten besser als gestern in, am, auf dem (oder auf der Sonnenalpe) Nassfeld.<\/p>\n<p>Hatte mir \u00fcberlegt, heute Nacht am M\u00f6lltaler Gletscher zu parken, aber die Temperaturen waren in den Orten zuvor doch niedriger als auf Bergfex f\u00fcr&#8217;n M\u00f6lltaler angezeigt, also nahm ich den ersten Campingplatz in Richtung Heiligenblut, an einem Bauernhof. Hei\u00dft dann morgen ca. 45min Fahrt zum M\u00f6lltaler. Kurioserweise war auch hier nicht ger\u00e4umt (evtl. morgen oder richtung Saison hin), dazu der Platz leicht absch\u00fcssig, so dass man durch den Tiefschnee zur\u00fcck hinauf rausfahren muss.<\/p>\n<p>Weil Duschen inkludiert und (nachmittags nach dem kalten Skitag) halbwegs warm waren und ich allein hier bin und die Handt\u00fccher im Sanit\u00e4rbereich h\u00e4ngen lassen k\u00f6nnte, hab ich mich mal wieder geduscht.<\/p>\n<p>War zuvor nahe Lienz noch in einem T&#038;G &#8211; Supermarkt. Geh\u00f6rt ja zu M-Preis zumindest seit vielen Jahren. Urspr\u00fcnglich in Innsbruck mal als &#8220;Tiefk\u00fchl&#038;Getr\u00e4nkemarkt&#8221; positioniert, hatte er aber bald immer weniger Tiefk\u00fchlgerichte, daf\u00fcr auch ein paar andere Supermarktartikel. Mittlerweile wird T&#038;G als &#8220;Trinken &#038; Genie\u00dfen&#8221; \u00fcbersetzt&#8230; Leider bekam ich keinen Tirol Milch Kakao &#8211; deshalb bin ich \u00fcberhaupt in Osttirol noch in einen Supermarkt. <\/p>\n<p>Zudem hab ich mir Laugenstangen (2x 0,45 f\u00fcr 2 St\u00fcck abgepackt), Semmeln (0,23 pro St\u00fcck) und einen Pack mit 2&#215;2 Berner W\u00fcrstl mitgenommen. Insofern praktisch, dass man eben nicht 4 auf einmal offen hat, sondern die anderen 2  noch einige Tage im K\u00fchlschrank lassen kann. Die kochte ich allerdings nicht in der Pfanne, sondern im Topf, damit das Fett nicht so rumspritzt.<\/p>\n<p>Strom kostet hier extra, also werd ich mal wieder sparsamer sein. Mit 5kWh Strom musste ich allerdings am n\u00e4chsten Tag 22,- \u20ac zahlen, was wohl teurer war als die Preie auf der Homepage, demnach es nach meiner Zusammenrechnung 17,- + 0,50\/kWh = 19,50 h\u00e4tten sein m\u00fcssen. Da sollte der n\u00e4chste in Richtung Heiligenblut mit Strompauschale g\u00fcnstiger sein. Und war es am n\u00e4chsten Tag auch. Unterm Strich dann aber wesentlich teurer. Warum, steht im n\u00e4chsten Bericht.<\/p>\n","protected":false},"excerpt":{"rendered":"<p>Mi,14.12.2022<\/p>\n<p>Falls ich heute einen Skitag in Osttirol einlegen wollen sollte, w\u00e4ren 3 Skigebiete ge\u00f6ffnet, Sillian (EUB mit Abfahrt bis Mittelstation + obere, neuere KSB, die bei meinem letzten Besuch noch ein SL war, zumeist also Osth\u00e4nge, die nachmittags wohl schattig sein werden), St. Jakob (EUB+3SB mit jeweils 1 Abfahrt, Nordh\u00e4nge, also wohl auch kaum <a href=\"http:\/\/blog.inmontanis.info\/?p=8135\">[&#8230;]<\/a><\/p>\n","protected":false},"author":1,"featured_media":8137,"comment_status":"closed","ping_status":"closed","sticky":false,"template":"","format":"standard","meta":{"footnotes":""},"categories":[13,205,27],"tags":[49,39,56,47],"class_list":["post-8135","post","type-post","status-publish","format-standard","has-post-thumbnail","hentry","category-austria","category-sillian","category-skifahren-winterskiing-winter","tag-4sb","tag-6eub","tag-6sb","tag-sl","odd"],"_links":{"self":[{"href":"http:\/\/blog.inmontanis.info\/index.php?rest_route=\/wp\/v2\/posts\/8135","targetHints":{"allow":["GET"]}}],"collection":[{"href":"http:\/\/blog.inmontanis.info\/index.php?rest_route=\/wp\/v2\/posts"}],"about":[{"href":"http:\/\/blog.inmontanis.info\/index.php?rest_route=\/wp\/v2\/types\/post"}],"author":[{"embeddable":true,"href":"http:\/\/blog.inmontanis.info\/index.php?rest_route=\/wp\/v2\/users\/1"}],"replies":[{"embeddable":true,"href":"http:\/\/blog.inmontanis.info\/index.php?rest_route=%2Fwp%2Fv2%2Fcomments&post=8135"}],"version-history":[{"count":2,"href":"http:\/\/blog.inmontanis.info\/index.php?rest_route=\/wp\/v2\/posts\/8135\/revisions"}],"predecessor-version":[{"id":8138,"href":"http:\/\/blog.inmontanis.info\/index.php?rest_route=\/wp\/v2\/posts\/8135\/revisions\/8138"}],"wp:featuredmedia":[{"embeddable":true,"href":"http:\/\/blog.inmontanis.info\/index.php?rest_route=\/wp\/v2\/media\/8137"}],"wp:attachment":[{"href":"http:\/\/blog.inmontanis.info\/index.php?rest_route=%2Fwp%2Fv2%2Fmedia&parent=8135"}],"wp:term":[{"taxonomy":"category","embeddable":true,"href":"http:\/\/blog.inmontanis.info\/index.php?rest_route=%2Fwp%2Fv2%2Fcategories&post=8135"},{"taxonomy":"post_tag","embeddable":true,"href":"http:\/\/blog.inmontanis.info\/index.php?rest_route=%2Fwp%2Fv2%2Ftags&post=8135"}],"curies":[{"name":"wp","href":"https:\/\/api.w.org\/{rel}","templated":true}]}}