{"id":8129,"date":"2022-12-13T20:20:34","date_gmt":"2022-12-13T19:20:34","guid":{"rendered":"http:\/\/blog.inmontanis.info\/?p=8129"},"modified":"2023-01-11T20:54:40","modified_gmt":"2023-01-11T19:54:40","slug":"nassfeld-13-12-2022-dann-hatte-es-sich-aus-ge-nice-t","status":"publish","type":"post","link":"http:\/\/blog.inmontanis.info\/?p=8129","title":{"rendered":"Nassfeld, 13.12.2022 \/\/ &#8220;dann hatte es sich aus-ge-nice-t&#8221;"},"content":{"rendered":"<p><strong>Di,13.12.2022<\/strong><\/p>\n<p><a href='http:\/\/extra.inmontanis.info\/d\/97954-3\/DSC04797.jpg'><img src=http:\/\/extra.inmontanis.info\/d\/97953-4\/DSC04797.jpg \/><\/a><br \/>\n^ Die Sonne taut die von Innen gefrorene Scheibe auf<\/p>\n<p><a href='http:\/\/extra.inmontanis.info\/d\/97958-3\/DSC04798.jpg'><img src=http:\/\/extra.inmontanis.info\/d\/97957-4\/DSC04798.jpg \/><\/a><br \/>\n^ Autobahn \/ Gailtal<\/p>\n<p><a href='http:\/\/extra.inmontanis.info\/d\/97962-3\/DSC04800.jpg'><img src=http:\/\/extra.inmontanis.info\/d\/97961-4\/DSC04800.jpg \/><\/a><br \/>\n^ Gailtal<\/p>\n<p>Mein erster Skitag heute am Nassfeld. Allerdings bin ich schon ein oder zwei Lifte hier gefahren, und zwar im Sommer 1986. Da standen schon beide 4KSB (1985 gebaut). M\u00fcsste dann meine zweite 4er Sesselbahn gewesen sein, die erste war in einer Geisterbahn. Damals hatte ich mir schon gedacht, dass das wohl auch bald in Skigebieten zum Einsatz kommen wird und war am Nassfeld recht entz\u00fcckt dar\u00fcber. (Es k\u00f6nnte aber auch sein, dass die Sesselbahnen damals im Sommer nicht offen waren und ich sie doch nicht gefahren bin?!)<\/p>\n<p>Ob ich 2 oder 3 Tage hier blieben w\u00fcrde, wollte ich nachmittags entscheiden, je nachdem, wie es mir heute hier gefallen w\u00fcrde. Es sind ja schon einige Lifte und Abfahrten offen, wenn auch noch einiges fehlt. Wenn nur 2 Tage, w\u00e4re Donnerstag evtl. der M\u00f6lltaler ein Ziel, weil Heiligenblut erst wieder am Freitag \u00f6ffnet. Wobei f\u00fcr Freitag wieder \u00fcberall Schneefall gemeldet wird.<\/p>\n<p><a href='http:\/\/ski.inmontanis.info\/d\/307226-2\/DSC04803.jpg'><img src=http:\/\/ski.inmontanis.info\/d\/307224-3\/DSC04803.jpg \/><\/a><br \/>\n^ Skigebiet Nassfeld vom Tal aus<\/p>\n<p><a href='http:\/\/ski.inmontanis.info\/d\/307230-2\/DSC04804.jpg'><img src=http:\/\/ski.inmontanis.info\/d\/307229-3\/DSC04804.jpg \/><\/a><br \/>\n^ Der Schnee von den Kanonen rechts geht ziemlich hoch in die Luft<\/p>\n<p>Nassfeld wirbt mit dem Slogan &#8220;nice surprise&#8221; &#8211; &#8220;nette \u00dcberraschung&#8221;. Der erste Eindruck war gar nicht nice, denn die Parkpl\u00e4tze sind recht weit von der Talstation der EUB entfernt und der Parkplatzpendelbus verkehrte noch nicht.<\/p>\n<p>Nicer waren dann die gratis Bonbons und die 2. Sektion \u00fcber den Graben. Nice auch der Beginn mit der Gratabfahrt, aber dann hatte es sich aus-ge-nice-t.<\/p>\n<p>Die Pisten waren n\u00e4mlich nicht nice. Hart, teils eisig-hart, abgefahren, teils knollig, teils mit riesigen Schneih\u00fcgeln und aktiver Beschneiung und so weiter. Leider kam auch schnell eine Wolkendecke aus Italien, aber da kann das Skigebiet ja nix f\u00fcr. Die 6er Bubbles sind leider mit Ledersitzen (einer beheizt, aber halt nur unten, der R\u00fccken ist eisig kalt), die 4KSB-Sitze sind eindeutig w\u00e4rmer, was das anbelangt.<\/p>\n<p>Man k\u00f6nnte ja meinen, dass mir nach 2 Jahren Schweden solche feslig-steilen Berge und Skigebiete mal wieder besser gefallen w\u00fcrden &#8211; nope, panoramam\u00e4\u00dfig w\u00fcrde ich die Gerlitzen in jedem Fall vorziehen.<\/p>\n<p>Ja, die Pisten sind hier nicht gar so extrem modelliert und in den Berg gezimmert wie in den italienischen Dolomiten. Aber wie man am Pistenplan schon erkennen kann, es gibt wenig Abwechslung von der Steilheit, die Pisten sind allesamt rot und \u00e4hnlich relativ steil.<\/p>\n<p>Es kommt zwar immer auf die Definition an, aber rote Pisten mag ich eigentlich nicht besonders, ich mag lieber blaue und schwarze, wobei die schwarzen m\u00f6glichst unbeschneit sein sollten, denn wenn sie beschneit sind, sind sie fast immer zu eisig-hart.<\/p>\n<p><a href='http:\/\/ski.inmontanis.info\/d\/307234-2\/DSC04806.jpg'><img src=http:\/\/ski.inmontanis.info\/d\/307233-3\/DSC04806.jpg \/><\/a><br \/>\n^ Pistenplan; die 3 Lifte oben\/rechts waren noch nicht in Betrieb, auch der ganz links untere nicht.<\/p>\n<p>Streng genommen ist Nassfeld ja ein Pass-Skigebiet, aber alles andere als ein &#8220;klassisches Pass-Skigebiet&#8221;. Da wirkt selbst die Turracher H\u00f6he noch &#8220;pass-m\u00e4\u00dfiger&#8221;.<\/p>\n<p><a href='http:\/\/ski.inmontanis.info\/d\/307238-2\/DSC04807.jpg'><img src=http:\/\/ski.inmontanis.info\/d\/307237-3\/DSC04807.jpg \/><\/a><br \/>\n^ Stylisches WC an der EUB-Talstation &#8230;<\/p>\n<p><a href='http:\/\/ski.inmontanis.info\/d\/307242-2\/DSC04808.jpg'><img src=http:\/\/ski.inmontanis.info\/d\/307241-3\/DSC04808.jpg \/><\/a><br \/>\n^ .. aber was ist das, hab ich ja noch nie gesehen? Ist das eine Kotzsch\u00fcssel f\u00fcr den Apres-Ski-Saufladen an der Talstation? Unglaublich. Die L\u00f6sung gegen kotzende Sauftouris ist also, so eine Kotzsch\u00fcssel zu installieren? Nein, die L\u00f6sung w\u00e4re, keinen Alkohol zu verkaufen! Wer so&#8217;was mehr als 2x ben\u00fctzen muss, sollte sich wegen seiner Alkoholsucht in Behandlung begeben.<\/p>\n<p><a href='http:\/\/ski.inmontanis.info\/d\/307246-2\/DSC04810.jpg'><img src=http:\/\/ski.inmontanis.info\/d\/307245-3\/DSC04810.jpg \/><\/a><br \/>\n^ Ist doch richtig gem\u00fctlich, der Zugangsbereich zur EUB. Erst recht, wenn er voller Menschen ist.<\/p>\n<p><a href='http:\/\/ski.inmontanis.info\/d\/307250-2\/DSC04811.jpg'><img src=http:\/\/ski.inmontanis.info\/d\/307249-3\/DSC04811.jpg \/><\/a><br \/>\n^ 15EUB MillieniumExpress<\/p>\n<p><a href='http:\/\/ski.inmontanis.info\/d\/307254-2\/DSC04812.jpg'><img src=http:\/\/ski.inmontanis.info\/d\/307253-3\/DSC04812.jpg \/><\/a><br \/>\n^ .. mit Garagierung im oberen Stock, das ist ja mal ungew\u00f6hnlich<\/p>\n<p><a href='http:\/\/ski.inmontanis.info\/d\/307258-2\/DSC04814.jpg'><img src=http:\/\/ski.inmontanis.info\/d\/307257-3\/DSC04814.jpg \/><\/a><br \/>\n^ Blick von der EUB zu den recht weit entfernten Parkpl\u00e4tzen. Das w\u00e4re ja wohl besser gegangen.<\/p>\n<p><a href='http:\/\/ski.inmontanis.info\/d\/307262-2\/DSC04816.jpg'><img src=http:\/\/ski.inmontanis.info\/d\/307261-3\/DSC04816.jpg \/><\/a><br \/>\n^ 15EUB MillieniumExpress Talstation<\/p>\n<p><a href='http:\/\/ski.inmontanis.info\/d\/307266-2\/DSC04817.jpg'><img src=http:\/\/ski.inmontanis.info\/d\/307265-3\/DSC04817.jpg \/><\/a><br \/>\n^ Blick von der EUB zu den recht weit entfernten Parkpl\u00e4tzen. Das w\u00e4re ja wohl besser gegangen, entweder Parkpl\u00e4tze n\u00e4her zur EUB oder EUB n\u00e4her zu den Parkpl\u00e4tzen.<\/p>\n<p><a href='http:\/\/ski.inmontanis.info\/d\/307270-2\/DSC04818.jpg'><img src=http:\/\/ski.inmontanis.info\/d\/307269-3\/DSC04818.jpg \/><\/a><br \/>\n^ Neben dem Pistenplan gab es einen Korb, wo man sich gratis solche Bonbons (oder alternativ Traubenzucker) nehmen konnte.<\/p>\n<p><a href='http:\/\/ski.inmontanis.info\/d\/307274-2\/DSC04819.jpg'><img src=http:\/\/ski.inmontanis.info\/d\/307273-3\/DSC04819.jpg \/><\/a><br \/>\n^ Talabfahrt<\/p>\n<p><a href='http:\/\/ski.inmontanis.info\/d\/307278-2\/DSC04820.jpg'><img src=http:\/\/ski.inmontanis.info\/d\/307277-3\/DSC04820.jpg \/><\/a><br \/>\n^ Gailtal<\/p>\n<p><a href='http:\/\/ski.inmontanis.info\/d\/307282-2\/DSC04821.jpg'><img src=http:\/\/ski.inmontanis.info\/d\/307281-3\/DSC04821.jpg \/><\/a><br \/>\n^ 15EUB MillieniumExpress Mittelstation Sektion 1\/2. Man beachte den Bagger links<\/p>\n<p><a href='http:\/\/ski.inmontanis.info\/d\/307286-2\/DSC04822.jpg'><img src=http:\/\/ski.inmontanis.info\/d\/307285-3\/DSC04822.jpg \/><\/a><br \/>\n^ 15EUB MillieniumExpress Sektion 2<\/p>\n<p><a href='http:\/\/ski.inmontanis.info\/d\/307290-2\/DSC04826.jpg'><img src=http:\/\/ski.inmontanis.info\/d\/307289-3\/DSC04826.jpg \/><\/a><br \/>\n^ 15EUB MillieniumExpress Sektion 2<\/p>\n<p><a href='http:\/\/ski.inmontanis.info\/d\/307294-2\/DSC04829.jpg'><img src=http:\/\/ski.inmontanis.info\/d\/307293-3\/DSC04829.jpg \/><\/a><br \/>\n^ 15EUB MillieniumExpress Mittelstation Sektion 2\/3<\/p>\n<p><a href='http:\/\/ski.inmontanis.info\/d\/307298-2\/DSC04831.jpg'><img src=http:\/\/ski.inmontanis.info\/d\/307297-3\/DSC04831.jpg \/><\/a><br \/>\n^ Rechts 15EUB MillieniumExpress Sektion 3 und Gratabfahrt 45, in der Senke Bergstation 4KSB Tr\u00f6gl, am anderen Gipfel dahinter 4KSB Sonnleitn<\/p>\n<p>Im Sommer 1986 sah das so aus:<br \/>\n<img src=http:\/\/ski.inmontanis.info\/alte\/200201_Old1980s\/old1986_sommer_kaernten1.JPG \/><\/p>\n<p><a href='http:\/\/ski.inmontanis.info\/d\/307302-2\/DSC04832.jpg'><img src=http:\/\/ski.inmontanis.info\/d\/307301-3\/DSC04832.jpg \/><\/a><br \/>\n^ 15EUB MillieniumExpress und Blick r\u00fcber in den Gartnerkofel-Gebietsteil<\/p>\n<p>Im Sommer 1986 sah das so aus:<br \/>\n<img src=http:\/\/ski.inmontanis.info\/alte\/200201_Old1980s\/old1986_sommer_kaernten2.JPG \/><\/p>\n<p><img src=http:\/\/ski.inmontanis.info\/alte\/200201_Old1980s\/old1986_sommer_kaernten3.JPG \/><\/p>\n<p><a href='http:\/\/ski.inmontanis.info\/d\/307306-2\/DSC04833.jpg'><img src=http:\/\/ski.inmontanis.info\/d\/307305-3\/DSC04833.jpg \/><\/a><br \/>\n^ 4KSB Tr\u00f6gl \/ Gartnerkofel<\/p>\n<p><a href='http:\/\/ski.inmontanis.info\/d\/307310-2\/DSC04835.jpg'><img src=http:\/\/ski.inmontanis.info\/d\/307309-3\/DSC04835.jpg \/><\/a><br \/>\n^ 4KSB Gartnerkofel<\/p>\n<p><a href='http:\/\/ski.inmontanis.info\/d\/307314-2\/DSC04836.jpg'><img src=http:\/\/ski.inmontanis.info\/d\/307313-3\/DSC04836.jpg \/><\/a><br \/>\n^ 4KSB Gartnerkofel und Blick zur\u00fcck<\/p>\n<p><a href='http:\/\/ski.inmontanis.info\/d\/307318-2\/DSC04837.jpg'><img src=http:\/\/ski.inmontanis.info\/d\/307317-3\/DSC04837.jpg \/><\/a><br \/>\n^ Aus Italien kam leider eine Wolkendecke<\/p>\n<p><a href='http:\/\/ski.inmontanis.info\/d\/307322-2\/DSC04839.jpg'><img src=http:\/\/ski.inmontanis.info\/d\/307321-3\/DSC04839.jpg \/><\/a><br \/>\n^ Egal wie die hei\u00dft, ich nenn sie 4SB Hatwas. Denn die hat was. Cooles an sich.<\/p>\n<p><a href='http:\/\/ski.inmontanis.info\/d\/307326-2\/DSC04840.jpg'><img src=http:\/\/ski.inmontanis.info\/d\/307325-3\/DSC04840.jpg \/><\/a><br \/>\n^ R\u00fcckseitenpano Gartnerkofel mit der 4SB Hatwas ;)<\/p>\n<p><a href='http:\/\/ski.inmontanis.info\/d\/307330-2\/DSC04841.jpg'><img src=http:\/\/ski.inmontanis.info\/d\/307329-3\/DSC04841.jpg \/><\/a><br \/>\n^ Au\u00dfer der 4SB gibts hier noch 2 6KSBen, wobei nur die erste in Betrieb ist<\/p>\n<p><a href='http:\/\/ski.inmontanis.info\/d\/307334-2\/DSC04842.jpg'><img src=http:\/\/ski.inmontanis.info\/d\/307333-3\/DSC04842.jpg \/><\/a><br \/>\n^ 6KSB Garnitzen. Wenigstens mal keine Ledersitze<\/p>\n<p><a href='http:\/\/ski.inmontanis.info\/d\/307338-2\/DSC04843.jpg'><img src=http:\/\/ski.inmontanis.info\/d\/307337-3\/DSC04843.jpg \/><\/a><br \/>\n^ In Bildmitte 6KSB Madritschen, zu deren Bergstation auch die 15EUB geht. Rechts daneben 4KSB Tr\u00f6gl<\/p>\n<p><a href='http:\/\/ski.inmontanis.info\/d\/307342-2\/DSC04844.jpg'><img src=http:\/\/ski.inmontanis.info\/d\/307341-3\/DSC04844.jpg \/><\/a><br \/>\n^ 6KSB Madritschen und SL Babydoppel<\/p>\n<p><a href='http:\/\/ski.inmontanis.info\/d\/307346-2\/DSC04846.jpg'><img src=http:\/\/ski.inmontanis.info\/d\/307345-3\/DSC04846.jpg \/><\/a><br \/>\n^ Und der SL hei\u00dft nur Baby, dahinter der Grenz\u00fcbergang zu Italien<\/p>\n<p><a href='http:\/\/ski.inmontanis.info\/d\/307350-2\/DSC04849.jpg'><img src=http:\/\/ski.inmontanis.info\/d\/307349-3\/DSC04849.jpg \/><\/a><br \/>\n^ Kommt am Bild nicht so r\u00fcber, aber das ist eine ziemlich krasse, weil hohe und steile, sowie  nahe Felswand<\/p>\n<p><a href='http:\/\/ski.inmontanis.info\/d\/307354-2\/DSC04850.jpg'><img src=http:\/\/ski.inmontanis.info\/d\/307353-3\/DSC04850.jpg \/><\/a><br \/>\n^ 6KSB Rudnigsattel, dahinter EUB Trogkofel<\/p>\n<p><a href='http:\/\/ski.inmontanis.info\/d\/307358-2\/DSC04851.jpg'><img src=http:\/\/ski.inmontanis.info\/d\/307357-3\/DSC04851.jpg \/><\/a><br \/>\n^ 4KSB Sonnleitn<\/p>\n<p><a href='http:\/\/ski.inmontanis.info\/d\/307362-2\/DSC04852.jpg'><img src=http:\/\/ski.inmontanis.info\/d\/307361-3\/DSC04852.jpg \/><\/a><br \/>\n^ 4KSB Sonnleitn ist nicht die einzige 4KSB hier ohne Zutrittsschranken. Das ist ja schon nice.<\/p>\n<p><a href='http:\/\/ski.inmontanis.info\/d\/307366-3\/DSC04853.jpg'><img src=http:\/\/ski.inmontanis.info\/d\/307365-4\/DSC04853.jpg \/><\/a><br \/>\n^ 4KSB Sonnleitn. Hier gef\u00e4llts mir besser<\/p>\n<p><a href='http:\/\/ski.inmontanis.info\/d\/307370-3\/DSC04854.jpg'><img src=http:\/\/ski.inmontanis.info\/d\/307369-4\/DSC04854.jpg \/><\/a><br \/>\n^ 4KSB Sonnleitn<\/p>\n<p><a href='http:\/\/ski.inmontanis.info\/d\/307374-3\/DSC04855.jpg'><img src=http:\/\/ski.inmontanis.info\/d\/307373-4\/DSC04855.jpg \/><\/a><br \/>\n^ Blick von der Bergstation 4KSB Sonnleitn zur EUB Zweikofel, von wo aus auch die Talabfahrt startet<\/p>\n<p><a href='http:\/\/ski.inmontanis.info\/d\/307378-3\/ge_20221213b.jpg'><img src=http:\/\/ski.inmontanis.info\/d\/307377-4\/ge_20221213b.jpg \/><\/a><br \/>\n^ GPS-Track 13.12.2022<\/p>\n<p>Ich hab bereits um kurz nach 15 Uhr aufgeh\u00f6rt, hatte mich alles nicht \u00fcberzeugt, Pistenqualit\u00e4t, Skigebiet, Wetter. Ich entschied, morgen nicht hier fahren zu wollen, also statt &#8220;2 oder 3 Tage&#8221; nur einen Tag Nassfeld. Vielleicht gef\u00e4llt es mir hier im April etwas besser. Bei Firn ist es sowieso \u00fcberall geil.<\/p>\n<p>Also ging es westw\u00e4rts zum Stellplatz auf der Gailbergh\u00f6he. Dort zwar alles dunkel, aber Handynr via Internet gesucht und angerufen, wohnen gegen\u00fcber, er hat dann alles soweit erkl\u00e4rt und mir statt 18,- \u20ac f\u00fcr zwei Personen  wieder 10,- angeboten, also von mir aus, ich sag jetzt nicht mehr, dass ich das zu g\u00fcnstig finde. Das mit dem 10 \u20ac &#8211; Tarif auf einigen Campingpl\u00e4tzen in K\u00e4rnten ist ja schon faszinierend. Duschen gibt&#8217;s hier allerdings keine, das WC ist in einem kleinen Gasthaus. Wenn das Hotel im Haupthaus offen ist, kann man auch dort fr\u00fchst\u00fccken oder Semmeln morgens besorgen. So einen Br\u00f6tchenservice haben interessanterweise fast alle bisher angefahrenen Campingpl\u00e4tze in AT gehabt.<\/p>\n<p>Da ich beim Rauffahren nicht gesehen hab, ob in dem ger\u00e4umten Bereich unten auch Pl\u00e4tze und Strom sind (und ich mir den Plan im Internet nicht genau angesehen hatte, lt dem: ja, w\u00e4re wohl), hab ich mich nahe eines anderen Campervans gestellt &#8211; der anscheinend keinen Strom anzapfte aber direkt davor stand. Jedenfalls waren da doch recht pulvrige ca. 20cm Schnee, bei der Einfahrt hab ich den Motor dann auch quasi abgew\u00fcrgt. Da bin ich ja mal gespannt ob ich morgen rauskomm. Immerhin ist man hier etwas weiter von der Passstra\u00dfe weg als auf der unteren Ebene.<\/p>\n<p>Als ich vom WC-Besuch zur\u00fcck kam, wurde doch noch etwas Beleuchtung eingeschaltet. -10\u00b0 waren es, als ich gekommen bin. K\u00fchlschrank steht mittlerweile bei -1\u00b0 &#8230;<\/p>\n<p>Am n\u00e4chsten Morgen vor 7:30 Uhr ging dann das automatische T\u00fcrschloss an der Haust\u00fcr (zum WC, mit Zahlentasten) nicht, man h\u00f6rte es zwar werken, aber die T\u00fcr ging nicht auf. Zum Gl\u00fcck sah mich der Betreiber bei meinen erfolglosen Versuchen, als er sein Kind evtl. zur Schule oder in den Kindergarten fahren wollte und holte den Schl\u00fcssel.<\/p>\n<p>Wie sp\u00e4ter am Abend ja noch bef\u00fcrchtet, wurde es bei Tag dann sichtbar, dass die untere Ebene ger\u00e4umt gewesen w\u00e4re. Mit aktivierter Anfahrhilfe, r\u00fcckw\u00e4rts fahrend und stinkender Kupplung ging&#8217;s wohl gerade so, dass ich rauskam.<\/p>\n<p>Danach fiel mir ein, dass ich mich noch gar nicht entschieden hab, wo ich hinfahren m\u00f6chte ;) Aber das kommt im n\u00e4chsten Bericht. Eins vorweg: Der Schnee war weeeesentlich besser als am Nassfeld und der Umweg hatte sich gelohnt.<\/p>\n","protected":false},"excerpt":{"rendered":"<p>Di,13.12.2022<\/p>\n<p> ^ Die Sonne taut die von Innen gefrorene Scheibe auf<\/p>\n<p> ^ Autobahn \/ Gailtal<\/p>\n<p> ^ Gailtal<\/p>\n<p>Mein erster Skitag heute am Nassfeld. Allerdings bin ich schon ein oder zwei Lifte hier gefahren, und zwar im Sommer 1986. Da standen schon beide 4KSB (1985 gebaut). M\u00fcsste dann meine zweite 4er Sesselbahn gewesen <a href=\"http:\/\/blog.inmontanis.info\/?p=8129\">[&#8230;]<\/a><\/p>\n","protected":false},"author":1,"featured_media":8132,"comment_status":"closed","ping_status":"closed","sticky":false,"template":"","format":"standard","meta":{"footnotes":""},"categories":[214,13,27],"tags":[49,56,47],"class_list":["post-8129","post","type-post","status-publish","format-standard","has-post-thumbnail","hentry","category-nassfeld","category-austria","category-skifahren-winterskiing-winter","tag-4sb","tag-6sb","tag-sl","odd"],"_links":{"self":[{"href":"http:\/\/blog.inmontanis.info\/index.php?rest_route=\/wp\/v2\/posts\/8129","targetHints":{"allow":["GET"]}}],"collection":[{"href":"http:\/\/blog.inmontanis.info\/index.php?rest_route=\/wp\/v2\/posts"}],"about":[{"href":"http:\/\/blog.inmontanis.info\/index.php?rest_route=\/wp\/v2\/types\/post"}],"author":[{"embeddable":true,"href":"http:\/\/blog.inmontanis.info\/index.php?rest_route=\/wp\/v2\/users\/1"}],"replies":[{"embeddable":true,"href":"http:\/\/blog.inmontanis.info\/index.php?rest_route=%2Fwp%2Fv2%2Fcomments&post=8129"}],"version-history":[{"count":3,"href":"http:\/\/blog.inmontanis.info\/index.php?rest_route=\/wp\/v2\/posts\/8129\/revisions"}],"predecessor-version":[{"id":8133,"href":"http:\/\/blog.inmontanis.info\/index.php?rest_route=\/wp\/v2\/posts\/8129\/revisions\/8133"}],"wp:featuredmedia":[{"embeddable":true,"href":"http:\/\/blog.inmontanis.info\/index.php?rest_route=\/wp\/v2\/media\/8132"}],"wp:attachment":[{"href":"http:\/\/blog.inmontanis.info\/index.php?rest_route=%2Fwp%2Fv2%2Fmedia&parent=8129"}],"wp:term":[{"taxonomy":"category","embeddable":true,"href":"http:\/\/blog.inmontanis.info\/index.php?rest_route=%2Fwp%2Fv2%2Fcategories&post=8129"},{"taxonomy":"post_tag","embeddable":true,"href":"http:\/\/blog.inmontanis.info\/index.php?rest_route=%2Fwp%2Fv2%2Ftags&post=8129"}],"curies":[{"name":"wp","href":"https:\/\/api.w.org\/{rel}","templated":true}]}}