{"id":8123,"date":"2022-12-12T20:16:44","date_gmt":"2022-12-12T19:16:44","guid":{"rendered":"http:\/\/blog.inmontanis.info\/?p=8123"},"modified":"2022-12-13T20:28:30","modified_gmt":"2022-12-13T19:28:30","slug":"bad-kleinkirchheim-12-12-2022","status":"publish","type":"post","link":"http:\/\/blog.inmontanis.info\/?p=8123","title":{"rendered":"Bad Kleinkirchheim, 12.12.2022"},"content":{"rendered":"<p><strong>Mo,12.12.2022<\/strong> &#8211; Saisonskitag Nr. 13<\/p>\n<p>Mittlerweile wei\u00df ich schon die URL-Adresse f\u00fcr die interaktiven Pistenpl\u00e4ne auswendig &#8211; winter.intermaps.com\/ und dann den Ort eingeben. Da muss man manchmal etwas probieren, wenn der Skigebietsname mehr als nur aus einem Wort besteht oder bestehen kann.<\/p>\n<p><a href='http:\/\/extra.inmontanis.info\/d\/97930-2\/DSC04743.jpg'><img src=http:\/\/extra.inmontanis.info\/d\/97929-3\/DSC04743.jpg \/><\/a><br \/>\n^ Am Campingplatz, bis die Sonne auch zu mir kam, dauerte es<\/p>\n<p>Wurde kurz nach Abfahrt mal wieder von einem Magenta-Mitarbeiter telefonisch bel\u00e4stigt.  Aber naja, 15,- \u20ac statt 10 oder 11,- \u20ac bei 30 GB statt 10 GB h\u00f6rte sich doch sinnvoll an, zumal ich ja in den n\u00e4chsten Monaten mal h\u00e4ufiger in AT sein will als die letzten 2 Jahre.<\/p>\n<p><a href='http:\/\/extra.inmontanis.info\/d\/97934-2\/DSC04744.jpg'><img src=http:\/\/extra.inmontanis.info\/d\/97933-3\/DSC04744.jpg \/><\/a><br \/>\n^ Wird wohl das Skigebiet Goldeck sein, das seit meinem letzten Besuch leider komplett umgestylt wurde. Statt PB und SL gibt&#8217;s EUB+KSB und die r\u00fcckseitige Kurven-DSB wurde ersatzlos gestrichen :(<\/p>\n<p><a href='http:\/\/extra.inmontanis.info\/d\/97938-2\/DSC04745.jpg'><img src=http:\/\/extra.inmontanis.info\/d\/97937-3\/DSC04745.jpg \/><\/a><br \/>\n^ Millst\u00e4tter See<\/p>\n<p><a href='http:\/\/extra.inmontanis.info\/d\/97942-2\/DSC04747.jpg'><img src=http:\/\/extra.inmontanis.info\/d\/97941-3\/DSC04747.jpg \/><\/a><br \/>\n^ Millst\u00e4tter See<\/p>\n<p><a href='http:\/\/extra.inmontanis.info\/d\/97946-2\/DSC04750.jpg'><img src=http:\/\/extra.inmontanis.info\/d\/97945-3\/DSC04750.jpg \/><\/a><br \/>\n^ Auffahrt Bad Kleinkirchheim<\/p>\n<p><a href='http:\/\/ski.inmontanis.info\/d\/307148-2\/DSC04752.jpg'><img src=http:\/\/ski.inmontanis.info\/d\/307147-3\/DSC04752.jpg \/><\/a><br \/>\n^ 4EUB Nockalm derzeit als Zubringer in Betrieb &#8211; sch\u00f6n, dass es sie noch gibt<\/p>\n<p><a href='http:\/\/ski.inmontanis.info\/d\/307152-2\/DSC04754.jpg'><img src=http:\/\/ski.inmontanis.info\/d\/307151-3\/DSC04754.jpg \/><\/a><br \/>\n^ 4EUB Nockalm<\/p>\n<p><a href='http:\/\/ski.inmontanis.info\/d\/307156-2\/DSC04755.jpg'><img src=http:\/\/ski.inmontanis.info\/d\/307155-3\/DSC04755.jpg \/><\/a><br \/>\n^ 4EUB Nockalm. Diese alten 4er Kabinen sind mittlerweile auch schon sehr, sehr selten<\/p>\n<p><a href='http:\/\/ski.inmontanis.info\/d\/307160-2\/DSC04756.jpg'><img src=http:\/\/ski.inmontanis.info\/d\/307159-3\/DSC04756.jpg \/><\/a><br \/>\n^ 4EUB Nockalm<\/p>\n<p><a href='http:\/\/ski.inmontanis.info\/d\/307164-2\/DSC04759.jpg'><img src=http:\/\/ski.inmontanis.info\/d\/307163-3\/DSC04759.jpg \/><\/a><br \/>\n^ Pistenplan, in Betrieb die mittige 4EUB Nr. 17 als Zubringer und dann die Lifte oben rechts abgehend 18-19-20-21<\/p>\n<p><a href='http:\/\/ski.inmontanis.info\/d\/307168-2\/DSC04766.jpg'><img src=http:\/\/ski.inmontanis.info\/d\/307167-3\/DSC04766.jpg \/><\/a><br \/>\n^ 4EUB Nockalm Bergstation<\/p>\n<p><a href='http:\/\/ski.inmontanis.info\/d\/307172-2\/DSC04767.jpg'><img src=http:\/\/ski.inmontanis.info\/d\/307171-3\/DSC04767.jpg \/><\/a><br \/>\n^ Blick r\u00fcber zum restlichen Skigebiet Kaiserburg&amp;Co<\/p>\n<p><a href='http:\/\/ski.inmontanis.info\/d\/307176-2\/DSC04769.jpg'><img src=http:\/\/ski.inmontanis.info\/d\/307175-3\/DSC04769.jpg \/><\/a><br \/>\n^ 4EUB Nockalm<\/p>\n<p><a href='http:\/\/ski.inmontanis.info\/d\/307180-2\/DSC04771.jpg'><img src=http:\/\/ski.inmontanis.info\/d\/307179-3\/DSC04771.jpg \/><\/a><br \/>\n^ SL H\u00f6henlift, zwar sch\u00f6n lang, aber mit dem Flachteil leider nicht sonderlich zur Wiederholung geeignet<\/p>\n<p><a href='http:\/\/ski.inmontanis.info\/d\/307184-2\/DSC04774.jpg'><img src=http:\/\/ski.inmontanis.info\/d\/307183-3\/DSC04774.jpg \/><\/a><br \/>\n^ SL H\u00f6henlift und Panoramalift, dazwischen liegt die Bergstation der 4EUB<\/p>\n<p><a href='http:\/\/ski.inmontanis.info\/d\/307188-2\/DSC04775.jpg'><img src=http:\/\/ski.inmontanis.info\/d\/307187-3\/DSC04775.jpg \/><\/a><br \/>\n^ Talblick r\u00fcckseitig<\/p>\n<p><a href='http:\/\/ski.inmontanis.info\/d\/307192-2\/DSC04780.jpg'><img src=http:\/\/ski.inmontanis.info\/d\/307191-3\/DSC04780.jpg \/><\/a><br \/>\n^ Abfahrt 21 und Blick r\u00fcber zur 4SB Scharte, die jetzt nachmittags sch\u00f6n in der Sonne liegt<\/p>\n<p><a href='http:\/\/ski.inmontanis.info\/d\/307196-2\/DSC04781.jpg'><img src=http:\/\/ski.inmontanis.info\/d\/307195-3\/DSC04781.jpg \/><\/a><br \/>\n^ 4SB Scharte(nbahn)<\/p>\n<p><a href='http:\/\/ski.inmontanis.info\/d\/307200-2\/DSC04784.jpg'><img src=http:\/\/ski.inmontanis.info\/d\/307199-3\/DSC04784.jpg \/><\/a><br \/>\n^ 4SB Scharte +  Wiesernock. Beide steiler und l\u00e4nger, als man es vom Pistenplan vermuten w\u00fcrde<\/p>\n<p>\u00dcberhaupt eigentlich ein recht cooler Ort hier, gefangen und V-f\u00f6rmig abgehende Lifte. Noch cooler w\u00e4r es nat\u00fcrlich mit SL statt 4SB. <\/p>\n<p><a href='http:\/\/ski.inmontanis.info\/d\/307204-2\/DSC04786.jpg'><img src=http:\/\/ski.inmontanis.info\/d\/307203-3\/DSC04786.jpg \/><\/a><br \/>\n^ 6KSB Spitzeck ersetz neuerdings einen SL, schade. Noch dazu mit Zwangsverriegelung, wie es aussah. <\/p>\n<p><a href='http:\/\/ski.inmontanis.info\/d\/307208-2\/DSC04789.jpg'><img src=http:\/\/ski.inmontanis.info\/d\/307207-3\/DSC04789.jpg \/><\/a><br \/>\n^ 6KSB Spitzeck, bin ich dann gar nicht gefahren. Hatte keine Lust, mir den Skitag heute zu versauen und mich dar\u00fcber zu \u00e4rgern. Wobei bei einem 90\u00b0-Ausstieg die Zwangsverriegelung nicht gar so tragisch ist, weil man nach \u00d6ffnung ja noch genug Zeit hat, um sich &#8220;zu sortieren&#8221;.<\/p>\n<p><a href='http:\/\/ski.inmontanis.info\/d\/307212-2\/DSC04790.jpg'><img src=http:\/\/ski.inmontanis.info\/d\/307211-3\/DSC04790.jpg \/><\/a><br \/>\n^ 4EUB Nockalm<\/p>\n<p><a href='http:\/\/ski.inmontanis.info\/d\/307216-2\/DSC04791.jpg'><img src=http:\/\/ski.inmontanis.info\/d\/307215-3\/DSC04791.jpg \/><\/a><br \/>\n^ 4EUB Nockalm<\/p>\n<p><a href='http:\/\/ski.inmontanis.info\/d\/307220-2\/ge_20221212a.jpg'><img src=http:\/\/ski.inmontanis.info\/d\/307219-3\/ge_20221212a.jpg \/><\/a><br \/>\n^ GPS-Track 12.12.2022 in T\u00fcrkis und vorheriger Besuch in Orange<\/p>\n<p>Nach einem Supermarktbesuch ging es runter nach Radenhein, wo der Metzgerwirt momentan tats\u00e4chlich Karpfen hat, 18,80 \u20ac lt. Kartenaushang, naja, was soll&#8217;s, hab ja g\u00fcnstig \u00fcbernachtet in letzter Zeit und auch heute wieder (in Villach um einen 10er). Gebacken oder gekocht war die Frage vom Kellner und ich entschied mich f\u00fcr den gebackenen. WLAN gibts auch passwortlos.<\/p>\n<p>Was dann kam, hat mich aber schon schwer \u00fcberrascht &#8211; waren das eher Karpfen-Fischst\u00e4bchen:<\/p>\n<p><a href='http:\/\/extra.inmontanis.info\/d\/97950-2\/IMG_20221212_173755.jpg'><img src=http:\/\/extra.inmontanis.info\/d\/97949-3\/IMG_20221212_173755.jpg \/><\/a><br \/>\n^ So schaut also gebackener Karpfen in K\u00e4rnten aus&#8230;<\/p>\n<p>Durch die dicke Panade schmeckt man nicht mehr viel Karpfen &#8211; da sollte ich bei der n\u00e4chsten Bestellung wohl mal gekocht statt gebacken probieren. Oder serbisch (hat \u00fcbrigens nix mit Serbien zu tun, ist eine \u00f6sterreichische Zubereitungsart). Oder ich frag beim n\u00e4chsten gebackenen, ob &#8220;im Ganzen, als ein Filet oder als Fischst\u00e4bchen&#8221;.<\/p>\n<p>Sauce hab ich nur selten dazu genommmen, erstens bin ich eh kein Fan von dieser Sauce und sonst schmeckst ja vom Karpfengeschmack gar nix mehr.   Ok, beim Aufsto\u00dfen\/R\u00fclpsen die n\u00e4chsten Stunden machte er sich noch etwas bemerkbar.<\/p>\n<p>Das kleine Sodawasser ist mit 1,60 jedenfalls noch g\u00fcnsitg im Vergleich zu vielen Restaurants in Tirol. Zusammen 20,40 bzw. mit Trinkgeld 22,-<\/p>\n<p>Hernach ging&#8217;s noch nach Villach zum mittlerweile bekannten Campingplatz um 10,- \u20ac\/Nacht.<\/p>\n<p>Durch die kalten Temperaturen (-10\u00b0) hat sich der K\u00fchlschrank mittlerweile von selbst auf +1\u00b0 abgek\u00fchlt, nach dem Aufbau des Tisches sp\u00e4ter sank die Temperatur auf 0\u00b0. Wird vielleicht nicht ganz stimmen&#8230;<\/p>\n<p>Nachts lie\u00df ich den Heizer wieder auf kleiner 500W-Einstellung, machte diesmal aber meine 12V-Fu\u00dfheizung (=Sitzheizungsmatte) mit an. Stufe 1 reichte da wie \u00fcblich.<\/p>\n","protected":false},"excerpt":{"rendered":"<p>Mo,12.12.2022 &#8211; Saisonskitag Nr. 13<\/p>\n<p>Mittlerweile wei\u00df ich schon die URL-Adresse f\u00fcr die interaktiven Pistenpl\u00e4ne auswendig &#8211; winter.intermaps.com\/ und dann den Ort eingeben. Da muss man manchmal etwas probieren, wenn der Skigebietsname mehr als nur aus einem Wort besteht oder bestehen kann.<\/p>\n<p> ^ Am Campingplatz, bis die Sonne auch zu mir kam, dauerte es<\/p>\n<p> <a href=\"http:\/\/blog.inmontanis.info\/?p=8123\">[&#8230;]<\/a><\/p>\n","protected":false},"author":1,"featured_media":8125,"comment_status":"closed","ping_status":"closed","sticky":false,"template":"","format":"standard","meta":{"footnotes":""},"categories":[204,13,27],"tags":[42,49,56,45,47],"class_list":["post-8123","post","type-post","status-publish","format-standard","has-post-thumbnail","hentry","category-bad-kleinkirchheim","category-austria","category-skifahren-winterskiing-winter","tag-4eub","tag-4sb","tag-6sb","tag-see","tag-sl","odd"],"_links":{"self":[{"href":"http:\/\/blog.inmontanis.info\/index.php?rest_route=\/wp\/v2\/posts\/8123","targetHints":{"allow":["GET"]}}],"collection":[{"href":"http:\/\/blog.inmontanis.info\/index.php?rest_route=\/wp\/v2\/posts"}],"about":[{"href":"http:\/\/blog.inmontanis.info\/index.php?rest_route=\/wp\/v2\/types\/post"}],"author":[{"embeddable":true,"href":"http:\/\/blog.inmontanis.info\/index.php?rest_route=\/wp\/v2\/users\/1"}],"replies":[{"embeddable":true,"href":"http:\/\/blog.inmontanis.info\/index.php?rest_route=%2Fwp%2Fv2%2Fcomments&post=8123"}],"version-history":[{"count":2,"href":"http:\/\/blog.inmontanis.info\/index.php?rest_route=\/wp\/v2\/posts\/8123\/revisions"}],"predecessor-version":[{"id":8126,"href":"http:\/\/blog.inmontanis.info\/index.php?rest_route=\/wp\/v2\/posts\/8123\/revisions\/8126"}],"wp:featuredmedia":[{"embeddable":true,"href":"http:\/\/blog.inmontanis.info\/index.php?rest_route=\/wp\/v2\/media\/8125"}],"wp:attachment":[{"href":"http:\/\/blog.inmontanis.info\/index.php?rest_route=%2Fwp%2Fv2%2Fmedia&parent=8123"}],"wp:term":[{"taxonomy":"category","embeddable":true,"href":"http:\/\/blog.inmontanis.info\/index.php?rest_route=%2Fwp%2Fv2%2Fcategories&post=8123"},{"taxonomy":"post_tag","embeddable":true,"href":"http:\/\/blog.inmontanis.info\/index.php?rest_route=%2Fwp%2Fv2%2Ftags&post=8123"}],"curies":[{"name":"wp","href":"https:\/\/api.w.org\/{rel}","templated":true}]}}