{"id":8115,"date":"2022-12-09T19:13:17","date_gmt":"2022-12-09T18:13:17","guid":{"rendered":"http:\/\/blog.inmontanis.info\/?p=8115"},"modified":"2022-12-10T19:48:02","modified_gmt":"2022-12-10T18:48:02","slug":"gerlitzen-alpe-8-9-12-2022-panorama-toll-rest-naja","status":"publish","type":"post","link":"http:\/\/blog.inmontanis.info\/?p=8115","title":{"rendered":"Gerlitzen Alpe, 8.+9.12.2022 \/ Panorama toll, Rest NAJA"},"content":{"rendered":"<p><strong>Do,8.12.2022<\/strong><\/p>\n<p>(Vorabend)<br \/>\nDa ich den gestrigen Bericht ja schon abends online gestellt hatte, fehlen noch ein paar Erg\u00e4nzungen:<\/p>\n<p>Bin nochmals die Skigebiete durchgegangen &#8211; BKK wird ab Freitag wohl noch keine Talabfahrt an der EUB offen haben &#8211; dann wird das als Schlechtwetterskigebiet nicht in Frage kommen. Gerlitzen h\u00e4tte zumindest ab heute auch die Kl\u00f6sterle-Seite offen, am Katschberg ist nun auch wesentlich mehr ge\u00f6ffnet.<\/p>\n<p>Wie kalt es im Auto abends war, ohne mit dem Schuhheizer (wie in Skandinavien) etwas die W\u00e4rme nach hinten zu bringen, also nur das Heizger\u00e4t im Fahrerfu\u00dfraum, merkte man nicht nur am eiskalten St\u00fcck Metall 30cm links neben meinem Sitzplatz, sondern auch am K\u00fchlschrank, der von +4 auf +3\u00b0 abgek\u00fchlt ist, also w\u00e4hrend Tisch aufgebaut und Bett nicht dr\u00fcber war! Drau\u00dfen wohl um die -7\u00b0 hier oben am Campingplatz auf der Turracher H\u00f6he, also eigentlich ja nix im Vgl. zu Skandinavien letzten Winter ;)<\/p>\n<p>8.12.<\/p>\n<p>Die Scheiben waren morgens von innen (hinter den Schaumstoffen) gefroren &#8211;  trotz des \u00fcber Nacht gelaufenen Heizl\u00fcfters. Die kalten Stellen im Auto sind wie \u00fcblich ein regelrechter Feuchtigkeitsmagnet &#8211; entprechend trocken war die Luft, 20-23%.<\/p>\n<p>Somit hab ich heute 10 kWh verbraten. Gut, dass es inklusive war, sonst h\u00e4tt ich bei vielen 8,- \u20ac Strom zahlen m\u00fcssen, denn 0,80 \u20ac \/ kWh ist momentan \u00fcblich bei Campingpl\u00e4tzen.<\/p>\n<p><a href='http:\/\/ski.inmontanis.info\/d\/306798-2\/DSC04586.jpg'><img src=http:\/\/ski.inmontanis.info\/d\/306797-3\/DSC04586.jpg \/><\/a><br \/>\n^ Kombibahn und Sommerrodelbahn<\/p>\n<p><a href='http:\/\/ski.inmontanis.info\/d\/306802-2\/DSC04589.jpg'><img src=http:\/\/ski.inmontanis.info\/d\/306801-3\/DSC04589.jpg \/><\/a><br \/>\n^ Auffahrt Turracher H\u00f6he von S\u00fcden<\/p>\n<p><a href='http:\/\/ski.inmontanis.info\/d\/306806-2\/DSC04590.jpg'><img src=http:\/\/ski.inmontanis.info\/d\/306805-3\/DSC04590.jpg \/><\/a><br \/>\n^ Da scheint ja fast eine Abfahrt runter zur Stra\u00dfe zu gehen. Ist aber nicht im Plan.<\/p>\n<p><a href='http:\/\/ski.inmontanis.info\/d\/306812-2\/DSC04596.jpg'><img src=http:\/\/ski.inmontanis.info\/d\/306810-3\/DSC04596.jpg \/><\/a><br \/>\n^ Gerlitzen, Einstieg 4KSB Kl\u00f6sterle 1<\/p>\n<p>Endlich mein erster Skitag auf der Gerlitzen (Alpe) &#8211; da wollte ich ja auch schon lang mal her. Wegen des Panoramas, nicht wegen des Skigebiets. Mittlerweile die beiden Sektionen aus Kl\u00f6sterle offen, was bei dem Andrang auch n\u00f6tig war. Ohne Hauben taugen diese beiden 4KSB aber mal nicht als Schlechtwetterbahn. Die r\u00fcckseitige W\u00f6rthersee-6KSB ist dann gleich mal von der zweitnervigsten Sorte: Sitzabtrenner, automtische B\u00fcgel\/Zwangsverriegelung. Wenigstens Fu\u00dfraster (wenn auch winzige), dennoch nichts, was ich mir h\u00e4ufiger als n\u00f6tig antun m\u00f6chte, was heute 2 Fahrten bedeutete. Die n\u00e4chste Fahrt erst, wenn der Schlepplift darunter offen hat.<\/p>\n<p>Von der Bergstation der Zubringer-4EUB aus geht immerhin eine 4KSB mit Haube, dh. beides w\u00e4re f\u00fcr den schnnefallreichen, morgigen Tag ein anfahrbares Ziel, daher werde ich heute Abend einen Campingplatz am Rand von Villach anfahren.<\/p>\n<p>Eine 8KSB gibt&#8217;s auch noch oben &#8211; mit normalen Fu\u00dfrastern und ohne Zwangsverriegelung und ohne Sitzabtrenner und mit Sitzheizung wenigstens von der weniger nervigen Sorte, aber wegen der Ledersitze eiskalter R\u00fccken. Der SL am Gipfel lief leider noch nicht. <\/p>\n<p>Schnee war schlechter als die letzten Tage, durch die vielen Leute recht abgefahren, meist nur ca. 1 Abfahrt pro Lift offen. Wartezeiten gabs auch etwas, aber nicht problematisch. <\/p>\n<p>Die neue 4SB statt eines SL ist aber ja der Oberbl\u00f6dsinn, die startet n\u00e4mlich nicht unten am niedrigsten Ort, sondern \u00fcberquert noch ein schmales Tal, aber das bescheuertste, anstatt dass sie direkt zum Gipfel f\u00fchren w\u00fcrde und somit ihre eigenen Abfahrten erschlie\u00dfen w\u00fcrde, muss man danach noch die bescheuerte 6KSB fahren. Und weil das noch nicht m\u00fcllig genug ist, steht auf den B\u00fcgeln und den Stationen sowohl &#8220;automatic&#8221; wie &#8220;manual&#8221;, da kennt man sich also gar nicht mehr aus, ob man jetzt selbst \u00f6ffnen soll\/kann oder nicht. Anscheinend war der B\u00fcgel aber tats\u00e4chlich noch zwangsverriegelt (und danach zum selbst \u00f6ffnen) &#8211; oder die Skifahrer neben mir blockierten! Und Sitzabtrenner gabs auch noch.  <\/p>\n<p>Warum muss man in AT in letzter Zeit nur noch so einen M\u00fcll bauen??? Die werd ich wohl kein zweites Mal fahren.<\/p>\n<p>Apropos M\u00fcll, die \u00d6sis (das Wort verwend ich normalerweise nicht, aber hier muss ich es aus abwertenden Gr\u00fcnden tun) sind mittlerweile leider auch schon komplett indoktriniert, was die Schlie\u00dfb\u00fcgel angeht, erst nach der gr\u00fcnen LED-Bar den B\u00fcgel zu \u00f6ffnen. Boah, wie nervig. Wie angenehm vorgestern die Italiener, da war ich der letzte, weil ich bis zur letzten St\u00fctze warten wollte ;) Schade, dass die Weinebene, die schon alle SL (und nix anders gibt&#8217;s da) offen haben, so gar nicht auf dem Weg momentan liegt. Da \u00f6stlich von der Koralpe.<\/p>\n<p>Ab Mittag wurde es noch sehr sonnig, ich blieb aber trotzdem nur bis kurz nach 14 Uhr, entweder war der Lift kacke oder die Abfahrt oder beides ;) Au\u00dferdem sehr kalt.<\/p>\n<p>Mein n\u00e4chster Besuch hier &#8211; abgesehen von morgen wegen der 4EUB &#8211; wird erst wieder sein, wenn beide SL in Betrieb sind, der am Gipfel und der unterhalb der Nerv-6KSB &#8211; und es dazu sch\u00f6nes Panorama-Wetter hat. \u00d6fters muss ich mir die Gerlitzen wohl wirklich nicht antun. Schade, ein geiles Panorama reicht mir wohl doch nicht allein. Wobei es bis zu dem Bau dieser zwei neuen bescheuerten W\u00f6rthersee-Lifte mir wesentlich besser hier oben gefallen h\u00e4tte. Und wenn der SL am Gipfel offen gewesen w\u00e4re, h\u00e4tte es mir heute auch besser gefallen.<\/p>\n<p><a href='http:\/\/ski.inmontanis.info\/d\/306816-2\/DSC04669.jpg'><img src=http:\/\/ski.inmontanis.info\/d\/306815-3\/DSC04669.jpg \/><\/a><br \/>\n^ Pistenplan<\/p>\n<p><a href='http:\/\/ski.inmontanis.info\/d\/306820-2\/DSC04675.jpg'><img src=http:\/\/ski.inmontanis.info\/d\/306819-3\/DSC04675.jpg \/><\/a><br \/>\n^ Pistenplan. Die Pistenpl\u00e4ne gedruckt und die diversen im Skigebiet unterscheiden sich hier und da, insb. auch von der Pistennummerierung.<\/p>\n<p><a href='http:\/\/ski.inmontanis.info\/d\/306824-2\/DSC04598.jpg'><img src=http:\/\/ski.inmontanis.info\/d\/306823-3\/DSC04598.jpg \/><\/a><br \/>\n^ 4KSB Kl\u00f6sterle 1 und Parkpl\u00e4tze<\/p>\n<p><a href='http:\/\/ski.inmontanis.info\/d\/306828-2\/DSC04600.jpg'><img src=http:\/\/ski.inmontanis.info\/d\/306827-3\/DSC04600.jpg \/><\/a><br \/>\n^ Mittelstation 4KSB Kl\u00f6sterle 1 \/ 2<\/p>\n<p><a href='http:\/\/ski.inmontanis.info\/d\/306832-2\/DSC04606.jpg'><img src=http:\/\/ski.inmontanis.info\/d\/306831-3\/DSC04606.jpg \/><\/a><br \/>\n^ 4KSB Gipfelbahn, die zweite Sektion nach der Zubringer-4EUB<\/p>\n<p><a href='http:\/\/ski.inmontanis.info\/d\/306836-2\/DSC04607.jpg'><img src=http:\/\/ski.inmontanis.info\/d\/306835-3\/DSC04607.jpg \/><\/a><br \/>\n^ Gipfel-SL Pacheiner, leider noch nicht in Betrieb<\/p>\n<p><a href='http:\/\/ski.inmontanis.info\/d\/306840-2\/DSC04610.jpg'><img src=http:\/\/ski.inmontanis.info\/d\/306839-3\/DSC04610.jpg \/><\/a><br \/>\n^ Kanzelh\u00f6he und vorne DSB P\u00f6llinger<\/p>\n<p><a href='http:\/\/ski.inmontanis.info\/d\/306844-2\/DSC04613.jpg'><img src=http:\/\/ski.inmontanis.info\/d\/306843-3\/DSC04613.jpg \/><\/a><br \/>\n^ 8KSB Neugarten<\/p>\n<p><a href='http:\/\/ski.inmontanis.info\/d\/306848-2\/DSC04614.jpg'><img src=http:\/\/ski.inmontanis.info\/d\/306847-3\/DSC04614.jpg \/><\/a><br \/>\n^ Abfahrt 4KSB Kl\u00f6sterle 2<\/p>\n<p><a href='http:\/\/ski.inmontanis.info\/d\/306852-2\/DSC04615.jpg'><img src=http:\/\/ski.inmontanis.info\/d\/306851-3\/DSC04615.jpg \/><\/a><br \/>\n^ 4KSB Kl\u00f6sterle 1<\/p>\n<p><a href='http:\/\/ski.inmontanis.info\/d\/306856-2\/DSC04616.jpg'><img src=http:\/\/ski.inmontanis.info\/d\/306855-3\/DSC04616.jpg \/><\/a><br \/>\n^ 4KSB Kl\u00f6sterle 2<\/p>\n<p><a href='http:\/\/ski.inmontanis.info\/d\/306860-2\/DSC04617.jpg'><img src=http:\/\/ski.inmontanis.info\/d\/306859-3\/DSC04617.jpg \/><\/a><br \/>\n^ 4KSB Kl\u00f6sterle 2, rechts 8KSB Neugarten<\/p>\n<p><a href='http:\/\/ski.inmontanis.info\/d\/306864-2\/DSC04620.jpg'><img src=http:\/\/ski.inmontanis.info\/d\/306863-3\/DSC04620.jpg \/><\/a><br \/>\n^ Gipfel mit 4KSB Kl\u00f6sterle 2, links 6KSB W\u00f6rthersee, rechts 4KSB Gipfelbahn und SL; die 8KSB endet  rechts au\u00dferhalb des Bildes, also vor dem Gipfel<\/p>\n<p><a href='http:\/\/ski.inmontanis.info\/d\/306868-2\/DSC04621.jpg'><img src=http:\/\/ski.inmontanis.info\/d\/306867-3\/DSC04621.jpg \/><\/a><br \/>\n^ Nebelmeer<\/p>\n<p><a href='http:\/\/ski.inmontanis.info\/d\/306872-2\/DSC04623.jpg'><img src=http:\/\/ski.inmontanis.info\/d\/306871-3\/DSC04623.jpg \/><\/a><br \/>\n^ 4KSB Kl\u00f6sterle 2<\/p>\n<p><a href='http:\/\/ski.inmontanis.info\/d\/306876-2\/DSC04626.jpg'><img src=http:\/\/ski.inmontanis.info\/d\/306875-3\/DSC04626.jpg \/><\/a><br \/>\n^ Abfahrt 19 zur 4SB W\u00f6rthersee<\/p>\n<p><a href='http:\/\/ski.inmontanis.info\/d\/306880-2\/DSC04627.jpg'><img src=http:\/\/ski.inmontanis.info\/d\/306879-3\/DSC04627.jpg \/><\/a><br \/>\n^ Dort unten im Tal liegt Villach<\/p>\n<p><a href='http:\/\/ski.inmontanis.info\/d\/306884-2\/DSC04630.jpg'><img src=http:\/\/ski.inmontanis.info\/d\/306883-3\/DSC04630.jpg \/><\/a><br \/>\n^ Ohne Wolken k\u00f6nnte man vielleicht den einen oder anderen See sehen<\/p>\n<p><a href='http:\/\/ski.inmontanis.info\/d\/306888-2\/DSC04631.jpg'><img src=http:\/\/ski.inmontanis.info\/d\/306887-3\/DSC04631.jpg \/><\/a><br \/>\n^ 6KSB W\u00f6rthersee, rechts 4SB W\u00f6rthersee, beides leider M\u00fcll-Anlagen<\/p>\n<p><a href='http:\/\/ski.inmontanis.info\/d\/306892-2\/DSC04633.jpg'><img src=http:\/\/ski.inmontanis.info\/d\/306891-3\/DSC04633.jpg \/><\/a><br \/>\n^ Panoramatechnisch ist Gerlitzen schon toll<\/p>\n<p><a href='http:\/\/ski.inmontanis.info\/d\/306896-2\/DSC04634.jpg'><img src=http:\/\/ski.inmontanis.info\/d\/306895-3\/DSC04634.jpg \/><\/a><br \/>\n^ 4SB W\u00f6rthersee, ersetzt neuerdings einen SL und erschlie\u00dft nicht ihre eigenen Abfahrten, da man die 6KSB danach fahren muss. Bescheuert.<\/p>\n<p><a href='http:\/\/ski.inmontanis.info\/d\/306900-2\/DSC04635.jpg'><img src=http:\/\/ski.inmontanis.info\/d\/306899-3\/DSC04635.jpg \/><\/a><br \/>\n^ 6KSB W\u00f6rthersee, leider von der schlimmsten Sorte. Links runter w\u00fcrde noch ein SL gehen, leider noch nicht offen<\/p>\n<p><a href='http:\/\/ski.inmontanis.info\/d\/306904-2\/DSC04636.jpg'><img src=http:\/\/ski.inmontanis.info\/d\/306903-3\/DSC04636.jpg \/><\/a><br \/>\n^ 6KSB W\u00f6rthersee und mit den Abfahrten zur 4SB<\/p>\n<p><a href='http:\/\/ski.inmontanis.info\/d\/306908-2\/DSC04637.jpg'><img src=http:\/\/ski.inmontanis.info\/d\/306907-3\/DSC04637.jpg \/><\/a><br \/>\n^ Abfahrt 4KSB Gipfelbahn und Blick nach Villach<\/p>\n<p><a href='http:\/\/ski.inmontanis.info\/d\/306912-2\/DSC04639.jpg'><img src=http:\/\/ski.inmontanis.info\/d\/306911-3\/DSC04639.jpg \/><\/a><br \/>\n^ DSB P\u00f6llinger mit ungewohnten Schle\u00dfb\u00fcgeln \u00e0 la Von Roll oder Marchisio<\/p>\n<p><a href='http:\/\/ski.inmontanis.info\/d\/306916-2\/DSC04640.jpg'><img src=http:\/\/ski.inmontanis.info\/d\/306915-3\/DSC04640.jpg \/><\/a><br \/>\n^ DSB P\u00f6llinger und einzig ge\u00f6ffnete Abfahrt an der 4KSB Gipfelbahn, dazu schmal = viele eisig abgefahrene Stellen<\/p>\n<p><a href='http:\/\/ski.inmontanis.info\/d\/306920-2\/DSC04641.jpg'><img src=http:\/\/ski.inmontanis.info\/d\/306919-3\/DSC04641.jpg \/><\/a><br \/>\n^ DSB Moser, 4EUB Kanzel Bergstation und Talstation 4KSB Gipfel<\/p>\n<p><a href='http:\/\/ski.inmontanis.info\/d\/306924-2\/DSC04642.jpg'><img src=http:\/\/ski.inmontanis.info\/d\/306923-3\/DSC04642.jpg \/><\/a><br \/>\n^ 4KSB Gipfel, dahinter der Berg, der von der 4EUB nach der Bergfahrt wieder runter gefahren wird. Die ganzen H\u00e4user im Kanzelh\u00f6henbereich sind wohl nur mittels Skiweg mehr schlecht als recht angeschlossen.<\/p>\n<p><a href='http:\/\/ski.inmontanis.info\/d\/306928-2\/DSC04644.jpg'><img src=http:\/\/ski.inmontanis.info\/d\/306927-3\/DSC04644.jpg \/><\/a><br \/>\n^ 4KSB Gipfel; links die H\u00e4nge des SL Pacheiner<\/p>\n<p>Am 8.12. d\u00fcrfen Superm\u00e4rkte in AT ja offen haben, aber in letzter Zeit haben sich immer weniger dazu entschlossen, Billa, Hofer und Lidl sind mittlerweile wohl nicht mehr offen, evtl. noch ein paar Spar, aber die auf dem Weg nach Villach sahen alle geschlossen aus. In Villach waren dann erst einige M\u00f6belh\u00e4user offen und dann das Einkaufszentrum im S\u00fcden, wo es auch einen Interspar geben sollte &#8211; aber naja, die Parkplatzsituation war zu vergessen, alles voll und irgendwo in der riesigen Tiefgarage, wo ich dann gar nicht wei\u00df, wo ich zum Interspar hin muss &#8211; und f\u00fcr die paar Sachen, die ich brauch, war mir das alles zu bl\u00f6d. Mach ich halt Nudeln, hab ja noch das Pesto offen. Und Wei\u00dfbrot reicht auch noch f\u00fcr morgen, also morgen dann einkaufen.<\/p>\n<p>Der Campingplatz in Villach fing auch wieder nervig an. Ungef\u00e4hr 100x steht angeschrieben, dass man sich am Buffet registrieren lassen soll, das &#8220;am Campingausgang links&#8221; sein soll. Ich steh an der Ein- und Ausfahrt, da ist ein gro\u00dfes Haus am Schwimmbecken (ob das aber im Sommer noch in Betrieb ist), wo aber nirgends ein Buffet zu sehen ist und im oberen Stock schauts nach Baustelle aus. Dann gibt&#8217;s noch ein Restaurant samt Laden innen auf dem Platz, beides geschlossen und wo die selben Informationen stehen und auf dem gro\u00dfem Plan ist auch keine Rede von einem &#8220;Buffet&#8221; o.\u00e4.<\/p>\n<p>Mangels Alterntiven also anrufen. Wobei nirgends auf den Zetteln um den Platz eine Telefonnummer zu sehen war. Aber auf der Homepage. Da ging aber niemand ran. Nach 15min nochmals probiert, wieder nix. Also nochmals auf den Campingpatz geschaut und rumgelaufen.<\/p>\n<p>Die L\u00f6sung war, dass der Platz noch eine zweite (kleinere) Ein\/Ausfahrt hatte. Da war dann das Buffet und ich konnte mich registrieren. Die Preise waren noch g\u00fcnstiger als angeschlagen, nur 10,- \u20ac musste ich pro Nacht zahlen, inkl. Strom! Auf meinen Einwand, dass das zu g\u00fcnsitg sei, meinte die Betreiberin, dass sie f\u00fcr 2 Personen 15,- verlangen w\u00fcrde und mir somit einen Nachlass geben wollte&#8230; Also bezahlte ich g\u00fcnstige 20,- \u20ac f\u00fcr zwei N\u00e4chte, wie geil ist das denn. <\/p>\n<p>Daf\u00fcr ist aber momentan nur eine Sanit\u00e4reinrichtung offen, weil der Rest am Platz wohl nicht beheizt werden kann, nur das unterhalb des Buffets. Da gibt&#8217;s wohl nur 2 WCs (ohne Geschlechtertrennung) und 2 Duschen und &#8211; noch nie bisher gesehen &#8211; 3 Waschkabinen, also alles einzeln zum Absperren wie WC-Kabinen eben. F\u00fcr den ganzen Platz ist das nat\u00fcrlich etwas wenig, im Sommer gibts aber viel mehr. Duschen kosten 0,50 \u20ac. <\/p>\n<p>Es herrscht freie Platzwahl, aber es gibt teilweise gar keine Pl\u00e4tze, die als solche definiert sind, also jedenfalls keine oder wenig erkennbare Parzellen. Man weiss gar nicht, wo man denn nun genau stehen darf oder wo der Vorplatz zu einem der Dauercamper geh\u00f6rt &#8211; dazu noch die Frage wo der n\u00e4chste Strom ist. Der bunt zusammengew\u00fcrfelte Haufen mag nat\u00fcrlich auch ein gewisses Flair haben und wirkt jedenfalls weniger steril als gro\u00dfe Campingpl\u00e4tze mit einer Parzelle neben der anderen.<\/p>\n<p>Nat\u00fcrlich wieder vergessen, wegen WLAN-Passwort zu fragen &#8211; aber der Empfang w\u00e4re hier hinten eh sehr schlecht. Wobei auch 4G teils nicht sehr viel Empfang hat. Und selbst wenn mehr Balken da sind, komm ich mir vor wie beim Roaming mit der britischen SIM-Karte, so lahm ist das zumindest abends.<\/p>\n<p>Schade, dass BKK (Bad Kleinkirchheim) etwas weit weg ist von hier, aber von hier aus kommt neben Gerlitzen und Arnoldstein noch Goldeck in Frage, wobei von den dreien mir Arnoldstein vermutlich am besten gefallen wird, also mittlerweile wohl sicher, als ich Arnoldstein und Goldeck zuletzt besucht hatte, war Goldeck ja auch noch viel besser. Andererseits kann man bei den g\u00fcnstigen Preisen hier nat\u00fcrlich auch etwas weiter fahren, wenn&#8217;s sein muss..<\/p>\n<p><strong>Fr, 9.12.2022<\/strong><\/p>\n<p>Morgens lagen ca. 2cm Neuschnee, wobei es danach einige Stunden kaum geschneit hatte. Blo\u00df und bl\u00f6derweise um 11 Uhr fing es dann wieder st\u00e4rker an, wenn ich mein Kabel zusammenr\u00e4umen muss.<\/p>\n<p>Sehr cool, an der 4EUB-Talstation am Ossiacher See gibt&#8217;s ein kleines Parkhaus, und in der untersten, also \u00fcberdachten, Ebene war noch genug Platz heute Mittag &#8211; somit trocken ein- und aussteigen k\u00f6nnen. Gratis \u00fcbrigens.<\/p>\n<p>Schnee war gut und besser als gestern, Sicht hat auch gepasst (au\u00dfer unter den Sesselhauben), nur der Einstieg oben in die Piste ist etwas bl\u00f6d, da noch nicht die direktere Abfahrt offen ist.<\/p>\n<p>Einerseits: Wenn man jeden Tag Ski fahren kann, muss man nicht an jedem Schlechtwettertag fahren<br \/>\nAndrerseits: Wenn man die Saisonkarte hat, kann man auch bei Schlechtwetter mal 1-2 St\u00fcndchen fahren.<\/p>\n<p>Mit ca. 2,5-3 m\/s war die 4KSB heute recht langsam unterwegs, st\u00f6rt aber ja nicht. Ich fuhr um 14:10 wieder runter, was 4 Abfahrten entsprach + 1x F\u00f6rderband. H\u00e4tte auch noch \u00f6fters gekonnt, aber wollte die Kleidung nicht zu nass werden lassen. <\/p>\n<p><a href='http:\/\/ski.inmontanis.info\/d\/306932-2\/DSC04648.jpg'><img src=http:\/\/ski.inmontanis.info\/d\/306931-3\/DSC04648.jpg \/><\/a><br \/>\n^ Parkhaus Talstation 4EUB Kanzel<\/p>\n<p><a href='http:\/\/ski.inmontanis.info\/d\/306936-2\/DSC04650.jpg'><img src=http:\/\/ski.inmontanis.info\/d\/306935-3\/DSC04650.jpg \/><\/a><br \/>\n^ Talstation und Strecke 4EUB Kanzel, war fr\u00fcher mal eine PB<\/p>\n<p><a href='http:\/\/ski.inmontanis.info\/d\/306940-2\/DSC04651.jpg'><img src=http:\/\/ski.inmontanis.info\/d\/306939-3\/DSC04651.jpg \/><\/a><br \/>\n^ Ex-PB Kanzel<\/p>\n<p><a href='http:\/\/ski.inmontanis.info\/d\/306944-2\/DSC04652.jpg'><img src=http:\/\/ski.inmontanis.info\/d\/306943-3\/DSC04652.jpg \/><\/a><br \/>\n^ Ex-PB Kanzel<\/p>\n<p><a href='http:\/\/ski.inmontanis.info\/d\/306948-2\/DSC04654.jpg'><img src=http:\/\/ski.inmontanis.info\/d\/306947-3\/DSC04654.jpg \/><\/a><br \/>\n^ weitere alte Fotos; die PB lief also bis 1987, danach wurde die 4EUB gebaut<\/p>\n<p><a href='http:\/\/ski.inmontanis.info\/d\/306952-2\/DSC04656.jpg'><img src=http:\/\/ski.inmontanis.info\/d\/306951-3\/DSC04656.jpg \/><\/a><br \/>\n^ 4EUB Kanzel Talstation<\/p>\n<p><a href='http:\/\/ski.inmontanis.info\/d\/306956-2\/DSC04659.jpg'><img src=http:\/\/ski.inmontanis.info\/d\/306955-3\/DSC04659.jpg \/><\/a><br \/>\n^ 4EUB Kanzel mit Blick auf den Ossiacher See<\/p>\n<p><a href='http:\/\/ski.inmontanis.info\/d\/306960-2\/DSC04662.jpg'><img src=http:\/\/ski.inmontanis.info\/d\/306959-3\/DSC04662.jpg \/><\/a><br \/>\n^ 4EUB Kanzel<\/p>\n<p><a href='http:\/\/ski.inmontanis.info\/d\/306964-2\/DSC04664.jpg'><img src=http:\/\/ski.inmontanis.info\/d\/306963-3\/DSC04664.jpg \/><\/a><br \/>\n^ 4EUB Kanzel<\/p>\n<p><a href='http:\/\/ski.inmontanis.info\/d\/306968-2\/DSC04665.jpg'><img src=http:\/\/ski.inmontanis.info\/d\/306967-3\/DSC04665.jpg \/><\/a><br \/>\n^ 4EUB Kanzel, wundert mich etwas, dass sie nicht irgendwo an der h\u00f6chsten Stelle eine Zwischenstation hat &#8211; oder gleich die Bergstation<\/p>\n<p><a href='http:\/\/ski.inmontanis.info\/d\/306972-2\/DSC04666.jpg'><img src=http:\/\/ski.inmontanis.info\/d\/306971-3\/DSC04666.jpg \/><\/a><br \/>\n^ .. stattdessen f\u00fchrt die 4EUB Kanzel wieder ein St\u00fcck nach unten<\/p>\n<p><a href='http:\/\/ski.inmontanis.info\/d\/306976-2\/DSC04668.jpg'><img src=http:\/\/ski.inmontanis.info\/d\/306975-3\/DSC04668.jpg \/><\/a><br \/>\n^ 4EUB Kanzel Bergstation<\/p>\n<p><a href='http:\/\/ski.inmontanis.info\/d\/306980-2\/DSC04670.jpg'><img src=http:\/\/ski.inmontanis.info\/d\/306979-3\/DSC04670.jpg \/><\/a><br \/>\n^ 4EUB Kanzel Bergstation<\/p>\n<p>Bei den 4 Fahrten mit der 4KSB war nichts fotogenes dabei, was ich nicht schon gestern fotografiert h\u00e4tte.<\/p>\n<p><a href='http:\/\/ski.inmontanis.info\/d\/306984-2\/DSC04672.jpg'><img src=http:\/\/ski.inmontanis.info\/d\/306983-3\/DSC04672.jpg \/><\/a><br \/>\n^ Das F\u00f6rderband hei\u00dft ernsthaft Kanzelbahn Gallery X-Press. Aua-aua-aua..<\/p>\n<p><a href='http:\/\/ski.inmontanis.info\/d\/306988-2\/DSC04679.jpg'><img src=http:\/\/ski.inmontanis.info\/d\/306987-3\/DSC04679.jpg \/><\/a><br \/>\n^ 4EUB Kanzel mit Blick auf den Ossiacher See<\/p>\n<p><a href='http:\/\/ski.inmontanis.info\/d\/306992-3\/DSC04681.jpg'><img src=http:\/\/ski.inmontanis.info\/d\/306991-4\/DSC04681.jpg \/><\/a><br \/>\n^ 4EUB Kanzel mit Blick auf den Ossiacher See<\/p>\n<p><a href='http:\/\/ski.inmontanis.info\/d\/306996-3\/DSC04683.jpg'><img src=http:\/\/ski.inmontanis.info\/d\/306995-4\/DSC04683.jpg \/><\/a><br \/>\n^ 4EUB Kanzel mit Blick auf den Ossiacher See. Vom Panorama her lohnt sich der Einstieg ins Skigebiet von hier aus.<\/p>\n<p><a href='http:\/\/ski.inmontanis.info\/d\/307000-3\/DSC04684.jpg'><img src=http:\/\/ski.inmontanis.info\/d\/306999-4\/DSC04684.jpg \/><\/a><br \/>\n^ 4EUB Kanzel Talstation. So sch\u00f6n die Rolltreppen sind, aber das St\u00fcck darunter nervt leider, keine Treppen, steil und vermutlich schnell rutschig. Heut ging&#8217;s zum Gl\u00fcck.<\/p>\n<p><a href='http:\/\/ski.inmontanis.info\/d\/307004-3\/DSC04685.jpg'><img src=http:\/\/ski.inmontanis.info\/d\/307003-4\/DSC04685.jpg \/><\/a><br \/>\n^ Alte, aber nicht ganz alte, PB-Kabine<\/p>\n<p><a href='http:\/\/ski.inmontanis.info\/d\/307008-3\/ge20221208-09b.jpg'><img src=http:\/\/ski.inmontanis.info\/d\/307007-4\/ge20221208-09b.jpg \/><\/a><br \/>\n^ GPS-Track 8.+9.12.2022<\/p>\n<p>Auf dem Weg zur\u00fcck zum Campingplatz lag au\u00dfer Hofer und Lidl auch ein Billa Plus, was fr\u00fcher ja Merkur war, also gr\u00f6\u00dfer, mehr Auswahl. Leider viel zu viel eingekauft, 50 \u20ac, das muss alles wieder verstaut werden. Ich hab mir sogar eine Backmischung f\u00fcr Gew\u00fcrzkuchen und eine Gew\u00fcrzmischung f\u00fcr Honiglebkuchen mitgenommen &#8211; wenn ich schon im Sommer daheim bleiben will, k\u00f6nnte ich ja erstmals probieren, einen Kuchen zu backen, zumindest h\u00e4tte ich daf\u00fcr dann Zeit ;)<\/p>\n<p>TK-Pizzam\u00e4\u00dfig gab&#8217;s leider nix brauchbares, keine Kebap-Pizza wie in Schweden, keine Chicken-BBQ-Pizza wie im UK,  nur die \u00fcblichen Standardsachen, m\u00e4h. Daher Wedges und Cevapcici mitgenommen. Das geht problemlos im Topf, 2-3x. Plus 2 gek\u00fchlte und 2 ungek\u00fchlte Fertiggerichte, die halten ja beide einige Zeit. Preislich nat\u00fcrlich bei weitem nicht so g\u00fcnstigen wie im UK oder in Schweden &#8211; was nicht ganz richtig ist, denn die g\u00fcnstigeren im UK+Schweden sind ja tiefgek\u00fchlt, nicht nur gek\u00fchlt. <\/p>\n<p>Was ja auch noch im &#8220;Keller&#8221; liegt, neben dem heuer noch nicht verwendeten, teuren, norwegischen Schuhheizer &#8211; die gebrauchte Lichtmaschine. Hatte mir eigentlich gedacht, gleich einbauen zu lassen, um zu wissen, ob sie funktioniert oder ob ich da via ebay M\u00fcll gekauft hab. W\u00e4r heuer wohl auch g\u00fcnstiger als n\u00e4chstes Jahr, wenn die Werkst\u00e4tten wieder ihre Preise erh\u00f6hen. Oder man l\u00e4sst das mal in Italien machen, da sind die Stundens\u00e4tze ja normalerweise auch g\u00fcnstiger. Oder ich warte, bis meine komplett ausgelutscht ist. Dann hab ich das Teil halt ggf. noch l\u00e4nger unterm Bett. <\/p>\n<p>Nachmittags lag auch in Villach und am Camingplatz mehr Schnee als noch zu Mittag, auch wenn es eher schneeregnete oder eisregnete oder regnete momentan.<\/p>\n<p><a href='http:\/\/extra.inmontanis.info\/d\/97926-2\/DSC04687.jpg'><img src=http:\/\/extra.inmontanis.info\/d\/97925-3\/DSC04687.jpg \/><\/a><br \/>\n^ Verschneites Villach<\/p>\n<p>War bis gestern f\u00fcr morgen+\u00fcbermorgen noch f\u00fcr Nassfeld etwas weniger Schneefall gemeldet, schaut es nun \u00fcberall recht \u00e4hnlich aus, so dass ich von dem her wohl nichts bevorzugen sollte. Da man ja in AT leider selbst mit Spikes+Allrad nicht von der Schneekettenpflicht befreit ist (manchmal mit Allrad bergw\u00e4rts), will ich aber nichts fahren, wo ich Schneeketten aufziehen m\u00fcsste &#8211; zu umst\u00e4ndlich und zeitaufw\u00e4ndig, d.h. Katschberg und Turrach fallen aus.. Ja, man k\u00f6nnte Katschberg \u00fcbern Tauerntunnel anfahren, aber das kostet ja extra Maut.<\/p>\n<p>Auf einen dritten Tag Gerlitzen hab ich aber gar keine Lust. Alternative Nassfeld &#8211; scheinen aber momentan nur bubblelose Lifte offen zu sein, bleibt sonst also nur die Zubringerbahn in der 3. Sektion als Schlechtwetterbahn mit offener Abfahrt. BKK hat die Talabfahrt an der EUB nicht offen. M\u00f6lltaler an der EUB wird wohl miese Sicht sein und sp\u00e4testens mit Heiligenblut (und weiter Osttirol) ist das schon ein weiter Umweg f\u00fcr nicht wirklich lohnenswert was offen derzeit.<\/p>\n<p>.. ich wart ich mal ab, wie Wettervorhersagen und Kettenpflichten morgen fr\u00fch aussehen ..<\/p>\n","protected":false},"excerpt":{"rendered":"<p>Do,8.12.2022<\/p>\n<p>(Vorabend) Da ich den gestrigen Bericht ja schon abends online gestellt hatte, fehlen noch ein paar Erg\u00e4nzungen:<\/p>\n<p>Bin nochmals die Skigebiete durchgegangen &#8211; BKK wird ab Freitag wohl noch keine Talabfahrt an der EUB offen haben &#8211; dann wird das als Schlechtwetterskigebiet nicht in Frage kommen. Gerlitzen h\u00e4tte zumindest ab heute auch die Kl\u00f6sterle-Seite <a href=\"http:\/\/blog.inmontanis.info\/?p=8115\">[&#8230;]<\/a><\/p>\n","protected":false},"author":1,"featured_media":8117,"comment_status":"closed","ping_status":"closed","sticky":false,"template":"","format":"standard","meta":{"footnotes":""},"categories":[203,13,27],"tags":[42,49,56,57,77,45],"class_list":["post-8115","post","type-post","status-publish","format-standard","has-post-thumbnail","hentry","category-gerlitzen","category-austria","category-skifahren-winterskiing-winter","tag-4eub","tag-4sb","tag-6sb","tag-8sb","tag-nebelmeer","tag-see","odd"],"_links":{"self":[{"href":"http:\/\/blog.inmontanis.info\/index.php?rest_route=\/wp\/v2\/posts\/8115","targetHints":{"allow":["GET"]}}],"collection":[{"href":"http:\/\/blog.inmontanis.info\/index.php?rest_route=\/wp\/v2\/posts"}],"about":[{"href":"http:\/\/blog.inmontanis.info\/index.php?rest_route=\/wp\/v2\/types\/post"}],"author":[{"embeddable":true,"href":"http:\/\/blog.inmontanis.info\/index.php?rest_route=\/wp\/v2\/users\/1"}],"replies":[{"embeddable":true,"href":"http:\/\/blog.inmontanis.info\/index.php?rest_route=%2Fwp%2Fv2%2Fcomments&post=8115"}],"version-history":[{"count":2,"href":"http:\/\/blog.inmontanis.info\/index.php?rest_route=\/wp\/v2\/posts\/8115\/revisions"}],"predecessor-version":[{"id":8118,"href":"http:\/\/blog.inmontanis.info\/index.php?rest_route=\/wp\/v2\/posts\/8115\/revisions\/8118"}],"wp:featuredmedia":[{"embeddable":true,"href":"http:\/\/blog.inmontanis.info\/index.php?rest_route=\/wp\/v2\/media\/8117"}],"wp:attachment":[{"href":"http:\/\/blog.inmontanis.info\/index.php?rest_route=%2Fwp%2Fv2%2Fmedia&parent=8115"}],"wp:term":[{"taxonomy":"category","embeddable":true,"href":"http:\/\/blog.inmontanis.info\/index.php?rest_route=%2Fwp%2Fv2%2Fcategories&post=8115"},{"taxonomy":"post_tag","embeddable":true,"href":"http:\/\/blog.inmontanis.info\/index.php?rest_route=%2Fwp%2Fv2%2Ftags&post=8115"}],"curies":[{"name":"wp","href":"https:\/\/api.w.org\/{rel}","templated":true}]}}