{"id":8111,"date":"2022-12-07T18:28:15","date_gmt":"2022-12-07T17:28:15","guid":{"rendered":"http:\/\/blog.inmontanis.info\/?p=8111"},"modified":"2022-12-07T18:28:15","modified_gmt":"2022-12-07T17:28:15","slug":"turracher-hohe-6-7-12-2022","status":"publish","type":"post","link":"http:\/\/blog.inmontanis.info\/?p=8111","title":{"rendered":"Turracher H\u00f6he, 6.+7.12.2022"},"content":{"rendered":"<p><strong>Di, 6.12.2022<\/strong><\/p>\n<p>Gestern mal wieder etwas mit dem \u00dcbernachten im Auto aus rechtlicher Sicht besch\u00e4ftigt, das ja in \u00d6sterreich je nach Bundesland etwas anders geregelt ist. Wie schon einmal erw\u00e4hnt, liest man fast immer, dass es in Tirol verboten ist &#8211; was aber, sofern das nicht ge\u00e4ndert wurde in letzter Zeit &#8211; nicht stimmt, denn das Verbot gilt nur f\u00fcr \u00dcbernachtungen aus touristischen Gr\u00fcnden &#8211; nicht zB wenn man also in der N\u00e4he seiner Arbeit oder f\u00fcr seine Arbeit oder bei einem Besuch seiner Eltern im Camper schlafen w\u00fcrde. Evtl. geht auch Fahrtt\u00fcchtigkeitswiederherstellung als Argument, insbesondere bei Durchreise.<\/p>\n<p>Ob ich Arbeit oder Verwandtenbesuch allerdings in Osttirol geltend machen k\u00f6nnte, d\u00fcrfte bezweifelt werden ;-)<\/p>\n<p>In K\u00e4rnten betrifft das Verbot, soweit ich das verstehe, nur die freie Landschaft au\u00dferhalb von Siedlungsbereichen. D.h. auf einem Parkplatz innerhalb eines Ortes sollte es kein Problem sein. Aber kann anscheinend auch von der Gemeinde verboten werden, angeblich soll das zB. in BKK der Fall sein.<\/p>\n<p>In Salzburg ist es noch schwieriger, insofern dass es generell die Gemeinden selbst regeln.<\/p>\n<p>In der Steiermark wiederum gibt es wohl weder ein Gesetz f\u00fcr die Erlaubnis (au\u00dfer im alpinen \u00d6dland), noch f\u00fcr ein Verbot. Au\u00dfer nat\u00fcrlich f\u00fcr private Parkpl\u00e4tze &#8211; da entscheidet der Inhaber. Und der Wald ist \u00f6sterreichweit tabu. Dh Seilbahnparkplatz m\u00fcsste man bei der Seilbahn nachfragen, Gemeindeparkplatz sollte dann ja in Ordnung gehen? Ist bei Skigebieten aber vielleicht nicht so leicht zu erkennen, wozu ein Parkplatz geh\u00f6rt.<\/p>\n<p>H\u00e4tte ich heute ganz fr\u00fch wegfahren m\u00fcssen, h\u00e4tte ich meine Spikes gut gebraucht, denn die Stra\u00dfe hier am Hof\/Campingplatz war vereist. So hab ich aber immerhin mal wieder die Spikes an den Schuhen umschnallen k\u00f6nnen.<\/p>\n<p>Leider auch das Auto von au\u00dfen komplett vereist, insbesondere an den Skiern oben. Hoffentlich taut das bis Mittag. Allerdings ist das Tal hier eng und sehr schattig, so dass die Sonne erst recht sp\u00e4t im Winter auf den Platz scheint.<\/p>\n<p><a href='http:\/\/extra.inmontanis.info\/d\/97874-2\/DSC04515.jpg'><img src=http:\/\/extra.inmontanis.info\/d\/97873-3\/DSC04515.jpg \/><\/a><br \/>\n^ Schaut nach Regentropfen aus, ist aber alles Eis!!<\/p>\n<p>Logisch sinnvoll nach 2 Tagen Katschberg w\u00e4re ja, nun auch 2 Tage in Turrach bzw. auf der Turracher H\u00f6he zu bleiben. Die n\u00e4chsten und recht nahen ge\u00f6ffneten Skigebiete s\u00fcdlich davon sind Bad Kleinkirchheim (noch nicht) und Gerlitzen. Was da am Feiertag 8.12. von den Leuten her sinnvoller ist? Zudem wird f\u00fcr Freitag+Samstag ja wieder schlechter gemeldet&#8230;<\/p>\n<p>Die Auffahrt ins Skigebiet durch das Tal war jedenfalls schon mal nett:<\/p>\n<p><a href='http:\/\/extra.inmontanis.info\/d\/97878-2\/DSC04518.jpg'><img src=http:\/\/extra.inmontanis.info\/d\/97877-3\/DSC04518.jpg \/><\/a><br \/>\n^ Turrach, Fluss und Stra\u00dfe nordseitig des Passes<\/p>\n<p><a href='http:\/\/extra.inmontanis.info\/d\/97882-2\/DSC04520.jpg'><img src=http:\/\/extra.inmontanis.info\/d\/97881-3\/DSC04520.jpg \/><\/a><br \/>\n^ Turrach, Fluss und Stra\u00dfe nordseitig des Passes<\/p>\n<p><a href='http:\/\/extra.inmontanis.info\/d\/97886-2\/DSC04521.jpg'><img src=http:\/\/extra.inmontanis.info\/d\/97885-3\/DSC04521.jpg \/><\/a><br \/>\n^ Auffahrt Turracher H\u00f6he vom Norden<\/p>\n<p><a href='http:\/\/extra.inmontanis.info\/d\/97890-2\/DSC04525.jpg'><img src=http:\/\/extra.inmontanis.info\/d\/97889-3\/DSC04525.jpg \/><\/a><br \/>\n^ Der LKW muss hier schon Ketten anlegen? Ich merk beim Fahren noch gar nicht, dass Schnee auf der Stra\u00dfe liegt..<\/p>\n<p>Heute also mein erster Tag auf der Turracher H\u00f6he, einem nicht sehr typischen Pass-Skigebiet, da es kaum bis keine Parallellifte gibt, die Lifte in verschiedene Himmelsrichtung gehen und teils R\u00fcckseiten erschlossen sind.<\/p>\n<p>Die Kornock-6KSB ist vermutlich das Highlight hier in jeder Hinsicht, lang, sch\u00f6nes Pano, abwechslungsreiche Abfahrten sogar mit Grat-St\u00fcck. Ebenfalls noch offen ist momentan Zirbenwald, die ist doch eher Durchschnitt, also langweilig.<\/p>\n<p><a href='http:\/\/ski.inmontanis.info\/d\/306702-2\/DSC04527.jpg'><img src=http:\/\/ski.inmontanis.info\/d\/306700-3\/DSC04527.jpg \/><\/a><br \/>\n^ Auffahrt Turracher H\u00f6he vom Norden<\/p>\n<p><a href='http:\/\/ski.inmontanis.info\/d\/306706-2\/DSC04528.jpg'><img src=http:\/\/ski.inmontanis.info\/d\/306705-3\/DSC04528.jpg \/><\/a><br \/>\n^ Turracher H\u00f6he, h\u00f6chster Bereich der Passstra\u00dfe<\/p>\n<p><a href='http:\/\/ski.inmontanis.info\/d\/306710-2\/DSC04559.jpg'><img src=http:\/\/ski.inmontanis.info\/d\/306709-3\/DSC04559.jpg \/><\/a><br \/>\n^ Pistenplan, der SL Hirschkogel fehlt hier aber noch<\/p>\n<p><a href='http:\/\/ski.inmontanis.info\/d\/306714-2\/DSC04529.jpg'><img src=http:\/\/ski.inmontanis.info\/d\/306713-3\/DSC04529.jpg \/><\/a><br \/>\n^ Pano nach K\u00e4rnten samt Nebelmeer von der Bergstation Kornock-6KSB<\/p>\n<p><a href='http:\/\/ski.inmontanis.info\/d\/306718-2\/DSC04533.jpg'><img src=http:\/\/ski.inmontanis.info\/d\/306717-3\/DSC04533.jpg \/><\/a><br \/>\n^ Gipfel oberhalb Kornock-6KSB<\/p>\n<p><a href='http:\/\/ski.inmontanis.info\/d\/306722-2\/DSC04535.jpg'><img src=http:\/\/ski.inmontanis.info\/d\/306721-3\/DSC04535.jpg \/><\/a><br \/>\n^ Tal dahinter<\/p>\n<p><a href='http:\/\/ski.inmontanis.info\/d\/306726-2\/DSC04539.jpg'><img src=http:\/\/ski.inmontanis.info\/d\/306725-3\/DSC04539.jpg \/><\/a><br \/>\n^ 6KSB Kornock<\/p>\n<p><a href='http:\/\/ski.inmontanis.info\/d\/306730-2\/DSC04540.jpg'><img src=http:\/\/ski.inmontanis.info\/d\/306729-3\/DSC04540.jpg \/><\/a><br \/>\n^ Abfahrt 1 von 6KSB Kornock, eine Gratabfahrt, das ist aber nett. Am Ende zu sehen: Bergstation 6KSB Schafalm<\/p>\n<p><a href='http:\/\/ski.inmontanis.info\/d\/306734-2\/DSC04542.jpg'><img src=http:\/\/ski.inmontanis.info\/d\/306733-3\/DSC04542.jpg \/><\/a><br \/>\n^ Blick von der Grat-Abfahrt runter zum See, gegen\u00fcber ist dann die DSB Sonne, auf deren R\u00fcckseite der SL Weitental verl\u00e4uft<\/p>\n<p><a href='http:\/\/ski.inmontanis.info\/d\/306738-2\/DSC04545.jpg'><img src=http:\/\/ski.inmontanis.info\/d\/306737-3\/DSC04545.jpg \/><\/a><br \/>\n^ Richtung Norden ist die Steiermark<\/p>\n<p><a href='http:\/\/ski.inmontanis.info\/d\/306742-2\/DSC04547.jpg'><img src=http:\/\/ski.inmontanis.info\/d\/306741-3\/DSC04547.jpg \/><\/a><br \/>\n^ 6KSB Kornock und rechts daneben der neu gebaute SL Hirschkogel. Na wenigstens hei\u00dft er nicht Funparkexpressjet ;)<\/p>\n<p><a href='http:\/\/ski.inmontanis.info\/d\/306746-2\/DSC04549.jpg'><img src=http:\/\/ski.inmontanis.info\/d\/306745-3\/DSC04549.jpg \/><\/a><br \/>\n^ R\u00fcckseitenpano von der Gratabfahrt<\/p>\n<p><a href='http:\/\/ski.inmontanis.info\/d\/306750-2\/DSC04550.jpg'><img src=http:\/\/ski.inmontanis.info\/d\/306749-3\/DSC04550.jpg \/><\/a><br \/>\n^ Neuer SL Hirschkogel. Bin ja \u00fcber jeden neuen SL froh, der nicht nur ein kurzer \u00dcbungslift ist. Dass DM mittlerweile auch in AT keine Schr\u00e4g-T-St\u00fctzen-B\u00fcgel-SL mehr baut ist auch cool.<\/p>\n<p><a href='http:\/\/ski.inmontanis.info\/d\/306754-2\/DSC04551.jpg'><img src=http:\/\/ski.inmontanis.info\/d\/306753-3\/DSC04551.jpg \/><\/a><br \/>\n^ Vorne SL Hirschkogel, Blick zum Pass und gegen\u00fcber verl\u00e4uft der SL Wildkopf<\/p>\n<p><a href='http:\/\/ski.inmontanis.info\/d\/306758-2\/DSC04552.jpg'><img src=http:\/\/ski.inmontanis.info\/d\/306757-3\/DSC04552.jpg \/><\/a><br \/>\n^ SL Wildkopf, soll n\u00e4chstes Jahr mit einem 6er Sessel ersetzt werden. L\u00e4uft sehr langsam, hat einen arg kurzen Geh\u00e4ngeabstand (der n\u00e4chste kommt schon, ist der vorherige Skifahrer noch gar nicht richtig weg) und die direkte Piste von Stangerlfahrern verwendet &#8211; das wird nicht mein Lieblingslift hier werden.<\/p>\n<p>Wegen der K\u00fcrze muss man aber bef\u00fcrchten, dass das hier eine fu\u00dfrasterlose Zwangsverriegelungs-SB wird. Dann lieber der SL wie jetzt..<\/p>\n<p><a href='http:\/\/ski.inmontanis.info\/d\/306762-2\/DSC04553.jpg'><img src=http:\/\/ski.inmontanis.info\/d\/306761-3\/DSC04553.jpg \/><\/a><br \/>\n^ Verbindung SL Wildkopf &#8211; 6KSB Zirbenwald<\/p>\n<p><a href='http:\/\/ski.inmontanis.info\/d\/306766-2\/DSC04554.jpg'><img src=http:\/\/ski.inmontanis.info\/d\/306765-3\/DSC04554.jpg \/><\/a><br \/>\n^ wenig spannende Abfahrt 18 zur 6KSB Zirbenwald<\/p>\n<p><a href='http:\/\/ski.inmontanis.info\/d\/306770-2\/DSC04555.jpg'><img src=http:\/\/ski.inmontanis.info\/d\/306769-3\/DSC04555.jpg \/><\/a><br \/>\n^ wenig spannende Abfahrt 18 zur 6KSB Zirbenwald<\/p>\n<p><a href='http:\/\/ski.inmontanis.info\/d\/306774-2\/DSC04557.jpg'><img src=http:\/\/ski.inmontanis.info\/d\/306773-3\/DSC04557.jpg \/><\/a><br \/>\n^ Abfahrt 19 an der 6KSB Zirbenwald<\/p>\n<p><a href='http:\/\/ski.inmontanis.info\/d\/306778-3\/DSC04562.jpg'><img src=http:\/\/ski.inmontanis.info\/d\/306777-4\/DSC04562.jpg \/><\/a><br \/>\n^ Noch Bauarbeiten am SL Hirschkogel<\/p>\n<p>Hab nachmittags mal an der Kasse nachgefragt wegen \u00dcbernachtung am Parkplatz, meinte sie &#8220;offiziell nicht&#8221; &#8211; also weniger entspannt wie am M\u00f6lltaler. Auf p4n gibts sowohl einen, der an einem der Liftparkpl\u00e4tze mal eine Strafe bekam, allerdings auch einige, die an (anderen) Pl\u00e4tzen kein Problem hatten. Auf der Zufahrt heute gab&#8217;s, wenn, eigentlich auch nur ganz unten einen halbwegs brauchbaren Rastplatz. <\/p>\n<p>War aber doch noch gut, runter gefahren zu sein, nicht gar so kalt wie am Pass und so kam ich nochmals an dem hohen Steg vorbei, der mir beim Rauffahren zu Mittag gar nicht aufgefallen ist.<\/p>\n<p><a href='http:\/\/extra.inmontanis.info\/d\/97894-2\/DSC04564.jpg'><img src=http:\/\/extra.inmontanis.info\/d\/97893-3\/DSC04564.jpg \/><\/a><br \/>\n^ Hoher Steg mit Klamm und ehemaliger Stra\u00dfe<\/p>\n<p><a href='http:\/\/extra.inmontanis.info\/d\/97898-2\/DSC04565.jpg'><img src=http:\/\/extra.inmontanis.info\/d\/97897-3\/DSC04565.jpg \/><\/a><br \/>\n^ Ex-Stra\u00dfe neben Turrach<\/p>\n<p><a href='http:\/\/extra.inmontanis.info\/d\/97902-2\/DSC04566.jpg'><img src=http:\/\/extra.inmontanis.info\/d\/97901-3\/DSC04566.jpg \/><\/a><br \/>\n^ Ex-Stra\u00dfe<\/p>\n<p><a href='http:\/\/extra.inmontanis.info\/d\/97906-2\/DSC04567.jpg'><img src=http:\/\/extra.inmontanis.info\/d\/97905-3\/DSC04567.jpg \/><\/a><br \/>\n^ Ex-Stra\u00dfe und Klettersteig<\/p>\n<p><a href='http:\/\/extra.inmontanis.info\/d\/97910-2\/DSC04568.jpg'><img src=http:\/\/extra.inmontanis.info\/d\/97909-3\/DSC04568.jpg \/><\/a><br \/>\n^ Alte und neue Stra\u00dfe<\/p>\n<p><a href='http:\/\/extra.inmontanis.info\/d\/97914-2\/DSC04570.jpg'><img src=http:\/\/extra.inmontanis.info\/d\/97913-3\/DSC04570.jpg \/><\/a><br \/>\n^ Infotafel<\/p>\n<p><a href='http:\/\/extra.inmontanis.info\/d\/97918-2\/DSC04571.jpg'><img src=http:\/\/extra.inmontanis.info\/d\/97917-3\/DSC04571.jpg \/><\/a><br \/>\n^ Hoher Steg. Der Weg hinauf war relativ steil, wollte ich wegen Rutschgefahr nicht probieren<\/p>\n<p><a href='http:\/\/extra.inmontanis.info\/d\/97922-2\/DSC04572.jpg'><img src=http:\/\/extra.inmontanis.info\/d\/97921-3\/DSC04572.jpg \/><\/a><br \/>\n^ Hoher Steg mit Tunnel<\/p>\n<p>Mittlerweile (oder seit wann auch immer) gibt es zuckerfreie Himberlimonade in \u00d6sterreich. Warum es die nicht schon l\u00e4ngst gab &#8211; ist ja quasi Skiwasser &#8211; hab ich mich zuvor ja schon lang gefragt. Wie die wohl im Vgl zu Schweden und Gro\u00dfbritannien schmeckt? Nach dem ersten Schluck w\u00fcrd ich eher sagen, so gut wie in Schweden vom ICA-Supermarkt, also besser als im UK.<\/p>\n<p>Da ich die Batterie morgen am Campingplatz ja wieder nachladen kann, war ich heute nicht zu sparsam und feuerte die Standheizung etwas h\u00e4ufiger an.<\/p>\n<p>Eigentlich h\u00e4tte BKK ja morgen aufsperren wollen, aber nun auf Freitag verschoben. Freitag bis Sonntag ist aber mal wieder Schneefall gemeldet. Da BKK und Gerlitzen quasi direkt unter Turrach liegen, h\u00e4tte ich eines von den beiden am Feiertag \u00fcbermorgen gerne besucht &#8211; wenn nur Gerlitzen aufhat, wird&#8217;s wohl Gerlitzen werden. Wenn ich einen offenen Campingplatz finde (die zwei in der Gegend hab ich mal angeschrieben, bis zum n\u00e4chsten Abend aber nur von einem eine mittelm\u00e4\u00dfige Antwort erhalten, mit 24,80 \u20ac inkl. 6kWh Strom zudem etwas teurer als zuletzt), k\u00f6nnte ich also entweder BKK am Freitag fahren oder es mal am Nassfeld probieren. <\/p>\n<p>Durch den Regen haben auch andere ihren Saisonstart nach hinten verschoben, schade. Damit weit weniger Auswahl dieses WE. Die meisten Osttiroler bleiben noch beim 8.12. inkl. t\u00e4glicher \u00d6ffnung, aber da schaut&#8217;s ja mit Campingplatz schlecht aus.<\/p>\n<p><strong>Mi, 7.12.2022<\/strong><\/p>\n<p>Gestern abends war es sch\u00f6n ruhig auf der Stra\u00dfe, aber der morgendliche (LKW-) Verkehr schien schon vor 6 Uhr eingesetzt zu haben, somit ich auch wegen K\u00e4lte nicht mehr einschlafen konnte. Standheizung hatte ich erst f\u00fcr 6:40 zum Einschalten eingestellt. Minimumtemp. innen vorne war dann 1,4\u00b0, geht also noch.<\/p>\n<p>Um 7:40 Uhr war ich nicht der einzige, der schon am Parkplatz der Kornockbahn war, allerdings h\u00f6rte der schon nach 10 Uhr wieder auf. Heute weniger sonnig und auch k\u00e4lter, -3\u00b0 bis -6\u00b0 an der Talstation, da hab ich die heizbaren Handschuhe angehabt. Schnee wie gestern aber recht gut, zumeist pulvrig-griffig und nur wenig h\u00e4rtere Bereiche.<\/p>\n<p><a href='http:\/\/ski.inmontanis.info\/d\/306782-3\/DSC04582.jpg'><img src=http:\/\/ski.inmontanis.info\/d\/306781-4\/DSC04582.jpg \/><\/a><br \/>\n^ 6KSB Kornock<\/p>\n<p><a href='http:\/\/ski.inmontanis.info\/d\/306786-3\/DSC04584.jpg'><img src=http:\/\/ski.inmontanis.info\/d\/306785-4\/DSC04584.jpg \/><\/a><br \/>\n^ Blick von der Bergstation 6KSB Zirbenwald r\u00fcber zur Kornock-Seite<\/p>\n<p><a href='http:\/\/ski.inmontanis.info\/d\/306790-3\/DSC04585.jpg'><img src=http:\/\/ski.inmontanis.info\/d\/306789-4\/DSC04585.jpg \/><\/a><br \/>\n^ So einen komischen Kleiderhaken hab ich auch noch nie gesehen, hier in den WC-Kabinen<\/p>\n<p><a href='http:\/\/ski.inmontanis.info\/d\/306794-3\/ge20221206-07b.jpg'><img src=http:\/\/ski.inmontanis.info\/d\/306793-4\/ge20221206-07b.jpg \/><\/a><br \/>\n^ GPS-Track 6.+7.12.2022<\/p>\n<p>Der Campingplatz, der direkt an der Kombibahn liegt, kostete 21,- oder knapp dr\u00fcber, bin heute der einzige. Silvester soll der Platz mit 36 Fahrzeugen voll sein, insb. Tschechen. Da wird&#8217;s an dem einen WC (Herren) morgens auch Wartezeiten geben ;)<\/p>\n<p>WLAN gibt&#8217;s leider keins am Platz &#8211; nur im Aufenthaltsraum im Hauptgeb\u00e4ude, da ist auch ein Kaffeeautomat. Leider nicht aufgepasst, ob es eine Mikrowelle gegeben h\u00e4tte. <\/p>\n<p>Schad halt, dass die Kombibahn noch nicht in Betrieb ist, sonst w\u00e4r ich noch einen Tag geblieben. Nicht wegen der Kombibahn, sondern weil ich eben das Auto am Campingplatz h\u00e4tte stehen lassen k\u00f6nnen. Liegt hier \u00fcbrigens schon in K\u00e4rnten. Der Hauptteil vom Skigebiet allerdings in der Steiermark.<\/p>\n<p>Aktuell verwend ich nur den ersten der beiden letztes Jahr gekauften Auto-Heizer, der glaub 500+1200W hat und ja wegen des abgebrochenen Umfall-Schutz-Stiftes ersetzt werden musste, der andere hatte dann 700+1400W oder so. Den ersten hab ich im Sommer ja wieder repariert, insofern dass ich den Schalter einfach festgeklebt hatte, da das Ger\u00e4t bei seiner Bauweise ja sowieso nicht umfallen kann.<\/p>\n<p>Den Schuhheizer hab ich noch nicht installiert und liegt auch noch im &#8220;Keller&#8221;, also unterm Bett, wobei es bei den momentanen Temperaturen vielleicht sinnvoll bzw. bald n\u00f6tig sein k\u00f6nnte, zudem er ja die Temperatur besser nach hinten verteilt dank seiner &#8220;Arme&#8221;. Zum Aufw\u00e4rmen der Skischuhe morgens verwend ich daher den alten therm-ic-Schuhtrockner. Feuermelder ist auch wieder dabei, der hatte letztens am M\u00f6lltaler komplett unbegr\u00fcndet losgeheult.<\/p>\n<p>Was insofern gut war, dass ich letzte Woche nochmals heimgefahren bin, weil ich mir da jetzt meine Stromz\u00e4hlersteckdose mitgenommen hab. Da seh ich genau, wieviel Ampere und Watt ich verbrauch bzw. wieviel ich auf dem Campingplatz dann verbraucht hab &#8211; praktisch bei denen, die nur eine gewisse Anzahl an kWh inkludiert haben.<\/p>\n","protected":false},"excerpt":{"rendered":"<p>Di, 6.12.2022<\/p>\n<p>Gestern mal wieder etwas mit dem \u00dcbernachten im Auto aus rechtlicher Sicht besch\u00e4ftigt, das ja in \u00d6sterreich je nach Bundesland etwas anders geregelt ist. Wie schon einmal erw\u00e4hnt, liest man fast immer, dass es in Tirol verboten ist &#8211; was aber, sofern das nicht ge\u00e4ndert wurde in letzter Zeit &#8211; nicht stimmt, denn <a href=\"http:\/\/blog.inmontanis.info\/?p=8111\">[&#8230;]<\/a><\/p>\n","protected":false},"author":1,"featured_media":8113,"comment_status":"closed","ping_status":"closed","sticky":false,"template":"","format":"standard","meta":{"footnotes":""},"categories":[13,27,202],"tags":[56,87,77,45,47],"class_list":["post-8111","post","type-post","status-publish","format-standard","has-post-thumbnail","hentry","category-austria","category-skifahren-winterskiing-winter","category-turrach","tag-6sb","tag-grotteklamm","tag-nebelmeer","tag-see","tag-sl","odd"],"_links":{"self":[{"href":"http:\/\/blog.inmontanis.info\/index.php?rest_route=\/wp\/v2\/posts\/8111","targetHints":{"allow":["GET"]}}],"collection":[{"href":"http:\/\/blog.inmontanis.info\/index.php?rest_route=\/wp\/v2\/posts"}],"about":[{"href":"http:\/\/blog.inmontanis.info\/index.php?rest_route=\/wp\/v2\/types\/post"}],"author":[{"embeddable":true,"href":"http:\/\/blog.inmontanis.info\/index.php?rest_route=\/wp\/v2\/users\/1"}],"replies":[{"embeddable":true,"href":"http:\/\/blog.inmontanis.info\/index.php?rest_route=%2Fwp%2Fv2%2Fcomments&post=8111"}],"version-history":[{"count":2,"href":"http:\/\/blog.inmontanis.info\/index.php?rest_route=\/wp\/v2\/posts\/8111\/revisions"}],"predecessor-version":[{"id":8114,"href":"http:\/\/blog.inmontanis.info\/index.php?rest_route=\/wp\/v2\/posts\/8111\/revisions\/8114"}],"wp:featuredmedia":[{"embeddable":true,"href":"http:\/\/blog.inmontanis.info\/index.php?rest_route=\/wp\/v2\/media\/8113"}],"wp:attachment":[{"href":"http:\/\/blog.inmontanis.info\/index.php?rest_route=%2Fwp%2Fv2%2Fmedia&parent=8111"}],"wp:term":[{"taxonomy":"category","embeddable":true,"href":"http:\/\/blog.inmontanis.info\/index.php?rest_route=%2Fwp%2Fv2%2Fcategories&post=8111"},{"taxonomy":"post_tag","embeddable":true,"href":"http:\/\/blog.inmontanis.info\/index.php?rest_route=%2Fwp%2Fv2%2Ftags&post=8111"}],"curies":[{"name":"wp","href":"https:\/\/api.w.org\/{rel}","templated":true}]}}