{"id":8098,"date":"2022-11-28T14:56:14","date_gmt":"2022-11-28T13:56:14","guid":{"rendered":"http:\/\/blog.inmontanis.info\/?p=8098"},"modified":"2022-12-02T16:13:49","modified_gmt":"2022-12-02T15:13:49","slug":"molltaler-gletscher-2728-11-2022-2-12","status":"publish","type":"post","link":"http:\/\/blog.inmontanis.info\/?p=8098","title":{"rendered":"M\u00f6lltaler Gletscher, 27+28.11.2022 (\/-2.12.)"},"content":{"rendered":"<p><strong>So, 27.11.2022<\/strong><\/p>\n<p>Reisetag #1? Soll ich das diesmal z\u00e4hlen? Ist ja keine klassische Reise und befinde mich nur in Tagesausflugsreichweite von daheim. Hat auch den Vorteil, dass ich bei Krankheit einfach heimfahren kann ..<\/p>\n<p>Das vielleicht spannendste des Tages war ja, ob ich vormittags mit dem Auto aus meinem Parkplatz komm. Es liegen nach wie vor mindestens 20cm Schnee um das Auto, der mittlerweile gefestigt und nass ist, bzw. \u00fcber Nacht dann gefriert. Auf meiner Seite dagegen Allrad und Spikereifen mit noch sehr tiefem Profil (was wohl wichtiger als die Spikes sein wird) und kein Schnee direkt unter den Reifen. Ansonsten muss ich zur Schneeschaufel am Hauseingang greifen. <\/p>\n<p>Hat problemlos geklappt.<\/p>\n<p>Wie so h\u00e4ufig, wurden die Wettervorhersagen f\u00fcr morgen und \u00fcbermorgen schlechter &#8211; l\u00e4sst mich wieder etwas \u00fcberlegen, ob ich heut nun starten soll oder nicht. Allerdings musste ich noch einiges zusammenpacken und somit kam ich nicht wie geplant um 10 Uhr, sondern erst 10:30 Uhr weg, was bei dem sonnigen Wetter etwas schade ist, bei 2,5 Stunden Fahrt zum M\u00f6lltaler, weil sonst doch nichts aufgesperrt hat dieses WE.<\/p>\n<p>Leider war die Innenbatterie nicht ladbar, weil zu kalt. Hab versucht, etwas mehr W\u00e4rme dorhin zu leiten, aber nicht gereicht. Auch nicht, als die App am Schluss 4\u00b0 anzeigte. Das sollte zwar der LiFePo4-Batterie reichen, aber das Ladeger\u00e4t hat selbst auch noch einen Temperatursensor irgendwo verbaut. Au\u00dfer das ist jetzt ganz kaputt.<\/p>\n<p>Somit komplett unbekannter Batteriestatus, au\u00dfer der Voltanzeige von 13,2V, was wohl nur ca. halbvoll bedeutet, denn bei unter 12,8 hatte ich ja schon mal keinen Saft mehr und voll hat sie 13,6-13,8V. D.h. lieber nicht kochen heute Abend und lieber keinen PC einschalten, lieber f\u00fcr Standheizung heute und morgen aufsparen und hoffen, dass es daf\u00fcr reicht.<\/p>\n<p>Ich hielt auf dem Weg also an letzer M\u00f6glichket an einer Tankstelle, wo es aber kaum noch was gab, ich nahm ein &#8211; keine Ahnung was &#8211; gr\u00f6\u00dferes Ding mit K\u00e4se-Schinken-Paprika mit (schmeckte nach Pizzateig), sowie eine Laugenbreze(l). Letzteres wollte ich tags\u00fcber, ersteres abends essen. F\u00fcr morgen Mittag h\u00e4tt ich aber wohl noch eine Laugenstange mitnehmen sollen, denn ich w\u00fcrde ja nirgends was kaufen k\u00f6nnen, wenn ich am Gletscherparkplatz \u00fcber Nacht bleiben sollte. Au\u00dfer im Restaurant oben am Gletscher, klar. Ansonsten hab ich ja noch Naschsachen zur Verf\u00fcgung. Weil das Teil von der Tankstelle doch recht viel war, hebte ich sogar ein gutes Drittel f\u00fcr morgen auf.<\/p>\n<p>Als ich um kurz nach 13 Uhr ankam, war der Parkplatz ziemlich voll und die SSB fuhr durchgehend, d.h. es wollen schon viele runterfahren. Soll mir recht sein, so bekam ich auch gleich einen Parkplatz im obersten Bereich neben der Talstation, wo ich auch nachts bleiben w\u00fcrde.<\/p>\n<p>Wegen des sonnigen Wetters wollte ich nur DSB fahren, fuhr aber doch 2x die 6KSB (nix mehr los, daher allein und mit geschlossener Haube), aber die dortigen Abfahrten waren nachmittags auch nicht viel besser, insb. der oberste Teil, erst der eisig-abgefahrene, schmale Einstieg, dann hohe Buckel. An der DSB konnte man eine Linie finden, wo man wegen den sonst abgerutschten Stellen nicht weit rutschen musste. <\/p>\n<p>Einige sind auch schon zur Mittelstation abgefahren, aber eine geschlossene Piste mit aktiver Beschneiung ist meist unsch\u00f6n zu fahren, also nicht ausprobiert.<\/p>\n<p><a href='http:\/\/ski.inmontanis.info\/d\/306494-2\/DSC04398.jpg'><img src=http:\/\/ski.inmontanis.info\/d\/306493-3\/DSC04398.jpg \/><\/a><br \/>\n^ Parkplatz fast voll, aber um die sp\u00e4te Uhrzeit nat\u00fcrlich ganz oben was frei<\/p>\n<p><a href='http:\/\/ski.inmontanis.info\/d\/306498-2\/DSC04400.jpg'><img src=http:\/\/ski.inmontanis.info\/d\/306497-3\/DSC04400.jpg \/><\/a><br \/>\n^ Stausee und Beschneiung Mittelstationsabfahrt<\/p>\n<p><a href='http:\/\/ski.inmontanis.info\/d\/306502-2\/DSC04403.jpg'><img src=http:\/\/ski.inmontanis.info\/d\/306501-3\/DSC04403.jpg \/><\/a><br \/>\n^ Stausee und H\u00fctte<\/p>\n<p><a href='http:\/\/ski.inmontanis.info\/d\/306506-2\/DSC04405.jpg'><img src=http:\/\/ski.inmontanis.info\/d\/306505-3\/DSC04405.jpg \/><\/a><br \/>\n^ Spiegelnder Stausee<\/p>\n<p><a href='http:\/\/ski.inmontanis.info\/d\/306510-2\/DSC04407.jpg'><img src=http:\/\/ski.inmontanis.info\/d\/306509-3\/DSC04407.jpg \/><\/a><br \/>\n^ Stausee und Beschneiung Mittelstationsabfahrt<\/p>\n<p><a href='http:\/\/ski.inmontanis.info\/d\/306514-2\/DSC04408.jpg'><img src=http:\/\/ski.inmontanis.info\/d\/306513-3\/DSC04408.jpg \/><\/a><br \/>\n^ Spiegelnder Stausee &#8211; hat so einige Vorteile, wenn man sp\u00e4t dran ist ;-)<\/p>\n<p><a href='http:\/\/ski.inmontanis.info\/d\/306518-2\/DSC04412.jpg'><img src=http:\/\/ski.inmontanis.info\/d\/306517-3\/DSC04412.jpg \/><\/a><br \/>\n^ Mittlerweile sind 2 Abfahrten am Gletscher offen, die linke morgen f\u00fcr Renntrainings verwendet und an der Kante weit eisig abgefahren<\/p>\n<p><a href='http:\/\/ski.inmontanis.info\/d\/306522-2\/DSC04413.jpg'><img src=http:\/\/ski.inmontanis.info\/d\/306521-3\/DSC04413.jpg \/><\/a><br \/>\n^ DSB Panoramabahn. Spitze Station erinnert mich etwas an Girak, die Sessel an Wopfner &#8211; ist aber in Summe von de Pretis.<\/p>\n<p><a href='http:\/\/ski.inmontanis.info\/d\/306526-2\/DSC04416.jpg'><img src=http:\/\/ski.inmontanis.info\/d\/306525-3\/DSC04416.jpg \/><\/a><br \/>\n^ DSB Panoramabahn mit Abfahrt<\/p>\n<p><a href='http:\/\/ski.inmontanis.info\/d\/306530-2\/DSC04417.jpg'><img src=http:\/\/ski.inmontanis.info\/d\/306529-3\/DSC04417.jpg \/><\/a><br \/>\n^ DSB Panoramabahn mit schwarzer Abfahrt. Dort wo die Kanone feuert, geht nach rechts die Mittelstationsabfahrt weiter<\/p>\n<p><a href='http:\/\/ski.inmontanis.info\/d\/306534-2\/DSC04418.jpg'><img src=http:\/\/ski.inmontanis.info\/d\/306533-3\/DSC04418.jpg \/><\/a><br \/>\n^ DSB Panoramabahn startet um einiges h\u00f6her als die 4SB Alteck gegen\u00fcber.<\/p>\n<p><a href='http:\/\/ski.inmontanis.info\/d\/306538-2\/DSC04420.jpg'><img src=http:\/\/ski.inmontanis.info\/d\/306537-3\/DSC04420.jpg \/><\/a><br \/>\n^ DSB Panoramabahn mit Stausee<\/p>\n<p><a href='http:\/\/ski.inmontanis.info\/d\/306542-2\/DSC04421.jpg'><img src=http:\/\/ski.inmontanis.info\/d\/306541-3\/DSC04421.jpg \/><\/a><br \/>\n^ Abfahrten DSB Panoramabahn.  In den 70ern oder so reichte der Gletscher anscheinend noch bis zum Stausee runter<\/p>\n<p><a href='http:\/\/ski.inmontanis.info\/d\/306546-2\/DSC04427.jpg'><img src=http:\/\/ski.inmontanis.info\/d\/306545-3\/DSC04427.jpg \/><\/a><br \/>\n^ Mittelstationsabfahrt<\/p>\n<p><a href='http:\/\/ski.inmontanis.info\/d\/306550-2\/DSC04428.jpg'><img src=http:\/\/ski.inmontanis.info\/d\/306549-3\/DSC04428.jpg \/><\/a><br \/>\n^ DSB Panoramabahn schwarze Abfahrt<\/p>\n<p><a href='http:\/\/ski.inmontanis.info\/d\/306554-2\/DSC04431.jpg'><img src=http:\/\/ski.inmontanis.info\/d\/306553-3\/DSC04431.jpg \/><\/a><br \/>\n^ 4SB Alteck, braucht wohl noch etliches an Naturschnee. Beachtenswert auch der gro\u00dfe Eisfall im unteren Bereich rechts<\/p>\n<p><a href='http:\/\/ski.inmontanis.info\/d\/306558-2\/DSC04432.jpg'><img src=http:\/\/ski.inmontanis.info\/d\/306557-3\/DSC04432.jpg \/><\/a><br \/>\n^ DSB Panoramabahn. Dort wo die Kanone rechts oben feuert ist die Mittelstationsabfahrt<\/p>\n<p><a href='http:\/\/ski.inmontanis.info\/d\/306562-2\/DSC04434.jpg'><img src=http:\/\/ski.inmontanis.info\/d\/306561-3\/DSC04434.jpg \/><\/a><br \/>\n^ Gipfelpano von der Bergstation<\/p>\n<p><a href='http:\/\/ski.inmontanis.info\/d\/306566-2\/DSC04436.jpg'><img src=http:\/\/ski.inmontanis.info\/d\/306565-3\/DSC04436.jpg \/><\/a><br \/>\n^ Die Verbindung von den Gletscherliften zur DSB (und Mittelstationsabfahrt) ist offiziell noch gesperrt, war aber fahrbar<\/p>\n<p><a href='http:\/\/ski.inmontanis.info\/d\/306570-2\/DSC04437.jpg'><img src=http:\/\/ski.inmontanis.info\/d\/306569-3\/DSC04437.jpg \/><\/a><br \/>\n^ Gletscherreste links der Gletscherlifte<\/p>\n<p><a href='http:\/\/ski.inmontanis.info\/d\/306574-2\/DSC04440.jpg'><img src=http:\/\/ski.inmontanis.info\/d\/306573-3\/DSC04440.jpg \/><\/a><br \/>\n^ Aus der Panorama-DSB zu den Gletscherpisten, 15:47 Uhr und noch viel Sonne<\/p>\n<p><a href='http:\/\/ski.inmontanis.info\/d\/306578-2\/DSC04442.jpg'><img src=http:\/\/ski.inmontanis.info\/d\/306577-3\/DSC04442.jpg \/><\/a><br \/>\n^ DSB Panoramabahn und 6EUB und Restaurant<\/p>\n<p>Um 16:15 Uhr gab es keine Zwischenfahrt der SSB mehr, daher war sie um 16:20 schon recht voll und ich bekam ausnahmsweise keinen Sitzplatz mehr. Hat als letzte Fahrt (au\u00dfer Betriebsfahrten) aber noch ein paar Nachz\u00fcgler eingesammelt, so dass sie erst um 16:35 losfuhr. Auch 3 Snowboarder kamen kurz nach halb, evtl. sind die die Mittelstationsabfahrt gefahren.<\/p>\n<p><a href='http:\/\/ski.inmontanis.info\/d\/306582-2\/DSC04444.jpg'><img src=http:\/\/ski.inmontanis.info\/d\/306581-3\/DSC04444.jpg \/><\/a><br \/>\n^ Da darf dieser bl\u00f6de Wohnmobilfahrer kostenfrei am Parkplatz \u00fcbernachten und muss als Dank sein Grauwasser direkt auf der oberen Ebene entsorgen oder was!?<\/p>\n<p>Gemeldet waren ja nachts nur Temperaturen um die 0\u00b0, sollte also kein Problem sein. Es dauerte nat\u00fcrlich einge Zeit, bis ich mein Auto einger\u00e4umt hatte. Auch wenn ich den Tisch nicht aufbauen wollte, musste ich doch die Tischplatte rausnehmen, um die Sachen einzur\u00e4umen und den PC einzubauen. Gegen 18:30 war ich fertig. Wie \u00fcblich l\u00e4uft die Standheizung ca. einmal pro Stunde f\u00fcr 10-20 Minuten, bis es mir wieder zu kalt wird (was meist so 12\u00b0 laut Thermometer vorne bedeutet, weil ich ja dann in Decken geh\u00fcllt bin).<\/p>\n<p>Der K\u00fchlschrank kann derweil ausbleiben &#8211; w\u00e4r wohl eh kalt genug, aber ich hab ja grad nix zum k\u00fchlen, muss erst wieder einkaufen.<\/p>\n<p>Da mein Auto von unten vom Rumstehen daheim sehr ausgek\u00fchlt war und auch heute viele Bereiche nicht warm wurden (siehe Batterie), war es auch abends entsprechend kalt von unten.<\/p>\n<p><strong>Mo, 28.11.2022<\/strong><\/p>\n<p>Minimumtemperatur war heute 0,7\u00b0 innen, Front und Heckscheibe von innen gefroren, d\u00fcrfte also doch ein paar Grad unter 0\u00b0 drau\u00dfen gehabt haben. Die letzte Nachtstunde war also etwas k\u00fchl im Bett, die ersten Skifahrer kamen gegen 7 Uhr, ziemlich ausschlie\u00dflich slowenische Skiclubs und Rum\u00e4nen.<\/p>\n<p>Das Wetter war zwar bedeckt, Sicht ging aber. Piste ab Mittag zur DSB besser als gestern, da noch nicht so abgefahren. 6KSB-Abfahrt auch weniger verbuckelt oben, aber der Einstieg trotzdem unsch\u00f6n, daher wieder vermert DSB gefahren.<\/p>\n<p><a href='http:\/\/ski.inmontanis.info\/d\/306586-2\/DSC04447.jpg'><img src=http:\/\/ski.inmontanis.info\/d\/306585-3\/DSC04447.jpg \/><\/a><br \/>\n^ DSB Panoramabahn und Stausee<\/p>\n<p><a href='http:\/\/ski.inmontanis.info\/d\/306590-2\/DSC04448.jpg'><img src=http:\/\/ski.inmontanis.info\/d\/306589-3\/DSC04448.jpg \/><\/a><br \/>\n^ DSB Panoramabahn und Stausee. Hat Norwegen-Flair hier momentan ;)<\/p>\n<p><a href='http:\/\/ski.inmontanis.info\/d\/306594-2\/ge2022112728.jpg'><img src=http:\/\/ski.inmontanis.info\/d\/306593-3\/ge2022112728.jpg \/><\/a><br \/>\n^ GPS-Track 27\/28.11. 2022<\/p>\n<p>Wegen der K\u00e4lte dann auch nach ca. 2 Stunden auf Skiern aufgeh\u00f6rt, also nach 14h wieder runter. Wollte ja eh noch einkaufen und tanken und Campingplatz suchen, was ich nicht bei Dunkelheit machen wollte. <\/p>\n<p>Nachdem ich nicht wei\u00df, ob ich morgen \u00fcberhaupt skifahren will, zB eher nicht, wenn um 11 Uhr die Webcam nur Nebel und Schneefall zeigen sollte, w\u00fcrd ich halt gleich 2 Tage am Campingplatz bleiben. Am Mittwoch dann nochmals M\u00f6lltaler und am Donnerstag Gerlitzen, wenn sie wie geplant aufmachen. <\/p>\n<p>.. aber 1. kommt es anders und 2. als man denkt.<\/p>\n<p>Unten im Auto noch die Wettervorhersagen gecheckt, jetzt wird von DO-SA \u00fcberall etwas Schneefall gemeldet, Mittwoch vielleicht besser. Und Gerlitzen hat den Saisonstart mittlerweile auf den 3.12. verschoben.<\/p>\n<p>Tja, da ist jetzt die Frage.. ob ich doch gleich nochmals heimfahr, statt bei den bescheidenen Wetteraussichten hier zu beliben? Gletscher bei Nebel und Schneefall ist halt noch weit unspa\u00dfiger als Waldabfahrten bei diesem Wetter.  Und bei 3x Campingplatz-M\u00f6lltaler bleibt sich die Strecke heim auch gleich. Klar, die 3-4 Skitage diese Woche fallen dann weg und f\u00fcr Mittwoch w\u00e4r ja recht brauchbar gemeldet. Mist, dann h\u00e4tt ich doch heut noch 1 Stunde l\u00e4ger fahren sollen&#8230; <\/p>\n<p>Wenn ich w\u00fcsste, wie voll die Batterie wirklich w\u00e4re, w\u00fcrd ich ja einfach noch die 2 N\u00e4chte bis Mittwoch hier am Parkplatz bleiben.<\/p>\n<p>H\u00e4tte ich bei der Hinfahrt mal mein 230V-Ladeger\u00e4t angeschlossen, evtl. w\u00e4re die Batterie dann voll gewesen, dann h\u00e4tte ich den Ladezustand gewusst. L\u00e4dt halt nur mit ca 4,7A &#8211; das schafft die Lichtmaschine auch im Standgas noch problemlos ;) Ist aber nat\u00fcrlich wenig lohnenswert.<\/p>\n<p><a href='http:\/\/extra.inmontanis.info\/d\/97862-2\/DSC04450.jpg'><img src=http:\/\/extra.inmontanis.info\/d\/97861-3\/DSC04450.jpg \/><\/a><br \/>\n^ von 12V auf 230V auf 12V, nicht sehr optimal, aber wenn das andere Ladeger\u00e4t nicht will, kann ich so mit ca. 4,7A laden.<\/p>\n<p>Ich entschied mich also f\u00fcr die Heimfahrt. Bl\u00f6d, dass ich wieder etliche Sachen rauf in die Wohnung schleppen und den PC wieder ausbauen muss.<\/p>\n<p>Daheim hat es fast mehr nach altem Zigarettenrauch gerochen als vor 2 Wochen bei meiner R\u00fcckrise aus England &#8211; das ist eigenartig. Obwohl ich gestern n\u00e4mlich nochmals einiges eingespr\u00fcht hatte..<\/p>\n<p>Womit ich also gestern gar nicht gerechnet h\u00e4tte, dass ich heute wieder daheim bin. Und K\u00fchlschrank und Gefrierschrank wieder einschalten m\u00fcssen, da ich jetzt davon ausgeh, bis Sonntag hier zu bleiben, ensprechend hab ich heut Abend im Supermarkt Pommes und Cordon Bleu (4 Portionen) und W\u00fcrstel (3 Portionen) eingekauft. Ja, letzteres kann ich auch unterwegs machen, spritzt aber immer so. Jedenfalls hatte ich Schnitzel\/Cordon\/Pommes die letzten 2 Wochen ja schwer vermisst &#8211; und jetzt kann ich endlich die gro\u00dfen goldenen Teller h\u00e4ufiger verwenden ;-)<\/p>\n<p>.. aber auch mal interessant:<\/p>\n<p>1. Thermometer am Schrank hinter mir zeigte noch 14\u00b0 an (statt zuvor 18)<br \/>\n2. Thermometer f\u00fcr das IR-Panel zeigte 11\u00b0 an (sonst 20,5-21 je nach Einstellung)<br \/>\n3. Thermometer f\u00fcr die Heizung schaltete auf 6-8\u00b0.. dh. 5\u00b0 reichen da wohl locker, wenn man abwesend ist, dann wird die Wohnung vermutlich in Wahrheit auf 8-10\u00b0 geheizt.<br \/>\n4. Thermometer im Bad 13,5\u00b0 (zuvor auf 16,5-17\u00b0)<\/p>\n<p>Abwesend war ich 24+9 Stunden. Es waren einfach 3 Umst\u00e4nde, die zumindest teilweise gestern fr\u00fch bei Abreise noch nicht fest standen:<br \/>\n.. die schlechte Wettervorhersage auch Do-Fr (statt nur Mo+Di)<br \/>\n.. die Alternativlosigkeit zum Gletsher (Gerlitzen wollte ja am Do 1.12. aufmachen) und die damit verbundene zu erwartende schlechte Sicht bei der Wettervorhersage<br \/>\n.. und dass ich gestern bei der Fahrt die Batterie nicht voll laden konnte und somit einen recht unbekannten F\u00fcllstatus hab<\/p>\n<p>Letzteres wird sich aber erst \u00e4ndern, wenn ich mal an einem Campinglpatz war, denn in die Wohnung mit raufnehmen werd ich die jetzt nicht und der alte Lader wollte heute Nachmittag auch nicht laden und bis zur n\u00e4chsten Abreise ist die Batterie auch wieder unter 0\u00b0 und l\u00e4dt erst mal gar nicht mehr.<\/p>\n<p>Was ich erw\u00e4hnen muss: Weder gestern noch heute hab ich den Skitr\u00e4ger oder die Ski am Dach geh\u00f6rt! Kein Pfeifen! Entweder zuf\u00e4llig irgendwie ein bisschen anders montiert, oder weil die nur 2 Paar Ski weiter innen liegen? Bin n\u00e4mlich gestern bei der Hinreise sogar 100 auf der Autobahn gefahren, da ich so sp\u00e4t dran war.<\/p>\n<p><strong>29.11.2022<\/strong><\/p>\n<p>Nach 11 Uhr w\u00e4r mal hier bei mir daheim dichterer Nebel als am M\u00f6lltaler gewesen. Um 13 Uhr gab es sogar etwas blauen Himmel am Gletscher. Ich seh schon, das wird doch ein Fehler gewesen sein, gestern heim zu fahren. Es ist wie immer, man f\u00e4llt immer zur\u00fcck in das alte Muster mit dem Wetterbericht. Derweil ist ein Tag, wo das Wetter besser wurde als gemeldet, viel sch\u00f6ner als ein Tag, wo das Wetter schlechter wurde als gemeldet. Also sollte man ja eigentlich nur bei Schlechtwettermeldungen zum Skifahren gehen ;-)<\/p>\n<p>Naja, jetzt ist&#8217;s wie&#8217;s ist, jetzt bleib ich hier. Nur dass f\u00fcr&#8217;s WE hier nun auch nicht mehr sch\u00f6n gemeldet wird :( <\/p>\n<p><a href='http:\/\/extra.inmontanis.info\/d\/97866-2\/DSC04451.jpg'><img src=http:\/\/extra.inmontanis.info\/d\/97865-3\/DSC04451.jpg \/><\/a><br \/>\n^ Google \u00e4h Guglhupf gekauft und gleich mal die neue Kuchenplatte eingeweiht. Die Blumen am Rand k\u00f6nnte man als Enzian und Alpenrosen interpretieren.<\/p>\n<p><strong>30.11.2022<\/strong><\/p>\n<p>Zu Mittag leichter Schneefall auf der Koralpe, aber blauer Himmel am M\u00f6lltaler. Tja, da w\u00e4r ich doch mal besser  zumindest gestern+heute noch am M\u00f6lltaler geblieben :(<\/p>\n<p>Aktuell wird nun von morgen Donnerstag bis inklusive Montag am M\u00f6lltaler leichter Schneefall gemeldet. Koralpe \u00e4hnlich. Mal gespannt, ob die dann einen R\u00fcckzieher mit der \u00d6ffnung machen. Turracher H\u00f6he mittlerweile auch den Samstag (3.12.) als \u00d6ffnungstermin best\u00e4tigt. Aber n\u00e4chstes WE solls leider \u00fcberall schlecht bleiben, scheint wohl heuer ein S\u00fcd-Winter zu werden mit den laufenden Schlechtwetterfronten vom S\u00fcden. Hoffentlich komm ich dann auch nach Italien diesen Winter, dort k\u00f6nnte einiges zusammenkommen bis n\u00e4chste Woche.<\/p>\n<p><strong>1.12.2022<\/strong><\/p>\n<p>Die Webcam heute Mittag vom M\u00f6lltaler zeigte mal nix, also wohl Nebel. Bereits ab morgen soll die Mittelstationsabfahrt \u00f6ffnen &#8211; das h\u00e4tte ich bei dem Status vom Montag noch nicht erwartet, dass die das so schnell hinbekommen.<\/p>\n<p><a href='http:\/\/extra.inmontanis.info\/d\/97870-2\/DSC04461.jpg'><img src=http:\/\/extra.inmontanis.info\/d\/97869-3\/DSC04461.jpg \/><\/a><br \/>\n^ Winterlicher Ausblick aus der Wohnung &#8211; nicht sehr unterschiedlich zu Schweden ;-)<\/p>\n<p>Bin bisschen am Suchen nach einer alternativen Kamera. So wirklich optimal ist die alte Nex-5 mit dem draufgeklebten IR-Sperrfilter ja auch nicht. Mehr Gl\u00e4ser = mehr Staub, der sich ansammelt. Hat man ja die letzten Monate gesehen.<\/p>\n<p>Alternativ w\u00e4re entweder eine gebrauchte Nex-6, Nex-7 oder Nachfoler A6000 (die gibts wohl auch neu) &#8212; andererseits, lohnen sich dann 200-500 \u20ac daf\u00fcr? So viel besser wird die Bildqualit\u00e4t bei denen auch nicht sein.<\/p>\n<p>.. oder nimmt man lieber mal wieder was (ultra)kompaktes um 200-400 \u20ac, ggf. mit 20-30x Zoom? Spart man sich Platz und Gewicht und mangels Objektivwechsel weniger \u00c4rger mit Staub am Sensor. Nachteilig, abgesehen von der logischerweise schlechteren Bildqualit\u00e4t (weil kleinerer Sensor, daf\u00fcr aber ja Zoom) ist oft auch der Ein\/Ausschalter, der nur eine Drucktaste ist &#8211; und das hei\u00dft, entweder beim Ein- und\/oder Ausschalten, dass man l\u00e4nger dr\u00fccken muss und lange Tastendr\u00fccke nerven mich im Allgemeinen. Dazu diese Minitaster ggf. nicht mit angezogenen Handschuhen dr\u00fcckbar sein k\u00f6nnten.<\/p>\n<p>.. oder  eine 30-60x-Superzoom-Bridgecam, mit richtigem Ein\/Ausschalter, nicht mehr (viel) leichter und kleiner als meine aktuelle, daf\u00fcr aber eben einen kompakten krassen Zoombereich (=Vorteil der kleinen Sensoren)?<\/p>\n<p>Au\u00dferdem hab ich mal angefangen, die Skigebiete in Italien und Frankreich durchzugehen, was hat schon Preise online, was kosten die Skip\u00e4sse, was m\u00f6chte ich besuchen etc. Naja, es schaut mal nicht sooo schlecht aus in Italien, aber das eine oder andere wird wohl ausfallen, auch wegen mir mittlerweile zu hohen Preisen bzw. manche haben noch gar keine Infos &#8211; aber wenn ich eh nur ca. 50 Tage unterwegs sein will, gibt es wohl noch genug Ziele in IT und FR.<\/p>\n<p><strong>Fr, 2.12.2022<\/strong><\/p>\n<p>Auch heute wieder leichter Fast-Dauerschneefall daheim, Webcam M\u00f6lltaler zu Mittag sah man nix, also wohl wieder Nebel. Dienstag und\/oder Mittwoch k\u00f6nnte es vielleicht hier und da etwas Sonne geben, bevor es wieder schlechter werden soll. Schneefall im S\u00fcden, der jeden Tag leicht auch nach K\u00e4rnten und zumindest bis zum Alpenhauptkamm \u00fcberschwappt. <\/p>\n<p>Offen haben unter der Woche samt diesem Wochenende neben dem M\u00f6lltaler jetzt auch Gerlitzen (wohl keine Waldabfahrten im oberen Bereich derzeit offen), Katschberg (mit 3, teils nicht zusammenh\u00e4ngenden Liften; auf der salzburger Aineck-Seite zumindest mit EUB und dem tiefsten Lift derzeit, h\u00f6rt sich sinnvoll an bei Schlechtwetter &#8211; au\u00dfer Regen, wie evtl. f\u00fcr Sonntag gemeldet; Campingpl\u00e4tze gibt&#8217;s anscheinend sogar beidseitig des Katschbergs) und Turracherh\u00f6he. Ab Mittwoch und Donnerstag (Feiertag) machen dann weitere auf.<\/p>\n<p>Die Skigebiets\u00f6ffnung auf der Koralpe wurde wohl wegen der schlechten Wettervorhersagen arg dezimiert, jedenfalls wird morgen nur der kurze SL offen mit seiner blauen Abfahrt sein. Ob mir das f\u00fcr 2 Tage reicht? Naja, bei dem schlechten Wetter vielleicht schon, f\u00fcr 1-2 Stunden.. oder ich fahr dann Sonntag wieder los. Nerviger als der kurze Lift ist da schon eher, dass am Samstag an der Schirmbar ganztags Party und somit L\u00e4rm gemeldet ist.<\/p>\n<p>Was meinen Stromverbrauch in der Wohnung angeht, hab ich seit Dienstag im Tagesverbauch 28 kWh ben\u00f6tigt, der l\u00e4ngere Durchschnitt, trotz und inklusive der 1,5 Tagen Abwesenheit, stieg von 18 auf 24 kWh.<\/p>\n","protected":false},"excerpt":{"rendered":"<p>So, 27.11.2022<\/p>\n<p>Reisetag #1? Soll ich das diesmal z\u00e4hlen? Ist ja keine klassische Reise und befinde mich nur in Tagesausflugsreichweite von daheim. Hat auch den Vorteil, dass ich bei Krankheit einfach heimfahren kann ..<\/p>\n<p>Das vielleicht spannendste des Tages war ja, ob ich vormittags mit dem Auto aus meinem Parkplatz komm. Es liegen nach wie <a href=\"http:\/\/blog.inmontanis.info\/?p=8098\">[&#8230;]<\/a><\/p>\n","protected":false},"author":1,"featured_media":8101,"comment_status":"closed","ping_status":"closed","sticky":false,"template":"","format":"standard","meta":{"footnotes":""},"categories":[199,13,27],"tags":[49,56,38,77,45,47],"class_list":["post-8098","post","type-post","status-publish","format-standard","has-post-thumbnail","hentry","category-molltaler-gletscher","category-austria","category-skifahren-winterskiing-winter","tag-4sb","tag-6sb","tag-dsb","tag-nebelmeer","tag-see","tag-sl","odd"],"_links":{"self":[{"href":"http:\/\/blog.inmontanis.info\/index.php?rest_route=\/wp\/v2\/posts\/8098","targetHints":{"allow":["GET"]}}],"collection":[{"href":"http:\/\/blog.inmontanis.info\/index.php?rest_route=\/wp\/v2\/posts"}],"about":[{"href":"http:\/\/blog.inmontanis.info\/index.php?rest_route=\/wp\/v2\/types\/post"}],"author":[{"embeddable":true,"href":"http:\/\/blog.inmontanis.info\/index.php?rest_route=\/wp\/v2\/users\/1"}],"replies":[{"embeddable":true,"href":"http:\/\/blog.inmontanis.info\/index.php?rest_route=%2Fwp%2Fv2%2Fcomments&post=8098"}],"version-history":[{"count":2,"href":"http:\/\/blog.inmontanis.info\/index.php?rest_route=\/wp\/v2\/posts\/8098\/revisions"}],"predecessor-version":[{"id":8100,"href":"http:\/\/blog.inmontanis.info\/index.php?rest_route=\/wp\/v2\/posts\/8098\/revisions\/8100"}],"wp:featuredmedia":[{"embeddable":true,"href":"http:\/\/blog.inmontanis.info\/index.php?rest_route=\/wp\/v2\/media\/8101"}],"wp:attachment":[{"href":"http:\/\/blog.inmontanis.info\/index.php?rest_route=%2Fwp%2Fv2%2Fmedia&parent=8098"}],"wp:term":[{"taxonomy":"category","embeddable":true,"href":"http:\/\/blog.inmontanis.info\/index.php?rest_route=%2Fwp%2Fv2%2Fcategories&post=8098"},{"taxonomy":"post_tag","embeddable":true,"href":"http:\/\/blog.inmontanis.info\/index.php?rest_route=%2Fwp%2Fv2%2Ftags&post=8098"}],"curies":[{"name":"wp","href":"https:\/\/api.w.org\/{rel}","templated":true}]}}