{"id":8093,"date":"2022-11-26T13:54:05","date_gmt":"2022-11-26T12:54:05","guid":{"rendered":"http:\/\/blog.inmontanis.info\/?p=8093"},"modified":"2022-11-30T16:07:33","modified_gmt":"2022-11-30T15:07:33","slug":"uk-abschluss-auto-finanzen-uhren-heizen-schnee-13-26-11-2022","status":"publish","type":"post","link":"http:\/\/blog.inmontanis.info\/?p=8093","title":{"rendered":"UK-Abschluss, Auto, Finanzen, Uhren, Heizen, Schnee, &#8230; 13.-26.11.2022"},"content":{"rendered":"<p><strong>So, 13.11.2022<\/strong><\/p>\n<p>Ich kann momentan gar nicht so viel aus dem Auto ausr\u00e4umen, wie ich gerne m\u00f6chte, denn die Spikereifen werde ich  nicht erst raustun und erst irgendwohin verr\u00e4umen, sondern nat\u00fcrlich dann gleich montieren. Tendenziell ist das aber keine Sonntagsarbeit, auch vom L\u00e4rm nicht. Falls \u00fcberhaupt irgendwer hier sein sollte&#8230;<\/p>\n<p>H\u00e4tte heute noch 6 GB von der britischen Lyca Mobile SIM zum verwenden, aber die ist hier im Roaming wohl auch arg lahm, egal ob \u00fcber 3at oder A1, kein Youtube-Video nicht mal mit 360p fl\u00fcssig.<\/p>\n<p>Die  Fensterl\u00e4den heute Fr\u00fch ge\u00f6ffnet &#8211; an der Balkont\u00fcr musste ich erst den Mechanismus von der Arretierungsstange zerlegen, weil da was gehakt hatte. Na, wei\u00df ich auch mal, wie das funktioniert. Danach schien die Sonne recht tief und intensiv rein, was einerseits den Raum aufw\u00e4rmte, andererseite gleich mal f\u00fcr Blendungen hinterm PC sorgte.<\/p>\n<p>Grundlegend ist das wohl ein Streitthema, was mehr bringt, wenn man l\u00e4ngere Zeit abwesend ist &#8211; Fensterladen schlie\u00dfen oder offen lassen, damit die Sonne reinkommt. Den 180-Tages-Webcams nach, die ich mir mal ansah, gibts auf der Koralpe im Winter aber gar nicht mal so oft Sonne. Klar, es fehlt zwar meist der Bodennebel vom Tal, aber daf\u00fcr ziehen die Gipfel wieder die Wolken an. Zudem scheint die Sonne nur f\u00fcr ein paar Stunden in die Wohnung &#8211; je mehr hin zu Dezember, desto weniger und irgendwann kommt sie vielleicht gar nicht mehr \u00fcber den Berg und am Baum vorbei. Und in ein paar Jahren vielleicht noch mehr B\u00e4ume, wenn die so weiter wachsen.<\/p>\n<p>Fensterl\u00e4den bringen vermutlich je weniger, desto windiger es ist, weil Sinn der Fensterl\u00e4den w\u00e4re wohl, dass die Luft dahinter eine weitere Isolationsschicht zum Fenster ergibt und die Fensterl\u00e4den sind ja nicht luftdicht. Bzw. halten sie aber auch bei einem Schneesturm den Schnee mehr vom Fenster ab. <\/p>\n<p>Hab mir ja auch schon \u00fcberlegt, alte Schaumstoffmatten (von der zerlegten Couch) innen vor Fenster + Balkont\u00fcr zu tun. Das k\u00f6nnte vielleicht nachts, wenn ich in der Wohnung bin, sinnvoll sein. Beim Verlassen und Abk\u00fchlen w\u00e4re ja die Fensterscheibe zur Kondenswasserbildung vielleicht sinnvoll &#8211; ebenso eine gewisse Undichtigkeit&#8230;<\/p>\n<p>Wenn man da ist, k\u00f6nnte man zum Energiesparen die Fensterl\u00e4den zumindest auch nachts schlie\u00dfen, aber die Arbeit tu ich mir nat\u00fcrlich nicht an ;)<\/p>\n<p>Manche basteln sich ja solche Sonnenf\u00e4nger\/Luftkollektor-K\u00e4sten, d.h. Plastik-, Holz- oder Glask\u00e4sten au\u00dfen vorm Fenster (oder ggf. gr\u00f6\u00dfere Bereiche an der H\u00e4userwand) und Luftaustausch mittels L\u00fcfter und Loch nach innen, so dass die sonnengew\u00e4rmte Luft nach innen str\u00f6mt. Luftansaugung entweder auch von innen oder von drau\u00dfen (= trockene Frischluftzufuhr von au\u00dfen, somit kein weiteres L\u00fcften n\u00f6tig). Der L\u00fcfter ist nat\u00fcrlich entweder mit einem Thermostat gekoppelt und\/oder autark mit einer kleinen Solarzelle und l\u00e4uft nur, wenn die Sonne genug scheint, dass die Luft warm genug wird&#8230;<\/p>\n<p>So ein Loch w\u00e4re dank Holzfensterrahmen ja kein Problem zu bohren.. Problem ist aber, dass die Fensterrahmen wenig Holzfreiraum haben, der gr\u00f6\u00dfte Bereich w\u00e4re an der Balkont\u00fcr unten, aber da die ja ge\u00f6ffnet\/geschlossen wird, k\u00f6nnte ich so einen Kollektor lediglich z.B. auf der unteren H\u00e4lfte der Balkont\u00fcr hinmachen. Das wird dann vermutlich maximal zum L\u00fcften mit warmer Luft taugen, aber nicht genug zum Heizen sein. Fensterladen (im offenen Zustand neben der Balkont\u00fcr au\u00dfen) ginge dann nat\u00fcrlich auch nicht mehr zu. Da die Balkont\u00fcr nach Innen \u00f6ffnet, w\u00e4re es von dem her unproblematisch. Die Au\u00dfenfl\u00e4che unterhalb des Fenster als (zus\u00e4tzlicher) Kollektor w\u00e4re vielleicht noch praktisch&#8230;<\/p>\n<p>.. aber in den n\u00e4chsten 2 Wochen hatte ich gemerkt, dass die Sonne einfach zu selten scheint, wird nichts bringen ..<\/p>\n<p>Rein zu Heizzwecken k\u00f6nnte man alternativ auch ein W\u00e4rmepumpensystem nehmen, also Klimaanlage, dann br\u00e4uchte man nur zwei kleine L\u00f6cher f\u00fcr die K\u00fchlfl\u00fcssigkeit, die dann drau\u00dfen erhitzt w\u00fcrde und innen die W\u00e4rme abgeben w\u00fcrde. Nat\u00fcrlich wesentlich komplizierter dann alles. Und keine Frischluftzufuhr (insb. bei Abwesenheit interessant). Und der L\u00e4rm drau\u00dfen wie drinnen.<\/p>\n<p>Oder man macht gleich eine r\u00f6mische Fu\u00dfbodenheizung daraus ;)<br \/>\n<a href='https:\/\/de.wikipedia.org\/wiki\/Hypokaustum'>https:\/\/de.wikipedia.org\/wiki\/Hypokaustum<\/a><\/p>\n<p>Fu\u00dfbodenheizung w\u00e4r aber schon praktisch. Selbst elektrisch &#8211; weil es ja eh wurscht ist, wie ich den Strom verheize, aber da w\u00e4r es am Boden her angenehmer. Zumindest unterm Tisch, wo ich sitz und am Sessel, wo ich videoschau.<\/p>\n<p>.. aber wozu hat man denn eine heizbare Schreibtischmatte, die kann man auch auf den Boden legen. Die Preise f\u00fcr Heizmatten und Heizteppiche usw. sind ja extrem hoch momentan, scheint mir.<\/p>\n<p><a href='http:\/\/extra.inmontanis.info\/d\/97770-2\/DSC04268.jpg'><img src=http:\/\/extra.inmontanis.info\/d\/97769-3\/DSC04268.jpg \/><\/a><br \/>\n^ N\u00fcrnberg Guckk\u00e4stla in 3D Hallertor mit Pferde-Stra\u00dfenbahn &#8211; Fokus vorne<\/p>\n<p><a href='http:\/\/extra.inmontanis.info\/d\/97774-2\/DSC04269.jpg'><img src=http:\/\/extra.inmontanis.info\/d\/97773-3\/DSC04269.jpg \/><\/a><br \/>\n^ N\u00fcrnberg Guckk\u00e4stla in 3D Hallertor mit Pferde-Stra\u00dfenbahn &#8211; Fokus hinten<\/p>\n<p><a href='http:\/\/extra.inmontanis.info\/d\/97778-2\/DSC04271.jpg'><img src=http:\/\/extra.inmontanis.info\/d\/97777-3\/DSC04271.jpg \/><\/a><br \/>\n^ N\u00fcrnberg Guckk\u00e4stla in 3D von oben (Wie oft ich mich da heut schon vertippt hab und ein F statt G am Wortanfang hatte!)<\/p>\n<p>Was mein Auto angeht ..<\/p>\n<p>Teil 1: Auto soweit ausger\u00e4umt, bis zu den Spiker\u00e4dern und logischerweise dem Zeug darunter (und dem Geschirr im Schrank, wo Spikereifen nun davor).<\/p>\n<p>Teil 2 w\u00e4re dann die Montage der Spiker\u00e4der, aber da hab ich heute keine Lust mehr dazu<\/p>\n<p>Teil 3 w\u00e4re das restliche Ausr\u00e4umen (nicht mehr so viel)<\/p>\n<p>Teil 4 w\u00e4re schlussendlich reinigen inkl. entschimmeln.<\/p>\n<p>Ziemlich viel Arbeit f\u00fcr lediglich 100 Tage unterwegs &#8211; also im Vgl. zur vorherigen Reise&#8230;<\/p>\n<p>Teil 5 w\u00e4re noch der Ausbau des Ladeboosters und schaun, was da so stinkt und \u00dcberlegen, ob ich den reparieren will oder welchen neuen ich stattdessen kaufen m\u00f6chte. Aktuell nicht ganz so dringend, da ich im Winter ja eh haupts\u00e4chlich auf Campingpl\u00e4tze stehen m\u00f6chte und dort auch mittels 230V nachladen kann.<\/p>\n<p>Uhrenthematik. Tja. Die Horoskop-Uhr geht leider nicht mehr, Batterie rein, Anzeige leuchtet alles komplett auf und verschwand dann langsam. Andere Batterie: Anzeige leuchtet alles komplett nur noch schwach auf und verschwindet dann langsam.<\/p>\n<p>Schade, denn die w\u00e4r noch etwas kleiner\/flacher\/leichter gewesen und auch optisch interessant.<\/p>\n<p>Ansonsten hab ich abgesehen von der Tetris-Uhr von meinen alten LCD-Uhren tats\u00e4chlich gar nichts mehr da, auch keine der alten Taschenrechneruhren mehr. Und anscheinend hab ich auch viele von den speziellen Japan-Digital- und Bin\u00e4ruhren, die Anfang des Jahrtausends oder so mal recht interessant und neu waren, alle weggeschmissen?! Die hatten &#8211; abgesehen vom schwierigen Ablesen der Uhrzeit und Datum &#8211; ja auch das Problem, dass man eine Taste dr\u00fccken muss und dass die Batterie schnell leer wird.<\/p>\n<p>Hin und wieder hatte ich auch einige Uhren via ebay o.\u00e4. verkauft, z.B. die damals erste Foto-Uhr (kleine s\/w Fotos, die auch am s\/w Display angezeigt werden konnten), eine Barometeruhr (untauglich im Vergleich zu GPS), fr\u00fcher die teureren Casio-Datenbankuhren. Die Casio-Fernseh-Uhr hatte ich glaub ich nie, d\u00fcrfte zu teuer gewesen sein. Ebenso die Fernbedienungsuhr.<\/p>\n<p>Meinen neuen Retro-Brief\u00f6ffner konnte ich f\u00fcr 7 Briefe austesten &#8211; funktioniert trotz dicker Kante und &#8220;runder Spitze&#8221;. Die kleine, ebendort gekaufte, schwere Retro-Mini-Stand-Uhr geht leider auch nach einem Batteriewechsel nicht.<\/p>\n<p>Die Lyca-Sim im Roaming ist aber sowas von zu vergessen. Wollte ein Backup von meinem Server machen &#8211; ein Bild pro Minute so ungef\u00e4hr..<\/p>\n<p><strong>14.11.2022<\/strong><\/p>\n<p>Das mit der heizbaren Schreibtischunterlage auf dem Boden funktioniert ganz gut. Ansonsten mittlerweile 19\u00b0 in der Wohnung mit Ausnahme Bad, da ist es mit 17\u00b0 leider noch k\u00e4lter. 19\u00b0 w\u00fcrden mir eigentlich reichen, insb. mit Pullover oder Fleece-J\u00e4ckchen (eher schwitz ich unter den Achseln dann schon wieder), Raum-Heizung lief heut Vormittag so gut wie gar nicht (bei 10\u00b0 Fenster-Au\u00dfentemperatur und ohne Sonne), die F\u00fc\u00dfe sind dank der Heizunterlage auch sch\u00f6n warm, aber wo es mir dann immer kalt ist, sind die H\u00e4nde. Dann wie im Auto die Handschuhe aus Schweden anziehen?<\/p>\n<p>Mannomann. 2-3 Stunden hat das heute gedauert, also Auto restlich (halbwegs) ausr\u00e4umen und R\u00e4der tauschen. Sommerreifen liegen jetzt am Balkon, da kein Platz mehr im Keller. Morgen muss ich mal meinen Spikereifen-Aufkleber finden &#8211; an den \u00fcblich-verd\u00e4chtigen Pl\u00e4tzen war er mal nicht&#8230;<\/p>\n<p><a href='http:\/\/extra.inmontanis.info\/d\/97782-2\/IMG_20221114_151135.jpg'><img src=http:\/\/extra.inmontanis.info\/d\/97781-3\/IMG_20221114_151135.jpg \/><\/a><br \/>\n^ Nach den vielen Jahren auf Terrasse und Balkon hatten die Spiker\u00e4der nur noch 1 bar Druck, daher musste ich sie erst aufpumpen vor der Montage<\/p>\n<p>Nachgeschaut: Stromz\u00e4hler. Seit meiner R\u00fcckkehr Samstag Abend bis heute ca. 14 Uhr hab ich 60 kWh verbraucht. Krassomio. Das Erstaufheizen im Winter ist also teuer.<\/p>\n<p>Allerdings gab es noch keine Strompreiserh\u00f6hungen seit Jan\/2022,  wird also ggf. erst n\u00e4chstes Jahr schlagend. Die letzte Rechnung war alles zusammengerechnet ca. 35 Cent pro kWh. Wobei da anscheinend viele Fixwerte dabei sind, die das Jahr \u00fcber gleich kosten. \u00d6kostrompauschalen (wieso, hab ich gesagt, dass ich \u00d6kostrom will?!), Grundpauschale 39,- netto\/Jahr, Netznutungsjahrespreis 36,- netto\/Jahr usw &#8211; die ganzen Pauschalen inkl. MwSt. waren letztes Jahr auf meinen geringen Stromverbrauch runtergerechnet 0,184 \u20ac pro kWh.<\/p>\n<p>Zuf\u00e4llig nun gesehen, dass es mit 1.4. einen automatischen Tarifwechsel gab. Post hab ich nicht bekommen, weil die &#8211; komplett unverst\u00e4ndlicherweise &#8211; noch meine alte Adresse in Innsbruck im System hatten, was ich dann erst im Mai richtig gestellt hatte. Hoffentlich.<\/p>\n<p>Da ich heuer mehr Strom verbraucht haben werde als letztes Jahr, wird sich der Fixkostenanteil ja senken, daf\u00fcr ggf. teurer kWh-Tarif, bleiben wir mal bei den 35 Cent * 60 kWh = 21 \u20ac. Da zieht man sich doch gleich gerne noch etwas w\u00e4rmer an und heizt weniger ;)<\/p>\n<p>Wenn man mal gewusst h\u00e4tte, dass die alten Casio-Uhren aus den 80\/90ern jetzt so viel wert sind! Selbst defekt werden die teilweise zu Mondpreisen verkauft. Oder zumindest auf Ebay angeboten.<\/p>\n<p>Die ca. 1992er Casio Horoskop-Uhr wird auf Ebay um knapp 200 \u20ac angeboten. So teuer war die damals nicht, sonst h\u00e4tte ich mir die wohl nicht geleistet ;)<\/p>\n<p>Auch meine Funkuhr wird um 80-90 \u20ac gehandelt.<\/p>\n<p>Die Seiko Data 2000 wird auch um 200-300 \u20ac gehandelt. <\/p>\n<p>Die ca. 1990\/91er Nintendo Tetris Uhr wird auch um \u00fcber 200,- \u20ac auf Ebay angeboten. <\/p>\n<p>Wow, was hab ich denn hier f\u00fcr Sch\u00e4tze lagernd?! :) Allerdings ist meine nicht mehr so neuwertig.<\/p>\n<p><strong>15.11.2022<\/strong><\/p>\n<p>Als ich heute die Batterie in die Horoskop-Uhr tat, lief sie &#8211; aber bis ich die Batterie mit der Spange befestigt hab, war die Funktion leider wieder weg. Hab zudem gemerkt, dass die Kn\u00f6pfe teilweise nicht mehr so sauber gehen. \u00c4hnlich auch die Casio-Ana-Digi-Funkuhr &#8211; zeigte bei der Batterie ein paar LCD-Segmente an, aber nicht mehr.<\/p>\n<p>Aktuell hab ich folgende Armbanduhren da, erg\u00e4nzt mit einer Sonnen-Taschenuhr:<\/p>\n<p><a href='http:\/\/extra.inmontanis.info\/d\/97786-2\/DSC04286.jpg'><img src=http:\/\/extra.inmontanis.info\/d\/97785-3\/DSC04286.jpg \/><\/a><br \/>\n^ Meine derzeitige Uhrensammlung<\/p>\n<p>Eine neu verpackte (viereckige) Billig-Android-Smartphone-Watch fehlt am Foto, hab ich wohl anders gelagert. Vielleicht ist dort auch noch die eine oder andere Uhr, ausschlie\u00dfen will ichs nicht. Paar Tage nach dem Foto hab ich ja noch die Christkindles-Uhr gefunden, siehe alter Bericht vor ein paar Tagen, wo ich das Bild erg\u00e4nzt hatte.<\/p>\n<p>Im Detail mit Angabe des kompletten Gewichts, sowie der Dicke des Geh\u00e4uses:<\/p>\n<p><a href='http:\/\/extra.inmontanis.info\/d\/97790-2\/DSC04283.jpg'><img src=http:\/\/extra.inmontanis.info\/d\/97789-3\/DSC04283.jpg \/><\/a><br \/>\n^ die einfacheren Uhren<\/p>\n<p>Trippel-Analog-Uhr: 90g, 10mm, schaut dicker aus. Zu gro\u00df und zu schwer, keine Datumsanzeige. 3 Batterien, pro Uhrwerk eine. Und das eine Glas hat den Umzug nicht \u00fcberstanden.<\/p>\n<p>LED-Spiegel-Uhr (rote Anzeige): 76g, 12-13mm, zu schwer+gro\u00df, Zeitanzeige nur per Tastendruck.<\/p>\n<p>Microdrive-Uhr: 65g, 7-8mm. War mal eine 4GB-Festplatte (f\u00fcr Flash-Anschluss). Eigentlich recht cool, aber halt die Uhrzeit nur grob absch\u00e4tzbar. Hatte 2014\/15 150,- \u20ac gekostet.<\/p>\n<p>Pearl Analoguhr: 71g, 14mm, bunte LED-Lichter, aber schwer+gro\u00df (und keine Datumsanzeige)<\/p>\n<p>Anker-Funkuhr mit Mondphasen: 56g, 13-14mm, Abgesehen dass sie mir zu dick ist, kann man das Datum (nur Tag) extrem schlecht ablesen, weil viel zu kleiner Zeiger und Schrift auf gl\u00e4nzendem Ring (bei den Mondphasen). Leider ein Fehlkauf.<\/p>\n<p>Suzuki Ignis Uhr: 40g, 8-9mm. Klein und leicht, aber kein Datum und ein Silikonband, was ich auch nicht so gern mag. Bekam ich geschenkt.<\/p>\n<p><a href='http:\/\/extra.inmontanis.info\/d\/97794-2\/DSC04282.jpg'><img src=http:\/\/extra.inmontanis.info\/d\/97793-3\/DSC04282.jpg \/><\/a><br \/>\n^ die 3 Uhren, die ich in England dabei hatte<\/p>\n<p>Casio FKT-100 Funk-Datenbankuhr: 39g, 11mm, meine Standarduhr der letzen Jahre, weil klein und leicht und bei der Gr\u00f6\u00dfe die 11mm weniger st\u00f6rend dick sind. Hat ja den Dienst auf der England-Reise quittiert, dort erst neues Armband gekauft. Wobei der Funkempfang schon l\u00e4nger nicht mehr ging. Anleitung\/Beleg\/Kaufdatum nicht gefunden, d\u00fcrfte aber um 1992-95 gewesen sein. Die edle Kombination aus Schwarz+Gold gef\u00e4llt mir nach wie vor. Leider keine Stoppuhr\/Timer, daf\u00fcr Datenbank und Weltzeit. Funktionsf\u00e4hig auf Ebay derzeit um die 80-90,- \u20ac<\/p>\n<p>Swatch Access Skipassuhr (Skidata):  16g, 9mm. Die Daten spr\u00e4chen f\u00fcr sich, aber Zeit nur schwer absch\u00e4tzbar, kein Datum+Wochentag, Skip\u00e4sse werden eh kaum noch drauf geladen und der Halter f\u00fcr den Batteriedeckel ist schon lange abgebrochen, daher immer Aussetzer<\/p>\n<p>Casio MRW-200H: 35g, 11-12mm. Zuletzt gebraucht in England gekauft. Gr\u00f6\u00dfer und etwas dicker (was bei der Gr\u00f6\u00dfe mehr auff\u00e4llt) und immerhin mit Tag und Wochentag. Wenn der Zeiger nicht gerade auf 15 Minuten steht ;). Zeit gut ablesbar. Zum Skifahren f\u00fcr die Jacken\/Handschuhe ist mir mit meinen eher d\u00fcnnen \u00c4rmchen (je nach messweise ca. 16cm Handgelenksumfang) die Kombination aus Gr\u00f6\u00dfe und Dicke vermutlich etwas viel.<\/p>\n<p><a href='http:\/\/extra.inmontanis.info\/d\/97802-2\/DSC04281.jpg'><img src=http:\/\/extra.inmontanis.info\/d\/97801-3\/DSC04281.jpg \/><\/a><br \/>\n^ mittlerweile wertvoll<\/p>\n<p>Nintendo Game Watch Tetris: 28g, 10mm. Mini-Zeitanzeige ohne Datum. Auf Ebay neuwertig derzeit um ca. 200,- \u20ac. Funktioniert noch, inklusive Ton. <\/p>\n<p>Seikto Data 2000: 37g (ohne externe Tastatur), 11-12mm (Rand weniger). Datum ohne Jahr (also keine Schaltjahre), gr\u00f6\u00dftes Manko die 12-Stunden-Anzeige, man kann sie leider nicht auf 24h umstellen :( Zudem ist die Schrift sehr d\u00fcnn, auch wenn man den Kontrast regeln kann (via Tastatur) nicht so leicht ablesbar. LC-Punktmatrix-Display 4 Zeilen \u00e0 10 Zeichen (!), ca. 1983\/84.<\/p>\n<p>Mit der externen Tastatur (siehe n\u00e4chstes Bild) kann man 2 Memobl\u00f6cke (2000 Zeichen) beschreiben, sowie die Taschenrechnerfunktion n\u00fctzen, die man auch ohne Tastatur anzeigen kann. Zeiteinstellen, Alarm und Stoppuhr geht ohne Tastatur an der Uhr. Klein, leicht, cooles Vintage-Teil, aber eben die fehlende 24h-Anzeige&#8230;<\/p>\n<p>Von der Uhr gab es auch eine teurere Variante mit einer gr\u00f6\u00dferen Tastatur samt Basic-Programmiersprache und man konnte, wenn ich mich recht erinnere, auch Programme von Rom-Speichern auf die Uhr laden.<\/p>\n<p>In der Verpackung ist mein Kaufbeleg, handschriftlich schlecht lesbar Ankauf-Verkauf, M\u00fcnchen, M\u00e4rz 2002, 10,-??? Aktuell auf ebay um die 200-300,- \u20ac. Ich kann mich durchaus erinnern, dass ich sie recht g\u00fcnstig bekam, weil eigentlich w\u00e4re mir das programmierbare Modell lieber gewesen .. <\/p>\n<p><a href='http:\/\/extra.inmontanis.info\/d\/97798-2\/DSC04284.jpg'><img src=http:\/\/extra.inmontanis.info\/d\/97797-3\/DSC04284.jpg \/><\/a><br \/>\n^ die weiteren besondern Uhren<\/p>\n<p>Apple iPod mit Uhrenband: 47g, 9mm. Zeitanzeige nur per Tastendruck. Au\u00dferdem steckt der iPod in der Jackeninnentasche und spielt Lieder \u00fcber den Kopfh\u00f6rer.<\/p>\n<p>(Nintendo, Seiko, siehe oben)<\/p>\n<p>Casio Astrologie-Uhr HOR-100W: 21g, 11mm. Zusammen mit der Funkuhr und der Nintendo-Tetris-Uhr die einzigen Uhren, die ich aus den fr\u00fchen 1990ern behalten und damals neu gekauft hab. Die Uhr konnte die Position der Himmelsgestirne errechnen und zeigte Horoskop-Balken f\u00fcr verschiedene Bereiche an. Es gab auch eine Funktion, wo man sich denken konnte &#8220;wie stehen die Sterne gerade f\u00fcr X&#8221; und man bekam dann eine Ja- oder Nein-Antwort. Auf Ebay derzeit um knapp 200,- \u20ac<\/p>\n<p>War damals teurer als ich heute erwartet h\u00e4tte, Kaufbeleg vom Kaufhof im N\u00fcrnberg zeigt 149,- DM und ein Kaufdatum 21.6.1994. Kalender geht von 1900 bis 2099 (!).<\/p>\n<p>Runde Android Smartphone-Watch: 70g, 14mm. Mit richtigem Android, nicht mit der abgespeckten Watch-Software, also eigene Sim-Karte, man konnte mit der Uhr eigenst\u00e4ndig telefonieren, ins Internet und alles installieren etc. Von diesen billigen China-Smartphonewatches hab ich auch 2 oder 3 rechteckige Versionen gehabt, eine rechteckige m\u00fcsste noch neu verpackt irgendwo liegen. Die waren auch kleiner und leichter und d\u00fcnner. Grundlegendes Problem halt bei allen: Zeitanzeige nur per Tastendruck (oder ggf. Sch\u00fcttelbewegung) und Akkulaufzeit 1-1.5 Tage. Und ich hab bald gemerkt, dass ich die ganzen Android-Funktionen eigentlich nie verwende, keine Apps verwende. Hauptkaufgrund war eher, hin und wieder ein sch\u00f6nes neues Watch-Faces zu installieren und zu verwenden.<\/p>\n<p>Seiko Ruputer Pro: 73g, 18mm. Dick, gro\u00df und schwer, aber die erste brauchbare, programmierbare Smart-Watch, ab ca. 1998 (ok, abgesehen von der gerade vorgestellten fr\u00fcheren Seiko). Gab&#8217;s nur in Japan und US (etwas anders) und hatte ich mir aus Japan schicken lassen. Leider kein Touchscreen (obwohl Casio schon fr\u00fcher Touch-Datenbankuhren hergestellt hatte) und die Eingabe von Daten mit dem Cursor-Stick war umst\u00e4ndlich. <\/p>\n<p>Allerdings gab es verschiedene Watch-Faces, also Uhrenprogramme, die von Enthusiasten programmiert wurden, die auch andere Spiele und n\u00fctzliche Programme erstellten. Daten\u00fcbertragung via Docking-Station und RS232 und ein File-Manager war von Haus aus installiert. Leider kein Akku eingebaut, sondern l\u00e4uft ein paar Wochen mit 2 Lithium-Knopfzellen (2025 oder 2032 oder eine Mischung, mit der gr\u00f6\u00dferen hielt sie etwas l\u00e4nger). Einfarbige LCD-Punktmatrixanzeige, Hintergrundbeleuchtung auf Knopfdruck. Ebay aktuell ca. 350-400,- \u20ac<\/p>\n<p>Android Watch Uhr mit Analogzeiger LG LM-W315: 80g, 13mm. Mit dem abgespechten Android Watch, das also mit Android-Handy besser funktioniert als ohne. Zeitanzeige dank Analogzeiger auch ohne Tastendruck. Die Zeiger k\u00f6nnen auch als Stoppuhr oder Kompass oder Barometer verwendet werden. Schaltet man den Android-Teil aus, funktioniert die analoge Zeitanzeige noch viel l\u00e4nger, bis zu 120 Tage oder so mit voller Batterie. Ansonsten h\u00e4lt die Batterie glaub ich 1-3 Tage? War sehr teuer. Also wieder eigentlich ein sehr cooles Teil, aber viel zu schwer auf Dauer und erst recht wenn man die ganzen Features au\u00dfer Zeit- und Datumsanzeige eigentlich nicht verwendet und somit nicht ben\u00f6tigt.<\/p>\n<p>Fitness-Armband: 21g, 12-13mm. Zeitanzeige nur per Tastendruck, winzige Anzeige, Uhrzeiteinstellung nur via App am Handy etc. War ein Werbegeschenk, nie verwendet.<\/p>\n<p>In den Sp\u00e4t-80er\/Fr\u00fch-90ern hatte ich nat\u00fcrlich noch viele andere Digitaluhren, einfache Casios, Taschenrechneruhren (glaub 2-3 verschlissen, weil die Tasten immer irgendwann nicht mehr funktionierten), Datenbankuhren, Digital-Uhren mit zus\u00e4tzlicher LED-Analoganzeige etc.<\/p>\n<p>Und in den 2000\/2010ern hatte ich, wie gesagt, auch viele so japanische LED-Uhren gekauft, wo Zeit und Datum nur schwer ablesbar waren und die Batterien ja auch nicht lang hielten..<\/p>\n<p>Aber mit der Zeit wird man schlauer und meine Anfordernisse an eine Armbanduhr sind:<br \/>\n.. leicht<br \/>\n.. klein<br \/>\n.. einfache und gut ablesbare Zeit ohne Tastendruck, im Falle einer Digitaluhr als 24h-Anzeige<br \/>\n.. m\u00f6glichst ebenso auf einem Blick ablesbar Monat, Tag, Wochentag<br \/>\n.. evtl. (aber nicht n\u00f6tig) paar \u00fcbliche Zusatzfunktionen wie Stoppuhr, Timer, Alarm, Dualzeit.<\/p>\n<p>In die n\u00e4here Auswahl k\u00e4men aktuell folgende Uhren:<\/p>\n<p><a href='https:\/\/www.casio-europe.com\/de\/produkte\/uhren\/collection\/w-202-1avef\/'>https:\/\/www.casio-europe.com\/de\/produkte\/uhren\/collection\/w-202-1avef\/<\/a><br \/>\nCasio W-202: 9.4mm, 27g. Leicht und klein also, gef\u00e4llt mir nicht so besonders, aber zeigt im Gegensatz zu fast allen anderen, die so \u00e4hnlich aussehen, gleichzeitig Wochentag, Monat und Tag an.<\/p>\n<p><a href='https:\/\/www.casio.com\/intl\/watches\/casio\/product.DB-36-1AV\/'>https:\/\/www.casio.com\/intl\/watches\/casio\/product.DB-36-1AV\/<\/a><br \/>\nCasio DB-36 Datenbankuhr: 10.5mm, 27g. Nur wenig gr\u00f6\u00dfer und wenig teurer als die W-202, daf\u00fcr ziemlich idente Features plus noch die Datenbankfunktion &#8211; nicht dass man die unbedingt br\u00e4uchte &#8230; Leider hat man auch bei der LCD-Punktmatrixzeile oben etwas gespart und die Pixel arg dick gemacht, so dass nur 3 angezeigt werden k\u00f6nnen. Da h\u00e4tte man auch die 6-8 Zeichen  darstellen k\u00f6nnen wie fr\u00fcher, w\u00e4re viel eleganter gewesen. Diese Sperrschrift gef\u00e4llt mir n\u00e4mlich gar nicht.<\/p>\n<p><a href='https:\/\/www.casio.com\/intl\/watches\/casio\/product.DBC-32-1A\/'>https:\/\/www.casio.com\/intl\/watches\/casio\/product.DBC-32-1A\/<\/a><br \/>\nCasio DBC-32 Taschenrechner-Datenbankuhr:  12mm, 34g. Vermutlich zu dick\/gro\u00df, aber immerhin leicht und hin und wieder kann man beim Einkaufen einen Taschenrechner und W\u00e4hrungsrechner brauchen und das geht via Armbanduhr schneller als via Handy rausnehmen und App starten. Im Gegensatz zur  anderen Datenbankuhr geht hier der Kalender bis 2099 statt bis 2039 (lt. Website). Leider die selbe bl\u00f6de breite Punktmatrixzeile.<\/p>\n<p>Nachteilig bei beiden DB-Uhren scheint mir die Belegung der rechten unteren Taste zu sein, die bei Knopfdruck zwischen 12\/24h umschaltet und bei 2-Sekunden-Druck die Sommerzeit ein\/ausschaltet. Das k\u00f6nnte eng hinterm Handschuh \/ in der Jacke zu einigen (nervigen) falschen Tastendr\u00fccken f\u00fchren.<\/p>\n<p>Vom Display und den Funktionen her interessant w\u00e4r wohl auch die A500<br \/>\n<a href='https:\/\/www.casio.com\/intl\/watches\/casio\/product.A500WA-1\/'>https:\/\/www.casio.com\/intl\/watches\/casio\/product.A500WA-1\/<\/a><br \/>\n.. allerdings teurer und nur mit Silber- oder Goldband. Das m\u00fcsse ich dann gegen Plastik\/Resinband austauschen. 10mm dick und das Gewicht mit Plastikband somit unbekannt, aber durch das Plastikgeh\u00e4use sicherlicht leicht.<\/p>\n<p>Geil: Bevor ich richtig angefangen hab, alles zu durchw\u00fchlen, ist mir noch eine M\u00f6glichkeit eingefallen, wo mein Spikekleber sein k\u00f6nnte &#8211; n\u00e4mlich in der im Sommer gekauften 3-Fach-Plastik-Schubladenbox. Et voil\u00e0, da war er.<\/p>\n<p>Ob das allerdings reicht, wenn ich ihn hinter die get\u00f6nte Heckscheibe (innenseitig) montiere? So viel Platz zum Wo-anders-hin-kleben hab ich ja auch nicht.<\/p>\n<p>Tja, tats\u00e4chlich. Etwas l\u00e4nger gewartet, Batterie drau\u00dfengelassen, reingetan und meine alte gold-schwarzene Funkuhr geht wieder. Wobei ja der eine Zapfen der Batteriespange irgendwann mal abgebrochen ist.. H\u00e4tte ich zugegebenerweise in England auch mal probieren k\u00f6nnen. So ein gutes altes Aus-Einschalten oder Batterierausnehmen und Kondensatoren leeren lassen wirkt halt wie \u00fcblich Wunder.<\/p>\n<p>Beim n\u00e4chsten Batterieeinlegen wieder das Nichtfunktionieren. Ahja. Einmal hatte ichs geschafft, einen anderen Modus zu aktivieren. Da sahen die Buchstaben-Anzeigen der Weltzeit anders aus. Und statt Tel (Datenbankmodus) stand CLR.<\/p>\n<p>Paar Versuche sp\u00e4ter hab ich&#8217;s doch tats\u00e4chlich geschafft, die Uhr funktionierend zusammenzubauen, Kalenderjahr geht \u00fcbrigens 1995-2039. Das scheint bei den meisten Casio-Datenbankuhren Standard zu sein.<\/p>\n<p>Ja, dann kann ich die ja wieder verwenden und ich h\u00e4tte mir die ganze Uhrenthematik von vornherein sparen k\u00f6nnen ;-)<\/p>\n<p>Aber die hatte zuletzt ja noch das Problem, dass der Analogzeiger immer mal etwas nachging, das k\u00f6nnte an der schwachen Batterie gelegen haben, hoffe also mal, dass das jetzt weg ist.<\/p>\n<p>Eigentlich esse ich Fertiggerichte ja aus der Schale nach dem Erhitzen in der Mikrowelle (oder im Auto tu ich alles in den Topf und wird dann vermischt und von dort gegessen) oder Pfannengerichte direkt aus der Pfanne, aber mit den sch\u00f6nen neuen blau-goldenen Tellern und da ich gerade nichts da h\u00e4tte, wo ich die sonst verwenden w\u00fcrde (TK-Pizza oder Schnitzel\/Pommes im Mikrowellen-Heisluft-Backofen) packte ich das Mikrowellen-Fertiggericht mal auf den Teller&#8230; hat den Vorteil, dass es nicht so lang so extrem hei\u00df bleibt&#8230;<\/p>\n<p><a href='http:\/\/extra.inmontanis.info\/d\/97806-2\/DSC04289.jpg'><img src=http:\/\/extra.inmontanis.info\/d\/97805-3\/DSC04289.jpg \/><\/a><br \/>\n^ So ein Fertiggericht auf einem blau-goldenen Teller .. und man kommt sich gleich viktorianisch oder k\u00f6niglich-mittelalterlich vor :)<\/p>\n<p>Hersteller GDA, France aus Limoges. Logo hinten in Gr\u00fcn soll auf ein Herstellungsdatum 1900-1953 deuten. K\u00f6nnte vielleicht mehr wert sein als die 10,- \u00a3 die ich f\u00fcr beide bezahlt hab. Eine relativ ident aussehende Platte mit St\u00e4nder ist allerdings mit Cobalt-Blau angeschrieben. Dort, wo ich das kaufte, stand ja Blei. Der andere (dritte) gro\u00dfe blau-goldene Teller ist von England Crown Sutherland, da find ich noch weniger.<\/p>\n<p><strong>16.11.2022<\/strong><\/p>\n<p>Das ist ja schon wieder unglaublich nervig. Login Ebay: es wird eine SMS mit einem 6-stelligen Sicherheitscode geschickt. NACH EINGABE dieses Codes wird nochmals um Best\u00e4tigung der gerade verwendeten Telefonnummer mittels einer zweiten SMS gebeten. Alter die spinnen. Nerviges Pack. Und dann kommt noch eine EMail, dass ich meine Daten ge\u00e4ndert h\u00e4tte, so ein Schwachsinn.<\/p>\n<p>Zur \u00c4nderung meiner Adresse nochmals Einloggen mit Sicherheitscode, diesen konnte man auch per Email erhalten. Wie, die Adresse passt ja eh, warum wird dann beim Kaufen noch die alte Lieferadresse vorgeschlagen?! Klar, muss man extra \u00e4ndern, bescheuert ohne Ende.<\/p>\n<p>Das kann nicht wahr sein oder.. beim Paypal-Login muss man auch noch so ein schei\u00df Google Captcha ausf\u00fchren. Uuund noch mal sein Passwort eingeben, obwohl man gerade sich auf einem anderen Tab angemeldet hatte. Ich werd bald nix mehr online kaufen mit diesen G\u00e4ngeleien.<\/p>\n<p>Und dann hat Paypal noch einen schlechteren \u00a3-\u20ac-Kurs als Ebay, also nochmal abbrechen und in ebay auf EUR stellen.<\/p>\n<p>Aso, was ich mir gekauft hab? Eine gebrauchte Lichtmaschine aus UK, Cardiff. Ausgerechnet. Wo ich vor kurzem dort vorbeigefahren bin. Aber die waren die g\u00fcnstigsten. Alternativ aus Italien oder glaub Polen. Oder Japan, da sind sie auch so g\u00fcnstig, aber man muss mit Zoll und EUSt und Versandkosten halt doppelt so viel zahlen oder mehr. Ob sie dann funktionert und zwar besser als meine, wei\u00df man nat\u00fcrlich nie. Man hofft halt, dass sie aus einem Unfaller stammen, also wenigstens nicht als per se defekt ausgetauscht wurden. Was man anhand der anderen Angebote der jeweiligen Anbieter dann schon annehmen kann.<\/p>\n<p>Oh weiowei. Ich hab nicht gewusst, dass Armbanduhren einen Resetschalter haben. Ist ein kleines Loch, das mit AC (&#8220;All clear&#8221;) markiert ist. Muss man einfach mit der Oberseite der Batterie kurzschlie\u00dfen (z.B. Kabel, so kleine hab ich eh noch von einer alten RS232-Breakout-Box da). Damit h\u00e4tte ich wohl meine alte Casio beim Batteriewechsel in England gleich wieder zum Leben erwecken k\u00f6nnen.<\/p>\n<p>Aber somit funktioniert jetzt auch meine Horoskopuhr wieder einwandfrei!!! Sch\u00f6n. Somit hab ich auch die Tasten wieder leichtg\u00e4ngiger gemacht.<\/p>\n<p>Nicht sch\u00f6n: Ich hab schon mal Uhren weggeschmissen, die nach dem Batteriewechsel nicht mehr gegangen sind, auch teure &#8211; evtl. h\u00e4tte ich die auch damit Wiederbeleben k\u00f6nnen..<\/p>\n<p>Wie die Funkuhr hat die Horoskopuhr allerdings leider weder Stoppuhr noch Timer. Daf\u00fcr eine 80-seitige Anleitung. Ok, halb deutsch, halb englisch. Da kann man das aktuelle Jahr von 1900 bis 2099 einstellen, muss aber den Wochentag manuell einstellen? Komisch. Leider wird im normalen Anzeigemodus auch der Monat vom aktuellen Datum nicht angezeigt, nur Tag+Wochentag.<\/p>\n<p>Ja, ich glaub, Stoppuhr, Timer und evtl. Weltzeit w\u00e4ren sinnvoller als die Horoskopfunktion ;)<\/p>\n<p><strong>17.11.2022<\/strong><\/p>\n<p>Wollte das Auto dann reinigen, wenn endlich mal wieder Sonne scheint, damit&#8217;s nicht gar so kalt ist. Aber die letzten Tage tat sie das entweder gar nicht oder nur minimalst. Heute h\u00e4tte es auch wesentlich sonniger sein sollen als gemeldet &#8211; erst nach 11 Uhr spitzte sie etwas durch die Wolken. Danach wurde es aber noch recht blau &#8211; also keine Ausrede &#8230; wobei, mein Auto halt schon im Schatten jetzt steht, die Sonne also nicht mehr viel bringt..<\/p>\n<p><a href='http:\/\/ski.inmontanis.info\/d\/306486-2\/DSC04292.jpg'><img src=http:\/\/ski.inmontanis.info\/d\/306485-3\/DSC04292.jpg \/><\/a><br \/>\n^ Angezuckert<\/p>\n<p><a href='http:\/\/extra.inmontanis.info\/d\/97810-2\/DSC04296.jpg'><img src=http:\/\/extra.inmontanis.info\/d\/97809-3\/DSC04296.jpg \/><\/a><br \/>\n^ Lebkuchen &#8211; der Vorrat sollte ein paar Monate halten<\/p>\n<p>Ich werd jetzt im Winter wieder mein Ersatzrad auf dem Dach mitnehmen, zumal ich in den Spikereifen auch keine TPMS-Sensoren hab. Bei einem Reifenschaden muss ich dann halt Spike und normale Reifen an einer Achse fahren. Ist ja eigentlich nicht erlaubt, aber bei einem Reifenschaden wird das wohl schon erlaubt sein f\u00fcr eine gewisse Strecke? W\u00e4re ja bei einem Notrad auch  nicht anders.<\/p>\n<p>Bei den heuer geplanten Wintertouren werd ich eh nicht so viel Zeug mitschleppen m\u00fcssen, schon allein weil ich nicht f\u00fcr 3 Jahreszeiten was mitnehmen muss und zumindest solang ich in K\u00e4rnten unterwegs bin, auch nicht unbedingt Ersatzsachen mitschleppen muss &#8211; die kann ich dann daheim holen, wenn n\u00f6tig.<\/p>\n<p>Was mir vor ein paar Tagen schon aufgefallen ist: Die Schimmelpartie ist im gro\u00dfen Fach unterm Bett recht weit oben diesmal &#8211; entweder weil unten alles verstellt war, oder &#8211; wahrscheinlicher &#8211; weil ich den unteren Bereich ja mit dem Antischimmelmittel letztes Mal gereinigt und nachtr\u00e4glich nochmals eingerieben hatte. Somit sieht man, dass das Mittel doch auch anhaltend wirkt. Es war auch tats\u00e4chlich sonst da unten nix verschimmelt. Au\u00dfer eben die T\u00fcrfalze innen.<\/p>\n<p><a href='http:\/\/extra.inmontanis.info\/d\/97814-2\/IMG_20221117_124250.jpg'><img src=http:\/\/extra.inmontanis.info\/d\/97813-3\/IMG_20221117_124250.jpg \/><\/a><br \/>\n^ Schimmel nur kleinfl\u00e4chig<\/p>\n<p>Ich hab jetzt mal nur gewischt und nicht nachtr\u00e4glich nochmal eingerieben, weil ich auf den Campingpl\u00e4tzen auch mal die Luftentfeuchter testen m\u00f6chte.<\/p>\n<p>Noch ein paar andere Sachen hier und da etwas gereinigt, an meiner LED-Verkabelung etwas ge\u00e4ndert und das Ersatzrad auf dem Dach montiert &#8211; naja, 2h gingen so auch rum.<\/p>\n<p><a href='http:\/\/extra.inmontanis.info\/d\/97818-2\/IMG_20221117_134848.jpg'><img src=http:\/\/extra.inmontanis.info\/d\/97817-3\/IMG_20221117_134848.jpg \/><\/a><br \/>\n^ Sonstiger Zustand meines Ausbaus, das Gewebeband h\u00e4lt hier leider nicht auf Dauer<\/p>\n<p>Ja, zum Thema LED-Verkabelung. Da bin ich ja nach wie vor weder fertig noch im Klaren mit mir und kann auch ausf\u00fchrlich dar\u00fcber schreiben!<\/p>\n<p>Also..<br \/>\n1. ist mir, entweder durch die T\u00fcr vom Schr\u00e4nkchen oder Auf\/Abbau vom Bett oder diversen Rein\/Raustu-Aktionen im K\u00fchlschrank oder hinterm Schr\u00e4nkchen der LED-Strip mal gerissen. Und mit den Steckverbindern, hielt auch nicht. Generell sind diese Steckverbinder\/Verteiler ja sehr h\u00e4ufig M\u00fcll, weil Verbindung zu schlecht, nicht alle Farben durchgehen oder wesentlich weniger Strom = weniger Helligkeit ankommt.<\/p>\n<p>2. der eine Strip war mir ja eh zu dunkel im Winter, also hatte ich in &#8230; Norwegen vielleicht ja noch einen USB-LED-Strip dazu gekauft. Nicht aufgepasst damals, dass die Fernbedienung schlechter ist &#8211; keine Memory\/DIY-Speicherpl\u00e4tze hat. Und Helligkeit mit den Tasten zu dimmen dauert immer ewig. Der Strip ist also was zum Kochen und Essen und wenn mans mal heller haben m\u00f6chte. Zus\u00e4tzlich war da noch ein zweiter kurzer Strip dabei, mit k\u00fcrzerem Vor-Kabel. Den hab ich noch nicht installiert, da ich nicht so wirklich wusste, wo ich den hin tun soll.<\/p>\n<p>Den alten Strip hatte ich weiterhin f\u00fcr die K\u00fchlschrank \/ Boden \/ Lagerraum-Beleuchtung und f\u00fcr Nacht \/ Aufstehen verwendet. Brachte f\u00fcr letzteres nicht mehr viel, als er nur noch bis kurz \u00fcbern K\u00fchlschrank ging. F\u00fcr die restlichen Beleuchtungsaktionen nat\u00fcrlich noch ben\u00f6tigt, insb. f\u00fcr&#8217;n K\u00fchlschrank.<\/p>\n<p>Der alte Strip h\u00e4ngt an einem 12V-USB-Adapter, den ich extra mit einem Schalter schalten kann, d.h. oftmals schalt ich das Licht mit dem Schalter statt mit der Fernbedienung aus &#8211; letzteres nur abends \u00fcber Nacht.<\/p>\n<p>Der neue Strip dagegen hat keinen eigenen Schalter und keinen speziellen Anschluss, den hab ich einfach immer nach Bedarf in eine USB-Steckdose gesteckt. Mal am PC-USB-Hub, mal an ein USB-12V-Steckdosennetzteil. Wo ich dann ggf. das Handyladekabel raustun wollte und mich somit etwas gest\u00f6rt hat.<\/p>\n<p>3. Ich hab dann unterwegs nicht mehr viel gemacht bzw. hab ich zuletzt in diversen L\u00e4den nach Weihnachts-LED-Ketten Ausschau gehalten. So eine Lichterkette mit verschiedenfarbigen Lichtern w\u00e4r ja auch cool. Und mit d\u00fcnnem Kupferdraht vielleicht einfacher zu verlegen als diese LED-Strips, man braucht keine Winkelstecker und hat die vorne\/hinten-Problematik nicht.<\/p>\n<p>Aber er sollte eben mit USB sein. Nix gefunden. Nirgends. Entweder 230V oder Batterie.<\/p>\n<p>Die letzten Tage hab ich auf Amazon geschaut. Tja, da g\u00e4b&#8217;s zwar was. Aber. Standardm\u00e4\u00dfig nach dem Einschalten haben die anscheinend irgendwelche Effekte, keine Dauerbeleuchtung, merken sich die letzte Einstellung hinsichtlich Modus und Helligkeit nicht, wenn man sie vom Strom trennt. Au\u00dfer man schaltet sie mit der Fernbedienung aus.<\/p>\n<p>Zudem unklar, wie hell das Zeug wirklich ist, zumal die einzelnen LEDs ja meist 10cm entfernt sind, und ob das mit den d\u00fcnnen K\u00e4belchen wirklich so viel sinnvoller ist oder ob ich mit diversen Sachen-Reinstopf-Aktionen das nicht auch recht schnell kaputt machen w\u00fcrde. Und die g\u00fcnstigsten sind dann gleich mal 10m lang. Gut, das k\u00f6nnte kein Nachteil sein.<\/p>\n<p>Die Frage w\u00e4re jetzt halt: wozu nehm ich das Lich dann? F\u00fcr Abends\/Nachts\/Aufstehen k\u00f6nnte es je nach Helligkeit sinnvoll (und sch\u00f6n) sein. Aber zum Beleuchten des K\u00fchlschranks usw. k\u00f6nnte es wiederum zu wenig sein.<\/p>\n<p>Alternativ k\u00f6nnte ich auch einen alternativen (neuen) Controller f\u00fcr den neueren LED-Strip kaufen, mit DIY\/Memory-Speicher. Aber der allein reicht mir ja eigentlich eh nicht, selbst den kurzen noch nicht verwendeten zweiten Streifen kann ich nicht so anbringen, dass alle Bereiche, die ich derzeit mit dem alten (und mehrfach verzweigten) ausleuchte.<\/p>\n<p>Kurz, ich komm auch weiterhin zu keiner Entscheidung.<\/p>\n<p>4. Was hab ich also heute gemacht? Einerseits einen alten USB-Hub an den schaltbaren 12V-USB-Adapter gehangen, so dass ich beide LED-Strips mit dem Schalter Ein\/Ausschalten kann und nicht mehr irgendeinen USB-Strom-Port f\u00fcr die neueren LEDs suchen muss. <\/p>\n<p>Zus\u00e4tzlich hab ich das am K\u00fchlschrank zerrissene Streifenst\u00fcck mit dem l\u00e4ngeren Teilst\u00fcck ausgetauscht, so dass es nun wieder etwas weiter hinauf geht und mir morgens bei aufgebautem Bett etwas mehr Licht spendet.<\/p>\n<p>Bei der Gelegenheit, weil ich eh schon mein vorderes Konstrukt (\u00fcber der Batterie) entfernt hab (das ist ja nicht fix verschraubt, nur gesteckt), hab ich mir kurz die Lage des verschmorenden Ladeboosters angeschaut. Also vielleicht k\u00f6nnte ich die Schraube unterhalb doch l\u00f6sen, ohne alles ausbauen zu m\u00fcssen. Aber was wohl trotzdem n\u00f6tig sein wird, die extrem dicken, starren Kabel rauszuziehen, zuvor zu markieren welches was ist. Sind halt 4 St\u00fcck, +\/- irgendwo in Richtung Autobatterie\/Lichtmaschine\/&#8230; und +\/- zur inneren Bordbatterie, wobei eins davon noch mit einer zus\u00e4tzlichen Sicherung verbunden ist.<\/p>\n<p>Die K\u00e4lte sorgt vermutlich f\u00fcr noch mehr Steifheit dieser Kabel -> daher hab ich grad gar keine Lust, das jetzt zu machen. Wenn es ja eh noch etwas geht bzw. ich in n\u00e4chster Zeit ja eh auf Campingpl\u00e4tzen sein werde und dort mit 230V nachladen k\u00f6nnen sollte. Ich werd das Thema also mal aufs Fr\u00fchjahr verschieben, auf w\u00e4rmere Temperaturen hoffen.<\/p>\n<p>Zum Thema Ruhe in der Wohnung ist momentan auch nicht viel, weil die Wohnung unter mir stark renoviert wird :(<\/p>\n<p>Noch ein letztes Mal Uhrenthema &#8211; also ich muss ja schon sagen, dass diese neue analoge Uhr bei d\u00fcsteren Umgebungen wesentlich leichter abzulesen ist als meine alte Funkuhr, weil die Zeiger dort viel kleiner sind und die Digitalanzeige ja recht winzig ist. Da ist auch die Horoskopuhr besser zu lesen. Wobei die Analoganzeige der Funkuhr dann je nach Restlichteinfall manchmal auch wieder leichter abzulesen ist als die LED der Horoskopuhr, wenn sich das Restlicht am Gold spiegelt.<\/p>\n<p><a href='http:\/\/extra.inmontanis.info\/d\/97822-2\/IMG_20221117_152252.jpg'><img src=http:\/\/extra.inmontanis.info\/d\/97821-3\/IMG_20221117_152252.jpg \/><\/a><br \/>\n^ Funkuhr und Horoskopuhr gehen wieder &#8211; somit hier ein Vergleich der beiden mit der neu-gebrauchten aus England (links)<\/p>\n<p><a href='http:\/\/extra.inmontanis.info\/d\/97826-2\/IMG_20221117_152341.jpg'><img src=http:\/\/extra.inmontanis.info\/d\/97825-3\/IMG_20221117_152341.jpg \/><\/a><br \/>\n^ Je nach Lichtrichtung ist mal die eine, mal die andere bei Dunkelheit besser ablesbar&#8230;<\/p>\n<p>Die Stromheizung braucht aktuell anscheinend ca. 10 kWh pro Tag, obwohl ich nicht das Gef\u00fchl hatte, dass sie fast 50% durchlaufen w\u00fcrde. Das Thermostat am Fenster hab ich auf 20\u00b0 eingestellt, das am Schrank hinter mir montierte Thermometer zeigt ca. 18\u00b0 und im Bad wird es auch nicht w\u00e4rmer als 16.5-17.5\u00b0, da lass ich hin und wieder nochmals extra ca. 1-1.5h pro Tag den dortigen, kleinen IR-Strahler laufen. Zudem l\u00e4uft die Fu\u00dfheizung unterm Tisch relativ viel.<\/p>\n<p>Meine kalte Nasenspitze glaubt die 20\u00b0 aber an der Au\u00dfenwand auch nicht, denn daneben sitz ich beim Videoschaun. (Ich w\u00fcrd vielleicht mehr einheizen, wenn ich nicht davon ausgehen w\u00fcrde, in 1-2 Wochen wieder unterwegs zu sein.)<\/p>\n<p>Am (k\u00e4ltetechnisch) unangenehmsten ist das abendliche Umziehen, bis ich dann in das im Fu\u00dfbereich erw\u00e4rmte Bett steige, wo es mir morgens aber recht warm ist.<\/p>\n<p>Und jetzt haben wir ja noch keine Temperaturen unter 0\u00b0 drau\u00dfen gehabt.<\/p>\n<p>Also um 100 \u20ac im Monat wird&#8217;s im Winter nicht sehr warm in dieser Wohnung&#8230;<\/p>\n<p>Ob es wohl erlaubt w\u00e4re, eine Diesel\/Benzin-Standheizung auf den Balkon aufzustellen und damit den Wohnraum zu heizen? ;-)<\/p>\n<p>Ja, das ist halt der Nachteil an einer &#8220;Ferienwohnung&#8221; &#8211; die hat nur elektrische Heizung und ist nicht f\u00fcr dauerhaftes Bewohnen gedacht. Wobei es noch einen weiteren im Haus gibt, dessen Auto ich auch oft sehe, wenn ich da bin.<\/p>\n<p><strong>18.11.2022<\/strong><\/p>\n<p>Bisher hat sich der angek\u00fcndigte Schnee ja immer wieder verschoben, heute zumindest ein bisschen wieder im Skigebiet. Reicht zum Anzuckern der Skipisten bis runter soweit ich schaun kann. Aber Dienstag soll es nun laut Bergfex ordentlich und bis auf 1000m runter schneien, bei mir 23cm. Die n\u00e4chsten Tage daf\u00fcr recht sonnig. Da bin ich ja mal gespannt.<\/p>\n<p>War nachmittags kurz am Auto unten &#8211; der Bewegung wegen .. und dabei noch paar Sachen zum Ausr\u00e4umen gefunden .. und Stromz\u00e4hler gecheckt. Demnach hab ich seit Montag, gleiche Uhrzeit, daher genau 4 Tage, 57 kWh verbraucht, also 14,3 kWh pro Tag, wenn ich also die ca. 10 von der gro\u00dfen Heizung abzieh, bleiben ca. 4 kWh\/Tag f\u00fcr die diversen Heizmatten, der Badheizung, das bisschen Warmwasser, Kochen, PC, Videoprojektor, Handyladen, K\u00fchlschrank, Gefrierschrank, Licht etc.<\/p>\n<p>Nachdem ich nun mit einem anderen Thermometer mal nachgemessen hab und die 20\u00b0 Anzeige im Thermostat vermutlich durch dessen eigene W\u00e4rmeentwicklung beg\u00fcnstigt wird &#8211; und sonst eher nur 18\u00b0 sind &#8211; hab ich die Temperatur mal um 1\u00b0 angehoben.<\/p>\n<p>Sollte ich planen, in der Wohnung l\u00e4nger im Winterhalbjahr zu sein, w\u00e4re vermutlich die Installation einer Fu\u00dfbodenheizung am sinnvollsten. Evtl. g\u00fcnstiger, indem man Heizmatten auf den vorhandenen Teppichboden legt und einen anderen Teppich dr\u00fcberlegt? Den unteren deshalb behalten, um die W\u00e4rmed\u00e4mmung nach unten zu verst\u00e4rken? Ein warmer Fu\u00dfboden ist einfach wesentlich angenehmer als ein kalter &#8211; und die W\u00e4rme steigt ja eh nach oben. Zudem w\u00e4re die Heizleistung so auf eine gr\u00f6\u00dfere Fl\u00e4che verteilt. Eigentlich w\u00e4rs auch sinnvoller, nur die freien Bereiche zu heizen und nicht da, wo M\u00f6bel stehen ..<\/p>\n<p>Was mich etwas wundert, dass solche elektrischen Fu\u00dfheizmatten 100-200 W \/ qm haben. Bei einem 4x5m Raum w\u00e4ren das ja dann in der kleinsten Variante schon 2 kW. <\/p>\n<p>.. und wirklich einsparen wird man damit ja vermutlich auch nichts .. Strom zu W\u00e4rme ist ja immer recht ident. Au\u00dfer man h\u00e4tte wie bei einer Klimaanlage einen Au\u00dfenteil (am Balkon stehen), der wie eine W\u00e4rmepumpe arbeitet. Was unter 0\u00b0 aber auch immer problematischer bis weniger wirkt. Was nat\u00fcrlich hilft, die W\u00e4rme dort zu erzeugen, wo man sie br\u00e4uchte. Am g\u00fcnstigsten mit Strom heizen w\u00fcrde man mit einem Ganzk\u00f6rperanzug mit W\u00e4rmedr\u00e4hten ;-) Bzw. wenn man sich eine Heizdecke rumwickelt.<\/p>\n<p>Kurioserweise sind ja Heizdecken wesentlich g\u00fcnstiger als Heizteppiche. Kann man eine Heizdecke auch unter einen normalen Teppich legen? Glaub, das werd ich mal probieren.<\/p>\n<p><strong>Sa, 19.11.2022<\/strong><\/p>\n<p>Das ganze Haus leer aber in der Wohnung unter mir schon vor 7 Uhr Renovierungs-L\u00e4rm :(<\/p>\n<p>Bin kurz zu den Liften raufgefahren, B\u00e4cker war aber zu. Die 4KSB ist ja diesen Winter nicht in Betrieb. Die w\u00fcrde die Fahrzeit mit dem Auto und das letzte St\u00fcck Rauffahren ersparen. Andererseits hat ein reines SL-Gebiet nat\u00fcrlich mehr Flair. <\/p>\n<p><a href='http:\/\/extra.inmontanis.info\/d\/97830-2\/DSC04299.jpg'><img src=http:\/\/extra.inmontanis.info\/d\/97829-3\/DSC04299.jpg \/><\/a><br \/>\n^ Ich bin zwar \u00fcber dem Nebelmeer, hab aber auch keine Sonne<\/p>\n<p>Im Briefkasten heute fast mehr als die letzten 4 Monate. Inklusive Post-Kuvert-Werbung. Bekomm ich sonst nie.<\/p>\n<p>Zus\u00e4tzlich zu dem bereits installierten 2000W &#8211; Konvektor hatte ich mir damals ja noch ein 1000W-IR-Heizpanel gekauft. Ersteres zieht lt. Messger\u00e4t eher 2600W und zweiteres nur 930W. Aber nie entscheiden k\u00f6nnen, wo ich es denn aufh\u00e4ngen soll. Stattdessen halt mal hier, mal da hin gestellt. Soll ich _mich_ damit aufheizen oder Objekte, die ihrerseits dann die W\u00e4rme speichern und abgeben? An die Seitenwand oder an die Au\u00dfenwand? Querformat oder Hochformat? In welcher H\u00f6he?<\/p>\n<p>Schlussendlich bleibt mittlerweile eigentlich eh nur die Wand rechts vom Tisch \u00fcbrig, dann ist das Teil auch recht nah bei mir, aber oberhalb Kopfh\u00f6he (Sitzen). Eher links oder eher rechts? Direkt strahlt das Ger\u00e4t dann eher die leere Wand gegen\u00fcber (Videoprojektionsfl\u00e4che) an oder den K\u00fchlschrank in einiger Entfernung.  Etwas weiter unten montiert w\u00fcrde sie meinen Kopf und die Bildschirme\/Computer anstrahlen. Eine Deckenmontage will ich mir nicht antun.<\/p>\n<p>Im Internet findet man nat\u00fcrlich f\u00fcr alle m\u00f6glichen Montagepositionen gute Argumente, wie \u00fcblich ..<\/p>\n<p><a href='http:\/\/extra.inmontanis.info\/d\/97834-2\/DSC04305.jpg'><img src=http:\/\/extra.inmontanis.info\/d\/97833-3\/DSC04305.jpg \/><\/a><br \/>\n^ F\u00fcr diese Positionierung des IR-Heizpanels findet man im Internet Vor- und Nachteile. Die UK-Tram-History ist ca. 3,3-3,4m lang.<\/p>\n<p>Um die T\u00f6ne der unteren Wohnung zu \u00fcberdecken, h\u00f6rte ich heute auch selbst mal wieder Musik. Russisch, passend zum heutigen Essen, da ich mir eins der Fertiggericht-Gl\u00e4ser aufmachen wollte, die ich hier hatte, genauer gesagt, die Soljanka sollte dran sein. Lt. Beschreibung soll man die tats\u00e4chlich mit Wasser vermischen -> wird dann ca. 1l Suppe ergeben. Vielleicht heute auf 2x essen, mittags+abends? Musste mich doch noch zur\u00fcckhalten, nicht alles zu essen. Neben der mit nicht zur Hand stehenden Smetana vermisste ich aber auch Gurken &#8211; auch Pilze waren keine drin, schien nur Kraut\/Kohl und minimalst Karotten zu sehen sein. Naja, gut war sie trotzdem.<\/p>\n<p>Bergfex meldete ja f\u00fcr heute sehr sonnig &#8211; die Sonne schien aber nur ein paar Min\u00fctchen, ansonsten wieder bedeckt. Immerhin \u00fcber dem Hochnebel heute.<\/p>\n<p>Ich verwend schon seit einiger Zeit solche Alu-Einlagen in den Winterschuhen und hab immer gezweifelt, ob die wirklich was bringen. Seit gestern hab ich die in meine Hausschuhe drin und hier kann ich definitiv sagen, dass ich dadurch meine Bodenheizplatte viel seltener einschalten muss jetzt.<\/p>\n<p>Tja naja. Mit der IR-Heizung an der Wand.. wenn sie dann mal selten einschaltet, wirds wie erwartet im rechten Kopfbereich schnell warm. Da w\u00e4r dann vielleicht ein kleineres Panel mit weniger Heizkraft, das daf\u00fcr durchgehender l\u00e4uft, sinnvoller?<\/p>\n<p><strong>20.11.2022<\/strong><\/p>\n<p>Meine Horskopuhr meinte, es w\u00e4re heute ein ausgezeichneter Tag f\u00fcr Geldangelegenheiten. Wenn ich also nicht heute meine Konten und Depots checke, wann dann?<\/p>\n<p>Naja, der Blick auf&#8217;s erste Depot mit einem Gesamt-Minus von 9,55% geht ja tats\u00e4chlich noch &#8211; mit Inflation dann wohl allerdings eher -20%. 2 Werte stehen sogar knapp im Plus (1% bzw. 2%), in den letzten Wochen gab es wieder eine kleine Erholung.  Das zweite Depot schaut immerhin nicht schlechter aus als im Juli, d.h. es ist nicht weiter gesunken. Auch hier w\u00e4ren einige USD-Fonds im Plus. Aber in beiden F\u00e4llen w\u00e4re das Nicht-Kaufen sinnvoller gewesen. Oder fr\u00fcher verkaufen. Zumal zumindest beim zweiten Depot auch Geb\u00fchren dazu kommen.<\/p>\n<p>Auch sch\u00f6n nat\u00fcrlich die 500,- \u20ac Klimabonus des \u00f6sterreichischen Staates und die 658,- \u20ac Einkommenssteuerr\u00fcckzahlung (wei\u00df gar nicht, warum).<\/p>\n<p>Was die Wechselkurse \u00a3 \/ \u20ac inkl. Manipulationskosten anbelangt, waren im September\/Oktober im UK eher ca. 1:1,17 \u00fcblich.<\/p>\n<p>Kreditkostenabrechnung kann ich somit auch wieder bringen:<\/p>\n<p>Juni: 1.036,28 (daheim, nicht alles mit Kreditkarte bezahlt, inkludiert aber die F\u00e4hrkosten auf der Hinfahrt, zur Isle of Man und Irland.)<br \/>\nJuli: 622,99 (daheim, nicht alles mit Kreditkarte bezahlt)<br \/>\nAugust: 1.067,64<br \/>\nSeptember: 705,27<br \/>\nOktober: 909,85<\/p>\n<p>In Summe hab ich im Vergleich zum 7.7. sogar etwas mehr Kapitalverm\u00f6gen (weil weniger ausgegeben als an Gehalt + die o.g. staatlichen Zufl\u00fcsse eingegangen ist bzw. Depot 1 nicht mehr so negativ wie im Juli ist.)<\/p>\n<p>Allerdings m\u00fcsste man ja noch die Inflation ber\u00fccksichtigen, um die meine Aktiendepotanlage eigentlich h\u00e4tte wachsen sollen &#8230;. und die individuell ja ganz anders zu  bewerten ist als mit dem vom Staat offiziell daf\u00fcr verwendeten Warenkorb&#8230;<\/p>\n<p>Trotzdem, ich darf nicht jammern .. da geht&#8217;s anderen viel schlechter .. aber mal schaun, wie&#8217;s dann in einem Jahr ausschaut. Wenn die Wirtschaftskrise und die Inflation so richtig durchschl\u00e4gt.<\/p>\n<p>Der Wohnungsmarkt in AT scheint recht leer gefegt zu sein &#8211; also unter 60.000,- zumindest. Wie ich damals gesucht hatte, hatte ich damals ja einige (Ferien)wohnungen um die 20-50k zur Auswahl. Aktuell w\u00fcrde ich da nichts passendes mehr finden. Also d\u00fcrfte auch meine Wohnung hier mehr wert sein jetzt. Allerdings k\u00f6nnte man wohl davon ausgehen, dass meine in Ibk mind. 50k mehr jetzt gebracht h\u00e4tte. Aber das war wegen Corona ja alles recht alternativlos.<\/p>\n<p><strong>21.11.2022<\/strong><\/p>\n<p>Bevor es morgen 20-30cm schneien soll, bin ich heute (bei relativ sonnigem, aber 2\u00b0 kaltem Wetter) noch 2x zum Auto runter gegangen, einmal die Schrankbelegung insofern ge\u00e4ndert, dass, wie gesagt, das Werk- und Ersatzteilzeug von dahinter+darunter nun im Schrank ist (somit die W\u00e4sche an den ehemaligen Platz dahinter\/darunter kommt, auch um dort vielleicht weniger Kondenswasserablagerung zu erzeugen) und hab dann noch die Bettmatratze wieder reingelegt.<\/p>\n<p>Es k\u00f6nnte nat\u00fcrlich zu bef\u00fcrchten sein, dass der morgige Schneefall der letzte vor Weihnachten sein wird &#8230;<\/p>\n<p>Mal wieder Stromz\u00e4hler abgelesen, der Schnitt nach dem ersten Einheizen ist nun 15 kWh pro Tag, da in den letzten Tagen wieder etwas mehr verbraucht. Im Sommer hatte ich ca. 4 kWh\/Tag, aber da hab ich den Luftentfeuchter h\u00e4ufer in Betrieb gehabt. Dh wie schon mal gesch\u00e4tzt, brauch im Dez. wohl mind. 10-12 kWh f\u00fcr&#8217;s Heizen (im Sparbetrieb, weil warm ist&#8217;s mir ja nicht). Im Auto abseits von Campingpl\u00e4tzen bin ich da bekanntlich sparsamer, je nach Standheizung oder nicht sind es da ja eher 25-35 Ah, bei ca. 13V ergibt das ca. 0,3-0,5 kWh. Der aber mittels Benzin erzeugt werden muss. Und ich sitz da nat\u00fcrlich weniger lang vorm PC, daheim l\u00e4uft der von ca. 7:30 bis 22 Uhr durchgehend quasi.<\/p>\n<p>Am meisten Heizkosten einsparen w\u00fcrde man in der Wohnung, wenn man den Wohnraum verkleinern w\u00fcrde. Also im Winter z.B. eine Zwischendecke absenken w\u00fcrde. Oder den Boden erh\u00f6ht. Oder eine Zwischenwand einbaut und nur das halbe Zimmer bewohnt. Ist halt alles auch nicht sooo einfach und g\u00fcnstig umzusetzen. Und muss aufpassen, dass man da nicht Bereiche mit Schimmel z\u00fcchtet. <\/p>\n<p>Wobei ich mir das mit den Sub-Zimmern schon mal etwas \u00fcberlegt hatte. Einerseits bin ich ein Fan von &#8220;alles in einem Zimmer&#8221;. Andererseits haben besonders kleine Zimmer, die ich auf meiner UK-Reise hier und da in alten H\u00e4usern gesehen hab, m\u00f6glichst verwinkelt angeordnet, auch eine Anziehung. F\u00fcr&#8217;s Home-Cinema mit gro\u00dfem Projektor-Bildschirm ist der gro\u00dfe Raum nat\u00fcrlich besser.<\/p>\n<p>Den Flur kann ich auch nicht wirklich sinnvoll abtrennen, da der Eingang zum Bad recht weit vorne ist &#8211; und das ja eh schon zu wenig W\u00e4rme abbekommt. Der gro\u00dfe Kleiderschrank trennt den Schlafbereich wohl eh schon recht wirkungsvoll ab. Und ist so schwer, dass ich den nicht bewegen kann.<\/p>\n<p>Andere L\u00f6sung: Im Winter einfach monatelang unterwegs sein. So wie beim Kauf der Wohnung ja geplant :-) Bleibt aber halt der Herbst, der hier oben auch schon winterlich ist ..<\/p>\n<p><strong>23.11.2022<\/strong><\/p>\n<p><a href='http:\/\/extra.inmontanis.info\/d\/97838-2\/DSC04347.jpg'><img src=http:\/\/extra.inmontanis.info\/d\/97837-3\/DSC04347.jpg \/><\/a><br \/>\n^ Kam einiges an Schnee zusammen in den letzten 24 Stunden. Und, man beachte den Stained-Glass-Stern-Anh\u00e4nger aus England. Hatte seit Jahrzehnten nichts mehr am Fenster h\u00e4ngen gehabt. Aber der passt nat\u00fcrlich gut ans Fenster.<\/p>\n<p><strong>Do, 24.11.2022<\/strong><\/p>\n<p>Am Hipfllift, den ich von meiner Wohnung aus sehe, wurde mittlerweile die Piste pr\u00e4pariert. \u00d6ffnung ist ja erst f\u00fcr den 8.12. geplant.<\/p>\n<p><a href='http:\/\/ski.inmontanis.info\/d\/306490-2\/DSC04389.jpg'><img src=http:\/\/ski.inmontanis.info\/d\/306489-3\/DSC04389.jpg \/><\/a><br \/>\n^ Die Pisten wurden vorpr\u00e4pariert &#8211; Bild vom 25.11.<\/p>\n<p>Derweil die Turracher H\u00f6he wohl schon verbreitet hat, dass sie am WE noch nicht aufsperren werden. Schade. Am  M\u00f6lltaler auch nach wie vor nur die 6KSB offen, das k\u00f6nnte am WE ggf. zu voll werden. Gerlitzen plant weiterhin Saisonstart am 1.12.<\/p>\n<p>Fraglich also, wann ich wohin losfahren + starten soll, ob ich mir den weiten Weg antun werde und Anfang der Woche am M\u00f6lltale sein m\u00f6chte (oder ab Sonntag Nachmittag). Wobei auch noch die Lieferung der gebrauchten Lichtmaschine aus UK ausst\u00e4ndig ist.<\/p>\n<p>Auf Skitour hier hab ich nat\u00fcrlich keine Lust, wenn ich die Saisonkarte hab. Und auf einen teuren Ausflug nach Obertauern oder Schladming am WE hab ich auch keine Lust. Preise zu teuer und Angebot zu bl\u00f6d (8er Sesselbahn ohne Fu\u00dfraster, das will ich ja nicht mal gratis mit der Saisonkarte fahren, wenn sich&#8217;s umfahren l\u00e4sst..)<\/p>\n<p>Bis Montag ist hier nun recht sonnig um die 0\u00b0 gemeldet, danach empfindlich k\u00e4lter.<\/p>\n<p>Neugierigerweise mal einen Blick in die Skistar-Skigebiet Skandinaviens gemacht &#8211; Stichwort Vorjahr Vergleich. Hemsedal 5cm, Trysil 27cm, S\u00e4len 45cm, Vemdalen 12cm, Are 10cm, aktuell \u00fcberall noch geschlossen. Also gleich \u00fcbel wie letztes Jahr.<\/p>\n<p>So lang&#8217;s noch halbwegs pulvrig ist und weils etwas \u00fcber 0\u00b0 hatte, hab ich mal den Schnee von meinem Auto entfernt. Kann mich nicht erinnern, ob ich schon mal so viel Schnee auf dem Auto hatte. Zudem sich der Schnee ja schon etwas gesetzt hatte, am Balkon mittlerweile ganz weg war und auch am Auto schon eine d\u00fcnne Eissschicht oben war, also kein fluffiger Pulver war. Trotzdem noch so viel. Krass. War durchaus anstrengend, bis alles weg war.<\/p>\n<p><a href='http:\/\/extra.inmontanis.info\/d\/97842-2\/IMG_20221124_124029_5.jpg'><img src=http:\/\/extra.inmontanis.info\/d\/97841-3\/IMG_20221124_124029_5.jpg \/><\/a><br \/>\n^ Viel Schnee am Auto<\/p>\n<p><a href='http:\/\/extra.inmontanis.info\/d\/97846-2\/IMG_20221124_124323_3.jpg'><img src=http:\/\/extra.inmontanis.info\/d\/97845-3\/IMG_20221124_124323_3.jpg \/><\/a><br \/>\n^ Viel Schnee am Auto<\/p>\n<p><a href='http:\/\/extra.inmontanis.info\/d\/97850-2\/IMG_20221124_124834_3.jpg'><img src=http:\/\/extra.inmontanis.info\/d\/97849-3\/IMG_20221124_124834_3.jpg \/><\/a><br \/>\n^ Auch hinten liegt so viel Schnee<\/p>\n<p>Probiert, raus zu fahren hab ich mal nicht, hatte keine Lust meine Batterie zu stressen f\u00fcr ein Mal kurz starten und paar Meter fahren. Sollte ich am WE nicht aufbrechen, h\u00e4tte ich ja eigentlich nochmals einkaufen wollen, Brot+Wurst geht nach 2 Wochen nun aus. Essen sonst hab ich nat\u00fcrlich noch genug.<\/p>\n<p>Madonna di Campiglio sperrt am WE auf &#8211; und verlangt mittlerweile 49,50 Tageskarte f\u00fcr&#8217;s Saisonstart-WE. Saisonkartenbesitzer werden mit 15,- abgezockt! Am 18.11.2017 hatte ich mir noch einen damaligen Sonderpreis um 30,- notiert&#8230;<\/p>\n<p>Dolomitisuperski macht auch ein paar Lifte auf, aber ja auch nur irgendwelche KSB+EUBen zu teuren Preisen, uninteressant f\u00fcr mich.<\/p>\n<p>Dito Obereggen. 53,- lt. Homepage und kein einziger SL offen. Bescheuert und nicht lohnenswert. Ich zahl doch kein teures Geld f\u00fcr einen Skipass, wenn es nicht mal einen brauchbaren SL oder DSB oder ESL oder 4EUB oder 2EUB oder Korblift oder PB oder ZRB gibt. Saisonkarte ist dann was anderes, dann besuch ich auch die langweiligen modernen Skigebiete. Aber f\u00fcr sonstiges Geld will ich schon etwas Vintage.<\/p>\n<p>K\u00f6nnte nat\u00fcrlich trotzdem starten, halt dann M\u00f6lltaler, ab Sonntag Nachmittag vielleicht und dann dort zumindest bis zur Er\u00f6ffnung Gerlitzen\/Turrach bleiben.<\/p>\n<p><strong>Fr, 25.11.2022<\/strong><\/p>\n<p>M\u00f6lltaler hat die \u00d6ffnung der DSB mit (nur) schwarzer Abfahrt ab morgen angek\u00fcndigt .. damit w\u00e4ren ein paar Tage dort durchaus lohnenswerter. Allerdings sind die Wettervorhersagen f\u00fcr Montag bis Mittwoch nicht gerade toll.. kalt, bedeckt, windig und etwas Schneefall bis ins Tal.<\/p>\n<p>Koralpe will nun schon ab 3.12. aufsperren (WE-Betrieb).<\/p>\n<p><a href='http:\/\/extra.inmontanis.info\/d\/97854-2\/DSC04392.jpg'><img src=http:\/\/extra.inmontanis.info\/d\/97853-3\/DSC04392.jpg \/><\/a><br \/>\n^ Die Eink\u00e4ufe der letzten Monate sind nun auf den Regalen erg\u00e4nzt.<\/p>\n<p>Oben die Great-Orme-Schneekugel mit 4EUB und Cabletram,<br \/>\ndarunter links die silberne Standuhr,<br \/>\ndarunter die MER-Tram neben dem schon vor einiger Zeit gekauften MER-Trolley-Wheel<\/p>\n<p>Auf dem untersten Regalbrett das Guckk\u00e4stla aus N\u00fcrnberg und \u00fcbrigens in den Lebkuchendosen die alten Skip\u00e4sse und in den silbernen Boxen die Pistenpl\u00e4ne. K\u00f6nnte man bei viel Zeit (n\u00e4chsten Sommer?) ja mal durchz\u00e4hlen..<\/p>\n<p>Leider wurde auch heute die Lichtmaschine aus UK nicht geliefert. Die soll seit gestern fr\u00fch allerdings lt. Tracking in einem DPD-Depot in K\u00e4rnten sein .. :( Derweil die Post gestern die 2 Amazonpakete wie \u00fcblich geliefert hat. Leider war die W\u00e4rmedecke kaputt und ich muss sie zur\u00fcckschicken. Nervig, nervig. Allerdings kann man sich daf\u00fcr ja Zeit lassen.<\/p>\n<p>Campingpl\u00e4tze n\u00e4he M\u00f6lltaler Gletscher l\u00e4ge der erste 10km entfernt, wobei ich auf der Website nicht 100%-ig erkennen konnte, ob die offen haben, daher nachgefragt und verneint worden. Der n\u00e4chste sicher ge\u00f6ffnete w\u00e4re n\u00e4he Ankogel, aber lt. Buchungsformular fast doppelt so teuer wie die meisten andren in K\u00e4rnten (35-38 \u20ac), ansonsten dann  richtung Heiligenblut ca. 37km, da k\u00f6nnte man sich fast schon \u00fcberlegen, alternierend am Parkplatz am Gletscher zu \u00fcbernachten, falls das noch geduldet werden sollte.<\/p>\n<p>In Osttirol ist die Situation noch schlimmer, da gibts anscheinend nur einen einzigen offenen Campingplatz im Winter?! Und der ist ausgerechnet in Kals, also in dem von mir am wenigsten gew\u00fcnschten Skigebiet und von dem dann auch noch am Ort hinten im Tal&#8230;<\/p>\n<p>Eigentlich w\u00e4r ich ja recht abfahrbereit momentan, zwar noch nicht gepackt (w\u00e4r in ein paar Stunden erledigt), aber alles aufgebraucht, Milch, Geb\u00e4ck, Tiefk\u00fchltruhe ist leer und abgetaut, Datenvolumen aufgebraucht  ..<\/p>\n<p>.. naja, dann bestell ich halt noch paar Sachen am heutigen Black Friday bei Amazon, wenn ich n\u00e4chste Woche noch da bin ..  wobei dann zwei Sachen gleich mal wieder weg waren. Andere waren erst bis \u00fcbern\u00e4chste Woche lieferbar. Da hab ich ja schon wieder \u00fcberhaupt keine Lust mehr, bleibt nicht mehr viel \u00fcbrig. Amazon geht mir eh seit Jahren auf den Sack mit diesen andauernd falschen Sucherergebnissen, den fehlerhaften Preis-Sortierungen etc. etc.<\/p>\n<p><strong>Sa, 26.11.2022<\/strong><\/p>\n<p>.. also entschied ich mich heute eben f\u00fcr einen Shoppingtag..<\/p>\n<p>.. und bekam vor der Abfahrt eine E-Mail, demnach DPD heute zwischen 10:45 und 14:45 liefen soll. Also dann doch kein Shoppingtag, sondern mal abwarten, ob der tats\u00e4chlich kommt &#8211; und dann \u00fcberlegen, doch morgen aufzubrechen?<\/p>\n<p>Jetzt hatte ich mich doch schon drauf eingestllt, noch hier zu bleiben. Aber die Amazon-Bestellung hab ich gestern ja noch nicht durchgef\u00fchrt, von dem her k\u00f6nnte ich fahren.<\/p>\n<p>Krass, da gibts bei DPD sogar eine Live-tracking-funktion wie bei Essenslieferdiensten sieht man, wo der DPD-Laster gerade sein soll. Totale \u00dcberwachung der Fahrer! Um 10:15 war er bereits auf den Weg hinauf zur Koralpe, schien noch an anderen Abzweigung  gehalten zu haben &#8211; vielleicht lassen die ein paar Pakete zusammenkommen, bevor sie dann solche abseits liegenden Kunden 1-2x pro Woche beliefern.<\/p>\n<p>Der Bote klingelte (obwohl lt. Tracker ganz wo anders) und stellte das Paket hin. Bis ich unten war, war er wieder weg &#8211; keine Unterschrift, na von mir aus. Zur gleichen Zeit war eine t\u00fcrkische Familie da, die gerade ihre Wohnung im Erdgeschoss verkauft haben, 27qm f\u00fcr \u00fcber 50.000, also d\u00fcrfte meine wohl auch im Preis gestiegen sein, ich hatte damals ja nur ca. 1.000,- \/ qm bezahlt. Der Vorraum, indem die K\u00fcche ist, ist bei denen gr\u00f6\u00dfer, zudem haben sie den Ausgang zum Garten (= Wiese), der ein bisschen ja zum Wohnungswert dazu geh\u00f6rt und etwas sch\u00f6ner\/moderner eingerichtet als meine und eine andere Art, etwas neuere Stromheizung. Daf\u00fcr hab ich die sch\u00f6nere Aussicht im oberen Stock.<\/p>\n<p>Die wohnen jetzt in Wien (ohne Auto, hatten die Wohnung hier also als Sommer-Feriendomizil) und fr\u00fcher tats\u00e4chlich auch mal in N\u00fcrnberg\/F\u00fcrth. H\u00e4tten mir einen Couchtisch geschenkt, den die neuen K\u00e4ufer nicht haben wollten, war aber ein moderner und recht gro\u00dfer Glas-Tisch f\u00fcr den ich auch keinen Platz hab.<\/p>\n<p>Hab endlich mal meine Tankungen in der Tabelle nachgetragen, in der ersten H\u00e4lfte der UK-Reise kam ich meist so mit 4,8-5,4 l \/ 100 km durch, im September und Oktober waren es eher 5,7-6,4. Vermutlich weil ich dann weniger gefahren bin, kaum noch auf Autobahnen war, paar mal Standheizung gebraucht hab usw.? R\u00fcckfahrt (P\u00e4sse und St\u00e4dte inklusive) waren dann wieder 4,8-5,3.<\/p>\n<p>Im November 2021 und M\u00e4rz\/April 2022 mit dem vielen Freistehen und Standheizung usw. waren 7-9 Liter \u00fcblich. Jeweils inkludiert nat\u00fcrlich das Ladeger\u00e4t f\u00fcr die interne Batterieladung &#8211; je weniger man pro Tag f\u00e4hrt, desto mehr schl\u00e4gt das auf den Verbrauch.<\/p>\n<p>Mitte Mai (Heimfahrt) war ich aber auch 2x unter 5 Liter &#8211; d.h. trotz Winterreifen bei w\u00e4rmeren Temperaturen und vor allem trotz Ski und Ersatzrad am Dach!<\/p>\n<p>Da h\u00e4tte ich echt gedacht, w\u00e4re der Verbrauch mit Sommerr\u00e4der und ohne Dachtr\u00e4ger sp\u00fcrbar weniger. W\u00e4hrend ich auf der R\u00fcckfahrt im Mai wegen defekter Klimaanlage die Fenster alle offen hatte, hatte ich dann nat\u00fcrlich im Juli zus\u00e4tzlich die Klimaanlage dauernd in Betrieb.<\/p>\n<p>Durchschnitt letzte 10 Tankf\u00fcllung 5.76, letzte 20 5.55, letzte 50 5.73, letzte 100 5.79, gesamt 5.40, letzter km-stand beim Tanken war 232.382.<\/p>\n<p>Gesamt UK-Reise war ca. 11.500-12.000km<\/p>\n<p>Eine gesammelte Aufstellung der gefahrenen alten Trams hatte ich glaub ich noch nicht online gestellt, wenn ich nichts vergessen hab:<\/p>\n<p>Isle of Man, MER<br \/>\n&#8211; 1<br \/>\n&#8211; 2<br \/>\n&#8211; 5<br \/>\n&#8211; 7<br \/>\n&#8211; 9<br \/>\n&#8211; 14<br \/>\n&#8211; 19<br \/>\n&#8211; 21<br \/>\n&#8211; 32<br \/>\n&#8211; 33<\/p>\n<p>Isle of Man, SMR (Snaefell):<br \/>\n&#8211; 1<br \/>\n&#8211; 2<br \/>\n&#8211; 4<br \/>\n&#8211; 5<\/p>\n<p>Isle of Man, Douglas Bay Horse Tramway:<br \/>\n&#8211; 36<\/p>\n<p>Crich National Tramway Museum:<br \/>\n&#8211; Berlin 223 006-4<br \/>\n&#8211; Blackpool Boat 236<br \/>\n&#8211; Blackpool Brush 630<br \/>\n&#8211; Blackpool &#038; Fleetwood 40<br \/>\n&#8211; Blackpool 167<br \/>\n&#8211; Chesterfield 7<br \/>\n&#8211; Glasgow 22<br \/>\n&#8211; Leeds 180<br \/>\n&#8211; Leeds 399<br \/>\n&#8211; Liverpool 869<br \/>\n&#8211; London LUT 159<br \/>\n&#8211; Metropolitan 331<br \/>\n&#8211; Oporto 273<br \/>\n&#8211; Sheffield 74<br \/>\n&#8211; Sheffield 510<\/p>\n<p>Beamish:<br \/>\n&#8211; Sunderland 16<br \/>\n&#8211; Blackpool 31<br \/>\n&#8211; Oporto 196<br \/>\n&#8211; Newcastle 114<\/p>\n<p>Birkenhead<br \/>\n&#8211; Wallasey 78<br \/>\n&#8211; Birkenhead 69 (Hongkong)<br \/>\n&#8211; Liverpool 245<br \/>\n&#8211; Birkenhead 20<br \/>\n&#8211; Liverpool 762<\/p>\n<p>Blackpool:<br \/>\n&#8211; Balloon 700<br \/>\n&#8211; Balloon 715<br \/>\n&#8211; Balloon 717<br \/>\n&#8211; Boat 227<br \/>\n&#8211; Boat 600<br \/>\n&#8211; Bolton 66<br \/>\n&#8211; Brush 621<br \/>\n&#8211; Brush 631<br \/>\n&#8211; Centenary 648<br \/>\n&#8211; Frigate f735<\/p>\n<p>Heaton Park:<br \/>\n&#8211; Manchester 765<br \/>\n&#8211; Stockport 5<\/p>\n<p>East Anglia:<br \/>\n&#8211; Blackpool 159<br \/>\n&#8211; Sheffield 513<\/p>\n<p>Statfold Barn:<br \/>\n&#8211; Burton &#038; Ashby 14<\/p>\n<p>Summerlee:<br \/>\n&#8211; Glasgow 1017<\/p>\n<p>Seaton:<br \/>\n&#8211; 8<br \/>\n&#8211; 9<br \/>\n&#8211; 11<br \/>\n&#8211; 12<br \/>\n&#8211; 15<br \/>\n&#8211; 16<\/p>\n<p>61 verschiedene alte Trams heuer geschafft, wow. (+ Great Orme, wenn man die dazu z\u00e4hlen will.)<\/p>\n<p>Morgen solls ja sehr sonnig werden am M\u00f6lltaler, aber von Mo-Fr meldet Berfex bedeckt und immer wieder einzelne cm Schneefall pro Tag bei -6 bis -8\u00b0. Das ist halt echt nicht soooo geil. Wobei ja ab Donnerstag Gerlitzen aufmachen soll. Aber keine Ahnung, ob da schon ein Campingplatz in der Gegend offen hat..<\/p>\n<p>Derweil auch die Antwort vom M\u00f6lltaler kam, die das Campen (ohne Strom und Wasser verst\u00e4ndlicherweise und WCs nur von 8-16:30 offen) auf ihrem Parkplatz ausdr\u00fccklich erlauben. Wie cool ist das denn. Dann muss ich wohl doch morgen fahren und zumindest mal 1-2 N\u00e4chte dort bleiben und mittags in die eisig harten Skischuhe schl\u00fcpfen ;)<\/p>\n<p>Nachteil ist nat\u00fcrlich, dass ich ohne Fahren nachmittags das Auto nur mit Standheizung aufw\u00e4rmen kann.<\/p>\n<p>Ein wohl gro\u00dfer Vorteil im Herbst dieser Wohnung im Vergleich zu meiner alten in Innsbruck: Keine Spinnen, also maximal eine 1-2mm kleine, die dann eher mal durch&#8217;s Fliegennetz durchgeschl\u00fcpft ist, aber nicht die gr\u00f6\u00dferen Dinger, die ich in Ibk \u00f6fters zu Besuch hatte. Spinnweben auch ganz wenige.<\/p>\n<p>Hab am fr\u00fchen Nachmittag noch paar Sachen ins Auto einger\u00e4umt, bei denen es nichts ausmacht, wenn sie nachts gefrieren, auch die Ski aufs Dach. Hab mich f\u00fcr den Saisonstart f\u00fcr die \u00e4ltesten K2-Allmountains entschieden und f\u00fcr den Gletscher morgen und Kunstschneepisten wieder die langen neueren Carpani, die ich letzten Winter dabei hatte. Die anderen 4 Paar (wobei das eine ja die Mattenski sind) lass ich mal daheim.<\/p>\n<p>Zus\u00e4tzlich nat\u00fcrlich den K\u00fchlschrank ausgeschaltet und den Luftentfeuchter auf Dauerbetrieb laufen lassen, damit es morgen beim Verlassen etwas trockner ist in der Wohnung, bevor sie sich abk\u00fchlt und alles feucht wird &#8211; wof\u00fcr ich dann auch wieder ein paar von den Luftentfeuchters\u00e4ckchen auslegen werde.<\/p>\n<p>Zus\u00e4tzlich werd ich mal die alte Heizung eingeschaltet lassen inkl. Thermostat auf 5\u00b0, weil bis das an dem Thermostat 5\u00b0 hat, ists vermutlich eh 8-10\u00b0. Aktuell steht das Thermostat vom IR-Panel mitten im Wohnraum auf 21\u00b0 (etwas h\u00f6her als an der Au\u00dfenwand), am Schrank hinter mir lt. altem, analogen Thermometer 18\u00b0, im Badezimmer trotz abschnittsweiser Aufheizungen sackt das dortige digitale Thermometer nach wie vor auf 16-17,5\u00b0 jeden Tag ab und das alte Thermostat nahe K\u00fcche, eher im hintere Bereich der Wohnung, die den Heizkonvektor schaltet, w\u00fcrde aktuell zwischen 13 und 15\u00b0 schalten. <\/p>\n","protected":false},"excerpt":{"rendered":"<p>So, 13.11.2022<\/p>\n<p>Ich kann momentan gar nicht so viel aus dem Auto ausr\u00e4umen, wie ich gerne m\u00f6chte, denn die Spikereifen werde ich nicht erst raustun und erst irgendwohin verr\u00e4umen, sondern nat\u00fcrlich dann gleich montieren. Tendenziell ist das aber keine Sonntagsarbeit, auch vom L\u00e4rm nicht. Falls \u00fcberhaupt irgendwer hier sein sollte&#8230;<\/p>\n<p>H\u00e4tte heute noch 6 GB <a href=\"http:\/\/blog.inmontanis.info\/?p=8093\">[&#8230;]<\/a><\/p>\n","protected":false},"author":1,"featured_media":8096,"comment_status":"closed","ping_status":"closed","sticky":false,"template":"","format":"standard","meta":{"footnotes":""},"categories":[13,8],"tags":[77,47],"class_list":["post-8093","post","type-post","status-publish","format-standard","has-post-thumbnail","hentry","category-austria","category-private","tag-nebelmeer","tag-sl","odd"],"_links":{"self":[{"href":"http:\/\/blog.inmontanis.info\/index.php?rest_route=\/wp\/v2\/posts\/8093","targetHints":{"allow":["GET"]}}],"collection":[{"href":"http:\/\/blog.inmontanis.info\/index.php?rest_route=\/wp\/v2\/posts"}],"about":[{"href":"http:\/\/blog.inmontanis.info\/index.php?rest_route=\/wp\/v2\/types\/post"}],"author":[{"embeddable":true,"href":"http:\/\/blog.inmontanis.info\/index.php?rest_route=\/wp\/v2\/users\/1"}],"replies":[{"embeddable":true,"href":"http:\/\/blog.inmontanis.info\/index.php?rest_route=%2Fwp%2Fv2%2Fcomments&post=8093"}],"version-history":[{"count":3,"href":"http:\/\/blog.inmontanis.info\/index.php?rest_route=\/wp\/v2\/posts\/8093\/revisions"}],"predecessor-version":[{"id":8097,"href":"http:\/\/blog.inmontanis.info\/index.php?rest_route=\/wp\/v2\/posts\/8093\/revisions\/8097"}],"wp:featuredmedia":[{"embeddable":true,"href":"http:\/\/blog.inmontanis.info\/index.php?rest_route=\/wp\/v2\/media\/8096"}],"wp:attachment":[{"href":"http:\/\/blog.inmontanis.info\/index.php?rest_route=%2Fwp%2Fv2%2Fmedia&parent=8093"}],"wp:term":[{"taxonomy":"category","embeddable":true,"href":"http:\/\/blog.inmontanis.info\/index.php?rest_route=%2Fwp%2Fv2%2Fcategories&post=8093"},{"taxonomy":"post_tag","embeddable":true,"href":"http:\/\/blog.inmontanis.info\/index.php?rest_route=%2Fwp%2Fv2%2Ftags&post=8093"}],"curies":[{"name":"wp","href":"https:\/\/api.w.org\/{rel}","templated":true}]}}