{"id":8089,"date":"2022-11-12T15:00:31","date_gmt":"2022-11-12T14:00:31","guid":{"rendered":"http:\/\/blog.inmontanis.info\/?p=8089"},"modified":"2022-11-29T15:26:46","modified_gmt":"2022-11-29T14:26:46","slug":"molltaler-gletscher-12-11-2022","status":"publish","type":"post","link":"http:\/\/blog.inmontanis.info\/?p=8089","title":{"rendered":"M\u00f6lltaler Gletscher, 12.11.2022"},"content":{"rendered":"<p><strong>Sa, 12.11.2022<\/strong> &#8211; Letzter Reisetag, Nr. 124<\/p>\n<p>.. mal wieder ein klassischer Ski-Bericht ..<\/p>\n<p>Gegen 7:30 Uhr ging es von Telfs los, hab mir f\u00fcr ab heute die 2-Monats-Vignette (AT) gekauft, keine Ahnung, ob sich das so wirklich lohnen wird. Wie schon bei der Hinfahrt ging&#8217;s auch diesmal \u00fcbern Brenner (dort aber mautfrei) und durch&#8217;s Pustertal. Wie schon zuletzt gewohnt mit maximal 80 km\/h, au\u00dfer auf Autobahn bis Innsbruck 85 ;)<\/p>\n<p>Spritpreise waren in Italien g\u00fcnstiger als in \u00d6sterreich (Benzin 1,70-1,80, Diesel ca. 0,16 teurer).<\/p>\n<p><a href='http:\/\/extra.inmontanis.info\/d\/97738-3\/DSC04170.jpg'><img src=http:\/\/extra.inmontanis.info\/d\/97737-4\/DSC04170.jpg \/><\/a><br \/>\n^ Anfahrt Innsbruck vom Westen mit Blick zum Patscherkofel<\/p>\n<p><a href='http:\/\/extra.inmontanis.info\/d\/97742-3\/DSC04172.jpg'><img src=http:\/\/extra.inmontanis.info\/d\/97741-4\/DSC04172.jpg \/><\/a><br \/>\n^ Die EUB in Sterzing hat leider neue Gondeln bekommen oder wurde komplett ersetzt. Die Besonderheit der alten ist also pass\u00e9.<\/p>\n<p><a href='http:\/\/extra.inmontanis.info\/d\/97746-3\/DSC04176.jpg'><img src=http:\/\/extra.inmontanis.info\/d\/97745-4\/DSC04176.jpg \/><\/a><br \/>\n^ Pustertal und Blick zum Gitschberg<\/p>\n<p><a href='http:\/\/extra.inmontanis.info\/d\/97750-3\/DSC04178.jpg'><img src=http:\/\/extra.inmontanis.info\/d\/97749-4\/DSC04178.jpg \/><\/a><br \/>\n^ Endlich hat der Kronplatz dieses defekt aussehende, abgeschnittene Logo nicht mehr und konzentriert sich wieder auf seinen Gockel. Preislich f\u00fcr mich aber ja indiskutabel geworden. Von 1986-2006 war ich insg. 86 Tage dort, was in meiner Statistik Platz 4 (von 695) belegt (226 Tage Stubaier Gletscher, 211 Tage Hintertuxer Gletscher, 99 Tage Axamer Lizum). <\/p>\n<p><a href='http:\/\/extra.inmontanis.info\/d\/97754-3\/DSC04179.jpg'><img src=http:\/\/extra.inmontanis.info\/d\/97753-4\/DSC04179.jpg \/><\/a><br \/>\n^ Pustertal<\/p>\n<p><a href='http:\/\/extra.inmontanis.info\/d\/97758-3\/DSC04180.jpg'><img src=http:\/\/extra.inmontanis.info\/d\/97757-4\/DSC04180.jpg \/><\/a><br \/>\n^ Pustertal (S\u00fcdtirol)<\/p>\n<p><a href='http:\/\/extra.inmontanis.info\/d\/97762-3\/DSC04185.jpg'><img src=http:\/\/extra.inmontanis.info\/d\/97761-4\/DSC04185.jpg \/><\/a><br \/>\n^ .. eine Stunde sp\u00e4ter, Lienz (Osttirol). Schade, dass dieses Skigebiet keine Talabfahrt hat.<\/p>\n<p><a href='http:\/\/ski.inmontanis.info\/d\/306366-2\/DSC04186.jpg'><img src=http:\/\/ski.inmontanis.info\/d\/306365-3\/DSC04186.jpg \/><\/a><br \/>\n^ Nochmals 55 Minuten sp\u00e4ter, Ankunft am M\u00f6lltaler und sehr leere Parkpl\u00e4tze &#8211; erst recht f\u00fcr einen Samstag Mitte November um 11:40 Uhr!?!<\/p>\n<p>Um 11:40 Uhr kam ich p\u00fcnktlichst am M\u00f6lltaler an, n\u00e4chste SSB-Fahrt laut Fahrplan 12:00, dann 12.30 Uhr.<\/p>\n<p>Skikleidung anziehen, Bindung montieren, Saisonkarte kaufen, das geht nat\u00fcrlich nicht in 20 Minuten, aber in 50min sollte das machbar sein.<\/p>\n<p>Im Skipasssystem war ich noch unter meiner Innsbrucker Adresse &#8211; samt Foto &#8211; gespeichert, wurde dann einfach hergenommen (ohne Adress\u00e4nderung) &#8211; interessant, entweder wird das also Skidata-zentral gespeichert, oder dadurch, dass der M\u00f6lltaler ja fr\u00fcher zur Schulzgruppe geh\u00f6rt hat, der auch Skigebiete in Tirol hatte &#8211; evtl. sogar in einem der dortigen Skigebiete das Foto gemacht worden.<\/p>\n<p>Andere Keycards werden aber mal wieder nicht akzeptiert (wir sind ja hier nicht in Schweden\/Norwegen ;) ), da muss es doch eine eigene sein. Die angegebenen 665,- \u20ac f\u00fcr die Topcard-Saisonkarte K\u00e4rnten\/Osttirol waren aber anscheinend doch schon inklusive Keycard und d\u00fcrfte nebenbei eins der besten Preis\/Leistungsverh\u00e4ltnisse europ\u00e4ischer Saisonkarten haben? Zumindest wenn man nicht schon im April die Saisonkarte f\u00fcr n\u00e4chsten Winter kauft ..<\/p>\n<p>Mein Plan w\u00e4re, von Anfang Dez. bis Mitte Jan. ca. 50 Skitage auf die Saisonkarte zu fahren, dann ca. 50 Skitage unterwegs zu sein in Italien+Frankreich und ab Mitte M\u00e4rz bis zum Saisonende im Mai am M\u00f6lltaler nochmals ca. 50 Skitage auf die Saisonkarte zu fahren. Wobei die letzten Wochen dann wohl nur M\u00f6lltaler in Betrieb sein wird. Evtl. geh ich da mal noch wo fremd, falls zB in SLO noch was gehen sollte.<\/p>\n<p>Die 150 m\u00f6cht ich heuer jedenfalls knacken. Auch wenn ich die n\u00e4chsten 2 Wochen daheim bleiben m\u00f6chte, bis mal noch andere Skigebiete \u00f6ffnen. Heute hier \u00fcbernachten f\u00e4llt wegen dem vollen Auto eh aus.<\/p>\n<p>Ob ich alle 29-30 Skigebiete der Saisonkarte (30 werden genannt, aber wenn man Kals-Matrei als 2 z\u00e4hlt, muss man noch viel mehr als 2 z\u00e4hlen, erst recht Lienz, wo die beiden ja nicht verbunden sind) abfahren werde und will, wei\u00df ich noch nicht. Kals-Matrei liegt wegen seiner extremen H\u00f6henmeterschummelei ja eigentlich komplett auf meiner Boykottliste, f\u00e4hrt aber als eines der wenigen noch die Woche nach Ostern. Andere Gebiete haben evtl keinen Campingplatz in sinnvoller N\u00e4he und lass ich deshalb aus, aber zumindest die K\u00e4rntner, die ich noch nicht kenne, m\u00f6chte ich schon mal besuchen. Ja, auch Nassfeld ;)<\/p>\n<p>Was mir in die Quere kommen k\u00f6nnte: 1. Coronama\u00dfnahmen, 2. Energieeinsparma\u00dfnahmen (zB fr\u00fcherer spontaner Saisonschluss am M\u00f6lltaler), 3. Blackouts und andere von der EU kriegbedingt provozierten geopolitischen Ereignisse, 4. nat\u00fcrlich auch gesundheitliche Probleme<\/p>\n<p>Sollte das alles so klappen, w\u00e4re n\u00e4chsten Winter entweder S\u00fcdosteuropa inkl. T\u00fcrkei dran oder wieder Schweden. Oder endlich mal die restlichen Gebiete in Spanien? Oder &#8230; und wollte ich nicht eigentlich auch mal im Winter nach Schottland?! <\/p>\n<p>Der Pitztaler liegt ja wegen seine U-SSB auf meiner Boykott-Liste, was daran lag, dass die zumindest fr\u00fcher keinen Fahrplan hatten und mal im 20-, mal im 30-Minuten-Takt fuhr oder mal eine ausgelassen wurde. Der M\u00f6lltaler hat zumindest aktuell einen 30-Minuten-Fahrplan (:00 und :30) und vermutlich wird maximal eine Zusatzfahrt bei Bedarf um :15 oder :45 eingeschoben oder durchgehend gefahren, aber das nicht auf 20-Minuten ge\u00e4dert?!<\/p>\n<p>Der zweite Vorteil zum Pitztaler, dass es hier eine Mittelstation gibt, ab der man mit der 6EUB weiter muss (bzw. abfahren kann im Winter). Ergibt erstens Abwechslung beim Rauffahren und zweitens sieht man mehr als im Tunnel.<\/p>\n<p>Um 12:20 war ich mit allem inkl. Klogang fertig, 10min warten und um 12:30 gings rauf. Die Abfahrten hier abseites des Gletscherbereichs sind schon allesamt sehr modelliert, aber das ist nat\u00fcrlich dem Gel\u00e4nde geschuldet.<\/p>\n<p>.. und von Skistar letztes Jahr bin ich ja eh einiges gew\u00f6hnt. Aber ich hoffe schon, dass das eine oder andere der zumindest kleinen Skigebiete in K\u00e4rnten noch etwas angenehmer sein k\u00f6nnte. <\/p>\n<p>Der Schnee hat heut leider nicht aufgefirnt und war sehr hart f\u00fcr die heute angezogenen Allmountains. Ja, die Mattenabfahrt in Lladudno war rein vom Abfahren her viel sch\u00f6ner. Nat\u00fcrlich viel k\u00fcrzer.<\/p>\n<p>Bei der 3. Fahrt wusste ich auch wieder, wass mich in AT mit am meisten st\u00f6rt: Lichtschranken an den Sessellift-Zutritten. Gibt&#8217;s in Skandinavien und in Italien normalerweise nicht. <\/p>\n<p>Vorteil am M\u00f6lltaler im Herbst\/Winter zu vielen anderen Gletschern: die sonnige Lage<\/p>\n<p>Un\u00fcblich, aber angenehm: In der Mitte der Piste war mehr aufgefahrener Schnee als an den R\u00e4ndern. Also heute mal mittiger fahren m\u00fcssen als sonst. Das Wetter war auch sonniger als gemeldet und Wind war nur im unteren Bereich st\u00e4rker sp\u00fcrbar.<\/p>\n<p>So ein leeres (Gletscher-) Skigebiet hab ich an einem WE Mitte\/Anfang November vielleicht auch noch nie gesehen ;) <\/p>\n<p>N\u00e4chstes WE ist hier nachtr\u00e4gliches Oktoberfest, da wirds wohl voller sein und in 2 Wochen, mal schaun, ob da vielleicht schon die Turracher H\u00f6he mit dem \u00fcblichen kurzen SL aufmacht, sind ja auch oft im November offen.<\/p>\n<p>Panoramatechnisch ist der M\u00f6lltaler auch sehr nett, aber die Gletscherskigebiete in Tirol bin ich auch wesentlich \u00f6fters gefahren bisher.<\/p>\n<p><a href='http:\/\/ski.inmontanis.info\/d\/306370-2\/DSC04188.jpg'><img src=http:\/\/ski.inmontanis.info\/d\/306369-3\/DSC04188.jpg \/><\/a><br \/>\n^ Die Sitzb\u00e4nke in der SSB scheinen generell runtergeklappt zu sein &#8211; falls man sie \u00fcberhaupt hochklappen kann<\/p>\n<p><a href='http:\/\/ski.inmontanis.info\/d\/306374-2\/DSC04190.jpg'><img src=http:\/\/ski.inmontanis.info\/d\/306373-3\/DSC04190.jpg \/><\/a><br \/>\n^ Die SSB ist relativ flach im Vergleich zu anderen<\/p>\n<p><a href='http:\/\/ski.inmontanis.info\/d\/306378-2\/DSC04189.jpg'><img src=http:\/\/ski.inmontanis.info\/d\/306377-3\/DSC04189.jpg \/><\/a><br \/>\n^ Paar Gutscheine gab&#8217;s auch, w\u00fcsste aber nicht, was ich mir kaufen sollte &#8211; das 50% Service werd ich nat\u00fcrlich versuchen zu nehmen<\/p>\n<p><a href='http:\/\/ski.inmontanis.info\/d\/306382-2\/DSC04191.jpg'><img src=http:\/\/ski.inmontanis.info\/d\/306381-3\/DSC04191.jpg \/><\/a><br \/>\n^ Die h\u00e4sslichste Vorderseite, die ich je an einer Keycard gesehen hab. Die R\u00fcckseite ist sch\u00f6ner. Aber keine Ahnung, wo das alte Bild her ist &#8211; ist aber zumindest auch auf der TSC noch zu erahnen.<\/p>\n<p><a href='http:\/\/ski.inmontanis.info\/d\/306386-2\/DSC04192.jpg'><img src=http:\/\/ski.inmontanis.info\/d\/306385-3\/DSC04192.jpg \/><\/a><br \/>\n^ 6EUB Sektion 2<\/p>\n<p><a href='http:\/\/ski.inmontanis.info\/d\/306390-2\/DSC04194.jpg'><img src=http:\/\/ski.inmontanis.info\/d\/306389-3\/DSC04194.jpg \/><\/a><br \/>\n^ Abfahrten zur Mittelsation<\/p>\n<p><a href='http:\/\/ski.inmontanis.info\/d\/306394-2\/DSC04197.jpg'><img src=http:\/\/ski.inmontanis.info\/d\/306393-3\/DSC04197.jpg \/><\/a><br \/>\n^ Mittelstation<\/p>\n<p><a href='http:\/\/ski.inmontanis.info\/d\/306398-2\/DSC04199.jpg'><img src=http:\/\/ski.inmontanis.info\/d\/306397-3\/DSC04199.jpg \/><\/a><br \/>\n^ Mittelstation und Stauseen<\/p>\n<p><a href='http:\/\/ski.inmontanis.info\/d\/306402-2\/DSC04200.jpg'><img src=http:\/\/ski.inmontanis.info\/d\/306401-3\/DSC04200.jpg \/><\/a><br \/>\n^ Stausee<\/p>\n<p><a href='http:\/\/ski.inmontanis.info\/d\/306406-2\/DSC04205.jpg'><img src=http:\/\/ski.inmontanis.info\/d\/306405-3\/DSC04205.jpg \/><\/a><br \/>\n^ Stausee und 4SB Alteck<\/p>\n<p><a href='http:\/\/ski.inmontanis.info\/d\/306410-2\/DSC04206.jpg'><img src=http:\/\/ski.inmontanis.info\/d\/306409-3\/DSC04206.jpg \/><\/a><br \/>\n^ Stausee<\/p>\n<p><a href='http:\/\/ski.inmontanis.info\/d\/306414-2\/DSC04208.jpg'><img src=http:\/\/ski.inmontanis.info\/d\/306413-3\/DSC04208.jpg \/><\/a><br \/>\n^ 6KSB und DSB am Gletscher. So leer Mitte November an einem WE!?!<\/p>\n<p><a href='http:\/\/ski.inmontanis.info\/d\/306418-2\/DSC04211.jpg'><img src=http:\/\/ski.inmontanis.info\/d\/306417-3\/DSC04211.jpg \/><\/a><br \/>\n^ Die Gletscherst\u00fctze der DSB (Girak) zeigt den Gletscherschwund<\/p>\n<p><a href='http:\/\/ski.inmontanis.info\/d\/306422-2\/DSC04212.jpg'><img src=http:\/\/ski.inmontanis.info\/d\/306421-3\/DSC04212.jpg \/><\/a><br \/>\n^ Skigebiets-Pano mit 4SB Alteck<\/p>\n<p><a href='http:\/\/ski.inmontanis.info\/d\/306426-2\/DSC04214.jpg'><img src=http:\/\/ski.inmontanis.info\/d\/306425-3\/DSC04214.jpg \/><\/a><br \/>\n^ Skigebiets-Pano mit Gletscherbereich und Bergstation 6EUB<\/p>\n<p><a href='http:\/\/ski.inmontanis.info\/d\/306430-2\/DSC04218.jpg'><img src=http:\/\/ski.inmontanis.info\/d\/306429-3\/DSC04218.jpg \/><\/a><br \/>\n^ Schon eine coole Station, die DSB Bergstation<\/p>\n<p><a href='http:\/\/ski.inmontanis.info\/d\/306434-2\/DSC04219.jpg'><img src=http:\/\/ski.inmontanis.info\/d\/306433-3\/DSC04219.jpg \/><\/a><br \/>\n^ 6KSB-DSB-Pano<\/p>\n<p><a href='http:\/\/ski.inmontanis.info\/d\/306438-2\/DSC04222.jpg'><img src=http:\/\/ski.inmontanis.info\/d\/306437-3\/DSC04222.jpg \/><\/a><br \/>\n^ Die Verbindung von der Bergstation zur Gletscherabfahrt ist ziemlich eisig und steil<\/p>\n<p><a href='http:\/\/ski.inmontanis.info\/d\/306442-2\/DSC04228.jpg'><img src=http:\/\/ski.inmontanis.info\/d\/306441-3\/DSC04228.jpg \/><\/a><br \/>\n^ Offpiste auf der anderen Seiten fahren aber auch schon welche<\/p>\n<p><a href='http:\/\/ski.inmontanis.info\/d\/306446-2\/DSC04230.jpg'><img src=http:\/\/ski.inmontanis.info\/d\/306445-3\/DSC04230.jpg \/><\/a><br \/>\n^ Eingebrochener Restgletscher &#8211; ob das die gesamte Restdicke ist?<\/p>\n<p><a href='http:\/\/ski.inmontanis.info\/d\/306450-2\/DSC04233.jpg'><img src=http:\/\/ski.inmontanis.info\/d\/306449-3\/DSC04233.jpg \/><\/a><br \/>\n^ 6KSB-DSB<\/p>\n<p><a href='http:\/\/ski.inmontanis.info\/d\/306454-2\/DSC04235.jpg'><img src=http:\/\/ski.inmontanis.info\/d\/306453-3\/DSC04235.jpg \/><\/a><br \/>\n^ R\u00fcckseitenpano ins Salzburger Land<\/p>\n<p><a href='http:\/\/ski.inmontanis.info\/d\/306458-2\/DSC04236.jpg'><img src=http:\/\/ski.inmontanis.info\/d\/306457-3\/DSC04236.jpg \/><\/a><br \/>\n^ R\u00fcckseitenpano ins Salzburger Land mit Gasteinertal und Skigebiet Sportgastein direkt gegen\u00fcber, das man kaum erkennen kann &#8211; also wohl kaum Pistenmodellierungen. Das s\u00e4he in Italien aber ganz anders aus&#8230; Die geplante Verbindung kam bisher ja noch nicht&#8230;<\/p>\n<p>Mehr zur ehemals geplanten Erschlie\u00dfung des M\u00f6lltaler Gletschers vom Gasteinertal aus:<br \/>\n<a href='http:\/\/www.sommerschi.com\/forum\/wintersport-infrastruktur-f9\/%C3%9Cber-alle-berge-gasteiner-projekte-der-1970-er-ja-t193-s30.html'>http:\/\/www.sommerschi.com\/forum\/wintersport-infrastruktur-f9\/%C3%9Cber-alle-berge-gasteiner-projekte-der-1970-er-ja-t193-s30.html<\/a><\/p>\n<p><a href='http:\/\/ski.inmontanis.info\/d\/306462-2\/DSC04237.jpg'><img src=http:\/\/ski.inmontanis.info\/d\/306461-3\/DSC04237.jpg \/><\/a><br \/>\n^ R\u00fcckseitenpano<\/p>\n<p><a href='http:\/\/ski.inmontanis.info\/d\/306466-2\/DSC04238.jpg'><img src=http:\/\/ski.inmontanis.info\/d\/306465-3\/DSC04238.jpg \/><\/a><br \/>\n^ R\u00fcckseitenpano<\/p>\n<p><a href='http:\/\/ski.inmontanis.info\/d\/306470-2\/DSC04240.jpg'><img src=http:\/\/ski.inmontanis.info\/d\/306469-3\/DSC04240.jpg \/><\/a><br \/>\n^ Auf der R\u00fcckseite gibt&#8217;s noch dieses alte Fundament. Fundament hei\u00dft das ja deshalb, weil man es am End&#8217; doch noch findet ;) Wenn die Lifte abgebaut sind, ist oft das Fundament der einzige Fund am End.<\/p>\n<p><a href='http:\/\/ski.inmontanis.info\/d\/306474-2\/DSC04241.jpg'><img src=http:\/\/ski.inmontanis.info\/d\/306473-3\/DSC04241.jpg \/><\/a><br \/>\n^ Trauriger Gletscherrest, aber leere Abfahrt um 15 Uhr. Und sonnig bis zum Ende, das ist der gr\u00f6\u00dfte Vorteil am M\u00f6lltaler Gletscher.<\/p>\n<p><a href='http:\/\/ski.inmontanis.info\/d\/306478-2\/DSC04242.jpg'><img src=http:\/\/ski.inmontanis.info\/d\/306477-3\/DSC04242.jpg \/><\/a><br \/>\n^ Blick zum Gro\u00dfglockner<\/p>\n<p><a href='http:\/\/ski.inmontanis.info\/d\/306482-2\/ge-20221112a.jpg'><img src=http:\/\/ski.inmontanis.info\/d\/306481-3\/ge-20221112a.jpg \/><\/a><br \/>\n^ GPS-Tracks:<br \/>\nHellblau 14.8.2011<br \/>\nDunkelblau 26.7.2020<br \/>\nMagenta 12.11.2022 <\/p>\n<p>Um 15:35 hab ich mich auf den Weg nach unten gemacht. Es wurde langsam kalt und ich musste ja noch einkaufen und ca. 2:45 Stunden heimfahren lt. Navi und ja, inkl. Autobahn, hab ja gerade die Vignette.<\/p>\n<p>Am Autobahn-BurgerKing am W\u00f6rther See sah ich mir die Preisliste an, aber was kleines \/ im Angebot gab&#8217;s nicht und 3,- \u20ac f\u00fcr die kleinste Portion Pommes wollte ich auch nicht ausgeben. Au\u00dferdem wird meine Wohnung eh eiskalt sein, so dass ich mit Kochen noch etwas zus\u00e4tzlich aufw\u00e4rmen k\u00f6nnte.<\/p>\n<p>Irgendwann so auf der Autobahn in der Dunkelheit kam pl\u00f6tzlich wieder die Reiselust. Warum wollte ich eigentlich unbedingt jetzt heimfahren?! <\/p>\n<p>In der Wohnung waren es 12,5\u00b0 und die Hauptsicherung bzw. FI-Schalter war aus. Komisch. Da h\u00e4tte ja wieder die Heizung diesen Winter nicht funktioniert. Aktuell w\u00e4re sie nicht in Betrieb gewesen, weil ich ja nur 8\u00b0 eingestellt hatte. Beim FI hatte ich ja mal den Testknopf gedr\u00fcckt, der blieb ohne Funktion. Oder hatte einige Tage Verz\u00f6gerung.<\/p>\n<p>Der alte Rauchgeruch war diesmal, so meine ich, auch nicht so schlimm, wie zuletzt im Sommer. Vielleicht hat das eine Spray tats\u00e4chlich besser geholfen. <\/p>\n<p>Was die Luftentfeuchterbeutel angeht, war der Status so: Im Bad der gro\u00dfe und die zwei kleinen in der K\u00fcche waren komplett aufgebraucht, die zwei kleinen in den Boxen jeweils am Bett und in einer Wohnzimmerecke gegen\u00fcber der K\u00fcche waren gar nicht bzw. nur minimal gef\u00fcllt. Luftfeuchte laut Sensor dann 56%, also pasend, aber fraglich, wie es dann bei 8\u00b0 oder 5\u00b0 oder 0\u00b0 gewesen w\u00e4re, wenn ich den Winter \u00fcber weg geblieben w\u00e4re und sich ja die Heizung nicht eingeschaltet h\u00e4tte weil Sicherung drau\u00dfen.<\/p>\n<p>Falsch in Erinnerung hatte ich meinen Pfannen-Status, denn 1. ist die alte noch gar nicht so abgen\u00fctzt und 2. ist sie auch noch ziemlich gleich gro\u00df wie die, die ich jetzt gekauft hab &#8211; also h\u00e4tte ich mir entweder eine gr\u00f6\u00dfere oder kleinere mitnehmen sollen.<\/p>\n<p>Ich lie\u00df meinen 2000W-Konvektor laufen und auch die 1000W-IR-Platte, die ich ins &#8220;Schlafzimmer&#8221; stellte (abgetrennt durch den gro\u00dfen Schrank, kein eigenes Zimmer). Da man nach l\u00e4ngerer Abwesenheit auch den Boiler einmal hei\u00df durchlaufen lassen sollte, ging die Ladung maximal hei\u00dfes Warmwasser in die Badewanne, um die W\u00e4rme nicht umsonst runterlaufen zu lassen. <\/p>\n<p>Nicht \u00fcberlebt hat diesmal diese (ja eher kurze) Zeit meine kleine USV. Die macht keinen Mucks mehr beim Einschalten, der Akku also wohl kaputt.<\/p>\n<p>14,5\u00b0 wurden relativ schnell angezeigt, aber danach wurds z\u00e4h&#8230;<\/p>\n<p>Im n\u00e4chsten Bericht werd ich noch das eine oder andere Mal die UK-Reise thematisch ansprechen, sowie die Heizsituation. Und daheim endlich diesen verdreckten Kamerasensor reinigen. <\/p>\n<p>&#8212;-<br \/>\nVon Musk bis Klimawandel &#8211; Technokraten an die Macht? Sind die die Strippenzieher?<br \/>\n<a href='https:\/\/www.youtube.com\/watch?v=VRefWMnvSQQ'>https:\/\/www.youtube.com\/watch?v=VRefWMnvSQQ<\/a><\/p>\n","protected":false},"excerpt":{"rendered":"<p>Sa, 12.11.2022 &#8211; Letzter Reisetag, Nr. 124<\/p>\n<p>.. mal wieder ein klassischer Ski-Bericht ..<\/p>\n<p>Gegen 7:30 Uhr ging es von Telfs los, hab mir f\u00fcr ab heute die 2-Monats-Vignette (AT) gekauft, keine Ahnung, ob sich das so wirklich lohnen wird. Wie schon bei der Hinfahrt ging&#8217;s auch diesmal \u00fcbern Brenner (dort aber mautfrei) und durch&#8217;s <a href=\"http:\/\/blog.inmontanis.info\/?p=8089\">[&#8230;]<\/a><\/p>\n","protected":false},"author":1,"featured_media":8091,"comment_status":"closed","ping_status":"closed","sticky":false,"template":"","format":"standard","meta":{"footnotes":""},"categories":[186,199,13,27],"tags":[39,56,38,45,47,46],"class_list":["post-8089","post","type-post","status-publish","format-standard","has-post-thumbnail","hentry","category-2022-07-uk-irl-iom","category-molltaler-gletscher","category-austria","category-skifahren-winterskiing-winter","tag-6eub","tag-6sb","tag-dsb","tag-see","tag-sl","tag-ssb","odd"],"_links":{"self":[{"href":"http:\/\/blog.inmontanis.info\/index.php?rest_route=\/wp\/v2\/posts\/8089","targetHints":{"allow":["GET"]}}],"collection":[{"href":"http:\/\/blog.inmontanis.info\/index.php?rest_route=\/wp\/v2\/posts"}],"about":[{"href":"http:\/\/blog.inmontanis.info\/index.php?rest_route=\/wp\/v2\/types\/post"}],"author":[{"embeddable":true,"href":"http:\/\/blog.inmontanis.info\/index.php?rest_route=\/wp\/v2\/users\/1"}],"replies":[{"embeddable":true,"href":"http:\/\/blog.inmontanis.info\/index.php?rest_route=%2Fwp%2Fv2%2Fcomments&post=8089"}],"version-history":[{"count":2,"href":"http:\/\/blog.inmontanis.info\/index.php?rest_route=\/wp\/v2\/posts\/8089\/revisions"}],"predecessor-version":[{"id":8092,"href":"http:\/\/blog.inmontanis.info\/index.php?rest_route=\/wp\/v2\/posts\/8089\/revisions\/8092"}],"wp:featuredmedia":[{"embeddable":true,"href":"http:\/\/blog.inmontanis.info\/index.php?rest_route=\/wp\/v2\/media\/8091"}],"wp:attachment":[{"href":"http:\/\/blog.inmontanis.info\/index.php?rest_route=%2Fwp%2Fv2%2Fmedia&parent=8089"}],"wp:term":[{"taxonomy":"category","embeddable":true,"href":"http:\/\/blog.inmontanis.info\/index.php?rest_route=%2Fwp%2Fv2%2Fcategories&post=8089"},{"taxonomy":"post_tag","embeddable":true,"href":"http:\/\/blog.inmontanis.info\/index.php?rest_route=%2Fwp%2Fv2%2Ftags&post=8089"}],"curies":[{"name":"wp","href":"https:\/\/api.w.org\/{rel}","templated":true}]}}