{"id":8080,"date":"2022-11-03T18:52:39","date_gmt":"2022-11-03T17:52:39","guid":{"rendered":"http:\/\/blog.inmontanis.info\/?p=8080"},"modified":"2022-11-26T23:00:24","modified_gmt":"2022-11-26T22:00:24","slug":"nurnberg-teil-3-alter-kanal-garten-private-vergangenheit-1-11-2022-telfs-2-11-11-2022","status":"publish","type":"post","link":"http:\/\/blog.inmontanis.info\/?p=8080","title":{"rendered":"N\u00fcrnberg Teil 3: Alter Kanal, Garten, private Vergangenheit, 1.11.2022 &#038; Telfs 2.-11.11.2022"},"content":{"rendered":"<p><strong>Di, 1.11.2022<\/strong><\/p>\n<p>Zum Abschluss der N\u00fcrnbergtage besuchte ich heute noch &#8220;den Garten&#8221;. Es handelt sich dabei um den ehemaligen Garten meiner Gro\u00dfeltern in einer Kleingartenkolonie s\u00fcdlich von (bzw. noch in) N\u00fcrnberg. Hier verbrachte ich fr\u00fcher in der Schulzeit einen Gro\u00dfteil meiner Sommerferien, aber auch sonst im Sommer manches Wochenende.<\/p>\n<p>Den Garten hatte ich ja schon mal in einem meiner Camping-Topics erw\u00e4hnt, dass er wohl einen nicht zu untersch\u00e4tzenden Anteil daran hat, dass ich problemlos wochenlang in meinem kleinen Auto leben kann. Auch, dass ich ein damals verwendetes lilafarbenes Handtuch &#8220;geerbt&#8221; und dabei hab, hab ich schon erw\u00e4hnt.<\/p>\n<p>Ebenfalls bereits thematisiert hatte ich in der Vergangenheit, was direkt daneben ist: Der alte Kanal, der Ludwigs-Kanal oder Ludwig-Donau-Main-Kanal, wie er zumindest aktuell genannt wird. Dort entlang zu radeln, fand ich immer viel sch\u00f6ner als am neuen Rhein-Main-Donau-Kanal, wo kaum B\u00e4ume und Schatten waren.<\/p>\n<p>Grundlegend ist die Gartenkolonie laut Schild f\u00fcr Jedermann zu betreten, allerdings schreibt ein anderes Schild, dass die T\u00fcr jetzt in den Wintermonaten stets abgesperrt sein soll. Am Haupteingang war die T\u00fcr offen. Soll ich es wagen? Wird ja heut sicherlich bissl was los sein am Feiertag, aber wenn nicht und die T\u00fcr dann abgesperrt w\u00e4re bzw. wer wei\u00df wie lang ich dann warten m\u00fcsste, bis wieder jemand kommen oder gehen will.<\/p>\n<p>Ich ging also erst zum alten Kanal, sp\u00e4ter \u00fcber den Parkplatz, wo das Tor offen war, doch noch den weiten Weg hinter  zu &#8220;unserem&#8221; alten Garten. Sp\u00e4ter retour war dann tats\u00e4chlich die T\u00fcr am Haupteingang abgesperrt, hatte aber Gl\u00fcck, dass das Tor am Parkplatz noch offen war. Puh ..<\/p>\n<p><a href='http:\/\/extra.inmontanis.info\/d\/96246-3\/DSC03637.jpg'><img src=http:\/\/extra.inmontanis.info\/d\/96245-4\/DSC03637.jpg \/><\/a><br \/>\n^ H\u00e4tte das erste Bild am gestrigen Bericht sein sollen, aber vergessen. Sonne und etwas Nebel in Franken<\/p>\n<p><a href='http:\/\/extra.inmontanis.info\/d\/97444-2\/DSC04084.jpg'><img src=http:\/\/extra.inmontanis.info\/d\/97443-3\/DSC04084.jpg \/><\/a><br \/>\n^ Der kleine s\u00fcdliche Eingang in die Kleingartenkolonie war unser \u00fcblicher Eingang. Fr\u00fcher parkte man auf der dortigen Seite direkt, ein paar Parkpl\u00e4tze vor&#8217;m Tor, alternativ rechts ein St\u00fcck s\u00fcdlicher ein anderer Parkplatz. Sp\u00e4ter dann Naturschutzgebiet und etwas gr\u00f6\u00dferer Parkplatz hinter mir gebaut, so dass man die Stra\u00dfe immer queren musste. <\/p>\n<p>Vorne am Haupteingang gibt&#8217;s nat\u00fcrlich auch noch Parkpl\u00e4tze.<\/p>\n<p><a href='http:\/\/extra.inmontanis.info\/d\/97448-2\/DSC04087.jpg'><img src=http:\/\/extra.inmontanis.info\/d\/97447-3\/DSC04087.jpg \/><\/a><br \/>\n^ In der Gartenkolonie gibt&#8217;s auch ein Restaurant, das wir aber seltenst besucht haben. Gab bessere.<\/p>\n<p><a href='http:\/\/extra.inmontanis.info\/d\/97452-2\/DSC04088.jpg'><img src=http:\/\/extra.inmontanis.info\/d\/97451-3\/DSC04088.jpg \/><\/a><br \/>\n^ Generell Zutritt f\u00fcr Jedermann lt. Schild, aber zwischen 1.11. und 31.3. sollen die T\u00fcren dauerhaft geschlossen bleiben. W\u00e4r etwas bl\u00f6d, wenn ich bei der jetzt offenen T\u00fcr rein geh und dann nicht mehr rauskomm bzw. auf jemand warten muss..<\/p>\n<p>Seit wann es das Fahrradverbot gibt, wei\u00df ich nicht, wir bis zum Schluss geradelt. <\/p>\n<p><a href='http:\/\/extra.inmontanis.info\/d\/97456-2\/DSC04094.jpg'><img src=http:\/\/extra.inmontanis.info\/d\/97455-3\/DSC04094.jpg \/><\/a><br \/>\n^ .. also ging ich erst mal zum alten Kanal<\/p>\n<p><a href='http:\/\/extra.inmontanis.info\/d\/97460-2\/DSC04091.jpg'><img src=http:\/\/extra.inmontanis.info\/d\/97459-3\/DSC04091.jpg \/><\/a><br \/>\n^ Infotafel zum alten Kanal<\/p>\n<p><a href='http:\/\/extra.inmontanis.info\/d\/97464-2\/DSC04092.jpg'><img src=http:\/\/extra.inmontanis.info\/d\/97463-3\/DSC04092.jpg \/><\/a><br \/>\n^ Infotafel zum alten Kanal<\/p>\n<p><a href='http:\/\/extra.inmontanis.info\/d\/97468-2\/DSC04090.jpg'><img src=http:\/\/extra.inmontanis.info\/d\/97467-3\/DSC04090.jpg \/><\/a><br \/>\n^ Dieses H\u00e4uschen war zu meiner Zeit eher nicht jedes Jahr ge\u00f6ffnet und man bekam eher nur Eis und so, aber ..<\/p>\n<p><a href='http:\/\/extra.inmontanis.info\/d\/97472-2\/DSC04096.jpg'><img src=http:\/\/extra.inmontanis.info\/d\/97471-3\/DSC04096.jpg \/><\/a><br \/>\n^ .. der aktuelle P\u00e4chter oder Inhaber macht sogar Braten. Anstatt so genervt \u00fcber die vielen &#8220;hamsi keine Pommes&#8221; &#8211; Kunden zu sein, k\u00f6nnte man ja stattdessen einfach welche verkaufen und Geld machen?!<\/p>\n<p><a href='http:\/\/extra.inmontanis.info\/d\/97476-2\/DSC04098.jpg'><img src=http:\/\/extra.inmontanis.info\/d\/97475-3\/DSC04098.jpg \/><\/a><br \/>\n^ Richtung Stadt und Autobahn<\/p>\n<p><a href='http:\/\/extra.inmontanis.info\/d\/97480-2\/DSC04100.jpg'><img src=http:\/\/extra.inmontanis.info\/d\/97479-3\/DSC04100.jpg \/><\/a><br \/>\n^ Normalerweise eher im Sommer hier gewesen, aber im Herbst ists durch die bunten B\u00e4ume noch sch\u00f6ner<\/p>\n<p><a href='http:\/\/extra.inmontanis.info\/d\/97484-2\/DSC04101.jpg'><img src=http:\/\/extra.inmontanis.info\/d\/97483-3\/DSC04101.jpg \/><\/a><br \/>\n^ <\/p>\n<p><a href='http:\/\/extra.inmontanis.info\/d\/97488-2\/DSC04102.jpg'><img src=http:\/\/extra.inmontanis.info\/d\/97487-3\/DSC04102.jpg \/><\/a><br \/>\n^ H\u00e4ufig gab es 2 parallele Wege, einen unteren und einen oberen<\/p>\n<p><a href='http:\/\/extra.inmontanis.info\/d\/97492-2\/DSC04105.jpg'><img src=http:\/\/extra.inmontanis.info\/d\/97491-3\/DSC04105.jpg \/><\/a><br \/>\n^ Ich ging bis zur n\u00e4chsten Schleuse<\/p>\n<p><a href='http:\/\/extra.inmontanis.info\/d\/97496-2\/DSC04106.jpg'><img src=http:\/\/extra.inmontanis.info\/d\/97495-3\/DSC04106.jpg \/><\/a><br \/>\n^ Die Anfahrtsh\u00fcgel waren glaub meist eher k\u00fcrzer und steiler, manchmal musste man absteigen. Keine Kondition und keine Mountainbikes halt :)<\/p>\n<p><a href='http:\/\/extra.inmontanis.info\/d\/97500-2\/DSC04107.jpg'><img src=http:\/\/extra.inmontanis.info\/d\/97499-3\/DSC04107.jpg \/><\/a><br \/>\n^ Schleuse<\/p>\n<p><a href='http:\/\/extra.inmontanis.info\/d\/97504-2\/DSC04109.jpg'><img src=http:\/\/extra.inmontanis.info\/d\/97503-3\/DSC04109.jpg \/><\/a><br \/>\n^ Alter Kanal idyllisch im Herbst<\/p>\n<p><a href='http:\/\/extra.inmontanis.info\/d\/97508-2\/DSC04110.jpg'><img src=http:\/\/extra.inmontanis.info\/d\/97507-3\/DSC04110.jpg \/><\/a><br \/>\n^ Schleuse<\/p>\n<p><a href='http:\/\/extra.inmontanis.info\/d\/97512-2\/DSC04111.jpg'><img src=http:\/\/extra.inmontanis.info\/d\/97511-3\/DSC04111.jpg \/><\/a><br \/>\n^ Altes Schleusenw\u00e4rterhaus<\/p>\n<p><a href='http:\/\/extra.inmontanis.info\/d\/97516-2\/DSC04112.jpg'><img src=http:\/\/extra.inmontanis.info\/d\/97515-3\/DSC04112.jpg \/><\/a><br \/>\n^ Ob die Schneise fr\u00fcher auch so breit war, wei\u00df ich nicht mehr.<\/p>\n<p><a href='http:\/\/extra.inmontanis.info\/d\/97520-2\/DSC04113.jpg'><img src=http:\/\/extra.inmontanis.info\/d\/97519-3\/DSC04113.jpg \/><\/a><br \/>\n^ Sch\u00f6n war auch, dass es meist mehrere Wege gab, zus\u00e4tzlich zu den Wegen links+rechts des Kanals konnte man etwas im Wald und meist weiter oben auch fahren. War f\u00fcr uns Kinder nat\u00fcrlich oft interessanter.<\/p>\n<p>Hauptziele den Kanal entlang geradelt waren Worzeldorf und Wendelstein, bissl einkaufen (glaub da war ein Plus irgendwo) oder auch mal zum Essen gefahren, selten auch mal etwas weiter. <\/p>\n<p>Ich erinnere mich auch an einige Stra\u00dfenunterf\u00fchrungen, bei einer dieser Br\u00fccken war dann der Kanal schm\u00e4ler, eher wie bei einer Schleuse, und auch der Fu\u00dfweg war eng, das war eine Herausforderung mit dem Rad ohne Absteigen. Das war aber schon weiter weg und nicht jedesmal Teil der Radlstrecke. Als ich noch nicht selbst Fahrrad fahren konnte, wurde ich im Kindersitz am Lenker transportiert. Entweder gab es davon auch mal ein Bild oder einen Film oder ich kann mich tats\u00e4chlich noch daran erinnern.<\/p>\n<p>Im Sommer hatte der Kanal samt den schattigen B\u00e4umen den Vorteil, dass es weniger hei\u00df war. An einem Abschnitt wurde mal gro\u00dffl\u00e4chig der Wald gerodet, dort war es dann immer wesentlich hei\u00dfer.<\/p>\n<p>In der Gartenkolonie gibt\/gab es noch einen hinteren Ausgang (glaub an der Deponie), mit dem man in den Wald und direkter zum Kanal kam oder diagonal noch etwas abk\u00fcrzen konnte. Da hatten wir (also meine Gro\u00dfmutter und ich, jeweils auf dem Rad) mal einen Exhibitionisten gesehen.<\/p>\n<p>Enten wurden am Kanal mit dem alten Brot auch gern gef\u00fcttert. Weniger von mir allerdings.<\/p>\n<p><a href='http:\/\/extra.inmontanis.info\/d\/97524-2\/DSC04116.jpg'><img src=http:\/\/extra.inmontanis.info\/d\/97523-3\/DSC04116.jpg \/><\/a><br \/>\n^ Den anderen, integrierten Parkplatz der Kleingartenkolonie hatte ich ganz vergessen, obwohl es dann der gewesen sein m\u00fcsste, wo mein Auto (war es der Daihatsu Sirion?) einen platten Reifen hatte und ich vermutlich mit dem Notrad nach Innsbruck fahren musste. <\/p>\n<p>Jetzt m\u00fcsste man mal wissen, wann ich meinen Sirion hatte. Den F\u00fchrerschein hatte ich im M\u00e4rz 1999 gemacht, dann hatte ich ja erst den schrottigen Mazda und danach noch einen alten Toyota Corolla eine kurze Zeit, bevor ich mir den Daihatsu Sirion neu gekauft hab. 2004 kam der Ford Fusion. Rechnungen von damals hab ich nicht mehr (oder sind irgendwo anders und nicht mehr bei den aktuellen und auch nich bei den ganz alten), in der Arbeit haben wir die Rechnungen seit 2001 im Archiv.<\/p>\n<p>Und ich meinte, ich h\u00e4tte da ein Bild gemacht. Gefunden hab ich dann auch Bilder &#8220;sirion_Schaden&#8221; die auf einem Parkplatz im Gr\u00fcnen gemacht wurden, aber kein platter Reifen &#8211; zu sehen ist ein Karosserieschaden links vorne, insofern dass mir da einer reingefahren ist. Dateierstellungsdatum stimmt leider nicht (2007), Exif gab&#8217;s damals noch nicht und ob das der Parkplatz in N\u00fcrnberg war, kann man nicht erkennen. M\u00fcsste dann mangels auffindbarer Rechnung aber auch schon 2000 gewesen sein.<\/p>\n<p><img src=http:\/\/extra.inmontanis.info\/d\/97703-2\/Sirion_Schaden1b.jpg \/><br \/>\n^ Schaden am Sirion, evtl. Jahr 2000<\/p>\n<p>Eigenartig, warum ich mich an den Platten erinner, aber nicht an diesen Schaden .. Ein anderes Bild mit 2000 im Dateinamen hat zumindest mal die selbe Aufl\u00f6sung.<\/p>\n<p><a href='http:\/\/extra.inmontanis.info\/d\/97528-2\/DSC04117.jpg'><img src=http:\/\/extra.inmontanis.info\/d\/97527-3\/DSC04117.jpg \/><\/a><br \/>\n^ Kann an der sp\u00e4ten Saison liegen, aber zu meiner Zeit und im Sommer waren die Wege nicht so mit Gras bewachsen<\/p>\n<p><a href='http:\/\/extra.inmontanis.info\/d\/97532-2\/DSC04118.jpg'><img src=http:\/\/extra.inmontanis.info\/d\/97531-3\/DSC04118.jpg \/><\/a><br \/>\n^ Hauptplatz, hier gab&#8217;s auch so ein paar Kinderspielger\u00e4te wie eine Wippe<\/p>\n<p><a href='http:\/\/extra.inmontanis.info\/d\/97536-2\/DSC04119.jpg'><img src=http:\/\/extra.inmontanis.info\/d\/97535-3\/DSC04119.jpg \/><\/a><br \/>\n^ .. zudem fand hier j\u00e4hrlich an einem Wochenende das Gartenfest statt, wo es manchmal auch eine Schiffsschaukel und ein paar St\u00e4nde (Schie\u00dfstand, Lachsbr\u00f6tchen usw.) und Kinderspiele wie Sackh\u00fcpfen u.\u00e4. gab<\/p>\n<p><a href='http:\/\/extra.inmontanis.info\/d\/97540-2\/DSC04120.jpg'><img src=http:\/\/extra.inmontanis.info\/d\/97539-3\/DSC04120.jpg \/><\/a><br \/>\n^ Klassischer Weg zwischen den G\u00e4rten, von denen es viele gab. Ich zeichnete einen Plan, erfand Bus- oder Stra\u00dfenbahnlinien samt  Haltestellen, die ich dann mit dem Rad abfuhr.<\/p>\n<p>Meinen &#8220;Liniennetzplan&#8221; hab ich daheim leider nicht gefunden. Auch wenn es ja eher unwahrscheinlich ist, dass ich ihn beim letzten Umzug weggeschmissen h\u00e4tte, sofern ich ihn da noch gehabt haben sollte. Hab aber nicht alles durchgeschaut, nur die \u00fcblich verd\u00e4chtigen Stellen. Allerdings scheine ich auch ein paar andere Sachen nicht gefunden haben, d.h. kann schon sein, dass der doch noch irgendwo ist.<\/p>\n<p><a href='http:\/\/extra.inmontanis.info\/d\/97544-2\/DSC04121.jpg'><img src=http:\/\/extra.inmontanis.info\/d\/97543-3\/DSC04121.jpg \/><\/a><br \/>\n^ Einige Hauptwege sind breiter<\/p>\n<p><a href='http:\/\/extra.inmontanis.info\/d\/97548-2\/DSC04123.jpg'><img src=http:\/\/extra.inmontanis.info\/d\/97547-3\/DSC04123.jpg \/><\/a><br \/>\n^ Am Ende kommt ein kurzes St\u00fcck Wald, dahinter war unser Garten<\/p>\n<p><a href='http:\/\/extra.inmontanis.info\/d\/97552-2\/DSC04125.jpg'><img src=http:\/\/extra.inmontanis.info\/d\/97551-3\/DSC04125.jpg \/><\/a><br \/>\n^ Die H\u00e4user in den alten Kolonien durften noch Spitzdach haben ..<\/p>\n<p><a href='http:\/\/extra.inmontanis.info\/d\/97556-2\/DSC04124.jpg'><img src=http:\/\/extra.inmontanis.info\/d\/97555-3\/DSC04124.jpg \/><\/a><br \/>\n^ .. wodurch manche zwei Stockwerke hatten, vermutlich also zum Schlafen oben. Offiziell erlaubt war das mit der \u00dcbernachtung aber nicht (oder irgendwann nicht mehr) &#8211; und sehr viele taten das auch nicht oder wesentlich seltener als wir.<\/p>\n<p><a href='http:\/\/extra.inmontanis.info\/d\/97560-2\/DSC04126.jpg'><img src=http:\/\/extra.inmontanis.info\/d\/97559-3\/DSC04126.jpg \/><\/a><br \/>\n^ Das Ende des Weges, hier ging fr\u00fcher eine Abk\u00fcrzung durch den Wald zu unserem Garten, teilweise auch mit einer zus\u00e4tzlichen Abzweigung. Wurde wohl nicht mehr begangen und ist jetzt verwildert<\/p>\n<p><a href='http:\/\/extra.inmontanis.info\/d\/97564-2\/DSC04128.jpg'><img src=http:\/\/extra.inmontanis.info\/d\/97563-3\/DSC04128.jpg \/><\/a><br \/>\n^ .. also muss man auf dem Weg halt einen kleinen Umweg gehen &#8211; n\u00e4chste rechts<\/p>\n<p><a href='http:\/\/extra.inmontanis.info\/d\/97568-2\/DSC04129.jpg'><img src=http:\/\/extra.inmontanis.info\/d\/97567-3\/DSC04129.jpg \/><\/a><br \/>\n^ Der Weg hinab zu den unteren G\u00e4rten kam mir fr\u00fcher nat\u00fcrlich auch steiler vor, war es doch recht anstrengend, mit dem Rad rauf zu fahren.<\/p>\n<p><a href='http:\/\/extra.inmontanis.info\/d\/97572-2\/DSC04130.jpg'><img src=http:\/\/extra.inmontanis.info\/d\/97571-3\/DSC04130.jpg \/><\/a><br \/>\n^ .. wie gesagt, die Wege waren fr\u00fcher, zumindest im Sommer, nicht so \u00fcberwachsen.<\/p>\n<p><a href='http:\/\/extra.inmontanis.info\/d\/97576-2\/DSC04133.jpg'><img src=http:\/\/extra.inmontanis.info\/d\/97575-3\/DSC04133.jpg \/><\/a><br \/>\n^ So, da sind wir. Garten Nr. 666, Lieblingszahl meiner aktuellen Vorgesetzten in der Arbeit. Steht f\u00fcr Kolonie 6, Garten 66. So wie das Holz ausschaut, d\u00fcrfte das wohl nach unserem Auszug keiner mehr gestrichen haben ;)<\/p>\n<p><a href='http:\/\/extra.inmontanis.info\/d\/97580-2\/DSC04132.jpg'><img src=http:\/\/extra.inmontanis.info\/d\/97579-3\/DSC04132.jpg \/><\/a><br \/>\n^ Und es schaut noch nach 15-20 Jahren (?!) fast so aus wie bei uns damals. Nur nicht so sch\u00f6n. Und es wehte bei uns eine Franken-Fahne, keine Bayern-Fahne. Ja, also in der 6er Kolonie durften dann nur noch H\u00e4user mit Flachdach gebaut werden, leider.<\/p>\n<p><a href='http:\/\/extra.inmontanis.info\/d\/97584-2\/DSC04136.jpg'><img src=http:\/\/extra.inmontanis.info\/d\/97583-3\/DSC04136.jpg \/><\/a><br \/>\n^ Ob die Zwerge wohl noch von uns stammen? Die ausfahrbare Markise war jedenfalls mal Orange-Braun. Hinter den gro\u00dfen Heckenb\u00e4umen stand erst die Schaukel in einem Rasen, sp\u00e4ter dann Fliesen und Grill<\/p>\n<p><a href='http:\/\/extra.inmontanis.info\/d\/97588-2\/DSC04138.jpg'><img src=http:\/\/extra.inmontanis.info\/d\/97587-3\/DSC04138.jpg \/><\/a><br \/>\n^ Die B\u00e4ume, die bei uns fr\u00fcher waren, standen genau in die gleiche Richtung schief wie der hier vorne ;) Der Vorhang hinten an der T\u00fcr kommt mir auch bekannt vor, k\u00f6nnte aber nat\u00fcrlich mal ersetzt worden sein. Und der Metallrahmen davor war f\u00fcr Planen, die man aufh\u00e4ngen konnte, damit es nicht so kalt ist.<\/p>\n<p><a href='http:\/\/extra.inmontanis.info\/d\/97592-2\/DSC04141.jpg'><img src=http:\/\/extra.inmontanis.info\/d\/97591-3\/DSC04141.jpg \/><\/a><br \/>\n^ Und ja, auch dieser Fliegenpilz-Tisch ist von uns. Hinten beim Haus gab&#8217;s aber eine Hollywoodschaukel, mein Lieblingssitzplatz.<\/p>\n<p><a href='http:\/\/extra.inmontanis.info\/d\/97596-2\/DSC04142.jpg'><img src=http:\/\/extra.inmontanis.info\/d\/97595-3\/DSC04142.jpg \/><\/a><br \/>\n^ Fr\u00fcher waren hier mal Beete mit Obst und Gem\u00fcse. Dahinter dann der Eingang zum WC, dorthin kam man n\u00e4mlich nicht vom Wohnraum aus rein, sondern musste immer raus. Drin gab es z.B. einen Aufh\u00e4nger mit dem Spruch &#8220;Ich bin froh, denn mein Po passt genau auf euer Klo.&#8221;<\/p>\n<p>Aus dem Fotoalbum daheim abfotografiert:<\/p>\n<p><a href='http:\/\/extra.inmontanis.info\/d\/97616-2\/DSC04312.jpg'><img src=http:\/\/extra.inmontanis.info\/d\/97615-3\/DSC04312.jpg \/><\/a><br \/>\n^ Gartenzwerge im Steingarten<\/p>\n<p><a href='http:\/\/extra.inmontanis.info\/d\/97620-2\/DSC04315.jpg'><img src=http:\/\/extra.inmontanis.info\/d\/97619-3\/DSC04315.jpg \/><\/a><br \/>\n^ Motiv wohl aus den sp\u00e4teren 80ern oder fr\u00fchen 90ern, Gartenzwerge, Fliegenpilztisch und links die Beete<\/p>\n<p><a href='http:\/\/extra.inmontanis.info\/d\/97624-2\/DSC04310.jpg'><img src=http:\/\/extra.inmontanis.info\/d\/97623-3\/DSC04310.jpg \/><\/a><br \/>\n^ Wohl aus den 70ern<\/p>\n<p><a href='http:\/\/extra.inmontanis.info\/d\/97628-2\/DSC04317.jpg'><img src=http:\/\/extra.inmontanis.info\/d\/97627-3\/DSC04317.jpg \/><\/a><br \/>\n^ Das Haus wurde von meinen Gro\u00dfeltern selbst gebaut<\/p>\n<p><a href='http:\/\/extra.inmontanis.info\/d\/97632-2\/DSC04320.jpg'><img src=http:\/\/extra.inmontanis.info\/d\/97631-3\/DSC04320.jpg \/><\/a><br \/>\n^ Links unten ist der Eingang zum WC. Nebendran gabs oben rechts farbige Milchglas-Scheiben, das obere Bild, wie das im n\u00e4chsten mittlere ist wohl gespiegelt<\/p>\n<p><a href='http:\/\/extra.inmontanis.info\/d\/97636-2\/DSC04322.jpg'><img src=http:\/\/extra.inmontanis.info\/d\/97635-3\/DSC04322.jpg \/><\/a><br \/>\n^ Das mittige Bild zeigt vermutlich meine (Noch-Nicht-) Mutter und wenn es nicht ein anderes Haus ist (z.B. das dahinter, das gespiegelt gebaut wurde), dann ist das Foto gespiegelt, denn der l\u00e4ngere Teil neben dem gro\u00dfen Fenster war ja auf der rechten Seite (WC dahinter).<\/p>\n<p><a href='http:\/\/extra.inmontanis.info\/d\/97640-2\/DSC04323.jpg'><img src=http:\/\/extra.inmontanis.info\/d\/97639-3\/DSC04323.jpg \/><\/a><br \/>\n^ Das waren dann die letzten Baubilder in dem Fotoalbum, das ich bekam\t<\/p>\n<p><a href='http:\/\/extra.inmontanis.info\/d\/97644-2\/DSC04325.jpg'><img src=http:\/\/extra.inmontanis.info\/d\/97643-3\/DSC04325.jpg \/><\/a><br \/>\n^ Links die K\u00fcche, rechts unten erkennt man, dass das Dach damals noch k\u00fcrzer war<\/p>\n<p><a href='http:\/\/extra.inmontanis.info\/d\/97648-2\/DSC04326.jpg'><img src=http:\/\/extra.inmontanis.info\/d\/97647-3\/DSC04326.jpg \/><\/a><br \/>\n^ Auch hier rechts unten, damals noch mit k\u00fcrzerem Dach, stattdessen Markise. Wurde glaub ich erst zu meiner Zeit dann verl\u00e4ngert? Der Rahmen der Hollywood-Schaukel steht auch. Rechts oben am Pilztisch fehlen die 4 Sitze<\/p>\n<p><a href='http:\/\/extra.inmontanis.info\/d\/97652-2\/DSC04332.jpg'><img src=http:\/\/extra.inmontanis.info\/d\/97651-3\/DSC04332.jpg \/><\/a><br \/>\n^ Einzige zwei etwas aktuellere Fotos, die ich vom Innenraum gefunden hab<\/p>\n<p>Rechts vor den Schr\u00e4nken wurde der Tisch hingestellt, Polster drauf und das war mein Schlafplatz. Links die rote Couch, war die Schlafcouch meiner Gro\u00dfeltern. Dass ich mittlerweile im Besitz der damals an kalten Tagen dort verwendeten Alu-Unterdecke bin, hatte ich evtl. schon einmal erw\u00e4hnt. Selten schlief auch meine Cousine, auf einer Liege davor.<\/p>\n<p>In der K\u00fcche gab es, zumindest dann zu meiner Zeit, nicht nur flie\u00dfend Warmwasser (wie auch im WC), sondern auch Gasherd und einen Gask\u00fchlschrank. Da blieb zwar das kleine Mini-Fensterchen (10-20cm?) gekippt, aber dass wir das ohne CO-Warner damals \u00fcberlebt hatten .. ;)<\/p>\n<p>F\u00fcr diese Gasversorgung gab&#8217;s eine hohe Gasflasche, der kleine, mobile Gas-Ofen im Bild hatte eine eigene, kleine Gasflasche. Wurde aber nur selten in Betrieb genommen. Den k\u00f6nnte ich hier in meiner Wohnung vielleicht gut gebrauchen ;) Auf dem stand dann ein kleiner 12V- oder 24V-Fernseher, haupts\u00e4chlich f\u00fcr mich zum Zeitvertreib in den Sommerferien. Wenn denn was zu sehen war, denn nicht nur nachts, auch am fr\u00fchren Nachmittag gab&#8217;s da zeitweise das Testbild und keinen Fernsehbetrieb. Sp\u00e4ter sah ich dann gerne &#8220;Spa\u00df am Dienstag&#8221; oder Thomas Gottschalk &#038; G\u00fcnther Jauch von der IFA. Noch sp\u00e4ter hatte ich ja dann meine Taschencomputer, LCD-Taschenfernseher, Videowalkmen usw.<\/p>\n<p>Mein Lieblingssatz vor der ganzen Technik war oft mehrmals am Tag: &#8220;Omi, ich wei\u00df nicht, was ich tun soll.&#8221; &#8212; tja, ausruhen, sich auf der Liege in die Sonne legen, nix tun, das war nie mein Fall.<\/p>\n<p>Hinterm Haus war die Sch\u00fcpf \/ die Werkstatt \/ der Lagerraum, wo es sp\u00e4ter auch eine Duschkabine gab, dahinter einen Gasbackofen und der Warmwasserboiler f\u00fcr alles. Stromversorgung erfolgte \u00fcber 2-3 12V-Batterien, die mit dem Auto geschleppt und daheim geladen werden mussten, denn 230V-Strom gab&#8217;s hier keinen. Glaub es gab auch einen 24V-Stromkreis, evtl. f\u00fcr die l\u00e4ngeren Lichterketten, das wei\u00df ich nicht mehr. Jedenfalls auch haufenweise Schalter \u00fcber den Batterien.<\/p>\n<p>.. viel anders ist das auf manchen Campingpl\u00e4tzen wohl auch nicht gewesen, au\u00dfer halt ein Wohnwagen oder Holzhaus ..<\/p>\n<p><a href='http:\/\/extra.inmontanis.info\/d\/97656-2\/DSC04328.jpg'><img src=http:\/\/extra.inmontanis.info\/d\/97655-3\/DSC04328.jpg \/><\/a><br \/>\n^ 1999 laut Zeitstempel auf der R\u00fcckseite<\/p>\n<p><a href='http:\/\/extra.inmontanis.info\/d\/97660-2\/scanS20005_garten.jpg'><img src=http:\/\/extra.inmontanis.info\/d\/97659-3\/scanS20005_garten.jpg \/><\/a><br \/>\n^ Keine Ahnung, ob dieses oder das vorherige Bild chronologisch das letzte war. Dieses diente einem Maler als Vorlage f\u00fcr ein kleines Gem\u00e4lde<\/p>\n<p><a href='http:\/\/extra.inmontanis.info\/d\/97600-2\/DSC04145.jpg'><img src=http:\/\/extra.inmontanis.info\/d\/97599-3\/DSC04145.jpg \/><\/a><br \/>\n^ Wegkreuzung, geradeaus zum Hauptplatz, links &#8230;<\/p>\n<p><a href='http:\/\/extra.inmontanis.info\/d\/97604-2\/DSC04146.jpg'><img src=http:\/\/extra.inmontanis.info\/d\/97603-3\/DSC04146.jpg \/><\/a><br \/>\n^ &#8230; zum kleinen S\u00fcd-Eingang (erstes Bild).<\/p>\n<p><a href='http:\/\/extra.inmontanis.info\/d\/97608-2\/DSC04148.jpg'><img src=http:\/\/extra.inmontanis.info\/d\/97607-3\/DSC04148.jpg \/><\/a><br \/>\n^ Lt. Anschlag wurde das Wasser zum 22.10. abgedreht. <\/p>\n<p>Im Winter gibt&#8217;s n\u00e4mlich kein flie\u00dfendes Wasser, daher hatten wir f\u00fcr diese Zeit, wenn auch selten mal hier (ich noch seltener), eine Trockentoilette. Nach dem Kacken kam ein Schicht Erde oder Torf oder Hackschnitzel drauf, fertig.<\/p>\n<p>Das WC mit &#8220;W&#8221; und die Waschbecken flossen alle in eine Grube, denn Kanalanschluss gibt&#8217;s auch keinen. Die war recht gro\u00df und musste nur alle paar Jahre entleert werden.<\/p>\n<p><a href='http:\/\/extra.inmontanis.info\/d\/97612-2\/DSC04149.jpg'><img src=http:\/\/extra.inmontanis.info\/d\/97611-3\/DSC04149.jpg \/><\/a><br \/>\n^ Beispielhaft irgendwelche weiteren G\u00e4rten<\/p>\n<p>Zus\u00e4tzlich zum bereits erw\u00e4hnten, lilafarben Handtuch, hab ich einen Teller, auch wenn ich nie ein Fan von diesem Obst-Muster war. 2&#215;3 Buntglas-Gl\u00e4ser k\u00f6nnten auch von dort sein, wei\u00df aber nicht mehr genau. Jeweils eins ist mir als Zahnputzglas kaputt gegangen, dann hab ich aufgeh\u00f6rt, das daf\u00fcr zu verwenden. Mittlerweile brauch ich so etwas eh nicht mehr (kein Vor- und kein Nachsp\u00fclen mehr). Was ich ebenfalls als K\u00fcchenutensinlien noch haben m\u00fcsste, sind die damals verwendeten schweren Metall-Schaschlik-Spie\u00dfe. Auch schon ewig nicht mehr verwendet.<\/p>\n<p><a href='http:\/\/extra.inmontanis.info\/d\/97676-2\/DSC04261.jpg'><img src=http:\/\/extra.inmontanis.info\/d\/97675-3\/DSC04261.jpg \/><\/a><br \/>\n^ Geschirr-Bestand ohne die in England gekauften Sachen. Links unten der &#8220;Gem\u00fcse&#8221;-Teller aus dem Garten, in der Mitte Tasse+Untersetzer, die ich mir in Innsbruck gekauft hab, der Kuchenteller ging zu bruch und da ich keinen kleinen Teller mehr hatte, wollte ich ja in UK irgendwo einen kaufen. Wurde halt etwas mehr.<\/p>\n<p>Rechts oben die Reste der zwei China?-Tee-Service, die auch von den Gro\u00dfeltern nie verwendet wurden und wo ich den Bestand beim Umzug stark verringert hab. Rechts oben genau das hatte ich ja in England f\u00fcr 10,- \u00a3 oder so gesehen.<\/p>\n<p>Darunter die zwei gr\u00f6\u00dferen Tassen von den Birkenhead und Blackpool Trams. Daneben die gesagten Buntglas-Gl\u00e4ser (Cognac und Sekt oder so? Trink ja keinen Alkohol) von den Gro\u00dfeltern.<\/p>\n<p>Unten rechts das Geschirr war hier in der Wohnung beim Kauf mit dabei. Schaut eigentlich auch ganz nett aus, deshalb hatte ich es auch nicht entsorgt. Goldrand w\u00fcrd halt fehlen ;-)<\/p>\n<p>Achja, ein Schneidbrett mit Blumenmotiv hab ich auch noch vom Garten. Darauf gab&#8217;s manchmal hei\u00dfe Kartoffeln mit einem St\u00fcck Butter als Vorspeise.<\/p>\n<p>Was ich von den Gro\u00dfeltern ebenfalls bekam, war die messing&#038;gr\u00fcne Petroleumlampe, die uns abends beim &#8220;Kaddln&#8221; (Kartenspielen) Licht spendete. Da allerdings der Glaskolben zersprungen war und weil ich auch gar keinen Bedarf hatte, hab ich die nie verwendet, sondern verstaubte oben am Schrank. Im Zuge meiner Haushaltverringerung beim letzten Umzug hab ich die halt weggeschmissen &#8211; obwohl man den Glaskolben vielleicht h\u00e4tte ersetzen k\u00f6nnen und wenn ich mir das so \u00fcberleg, bedauere ich es nun etwas, die weggeschmissen zu haben. Kann man zwar nachkaufen, ist aber nicht das selbe.<\/p>\n<p><img src=http:\/\/extra.inmontanis.info\/d\/97706-2\/Gro__eltern_Garten2000_Abends.jpg \/><br \/>\n^ &#8220;Kaddln&#8221; bis sp\u00e4t in die Nacht mit Petroleumleuchte auf dem Tisch und anderen, aus dem Jahr 2000. Die Eckleuchte war elektrisch.<\/p>\n<p>Genauso h\u00e4tte ich nun auch gern meinen sch\u00f6nen kleinen blauen Teppich brauchen k\u00f6nnen, den ich nicht mitgenommen hatte &#8211; weil ich hier ja eh alles Teppich hab. Aber da h\u00e4tte man im Winter eine W\u00e4rmedecke drunterlegen k\u00f6nnen&#8230;<\/p>\n<p>Ebenfalls jahrelang im Keller gelagert und schlussendlich entsorgt, waren einige Deko-Artikel aus dem Garten, genauer gesagt ein oder zwei Plastik?glaskugeln und ein paar solche Teelicht-Beh\u00e4ltnisse, die man mittels d\u00fcnnen Metallstab in die Erde steckte. Sorgte bei Festen im Garten samt Fackeln f\u00fcr entsprechende Wegbeleuchtungen. Eins davon gefiel mir besonder gut, trinkglasf\u00f6rmig, plastik-wei\u00df mit verschiedenfarbigen glas- oder plastikglas-Halbkugeln. Warum ich da nie auf die Idee gekommen bin, dass man das auch ohne Stab, f\u00fcr Innen, z.B. auch mit einem elektrischen Teelicht, verwenden kann, wei\u00df ich nicht &#8211; sonst h\u00e4tte ich da wohl eins behalten beim Umzug, scheine ich aber wohl alles vor dem Umzug weggeschmissen zu haben. Gerade auch nach den Antik-Shopping-Tagen im UK bedauere ich das jetzt schon.<\/p>\n<p>Hab noch weitere Digitalfotos von mir vom Gartenfest 27.7.2002 gefunden, keine Ahnung, ob das schon das letzte war oder nicht. <\/p>\n<p><a href='http:\/\/extra.inmontanis.info\/d\/97710-2\/07270004.jpg'><img src=http:\/\/extra.inmontanis.info\/d\/97709-3\/07270004.jpg \/><\/a><br \/>\n^ 27.7.2002<\/p>\n<p><a href='http:\/\/extra.inmontanis.info\/d\/97714-2\/07270008.jpg'><img src=http:\/\/extra.inmontanis.info\/d\/97713-3\/07270008.jpg \/><\/a><br \/>\n^ 27.7.2002<\/p>\n<p><a href='http:\/\/extra.inmontanis.info\/d\/97718-2\/07270016.jpg'><img src=http:\/\/extra.inmontanis.info\/d\/97717-3\/07270016.jpg \/><\/a><br \/>\n^ 27.7.2002<\/p>\n<p><a href='http:\/\/extra.inmontanis.info\/d\/97722-2\/07270020.jpg'><img src=http:\/\/extra.inmontanis.info\/d\/97721-3\/07270020.jpg \/><\/a><br \/>\n^ 27.7.2002<\/p>\n<p><a href='http:\/\/extra.inmontanis.info\/d\/97726-2\/07270024.jpg'><img src=http:\/\/extra.inmontanis.info\/d\/97725-3\/07270024.jpg \/><\/a><br \/>\n^ 27.7.2002<\/p>\n<p><a href='http:\/\/extra.inmontanis.info\/d\/97730-2\/07270025.jpg'><img src=http:\/\/extra.inmontanis.info\/d\/97729-3\/07270025.jpg \/><\/a><br \/>\n^ 27.7.2002 &#8211; wir hatten die sch\u00f6nste Beleuchtung der ganzen Gartenkolonie<\/p>\n<p>Bei der Suche nach Fotos bin ich zuf\u00e4llig noch \u00fcber Digicam-Bilder von mir gestolpert vom Jahr 2006, und zwar aus der Wohnung (h\u00e4tten zum vorgestrigen Bericht gepasst). Der Garten wurde aus gesundheitlichen Gr\u00fcnden vor dem Umzug ins &#8220;betreute Wohnen&#8221; (weil andere Wohnung im 3. Stock ohne Lift war) aufgegeben. Wann das eine oder andere war, hab ich mir aber nicht notiert. Er starb dann 2013 (glaub mit, an oder nach einem Krebsleiden, jedenfalls auch nach jahrelangen R\u00fcckenschmerzen), sie 2017 (im Heim, mittlerweile fast blind und mehr und mehr verwirrt und erbittert?) &#8211; in beiden F\u00e4llen also auch eine gewisse Erl\u00f6sung.<\/p>\n<p>Da man manchmal \u00fcber Einbr\u00fcche in den G\u00e4rten geh\u00f6rt hat, hatte er euch eine Gaspistole. Und glaub irgendwo Zyankalikapseln. Und er hatte sp\u00e4ter mal gemeint, dass sie das besser mal genommen h\u00e4tten, bevor alles so schlecht wurde. Eine Verwandte von ihm ist mit ihrem Mann oder zu ihrem kanadischen Mann, so genau wei\u00df ich das nicht, nach Kanada ausgewandert, da bekamen auch wir zu Weihnachten oft ein Paket mit ein paar Geschenken. Irgendwann hie\u00df es dann, dass er sie erschossen und sich dann selbst erschossen hat. Das wurde nat\u00fcrlich jahrelang bedauert &#8211; bis es irgendwann mal hie\u00df &#8220;die habens wohl doch richtig gemacht, h\u00e4tten wir auch mal sollen&#8221;.. <\/p>\n<p>Bei einem Bericht vom 1.11. kann man solche Themen schon mal ansprechen&#8230;<\/p>\n<p>Als n\u00e4chstes werden dann irgendwann meine Eltern, Tante &#038; Onkel an der Reihe sein. Nicht ganz, der Onkel meiner Mutter (= auch der Onkel meiner Tante) lebt auch noch und n\u00e4hert sich, trotz (oder vielleicht eher wegen!?) seit Jahrzehnten mit Herzschrittmacher, wohl bald den 100, aber die Kontakte zwischen den Familienzweigen sind seit besagter Beerdigung 2017 auf Eis, obwohl er glaub ich gerne eine Vers\u00f6hnung wollte und eher seine Kinder dagegen sind. Wenn ich das mir Erz\u00e4hlte richtig im Kopf hab, durfte auch meine Tante ihre Tante kurz vor deren Tod nicht mehr besuchen, obwohl die Tante meiner Tante meine Tante gern nochmals gesehen h\u00e4tte.<\/p>\n<p>Von den beiden gibt&#8217;s sogar einen Bericht im Internet von 2018, den kannte ich noch gar nicht (und viele Infos darin ebenfalls nicht), sie starb seitdem:<br \/>\n<a href='https:\/\/www.nordbayern.de\/region\/fuerth\/vor-70-jahren-heiligabend-lauteten-die-hochzeitsglocken-1.8442480'>https:\/\/www.nordbayern.de\/region\/fuerth\/vor-70-jahren-heiligabend-lauteten-die-hochzeitsglocken-1.8442480<\/a><\/p>\n<p>&#8212;<\/p>\n<p>Vom Garten aus ging es endg\u00fcltig wieder weiter, raus aus N\u00fcrnberg. Heute letztes mal KFC f\u00fcr lange Zeit. Naja, war nicht so geil heut. Wenig Panade, Fleisch noch zu weich und teils rosa, teils zu fett..<\/p>\n<p><a href='http:\/\/extra.inmontanis.info\/d\/97664-3\/DSC04155.jpg'><img src=http:\/\/extra.inmontanis.info\/d\/97663-3\/DSC04155.jpg \/><\/a><br \/>\n^ KFC in M\u00fcnchen<\/p>\n<p><a href='http:\/\/extra.inmontanis.info\/d\/97668-3\/IMG_20221101_115238.jpg'><img src=http:\/\/extra.inmontanis.info\/d\/97667-3\/IMG_20221101_115238.jpg \/><\/a><br \/>\n^ KFC in M\u00fcnchen. Kostete 12,49 als Men\u00fc zusammen. Naja&#8230;<\/p>\n<p>Ich besuchte noch meinen Vater und nahm die kleine Waschmaschine mit, die ihm nichts taugt und wo ich mir eine \u00e4hnliche ja schon h\u00e4tte kaufen wollen. Allerdings hat er auch eine richtige im Keller (ist aber sehr schlecht zu Fu\u00df) und ich hab ja gar keine, sondern wasch alles per Hand, seltenerweise. Also k\u00f6nnte es f\u00fcr mich ja eine Erleichterung sein. Muss ich halt testen. Nat\u00fcrlich bleibt die daheim, nicht f\u00fcr unterwegs ;)<\/p>\n<p><a href='http:\/\/extra.inmontanis.info\/d\/97672-3\/DSC04157.jpg'><img src=http:\/\/extra.inmontanis.info\/d\/97671-3\/DSC04157.jpg \/><\/a><br \/>\n^ Witzig, jetzt ist die Umfahrung Oberau offen und es staut sich durch den kompletten (!) Tunnel bis fast zum garmischer Tunnel ;)<\/p>\n<p>Abends kam ich dann planm\u00e4\u00dfig bei meiner Mutter in Telfs an.<\/p>\n<p><strong>2.-5.11.2022<\/strong><\/p>\n<p>Konnte mein Auto etwas fr\u00fcher zur Werkstatt geben, hier nun die Ergebnisse: keine Undichtigkeit im K\u00fchlerbereich! Muss also vom letzten Service eine Luftblase gewesen sein und es wurde wohl zu wenig Wasser nachgef\u00fcllt &#8211; warum auch immer das nicht aufgefallen ist?! Eventuell lag es an der Standheizung, denn da gibt&#8217;s ja Ventile und ein Zwischenst\u00fcck, somit bei eingeschalteter Standheizung der Motor nicht mit erw\u00e4rmt wird, sondern nur die Heizung f\u00fcr den Innenraum.<\/p>\n<p>Bremsen vorne sind f\u00e4llig, aber nach ca. 110.000km der erste und jetzt bei 230.000 der zweite Satz, soll sein. Beim Querlenker sind die Gummis demn\u00e4chst f\u00e4llig, sp\u00e4testens beim &#8220;Pickerl&#8221;. Ansonsten gleich noch Service gemacht, auch wenn es ja erst ca. 12.000km waren. Aber bis ich dann in K\u00e4rnten bin und wer wei\u00df, wo es mich den Winter hinverschl\u00e4gt&#8230;<\/p>\n<p>Lichtmaschine konnte auch getestet werden und hat nachgelassen, ich vermute wegen der Nachladung meiner Innenraumbatterie bei Standgas einige Tage lang im Fr\u00fchjahr. Da hab ich ja erst sp\u00e4ter im Sommer erfahren, dass ich bei dem 30A-Ladebooster besser 1500 UPM vom Motor brauch, sonst wird die Lichtmaschine zu sehr beansprucht. <\/p>\n<p>Was ja eigentlich mal wieder kein Problem w\u00e4re, wenn man nicht so ein bescheuertes Mild-Hybrid-System h\u00e4tte, wo die Lichtmaschine auch daf\u00fcr zust\u00e4ndig ist, die Hybrid-Batterie zu laden und mittels ISG bei Start-Stopp den Motor zu starten. Also kann diese Lichtmaschine laut Suzuki-Arbeitshandbuch NICHT zerlegt werden und ist mit knapp 1.200,- \u20ac netto auch noch um ein vielfaches teurer als die normale. Und das alles f\u00fcr dieses bescheuerte Mild-Hybrid-System, was eh kaum lohnenswert Sprit spart.<\/p>\n<p>Hab in letzter Zeit, seit es so verschmort riecht und ich gesehen hab, dass es nicht mehr voll l\u00e4dt bei niedrigen Drehzahlen, eh bei niedrigen Motordrehzahlen das Ladeger\u00e4t ausgeschaltet. Evtl. sollte ich doch nur den 20A-Lader kaufen? Ist halt wesentlich gr\u00f6\u00dfer. Und 20A gibt die Lichtmaschine aktuell auch erst ab ca. 1200\/1500 UpM ab..<\/p>\n<p>Alternativ w\u00e4re eine gebrauchte Lichtmaschine &#8211; da werd ich mich daheim im Internet umsehen.<\/p>\n<p><a href='http:\/\/extra.inmontanis.info\/d\/97680-2\/DSC04161.jpg'><img src=http:\/\/extra.inmontanis.info\/d\/97679-3\/DSC04161.jpg \/><\/a><br \/>\n^ Durch die konsequente Suche nach kostenfreien Parkpl\u00e4tzen bzw. anderswo mit Karte zahlen k\u00f6nnen, hab ich jetzt viel zu pfiel Fund ..\u00e4h.. zu viel Pfund mit heim genommen.<\/p>\n<p><a href='http:\/\/extra.inmontanis.info\/d\/97684-2\/DSC04163.jpg'><img src=http:\/\/extra.inmontanis.info\/d\/97683-3\/DSC04163.jpg \/><\/a><br \/>\n^ Mein bei den diversen Antik-Emporiums in England gekaufte, gebrauchte Goldrand-Geschirr. Freu mich schon auf&#8217;s erste Verwenden.<\/p>\n<p><a href='http:\/\/extra.inmontanis.info\/d\/97688-2\/DSC04165.jpg'><img src=http:\/\/extra.inmontanis.info\/d\/97687-3\/DSC04165.jpg \/><\/a><br \/>\n^ Ignis fast komplett ausr\u00e4umen m\u00fcssen, bevor er bei 60\u00b0 in der Lackierbox getrocknet wird. Inklusive der Eink\u00e4ufe. Immer wieder erstaunlich viel.<\/p>\n<p><a href='http:\/\/extra.inmontanis.info\/d\/97692-2\/IMG_20221104_130120.jpg'><img src=http:\/\/extra.inmontanis.info\/d\/97691-3\/IMG_20221104_130120.jpg \/><\/a><br \/>\n^ Leckere und sehr gro\u00dfe Pizza in Telfs (Grillalm)<\/p>\n<p><strong>6.-7.11.2022<\/strong><\/p>\n<p>Krass &#8211; mein aktuell ja etwas verschmort riechender 30A-Ladebooster im Auto, den ich mir \u00fcbrigens Mitte Oktober 2020 gekauft hatte &#8211; also knapp au\u00dfer der Garantie nun ist &#8211; kostet mittlerweile 201,15 \u20ac statt damals 157,13 \u20ac beim H\u00e4ndler &#8220;greenakku&#8221;. Fast 30% teurer. Da werd ich mich ggf. nach g\u00fcnstigeren Alternativen umsehen m\u00fcssen. Oder eben doch erst mal ausbauen und nachschauen ..<\/p>\n<p>Bisschen \u00fcber den Winter nachgedacht bzw. online rumgeschaut. Saisonkarte Koralpe w\u00fcrde noch gleich viel kosten wie vor ein paar Jahren, 333 \u20ac, andere Karten w\u00e4ren etwas teurer. Die Skiregion S\u00fcd oder K\u00e4rnten Top Skipass k\u00e4men f\u00fcr \u00d6sterreich noch in Frage f\u00fcr mich, preislich wie von der Sinnhaftigkeit her. In Slowenien gibts ja anscheinend keine gr\u00f6\u00dfere Verbund-Saisonkarte.<\/p>\n<p>Koralpe k\u00f6nnt ich mir dann vorstellen, wenn ich zB. 1-2 Monate erst mal daheim bleiben m\u00f6chte. Oder ggf. dazwischen  einige Zeit Slowenien, dann nochmals retour und dann Italien (oder umgekehrt).<\/p>\n<p>Promotour (Friaul samt Bovec) w\u00e4r noch g\u00fcnstig (450-500\u20ac), aber die Skigebiete sind halt so mittelm\u00e4\u00dfig f\u00fcr meinen Geschmack (extrem modelliert) plus nur bis Ende M\u00e4rz offen.<\/p>\n<p>F\u00fcr n\u00e4chstes WE wird Schnee gemeldet. Hab ja noch die Sommerreifen drauf und die Winterr\u00e4der sind daheim auf der Koralpe. Alternativ h\u00e4tte ich die Spikereifen bei meiner Mutter am Balkon. Die w\u00e4r ich ja lieber einmal in Skandinavien, Russland oder \u00e4hnliches gefahren, aber \u00fcberall dort hin kommt man nicht auf Spikes, also m\u00fcsste man sie mitnehmen, irgendwo umstecken lassen und die anderen Winterreifen dann einlagern &#8211; das ist auch schwierig, weil ich beim Hin- und R\u00fcckweg ja manchmal ganz wo anders bin.<\/p>\n<p>Zudem hatte ich sie ja Ende 2017 f\u00fcr die Kirgisistan-Reise gekauft, werden somit 5 Jahre alt und sollten folglich mal besser abgefahren werden. Falls die nicht eh schon zu hart sind, am Balkon in den Reifens\u00e4cken haben die gut geschwitzt in den letzten Sommern (bei mir standen die ja auch am Balkon, aber schattiger), die T\u00fcten scheinen von innen her gebr\u00e4unt, also Reifen abgef\u00e4rbt oder Weichmacher raus. <\/p>\n<p>Also bevor ich die wegschmei\u00df, haben ja quasi noch volles Profil, sollte ich die heuer fahren. Das hei\u00dft, ich k\u00f6nnte auch die R\u00e4der bei meiner Mutter ummontieren und dann die Sommerr\u00e4der bei ihr lagern und die Spikes drauftun. Dann w\u00fcrde Slowenien halt ausfallen (au\u00dfer ich w\u00fcrd bei mir daheim mal ummontieren, aber das ist ja auch immer viel Arbeit).<\/p>\n<p>Mit den Spikes d\u00fcrfte ich wohl in AT, IT und FR (und CH) fahren. Und wenn ich die F\u00e4hre von IT nach GR hin und retour nehme, auch in GR &#8211; aber halt sonst ziemlich nirgends da, restliche Balkanstaten und T\u00fcrkei haben wohl Spike-Verbot.<\/p>\n<p>Problem w\u00e4re dann, dass im Fr\u00fchjahr die Sommerr\u00e4der auch wieder bei meiner Mutter l\u00e4gen. Und ich den Aufkleber evtl. nicht hier hab. Und man generell mit Spikes im Ausland nicht so lang fahren darf wie in AT, in AT ist es wohl nur von Jun-Sep. verboten, in IT aber nur bis Mitte M\u00e4rz und in FR bis Ende M\u00e4rz erlaubt. Das w\u00e4r dann auch wieder bl\u00f6d,  weil ich tendenziell dann ja noch unterwegs sein m\u00f6chte &#8211; Fr\u00fchjahr ist ja normalerweise die sch\u00f6nste Zeit &#8211; und die leerste und g\u00fcnstigste..<\/p>\n<p>.. eventuell dann doch den K\u00e4rnten-Skipass f\u00fcr Anfang und Ende der Saison? Bzw. erst im April dann mit Winterr\u00e4dern statt Spikes noch etwas Slowenien? Wobei es bei der Energiekosten-Thematik eh fraglich ist, was au\u00dfer um Ostern dann im Fr\u00fchjahr im M\u00e4rz\/April noch offen haben wird. Manchmal haben Skigebite in Italien ja erst Ende M\u00e4rz aufgesperrt, weil zuvor zu wenig Schnee war&#8230;<\/p>\n<p>Alternativ k\u00f6nnte ich auch probieren, die Spiker\u00e4der mit heim zu nehmen (wird wohl eng im Auto), dann k\u00f6nnte ich theoretisch mehrfach wechseln bzw. verbrauch die Spikes auf dem Weg von Tirol nach K\u00e4rnten jetzt nicht, da es nun doch nicht mehr schneien soll am WE. <\/p>\n<p>Allerdings sind die k\u00e4rntner Skigebiete au\u00dfer Koralpe von mir daheim auch sehr lang\/umst\u00e4ndlich anzufahren, dh. da m\u00fcsst ich auch eher frei stehen oder am Campingplatz. Und Freistehen ist in \u00d6sterreich in den meisten Bundesl\u00e4ndern schwierig bis verboten bzw. Campingpl\u00e4tze mit Strom im Winter selten und teuer. Wobei das in Italien und Slowenien wohl auch verboten sein soll, aber da hatte ich ja auch nie Probleme bisher. Und kommt wegen der Temperaturen ja eher eh erst im M\u00e4rz\/April in Frage (au\u00dfer mal ein Tag zwischendrin), wobei wochenlang am M\u00f6lltaler w\u00fcrde da batteriem\u00e4\u00dfig auch gar nicht gehen. <\/p>\n<p>Dass man in AT nur 80 km\/h fahren darf mit Spikes (100 km\/h auf Autobahnen), st\u00f6rt mich bekanntlich weniger, da ich zuletzt eh langsamer gefahren bin ;)<\/p>\n<p><strong>8.11.2022<\/strong><\/p>\n<p>Ok, es gibt in K\u00e4rnten einige Campingpl\u00e4tze, die im Winter offen sind &#8211; zu teilweise akzeptablen Preisen &#8211; aber eher im S\u00fcden und Westen. Das ist zwar praktisch f\u00fcr M\u00f6lltal, Heiligenblut, etc. und weil das ja die weiteste Entfernung von mir ist, aber ab BKK+\u00f6stlich schaut es d\u00fcrftig aus, mit Ausnahme Turrach, wo direkt oben einer im Skigebiet mit Pistenanschluss sein soll. Der wohl einzige in einem Skigebiet.<\/p>\n<p><strong>Mi, 9.11.2022<\/strong><\/p>\n<p>Heute gelesen, dass der M\u00f6lltaler ab morgen endlich in die Saison startet. Mautfrei ca. 5h Anfahrt ab Telfs und 4h vom M\u00f6lltaler zu mir heim auf die Koralpe (200km) &#8211; w\u00e4r ich bei Heimfahrt am Samstag also gegen 13\/14h oben &#8211; falls sie bis 16h fahren und ich mich so schnell und so fr\u00fch f\u00fcr die K\u00e4rnten-Saisonkarte entscheiden m\u00f6chte. Die kostet bis 8.12. 665,- \u20ac. Koralpe allein w\u00e4r mit 333,- nat\u00fcrlich auch nicht uninteressant &#8230;  <\/p>\n<p>Das w\u00fcrde dann auf ein paar mehr Besuche am M\u00f6lltaler, insbesondere am Saisonanfang und Saisonende hinauslaufen. Der Pitztaler ist ja bei mir wegen seiner Stollenbahn auf meiner Boykottliste .. <\/p>\n<p>Eigentlich m\u00fcsste ich bei den Campingpl\u00e4tzen erst noch nachfrageqn, ob ich da &#8220;willkommen&#8221; w\u00e4re mit meinem kleinen Auto, Heizen und Kochen mit Strom etc. das wird auf manchen Campingpl\u00e4tzen anscheinend nicht gern gesehen. Obwohl sie dann eh sagen &#8220;5kWh inkludiert&#8221; oder &#8220;Preis pro kWh&#8221;..<\/p>\n<p><strong>10.11.2022<\/strong><\/p>\n<p>Beim Einr\u00e4umen der Sachen hab ich schon gesehen, dass in einem meiner F\u00e4cher unter dem Bett fast noch mehr Schimmel ist, als im Sommer war. Da bin ich mal gespannt, wenn ich mir das daheim alles genauer anschau..<\/p>\n<p>Das hei\u00dft, es sind nicht nur Temperaturen unter 0\u00b0 ein Problem. Und geduscht, also nasse Handt\u00fccher, hatte ich ja auch seltenst. Somit werd ich also ggf. schon fr\u00fcher in der Saison die Luftentfeuchterbeutel testen m\u00fcssen.<\/p>\n<p>Und ggf. weniger dort unten lagern. Au\u00dfer genau das war das Problem diesmal, weil dadurch mehr Luft hingekommen ist, auch durch den hin und wieder Betrieb der kleinen L\u00fcfter, aber die hatte ich eh nur an den k\u00e4ltesten Tagen mal f\u00fcr ein St\u00fcndchen nach dem Aufstehen eingeschaltet. Wird also so wohl eh nix bringen.<\/p>\n<p>F\u00fcr den Bereich hinterm Schrank h\u00e4tte ich mir jetzt \u00fcberlegt, dort in Zukunft nicht mehr die in Plastikbeuteln verpackten Werkzeuge und vakuumisierte Kleidung zu lagern, sondern das Werkzeug in den Schrank zu tun und die Kleidung dann hinten offen zu lagern &#8211; damit kann die Feuchtigkeit zumindest etwas von der Kleidung aufgenommen werden, die ich dann ggf. hin und wieder nach vorne zum trocknen r\u00e4umen k\u00f6nnte.<\/p>\n<p>Naja, wenn ich jetzt im Winter nicht so lang unterwegs bin, muss ich ja nicht ganz so viel Zeug mitschleppen wie letztes Jahr Herbst\/Winter\/Fr\u00fchjahr Skandinavien.<\/p>\n<p>Wie schon vor einer der letzten Skandinavienreisen mal \u00fcberschlagen, passen die Spiker\u00e4der problemlos auf&#8217;s Bett (unter die Matratze, ohne die rausnehmen zu m\u00fcssen) &#8211; h\u00e4tte ich also locker nach Skandinavien mitnehmen k\u00f6nnen, wenn ich nur im Winter unterwegs gewesen w\u00e4re, da ich sie ja dann im S\u00fcden irgendwo h\u00e4tte umstecken und einlagern m\u00fcssen. <\/p>\n<p>Schlafen ginge jetzt aktuell nur noch zur Not, auf dem zur\u00fcckgelehnten Fahrersitz.<\/p>\n<p>Die erste R\u00fcckmeldung von einem Campingplatz kam auch, mein &#8220;Spezialfall&#8221; sei kein Problem und die Kosten w\u00e4ren bei dem nur 22,60 inkl. Strom &#038; Taxe &#038; Umweltabgabe. Umweltabgabe haben n\u00e4mlich (neuerdings?) viele Campingpl\u00e4tze in AT in ihren Preislisten extra aufgef\u00fchrt &#8211; warum man das nicht einfach in die Personen- oder Standplatzpauschale reinz\u00e4hlt, man wei\u00df es nicht.<\/p>\n<p>Ok, dann mach ich das so, am Samstag geht&#8217;s nach Mittag auf den M\u00f6lltaler, dann heim f\u00fcr 2-3 Wochen, bis die n\u00e4chsten Skigebiete \u00f6ffnen, zur Hochsaison \u00fcber die Feiertage dann eventuell nochmals heim, dann nochmals Saisonkarte, Rundtour durch Italien und Frankreich und zum Saisonschluss wieder Saisonkarte. Ca. 50\/50\/50 Tage aufgeteilt, je nachdem, wie es mir in den K\u00e4rntner Skigebieten gef\u00e4llt. Dann kauf ich mal noch die 2-Monats-Vignette ab Samstag. Ahja, Osttirol w\u00e4r ja auch bei der Saisonkarte dabei. Die kenn ich bis auf eins ja schon von der Tirol Snow Card. Und sind seitdem nat\u00fcrlich alle noch bl\u00f6der (weil moderner) geworden.<\/p>\n<p><a href='http:\/\/extra.inmontanis.info\/d\/97696-2\/DSC04166.jpg'><img src=http:\/\/extra.inmontanis.info\/d\/97695-3\/DSC04166.jpg \/><\/a><br \/>\n^ Hoffentlich hab ich bald mal Zeit, mich nach Ersatz f\u00fcr dieses bescheuerte Google Keep\/Notes umzusehen, ggf. ein allgemeines Sync-System \u00fcber meinen Server. <\/p>\n<p>Alles Unterstrichene wird als Telefonnummer interpretiert, Klick darauf will es anrufen. Mal eben Staub vom Bildschirm wischen? Wird gleich mal als L\u00f6schgeste erkannt und die Notiz ist im Papierkorb oder Archiv. Mal vertippt und ein Wort mit # angefangen? Ist ein Label, das umst\u00e4ndlich wieder gel\u00f6scht werden muss.<\/p>\n<p>Zeilen mit &#8220;-&#8221; oder &#8220;1.&#8221; etc. kann man auch nicht anfangen, weil dann automatisch Listen angefangen werden. F\u00fcr gew\u00f6hnlich hab ich aber entweder kein zweites &#8220;-&#8220;, weil keine Aufz\u00e4hlung, oder ich hab mehrere Abs\u00e4tze bis zum n\u00e4chsten Punkt. Und und und .. <\/p>\n<p><a href='http:\/\/extra.inmontanis.info\/d\/97700-2\/DSC04168.jpg'><img src=http:\/\/extra.inmontanis.info\/d\/97699-3\/DSC04168.jpg \/><\/a><br \/>\n^ Auf der Heimfahrt von Telfs nach K\u00e4rnten hab ich auch noch die 4 Spikereifen dabei. Dazwischen passte die kleine Waschmaschine von Vater rein. Schlafen muss ich ja jetzt nicht mehr im Auto bzw. m\u00fcsste ich halt dann den Fahrersitz zur\u00fcck lehnen.<\/p>\n<p>&#8212;<br \/>\nThemenwechsel<br \/>\n&#8212;<br \/>\nmal wieder ein interessanter, kritischer, wenn auch langer, Text zum Thema Sozialkreditsysteme:<\/p>\n<blockquote><p>Den Harry-Potter-Romanen k\u00f6nnen wir entnehmen, welche fatalen Auswirkungen ein Sozialkreditsystem auf unsere Menschlichkeit hat.<\/p><\/blockquote>\n<p> &#8230; was mir so bisher gar nicht aufgefallen ist &#8230;<br \/>\n<a href='https:\/\/www.rubikon.news\/artikel\/der-angestupste-mensch'>https:\/\/www.rubikon.news\/artikel\/der-angestupste-mensch<\/a><br \/>\n&#8212;<br \/>\nmal wieder was zum Thema Corona \/ ist &#8220;Long-Covid&#8221; nur ein Neusprech f\u00fcr &#8220;Impfsch\u00e4den\/Impf-Nebenwirkungen&#8221;?<br \/>\n<a href='https:\/\/reitschuster.de\/post\/england-anstieg-der-unerwarteten-todesfaelle-haelt-an\/'>https:\/\/reitschuster.de\/post\/england-anstieg-der-unerwarteten-todesfaelle-haelt-an\/<\/a><\/p>\n<p>.. und zu RU:<br \/>\n<a href='https:\/\/www.anti-spiegel.ru\/2022\/putins-botschaft-an-die-menschen-in-europa-im-o-ton\/'>https:\/\/www.anti-spiegel.ru\/2022\/putins-botschaft-an-die-menschen-in-europa-im-o-ton\/<\/a><\/p>\n<p><a href='https:\/\/www.anti-spiegel.ru\/2022\/steinmeiers-kriegsrede-im-vergleich-zu-putins-ausgestreckter-hand\/'>https:\/\/www.anti-spiegel.ru\/2022\/steinmeiers-kriegsrede-im-vergleich-zu-putins-ausgestreckter-hand\/<\/a><\/p>\n<p>Verr\u00fcckte Schweiz:<br \/>\n<a href='https:\/\/transition-news.org\/wer-mit-uber-40-grad-wascht-bekommt-es-mit-der-regierung-zu-tun'>https:\/\/transition-news.org\/wer-mit-uber-40-grad-wascht-bekommt-es-mit-der-regierung-zu-tun<\/a><\/p>\n","protected":false},"excerpt":{"rendered":"<p>Di, 1.11.2022<\/p>\n<p>Zum Abschluss der N\u00fcrnbergtage besuchte ich heute noch &#8220;den Garten&#8221;. Es handelt sich dabei um den ehemaligen Garten meiner Gro\u00dfeltern in einer Kleingartenkolonie s\u00fcdlich von (bzw. noch in) N\u00fcrnberg. Hier verbrachte ich fr\u00fcher in der Schulzeit einen Gro\u00dfteil meiner Sommerferien, aber auch sonst im Sommer manches Wochenende.<\/p>\n<p>Den Garten hatte ich ja schon <a href=\"http:\/\/blog.inmontanis.info\/?p=8080\">[&#8230;]<\/a><\/p>\n","protected":false},"author":1,"featured_media":8086,"comment_status":"closed","ping_status":"closed","sticky":false,"template":"","format":"standard","meta":{"footnotes":""},"categories":[186,12,59,8],"tags":[51,133],"class_list":["post-8080","post","type-post","status-publish","format-standard","has-post-thumbnail","hentry","category-2022-07-uk-irl-iom","category-germany","category-nostalgie","category-private","tag-architektur","tag-kanalcanal","odd"],"_links":{"self":[{"href":"http:\/\/blog.inmontanis.info\/index.php?rest_route=\/wp\/v2\/posts\/8080","targetHints":{"allow":["GET"]}}],"collection":[{"href":"http:\/\/blog.inmontanis.info\/index.php?rest_route=\/wp\/v2\/posts"}],"about":[{"href":"http:\/\/blog.inmontanis.info\/index.php?rest_route=\/wp\/v2\/types\/post"}],"author":[{"embeddable":true,"href":"http:\/\/blog.inmontanis.info\/index.php?rest_route=\/wp\/v2\/users\/1"}],"replies":[{"embeddable":true,"href":"http:\/\/blog.inmontanis.info\/index.php?rest_route=%2Fwp%2Fv2%2Fcomments&post=8080"}],"version-history":[{"count":7,"href":"http:\/\/blog.inmontanis.info\/index.php?rest_route=\/wp\/v2\/posts\/8080\/revisions"}],"predecessor-version":[{"id":8088,"href":"http:\/\/blog.inmontanis.info\/index.php?rest_route=\/wp\/v2\/posts\/8080\/revisions\/8088"}],"wp:featuredmedia":[{"embeddable":true,"href":"http:\/\/blog.inmontanis.info\/index.php?rest_route=\/wp\/v2\/media\/8086"}],"wp:attachment":[{"href":"http:\/\/blog.inmontanis.info\/index.php?rest_route=%2Fwp%2Fv2%2Fmedia&parent=8080"}],"wp:term":[{"taxonomy":"category","embeddable":true,"href":"http:\/\/blog.inmontanis.info\/index.php?rest_route=%2Fwp%2Fv2%2Fcategories&post=8080"},{"taxonomy":"post_tag","embeddable":true,"href":"http:\/\/blog.inmontanis.info\/index.php?rest_route=%2Fwp%2Fv2%2Ftags&post=8080"}],"curies":[{"name":"wp","href":"https:\/\/api.w.org\/{rel}","templated":true}]}}