{"id":8073,"date":"2022-10-31T16:36:02","date_gmt":"2022-10-31T15:36:02","guid":{"rendered":"http:\/\/blog.inmontanis.info\/?p=8073"},"modified":"2022-11-26T22:53:06","modified_gmt":"2022-11-26T21:53:06","slug":"nurnberg-teil-2-innenstadt-private-vergangenheit-31-10-2022","status":"publish","type":"post","link":"http:\/\/blog.inmontanis.info\/?p=8073","title":{"rendered":"N\u00fcrnberg Teil 2: Innenstadt, private Vergangenheit, 31.10.2022"},"content":{"rendered":"<p><strong>Mo, 31.10.2022<\/strong><\/p>\n<p>Bei nur 12\u00b0 morgens im Auto (drau\u00dfen wie \u00fcblich 5\u00b0 k\u00e4lter, soll aber wieder 20\u00b0 nachmittags werden) h\u00e4tt ich ja ganz gern die Standheizung eingeschaltet, aber bevor das Teil undicht ist und weil das K\u00fchlerwasser so sch\u00f6n konstant war die letzten Tage, traute ich mich nicht so ganz.. <\/p>\n<p>Nachdem ich gestern zu Bratwurst und Schaschlik gekommen bin, vorgestern zu Karpfen, morgen nochmals an einem KFC vorbei will &#8211; was bleibt mir da heut eigentlich noch \u00fcbrig, was mir noch fehlt? ;)<\/p>\n<p>Nein, ich mag weder Sch\u00e4ufele noch Kl\u00f6\u00dfe, zumindest nicht die fr\u00e4nkisch-typsischen Kartoffelkl\u00f6\u00dfe mit F\u00fcllung. Semmelkn\u00f6del und Serviettenkn\u00f6del waren mir schon immer lieber.<\/p>\n<p>Ich fuhr morgens gleich zum Parkplatz, wo ich nahe Stadt gratis stehen k\u00f6nnte und arbeitete wie \u00fcblich 3 Stunden aus dem Home-\/Car-Office. Um im Rucksack unterwegs etwas mehr Platz zum Einkaufen (Lebkuchen) zu haben, lie\u00df ich die normale Cam im Auto und fotografierte halt nur mit dem Handy.<\/p>\n<p>Auf dem Weg in die Innenstadt kam ich gleich mal praktischerweise an meiner ehemaligen Grundschule vorbei.<\/p>\n<p><a href='http:\/\/extra.inmontanis.info\/d\/97108-2\/DSC04058.jpg'><img src=http:\/\/extra.inmontanis.info\/d\/97107-3\/DSC04058.jpg \/><\/a><br \/>\n^ Am Ke\u00dflerplatz, wo man gratis parken darf, wenn man einen Platz bekommt.<\/p>\n<p><a href='http:\/\/extra.inmontanis.info\/d\/97112-2\/IMG_20221031_112109.jpg'><img src=http:\/\/extra.inmontanis.info\/d\/97111-3\/IMG_20221031_112109.jpg \/><\/a><br \/>\n^ Pegnitz, Prinzregentenufer \/ W\u00f6hrder Wiese. Dass es in N\u00fcrnberg einen W\u00f6hrder See gibt, den man im Fr\u00e4nkischen nat\u00fcrlich gleich ausspricht wie den W\u00f6rther See in K\u00e4rnten, weil man im Fr\u00e4ngischn ja kein hartes d (=t) und kein hartes b (=p) hat (und auch die meisten &#8220;k&#8221; mit einem &#8220;g&#8221; ersetzt werden und manche &#8220;g&#8221; mit einem &#8220;ch&#8221;), sorgte f\u00fcr mich viele Jahre f\u00fcr Verwirrung.<\/p>\n<p>Neben dem d\/t und b\/p &#8211; Dilemma ist ein &#8220;k&#8221; auch oft ein &#8220;g&#8221; und manches &#8220;g&#8221; wird zum &#8220;ch&#8221; (nicht nur in &#8220;N\u00e4mberch&#8221; f\u00fcr N\u00fcrnberg), ein &#8220;a&#8221; liegt (&#8220;licht&#8221;) oft auf halben oder auch ganzen Weg zum &#8220;o&#8221; (Sprichwort: &#8220;Wo die Has&#8217;n Hos&#8217;n und die Hos&#8217;n Hus&#8217;n ha\u00dfen&#8221;), ein &#8220;er&#8221; fast immer ein &#8220;\u00e4&#8221; ist, ein &#8220;ei&#8221; oder &#8220;au&#8221; im Wort auch gern zum &#8220;a(a)&#8221; wird und wenn das &#8220;r&#8221; nicht verschluckt wird (&#8220;w\u00f6dd&#8221;), w\u00f6dd&#8217;s g&#8217;rrrrolld .. und so weiter. <\/p>\n<p>Und das &#8220;l&#8221; spricht man (au\u00dfer wohl nach manchen Konsonanten) am charakterischsten und zumindest am n\u00fcrnbergerischsten so aus, indem man die verdickte Zunge zwischen die seitlichen Z\u00e4hne rausstreckt und zubei\u00dft. Probiert&#8217;s mal aus ;-)<\/p>\n<p>Wobei es da ja eh sehr lokale Unterschiede gibt, selbst zwischen N\u00fcrnbergisch und F\u00fcrtherisch. Ich glaub, die Drei-im-Weggla w\u00fcrden im benachbarten F\u00fcrth Drei-im-Weggli hei\u00dfen.<\/p>\n<p>Unterm Strich hab ich in den 2 Tagen aber kaum wirklich N\u00fcrnberger Dialekt geh\u00f6rt. Die meisten versuchen wohl wegen der Touristen hochdeutscher zu reden oder kommen anderswoher. Fei scho a weng sch\u00e5d.<\/p>\n<p><a href='http:\/\/extra.inmontanis.info\/d\/97116-2\/IMG_20221031_112255.jpg'><img src=http:\/\/extra.inmontanis.info\/d\/97115-3\/IMG_20221031_112255.jpg \/><\/a><br \/>\n^ Pegnitz und Stadtmauer im Bereich Insel Sch\u00fctt<\/p>\n<p><a href='http:\/\/extra.inmontanis.info\/d\/97120-2\/IMG_20221031_112356.jpg'><img src=http:\/\/extra.inmontanis.info\/d\/97119-3\/IMG_20221031_112356.jpg \/><\/a><br \/>\n^ Stadtmauer und Durchgang \/ Kasemattentor<\/p>\n<p><a href='http:\/\/extra.inmontanis.info\/d\/97124-2\/IMG_20221031_112444.jpg'><img src=http:\/\/extra.inmontanis.info\/d\/97123-3\/IMG_20221031_112444.jpg \/><\/a><br \/>\n^ Kasemattentor<\/p>\n<p><a href='http:\/\/extra.inmontanis.info\/d\/97128-2\/IMG_20221031_112533.jpg'><img src=http:\/\/extra.inmontanis.info\/d\/97127-3\/IMG_20221031_112533.jpg \/><\/a><br \/>\n^ Stadtmauer und Kasemattentor<\/p>\n<p><a href='http:\/\/extra.inmontanis.info\/d\/97132-2\/IMG_20221031_112738.jpg'><img src=http:\/\/extra.inmontanis.info\/d\/97131-3\/IMG_20221031_112738.jpg \/><\/a><br \/>\n^ Auf der Insel Sch\u00fctt gibt&#8217;s eine Schule, zu meiner Zeit Grundschule und Hauptschule, wobei ich also die ersten 4 Jahre die Grundschule besuchte. Links war ein kleiner Fahrrad-Verkehrs\u00fcbungsplatz, wo ich meinen Fahrradausweis gemacht hatte. Allerdings waren die aufgestellten Ampeln ohne Zeichen, so dass ich eine Fu\u00dfg\u00e4ngerampel als Abbiegeampel f\u00fcr mich interpretiert hatte..<\/p>\n<p><a href='http:\/\/extra.inmontanis.info\/d\/97136-2\/IMG_20221031_112950.jpg'><img src=http:\/\/extra.inmontanis.info\/d\/97135-3\/IMG_20221031_112950.jpg \/><\/a><br \/>\n^ Im linken Geb\u00e4ude sind oder waren zu meiner Zeit das Schwimmbad (leider) und die Turnhallen. Diese Verbindung gab es aber glaub ich noch nicht. Evtl. aber einen \u00fcberdachten, offenen Weg. Bin ich mir unsicher. Lt. altem Text im Netz soll unten das Schwimmbad und oben die Turnhallen gewesen sein &#8211; so genau kann ich mich nicht mehr erinnern.<\/p>\n<p>Ja, also Schwimmunterricht war wohl die gr\u00f6\u00dfte Folter (na, vielleicht die zweite, nach dem Zigarettenqualm \u00fcberall), die ich als Kind erleiden musste. Das Wasser war mir zu kalt, die Angst vorm Ertrinken und diese plus die Schmerzen beim Turmspringen. 1m ging noch, aber damals wurde man halt auch vom 3m Brett gezwungen zu springen und das ist K\u00f6rperverletzung. Kann mir nicht vorstellen, dass man das Kindern heutzutage noch aufzwingt. Zus\u00e4tzlich musste ich auch noch irgendwann einen extra Kurs glaub nahe Nordostbahnhof besuchen.<\/p>\n<p>Im Gymnasium hatten wir zum Gl\u00fcck kein Schwimmbad und mussten daher mit dem Bus fahren, falls mal eine Schwimmstunde im Sportunterricht anstand. Sport war ja f\u00fcr mich eh schon h\u00f6chste Qual, aber am Sportplatz (ebenfalls mit Bus entfernt, Deutschherrnwiese) war das noch schlimmer. Schwimmen war nur deshalb etwas weniger schlimm, weil das alte Volksbad n\u00e4he Pl\u00e4rrer (mittlerweile schon lang geschlossen) im Jugendstil (=Baustil) gebaut schon sch\u00f6n war. Aber die K\u00f6rperverletzungen mit Turmspringen und zwangsweisen Kaltduschen gab es hier ebenfalls. Jaja, Weichei und Warmduscher.<\/p>\n<p><a href='http:\/\/extra.inmontanis.info\/d\/97140-2\/IMG_20221031_113032.jpg'><img src=http:\/\/extra.inmontanis.info\/d\/97139-3\/IMG_20221031_113032.jpg \/><\/a><br \/>\n^ Das Hauptgeb\u00e4ude der Insel Sch\u00fctt &#8211; Schule(n)<\/p>\n<p>Bild von der Er\u00f6ffnung der Schule 1969, damals war der Platz dahinter ein gro\u00dfer Parkplatz (sp\u00e4ter wurde ja eine Tiefgarage gebaut):<br \/>\n<a href='https:\/\/www.nordbayern.de\/region\/nuernberg\/25-september-1969-neue-schule-auf-der-insel-1.9356922'>https:\/\/www.nordbayern.de\/region\/nuernberg\/25-september-1969-neue-schule-auf-der-insel-1.9356922<\/a><\/p>\n<p><a href='http:\/\/extra.inmontanis.info\/d\/97412-2\/DSC04351.jpg'><img src=http:\/\/extra.inmontanis.info\/d\/97411-3\/DSC04351.jpg \/><\/a><br \/>\n^ Nachtr\u00e4glich daheim fotografiert: Pelikan Transparentpapier, DM 1,55. W\u00fcrd mich ja nicht wundern, wenn das aus der Grundschulzeit stammt. Oder mal ein Mini-Projekt am Gymnasium im Kunstunterricht und dann nie mehr ben\u00f6tigt, aber zu schade zum wegschmei\u00dfen gewesen. Jetzt hat&#8217;s schon wieder historischen Wert, zumindest die Verpackung :)<\/p>\n<p><a href='http:\/\/extra.inmontanis.info\/d\/97144-2\/IMG_20221031_113131.jpg'><img src=http:\/\/extra.inmontanis.info\/d\/97143-3\/IMG_20221031_113131.jpg \/><\/a><br \/>\n^ Der Platz wurde sp\u00e4testens mit dem Bau der Tiefgarage gestaltet und mir durchaus schon so bekannt<\/p>\n<p><a href='http:\/\/extra.inmontanis.info\/d\/97148-2\/IMG_20221031_113215.jpg'><img src=http:\/\/extra.inmontanis.info\/d\/97147-3\/IMG_20221031_113215.jpg \/><\/a><br \/>\n^ Pegnitz<\/p>\n<p><a href='http:\/\/extra.inmontanis.info\/d\/97152-2\/IMG_20221031_113222.jpg'><img src=http:\/\/extra.inmontanis.info\/d\/97151-3\/IMG_20221031_113222.jpg \/><\/a><br \/>\n^ Pegnitz<\/p>\n<p><a href='http:\/\/extra.inmontanis.info\/d\/97156-2\/IMG_20221031_113412.jpg'><img src=http:\/\/extra.inmontanis.info\/d\/97155-3\/IMG_20221031_113412.jpg \/><\/a><br \/>\n^ Vodere Insel Sch\u00fctt<\/p>\n<p><a href='http:\/\/extra.inmontanis.info\/d\/97160-2\/IMG_20221031_113540.jpg'><img src=http:\/\/extra.inmontanis.info\/d\/97159-3\/IMG_20221031_113540.jpg \/><\/a><br \/>\n^ Zum Hans-Sachs-Platz (Altstadtfest-Reste werden abgebaut), unweit dahinter, die Tucherstra\u00dfe, wo meine Gro\u00dfeltern lebten<\/p>\n<p><a href='http:\/\/extra.inmontanis.info\/d\/97164-2\/IMG_20221031_113543.jpg'><img src=http:\/\/extra.inmontanis.info\/d\/97163-3\/IMG_20221031_113543.jpg \/><\/a><br \/>\n^ Heilig-Geist-Spital<\/p>\n<p><a href='http:\/\/extra.inmontanis.info\/d\/97168-2\/IMG_20221031_113844.jpg'><img src=http:\/\/extra.inmontanis.info\/d\/97167-3\/IMG_20221031_113844.jpg \/><\/a><br \/>\n^ Heug\u00e4sschen und Tucherstra\u00dfe, wo meine Gro\u00dfeltern lebten. Siehe Bericht von gestern.<\/p>\n<p><a href='http:\/\/extra.inmontanis.info\/d\/97172-2\/IMG_20221031_114019.jpg'><img src=http:\/\/extra.inmontanis.info\/d\/97171-3\/IMG_20221031_114019.jpg \/><\/a><br \/>\n^ Hans-Sachs-Gasse<\/p>\n<p><a href='http:\/\/extra.inmontanis.info\/d\/97176-2\/IMG_20221031_114116.jpg'><img src=http:\/\/extra.inmontanis.info\/d\/97175-3\/IMG_20221031_114116.jpg \/><\/a><br \/>\n^ Spitalgasse; der Hauptmarkt ist ca.  rechts hinten<\/p>\n<p><a href='http:\/\/extra.inmontanis.info\/d\/97180-2\/IMG_20221031_114415.jpg'><img src=http:\/\/extra.inmontanis.info\/d\/97179-3\/IMG_20221031_114415.jpg \/><\/a><br \/>\n^ Vom Hauptmarkt zur Lorenzkirche \u00fcber die Museumsbr\u00fccke<\/p>\n<p><a href='http:\/\/extra.inmontanis.info\/d\/97184-2\/IMG_20221031_114442.jpg'><img src=http:\/\/extra.inmontanis.info\/d\/97183-3\/IMG_20221031_114442.jpg \/><\/a><br \/>\n^ Von der Museumsbr\u00fccke zum Heilig-Geist-Spital<\/p>\n<p><a href='http:\/\/extra.inmontanis.info\/d\/97188-2\/IMG_20221031_114712.jpg'><img src=http:\/\/extra.inmontanis.info\/d\/97187-3\/IMG_20221031_114712.jpg \/><\/a><br \/>\n^ Eingang Karstadt<\/p>\n<p><a href='http:\/\/extra.inmontanis.info\/d\/97192-2\/IMG_20221031_114802.jpg'><img src=http:\/\/extra.inmontanis.info\/d\/97191-3\/IMG_20221031_114802.jpg \/><\/a><br \/>\n^ Schaut relativ gleich aus zu meiner Erinnerung in den 80\/90ern, vielleicht die Juwelierabteilung gr\u00f6\u00dfer<\/p>\n<p><a href='http:\/\/extra.inmontanis.info\/d\/97196-2\/IMG_20221031_115039.jpg'><img src=http:\/\/extra.inmontanis.info\/d\/97195-3\/IMG_20221031_115039.jpg \/><\/a><br \/>\n^ Viele Uhren gab&#8217;s, auch Casio, auch eine, die zweite von links oben, die \u00e4hnlich meiner Funkuhr ausschaut und ein Kunststoff- oder Resin-Armband hat. Aber irgendwie gef\u00e4llt sie mir doch nicht so gut. Meine sah halt schon edler aus in Schwarz+Gold&#8230;<\/p>\n<p><a href='http:\/\/extra.inmontanis.info\/d\/97200-2\/IMG_20221031_115619.jpg'><img src=http:\/\/extra.inmontanis.info\/d\/97199-3\/IMG_20221031_115619.jpg \/><\/a><br \/>\n^ Extrem gro\u00dfe Armbanduhren. Werden wohl auch extrem schwer sein. Das kaufen sich die Leute wohl auch nur, um anzugeben?!<\/p>\n<p><a href='http:\/\/extra.inmontanis.info\/d\/97204-2\/IMG_20221031_115638.jpg'><img src=http:\/\/extra.inmontanis.info\/d\/97203-3\/IMG_20221031_115638.jpg \/><\/a><br \/>\n^ Noch mehr solch riesige und teure Diesel-Armbanduhren.<\/p>\n<p><a href='http:\/\/extra.inmontanis.info\/d\/97208-2\/IMG_20221031_115934.jpg'><img src=http:\/\/extra.inmontanis.info\/d\/97207-3\/IMG_20221031_115934.jpg \/><\/a><br \/>\n^ Der Hugendubel (Buchh\u00e4ndler) hatte zumnidest fr\u00fcher eine eigene, gro\u00dfe, mehrst\u00f6ckige Buch-Handlung. Jetzt ist er im Karstadt<\/p>\n<p>Die Toiletten im Karstadt sind auch nicht mehr gratis, sondern es w\u00fcrden von einer Toilettenfrau 0,50 \u20ac abgecasht werden. Das machte ich nat\u00fcrlich nicht und hatte auch gar keine Lust mehr, hier was zu kaufen.<\/p>\n<p><a href='http:\/\/extra.inmontanis.info\/d\/97212-2\/IMG_20221031_120111.jpg'><img src=http:\/\/extra.inmontanis.info\/d\/97211-3\/IMG_20221031_120111.jpg \/><\/a><br \/>\n^ Karstadt, inkl. defekter Rolltreppe. Der dritte Stock wurde erst sp\u00e4ter gebaut und die Rolltreppen &#8211; siehe hinten &#8211; wurden anderswo platziert.<\/p>\n<p><a href='http:\/\/extra.inmontanis.info\/d\/97216-2\/IMG_20221031_120221.jpg'><img src=http:\/\/extra.inmontanis.info\/d\/97215-3\/IMG_20221031_120221.jpg \/><\/a><br \/>\n^ Daf\u00fcr hat er auch 2 Untergeschosse, das hatte ich jetzt vergessen.<\/p>\n<p><a href='http:\/\/extra.inmontanis.info\/d\/97220-2\/IMG_20221031_120416.jpg'><img src=http:\/\/extra.inmontanis.info\/d\/97219-3\/IMG_20221031_120416.jpg \/><\/a><br \/>\n^ Im U2-Geschoss ist ein Supermarkt, eher teurer, wo man auch un\u00fcbliche Sachen bekam, z.B. Geitost aus Norwegen<\/p>\n<p><a href='http:\/\/extra.inmontanis.info\/d\/97224-2\/IMG_20221031_120523.jpg'><img src=http:\/\/extra.inmontanis.info\/d\/97223-3\/IMG_20221031_120523.jpg \/><\/a><br \/>\n^ .. oder die gr\u00f6\u00dfte Walkers-Auswahl, die ich heuer gesehen hab. Ok, ich war nicht in Schottland unterwegs, aber im restlichen UK in den Superm\u00e4rkten war das Angebot wesentlich kleiner.<\/p>\n<p><a href='http:\/\/extra.inmontanis.info\/d\/97228-2\/IMG_20221031_121122.jpg'><img src=http:\/\/extra.inmontanis.info\/d\/97227-3\/IMG_20221031_121122.jpg \/><\/a><br \/>\n^ Lorenzkirche, davor links ein Lebkuchenstand (vom Aussehen her war das fr\u00fcher ein Brezenstand), rechts das gr\u00f6\u00dfere Haus ist ein Bratwurststand und davor ist dann ein neuerer Brezenstand. Den M\u00fcller rechts gibt&#8217;s auch schon l\u00e4nger. Links von mir: Karstadt<\/p>\n<p><a href='http:\/\/extra.inmontanis.info\/d\/97232-2\/IMG_20221031_121156.jpg'><img src=http:\/\/extra.inmontanis.info\/d\/97231-3\/IMG_20221031_121156.jpg \/><\/a><br \/>\n^ Die Einzahl von Brezen in N\u00fcrnberg ist allerdings weder Brezel noch Brezen, sondern: Breze. Mit 0,80 \u20ac auch schon krass teuer geworden. Ich erinnere mich noch an 40 Pfennig, also 0,20 \u20ac&#8230; Die Spezial-Sorten gab&#8217;s damals nat\u00fcrlich auch noch nicht. Aber wie bei der Salzstange oder Laugenstange, pur mag ich sie am liebsten.<\/p>\n<p><a href='http:\/\/extra.inmontanis.info\/d\/97236-2\/IMG_20221031_121230.jpg'><img src=http:\/\/extra.inmontanis.info\/d\/97235-3\/IMG_20221031_121230.jpg \/><\/a><br \/>\n^ Nusselt als Lebk\u00fcchnerei sagt mir jetzt mal nichts, das Foto hab ich wegen der riesigen Versionen links gemacht. Wobei es hier noch viele weitere Lebkuchenst\u00e4nde gab, auch Fraunholz. Die waren mir dann auch zu teuer, 5-St\u00fcck-P\u00e4ckchen um 12,90 \u20ac &#8230;<\/p>\n<p><a href='http:\/\/extra.inmontanis.info\/d\/97240-2\/IMG_20221031_121433.jpg'><img src=http:\/\/extra.inmontanis.info\/d\/97239-3\/IMG_20221031_121433.jpg \/><\/a><br \/>\n^ Karolinienstra\u00dfe mit Karstadt rechts. Crepes-St\u00e4nde gibts mittlerweile auch.<\/p>\n<p><a href='http:\/\/extra.inmontanis.info\/d\/97244-2\/IMG_20221031_121647.jpg'><img src=http:\/\/extra.inmontanis.info\/d\/97243-3\/IMG_20221031_121647.jpg \/><\/a><br \/>\n^ .. ich entschied mich nochmals f\u00fcr &#8220;Drei im Weggla&#8221;. <\/p>\n<p><a href='http:\/\/extra.inmontanis.info\/d\/97248-2\/IMG_20221031_121950.jpg'><img src=http:\/\/extra.inmontanis.info\/d\/97247-3\/IMG_20221031_121950.jpg \/><\/a><br \/>\n^ Die Fu\u00dfg\u00e4ngerzone Karolinenstra\u00dfe und die parallel (links  nicht im Bild) verlaufende Breite Gasse sind die Haupt-Einkaufsbereiche in N\u00fcrnberg. Am Ende zu sehen, W\u00f6hrl \/ Ex-KWT, wo dann die beiden Stra\u00dfen zusammenlaufen<\/p>\n<p><a href='http:\/\/extra.inmontanis.info\/d\/97252-2\/IMG_20221031_122015.jpg'><img src=http:\/\/extra.inmontanis.info\/d\/97251-3\/IMG_20221031_122015.jpg \/><\/a><br \/>\n^ Karolinienstra\u00dfe, Blick retour zur Lorenzkirche. Bratwurst- und Brezenst\u00e4nde findet man nach wie vor einige oder vielleicht noch mehr.<\/p>\n<p><a href='http:\/\/extra.inmontanis.info\/d\/97256-2\/IMG_20221031_122056.jpg'><img src=http:\/\/extra.inmontanis.info\/d\/97255-3\/IMG_20221031_122056.jpg \/><\/a><br \/>\n^ Die Brezenst\u00e4nde sind nicht mehr so sch\u00f6n wie fr\u00fcher (braune, vier- oder sechs- oder achteckige Holzh\u00e4uschen), aber es gibt nach wie vor die zwei Anbieter von damals, Kittel und Kolb. Welches fr\u00fcher besser war, wei\u00df ich gar nicht mehr, ich hatte da zeitweise eine andere Meinung als meine Verwandten, denn der eine hatte die knusprigeren Brezen und der andere eher die l\u00e4tschigeren und zumindest in der Anfangszeit waren mir die letzteren lieber.<\/p>\n<p><a href='http:\/\/extra.inmontanis.info\/d\/97260-2\/IMG_20221031_122306.jpg'><img src=http:\/\/extra.inmontanis.info\/d\/97259-3\/IMG_20221031_122306.jpg \/><\/a><br \/>\n^ Etwas, was man zumindest international nicht oder seltenst bekommt, ist die \u00fcbliche Variante in N\u00fcrnberg, n\u00e4mlich die Breze mit feinen Salz, statt groben. Allerdings sahen der verschlungene Bereich in der Mitte nach meiner Erinnerung fr\u00fcher d\u00fcnner aus, \u00fcberhaupt auch der Rest. Mag sein, dass ich das durch die internationelen Brezen jetzt auch anders gewohnt bin, aber der Mittelteil m\u00fcsste auch in N\u00fcrnberg normalerweise knusprig gewesen sein, zumindest bei einem der beiden Hersteller?!<\/p>\n<p><a href='http:\/\/extra.inmontanis.info\/d\/97264-2\/IMG_20221031_122437.jpg'><img src=http:\/\/extra.inmontanis.info\/d\/97263-3\/IMG_20221031_122437.jpg \/><\/a><br \/>\n^ Der Sport-Scheck neben dem W\u00f6hrl war anfangs in meiner Erinnerung noch nicht da, aber keine Ahnung, was da zuvor war. Gibt ihn auch schon recht lang.<\/p>\n<p><a href='http:\/\/extra.inmontanis.info\/d\/97268-2\/IMG_20221031_122528.jpg'><img src=http:\/\/extra.inmontanis.info\/d\/97267-3\/IMG_20221031_122528.jpg \/><\/a><br \/>\n^ Der W\u00f6hrl war urspr\u00fcnglich nur im rechten Haus, links war das Kaufhaus Wei\u00dfer Turm. Aktuell hat der W\u00f6hrl wohl umgebaut und sogar erweitert, n\u00e4mlich nach links in das gelbe Geb\u00e4ude (bzw. in das rechts daneben)<\/p>\n<p><a href='http:\/\/extra.inmontanis.info\/d\/97272-2\/DSC04344.jpg'><img src=http:\/\/extra.inmontanis.info\/d\/97271-3\/DSC04344.jpg \/><\/a><br \/>\n^ Nachtr\u00e4glich daheim fotografiert: Die kleine KWT-Kaufhaus-Wei\u00dfer-Turm-T\u00fcte, die ich noch hab, und einiges, was da drin ist. Einige Berichtstage sp\u00e4ter hab ich meine Uhren fotografiert &#8211; diese Christkindlesmarkt-Uhr aber vergessen, da die in diesem T\u00fctchen war.<\/p>\n<p>Geschichte zum KWT:<br \/>\n<a href='https:\/\/www.nordbayern.de\/region\/nuernberg\/geschichte-das-kaufhaus-weisser-turm-1.552209'>https:\/\/www.nordbayern.de\/region\/nuernberg\/geschichte-das-kaufhaus-weisser-turm-1.552209<\/a><\/p>\n<p>Bild 20 zeigt das Kaufhaus Wei\u00dfer Turm, als hier noch keine Fu\u00dfg\u00e4ngerzone war &#8211; und noch die Stra\u00dfenbahn anstelle der U-Bahn fuhr:<br \/>\n<a href='https:\/\/www.nordbayern.de\/region\/nuernberg\/auf-nurnbergs-strassen-unterwegs-eine-zeitreise-in-50-historischen-fotos-1.8521571'>https:\/\/www.nordbayern.de\/region\/nuernberg\/auf-nurnbergs-strassen-unterwegs-eine-zeitreise-in-50-historischen-fotos-1.8521571<\/a><\/p>\n<p>.. daran kann ich mich aber nicht mehr erinnern. Der U-Bahnhof Wei\u00dfer Turm soll lt. Wikipedia 1978 er\u00f6ffnet worden sein und bis 1980 Endstation gewesen sein, Pl\u00e4rrer soll im September 1980 er\u00f6ffnet worden sein, d.h. die Stra\u00dfenbahn k\u00f6nnte es damals noch gegeben haben und ich war damals 5.<\/p>\n<p><a href='http:\/\/extra.inmontanis.info\/d\/97276-2\/IMG_20221031_122739.jpg'><img src=http:\/\/extra.inmontanis.info\/d\/97275-3\/IMG_20221031_122739.jpg \/><\/a><br \/>\n^ Durch die 3 H\u00e4user gibt&#8217;s im W\u00f6hrl mittlerweile 3 Rolltreppenbereiche<\/p>\n<p><a href='http:\/\/extra.inmontanis.info\/d\/97280-2\/IMG_20221031_122834.jpg'><img src=http:\/\/extra.inmontanis.info\/d\/97279-3\/IMG_20221031_122834.jpg \/><\/a><br \/>\n^ <\/p>\n<p><a href='http:\/\/extra.inmontanis.info\/d\/97284-2\/IMG_20221031_123901.jpg'><img src=http:\/\/extra.inmontanis.info\/d\/97283-3\/IMG_20221031_123901.jpg \/><\/a><br \/>\n^ Wie gesagt, hat der W\u00f6hrl mittlerweile erweitert in das linke Geb\u00e4ude samt einen neuen \u00dcbergang. Unten ist irgendwo noch ein Aldi drin.<\/p>\n<p><a href='http:\/\/extra.inmontanis.info\/d\/97288-2\/IMG_20221031_124027.jpg'><img src=http:\/\/extra.inmontanis.info\/d\/97287-3\/IMG_20221031_124027.jpg \/><\/a><br \/>\n^ Durch den Saturn bin ich auch kurz gegangen, hab aber nichts gekauft<\/p>\n<p><a href='http:\/\/extra.inmontanis.info\/d\/97292-2\/IMG_20221031_125126.jpg'><img src=http:\/\/extra.inmontanis.info\/d\/97291-3\/IMG_20221031_125126.jpg \/><\/a><br \/>\n^ Am wei\u00dfen Turm (hinter mir) laufen Karolinenstra\u00dfe und Breite Gasse zusammen, jetzt bin ich in der Breiten Gasse mit dem C&#038;A rechts<\/p>\n<p><a href='http:\/\/extra.inmontanis.info\/d\/97296-2\/IMG_20221031_130155.jpg'><img src=http:\/\/extra.inmontanis.info\/d\/97295-3\/IMG_20221031_130155.jpg \/><\/a><br \/>\n^ In einem Pizza Hut war ich wohl maximal einmal in meinem Leben &#8211; die waren schon immer und sind einfach viel zu teuer.<\/p>\n<p><a href='http:\/\/extra.inmontanis.info\/d\/97300-2\/IMG_20221031_130114.jpg'><img src=http:\/\/extra.inmontanis.info\/d\/97299-3\/IMG_20221031_130114.jpg \/><\/a><br \/>\n^ .. aber der Grund, warum ich das fotografiere, weil hier zuvor der Quick und der Wendy&#8217;s drin war. Vielleicht noch ein anderer.<\/p>\n<p>Man findet dazu nur seeeehr wenig Infos im Netz, ich hab folgende 2 gefunden:<\/p>\n<blockquote><p>Im September 1981 wurde eine {Quick} Filiale in N\u00fcrnberg in der Breiten-Gasse er\u00f6ffnet.<\/p>\n<p>Bereits ein oder zwei Jahre sp\u00e4ter zog sich Quick vom Deutschen Markt zur\u00fcck, und Kaufhof f\u00fchrte die Filialen alleine noch ein paar Jahre weiter.<\/p>\n<p>Sp\u00e4ter zog dort Wendy&#8217;s ein.\n<\/p><\/blockquote>\n<p><a href='https:\/\/de.wikipedia.org\/wiki\/Diskussion:Quick_(Restaurant)'>https:\/\/de.wikipedia.org\/wiki\/Diskussion:Quick_(Restaurant)<\/a><\/p>\n<p>.. zudem soll das damals &#8220;Sam&#8217;s Quick&#8221; gehei\u00dfen haben &#8211; also das sagt mir gar nix. Ich kann mich nur an den Namen &#8220;Quick&#8221; und vielleicht das geschwungene &#8220;Q&#8221; erinnern.<\/p>\n<blockquote><p>Ungef\u00e4hr im Jahr 1990 wurden dann die mir bekannten Filialen in N\u00fcrnberg und M\u00fcnchen von Pizza-Hut \u00fcbernommen.<\/p><\/blockquote>\n<p><a href='https:\/\/de.alt.fan.fastfood.narkive.com\/Pxh9Ks5X\/wendy-s-in-deutschland-bis-wann'>https:\/\/de.alt.fan.fastfood.narkive.com\/Pxh9Ks5X\/wendy-s-in-deutschland-bis-wann<\/a><\/p>\n<p>Das w\u00fcrde dann auch zu meiner Erinnerung passen, demnach ich Quick geliebt hatte und dann entt\u00e4uscht war, als Wendy&#8217;s kam. Trotzdem bin ich mir ja nach wie vor nicht sicher, ob es nun wirklich Quick, der Kaufhof-Quick oder doch Wendy&#8217;s war, wo man sich die Burger selbst zusammen stellen durfte oder gar musste. Alle einzelnen Zutaten waren w\u00e4hlbar (Salat, Bacon, Gurke, etc.) und kosteten auch zus\u00e4tzlich zum Grundburger. Die Theke war allerdings sehr hoch f\u00fcr mich als kleiner Pimpf. <\/p>\n<p>Vermutlich war&#8217;s der Quick, evtl. auch nur der oben genannte Kaufhof-Quick, denn bei Wendy&#8217;s erinnere ich mich eher daran, eine Juniort\u00fcte gekauft zu haben.<\/p>\n<p>Achja, einen 2. Stock gab&#8217;s auch. <\/p>\n<p><a href='http:\/\/extra.inmontanis.info\/d\/97304-2\/IMG_20221031_130533.jpg'><img src=http:\/\/extra.inmontanis.info\/d\/97303-3\/IMG_20221031_130533.jpg \/><\/a><br \/>\n^ Am Ende der Breiten Gasse ist nicht nur neu links ein McDonalds, sondern am Ende auch bekannterweise der Kaufhof<\/p>\n<p><a href='http:\/\/extra.inmontanis.info\/d\/97308-2\/IMG_20221031_130605.jpg'><img src=http:\/\/extra.inmontanis.info\/d\/97307-3\/IMG_20221031_130605.jpg \/><\/a><br \/>\n^ McDonalds, teils ziemlich wenig, daf\u00fcr teure Sachen mittlerweile. Faszinierend die Literpreise: 20 \u20ac pro Liter Ketchup. Im UK kann man sich das meist gratis selbst zapfen.<\/p>\n<p><a href='http:\/\/extra.inmontanis.info\/d\/97312-2\/IMG_20221031_131002.jpg'><img src=http:\/\/extra.inmontanis.info\/d\/97311-3\/IMG_20221031_131002.jpg \/><\/a><br \/>\n^ Im Kaufhof, der ja eh mittlerweile mit Karstadt zusammen ist, gibt&#8217;s auch eine gro\u00dfe Uhrenauswahl<\/p>\n<p><a href='http:\/\/extra.inmontanis.info\/d\/97316-2\/IMG_20221031_131158.jpg'><img src=http:\/\/extra.inmontanis.info\/d\/97315-3\/IMG_20221031_131158.jpg \/><\/a><br \/>\n^ Ahja, der Kaufhof war das mit den 3 Rolltreppen + 1 normale Treppe<\/p>\n<p><a href='http:\/\/extra.inmontanis.info\/d\/97320-2\/IMG_20221031_131315.jpg'><img src=http:\/\/extra.inmontanis.info\/d\/97319-3\/IMG_20221031_131315.jpg \/><\/a><br \/>\n^ Im obersten Stock gibt&#8217;s nach wie vor Kalender<\/p>\n<p><a href='http:\/\/extra.inmontanis.info\/d\/97324-2\/IMG_20221031_131331.jpg'><img src=http:\/\/extra.inmontanis.info\/d\/97323-3\/IMG_20221031_131331.jpg \/><\/a><br \/>\n^ Kaufhof<\/p>\n<p><a href='http:\/\/extra.inmontanis.info\/d\/97328-2\/IMG_20221031_131402.jpg'><img src=http:\/\/extra.inmontanis.info\/d\/97327-3\/IMG_20221031_131402.jpg \/><\/a><br \/>\n^ Das Restaurant wurde etwas umgebaut.<\/p>\n<p><a href='http:\/\/extra.inmontanis.info\/d\/97332-2\/IMG_20221031_131411.jpg'><img src=http:\/\/extra.inmontanis.info\/d\/97331-3\/IMG_20221031_131411.jpg \/><\/a><br \/>\n^ Zumindest von au\u00dfen mit dem alten Schriftzug strahlt das noch etwas altes Flair aus<\/p>\n<p>Bei der Erinnerung bin ich mir nicht sicher, ob das Hertie oder Kaufhof war, n\u00e4mlich, dass oben im 3. Stock beim Rausgehen aus den Aufz\u00fcgen nicht nur rechts das Restaurant war, das allerdings erst weiter vorne mit einer Holzwand oder so abgeteilt war, sondern es gab auch 1 oder 2 Spielautomaten, einer davon war mal Ms Pacman. Den hatte ich glaub ich mal gespielt. War aber zu schlecht und das Geld zu schnell weg, daher nicht viel investiert.<\/p>\n<p>Vieles heute gesehene k\u00f6nnte darauf hindeuten, dass es doch der Kaufhof war, obwohl ich eher auf Hertie getippt h\u00e4tte.<\/p>\n<p><a href='http:\/\/extra.inmontanis.info\/d\/97336-2\/IMG_20221031_131738.jpg'><img src=http:\/\/extra.inmontanis.info\/d\/97335-3\/IMG_20221031_131738.jpg \/><\/a><br \/>\n^ An diese S\u00fc\u00dfigkeitenboxen im Untergeschoss kann ich mich aber auch noch erinnern.<\/p>\n<p><a href='http:\/\/extra.inmontanis.info\/d\/97340-2\/IMG_20221031_132121.jpg'><img src=http:\/\/extra.inmontanis.info\/d\/97339-3\/IMG_20221031_132121.jpg \/><\/a><br \/>\n^ Ach ne, Teller mit Goldrand? Na da hab ich jetzt genug ;)<\/p>\n<p><a href='http:\/\/extra.inmontanis.info\/d\/97344-2\/IMG_20221031_132259.jpg'><img src=http:\/\/extra.inmontanis.info\/d\/97343-3\/IMG_20221031_132259.jpg \/><\/a><br \/>\n^ Kaufhof<\/p>\n<p>Kaufhof und Karstadt stehen erneut auf der Kippe zur Insolvenz:<br \/>\n<a href='https:\/\/www.orf.at\/#\/stories\/3291948\/'>https:\/\/www.orf.at\/#\/stories\/3291948\/<\/a><\/p>\n<p>Auch wenn ich das Sterben der Kaufh\u00e4user ja auch sehr bedauere, aber .. f\u00fcr mich sind innerst\u00e4dtische Einkaufsm\u00f6glichkeiten einfach unzweckm\u00e4\u00dfig im Vergleich zu einem Einkaufszentrum mit gro\u00dfem Parkplatz am Stadtrand.<\/p>\n<p><a href='http:\/\/extra.inmontanis.info\/d\/97348-2\/IMG_20221031_132626.jpg'><img src=http:\/\/extra.inmontanis.info\/d\/97347-3\/IMG_20221031_132626.jpg \/><\/a><br \/>\n^ Hier w\u00fcrde es weiter zum Hauptbahnhof gehen, aber da bin ich nicht mehr weiter. Zu kaputt&#8230;<\/p>\n<p><a href='http:\/\/extra.inmontanis.info\/d\/97352-2\/IMG_20221031_134116.jpg'><img src=http:\/\/extra.inmontanis.info\/d\/97351-3\/IMG_20221031_134116.jpg \/><\/a><br \/>\n^ Gegen\u00fcber vom Kaufhof (der rechts nach dem Sandsteingeb\u00e4ude ist), war der Hertie, der dann von Galeria Kaufhof \u00fcbernommen wurde und umgebaut wurde. Mittlerweile schaut das Geb\u00e4ude eher noch anders aus und ist geschlossen.<\/p>\n<p><a href='http:\/\/extra.inmontanis.info\/d\/97440-2\/DSC04387.jpg'><img src=http:\/\/extra.inmontanis.info\/d\/97439-3\/DSC04387.jpg \/><\/a><br \/>\n^ Nachtr\u00e4glich daheim fotografiert: Ha, wusste ich&#8217;s doch, dass ich irgendwo noch eine Hertie-T\u00fcte hatte.<\/p>\n<p><a href='http:\/\/extra.inmontanis.info\/d\/97356-2\/IMG_20221031_134827.jpg'><img src=http:\/\/extra.inmontanis.info\/d\/97355-3\/IMG_20221031_134827.jpg \/><\/a><br \/>\n^ Der (eigentliche Drogerie-Markt) M\u00fcller hat im Obergeschoss nach wie vor eine gro\u00dfe CD (und DVD) &#8211; Abteilung<\/p>\n<p><a href='http:\/\/extra.inmontanis.info\/d\/97360-2\/IMG_20221031_140538.jpg'><img src=http:\/\/extra.inmontanis.info\/d\/97359-3\/IMG_20221031_140538.jpg \/><\/a><br \/>\n^ Hauptmarkt unter der Woche mit einigen Streetfood-St\u00e4nden. Die Currywurst war mir aber zu teuer und international wollte ich, wenn ich schon mal hier bin, nicht essen.<\/p>\n<p><a href='http:\/\/extra.inmontanis.info\/d\/97364-2\/IMG_20221031_141809.jpg'><img src=http:\/\/extra.inmontanis.info\/d\/97363-3\/IMG_20221031_141809.jpg \/><\/a><br \/>\n^ Neue Gasse, zwischen Hans-Sachs-Platz und Insel Sch\u00fctt, das war fr\u00fcher mein Grundschulweg  und irgendwo gab&#8217;s hier einen Tabak\/Zeitschriften\/Schreibwaren-Laden, wo man f\u00fcr ein paar Pfennige auch S\u00fc\u00dfigkeiten (Gummib\u00e4rchen &#038; Co) bekam<\/p>\n<p><a href='http:\/\/extra.inmontanis.info\/d\/97368-2\/IMG_20221031_142015.jpg'><img src=http:\/\/extra.inmontanis.info\/d\/97367-3\/IMG_20221031_142015.jpg \/><\/a><br \/>\n^ Neue Gasse und Tucherstra\u00dfe. Was da in der Ecke vor diesem Pizza-Takeaway war, wei\u00df ich aber nicht mehr. Vielleicht ein kleiner Getr\u00e4nkeladen oder Lebensmittelmarkt?<\/p>\n<p>Dadurch dass N\u00fcrnberg im 2. WK so stark zerbombt wurde, sind die meisten (?) Geb\u00e4ude in der Altstadt nicht wirklich alt, sondern aus den 1950\/60ern und das ist die Zeit, die ich im Hausbau ja gar nicht mag. Sp\u00e4tere Betonbauten, gern auch Brutalismus, fand ich schon wieder interssanter (wenn auch trotzdem nicht sch\u00f6n). Was Altbauten angeht, unterschiedlich. Von Fachwerk war ich nie ein Fan und die noch \u00e4lteren Sandsteinh\u00e4user fand ich auch lange eklig, hat sich aber gebessert, als wir damals in der Helmstra\u00dfe in so einem Altbau lebten. Immerhin hatten wir dann schon Toiletten in der Wohnung. Ich kann mich auch an Wohnungen in der Verwandtschaft erinnern, wo das WC im Treppenhaus auf halben Stock war. Solche Wohnungen scheint&#8217;s auch in \u00d6sterreich hier und da noch zu geben.<\/p>\n<p><a href='http:\/\/extra.inmontanis.info\/d\/97372-2\/IMG_20221031_142302.jpg'><img src=http:\/\/extra.inmontanis.info\/d\/97371-3\/IMG_20221031_142302.jpg \/><\/a><br \/>\n^ Die Pegnitz auf der anderen Seite der Insel Sch\u00fctt (rechts im Bild)<\/p>\n<p>Um 14 Uhr war ich durch, Lebkuchen konnte ich praktischerweise meine Lieblingsmarke Fraunholz kaufen, denn die hatten auch einen kleinen Stand da vor der Lorenzkirche. So musste ich weder rauf zur Burg gehen (kleines Gesch\u00e4ft) noch zur Fabrik fahren. Vom Schmidt bekam ich nicht das, was ich wollte, nahm mir aber vor, noch zum Fabriksverkauf in der Zollhausstra\u00dfe zu fahren heute Abend. Allerdings wurde es doch pl\u00f6tzlich alles sp\u00e4ter und irgendwann zu sp\u00e4t und so kaufte ich die Haeberlein-Metzger im Supermarkt.<\/p>\n<p><a href='http:\/\/extra.inmontanis.info\/d\/97376-2\/DSC04059.jpg'><img src=http:\/\/extra.inmontanis.info\/d\/97375-3\/DSC04059.jpg \/><\/a><br \/>\n^ (\u00c4u\u00dfere) Bayreuther Stra\u00dfe am Stadtpark. Die Stra\u00dfenbahn geht hier nicht mehr zum Nordostbahnhof und Ziegelstein und auch das Linde-Eislaufstadion gibts weiter vorne nicht mehr und auch die Tempo-Fabrik nicht mehr und und und ..<\/p>\n<p><a href='http:\/\/extra.inmontanis.info\/d\/97380-2\/DSC04062.jpg'><img src=http:\/\/extra.inmontanis.info\/d\/97379-3\/DSC04062.jpg \/><\/a><br \/>\n^ Trotz der vielen verschwundenen Supermarktnamen, gibt&#8217;s die aus N\u00fcrnberg stammende Discount-Supermarktkette Norma noch, die mittlerweile nicht nur in Franken Standorte hat. Das muss mit einem Besuch meinerseits belohnt werden! Es gibt sogar ein paar Norma-Filialen in \u00d6sterreich, aber nicht in K\u00e4rnten und nicht in Tirol<\/p>\n<p>Allgemein sind mir aber Markenprodukte und somit Nicht-Discounter lieber, weil es normalerweise besser schmeckt. Ist in den letzten Jahren etwas besser geworden, aber wer TK-Gerichte und TK-Pizzen von Lidl&#038;Aldi im Vergleich zu teureren Markenprodukten kennt, wei\u00df, was ich meine.<\/p>\n<p><a href='http:\/\/extra.inmontanis.info\/d\/97384-2\/DSC04063.jpg'><img src=http:\/\/extra.inmontanis.info\/d\/97383-3\/DSC04063.jpg \/><\/a><br \/>\n^ Tja, der Sch\u00f6ller, k\u00e4mpfte einst mit Langnese um die F\u00fchrerschaft am Eismarkt. Verlor leider. Hat auch Lebkuchen hergestellt. Heute wohl auch nur noch ein Schatten seiner selbst.<\/p>\n<p><a href='http:\/\/extra.inmontanis.info\/d\/97388-2\/DSC04064.jpg'><img src=http:\/\/extra.inmontanis.info\/d\/97387-3\/DSC04064.jpg \/><\/a><br \/>\n^ .. das mittlerweile wohl ehemalige Sch\u00f6ller-Geb\u00e4ude auf der anderen Seite des Nordrings, im blauen Bereich war fr\u00fcher der Fabrikverkauf, heute auf der anderen Seite.<\/p>\n<p><a href='http:\/\/extra.inmontanis.info\/d\/97392-2\/DSC04065.jpg'><img src=http:\/\/extra.inmontanis.info\/d\/97391-3\/DSC04065.jpg \/><\/a><br \/>\n^ Na so was, die Stra\u00dfenbahnendhaltestelle samt Busbahnhof in Thon gibt&#8217;s nicht mehr, stattdessen wurde die Stra\u00dfenbahn bis raus zur Metro verl\u00e4ngert!<\/p>\n<p><a href='http:\/\/extra.inmontanis.info\/d\/97396-2\/DSC04068.jpg'><img src=http:\/\/extra.inmontanis.info\/d\/97395-3\/DSC04068.jpg \/><\/a><br \/>\n^ Zwischen Thon und Metro liegt der Marktkauf. Schon lang nicht mehr gewesen, da die letzten Jahre im Real in der Virnsberger Stra\u00dfe am anderen Ende der Stadt gewesen &#8211; aber den gibt&#8217;s nicht mehr. Hier war fr\u00fcher, vor dem Neubau, eine Plaza, ggf. mal Coop. F\u00fcr die 80er schon damals ein riesiger Supermarkt.<\/p>\n<p>Gefiel mir hier heute auch wesentlich besser als die Besuche im Real zuletzt, sch\u00f6ner eingerichtet, bessere Auswahl. Den Marktkauf am Nordwestring gibt&#8217;s \u00fcbrigens nicht mehr. Zuvor hie\u00dfen die auch Kaufmarkt statt Marktkauf.<\/p>\n<p>Netterweise nicht nur die restlichen Lebkuchen und das sonstige Zeug bekommen, sondern sogar die Pfannen im Angebot gewesen, die ich haben wollte. (Stoneline, weil ich da mit dem Topf unterwegs so zufrieden bin und weil meine Mutter keine Antihaftpfanne hat.)<\/p>\n<p>Ich ging insgesamt drei Mal rein, erst die gro\u00dfe Einkaufst\u00fcte voll, dann nochmals wegen der restlichen Lebkuchen (mittlerweile dunkel und vermutlich zu sp\u00e4t f\u00fcr&#8217;n Schmidt) und dann noch um mir eine Currywurst mit Pommes um 6,95 mitzunehmen.<\/p>\n<p>Beim zweiten Besuch waren die Kassen wesentlich voller. Also stattdessen mal wieder die SB-Kassen verwendet, die aber wieder komplett genervt haben und der Bedienstete musste 2x kommen, erst weil ich mich erbost hatte, die Sachen im Ablagefach vor Bezahlung in die T\u00fcte zu stecken, die zuvor auf der anderen Seite lag, was das System gar nicht mochte, weil anscheinend links und rechts gewogen und gecheckt wird, wenn man Sachen weg und hintut, und zum zweiten Mal, weil die Kreditkarte eine Unterschrift haben wollte ;)<\/p>\n<p><a href='http:\/\/extra.inmontanis.info\/d\/97400-2\/DSC04069.jpg'><img src=http:\/\/extra.inmontanis.info\/d\/97399-3\/DSC04069.jpg \/><\/a><br \/>\n^ Ich nahm mir nach dem gro\u00dfen Einkauf noch eine Currywurst mit Pommes mit. Dann hab ich alles in Deutschland abgehakt, Karpfen, Bratw\u00fcrste, Schaschlik, Currywurst, McRib. KFC kommt morgen. Und 3 Granatsplitter nahm ich auch noch mit, denn die gibt&#8217;s in \u00d6sterreich leider nicht.<\/p>\n<p>Abgesehen von den F\u00e4hrtagen war das heute wohl der teuerste Tag der Reise. Und Auto voll, wo soll da morgen noch die Waschmaschine vom Vater hin?!<\/p>\n<p><a href='http:\/\/extra.inmontanis.info\/d\/97404-2\/DSC04078.jpg'><img src=http:\/\/extra.inmontanis.info\/d\/97403-3\/DSC04078.jpg \/><\/a><br \/>\n^ Am Nordwestring\/Maximilianstra\u00dfe, s\u00fcdlich vom Westfriedhof, wo fr\u00fcher das gestern genannte andere Stra\u00dfenbahnwerk oder -depot war, liegen auch noch ein paar Gleise rum<\/p>\n<p>Zum Schluss noch ein kurzer Besuch bei einem russischen Mix-Markt, die Glasflasche pfandm\u00e4\u00dfig abgeben, die ich bei der Hinfahrt irgendwo gekauft und w\u00e4hrend der Reise getrunken hatte. Leider gibt&#8217;s diese leckeren Baikal-Limo-Flaschen nicht mehr :( Entweder aus dem Sortiment oder es f\u00e4llt unter diese schei\u00df EU-Sanktionen. Viel hab ich dort nicht mehr gekauft, weil ja kein Platz. Und die tiefgek\u00fchlten Pelmeni und Vareniki, die ich letztes Mal mitnahm, darf man wirklich nicht auftauen lassen und dann wieder einfrieren, waren ja der reinste Teigbrei.<\/p>\n<p>Es ist schon komisch, warum immer das, was ich mochte, nicht \u00fcberlebt hat. Kaufhaus Wei\u00dfer Turm, dann Hertie und nat\u00fcrlich Quelle, das waren, wenn ich mich recht erinnere, meine Lieblingskaufh\u00e4user. Oder beim Versand, da war mir eigentlich Neckermann sympathischer als Otto und Baur, heutzutage hat Otto \u00fcberlebt und Quelle geh\u00f6rt zur Baur.<\/p>\n<p>.. und die Liste lie\u00dfe sich wohl noch lange fortsetzen&#8230; Ich sag nur Commodore Amiga. Oder TV-Sender und TV-Sendungen. Oder das eine oder andere Skigebiet. Oder Fastfoodl\u00e4den und Restaurants (z.B. Wienerwald! Von denen dachte ich auch eine T\u00fcte zu haben, von Zeiten der Lieferung in Innsbruck).<\/p>\n<p><a href='http:\/\/extra.inmontanis.info\/d\/97408-2\/IMG_20221031_205910.jpg'><img src=http:\/\/extra.inmontanis.info\/d\/97407-3\/IMG_20221031_205910.jpg \/><\/a><br \/>\n^ Nach der Kittel-Breze kaufte ich in der Fu\u00dfg\u00e4ngerzone nat\u00fcrlich auch noch eine von Kolb, die noch dicker ist. Ne, also da schmecken mir mittlerweile &#8211; leider(?) &#8211; die Brezen von Spar, Lidl usw. besser. Die 2x 0,80 h\u00e4tte ich mir sparen k\u00f6nnen. Die sahen fr\u00fcher doch ziemlich sicher anders aus?!<\/p>\n<p>&#8212;<\/p>\n<p>Zum Mailbox-Thema vom vorgestrigen Bericht hab ich noch einige Erg\u00e4nzungen sp\u00e4ter daheim gefunden:<\/p>\n<p><a href='http:\/\/extra.inmontanis.info\/d\/97416-2\/DSC04378.jpg'><img src=http:\/\/extra.inmontanis.info\/d\/97415-3\/DSC04378.jpg \/><\/a><br \/>\n^ In der ersten Zeit hatte ich Mailboxen noch mitgespeichert und ausgedruckt, die mit der unaussprechlichsten Abk\u00fcrzung NKVVCB-BBS war wohl die 4., wo ich mich angemeldet hatte. Warum ich mir ausgerechnet diesen Schnellhefter als einzigen aufgehoben hab, wei\u00df ich nicht mehr.<\/p>\n<p><a href='http:\/\/extra.inmontanis.info\/d\/97420-2\/DSC04381.jpg'><img src=http:\/\/extra.inmontanis.info\/d\/97419-3\/DSC04381.jpg \/><\/a><br \/>\n^ Auflistung der letzten User vor mir. Der Ausdruck kommt also vom 16.4.1989  und die Mehrheit war damals noch mit  300 Baud (meist Koppler, also Telefonh\u00f6rer in den Koppler stecken) unterwegs<\/p>\n<p><a href='http:\/\/extra.inmontanis.info\/d\/97424-2\/DSC04382.jpg'><img src=http:\/\/extra.inmontanis.info\/d\/97423-3\/DSC04382.jpg \/><\/a><br \/>\n^ Vor meiner Anmeldung mit dem Namen &#8220;maladiner&#8221; hab ich noch eine Umfrage ausgef\u00fcllt. Umlaute hatte mein Nadeldrucker am C64 (wenn&#8217;s nicht schon der C128D war) wohl nicht ausgedruckt und Unterl\u00e4ngen kannte der auch nicht.<\/p>\n<p><a href='http:\/\/extra.inmontanis.info\/d\/97428-2\/DSC04383.jpg'><img src=http:\/\/extra.inmontanis.info\/d\/97427-3\/DSC04383.jpg \/><\/a><br \/>\n^ Die meisten Online-Spiele in Mailboxen waren gegen den Sysop oder User auf der zweiten Leitung, aber hier gab es ein rundenbasiertes Spiel, das etwas komplizierter war.<\/p>\n<p><a href='http:\/\/extra.inmontanis.info\/d\/97432-2\/DSC04384.jpg'><img src=http:\/\/extra.inmontanis.info\/d\/97431-3\/DSC04384.jpg \/><\/a><br \/>\n^ .. da war es dann sinnvoll, die Anleitung auszudrucken. Das hat jetzt schon etwas historischen Wert, denn das findet man im Internet nicht!<\/p>\n<p>(Lest mal den Namen des Sterns ;) )<\/p>\n<p><a href='http:\/\/extra.inmontanis.info\/d\/97436-2\/DSC04385.jpg'><img src=http:\/\/extra.inmontanis.info\/d\/97435-3\/DSC04385.jpg \/><\/a><br \/>\n^ Ich hatte ja auch selbst eine kleine Mailbox, glaub erst in Basic am Sharp PC-E500 programmiert. Das ist mein 17-seitiger Sourcecode der GFA-Basic-Version von 1991, die am Amiga 1000 lief.<\/p>\n","protected":false},"excerpt":{"rendered":"<p>Mo, 31.10.2022<\/p>\n<p>Bei nur 12\u00b0 morgens im Auto (drau\u00dfen wie \u00fcblich 5\u00b0 k\u00e4lter, soll aber wieder 20\u00b0 nachmittags werden) h\u00e4tt ich ja ganz gern die Standheizung eingeschaltet, aber bevor das Teil undicht ist und weil das K\u00fchlerwasser so sch\u00f6n konstant war die letzten Tage, traute ich mich nicht so ganz.. <\/p>\n<p>Nachdem ich gestern zu <a href=\"http:\/\/blog.inmontanis.info\/?p=8073\">[&#8230;]<\/a><\/p>\n","protected":false},"author":1,"featured_media":8077,"comment_status":"closed","ping_status":"closed","sticky":false,"template":"","format":"standard","meta":{"footnotes":""},"categories":[186,12,59,8],"tags":[51],"class_list":["post-8073","post","type-post","status-publish","format-standard","has-post-thumbnail","hentry","category-2022-07-uk-irl-iom","category-germany","category-nostalgie","category-private","tag-architektur","odd"],"_links":{"self":[{"href":"http:\/\/blog.inmontanis.info\/index.php?rest_route=\/wp\/v2\/posts\/8073","targetHints":{"allow":["GET"]}}],"collection":[{"href":"http:\/\/blog.inmontanis.info\/index.php?rest_route=\/wp\/v2\/posts"}],"about":[{"href":"http:\/\/blog.inmontanis.info\/index.php?rest_route=\/wp\/v2\/types\/post"}],"author":[{"embeddable":true,"href":"http:\/\/blog.inmontanis.info\/index.php?rest_route=\/wp\/v2\/users\/1"}],"replies":[{"embeddable":true,"href":"http:\/\/blog.inmontanis.info\/index.php?rest_route=%2Fwp%2Fv2%2Fcomments&post=8073"}],"version-history":[{"count":5,"href":"http:\/\/blog.inmontanis.info\/index.php?rest_route=\/wp\/v2\/posts\/8073\/revisions"}],"predecessor-version":[{"id":8079,"href":"http:\/\/blog.inmontanis.info\/index.php?rest_route=\/wp\/v2\/posts\/8073\/revisions\/8079"}],"wp:featuredmedia":[{"embeddable":true,"href":"http:\/\/blog.inmontanis.info\/index.php?rest_route=\/wp\/v2\/media\/8077"}],"wp:attachment":[{"href":"http:\/\/blog.inmontanis.info\/index.php?rest_route=%2Fwp%2Fv2%2Fmedia&parent=8073"}],"wp:term":[{"taxonomy":"category","embeddable":true,"href":"http:\/\/blog.inmontanis.info\/index.php?rest_route=%2Fwp%2Fv2%2Fcategories&post=8073"},{"taxonomy":"post_tag","embeddable":true,"href":"http:\/\/blog.inmontanis.info\/index.php?rest_route=%2Fwp%2Fv2%2Ftags&post=8073"}],"curies":[{"name":"wp","href":"https:\/\/api.w.org\/{rel}","templated":true}]}}