{"id":8062,"date":"2022-10-30T13:49:13","date_gmt":"2022-10-30T12:49:13","guid":{"rendered":"http:\/\/blog.inmontanis.info\/?p=8062"},"modified":"2022-11-24T12:52:19","modified_gmt":"2022-11-24T11:52:19","slug":"nurnberg-teil-1-burg-unterwelten-bratwurstmuseum-private-vergangenheit-30-10-2022","status":"publish","type":"post","link":"http:\/\/blog.inmontanis.info\/?p=8062","title":{"rendered":"N\u00fcrnberg Teil 1: Burg, Unterwelten, Bratwurstmuseum, private Vergangenheit, 30.10.2022"},"content":{"rendered":"<p><strong>Achtung, dieser Bericht ist nicht nur sehr lang, sondern beinhaltet 215 Fotos.<\/strong><\/p>\n<p><em>Introtext, den ich ein paar Tage zuvor geschrieben hab:<\/em><\/p>\n<p>Ich w\u00fcrde ja ganz gern mal wieder bissl in N\u00fcrnberg durch die Innenstadt gehen, schauen, ob es noch Gesch\u00e4fte gibt, die ich aus meiner Kindheit\/Jugend her kenne. Weil duch die Armbanduhrthematik hab ich mich nat\u00fcrlich an die vielen gro\u00dfen Kaufh\u00e4user erinnert, Karstadt, Kaufhof, Hertie, in der S\u00fcdstadt dann Horten und an der Stadtgrenze zu F\u00fcrth die Quelle, wobei ich da ja zur Schlie\u00dfung vor einigen Jahren nochmals war. <\/p>\n<p>Mein erstes Kaufhaus, das Kaufhaus Wei\u00dfer Turm, wurde ja schon zu fr\u00fcher Zeit vom nebenliegenden W\u00f6hrl (Bekleidung) aufgekauft, hab aber noch eine kleine T\u00fcte und vielleicht Sachen mit Preiskleber oder einen Kassenzettel .. und ich hab durchaus noch einige Erinnerungen an die ganzen Kaufh\u00e4user, wo man als Kind\/Jugendlicher besonders gern in der Spielwarenabteilung und in der Technikabteilung war. Aber auch die Schreibwarenabteilung war als Sch\u00fcler nat\u00fcrlich oft besucht. Und die Juwellier\/Armbanduhrenabteilung, einige Taschenrechneruhren und Datenbankuhren hatte ich verschlissen. <\/p>\n<p>Entweder im Kaufhof oder im Hertie hatten die Aufz\u00fcge so runde gro\u00dfe Kn\u00f6pfe zur Stockwerkswahl im Aufzug, die alten Sachen gefielen mir schon damals besser als die neueren, quadratischen Kn\u00f6pfe. Und einmal war eine T\u00fcr offen, da sah ich, dass es neben den \u00f6ffentlichen Kundenaufz\u00fcgen noch weitere Warenaufz\u00fcge gab, die nur f\u00fcr die Angestellten sind. Wow, eine versteckte Welt, da w\u00fcrde man gern mal rumst\u00f6bern. Genauso wie auf den Stockwerken oder Seiten, die im Lift nur mit Schl\u00fcssel im Aufzug anw\u00e4hlbar sind&#8230;<\/p>\n<p>.. wobei das auch ein Thema einiger Tr\u00e4ume war, allerdings erst in den letzten 2 Jahrzehnten glaub ich. Wenn ich so dar\u00fcber nachdenke, frage ich mich gar, ob diese K\u00e4ufh\u00e4user und Aufz\u00fcge in manchen Tr\u00e4umen, die mir durchaus etwas in Erinnerung sind, komplette Erfindungen waren oder tats\u00e4chlich von einigen der besuchten Kaufh\u00e4user stammen? Der kleine Verkaufsraum im obersten Stock, den man nur mit Aufzug oder kleiner Nebentreppe (nicht Rolltreppe) erreichte, k\u00f6nnte ebenso wie der mit den nebenliegenden zusammenh\u00e4ngenden H\u00e4usern vielleicht ein Traumgebilde sein, letzteres inspiriert durch KWT+W\u00f6hrl. Die einzelne Rolltreppe in nur einem Stock abseits der Haupt-Rolltreppen k\u00f6nnte dagegen real gewesen sein &#8230;<\/p>\n<p>Nach dem KWT wurden dann Horten und Hertie geschlossen\/ersetzt, in welcher Reihenfolge auch immer. Im Horten (das charakteristische Geb\u00e4ude soll lt. Wikipedia inzwischen abgerissen worden sein) war ich ja recht selten, aber Hertie war glaub ich eher mein Lieblingskaufhaus von den dreien Karstadt\/Kaufhof\/Hertie und hatte ich als g\u00fcnstiger in Erinnerung, Karstadt war das teuerste, hatte daf\u00fcr aber auch Sachen, die andere nicht hatten, z.B. die S\u00fc\u00dfigkeiten-Boxen im Untergeschoss zum Selbstmischen. Wenn auch viel teurer als einzeln gekauft &#8211; im Gegensatz zu Schweden+Norwegen, wo das Preisverh\u00e4ltnis umgekehrt ist. Karstadt und Kaufhof sind vor einigen Jahren ja fusioniert und aktuell auch wieder knapp an der Grenze zum Untergang. <\/p>\n<p>Etwas abseits gab&#8217;s noch so einen Fr\u00f6schel oder wie der hie\u00df, evtl. danach auch Tewi und sp\u00e4ter vielleicht zum Pro-Markt, in der N\u00e4he vom Pl\u00e4rrer war dann der Conrad, damals klein, mit einer langen Theke und ebenfalls au\u00dferhalb der Stadtmauer der Klausfelder, wo es eher nur Autozubeh\u00f6r und Elektronik gab. Evtl. hatte dort mein Gro\u00dfvater den Video 2000 &#8211; Videorekorder gekauft, der erste Videorekorder in unserer Familie. Oder ein Telespiel. Das Klausfelder-Haus soll vor kurzem auch abgerissen worden sein. Wo allerdings die Kaufhalle war, kann ich mich nicht mehr erinnern.<\/p>\n<p>Unterschiedlich waren die Rolltreppen im Zentrum der Kaufh\u00e4user, mal 2&#215;2 nebeneinander rauf&#038;runter, mal nur 3 + 1 Treppe oder mal nur 1+1 Rolltreppe (rauf+runter nur auf unterschiedlichen Seiten).<\/p>\n<p>Von der einen schmalen Rolltreppe mit der messingfarbenen Randabdeckung, wo nur eine Person pro Stufe stehen konnte und die sich eher in einem Bekleidungsgesch\u00e4ft oder Schuhgesch\u00e4ft befand, war ich auch begeistert und hatte ich ja schon mal erw\u00e4hnt. Im Zuge des Nachdenkens k\u00f6nnte es dort noch einen kleinen Aufzug f\u00fcr ca. 4 Personen gegeben haben. (Spoiler: Dieses Gesch\u00e4ft hab ich leider nicht gefunden, bin aber nat\u00fcrlich auch nicht in jedes reingegangen.)<\/p>\n<p>Dort also alles mal wieder durchszuschauen, wird kraftm\u00e4\u00dfig anstrengend werden. Erst recht, wenn man weit au\u00dferhalb einen kostenlosen Parkplatz nehmen m\u00f6chte, anstatt teuer in einem Innenstadtparkhaus zu bezahlen ;)  Und warm soll&#8217;s werden, \u00fcber 20\u00b0. <\/p>\n<p>Die Burg k\u00f6nnte man auch mal wieder besuchen, da war ich zuletzt ja als Kind. <\/p>\n<p>Was es damals aber noch nicht gab, ist das N\u00fcrnberger Bratwurstmuseum in der Bratwurstgasse &#8211; das steht somit auch auf der Liste ;)<\/p>\n<p><strong>So, 30.10.2022<\/strong><\/p>\n<p><a href='http:\/\/extra.inmontanis.info\/d\/96246-2\/DSC03637.jpg'><img src=http:\/\/extra.inmontanis.info\/d\/96245-3\/DSC03637.jpg \/><\/a><br \/>\n^ Sonne und etwas Nebel in Franken<\/p>\n<p>Nach l\u00e4ngerer Suche im Netz fand ich noch einen McD mit Fr\u00fchst\u00fcck. Naja, 2,70 \u20ac f\u00fcr den winzigen Muffin Bacon&#038;Egg bin ich im Grunde eh fast nicht mehr bereit zu zahlen. Aber wenigstens ist der Bacon hier crosser als im UK..<\/p>\n<p>Kurioserweise gab&#8217;s heut einige Tankstellen, die 20-30 Cent teurer waren als andere in der selben Stra\u00dfe\/Gegend, die g\u00fcnstigste war 1,779 und die teuerste 2,039. Diesel \u00fcber 2,20 \u20ac.<\/p>\n<p>Heute auf dem Plan standen also einige Auffrischungen aus meiner Kinder\/Jugendzeit in N\u00fcrnberg. Neben der Burg wollte ich heute aber noch ein paar Altstadtteile besuchen. Geparkt wird gratis hinter der Burg, wobei man an Sonn- und Feiertagen eh auch viele Anwohner- oder 1h-Parkplatze verwenden k\u00f6nnte, da die oft mit einer &#8220;werktags 9-18h&#8221;-Tafel versehen scheinen. \u00d6ffnungszeit der Burg im eintrittspflichtigen Teil ist 10-16h, das Br\u00e5dwoschdmuseum soll bis 18h offen sein, wobei es dann ja eh schon dunkel ist, da heute die Sommer-Winter-Zeitumstellung war. Essensm\u00e4\u00dfig stand heut nat\u00fcrlich auch Bratwurstsemmel am Plan.<\/p>\n<p><a href='http:\/\/extra.inmontanis.info\/d\/96252-2\/DSC03640.jpg'><img src=http:\/\/extra.inmontanis.info\/d\/96250-3\/DSC03640.jpg \/><\/a><br \/>\n^ Hochbahnabschnitt der U-Bahn, Station  Muggenhof. Bauarbeiten nicht nur dort, sondern auch an der F\u00fcrtherstra\u00dfe richtung N\u00fcrnberg<\/p>\n<p><a href='http:\/\/extra.inmontanis.info\/d\/96256-2\/DSC03641.jpg'><img src=http:\/\/extra.inmontanis.info\/d\/96255-3\/DSC03641.jpg \/><\/a><br \/>\n^ Hochbahnabschnitt der U-Bahn N\u00fcrnberg-F\u00fcrth<\/p>\n<p>Der Hochbahn-Abschnitt zwischen N\u00fcrnberg und F\u00fcrth wurde weit vor der U-Bahn gebaut. Zuvor verkehrte die Stra\u00dfenbahn (und noch zuvor bekanntlich der Adler, die erste Eisenbahn Deutschlands, zwischen den beiden St\u00e4dten), wobei die Stra\u00dfenbahn damals den bereits f\u00fcr die U-Bahn vorbereiteten Hochbahnabschnitt befuhr, lt. Wikipedia ca von 1970-1981, d.h. im Alter von 6 bin ich vermutlich das letzte Mal mit der Stra\u00dfenbahn von N\u00fcrnberg nach F\u00fcrth gefahren. Das fand ich damals schon schade, dass die Stra\u00dfenbahn nach F\u00fcrth eingestellt wurde.<\/p>\n<p>Da aber ein Depot oder ein Werk der Stra\u00dfenbahn abzweigend von diesem Abschnitt gelegen war und auch danach noch verwendet wurde, gab es lange Zeit quasi parallel zur U-Bahn noch ein eingleisiges Stra\u00dfenbahngleis auf der F\u00fcrther Stra\u00dfe. Laut Wikipedia war die &#8220;Hauptwerkstatt Muggenhof&#8221; noch bis 2003 in Verwendung. Ein weiteres Werk oder Depot in dem Bereich (und auf dem Weg) war zwischen Westfriedhof und Maximilianstra\u00dfe (und nahe Gef\u00e4ngnis), die Zufahrt f\u00fcr beide erfolgte damals aber nicht mehr vom Pl\u00e4rrer, sondern von Johannis \/ vom Westfriedhof aus.<\/p>\n<p>\u00dcberrascht war ich, als ich am Montag gesehen hab, dass die Stra\u00dfenbahn richtung Erlangen nicht mehr in Thon endet, sondern verl\u00e4ngert wurde.<\/p>\n<p>Auch nicht gewusst: Der Tunnel an der einen Stra\u00dfenbahnlinie im S\u00fcdosten wurde 1938 gebaut. Lt. alten Netzpl\u00e4nen gab es da mehr Tunnel als ich in den 80ern befahren konnte. Seit 2010 soll der Tunnel wegen Einsturzgefahr nicht mehr mit Fahrg\u00e4sten befahren werden d\u00fcrfen.<\/p>\n<p>Vom N\u00fcrnberger Pl\u00e4rrer zur F\u00fcrther Billinganlage d\u00fcrfte ich als kleines Kind wohl \u00f6fters gefahren sein, mit meiner Uroma, aber wirklich erinnern kann ich mich nicht &#8211; au\u00dfer, dass wir gefahren sind. An der Billinganlage waren wir wohl \u00f6fters, den Bereich hab ich noch genauer in Erinnerung. Innerhalb der Gleisschleife waren mehrere Bushaltestellen, glaub wir mussten in den 70\/71 oder 71\/72 umsteigen, der eine fuhr weiter als der andere, aber der k\u00fcrzere reichte uns bis Station Eigenes Heim oder Riemenschneiderstra\u00dfe. Aktuell scheint das 171\/175 zu sein, also d\u00fcrfte meine Erinnerung mit 71 +\/- 1 wohl auch passen.<\/p>\n<p><a href='http:\/\/extra.inmontanis.info\/d\/96260-2\/DSC03642.jpg'><img src=http:\/\/extra.inmontanis.info\/d\/96259-3\/DSC03642.jpg \/><\/a><br \/>\n^ Vorne ehemalige Stra\u00dfenbahngleise zum ehemaligen Betriebswerk Muggenhof. Wegen Bauarbeiten muss ich aktuell auf der eigentlichen Richtungsfahrbahn Richtung F\u00fcrth nach N\u00fcrnberg fahren, somit folgt links &#8230;<\/p>\n<p><a href='http:\/\/extra.inmontanis.info\/d\/96264-2\/DSC03643.jpg'><img src=http:\/\/extra.inmontanis.info\/d\/96263-3\/DSC03643.jpg \/><\/a><br \/>\n^ Hier war einst eine Fabrik eines der renomiertesten, gr\u00f6\u00dften, deutschen Unternehmens, die AEG (in N\u00fcrnberg wurden die Hausger\u00e4te produziert, Waschmaschinen etc.). <\/p>\n<p>Hauptarbeitsstelle meines Gro\u00dfvaters, sp\u00e4terer Arbeitgeber meiner Mutter (nach dem Ende des Friseursalons) und ich hatte mal einen Ferialjob\/Ferienjob. &#8220;AEG&#8221; waren \u00fcbrigens auch die Initialen meiner Gro\u00dfeltern, Agnes und Erich G. (Den Nachnamen lass ich mal weg.) Ja, den Markennamen AEG gibt&#8217;s noch, genauso wie Telefunken (die eine Tochterfirma der AEG war, nasowas), Grundig, Quelle (und die Liste k\u00f6nnte man wohl ewig fortsetzen) &#8211; aber es ist halt nicht mehr das Original ..<\/p>\n<p>Man sollte nicht Wikipedia lesen. Wusstet ihr, dass es 1930 unterschiedliche Stromarten in N\u00fcrnberg und F\u00fcrth gab? Die einen hatten Wechselstrom, die anderen Gleichstrom. Noch fr\u00fcher hatten die beiden St\u00e4dte sogar unterschiedliche Uhrzeiten&#8230;<\/p>\n<p><a href='http:\/\/extra.inmontanis.info\/d\/96268-2\/DSC03645.jpg'><img src=http:\/\/extra.inmontanis.info\/d\/96267-3\/DSC03645.jpg \/><\/a><br \/>\n^ Gegen\u00fcber der AEG, also rechts, das ehemalige Quelle-Kauf- und Versandhaus. <\/p>\n<p>Das hatte ich kurz vor seiner Schlie\u00dfung noch besucht und einen Bericht dar\u00fcber geschrieben, 7.11.2009:<br \/>\n<a href='http:\/\/blog.inmontanis.info\/?p=978'>http:\/\/blog.inmontanis.info\/?p=978<\/a><\/p>\n<p>Einige Quelle-Produkte hab ich nach wie vor, insbesondere in Verwendung meine Privileg-Mikrowelle und der kleine Gefrierschrank k\u00f6nnte auch ein Privileg sein. Eine Universum-Stereoanlage m\u00fcsste noch im Keller stehen, glaub die k\u00f6nnte den Umzug \u00fcberlebt haben. In der Verwandtschaft war auch einer bei Quelle besch\u00e4ftigt &#8211; glaub als Grafiker bei der Katalogherstellung.<\/p>\n<p><a href='http:\/\/extra.inmontanis.info\/d\/96272-2\/DSC03648.jpg'><img src=http:\/\/extra.inmontanis.info\/d\/96271-3\/DSC03648.jpg \/><\/a><br \/>\n^ Conrad ist auch nicht mehr, wobei er, als ich das erste Mal im Conrad einkaufte, ja noch n\u00e4he Pl\u00e4rrer war &#8211; ein kleines Gesch\u00e4ft mit einer gro\u00dfen Theke, wo man seine Bauelemente bestellte &#8211; oder dem Mitarbeiter etwas zeigte und das entsprechende Teil bekam.<\/p>\n<p><a href='http:\/\/extra.inmontanis.info\/d\/96276-2\/DSC03649.jpg'><img src=http:\/\/extra.inmontanis.info\/d\/96275-3\/DSC03649.jpg \/><\/a><br \/>\n^ Daf\u00fcr gibts in diesem neueren Einkaufszentrum nun wieder einen Woolworth &#8211; einen &#8220;Wollw\u00e4dd&#8221;? Klar, auch nicht mehr Original. War fr\u00fcher in der Innenstadt glaub gegen\u00fcber dem Karstadt einer, entweder wo jetzt der M\u00fcller ist oder 1-2 H\u00e4user daneben.<\/p>\n<p><a href='http:\/\/extra.inmontanis.info\/d\/96280-2\/DSC03650.jpg'><img src=http:\/\/extra.inmontanis.info\/d\/96279-3\/DSC03650.jpg \/><\/a><br \/>\n^ Ganz sch\u00f6n lange Stra\u00dfenbahn &#8211; nahe Pl\u00e4rrer<\/p>\n<p><a href='http:\/\/extra.inmontanis.info\/d\/96284-2\/DSC03651.jpg'><img src=http:\/\/extra.inmontanis.info\/d\/96283-3\/DSC03651.jpg \/><\/a><br \/>\n^ Vom Pl\u00e4rrer zum Hauptbahnhof. Auch hier fuhr einst die Stra\u00dfenbahn<\/p>\n<p><a href='http:\/\/extra.inmontanis.info\/d\/96288-2\/DSC03652.jpg'><img src=http:\/\/extra.inmontanis.info\/d\/96287-3\/DSC03652.jpg \/><\/a><br \/>\n^ Hauptbahnhof<\/p>\n<p><a href='http:\/\/extra.inmontanis.info\/d\/96292-2\/DSC03655.jpg'><img src=http:\/\/extra.inmontanis.info\/d\/96291-3\/DSC03655.jpg \/><\/a><br \/>\n^ Rathenauplatz. Die N\u00fcrnberger Versicherung hab ich nicht mehr gesehen &#8211; ist wohl umgezogen.<\/p>\n<p><a href='http:\/\/extra.inmontanis.info\/d\/96296-2\/DSC03657.jpg'><img src=http:\/\/extra.inmontanis.info\/d\/96295-3\/DSC03657.jpg \/><\/a><br \/>\n^ Stadtmauer und Burg<\/p>\n<p><a href='http:\/\/extra.inmontanis.info\/d\/96300-2\/DSC03658.jpg'><img src=http:\/\/extra.inmontanis.info\/d\/96299-3\/DSC03658.jpg \/><\/a><br \/>\n^ Burggraben<\/p>\n<p><a href='http:\/\/extra.inmontanis.info\/d\/96304-2\/DSC03659.jpg'><img src=http:\/\/extra.inmontanis.info\/d\/96303-3\/DSC03659.jpg \/><\/a><br \/>\n^ Stadtplan, die Burg ist links oben, der Rathenauplatz ist  rechts oben, der Hauptbahnhof rechts unten und der Pl\u00e4rrer links unten. Der teilende Fluss ist die Pegnitz, die gro\u00dfe Insel im Fluss ist die Insel Sch\u00fctt, der Hauptmarkt ist in der Mitte, n\u00f6rdlich der Pegnitz<\/p>\n<p><a href='http:\/\/extra.inmontanis.info\/d\/96308-2\/DSC03660.jpg'><img src=http:\/\/extra.inmontanis.info\/d\/96307-3\/DSC03660.jpg \/><\/a><br \/>\n^ Vestnertorbr\u00fccke<\/p>\n<p><a href='http:\/\/extra.inmontanis.info\/d\/96312-2\/DSC03661.jpg'><img src=http:\/\/extra.inmontanis.info\/d\/96311-3\/DSC03661.jpg \/><\/a><br \/>\n^ Lage Kaiserburg. Wurde nur selten, bei den Besuchen des Kaisers, bewohnt<\/p>\n<p><a href='http:\/\/extra.inmontanis.info\/d\/96316-2\/DSC03663.jpg'><img src=http:\/\/extra.inmontanis.info\/d\/96315-3\/DSC03663.jpg \/><\/a><br \/>\n^ Vestnertor<\/p>\n<p><a href='http:\/\/extra.inmontanis.info\/d\/96320-2\/DSC03664.jpg'><img src=http:\/\/extra.inmontanis.info\/d\/96319-3\/DSC03664.jpg \/><\/a><br \/>\n^ Vestnertor<\/p>\n<p><a href='http:\/\/extra.inmontanis.info\/d\/96324-2\/DSC03665.jpg'><img src=http:\/\/extra.inmontanis.info\/d\/96323-3\/DSC03665.jpg \/><\/a><br \/>\n^ Vestnertor<\/p>\n<p><a href='http:\/\/extra.inmontanis.info\/d\/96328-2\/DSC03666.jpg'><img src=http:\/\/extra.inmontanis.info\/d\/96327-3\/DSC03666.jpg \/><\/a><br \/>\n^ Im Burgareal<\/p>\n<p><a href='http:\/\/extra.inmontanis.info\/d\/96332-2\/DSC03667.jpg'><img src=http:\/\/extra.inmontanis.info\/d\/96331-3\/DSC03667.jpg \/><\/a><br \/>\n^ Sinwellturm<\/p>\n<p><a href='http:\/\/extra.inmontanis.info\/d\/96336-2\/DSC03668.jpg'><img src=http:\/\/extra.inmontanis.info\/d\/96335-3\/DSC03668.jpg \/><\/a><br \/>\n^ <\/p>\n<p><a href='http:\/\/extra.inmontanis.info\/d\/96340-2\/DSC03669.jpg'><img src=http:\/\/extra.inmontanis.info\/d\/96339-3\/DSC03669.jpg \/><\/a><br \/>\n^ <\/p>\n<p><a href='http:\/\/extra.inmontanis.info\/d\/96344-2\/DSC03671.jpg'><img src=http:\/\/extra.inmontanis.info\/d\/96343-3\/DSC03671.jpg \/><\/a><br \/>\n^ Zur Burg muss man schon ein St\u00fcck hinauf gehen<\/p>\n<p><a href='http:\/\/extra.inmontanis.info\/d\/96348-2\/DSC03674.jpg'><img src=http:\/\/extra.inmontanis.info\/d\/96347-3\/DSC03674.jpg \/><\/a><br \/>\n^ Altstadt und Blick zum Fernsehturm, dem N\u00fcrnberger Ei<\/p>\n<p><a href='http:\/\/extra.inmontanis.info\/d\/96352-2\/DSC03676.jpg'><img src=http:\/\/extra.inmontanis.info\/d\/96351-3\/DSC03676.jpg \/><\/a><br \/>\n^ Hier oben gibts ein Caf\u00e9, das M\u00fcnchner Wei\u00dfw\u00fcrste an der nicht fotografierten Tafel anbietet. Hallo?? Ernsthaft?? M\u00fcnchner Wei\u00dfw\u00f6schd  tatt N\u00e4mb\u00e4rcher Brodw\u00f6schd? Da werd ich gleich mal kein Geld ausgeben.<\/p>\n<p><a href='http:\/\/extra.inmontanis.info\/d\/96356-2\/DSC03677.jpg'><img src=http:\/\/extra.inmontanis.info\/d\/96355-3\/DSC03677.jpg \/><\/a><br \/>\n^ Eingang Sinnwellturm mit Besucherbeschr\u00e4nkung<\/p>\n<p>Der Eintritt f\u00fcr die Burg kostet 7,- \u20ac inkl. Sinwellturm und Tiefer Brunnen (F\u00fchrung\/Vortrag). Das Museum im Innenbereich war jetzt eher naja. Britische Castles sind mir da schon lieber. Die kurze Brunnenf\u00fchrung war recht nett, leider trug der Vortragende eine Maske. \u00dcbrigens als einziger. <\/p>\n<p>In 2-2,5 Stunden ist man durch, somit ich danach noch etwas mehr durch die Stadt ging, um morgen weniger gehen zu m\u00fcssen.<\/p>\n<p><a href='http:\/\/extra.inmontanis.info\/d\/96360-2\/DSC03681.jpg'><img src=http:\/\/extra.inmontanis.info\/d\/96359-3\/DSC03681.jpg \/><\/a><br \/>\n^ Der innere Bereich der Kaiserburg, f\u00fcr den  man Eintritt zahlen muss, ist relativ klein &#8211; aber wie schon gesagt, war das auch keine klassische, dauerbewohnte Burg<\/p>\n<p><a href='http:\/\/extra.inmontanis.info\/d\/96364-2\/DSC03682.jpg'><img src=http:\/\/extra.inmontanis.info\/d\/96363-3\/DSC03682.jpg \/><\/a><br \/>\n^ <\/p>\n<p><a href='http:\/\/extra.inmontanis.info\/d\/96368-2\/DSC03683.jpg'><img src=http:\/\/extra.inmontanis.info\/d\/96367-3\/DSC03683.jpg \/><\/a><br \/>\n^ Der vielleicht wichtigste Text  zur Burg<\/p>\n<p><a href='http:\/\/extra.inmontanis.info\/d\/96372-2\/DSC03687.jpg'><img src=http:\/\/extra.inmontanis.info\/d\/96371-3\/DSC03687.jpg \/><\/a><br \/>\n^ Kaiserkapelle<\/p>\n<p><a href='http:\/\/extra.inmontanis.info\/d\/96376-2\/DSC03692.jpg'><img src=http:\/\/extra.inmontanis.info\/d\/96375-3\/DSC03692.jpg \/><\/a><br \/>\n^ Hier gibts auch einige Multimedia-Terminals<\/p>\n<p><a href='http:\/\/extra.inmontanis.info\/d\/96380-2\/DSC03696.jpg'><img src=http:\/\/extra.inmontanis.info\/d\/96379-3\/DSC03696.jpg \/><\/a><br \/>\n^ Reichskleinodien \/ Reichsinsignien bzw. Nachbildungen<\/p>\n<p><a href='http:\/\/extra.inmontanis.info\/d\/96384-2\/DSC03697.jpg'><img src=http:\/\/extra.inmontanis.info\/d\/96383-3\/DSC03697.jpg \/><\/a><br \/>\n^ Interessant, das Wappen von Brandenburg ist ja fast ident zum Wappen von Tirol<\/p>\n<p><a href='http:\/\/extra.inmontanis.info\/d\/96388-2\/DSC03700.jpg'><img src=http:\/\/extra.inmontanis.info\/d\/96387-3\/DSC03700.jpg \/><\/a><br \/>\n^ Zerst\u00f6rung und Wiederaufbau<\/p>\n<p><a href='http:\/\/extra.inmontanis.info\/d\/96392-2\/DSC03701.jpg'><img src=http:\/\/extra.inmontanis.info\/d\/96391-3\/DSC03701.jpg \/><\/a><br \/>\n^ Doppelkopfadler mit Rot-Wei\u00df-Rot<\/p>\n<p><a href='http:\/\/extra.inmontanis.info\/d\/96396-2\/DSC03705.jpg'><img src=http:\/\/extra.inmontanis.info\/d\/96395-3\/DSC03705.jpg \/><\/a><br \/>\n^ <\/p>\n<p><a href='http:\/\/extra.inmontanis.info\/d\/96400-2\/DSC03708.jpg'><img src=http:\/\/extra.inmontanis.info\/d\/96399-3\/DSC03708.jpg \/><\/a><br \/>\n^ Modell der Stadt  N\u00fcrnberg, 1540, meine Blickr\u00fcchtung ist nach S\u00fcden, die Burg also rechts unten<\/p>\n<p><a href='http:\/\/extra.inmontanis.info\/d\/96404-2\/DSC03712.jpg'><img src=http:\/\/extra.inmontanis.info\/d\/96403-3\/DSC03712.jpg \/><\/a><br \/>\n^ Zentraluhr des Observatoriums auf der Vestnertorbastei, um 1700. Weil wir schon bei Uhren sind &#8211; der N\u00fcrnberger Peter Henlein soll ja die erste Taschenuhr erfunden haben<\/p>\n<p><a href='http:\/\/extra.inmontanis.info\/d\/96408-2\/DSC03715.jpg'><img src=http:\/\/extra.inmontanis.info\/d\/96407-3\/DSC03715.jpg \/><\/a><br \/>\n^ Blick richtung Westen. Links hinten sieht man wohl den Quelle-Turm<\/p>\n<p><a href='http:\/\/extra.inmontanis.info\/d\/96412-2\/DSC03717.jpg'><img src=http:\/\/extra.inmontanis.info\/d\/96411-3\/DSC03717.jpg \/><\/a><br \/>\n^ Die Waffenausstellung ist sehr gro\u00df<\/p>\n<p><a href='http:\/\/extra.inmontanis.info\/d\/96416-2\/DSC03718.jpg'><img src=http:\/\/extra.inmontanis.info\/d\/96415-3\/DSC03718.jpg \/><\/a><br \/>\n^ Neben den vielen Waffen war&#8217;s hier auch sehr warm, 24.5\u00b0 lt. Thermometer und die Heizung lief.<\/p>\n<p><a href='http:\/\/extra.inmontanis.info\/d\/96420-2\/DSC03719.jpg'><img src=http:\/\/extra.inmontanis.info\/d\/96419-3\/DSC03719.jpg \/><\/a><br \/>\n^ Sinwellturm<\/p>\n<p><a href='http:\/\/extra.inmontanis.info\/d\/96424-2\/DSC03724.jpg'><img src=http:\/\/extra.inmontanis.info\/d\/96423-3\/DSC03724.jpg \/><\/a><br \/>\n^ Infos zu den verschiedenen Bauphasen<\/p>\n<p><a href='http:\/\/extra.inmontanis.info\/d\/96428-2\/DSC03725.jpg'><img src=http:\/\/extra.inmontanis.info\/d\/96427-3\/DSC03725.jpg \/><\/a><br \/>\n^ Modell<\/p>\n<p><a href='http:\/\/extra.inmontanis.info\/d\/96432-2\/DSC03726.jpg'><img src=http:\/\/extra.inmontanis.info\/d\/96431-3\/DSC03726.jpg \/><\/a><br \/>\n^ Modell<\/p>\n<p><a href='http:\/\/extra.inmontanis.info\/d\/96436-2\/DSC03728.jpg'><img src=http:\/\/extra.inmontanis.info\/d\/96435-3\/DSC03728.jpg \/><\/a><br \/>\n^ Arch\u00e4ologische Fundst\u00fccke<\/p>\n<p><a href='http:\/\/extra.inmontanis.info\/d\/96440-2\/DSC03729.jpg'><img src=http:\/\/extra.inmontanis.info\/d\/96439-3\/DSC03729.jpg \/><\/a><br \/>\n^ W\u00fcrfel aus dem 13. Jahrhundert<\/p>\n<p><a href='http:\/\/extra.inmontanis.info\/d\/96444-2\/DSC03731.jpg'><img src=http:\/\/extra.inmontanis.info\/d\/96443-3\/DSC03731.jpg \/><\/a><br \/>\n^ Im Souvenirshop verkaufte man ebenfalls lieber bayrische als fr\u00e4nkische Souvenirs.<\/p>\n<p><a href='http:\/\/extra.inmontanis.info\/d\/96448-2\/DSC03732.jpg'><img src=http:\/\/extra.inmontanis.info\/d\/96447-3\/DSC03732.jpg \/><\/a><br \/>\n^ 20 \u20ac f\u00fcr so eine Tasse w\u00e4r mir aber eh zu teuer \/ nicht wert.<\/p>\n<p><a href='http:\/\/extra.inmontanis.info\/d\/96452-2\/DSC03734.jpg'><img src=http:\/\/extra.inmontanis.info\/d\/96451-3\/DSC03734.jpg \/><\/a><br \/>\n^ Das 3D-Guckk\u00e4stla mit der Pferdetram w\u00fcrder mir aber gefallen&#8230; aber f\u00fcr das bisschen Papier verlangen die 8,95 \u20ac &#8211; n\u00f6. n\u00f6.<\/p>\n<p><a href='http:\/\/extra.inmontanis.info\/d\/96456-2\/DSC03739.jpg'><img src=http:\/\/extra.inmontanis.info\/d\/96455-3\/DSC03739.jpg \/><\/a><br \/>\n^ Tiefer Brunnen<\/p>\n<p><a href='http:\/\/extra.inmontanis.info\/d\/96460-2\/DSC03740.jpg'><img src=http:\/\/extra.inmontanis.info\/d\/96459-3\/DSC03740.jpg \/><\/a><br \/>\n^ Tiefer Brunnen Fundst\u00fccke<\/p>\n<p><a href='http:\/\/extra.inmontanis.info\/d\/96464-2\/DSC03742.jpg'><img src=http:\/\/extra.inmontanis.info\/d\/96463-3\/DSC03742.jpg \/><\/a><br \/>\n^ Tiefer Brunnen, die Kerzen werden nun in die Tiefe gelassen<\/p>\n<p><a href='http:\/\/extra.inmontanis.info\/d\/96468-2\/DSC03743.jpg'><img src=http:\/\/extra.inmontanis.info\/d\/96467-3\/DSC03743.jpg \/><\/a><br \/>\n^ Hei\u00dft ja nicht umsonst tiefer Brunnen!!<\/p>\n<p><a href='http:\/\/extra.inmontanis.info\/d\/96472-2\/DSC03748.jpg'><img src=http:\/\/extra.inmontanis.info\/d\/96471-3\/DSC03748.jpg \/><\/a><br \/>\n^ Anschlie\u00dfend noch  mit Spiegel und Sonnenlicht runter zum Grundwasser geleuchtet. Da hatte man im 14. Jahrhundert schon ganz sch\u00f6n tief gegraben.<\/p>\n<p><a href='http:\/\/extra.inmontanis.info\/d\/96476-2\/DSC03749.jpg'><img src=http:\/\/extra.inmontanis.info\/d\/96475-3\/DSC03749.jpg \/><\/a><br \/>\n^ Sinwellturm, kurze Wartezeiten wegen der Personenbeschr\u00e4nkung<\/p>\n<p><a href='http:\/\/extra.inmontanis.info\/d\/96480-2\/DSC03750.jpg'><img src=http:\/\/extra.inmontanis.info\/d\/96479-3\/DSC03750.jpg \/><\/a><br \/>\n^ Sinwellturm<\/p>\n<p><a href='http:\/\/extra.inmontanis.info\/d\/96484-2\/DSC03751.jpg'><img src=http:\/\/extra.inmontanis.info\/d\/96483-3\/DSC03751.jpg \/><\/a><br \/>\n^ Sinwellturm<\/p>\n<p><a href='http:\/\/extra.inmontanis.info\/d\/96488-2\/DSC03755.jpg'><img src=http:\/\/extra.inmontanis.info\/d\/96487-3\/DSC03755.jpg \/><\/a><br \/>\n^ <\/p>\n<p><a href='http:\/\/extra.inmontanis.info\/d\/96492-2\/DSC03756.jpg'><img src=http:\/\/extra.inmontanis.info\/d\/96491-3\/DSC03756.jpg \/><\/a><br \/>\n^ Sinwellturm Aufgang<\/p>\n<p><a href='http:\/\/extra.inmontanis.info\/d\/96496-2\/DSC03761.jpg'><img src=http:\/\/extra.inmontanis.info\/d\/96495-3\/DSC03761.jpg \/><\/a><br \/>\n^ Blick \u00fcber N\u00fcrnberg vom Sinwellturm (S\u00fcden)<\/p>\n<p><a href='http:\/\/extra.inmontanis.info\/d\/96500-2\/DSC03764.jpg'><img src=http:\/\/extra.inmontanis.info\/d\/96499-3\/DSC03764.jpg \/><\/a><br \/>\n^ Blick \u00fcber N\u00fcrnberg vom Sinwellturm<\/p>\n<p><a href='http:\/\/extra.inmontanis.info\/d\/96504-2\/DSC03763.jpg'><img src=http:\/\/extra.inmontanis.info\/d\/96503-3\/DSC03763.jpg \/><\/a><br \/>\n^ Blick \u00fcber N\u00fcrnberg vom Sinwellturm<\/p>\n<p><a href='http:\/\/extra.inmontanis.info\/d\/96508-2\/DSC03765.jpg'><img src=http:\/\/extra.inmontanis.info\/d\/96507-3\/DSC03765.jpg \/><\/a><br \/>\n^ Burg vom Sinwellturm<\/p>\n<p><a href='http:\/\/extra.inmontanis.info\/d\/96512-2\/DSC03766.jpg'><img src=http:\/\/extra.inmontanis.info\/d\/96511-3\/DSC03766.jpg \/><\/a><br \/>\n^ Blickrichtung ca. Nordwest<\/p>\n<p><a href='http:\/\/extra.inmontanis.info\/d\/96516-2\/DSC03767.jpg'><img src=http:\/\/extra.inmontanis.info\/d\/96515-3\/DSC03767.jpg \/><\/a><br \/>\n^ Ulkiges Haus. Es gibt ja etliche H\u00e4user hier droben, die aber nicht Teil der Besichtigung sind<\/p>\n<p><a href='http:\/\/extra.inmontanis.info\/d\/96520-2\/DSC03768.jpg'><img src=http:\/\/extra.inmontanis.info\/d\/96519-3\/DSC03768.jpg \/><\/a><br \/>\n^ Blickrichtung ca. Nord<\/p>\n<p><a href='http:\/\/extra.inmontanis.info\/d\/96524-2\/DSC03772.jpg'><img src=http:\/\/extra.inmontanis.info\/d\/96523-3\/DSC03772.jpg \/><\/a><br \/>\n^ Sinwellturm, weiter rauf darf man nicht<\/p>\n<p><a href='http:\/\/extra.inmontanis.info\/d\/96528-2\/DSC03773.jpg'><img src=http:\/\/extra.inmontanis.info\/d\/96527-3\/DSC03773.jpg \/><\/a><br \/>\n^ Blickrichtung ca. Nordost<\/p>\n<p><a href='http:\/\/extra.inmontanis.info\/d\/96532-2\/DSC03778.jpg'><img src=http:\/\/extra.inmontanis.info\/d\/96531-3\/DSC03778.jpg \/><\/a><br \/>\n^ Blickrichtung ca. Ost, hier ..<\/p>\n<p><a href='http:\/\/extra.inmontanis.info\/d\/96536-2\/DSC03774.jpg'><img src=http:\/\/extra.inmontanis.info\/d\/96535-3\/DSC03774.jpg \/><\/a><br \/>\n^ .. befindet sich auch meine ehemalige Schule, die mit dem Flachdach vorne und dem alten Haus dahinter. Dazu sp\u00e4ter mehr.<\/p>\n<p><a href='http:\/\/extra.inmontanis.info\/d\/96540-2\/DSC03779.jpg'><img src=http:\/\/extra.inmontanis.info\/d\/96539-3\/DSC03779.jpg \/><\/a><br \/>\n^ Blickrichtung ca. S\u00fcdost<\/p>\n<p><a href='http:\/\/extra.inmontanis.info\/d\/96544-2\/DSC03784.jpg'><img src=http:\/\/extra.inmontanis.info\/d\/96543-3\/DSC03784.jpg \/><\/a><br \/>\n^ Der Gang auf der Stadtmauer ist allgemein auch nicht f\u00fcr die \u00d6ffentlichkeit zug\u00e4nglich<\/p>\n<p><a href='http:\/\/extra.inmontanis.info\/d\/96548-2\/DSC03785.jpg'><img src=http:\/\/extra.inmontanis.info\/d\/96547-3\/DSC03785.jpg \/><\/a><br \/>\n^ Unter der Burg<\/p>\n<p><a href='http:\/\/extra.inmontanis.info\/d\/96552-2\/DSC03787.jpg'><img src=http:\/\/extra.inmontanis.info\/d\/96551-3\/DSC03787.jpg \/><\/a><br \/>\n^ N\u00fcrnberger Unterwelten, verschiedene F\u00fchrungen werden angeboten, ich kaufte ein Ticket f\u00fcr die links oberen Wehr- und Geheimg\u00e4nge f\u00fcr heute Abend um 9,50 \u20ac. <\/p>\n<p>Fr\u00fchewr hab ich da ja einige Untergrundsachen besucht, gab damals aber weniger. Nat\u00fcrlich die Lochgef\u00e4ngnisse, die mir als Kind sehr gefielen. Einmal hatte ich glaub im Zuge von Bauarbeiten oder so \u00e4hnlich mal die Chance, Bunkeranlagen n\u00e4he der Stadtmauer zu besuchen. Und die Felseng\u00e4nge wurden ebenfalls nicht nur zur Kindheit besucht, sondern im Rahmen eines Festes meiner Schule in diesem Jahrtausend gab es ebenfalls eine F\u00fchrung in einen der Abschnitte &#8211; weil es da auch von der Schule aus einen Zugang in diese Keller gab.<\/p>\n<p><a href='http:\/\/extra.inmontanis.info\/d\/96556-2\/DSC03790.jpg'><img src=http:\/\/extra.inmontanis.info\/d\/96555-3\/DSC03790.jpg \/><\/a><br \/>\n^ Hier gehts runter zum Hauptmarkt<\/p>\n<p><a href='http:\/\/extra.inmontanis.info\/d\/96560-2\/DSC03792.jpg'><img src=http:\/\/extra.inmontanis.info\/d\/96559-3\/DSC03792.jpg \/><\/a><br \/>\n^ N\u00fcrnberger Burg<\/p>\n<p><a href='http:\/\/extra.inmontanis.info\/d\/96564-2\/DSC03793.jpg'><img src=http:\/\/extra.inmontanis.info\/d\/96563-3\/DSC03793.jpg \/><\/a><br \/>\n^ Johannes-Scharrer-Gymnasium, der sogenannte Neubau, der mittlerweile nat\u00fcrlich nicht mehr so neu ist. Aber Mitte der 1980er war er das nat\u00fcrlich noch mehr. Wobei er w\u00e4hrend meiner Schulzeit auch ein paar Jahre lang wegen Asbestsanierung geschlossen war.<\/p>\n<p><a href='http:\/\/extra.inmontanis.info\/d\/96568-2\/DSC03795.jpg'><img src=http:\/\/extra.inmontanis.info\/d\/96567-3\/DSC03795.jpg \/><\/a><br \/>\n^ Wenn man das rechte Geb\u00e4ude schon Neubau nennt, richtig, dann gibt&#8217;s auch einen Altbau. Der war viel Gr\u00f6\u00dfer und bestand auch aus mehreren H\u00e4usern, links und auch dazwischen dahinter geh\u00f6rt dazu<\/p>\n<p><a href='http:\/\/extra.inmontanis.info\/d\/96572-2\/DSC03798.jpg'><img src=http:\/\/extra.inmontanis.info\/d\/96571-3\/DSC03798.jpg \/><\/a><br \/>\n^ Der sogenannte Altbau mit dem Haupteingang. Der gesamte Sandsteinbau geh\u00f6rt zum Gymnasium<\/p>\n<p><a href='http:\/\/extra.inmontanis.info\/d\/96576-2\/DSC03797.jpg'><img src=http:\/\/extra.inmontanis.info\/d\/96575-3\/DSC03797.jpg \/><\/a><br \/>\n^ Gegen\u00fcber war zu meiner Zeit ein Lott\/Tabak\/Papier\/Zeitschriften-Gesch\u00e4ft, ggf. paar S\u00fc\u00dfigkeiten<\/p>\n<p><a href='http:\/\/extra.inmontanis.info\/d\/96580-2\/DSC03799.jpg'><img src=http:\/\/extra.inmontanis.info\/d\/96579-3\/DSC03799.jpg \/><\/a><br \/>\n^ So sah es im Prinzip in den 1980ern auch aus, naja, vielleicht war der Beton etwas heller<\/p>\n<p><a href='http:\/\/extra.inmontanis.info\/d\/96584-2\/DSC03800.jpg'><img src=http:\/\/extra.inmontanis.info\/d\/96583-3\/DSC03800.jpg \/><\/a><br \/>\n^ .. und der Schulhof\/Pausenhof war noch nicht abgesperrt. Unter dem Pausenhof waren die Neubau-Turnhallen (zus\u00e4tzlich zu der alten links vorne im Bild) &#8211; und es hat immer mal wieder reingetropft<\/p>\n<p><a href='http:\/\/extra.inmontanis.info\/d\/96588-2\/DSC03801.jpg'><img src=http:\/\/extra.inmontanis.info\/d\/96587-3\/DSC03801.jpg \/><\/a><br \/>\n^ Blick durch die T\u00fcr in die Aula, rechts sind die Schlie\u00dff\u00e4cher (nicht zu sehen) und durch die zwei T\u00fcren vorne gelangte man in die Mensa, wo man &#8211; vielleicht nicht in jedem Jahr &#8211; auch zu Mittag warmes Essen kaufen konnte.<\/p>\n<p>Nein, besonders gern bin ich nicht in die Schule gegangen. Am liebsten war mir klassischer Frontalunterricht. Nicht gemocht hatte ich, an der Tafel zu stehen. Referate zu halten. Gruppenarbeiten. Pausen. Unn\u00fctze Zeitverschwendung, die man leider nicht im Klassenzimmer verbringen durfte. Eine Zeit lang hab ich dann das WC gen\u00fctzt, zumindest in der gro\u00dfen Pause, dort konnte man dann zwei Sachen gleichzeitig machen: Essen und Kacken. Praktisch. In den letzten Wintern in Skandinavien hab ich das wieder etwas aufgegriffen, denn da kam noch ein dritter Vorteil dazu: Aufw\u00e4rmen.<\/p>\n<p>Schulausfl\u00fcge \/ Klassenfahrten waren schon interessanter, eine der tollsten war vielleicht der Besuch eines Open-Air-Theaters und dem St\u00fcck &#8220;G\u00f6tz von Berlichingen&#8221; &#8211; und es dann zu regnen anfing. Was die Schauspieler nach einer kurzen Regenpause spontan etwas in den Text eingebaut hatten. Die Skilager waren teils nicht unproblematisch, die Jugendherbege in Burghausen nicht so &#8220;burgig&#8221; wie vorgestellt, die Fahrt nach Florenz in einer nicht so tollen Unterkunft (sonst aber schon interessant), aber die letzte Reise nach Hamburg fand ich am sch\u00f6nsten.<\/p>\n<p>Ein guter Sch\u00fcler war ich auch nicht, am Gymnasium hatte ich eher einen 3-4er Schnitt, wobei ich das Abi mit 2,9 oder so gemacht hab. In den F\u00e4chern (besonders) Latein, Sport und Deutsch war ich aber (au\u00dfer in der Kollegstufe) ein 5er Kandidat und manchmal nur knapp zwei 5ern im Zeugnis oder einer 6 in Latein entkommen (bzw. Latein 5 + Sport 5 war kein Problem), so dass ich keine Jahrgangsstufe wiederholen musste. Am zweij\u00e4hrigen Handelsakademie-Kolleg in Innsbruck war ich etwas besser, da ich ja auf die Basis des wirtschaftswissenschaftlichen Gymnasiums in N\u00fcrnberg aufbauen konnte.<\/p>\n<p>Besser war ich damals in den F\u00e4chern Mathe und Physik, daher entsprechenden LK genommen. Wahlf\u00e4cher, wenn sie mal angeboten wurden, waren Computer, Astronomie, Schreibmaschinenschreiben und Stenographie &#8211; oder waren das Pflichtf\u00e4cher? Schon witizg, dass man Steno damals noch gelernt hatte &#8211; das hatte vermutlich keiner mehr von uns gebraucht. Aber nat\u00fcrlich hat man auch viel von dem anderen Lernstoff nie gebraucht und nach der n\u00e4chsten Ex oder Klassenarbeit\/Schularbeit eh wieder vergessen. Das galt auch f\u00fcr Mathe und Physik, wobei letzteres immerhin etwas praxisn\u00e4her war und einiges wert gewesen w\u00e4re, sich l\u00e4nger zu merken.<\/p>\n<p>Und was Schreibmaschinenschreiben angeht &#8211; ich war zwar mit meinem 2-5-Finger-System einer der schnellsten, aber bei der Schreibmaschine musste man ja auch richtig schreiben, denn mal eben korrigieren war da nicht so einfach m\u00f6glich, wenn der Buchstabe schon auf dem Papier ist &#8230;<\/p>\n<p>Schlussendlich konnte ich mich nie mit dem offiziellen 10-Finger-System anfreunden &#8211; ich tipp einfach so, wie es gerade passt und es gibt sicher auch Buchstaben, die ich mal mit dem, mal mit einem andern Finger antippe, je nachdem wo die H\u00e4nde halt gerade sind.  Aber mehr als 5 sind es dann doch geworden. An guten Tagen (und die richtige Tastatur vorausgesetzt) schaff ich bei solchen Schnellschreib-Testseiten im Internet 500-600 Zeichen pro Sekunde. Das ist dann beinahe &#8220;Echtzeit&#8221; &#8211; wer braucht da schon noch Stenographie ;)<\/p>\n<p>Meine Handschrift war sowieso sehr klein &#8211; wof\u00fcr manche 4 Seiten gebraucht haben, hatte bei mir auf einer Seite Platz. Ohne Steno. Und weil wir gerade beim Schreiben sind &#8211; einige Stifte, Fine- und Faserliner, hab ich ja aufgehalten, weil sie noch nicht leer waren &#8211; aber seitdem ja kaum noch was mit den Stiften geschrieben &#8211; funktionieren sie teilweise immer noch. Nach \u00fcber 25 Jahren. Aber manche sind auch ausgetrocknet. Ob ich die jeweils leer schreiben werde.. ob ich die Bleistifte jemals zum Stumpf abspitzen werde .. ob ich die Buntstifte jemals wieder brauchen werde .. Beim letzten Umzug hab ich aber wieder einiges davon weggeschmissen.<\/p>\n<p>Trotzallem hat so eine Schulausbildung, die Schule, die Lehrer, die Mitsch\u00fcler, einen gro\u00dfen Anteil am Werden eines jungen Menschen und was ich mich bis zu diesem Bericht noch nicht gefragt hatte, weil man es damals ja f\u00fcr selbstverst\u00e4ndlich hielt, ist die Tatsache der zwei Schulh\u00e4user, des Neu- und des Altbaus. Zwei sind bekanntlich besser als eines, ich kann mich oft schwer zwischen zwei Dingen entscheiden und ein gern \u00fcbernommener Leitspruch meines Sternzeichens Zwilling ist ja das Faust-Zitat &#8220;zwei Seelen wohnen, ach, in meiner Brust&#8221;.<\/p>\n<p>Nat\u00fcrlich fand man den Neubau sch\u00f6ner, er hatte Teppichb\u00f6den, die Klassenzimmer hatten &#8211; wenn auch sehr selten genutzt &#8211; Fernseher. Schlie\u00dff\u00e4cher, Mensa und eine eigene Bibliothek waren wohl auch nicht in jeder Schule zu finden. Der historische Altbau hatte aber auch seine Vorteile, war verwinkelter (da er eckig um die Kurve ging mit seinen glaub vier Treppenh\u00e4usern) und die 3er Holzb\u00e4nke mit ihrem Klappfach konnten leichter beschrieben und geritzt werden als die neuen Tische gegen\u00fcber.<\/p>\n<p>So kann man sich also fragen, was die Existentz dieser Dualit\u00e4t, wenn man das so sagen kann, f\u00fcr Auswirkungen auf unsere Entwicklung, auf mich hatte. Ich denke, eine positive. Es gab durch die zwei Bauten ja schon mehr Abwechslung, mehr Alternativen, mehr Orte zu erkunden. <\/p>\n<p>Mein Verh\u00e4ltnis zur Schule war also ebenfalls bivalent. Einerseits gab es so viel, was mir nicht gefallen hat oder was ich gehasst hatte, andererseits wollte ich das Leben nach der Schule noch weniger, die Qual der Berufswahl. \u00c4lter oder erwachsen werden wollte ich schon ab einem relativ fr\u00fchen Alter nicht. Und in so manchen Dingen bin ich das wohl immer noch nicht ;-) Wobei ich das auch ein bisschen darauf schiebe, dass ich keine Kinder hab, somit ein Bezugspunkt der gro\u00dfen Anzahl vergangener Jahre fehlt.<\/p>\n<p>Und hin und wieder, wenn man, wie jetzt, zu lang dar\u00fcber nachdenkt, hofft oder bef\u00fcrchtet man (je nach Gef\u00fchlslage), dass das alles nur ein Traum ist und man morgen wieder in die Schule muss oder darf und vielleicht mal ein anderes Leben ausprobieren kann. Das hat jetzt nichts mit Bereuen zu tun, ich hab in vielerlei Hinsicht Gl\u00fcck gehabt und die richtigen Entscheidungen gef\u00e4llt. Aber bei all der so sch\u00f6nen erw\u00e4hnten Dualit\u00e4t, das wirkliche Leben (im Unterschied zum virtuellen) ist halt leider singul\u00e4r, eine Einbahnstra\u00dfe. Die Zeitachse ist eine Gerade, die mit der Geburt beginnt und dem Tod endet. Was-w\u00e4re-wenn&#8217;s nicht ausprobierbar. Und manche der alten Geschichten werde ich mit ins Grab nehmen.<\/p>\n<p>Wobei sich diese Gerade ja eher wie eine exponentielle Kurve anf\u00fchlt, denn schlie\u00dflich vergeht die Zeit mit dem Alter gef\u00fchlt immer schneller.<\/p>\n<p><a href='http:\/\/extra.inmontanis.info\/d\/96592-2\/DSC03802.jpg'><img src=http:\/\/extra.inmontanis.info\/d\/96591-3\/DSC03802.jpg \/><\/a><br \/>\n^ Gegen\u00fcber hier am Paniersplatz befindet sich noch eine Schule &#8211; und wenn ich mich recht erinnere, war das die Schule meiner Mutter<\/p>\n<p><a href='http:\/\/extra.inmontanis.info\/d\/96596-2\/DSC03804.jpg'><img src=http:\/\/extra.inmontanis.info\/d\/96595-3\/DSC03804.jpg \/><\/a><br \/>\n^ Ach, das Caf\u00e9 ist hier gar nicht mehr. Da sollen manchmal einige Sch\u00fcler beim Schw\u00e4nzen gewesen sein. Meiner Erinnerung nach war da auch der Hackerstammtisch in den 80\/90er drin. Zuletzt hie\u00df es wohl Ruhest\u00f6rung. Aber hie\u00df es davor mal Oase? Oder war die Oase (und ggf. auch der HST) andeswo?! Eigentlich egal. Aktuell ists leer.<\/p>\n<p><a href='http:\/\/extra.inmontanis.info\/d\/96600-2\/DSC03805.jpg'><img src=http:\/\/extra.inmontanis.info\/d\/96599-3\/DSC03805.jpg \/><\/a><br \/>\n^ &#8230; keine Ruhest\u00f6rung mehr<\/p>\n<p><a href='http:\/\/extra.inmontanis.info\/d\/96604-2\/DSC03806.jpg'><img src=http:\/\/extra.inmontanis.info\/d\/96603-3\/DSC03806.jpg \/><\/a><br \/>\n^ Theresienstra\u00dfe \/ hinterm Rathaus. Links vorne die Stadtsparkasse, einst auch meine Filiale, gibt&#8217;s hier auch nicht mehr<\/p>\n<p><a href='http:\/\/extra.inmontanis.info\/d\/96608-2\/DSC03808.jpg'><img src=http:\/\/extra.inmontanis.info\/d\/96607-3\/DSC03808.jpg \/><\/a><br \/>\n^ Blick in die Gegenrichtung<\/p>\n<p><a href='http:\/\/extra.inmontanis.info\/d\/96612-2\/DSC03809.jpg'><img src=http:\/\/extra.inmontanis.info\/d\/96611-3\/DSC03809.jpg \/><\/a><br \/>\n^ Ich dagegen gehe geradeaus in die Bindergasse. D\u00f6nerl\u00e4den gab&#8217;s zu meiner Kindheit\/Jugend glaub ich keine.<\/p>\n<p><a href='http:\/\/extra.inmontanis.info\/d\/96616-2\/DSC03810.jpg'><img src=http:\/\/extra.inmontanis.info\/d\/96615-3\/DSC03810.jpg \/><\/a><br \/>\n^ Bindergasse<\/p>\n<p><a href='http:\/\/extra.inmontanis.info\/d\/96620-2\/DSC03816.jpg'><img src=http:\/\/extra.inmontanis.info\/d\/96619-3\/DSC03816.jpg \/><\/a><br \/>\n^ Bindergass-Apotheke, unsere damalige Haupt-Apotheke, gibt&#8217;s seit 1542 und stellte auch eigene Arzneien her. Den Schneckensaft kannte ich auch.<\/p>\n<p><a href='http:\/\/extra.inmontanis.info\/d\/96624-2\/DSC03817.jpg'><img src=http:\/\/extra.inmontanis.info\/d\/96623-3\/DSC03817.jpg \/><\/a><br \/>\n^ Heug\u00e4sschen. Im Haus rechts neben mir meine ich mal was gekauft zu haben &#8211; aber wei\u00df nicht mehr, ob das das 1200 Baud Bodo Modem oder was anderes war.<\/p>\n<p><a href='http:\/\/extra.inmontanis.info\/d\/96628-2\/DSC03820.jpg'><img src=http:\/\/extra.inmontanis.info\/d\/96627-3\/DSC03820.jpg \/><\/a><br \/>\n^ Innenhof Tucherstra\u00dfe \/ Heug\u00e4sschen \/ Martin-Treu-Stra\u00dfe. Wenn das Tor schon mal offen ist, muss ich etwas fotografieren, was ich auch schon mal in einem Bericht angesprochen hab &#8230;<\/p>\n<p><a href='http:\/\/extra.inmontanis.info\/d\/96632-2\/DSC03822.jpg'><img src=http:\/\/extra.inmontanis.info\/d\/96631-3\/DSC03822.jpg \/><\/a><br \/>\n^ .. n\u00e4mlich die hintere schmale Treppe, die mir schon immer viel besser als die gro\u00dfe Treppe vorne gefiel &#8230;<\/p>\n<p><a href='http:\/\/extra.inmontanis.info\/d\/96636-2\/DSC03821.jpg'><img src=http:\/\/extra.inmontanis.info\/d\/96635-3\/DSC03821.jpg \/><\/a><br \/>\n^ .. und solche schmalen Treppen mit hohen Stufen gehe ich ja auch in britischen Castles nach wie vor sehr gerne ;)<\/p>\n<p><a href='http:\/\/extra.inmontanis.info\/d\/96640-2\/DSC03823.jpg'><img src=http:\/\/extra.inmontanis.info\/d\/96639-3\/DSC03823.jpg \/><\/a><br \/>\n^ Die Haupttreppe (nur f\u00fcr&#8217;s rechte Haus) ist \u00fcber der Hofeinfahrt. Lift gibt&#8217;s keinen, auch nicht, als das Haus von 3 auf 4 Stockwerke aufger\u00fcstet wurde. Mein Gro\u00dfvater installierte aber eine Lastenwinde f\u00fcr sich in den 3. Stock.<\/p>\n<p>Als G\u00e4ste und Enkel des Hausmeisters hatte man im Hof etwas Privilegien, zumindest vor bzw. gegen\u00fcber seiner Garage konnten wir parken. Und es konnten manche Geheimnisse gel\u00fcftet werden, was sich wohl hinter dieser oder jenen T\u00fcr vestecken mag ..<\/p>\n<p><a href='http:\/\/extra.inmontanis.info\/d\/96644-2\/DSC03824.jpg'><img src=http:\/\/extra.inmontanis.info\/d\/96643-3\/DSC03824.jpg \/><\/a><br \/>\n^ Eingang Tucherstra\u00dfe 5. Die T\u00fcr steht auch offen? Bin aber nicht rein. Da h\u00e4tte ich hinter der T\u00fcr die T\u00fcren ehemaliger WCs fotografieren k\u00f6nnen, als es hier noch eine kleine Wirtschaft an der Ecke gab.<\/p>\n<p><a href='http:\/\/extra.inmontanis.info\/d\/96648-2\/DSC03825.jpg'><img src=http:\/\/extra.inmontanis.info\/d\/96647-3\/DSC03825.jpg \/><\/a><br \/>\n^ Blumentr\u00f6ge an den Balkonen sind heutzutage auch ausgetorben<\/p>\n<p><a href='http:\/\/extra.inmontanis.info\/d\/96652-2\/DSC04331.jpg'><img src=http:\/\/extra.inmontanis.info\/d\/96651-3\/DSC04331.jpg \/><\/a><br \/>\n^ Aus dem privaten Fotoalbum, ca. 60 Jahre her, als meine Mutter und ihre Schwester noch kleine M\u00e4dels waren ;) Wobei die Blumentr\u00f6ge nat\u00fcrlich bis zum bitteren Ende und dem Verkauf der Wohnung gepflegt wurden<\/p>\n<p>Naja, da k\u00f6nnte ich nat\u00fcrlich auch viel Geschichten dazu erz\u00e4hlen, aber ich halt mich kurz. Ich hab relativ h\u00e4ufig auf der Couch meiner Gro\u00dfeltern \u00fcbernachtet, die Wohnung war nicht nur nahe Gymnasium, sondern auch nahe meiner Grundschule, so dass ich, bis ich irgendwann alt genug war, um allein mit dem Bus heim nach Heroldsberg zu fahren, die Nachmittage nach der Schule meist hier verbracht hab. Auch hier wieder diese &#8220;Dualit\u00e4t&#8221; mit diesem zweiten Wohnsitz, der tats\u00e4chlich als Wohnsitz f\u00fcr mich gemeldet war. Ob nun wegen Schule oder anderer Gr\u00fcnde, wei\u00df ich nicht mehr.<\/p>\n<p>Die \u00dcbernachtung war aber eher Freitag auf Samstag und ein Highlight war dann immer &#8220;Aktenzeichen XY ungel\u00f6st&#8221;. <\/p>\n<p>Allerdings merkte ich hier auch den gr\u00f6\u00dften Nachteil einer Wohnung in der Innenstadt: Der abendliche L\u00e4rm, das Geschrei auf der Stra\u00dfe von den Besoffenen. Und die Parkplatzsituation wurde f\u00fcr Besucher immer schwieriger.<\/p>\n<p><a href='http:\/\/extra.inmontanis.info\/d\/96656-2\/DSC03826.jpg'><img src=http:\/\/extra.inmontanis.info\/d\/96655-3\/DSC03826.jpg \/><\/a><br \/>\n^ Obstmarkt. Das Bratwurst R\u00f6slein gibt&#8217;s auch noch. Ich dachte ja immer, das hie\u00dfe R\u00f6sslein. Schlie\u00dflich h\u00e4tte ein Ross auch mehr mit einer Wurst  zu tun als eine Rose. Der klassische Stra\u00dfenverkauf \u00e0 la Wienerwald ist aber nicht mehr, man muss durch den Speisesaal rein und kann sich seine Bratwurstemmel (von Ausl\u00e4ndern) kaufen<\/p>\n<p>Drei-im-Weckla kosteten 3,50 \u20ac. Ich meine mich an Preise unter 3,- DM  zu erinnern und dass man auch 4 haben konnte.<\/p>\n<p><a href='http:\/\/extra.inmontanis.info\/d\/96660-2\/DSC03828.jpg'><img src=http:\/\/extra.inmontanis.info\/d\/96659-3\/DSC03828.jpg \/><\/a><br \/>\n^ Obstmarkt. Gegen\u00fcber, das gelbe Haus, war fr\u00fcher mal ein gro\u00dfes Postamt. Allerdings bereits zu meiner Zeit aufgel\u00f6st worden<\/p>\n<p><a href='http:\/\/extra.inmontanis.info\/d\/96664-2\/DSC03829.jpg'><img src=http:\/\/extra.inmontanis.info\/d\/96663-3\/DSC03829.jpg \/><\/a><br \/>\n^ Hauptmarkt, an Wochentagen (vormittags) verkaufen hier Bauern ihre Erzeugnisse.<\/p>\n<p><a href='http:\/\/extra.inmontanis.info\/d\/96668-2\/DSC03830.jpg'><img src=http:\/\/extra.inmontanis.info\/d\/96667-3\/DSC03830.jpg \/><\/a><br \/>\n^ Frauenkirche &#8211; hier laufen am Uhrwerk um 12 Uhr die kaiserlichen M\u00e4nnlein mit der goldenen Bulle. Im Haus rechts daneben war lange Zeit ein Supermarkt, zuletzt ein Edeka, mittlerweile ein Restaurant<\/p>\n<p><a href='http:\/\/extra.inmontanis.info\/d\/96672-2\/DSC03831.jpg'><img src=http:\/\/extra.inmontanis.info\/d\/96671-3\/DSC03831.jpg \/><\/a><br \/>\n^ Na schau an, in der Tourist-Info am Hauptmarkt kosten die Guckk\u00e4stla nur 6,50 statt 8,95 wie oben auf der Burg. Allerdings keine Tram zu sehen und zu viele maskentragende Asiaten im Raum, die die Mitarbeiter beanspruchten. Vielleicht komm ich morgen nochmals her.<\/p>\n<p><a href='http:\/\/extra.inmontanis.info\/d\/96676-2\/DSC03832.jpg'><img src=http:\/\/extra.inmontanis.info\/d\/96675-3\/DSC03832.jpg \/><\/a><br \/>\n^ Sch\u00f6ner Brunnen. Wie auch der tiefe Brunnen tief ist, ist der sch\u00f6ne Brunnen durchaus sch\u00f6n<\/p>\n<p><a href='http:\/\/extra.inmontanis.info\/d\/96680-2\/DSC03835.jpg'><img src=http:\/\/extra.inmontanis.info\/d\/96679-3\/DSC03835.jpg \/><\/a><br \/>\n^ Hauptmarkt<\/p>\n<p><a href='http:\/\/extra.inmontanis.info\/d\/96684-2\/DSC03834.jpg'><img src=http:\/\/extra.inmontanis.info\/d\/96683-3\/DSC03834.jpg \/><\/a><br \/>\n^ Im Haus links der Stra\u00dfe in der Mitte, mit dem Sandstein unten, ist jetzt Wicklein Lebkuchen drin. Fr\u00fcher war das der Photo Porst<\/p>\n<p><a href='http:\/\/extra.inmontanis.info\/d\/96688-2\/DSC03838.jpg'><img src=http:\/\/extra.inmontanis.info\/d\/96687-3\/DSC03838.jpg \/><\/a><br \/>\n^ Den (Feinkost-) Schwarz gibt&#8217;s noch und scheint nun 3 L\u00e4den zu haben, etwas unterschiedliche Themen. Diese Verl\u00e4ngerung der Stra\u00dfe in den Augustinerhof kommt mir aber nicht bekannt vor.<\/p>\n<p><a href='http:\/\/extra.inmontanis.info\/d\/96692-2\/DSC03843.jpg'><img src=http:\/\/extra.inmontanis.info\/d\/96691-3\/DSC03843.jpg \/><\/a><br \/>\n^ Ich gehe vom Hauptmarkt zur Fleischbr\u00fccke<\/p>\n<p><a href='http:\/\/extra.inmontanis.info\/d\/96696-2\/DSC03841.jpg'><img src=http:\/\/extra.inmontanis.info\/d\/96695-3\/DSC03841.jpg \/><\/a><br \/>\n^ Pegnitz, Blick von der Fleischbr\u00fccke zur Museumsbr\u00fccke. Nat\u00fcrlich hab ich nie gewusst, wie alle Br\u00fccken und Stra\u00dfen hei\u00dfen, sondern nur jetzt vom GMaps abgeschrieben.<\/p>\n<p>Das war ja auch sch\u00f6n in den sp\u00e4teren Mathe-Jahren, man musste Formeln nicht mehr auswendig lernen, sondern konnte das Formelheft verwenden. Grundstein f\u00fcr das Motto &#8220;du musst es nicht auswendig lernen, aber wissen, wo du es finden kannst&#8221; &#8211; insbesondere im heutigen Internetzeitalter k\u00f6nnte man sich so viel an Schulzeit sparen. Ok, wurde ja eh schon von 13 auf 12 Jahren gek\u00fcrzt, ich war einer der letzten mit noch 13 Jahren. Wer Geschichts- und Erdkunde-Daten auswendig lernen will, soll er, aber wenn jemand, auch in einer Schul-\/Klassenarbeit, sein Handy z\u00fcckt und das von einer Webseite abschreibt, dann sollte das ebenso als korrekt (und nicht als spicken) gelten.<\/p>\n<p><a href='http:\/\/extra.inmontanis.info\/d\/96700-2\/DSC03842.jpg'><img src=http:\/\/extra.inmontanis.info\/d\/96699-3\/DSC03842.jpg \/><\/a><br \/>\n^ Pegnitz, Blick von der Fleischbr\u00fccke zu Schleifersteg und Tr\u00f6delmarkt, mein n\u00e4chstes Ziel<\/p>\n<p><a href='http:\/\/extra.inmontanis.info\/d\/96704-2\/DSC03846.jpg'><img src=http:\/\/extra.inmontanis.info\/d\/96703-3\/DSC03846.jpg \/><\/a><br \/>\n^ Pegnitz, Blick vom Schleifersteg zur  Fleischbr\u00fccke<\/p>\n<p><a href='http:\/\/extra.inmontanis.info\/d\/96708-2\/DSC03845.jpg'><img src=http:\/\/extra.inmontanis.info\/d\/96707-3\/DSC03845.jpg \/><\/a><br \/>\n^ Pegnitz, Blick vom Schleifersteg zur  unteren Karlsbr\u00fccke<\/p>\n<p><a href='http:\/\/extra.inmontanis.info\/d\/96712-2\/DSC03847.jpg'><img src=http:\/\/extra.inmontanis.info\/d\/96711-3\/DSC03847.jpg \/><\/a><br \/>\n^ Tr\u00f6delmarkt<\/p>\n<p><a href='http:\/\/extra.inmontanis.info\/d\/96716-2\/DSC03850.jpg'><img src=http:\/\/extra.inmontanis.info\/d\/96715-3\/DSC03850.jpg \/><\/a><br \/>\n^ Pegnitz, Blick von der oberen Karlsbr\u00fccke zur Fleischbr\u00fccke<\/p>\n<p><a href='http:\/\/extra.inmontanis.info\/d\/96720-2\/DSC03852.jpg'><img src=http:\/\/extra.inmontanis.info\/d\/96719-3\/DSC03852.jpg \/><\/a><br \/>\n^ Pegnitz, Blick von der oberen Karlsbr\u00fccke zum Henkersteg<\/p>\n<p><a href='http:\/\/extra.inmontanis.info\/d\/96724-2\/DSC03853.jpg'><img src=http:\/\/extra.inmontanis.info\/d\/96723-3\/DSC03853.jpg \/><\/a><br \/>\n^ Fortsetzung Karlsbr\u00fccke \/ Hintere Ledergasse<\/p>\n<p><a href='http:\/\/extra.inmontanis.info\/d\/96728-2\/DSC03854.jpg'><img src=http:\/\/extra.inmontanis.info\/d\/96727-3\/DSC03854.jpg \/><\/a><br \/>\n^ <\/p>\n<p><a href='http:\/\/extra.inmontanis.info\/d\/96732-2\/DSC03855.jpg'><img src=http:\/\/extra.inmontanis.info\/d\/96731-3\/DSC03855.jpg \/><\/a><br \/>\n^ <\/p>\n<p><a href='http:\/\/extra.inmontanis.info\/d\/96736-2\/DSC03856.jpg'><img src=http:\/\/extra.inmontanis.info\/d\/96735-3\/DSC03856.jpg \/><\/a><br \/>\n^ Henkerbr\u00fccke, da ist ein Museum drin<\/p>\n<p><a href='http:\/\/extra.inmontanis.info\/d\/96740-2\/DSC03858.jpg'><img src=http:\/\/extra.inmontanis.info\/d\/96739-3\/DSC03858.jpg \/><\/a><br \/>\n^ Henkersteg<\/p>\n<p><a href='http:\/\/extra.inmontanis.info\/d\/96744-2\/DSC03857.jpg'><img src=http:\/\/extra.inmontanis.info\/d\/96743-3\/DSC03857.jpg \/><\/a><br \/>\n^ Am Henkersteg ist das neue N\u00fcrnberger Bratwurstmuseum.<\/p>\n<p>Der Eintritt kostet 5,- \u20ac und bietet einige Schautafeln, Audio, Video, Geschichten, aber einiges wiederholend. Vermutlich kann man zu Schokolade mehr sagen, denn das Schokolade-Museum in Llandudno war ausf\u00fchrlicher.<\/p>\n<p><a href='http:\/\/extra.inmontanis.info\/d\/96748-2\/DSC03859.jpg'><img src=http:\/\/extra.inmontanis.info\/d\/96747-3\/DSC03859.jpg \/><\/a><br \/>\n^ N\u00fcrnberger Bratwurstmuseum<\/p>\n<p><a href='http:\/\/extra.inmontanis.info\/d\/96752-2\/DSC03860.jpg'><img src=http:\/\/extra.inmontanis.info\/d\/96751-3\/DSC03860.jpg \/><\/a><br \/>\n^ Die goldene Wurst statt der goldenen Bulle ;)<\/p>\n<p><a href='http:\/\/extra.inmontanis.info\/d\/96756-2\/DSC03861.jpg'><img src=http:\/\/extra.inmontanis.info\/d\/96755-3\/DSC03861.jpg \/><\/a><br \/>\n^ <\/p>\n<p><a href='http:\/\/extra.inmontanis.info\/d\/96760-2\/DSC03864.jpg'><img src=http:\/\/extra.inmontanis.info\/d\/96759-3\/DSC03864.jpg \/><\/a><br \/>\n^ Das R\u00e4tsel um die Wurst kann wohl nicht gel\u00f6st werden<\/p>\n<p><a href='http:\/\/extra.inmontanis.info\/d\/96764-2\/DSC03870.jpg'><img src=http:\/\/extra.inmontanis.info\/d\/96763-3\/DSC03870.jpg \/><\/a><br \/>\n^ Das (alte) Bratwurstgl\u00f6cklein wird hier sehr verehrt<\/p>\n<p><a href='http:\/\/extra.inmontanis.info\/d\/96768-2\/DSC03874.jpg'><img src=http:\/\/extra.inmontanis.info\/d\/96767-3\/DSC03874.jpg \/><\/a><br \/>\n^ Bratwurstgl\u00f6cklein<\/p>\n<p><a href='http:\/\/extra.inmontanis.info\/d\/96772-2\/DSC03880.jpg'><img src=http:\/\/extra.inmontanis.info\/d\/96771-3\/DSC03880.jpg \/><\/a><br \/>\n^ Bratwurstgrill in Dauerschleife, ohne Geruch allerdings<\/p>\n<p><a href='http:\/\/extra.inmontanis.info\/d\/96776-2\/DSC03878.jpg'><img src=http:\/\/extra.inmontanis.info\/d\/96775-3\/DSC03878.jpg \/><\/a><br \/>\n^ <\/p>\n<p><a href='http:\/\/extra.inmontanis.info\/d\/96780-2\/DSC03882.jpg'><img src=http:\/\/extra.inmontanis.info\/d\/96779-3\/DSC03882.jpg \/><\/a><br \/>\n^ <\/p>\n<p><a href='http:\/\/extra.inmontanis.info\/d\/96784-2\/DSC03885.jpg'><img src=http:\/\/extra.inmontanis.info\/d\/96783-3\/DSC03885.jpg \/><\/a><br \/>\n^ Ein paar Multimediaterminals gibt&#8217;s auch<\/p>\n<p><a href='http:\/\/extra.inmontanis.info\/d\/96788-2\/DSC03887.jpg'><img src=http:\/\/extra.inmontanis.info\/d\/96787-3\/DSC03887.jpg \/><\/a><br \/>\n^ .. aber schade, dass es keine Verk\u00f6stigung gibt.<\/p>\n<p><a href='http:\/\/extra.inmontanis.info\/d\/96792-2\/DSC03891.jpg'><img src=http:\/\/extra.inmontanis.info\/d\/96791-3\/DSC03891.jpg \/><\/a><br \/>\n^ Witzig, in Portugal soll es den Stand geben<\/p>\n<p><a href='http:\/\/extra.inmontanis.info\/d\/96796-2\/DSC03892.jpg'><img src=http:\/\/extra.inmontanis.info\/d\/96795-3\/DSC03892.jpg \/><\/a><br \/>\n^ .. und das in China<\/p>\n<p><a href='http:\/\/extra.inmontanis.info\/d\/96800-2\/DSC03893.jpg'><img src=http:\/\/extra.inmontanis.info\/d\/96799-3\/DSC03893.jpg \/><\/a><br \/>\n^ Pegnitz, Blick vom Henkersteg zur Maxbr\u00fccke<\/p>\n<p><a href='http:\/\/extra.inmontanis.info\/d\/96804-2\/DSC03894.jpg'><img src=http:\/\/extra.inmontanis.info\/d\/96803-3\/DSC03894.jpg \/><\/a><br \/>\n^ Pegnitz, Blick von der Maxbr\u00fccke zum Henkersteg (rechts)<\/p>\n<p><a href='http:\/\/extra.inmontanis.info\/d\/96808-2\/DSC03895.jpg'><img src=http:\/\/extra.inmontanis.info\/d\/96807-3\/DSC03895.jpg \/><\/a><br \/>\n^ Pegnitz, Blick von der Maxbr\u00fccke zur Henkerbr\u00fccke<\/p>\n<p><a href='http:\/\/extra.inmontanis.info\/d\/96812-2\/DSC03898.jpg'><img src=http:\/\/extra.inmontanis.info\/d\/96811-3\/DSC03898.jpg \/><\/a><br \/>\n^ Pegnitz, Blick von der Maxbr\u00fccke zur Kettenbr\u00fccke und der Stadtmauer<\/p>\n<p><a href='http:\/\/extra.inmontanis.info\/d\/96816-2\/DSC03899.jpg'><img src=http:\/\/extra.inmontanis.info\/d\/96815-3\/DSC03899.jpg \/><\/a><br \/>\n^ Von Maxbr\u00fccke zu Unschlittplatz und Karl-Grillenberger-Stra\u00dfe<\/p>\n<p><a href='http:\/\/extra.inmontanis.info\/d\/96820-2\/DSC03900.jpg'><img src=http:\/\/extra.inmontanis.info\/d\/96819-3\/DSC03900.jpg \/><\/a><br \/>\n^ Ganz wo anders: Ein Automatenshop<\/p>\n<p><a href='http:\/\/extra.inmontanis.info\/d\/96824-2\/DSC03903.jpg'><img src=http:\/\/extra.inmontanis.info\/d\/96823-3\/DSC03903.jpg \/><\/a><br \/>\n^ U-Bahn-Station Lorenzkirche, hier scheint sich wenig ge\u00e4ndert zu haben<\/p>\n<p><a href='http:\/\/extra.inmontanis.info\/d\/96828-2\/DSC03904.jpg'><img src=http:\/\/extra.inmontanis.info\/d\/96827-3\/DSC03904.jpg \/><\/a><br \/>\n^ .. die Nordsee gibt&#8217;s noch, ebenso den B\u00e4cker und Metzger ..<\/p>\n<p><a href='http:\/\/extra.inmontanis.info\/d\/96832-2\/DSC03905.jpg'><img src=http:\/\/extra.inmontanis.info\/d\/96831-3\/DSC03905.jpg \/><\/a><br \/>\n^ .. die Toiletten sind allerdings kostenpflichtig geworden (nicht so an der Station Wei\u00dfer Turm)<\/p>\n<p><a href='http:\/\/extra.inmontanis.info\/d\/96836-2\/DSC03908.jpg'><img src=http:\/\/extra.inmontanis.info\/d\/96835-3\/DSC03908.jpg \/><\/a><br \/>\n^ Links am Rand war zumindest fr\u00fcher in den Sommermonaten ein Brunnen\/Wasserfall entlang der silbernen Pfeifen-Dinger<\/p>\n<p><a href='http:\/\/extra.inmontanis.info\/d\/96840-2\/DSC03909.jpg'><img src=http:\/\/extra.inmontanis.info\/d\/96839-3\/DSC03909.jpg \/><\/a><br \/>\n^ Das Admiral-Kino an der Lorenzkirche kenn ich nat\u00fcrlich noch aus meiner Kindheit<\/p>\n<p><a href='http:\/\/extra.inmontanis.info\/d\/96844-2\/DSC03910.jpg'><img src=http:\/\/extra.inmontanis.info\/d\/96843-3\/DSC03910.jpg \/><\/a><br \/>\n^ Adlerstra\u00dfe mit Karstadt links und Parkhaus samt Tankstelle rechts<\/p>\n<p><a href='http:\/\/extra.inmontanis.info\/d\/96848-2\/DSC03912.jpg'><img src=http:\/\/extra.inmontanis.info\/d\/96847-3\/DSC03912.jpg \/><\/a><br \/>\n^ Adlerstra\u00dfe<\/p>\n<p><a href='http:\/\/extra.inmontanis.info\/d\/96852-2\/DSC03915.jpg'><img src=http:\/\/extra.inmontanis.info\/d\/96851-3\/DSC03915.jpg \/><\/a><br \/>\n^ Blick richtung Burg<\/p>\n<p><a href='http:\/\/extra.inmontanis.info\/d\/96856-2\/DSC03919.jpg'><img src=http:\/\/extra.inmontanis.info\/d\/96855-3\/DSC03919.jpg \/><\/a><br \/>\n^ Solche WCs gab es fr\u00fcher nat\u00fcrlich noch nicht. Mit 0,50 \u20ac allerdings auch nicht g\u00fcnstig.<\/p>\n<p><a href='http:\/\/extra.inmontanis.info\/d\/96860-2\/DSC03920.jpg'><img src=http:\/\/extra.inmontanis.info\/d\/96859-3\/DSC03920.jpg \/><\/a><br \/>\n^ Noch eine Postfiliale, die es nicht mehr gibt.<\/p>\n<p><a href='http:\/\/extra.inmontanis.info\/d\/96864-2\/DSC03921.jpg'><img src=http:\/\/extra.inmontanis.info\/d\/96863-3\/DSC03921.jpg \/><\/a><br \/>\n^ Josephsplatz. Vorne rechts ein Supermarkt, sowas gabs fr\u00fcher meiner Erinnerung nach hier in der Gegend auch nicht, wobei in meiner Erinnerung irgendwo im gr\u00f6\u00dferen Umkreis ein DS rumspukt?!<\/p>\n<p><a href='http:\/\/extra.inmontanis.info\/d\/96868-2\/DSC03922.jpg'><img src=http:\/\/extra.inmontanis.info\/d\/96867-3\/DSC03922.jpg \/><\/a><br \/>\n^ Hier in der Vorderen Ledergasse  (der Saturn ist ganz links) gab es noch zwei relevante L\u00e4den, zum einen einen kleinen Computerladen, wo man selbst nach dem Bau des Saturns g\u00fcnstiger Disketten bekam, zum anderen gab es hier den ber\u00fchmten Fisch-Bernet. Der hatte ein Aquarium, womit man frisch geschlachtete Fische kaufen konnte. Das Aquarium im Schaufenster war doch recht faszinierend f\u00fcr mich als Kind.<\/p>\n<p>Das tragische Ende vom &#8220;Fisch Bernet&#8221;:<br \/>\n<a href='https:\/\/www.nordbayern.de\/2.5886\/georg-bernet-nahm-sich-in-der-u-haft-das-leben-1.707709'>https:\/\/www.nordbayern.de\/2.5886\/georg-bernet-nahm-sich-in-der-u-haft-das-leben-1.707709<\/a><\/p>\n<p><a href='http:\/\/extra.inmontanis.info\/d\/96872-2\/DSC03927.jpg'><img src=http:\/\/extra.inmontanis.info\/d\/96871-3\/DSC03927.jpg \/><\/a><br \/>\n^ Links W\u00f6hrl, ehemals Kaufhaus Wei\u00dfer Turn, rechts Saturn. War vor dem Saturn hier nicht mal ein Parkhaus?<\/p>\n<p><a href='http:\/\/extra.inmontanis.info\/d\/96876-2\/DSC03931.jpg'><img src=http:\/\/extra.inmontanis.info\/d\/96875-3\/DSC03931.jpg \/><\/a><br \/>\n^ Jakobsplatz mit Jakobskirche. Ach was, ist heut zuf\u00e4llig noch Altstadtfest? Ende Oktober, k\u00f6nnte hinkommen ..<\/p>\n<p><a href='http:\/\/extra.inmontanis.info\/d\/96880-2\/DSC03932.jpg'><img src=http:\/\/extra.inmontanis.info\/d\/96879-3\/DSC03932.jpg \/><\/a><br \/>\n^ Den C&amp;A in der Breiten Gasse gibt&#8217;s auch noch und wohl schon l\u00e4nger als mich<\/p>\n<p><a href='http:\/\/extra.inmontanis.info\/d\/96884-2\/DSC03935.jpg'><img src=http:\/\/extra.inmontanis.info\/d\/96883-3\/DSC03935.jpg \/><\/a><br \/>\n^ Man kann nur hoffen, dass das Lachsbr\u00f6tchen um 4,- \u20ac mittlerweile echten Lachs beinhaltet, nicht wie in den 80ern fr\u00fcher den mit einem * versehenen &#8220;*)Lachsersatz&#8221;..<\/p>\n<p><a href='http:\/\/extra.inmontanis.info\/d\/96888-2\/DSC03936.jpg'><img src=http:\/\/extra.inmontanis.info\/d\/96887-3\/DSC03936.jpg \/><\/a><br \/>\n^ Wie geil ist das denn, Karpfengeschnetzteltes. H\u00e4tt ich gestern nicht erst Karpfen gegessen, h\u00e4tte ich das gekauft. Leider war morgen kein Fest mehr und die St\u00e4nde weg :(<\/p>\n<p><a href='http:\/\/extra.inmontanis.info\/d\/96892-2\/DSC03939.jpg'><img src=http:\/\/extra.inmontanis.info\/d\/96891-3\/DSC03939.jpg \/><\/a><br \/>\n^ ooooh.. ein deutsches oder fr\u00e4nkisches Schaschlik mit Pommes, das muss ich kaufen.<\/p>\n<p><a href='http:\/\/extra.inmontanis.info\/d\/96896-2\/DSC03940.jpg'><img src=http:\/\/extra.inmontanis.info\/d\/96895-3\/DSC03940.jpg \/><\/a><br \/>\n^ Das deutsche oder fr\u00e4nkische oder Jahrmarkts-Schaschlik kommt aus der Friteuse, nicht vom Grill, aber gewohnt mit Fleisch, Zwiebeln, Paprika. Hier leider in der Mikrowelle aufgew\u00e4rmt. Aber das triefende Fett verbindet sich dann mit dem vielen Schaschlik-Ketchup, so dass es nicht weiter st\u00f6rt. Lecker wir fr\u00fcher. Schaschlik ist einfach immer gut, wenn es nur genug (Schaschlik-) Ketchup gibt. Am liebsten von Hela.<\/p>\n<p>Die frisch gemachten Pommes bestellte ich ohne Salz, aber das hat die Verk\u00e4uferin dann vergessen, zumindest konnte ich sie nach dem ersten Salzen an den zweiten Vorgang hindern.<\/p>\n<p><a href='http:\/\/extra.inmontanis.info\/d\/96900-2\/DSC03941.jpg'><img src=http:\/\/extra.inmontanis.info\/d\/96899-3\/DSC03941.jpg \/><\/a><br \/>\n^ Unter dem wei\u00dfen Turm gehen die Rolltreppen zur U-Bahnstation<\/p>\n<p><a href='http:\/\/extra.inmontanis.info\/d\/96904-2\/DSC03944.jpg'><img src=http:\/\/extra.inmontanis.info\/d\/96903-3\/DSC03944.jpg \/><\/a><br \/>\n^ Die Schoko-Elisenlebkuchen vom Beck sind mit die besten.<\/p>\n<p><a href='http:\/\/extra.inmontanis.info\/d\/96908-2\/DSC03942.jpg'><img src=http:\/\/extra.inmontanis.info\/d\/96907-3\/DSC03942.jpg \/><\/a><br \/>\n^ Rechts der Saturn und vorne .. tja, das war mal das Arbeitsamt oder Bundesamt f\u00fcr Arbeit. Das ist wohl auch umgezogen.<\/p>\n<p><a href='http:\/\/extra.inmontanis.info\/d\/96912-2\/DSC03946.jpg'><img src=http:\/\/extra.inmontanis.info\/d\/96911-3\/DSC03946.jpg \/><\/a><br \/>\n^ Karl-Grillenberger-Stra\u00dfe, rechts das Ex-Arbeitsamt<\/p>\n<p><a href='http:\/\/extra.inmontanis.info\/d\/96916-2\/DSC03947.jpg'><img src=http:\/\/extra.inmontanis.info\/d\/96915-3\/DSC03947.jpg \/><\/a><br \/>\n^ Ex-Arbeitsamt<\/p>\n<p><a href='http:\/\/extra.inmontanis.info\/d\/96920-2\/DSC03948.jpg'><img src=http:\/\/extra.inmontanis.info\/d\/96919-3\/DSC03948.jpg \/><\/a><br \/>\n^ In der Karl-Grillenberger-Stra\u00dfe hatten meine Eltern ihren Friseursalon<\/p>\n<p><a href='http:\/\/extra.inmontanis.info\/d\/96924-2\/DSC03950.jpg'><img src=http:\/\/extra.inmontanis.info\/d\/96923-3\/DSC03950.jpg \/><\/a><br \/>\n^ Links der ehemalige Friseursalon meiner Eltern. Rechts (nicht der kleine dazwischen) war der An- und Verkauf, den ich gern mal besucht hatte, manchmal was kaufen durfte und glaub sogar mal was geschenkt bekam und ja, ich denke, ich hab noch was davon, z.B. eins der beiden Schallplatten-Alben oder auch die eine oder andere Platte selbst. Vielleicht auch ein paar M\u00fcnzen in meiner M\u00fcnzsammlung. Oder gar der alte, tragbare Schallplattenspieler?<\/p>\n<p><a href='http:\/\/extra.inmontanis.info\/d\/96928-2\/DSC03953.jpg'><img src=http:\/\/extra.inmontanis.info\/d\/96927-3\/DSC03953.jpg \/><\/a><br \/>\n^ Ehemaliger Friseursalon meiner Eltern. <\/p>\n<p>Der Bereich rechts, hinter der Theke, hinter dem Vorhang am Spiegel, war fr\u00fcher der sogenannte &#8220;Herrensalon&#8221;, als mein Vater noch hier arbeitete, bevor er ein zweites Gesch\u00e4ft in der S\u00fcdstadt er\u00f6ffnete, was ihm finanziell leider jahrzehntelang Kummer bereitete.<\/p>\n<p>Danach war der besagte Bereich privat, ich erinnere mich an einen Tisch mit einer Eckbank, die man, wie damals \u00fcblich, \u00f6ffnen konnte und Spielsachen o.\u00e4. unter den Sitzen verstauen konnte. Ein langes, gelbliches Radio gab&#8217;s wohl auch, Fernseher glaub ich nicht, evtl. noch einen Herd\/Backofen. Zwischen den beiden Abteilungen, am hinteren Durchgang, war ein schmaler Lagerraum, der richtung Hof das WC (mit weiterem Lager) enthielt und einer der damals nervigen braunen, linienf\u00f6rmigen Rautentapeten. <\/p>\n<p>Das Fenster hinten links im Bild ..<\/p>\n<p><a href='http:\/\/extra.inmontanis.info\/d\/96932-2\/DSC04309.jpg'><img src=http:\/\/extra.inmontanis.info\/d\/96931-3\/DSC04309.jpg \/><\/a><br \/>\n^ .. sieht man auch auf diesem alten Faschings-Foto. In dem hinteren Bereich war ein kleiner Mitarbeiterraum samt Kaffeemaschine und Kochplatte, sowie einer gro\u00dfen W\u00e4scheschleuder und wohl auch einer Waschmaschine und einer Sp\u00fcle.<\/p>\n<p><a href='http:\/\/extra.inmontanis.info\/d\/96936-2\/DSC04311.jpg'><img src=http:\/\/extra.inmontanis.info\/d\/96935-3\/DSC04311.jpg \/><\/a><br \/>\n^ Ein anderes Faschingsbild, diesmal in die andere Richtung fotografiert, also richtung Stra\u00dfe. Bessere Fotos hab ich nicht gefunden.<\/p>\n<p>Ja, auch hier gibt&#8217;s wieder etliches zu erz\u00e4hlen ..<\/p>\n<p>.. ich erinnere mich, besonders von der alten Registrierkasse und ihrer Mechanik fasziniert gewesen zu sein und erinnere mich an ein Anker-Symbol. Aber irgendwie meine ich, wir hatten mal zwei Registrierkassen. <\/p>\n<p>Wann genau ich hier war, wei\u00df ich gar nicht, aber vermutlich abschnittsweise in den fr\u00fchen Kindergarten- und Schul-Ferien, sofern ich nicht bei meinen Gro\u00dfeltern oder meiner Uroma (die in F\u00fcrth, n\u00e4he Billinganlage) war.<\/p>\n<p>Geheizt wurde mit mindestens zwei \u00d6fen, einem gr\u00f6\u00dferen und einem kleineren, und zwar mit Holz oder Kohle, je nachdem. <\/p>\n<p>Im Gegensatz zu den Bratw\u00fcrsten, die ich als Kind nicht besonders mochte (vom Bratwurststand in der Stadt noch eher), mochte ich Lebkuchen schon immer und da meine ich mich daran zu erinnern, dass es gegen Ende der Sommerferien, als die Lebkuchen-Saison eingel\u00e4utet wurde, Umz\u00fcge durch die Stra\u00dfen gab, Frauen mit K\u00f6rben gratis Lebkuchen verteilten, zumindest manchmal auch hier in unserer Stra\u00dfe.<\/p>\n<p><a href='http:\/\/extra.inmontanis.info\/d\/96940-2\/DSC03957.jpg'><img src=http:\/\/extra.inmontanis.info\/d\/96939-3\/DSC03957.jpg \/><\/a><br \/>\n^ Hinterhof, mit einem Tor versperrt. In meiner Babyzeit wohnten wir hier auch, bevor wir nach Heroldsberg zogen.<\/p>\n<p><a href='http:\/\/extra.inmontanis.info\/d\/96944-2\/DSC03968.jpg'><img src=http:\/\/extra.inmontanis.info\/d\/96943-3\/DSC03968.jpg \/><\/a><br \/>\n^ Karl-Grillenberger-Stra\u00dfe. Meinen Kindergarten gibt&#8217;s auch noch &#8230;<\/p>\n<p><a href='http:\/\/extra.inmontanis.info\/d\/96948-2\/DSC04308.jpg'><img src=http:\/\/extra.inmontanis.info\/d\/96947-3\/DSC04308.jpg \/><\/a><br \/>\n^ .. da hat sich auch nicht viel ver\u00e4ndert, au\u00dfer dass damals noch ein Parkplatz davor war ..<\/p>\n<p><a href='http:\/\/extra.inmontanis.info\/d\/96952-2\/DSC03965.jpg'><img src=http:\/\/extra.inmontanis.info\/d\/96951-3\/DSC03965.jpg \/><\/a><br \/>\n^ Karl-Grillenberger-Stra\u00dfe. Links die Treppe hinunter ..<\/p>\n<p><a href='http:\/\/extra.inmontanis.info\/d\/96956-2\/DSC03969.jpg'><img src=http:\/\/extra.inmontanis.info\/d\/96955-3\/DSC03969.jpg \/><\/a><br \/>\n^ .. kommt man in Folge (hinter mir) zum Kettensteg&#8230;<\/p>\n<p><a href='http:\/\/extra.inmontanis.info\/d\/96960-2\/DSC03971.jpg'><img src=http:\/\/extra.inmontanis.info\/d\/96959-3\/DSC03971.jpg \/><\/a><br \/>\n^ Allerdings d\u00fcrften hier einige H\u00e4user neu gebaut worden sein und (abgesehen von den hier wohl beliebten Blumenk\u00e4sten) in einem nicht erkennbaren zusammengew\u00fcrfelten Baustil ..<\/p>\n<p><a href='http:\/\/extra.inmontanis.info\/d\/96964-2\/DSC03972.jpg'><img src=http:\/\/extra.inmontanis.info\/d\/96963-3\/DSC03972.jpg \/><\/a><br \/>\n^ .. der, ich find kein besseres Wort ..<\/p>\n<p><a href='http:\/\/extra.inmontanis.info\/d\/96968-2\/DSC03973.jpg'><img src=http:\/\/extra.inmontanis.info\/d\/96967-3\/DSC03973.jpg \/><\/a><br \/>\n^ .. in jede Himmelsrichtung h\u00e4sslich ist.<\/p>\n<p>Fr\u00fcher m\u00fcsste meiner Erinnerung nach hier ein unbebauter Sand- oder Parkplatz gewesen sein? Evtl. war hier im Bereich Kreuzgasse, zwischen Grillenbergerstra\u00dfe und Kettensteg, auch irgendwo noch ein DS, ein Deutscher Supermarkt? Irgendwie spukt da was in meinem Kopf, dass hier in der N\u00e4he einer gewesen sein k\u00f6nnte &#8230;<\/p>\n<p>Ganz sicher war ein Deutscher Supermarkt am Westfriedhof, Ecke Westring, da ist aktuell ein Rewe drin und anscheinend geh\u00f6rte der DS eh zu Rewe.<\/p>\n<p><a href='https:\/\/www.lastdodo.de\/de\/items\/3671703-deutscher-supermarkt-ds'>https:\/\/www.lastdodo.de\/de\/items\/3671703-deutscher-supermarkt-ds<\/a><br \/>\n.. wobei ich das Logo in rot+gelb in Erinnerung hab. Was es wohl auch nicht mehr gibt: Tengelmann, Plus, &#8230; daf\u00fcr heutzutage \u00fcberall Edeka. Die waren damals eher selten.<\/p>\n<p><a href='http:\/\/extra.inmontanis.info\/d\/96972-2\/DSC03975.jpg'><img src=http:\/\/extra.inmontanis.info\/d\/96971-3\/DSC03975.jpg \/><\/a><br \/>\n^ Kettensteg und Stadtmauer. Leider ist der Kettensteg momentan wegen Bauarbeiten gesperrt und ich musste einen zus\u00e4tzlichen Umweg gehen. Mir tun die F\u00fc\u00dfe ja eh schon so weh und die Untergrundtour ist erst um 17:30, wo soll ich denn jetzt noch viel hin, ich kann nicht mehr.<\/p>\n<p><a href='http:\/\/extra.inmontanis.info\/d\/96976-2\/DSC03977.jpg'><img src=http:\/\/extra.inmontanis.info\/d\/96975-3\/DSC03977.jpg \/><\/a><br \/>\n^ Kettensteg-Infotafel<\/p>\n<p><a href='http:\/\/extra.inmontanis.info\/d\/96980-2\/DSC03974.jpg'><img src=http:\/\/extra.inmontanis.info\/d\/96979-3\/DSC03974.jpg \/><\/a><br \/>\n^ Pegnitz, Blick zur Maxbr\u00fccke<\/p>\n<p><a href='http:\/\/extra.inmontanis.info\/d\/96984-2\/DSC03979.jpg'><img src=http:\/\/extra.inmontanis.info\/d\/96983-3\/DSC03979.jpg \/><\/a><br \/>\n^ Maxplatz \/ Weintraubengasse (gradaus geht&#8217;s zum Hauptmarkt)<\/p>\n<p><a href='http:\/\/extra.inmontanis.info\/d\/96988-2\/DSC03980.jpg'><img src=http:\/\/extra.inmontanis.info\/d\/96987-3\/DSC03980.jpg \/><\/a><br \/>\n^ Neutormauer am Hallertor, hier kann man quasi hinter dem vorderen Mauerst\u00fcck ein St\u00fcck auf einem erh\u00f6hten Mauerfortsatz weiter hinauf richtung Burg gehen<\/p>\n<p><a href='http:\/\/extra.inmontanis.info\/d\/96992-2\/DSC03981.jpg'><img src=http:\/\/extra.inmontanis.info\/d\/96991-3\/DSC03981.jpg \/><\/a><br \/>\n^ Am Hallertor. Hier verkehrte wohl fr\u00fcher die Pferdetram, die auf dem einen Guckk\u00e4stla zu sehen ist.<\/p>\n<p><a href='http:\/\/extra.inmontanis.info\/d\/96996-2\/DSC03984.jpg'><img src=http:\/\/extra.inmontanis.info\/d\/96995-3\/DSC03984.jpg \/><\/a><br \/>\n^ Neutor-Hallertor mit Stra\u00dfenbahn<\/p>\n<p><a href='http:\/\/extra.inmontanis.info\/d\/97000-2\/DSC03983.jpg'><img src=http:\/\/extra.inmontanis.info\/d\/96999-3\/DSC03983.jpg \/><\/a><br \/>\n^ Neutor \/ richtung Johannis. Links hinten, vielleicht das wei\u00dfe Geb\u00e4ude oder dahinter, ist die Klinik Hallerwiese &#8211; dort bin ich geboren. Ich lass heut nix aus. In Johannis wohnten wir (also meine Mutter mit mir) nach der Scheidung meiner Eltern, in der Helmstra\u00dfe.<\/p>\n<p>Eine Stra\u00dfenecke von unserer Wohnung entfernt entdeckte ich damals die mir zuvor unbekannte Lebk\u00fcchnerei &#8220;Fraunholz&#8221;. Und das war die bekannte &#8220;Liebe auf den ersten Biss&#8221;, denn seitdem ist das meine Lieblings-Lebkuchenmarke. Auch nach meinem Umzug nach Innsbruck hatte ich quasi das ganze Jahr Lebkuchen daheim und in der Arbeit ein St\u00fcck gegessen, auch mal verschiedene Marken ausprobiert, Pfann war zwischendrin auch recht lecker. <\/p>\n<p>Mit dem Tod meiner Gro\u00dfeltern, nachdem auch meine Mutter nicht mehr regelm\u00e4\u00dfig nach N\u00fcrnberg kam, hatte ich weniger Lebkuchen daheim und dann kam eh bald die bekannte Corona-Geschichte. Wobei man sich die Lebkuchen nat\u00fcrlich mittlerweile auch schicken lassen kann. Ganzj\u00e4hrig erh\u00e4ltlich waren die in N\u00fcrnberg sowieso auch fr\u00fcher schon, zumindest an den Fabriksverk\u00e4ufen.<\/p>\n<p>Mittlerweile sind die Lebkuchen, insbesondere die Elisen, ja schon echt teuer geworden, f\u00fcr eine Packung zahlt man  teils \u00fcber 10, \u00fcber 12 \u20ac. Nicht mehr lustig. Die Fraunholz sind noch etwas g\u00fcnstiger, scheint&#8217;s. Den besonderen, intensiven Geschmack haben die vermutlich, weil sie ohne Mehl sind. Manche m\u00f6gen das aber gar nicht.<\/p>\n<p>N\u00fcrnberg und Umgebung war und ist ja f\u00fcr vieles bekannt &#8211; neben den Lebkuchen und Bratw\u00fcrsten, der Burg und dem Christkindlesmarkt auch z.B. und inbesondere Spielwaren (z.B. Playmobil oder Modellbahnhersteller wie Trix, Arnold, Fleischmann), Stifte (Schwan-Stabilo, Staedtler, Faber Castell), Quelle, Grundig und und und, aber f\u00fcr mich sind die Lebkuchen, und hier besonders die Schoko-Elisen-Lebkuchen, das Ma\u00df aller Dinge. <\/p>\n<p>Wie lang ich mir die noch leisten kann und will, steht aber auf einem anderen Blatt. M\u00f6ge es die kleine Fraunholz-Lebk\u00fcchnerei noch lange geben. (Wie \u00fcblich, unbezahlte Werbung ;) )<\/p>\n<p><a href='http:\/\/extra.inmontanis.info\/d\/97004-2\/DSC03986.jpg'><img src=http:\/\/extra.inmontanis.info\/d\/97003-3\/DSC03986.jpg \/><\/a><br \/>\n^ Neutor<\/p>\n<p><a href='http:\/\/extra.inmontanis.info\/d\/97008-2\/DSC03988.jpg'><img src=http:\/\/extra.inmontanis.info\/d\/97007-3\/DSC03988.jpg \/><\/a><br \/>\n^ Wege auf der Stadtmauer<\/p>\n<p><a href='http:\/\/extra.inmontanis.info\/d\/97012-2\/DSC03991.jpg'><img src=http:\/\/extra.inmontanis.info\/d\/97011-3\/DSC03991.jpg \/><\/a><br \/>\n^ Wege auf der Stadtmauer<\/p>\n<p><a href='http:\/\/extra.inmontanis.info\/d\/97016-2\/DSC03992.jpg'><img src=http:\/\/extra.inmontanis.info\/d\/97015-3\/DSC03992.jpg \/><\/a><br \/>\n^ Stadtmauer, hier darf man noch ein kurzes St\u00fcck direkt begehen<\/p>\n<p><a href='http:\/\/extra.inmontanis.info\/d\/97020-2\/DSC03994.jpg'><img src=http:\/\/extra.inmontanis.info\/d\/97019-3\/DSC03994.jpg \/><\/a><br \/>\n^ Am Tierg\u00e4rtnertor \/ Albrecht-D\u00fcrer-Haus<\/p>\n<p><a href='http:\/\/extra.inmontanis.info\/d\/97024-2\/DSC03996.jpg'><img src=http:\/\/extra.inmontanis.info\/d\/97023-3\/DSC03996.jpg \/><\/a><br \/>\n^ Am Tierg\u00e4rtnertor \/ Albrecht-D\u00fcrer-Haus \/ Albrecht-D\u00fcrer-Stra\u00dfe<\/p>\n<p><a href='http:\/\/extra.inmontanis.info\/d\/97028-2\/DSC04002.jpg'><img src=http:\/\/extra.inmontanis.info\/d\/97027-3\/DSC04002.jpg \/><\/a><br \/>\n^ Hier wird von den Altstadtfreunden ein altes Haus saniert und es war gerade Tag der offenen T\u00fcr<\/p>\n<p><a href='http:\/\/extra.inmontanis.info\/d\/97032-2\/DSC04003.jpg'><img src=http:\/\/extra.inmontanis.info\/d\/97031-3\/DSC04003.jpg \/><\/a><br \/>\n^ Treppenhaus<\/p>\n<p><a href='http:\/\/extra.inmontanis.info\/d\/97036-2\/DSC04004.jpg'><img src=http:\/\/extra.inmontanis.info\/d\/97035-3\/DSC04004.jpg \/><\/a><br \/>\n^ Dach. Im 5. Stock oder so. Parkpl\u00e4tze bekommt man auch keine. N\u00f6, m\u00f6cht ich nicht wohnen.<\/p>\n<p><a href='http:\/\/extra.inmontanis.info\/d\/97040-2\/DSC04007.jpg'><img src=http:\/\/extra.inmontanis.info\/d\/97039-3\/DSC04007.jpg \/><\/a><br \/>\n^ Die Aussicht ist nat\u00fcrlich nett.<\/p>\n<p><a href='http:\/\/extra.inmontanis.info\/d\/97044-2\/DSC04009.jpg'><img src=http:\/\/extra.inmontanis.info\/d\/97043-3\/DSC04009.jpg \/><\/a><br \/>\n^ Zudem gibt&#8217;s am Tierg\u00e4rtnertor ein kostenloses, \u00f6ffentliches WC und das hat eine mittlerweile auch sehr historische Klosp\u00fclung ;)<\/p>\n<p><a href='http:\/\/extra.inmontanis.info\/d\/97048-2\/DSC04010.jpg'><img src=http:\/\/extra.inmontanis.info\/d\/97047-3\/DSC04010.jpg \/><\/a><br \/>\n^ Na guck an, hier kosten die Guckk\u00e4stla nur 6,- und das Pferdetram-Motiv gab&#8217;s auch, also hab ichs hier gekauft.<\/p>\n<p><a href='http:\/\/extra.inmontanis.info\/d\/97052-2\/DSC04011.jpg'><img src=http:\/\/extra.inmontanis.info\/d\/97051-3\/DSC04011.jpg \/><\/a><br \/>\n^ N\u00fcrnberger Unterwelten, Blick durch die verschlossene T\u00fcr<\/p>\n<p>Beim Start der Tour war es dann ja schon dunkel, was die Sache etwas verkompliziert hatte, insbesondere weil der erste Teil auf der Stadtmauer bzw. der Wehranlage war. War schon recht informativ, aber h\u00e4tte noch mehr Untergrundabschnitte haben k\u00f6nnen. Dazu nochmals die ganzen Treppen rauf runter rauf (und dann weiter rauf zum Auto) und ich war schon zuvor so kaputt..<\/p>\n<p><a href='http:\/\/extra.inmontanis.info\/d\/97056-2\/DSC04014.jpg'><img src=http:\/\/extra.inmontanis.info\/d\/97055-3\/DSC04014.jpg \/><\/a><br \/>\n^ F\u00fchrung Wehr- und Geheimg\u00e4nge<\/p>\n<p><a href='http:\/\/extra.inmontanis.info\/d\/97060-2\/DSC04015.jpg'><img src=http:\/\/extra.inmontanis.info\/d\/97059-3\/DSC04015.jpg \/><\/a><br \/>\n^ F\u00fchrung Wehr- und Geheimg\u00e4nge<\/p>\n<p><a href='http:\/\/extra.inmontanis.info\/d\/97064-2\/DSC04019.jpg'><img src=http:\/\/extra.inmontanis.info\/d\/97063-3\/DSC04019.jpg \/><\/a><br \/>\n^ F\u00fchrung Wehr- und Geheimg\u00e4nge<\/p>\n<p><a href='http:\/\/extra.inmontanis.info\/d\/97068-2\/DSC04020.jpg'><img src=http:\/\/extra.inmontanis.info\/d\/97067-3\/DSC04020.jpg \/><\/a><br \/>\n^ F\u00fchrung Wehr- und Geheimg\u00e4nge<\/p>\n<p><a href='http:\/\/extra.inmontanis.info\/d\/97072-2\/DSC04024.jpg'><img src=http:\/\/extra.inmontanis.info\/d\/97071-3\/DSC04024.jpg \/><\/a><br \/>\n^ F\u00fchrung Wehr- und Geheimg\u00e4nge. Man beachte auch, wie der Sandstein mit den Jahren durch Wind an Substanz verliert<\/p>\n<p><a href='http:\/\/extra.inmontanis.info\/d\/97076-2\/DSC04026.jpg'><img src=http:\/\/extra.inmontanis.info\/d\/97075-3\/DSC04026.jpg \/><\/a><br \/>\n^ .. unterschiedliche H\u00f6hen<\/p>\n<p><a href='http:\/\/extra.inmontanis.info\/d\/97080-2\/DSC04034.jpg'><img src=http:\/\/extra.inmontanis.info\/d\/97079-3\/DSC04034.jpg \/><\/a><br \/>\n^ Den steilen Weg gings am Ende nach oben<\/p>\n<p><a href='http:\/\/extra.inmontanis.info\/d\/97084-2\/DSC04036.jpg'><img src=http:\/\/extra.inmontanis.info\/d\/97083-3\/DSC04036.jpg \/><\/a><br \/>\n^ F\u00fchrung Wehr- und Geheimg\u00e4nge<\/p>\n<p><a href='http:\/\/extra.inmontanis.info\/d\/97088-2\/DSC04040.jpg'><img src=http:\/\/extra.inmontanis.info\/d\/97087-3\/DSC04040.jpg \/><\/a><br \/>\n^ Der Wasserstollen wird nur kurz angeschnitten, ist ja ein Thema einer anderen F\u00fchrung<\/p>\n<p><a href='http:\/\/extra.inmontanis.info\/d\/97092-2\/DSC04053.jpg'><img src=http:\/\/extra.inmontanis.info\/d\/97091-3\/DSC04053.jpg \/><\/a><br \/>\n^ N\u00e4chtliches N\u00fcrnberg von der Burg<\/p>\n<p><a href='http:\/\/extra.inmontanis.info\/d\/97096-2\/DSC04054.jpg'><img src=http:\/\/extra.inmontanis.info\/d\/97095-3\/DSC04054.jpg \/><\/a><br \/>\n^ N\u00e4chtliches N\u00fcrnberg von der Burg<\/p>\n<p><a href='http:\/\/extra.inmontanis.info\/d\/97100-2\/DSC04055.jpg'><img src=http:\/\/extra.inmontanis.info\/d\/97099-3\/DSC04055.jpg \/><\/a><br \/>\n^ N\u00e4chtliches N\u00fcrnberg von der Burg<\/p>\n<p><a href='http:\/\/extra.inmontanis.info\/d\/97104-2\/DSC04056.jpg'><img src=http:\/\/extra.inmontanis.info\/d\/97103-3\/DSC04056.jpg \/><\/a><br \/>\n^ N\u00e4chtliches N\u00fcrnberg von der Burg<\/p>\n<p>Insbesondere bei den Panorama-Fotos von der Burg hatte ich mir aber schon gedacht &#8211; ne, das vermisse ich nicht. Da ist mir der Blick auf die Berge in neu-daheim K\u00e4rnten oder zuvor-daheim Innsbruck schon lieber.<\/p>\n<p>Wer noch mehr Untergrundbilder (von den Felseng\u00e4ngen vom erw\u00e4hnten Schuljubil\u00e4um) samt Schulbilder sehen will, den verweise ich auf den Bericht vom 29.7.2009:<br \/>\n<a href='http:\/\/blog.inmontanis.info\/?p=67'>http:\/\/blog.inmontanis.info\/?p=67<\/a><\/p>\n<p>Heute schlaf ich innerhalb der Stadt N\u00fcrnberg &#8211; das hab ich auch schon lang nicht mehr. Zuletzt wohl bei meinen Gro\u00dfeltern, als sie ein paar Jahre lang im &#8220;betreuten Wohnen&#8221; waren &#8211; zuvor nat\u00fcrlich in ihrer Wohnung &#8211; und teilweise zuletzt dann auf dem Luftbett.<\/p>\n<p>Morgen geh ich dann von der Grundschule aus in die Stadt und besuche ein paar Kaufh\u00e4user und den Rest der Fu\u00dfg\u00e4ngerzone &#8230; ja, der Bericht wird k\u00fcrzer.<\/p>\n<p>An den letzten Reisetagen ist mein Auto nat\u00fcrlich am vollsten &#8211; muss abends dann immer mehr umr\u00e4umen. Und leider werde ich wieder fast alles zweimal ausr\u00e4umen m\u00fcssen, denn wenn mein Auto wegen der Rostbehandlung lackiert wird, muss ich zumindest die Lebensmittel und insbesondere Schokoladen rausnehmen, bevor es bei 60-65\u00b0 in die Trockenkammer kommt.<\/p>\n","protected":false},"excerpt":{"rendered":"<p>Achtung, dieser Bericht ist nicht nur sehr lang, sondern beinhaltet 215 Fotos.<\/p>\n<p>Introtext, den ich ein paar Tage zuvor geschrieben hab:<\/p>\n<p>Ich w\u00fcrde ja ganz gern mal wieder bissl in N\u00fcrnberg durch die Innenstadt gehen, schauen, ob es noch Gesch\u00e4fte gibt, die ich aus meiner Kindheit\/Jugend her kenne. Weil duch die Armbanduhrthematik hab ich mich <a href=\"http:\/\/blog.inmontanis.info\/?p=8062\">[&#8230;]<\/a><\/p>\n","protected":false},"author":1,"featured_media":8068,"comment_status":"closed","ping_status":"closed","sticky":false,"template":"","format":"standard","meta":{"footnotes":""},"categories":[186,12,59,8],"tags":[51,36],"class_list":["post-8062","post","type-post","status-publish","format-standard","has-post-thumbnail","hentry","category-2022-07-uk-irl-iom","category-germany","category-nostalgie","category-private","tag-architektur","tag-castle","odd"],"_links":{"self":[{"href":"http:\/\/blog.inmontanis.info\/index.php?rest_route=\/wp\/v2\/posts\/8062","targetHints":{"allow":["GET"]}}],"collection":[{"href":"http:\/\/blog.inmontanis.info\/index.php?rest_route=\/wp\/v2\/posts"}],"about":[{"href":"http:\/\/blog.inmontanis.info\/index.php?rest_route=\/wp\/v2\/types\/post"}],"author":[{"embeddable":true,"href":"http:\/\/blog.inmontanis.info\/index.php?rest_route=\/wp\/v2\/users\/1"}],"replies":[{"embeddable":true,"href":"http:\/\/blog.inmontanis.info\/index.php?rest_route=%2Fwp%2Fv2%2Fcomments&post=8062"}],"version-history":[{"count":8,"href":"http:\/\/blog.inmontanis.info\/index.php?rest_route=\/wp\/v2\/posts\/8062\/revisions"}],"predecessor-version":[{"id":8072,"href":"http:\/\/blog.inmontanis.info\/index.php?rest_route=\/wp\/v2\/posts\/8062\/revisions\/8072"}],"wp:featuredmedia":[{"embeddable":true,"href":"http:\/\/blog.inmontanis.info\/index.php?rest_route=\/wp\/v2\/media\/8068"}],"wp:attachment":[{"href":"http:\/\/blog.inmontanis.info\/index.php?rest_route=%2Fwp%2Fv2%2Fmedia&parent=8062"}],"wp:term":[{"taxonomy":"category","embeddable":true,"href":"http:\/\/blog.inmontanis.info\/index.php?rest_route=%2Fwp%2Fv2%2Fcategories&post=8062"},{"taxonomy":"post_tag","embeddable":true,"href":"http:\/\/blog.inmontanis.info\/index.php?rest_route=%2Fwp%2Fv2%2Ftags&post=8062"}],"curies":[{"name":"wp","href":"https:\/\/api.w.org\/{rel}","templated":true}]}}