{"id":806,"date":"2008-05-03T23:59:17","date_gmt":"2008-05-03T21:59:17","guid":{"rendered":"http:\/\/blog.inmontanis.info\/?p=806"},"modified":"2023-08-03T22:02:30","modified_gmt":"2023-08-03T20:02:30","slug":"passo-fedaia-3-5-2008","status":"publish","type":"post","link":"http:\/\/blog.inmontanis.info\/?p=806","title":{"rendered":"Passo Fedaia, 3.5.2008"},"content":{"rendered":"<p>Da war ich heuer in zig Mini-Skigebiete Italiens, doch eins blieb mir verwehrt: Den klassischsten, typischsten aller italienischen Lifte zu fahren: Den Korblift. Einst gehasst, seit 3 Jahren auf meiner Liste vom aussterben bedrohten Liftgattungen und seitdem stark in seinem Ansehen gestiegen. <!--more--><\/p>\n<p>.. und so kam es, dass ich zum 76. Skitag im 82. Skigebiet der Saison den seit 2 Jahren zum Saisonende \u00fcblichen Weg zum Passo Fedaia unternahm, um Graffer meinen Tribut zu zollen und mir eine Tageskarte um 21,- f\u00fcr einen einzigen Korblift zu leisten &#8230; <\/p>\n<p>.. und es sollte nicht nur der sp\u00e4teste, sondern auch der beste Tag dieser 3 Jahre werden &#8211; das beste Wetter, der meiste Schnee, die besten Pisten- und Offpiste-Verh\u00e4ltnisse. <\/p>\n<p>Dank zahlreicher Varianten links und rechts der Piste wurde mir an dem ca. 1,5km und 600hm langen Lift selbst ohne iPod nicht langweilig (Auf- und Abfahrt 20-30min). Obwohl sich eine leichte Traurigkeit in my mind breit machte &#8211; schlie\u00dflich sind die Wintersaisontage nun endg\u00fcltig gez\u00e4hlt, und Kris&#8217; Kunde, dass der Lift schon bald und weit vor seinem italienischen Lebensende ersetzt werden soll &#8230; ein Tag wie heute, bei den Verh\u00e4ltnissen, Anfang Mai, mit diesem Lift &#8211; &#8220;das gibt&#8217;s nur einmal, das kommt nie wieder&#8221; .. <\/p>\n<p>.. aber ich komme wieder, n\u00e4chstes Jahr, zum Wintersaisonende. <\/p>\n<p>Da am Samstag etliches los war, hab ich mir mal die Leute am Ausstieg n\u00e4her angesehen. Und musste feststellen, es gibt etliche Varianten!<br \/>\nManche steigen seitw\u00e4rts aus, so wie ich bisher. Andere vorw\u00e4rts (!) was eher an stolpern erinnert. Am elegantesten schaut&#8217;s aus, wenn man r\u00fcckw\u00e4rts aussteigt. <\/p>\n<p>Das Aussteigen an einem Korblift fl\u00f6\u00dft mir immer noch Respekt ein, und es kostet mich bei jeder Fahrt etwas \u00dcberwindung, den Fu\u00df auf festen Boden zu stellen. Diesmal hab ich mich aber bereits bei der 2. Fahrt \u00fcberwunden, es mal hintenrum zu probieren, also r\u00fcckw\u00e4rts aus zu steigen. Und was soll ich sagen? Es funktioniert super! Skier und St\u00f6cke in der rechten Hand, mit der linken Hand festhalten, den linken Fu\u00df am Rand des Korbes, den rechten Fu\u00df so dann auf den festen Boden, der Korb schwingt leicht nach vorne und ob ich nun zuerst die linke Hand vom Korb wegnehm oder erst der linke Fu\u00df den Boden ber\u00fchrt? Ich hab keine Ahnung. Das Problem ist auch, sich dar\u00fcber Gedanken zu machen, dann wei\u00df mans beim n\u00e4chsten Mal wieder nicht und es kostet wieder \u00dcberwindung&#8230;.<br \/>\n.. aber wo soll man das Korblift-ausstiegen heutzutge auch noch gro\u00df \u00fcben? Gibt ja fast keine mehr, vor allem im Winter-Ski-Betrieb sind&#8217;s nur noch 4! Vier !! in ganz Italien!!! Ok, n\u00e4chstes Jahr k\u00f6nntens 1-2 mehr sein&#8230; <\/p>\n<p><em>[_de]Bilder anklicken zum Vergr\u00f6\u00dfern[\/_de]\u2028[_en]Click photos to enlarge[\/_en]<\/em><\/p>\n<p><a href='http:\/\/ski.inmontanis.info\/d\/58180-1\/P1260304.JPG'><img src=http:\/\/ski.inmontanis.info\/d\/58182-3\/P1260304.JPG \/><\/a><br \/>\n^ Sellajoch, wie auch Gr\u00f6dner und Pordoi &#8211; hier sind Pfingsten heuer locker noch Skitouren oder Car&#038;Ski m\u00f6glich! <\/p>\n<p><a href='http:\/\/ski.inmontanis.info\/d\/58184-1\/P1260305.JPG'><img src=http:\/\/ski.inmontanis.info\/d\/58186-3\/P1260305.JPG \/><\/a><br \/>\n^ Das \u00fcbliche Foto vom Sellajoch zu Belvedere und Marmolada <\/p>\n<p><a href='http:\/\/ski.inmontanis.info\/d\/58188-1\/P1260306.JPG'><img src=http:\/\/ski.inmontanis.info\/d\/58190-3\/P1260306.JPG \/><\/a><br \/>\n^ Belvedere und Marmolada. Da kann man ja in 2 Wochen noch Skitouren machen! <\/p>\n<p><a href='http:\/\/ski.inmontanis.info\/d\/58192-1\/P1260307.JPG'><img src=http:\/\/ski.inmontanis.info\/d\/58194-3\/P1260307.JPG \/><\/a><br \/>\n^ 3 Murmeltiere kreuzten die Stra\u00dfe, hier zwei der fetteren Gattung <\/p>\n<p><a href='http:\/\/ski.inmontanis.info\/d\/58196-1\/P1260310.JPG'><img src=http:\/\/ski.inmontanis.info\/d\/58198-3\/P1260310.JPG \/><\/a><br \/>\n^ Staudamm und Korblift. Hammer viel Schnee heuer Anfang Mai! <\/p>\n<p><a href='http:\/\/ski.inmontanis.info\/d\/58200-1\/gps_fedaia.jpg'><img src=http:\/\/ski.inmontanis.info\/d\/58202-3\/gps_fedaia.jpg \/><\/a><br \/>\n^ GPS-Track. Wenn die Verh\u00e4ltnisse offpiste so gut sind wie heute, wird einem den Tag \u00fcber nicht langweilig&#8230; aber erstaunlich, wie sich manche off-piste-lanes doch in sich vereinen, obwohl ich die ganze Breite h\u00e4tte fahren k\u00f6nnen :-( <\/p>\n<p><a href='http:\/\/ski.inmontanis.info\/d\/58204-1\/P1260312.JPG'><img src=http:\/\/ski.inmontanis.info\/d\/58206-3\/P1260312.JPG \/><\/a><br \/>\n^ Talstation <\/p>\n<p><a href='http:\/\/ski.inmontanis.info\/d\/58208-1\/P1260313.JPG'><img src=http:\/\/ski.inmontanis.info\/d\/58210-3\/P1260313.JPG \/><\/a><br \/>\n^ Abfahrt &#8211; heuer keine Steine und kein Schieben n\u00f6tig&#8230; <\/p>\n<p><a href='http:\/\/ski.inmontanis.info\/d\/58212-1\/P1260317.JPG'><img src=http:\/\/ski.inmontanis.info\/d\/58214-3\/P1260317.JPG \/><\/a><br \/>\n^ .. und auch der Korblift ist voll .. <\/p>\n<p><a href='http:\/\/ski.inmontanis.info\/d\/58216-1\/P1260320.JPG'><img src=http:\/\/ski.inmontanis.info\/d\/58218-3\/P1260320.JPG \/><\/a><br \/>\n^ Graffer-Drilling. Ich bin ja bekanntlich ein Fan von diesen Graffer-St\u00fctzen, aber bei den K\u00f6rben .. gefallen mir die Marchisio-Vogelk\u00e4fige besser ;-) <\/p>\n<p><a href='http:\/\/ski.inmontanis.info\/d\/58220-1\/P1260321.JPG'><img src=http:\/\/ski.inmontanis.info\/d\/58222-3\/P1260321.JPG \/><\/a><br \/>\n^ Oberer Teil. Piste war an diesen kompletten Nordh\u00e4ngen bis Mittag noch recht hart! (bei den \u00f6stlichen Streckenabschnitten dagegen schon ab 10 Uhr aufgefirnt) <\/p>\n<p><a href='http:\/\/ski.inmontanis.info\/d\/58224-1\/P1260325.JPG'><img src=http:\/\/ski.inmontanis.info\/d\/58226-3\/P1260325.JPG \/><\/a><br \/>\n^ Zoom Belvedere-Langkofel <\/p>\n<p><a href='http:\/\/ski.inmontanis.info\/d\/58228-1\/P1260326.JPG'><img src=http:\/\/ski.inmontanis.info\/d\/58230-3\/P1260326.JPG \/><\/a><br \/>\n^ Tourenhang rechts <\/p>\n<p><a href='http:\/\/ski.inmontanis.info\/d\/58232-1\/P1260328.JPG'><img src=http:\/\/ski.inmontanis.info\/d\/58234-3\/P1260328.JPG \/><\/a><br \/>\n^ Bergstation und dr\u00fcber die mittleren Tourenh\u00e4nge &#8211; schon komplett verspurt. Falls der Korblift mal ersetzt wird, k\u00f6nnte man die Bergstation doch da links auf diesen Felsen setzen und damit eine Verbindung zum Marmolada-Gebiet herstellen? <\/p>\n<p><a href='http:\/\/ski.inmontanis.info\/d\/58236-1\/P1260329.JPG'><img src=http:\/\/ski.inmontanis.info\/d\/58238-3\/P1260329.JPG \/><\/a><br \/>\n^ Abfahrt, Lift und Sella <\/p>\n<p><a href='http:\/\/ski.inmontanis.info\/d\/58240-1\/P1260331.JPG'><img src=http:\/\/ski.inmontanis.info\/d\/58242-3\/P1260331.JPG \/><\/a><br \/>\n^ Zoom Pordoi-PB <\/p>\n<p><a href='http:\/\/ski.inmontanis.info\/d\/58244-1\/P1260332.JPG'><img src=http:\/\/ski.inmontanis.info\/d\/58246-3\/P1260332.JPG \/><\/a><br \/>\n^ Piz Boe <\/p>\n<p><a href='http:\/\/ski.inmontanis.info\/d\/58248-1\/P1260335.JPG'><img src=http:\/\/ski.inmontanis.info\/d\/58250-3\/P1260335.JPG \/><\/a><br \/>\n^ An der ehemaligen Porta Vescovo-Station erinnert nun nichts mehr an das vergangene Projekt&#8230; <\/p>\n<p><img src=http:\/\/ski.inmontanis.info\/d\/58252-1\/P1260340.JPG \/><br \/>\n^ Retro-Style pur &#8230; <\/p>\n<p><a href='http:\/\/ski.inmontanis.info\/d\/58256-1\/P1260341.JPG'><img src=http:\/\/ski.inmontanis.info\/d\/58258-3\/P1260341.JPG \/><\/a><br \/>\n^ Oben die Tourenabfahrten, ich befinde mich nun auf meiner rechtesten Variante&#8230; <\/p>\n<p><a href='http:\/\/ski.inmontanis.info\/d\/58260-1\/P1260343.JPG'><img src=http:\/\/ski.inmontanis.info\/d\/58262-3\/P1260343.JPG \/><\/a><br \/>\n^ Retro-Style pur &#8230; <\/p>\n<p><a href='http:\/\/ski.inmontanis.info\/d\/58264-1\/P1260345.JPG'><img src=http:\/\/ski.inmontanis.info\/d\/58266-3\/P1260345.JPG \/><\/a><br \/>\n^ Mit roter oder blauer St\u00fctze s\u00e4h das nochmal so gut aus ;-) <\/p>\n<p><a href='http:\/\/ski.inmontanis.info\/d\/58268-1\/P1260346.JPG'><img src=http:\/\/ski.inmontanis.info\/d\/58270-3\/P1260346.JPG \/><\/a><br \/>\n^ Ganz rechts (bergw\u00e4rts gesehen) k\u00f6nnte man noch in dieses Tal abfahren, um dann aber wieder zur Talstation des Korblifts zu gelangen, m\u00fcsste man ganz unten m.E. ziemlich kriminell queren &#8230;  <\/p>\n<p><a href='http:\/\/ski.inmontanis.info\/d\/58272-1\/P1260348.JPG'><img src=http:\/\/ski.inmontanis.info\/d\/58274-3\/P1260348.JPG \/><\/a><br \/>\n^ \u00dcberblicks-Foto nach oben von dem verfallenen Haus am Grat <\/p>\n<p><a href='http:\/\/ski.inmontanis.info\/d\/58276-1\/P1260349.JPG'><img src=http:\/\/ski.inmontanis.info\/d\/58278-3\/P1260349.JPG \/><\/a><br \/>\n^ gleicher standort, mittlerer Teil <\/p>\n<p><a href='http:\/\/ski.inmontanis.info\/d\/58280-1\/P1260350.JPG'><img src=http:\/\/ski.inmontanis.info\/d\/58282-3\/P1260350.JPG \/><\/a><br \/>\n^ Pass Ost-Pano. Man beachte auch die Steilheit, die der Korblift hier an den Tag legt! <\/p>\n<p><a href='http:\/\/ski.inmontanis.info\/d\/58284-1\/P1260351.JPG'><img src=http:\/\/ski.inmontanis.info\/d\/58286-3\/P1260351.JPG \/><\/a><br \/>\n^ Passo Fedaia <\/p>\n<p><img src=http:\/\/ski.inmontanis.info\/d\/58288-1\/P1260353.JPG \/><br \/>\n^ Retro-Style pur ..<br \/>\n(In der Mulde hat der Lift einen netten Bodenabstand!) <\/p>\n<p><a href='http:\/\/ski.inmontanis.info\/d\/58292-1\/P1260357.JPG'><img src=http:\/\/ski.inmontanis.info\/d\/58294-3\/P1260357.JPG \/><\/a><br \/>\n^ Steilst\u00fcck des Korblifts <\/p>\n<p><a href='http:\/\/ski.inmontanis.info\/d\/58296-1\/P1260359.JPG'><img src=http:\/\/ski.inmontanis.info\/d\/58298-3\/P1260359.JPG \/><\/a><br \/>\n^ (Ungewohnte Perspektive f\u00fcr mich &#8230;) <\/p>\n<p><a href='http:\/\/ski.inmontanis.info\/d\/58300-1\/P1260362.JPG'><img src=http:\/\/ski.inmontanis.info\/d\/58302-3\/P1260362.JPG \/><\/a><br \/>\n^ Altes St\u00fctzenfundament <\/p>\n<p><a href='http:\/\/ski.inmontanis.info\/d\/58304-1\/P1260363.JPG'><img src=http:\/\/ski.inmontanis.info\/d\/58306-3\/P1260363.JPG \/><\/a><br \/>\n^ Die 3 Parkpl\u00e4tze sind einfach zu klein :-) Man beachte den Ausweichparkplatz auf der Staumauer&#8230;. <\/p>\n<p><a href='http:\/\/ski.inmontanis.info\/d\/58308-1\/P1260365.JPG'><img src=http:\/\/ski.inmontanis.info\/d\/58310-3\/P1260365.JPG \/><\/a><br \/>\n^ Schattenfahrt. Hab ich zwei St\u00fctzen\u00fcberfahrten mitgefilmt, kam irgendwie cool&#8230;  <\/p>\n<p><a href='http:\/\/ski.inmontanis.info\/d\/58312-1\/P1260366.JPG'><img src=http:\/\/ski.inmontanis.info\/d\/58314-3\/P1260366.JPG \/><\/a><br \/>\n^ .. und mal auf der anderen Seite unterwegs &#8230; (Bergstation Korblift mittig) <\/p>\n<p><a href='http:\/\/ski.inmontanis.info\/d\/58316-1\/P1260367.JPG'><img src=http:\/\/ski.inmontanis.info\/d\/58318-3\/P1260367.JPG \/><\/a><br \/>\n^ .. und mal auf der anderen Seite unterwegs &#8230; (Korblift richtung Langkofel) <\/p>\n<p><a href='http:\/\/ski.inmontanis.info\/d\/58320-1\/P1260368.JPG'><img src=http:\/\/ski.inmontanis.info\/d\/58322-3\/P1260368.JPG \/><\/a><br \/>\n^ .. und mal auf der anderen Seite unterwegs &#8230; (Korblift und Staumauer) <\/p>\n<p><a href='http:\/\/ski.inmontanis.info\/d\/58324-1\/P1260370.JPG'><img src=http:\/\/ski.inmontanis.info\/d\/58326-3\/P1260370.JPG \/><\/a><br \/>\n^ .. und schon wieder abseits der Pisten, mei is des schlimm heut mit mir :) <\/p>\n<p><a href='http:\/\/ski.inmontanis.info\/d\/58328-1\/P1260371.JPG'><img src=http:\/\/ski.inmontanis.info\/d\/58330-3\/P1260371.JPG \/><\/a><br \/>\n^ Diese Spuren kommen von Tourengehern, auf die H\u00e4nge kommt man nur, wenn man vom Korblift weiter hinauf geht (bzw. ein St\u00fcck r\u00fcber richtung Serauta) <\/p>\n<p><a href='http:\/\/ski.inmontanis.info\/d\/58332-1\/P1260373.JPG'><img src=http:\/\/ski.inmontanis.info\/d\/58334-3\/P1260373.JPG \/><\/a><br \/>\n^ Hier fand ich &#8211; wenn auch nicht lang &#8211; den perfektesten Firn des heurigen Jahres (heuer gabs ja noch nicht so oft Firn) &#8211; und nebenbei kaum Spuren! <\/p>\n<p><a href='http:\/\/ski.inmontanis.info\/d\/58336-1\/P1260375.JPG'><img src=http:\/\/ski.inmontanis.info\/d\/58338-3\/P1260375.JPG \/><\/a><br \/>\n^ .. daf\u00fcr muss ich jetzt etwas weiter queren, um wieder zur Talstation zu kommen :-) Sogar die roten Fangnetze sind heuer noch an der Abfahrt&#8230; <\/p>\n<p><a href='http:\/\/ski.inmontanis.info\/d\/58340-1\/P1260379.JPG'><img src=http:\/\/ski.inmontanis.info\/d\/58342-3\/P1260379.JPG \/><\/a><br \/>\n^ K\u00f6nnte eine ehemalige St\u00fctze des ESL gewesen sein? <\/p>\n<p><a href='http:\/\/ski.inmontanis.info\/d\/58344-1\/P1260380.JPG'><img src=http:\/\/ski.inmontanis.info\/d\/58346-3\/P1260380.JPG \/><\/a><br \/>\n^ .. da steht nochmal ein Fundament, aber auf ganz anderer Trasse als das von vor ein paar Bildern &#8230; <\/p>\n<p><a href='http:\/\/ski.inmontanis.info\/d\/58348-1\/P1260381.JPG'><img src=http:\/\/ski.inmontanis.info\/d\/58350-3\/P1260381.JPG \/><\/a><br \/>\n^ Bergstation, in einer Linie mit der Porta Vescovo&#8230;. <\/p>\n<p><a href='http:\/\/ski.inmontanis.info\/d\/58352-1\/P1260376.JPG'><img src=http:\/\/ski.inmontanis.info\/d\/58354-3\/P1260376.JPG \/><\/a><br \/>\n^ Hubschrauber. Wer sich&#8217;s leisten kann spart sich den Aufstieg&#8230; <\/p>\n<p><a href='http:\/\/ski.inmontanis.info\/d\/58356-1\/P1260388.JPG'><img src=http:\/\/ski.inmontanis.info\/d\/58358-3\/P1260388.JPG \/><\/a><br \/>\n^ Heli im Zoom. Bereit machen zum Abseilen &#8230; <\/p>\n<p><a href='http:\/\/ski.inmontanis.info\/d\/58360-1\/P1260390.JPG'><img src=http:\/\/ski.inmontanis.info\/d\/58362-3\/P1260390.JPG \/><\/a><br \/>\n^ Ich h\u00e4tte echt gedacht, man schnallt sich die Skier an, bevor man aussteigt. Jetzt landet er also mit den Schuhen im Tiefschnee, na hoffentlich versinkt er nicht so tief ;-) (Wo hat der \u00fcberhaupt seine Skier?!) <\/p>\n<p><a href='http:\/\/ski.inmontanis.info\/d\/58364-1\/P1260391.JPG'><img src=http:\/\/ski.inmontanis.info\/d\/58366-3\/P1260391.JPG \/><\/a><br \/>\n^ 3 Sekunden sp\u00e4ter war er abgeseilt &#8211; leider sieht man nicht, wo er gelandet ist&#8230; <\/p>\n<p><a href='http:\/\/ski.inmontanis.info\/d\/58368-1\/P1260395.JPG'><img src=http:\/\/ski.inmontanis.info\/d\/58370-3\/P1260395.JPG \/><\/a><br \/>\n^ Bergstation und Rifugio in Hochformat, damit die Sonne mit drauf passt ,-) <\/p>\n<p><a href='http:\/\/ski.inmontanis.info\/d\/58372-1\/P1260396.JPG'><img src=http:\/\/ski.inmontanis.info\/d\/58374-3\/P1260396.JPG \/><\/a><br \/>\n^ Huch, da balanciert ja einer auf der St\u00fctze 25 ;-) Immer diese kuriosen Zoom-Shots&#8230; <\/p>\n<p><a href='http:\/\/ski.inmontanis.info\/d\/58376-1\/P1260397.JPG'><img src=http:\/\/ski.inmontanis.info\/d\/58378-3\/P1260397.JPG \/><\/a><br \/>\n^ Skiing in the sky&#8230; <\/p>\n<p><a href='http:\/\/ski.inmontanis.info\/d\/58380-1\/P1260399.JPG'><img src=http:\/\/ski.inmontanis.info\/d\/58382-3\/P1260399.JPG \/><\/a><br \/>\n^ Skiing into hell &#8211;<br \/>\n\u00c4hm.. sorry, mir war g&#8217;rad danach ;-) <\/p>\n<p><a href='http:\/\/ski.inmontanis.info\/d\/58384-1\/P1260400.JPG'><img src=http:\/\/ski.inmontanis.info\/d\/58386-3\/P1260400.JPG \/><\/a><br \/>\n^ Es gibt ja 3 kleinere Parkpl\u00e4tze, ich stand quasi rechts unten gegen\u00fcber des WoMo, und zu dem Parkplatz konnte man netterweise noch auf gen\u00fcgend Schnee offpiste abfahren &#8230; <\/p>\n<p><a href='http:\/\/ski.inmontanis.info\/d\/58388-1\/P1260401.JPG'><img src=http:\/\/ski.inmontanis.info\/d\/58390-3\/P1260401.JPG \/><\/a><br \/>\n^ komische Muster in der Staumauer &#8211; als ob da einer was geschrieben h\u00e4tte &#8230; ,-) <\/p>\n<p>\u00dcbrigens, in Canazei \/ Alba w\u00e4re sogar noch die Talabfahrt ohne gr\u00f6\u00dfere Fu\u00dfwege gegangen, auch am Tal-SL lag noch gen\u00fcgend Schnee &#8230;.<\/p>\n","protected":false},"excerpt":{"rendered":"<p>Da war ich heuer in zig Mini-Skigebiete Italiens, doch eins blieb mir verwehrt: Den klassischsten, typischsten aller italienischen Lifte zu fahren: Den Korblift. Einst gehasst, seit 3 Jahren auf meiner Liste vom aussterben bedrohten Liftgattungen und seitdem stark in seinem Ansehen gestiegen. <\/p>\n<p> <a href=\"http:\/\/blog.inmontanis.info\/?p=806\">[&#8230;]<\/a><\/p>\n","protected":false},"author":1,"featured_media":0,"comment_status":"open","ping_status":"closed","sticky":false,"template":"","format":"standard","meta":{"footnotes":""},"categories":[24,489,15,59,27],"tags":[63,45],"class_list":["post-806","post","type-post","status-publish","format-standard","hentry","category-tagestour","category-fedaia-fiacconi","category-italienitaly","category-nostalgie","category-skifahren-winterskiing-winter","tag-korblift","tag-see","odd"],"_links":{"self":[{"href":"http:\/\/blog.inmontanis.info\/index.php?rest_route=\/wp\/v2\/posts\/806","targetHints":{"allow":["GET"]}}],"collection":[{"href":"http:\/\/blog.inmontanis.info\/index.php?rest_route=\/wp\/v2\/posts"}],"about":[{"href":"http:\/\/blog.inmontanis.info\/index.php?rest_route=\/wp\/v2\/types\/post"}],"author":[{"embeddable":true,"href":"http:\/\/blog.inmontanis.info\/index.php?rest_route=\/wp\/v2\/users\/1"}],"replies":[{"embeddable":true,"href":"http:\/\/blog.inmontanis.info\/index.php?rest_route=%2Fwp%2Fv2%2Fcomments&post=806"}],"version-history":[{"count":4,"href":"http:\/\/blog.inmontanis.info\/index.php?rest_route=\/wp\/v2\/posts\/806\/revisions"}],"predecessor-version":[{"id":9029,"href":"http:\/\/blog.inmontanis.info\/index.php?rest_route=\/wp\/v2\/posts\/806\/revisions\/9029"}],"wp:attachment":[{"href":"http:\/\/blog.inmontanis.info\/index.php?rest_route=%2Fwp%2Fv2%2Fmedia&parent=806"}],"wp:term":[{"taxonomy":"category","embeddable":true,"href":"http:\/\/blog.inmontanis.info\/index.php?rest_route=%2Fwp%2Fv2%2Fcategories&post=806"},{"taxonomy":"post_tag","embeddable":true,"href":"http:\/\/blog.inmontanis.info\/index.php?rest_route=%2Fwp%2Fv2%2Ftags&post=806"}],"curies":[{"name":"wp","href":"https:\/\/api.w.org\/{rel}","templated":true}]}}