{"id":8045,"date":"2022-10-29T18:46:37","date_gmt":"2022-10-29T16:46:37","guid":{"rendered":"http:\/\/blog.inmontanis.info\/?p=8045"},"modified":"2022-11-21T17:21:25","modified_gmt":"2022-11-21T16:21:25","slug":"bad-ems-28-10-2022-erinnerungen-an-die-vergangenheit-29-10-2022","status":"publish","type":"post","link":"http:\/\/blog.inmontanis.info\/?p=8045","title":{"rendered":"Bad Ems, 28.10.2022 + Erinnerungen an die Vergangenheit, 29.10.2022"},"content":{"rendered":"<p><strong>28.10.2022<\/strong> &#8211; Reisetag Nr. 108<\/p>\n<p>Da hab ich mir f\u00fcr morgens extra einen Parkplatz mit WC f\u00fcr vormittags rausgesucht (Grill-Wander-Platz), die waren aber abgesperrt. Naja, eh nicht ben\u00f6tigt. Sch\u00f6ne Landschaft, hier am r\u00f6mischen Limes&#8230; aber gar keine Zeit da nach den R\u00f6mern Ausschau zu halten.<\/p>\n<p>Zus\u00e4tzlich zu den gestern genannten vielen Ampeln nerven in Deutschland ja auch insbesondere die vielen rechts-vor-links-Stra\u00dfenkreuzungen. \u00d6sterreich in den Ortschaften ja \u00e4hnlich. Aber in IT und UK halt (fast) gar nicht. Also im UK eigentlich nur seltenst an einspurigen, meist von Bauern verwendeten \u00dcberlandstra\u00dfen, in Ortschaften normalerweise gar nicht. <\/p>\n<p>Die Eigenheit deutscher Tankstellen, dass man einen Schl\u00fcssel f\u00fcr&#8217;s WC holen muss, kenn ich ja &#8211; aber die sind dann normalerweise draue\u00dfen am Geb\u00e4ude, extra T\u00fcren. Dass man auch f\u00fcr innen im Verkaufsraum liegende WCs einen Schl\u00fcssel braucht, war mir neu. Warme Bockwurst mit Br\u00f6tchen gab&#8217;s hier in oder vor Bad Ems auch (2,25 \u20ac) &#8211; ob es wohl schon endlich mal Tankstellen mit Hotdogs in DE gibt? ;)<\/p>\n<p>Mein Ziel heute war die seit einigen Jahren geschlossene Malbergbahn, eine Standseilbahn oberhalb Bad Ems. Die h\u00e4tte ich im Juli bei der Hinfahrt schon besuchen wollen &#8211; wenn es nicht so hei\u00df gewesen w\u00e4re.<\/p>\n<p>An der Talstation gibt&#8217;s ein paar gratis Parkpl\u00e4tze (in der Stra\u00dfe im Ort darunter k\u00f6nnte man ebenfalls teilweise gratis parken), wobei auch die Bergstation interessant sein soll, denn in der Talstation ist ein Caf\u00e9 untergebracht und die Bergstation soll noch vor sich hin gammeln.<\/p>\n<p>Allerdings schien mir der Berg steiler und h\u00f6her vor Ort zu sein, als ich das erwartet h\u00e4tte. Lt. Maps-Programm zwar nur 224m und auch lt. Karte vor Ort eher nur ca. 220m?! Evtl. k\u00f6nnte man auch noch von weiter oben hin, muss daf\u00fcr aber eine ggf. l\u00e4ngere Strecke gehen.<\/p>\n<p>Leider hatte das Caf\u00e9 (Sitzpl\u00e4tze teilweise im alten Wagen!) im Oktober nicht mehr freitags (heute) offen, nur noch Sa+So. Daher konnte ich nur von drau\u00dfen fotografieren.<\/p>\n<p>Auf der anderen Flussseite gibt&#8217;s auch eine SSB, Kurwaldbahn, schaut auf den Fotos aber sehr neu aus.<\/p>\n<p><a href='http:\/\/extra.inmontanis.info\/d\/95926-2\/DSC03465.jpg'><img src=http:\/\/extra.inmontanis.info\/d\/95924-3\/DSC03465.jpg \/><\/a><br \/>\n^ Schmale Stra\u00dfe, bergiges Gel\u00e4nde. N\u00e4he Bad Ems<\/p>\n<p><a href='http:\/\/extra.inmontanis.info\/d\/95930-2\/DSC03468.jpg'><img src=http:\/\/extra.inmontanis.info\/d\/95929-3\/DSC03468.jpg \/><\/a><br \/>\n^ N\u00e4he Bad Ems<\/p>\n<p><a href='http:\/\/extra.inmontanis.info\/d\/95934-2\/DSC03475.jpg'><img src=http:\/\/extra.inmontanis.info\/d\/95933-3\/DSC03475.jpg \/><\/a><br \/>\n^ Auf die Berge da vorn soll die Malbergbahn raufgehen. Schaut nach mehr H\u00f6henmeter aus als erwartet. Lt. Karte dann doch nur 220hm?! Anscheinend bin ich keine Berge mehr gew\u00f6hnt ;)<\/p>\n<p><a href='http:\/\/extra.inmontanis.info\/d\/95938-2\/DSC03476.jpg'><img src=http:\/\/extra.inmontanis.info\/d\/95937-3\/DSC03476.jpg \/><\/a><br \/>\n^ Bad Ems an der Lahn<\/p>\n<p><a href='http:\/\/extra.inmontanis.info\/d\/95942-2\/DSC03478.jpg'><img src=http:\/\/extra.inmontanis.info\/d\/95941-3\/DSC03478.jpg \/><\/a><br \/>\n^ Bad Ems an der Lahn<\/p>\n<p><a href='http:\/\/extra.inmontanis.info\/d\/95946-2\/DSC03483.jpg'><img src=http:\/\/extra.inmontanis.info\/d\/95945-3\/DSC03483.jpg \/><\/a><br \/>\n^ Nahe der Malbergbahn-Talstation gibt es verschiedene Ausstellungsst\u00fccke<\/p>\n<p><a href='http:\/\/extra.inmontanis.info\/d\/95950-2\/DSC03484.jpg'><img src=http:\/\/extra.inmontanis.info\/d\/95949-3\/DSC03484.jpg \/><\/a><br \/>\n^ Weg  vom Parkplatz zur Talstation<\/p>\n<p><a href='http:\/\/extra.inmontanis.info\/d\/95954-2\/DSC03485.jpg'><img src=http:\/\/extra.inmontanis.info\/d\/95953-3\/DSC03485.jpg \/><\/a><br \/>\n^ Das Zahnrad ..<\/p>\n<p><a href='http:\/\/extra.inmontanis.info\/d\/95958-2\/DSC03486.jpg'><img src=http:\/\/extra.inmontanis.info\/d\/95957-3\/DSC03486.jpg \/><\/a><br \/>\n^ &#8230; diente nur zum Bremsen, die Standseilbahn wurde wohl prim\u00e4r mit Wasserkraft (Schwerkraft) betrieben<\/p>\n<p><a href='http:\/\/extra.inmontanis.info\/d\/95962-2\/DSC03492.jpg'><img src=http:\/\/extra.inmontanis.info\/d\/95961-3\/DSC03492.jpg \/><\/a><br \/>\n^ Eisenbahnstrecke unterhalb der Talstation<\/p>\n<p><a href='http:\/\/extra.inmontanis.info\/d\/95966-2\/DSC03491.jpg'><img src=http:\/\/extra.inmontanis.info\/d\/95965-3\/DSC03491.jpg \/><\/a><br \/>\n^ Talstation der Malbergbahn. Ohne H vor dem L also.<\/p>\n<p><a href='http:\/\/extra.inmontanis.info\/d\/95970-2\/DSC03494.jpg'><img src=http:\/\/extra.inmontanis.info\/d\/95969-3\/DSC03494.jpg \/><\/a><br \/>\n^ <\/p>\n<p><a href='http:\/\/extra.inmontanis.info\/d\/95974-2\/DSC03495.jpg'><img src=http:\/\/extra.inmontanis.info\/d\/95973-3\/DSC03495.jpg \/><\/a><br \/>\n^ <\/p>\n<p><a href='http:\/\/extra.inmontanis.info\/d\/95978-2\/DSC03498.jpg'><img src=http:\/\/extra.inmontanis.info\/d\/95977-3\/DSC03498.jpg \/><\/a><br \/>\n^ In der Talstation ist ein Caf\u00e9 untergebracht, aber aktuell nur Sa-So offen.<\/p>\n<p><a href='http:\/\/extra.inmontanis.info\/d\/95982-2\/DSC03500.jpg'><img src=http:\/\/extra.inmontanis.info\/d\/95981-3\/DSC03500.jpg \/><\/a><br \/>\n^ Talstation<\/p>\n<p><a href='http:\/\/extra.inmontanis.info\/d\/95986-2\/DSC03503.jpg'><img src=http:\/\/extra.inmontanis.info\/d\/95985-3\/DSC03503.jpg \/><\/a><br \/>\n^ Der untere Wagen wurde renoviert und zum Caf\u00e9 ausgebaut<\/p>\n<p><a href='http:\/\/extra.inmontanis.info\/d\/95990-2\/DSC03504.jpg'><img src=http:\/\/extra.inmontanis.info\/d\/95989-3\/DSC03504.jpg \/><\/a><br \/>\n^ Der untere Wagen wurde renoviert und zum Caf\u00e9 ausgebaut<\/p>\n<p><a href='http:\/\/extra.inmontanis.info\/d\/95994-2\/DSC03507.jpg'><img src=http:\/\/extra.inmontanis.info\/d\/95993-3\/DSC03507.jpg \/><\/a><br \/>\n^ <\/p>\n<p><a href='http:\/\/extra.inmontanis.info\/d\/95998-2\/DSC03508.jpg'><img src=http:\/\/extra.inmontanis.info\/d\/95997-3\/DSC03508.jpg \/><\/a><br \/>\n^ Bad Ems von der Talstation Malbergbahn aus<\/p>\n<p>Ich fuhr also zu dem oberen Parkplatz rauf und nahm den langen Weg zur Bergstation. Leider war ich nicht lange ungest\u00f6rt, erst kam noch eine Frau und dann zwei weitere, es stand sogar ein Auto an der Bergstation.<\/p>\n<p><a href='http:\/\/extra.inmontanis.info\/d\/96002-2\/DSC03509.jpg'><img src=http:\/\/extra.inmontanis.info\/d\/96001-3\/DSC03509.jpg \/><\/a><br \/>\n^ Bad Ems Bahnhof<\/p>\n<p><a href='http:\/\/extra.inmontanis.info\/d\/96006-2\/DSC03512.jpg'><img src=http:\/\/extra.inmontanis.info\/d\/96005-3\/DSC03512.jpg \/><\/a><br \/>\n^ Ich fuhr mit dem Auto hinauf ..<\/p>\n<p><a href='http:\/\/extra.inmontanis.info\/d\/96010-2\/DSC03513.jpg'><img src=http:\/\/extra.inmontanis.info\/d\/96009-3\/DSC03513.jpg \/><\/a><br \/>\n^ .. wo es einen Parkplatz gibt, von dem man mit weniger H\u00f6henmeter die Bergstation erreicht.<\/p>\n<p><a href='http:\/\/extra.inmontanis.info\/d\/96014-2\/DSC03514.jpg'><img src=http:\/\/extra.inmontanis.info\/d\/96013-3\/DSC03514.jpg \/><\/a><br \/>\n^ Den Berg vorne kann man sich sparen, indem man in der Senke nach rechts einen alternativen Weg geht..<\/p>\n<p><a href='http:\/\/extra.inmontanis.info\/d\/96018-2\/DSC03515.jpg'><img src=http:\/\/extra.inmontanis.info\/d\/96017-3\/DSC03515.jpg \/><\/a><br \/>\n^ .. der allerdings teilweise recht matschig ist. Was man aber an den R\u00e4ndern noch umgehen konnte.<\/p>\n<p><a href='http:\/\/extra.inmontanis.info\/d\/96022-2\/DSC03517.jpg'><img src=http:\/\/extra.inmontanis.info\/d\/96021-3\/DSC03517.jpg \/><\/a><br \/>\n^ Diverse bekannte Verbote und ein sehr eigenartiges: GPS-Tracking ist verboten. Was f\u00fcr ein Bl\u00f6dsinn? Mit welcher Begr\u00fcndung? K\u00f6nnte das wirklich gesetzlich bestraft werden?<\/p>\n<p>Wenn das wirklich durchsetzbar w\u00e4re, h\u00e4tten das die Skigebiete doch schon l\u00e4ngst eingef\u00fchrt, um ihre L\u00fcgen hinsichtich Pistenl\u00e4nge und Skigebietsh\u00f6he zu vertuschen..<\/p>\n<p><a href='http:\/\/extra.inmontanis.info\/d\/96026-2\/DSC03519.jpg'><img src=http:\/\/extra.inmontanis.info\/d\/96025-3\/DSC03519.jpg \/><\/a><br \/>\n^ Einer der Grundst\u00fccksbesitzer am Berg hat sein gro\u00dfes Grundst\u00fcck mit einem Stacheldrahtzaun und Wachhunden versehen &#8230;..<\/p>\n<p><a href='http:\/\/extra.inmontanis.info\/d\/96030-2\/DSC03521.jpg'><img src=http:\/\/extra.inmontanis.info\/d\/96029-3\/DSC03521.jpg \/><\/a><br \/>\n^ Ententeich und Bergstation Malbergbahn<\/p>\n<p><a href='http:\/\/extra.inmontanis.info\/d\/96034-2\/DSC03523.jpg'><img src=http:\/\/extra.inmontanis.info\/d\/96033-3\/DSC03523.jpg \/><\/a><br \/>\n^ Bergstationsgeb\u00e4ude<\/p>\n<p><a href='http:\/\/extra.inmontanis.info\/d\/96038-2\/DSC03528.jpg'><img src=http:\/\/extra.inmontanis.info\/d\/96037-3\/DSC03528.jpg \/><\/a><br \/>\n^ Ex-WCs<\/p>\n<p><a href='http:\/\/extra.inmontanis.info\/d\/96042-2\/DSC03527.jpg'><img src=http:\/\/extra.inmontanis.info\/d\/96041-3\/DSC03527.jpg \/><\/a><br \/>\n^ Bergstationsgeb\u00e4ude, soll ja renoviert werden wie die ganze Standseilbahn. Man wird gebeten, nicht reinzugehen, von vorne auch alles abgez\u00e4unt.<\/p>\n<p><a href='http:\/\/extra.inmontanis.info\/d\/96046-2\/DSC03530.jpg'><img src=http:\/\/extra.inmontanis.info\/d\/96045-3\/DSC03530.jpg \/><\/a><br \/>\n^ .. allerdings kann man trotz Zaun reinschauen<\/p>\n<p><a href='http:\/\/extra.inmontanis.info\/d\/96050-2\/DSC03533.jpg'><img src=http:\/\/extra.inmontanis.info\/d\/96049-3\/DSC03533.jpg \/><\/a><br \/>\n^ Im unteren Bereich gibt es hier allerdings keine Absperrung.<\/p>\n<p><a href='http:\/\/extra.inmontanis.info\/d\/96054-2\/DSC03534.jpg'><img src=http:\/\/extra.inmontanis.info\/d\/96053-3\/DSC03534.jpg \/><\/a><br \/>\n^ Vermutlich der Wasserbeh\u00e4lter, da es ja eine Wasserballastbahn war, d.h. der obere Wagen wurde, wenn n\u00f6tig, mit Wasser bef\u00fcllt, der Wagen fuhr mit Schwerkraft runter, zog den anderen Wagen damit hinauf und sp\u00e4ter wurde das Wasser von unten wieder raufgepumpt. Wenn nachmittags der obere Zug voll mit Leuten und der untere leer war, brauchte man vielleicht kein Waser.<\/p>\n<p><a href='http:\/\/extra.inmontanis.info\/d\/96058-2\/DSC03537.jpg'><img src=http:\/\/extra.inmontanis.info\/d\/96057-3\/DSC03537.jpg \/><\/a><br \/>\n^ Umlenkscheibe<\/p>\n<p><a href='http:\/\/extra.inmontanis.info\/d\/96062-2\/DSC03538.jpg'><img src=http:\/\/extra.inmontanis.info\/d\/96061-3\/DSC03538.jpg \/><\/a><br \/>\n^ Umlenkscheibe<\/p>\n<p><a href='http:\/\/extra.inmontanis.info\/d\/96066-2\/DSC03552.jpg'><img src=http:\/\/extra.inmontanis.info\/d\/96065-3\/DSC03552.jpg \/><\/a><br \/>\n^ Bergstation<\/p>\n<p><a href='http:\/\/extra.inmontanis.info\/d\/96070-2\/DSC03539.jpg'><img src=http:\/\/extra.inmontanis.info\/d\/96069-3\/DSC03539.jpg \/><\/a><br \/>\n^ Bergstation<\/p>\n<p><a href='http:\/\/extra.inmontanis.info\/d\/96074-2\/DSC03541.jpg'><img src=http:\/\/extra.inmontanis.info\/d\/96073-3\/DSC03541.jpg \/><\/a><br \/>\n^ Seilf\u00fchrung und Wasserbef\u00fcllung<\/p>\n<p><a href='http:\/\/extra.inmontanis.info\/d\/96078-2\/DSC03543.jpg'><img src=http:\/\/extra.inmontanis.info\/d\/96077-3\/DSC03543.jpg \/><\/a><br \/>\n^ Der Wagen an der Bergstation ist ziemlich zerst\u00f6rt. Ein- und Ausstieg erfolgte an den Stirnseiten, die einzelnen Abteile hatten keine einzelnen T\u00fcren.<\/p>\n<p><a href='http:\/\/extra.inmontanis.info\/d\/96082-2\/DSC03544.jpg'><img src=http:\/\/extra.inmontanis.info\/d\/96081-3\/DSC03544.jpg \/><\/a><br \/>\n^ <\/p>\n<p><a href='http:\/\/extra.inmontanis.info\/d\/96086-2\/DSC03546.jpg'><img src=http:\/\/extra.inmontanis.info\/d\/96085-3\/DSC03546.jpg \/><\/a><br \/>\n^ <\/p>\n<p><a href='http:\/\/extra.inmontanis.info\/d\/96090-2\/DSC03547.jpg'><img src=http:\/\/extra.inmontanis.info\/d\/96089-3\/DSC03547.jpg \/><\/a><br \/>\n^ Sogar gepolsterte Sitze<\/p>\n<p><a href='http:\/\/extra.inmontanis.info\/d\/96094-2\/DSC03551.jpg'><img src=http:\/\/extra.inmontanis.info\/d\/96093-3\/DSC03551.jpg \/><\/a><br \/>\n^ <\/p>\n<p><a href='http:\/\/extra.inmontanis.info\/d\/96098-2\/DSC03555.jpg'><img src=http:\/\/extra.inmontanis.info\/d\/96097-3\/DSC03555.jpg \/><\/a><br \/>\n^ Man beachte auch die zus\u00e4tzliche seitliche T\u00fcr, evtl. f\u00fcr einen Halt oder Evakuierung auf der Strecke?<\/p>\n<p><a href='http:\/\/extra.inmontanis.info\/d\/96102-2\/DSC03558.jpg'><img src=http:\/\/extra.inmontanis.info\/d\/96101-3\/DSC03558.jpg \/><\/a><br \/>\n^ <\/p>\n<p><a href='http:\/\/extra.inmontanis.info\/d\/96106-2\/DSC03559.jpg'><img src=http:\/\/extra.inmontanis.info\/d\/96105-3\/DSC03559.jpg \/><\/a><br \/>\n^ Blick talw\u00e4rts von der Bergstation<\/p>\n<p><a href='http:\/\/extra.inmontanis.info\/d\/96110-2\/DSC03563.jpg'><img src=http:\/\/extra.inmontanis.info\/d\/96109-3\/DSC03563.jpg \/><\/a><br \/>\n^ <\/p>\n<p><a href='http:\/\/extra.inmontanis.info\/d\/96114-2\/DSC03564.jpg'><img src=http:\/\/extra.inmontanis.info\/d\/96113-3\/DSC03564.jpg \/><\/a><br \/>\n^ Zerst\u00f6rter Wagen<\/p>\n<p><a href='http:\/\/extra.inmontanis.info\/d\/96118-2\/DSC03566.jpg'><img src=http:\/\/extra.inmontanis.info\/d\/96117-3\/DSC03566.jpg \/><\/a><br \/>\n^ Bergstation<\/p>\n<p><a href='http:\/\/extra.inmontanis.info\/d\/96122-2\/DSC03568.jpg'><img src=http:\/\/extra.inmontanis.info\/d\/96121-3\/DSC03568.jpg \/><\/a><br \/>\n^ Bergstation<\/p>\n<p><a href='http:\/\/extra.inmontanis.info\/d\/96126-2\/DSC03570.jpg'><img src=http:\/\/extra.inmontanis.info\/d\/96125-3\/DSC03570.jpg \/><\/a><br \/>\n^ Bergstation<\/p>\n<p><a href='http:\/\/extra.inmontanis.info\/d\/96130-2\/DSC03572.jpg'><img src=http:\/\/extra.inmontanis.info\/d\/96129-3\/DSC03572.jpg \/><\/a><br \/>\n^ Weitere nicht mehr gen\u00fctzte Geb\u00e4ude hinter der Bergstation &#8211; und ein Auto steht da und zwei plus eine weitere Person, nie ist man allein.<\/p>\n<p><a href='http:\/\/extra.inmontanis.info\/d\/96134-2\/DSC03573.jpg'><img src=http:\/\/extra.inmontanis.info\/d\/96133-3\/DSC03573.jpg \/><\/a><br \/>\n^ Bergstation<\/p>\n<p><a href='http:\/\/extra.inmontanis.info\/d\/96138-2\/DSC03575.jpg'><img src=http:\/\/extra.inmontanis.info\/d\/96137-3\/DSC03575.jpg \/><\/a><br \/>\n^ Bergstation<\/p>\n<p><a href='http:\/\/extra.inmontanis.info\/d\/96142-2\/DSC03576.jpg'><img src=http:\/\/extra.inmontanis.info\/d\/96141-3\/DSC03576.jpg \/><\/a><br \/>\n^ Links der Aussichtsturm<\/p>\n<p><a href='http:\/\/extra.inmontanis.info\/d\/96146-2\/DSC03579.jpg'><img src=http:\/\/extra.inmontanis.info\/d\/96145-3\/DSC03579.jpg \/><\/a><br \/>\n^ Das Pano vom Aussichtsturm wird wie so h\u00e4ufig heutzutage von hohen B\u00e4umen beschr\u00e4nkt<\/p>\n<p><a href='http:\/\/extra.inmontanis.info\/d\/96150-2\/DSC03580.jpg'><img src=http:\/\/extra.inmontanis.info\/d\/96149-3\/DSC03580.jpg \/><\/a><br \/>\n^ Das Pano vom Aussichtsturm wird wie so h\u00e4ufig heutzutage von hohen B\u00e4umen beschr\u00e4nkt<\/p>\n<p><a href='http:\/\/extra.inmontanis.info\/d\/96154-2\/DSC03582.jpg'><img src=http:\/\/extra.inmontanis.info\/d\/96153-3\/DSC03582.jpg \/><\/a><br \/>\n^ <\/p>\n<p><a href='http:\/\/extra.inmontanis.info\/d\/96158-2\/DSC03584.jpg'><img src=http:\/\/extra.inmontanis.info\/d\/96157-3\/DSC03584.jpg \/><\/a><br \/>\n^ Der Aussichtsturm hat die Treppe au\u00dfenseitig. Insofern fraglich, was denn IN dem Turm ist?<\/p>\n<p><a href='http:\/\/extra.inmontanis.info\/d\/96162-2\/DSC03587.jpg'><img src=http:\/\/extra.inmontanis.info\/d\/96161-3\/DSC03587.jpg \/><\/a><br \/>\n^ Das Fumdament vom Turm k\u00f6nnte auf eine ehemalige Zusatzn\u00fctzung hindeuten<\/p>\n<p><a href='http:\/\/extra.inmontanis.info\/d\/96166-2\/DSC03588.jpg'><img src=http:\/\/extra.inmontanis.info\/d\/96165-3\/DSC03588.jpg \/><\/a><br \/>\n^ Der M\u00fclleimer wird vom Baum bald absorbiert sein<\/p>\n<p><a href='http:\/\/extra.inmontanis.info\/d\/96170-2\/DSC03589.jpg'><img src=http:\/\/extra.inmontanis.info\/d\/96169-3\/DSC03589.jpg \/><\/a><br \/>\n^ <\/p>\n<p>Zur\u00fcck am Parkplatz zeigte mein Auto-Au\u00dfenthermometer 26\u00b0, ihr spinnt doch. Sank aber beim Fahren wieder.<\/p>\n<p>Auf der Wikipedia-Seite gibts zwei sch\u00f6ne alte Postkartenfotos von der Malbergbahn (1887-1979):<br \/>\n<a href='https:\/\/de.wikipedia.org\/wiki\/Malbergbahn'>https:\/\/de.wikipedia.org\/wiki\/Malbergbahn<\/a><\/p>\n<p>Da die Aussicht vom Aussichtsturm nicht wirklich besonders war, besuchte ich noch einen anderen Aussichtsturm hier, den Concordiaturm.<\/p>\n<p><a href='http:\/\/extra.inmontanis.info\/d\/96174-2\/DSC03592.jpg'><img src=http:\/\/extra.inmontanis.info\/d\/96173-3\/DSC03592.jpg \/><\/a><br \/>\n^ Recht schmale Zufahrt hinauf zum Concordiaturm<\/p>\n<p><a href='http:\/\/extra.inmontanis.info\/d\/96178-2\/DSC03593.jpg'><img src=http:\/\/extra.inmontanis.info\/d\/96177-3\/DSC03593.jpg \/><\/a><br \/>\n^ Concordiaturm, netterweise auch gratis begehbar<\/p>\n<p><a href='http:\/\/extra.inmontanis.info\/d\/96182-2\/DSC03598.jpg'><img src=http:\/\/extra.inmontanis.info\/d\/96181-3\/DSC03598.jpg \/><\/a><br \/>\n^ Pano mit Lahn (Fluss) vom Concordiaturm<\/p>\n<p><a href='http:\/\/extra.inmontanis.info\/d\/96186-2\/DSC03602.jpg'><img src=http:\/\/extra.inmontanis.info\/d\/96185-3\/DSC03602.jpg \/><\/a><br \/>\n^ Der Malberg mit der vorher besuchten SSB ist der rechte mit dem Antennemasten, die SSB selbst sieht man von hier aus nicht.<\/p>\n<p><a href='http:\/\/extra.inmontanis.info\/d\/96190-2\/DSC03603.jpg'><img src=http:\/\/extra.inmontanis.info\/d\/96189-3\/DSC03603.jpg \/><\/a><br \/>\n^ Blick auf Bad Ems vom Concordiaturm<\/p>\n<p><a href='http:\/\/extra.inmontanis.info\/d\/96194-2\/DSC03605.jpg'><img src=http:\/\/extra.inmontanis.info\/d\/96193-3\/DSC03605.jpg \/><\/a><br \/>\n^ Pano vom Concordiaturm<\/p>\n<p><a href='http:\/\/extra.inmontanis.info\/d\/96198-2\/DSC03600.jpg'><img src=http:\/\/extra.inmontanis.info\/d\/96197-3\/DSC03600.jpg \/><\/a><br \/>\n^ Pano vom Concordiaturm<\/p>\n<p><a href='http:\/\/extra.inmontanis.info\/d\/96202-2\/DSC03609.jpg'><img src=http:\/\/extra.inmontanis.info\/d\/96201-3\/DSC03609.jpg \/><\/a><br \/>\n^ Concordiaturm<\/p>\n<p><a href='http:\/\/extra.inmontanis.info\/d\/96206-2\/DSC03610.jpg'><img src=http:\/\/extra.inmontanis.info\/d\/96205-3\/DSC03610.jpg \/><\/a><br \/>\n^ Concordiaturm<\/p>\n<p><a href='http:\/\/extra.inmontanis.info\/d\/96210-2\/DSC03613.jpg'><img src=http:\/\/extra.inmontanis.info\/d\/96209-3\/DSC03613.jpg \/><\/a><br \/>\n^ Unten f\u00e4hrt gerade ein Zug<\/p>\n<p><a href='http:\/\/extra.inmontanis.info\/d\/96214-2\/DSC03616.jpg'><img src=http:\/\/extra.inmontanis.info\/d\/96213-3\/DSC03616.jpg \/><\/a><br \/>\n^ Concordiaturm<\/p>\n<p>Mehr Zeit verwendet als erwartet, ging&#8217;s nun endlich weiter richtung N\u00fcrnberg.<\/p>\n<p>Auf dem Weg kam ich durch einen Ort, wo ich mir so dachte, der ist so gro\u00df, dass im UK da ein Fish&#8217;n&#8217;Chips w\u00e4re, vielleicht also ein D\u00f6nerladen hier? Ja, tats\u00e4chlich. D\u00f6ner\/Pizza. Warum auch immer, entschied ich mich f\u00fcr die kleine Sucuk Pizza um 6,- &#8211; da h\u00e4tte es auch den gro\u00dfen D\u00f6ner drum gegeben. Sucuk brauch ich nicht all zu oft, aber da schon paar Jahre nicht mehr gegessen, war&#8217;s ganz gut soweit. Besser als Salami-Pizza, die ich eigentlich gar nicht mag.<\/p>\n<p><a href='http:\/\/extra.inmontanis.info\/d\/96218-2\/DSC03619.jpg'><img src=http:\/\/extra.inmontanis.info\/d\/96217-3\/DSC03619.jpg \/><\/a><br \/>\n^ Kleine Pizza Sucuk<\/p>\n<p>Die heute zuf\u00e4llig angefahrene Tankstelle um 1,799 f\u00fcr&#8217;s E10-Benzin schien die g\u00fcnstigste heute gewesen zu sein. Warum ich mich bei dem Hessen mit &#8220;Ade&#8221; verabschiedet hab, was ich eigentlich maximal in Gesch\u00e4ften in Franken sag, aber auch nur, wenn sich das Gegen\u00fcber entsprechend fr\u00e4nkisch gibt, wei\u00df ich nicht &#8211; wurde aber ebenso mit einem &#8220;Ade&#8221; best\u00e4tigt.<\/p>\n<p><a href='http:\/\/extra.inmontanis.info\/d\/96222-3\/DSC03621.jpg'><img src=http:\/\/extra.inmontanis.info\/d\/96221-4\/DSC03621.jpg \/><\/a><br \/>\n^ Noch etwas \u00fcber&#8217;s Land, bevor es auf die Autobahn geht.<\/p>\n<p><a href='http:\/\/extra.inmontanis.info\/d\/96226-3\/DSC03625.jpg'><img src=http:\/\/extra.inmontanis.info\/d\/96225-4\/DSC03625.jpg \/><\/a><br \/>\n^ Frankfurt<\/p>\n<p>Dachte eigentlich, ich h\u00e4tte heut Nachmittag mehr Zeit, aber durch den zweiten Turm wohl doch nicht mehr, 20:15 war ich an meinem Nachtplatz und morgen h\u00e4tt ich fr\u00fch noch knapp 2 Stunden bis Zirndorf zu fahren (mit Fr\u00fchst\u00fcck am McD in Oberasbach eventuell). Verkehr auf den Autobahnen hatte ich hin und wieder, auch mal Langsamfahren, aber der eine Stau war immerhin schon am Abklingen.<\/p>\n<p>Abends wollte ich noch etwas &#8220;Klo-floh&#8221; ins WC sch\u00fctten und oben dann etwas Lavendel\u00f6l drauf, da es die letzten Tage doch \u00f6fter etwas gerochen hat. Nat\u00fcrlich nicht zu vergleichen mit einem frisch geodelten Feld! Ich war der Meinung, das WC h\u00e4tte irgendwo ein \u00dcberdruckventil, wodurch sich Luftdruckunterschiede ausgleichen k\u00f6nnen (deshalb hin und wieder der Geruch), aber heute war trotzdem ein gro\u00dfer Druck im Abwasserbereich, somit es beim \u00d6ffnen der Klappe das, was dort drin war (bisschen Wasser mit Lavendel\u00f6l), nach oben gesprizt ist &#8211; inkl. Gesicht und Augen ;) Aber gut, dass mir das noch nicht passiert ist, nachdem ich gerade eine &#8220;Ladung&#8221; in die Sch\u00fcssel abgesetzt hatte&#8230;.<\/p>\n<p><strong>Sa, 29.10.2022<\/strong><\/p>\n<p><a href='http:\/\/extra.inmontanis.info\/d\/96230-3\/DSC03629.jpg'><img src=http:\/\/extra.inmontanis.info\/d\/96229-4\/DSC03629.jpg \/><\/a><br \/>\n^ Gro\u00dfer Pilz<\/p>\n<p><a href='http:\/\/extra.inmontanis.info\/d\/96234-3\/DSC03633.jpg'><img src=http:\/\/extra.inmontanis.info\/d\/96233-4\/DSC03633.jpg \/><\/a><br \/>\n^ Heute verzichtete ich auf Autobahnen<\/p>\n<p>Auf dem Weg nach Zirndorf wollte ich im McD in Oberasbach fr\u00fchst\u00fccken. M\u00f6\u00f6p. Kein Fr\u00fchst\u00fcck. W\u00e4hrend es im UK quasi in jeden McD Fr\u00fchst\u00fcck gibt, ist das in DE wohl eher selten der Fall, nachdem ich mir sp\u00e4ter die Karte auf der McD-Website f\u00fcr die Umgebung angesehen hab. Allerdings war ich sp\u00e4t genug dran (nach 10 Uhr), dass er trotzdem schon offen hatte &#8211; nahm ich halt ein McRib.<\/p>\n<p>Viel Fr\u00fchst\u00fccksgerichte gibts im deutschen McD wohl eh nicht mehr: Mc Muffin Bacon &#038; Egg (kein Ham&#038;Egg), Mc Muffin Chicken, R\u00fchrei Bacon und Croissant. Da gab&#8217;s ja fast zur Fr\u00fchst\u00fcckseinf\u00fchrung in den 1980ern oder wann das war, noch mehr Auswahl?! Kamm mich jedenfalls an 4 Men\u00fcs erinnern. Waren die nicht mit L\u00e4ndernamen versehen damals? Schwachschwachschwach. In AT gibt&#8217;s da nach wie vor mehr, allerdings anscheinend beim R\u00fchrei nur Ham &#038; Eggs und nicht Bacon &#038; Eggs. Bacon schmeckt doch wesentlich besser.<\/p>\n<p>In Zirndorf traf ich mich mit &#8220;Dr. Cool&#8221;, den ich vielleicht zuletzt 1996 oder so getroffen hatte, wobei unsere &#8220;Hoch-Zeit&#8221; noch fr\u00fcher war, in unserem Vor-Internet-Zeitalter, als wir uns Ende 80er \/ Anfang 90er (wobei er selbst ja erst sp\u00e4t, 1992, nach N\u00fcrnberg gezogen ist) in den Mailboxen \/ BBS der Umgebung (Ortstarif N\u00fcrnberg) getummelt hatten und wir selbst jeweils eine hatten, naja, meine war winzig und kaum besucht. Er hat seine kurioserweise noch auf seiner Homepage &#8220;online&#8221;:<br \/>\n<a href='http:\/\/cool-web.de\/mailbox\/'>http:\/\/cool-web.de\/mailbox\/<\/a><br \/>\nBei der Userliste nach Login-Datum steh ich sogar an erster Stelle ;) Die wenigsten User damals hatten ja was geschrieben und kannte man somit nicht, etwaige weiblich klingende Accounts waren zu der Zeiten fast immer Fakes, ein kleiner Bereich traf sich hin und wieder im RL (Real Life), z.B. beim Hackerstammtisch in N\u00fcrnberg in der Oase (oder hie\u00df es Ruhest\u00f6rung oder erst so dann so?!) (hatte ich nur selten besucht) oder bei anderen Festen oder man traf sich auch mal nur so einzeln.<\/p>\n<p>Mailboxen \/ BBS mit mehreren Telefonanschl\u00fcssen boten die Gelegenheit f\u00fcr Live-Chats mit anderen Usern und auch Online-Spielen mit anderen Usern. Hatte die Mailbox\/BBS nur einen Anschluss, konnte nur ein User online sein und so konnte man immerhin mit dem Sysop chatten und spielen. Oder eben in den lokalen Boards\/Brettern schreiben + lesen. Oder Bilder oder Software up- und downloaden (mit den damaligen Daten\u00fcbertragungsprotokollen X-Modem, Y-Modem, Z-Modem). Viele Mailboxen hatten Credits oder eine UL-DL-Ratio, demnach man z.B. bei einer Ratio von 1:3 dreimal soviel downloaden konnte, wie man uploadete &#8211; aber eben musste man was zum Uploaden haben.<\/p>\n<p>Geschwindigkeit war anfangs 300 Baud (Telefonh\u00f6rer in den Akustikkoppler gesteckt) bzw. sp\u00e4ter 1200 und 2400 Baud mit den ersten, weil g\u00fcnstiger meist nicht post-zugelassenen Modems. Sp\u00e4ter auch 4800, 9600, 14400 oder 19200 &#8211; wobei es da auch immer wieder Protokolle gab, die nur von speziellen Herstellern verwendet wurden und nicht mit allen Modems kompatibel waren. <\/p>\n<p>Baud, das sind in dem Fall ca. Bits pro Sekunde, also 2.4 kbit\/s. \u00dcblich war noch der Zusatz 8n1 &#8211; d.h. 1 Startbit, 8 bit \u00dcbertragung, 1 Stoppbit, keine Parit\u00e4t, also 10 Bits f\u00fcr ein 8-Bit=1-Byte gro\u00dfes Zeichen, also 240 cps (Zeichen pro Sekunde). Oder beim Koppler damals halt nur 30. Die geringste Handy-Daten\u00fcbertragungsrate ist \u00fcbrigens 9600 bit\/s, ISDN hatte dann 64000 bit\/s.<\/p>\n<p>War der Anschluss belegt, rief man eine andere Mailbox an oder musste eben warten, bis sich wieder irgendein User ausgeloggt hat. Das kann man sich heutzutage nicht mehr vorstellen ;) Aber irgendwie auch eine coole Zeit damals. Es war halt die Pionierzeit, die Pionierzeit des Homecomputers, des Onlinevernetzens. Pionierzeiten, Experimentierzeiten sind doch fast immer sch\u00f6ner. Und bei entsprechend kleinem Angebot konnte man noch alles ausprobieren, sich jede Software runterladen und austesten, alles durchlesen. Heutzutage ist das Angebot so gro\u00df, dass man doch fast gar keine Lust mehr hat, nicht wei\u00df, wonach man eigentlich suchen soll oder wenn man was bestimmtes sucht, nichts findet aufgrund des vielen M\u00fclls.<\/p>\n<p>Alternativ zu den lokalen Mailboxsystemen war das BTX der Deutschen Post. Aber viel zu teuer (jede Seite einzeln musste quasi bezahlt werden), daher kam das f\u00fcr mich und viele andere erst gar nicht in Frage.<\/p>\n<p>Jedenfalls war die Online-Community damals noch \u00fcberschaubar klein, aber irgendwann (1993?94?) kam von der Uni Erlangen-N\u00fcrberg das FEN, das Free-Net Erlangen N\u00fcrnberg, mit dem man pl\u00f6tzlich Internetzugang hatte, Usenet, eine weltweite Email-Adresse, via Gopher konnte man sich z.B. den Men\u00fcplan der Uni Innsbruck anschaun, via Telnet konnte man sich in text-basierten MUDs (Multi-User-Dungeons, ich war in Unitopia von der Uni Stuttgart aktiv) einloggen und spielen, die ersten HTML-Websiten entstanden (WWW? Wer braucht denn so ein verkn\u00fcpftes Online-Lexikon? Suchmaschinen gabs damals auch noch keine &#8211; maximal Link-Verzeichnisse), via IRC konnte man mit vielen gleichzeitig in verschiedenen Chatr\u00e4umen chatten &#8230; da waren die lokalen Mailboxen bald nicht mehr interessant.<\/p>\n<p>Eigenartigerweise entwickelte sich aber auch das WWW recht schnell recht stark. Jeder legte sich auf Geocities u.\u00e4. seine eigene Homepage an und immer mehr gingen online. Wie schon mal erw\u00e4hnt, dachte ich damals, die Menschen w\u00fcrden in Zukunft mehr zu Computerverstehern werden, auf unser Level kommen.<\/p>\n<p>Aber dem war ja leider nicht so. Klar, es ist sinnvoll, dass Software und Betriebssysteme auch denjenigen \u00f6ffnen, die einfach &#8220;kein H\u00e4ndchen&#8221; daf\u00fcr haben. Aber dass es alles so degeneriert, es kaum noch umfangreiche Men\u00fcs gibt, man kaum noch sein Betriebssystem an die eigenen W\u00fcnsche anpassen kann, da war vieles fr\u00fcher besser. Und es w\u00e4re vielleicht auch alles besser geworden, h\u00e4tte sich das Commodore AmigaOS damals durchgesetzt, anstelle Microsoft Windows.<\/p>\n<p>Aber es entwickelte sich alles anders. Naja, vielleicht nicht alles, aber .. irgendwas grundlegend genug und in die falsche Richtung, so dass ich mich heutzutage beim Blick in die Zukunft eher als rebellierenden Offliner seh denn als systemgetreuen Cyborg. Das ist das gute an den alten Sachen, die hat man noch besessen. Alte Computerbetriebssysteme, alte Software, Kassetten, CDs, DVDs. Da muss ich nicht online sein f\u00fcr. Lizensierungen waren nicht n\u00f6tig oder gingen noch mit Code statt mit Online-Registrierung.<\/p>\n<p>Jaja, ich wei\u00df eh, ohne Google Maps, ohne WWW, w\u00e4ren meine Reisen in den letzten Jahren viel schwieriger bis unm\u00f6glich gewesen. Viele Ziele w\u00fcrde man gar nicht kennen. Ich h\u00e4tte garantiert keine \u00fcber 650 Skigebiete zwischen Sizilien und Norwegen, zwischen Gro\u00dfbritannien und Kirgisitan besucht.<\/p>\n<p>Ich wei\u00df nicht, wie lang ich noch mit euch kann, aber ohne euch kann ich auch nicht.. Mid-Life-Crises eines Geeks .. ? <\/p>\n<p>Da gab&#8217;s doch mal so einen Spruch.. &#8220;Computer l\u00f6sen Probleme, die wir ohne sie nicht h\u00e4tten.&#8221; Kann man auch so verstehen, &#8220;&#8230;die wir ohne sie nicht kennen w\u00fcrden&#8221;. Auch passend  &#8220;Computer [i]schaffen[i] Probleme, die wir ohne sie nicht h\u00e4tten.&#8221;  Und dadurch sind in den letzten 20 Jahren viiiiele Jobs entstanden. Die ganzen Social-Media-Suchmaschinen-Marketing-Blabla-Branche. W\u00e4r das (Online-) Leben nicht freier und besser ohne dieses ganze Blahblah?<\/p>\n<p>Es gab doch da noch so einen Spruch.. &#8220;Wenn du nicht Teil der L\u00f6sung bist, bist du Teil des Problems.&#8221; In Kombination mit dem oberen Spruch steht der Computer auf beiden Seiten der Gleichung. Auch praktisch, denn zuvor war ja nur der Mensch entweder Problem oder L\u00f6sung. Jetzt k\u00f6nnen wir unsere Schuld ganz leicht abschieben. Ich? Schuld? N\u00f6. Da muss mein PC falsch gerechnet haben. Tut mir Leid, ich w\u00fcrd ja gern, aber Computer sagt: Nein.<\/p>\n<p>Naja, genauer gesagt liegt das bzw. mein Problem ja nicht an den Computern selbst, sondern an der .. nennen wir es mal &#8220;Gro\u00dfwetterlage&#8221;. An den anderen. Die Anderen sind sowieso immer die besten Schuldigen. Den Konzernen. Den Staaten. Den Programmierern. Den Blabla-Fuzzis, die alles besser wissen, was gut .. nein, was besser .. nein, was am besten f\u00fcr uns sein soll. Wetter passt gar nicht so schlecht. Ist ja auch eine Art Klima. Mir gef\u00e4llt die Entwicklung dieses Klimas nicht. Da h\u00e4tte ich mal gerne wieder einen Klimawandel.<\/p>\n<p>Hab ich jetzt gerade die Wurzel allen \u00dcbels entdeckt? Diese &#8220;Blabla-Fuzzis&#8221;? &#8220;Lebe so, wie wir wollen. H\u00f6re auf uns. Wir sind die Experten.&#8221; &#8212; Jaja, sag ich da nur .. und jaja hei\u00dft bekanntlich &#8220;leckt mich am Arsch&#8221;. NIEDER MIT DEN BLABLA-FUZZIS!<\/p>\n<p>Nebenbei, der o.g. Spruch &#8220;Wenn du nicht Teil der L\u00f6sung bist, bist du Teil des Problems.&#8221; ist interessanterweise auch wieder h\u00f6chst bin\u00e4r und in vielerlei Hinsicht auf die aktuelle Politik und die Gesellschaft \u00fcbertragbar. Wenn du nicht f\u00fcr uns bist, bist du gegen uns. Himmel oder H\u00f6lle. Gut oder B\u00f6se. Fressen oder gefressen werden. Neutralit\u00e4t ausgeschlossen. Also eigentlich mindestens so alt wie die Menschheit. Verweigerung unerw\u00fcnscht.<\/p>\n<p>\u00c0 propos UNItopia .. krass, meinen Login, meinen Spieler gibt&#8217;s noch:<\/p>\n<blockquote><p>\nStarliner ist z.Z. in Innsbruck und nur mit EMail-account :-(.<br \/>\nEr ist gerade nicht da.<br \/>\nZuletzt war er am Sonntag 14. September 1997 da.<br \/>\nEr hat ungelesene Post.<\/p>\n<p>Er gehoert dem Pantheon an.\n<\/p><\/blockquote>\n<p>.. ich glaub, ich sollte mich mal wieder einloggen, nach 25 Jahren.. oh Mann, wie die Zeit vergeht, ein Vierteljahrhundert!<\/p>\n<p>Einer, mit dem ich damals gespielt hab, den ich auch aus der Mailboxszene kannte und den ich damals \u00f6fters getroffen hab, scheint wohl noch aktiver zu sein, zumindest war er heuer online:<\/p>\n<blockquote><p>\nLemming huepft von der Klippe.<br \/>\nEr ist gerade nicht da.<br \/>\nZuletzt war er am Donnerstag 11. August 2022 00:45:06 da.\n<\/p><\/blockquote>\n<p>.. w\u00e4r vielleicht was f\u00fcr n\u00e4chsten Sommer, mich mal wieder etwas damit zu besch\u00e4ftigen .. als ich dann ein Gott wurde und entsprechende Macht hatte, hatte mein Interesse schlagartig nachgelassen .. und naja, dann kam ja eh der Umzug nach Innsbruck, wo ich zuerst (Schulzeit) nur mobiles Internet hatte &#8211; mit 9600 Baud am Nokia Communicator und entsprechend teuer &#8211; oder dann wochenends daheim, wenn ich mal mit dem SWT, dem Sch\u00f6nen-Wochenend-Ticket der Deutschen Bahn, nach N\u00fcrnberg gefahren bin.<\/p>\n<p>Zur\u00fcck zum heutigen Samstag: Zu Mittag ging&#8217;s dann zu Tante &#038; Onkel nach Veitsbronn, die momentan etwas im Umzugsstress sind, weil sie nach \u00fcber 40 oder \u00fcber 45 Jahren aus ihrer Mietwohnung rausgeschmissen wurden. Sind ja auch schon \u00fcber 70 ..<\/p>\n<p><a href='http:\/\/extra.inmontanis.info\/d\/96238-3\/DSC03635.jpg'><img src=http:\/\/extra.inmontanis.info\/d\/96237-4\/DSC03635.jpg \/><\/a><br \/>\n^ Ein sehr spezielles Auto ;) (Hab das Kennzeichen etwas unleserlich gemacht)<\/p>\n<p>Jedenfalls hatte ich mir nat\u00fcrlich einen Karpfen gew\u00fcnscht, wenn wir schon Essen gehen &#8211; und die n\u00e4chstbeste Wirtschaft, die ihnen eingefallen ist, war in der N\u00e4he von Bad Windsheim &#8211; eine Stunde wieder in die Richtung, von der ich heute fr\u00fch gekommen bin ;)<\/p>\n<p>Keine Ahnung, ob es im Gro\u00dfraum N\u00fcrnberg-F\u00fcrth wirklich so schwierig geworden ist, Karpfen (zu vern\u00fcnftigen Preisen) zu bekommen? Naja, die klassisch-deutschen Wirtschaften werden vermutlich schon immer weniger? Zudem sind die beiden ja nicht im Internet..<\/p>\n<p><a href='http:\/\/extra.inmontanis.info\/d\/96242-2\/IMG_20221029_153335.jpg'><img src=http:\/\/extra.inmontanis.info\/d\/96241-3\/IMG_20221029_153335.jpg \/><\/a><br \/>\n^ Leider zu sp\u00e4t dran gedacht und zu schlecht fotografiert, den leckeren, wenn auch etwas fettigen, Karpfen.<\/p>\n<p>Ich sah mir noch ihre zuk\u00fcnftige Wohnung an und da in der Nacht Zeitumstellung ist und ich es ja nicht eilig habe, spielten wir noch bis sp\u00e4t in die Nacht Karten.<\/p>\n<p>Noch mehr private Geschichten gibt&#8217;s dann im n\u00e4chsten Bericht aus N\u00fcrnberg, von der Burg, aus der Stadt, &#8230; oder vielleicht werden es auch zwei Berichte. Den Kalender 2023 muss ich auch noch machen..<\/p>\n","protected":false},"excerpt":{"rendered":"<p>28.10.2022 &#8211; Reisetag Nr. 108<\/p>\n<p>Da hab ich mir f\u00fcr morgens extra einen Parkplatz mit WC f\u00fcr vormittags rausgesucht (Grill-Wander-Platz), die waren aber abgesperrt. Naja, eh nicht ben\u00f6tigt. Sch\u00f6ne Landschaft, hier am r\u00f6mischen Limes&#8230; aber gar keine Zeit da nach den R\u00f6mern Ausschau zu halten.<\/p>\n<p>Zus\u00e4tzlich zu den gestern genannten vielen Ampeln nerven in Deutschland <a href=\"http:\/\/blog.inmontanis.info\/?p=8045\">[&#8230;]<\/a><\/p>\n","protected":false},"author":1,"featured_media":8052,"comment_status":"closed","ping_status":"closed","sticky":false,"template":"","format":"standard","meta":{"footnotes":""},"categories":[186,12,59,8,32],"tags":[51,46],"class_list":["post-8045","post","type-post","status-publish","format-standard","has-post-thumbnail","hentry","category-2022-07-uk-irl-iom","category-germany","category-nostalgie","category-private","category-lostplaces","tag-architektur","tag-ssb","odd"],"_links":{"self":[{"href":"http:\/\/blog.inmontanis.info\/index.php?rest_route=\/wp\/v2\/posts\/8045","targetHints":{"allow":["GET"]}}],"collection":[{"href":"http:\/\/blog.inmontanis.info\/index.php?rest_route=\/wp\/v2\/posts"}],"about":[{"href":"http:\/\/blog.inmontanis.info\/index.php?rest_route=\/wp\/v2\/types\/post"}],"author":[{"embeddable":true,"href":"http:\/\/blog.inmontanis.info\/index.php?rest_route=\/wp\/v2\/users\/1"}],"replies":[{"embeddable":true,"href":"http:\/\/blog.inmontanis.info\/index.php?rest_route=%2Fwp%2Fv2%2Fcomments&post=8045"}],"version-history":[{"count":7,"href":"http:\/\/blog.inmontanis.info\/index.php?rest_route=\/wp\/v2\/posts\/8045\/revisions"}],"predecessor-version":[{"id":8061,"href":"http:\/\/blog.inmontanis.info\/index.php?rest_route=\/wp\/v2\/posts\/8045\/revisions\/8061"}],"wp:featuredmedia":[{"embeddable":true,"href":"http:\/\/blog.inmontanis.info\/index.php?rest_route=\/wp\/v2\/media\/8052"}],"wp:attachment":[{"href":"http:\/\/blog.inmontanis.info\/index.php?rest_route=%2Fwp%2Fv2%2Fmedia&parent=8045"}],"wp:term":[{"taxonomy":"category","embeddable":true,"href":"http:\/\/blog.inmontanis.info\/index.php?rest_route=%2Fwp%2Fv2%2Fcategories&post=8045"},{"taxonomy":"post_tag","embeddable":true,"href":"http:\/\/blog.inmontanis.info\/index.php?rest_route=%2Fwp%2Fv2%2Ftags&post=8045"}],"curies":[{"name":"wp","href":"https:\/\/api.w.org\/{rel}","templated":true}]}}