{"id":8006,"date":"2022-10-19T15:12:43","date_gmt":"2022-10-19T13:12:43","guid":{"rendered":"http:\/\/blog.inmontanis.info\/?p=8006"},"modified":"2022-11-08T15:26:47","modified_gmt":"2022-11-08T14:26:47","slug":"antik-shopping-18-19-10-2022","status":"publish","type":"post","link":"http:\/\/blog.inmontanis.info\/?p=8006","title":{"rendered":"Antik-Shopping, 18.+19.10.2022"},"content":{"rendered":"<p><strong>18.10.2022<\/strong><\/p>\n<p>Heute fr\u00fch war&#8217;s in Seaton ca. 9\u00b0 k\u00e4lter als gestern: 7\u00b0 statt 16\u00b0. Im Auto wieder ziemlich feucht mittlerweile, erst recht im unteren Bereich..<\/p>\n<p>Auf dem Weg nach Osten w\u00e4ren in 1h Fahrzeit laut dem gestern gefundenen &#8220;Katalog&#8221; 3 gr\u00f6\u00dfere Antiquit\u00e4tenh\u00e4ndler, die vmtl. auch g\u00fcnsitgere Sachen haben &#8212; mal schaun, ob ich die heute alle abklappern kann&#8230;<\/p>\n<p>Der erste Stopp war aber nix, der hatte nur teures Zeug. Ah ok, falsche Adresse anscheinend genommen &#8211; evtl. sind die zweitgeeilt.<\/p>\n<p>Ok, der Laden ist riesig.  3 Teller\/Gedecke h\u00e4tten mir ja durchaus halbwegs zugesagt und als Gedecke tw auch preislich g\u00fcnstig\/ok, aber eben teilweise als Gedecke, also zu viele Teller oder dann mit Tassen, etwas zu viel&#8230;<\/p>\n<p>Set hei\u00dft halt meist zB. 3 Tassen 3 Untertassen 3 Kuchenteller. Wenn ich aber nur die Kuchenteller br\u00e4uchte. Oder 6 Kuchenteller plus 1 Kuchenplatte. Da h\u00e4tte ich halt lieber 6 verschiedene Teller zur Abwechslung. Preislich 4-10,- \u00a3 f\u00fcr die Sets, die mir gefallen w\u00fcrden,  also von dem her eh OK. F\u00fcr Lampenschirme oder M\u00f6bel hab ich nat\u00fcrlich keinen Platz.<\/p>\n<p>Auf die Gefahr hin, dass es dann weg ist oder ich wieder hierher zur\u00fcckfahren m\u00fcsste, nahm ich mal nix mit und fuhr die anderen 2 an. <\/p>\n<p><a href='http:\/\/extra.inmontanis.info\/d\/94086-2\/IMG_20221018_111001.jpg'><img src=http:\/\/extra.inmontanis.info\/d\/94085-3\/IMG_20221018_111001.jpg \/><\/a><br \/>\n^ jaja, eigentlich bin ich ja kein Fan von Blumenmuster auf Tellern, aber bei einem blauen Enzian(?) schaut die Sache wieder anders aus. 14,- f\u00fcr 6 Teller ist aber etwas viel&#8230;<\/p>\n<p><a href='http:\/\/extra.inmontanis.info\/d\/94090-2\/IMG_20221018_111058.jpg'><img src=http:\/\/extra.inmontanis.info\/d\/94089-3\/IMG_20221018_111058.jpg \/><\/a><br \/>\n^ Die einzelnen Anbieter haben dann ihre eigene Niesche und das Angebot  ist entsprechend unterschiedlich, manche verkaufen auch neue Sachen.<\/p>\n<p><a href='http:\/\/extra.inmontanis.info\/d\/94094-2\/IMG_20221018_111153.jpg'><img src=http:\/\/extra.inmontanis.info\/d\/94093-3\/IMG_20221018_111153.jpg \/><\/a><br \/>\n^ Kam auch in die engere Auswahl, aber das Motiv war dann doch nicht ganz meines.<\/p>\n<p><a href='http:\/\/extra.inmontanis.info\/d\/94098-2\/IMG_20221018_112413.jpg'><img src=http:\/\/extra.inmontanis.info\/d\/94097-3\/IMG_20221018_112413.jpg \/><\/a><br \/>\n^ Bei der gro\u00dfen Auswahl sollte ich doch einen Teller finden, der mir gef\u00e4llt? ;) Blo\u00df sollte das Set halt nicht zu gro\u00df sein, weil insb. Tassen br\u00e4ucht ich halt gar keine.<\/p>\n<p><a href='http:\/\/extra.inmontanis.info\/d\/94102-2\/IMG_20221018_112622.jpg'><img src=http:\/\/extra.inmontanis.info\/d\/94101-3\/IMG_20221018_112622.jpg \/><\/a><br \/>\n^ Das Set in der Mitte kam nicht nur in die n\u00e4here Auswahl, sondern kaufte ich sp\u00e4ter auch.  Verschiedenfarbiges Blumendekor und Goldrand, made in England. Auch wenn die Teller recht sch\u00fcsselig waren. Set mit 2 Tellern, 2 untersetzern, 2 Tassen und der Kuchenplatte hinten kostete 10,- \u00a3<\/p>\n<p><a href='http:\/\/extra.inmontanis.info\/d\/94106-2\/IMG_20221018_112638.jpg'><img src=http:\/\/extra.inmontanis.info\/d\/94105-3\/IMG_20221018_112638.jpg \/><\/a><br \/>\n^ Alternativ zu dem vorherigen Set k\u00e4me auch das hier in Frage, da w\u00e4ren die Teller etwas flacher. Allerdings evtl. nur Silber- statt Goldrand<\/p>\n<p><a href='http:\/\/extra.inmontanis.info\/d\/94110-2\/IMG_20221018_112848.jpg'><img src=http:\/\/extra.inmontanis.info\/d\/94109-3\/IMG_20221018_112848.jpg \/><\/a><br \/>\n^ Kleine Tasse samt Untersetzer Wiener Staatsoper. Leider ja kein Kuchenteller dabei, aber 1. kostete es nur 2,- \u00a3 und 2. gefiel mir der t\u00fcrkis-goldene Rand zu gut, nahm ich sp\u00e4ter also auch mit. Made in Germany<\/p>\n<p><a href='http:\/\/extra.inmontanis.info\/d\/94114-2\/IMG_20221018_112935.jpg'><img src=http:\/\/extra.inmontanis.info\/d\/94113-3\/IMG_20221018_112935.jpg \/><\/a><br \/>\n^ Diese beiden beinahe k\u00f6niglichen Teller waren gro\u00df und schwer, der Goldrand 3-dimensional und das Blau ist aus Blei (lt. Beschreibung). Mit 8,- \u00a3 etwas teurer, aber auch diese kaufte ich. Made in France<\/p>\n<p><a href='http:\/\/extra.inmontanis.info\/d\/94118-2\/IMG_20221018_113049.jpg'><img src=http:\/\/extra.inmontanis.info\/d\/94117-3\/IMG_20221018_113049.jpg \/><\/a><br \/>\n^ Mit diesem Muster gab es verschiedene Variationen, mal mit, mal ohne Gold, aber sonst eben immer nur einfarbig Blau und mit diesem chinesischen Motiv. Daher schlie\u00dflich gegen solcherart Teler entschieden<\/p>\n<p><a href='http:\/\/extra.inmontanis.info\/d\/94122-2\/IMG_20221018_114316.jpg'><img src=http:\/\/extra.inmontanis.info\/d\/94121-3\/IMG_20221018_114316.jpg \/><\/a><br \/>\n^ Noch mehr Auswahl. Auch M\u00f6bel gibt&#8217;s nat\u00fcrlich hier und da, aber da hab ich ja keinen Platz im Auto.<\/p>\n<p><a href='http:\/\/extra.inmontanis.info\/d\/94126-2\/DSC02811.jpg'><img src=http:\/\/extra.inmontanis.info\/d\/94125-3\/DSC02811.jpg \/><\/a><br \/>\n^ Weiter geht&#8217;s zu einem n\u00e4chsten Laden<\/p>\n<p>Der zweite Markt h\u00e4tte zwar wesentlich gr\u00f6\u00dfer sein sollen, hatte f\u00fcr mich aber eher weniger zu bieten &#8211; gar kein Geschirr, das mich interressiert h\u00e4tte, na vielleicht eins, da stand kein Preis dabei. <\/p>\n<p>Der n\u00e4chste hatte zumeist teureres Zeug au\u00dfer an dem 1\/2\/3 Tisch(en), wo alles 1,- gekostet h\u00e4tte &#8211; da war aber leider kein Teller dabei, der mir unbedingt gefallen h\u00e4tte. Nach wie vor also Laden Nr.1 die sch\u00f6nsten, g\u00fcnstigsten Teller. Allerdings gabs hier ein paar interessante viktorianische Winkel, vielleicht eher zur Verzierung f\u00fcr drau\u00dfen gedacht, und nur einzelne &#8211; paarweise h\u00e4tte ich die vielleicht f\u00fcr ein Regal mitgenommen.<\/p>\n<p><a href='http:\/\/extra.inmontanis.info\/d\/94130-2\/IMG_20221018_123851.jpg'><img src=http:\/\/extra.inmontanis.info\/d\/94129-3\/IMG_20221018_123851.jpg \/><\/a><br \/>\n^ Puh, auch riesig. Und ist nur die Haupthalle, gibt ja noch mehr.<\/p>\n<p><a href='http:\/\/extra.inmontanis.info\/d\/94134-2\/IMG_20221018_124033.jpg'><img src=http:\/\/extra.inmontanis.info\/d\/94133-3\/IMG_20221018_124033.jpg \/><\/a><br \/>\n^ Der Schrank gefiele mir ja mit seinen 3 Lackierungen. Aber nat\u00fcrlich kein Platz. Vielleicht sollte ich mal schaun, ob es auch in \u00d6sterreich solche L\u00e4den gibt.<\/p>\n<p><a href='http:\/\/extra.inmontanis.info\/d\/94138-2\/IMG_20221018_124543.jpg'><img src=http:\/\/extra.inmontanis.info\/d\/94137-3\/IMG_20221018_124543.jpg \/><\/a><br \/>\n^ Bei dem Tiffany-Lampenschirm hab ich auch gez\u00f6gert, aber dagegen entschieden. K\u00f6nnte ruhig noch etwas bunter sein ;)<\/p>\n<p><a href='http:\/\/extra.inmontanis.info\/d\/94142-2\/IMG_20221018_124912.jpg'><img src=http:\/\/extra.inmontanis.info\/d\/94141-3\/IMG_20221018_124912.jpg \/><\/a><br \/>\n^ Mit 29,- \u00a3 mir das Set zu gro\u00df und zu teuer.<\/p>\n<p><a href='http:\/\/extra.inmontanis.info\/d\/94146-2\/IMG_20221018_125213.jpg'><img src=http:\/\/extra.inmontanis.info\/d\/94145-3\/IMG_20221018_125213.jpg \/><\/a><br \/>\n^ Schimmernde Perlmut-Beschichtung und ein Motiv aus Douglas, also Isle of Man, mit der Cable Tram (!) &#8212; aber halt nur ein gro\u00dfer Wandteller, da hab ich eigentlich keinen Platz f\u00fcr in meiner kleinen Wohnung.<\/p>\n<p><a href='http:\/\/extra.inmontanis.info\/d\/94150-2\/IMG_20221018_125824.jpg'><img src=http:\/\/extra.inmontanis.info\/d\/94149-3\/IMG_20221018_125824.jpg \/><\/a><br \/>\n^ Na witzig, eine kleine Holzschachtel mit Zilertal-Motiv ;) Das sind dann wohl eher so Wohnungsaufl\u00f6sungs-Sachen<\/p>\n<p><a href='http:\/\/extra.inmontanis.info\/d\/94154-2\/IMG_20221018_130531.jpg'><img src=http:\/\/extra.inmontanis.info\/d\/94153-3\/IMG_20221018_130531.jpg \/><\/a><br \/>\n^ N\u00e4chste Halle. War mal ein Busdepot hier. Auch Kleidungsst\u00fccke gibt&#8217;s immer wieder mal.<\/p>\n<p><a href='http:\/\/extra.inmontanis.info\/d\/94158-2\/IMG_20221018_140118.jpg'><img src=http:\/\/extra.inmontanis.info\/d\/94157-3\/IMG_20221018_140118.jpg \/><\/a><br \/>\n^ Ein einzelnes Tellerchen, ja, das ganze Set ist mir zu viel.<\/p>\n<p><a href='http:\/\/extra.inmontanis.info\/d\/94162-2\/IMG_20221018_140440.jpg'><img src=http:\/\/extra.inmontanis.info\/d\/94161-3\/IMG_20221018_140440.jpg \/><\/a><br \/>\n^ Mit 5,- \u00a3 eigentlich preislich OK, aber wof\u00fcr? Als Regalhalter, 2 unterschiedliche? Ne, nicht gekauft.<\/p>\n<p><a href='http:\/\/extra.inmontanis.info\/d\/94166-2\/IMG_20221018_140623.jpg'><img src=http:\/\/extra.inmontanis.info\/d\/94165-3\/IMG_20221018_140623.jpg \/><\/a><br \/>\n^ Endlich mal gr\u00fcn lackierte Teller. Aber das Set viel zu gro\u00df und vmtl. zu teuer.<\/p>\n<p><a href='http:\/\/extra.inmontanis.info\/d\/94170-2\/IMG_20221018_141300.jpg'><img src=http:\/\/extra.inmontanis.info\/d\/94169-3\/IMG_20221018_141300.jpg \/><\/a><br \/>\n^ Noch ein Raum ..<\/p>\n<p><a href='http:\/\/extra.inmontanis.info\/d\/94174-2\/IMG_20221018_141304.jpg'><img src=http:\/\/extra.inmontanis.info\/d\/94173-3\/IMG_20221018_141304.jpg \/><\/a><br \/>\n^ .. und noch mehr Platz. Die Wandbilder hab ich mir auch nicht weiter angesehen<\/p>\n<p><a href='http:\/\/extra.inmontanis.info\/d\/94178-2\/IMG_20221018_141355.jpg'><img src=http:\/\/extra.inmontanis.info\/d\/94177-3\/IMG_20221018_141355.jpg \/><\/a><br \/>\n^ An dem Tisch w\u00fcrde zwar jedes St\u00fcck nur 1,- \u00a3 kosten, aber \u00fcberzeugt hat mich leider nichts. Wobei man kaum alles erfassen kann.<\/p>\n<p><a href='http:\/\/extra.inmontanis.info\/d\/94182-2\/IMG_20221018_141522.jpg'><img src=http:\/\/extra.inmontanis.info\/d\/94181-3\/IMG_20221018_141522.jpg \/><\/a><br \/>\n^ 2 Wandteller aus Deutschland h\u00e4tte es auch gegeben<\/p>\n<p><a href='http:\/\/extra.inmontanis.info\/d\/94186-2\/DSC02814.jpg'><img src=http:\/\/extra.inmontanis.info\/d\/94185-3\/DSC02814.jpg \/><\/a><br \/>\n^ Die Landschaft im S\u00fcden Englands kurz vor der K\u00fcste ist h\u00fcgeliger, als man denken w\u00fcrde. Meerblick.<\/p>\n<p><a href='http:\/\/extra.inmontanis.info\/d\/94190-2\/DSC02816.jpg'><img src=http:\/\/extra.inmontanis.info\/d\/94189-3\/DSC02816.jpg \/><\/a><br \/>\n^ Wieder ein ehemaliger Bahnhof einer ehemalige Zugstrecke<\/p>\n<p>Ich fuhr also wieder zur\u00fcck, ging dort aber noch in einen anderen, letzten laden f\u00fcr heute, weiter s\u00fcdlich am Meer. Der hatte zwar mal wieder andere Sachen, auch neue Sachen, aber fand auch nix. Mitgenommen h\u00e4tte ich neben Teller auch eine Armbanduhr (da gab&#8217;s zwar hin und wieder analoge heute, aber kaum digitale und nix sinnvolles, auch Vintage-T\u00fcrgriffe (nirgends gesehen bzw. nur 1-2, nix brauchbares) und ggf. auch M\u00f6bel-Kn\u00f6pfe\/Griffe o.\u00e4., sah ich auch nur beim ersten zu brauchbaren Preisen, entschied mich aber dagegen.<\/p>\n<p><a href='http:\/\/extra.inmontanis.info\/d\/94194-2\/IMG_20221018_151504.jpg'><img src=http:\/\/extra.inmontanis.info\/d\/94193-3\/IMG_20221018_151504.jpg \/><\/a><br \/>\n^ Mal eine etwas andere Auswahl hier.<\/p>\n<p><a href='http:\/\/extra.inmontanis.info\/d\/94198-2\/IMG_20221018_151210.jpg'><img src=http:\/\/extra.inmontanis.info\/d\/94197-3\/IMG_20221018_151210.jpg \/><\/a><br \/>\n^ Knapp vorbei<\/p>\n<p><a href='http:\/\/extra.inmontanis.info\/d\/94202-2\/IMG_20221018_152415.jpg'><img src=http:\/\/extra.inmontanis.info\/d\/94201-3\/IMG_20221018_152415.jpg \/><\/a><br \/>\n^ Obergeschoss<\/p>\n<p><a href='http:\/\/extra.inmontanis.info\/d\/94206-2\/IMG_20221018_152918.jpg'><img src=http:\/\/extra.inmontanis.info\/d\/94205-3\/IMG_20221018_152918.jpg \/><\/a><br \/>\n^ Gef\u00e4rbtes Glas mag ich ja auch, aber einerseits hab ich da schon ein bisschen was und andererseits brauch ich da auch nicht wirklich was, weder Vasen noch Trinkgl\u00e4ser verwende ich..<\/p>\n<p><a href='http:\/\/extra.inmontanis.info\/d\/94210-2\/IMG_20221018_153202.jpg'><img src=http:\/\/extra.inmontanis.info\/d\/94209-3\/IMG_20221018_153202.jpg \/><\/a><br \/>\n^ <\/p>\n<p><a href='http:\/\/extra.inmontanis.info\/d\/94214-2\/IMG_20221018_153243.jpg'><img src=http:\/\/extra.inmontanis.info\/d\/94213-3\/IMG_20221018_153243.jpg \/><\/a><br \/>\n^ Hier gibt&#8217;s mehr alte Fotoapparate zur Auswahl<\/p>\n<p><a href='http:\/\/extra.inmontanis.info\/d\/94218-2\/IMG_20221018_154728.jpg'><img src=http:\/\/extra.inmontanis.info\/d\/94217-3\/IMG_20221018_154728.jpg \/><\/a><br \/>\n^ ..und haufenweise Fish&#8217;n&#8217;Chips, wobei nicht alle mehr offen sind.<\/p>\n<p>Wenn nicht zu teuer, h\u00e4tte ich auch gern so farbige Glas-Werbung wie es bei den Trams im Musem in Crich war, gepr\u00e4gt oder stained glass, aber in der Hinsicht, also farbiges Glas, gab&#8217;s egtl. auch nur Flaschen (die sind meist recht teuer, wenn sie alt sind), ggf. mal Trinkgl\u00e4ser oder Glasteller &#8211; also nix, was ich da haben wollte.<\/p>\n<p>Es ist nun 16 Uhr und ich hatte nun auch keine Lust mehr, 1 Stunde h\u00e4tte der erste Laden noch offen, aber irgendwelche von den Tellern werden morgen auch noch da sein.<\/p>\n<p>Interessant fand ich ja, wie wenig Sachen es gab, die gr\u00fcn waren. Immerhin waren ja fr\u00fcher im UK gr\u00fcne Fliesen und gr\u00fcne W\u00e4nde sehr beliebt. Neben Blau mit Gold (das momentan ggf. leider an die ukrainische Flagge erinnert) mag ich ja auch (Smaragd\/Dunkel) Gr\u00fcn mit Braun oder Gold oder Kupfer.<\/p>\n<p>\u00dcbernachtet wird also an einem Rastplatz mit WC in der N\u00e4he. Wird etwas lauter als die letzten beiden N\u00e4chte werden, aber auf p4n gab&#8217;s nix besseres in der Gegend.<\/p>\n<p><a href='http:\/\/extra.inmontanis.info\/d\/94222-2\/IMG_20221018_164030.jpg'><img src=http:\/\/extra.inmontanis.info\/d\/94221-3\/IMG_20221018_164030.jpg \/><\/a><br \/>\n^ Rastplatz mit WC und Imbiss<\/p>\n<p>Als ich beim ersten Antik-Markt die M\u00f6belkn\u00f6pfe, die an einem Holzbrett montiert waren, angesehen hatte, sp\u00fcrte ich eventuell einen Splitter vom Holz. Da ich nichts sah oder sp\u00fcrte, beachtete ich das nicht weiter und sah sp\u00e4ter auch nicht n\u00e4her nach.<\/p>\n<p>Abends merkte ich eine kleine Entz\u00fcndung am Finger und erinnerte mich an diesen vermutlichen Splitter zu Mittag. Wirklich sehen tat man ihn nicht, au\u00dfer einer Erhebung in der Haut. Also k\u00f6nnte er noch drinstecken. Oder es ist nur die Enz\u00fcndung. Ich probierte einige Zeit mit dem Messer, Haut abzuschaben \/ abzuschneiden und Pinzette, kam aber nicht weiter bzw. schmerzte das irgendwann. Da ich nun schon vmtl. 1h daran rumgetan hatte, wollte ich nicht noch mehr Schlaf verlieren und lie\u00df es bleiben.<\/p>\n<p><strong>19.10.2022<\/strong><\/p>\n<p>Der Finger sah so aus wie gestern, also mit einer kleinen Erhebung, ging also \u00fcber Nacht nicht von sebst raus. Las im Internet ein paar Tricks und wickelte den Finger mal in nassem Pflaster+Plastik ein &#8211; auch wenn ich das nicht 24h so lassen werde &#8230; erinnerte mich bei den diversen Tipps, dass ich die Haut diesmal nicht mit der Nagelscheere abgeschnitten hab &#8211; das k\u00f6nnte ich sonst noch probieren.<\/p>\n<p>Wie die meisten \u00f6ffentlichen Toiletten in letzter Zeit gibt&#8217;s auch hier am Rastplatz lediglich einen Wand-Automaten zum Waschen. Der ist im UK im Vgl. zu den schwedischen insofern nerviger, als dass es keine eigenst\u00e4ndigen Kn\u00f6pfe f\u00fcr Wasser\/Seife\/Trockner gibt, sondern alles automatisch geht: Erst kommt Seife, dann Wasser, dann Trockner. Sofern alles drei funktioniert. Manchmal geht nicht mal Wasser.<\/p>\n<p>Jedenfalls kann man damit schlecht Wasserflaschen reinigen bzw. nachf\u00fcllen (Nehm ich ja eh nicht zum Trinken, aber zum Reinigen von Geschirr + Zahnb\u00fcrste).<\/p>\n<p>Der morgendliche K\u00fchlwassercheck .. da ich mal wieder wenig gesehen hab, nahm ich die Taschenlampe und stellte fest, dass ich \u00fcber &#8220;Full&#8221; bin. Also die 200ml vor ein paar Tagen h\u00e4tte ich mir sparen k\u00f6nnen. Und anscheinend verlier ich gerade doch nicht so viel. M\u00fcsste also nicht so dringend heim. Wenn&#8217;s noch sinnvolle Ziele g\u00e4be, die nicht zu teuer sind&#8230;<\/p>\n<p>&#8230; das schlie\u00dft die F\u00e4hren zur Isle of Wight, Isle of Man, S\u00fcdwestengland (Cornwall) oder den Umwedg zu Crich &#038; Co trotzdem eher aus. Hab eigentlich genug gesehen auf der Reise ;) Bzw. auch in Skandinavien die letzten 2 Jahre ..<\/p>\n<p>Bin noch die anderen Antik-Shops im Bereich vom ersten gestrigen abgegangen und hab dann im ersten von gestern ein paar Geschirrsachen gekauft. Geworden sind es die zwei Teller aus Frankreich mit Gold und blauer Bleifarbe um 8,- \u00a3, das eine bunte 2er Kaffee\/Teeset samt Kuchenplatte um 10,- \u00a3 aus England (wenigstens dann nicht so viel \u00fcberfl\u00fcssige Tassen, ich trink meinen Kakao ja auch eher aus den gro\u00dfen Gef\u00e4\u00dfen, mit Tram-Motiven aus Blackpool bzw. Birkenhead) oder gleich aus der Packung und auch wenn die kleinen Teller ja eher tief sind. Sowie halt doch die Wiener Staatsoper Tasse samt Unterteller aus Deutschland, weil nur 2,- \u00a3 und mir das t\u00fcrkis-goldene Layout gut gef\u00e4llt &#8211; und weil ich gestern im Internet nichts gefunden hab, es einem also wohl auch nicht gerade nachgeschmissen wird.. Das kommt also wieder in die urspr\u00fcngliche Heimat ;)<\/p>\n<p>Andere Dinge, bei denen ich eher gez\u00f6gert hab, hab ich doch sein lassen. Auch die 2 M\u00f6belkn\u00f6pfe (wei\u00df\/gold) um 6,- \u00a3 oder die 4 M\u00f6belkn\u00f6pfe (Metall Gold) um 12,- \u00a3 &#8230; w\u00e4ren zwar nett geween, ggf. f\u00fcr den umgemalten Kleiderschrank daheim, aber irgendwie auch nicht ganz n\u00f6tig. Wei\u00df gar nickht, was ich momentan an den Schrankt\u00fcren hab&#8230;<\/p>\n<p>Platz im Auto? Diese Eink\u00e4ufe sollten eigentlich in mein kleines Schr\u00e4nkchen passen. Ja, ging.<\/p>\n<p><a href='http:\/\/extra.inmontanis.info\/d\/94226-2\/IMG_20221019_111954.jpg'><img src=http:\/\/extra.inmontanis.info\/d\/94225-3\/IMG_20221019_111954.jpg \/><\/a><br \/>\n^ Der Laden hat eher M\u00f6bel<\/p>\n<p><a href='http:\/\/extra.inmontanis.info\/d\/94230-2\/IMG_20221019_112031.jpg'><img src=http:\/\/extra.inmontanis.info\/d\/94229-3\/IMG_20221019_112031.jpg \/><\/a><br \/>\n^ .. aber auch mal andere Sachen, die man nicht so h\u00e4ufig findet. Funfair-Schild, Glocken und Churchill-B\u00fcsten? ;) Sowie ein N, das schr\u00e4g nun auch ein Z sein k\u00f6nnte, uh, das k\u00f6nnte in Deutschland schon verboten sein.<\/p>\n<p><a href='http:\/\/extra.inmontanis.info\/d\/94234-2\/IMG_20221019_112223.jpg'><img src=http:\/\/extra.inmontanis.info\/d\/94233-3\/IMG_20221019_112223.jpg \/><\/a><br \/>\n^ Stained glass &#8211; Fenster, nat\u00fcrlich kein Platz daf\u00fcr, aber so&#8217;was h\u00e4tte ich ja schon auch gern.<\/p>\n<p><a href='http:\/\/extra.inmontanis.info\/d\/94238-2\/IMG_20221019_112318.jpg'><img src=http:\/\/extra.inmontanis.info\/d\/94237-3\/IMG_20221019_112318.jpg \/><\/a><br \/>\n^ .. alles zu gro\u00df, da brauch ich nicht weiter zu schauen .. ging aber nat\u00fcrlich trotzdem durch. Schon interessant, was man da alles findet. <\/p>\n<p><a href='http:\/\/extra.inmontanis.info\/d\/94242-2\/IMG_20221019_113518.jpg'><img src=http:\/\/extra.inmontanis.info\/d\/94241-3\/IMG_20221019_113518.jpg \/><\/a><br \/>\n^ Wieder ein buntes Muster samt Goldrand, aber f\u00fcr 22,- \u00a3 war mir das Set zu gro\u00df und zu teuer.<\/p>\n<p><a href='http:\/\/extra.inmontanis.info\/d\/94246-2\/IMG_20221019_113603.jpg'><img src=http:\/\/extra.inmontanis.info\/d\/94245-3\/IMG_20221019_113603.jpg \/><\/a><br \/>\n^ Auch eher etwas zu gro\u00df und daher zu teuer (18,- \u00a3) f\u00fcr mich.<\/p>\n<p><a href='http:\/\/extra.inmontanis.info\/d\/94250-2\/IMG_20221019_113852.jpg'><img src=http:\/\/extra.inmontanis.info\/d\/94249-3\/IMG_20221019_113852.jpg \/><\/a><br \/>\n^ Auch knapp vorbei. Also der rechte Teller.<\/p>\n<p><a href='http:\/\/extra.inmontanis.info\/d\/94254-2\/IMG_20221019_113917.jpg'><img src=http:\/\/extra.inmontanis.info\/d\/94253-3\/IMG_20221019_113917.jpg \/><\/a><br \/>\n^ 19 Teile, zu viel und Muster ok, aber kein must-have<\/p>\n<p><a href='http:\/\/extra.inmontanis.info\/d\/94258-2\/IMG_20221019_114459.jpg'><img src=http:\/\/extra.inmontanis.info\/d\/94257-3\/IMG_20221019_114459.jpg \/><\/a><br \/>\n^ Ein kurioser Tisch. Ganz sch\u00f6n teuer.<\/p>\n<p><a href='http:\/\/extra.inmontanis.info\/d\/94262-3\/IMG_20221019_114758.jpg'><img src=http:\/\/extra.inmontanis.info\/d\/94261-4\/IMG_20221019_114758.jpg \/><\/a><br \/>\n^ Aus Russland gab es nur wenig, hier was aus Sankt Petersburg. Manchmal ist es auch schwierig, weil man zum W\u00fchlen anfangen muss, wenn alles so aufeinander steht.<\/p>\n<p><a href='http:\/\/extra.inmontanis.info\/d\/94266-3\/IMG_20221019_120306.jpg'><img src=http:\/\/extra.inmontanis.info\/d\/94265-4\/IMG_20221019_120306.jpg \/><\/a><br \/>\n^ Gr\u00fcner Rand statt Goldrand, aber f\u00fcr 5,- \u00a3 und das Bauern-Motiv doch nicht so mein Fall eigentlich. <\/p>\n<p>Nicht fotografiert bisher, weil nicht gebraucht: der viele Schmuck, den es nat\u00fcrlich auch gibt in diesen L\u00e4den.<\/p>\n<p>Nachmittags endlich mal wieder eine Reisbox vom KFC. Naja, war beim ersten Mal besser. Das Scharfe scheint auch nicht der Reis, sondern die Salatmayo zu sein :(<\/p>\n<p>&#8212;<br \/>\nPolitik?<\/p>\n<p><a href='https:\/\/www.anti-spiegel.ru\/2022\/josep-borrell-und-die-arroganz-der-politisch-toten-eu\/'>https:\/\/www.anti-spiegel.ru\/2022\/josep-borrell-und-die-arroganz-der-politisch-toten-eu\/<\/a><\/p>\n<p><a href='https:\/\/www.anti-spiegel.ru\/2022\/die-usa-verdienen-am-wirtschaftlichen-untergang-europas\/'>https:\/\/www.anti-spiegel.ru\/2022\/die-usa-verdienen-am-wirtschaftlichen-untergang-europas\/<\/a><\/p>\n","protected":false},"excerpt":{"rendered":"<p>18.10.2022<\/p>\n<p>Heute fr\u00fch war&#8217;s in Seaton ca. 9\u00b0 k\u00e4lter als gestern: 7\u00b0 statt 16\u00b0. Im Auto wieder ziemlich feucht mittlerweile, erst recht im unteren Bereich..<\/p>\n<p>Auf dem Weg nach Osten w\u00e4ren in 1h Fahrzeit laut dem gestern gefundenen &#8220;Katalog&#8221; 3 gr\u00f6\u00dfere Antiquit\u00e4tenh\u00e4ndler, die vmtl. auch g\u00fcnsitgere Sachen haben &#8212; mal schaun, ob ich die heute <a href=\"http:\/\/blog.inmontanis.info\/?p=8006\">[&#8230;]<\/a><\/p>\n","protected":false},"author":1,"featured_media":8009,"comment_status":"closed","ping_status":"closed","sticky":false,"template":"","format":"standard","meta":{"footnotes":""},"categories":[186,21,59],"tags":[],"class_list":["post-8006","post","type-post","status-publish","format-standard","has-post-thumbnail","hentry","category-2022-07-uk-irl-iom","category-britain","category-nostalgie","odd"],"_links":{"self":[{"href":"http:\/\/blog.inmontanis.info\/index.php?rest_route=\/wp\/v2\/posts\/8006","targetHints":{"allow":["GET"]}}],"collection":[{"href":"http:\/\/blog.inmontanis.info\/index.php?rest_route=\/wp\/v2\/posts"}],"about":[{"href":"http:\/\/blog.inmontanis.info\/index.php?rest_route=\/wp\/v2\/types\/post"}],"author":[{"embeddable":true,"href":"http:\/\/blog.inmontanis.info\/index.php?rest_route=\/wp\/v2\/users\/1"}],"replies":[{"embeddable":true,"href":"http:\/\/blog.inmontanis.info\/index.php?rest_route=%2Fwp%2Fv2%2Fcomments&post=8006"}],"version-history":[{"count":3,"href":"http:\/\/blog.inmontanis.info\/index.php?rest_route=\/wp\/v2\/posts\/8006\/revisions"}],"predecessor-version":[{"id":8010,"href":"http:\/\/blog.inmontanis.info\/index.php?rest_route=\/wp\/v2\/posts\/8006\/revisions\/8010"}],"wp:featuredmedia":[{"embeddable":true,"href":"http:\/\/blog.inmontanis.info\/index.php?rest_route=\/wp\/v2\/media\/8009"}],"wp:attachment":[{"href":"http:\/\/blog.inmontanis.info\/index.php?rest_route=%2Fwp%2Fv2%2Fmedia&parent=8006"}],"wp:term":[{"taxonomy":"category","embeddable":true,"href":"http:\/\/blog.inmontanis.info\/index.php?rest_route=%2Fwp%2Fv2%2Fcategories&post=8006"},{"taxonomy":"post_tag","embeddable":true,"href":"http:\/\/blog.inmontanis.info\/index.php?rest_route=%2Fwp%2Fv2%2Ftags&post=8006"}],"curies":[{"name":"wp","href":"https:\/\/api.w.org\/{rel}","templated":true}]}}