{"id":794,"date":"2008-03-02T18:00:21","date_gmt":"2008-03-02T16:00:21","guid":{"rendered":"http:\/\/blog.inmontanis.info\/?p=794"},"modified":"2023-02-25T21:58:48","modified_gmt":"2023-02-25T20:58:48","slug":"st-gree-di-viola-20062008","status":"publish","type":"post","link":"http:\/\/blog.inmontanis.info\/?p=794","title":{"rendered":"St. Gr\u00e9\u00e9 di Viola 2006+2008"},"content":{"rendered":"<p><strong>St. Gr\u00e9\u00e9 di Viola<\/strong> <\/p>\n<p><img src=http:\/\/ski.inmontanis.info\/d\/51686-1\/Karte2.jpg \/><br \/>\n^ etwas oberhalb von Z: St. Gr\u00e9\u00e9 di Viola (LSAP) <\/p>\n<p>Das derzeit stillgelegte Skigebiet St. Gr\u00e9\u00e9 di Viola ist das \u00f6stlichste der Alpi-Mondovi-Skigebiete der italienischen S\u00fcdalpen. <\/p>\n<p>Kris hat uns seinerzeit im Alpinforum darauf gesto\u00dfen:<br \/>\n<a href='http:\/\/www.alpinforum.com\/forum\/viewtopic.php?t=6931'>Ein ultimatives LSAP Gebiet bei Cuneo&#8230;<\/a> <\/p>\n<p>Leider sind die Fotos dort nicht mehr online &#8211; die Geschichts-Seite von damals gibt&#8217;s anscheinend nicht mehr :-( <\/p>\n<p>Im Winter 2006 war ich ja kurz im Ort und hab ein paar Fotos gemacht, da ich  heuer von Garessio und Giacomo etliche Zoom-Fotos mehr hatte, gibt&#8217;s nun ein eigenes Topic dazu. <\/p>\n<p>Vielleicht noch das zur Erinnerung: 2004\/05 h\u00e4tte hier eine DSB die untren H\u00e4nge wieder in Betrieb nehmen sollen. Die Bahn wurde fast oder ganz komplett fertig gebaut und steht seitdem dumm rum. Ob sie jemals gelaufen ist, ist mir nicht bekannt, als Skigebiet ist St. Gr\u00e9\u00e9 mittlerweile nicht mal mehr auf den italienischen Standard-Skigebiets-Websites gelistet (und das will was hei\u00dfen ;-) ) <\/p>\n<p>\u00dcbrigens d\u00fcrfte man vom Gipfel oben (also nicht unbedingt von der Bergstation der Lifte!) ein Wahnsinnspanorama haben &#8211; nicht nur auf die Poebene und die Alpen, sondern aufgrund der besonderen Lage auch einen sehr weiten Blick \u00fcber das Ligurische Mittelmeer. <\/p>\n<p>Der Anfang machen die aktuellen Fotos aus 2008, danach folgen die von 2006. <\/p>\n<p><a href='http:\/\/ski.inmontanis.info\/d\/33907-2\/P1030737.jpg'><img src=http:\/\/ski.inmontanis.info\/d\/33909-2\/P1030737.jpg \/><\/a><br \/>\n^ Die Skigebiete in den Alpi Mondovi. Einst an die 100 Anlagen, mittlerweile nicht mal mehr 50 &#8230; Dieser Plan ist auch schon einige Jahre alt, ungef\u00e4hr aus einer Zeit, wo noch an die 70-80 Anlagen waren &#8230; <\/p>\n<p><a href='http:\/\/ski.inmontanis.info\/d\/33910-2\/P1030740.jpg'><img src=http:\/\/ski.inmontanis.info\/d\/33912-2\/P1030740.jpg \/><\/a><br \/>\n^ St. Gr\u00e9\u00e9 <\/p>\n<p><a href='http:\/\/ski.inmontanis.info\/d\/56638-1\/ge_greeviola1.jpg'><img src=http:\/\/ski.inmontanis.info\/d\/56640-3\/ge_greeviola1.jpg \/><\/a><br \/>\n^ Pink: Die Lifte, bei denen ich mich sicher ob Start und Ende bin, Orange: Hier bin ich unsicher, ob die tats\u00e4chlich so verliefen. Ohne Anspruch auf Vollst\u00e4ndigkeit!  <\/p>\n<p><a href='http:\/\/ski.inmontanis.info\/d\/56642-1\/ge_greeviola2.jpg'><img src=http:\/\/ski.inmontanis.info\/d\/56644-3\/ge_greeviola2.jpg \/><\/a><br \/>\n^ Pink: Die Lifte, bei denen ich mich sicher ob Start und Ende bin, Orange: Hier bin ich unsicher, ob die tats\u00e4chlich so verliefen. Ohne Anspruch auf Vollst\u00e4ndigkeit!  <\/p>\n<p><a href='http:\/\/ski.inmontanis.info\/d\/56646-1\/P1240411.JPG'><img src=http:\/\/ski.inmontanis.info\/d\/56648-3\/P1240411.JPG \/><\/a><br \/>\n^ Von San Giacomo (Westseite) <\/p>\n<p><a href='http:\/\/ski.inmontanis.info\/d\/56650-1\/P1240413.JPG'><img src=http:\/\/ski.inmontanis.info\/d\/56652-3\/P1240413.JPG \/><\/a><br \/>\n^ Von San Giacomo, vermutlich Bergstation des unteren Gipfel-SL? <\/p>\n<p><a href='http:\/\/ski.inmontanis.info\/d\/56654-1\/P1240414.JPG'><img src=http:\/\/ski.inmontanis.info\/d\/56656-3\/P1240414.JPG \/><\/a><br \/>\n^ Von San Giacomo, Strecke des oberen Sessel- oder Korblifts, vermutlich eine Verbindung in beide Richtungen? <\/p>\n<p><a href='http:\/\/ski.inmontanis.info\/d\/56658-1\/P1240415.JPG'><img src=http:\/\/ski.inmontanis.info\/d\/56660-3\/P1240415.JPG \/><\/a><br \/>\n^ Von San Giacomo, Strecke des oberen Sessel- oder Korblifts <\/p>\n<p><a href='http:\/\/ski.inmontanis.info\/d\/56662-1\/P1240418.JPG'><img src=http:\/\/ski.inmontanis.info\/d\/56664-3\/P1240418.JPG \/><\/a><br \/>\n^ Bergstation vermutlich des obersten SL, von San Giacomo <\/p>\n<p><a href='http:\/\/ski.inmontanis.info\/d\/56666-1\/P1240420.JPG'><img src=http:\/\/ski.inmontanis.info\/d\/56668-3\/P1240420.JPG \/><\/a><br \/>\n^ zweiter H\u00fcgel von links: Bergstation des oberen SL, weiter rechts bis zum Gipfel ging anscheinend nichts ? <\/p>\n<p><a href='http:\/\/ski.inmontanis.info\/d\/56670-1\/P1250167.JPG'><img src=http:\/\/ski.inmontanis.info\/d\/56672-3\/P1250167.JPG \/><\/a><br \/>\n^ Vom Kurvenlift in Garessio aus Fotografiert, quasi die S\u00fcd-West-Seite <\/p>\n<p><a href='http:\/\/ski.inmontanis.info\/d\/56674-1\/P1250169.JPG'><img src=http:\/\/ski.inmontanis.info\/d\/56676-3\/P1250169.JPG \/><\/a><br \/>\n^ .. von dort gezoomt: Verbindungs-Sessel-oder-Korblift und oberer SL-Bergstation <\/p>\n<p><a href='http:\/\/ski.inmontanis.info\/d\/56678-1\/P1250170.JPG'><img src=http:\/\/ski.inmontanis.info\/d\/56680-3\/P1250170.JPG \/><\/a><br \/>\n^ Verbindungs-Sessel-oder-Korblift und oberer SL-Bergstation <\/p>\n<p><strong><br \/>\n&#8212; von 2006 &#8212;<\/strong> <\/p>\n<p><a href='http:\/\/ski.inmontanis.info\/d\/33848-2\/P1030706.jpg'><img src=http:\/\/ski.inmontanis.info\/d\/33850-2\/P1030706.jpg \/><\/a><br \/>\n^ SL, d\u00fcrfte der rechte untere sein .. <\/p>\n<p><a href='http:\/\/ski.inmontanis.info\/d\/33853-2\/P1030708.jpg'><img src=http:\/\/ski.inmontanis.info\/d\/33855-2\/P1030708.jpg \/><\/a><br \/>\n^ Die neue, nicht er\u00f6ffnete DSB <\/p>\n<p><a href='http:\/\/ski.inmontanis.info\/d\/33856-2\/P1030709.jpg'><img src=http:\/\/ski.inmontanis.info\/d\/33858-2\/P1030709.jpg \/><\/a><br \/>\n^ Die neue DSB kann man ganz gut erkennen, und was noch? Richtig, die Abfahrten sind alle schon so verwachsen, da\u00df man sie gar nicht mehr erkennt &#8230; vorne rechts einer der halbverfallenen Hotelbauten .. <\/p>\n<p><a href='http:\/\/ski.inmontanis.info\/d\/33859-2\/P1030711.jpg'><img src=http:\/\/ski.inmontanis.info\/d\/33861-2\/P1030711.jpg \/><\/a><br \/>\n^ Ehemalige Hotels am Lift und die DSB <\/p>\n<p><a href='http:\/\/ski.inmontanis.info\/d\/33862-2\/P1030712.jpg'><img src=http:\/\/ski.inmontanis.info\/d\/33864-2\/P1030712.jpg \/><\/a><br \/>\n^ Bergstation der DSB <\/p>\n<p><a href='http:\/\/ski.inmontanis.info\/d\/33865-2\/P1030714.jpg'><img src=http:\/\/ski.inmontanis.info\/d\/33867-2\/P1030714.jpg \/><\/a><br \/>\n^ Die SL rechts neben der DSB ist schon halb verwachsen &#8230; <\/p>\n<p><a href='http:\/\/ski.inmontanis.info\/d\/33868-2\/P1030715.jpg'><img src=http:\/\/ski.inmontanis.info\/d\/33870-2\/P1030715.jpg \/><\/a><br \/>\n^ Nochmal der Doppel-SL im Zoom <\/p>\n<p><a href='http:\/\/ski.inmontanis.info\/d\/33871-2\/P1030716.jpg'><img src=http:\/\/ski.inmontanis.info\/d\/33873-2\/P1030716.jpg \/><\/a><br \/>\n^ Der Hotelbau an der Talstation <\/p>\n<p><a href='http:\/\/ski.inmontanis.info\/d\/33874-2\/P1030717.jpg'><img src=http:\/\/ski.inmontanis.info\/d\/33876-2\/P1030717.jpg \/><\/a><br \/>\n^ Schild, das auf die neue DSB hinweist. Mittlerweile ist 2005\/06 vorbei, und der Lift war wohl keinen einzigen Tag in Betrieb &#8230; <\/p>\n<p><a href='http:\/\/ski.inmontanis.info\/d\/33877-2\/P1030718.jpg'><img src=http:\/\/ski.inmontanis.info\/d\/33879-2\/P1030718.jpg \/><\/a><br \/>\n^ Noch ein Schild zur DSB &#8230; <\/p>\n<p><a href='http:\/\/ski.inmontanis.info\/d\/33880-2\/P1030719.jpg'><img src=http:\/\/ski.inmontanis.info\/d\/33882-2\/P1030719.jpg \/><\/a><br \/>\n^ Das halbverfallene Hotel &#8230; <\/p>\n<p><a href='http:\/\/ski.inmontanis.info\/d\/33883-2\/P1030721.jpg'><img src=http:\/\/ski.inmontanis.info\/d\/33885-2\/P1030721.jpg \/><\/a><br \/>\n^ Das halbverfallene Hotel von der anderen Seite: Antennen, neue Fenster &#8211; hier scheinen tats\u00e4chlich Leute zu wohnen (!) <\/p>\n<p><a href='http:\/\/ski.inmontanis.info\/d\/33886-2\/P1030723.jpg'><img src=http:\/\/ski.inmontanis.info\/d\/33888-2\/P1030723.jpg \/><\/a><br \/>\n^ St. Gr\u00e9\u00e9 im \u00dcberblick&#8230;..  <\/p>\n<p><a href='http:\/\/ski.inmontanis.info\/d\/33889-2\/P1030724.jpg'><img src=http:\/\/ski.inmontanis.info\/d\/33891-2\/P1030724.jpg \/><\/a><br \/>\n^ .. und etwas vergr\u00f6\u00dfert. Pisten, wo seid ihr? Absolut krass, das ganze hier&#8230; <\/p>\n<p><a href='http:\/\/ski.inmontanis.info\/d\/33892-2\/P1030725.jpg'><img src=http:\/\/ski.inmontanis.info\/d\/33894-2\/P1030725.jpg \/><\/a><br \/>\n^ Das bekannte Ex-Hotel <\/p>\n<p><a href='http:\/\/ski.inmontanis.info\/d\/33895-2\/P1030727.jpg'><img src=http:\/\/ski.inmontanis.info\/d\/33897-2\/P1030727.jpg \/><\/a><br \/>\n^ Nochmal der Doppel-SL <\/p>\n<p><a href='http:\/\/ski.inmontanis.info\/d\/33898-2\/P1030728.jpg'><img src=http:\/\/ski.inmontanis.info\/d\/33900-2\/P1030728.jpg \/><\/a><br \/>\n^ Neuer Lift und Hoteruine.. <\/p>\n<p><a href='http:\/\/ski.inmontanis.info\/d\/33901-2\/P1030729.jpg'><img src=http:\/\/ski.inmontanis.info\/d\/33903-2\/P1030729.jpg \/><\/a><br \/>\n^ Zoom zur DSB-Bergstation <\/p>\n<p><a href='http:\/\/ski.inmontanis.info\/d\/33904-2\/P1030730.jpg'><img src=http:\/\/ski.inmontanis.info\/d\/33906-2\/P1030730.jpg \/><\/a><br \/>\n^ Stellvertretend f\u00fcr hunderte H\u00e4user in der Gegend &#8211; nicht nur in St. Gr\u00e9\u00e9: Zu verkaufen &#8230;<\/p>\n","protected":false},"excerpt":{"rendered":"<p>Einige Fotos zum stillgelegten Skigebiet <a href=\"http:\/\/blog.inmontanis.info\/?p=794\">[&#8230;]<\/a><\/p>\n","protected":false},"author":1,"featured_media":0,"comment_status":"open","ping_status":"closed","sticky":false,"template":"","format":"standard","meta":{"footnotes":""},"categories":[68,15,26,233,32],"tags":[38,47],"class_list":["post-794","post","type-post","status-publish","format-standard","hentry","category-68","category-italienitaly","category-typeski","category-st-gree","category-lostplaces","tag-dsb","tag-sl","odd"],"_links":{"self":[{"href":"http:\/\/blog.inmontanis.info\/index.php?rest_route=\/wp\/v2\/posts\/794","targetHints":{"allow":["GET"]}}],"collection":[{"href":"http:\/\/blog.inmontanis.info\/index.php?rest_route=\/wp\/v2\/posts"}],"about":[{"href":"http:\/\/blog.inmontanis.info\/index.php?rest_route=\/wp\/v2\/types\/post"}],"author":[{"embeddable":true,"href":"http:\/\/blog.inmontanis.info\/index.php?rest_route=\/wp\/v2\/users\/1"}],"replies":[{"embeddable":true,"href":"http:\/\/blog.inmontanis.info\/index.php?rest_route=%2Fwp%2Fv2%2Fcomments&post=794"}],"version-history":[{"count":3,"href":"http:\/\/blog.inmontanis.info\/index.php?rest_route=\/wp\/v2\/posts\/794\/revisions"}],"predecessor-version":[{"id":3306,"href":"http:\/\/blog.inmontanis.info\/index.php?rest_route=\/wp\/v2\/posts\/794\/revisions\/3306"}],"wp:attachment":[{"href":"http:\/\/blog.inmontanis.info\/index.php?rest_route=%2Fwp%2Fv2%2Fmedia&parent=794"}],"wp:term":[{"taxonomy":"category","embeddable":true,"href":"http:\/\/blog.inmontanis.info\/index.php?rest_route=%2Fwp%2Fv2%2Fcategories&post=794"},{"taxonomy":"post_tag","embeddable":true,"href":"http:\/\/blog.inmontanis.info\/index.php?rest_route=%2Fwp%2Fv2%2Ftags&post=794"}],"curies":[{"name":"wp","href":"https:\/\/api.w.org\/{rel}","templated":true}]}}