{"id":7925,"date":"2022-10-01T19:39:16","date_gmt":"2022-10-01T17:39:16","guid":{"rendered":"http:\/\/blog.inmontanis.info\/?p=7925"},"modified":"2023-08-06T21:56:29","modified_gmt":"2023-08-06T19:56:29","slug":"saisonruckblick-2021-2022","status":"publish","type":"post","link":"http:\/\/blog.inmontanis.info\/?p=7925","title":{"rendered":"Saisonr\u00fcckblick 2021\/2022"},"content":{"rendered":"<p><em>(Da sich meine Saisonz\u00e4hlweise historisch bedingt nach den Saisonkartenzeitr\u00e4umen in Tirol richtet, hab ich die alte Saison wieder mit Ende September abgeschlossen&#8230;)<\/em><\/p>\n<p><strong>Saisonzeitraum: 1.10.2021 &#8211; 30.9.2022<\/strong> (&#8220;Drittes Corona-Jahr&#8221;)<\/p>\n<p><strong>Anzahl Skitage: 146<\/strong> (Inkl. ggf. Nachtskitage und Skitouren)<br \/>\n(+44 Tage im Vgl. zum <a href='http:\/\/blog.inmontanis.info\/?p=7129'>Vorjahr<\/a>; Vorjahre: 102 | 104 | 121 | 106 | 116 | 109 | 125 | 108 | 111 | 107 | 94)<\/p>\n<p><strong>Anzahl Stunden: 598<\/strong>  (Vorjahre: 481 | 516 | 581 | 564 | 611 | 559 | 647 | 556 | 591 | 485 | 458)<br \/>\n<strong>Anzahl Skigebiete: ca. 44<\/strong> (Vorjahre: 52 | 66 | 73 | 73 | 71 | 72 | 81 | 96 | 83 | 87 | 79)<br \/>\n(F\u00fcr mich) &#8211;  <strong>neue Skigebiete: ca. 27 <\/strong> (Vorjahre: 36 | 13 | 32 | 24 | 15 | 20 | 31 | 41 | 31 | 37 | 35)<br \/>\n(Somit aktueller Stand jemals besuchter Skigebiete &#8211; je nach Z\u00e4hlweise &#8211; <strong>um die 675-695<\/strong>)<br \/>\n<strong>Gefahrene Distanz (Ski): ca. 3.600 km, ca. 540.000 hm<\/strong> (mehr als im Vorjahr)<br \/>\n<strong>Anzahl L\u00e4nder:  4<\/strong> (Schweden, Norwegen, \u00d6sterreich, Gro\u00dfbritannien)<\/p>\n<p><strong>Skipasskosten gesamt (inkl. Saisonkarten): \u20ac 2.084,- (-1.004,- im Vgl. zum Vorjahr) -> pro Tag \u20ac 14,27<\/strong> (vorherige Saisonen: 30,27 | 20,30 \/ 22,25 \/ 20,41 | 18,74 | 17,87), am meisten f\u00fcr Skip\u00e4sse ausgegeben wie letztes Jahr in Schweden 892,- plus die Saisonkarte, die in Schweden+Norwegen galt 795,- \u20ac<\/p>\n<p><strong>Monatsaufteilung:<\/strong> (Vorjahresverlauf: vorheriges Jahr = erste Stelle)<br \/>\n10\/2021: 1 Tage (Vorjahre: 6 | 2 | 4 | 2 |10 | 10 | 8 | 4 | 4 | 8 | 7 | 9 | 2 | 6 )<br \/>\n11\/2021: 0 Tage (Vorjahre: 1 | 4 | 7 | 6 | 8 | 9 | 10 | 4 | 6 | 7 | 5 | 6 | 5 | 5 )<br \/>\n12\/2021: 27 Tage (Vorjahre: 0 | 15 | 14 | 10 | 13 | 11 | 12 | 15 | 14 | 9 | 11 | 12 | 13 | 14 )<br \/>\n1\/2022: 27 Tage (Vorjahre: 15 | 12 | 14 | 13 | 15 | 14 | 15 | 14 | 15 | 12 | 12 | 16 | 14 | 12 )<br \/>\n2\/2022: 27 Tage (Vorjahre: 13 | 16 | 12 | 9 | 13 | 10 | 16 | 14 | 18 | 17 | 13 | 13 | 12 | 17 )<br \/>\n3\/2022: 27 Tage (Vorjahre: 24 | 3 | 13 | 11 | 15 | 14 | 19 | 13 | 14 | 20 | 10 | 12 | 13 | 11 )<br \/>\n4\/2022: 27 Tage (Vorjahre: 29 | 6 | 14 | 11 | 15 | 9 | 12 | 10 | 9 | 10 | 13 | 9 | 10 | 8 )<br \/>\n5\/2022: 8 Tage (Vorjahre: 13 | 15 | 9 | 13 | 10 | 13 | 13 | 10 | 10 | 7 | 7 | 9 | 7 | 10 )<br \/>\n6\/2022: 1 Tag (Vorjahre: 1 | 9 | 11 | 9 | 7 | 3 | 9 | 7 | 9 | 5 | 8 | 5 | 5 | 6 )<br \/>\n7\/2022: 0 Tage (Vorjahre: 0 | 7 | 8 | 7 | 2 | 6 | 5 | 4 | 8 | 1 | 1 | 2 | 1 | 1 )<br \/>\n8\/2022: 1 Tage (Vorjahre: 0 | 7 | 6 | 8 | 2 | 4 | 2 | 9 | 3 | 10 | 4 | 3 | 10 | 5 )<br \/>\n9\/2022: 0 Tage (Vorjahre: 0 | 8 | 9 | 7 | 6 | 6 | 4 | 4 | 1 | 1 | 2 | 1 | 2 | 3 )<\/p>\n<p>(Also das ist ja echt ein Zufall, in jedem Monat im Winter ausgerechnet exakt 27 Skitage, war keine Absicht.)<\/p>\n<p><strong>Positiv \/ Negativ:<\/strong><\/p>\n<p>&#8211; Die komplette Wintersaison spielte sich wegen der Coronama\u00dfnahmen zwangsl\u00e4ufig fast nur in Schweden ab, immerhin auch ein paar Tage in Norwegen. In den anderen L\u00e4ndern kam man entweder nicht rein oder sie hatten Maskenpflicht oder sonstwie nervige Coronaregeln<br \/>\n+ dankenswerterweise hatten die Schweden wieder keine Coronama\u00dfnahmen, keine Maskenpflichten<br \/>\n+ Hatte noch nie 146 Skitage in einer Saison gehabt. Wird schwer zu \u00fcbertreffen sein. Aber: von den Stunden her bin ich schon mal l\u00e4nger auf Skiern gestanden!<br \/>\n+ durch Campingpl\u00e4tze und Strom-Heizung meist g\u00fcnstiger \u00fcbernachtet als in Hostels<br \/>\n+ der Kauf der Skistar-Saisonkarte mit 101 Skitagen war absolut lohnenswert, auch wenn die meisten Skigebiete ja eher modern und modelliert sind, gibt es doch ein paar nette Ecken. Bin noch nie so viele Tage auf eine Saisonkarte gefahren.<br \/>\n+ 140 Skitage in den 5 Wintermonaten vom 4.12. bis 5.5., wenn auch manchmal nur 2-4 Stunden pro Tag, da muss man im Sommer nicht mehr unbedingt skifahren gehen.<br \/>\n+ wie \u00fcblich in Skandinavien, viele Schlepplifte statt Gondelbahnen und auch einige nette alte (Graffer-, Poma-) Lifte besuchen k\u00f6nnen<br \/>\n+ es war weniger kalt wie das Jahr zuvor in Schweden<br \/>\n+- wieder wenig Firnschneetage, aber immerhin mehr als letztes Jahr<br \/>\n&#8211; durch die Saisonkarte wenig verschiedene Skigebiete gefahren und ortsm\u00e4\u00dfig eingeschr\u00e4nkt gewesen &#8211; kein Besuch von Nordschweden diese Saison<br \/>\n&#8211; abgesehen von dem einen Skitag Mitte Juni am Hintertuxer eigentlich keine klassischen Sommerskitage. W\u00e4re aber heuer eh schwierig gewesen. Wobei, in Norwegen h\u00e4tte ich heuer im Sommer ja mehr Gl\u00fcck gehabt als letztes Jahr&#8230;<\/p>\n<p><strong>Die vergangene Saison im Detail<\/strong> (ohne Links auf dem Datum zu den Berichten, da das auf meiner Blog-Seite anhand des Kalenders links ja leicht auffindbar ist:<br \/>\n<em>(In dieser Liste sind nur Skitage und Skiberichte aufgelistet, keine Sommerberichte, keine zus\u00e4tzlichen Reiseberichte!)<\/em><\/p>\n<p><strong>\u00d6sterreich:<\/strong> (4 Tage)<br \/>\nHintertuxer Gletscher, 1x (6h) : 15.06.2022<br \/>\nStubaier Gletscher, 3x (17h) : 18.05.2022 + 19.05.2022 + 20.05.2022<\/p>\n<p><strong>Skistar &#8211; Saisonkarte:<\/strong> (101 Tage)<br \/>\n&#8211; Norwegen: 35 Tage<br \/>\nHemsedal, 20x (94h) : 11.12.2021 + 12.12.2021 + 13.12.2021 + 14.12.2021 + 15.12.2021 + 16.12.2021 + 17.12.2021 + 19.04.2022 + 20.04.2022 + 21.04.2022 + 22.04.2022 + 23.04.2022 + 24.04.2022 + 25.04.2022 + 26.04.2022 + 27.04.2022 + 28.04.2022 + 29.04.2022 + 30.04.2022 + 01.05.2022<br \/>\nTrysil, 15x (51h) : 04.12.2021 + 05.12.2021 + 06.12.2021 + 07.12.2021 + 08.12.2021 + 09.12.2021 + 18.12.2021 + 19.12.2021 + 20.12.2021 + 17.02.2022 + 18.02.2022 + 19.02.2022 + 20.02.2022 + 21.02.2022 + 22.02.2022<br \/>\n&#8211; Schweden: 66 Tage<br \/>\n\u00c5re, 20x (87h) : 05.01.2022 + 08.01.2022 + 10.01.2022 + 11.01.2022 + 14.03.2022 + 15.03.2022 + 17.03.2022 + 18.03.2022 + 21.03.2022 + 22.03.2022 + 23.03.2022 + 26.03.2022 + 28.03.2022 + 29.03.2022 + 30.03.2022 + 31.03.2022 + 03.04.2022 + 04.04.2022 + 05.04.2022 + 07.04.2022<br \/>\nBj\u00f6rnrike, 9x (22h) : 26.12.2021 + 27.12.2021 + 29.12.2021 + 30.12.2021 + 01.01.2022 + 17.01.2022 + 19.01.2022 + 20.01.2022 + 10.03.2022<br \/>\nDuved-Tegefj\u00e4ll, 10x (43h) : 03.01.2022 + 04.01.2022 + 06.01.2022 + 07.01.2022 + 13.03.2022 + 16.03.2022 + 19.03.2022 + 01.04.2022 + 06.04.2022 + 08.04.2022<br \/>\nKl\u00f6vsj\u00f6, 8x (28h) : 31.12.2021 + 02.01.2022 + 16.01.2022 + 21.01.2022 + 22.01.2022 + 08.03.2022 + 09.03.2022 + 12.03.2022<br \/>\nLindvallen-H\u00f6gfj\u00e4llet, 4x (13h) : 23.12.2021 + 24.01.2022 + 28.01.2022 + 04.02.2022<br \/>\nTand\u00e5dalen-Hundfj\u00e4llet, 12x (45h) : 21.12.2021 + 22.12.2021 + 24.12.2021 + 25.12.2021 + 25.01.2022 + 26.01.2022 + 27.01.2022 + 29.01.2022 + 30.01.2022 + 31.01.2022 + 01.02.2022 + 02.02.2022<br \/>\nVemdalsskalet, 4x (13h) : 28.12.2021 + 01.01.2022 + 18.01.2022 + 11.03.2022<\/p>\n<p><strong>Norwegen Sonstige:<\/strong> (11 Tage)<br \/>\nDagali, 1x (2h) : 04.05.2022<br \/>\nGeilo, 1x (2h) : 03.05.2022<br \/>\nGol, 1x (2h) : 02.05.2022<br \/>\nJ\u00f8lster, 1x (4h) : 15.04.2022<br \/>\nSiplo, 1x (5h) : 16.04.2022<br \/>\nSogn Skisenter, 2x (13h) : 17.04.2022 + 18.04.2022<br \/>\nStryn Vinterski, 1x (6h) : 14.04.2022<br \/>\nSunnm\u00f8rsalpane, 1x (5h) : 13.04.2022<br \/>\nTusten, 1x (6h) : 12.04.2022<br \/>\nUvdal, 1x (2h) : 05.05.2022<\/p>\n<p><strong>Schweden Sonstige:<\/strong> (29 Tage)<br \/>\nBjurs\u00e5s, 2x (9h) : 06.02.2022 + 07.02.2022<br \/>\nEds\u00e5sdalen, 1x (7h) : 20.03.2022<br \/>\nFj\u00e4llberget, 1x (2h) : 13.02.2022<br \/>\nFun\u00e4sdalsberget, 1x (5h) : 27.02.2022<br \/>\nGaltis, 1x (2h) : 23.10.2021<br \/>\nGopshusbacken, 1x (3h) : 05.02.2022<br \/>\nGr\u00f6velfj\u00e4ll, 1x (4h) : 23.02.2022<br \/>\nGruvbacken, 1x (5h) : 09.01.2022<br \/>\nHoforsbacken, 1x (5h) : 12.02.2022<br \/>\nHovfj\u00e4llet, 2x (7h) : 15.02.2022 + 16.02.2022<br \/>\nKappruet, 2x (8h) : 28.02.2022 + 03.03.2022<br \/>\nKl\u00e4ppen, 1x (5h) : 03.02.2022<br \/>\nKungsberget, 1x (6h) : 11.02.2022<br \/>\nLesj\u00f6fors, 1x (2h) : 13.02.2022<br \/>\nLjungdalsberget, 2x (11h) : 04.03.2022 + 05.03.2022<br \/>\nLofsdalen, 1x (6h) : 23.01.2022<br \/>\nPers\u00e5sbacken, 1x (4h) : 06.03.2022<br \/>\nRomme, 3x (15h) : 08.02.2022 + 09.02.2022 + 10.02.2022<br \/>\nStorlien, 1x (6h) : 09.04.2022<br \/>\nT\u00e4nn\u00e4skr\u00f6ket, 4x (16h) : 24.02.2022 + 25.02.2022 + 01.03.2022 + 02.03.2022<br \/>\nT\u00e4nndalen, 1x (6h) : 26.02.2022<br \/>\nT\u00e4nndalsvallen, 1x (2h) : 27.02.2022<\/p>\n<p><strong>Gro\u00dfbritannien:<\/strong> (1 Tag)<br \/>\nLlandudno, 1x (2h) : 26.08.2022<\/p>\n<p><strong>Vorgenommen f\u00fcr n\u00e4chste Saison 2022\/2023:<\/strong><br \/>\n&#8211; momentan kann man noch nicht absch\u00e4tzen, ob und in welchen L\u00e4ndern wieder Einreise-Tests und Maskenpflichten eingef\u00fchrt werden, daher hab ich noch keine konkreten Planungen. Auch gar keine Zeit gehabt.<\/p>\n<p>&#8211; da es schon wieder Diskussionen \u00fcber Maskenpflichten in AT gibt, werd ich wohl keine Saisonkarte in AT kaufen &#8211; zu gef\u00e4hrlich<\/p>\n<p>&#8211; ich hoffe, dass ich dieses Jahr nicht nochmals nach Skandinavien &#8220;muss&#8221;, insb. bei den teuren Benzinpreisen &#8230; Das hei\u00dft nicht, dass ich nicht irgendwann gern wieder nach Schweden m\u00f6chte, doch. Aber mal ein Jahr wieder anderswohin, wo&#8217;s w\u00e4rmer ist im Fr\u00fchjahr &#8230;<\/p>\n<p>&#8211; Schweden hat aber auch einige Vorteile, z.B. dass viele Campingpl\u00e4tze im Winter offen sind. Das wird in anderen L\u00e4ndern wohl schwieriger werden und die Preise sind, einem ersten Durchschauen nach, auch nicht g\u00fcnstiger. Aufgrund der weniger kalten Temperaturen k\u00f6nnte ich zwar \u00f6fters frei stehen, aber das ist wegen der kalten Skischue morgens nicht optimal&#8230;<\/p>\n<p>&#8211; Es ist schwierig, sich f\u00fcr eine Saisonkarte zu entscheiden, selbst wenn es keine Coronama\u00dfnahmen mehr geben wird. Einerseits kann ich mir jeden Tag Skifahren im Winter nur mit Saisonkarte leisten, andererseits ist man damit geographisch sehr eingeschr\u00e4nkt.<\/p>\n<p>Sollte freies Reisen in einigen Alpenl\u00e4ndern im Winter wieder m\u00f6glich sein, w\u00fcrde ich nat\u00fcrlich gerne viele Skigebiete wieder einmal besuchen. Wobei das auch dadurch erschwert wird, weil ja etliche nur am WE offen sind .. und dann auch erst mal Schnee haben m\u00fcssen. Also z.B. mein geliebtes Piemont, da sind ja viele Skigebiete nur an den WE offen. Das muss man dann also genau timen, oder unter der Woche mal aussetzen oder eins der gr\u00f6\u00dferen Skigebiete anfahren ..<\/p>\n<p>In dem Fall w\u00e4re also eine Saisonkarte f\u00fcr den Anfang und das Ende der Saison sinnvoll, aber es w\u00e4re dann auch praktisch, wenn die Skigebiete im Rahmen einer winterlichen Rundreise auch nochmals auf dem Weg l\u00e4gen = das ist recht schwierig z.B. im Falle einer Italienrundreise mitsamt zumindest den franz\u00f6sischen Alpen. Wo f\u00e4ngt man an, wo h\u00f6rt man auf und wo w\u00e4re da ein Bereich, den man dann zwischendrin nochmals besuchen w\u00fcrde, denn den Appennin runter bis Sizilien sollte es dann ja auch gehen. Und dann ist die Saison ja eh schon wieder vorbei.<\/p>\n<p>Nicht leichter w\u00e4re es z.B. wenn ich Frankreich und Spanien fahren w\u00fcrde &#8211; da w\u00e4re man dann am Anfang und Ende der Saison im Alpenbereich und kurvt dazwischen in den Pyren\u00e4en rum. Oder bei einer S\u00fcdosteuropatour, da w\u00e4r ich am Anfang und\/oder Ende meinetwegen in Slowenien oder Norditalien oder K\u00e4rnten, aber unter der Saison k\u00e4me ich da auch nicht mehr hin, wenn ich dann in Griechenland und T\u00fcrkei w\u00e4re.<\/p>\n<p>Interessant w\u00e4re eine Saisonkarte, meinetwegen auch eine recht teure, die in gr\u00f6\u00dferen Skigebieten in mehreren L\u00e4ndern im ganzen Alpenraum verteilt g\u00fcltig w\u00e4re. Der Go-Pass z.B. der ja auch am M\u00f6lltaler gelten w\u00fcrde und in einigen Skigebieten der Slowakei und Tschechien. Aber die M\u00f6lltaler hatten heuer ja im Sommer keinen Skibetrieb, und wie sich der Sommer rausstellte, zurecht, sonst h\u00e4tte ich mir den vielleicht schon gekauft.<\/p>\n<p>Und naja, wenn es eine Piemont-Saisonkarte g\u00e4be, so wie in der Lombardei, wo alle Skigebiete im Piemont inkludiert w\u00e4ren, dann w\u00e4re die Sache nat\u00fcrlich klar. W\u00e4r mir auch 1.000,- \u20ac wert.<\/p>\n<p>&#8211; aufgrund der Sanktionspolitik der EU, aufgrund des Wirtschaftskriegs der EU gegen Russland, sind ja nicht nur Benzin und Strom teurer geworden, sondern es wird alles teurer und die Aktienkurse sind im Keller. Wieviel Skigebiete noch Tageskarten zu Preisen anbieten, die ich \u00fcberhaupt bezahlen will, wird sich noch zeigen m\u00fcssen. Auch hier wieder ein Vorteil in Schweden, dass ein 6-Tagesskipass h\u00e4ufig 8 Tage g\u00fcltig und somit recht g\u00fcnstig ist.<\/p>\n<p>&#8211; wieviel von den kleinen Skigebieten \u00fcberhaupt noch \u00fcberleben (k\u00f6nnen) nach den Corona-Ausf\u00e4llen und nun mit den Teuerungen .. die gro\u00dfen sind kostenm\u00e4\u00dfig bei mir immer weiter entfernt, auch wenn sich nach den Jahren in Skandinavien meine Schmerzgrenze von 30,- auf immerhin 40,- \u20ac angehoben hat, wenn&#8217;s mal sein muss. Trotzdem gab es auch in Schweden g\u00fcnstige Tageskarten unter 20,- \u20ac.<\/p>\n<p>&#8211; Aufgrund des antirussischen Verhaltens in der EU und Nato, inklusive s\u00e4mtlicher L\u00fcgenpropaganda in den Mainstreammedien inklusive Corona, hab ich aber ja eigentlich gar keine Lust, in EU- und Nato-Staaten (vielleicht au\u00dfer der T\u00fcrkei) \u00fcberhaupt noch Geld auszugeben. Diese Politikerbanditen haben mir mit der Inflation und dem B\u00f6rsencrash eh schon genug gestohlen. Nachdem sie mir wegen ihrer Coronapolitik zuvor die Lebensfreude gestohlen haben, nun auch das Geld. Keinen Cent sollte man mehr an amerikanische Unternehmen zahlen.<\/p>\n","protected":false},"excerpt":{"rendered":"<p>(Da sich meine Saisonz\u00e4hlweise historisch bedingt nach den Saisonkartenzeitr\u00e4umen in Tirol richtet, hab ich die alte Saison wieder mit Ende September abgeschlossen&#8230;)<\/p>\n<p>Saisonzeitraum: 1.10.2021 &#8211; 30.9.2022 (&#8220;Drittes Corona-Jahr&#8221;)<\/p>\n<p>Anzahl Skitage: 146 (Inkl. ggf. Nachtskitage und Skitouren) (+44 Tage im Vgl. zum Vorjahr; Vorjahre: 102 | 104 | 121 | 106 | 116 | 109 | <a href=\"http:\/\/blog.inmontanis.info\/?p=7925\">[&#8230;]<\/a><\/p>\n","protected":false},"author":1,"featured_media":0,"comment_status":"closed","ping_status":"closed","sticky":false,"template":"","format":"standard","meta":{"footnotes":""},"categories":[212],"tags":[],"class_list":["post-7925","post","type-post","status-publish","format-standard","hentry","category-statistik","odd"],"_links":{"self":[{"href":"http:\/\/blog.inmontanis.info\/index.php?rest_route=\/wp\/v2\/posts\/7925","targetHints":{"allow":["GET"]}}],"collection":[{"href":"http:\/\/blog.inmontanis.info\/index.php?rest_route=\/wp\/v2\/posts"}],"about":[{"href":"http:\/\/blog.inmontanis.info\/index.php?rest_route=\/wp\/v2\/types\/post"}],"author":[{"embeddable":true,"href":"http:\/\/blog.inmontanis.info\/index.php?rest_route=\/wp\/v2\/users\/1"}],"replies":[{"embeddable":true,"href":"http:\/\/blog.inmontanis.info\/index.php?rest_route=%2Fwp%2Fv2%2Fcomments&post=7925"}],"version-history":[{"count":10,"href":"http:\/\/blog.inmontanis.info\/index.php?rest_route=\/wp\/v2\/posts\/7925\/revisions"}],"predecessor-version":[{"id":9316,"href":"http:\/\/blog.inmontanis.info\/index.php?rest_route=\/wp\/v2\/posts\/7925\/revisions\/9316"}],"wp:attachment":[{"href":"http:\/\/blog.inmontanis.info\/index.php?rest_route=%2Fwp%2Fv2%2Fmedia&parent=7925"}],"wp:term":[{"taxonomy":"category","embeddable":true,"href":"http:\/\/blog.inmontanis.info\/index.php?rest_route=%2Fwp%2Fv2%2Fcategories&post=7925"},{"taxonomy":"post_tag","embeddable":true,"href":"http:\/\/blog.inmontanis.info\/index.php?rest_route=%2Fwp%2Fv2%2Ftags&post=7925"}],"curies":[{"name":"wp","href":"https:\/\/api.w.org\/{rel}","templated":true}]}}