{"id":7912,"date":"2022-09-23T19:05:24","date_gmt":"2022-09-23T17:05:24","guid":{"rendered":"http:\/\/blog.inmontanis.info\/?p=7912"},"modified":"2022-10-10T19:10:20","modified_gmt":"2022-10-10T17:10:20","slug":"23-9-2022","status":"publish","type":"post","link":"http:\/\/blog.inmontanis.info\/?p=7912","title":{"rendered":"23.9.2022"},"content":{"rendered":"<p><strong>23.9.2022<\/strong><\/p>\n<p>Heute stand nicht viel auf dem Plan &#8211; bei dem Wetter w\u00e4re die gestern Abend ausgefallene Erkundungstour heute schon interessant gewesen, aber wie schon gesagt, wollte ich lieber anderswo \u00fcbernachten.<\/p>\n<p>In der N\u00e4he von Crich g\u00e4be es ja auch die Heights of Abraham, die mit einer GUB erschlossen sind, oben gibts dann ein paar H\u00f6hlen usw. &#8211; eigentlich auch interessant, w\u00e4ren da nicht vor ein paar Jahren mal die Gondelkabinen erneuert worden (zuvor alte Poma glaub ich), dazu nicht sehr g\u00fcnstig plus kostenpflichtige Parkpl\u00e4tze (nicht direkt vor Ort), das wollte ich mir sparen, wenn ich schon in Blackpool am WE wieder viel Geld ausgeben muss.<\/p>\n<p>All zu weit ist der Weg nach Blackpool von Crich ja nicht, und im Einklang m\u00f6glicher Schlafpl\u00e4tze f\u00fcr heute Abend, sollte hoffentlich genug Zeit bleiben, um mir zu \u00fcberlegen, wann ich am WE welche Stra\u00dfenbahnen wohin fahre, um m\u00f6glichst alle Wagen fahren zu k\u00f6nnen. Es sind jeweils 7 verschiedene Trams im Einsatz, wobei 2 davon anscheinend SA+SO laufen. Und sch\u00f6n, immerhin die alte Bolton 66 ist wieder in Betrieb. Wenn schon nicht die seit Jahren unvollendet restaurierte 143 oder die zuvor gefahrene 147, die f\u00fcr 143 leider etwas ausgeschlachtet wurde.<\/p>\n<p>Hab mir gestern mal testweise die geschnittene Knoblauchwurst gekauft. Boah, nicht mein Fall. Ich hab nix gegen Knoblauch oder eine Wurst mit Knoblauch, da gibts in \u00d6sterreich ja auch etliche, wenn auch tendenziell die h\u00e4rteren mehr Knoblauch haben anstatt wie hier die weiche, jedenfalls die hier im UK ist nix (na wer h\u00e4tte auch was anderes erwartet), da schmeckt man au\u00dfer Knoblauch fast nix und mir auch zu bitter im Geschmack. Wie so h\u00e4ufig im UK, entweder man schmeckt nix oder es ist zu stark, zu viel, zu scharf, zu extrem.<\/p>\n<p><a href='http:\/\/extra.inmontanis.info\/d\/89446-2\/DSC00528.jpg'><img src=http:\/\/extra.inmontanis.info\/d\/89445-3\/DSC00528.jpg \/><\/a><br \/>\n^ <\/p>\n<p><a href='http:\/\/extra.inmontanis.info\/d\/89450-2\/DSC00529.jpg'><img src=http:\/\/extra.inmontanis.info\/d\/89449-3\/DSC00529.jpg \/><\/a><br \/>\n^ <\/p>\n<p><a href='http:\/\/extra.inmontanis.info\/d\/89454-2\/DSC00539.jpg'><img src=http:\/\/extra.inmontanis.info\/d\/89453-3\/DSC00539.jpg \/><\/a><br \/>\n^ <\/p>\n<p><a href='http:\/\/extra.inmontanis.info\/d\/89458-2\/DSC00540.jpg'><img src=http:\/\/extra.inmontanis.info\/d\/89457-3\/DSC00540.jpg \/><\/a><br \/>\n^ <\/p>\n<p><a href='http:\/\/extra.inmontanis.info\/d\/89462-2\/DSC00542.jpg'><img src=http:\/\/extra.inmontanis.info\/d\/89461-3\/DSC00542.jpg \/><\/a><br \/>\n^ <\/p>\n<p><a href='http:\/\/extra.inmontanis.info\/d\/89466-2\/DSC00543.jpg'><img src=http:\/\/extra.inmontanis.info\/d\/89465-3\/DSC00543.jpg \/><\/a><br \/>\n^ <\/p>\n<p><a href='http:\/\/extra.inmontanis.info\/d\/89470-2\/DSC00548.jpg'><img src=http:\/\/extra.inmontanis.info\/d\/89469-3\/DSC00548.jpg \/><\/a><br \/>\n^ <\/p>\n<p><a href='http:\/\/extra.inmontanis.info\/d\/89474-2\/DSC00549.jpg'><img src=http:\/\/extra.inmontanis.info\/d\/89473-3\/DSC00549.jpg \/><\/a><br \/>\n^ <\/p>\n<p><a href='http:\/\/extra.inmontanis.info\/d\/89478-2\/DSC00550.jpg'><img src=http:\/\/extra.inmontanis.info\/d\/89477-3\/DSC00550.jpg \/><\/a><br \/>\n^ <\/p>\n<p><a href='http:\/\/extra.inmontanis.info\/d\/89482-2\/DSC00552.jpg'><img src=http:\/\/extra.inmontanis.info\/d\/89481-3\/DSC00552.jpg \/><\/a><br \/>\n^ <\/p>\n<p><a href='http:\/\/extra.inmontanis.info\/d\/89486-2\/DSC00561.jpg'><img src=http:\/\/extra.inmontanis.info\/d\/89485-3\/DSC00561.jpg \/><\/a><br \/>\n^ <\/p>\n<p><a href='http:\/\/extra.inmontanis.info\/d\/89490-2\/DSC00564.jpg'><img src=http:\/\/extra.inmontanis.info\/d\/89489-3\/DSC00564.jpg \/><\/a><br \/>\n^ Zuf\u00e4llig an einem Mattenskigebiet vorbeigekommen, das ich gar nicht auf meiner Poi-Karte hab!<\/p>\n<p><a href='http:\/\/extra.inmontanis.info\/d\/89494-2\/DSC00565.jpg'><img src=http:\/\/extra.inmontanis.info\/d\/89493-3\/DSC00565.jpg \/><\/a><br \/>\n^ <\/p>\n<p>3 Stunden verbrachte ich abends noch f\u00fcr die Planung der Tram-Fahrten morgen und \u00fcbermorgen, hab allerdings nicht ber\u00fccksichtigt, ob und welche ich Sa+So doppelt fahren w\u00fcrde oder welche ich im August gefahren bin.<\/p>\n<p>Man h\u00f6rt momentan sehr viele Leute husten  &#8211; bei mir fing es heute Abend auch wieder mit Halskratzen an&#8230; ob ich so am Sonntag \u00fcberhaupt fit genug sein werde?<\/p>\n<p>Zudem nachts wieder k\u00e4lter als zuletzt und brauch wieder die Fu\u00dfheizung, obwohl sich das Auto abends in der Sonne noch stark aufgew\u00e4rmt hatte..<\/p>\n<p>&#8212;<br \/>\nMal wieder zur aktuellen Politik ..<\/p>\n<p>In den Referenden in der Ostukraine hat sich, wie nach den echten Berichten vor Ort zu erwarten gewesen, die deutliche Mehrheit in der Bev\u00f6lkerung (bei einer durch internationale Beobachter unterst\u00fctzten und geheimen Wahl) gegen einen Verbleib in der von ihnen verhassten Ukraine ausgesprochen und sich stattdessen eine Angliederung an Russland gew\u00fcnscht.<\/p>\n<p>Einerseits freue ich mich f\u00fcr die Menschen dort, die nach vielen Jahren Unterdr\u00fcckung und Krieg nun viel Hoffnung auf ein ruhigeres und besseres Leben in Russland haben, andererseits muss denen auch klar sein, dass damit weder der schon Jahre lang anhaltende Krieg des ukrainischen Staates gegen sie, noch der internationale Zwist beeendet wird, eher im Gegenteil. Eine friedlichere Alternative w\u00e4re gewesen, sie h\u00e4tten einfach allesamt das Land verlassen und sich die Umsiedlung von Russland entsprechend finanzieren lassen? W\u00e4re wohl auch f\u00fcr RU g\u00fcnstiger gekommen als der Krieg &#8230;<\/p>\n<p>Warum &#8220;der Westen&#8221; den Willen des Volkes nicht anerkennen will und stattdessen die Bewohner weiterhin mit Krieg statt Frieden und Unterjochung durch die Ukraine bestrafen will, liegt wohl an den &#8220;westlichen Werten wie Demokratie&#8221; &#8211; die sp\u00e4testens dort aufh\u00f6ren, wenn die Bev\u00f6lkerung sich anma\u00dft, nicht nach dem Willen der herrschenden Politikerkaste zu ticken..<\/p>\n<p>Als separatistischer Franke seh ich solche Abspaltungen bekanntlich gerne und die &#8220;Mehrheit&#8221; ist hier nicht so 50:50-m\u00e4\u00dfig, wie es in Schottland (oder evtl. auch Nordirland) immer vor sich hin d\u00fcmpelt, sondern 80-90% und mehr. <\/p>\n<p>Wie schon gesagt, k\u00f6nnte man von mir aus auch gerne s\u00e4mtliche Nationalstaaten aufl\u00f6sen, hin zu einem Europa der Regionen. Dann w\u00e4re zwischen Franken und EU kein Bayern oder Deutschland, zwischen einem vereinten Tirol (Nord-, S\u00fcd-, Ost-) kein Italien oder \u00d6sterreich, mehr und auch Katalonien und Korsika und die Flamen und waswei\u00dfichalles k\u00f6nnten eigenst\u00e4ndig sein. Allerdings m\u00fcsste daf\u00fcr auch noch die EU &#8220;ausgetauscht&#8221; werden, denn die momentane taugt ja leider nichts (mehr).<\/p>\n<p>&#8211;<br \/>\nPikant, sogar die italienische Lega-Partei ist gegen den Anschluss der 4 (ehemaligen) ukrainischen Gebiete an Russland. Vor einigen Jahren wollten die (=der italienische Norden) sich ja noch selbst vom s\u00fcdlichen Teil Italiens abtrennen .. <\/p>\n<p>&#8211;<br \/>\nSogar AfD-Poltiiker werden ausgeschlossen, wenn sie derzeit nur nach Russland reisen, krass:<br \/>\n<a href='https:\/\/rtde.site\/inland\/150027-afd-nordrhein-westfalen-schmeisst-abgeordneten\/'>https:\/\/rtde.site\/inland\/150027-afd-nordrhein-westfalen-schmeisst-abgeordneten\/<\/a><\/p>\n","protected":false},"excerpt":{"rendered":"<p>23.9.2022<\/p>\n<p>Heute stand nicht viel auf dem Plan &#8211; bei dem Wetter w\u00e4re die gestern Abend ausgefallene Erkundungstour heute schon interessant gewesen, aber wie schon gesagt, wollte ich lieber anderswo \u00fcbernachten.<\/p>\n<p>In der N\u00e4he von Crich g\u00e4be es ja auch die Heights of Abraham, die mit einer GUB erschlossen sind, oben gibts dann ein paar <a href=\"http:\/\/blog.inmontanis.info\/?p=7912\">[&#8230;]<\/a><\/p>\n","protected":false},"author":1,"featured_media":7914,"comment_status":"closed","ping_status":"closed","sticky":false,"template":"","format":"standard","meta":{"footnotes":""},"categories":[186,21],"tags":[45],"class_list":["post-7912","post","type-post","status-publish","format-standard","has-post-thumbnail","hentry","category-2022-07-uk-irl-iom","category-britain","tag-see","odd"],"_links":{"self":[{"href":"http:\/\/blog.inmontanis.info\/index.php?rest_route=\/wp\/v2\/posts\/7912","targetHints":{"allow":["GET"]}}],"collection":[{"href":"http:\/\/blog.inmontanis.info\/index.php?rest_route=\/wp\/v2\/posts"}],"about":[{"href":"http:\/\/blog.inmontanis.info\/index.php?rest_route=\/wp\/v2\/types\/post"}],"author":[{"embeddable":true,"href":"http:\/\/blog.inmontanis.info\/index.php?rest_route=\/wp\/v2\/users\/1"}],"replies":[{"embeddable":true,"href":"http:\/\/blog.inmontanis.info\/index.php?rest_route=%2Fwp%2Fv2%2Fcomments&post=7912"}],"version-history":[{"count":2,"href":"http:\/\/blog.inmontanis.info\/index.php?rest_route=\/wp\/v2\/posts\/7912\/revisions"}],"predecessor-version":[{"id":7915,"href":"http:\/\/blog.inmontanis.info\/index.php?rest_route=\/wp\/v2\/posts\/7912\/revisions\/7915"}],"wp:featuredmedia":[{"embeddable":true,"href":"http:\/\/blog.inmontanis.info\/index.php?rest_route=\/wp\/v2\/media\/7914"}],"wp:attachment":[{"href":"http:\/\/blog.inmontanis.info\/index.php?rest_route=%2Fwp%2Fv2%2Fmedia&parent=7912"}],"wp:term":[{"taxonomy":"category","embeddable":true,"href":"http:\/\/blog.inmontanis.info\/index.php?rest_route=%2Fwp%2Fv2%2Fcategories&post=7912"},{"taxonomy":"post_tag","embeddable":true,"href":"http:\/\/blog.inmontanis.info\/index.php?rest_route=%2Fwp%2Fv2%2Ftags&post=7912"}],"curies":[{"name":"wp","href":"https:\/\/api.w.org\/{rel}","templated":true}]}}