{"id":7902,"date":"2022-09-19T19:21:33","date_gmt":"2022-09-19T17:21:33","guid":{"rendered":"http:\/\/blog.inmontanis.info\/?p=7902"},"modified":"2022-10-08T20:33:24","modified_gmt":"2022-10-08T18:33:24","slug":"magpie-mine-wolfscote-dale-19-9-2022","status":"publish","type":"post","link":"http:\/\/blog.inmontanis.info\/?p=7902","title":{"rendered":"Magpie Mine &#038; Wolfscote Dale, 19.9.2022"},"content":{"rendered":"<p><strong>Mo, 19.9.2022<\/strong> &#8211; Queen Funeral Day<\/p>\n<p>Da es schon um 10 Uhr etwas regnerisch aussah, blieb ich noch im Auto, stellte einen weiteren Bericht online. Bis 10:30 blieb es trocken, danach regnete es leicht. Unpassend f\u00fcr 2 Wanderungen, die ich mir heute als Alternative rausgesucht h\u00e4tte und die beide nicht so weit von Crich entfernt w\u00e4ren, da ich dann doch nochmals den einen oder anderen Tag dort verbringen m\u00f6chte &#8211; auch weil es auf dem Weg nach Blackpool bis zum n\u00e4chsten WE ja auch nicht viel gibt, was ich noch besuchen m\u00f6chte.<\/p>\n<p>Die B-Stra\u00dfe, wo ich heute Vormittag verbacht hatte, war auch alles andere als ausgestorben. Also zum Thema &#8220;alle sitzen heut vor dem Fernseher und schauen sich die Queen-Beerdigung an&#8221; ..<\/p>\n<p>Mit 70 Jahren und 214 Tagen (1952-2022) hat Elizabeth II das britische K\u00f6nigreich l\u00e4nger regiert als Victoria (63 Jahre und 216 Tage, von 1837-1901). Briten bezeichnen gerne den Zeitraum dieser Regentschaften entsprechend als Zeitlter, \u00c4ra, also die viktorianische Zeit, die in so vielen Museen und alten Trams und architektonisch usw. verehrt wird und mir ja auch recht gut gef\u00e4llt, wobei nicht nur ich auch die darauf folgende, kurze edwardische \u00c4ra (1901-1910 oder bis zum ersten Weltkrieg) gern mit dazu z\u00e4hlen .. Zudem werden die, die damals gelebt haben, als &#8220;victorians&#8221; (Viktorianer) bezeichnet.<\/p>\n<p>Hier hatte nun die aktuell verstorbene Queen &#8220;E II&#8221; Pech, weil sie ja nur die Zweite Elizabeth ist und das &#8220;elizabethanische Zeitalter&#8221; bereits von Elizabeth I besetzt ist, die von 1558-1603 immerhin auch 44 Jahre und 127 Tage auf dem Thron sa\u00df. Diese wiederum war ja eine Tochter vom Henry VIII (Tudor), \u00fcber den es vor ein paar Jahren diese sch\u00f6ne Fernsehserie gab. Zwischen den beiden regierte die andere Tochter vom Henry VIII, genannt &#8220;Bloody Mary&#8221;. Eine andere Mary, die ebenfalls in diesem Zeitraum gelebt hat und einen bekannten Namen hat (Drama von Schiller), ist die schottische K\u00f6nigin, die ebenso ein Anrecht auf den englischen Thron hatte: Maria\/Mary Stuart\/Stewart, die dann von eben dieser Elizabeth I hingerichtet wurde.<\/p>\n<p>Worauf ich eigentlich hinaus wollte: Diese Zeitalter wurden nach Edward nicht mehr nach dem Regenten benannt, das ist nun &#8220;modern britain&#8221;, es gibt keine Bezeichnung f\u00fcr Elizabeth-die-zweite-Zeitaler. Was ja auch irgendwie schade ist, zumal sie 70 Jahre regiert hat. (Vielleicht hat man diese Zeitalterbenennung aber erst in der Neuzeit gemacht und in 100 Jahren schaut das wieder anders aus, denn wenn man das aktuelle Zeitalter &#8220;modernes XXX&#8221; nennt, was kommt dann danach? Post-modern?!)<\/p>\n<p>Als ich um kurz nach 12 Uhr an der Mine war, kam eine gro\u00dfe Gruppe mit 3 Autos&#8230;<\/p>\n<p><a href='http:\/\/extra.inmontanis.info\/d\/88998-2\/DSC00222.jpg'><img src=http:\/\/extra.inmontanis.info\/d\/88997-3\/DSC00222.jpg \/><\/a><br \/>\n^ Scheinen sich wohl auch einige Briten nicht f\u00fcr die Beerdigung der Queen zu interessieren ..<\/p>\n<p><a href='http:\/\/extra.inmontanis.info\/d\/89002-2\/DSC00225.jpg'><img src=http:\/\/extra.inmontanis.info\/d\/89001-3\/DSC00225.jpg \/><\/a><br \/>\n^ Komisches Rondell mit vielen B\u00e4umen umgeben von einer durchgehenden Mauer &#8230;<\/p>\n<p><a href='http:\/\/extra.inmontanis.info\/d\/89006-2\/DSC00226.jpg'><img src=http:\/\/extra.inmontanis.info\/d\/89005-3\/DSC00226.jpg \/><\/a><br \/>\n^ <\/p>\n<p><a href='http:\/\/extra.inmontanis.info\/d\/89010-2\/DSC00232.jpg'><img src=http:\/\/extra.inmontanis.info\/d\/89009-3\/DSC00232.jpg \/><\/a><br \/>\n^ Magpie Mine<\/p>\n<p><a href='http:\/\/extra.inmontanis.info\/d\/89014-2\/DSC00235.jpg'><img src=http:\/\/extra.inmontanis.info\/d\/89013-3\/DSC00235.jpg \/><\/a><br \/>\n^ Infotafel<\/p>\n<p><a href='http:\/\/extra.inmontanis.info\/d\/89018-2\/DSC00237.jpg'><img src=http:\/\/extra.inmontanis.info\/d\/89017-3\/DSC00237.jpg \/><\/a><br \/>\n^ <\/p>\n<p><a href='http:\/\/extra.inmontanis.info\/d\/89022-2\/DSC00238.jpg'><img src=http:\/\/extra.inmontanis.info\/d\/89021-3\/DSC00238.jpg \/><\/a><br \/>\n^ <\/p>\n<p><a href='http:\/\/extra.inmontanis.info\/d\/89026-2\/DSC00239.jpg'><img src=http:\/\/extra.inmontanis.info\/d\/89025-3\/DSC00239.jpg \/><\/a><br \/>\n^ <\/p>\n<p><a href='http:\/\/extra.inmontanis.info\/d\/89030-2\/DSC00242.jpg'><img src=http:\/\/extra.inmontanis.info\/d\/89029-3\/DSC00242.jpg \/><\/a><br \/>\n^ <\/p>\n<p><a href='http:\/\/extra.inmontanis.info\/d\/89034-2\/DSC00245.jpg'><img src=http:\/\/extra.inmontanis.info\/d\/89033-3\/DSC00245.jpg \/><\/a><br \/>\n^ <\/p>\n<p><a href='http:\/\/extra.inmontanis.info\/d\/89038-2\/DSC00247.jpg'><img src=http:\/\/extra.inmontanis.info\/d\/89037-3\/DSC00247.jpg \/><\/a><br \/>\n^ <\/p>\n<p><a href='http:\/\/extra.inmontanis.info\/d\/89042-2\/DSC00248.jpg'><img src=http:\/\/extra.inmontanis.info\/d\/89041-3\/DSC00248.jpg \/><\/a><br \/>\n^ Es war dies eine Bleimine, 250 Jahre lang<\/p>\n<p><a href='http:\/\/extra.inmontanis.info\/d\/89046-2\/DSC00254.jpg'><img src=http:\/\/extra.inmontanis.info\/d\/89045-3\/DSC00254.jpg \/><\/a><br \/>\n^ <\/p>\n<p><a href='http:\/\/extra.inmontanis.info\/d\/89050-2\/DSC00256.jpg'><img src=http:\/\/extra.inmontanis.info\/d\/89049-3\/DSC00256.jpg \/><\/a><br \/>\n^ <\/p>\n<p><a href='http:\/\/extra.inmontanis.info\/d\/89054-2\/DSC00257.jpg'><img src=http:\/\/extra.inmontanis.info\/d\/89053-3\/DSC00257.jpg \/><\/a><br \/>\n^ <\/p>\n<p><a href='http:\/\/extra.inmontanis.info\/d\/89058-2\/DSC00258.jpg'><img src=http:\/\/extra.inmontanis.info\/d\/89057-3\/DSC00258.jpg \/><\/a><br \/>\n^ <\/p>\n<p><a href='http:\/\/extra.inmontanis.info\/d\/89062-2\/DSC00260.jpg'><img src=http:\/\/extra.inmontanis.info\/d\/89061-3\/DSC00260.jpg \/><\/a><br \/>\n^ <\/p>\n<p><a href='http:\/\/extra.inmontanis.info\/d\/89066-2\/DSC00261.jpg'><img src=http:\/\/extra.inmontanis.info\/d\/89065-3\/DSC00261.jpg \/><\/a><br \/>\n^ <\/p>\n<p><a href='http:\/\/extra.inmontanis.info\/d\/89070-2\/DSC00265.jpg'><img src=http:\/\/extra.inmontanis.info\/d\/89069-3\/DSC00265.jpg \/><\/a><br \/>\n^ <\/p>\n<p><a href='http:\/\/extra.inmontanis.info\/d\/89074-2\/DSC00266.jpg'><img src=http:\/\/extra.inmontanis.info\/d\/89073-3\/DSC00266.jpg \/><\/a><br \/>\n^ <\/p>\n<p><a href='http:\/\/extra.inmontanis.info\/d\/89078-2\/DSC00267.jpg'><img src=http:\/\/extra.inmontanis.info\/d\/89077-3\/DSC00267.jpg \/><\/a><br \/>\n^ <\/p>\n<p><a href='http:\/\/extra.inmontanis.info\/d\/89082-2\/DSC00269.jpg'><img src=http:\/\/extra.inmontanis.info\/d\/89081-3\/DSC00269.jpg \/><\/a><br \/>\n^ Replica<\/p>\n<p><a href='http:\/\/extra.inmontanis.info\/d\/89086-2\/DSC00270.jpg'><img src=http:\/\/extra.inmontanis.info\/d\/89085-3\/DSC00270.jpg \/><\/a><br \/>\n^ <\/p>\n<p><a href='http:\/\/extra.inmontanis.info\/d\/89090-2\/DSC00271.jpg'><img src=http:\/\/extra.inmontanis.info\/d\/89089-3\/DSC00271.jpg \/><\/a><br \/>\n^ Faszinierend fand ich auch dieses un\u00fcblich h\u00fcgelige Gel\u00e4nde<\/p>\n<p>Nach mehrmaligem \u00c4ndern meiner Pl\u00e4ne f\u00fcr das heutige 2. Ziel fuhr ich weit nach Mittag los. Sah sogar einen ge\u00f6ffneten Dorfladen\/Supermarkt.<\/p>\n<p>Der Dove-Fluss schl\u00e4ngelt sich laut mancher Bilder und der Karte recht interessant durch ein Tal, hat aber viel mehr interessante Punkte als ich heute erkunden wollte. Nahm also mal eine Stelle raus, die leerer sein soll..<\/p>\n<p>.. m\u00f6chte ich dann nicht wisen, wie voll es an den anderen Stellen heute war. Ich jedenfalls hatte recht schnell genug, weil es mir viel zu voll war, und kehrte wieder um.<\/p>\n<p><a href='http:\/\/extra.inmontanis.info\/d\/89094-2\/DSC00272.jpg'><img src=http:\/\/extra.inmontanis.info\/d\/89093-3\/DSC00272.jpg \/><\/a><br \/>\n^ englische Landschaft<\/p>\n<p><a href='http:\/\/extra.inmontanis.info\/d\/89098-2\/DSC00273.jpg'><img src=http:\/\/extra.inmontanis.info\/d\/89097-3\/DSC00273.jpg \/><\/a><br \/>\n^ englische Landschaft<\/p>\n<p><a href='http:\/\/extra.inmontanis.info\/d\/89102-2\/DSC00280.jpg'><img src=http:\/\/extra.inmontanis.info\/d\/89101-3\/DSC00280.jpg \/><\/a><br \/>\n^ Br\u00fccke<\/p>\n<p><a href='http:\/\/extra.inmontanis.info\/d\/89106-2\/DSC00281.jpg'><img src=http:\/\/extra.inmontanis.info\/d\/89105-3\/DSC00281.jpg \/><\/a><br \/>\n^ Massenwanderung heute<\/p>\n<p><a href='http:\/\/extra.inmontanis.info\/d\/89110-2\/DSC00284.jpg'><img src=http:\/\/extra.inmontanis.info\/d\/89109-3\/DSC00284.jpg \/><\/a><br \/>\n^ Wolfscote Dale<\/p>\n<p><a href='http:\/\/extra.inmontanis.info\/d\/89114-2\/DSC00288.jpg'><img src=http:\/\/extra.inmontanis.info\/d\/89113-3\/DSC00288.jpg \/><\/a><br \/>\n^ Ich finde Schafe ja eigentlich nicht sch\u00f6n, aber frontal das Gesicht ist manchmal sehr h\u00fcbsch.<\/p>\n<p><a href='http:\/\/extra.inmontanis.info\/d\/89118-2\/DSC00290.jpg'><img src=http:\/\/extra.inmontanis.info\/d\/89117-3\/DSC00290.jpg \/><\/a><br \/>\n^ <\/p>\n<p><a href='http:\/\/extra.inmontanis.info\/d\/89122-2\/DSC00291.jpg'><img src=http:\/\/extra.inmontanis.info\/d\/89121-3\/DSC00291.jpg \/><\/a><br \/>\n^ H\u00f6hle<\/p>\n<p><a href='http:\/\/extra.inmontanis.info\/d\/89126-2\/DSC00294.jpg'><img src=http:\/\/extra.inmontanis.info\/d\/89125-3\/DSC00294.jpg \/><\/a><br \/>\n^ H\u00f6hle<\/p>\n<p><a href='http:\/\/extra.inmontanis.info\/d\/89130-2\/DSC00296.jpg'><img src=http:\/\/extra.inmontanis.info\/d\/89129-3\/DSC00296.jpg \/><\/a><br \/>\n^ ich f\u00fcrchte, da w\u00e4r an einem normalen Werktag weniger los gewesen &#8230;<\/p>\n<p><a href='http:\/\/extra.inmontanis.info\/d\/89134-2\/DSC00297.jpg'><img src=http:\/\/extra.inmontanis.info\/d\/89133-3\/DSC00297.jpg \/><\/a><br \/>\n^ .. wieder retour<\/p>\n<p><a href='http:\/\/extra.inmontanis.info\/d\/89138-2\/DSC00298.jpg'><img src=http:\/\/extra.inmontanis.info\/d\/89137-3\/DSC00298.jpg \/><\/a><br \/>\n^ In dem Tal am River Dove gibt&#8217;s immer wieder Felsen mit H\u00f6hlen<\/p>\n<p><a href='http:\/\/extra.inmontanis.info\/d\/89142-2\/DSC00303.jpg'><img src=http:\/\/extra.inmontanis.info\/d\/89141-3\/DSC00303.jpg \/><\/a><br \/>\n^ <\/p>\n<p><a href='http:\/\/extra.inmontanis.info\/d\/89146-3\/DSC00304.jpg'><img src=http:\/\/extra.inmontanis.info\/d\/89145-4\/DSC00304.jpg \/><\/a><br \/>\n^ Das ist \u00fcbrigens kein Staudamm!<\/p>\n<p><a href='http:\/\/extra.inmontanis.info\/d\/89150-2\/DSC00305.jpg'><img src=http:\/\/extra.inmontanis.info\/d\/89149-3\/DSC00305.jpg \/><\/a><br \/>\n^ kein Staudamm, wie man sp\u00e4testens hier unschwer erkennen kann, sondern eine ehemalige Eisnbahnstrecke<\/p>\n<p><a href='http:\/\/extra.inmontanis.info\/d\/89154-3\/DSC00308.jpg'><img src=http:\/\/extra.inmontanis.info\/d\/89153-4\/DSC00308.jpg \/><\/a><br \/>\n^ Ehemalige Eisenbahnstrecke<\/p>\n<p>Der angefahrene, in park4night hochgelobte Parkplatz, war mal wieder M\u00fcll. Kein Internet-Signal und ein nerviger Dauerbrummton wie von einem Generator irgendwo.<\/p>\n<p>Der 2. Parkplatz war dann, was Internetempfang anging, nicht viel besser. Und um 19:10 musste mal wieder so ein Arsch kommen und sich auf unter 1m neben mich hinstellen, obwohl er genau gesehen haben muss, dass ich quer im Auto sitz und mind. 10 Parkpl\u00e4tze nach weiter vorne frei waren.<\/p>\n<p>Weil er  dann seine R\u00e4der hinten an der Heckt\u00fcr vergessen hatte und etwas zu weit zur\u00fcck gefahren ist, hat er den Ast eines Baumes abges\u00e4gt, damit er seine Heckt\u00fcr \u00f6ffnen kann. <\/p>\n<p>Sein lautes Fernsehen hab ich auch in meinem Auto bei geschlossenem Fenster noch geh\u00f6rt. Naja, dann hab ich wenigstens mal wieder einen Grund gehabt f\u00fcr eine bisschen laut Musik h\u00f6ren&#8230;<\/p>\n<p>.. italienische End-1970\/Anfang-1980er Lieder. Fr\u00fcher mochte ich Italien &#8211; au\u00dfer S\u00fcdtirol &#8211; ja nicht, aber heutzutage w\u00e4re das eine sehr gew\u00fcnschte Zeit beim Vorhandensein einer Zeitmaschine&#8230;<\/p>\n","protected":false},"excerpt":{"rendered":"<p>Mo, 19.9.2022 &#8211; Queen Funeral Day<\/p>\n<p>Da es schon um 10 Uhr etwas regnerisch aussah, blieb ich noch im Auto, stellte einen weiteren Bericht online. Bis 10:30 blieb es trocken, danach regnete es leicht. Unpassend f\u00fcr 2 Wanderungen, die ich mir heute als Alternative rausgesucht h\u00e4tte und die beide nicht so weit von Crich entfernt <a href=\"http:\/\/blog.inmontanis.info\/?p=7902\">[&#8230;]<\/a><\/p>\n","protected":false},"author":1,"featured_media":7904,"comment_status":"closed","ping_status":"closed","sticky":false,"template":"","format":"standard","meta":{"footnotes":""},"categories":[186,21,32,30],"tags":[50],"class_list":["post-7902","post","type-post","status-publish","format-standard","has-post-thumbnail","hentry","category-2022-07-uk-irl-iom","category-britain","category-lostplaces","category-wandern","tag-bergbau","odd"],"_links":{"self":[{"href":"http:\/\/blog.inmontanis.info\/index.php?rest_route=\/wp\/v2\/posts\/7902","targetHints":{"allow":["GET"]}}],"collection":[{"href":"http:\/\/blog.inmontanis.info\/index.php?rest_route=\/wp\/v2\/posts"}],"about":[{"href":"http:\/\/blog.inmontanis.info\/index.php?rest_route=\/wp\/v2\/types\/post"}],"author":[{"embeddable":true,"href":"http:\/\/blog.inmontanis.info\/index.php?rest_route=\/wp\/v2\/users\/1"}],"replies":[{"embeddable":true,"href":"http:\/\/blog.inmontanis.info\/index.php?rest_route=%2Fwp%2Fv2%2Fcomments&post=7902"}],"version-history":[{"count":2,"href":"http:\/\/blog.inmontanis.info\/index.php?rest_route=\/wp\/v2\/posts\/7902\/revisions"}],"predecessor-version":[{"id":7905,"href":"http:\/\/blog.inmontanis.info\/index.php?rest_route=\/wp\/v2\/posts\/7902\/revisions\/7905"}],"wp:featuredmedia":[{"embeddable":true,"href":"http:\/\/blog.inmontanis.info\/index.php?rest_route=\/wp\/v2\/media\/7904"}],"wp:attachment":[{"href":"http:\/\/blog.inmontanis.info\/index.php?rest_route=%2Fwp%2Fv2%2Fmedia&parent=7902"}],"wp:term":[{"taxonomy":"category","embeddable":true,"href":"http:\/\/blog.inmontanis.info\/index.php?rest_route=%2Fwp%2Fv2%2Fcategories&post=7902"},{"taxonomy":"post_tag","embeddable":true,"href":"http:\/\/blog.inmontanis.info\/index.php?rest_route=%2Fwp%2Fv2%2Ftags&post=7902"}],"curies":[{"name":"wp","href":"https:\/\/api.w.org\/{rel}","templated":true}]}}