{"id":7851,"date":"2022-08-30T20:11:30","date_gmt":"2022-08-30T18:11:30","guid":{"rendered":"http:\/\/blog.inmontanis.info\/?p=7851"},"modified":"2022-09-21T20:41:57","modified_gmt":"2022-09-21T18:41:57","slug":"scarborough-2x-ex-dsb-30-8-2022","status":"publish","type":"post","link":"http:\/\/blog.inmontanis.info\/?p=7851","title":{"rendered":"Scarborough, 2x Ex-DSB, 30.8.2022"},"content":{"rendered":"<p><strong>30.8.2022<\/strong><\/p>\n<p>Heutiges Hauptziel ist Scarborough an der Ostk\u00fcste Englands, Reste zweier Doppelsessellifte am Strand suchen, dazwischen lag oben am Berg fr\u00fcher ein Vergn\u00fcgungspark.<\/p>\n<p>Netterweise alles problemlos, \u00f6ffentlich zug\u00e4nglich. Nur von der s\u00fcdlichen Bergstation zur Talstation war mir das Gel\u00e4nde zu steil und kein brauchbarer Weg findbar. Daf\u00fcr dann die Talstation leicht sichtbar am asphaltierten Weg und keinerlei Abz\u00e4ungung, das ist ja mal ungewohnt toll.<\/p>\n<p>Auch wenn es sehr schade war, dass die beiden DSB nicht mehr in Betrieb sind, ist es doch sch\u00f6n, dass noch so viel Reste vorhanden sind.<\/p>\n<p>Die Miniatur-Railway fuhr ich aber nicht, f\u00fcr 4,50 \u00a3 H&#038;R bot er mir zu wenig. waren ja nicht mal echte Dampfloks ;) Und sowieso voll genug.<\/p>\n<p>Es soll auch mal 5 Cliff Lifts (Standseilbahnen) gegeben haben, aktuell glaub nur noch 1 in Betrieb. Ziemlich alle auf der S\u00fcdseite, d.h. s\u00fcdlich des ruin\u00f6sen Castles. Da war ich aber nicht.<\/p>\n<p><a href='http:\/\/extra.inmontanis.info\/d\/86222-2\/DSC08287.jpg'><img src=http:\/\/extra.inmontanis.info\/d\/86220-3\/DSC08287.jpg \/><\/a><br \/>\n^ DSB-St\u00fctze, Meer, Castle<\/p>\n<p><a href='http:\/\/extra.inmontanis.info\/d\/86226-2\/DSC08288.jpg'><img src=http:\/\/extra.inmontanis.info\/d\/86225-3\/DSC08288.jpg \/><\/a><br \/>\n^ Nicht nur, dass dieser Bahnhof auf halber Strecke nicht offen ist ..<\/p>\n<p><a href='http:\/\/extra.inmontanis.info\/d\/86230-2\/DSC08291.jpg'><img src=http:\/\/extra.inmontanis.info\/d\/86229-3\/DSC08291.jpg \/><\/a><br \/>\n^ .. es ist auch die Br\u00fccke nicht offen, verarscht mich halt, dann rei\u00dft den Schei\u00df halt ab!<\/p>\n<p><a href='http:\/\/extra.inmontanis.info\/d\/86234-2\/DSC08294.jpg'><img src=http:\/\/extra.inmontanis.info\/d\/86233-3\/DSC08294.jpg \/><\/a><br \/>\n^ DSB-Nord-Talstation war evtl. in dem betonierten, rechteckigen Bereich<\/p>\n<p><a href='http:\/\/extra.inmontanis.info\/d\/86238-2\/DSC08296.jpg'><img src=http:\/\/extra.inmontanis.info\/d\/86237-3\/DSC08296.jpg \/><\/a><br \/>\n^ Ex-DSB Nord<\/p>\n<p><a href='http:\/\/extra.inmontanis.info\/d\/86242-2\/DSC08301.jpg'><img src=http:\/\/extra.inmontanis.info\/d\/86241-3\/DSC08301.jpg \/><\/a><br \/>\n^ Ex-DSB Nord<\/p>\n<p><a href='http:\/\/extra.inmontanis.info\/d\/86246-2\/DSC08303.jpg'><img src=http:\/\/extra.inmontanis.info\/d\/86245-3\/DSC08303.jpg \/><\/a><br \/>\n^ Ex-DSB Nord<\/p>\n<p><a href='http:\/\/extra.inmontanis.info\/d\/86250-2\/DSC08304.jpg'><img src=http:\/\/extra.inmontanis.info\/d\/86249-3\/DSC08304.jpg \/><\/a><br \/>\n^ Ex-DSB Nord<\/p>\n<p><a href='http:\/\/extra.inmontanis.info\/d\/86254-2\/DSC08307.jpg'><img src=http:\/\/extra.inmontanis.info\/d\/86253-3\/DSC08307.jpg \/><\/a><br \/>\n^ Strand bzw. Nord-Strand, denn s\u00fcdlich vom Castle gibt&#8217;s auch einen Strand, dort gibt es sogar noch Standseilbahnen \/ Cliff Railways, von denen es fr\u00fcher aber ca. 5 in Scarborough gab<\/p>\n<p><a href='http:\/\/extra.inmontanis.info\/d\/86258-2\/DSC08309.jpg'><img src=http:\/\/extra.inmontanis.info\/d\/86257-3\/DSC08309.jpg \/><\/a><br \/>\n^ Ex-DSB Nord, dahinter Schwimmbad<\/p>\n<p><a href='http:\/\/extra.inmontanis.info\/d\/86262-2\/DSC08310.jpg'><img src=http:\/\/extra.inmontanis.info\/d\/86261-3\/DSC08310.jpg \/><\/a><br \/>\n^ Ex-DSB Nord<\/p>\n<p><a href='http:\/\/extra.inmontanis.info\/d\/86266-2\/DSC08311.jpg'><img src=http:\/\/extra.inmontanis.info\/d\/86265-3\/DSC08311.jpg \/><\/a><br \/>\n^ Ex-DSB Nord<\/p>\n<p><a href='http:\/\/extra.inmontanis.info\/d\/86270-2\/DSC08314.jpg'><img src=http:\/\/extra.inmontanis.info\/d\/86269-3\/DSC08314.jpg \/><\/a><br \/>\n^ Ex-DSB Nord<\/p>\n<p><a href='http:\/\/extra.inmontanis.info\/d\/86274-2\/DSC08316.jpg'><img src=http:\/\/extra.inmontanis.info\/d\/86273-3\/DSC08316.jpg \/><\/a><br \/>\n^ Ex-DSB Nord Bergstation<\/p>\n<p><a href='http:\/\/extra.inmontanis.info\/d\/86278-2\/DSC08317.jpg'><img src=http:\/\/extra.inmontanis.info\/d\/86277-3\/DSC08317.jpg \/><\/a><br \/>\n^ Ex-DSB Nord Bergstation<\/p>\n<p><a href='http:\/\/extra.inmontanis.info\/d\/86282-2\/DSC08318.jpg'><img src=http:\/\/extra.inmontanis.info\/d\/86281-3\/DSC08318.jpg \/><\/a><br \/>\n^ Ex-DSB Nord<\/p>\n<p><a href='http:\/\/extra.inmontanis.info\/d\/86286-2\/DSC08319.jpg'><img src=http:\/\/extra.inmontanis.info\/d\/86285-3\/DSC08319.jpg \/><\/a><br \/>\n^ Ex-DSB Nord<\/p>\n<p><a href='http:\/\/extra.inmontanis.info\/d\/86290-2\/DSC08322.jpg'><img src=http:\/\/extra.inmontanis.info\/d\/86289-3\/DSC08322.jpg \/><\/a><br \/>\n^ Ex-DSB Nord Bergstation<\/p>\n<p><a href='http:\/\/extra.inmontanis.info\/d\/86294-2\/DSC08323.jpg'><img src=http:\/\/extra.inmontanis.info\/d\/86293-3\/DSC08323.jpg \/><\/a><br \/>\n^ Ex-DSB Nord Bergstation<\/p>\n<p><a href='http:\/\/extra.inmontanis.info\/d\/86298-2\/DSC08325.jpg'><img src=http:\/\/extra.inmontanis.info\/d\/86297-3\/DSC08325.jpg \/><\/a><br \/>\n^ Ex-DSB Nord Bergstation<\/p>\n<p><a href='http:\/\/extra.inmontanis.info\/d\/86302-2\/DSC08326.jpg'><img src=http:\/\/extra.inmontanis.info\/d\/86301-3\/DSC08326.jpg \/><\/a><br \/>\n^ Ex-DSB Nord Bergstation<\/p>\n<p><a href='http:\/\/extra.inmontanis.info\/d\/86306-2\/DSC08327.jpg'><img src=http:\/\/extra.inmontanis.info\/d\/86305-3\/DSC08327.jpg \/><\/a><br \/>\n^ Ex-DSB Nord Bergstation<\/p>\n<p><a href='http:\/\/extra.inmontanis.info\/d\/86310-2\/DSC08328.jpg'><img src=http:\/\/extra.inmontanis.info\/d\/86309-3\/DSC08328.jpg \/><\/a><br \/>\n^ Ex-DSB Nord<\/p>\n<p><a href='http:\/\/extra.inmontanis.info\/d\/86314-2\/DSC08329.jpg'><img src=http:\/\/extra.inmontanis.info\/d\/86313-3\/DSC08329.jpg \/><\/a><br \/>\n^ Ex-Vergn\u00fcgungspark zwischen den beiden DSB<\/p>\n<p><a href='http:\/\/extra.inmontanis.info\/d\/86318-2\/DSC08330.jpg'><img src=http:\/\/extra.inmontanis.info\/d\/86317-3\/DSC08330.jpg \/><\/a><br \/>\n^ Ex-Vergn\u00fcgungspark<\/p>\n<p><a href='http:\/\/extra.inmontanis.info\/d\/86322-2\/DSC08331.jpg'><img src=http:\/\/extra.inmontanis.info\/d\/86321-3\/DSC08331.jpg \/><\/a><br \/>\n^ Ex-Vergn\u00fcgungspark<\/p>\n<p><a href='http:\/\/extra.inmontanis.info\/d\/86326-2\/DSC08333.jpg'><img src=http:\/\/extra.inmontanis.info\/d\/86325-3\/DSC08333.jpg \/><\/a><br \/>\n^ Ex-DSB Nord<\/p>\n<p><a href='http:\/\/extra.inmontanis.info\/d\/86330-2\/DSC08340.jpg'><img src=http:\/\/extra.inmontanis.info\/d\/86329-3\/DSC08340.jpg \/><\/a><br \/>\n^ Ex-DSB S\u00fcd Bergstation<\/p>\n<p><a href='http:\/\/extra.inmontanis.info\/d\/86334-2\/DSC08342.jpg'><img src=http:\/\/extra.inmontanis.info\/d\/86333-3\/DSC08342.jpg \/><\/a><br \/>\n^ Ex-Vergn\u00fcgungspark<\/p>\n<p><a href='http:\/\/extra.inmontanis.info\/d\/86338-2\/DSC08343.jpg'><img src=http:\/\/extra.inmontanis.info\/d\/86337-3\/DSC08343.jpg \/><\/a><br \/>\n^ Ex-Vergn\u00fcgungspark<\/p>\n<p><a href='http:\/\/extra.inmontanis.info\/d\/86342-2\/DSC08346.jpg'><img src=http:\/\/extra.inmontanis.info\/d\/86341-3\/DSC08346.jpg \/><\/a><br \/>\n^ Ex-DSB S\u00fcd Bergstation<\/p>\n<p><a href='http:\/\/extra.inmontanis.info\/d\/86346-2\/DSC08348.jpg'><img src=http:\/\/extra.inmontanis.info\/d\/86345-3\/DSC08348.jpg \/><\/a><br \/>\n^ Ex-DSB S\u00fcd Bergstation<\/p>\n<p><a href='http:\/\/extra.inmontanis.info\/d\/86350-2\/DSC08349.jpg'><img src=http:\/\/extra.inmontanis.info\/d\/86349-3\/DSC08349.jpg \/><\/a><br \/>\n^ Ex-DSB S\u00fcd Bergstation, Seil ist hier noch vorhanden<\/p>\n<p><a href='http:\/\/extra.inmontanis.info\/d\/86354-2\/DSC08350.jpg'><img src=http:\/\/extra.inmontanis.info\/d\/86353-3\/DSC08350.jpg \/><\/a><br \/>\n^ .. allerdings an der Bergstation auf beiden Seiten entgleist<\/p>\n<p><a href='http:\/\/extra.inmontanis.info\/d\/86358-2\/DSC08353.jpg'><img src=http:\/\/extra.inmontanis.info\/d\/86357-3\/DSC08353.jpg \/><\/a><br \/>\n^ Auch das Dach ist an der S\u00fcd-DSB-Bergstation noch mehr vorhanden<\/p>\n<p><a href='http:\/\/extra.inmontanis.info\/d\/86362-2\/DSC08354.jpg'><img src=http:\/\/extra.inmontanis.info\/d\/86361-3\/DSC08354.jpg \/><\/a><br \/>\n^ Unklar vor Ort, ob der Zugang zur DSB \u00fcber diesen steilen H\u00fcgel ging oder rechts durch den dichten Waldpfad (was logischer ist, aber die Mauer st\u00f6rt etwas)<\/p>\n<p><a href='http:\/\/extra.inmontanis.info\/d\/86366-2\/DSC08356.jpg'><img src=http:\/\/extra.inmontanis.info\/d\/86365-3\/DSC08356.jpg \/><\/a><br \/>\n^ Ex-DSB S\u00fcd Bergstation<\/p>\n<p><a href='http:\/\/extra.inmontanis.info\/d\/86370-2\/DSC08359.jpg'><img src=http:\/\/extra.inmontanis.info\/d\/86369-3\/DSC08359.jpg \/><\/a><br \/>\n^ Ex-DSB S\u00fcd Bergstation, hier geht der Weg gleich mal steil bergab<\/p>\n<p><a href='http:\/\/extra.inmontanis.info\/d\/86374-2\/DSC08360.jpg'><img src=http:\/\/extra.inmontanis.info\/d\/86373-3\/DSC08360.jpg \/><\/a><br \/>\n^ Ex-DSB S\u00fcd, weiter runter kam ich von hier aus leider nicht, denn..<\/p>\n<p><a href='http:\/\/extra.inmontanis.info\/d\/86378-2\/DSC08361.jpg'><img src=http:\/\/extra.inmontanis.info\/d\/86377-3\/DSC08361.jpg \/><\/a><br \/>\n^ .. das gel\u00e4nde ist sehr unwegsam und steil.<\/p>\n<p><a href='http:\/\/extra.inmontanis.info\/d\/86382-2\/DSC08370.jpg'><img src=http:\/\/extra.inmontanis.info\/d\/86381-3\/DSC08370.jpg \/><\/a><br \/>\n^ Ex-DSB Nord mit Miniatur-Zug<\/p>\n<p><a href='http:\/\/extra.inmontanis.info\/d\/86386-2\/DSC08374.jpg'><img src=http:\/\/extra.inmontanis.info\/d\/86385-3\/DSC08374.jpg \/><\/a><br \/>\n^ Open-Air-B\u00fchne<\/p>\n<p><a href='http:\/\/extra.inmontanis.info\/d\/86390-2\/DSC08375.jpg'><img src=http:\/\/extra.inmontanis.info\/d\/86389-3\/DSC08375.jpg \/><\/a><br \/>\n^ Wasserpark<\/p>\n<p><a href='http:\/\/extra.inmontanis.info\/d\/86394-2\/DSC08377.jpg'><img src=http:\/\/extra.inmontanis.info\/d\/86393-3\/DSC08377.jpg \/><\/a><br \/>\n^ Miniatur-Zug<\/p>\n<p><a href='http:\/\/extra.inmontanis.info\/d\/86398-2\/DSC08381.jpg'><img src=http:\/\/extra.inmontanis.info\/d\/86397-3\/DSC08381.jpg \/><\/a><br \/>\n^ Ex-DSB S\u00fcd-Talstation<\/p>\n<p><a href='http:\/\/extra.inmontanis.info\/d\/86402-2\/DSC08383.jpg'><img src=http:\/\/extra.inmontanis.info\/d\/86401-3\/DSC08383.jpg \/><\/a><br \/>\n^ Ex-DSB S\u00fcd-Talstation<\/p>\n<p><a href='http:\/\/extra.inmontanis.info\/d\/86406-2\/DSC08386.jpg'><img src=http:\/\/extra.inmontanis.info\/d\/86405-3\/DSC08386.jpg \/><\/a><br \/>\n^ Ex-DSB S\u00fcd-Talstation<\/p>\n<p><a href='http:\/\/extra.inmontanis.info\/d\/86410-2\/DSC08387.jpg'><img src=http:\/\/extra.inmontanis.info\/d\/86409-3\/DSC08387.jpg \/><\/a><br \/>\n^ Die Seilrollen waren mit Montaz angeschrieben<\/p>\n<p><a href='http:\/\/extra.inmontanis.info\/d\/86414-2\/DSC08392.jpg'><img src=http:\/\/extra.inmontanis.info\/d\/86413-3\/DSC08392.jpg \/><\/a><br \/>\n^ Die Taube beobachtet einen H\u00f6renden (mich)<\/p>\n<p><a href='http:\/\/extra.inmontanis.info\/d\/86418-2\/DSC08394.jpg'><img src=http:\/\/extra.inmontanis.info\/d\/86417-3\/DSC08394.jpg \/><\/a><br \/>\n^ Ex-DSB S\u00fcd-Talstation<\/p>\n<p><a href='http:\/\/extra.inmontanis.info\/d\/86422-2\/DSC08397.jpg'><img src=http:\/\/extra.inmontanis.info\/d\/86421-3\/DSC08397.jpg \/><\/a><br \/>\n^ Ex-DSB S\u00fcd-Talstation, auch von hier aus weiter hinauf iist es recht steil<\/p>\n<p><a href='http:\/\/extra.inmontanis.info\/d\/86426-2\/DSC08404.jpg'><img src=http:\/\/extra.inmontanis.info\/d\/86425-3\/DSC08404.jpg \/><\/a><br \/>\n^ Ex-DSB S\u00fcd-Talstation<\/p>\n<p><a href='http:\/\/extra.inmontanis.info\/d\/86430-2\/DSC08405.jpg'><img src=http:\/\/extra.inmontanis.info\/d\/86429-3\/DSC08405.jpg \/><\/a><br \/>\n^ Ex-DSB S\u00fcd-Talstation<\/p>\n<p><a href='http:\/\/extra.inmontanis.info\/d\/86434-2\/DSC08406.jpg'><img src=http:\/\/extra.inmontanis.info\/d\/86433-3\/DSC08406.jpg \/><\/a><br \/>\n^ Ex-DSB S\u00fcd-Talstation<\/p>\n<p><a href='http:\/\/extra.inmontanis.info\/d\/86438-2\/DSC08411.jpg'><img src=http:\/\/extra.inmontanis.info\/d\/86437-3\/DSC08411.jpg \/><\/a><br \/>\n^ Vorhin hatte ich nur 1 Zug fahren sehen (daher wollte ich erst recht nicht fahren), jetzt fahren doch 2.<\/p>\n<p><a href='http:\/\/extra.inmontanis.info\/d\/86442-2\/DSC08412.jpg'><img src=http:\/\/extra.inmontanis.info\/d\/86441-3\/DSC08412.jpg \/><\/a><br \/>\n^ Schaut aber nur aus wie eine Dampflok, ist aber keine. \u00c4rmlich.<\/p>\n<p><a href='http:\/\/extra.inmontanis.info\/d\/86446-2\/DSC08414.jpg'><img src=http:\/\/extra.inmontanis.info\/d\/86445-3\/DSC08414.jpg \/><\/a><br \/>\n^ Immerhin gbit es verschiedene Wagen<\/p>\n<p>Kleines Missgeschick heute Nachmittag beim Lidl: Ich mach eine Linkskurve am Ende vom Gang (innen), Einkaufskorb am linkem Arm, ein Bediensteter kam mit einem Wagen voller Einkaufsk\u00f6rbe von geradeaus (SB-Kassen) und bog ebenfalls in meinen Bereich ab (direkt vor der besetzten Kasse, wohin ich wollte), ging aber extrem zu meiner Seite, so dass ich kaum Platz hatte und mich links zum vorderen Ende des Regals (an der Stirn der Regalreihe) hin dr\u00e4ngte. <\/p>\n<p>Was ich nicht sah: Das unterste Regalbrett (an der Stirnseite) war bescheuerterweise 30-50cm l\u00e4nger nach vorne hinaus und war auch noch mit Weinflaschen best\u00fcckt. Zum Gl\u00fcck schmiss ich nur eine um, die dann f\u00fcr die entsprechende Sauerei am Boden sorgte, ich sagte ein &#8220;ups, sorry&#8221; und der Bedienstete sagte auch nix weiter und sorgte daf\u00fcr, dass das weggewischt wird, ohne mich weiter zu beschuldigen oder Ersatz von mir zu verlangen &#8230; <\/p>\n<p>Also mal ehrlich, Weinflaschen an der Ecke eines offenen, hervorstehenden Regals 20cm \u00fcber dem Boden, wie bescheuert ist das denn?! Ich glaub, an der Ecke war auch noch irgendein Korb oder so gestanden, so dass ich (durch den Korb links auf der Innenkurven) gar nicht sehen konnte, dass das untere Regal da so hervorsteht.<\/p>\n<p>An meinem heutigen \u00dcbernachtungsplatz war mal wieder so ein Arschlochcamper, der anscheinend erst weit oben am Parkplatz stand (bereits mit Keilen, au\u00dfer es war ein anderer, \u00e4hnlicher) und sich dann tats\u00e4chlich noch in die L\u00fccke unter mir reinquetschen musste (obwohl da der Zugang zum Wanderweg ist, h\u00e4tte ich mich mal noch 30 cm noch runter stellen sollen!) und mir die Sicht versperrt hat und sein schei\u00df wei\u00dfes Wohnmobil hat mich auch noch geblendet, weil die Sonne draufschien, so dass ich auch noch die Fenster verdunkeln musste.<\/p>\n<p><a href='http:\/\/extra.inmontanis.info\/d\/86450-2\/DSC08416.jpg'><img src=http:\/\/extra.inmontanis.info\/d\/86449-3\/DSC08416.jpg \/><\/a><br \/>\n^ Ja, die Stra\u00dfe ist so steil, wie sie ausschaut.<\/p>\n<p><a href='http:\/\/extra.inmontanis.info\/d\/86454-2\/DSC08420.jpg'><img src=http:\/\/extra.inmontanis.info\/d\/86453-3\/DSC08420.jpg \/><\/a><br \/>\n^ Erwischt :) Die winterlichen Sandk\u00e4sten scheinen bei den Schafen recht beliebt zu sein, auch andere waren offen.<\/p>\n<p><a href='http:\/\/extra.inmontanis.info\/d\/86458-2\/DSC08421.jpg'><img src=http:\/\/extra.inmontanis.info\/d\/86457-3\/DSC08421.jpg \/><\/a><br \/>\n^ Bank Top<\/p>\n<p><a href='http:\/\/extra.inmontanis.info\/d\/86462-2\/DSC08424.jpg'><img src=http:\/\/extra.inmontanis.info\/d\/86461-3\/DSC08424.jpg \/><\/a><br \/>\n^ Bank Top Infotafel, es wurde hier wohl Eisen abgebaut zbw. verarbeitet<\/p>\n<p><a href='http:\/\/extra.inmontanis.info\/d\/86466-2\/DSC08425.jpg'><img src=http:\/\/extra.inmontanis.info\/d\/86465-3\/DSC08425.jpg \/><\/a><br \/>\n^ Bank Top Infotafel<\/p>\n<p><a href='http:\/\/extra.inmontanis.info\/d\/86470-2\/DSC08428.jpg'><img src=http:\/\/extra.inmontanis.info\/d\/86469-3\/DSC08428.jpg \/><\/a><br \/>\n^ Bank Top, ehemalige Hoch\u00f6fen oder so<\/p>\n<p><a href='http:\/\/extra.inmontanis.info\/d\/86474-2\/DSC08430.jpg'><img src=http:\/\/extra.inmontanis.info\/d\/86473-3\/DSC08430.jpg \/><\/a><br \/>\n^ Reste der H\u00e4user, fr\u00fcher stand hier wesentlich mehr rum<\/p>\n<p><a href='http:\/\/extra.inmontanis.info\/d\/86478-2\/DSC08431.jpg'><img src=http:\/\/extra.inmontanis.info\/d\/86477-3\/DSC08431.jpg \/><\/a><br \/>\n^ Hier ging der Zug<\/p>\n<p><a href='http:\/\/extra.inmontanis.info\/d\/86482-2\/DSC08432.jpg'><img src=http:\/\/extra.inmontanis.info\/d\/86481-3\/DSC08432.jpg \/><\/a><br \/>\n^ <\/p>\n<p><a href='http:\/\/extra.inmontanis.info\/d\/86486-2\/DSC08435.jpg'><img src=http:\/\/extra.inmontanis.info\/d\/86485-3\/DSC08435.jpg \/><\/a><br \/>\n^ <\/p>\n<p><a href='http:\/\/extra.inmontanis.info\/d\/86490-2\/DSC08437.jpg'><img src=http:\/\/extra.inmontanis.info\/d\/86489-3\/DSC08437.jpg \/><\/a><br \/>\n^ <\/p>\n<p><a href='http:\/\/extra.inmontanis.info\/d\/86494-2\/DSC08438.jpg'><img src=http:\/\/extra.inmontanis.info\/d\/86493-3\/DSC08438.jpg \/><\/a><br \/>\n^ <\/p>\n<p><a href='http:\/\/extra.inmontanis.info\/d\/86498-2\/DSC08441.jpg'><img src=http:\/\/extra.inmontanis.info\/d\/86497-3\/DSC08441.jpg \/><\/a><br \/>\n^ Bank Top Infotafel, hier gab&#8217;s mehrere Eisenbahnen<\/p>\n<p><a href='http:\/\/extra.inmontanis.info\/d\/86502-2\/DSC08443.jpg'><img src=http:\/\/extra.inmontanis.info\/d\/86501-3\/DSC08443.jpg \/><\/a><br \/>\n^ <\/p>\n<p><a href='http:\/\/extra.inmontanis.info\/d\/86506-2\/DSC08445.jpg'><img src=http:\/\/extra.inmontanis.info\/d\/86505-3\/DSC08445.jpg \/><\/a><br \/>\n^ <\/p>\n<p><a href='http:\/\/extra.inmontanis.info\/d\/86510-2\/DSC08446.jpg'><img src=http:\/\/extra.inmontanis.info\/d\/86509-3\/DSC08446.jpg \/><\/a><br \/>\n^ Arschlochcamper<\/p>\n<p><a href='http:\/\/extra.inmontanis.info\/d\/86514-2\/DSC08448.jpg'><img src=http:\/\/extra.inmontanis.info\/d\/86513-3\/DSC08448.jpg \/><\/a><br \/>\n^ die beiden Sachen bei Lidl gab&#8217;s um je knapp unter 1 \u00a3, den Kalorien nach sollte ich das auf 2 Portionen aufteilen. Es h\u00e4tte auch TK-Pizzen um 0,66 \u00a3 oder so gegeben &#8211; und H\u00fchnchen-Reis-Curry-Fertiggerichte um 0,75 \u00a3 oder so &#8230; <\/p>\n<p>.. allerdings schmecken die schwedischen Fertiggerichte um die 2-3 \u20ac wesentlich besser als die britischen um das Geld. Wobei ich die teureren TK-Fertiggerichte um 4-6 \u00a3 hier im UK noch gar nicht probiert hab.<\/p>\n<p>Das vom Bild war durchaus lecker, aber die halbe Portion von beiden doch etwas wenig. Naja, kann ich heut Abend noch etwas mehr naschen ;) Bzw hatte ich mir ja auch eine Zimtschnecke im Lidl mitgenommen ..<\/p>\n<p>&#8212;<\/p>\n<p>EU-Au\u00dfenbeauftragter Borrell hat die Tage gesagt:<br \/>\n&#8220;Denn der Krieg in der Ukraine ist nicht nur ein Krieg der Ukrainer, sondern ein Krieg f\u00fcr unsere Freiheit.&#8221;<\/p>\n<p>Er will es von seinen Untertanen nat\u00fcrlich anders verstanden wissen &#8211; aber in Wahrheit ist es genau umgekehrt &#8211; Russland muss gewinnen, damit wir unsere Freiheit behalten k\u00f6nnen.<\/p>\n<p>3 Wochen sp\u00e4ter muss ich das insofern revidieren, dass es egal sein wird, wer gewinnt. Unsere Freiheit d\u00fcrfe bereits verloren sein. Zumindest solang &#8220;wir&#8221; von den USA fremdbestimmt werden.<\/p>\n<p>Es gibt da ja mehrere M\u00f6glichkeiten, wie man &#8220;Freiheit&#8221; definieren will. Unter&#8217;m Strich ist keiner niemals frei, denn es gibt immer irgendwelche moralischen oder gesetzlichen Zw\u00e4nge, die eine bedingungslose Freiheit unterbinden w\u00fcrden.<\/p>\n<p>Dann gibt es ja noch die Freiheit auf Staatsebene. Ein Staat kann nur dann wirklich frei sein, wenn er autark ist. Im Kapitalismus ist allerdings Globalismus sinnvoller als Autarkie und auch f\u00fcr die B\u00fcrger wohlstandsf\u00f6rdender. Und ein h\u00f6herer Wohlstand f\u00fcr den B\u00fcrger bedeutet zumeist auch eine h\u00f6here Freiheit in gewissen Dingen.<\/p>\n<p>Warum auch immer wollen aber die USA und die von der USA fremdbestimmte EU nun keinen Globalismus mehr. Gut, der Grund soll der sein, dass die USA mit Russland und China nicht 2 weitere gro\u00dfe, einflussreiche Staaten haben m\u00f6chte neben sich selbst und den Wohlstand der EU ausbeuten m\u00f6chte. Deshalb wurde Russland in den Krieg in der Ukraine getrieben.<\/p>\n<p>So weit so logisch. Vielleicht nicht ganz damit gerechnet hat die USA, dass sich China und Russland dadurch verb\u00fcnden und im Zweifelsfall auch bei den ganzen ehemaligen Kolonialstaaten (und ehemaligen Sklavenl\u00e4nder) der Europ\u00e4er gute Karten haben werden? Oder das wurde bereits ber\u00fccksichtigt..<\/p>\n<p>Somit w\u00fcrde es wohl eher zu einer Halbierung (statt einer Drittelung) der Welt kommen &#8211; hier der bev\u00f6lkerungsm\u00e4\u00dfig kleinere Teil, angef\u00fchrt durch die USA, dort der bev\u00f6lkerungsm\u00e4\u00dfig gr\u00f6\u00dfere Teil, in dem, bisher, der Wohlstand des ersteren begr\u00fcndet liegt, aufgrund von g\u00fcnstigen Arbeitskr\u00e4ften, Ausbeutung der Ressourcen usw.<\/p>\n<p>Mit einer Heim-ins-Reich-Mentalit\u00e4t will &#8220;der Westen&#8221; jetzt wieder versuchen, die Produktionsketten aus China &#038; Co abzuziehen, wieder autarker zu werden. Das f\u00fchrt &#8211; siehe oben &#8211; also zu einem Verlust der Freiheit f\u00fcr uns B\u00fcrger in diesem Land, weil unser Geld in Zukunft weniger wert sein wird.<\/p>\n<p>Ein zus\u00e4tzlicher Verlust der Freiheit wird dadurch eintreten, dass durch diese Teilung der Welt nicht nur die Finanzen f\u00fcr entsprechende touristische Reisen zwischen diesen beiden Halbwelten fehlen werden, sondern durch rechtliche Bedingungen (Visa etc.) weiter erschwert bis verunm\u00f6glicht werden wird.<\/p>\n<p>Ein weiterer Aspekt der Staats-Freiheit ist Sicherheit, dass die Freiheit niemand von au\u00dfen nimmt. Daf\u00fcr muss ein Land ein gutes Verh\u00e4ltnis zu seinen Nachbarl\u00e4ndern haben. Gibt es irgendein Land, das nicht irgendeinen Zwist mit einem seiner Nachbarn hat? Wenn nicht direkt, dann schwelend, in der Bev\u00f6lkerung, aufgrund vorheriger Streitgkeiten? Vielleicht, aber wohl nicht viele&#8230;<\/p>\n<p>Um jetzt nochmal auf den &#8220;Krieg f\u00fcr die Freiheit&#8221; zur\u00fcckzukommen, was sich ja fast schon wie das Orwell&#8217;sche &#8220;Krieg ist Frieden&#8221; anh\u00f6rt: Es ist also egal, wer den Krieg in der Ukraine gewinnt, weil diese Weltenteilung so und so die n\u00e4chste Jahre bestehen bleiben wird. Und f\u00fcr irgendwas wird das auch wieder gut sein. Nur nicht f\u00fcr die Freiheit. Was auch immer man darunter verstehen mag. Schuld daran ist aber die USA. Also sollte man eigentlich alles boyk.. \u00e4h meiden, was von dort kommt, die sind ja schlie\u00dflich Schuld, dass es uns heute schlechter geht als vor 1 Jahr und es uns vor 1 Jahr schon schlechter ging als 2 Jahre zuvor, weil ja h\u00f6chstwahrscheinlich die USA auch Schuld an diesem Corona-Covid-Virus hat.<\/p>\n<p>&#8212;<br \/>\nGegner oder Mittel zum Zweck? <\/p>\n<p><a href='https:\/\/www.anti-spiegel.ru\/2022\/sitzt-putin-mit-schwabs-weltwirtschaftsforum-co-in-einem-boot\/'>https:\/\/www.anti-spiegel.ru\/2022\/sitzt-putin-mit-schwabs-weltwirtschaftsforum-co-in-einem-boot\/<\/a><\/p>\n","protected":false},"excerpt":{"rendered":"<p>30.8.2022<\/p>\n<p>Heutiges Hauptziel ist Scarborough an der Ostk\u00fcste Englands, Reste zweier Doppelsessellifte am Strand suchen, dazwischen lag oben am Berg fr\u00fcher ein Vergn\u00fcgungspark.<\/p>\n<p>Netterweise alles problemlos, \u00f6ffentlich zug\u00e4nglich. Nur von der s\u00fcdlichen Bergstation zur Talstation war mir das Gel\u00e4nde zu steil und kein brauchbarer Weg findbar. Daf\u00fcr dann die Talstation leicht sichtbar am asphaltierten Weg <a href=\"http:\/\/blog.inmontanis.info\/?p=7851\">[&#8230;]<\/a><\/p>\n","protected":false},"author":1,"featured_media":7853,"comment_status":"closed","ping_status":"closed","sticky":false,"template":"","format":"standard","meta":{"footnotes":""},"categories":[186,21,32],"tags":[38,37],"class_list":["post-7851","post","type-post","status-publish","format-standard","has-post-thumbnail","hentry","category-2022-07-uk-irl-iom","category-britain","category-lostplaces","tag-dsb","tag-meer","odd"],"_links":{"self":[{"href":"http:\/\/blog.inmontanis.info\/index.php?rest_route=\/wp\/v2\/posts\/7851","targetHints":{"allow":["GET"]}}],"collection":[{"href":"http:\/\/blog.inmontanis.info\/index.php?rest_route=\/wp\/v2\/posts"}],"about":[{"href":"http:\/\/blog.inmontanis.info\/index.php?rest_route=\/wp\/v2\/types\/post"}],"author":[{"embeddable":true,"href":"http:\/\/blog.inmontanis.info\/index.php?rest_route=\/wp\/v2\/users\/1"}],"replies":[{"embeddable":true,"href":"http:\/\/blog.inmontanis.info\/index.php?rest_route=%2Fwp%2Fv2%2Fcomments&post=7851"}],"version-history":[{"count":2,"href":"http:\/\/blog.inmontanis.info\/index.php?rest_route=\/wp\/v2\/posts\/7851\/revisions"}],"predecessor-version":[{"id":7854,"href":"http:\/\/blog.inmontanis.info\/index.php?rest_route=\/wp\/v2\/posts\/7851\/revisions\/7854"}],"wp:featuredmedia":[{"embeddable":true,"href":"http:\/\/blog.inmontanis.info\/index.php?rest_route=\/wp\/v2\/media\/7853"}],"wp:attachment":[{"href":"http:\/\/blog.inmontanis.info\/index.php?rest_route=%2Fwp%2Fv2%2Fmedia&parent=7851"}],"wp:term":[{"taxonomy":"category","embeddable":true,"href":"http:\/\/blog.inmontanis.info\/index.php?rest_route=%2Fwp%2Fv2%2Fcategories&post=7851"},{"taxonomy":"post_tag","embeddable":true,"href":"http:\/\/blog.inmontanis.info\/index.php?rest_route=%2Fwp%2Fv2%2Ftags&post=7851"}],"curies":[{"name":"wp","href":"https:\/\/api.w.org\/{rel}","templated":true}]}}