{"id":7783,"date":"2022-08-12T18:55:28","date_gmt":"2022-08-12T16:55:28","guid":{"rendered":"http:\/\/blog.inmontanis.info\/?p=7783"},"modified":"2022-09-06T19:11:59","modified_gmt":"2022-09-06T17:11:59","slug":"irland-fintown-railway-12-8-2022","status":"publish","type":"post","link":"http:\/\/blog.inmontanis.info\/?p=7783","title":{"rendered":"Irland: Fintown Railway, 12.8.2022"},"content":{"rendered":"<p><strong>12.8.2022<\/strong><\/p>\n<p>Der Nebel von gestern Abend war morgens noch immer da und der Nationalpark-Parkplatz, den ich wegen seiner WCs anfuhr, hatte keinen 4G-Empfang. Am n\u00e4chten kleinen Parklpatz neben der Stra\u00dfe gab es etwas 4G-Empfang, aber auch viele kleine Minim\u00fccken und ich hab noch kein passendes Fliegennetz. So offen wie der Platz hier ist, hei\u00dft das also: windstill.<\/p>\n<p>Generelle Fahrtrichtung diese Woche von Belfast bzw. Nordirland gegen den Uhrzeigersinn ungef\u00e4hr an West- und S\u00fcdk\u00fcste Irlands entlang.<\/p>\n<p>Weil ich irgendwie sowieso oder mit unwesentlichem Umweg daran vorbeikam, hielt ich kurz an der Fintown Railway. So einen alten Schienenbus bin ich wohl eh noch nie gefahren.<\/p>\n<p>H&#038;R kostete 8,- \u20ac, wobei es am Bahnhof keinerlei Infos gab, wann, wie oft, wie lang, wohin der Zug f\u00e4hrt oder fr\u00fcher mal gefahren ist. Im Ticket Ofice wollte man zudem tats\u00e4chlich noch meine Kontaktdaten, falls Covid auftritt!!! Als ob das noch jemand interessieren w\u00fcrde. Wenigstens muss man keine Masken tragen, obwohl noch die Schilder \u00fcberall aufgeh\u00e4ngt sind.<\/p>\n<p>Em Ende der Strecke im Nirgendwo kann man nicht mal aussteigen &#8230;  dann verst\u00e4ndlich, dass man das nicht gro\u00df anschreibt ;)<\/p>\n<p><a href='http:\/\/extra.inmontanis.info\/d\/82706-2\/DSC06021.jpg'><img src=http:\/\/extra.inmontanis.info\/d\/82704-3\/DSC06021.jpg \/><\/a><br \/>\n^ N\u00e4he Fintown<\/p>\n<p><a href='http:\/\/extra.inmontanis.info\/d\/82710-2\/DSC06023.jpg'><img src=http:\/\/extra.inmontanis.info\/d\/82709-3\/DSC06023.jpg \/><\/a><br \/>\n^ Das Bahnhofsgeb\u00e4ude in Fintown ist leider geschlossen, stattdessen gibt es dieses Ticket-Office<\/p>\n<p><a href='http:\/\/extra.inmontanis.info\/d\/82714-2\/DSC06032.jpg'><img src=http:\/\/extra.inmontanis.info\/d\/82713-3\/DSC06032.jpg \/><\/a><br \/>\n^ Der Schienenbus der Fintown Railway mit angeh\u00e4ngter Lok. Keine Ahnung, was heute f\u00fcr den Antrieb sorgte, evtl. je nach Fahrtrichtung. Es war jedenfalls ein gro\u00dfer Dieselgestank<\/p>\n<p><a href='http:\/\/extra.inmontanis.info\/d\/82718-2\/DSC06033.jpg'><img src=http:\/\/extra.inmontanis.info\/d\/82717-3\/DSC06033.jpg \/><\/a><br \/>\n^ Da vorne w\u00e4re wohl das Bahnhofsgeb\u00e4ude?!<\/p>\n<p><a href='http:\/\/extra.inmontanis.info\/d\/82722-2\/DSC06034.jpg'><img src=http:\/\/extra.inmontanis.info\/d\/82721-3\/DSC06034.jpg \/><\/a><br \/>\n^ Motor<\/p>\n<p><a href='http:\/\/extra.inmontanis.info\/d\/82726-2\/DSC06027.jpg'><img src=http:\/\/extra.inmontanis.info\/d\/82725-3\/DSC06027.jpg \/><\/a><br \/>\n^ Fahrerkabine<\/p>\n<p><a href='http:\/\/extra.inmontanis.info\/d\/82730-2\/DSC06028.jpg'><img src=http:\/\/extra.inmontanis.info\/d\/82729-3\/DSC06028.jpg \/><\/a><br \/>\n^ Erinert tats\u00e4chlich eher an Bus als an Eisenbahn, leider aber keine wechselbaren Lehnen, d.h. man fuhr erst mal r\u00fcckw\u00e4rts.<\/p>\n<p><a href='http:\/\/extra.inmontanis.info\/d\/82734-2\/DSC06030.jpg'><img src=http:\/\/extra.inmontanis.info\/d\/82733-3\/DSC06030.jpg \/><\/a><br \/>\n^ .. wobei das hier nicht als Schienenbus (Railbus), sondern als Railcar bezeichnet wird. Whatever.<\/p>\n<p><a href='http:\/\/extra.inmontanis.info\/d\/82738-2\/DSC06036.jpg'><img src=http:\/\/extra.inmontanis.info\/d\/82737-3\/DSC06036.jpg \/><\/a><br \/>\n^ Hinterste Sitztreihe, man f\u00e4hrt die meiste Zeit am See entlang<\/p>\n<p><a href='http:\/\/extra.inmontanis.info\/d\/82742-2\/DSC06037.jpg'><img src=http:\/\/extra.inmontanis.info\/d\/82741-3\/DSC06037.jpg \/><\/a><br \/>\n^ Fahrkarte<\/p>\n<p><a href='http:\/\/extra.inmontanis.info\/d\/82746-2\/DSC06039.jpg'><img src=http:\/\/extra.inmontanis.info\/d\/82745-3\/DSC06039.jpg \/><\/a><br \/>\n^<\/p>\n<p><a href='http:\/\/extra.inmontanis.info\/d\/82750-2\/DSC06044.jpg'><img src=http:\/\/extra.inmontanis.info\/d\/82749-3\/DSC06044.jpg \/><\/a><br \/>\n^<\/p>\n<p><a href='http:\/\/extra.inmontanis.info\/d\/82754-2\/DSC06047.jpg'><img src=http:\/\/extra.inmontanis.info\/d\/82753-3\/DSC06047.jpg \/><\/a><br \/>\n^ Mal kurz ohne See<\/p>\n<p><a href='http:\/\/extra.inmontanis.info\/d\/82758-2\/DSC06048.jpg'><img src=http:\/\/extra.inmontanis.info\/d\/82757-3\/DSC06048.jpg \/><\/a><br \/>\n^ .. und wieder mit See<\/p>\n<p><a href='http:\/\/extra.inmontanis.info\/d\/82762-2\/DSC06054.jpg'><img src=http:\/\/extra.inmontanis.info\/d\/82761-3\/DSC06054.jpg \/><\/a><br \/>\n^ Hier verperrt pl\u00f6tzlich ein Gatter die Weiterfahrt. Man kann also nicht aussteigen (und mit der n\u00e4chsten fahren) und kommt auch nicht mal zum n\u00e4chsten Bahnhof.<\/p>\n<p><a href='http:\/\/extra.inmontanis.info\/d\/82766-2\/DSC06056.jpg'><img src=http:\/\/extra.inmontanis.info\/d\/82765-3\/DSC06056.jpg \/><\/a><br \/>\n^ Depot in Fintown<\/p>\n<p><a href='http:\/\/extra.inmontanis.info\/d\/82770-2\/DSC06057.jpg'><img src=http:\/\/extra.inmontanis.info\/d\/82769-3\/DSC06057.jpg \/><\/a><br \/>\n^ Zugstrecke am See<\/p>\n<p><a href='http:\/\/extra.inmontanis.info\/d\/82774-2\/DSC06058.jpg'><img src=http:\/\/extra.inmontanis.info\/d\/82773-3\/DSC06058.jpg \/><\/a><br \/>\n^ Zugstrecke am See<\/p>\n<p><a href='http:\/\/extra.inmontanis.info\/d\/82778-2\/DSC06059.jpg'><img src=http:\/\/extra.inmontanis.info\/d\/82777-3\/DSC06059.jpg \/><\/a><br \/>\n^ Fintown Railway<\/p>\n<p><a href='http:\/\/extra.inmontanis.info\/d\/82782-2\/DSC06060.jpg'><img src=http:\/\/extra.inmontanis.info\/d\/82781-3\/DSC06060.jpg \/><\/a><br \/>\n^ Fintown Railway<\/p>\n<p><a href='http:\/\/extra.inmontanis.info\/d\/82786-2\/DSC06061.jpg'><img src=http:\/\/extra.inmontanis.info\/d\/82785-3\/DSC06061.jpg \/><\/a><br \/>\n^ Fintown Railway<\/p>\n<p><a href='http:\/\/extra.inmontanis.info\/d\/82790-2\/DSC06064.jpg'><img src=http:\/\/extra.inmontanis.info\/d\/82789-3\/DSC06064.jpg \/><\/a><br \/>\n^ Fintown Railway<\/p>\n<p>Fahrzeit ca. 15min pro Richtung. Ob sich die 8 \u20ac gelohnt haben&#8230; Mangels sinnvoller Fenster und wegen Dauerbesonnung war es zudem sehr, sehr warm innen.<\/p>\n<p>Sonst ja weiterhin keine Planungen heute, au\u00dfer dass ich mal einen Supermarkt br\u00e4uchte. Und die Planung ist bei den schlechten Mobilfunkemfp\u00e4ngen nicht gerade einfach.<\/p>\n<p>Der Lidl in Irland hatte Mortadella und Schwarzw\u00e4lder Schinken (wesentlich schmalere Fettstreifen wie die anderen, quasi ausschlie\u00dflich ausl\u00e4ndischen rohen Schinkensorten im UK), daher beides mitgenommen.<\/p>\n<p><a href='http:\/\/extra.inmontanis.info\/d\/82794-2\/DSC06070.jpg'><img src=http:\/\/extra.inmontanis.info\/d\/82793-3\/DSC06070.jpg \/><\/a><br \/>\n^ Sehr eigeneratiger (Tafel-) Berg<\/p>\n<p><a href='http:\/\/extra.inmontanis.info\/d\/82798-2\/DSC06071.jpg'><img src=http:\/\/extra.inmontanis.info\/d\/82797-3\/DSC06071.jpg \/><\/a><br \/>\n^ Landschaft erinnert grundlegend an Schweden und Norwegen<\/p>\n<p><a href='http:\/\/extra.inmontanis.info\/d\/82802-2\/DSC06073.jpg'><img src=http:\/\/extra.inmontanis.info\/d\/82801-3\/DSC06073.jpg \/><\/a><br \/>\n^ Spitzer Berg<\/p>\n<p><a href='http:\/\/extra.inmontanis.info\/d\/82806-2\/DSC06078.jpg'><img src=http:\/\/extra.inmontanis.info\/d\/82805-3\/DSC06078.jpg \/><\/a><br \/>\n^ Auf der Stra\u00dfe zum Sheeffry Pass<\/p>\n<p><a href='http:\/\/extra.inmontanis.info\/d\/82810-2\/DSC06081.jpg'><img src=http:\/\/extra.inmontanis.info\/d\/82809-3\/DSC06081.jpg \/><\/a><br \/>\n^ Auf der Stra\u00dfe zum Sheeffry Pass (in Bildmitte links)<\/p>\n<p><a href='http:\/\/extra.inmontanis.info\/d\/82814-2\/DSC06084.jpg'><img src=http:\/\/extra.inmontanis.info\/d\/82813-3\/DSC06084.jpg \/><\/a><br \/>\n^ Sheeffry Pass<\/p>\n<p><a href='http:\/\/extra.inmontanis.info\/d\/82818-2\/DSC06086.jpg'><img src=http:\/\/extra.inmontanis.info\/d\/82817-3\/DSC06086.jpg \/><\/a><br \/>\n^ Sheeffry Pass<\/p>\n<p><a href='http:\/\/extra.inmontanis.info\/d\/82822-2\/DSC06087.jpg'><img src=http:\/\/extra.inmontanis.info\/d\/82821-3\/DSC06087.jpg \/><\/a><br \/>\n^ Sheeffry Pass<\/p>\n<p><a href='http:\/\/extra.inmontanis.info\/d\/82826-2\/DSC06091.jpg'><img src=http:\/\/extra.inmontanis.info\/d\/82825-3\/DSC06091.jpg \/><\/a><br \/>\n^ Sheeffry Pass<\/p>\n<p><a href='http:\/\/extra.inmontanis.info\/d\/82830-2\/DSC06093.jpg'><img src=http:\/\/extra.inmontanis.info\/d\/82829-3\/DSC06093.jpg \/><\/a><br \/>\n^ Landschaft unterhalb vom Sheeffry Pass<\/p>\n<p><a href='http:\/\/extra.inmontanis.info\/d\/82834-2\/DSC06094.jpg'><img src=http:\/\/extra.inmontanis.info\/d\/82833-3\/DSC06094.jpg \/><\/a><br \/>\n^ Landschaft unterhalb vom Sheeffry Pass<\/p>\n<p><a href='http:\/\/extra.inmontanis.info\/d\/82838-2\/DSC06095.jpg'><img src=http:\/\/extra.inmontanis.info\/d\/82837-3\/DSC06095.jpg \/><\/a><br \/>\n^ Landschaft unterhalb vom Sheeffry Pass<\/p>\n<p>Gnadenlos brannte die Sonne, 25\u00b0 zu Mittag, nachmittags\/abends bis zu 28\u00b0. Nerv. Immerhin etwas windig am Berg, auf der schmalen Passstra\u00dfe. Minimaler 3G-Empfang und wegen der Hitze mal wieder den USB-Ventilator laufen lassen m\u00fcssen, bei 30\u00b0 Innentemperatur. Schattige Parkpl\u00e4tze sind in Irland allerdings auch \u00e4u\u00dferste Mangelware, wie es scheint&#8230;<\/p>\n<p>Teilweise auch gar kein Wind mehr und manch kleine M\u00fccken kommen wieder durchs Fliegennetz.<\/p>\n<p>Genervt haben mich heute Abend allerdings fliegende Ameisen. 5 St\u00fcck hatte ich im Auto abends hingemacht, die ersten schienen sich durch Giftspr\u00fchen nicht \u00e4rgern zu lassen. Wie die reingekommen sind, ist fraglich, also 2 lass ich mir ja noch einreden, dass die beim vorherigen, kurzen rausgehen irgendwo an mir dran waren, aber nun schon 5?? Sind die irgendwo reingekrabbelt? Das w\u00e4r ja ultranervig&#8230;<\/p>\n<p>Nicht wissend, wieviel eh schon noch irgendwo im Auto sind von den Viechern, entschied ich trotzdem vorsorglich, meinen Platz zu verlassen, bevor noch eine ganze Ameisenstra\u00dfe in mein Auto f\u00fchrt. Unten am Fjord dann windstill und viele Minim\u00fccken, weshalb ich das Fenster geschlossen lie\u00df. Aber nur wenige Sekunden sp\u00e4ter krabbelten schon wieder 2 fliegende Ameisen an der Windschutzscheibe herum. Also drau\u00dfen, noch. Aber somit hat der Platzwechsel wohl nichts gebracht. Vielleicht ein gr\u00f6\u00dferer, asphaltierter Platz in einem Ort besser?<\/p>\n<p>Da ich zuvor im Internet las, dass Ameisen (im Gegensatz zu mir) keinen Lavendel m\u00f6gen, hab ich mal gro\u00dffl\u00e4chig mein Lavendel\u00f6l verspritzt, in der hoffnung, das w\u00fcrde helfen.<\/p>\n<p><a href='http:\/\/extra.inmontanis.info\/d\/82842-2\/DSC06098.jpg'><img src=http:\/\/extra.inmontanis.info\/d\/82841-3\/DSC06098.jpg \/><\/a><br \/>\n^<\/p>\n<p><a href='http:\/\/extra.inmontanis.info\/d\/82846-2\/DSC06106.jpg'><img src=http:\/\/extra.inmontanis.info\/d\/82845-3\/DSC06106.jpg \/><\/a><br \/>\n^ See oder Fjord<\/p>\n<p>Schlussendlich gefiel mit der Platz aber doch nicht und in der Dunkelheit noch andersowo hingefahren. Es ist nicht immer leicht.<\/p>\n<p><a href='http:\/\/extra.inmontanis.info\/d\/82850-2\/DSC06107.jpg'><img src=http:\/\/extra.inmontanis.info\/d\/82849-3\/DSC06107.jpg \/><\/a><br \/>\n^ Katzenaugen wie im UK auch in Irland, somit mit Fernlicht sch\u00f6n zu fahren<\/p>\n<p><a href='http:\/\/extra.inmontanis.info\/d\/82854-2\/DSC06111.jpg'><img src=http:\/\/extra.inmontanis.info\/d\/82853-3\/DSC06111.jpg \/><\/a><br \/>\n^ .. und mit rotem Vollmond<\/p>\n<p>In England sah ich mal ein Schild<br \/>\nCATS<br \/>\nEYES<br \/>\nREMOVED<\/p>\n<p>also auf Deutsch:<br \/>\nKATZEN<br \/>\nAUGEN<br \/>\nENTFERNT<\/p>\n<p>.. das kann man nat\u00fcrlich schon auch etwas falsch verstehen ;)<\/p>\n<p>Auf der Isle of Man w\u00e4re dann ein passendes Schild CATS TAILS REMOVED &#8211; KATZEN SCHW\u00c4NZE ENTFERNT ;)<\/p>\n<p>Klassiker nat\u00fcrlich auch die BABY CHANGE Schilder an den \u00f6ffentlichen WCs.. da denk ich immer an einen Basar, wo Babys (aus)gewechselt werden k\u00f6nnen ;) <\/p>\n","protected":false},"excerpt":{"rendered":"<p>12.8.2022<\/p>\n<p>Der Nebel von gestern Abend war morgens noch immer da und der Nationalpark-Parkplatz, den ich wegen seiner WCs anfuhr, hatte keinen 4G-Empfang. Am n\u00e4chten kleinen Parklpatz neben der Stra\u00dfe gab es etwas 4G-Empfang, aber auch viele kleine Minim\u00fccken und ich hab noch kein passendes Fliegennetz. So offen wie der Platz hier ist, hei\u00dft das <a href=\"http:\/\/blog.inmontanis.info\/?p=7783\">[&#8230;]<\/a><\/p>\n","protected":false},"author":1,"featured_media":7785,"comment_status":"closed","ping_status":"closed","sticky":false,"template":"","format":"standard","meta":{"footnotes":""},"categories":[132,59],"tags":[37,45],"class_list":["post-7783","post","type-post","status-publish","format-standard","has-post-thumbnail","hentry","category-irlandireland","category-nostalgie","tag-meer","tag-see","odd"],"_links":{"self":[{"href":"http:\/\/blog.inmontanis.info\/index.php?rest_route=\/wp\/v2\/posts\/7783","targetHints":{"allow":["GET"]}}],"collection":[{"href":"http:\/\/blog.inmontanis.info\/index.php?rest_route=\/wp\/v2\/posts"}],"about":[{"href":"http:\/\/blog.inmontanis.info\/index.php?rest_route=\/wp\/v2\/types\/post"}],"author":[{"embeddable":true,"href":"http:\/\/blog.inmontanis.info\/index.php?rest_route=\/wp\/v2\/users\/1"}],"replies":[{"embeddable":true,"href":"http:\/\/blog.inmontanis.info\/index.php?rest_route=%2Fwp%2Fv2%2Fcomments&post=7783"}],"version-history":[{"count":3,"href":"http:\/\/blog.inmontanis.info\/index.php?rest_route=\/wp\/v2\/posts\/7783\/revisions"}],"predecessor-version":[{"id":7787,"href":"http:\/\/blog.inmontanis.info\/index.php?rest_route=\/wp\/v2\/posts\/7783\/revisions\/7787"}],"wp:featuredmedia":[{"embeddable":true,"href":"http:\/\/blog.inmontanis.info\/index.php?rest_route=\/wp\/v2\/media\/7785"}],"wp:attachment":[{"href":"http:\/\/blog.inmontanis.info\/index.php?rest_route=%2Fwp%2Fv2%2Fmedia&parent=7783"}],"wp:term":[{"taxonomy":"category","embeddable":true,"href":"http:\/\/blog.inmontanis.info\/index.php?rest_route=%2Fwp%2Fv2%2Fcategories&post=7783"},{"taxonomy":"post_tag","embeddable":true,"href":"http:\/\/blog.inmontanis.info\/index.php?rest_route=%2Fwp%2Fv2%2Ftags&post=7783"}],"curies":[{"name":"wp","href":"https:\/\/api.w.org\/{rel}","templated":true}]}}