{"id":7728,"date":"2022-08-03T21:17:36","date_gmt":"2022-08-03T19:17:36","guid":{"rendered":"http:\/\/blog.inmontanis.info\/?p=7728"},"modified":"2022-08-18T21:26:50","modified_gmt":"2022-08-18T19:26:50","slug":"isle-of-man-4-glens-hellen-mooar-wyllin-bishopscourt-3-8-2022","status":"publish","type":"post","link":"http:\/\/blog.inmontanis.info\/?p=7728","title":{"rendered":"Isle of Man: 4 Glens: Hellen + Mooar + Wyllin + Bishopscourt, 3.8.2022"},"content":{"rendered":"<p><strong>3.8.2022<\/strong><\/p>\n<p>1.  Glen heute: Glen Hellen<\/p>\n<p>Auch hier am Parkplatz &#8220;no overnight parking&#8221;, sowie eine \u00f6ffentliche Toilette. Auch ganz nett, wobei leider der s\u00fcdliche Pfad in einem Abschnitt wegen der &#8220;gef\u00e4hrlichen B\u00e4ume&#8221; geschlossen ist.<\/p>\n<p><a href='http:\/\/extra.inmontanis.info\/d\/79429-2\/DSC04047.jpg'><img src=http:\/\/extra.inmontanis.info\/d\/79428-3\/DSC04047.jpg \/><\/a><br \/>\n^ Diese Delfin-Figuren sah ich noch h\u00e4ufiger. Den Regenbogen gabs gratis dazu.<\/p>\n<p><a href='http:\/\/extra.inmontanis.info\/d\/79433-2\/DSC04050.jpg'><img src=http:\/\/extra.inmontanis.info\/d\/79432-3\/DSC04050.jpg \/><\/a><br \/>\n^ Heute mal kurz auf der TT-Rennstrecke unterwegs<\/p>\n<p><a href='http:\/\/extra.inmontanis.info\/d\/79437-2\/DSC04051_001.jpg'><img src=http:\/\/extra.inmontanis.info\/d\/79436-3\/DSC04051_001.jpg \/><\/a><br \/>\n^ Haus gegen\u00fcber Glen Helen<\/p>\n<p><a href='http:\/\/extra.inmontanis.info\/d\/79441-2\/DSC04054.jpg'><img src=http:\/\/extra.inmontanis.info\/d\/79440-3\/DSC04054.jpg \/><\/a><br \/>\n^ Glen Helen<\/p>\n<p><a href='http:\/\/extra.inmontanis.info\/d\/79445-2\/DSC04060_001.jpg'><img src=http:\/\/extra.inmontanis.info\/d\/79444-3\/DSC04060_001.jpg \/><\/a><br \/>\n^ Auch hier wieder mit WCs<\/p>\n<p><a href='http:\/\/extra.inmontanis.info\/d\/79449-2\/DSC04057.jpg'><img src=http:\/\/extra.inmontanis.info\/d\/79448-3\/DSC04057.jpg \/><\/a><br \/>\n^ <\/p>\n<p><a href='http:\/\/extra.inmontanis.info\/d\/79453-2\/DSC04058.jpg'><img src=http:\/\/extra.inmontanis.info\/d\/79452-3\/DSC04058.jpg \/><\/a><br \/>\n^ <\/p>\n<p><a href='http:\/\/extra.inmontanis.info\/d\/79457-2\/DSC04063_001.jpg'><img src=http:\/\/extra.inmontanis.info\/d\/79456-3\/DSC04063_001.jpg \/><\/a><br \/>\n^ Glen Helen, Br\u00fccke<\/p>\n<p><a href='http:\/\/extra.inmontanis.info\/d\/79461-2\/DSC04066.jpg'><img src=http:\/\/extra.inmontanis.info\/d\/79460-3\/DSC04066.jpg \/><\/a><br \/>\n^ Kleiner Wasserfall<\/p>\n<p><a href='http:\/\/extra.inmontanis.info\/d\/79465-2\/DSC04076.jpg'><img src=http:\/\/extra.inmontanis.info\/d\/79464-3\/DSC04076.jpg \/><\/a><br \/>\n^ Glen Helen. Rechts sah man hier teilweise einen Weg, der aber nicht mehr in Stand gehalten wird<\/p>\n<p><a href='http:\/\/extra.inmontanis.info\/d\/79469-2\/DSC04081.jpg'><img src=http:\/\/extra.inmontanis.info\/d\/79468-3\/DSC04081.jpg \/><\/a><br \/>\n^ Glen Helen, Wasserfall<\/p>\n<p><a href='http:\/\/extra.inmontanis.info\/d\/79473-2\/DSC04082.jpg'><img src=http:\/\/extra.inmontanis.info\/d\/79472-3\/DSC04082.jpg \/><\/a><br \/>\n^ Glen Helen, Wasserfall<\/p>\n<p><a href='http:\/\/extra.inmontanis.info\/d\/79477-2\/DSC04086.jpg'><img src=http:\/\/extra.inmontanis.info\/d\/79476-3\/DSC04086.jpg \/><\/a><br \/>\n^ <\/p>\n<p><a href='http:\/\/extra.inmontanis.info\/d\/79481-2\/DSC04089.jpg'><img src=http:\/\/extra.inmontanis.info\/d\/79480-3\/DSC04089.jpg \/><\/a><br \/>\n^ Glen Helen, Wasserfall<\/p>\n<p><a href='http:\/\/extra.inmontanis.info\/d\/79485-2\/DSC04094.jpg'><img src=http:\/\/extra.inmontanis.info\/d\/79484-3\/DSC04094.jpg \/><\/a><\/p>\n<p><a href='http:\/\/extra.inmontanis.info\/d\/79489-2\/DSC04101.jpg'><img src=http:\/\/extra.inmontanis.info\/d\/79488-3\/DSC04101.jpg \/><\/a><\/p>\n<p><a href='http:\/\/extra.inmontanis.info\/d\/79493-2\/DSC04104_001.jpg'><img src=http:\/\/extra.inmontanis.info\/d\/79492-3\/DSC04104_001.jpg \/><\/a><br \/>\n^ Glen Helen, Wasserfall<\/p>\n<p><a href='http:\/\/extra.inmontanis.info\/d\/79497-2\/DSC04106_001.jpg'><img src=http:\/\/extra.inmontanis.info\/d\/79496-3\/DSC04106_001.jpg \/><\/a><\/p>\n<p><a href='http:\/\/extra.inmontanis.info\/d\/79501-2\/DSC04116.jpg'><img src=http:\/\/extra.inmontanis.info\/d\/79500-3\/DSC04116.jpg \/><\/a><br \/>\n^ In dem Teil ist der untere Weg geschlossen<\/p>\n<p><a href='http:\/\/extra.inmontanis.info\/d\/79505-2\/DSC04124_001.jpg'><img src=http:\/\/extra.inmontanis.info\/d\/79504-3\/DSC04124_001.jpg \/><\/a><br \/>\n^ Die gef\u00e4hrlichen B\u00e4ume haben wieder zugeschlagen. Da konnte ich mich gerade so durchzw\u00e4ngen<\/p>\n<p><a href='http:\/\/extra.inmontanis.info\/d\/79509-2\/DSC04127.jpg'><img src=http:\/\/extra.inmontanis.info\/d\/79508-3\/DSC04127.jpg \/><\/a><\/p>\n<p><a href='http:\/\/extra.inmontanis.info\/d\/79513-2\/DSC04128_001.jpg'><img src=http:\/\/extra.inmontanis.info\/d\/79512-3\/DSC04128_001.jpg \/><\/a><br \/>\n^ Hier stehen noch irgendwelche Hausreste<\/p>\n<p><a href='http:\/\/extra.inmontanis.info\/d\/79517-2\/DSC04131.jpg'><img src=http:\/\/extra.inmontanis.info\/d\/79516-3\/DSC04131.jpg \/><\/a><br \/>\n^ Und einen Spielplatz gibt&#8217;s noch<\/p>\n<p>Ich hab mich lange Zeit gefragt, ob das nur Einbildung ist, dass ich manchmal in meinem Auto einen leichten Zigarettengeruch wahrgenommen hab &#8211; nein, es gibt sogar 2 kleine Quellen: 1. die eine Jacke, die in der wohnung 4 Wochen in der Garderobe gehangen ist und 2. die G\u00fcrteltasche von meiner Mutter.<\/p>\n<p>G\u00fcrteltasche? Nachdem ich mir bei der kleinen Wanderung auf der Koralpe im Sommer mal wieder der R\u00fccken unter dem Rucksack nass geschwitzt hatte, ist mir ein paar Tage sp\u00e4ter eingefallen, dass wir fr\u00fcher beim Skifahren (Anfang 80er) keine Rucks\u00e4cke hatten, sondern Bauchtaschen\/G\u00fcrteltaschen. Passt nat\u00fcrlich weniger rein, hat aber beim Wandern den Vorteil, dass der R\u00fccken frei bleibt und weniger nass geschwirtzt wird. <\/p>\n<p>Ob es solche Dinger noch gibt? Ja, gibt es, zwischen 2 und 50 Euro und in verschiedenen Gr\u00f6\u00dfen und Taschenaufteilungen &#8211; da wusste ich gar nicht, was ich bestellen soll und nahm mir stattdessen vor, so&#8217;was mal unterwegs vor Ort zu kaufen. Oder ich frag mal meine Mutter, ob sie noch eine alte h\u00e4tte? Ja, hatte sie. Es scheint mir eine zu sein, die auch zum Fahrradfahren verwendet werden kann, falls diese Riemen oben daf\u00fcr gedacht sind. Funktioniert aber auch, um die Regenjacke reinzustopfen. Und im Inneren ist genug Platz f\u00fcr 0,5l &#8211; Colaflasche, Geldbeutel, Snacks und der Cam. (Handy kommt in die Hosentasche.) &#8212; werd ich also auch zum Skitourengehen verwenden, wobei ich mir daf\u00fcr (und auch f\u00fcr&#8217;s Wandern) ja mal kleine Rucks\u00e4cke zugelegt hatte, weil leichter als der normale Fotorucksack.<\/p>\n<p><a href='http:\/\/extra.inmontanis.info\/d\/79521-2\/IMG_20220802_170831.jpg'><img src=http:\/\/extra.inmontanis.info\/d\/79520-3\/IMG_20220802_170831.jpg \/><\/a><br \/>\n^ Bauch-\/G\u00fcrteltasche statt Rucksack erzeugt zumindest weniger Schwei\u00df am R\u00fccken<\/p>\n<p>2. Glen: Glen Mooar. Mal wieder der untere Weg am Wasser gesperrt und der obere weit droben. Wasserfall aber sch\u00f6n, au\u00dferhalb der Glen.<\/p>\n<p><a href='http:\/\/extra.inmontanis.info\/d\/79525-2\/DSC04134.jpg'><img src=http:\/\/extra.inmontanis.info\/d\/79524-3\/DSC04134.jpg \/><\/a><br \/>\n^ Glen Mooar, Blick von der Stra\u00dfenbr\u00fccke richtung Meer, der Glen-Wanderweg selbst geht allerdings hinauf<\/p>\n<p><a href='http:\/\/extra.inmontanis.info\/d\/79529-2\/DSC04136.jpg'><img src=http:\/\/extra.inmontanis.info\/d\/79528-3\/DSC04136.jpg \/><\/a><br \/>\n^ Glen Mooar<\/p>\n<p><a href='http:\/\/extra.inmontanis.info\/d\/79533-2\/DSC04138.jpg'><img src=http:\/\/extra.inmontanis.info\/d\/79532-3\/DSC04138.jpg \/><\/a><br \/>\n^ .. man kommt gleich an der ehemaligen Eisenbahnbr\u00fccke vorbei<\/p>\n<p><a href='http:\/\/extra.inmontanis.info\/d\/79537-2\/DSC04139.jpg'><img src=http:\/\/extra.inmontanis.info\/d\/79536-3\/DSC04139.jpg \/><\/a><br \/>\n^ Infotafel zur Railway, von Douglas \u00fcber St. John (kurz vor Peel) und hinauf nach Ramsey<\/p>\n<p><a href='http:\/\/extra.inmontanis.info\/d\/79541-2\/DSC04143.jpg'><img src=http:\/\/extra.inmontanis.info\/d\/79540-3\/DSC04143.jpg \/><\/a><br \/>\n^ Fu\u00dfg\u00e4ngerbr\u00fccke<\/p>\n<p><a href='http:\/\/extra.inmontanis.info\/d\/79545-2\/DSC04146.jpg'><img src=http:\/\/extra.inmontanis.info\/d\/79544-3\/DSC04146.jpg \/><\/a><br \/>\n^ Scheint so, als ob die Eisenbahnbr\u00fccke an eine andere, alte Br\u00fccke angebaut wurde?!<\/p>\n<p><a href='http:\/\/extra.inmontanis.info\/d\/79549-2\/DSC04151.jpg'><img src=http:\/\/extra.inmontanis.info\/d\/79548-3\/DSC04151.jpg \/><\/a><br \/>\n^ Ex-Eisenbahn<\/p>\n<p><a href='http:\/\/extra.inmontanis.info\/d\/79553-2\/DSC04153.jpg'><img src=http:\/\/extra.inmontanis.info\/d\/79552-3\/DSC04153.jpg \/><\/a><br \/>\n^ Ex-Eisenbahnbr\u00fccke<\/p>\n<p><a href='http:\/\/extra.inmontanis.info\/d\/79557-2\/DSC04156.jpg'><img src=http:\/\/extra.inmontanis.info\/d\/79556-3\/DSC04156.jpg \/><\/a><br \/>\n^ Ex-Eisenbahnbr\u00fccke<\/p>\n<p><a href='http:\/\/extra.inmontanis.info\/d\/79561-2\/DSC04159_001.jpg'><img src=http:\/\/extra.inmontanis.info\/d\/79560-3\/DSC04159_001.jpg \/><\/a><br \/>\n^ Glen Mooar<\/p>\n<p><a href='http:\/\/extra.inmontanis.info\/d\/79565-2\/DSC04161.jpg'><img src=http:\/\/extra.inmontanis.info\/d\/79564-3\/DSC04161.jpg \/><\/a><br \/>\n^ Och n\u00f6, schon wieder der untere Weg gesperrt. Nerv.<\/p>\n<p><a href='http:\/\/extra.inmontanis.info\/d\/79569-2\/DSC04170.jpg'><img src=http:\/\/extra.inmontanis.info\/d\/79568-3\/DSC04170.jpg \/><\/a><br \/>\n^ Wieder der reinste Urwald hier<\/p>\n<p><a href='http:\/\/extra.inmontanis.info\/d\/79573-2\/DSC04172.jpg'><img src=http:\/\/extra.inmontanis.info\/d\/79572-3\/DSC04172.jpg \/><\/a><br \/>\n^ Hier stand mal was..<\/p>\n<p><a href='http:\/\/extra.inmontanis.info\/d\/79577-2\/DSC04173.jpg'><img src=http:\/\/extra.inmontanis.info\/d\/79576-3\/DSC04173.jpg \/><\/a><\/p>\n<p><a href='http:\/\/extra.inmontanis.info\/d\/79581-2\/DSC04176.jpg'><img src=http:\/\/extra.inmontanis.info\/d\/79580-3\/DSC04176.jpg \/><\/a><br \/>\n^ \u00dcber den Weg kommt man runter zum Wasserfall, der eigentlich nicht mehr offiziell zur Glen Mooar geh\u00f6rt.<\/p>\n<p><a href='http:\/\/extra.inmontanis.info\/d\/79585-2\/DSC04177.jpg'><img src=http:\/\/extra.inmontanis.info\/d\/79584-3\/DSC04177.jpg \/><\/a><br \/>\n^ Glen Mooar, Wasserfall<\/p>\n<p><a href='http:\/\/extra.inmontanis.info\/d\/79589-2\/DSC04181.jpg'><img src=http:\/\/extra.inmontanis.info\/d\/79588-3\/DSC04181.jpg \/><\/a><br \/>\n^ Glen Mooar, Wasserfall<\/p>\n<p><a href='http:\/\/extra.inmontanis.info\/d\/79593-2\/DSC04185.jpg'><img src=http:\/\/extra.inmontanis.info\/d\/79592-3\/DSC04185.jpg \/><\/a><br \/>\n^ Glen Mooar, Wasserfall<\/p>\n<p><a href='http:\/\/extra.inmontanis.info\/d\/79597-2\/DSC04188.jpg'><img src=http:\/\/extra.inmontanis.info\/d\/79596-3\/DSC04188.jpg \/><\/a><br \/>\n^ Glen Mooar, Wasserfall<\/p>\n<p><a href='http:\/\/extra.inmontanis.info\/d\/79601-2\/DSC04190.jpg'><img src=http:\/\/extra.inmontanis.info\/d\/79600-3\/DSC04190.jpg \/><\/a><br \/>\n^ Glen Mooar<\/p>\n<p><a href='http:\/\/extra.inmontanis.info\/d\/79605-2\/DSC04191.jpg'><img src=http:\/\/extra.inmontanis.info\/d\/79604-3\/DSC04191.jpg \/><\/a><br \/>\n^ Glen Mooar, Wasserfall<\/p>\n<p><a href='http:\/\/extra.inmontanis.info\/d\/79609-2\/DSC04036.jpg'><img src=http:\/\/extra.inmontanis.info\/d\/79608-3\/DSC04036.jpg \/><\/a><br \/>\n^ Leckere Limo. Sodawasser mit &#8220;Sommerfruchtgeschmack&#8221;. Aber schmeckt wesentlich st\u00e4rker als diese leicht-geschmacksverst\u00e4rkten Sodaw\u00e4sser, die man zumindest in Skandinavien bekommt, also schon richtig wie eine Limonade. Bzw. schmeckt diese Sorte sehr weich, fast wie Fruchtmilch oder Fruchtmolke oder vielleicht Cream Soda (zu lang nicht mehr getrunken).<\/p>\n<p>3. Auch Glen Wyllin wurde von der damaligen Eisenbahn gequert und war sogar Grund f\u00fcr die dortige touristische Erschlie\u00dfung. Erwartungsgem\u00e4\u00df mir zu voll und zu erschlossen, daher wieder bald das Weite gesucht ;)<\/p>\n<p><a href='http:\/\/extra.inmontanis.info\/d\/79613-2\/DSC04194.jpg'><img src=http:\/\/extra.inmontanis.info\/d\/79612-3\/DSC04194.jpg \/><\/a><br \/>\n^ Glen Wyllin<\/p>\n<p><a href='http:\/\/extra.inmontanis.info\/d\/79617-2\/DSC04196.jpg'><img src=http:\/\/extra.inmontanis.info\/d\/79616-3\/DSC04196.jpg \/><\/a><br \/>\n^ Glen Wyllin ist ein Campingplatz, fr\u00fcher mal Freizeitpark<\/p>\n<p><a href='http:\/\/extra.inmontanis.info\/d\/79621-2\/DSC04197.jpg'><img src=http:\/\/extra.inmontanis.info\/d\/79620-3\/DSC04197.jpg \/><\/a><br \/>\n^ .. und der Zug ging fr\u00fcher dr\u00fcber<\/p>\n<p><a href='http:\/\/extra.inmontanis.info\/d\/79625-2\/DSC04200.jpg'><img src=http:\/\/extra.inmontanis.info\/d\/79624-3\/DSC04200.jpg \/><\/a><br \/>\n^ Ex-Eisenbahnstrecke<\/p>\n<p><a href='http:\/\/extra.inmontanis.info\/d\/79629-2\/DSC04202.jpg'><img src=http:\/\/extra.inmontanis.info\/d\/79628-3\/DSC04202.jpg \/><\/a><br \/>\n^ Ex-Eisenbahnbr\u00fccke<\/p>\n<p><a href='http:\/\/extra.inmontanis.info\/d\/79633-2\/DSC04204.jpg'><img src=http:\/\/extra.inmontanis.info\/d\/79632-3\/DSC04204.jpg \/><\/a><br \/>\n^ Glen Wyllin<\/p>\n<p>4. Bishopscourt Glen<\/p>\n<p><a href='http:\/\/extra.inmontanis.info\/d\/79637-2\/DSC04205.jpg'><img src=http:\/\/extra.inmontanis.info\/d\/79636-3\/DSC04205.jpg \/><\/a><br \/>\n^ Bishopscourt Glen<\/p>\n<p><a href='http:\/\/extra.inmontanis.info\/d\/79641-2\/DSC04206.jpg'><img src=http:\/\/extra.inmontanis.info\/d\/79640-3\/DSC04206.jpg \/><\/a><br \/>\n^ Bishopscourt Glen<\/p>\n<p><a href='http:\/\/extra.inmontanis.info\/d\/79645-2\/DSC04208.jpg'><img src=http:\/\/extra.inmontanis.info\/d\/79644-3\/DSC04208.jpg \/><\/a><br \/>\n^ Bishopscourt Glen<\/p>\n<p><a href='http:\/\/extra.inmontanis.info\/d\/79649-2\/DSC04210_001.jpg'><img src=http:\/\/extra.inmontanis.info\/d\/79648-3\/DSC04210_001.jpg \/><\/a><br \/>\n^ Enten<\/p>\n<p><a href='http:\/\/extra.inmontanis.info\/d\/79653-2\/DSC04217.jpg'><img src=http:\/\/extra.inmontanis.info\/d\/79652-3\/DSC04217.jpg \/><\/a><br \/>\n^ Es gibt mehrere Wegvarianten<\/p>\n<p><a href='http:\/\/extra.inmontanis.info\/d\/79657-2\/DSC04221.jpg'><img src=http:\/\/extra.inmontanis.info\/d\/79656-3\/DSC04221.jpg \/><\/a><\/p>\n<p><a href='http:\/\/extra.inmontanis.info\/d\/79661-2\/DSC04225.jpg'><img src=http:\/\/extra.inmontanis.info\/d\/79660-3\/DSC04225.jpg \/><\/a><br \/>\n^ .. und eine kleine H\u00f6hle<\/p>\n<p><a href='http:\/\/extra.inmontanis.info\/d\/79665-2\/DSC04227.jpg'><img src=http:\/\/extra.inmontanis.info\/d\/79664-3\/DSC04227.jpg \/><\/a><br \/>\n^ Cave of the winds<\/p>\n<p><a href='http:\/\/extra.inmontanis.info\/d\/79669-2\/DSC04228.jpg'><img src=http:\/\/extra.inmontanis.info\/d\/79668-3\/DSC04228.jpg \/><\/a><br \/>\n^ Cave of the winds<\/p>\n<p><a href='http:\/\/extra.inmontanis.info\/d\/79673-2\/DSC04235.jpg'><img src=http:\/\/extra.inmontanis.info\/d\/79672-3\/DSC04235.jpg \/><\/a><br \/>\n^ .. und zum Schluss ein bisschen Strand n\u00e4he eines m\u00f6glichen Schlafplatzes<\/p>\n<p><a href='http:\/\/extra.inmontanis.info\/d\/79677-2\/DSC04236.jpg'><img src=http:\/\/extra.inmontanis.info\/d\/79676-3\/DSC04236.jpg \/><\/a><\/p>\n<p>&#8212;<\/p>\n<p>W\u00e4hrend es auf den Gletschern in den Alpen mittlerweile sehr, sehr schlecht ausschaut, sind die beiden Gletscher-Skigebiete in Norwegen noch ge\u00f6ffnet und haben noch mehr wei\u00dfen Schnee zu bieten. Hintertux ist ja noch offen, wenn auch die SL sogar geschlossen sind, weil kein Schnee mehr, aber anscheinend haben &#8211; trotz besserem\/mehr Schnee &#8211; Zermatt seit 29.7. zu und Saas Fee wohl nur noch f\u00fcr Rennteams offen. Schade, dass ich von diesem speziellen Sommer keine aktuellen Fotos aus Hintertux machen kann, andererseits h\u00e4tte ich auch wenig Lust auf die DSB bei Fu\u00dfweg unten, Fu\u00dfweg oben und dazwischen die nassen Ski am Scho\u00df.<\/p>\n","protected":false},"excerpt":{"rendered":"<p>3.8.2022<\/p>\n<p>1. Glen heute: Glen Hellen<\/p>\n<p>Auch hier am Parkplatz &#8220;no overnight parking&#8221;, sowie eine \u00f6ffentliche Toilette. Auch ganz nett, wobei leider der s\u00fcdliche Pfad in einem Abschnitt wegen der &#8220;gef\u00e4hrlichen B\u00e4ume&#8221; geschlossen ist.<\/p>\n<p> ^ Diese Delfin-Figuren sah ich noch h\u00e4ufiger. Den Regenbogen gabs gratis dazu.<\/p>\n<p> ^ Heute mal kurz auf der TT-Rennstrecke <a href=\"http:\/\/blog.inmontanis.info\/?p=7728\">[&#8230;]<\/a><\/p>\n","protected":false},"author":1,"featured_media":7730,"comment_status":"closed","ping_status":"closed","sticky":false,"template":"","format":"standard","meta":{"footnotes":""},"categories":[186,21,191,32,30],"tags":[87,134,37,86],"class_list":["post-7728","post","type-post","status-publish","format-standard","has-post-thumbnail","hentry","category-2022-07-uk-irl-iom","category-britain","category-isle-of-man","category-lostplaces","category-wandern","tag-grotteklamm","tag-hohlecave","tag-meer","tag-wasserfall","odd"],"_links":{"self":[{"href":"http:\/\/blog.inmontanis.info\/index.php?rest_route=\/wp\/v2\/posts\/7728","targetHints":{"allow":["GET"]}}],"collection":[{"href":"http:\/\/blog.inmontanis.info\/index.php?rest_route=\/wp\/v2\/posts"}],"about":[{"href":"http:\/\/blog.inmontanis.info\/index.php?rest_route=\/wp\/v2\/types\/post"}],"author":[{"embeddable":true,"href":"http:\/\/blog.inmontanis.info\/index.php?rest_route=\/wp\/v2\/users\/1"}],"replies":[{"embeddable":true,"href":"http:\/\/blog.inmontanis.info\/index.php?rest_route=%2Fwp%2Fv2%2Fcomments&post=7728"}],"version-history":[{"count":3,"href":"http:\/\/blog.inmontanis.info\/index.php?rest_route=\/wp\/v2\/posts\/7728\/revisions"}],"predecessor-version":[{"id":7732,"href":"http:\/\/blog.inmontanis.info\/index.php?rest_route=\/wp\/v2\/posts\/7728\/revisions\/7732"}],"wp:featuredmedia":[{"embeddable":true,"href":"http:\/\/blog.inmontanis.info\/index.php?rest_route=\/wp\/v2\/media\/7730"}],"wp:attachment":[{"href":"http:\/\/blog.inmontanis.info\/index.php?rest_route=%2Fwp%2Fv2%2Fmedia&parent=7728"}],"wp:term":[{"taxonomy":"category","embeddable":true,"href":"http:\/\/blog.inmontanis.info\/index.php?rest_route=%2Fwp%2Fv2%2Fcategories&post=7728"},{"taxonomy":"post_tag","embeddable":true,"href":"http:\/\/blog.inmontanis.info\/index.php?rest_route=%2Fwp%2Fv2%2Ftags&post=7728"}],"curies":[{"name":"wp","href":"https:\/\/api.w.org\/{rel}","templated":true}]}}