{"id":7695,"date":"2022-07-26T22:19:23","date_gmt":"2022-07-26T20:19:23","guid":{"rendered":"http:\/\/blog.inmontanis.info\/?p=7695"},"modified":"2022-08-04T22:38:21","modified_gmt":"2022-08-04T20:38:21","slug":"isle-of-man-mer-snaefell-queens-pier-laxey-26-7-2022","status":"publish","type":"post","link":"http:\/\/blog.inmontanis.info\/?p=7695","title":{"rendered":"Isle of Man: MER, Snaefell, Queens Pier, Laxey, 26.7.2022"},"content":{"rendered":"<p><strong>26.7.2022<\/strong><\/p>\n<p>Nochmals zur Erinnerung, weil es im ersten Moment so kompliziert ist: Die Isle of Man geh\u00f6rt nicht zu Gro\u00dfbritannien (das ist eigentlich nur die Insel, wo England, Wales und Schottland sind), geh\u00f6rt auch nicht zum UK\/Vereinigten K\u00f6nigreich (da ist zus\u00e4tzlich zu England, Wales und Schottland noch Nordirland dabei), war somit auch vor dem Brexit nie in der EU, geh\u00f6rt allerdings zum britischen Kronbesitz und ist somit in vielen Dingen eng mit GB\/UK verbunden und geh\u00f6rt (wie auch ganz Irland) zu den &#8220;britischen Inseln&#8221;.<\/p>\n<p>Seit gestern ist die Manx Electric Railway (MER) wieder auf ganzer Linie im Einsatz, das abgerissene Stromkabel (Fahrdraht, Oberleitung) wurde also repariert.<\/p>\n<p>Ich kaufte mir in Laxey die 7-Tagesfahrkarte um 50,- \u00a3 und weil sonnig, stellte ich mich gleich mal an die Snaefell-Warteschlange an, n\u00e4chste soll zwar erst in 25 Minuten fahren, aber die Warteschlange schien noch so zu sein, dass ich mit der n\u00e4chsten mitkommen sollte.<\/p>\n<p>Oben am Gipfel der \u00fcbliche eisig-kalte und starke Wind und viele Wolken waren auch wieder da. Gestern (Thema F\u00e4hrfahrt) musste wg. Wind der Betrieb eingestellt werden. Blieb nur die halbe Stunde bis zur n\u00e4chsten Tram (h\u00e4tte es im Cafe etwas warmes zum Essen gegeben, w\u00e4re ich vielleicht noch geblieben, wobei die \u00fcbern\u00e4chste Tram talw\u00e4rts komplett reserviert war, laut Aushang. Das macht man haupts\u00e4chlich f\u00fcr Busse.)<\/p>\n<p><a href='http:\/\/extra.inmontanis.info\/d\/77761-2\/DSC02755.jpg'><img src=http:\/\/extra.inmontanis.info\/d\/77760-3\/DSC02755.jpg \/><\/a><br \/>\n^ Laxey Beach<\/p>\n<p><a href='http:\/\/extra.inmontanis.info\/d\/77765-2\/DSC02758_001.jpg'><img src=http:\/\/extra.inmontanis.info\/d\/77764-3\/DSC02758_001.jpg \/><\/a><br \/>\n^ Laxey Station, die 19 links hab ich in den n\u00e4chsten Tagen seltener gesehen als die 9 in der Mitte. Rechts die Snaefell-Wagen<\/p>\n<p><a href='http:\/\/extra.inmontanis.info\/d\/77769-2\/DSC02759_001.jpg'><img src=http:\/\/extra.inmontanis.info\/d\/77768-3\/DSC02759_001.jpg \/><\/a><br \/>\n^ Auffahrt Snaefell mit Blick nach Laxey (die Einbuchtung rechts der Mitte)<\/p>\n<p><a href='http:\/\/extra.inmontanis.info\/d\/77773-2\/DSC02760_001.jpg'><img src=http:\/\/extra.inmontanis.info\/d\/77772-3\/DSC02760_001.jpg \/><\/a><br \/>\n^ Blick zur Stra\u00dfenkreuzung an der Zwischenstation Bungalow<\/p>\n<p><a href='http:\/\/extra.inmontanis.info\/d\/77777-2\/DSC02762.jpg'><img src=http:\/\/extra.inmontanis.info\/d\/77776-3\/DSC02762.jpg \/><\/a><br \/>\n^ Gr\u00fcner Wagen 4 am Gipfel<\/p>\n<p><a href='http:\/\/extra.inmontanis.info\/d\/77781-2\/DSC02767.jpg'><img src=http:\/\/extra.inmontanis.info\/d\/77780-3\/DSC02767.jpg \/><\/a><br \/>\n^ Gr\u00fcner Wagen 4 am Gipfel<\/p>\n<p><a href='http:\/\/extra.inmontanis.info\/d\/77785-2\/DSC02769.jpg'><img src=http:\/\/extra.inmontanis.info\/d\/77784-3\/DSC02769.jpg \/><\/a><br \/>\n^ Infotafel<\/p>\n<p><a href='http:\/\/extra.inmontanis.info\/d\/77789-2\/DSC02771.jpg'><img src=http:\/\/extra.inmontanis.info\/d\/77788-3\/DSC02771.jpg \/><\/a><br \/>\n^ Infotafel<\/p>\n<p><a href='http:\/\/extra.inmontanis.info\/d\/77793-2\/DSC02774.jpg'><img src=http:\/\/extra.inmontanis.info\/d\/77792-3\/DSC02774.jpg \/><\/a><br \/>\n^ Infotafel (gibt noch ein paar mehr)<\/p>\n<p><a href='http:\/\/extra.inmontanis.info\/d\/77797-2\/DSC02780.jpg'><img src=http:\/\/extra.inmontanis.info\/d\/77796-3\/DSC02780.jpg \/><\/a><br \/>\n^ Man konnte problemlos die K\u00fcsten rund um die Isle of Man erkennen (Irland, Schottland, England, ggf. Wales)<\/p>\n<p><a href='http:\/\/extra.inmontanis.info\/d\/77801-2\/DSC02789.jpg'><img src=http:\/\/extra.inmontanis.info\/d\/77800-3\/DSC02789.jpg \/><\/a><br \/>\n^ Gipfelpano nach Ramsey<\/p>\n<p><a href='http:\/\/extra.inmontanis.info\/d\/77805-2\/DSC02791.jpg'><img src=http:\/\/extra.inmontanis.info\/d\/77804-3\/DSC02791.jpg \/><\/a><br \/>\n^ Gipfelpano mit der Tramway-Strecke; links unten Ramsey<\/p>\n<p><a href='http:\/\/extra.inmontanis.info\/d\/77809-2\/DSC02792.jpg'><img src=http:\/\/extra.inmontanis.info\/d\/77808-3\/DSC02792.jpg \/><\/a><br \/>\n^ Bergstation<\/p>\n<p><a href='http:\/\/extra.inmontanis.info\/d\/77813-2\/DSC02793.jpg'><img src=http:\/\/extra.inmontanis.info\/d\/77812-3\/DSC02793.jpg \/><\/a><br \/>\n^ Im Gegensatz zur MER zwischen Douglas und Laxey f\u00e4hrt die SMR auf der rechten Seite (d.h. hier: R\u00fcckblick)<\/p>\n<p><a href='http:\/\/extra.inmontanis.info\/d\/77817-2\/DSC02796.jpg'><img src=http:\/\/extra.inmontanis.info\/d\/77816-3\/DSC02796.jpg \/><\/a><br \/>\n^ Station Bungalow<\/p>\n<p><a href='http:\/\/extra.inmontanis.info\/d\/77821-2\/DSC02798.jpg'><img src=http:\/\/extra.inmontanis.info\/d\/77820-3\/DSC02798.jpg \/><\/a><br \/>\n^ Wagen 1 kreuzt die Stra\u00dfe an der Station Bungalow<\/p>\n<p><a href='http:\/\/extra.inmontanis.info\/d\/77825-2\/DSC02799.jpg'><img src=http:\/\/extra.inmontanis.info\/d\/77824-3\/DSC02799.jpg \/><\/a><br \/>\n^ Hier wurde fr\u00fcher der Strom f\u00fcr die Tram mittels Dampf erzeugt. Also unterm Strich wurden auch die elektrischen Trams damsls quasi mit Dampf angetrieben ;)<\/p>\n<p><a href='http:\/\/extra.inmontanis.info\/d\/77829-2\/DSC02800.jpg'><img src=http:\/\/extra.inmontanis.info\/d\/77828-3\/DSC02800.jpg \/><\/a><br \/>\n^ Strecke etwas unterhalb der Stra\u00dfe<\/p>\n<p><a href='http:\/\/extra.inmontanis.info\/d\/77833-2\/DSC02801.jpg'><img src=http:\/\/extra.inmontanis.info\/d\/77832-3\/DSC02801.jpg \/><\/a><br \/>\n^ Blick zur Mine r\u00fcber. Da m\u00f6chte ich heuer auch mal vorbeiwandern.<\/p>\n<p><a href='http:\/\/extra.inmontanis.info\/d\/77837-2\/DSC02808.jpg'><img src=http:\/\/extra.inmontanis.info\/d\/77836-3\/DSC02808.jpg \/><\/a><br \/>\n^ Snaefell-Strecke weiter unten mit Blick zum Gipfel. Die Tram macht ja quasi eine 360 Kehre um den Berg herum, um hinauf zu gelangen<\/p>\n<p><a href='http:\/\/extra.inmontanis.info\/d\/77841-2\/DSC02810.jpg'><img src=http:\/\/extra.inmontanis.info\/d\/77840-3\/DSC02810.jpg \/><\/a><br \/>\n^ Snaefell-Strecke weiter unten<\/p>\n<p><a href='http:\/\/extra.inmontanis.info\/d\/77845-2\/DSC02813.jpg'><img src=http:\/\/extra.inmontanis.info\/d\/77844-3\/DSC02813.jpg \/><\/a><br \/>\n^ .. und Wagen 4 f\u00e4hrt hinauf<\/p>\n<p><a href='http:\/\/extra.inmontanis.info\/d\/77849-2\/DSC02816.jpg'><img src=http:\/\/extra.inmontanis.info\/d\/77848-3\/DSC02816.jpg \/><\/a><br \/>\n^ Gro\u00dfe Arbeiten am Laxey Wheel, macht daher wohl wenig Sinn, zu besuchen.<\/p>\n<p>In Laxey am Bahnhofscaf\u00e9 die Schweinsbratensemmel mit Apfelsauce gekauft, aber f\u00fcr 6,50 \u00a3 werde ich das nicht wiederholen..<\/p>\n<p><a href='http:\/\/extra.inmontanis.info\/d\/77853-2\/DSC02820.jpg'><img src=http:\/\/extra.inmontanis.info\/d\/77852-3\/DSC02820.jpg \/><\/a><br \/>\n^ Schweinsbraten-mit-Apfelsauce, bekommt man im UK und auch auf der IoM hier und da.<\/p>\n<p>Danach die Tram nach Douglas genommen, die kurz vor Groudle pl\u00f6tzlich keinen Strom mehr hatte. (Der Bereich wurde ja gestern fertig repariert.) Es waren wohl 3 Trams im stromlosen Sektor, mussten alle den Trolley vom Strom runternehmen und danach gings irgendwann wieder.<\/p>\n<p>Diese fuhr dann etwas versp\u00e4tet von Douglas wieder los, und zwar recht voll, w\u00e4hrend die folgende nach Ramsey nur 10min versp\u00e4tet losfuhr und wohl leer war, au\u00dfer mir. Ich setzte mich diesmal aber vorne in den Innenraum, reicht dann sp\u00e4ter retour drau\u00dfen ;) Ab Laxey bzw. Ramsey retour wieder etwas mehr los.<\/p>\n<p><a href='http:\/\/extra.inmontanis.info\/d\/77857-2\/DSC02823.jpg'><img src=http:\/\/extra.inmontanis.info\/d\/77856-3\/DSC02823.jpg \/><\/a><br \/>\n^ Mit der MER von Laxey nach Douglas<\/p>\n<p><a href='http:\/\/extra.inmontanis.info\/d\/77861-2\/DSC02824.jpg'><img src=http:\/\/extra.inmontanis.info\/d\/77860-3\/DSC02824.jpg \/><\/a><br \/>\n^ Tram-Trolley mit Trolley-Wheel<\/p>\n<p><a href='http:\/\/extra.inmontanis.info\/d\/77865-2\/DSC02825.jpg'><img src=http:\/\/extra.inmontanis.info\/d\/77864-3\/DSC02825.jpg \/><\/a><br \/>\n^ Stromausfall kurz vor Groudle Glen mit Tram 33+47. Gut zu sehen auch, dass der Trailer niedriger ist (vom Einsteigen her)<\/p>\n<p><a href='http:\/\/extra.inmontanis.info\/d\/77869-2\/DSC02829.jpg'><img src=http:\/\/extra.inmontanis.info\/d\/77868-3\/DSC02829.jpg \/><\/a><br \/>\n^ Douglas in Sicht<\/p>\n<p><a href='http:\/\/extra.inmontanis.info\/d\/77873-2\/DSC02831.jpg'><img src=http:\/\/extra.inmontanis.info\/d\/77872-3\/DSC02831.jpg \/><\/a><br \/>\n^ Douglas Depot mit der gr\u00fcnen 32<\/p>\n<p><a href='http:\/\/extra.inmontanis.info\/d\/77877-2\/DSC02834.jpg'><img src=http:\/\/extra.inmontanis.info\/d\/77876-3\/DSC02834.jpg \/><\/a><br \/>\n^ Das neue Pferdetram-Depot, seit Fertigstellung war die Pferdetram noch nicht in Betrieb. Rechts nun ein Booking\/Ticket &#8211; Office, wo es auch Toiletten gibt. Sch\u00f6n!<\/p>\n<p><a href='http:\/\/extra.inmontanis.info\/d\/77881-2\/DSC02835.jpg'><img src=http:\/\/extra.inmontanis.info\/d\/77880-3\/DSC02835.jpg \/><\/a><br \/>\n^ .. und auch ein paar alte Bilder findet man hier<\/p>\n<p><a href='http:\/\/extra.inmontanis.info\/d\/77885-2\/DSC02841.jpg'><img src=http:\/\/extra.inmontanis.info\/d\/77884-3\/DSC02841.jpg \/><\/a><br \/>\n^ Den au\u00dfen blauen Wagen 7 erkennt man innen recht einfach, Holz relativ hell+neu,2+1 Sitzreihen und der Metallteil der Schwenksitze ebenfalls blau lackiert<\/p>\n<p><a href='http:\/\/extra.inmontanis.info\/d\/77889-2\/DSC02846.jpg'><img src=http:\/\/extra.inmontanis.info\/d\/77888-3\/DSC02846.jpg \/><\/a><br \/>\n^ Am h\u00f6chsten Punkt, zwischen Laxey und Dhoon<\/p>\n<p><a href='http:\/\/extra.inmontanis.info\/d\/77893-2\/DSC02847.jpg'><img src=http:\/\/extra.inmontanis.info\/d\/77892-3\/DSC02847.jpg \/><\/a><br \/>\n^ Maughold<\/p>\n<p>Ich lief etwas durch Ramsey, zum Pier, sah mir die L\u00e4den von au\u00dfen an .. schon etliche H\u00e4user sehr heruntergekommen hier. Snacks, Imbiss, Fastfoodl\u00e4den waren alle um die Uhrzeit (nach 15\/16 Uhr) schon geschlossen (seltene machen abends nochmals auf oder \u00fcberhaupt nur abends oder sind \u00fcberhaupt ganz zu, Eisdielen w\u00e4ren offen gewesen. Der B\u00e4cker, bei dem ich bei meinem letzten Besuch nachmittags noch Gl\u00fcck gehabt hatte, scheint auch aufgelassen zu sein. Superm\u00e4rkte h\u00e4tte es noch gegeben.<\/p>\n<p>Und eine SB-W\u00e4scherei. Ladung kostet wohl 6 \u00a3 (recht gro\u00df) und trocken ist die W\u00e4sche dann auch noch nicht &#8211; das lohnt sich f\u00fcr meine paar Sachen also (noch) nicht.<\/p>\n<p>Hatte aber ja eh noch das gek\u00fchlte Fertiggericht heute Abend zu machen. Wobei ich die n\u00e4chsten Tage nicht kochen m\u00f6chte, um Strom zu sparen, weil ich ja nicht viel mit dem Auto fahren werde. Ab morgen sind ja die 5 Tage Transportfestival, wo (bis auf Sonntag) die Trams auch abends fahren &#8211; somit h\u00e4tte ich abends eh keine Zeit zu kochen oder PC aufbauen..<\/p>\n<p><a href='http:\/\/extra.inmontanis.info\/d\/77897-2\/DSC02850.jpg'><img src=http:\/\/extra.inmontanis.info\/d\/77896-3\/DSC02850.jpg \/><\/a><br \/>\n^ Ramsey Queens Pier<\/p>\n<p><a href='http:\/\/extra.inmontanis.info\/d\/77901-2\/DSC02853.jpg'><img src=http:\/\/extra.inmontanis.info\/d\/77900-3\/DSC02853.jpg \/><\/a><br \/>\n^ Der Queens Pier wird nun tats\u00e4chlich restauriert .. aber weit ist man da noch nicht gekommen<\/p>\n<p><a href='http:\/\/extra.inmontanis.info\/d\/77905-2\/DSC02854.jpg'><img src=http:\/\/extra.inmontanis.info\/d\/77904-3\/DSC02854.jpg \/><\/a><br \/>\n^ <\/p>\n<p><a href='http:\/\/extra.inmontanis.info\/d\/77909-2\/DSC02856.jpg'><img src=http:\/\/extra.inmontanis.info\/d\/77908-3\/DSC02856.jpg \/><\/a><br \/>\n^ Queens Pier<\/p>\n<p><a href='http:\/\/extra.inmontanis.info\/d\/77913-2\/DSC02857.jpg'><img src=http:\/\/extra.inmontanis.info\/d\/77912-3\/DSC02857.jpg \/><\/a><br \/>\n^ .. da fehlt noch viel ..<\/p>\n<p><a href='http:\/\/extra.inmontanis.info\/d\/77917-2\/DSC02858.jpg'><img src=http:\/\/extra.inmontanis.info\/d\/77916-3\/DSC02858.jpg \/><\/a><br \/>\n^ <\/p>\n<p><a href='http:\/\/extra.inmontanis.info\/d\/77921-2\/DSC02859.jpg'><img src=http:\/\/extra.inmontanis.info\/d\/77920-3\/DSC02859.jpg \/><\/a><br \/>\n^ .. ob der jemals bis zum Ende restauriert wird? Und ggf. tats\u00e4chlich wieder eine Pier Tram\/Train f\u00e4hrt? W\u00e4r ja schon cool<\/p>\n<p><a href='http:\/\/extra.inmontanis.info\/d\/77925-2\/DSC02862.jpg'><img src=http:\/\/extra.inmontanis.info\/d\/77924-3\/DSC02862.jpg \/><\/a><br \/>\n^ <\/p>\n<p><a href='http:\/\/extra.inmontanis.info\/d\/77929-2\/DSC02863.jpg'><img src=http:\/\/extra.inmontanis.info\/d\/77928-3\/DSC02863.jpg \/><\/a><br \/>\n^ Ramsey<\/p>\n<p><a href='http:\/\/extra.inmontanis.info\/d\/77933-2\/DSC02866.jpg'><img src=http:\/\/extra.inmontanis.info\/d\/77932-3\/DSC02866.jpg \/><\/a><br \/>\n^ Ramsey<\/p>\n<p><a href='http:\/\/extra.inmontanis.info\/d\/77937-2\/DSC02868.jpg'><img src=http:\/\/extra.inmontanis.info\/d\/77936-3\/DSC02868.jpg \/><\/a><br \/>\n^ Ramsey<\/p>\n<p><a href='http:\/\/extra.inmontanis.info\/d\/77941-2\/DSC02870.jpg'><img src=http:\/\/extra.inmontanis.info\/d\/77940-3\/DSC02870.jpg \/><\/a><br \/>\n^ Wagen 1 kommt mit 42 in Ramsey an. Mittlerweile etwas dunkler  und brauner lackiert als zuvor<\/p>\n<p>Wieder retour nach Laxey gefahren, auf\/in den offenen W\u00e4gen war etwas lang\u00e4rmeliges oder mein Regenj\u00e4ckchen durchaus passend.<\/p>\n<p><a href='http:\/\/extra.inmontanis.info\/d\/77945-2\/DSC02871.jpg'><img src=http:\/\/extra.inmontanis.info\/d\/77944-3\/DSC02871.jpg \/><\/a><br \/>\n^ Trailer 42<\/p>\n<p><a href='http:\/\/extra.inmontanis.info\/d\/77949-2\/DSC02873.jpg'><img src=http:\/\/extra.inmontanis.info\/d\/77948-3\/DSC02873.jpg \/><\/a><br \/>\n^ Gr\u00fcne Landschaft, blaues Meer<\/p>\n<p><a href='http:\/\/extra.inmontanis.info\/d\/77953-2\/DSC02874.jpg'><img src=http:\/\/extra.inmontanis.info\/d\/77952-3\/DSC02874.jpg \/><\/a><br \/>\n^ Blick in die Berge<\/p>\n<p><a href='http:\/\/extra.inmontanis.info\/d\/77957-2\/DSC02879.jpg'><img src=http:\/\/extra.inmontanis.info\/d\/77956-3\/DSC02879.jpg \/><\/a><br \/>\n^ Das h\u00f6chste St\u00fcck zwischen Dhoon und Laxey, hier f\u00e4hrt man direkt an der Kante. Wie geil muss da erst die Doppelstock-Tram s\u00fcdlich von Douglas nach Port Soderick gewesen sein!<\/p>\n<p><a href='http:\/\/extra.inmontanis.info\/d\/77961-2\/DSC02884.jpg'><img src=http:\/\/extra.inmontanis.info\/d\/77960-3\/DSC02884.jpg \/><\/a><br \/>\n^ Laxey<\/p>\n<p>Mit dem Auto ging&#8217;s nochmals runter zum Strand, wo ich schon gestern \u00fcbernachtete. Ist zwar quasi mitten auf der Stra\u00dfe, aber trotzdem recht ruhig.<\/p>\n<p>Das TK-Gericht war eher Pommeslastig und bot wenig Fleisch, also in meinem Fall war es halt ein Kartoffel(ein)topf.<\/p>\n<p>Da ich mir letztens mal wieder eine Flasche schottische &#8220;Irn Bru&#8221; Limonade mitgenommen hab &#8211; da ist geschmacklich echt nicht viel Unterschied zu den einen norwegischen Frist Price &#8211; Limonaden (oder dem schwedischen Trocadero), der Unterschied kommt mir geringer vor als zwischen manchen Cola-Sorten.<\/p>\n<p><a href='http:\/\/extra.inmontanis.info\/d\/77965-2\/DSC02888.jpg'><img src=http:\/\/extra.inmontanis.info\/d\/77964-3\/DSC02888.jpg \/><\/a><br \/>\n^ Laxey. Hier unten am Strand \/ Hafen war ich zuvor noch nie, da von der Tram zu weit weg bei nur wenigen Tagen Aufenthalt ..<\/p>\n<p><a href='http:\/\/extra.inmontanis.info\/d\/77969-2\/DSC02889.jpg'><img src=http:\/\/extra.inmontanis.info\/d\/77968-3\/DSC02889.jpg \/><\/a><br \/>\n^ Laxey und hinten oben Snaefell<\/p>\n<p><a href='http:\/\/extra.inmontanis.info\/d\/77973-2\/DSC02892.jpg'><img src=http:\/\/extra.inmontanis.info\/d\/77972-3\/DSC02892.jpg \/><\/a><br \/>\n^ Laxey<\/p>\n<p><a href='http:\/\/extra.inmontanis.info\/d\/77977-2\/DSC02893.jpg'><img src=http:\/\/extra.inmontanis.info\/d\/77976-3\/DSC02893.jpg \/><\/a><br \/>\n^ Abendessen<\/p>\n<p><a href='http:\/\/extra.inmontanis.info\/d\/77981-2\/DSC02895.jpg'><img src=http:\/\/extra.inmontanis.info\/d\/77980-3\/DSC02895.jpg \/><\/a><br \/>\n^ Laxey \/ Meer bei Abendd\u00e4mmerung<\/p>\n","protected":false},"excerpt":{"rendered":"<p>26.7.2022<\/p>\n<p>Nochmals zur Erinnerung, weil es im ersten Moment so kompliziert ist: Die Isle of Man geh\u00f6rt nicht zu Gro\u00dfbritannien (das ist eigentlich nur die Insel, wo England, Wales und Schottland sind), geh\u00f6rt auch nicht zum UK\/Vereinigten K\u00f6nigreich (da ist zus\u00e4tzlich zu England, Wales und Schottland noch Nordirland dabei), war somit auch vor dem Brexit <a href=\"http:\/\/blog.inmontanis.info\/?p=7695\">[&#8230;]<\/a><\/p>\n","protected":false},"author":1,"featured_media":7698,"comment_status":"closed","ping_status":"closed","sticky":false,"template":"","format":"standard","meta":{"footnotes":""},"categories":[186,21,191,59],"tags":[37,40],"class_list":["post-7695","post","type-post","status-publish","format-standard","has-post-thumbnail","hentry","category-2022-07-uk-irl-iom","category-britain","category-isle-of-man","category-nostalgie","tag-meer","tag-strasenbahn","odd"],"_links":{"self":[{"href":"http:\/\/blog.inmontanis.info\/index.php?rest_route=\/wp\/v2\/posts\/7695","targetHints":{"allow":["GET"]}}],"collection":[{"href":"http:\/\/blog.inmontanis.info\/index.php?rest_route=\/wp\/v2\/posts"}],"about":[{"href":"http:\/\/blog.inmontanis.info\/index.php?rest_route=\/wp\/v2\/types\/post"}],"author":[{"embeddable":true,"href":"http:\/\/blog.inmontanis.info\/index.php?rest_route=\/wp\/v2\/users\/1"}],"replies":[{"embeddable":true,"href":"http:\/\/blog.inmontanis.info\/index.php?rest_route=%2Fwp%2Fv2%2Fcomments&post=7695"}],"version-history":[{"count":3,"href":"http:\/\/blog.inmontanis.info\/index.php?rest_route=\/wp\/v2\/posts\/7695\/revisions"}],"predecessor-version":[{"id":7699,"href":"http:\/\/blog.inmontanis.info\/index.php?rest_route=\/wp\/v2\/posts\/7695\/revisions\/7699"}],"wp:featuredmedia":[{"embeddable":true,"href":"http:\/\/blog.inmontanis.info\/index.php?rest_route=\/wp\/v2\/media\/7698"}],"wp:attachment":[{"href":"http:\/\/blog.inmontanis.info\/index.php?rest_route=%2Fwp%2Fv2%2Fmedia&parent=7695"}],"wp:term":[{"taxonomy":"category","embeddable":true,"href":"http:\/\/blog.inmontanis.info\/index.php?rest_route=%2Fwp%2Fv2%2Fcategories&post=7695"},{"taxonomy":"post_tag","embeddable":true,"href":"http:\/\/blog.inmontanis.info\/index.php?rest_route=%2Fwp%2Fv2%2Ftags&post=7695"}],"curies":[{"name":"wp","href":"https:\/\/api.w.org\/{rel}","templated":true}]}}