{"id":768,"date":"2008-02-27T23:59:48","date_gmt":"2008-02-27T21:59:48","guid":{"rendered":"http:\/\/blog.inmontanis.info\/?p=768"},"modified":"2023-08-03T21:52:13","modified_gmt":"2023-08-03T19:52:13","slug":"frabosa-soprana-monte-moro-27-2-2008-ast-tag-12-teil-2","status":"publish","type":"post","link":"http:\/\/blog.inmontanis.info\/?p=768","title":{"rendered":"Frabosa Soprana Monte Moro, 27.2.2008 (AST Tag 12 Teil 2)"},"content":{"rendered":"<p><strong>Appennin-S\u00fcdalpen-Tour 2008, 12. Tag, Mi, 27.2.2008, Teil 2: <\/p>\n<p>Frabosa Soprana<\/strong> <\/p>\n<p><img src=http:\/\/ski.inmontanis.info\/d\/51686-1\/Karte2.jpg \/><br \/>\n^ S. Frabosa Soprana: 1 DSB (Graffer), 1 ESL (Marchisio) (andere Lifte bin ich diesmal nicht gefahren!) <\/p>\n<p>Zweites Ziel war somit heute Frabosa, das ich ja bereits 2006 besuchte.  <\/p>\n<p>Allerdings nicht, um die neue Verbindungs-DSB (?) nach Prato Nevoso zu checken. Auch nicht, um die neuen DSBs in Artesina zu checken. Neeein, nat\u00fcrlich um wieder den 2km langen Marchisio-ESL zu fahren, der ja netterweise nicht stillgelegt oder ersetzt wurde, sondern (vor)letztes Jahr auf den neusten technischen Stand gebracht wurde, so dass er uns &#8211; gesetzlich gesehen &#8211; noch weitere 20 oder was wei\u00df ich wieviel Jahre bestehen bleiben darf! <\/p>\n<p>Und sowas muss mit einem Besuch meinerseits belohnt werden :) <\/p>\n<p>Da ich um 13 Uhr dort war, hab ich mich mit einer 2h &#8211; Karte um 16 Euro begn\u00fcgt (war aber dann trotzdem erst um 15.45 am Auto, nachdem ich oben im neu renovierten Gasthaus noch einen Toast gegessen hab und die ganz linke Abfahrts-Variante \u00fcber die beiden DSBs gefahren bin). <\/p>\n<p>\u00dcbrigens, das Gasthaus oben am Monte Moro kann man von Prato Nevoso aus ganzj\u00e4hrig mit dem Auto anfahren und ist auch ganzj\u00e4hrig ge\u00f6ffnet! Im Winter mit &#8220;Schneeketten oder Allrad&#8221; &#8211; also wer mal in der Gegend ist und einen super Aussichtspunkt braucht, aber die Lifte gerade nicht fahren&#8230;. <\/p>\n<p>Der Kerl am ESL-Einstieg hatte mir gro\u00df und breit erkl\u00e4rt, wie ich einzusteigen hab. Na gut, normalerweise hab ich die Skier vertikal in der Hand, aber wenn er meint, horizontal seitlich nach hinten sei besser&#8230; Nur vom Vorteil mit dem links-rum-drehen und die Skistecken-aus-der-linken-Hand-nehmen konnte er micht nicht \u00fcberzeugen :) Daf\u00fcr hat er die Skier beim Erreichen des Sessels passgenau hinten an den Sessel eingef\u00e4delt. Nach, von mir aus. A propos Sessel: Im Zuge der Erneuerung haben die hier Sitzpolster hingemacht! Somit mein erster Komfort-polster-ESL :) <\/p>\n<p>Irgendwie w\u00e4r mir aber fast lieber gewesen, die h\u00e4tten die Sessel ausgetauscht mit Fu\u00dfraster-Sessel, so dass man die Skier anlassen k\u00f6nnte. Zugegeben, die alte gerade Aufh\u00e4ngung hat schon was, aber nass wird man halt am Scho\u00df durch die Skier trotzdem wenn sie rechts an der Seite sind&#8230; andererseits, besser als 2km ohne Fu\u00dfraster mit angeschnallten Skiern. <\/p>\n<p>Ach, und ganz \u00fcberrascht: Die Graffer-DSB fuhr auch noch. Hatte das irgendwie anders verstanden. Na umso besser :) <\/p>\n<p><a href='http:\/\/ski.inmontanis.info\/d\/55117-1\/P1240515.JPG'><img src=http:\/\/ski.inmontanis.info\/d\/55119-3\/P1240515.JPG \/><\/a><br \/>\n^ Neuer Plan mit Mondole <\/p>\n<p><a href='http:\/\/ski.inmontanis.info\/d\/55121-1\/gps_fabrosa_ges.jpg'><img src=http:\/\/ski.inmontanis.info\/d\/55123-3\/gps_fabrosa_ges.jpg \/><\/a><br \/>\n^ GPS-Tracks (Orange 2008, T\u00fcrkis 2006) <\/p>\n<p><a href='http:\/\/ski.inmontanis.info\/d\/55125-1\/P1240391.JPG'><img src=http:\/\/ski.inmontanis.info\/d\/55127-3\/P1240391.JPG \/><\/a><br \/>\n^ Strecke der neuen Verbindungs-SB zwischen Frabosa und PratoNevoso <\/p>\n<p><a href='http:\/\/ski.inmontanis.info\/d\/55129-1\/P1240392.JPG'><img src=http:\/\/ski.inmontanis.info\/d\/55131-3\/P1240392.JPG \/><\/a><br \/>\n^ Neue Verbindungs-Sesselbahn zwischen Frabosa und Prato Nevoso, gezoomt vom Skigebiet San Giacomo aus <\/p>\n<p><a href='http:\/\/ski.inmontanis.info\/d\/55133-1\/P1240393.JPG'><img src=http:\/\/ski.inmontanis.info\/d\/55135-3\/P1240393.JPG \/><\/a><br \/>\n^ Monte Malanotte, die linke Seite in Frabosa mit der neuen Verbindungsbahn <\/p>\n<p><a href='http:\/\/ski.inmontanis.info\/d\/55137-1\/P1240388.JPG'><img src=http:\/\/ski.inmontanis.info\/d\/55139-3\/P1240388.JPG \/><\/a><br \/>\n^ ESL Monte Moro im Zoom von San Giacomo <\/p>\n<p><a href='http:\/\/ski.inmontanis.info\/d\/55141-1\/P1240460.JPG'><img src=http:\/\/ski.inmontanis.info\/d\/55143-3\/P1240460.JPG \/><\/a><br \/>\n^ Graffer-DSB und Marchisio-ESL. Wer braucht da schon noch den Rest des Skigebiets? :-) <\/p>\n<p><a href='http:\/\/ski.inmontanis.info\/d\/55145-1\/P1240463.JPG'><img src=http:\/\/ski.inmontanis.info\/d\/55147-3\/P1240463.JPG \/><\/a><br \/>\n^ ESL-Auffahrt, farbig etwas mehr bearbeitet .. <\/p>\n<p><a href='http:\/\/ski.inmontanis.info\/d\/55149-1\/P1240464.JPG'><img src=http:\/\/ski.inmontanis.info\/d\/55151-3\/P1240464.JPG \/><\/a><br \/>\n^ ESL-Auffahrt kurz vor der Bergstation, Farben etwas bearbeitet &#8230;  <\/p>\n<p><img src=http:\/\/ski.inmontanis.info\/d\/55153-1\/P1240465.JPG \/><br \/>\n^ ESL mit Bergstation (diesmal unbearbeitet!) <\/p>\n<p><a href='http:\/\/ski.inmontanis.info\/d\/55157-1\/P1240466.JPG'><img src=http:\/\/ski.inmontanis.info\/d\/55159-3\/P1240466.JPG \/><\/a><br \/>\n^ Das Gasthaus an der Bergstation wurde ebenfalls renoviert und ist wieder ge\u00f6ffnet! <\/p>\n<p><a href='http:\/\/ski.inmontanis.info\/d\/55161-1\/P1240468.JPG'><img src=http:\/\/ski.inmontanis.info\/d\/55163-3\/P1240468.JPG \/><\/a><br \/>\n^ Der SL Lusera rechts des ESL steht zwar immer noch im Plan, scheint aber weiterhin nicht in Betrieb zu sein ?! <\/p>\n<p><a href='http:\/\/ski.inmontanis.info\/d\/55165-1\/P1240469.JPG'><img src=http:\/\/ski.inmontanis.info\/d\/55167-3\/P1240469.JPG \/><\/a><br \/>\n^ &#8230; aber gelaufen ist er anscheinend mal kurz ;-) <\/p>\n<p><a href='http:\/\/ski.inmontanis.info\/d\/55169-1\/P1240470.JPG'><img src=http:\/\/ski.inmontanis.info\/d\/55171-3\/P1240470.JPG \/><\/a><br \/>\n^ SL Lusera <\/p>\n<p><a href='http:\/\/ski.inmontanis.info\/d\/55173-1\/P1240472.JPG'><img src=http:\/\/ski.inmontanis.info\/d\/55175-3\/P1240472.JPG \/><\/a><br \/>\n^ DSB und ESL und Schneiteich <\/p>\n<p><a href='http:\/\/ski.inmontanis.info\/d\/55177-1\/P1240473.JPG'><img src=http:\/\/ski.inmontanis.info\/d\/55179-3\/P1240473.JPG \/><\/a><br \/>\n^ Der ESL hat keine Fu\u00dfraster und die Skier sind in der Hand &#8230;. <\/p>\n<p><a href='http:\/\/ski.inmontanis.info\/d\/55181-1\/P1240476.JPG'><img src=http:\/\/ski.inmontanis.info\/d\/55183-3\/P1240476.JPG \/><\/a><br \/>\n^ Bergstation DSB. Immer wieder sch\u00f6n, die alten Graffer &#8230;. <\/p>\n<p><a href='http:\/\/ski.inmontanis.info\/d\/55185-1\/P1240477.JPG'><img src=http:\/\/ski.inmontanis.info\/d\/55187-3\/P1240477.JPG \/><\/a><br \/>\n^ Abfahrt an der DSB. Fast weniger Schnee als vor 2 Jahren &#8230;. <\/p>\n<p><a href='http:\/\/ski.inmontanis.info\/d\/55189-1\/P1240478.JPG'><img src=http:\/\/ski.inmontanis.info\/d\/55191-3\/P1240478.JPG \/><\/a><br \/>\n^ Talstation des k\u00fcrzlich neu renovierten ESL. Sehr h\u00fcbsch geworden! <\/p>\n<p><a href='http:\/\/ski.inmontanis.info\/d\/55193-1\/P1240479.JPG'><img src=http:\/\/ski.inmontanis.info\/d\/55195-3\/P1240479.JPG \/><\/a><br \/>\n^ ESL-Bergstation. Die Sessel haben jetzt alle Komfortpolster! <\/p>\n<p><a href='http:\/\/ski.inmontanis.info\/d\/55197-1\/P1240480.JPG'><img src=http:\/\/ski.inmontanis.info\/d\/55199-3\/P1240480.JPG \/><\/a><br \/>\n^ .. und die Technik wurde erneuert, so dass der ESL wieder viele Jahren fahren darf! Danke!! <\/p>\n<p><a href='http:\/\/ski.inmontanis.info\/d\/55201-1\/P1240481.JPG'><img src=http:\/\/ski.inmontanis.info\/d\/55203-3\/P1240481.JPG \/><\/a><br \/>\n^ ESL-Bergstation &#038; Restaurant, das \u00fcbrigens auch via Stra\u00dfe ganzj\u00e4hrig erreichbar ist! <\/p>\n<p><a href='http:\/\/ski.inmontanis.info\/d\/55205-1\/P1240483.JPG'><img src=http:\/\/ski.inmontanis.info\/d\/55207-3\/P1240483.JPG \/><\/a><br \/>\n^ Abfahrt am ESL <\/p>\n<p><a href='http:\/\/ski.inmontanis.info\/d\/55209-1\/P1240484.JPG'><img src=http:\/\/ski.inmontanis.info\/d\/55211-3\/P1240484.JPG \/><\/a><br \/>\n^ Eine der wohl inzwischen aufgelasseneren steilen Abfahrtsvarianten im oberen Bereich des ESL. Irgendwann muss ich die auch mal fahren &#8230;. <\/p>\n<p><a href='http:\/\/ski.inmontanis.info\/d\/55213-1\/P1240487.JPG'><img src=http:\/\/ski.inmontanis.info\/d\/55215-3\/P1240487.JPG \/><\/a><br \/>\n^ ESL-Bergstation <\/p>\n<p><a href='http:\/\/ski.inmontanis.info\/d\/55217-1\/P1240488.JPG'><img src=http:\/\/ski.inmontanis.info\/d\/55219-3\/P1240488.JPG \/><\/a><br \/>\n^ Skiweg von der ESL-Bergstation r\u00fcber zur DSB Malanotte, links die Stra\u00dfe von Prato Nevoso aus. <\/p>\n<p><img src=http:\/\/ski.inmontanis.info\/d\/55221-1\/P1240489.JPG \/><br \/>\n^ Monte Moro \/ ESL-Bergstation \/ Restaurant mit Weitblick &#8230; <\/p>\n<p><a href='http:\/\/ski.inmontanis.info\/d\/55225-1\/P1240490.JPG'><img src=http:\/\/ski.inmontanis.info\/d\/55227-3\/P1240490.JPG \/><\/a><br \/>\n^ Skiweg zur DSB Malanotte <\/p>\n<p><a href='http:\/\/ski.inmontanis.info\/d\/55229-1\/P1240491.JPG'><img src=http:\/\/ski.inmontanis.info\/d\/55231-3\/P1240491.JPG \/><\/a><br \/>\n^ Suchspiel, wer findet die alte St\u00fctze? <\/p>\n<p><a href='http:\/\/ski.inmontanis.info\/d\/55233-1\/P1240492.JPG'><img src=http:\/\/ski.inmontanis.info\/d\/55235-3\/P1240492.JPG \/><\/a><br \/>\n^ Ein St\u00fctzlein steht im Walde, ganz still und stumm.<br \/>\nGeh\u00f6rte zur Ovovia, ist&#8217;s schade drum.<br \/>\nEi, was soll das St\u00fctzelein, hier im Walde ganz allein,<br \/>\nwird wohl noch steh&#8217;n zweihundert Jahrelein. <\/p>\n<p><a href='http:\/\/ski.inmontanis.info\/d\/55237-1\/P1240493.JPG'><img src=http:\/\/ski.inmontanis.info\/d\/55239-3\/P1240493.JPG \/><\/a><br \/>\n^ Ehemaliger Tal-Verbindungslift von der linken zur rechten Skigebietsseite <\/p>\n<p>Gar nicht eingeplant komm ich nun auf meiner &#8220;Appennintour&#8221; sogar noch nach Frankreich. Hab nicht mal mein W\u00f6rterbuch dabei &#8230;. <\/p>\n<p>Von Mondovi aus ging&#8217;s \u00fcber den Passo Maddalena \/ Col Larche nach Frankreich. Kurioserweise war der Pass mit knapp 2000m h\u00f6her als die Bergstationen der heutigen Lifte ;-) <\/p>\n<p><a href='http:\/\/ski.inmontanis.info\/d\/55089-1\/P1240501.JPG'><img src=http:\/\/ski.inmontanis.info\/d\/55091-3\/P1240501.JPG \/><\/a><br \/>\n^ Pass Larche\/Maddalena (italienische Seite) <\/p>\n<p><a href='http:\/\/ski.inmontanis.info\/d\/55093-1\/P1240500.JPG'><img src=http:\/\/ski.inmontanis.info\/d\/55095-3\/P1240500.JPG \/><\/a><br \/>\n^ Pass Larche\/Maddalena <\/p>\n<p><a href='http:\/\/ski.inmontanis.info\/d\/55097-1\/P1240503.JPG'><img src=http:\/\/ski.inmontanis.info\/d\/55099-3\/P1240503.JPG \/><\/a><br \/>\n^ Passh\u00f6he Larche\/Maddalena <\/p>\n<p><a href='http:\/\/ski.inmontanis.info\/d\/55101-1\/P1240505.JPG'><img src=http:\/\/ski.inmontanis.info\/d\/55103-3\/P1240505.JPG \/><\/a><br \/>\n^ Pass Larche\/Maddalena (franz\u00f6sische Seite) <\/p>\n<p><a href='http:\/\/ski.inmontanis.info\/d\/55105-1\/P1240507.JPG'><img src=http:\/\/ski.inmontanis.info\/d\/55107-3\/P1240507.JPG \/><\/a><br \/>\n^ Pass Larche\/Maddalena <\/p>\n<p><a href='http:\/\/ski.inmontanis.info\/d\/55109-1\/P1240510.JPG'><img src=http:\/\/ski.inmontanis.info\/d\/55111-3\/P1240510.JPG \/><\/a><br \/>\n^ Pass Larche\/Maddalena<\/p>\n","protected":false},"excerpt":{"rendered":"<p>Frisch renoviert: Der ESL in Frabosa! <a href=\"http:\/\/blog.inmontanis.info\/?p=768\">[&#8230;]<\/a><\/p>\n","protected":false},"author":1,"featured_media":0,"comment_status":"open","ping_status":"closed","sticky":false,"template":"","format":"standard","meta":{"footnotes":""},"categories":[68,16,15,229,59,27,32],"tags":[38,35],"class_list":["post-768","post","type-post","status-publish","format-standard","hentry","category-68","category-france","category-italienitaly","category-mondole","category-nostalgie","category-skifahren-winterskiing-winter","category-lostplaces","tag-dsb","tag-esl","odd"],"_links":{"self":[{"href":"http:\/\/blog.inmontanis.info\/index.php?rest_route=\/wp\/v2\/posts\/768","targetHints":{"allow":["GET"]}}],"collection":[{"href":"http:\/\/blog.inmontanis.info\/index.php?rest_route=\/wp\/v2\/posts"}],"about":[{"href":"http:\/\/blog.inmontanis.info\/index.php?rest_route=\/wp\/v2\/types\/post"}],"author":[{"embeddable":true,"href":"http:\/\/blog.inmontanis.info\/index.php?rest_route=\/wp\/v2\/users\/1"}],"replies":[{"embeddable":true,"href":"http:\/\/blog.inmontanis.info\/index.php?rest_route=%2Fwp%2Fv2%2Fcomments&post=768"}],"version-history":[{"count":4,"href":"http:\/\/blog.inmontanis.info\/index.php?rest_route=\/wp\/v2\/posts\/768\/revisions"}],"predecessor-version":[{"id":3313,"href":"http:\/\/blog.inmontanis.info\/index.php?rest_route=\/wp\/v2\/posts\/768\/revisions\/3313"}],"wp:attachment":[{"href":"http:\/\/blog.inmontanis.info\/index.php?rest_route=%2Fwp%2Fv2%2Fmedia&parent=768"}],"wp:term":[{"taxonomy":"category","embeddable":true,"href":"http:\/\/blog.inmontanis.info\/index.php?rest_route=%2Fwp%2Fv2%2Fcategories&post=768"},{"taxonomy":"post_tag","embeddable":true,"href":"http:\/\/blog.inmontanis.info\/index.php?rest_route=%2Fwp%2Fv2%2Ftags&post=768"}],"curies":[{"name":"wp","href":"https:\/\/api.w.org\/{rel}","templated":true}]}}