{"id":7677,"date":"2022-07-23T20:49:20","date_gmt":"2022-07-23T18:49:20","guid":{"rendered":"http:\/\/blog.inmontanis.info\/?p=7677"},"modified":"2022-07-27T10:21:59","modified_gmt":"2022-07-27T08:21:59","slug":"statfold-barn-railway-23-7-2022","status":"publish","type":"post","link":"http:\/\/blog.inmontanis.info\/?p=7677","title":{"rendered":"Statfold Barn Railway, 23.7.2022"},"content":{"rendered":"<p><strong>23.7.2022<\/strong><\/p>\n<p>Auf dem Weg hielt ich an einer Autobahnrastst\u00e4tte (via Kreisverkehr abseits der Autobahn erreichbar), die Autobahn verlief quer und war nicht auf meinem Weg, da stand bei den WCs oben am Schild auch &#8220;Duschen&#8221;, aber dann keine T\u00fcr mehr mit entsprechendem Aufdruck gesehen. Das WC-Papier war das d\u00fcnnste, was ich je gesehen hab, man konnte durchschauen (sollte mir aber die n\u00e4chsten Tage noch h\u00e4ufiger in UK vorkommen). Fr\u00fchst\u00fccksm\u00e4\u00dfig gab&#8217;s auch nix sinnvoll-frisches, also wieder weiter.<\/p>\n<p>Es gibt ja zwei Museums-Trams, die ich im UK noch nicht gefahren bin &#8211; die im Black Country Living Musem, weil laufend geschlossen, wenn ich mal im UK bin, und die in Statfold, egtl. eher ein Dampfzug-Museum, hat aber auch eine Tram, wobei die nur mit Batterie f\u00e4hrt, das zudem nur an Eventtagen und regelm\u00e4\u00dfiger in den Sommerferien offen ist. Ab heute nun f\u00fcr ein paar Wochen t\u00e4glich offen und dieses WE ein Opening-WE (hab was von einer neuen Museumshalle gelesen). Eintritt 12,- \u00a3.<\/p>\n<p>Am Parkplatz angekommen leider nirgends Schatten. War um kurz vor 10 Uhr da, offiziell soll es wohl ab 10 Uhr \u00f6ffnen. Sonderlich sonnig war heut aber eh nicht gemeldet (morgen dagegen etwas regnerisch). Es blieb recht leer, was einerseits gut f\u00fcr die Besucher ist, aber nicht gut f\u00fcrs Gesch\u00e4ft. Es gibt weder einen aush\u00e4ngenden Plan vom Gel\u00e4nde, noch bekam man einen gedruckten Plan oder irgendeine Info \u00fcber Betriebszeiten und H\u00e4ufigkeit von Trams und Z\u00fcgen.<\/p>\n<p>Irgendwie recht entt\u00e4uschend. Es war ein Dampfzug in Betrieb (mit kleinen, uninteressanten Loks und unbequemen Waggons) und immerhin die Tram, deren Strecke aber wesentlich k\u00fcrzer ist. Zudem wird die Batterie tags\u00fcber nicht nachgeladen &#8211; um 15 Uhr war sie leer und der Trambetrieb wurde eingestellt. Keine Ahnung, warum man die \u00fcberhaupt mit Batterie fahren l\u00e4sst&#8230;<\/p>\n<p>An diesem Event-WE waren noch 2 alte Doppelstockbusse au\u00dferhalb des Gel\u00e4ndes in Betrieb, in Kooperation mit einem Busmusem. Leider erwischte ich bei beiden Bussen die selbe Tour (wurde wohl irgendwie mal was ge\u00e4ndert). Ein Teil des Gel\u00e4ndes war nicht zug\u00e4nglich und vmtl. gibt es noch 1-3 andere Zugvarianten (zB. eine Gartenbahn), die nicht in Betrieb waren. <\/p>\n<p>Der Museumsbereich ist sehr zuglastig und \u00fcberschaubar, so dass man recht schnell durch ist. Von den von mir besuchten Transportmuseen oder Museen mit alten Transportm\u00f6glichkeiten ist das so ziemlich das langweiligste und &#8220;sterilste&#8221; und &#8220;liebloseste&#8221;, das ich bisher besucht hatte. Anscheinend hat man hier zwar mehr Geld (und Platz) zur Verf\u00fcgung als anderswo, aber es f\u00fchlt sich nicht so an, als ob man hier wirklich das Museum leben w\u00fcrde. Viele Exponate sind ohne Erkl\u00e4rungsschild. Die neue Halle ist noch recht leer und die Exponate stehen halt so rum wie in einer Fabrikshalle. <\/p>\n<p>\u00dcberhaupt wirkt das alles eher nach Fabrikshallen als nach Scheune (&#8220;Barn&#8221;) und vieles passt halt optisch nicht zum historischen Charakter von Dampfz\u00fcgen und der Tram, weil viel zu modern. Kein &#8220;flair&#8221;. <\/p>\n<p>Es kann nat\u00fcrlich sein, dass das Museum noch relativ neu ist und es in ein paar Jahren noch besser wird.<\/p>\n<p>Und die Busfahrt mit den alten Bussen war zwar einerseits nett (und jedenfalls noch eine willkommene Abwechslung heute), aber auch etwas anstrengend.<\/p>\n<p><a href='http:\/\/extra.inmontanis.info\/d\/77239-2\/DSC02456.jpg'><img src=http:\/\/extra.inmontanis.info\/d\/77237-3\/DSC02456.jpg \/><\/a><br \/>\n^ Die evtl. neue Ausstellungshalle f\u00fcr Kraftfahrzeuge<\/p>\n<p><a href='http:\/\/extra.inmontanis.info\/d\/77243-2\/DSC02461.jpg'><img src=http:\/\/extra.inmontanis.info\/d\/77242-3\/DSC02461.jpg \/><\/a><br \/>\n^ Ausstellungshalle f\u00fcr die Z\u00fcge<\/p>\n<p><a href='http:\/\/extra.inmontanis.info\/d\/77247-2\/DSC02462.jpg'><img src=http:\/\/extra.inmontanis.info\/d\/77246-3\/DSC02462.jpg \/><\/a><br \/>\n^ Ausstellungshalle f\u00fcr die Z\u00fcge<\/p>\n<p><a href='http:\/\/extra.inmontanis.info\/d\/77251-2\/DSC02463.jpg'><img src=http:\/\/extra.inmontanis.info\/d\/77250-3\/DSC02463.jpg \/><\/a><br \/>\n^ Ausstellungshalle f\u00fcr die Z\u00fcge<\/p>\n<p><a href='http:\/\/extra.inmontanis.info\/d\/77255-2\/DSC02466.jpg'><img src=http:\/\/extra.inmontanis.info\/d\/77254-3\/DSC02466.jpg \/><\/a><br \/>\n^ Land-Rover auf Schienen<\/p>\n<p><a href='http:\/\/extra.inmontanis.info\/d\/77259-2\/DSC02467.jpg'><img src=http:\/\/extra.inmontanis.info\/d\/77258-3\/DSC02467.jpg \/><\/a><br \/>\n^ Land-Rover auf Schienen<\/p>\n<p><a href='http:\/\/extra.inmontanis.info\/d\/77263-2\/DSC02468.jpg'><img src=http:\/\/extra.inmontanis.info\/d\/77262-3\/DSC02468.jpg \/><\/a><br \/>\n^ Auch ein interessanter Schienen-Bus<\/p>\n<p><a href='http:\/\/extra.inmontanis.info\/d\/77267-2\/DSC02469.jpg'><img src=http:\/\/extra.inmontanis.info\/d\/77266-3\/DSC02469.jpg \/><\/a><br \/>\n^ Besager Schienenbus<\/p>\n<p><a href='http:\/\/extra.inmontanis.info\/d\/77271-2\/DSC02471.jpg'><img src=http:\/\/extra.inmontanis.info\/d\/77270-3\/DSC02471.jpg \/><\/a><br \/>\n^ Noch ein kurioses Schienenfahrzeug &#8211; das hier kann in beiden Richtungen fahren<\/p>\n<p><a href='http:\/\/extra.inmontanis.info\/d\/77275-2\/DSC02472.jpg'><img src=http:\/\/extra.inmontanis.info\/d\/77274-3\/DSC02472.jpg \/><\/a><br \/>\n^ Infotafel \u00fcber Schmalspurbahnen<\/p>\n<p><a href='http:\/\/extra.inmontanis.info\/d\/77279-2\/DSC02473.jpg'><img src=http:\/\/extra.inmontanis.info\/d\/77278-3\/DSC02473.jpg \/><\/a><br \/>\n^ .. und speziell \u00fcber eine im Himalaya<\/p>\n<p><a href='http:\/\/extra.inmontanis.info\/d\/77283-2\/DSC02475.jpg'><img src=http:\/\/extra.inmontanis.info\/d\/77282-3\/DSC02475.jpg \/><\/a><br \/>\n^ Wusst ich auch nicht, es gibt quasi kurvenlose Serpentinen f\u00fcr Z\u00fcge &#8211; da werden die Z\u00fcge dann im Zick-Zack mit einer Zusatzlok raufgefahren<\/p>\n<p><a href='http:\/\/extra.inmontanis.info\/d\/77287-2\/DSC02478.jpg'><img src=http:\/\/extra.inmontanis.info\/d\/77286-3\/DSC02478.jpg \/><\/a><br \/>\n^ Ausstellungshalle f\u00fcr die Z\u00fcge<\/p>\n<p><a href='http:\/\/extra.inmontanis.info\/d\/77291-2\/DSC02480.jpg'><img src=http:\/\/extra.inmontanis.info\/d\/77290-3\/DSC02480.jpg \/><\/a><br \/>\n^ Im OG steht auch ein kleines Auto rum, ein Scootacar<\/p>\n<p><a href='http:\/\/extra.inmontanis.info\/d\/77295-2\/DSC02481.jpg'><img src=http:\/\/extra.inmontanis.info\/d\/77294-3\/DSC02481.jpg \/><\/a><br \/>\n^ Scootacar-Infotafel. Grundlegend k\u00f6nnte man das hier auch als Hunslet-Museum ansehen. Und 109 km\/h in dem kleinen Auto, gewagt.<\/p>\n<p><a href='http:\/\/extra.inmontanis.info\/d\/77299-2\/DSC02482.jpg'><img src=http:\/\/extra.inmontanis.info\/d\/77298-3\/DSC02482.jpg \/><\/a><br \/>\n^ Man sa\u00df zu zweit hintereinander auf dieser Bank<\/p>\n<p><a href='http:\/\/extra.inmontanis.info\/d\/77303-2\/DSC02483.jpg'><img src=http:\/\/extra.inmontanis.info\/d\/77302-3\/DSC02483.jpg \/><\/a><br \/>\n^ Lenker wie bei einem Fahrrad :)<\/p>\n<p><a href='http:\/\/extra.inmontanis.info\/d\/77307-2\/DSC02484.jpg'><img src=http:\/\/extra.inmontanis.info\/d\/77306-3\/DSC02484.jpg \/><\/a><br \/>\n^ Diesel-Lok<\/p>\n<p><a href='http:\/\/extra.inmontanis.info\/d\/77311-2\/DSC02485.jpg'><img src=http:\/\/extra.inmontanis.info\/d\/77310-3\/DSC02485.jpg \/><\/a><br \/>\n^ Platz zwischen der Ausstellungshalle und dem Bahnhof<\/p>\n<p><a href='http:\/\/extra.inmontanis.info\/d\/77315-2\/DSC02486.jpg'><img src=http:\/\/extra.inmontanis.info\/d\/77314-3\/DSC02486.jpg \/><\/a><br \/>\n^ Nettes Bild hinten; das Karussell hab ich nicht fahren sehen<\/p>\n<p><a href='http:\/\/extra.inmontanis.info\/d\/77319-2\/DSC02487.jpg'><img src=http:\/\/extra.inmontanis.info\/d\/77318-3\/DSC02487.jpg \/><\/a><br \/>\n^ .. auch der Jungle Ride war nicht sehr gut besucht<\/p>\n<p><a href='http:\/\/extra.inmontanis.info\/d\/77323-2\/DSC02490.jpg'><img src=http:\/\/extra.inmontanis.info\/d\/77322-3\/DSC02490.jpg \/><\/a><br \/>\n^ Die Tram, unterer Stock<\/p>\n<p><a href='http:\/\/extra.inmontanis.info\/d\/77327-2\/DSC02492.jpg'><img src=http:\/\/extra.inmontanis.info\/d\/77326-3\/DSC02492.jpg \/><\/a><br \/>\n^ Die Tram, oberer Stock. Die swing chairs \/ Schwenksitze sind etwas ungew\u00f6hnlich mit dem h\u00e4ngenden (wackelnden) R\u00fcckenteil<\/p>\n<p><a href='http:\/\/extra.inmontanis.info\/d\/77331-2\/DSC02493.jpg'><img src=http:\/\/extra.inmontanis.info\/d\/77330-3\/DSC02493.jpg \/><\/a><br \/>\n^ Aber immerhin nicht mit Kabelbinder festgemacht wie zumindest die eine in Crich<\/p>\n<p><a href='http:\/\/extra.inmontanis.info\/d\/77335-2\/DSC02494.jpg'><img src=http:\/\/extra.inmontanis.info\/d\/77334-3\/DSC02494.jpg \/><\/a><br \/>\n^ Tram und Dampfzug, der Zug h\u00e4lt gerade am mittleren Bahnhof (nahe Parkplatz)<\/p>\n<p><a href='http:\/\/extra.inmontanis.info\/d\/77339-2\/DSC02497.jpg'><img src=http:\/\/extra.inmontanis.info\/d\/77338-3\/DSC02497.jpg \/><\/a><br \/>\n^ Tram-Fahrt. Auf der mittleren Schiene fuhr heute nichts<\/p>\n<p><a href='http:\/\/extra.inmontanis.info\/d\/77343-2\/DSC02498.jpg'><img src=http:\/\/extra.inmontanis.info\/d\/77342-3\/DSC02498.jpg \/><\/a><br \/>\n^ Die Tram verwendet die beiden rechten Schienen, die mittlere+linke k\u00f6nnte also noch von einem anderen Schmalspurteil befahren werden. Der Dampfzug geht links noch ein St\u00fcck weiter<\/p>\n<p><a href='http:\/\/extra.inmontanis.info\/d\/77347-2\/DSC02500.jpg'><img src=http:\/\/extra.inmontanis.info\/d\/77346-3\/DSC02500.jpg \/><\/a><br \/>\n^ Blick retour<\/p>\n<p><a href='http:\/\/extra.inmontanis.info\/d\/77351-2\/DSC02501.jpg'><img src=http:\/\/extra.inmontanis.info\/d\/77350-3\/DSC02501.jpg \/><\/a><br \/>\n^ Der Parkplatz blieb eher leer<\/p>\n<p><a href='http:\/\/extra.inmontanis.info\/d\/77355-2\/DSC02502.jpg'><img src=http:\/\/extra.inmontanis.info\/d\/77354-3\/DSC02502.jpg \/><\/a><br \/>\n^ Bahnhof mit der Tram-Endhaltestelle; der Dampfzug geht noch ein sch\u00f6nes St\u00fcck weiter<\/p>\n<p><a href='http:\/\/extra.inmontanis.info\/d\/77359-2\/DSC02505.jpg'><img src=http:\/\/extra.inmontanis.info\/d\/77358-3\/DSC02505.jpg \/><\/a><br \/>\n^ Endstation des Zugs<\/p>\n<p><a href='http:\/\/extra.inmontanis.info\/d\/77363-2\/DSC02510.jpg'><img src=http:\/\/extra.inmontanis.info\/d\/77362-3\/DSC02510.jpg \/><\/a><br \/>\n^ Eher langewilige und unbequem, die Waggons des Dampfzugs. Immerhin offene Fenster, so kam der Kohlegeruch sch\u00f6n rein ;)<\/p>\n<p><a href='http:\/\/extra.inmontanis.info\/d\/77367-2\/DSC02511.jpg'><img src=http:\/\/extra.inmontanis.info\/d\/77366-3\/DSC02511.jpg \/><\/a><br \/>\n^ Die Tram ist sch\u00f6ner<\/p>\n<p><a href='http:\/\/extra.inmontanis.info\/d\/77371-2\/DSC02514.jpg'><img src=http:\/\/extra.inmontanis.info\/d\/77370-3\/DSC02514.jpg \/><\/a><br \/>\n^ Dampfzug, Strecke zur Schleife<\/p>\n<p><a href='http:\/\/extra.inmontanis.info\/d\/77375-2\/DSC02517.jpg'><img src=http:\/\/extra.inmontanis.info\/d\/77374-3\/DSC02517.jpg \/><\/a><br \/>\n^ An der Schleife am anderen Ende wird wohl gerade ein Bahnhof gebaut<\/p>\n<p><a href='http:\/\/extra.inmontanis.info\/d\/77379-2\/DSC02519.jpg'><img src=http:\/\/extra.inmontanis.info\/d\/77378-3\/DSC02519.jpg \/><\/a><br \/>\n^ Schleife und wieder retour<\/p>\n<p><a href='http:\/\/extra.inmontanis.info\/d\/77383-2\/DSC02521.jpg'><img src=http:\/\/extra.inmontanis.info\/d\/77382-3\/DSC02521.jpg \/><\/a><br \/>\n^ Tram-Fotos<\/p>\n<p><a href='http:\/\/extra.inmontanis.info\/d\/77387-2\/DSC02523.jpg'><img src=http:\/\/extra.inmontanis.info\/d\/77386-3\/DSC02523.jpg \/><\/a><br \/>\n^ Tram am Bahnhof nahe Parkplatz<\/p>\n<p><a href='http:\/\/extra.inmontanis.info\/d\/77391-2\/DSC02528.jpg'><img src=http:\/\/extra.inmontanis.info\/d\/77390-3\/DSC02528.jpg \/><\/a><br \/>\n^ In der Fahrzeughalle<\/p>\n<p><a href='http:\/\/extra.inmontanis.info\/d\/77395-2\/DSC02529.jpg'><img src=http:\/\/extra.inmontanis.info\/d\/77394-3\/DSC02529.jpg \/><\/a><br \/>\n^ Fahrzeughalle, leer und steril. Links die Busse, rechts LKWs und Dampfwagen<\/p>\n<p><a href='http:\/\/extra.inmontanis.info\/d\/77399-2\/DSC02531.jpg'><img src=http:\/\/extra.inmontanis.info\/d\/77398-3\/DSC02531.jpg \/><\/a><br \/>\n^ Busse<\/p>\n<p><a href='http:\/\/extra.inmontanis.info\/d\/77403-2\/DSC02532.jpg'><img src=http:\/\/extra.inmontanis.info\/d\/77402-3\/DSC02532.jpg \/><\/a><br \/>\n^ Dampfwagen<\/p>\n<p><a href='http:\/\/extra.inmontanis.info\/d\/77407-2\/DSC02533.jpg'><img src=http:\/\/extra.inmontanis.info\/d\/77406-3\/DSC02533.jpg \/><\/a><br \/>\n^ Blauer Bus mit 2 ungew\u00f6hnlichen T\u00fcren<\/p>\n<p><a href='http:\/\/extra.inmontanis.info\/d\/77411-2\/DSC02535.jpg'><img src=http:\/\/extra.inmontanis.info\/d\/77410-3\/DSC02535.jpg \/><\/a><br \/>\n^ Blauer Bus<\/p>\n<p><a href='http:\/\/extra.inmontanis.info\/d\/77415-2\/DSC02538.jpg'><img src=http:\/\/extra.inmontanis.info\/d\/77414-3\/DSC02538.jpg \/><\/a><br \/>\n^ Blauer Bus<\/p>\n<p><a href='http:\/\/extra.inmontanis.info\/d\/77419-2\/DSC02540.jpg'><img src=http:\/\/extra.inmontanis.info\/d\/77418-3\/DSC02540.jpg \/><\/a><br \/>\n^ Dampfwagen, fuhr ein bisschen durch die Gegend<\/p>\n<p><a href='http:\/\/extra.inmontanis.info\/d\/77423-2\/DSC02544.jpg'><img src=http:\/\/extra.inmontanis.info\/d\/77422-3\/DSC02544.jpg \/><\/a><br \/>\n^ Bahnhof Zug-Endstation<\/p>\n<p><a href='http:\/\/extra.inmontanis.info\/d\/77427-2\/DSC02545.jpg'><img src=http:\/\/extra.inmontanis.info\/d\/77426-3\/DSC02545.jpg \/><\/a><br \/>\n^ Bahnhof Zug-Endstation . Von hier aus g\u00e4be es wohl normalerweise noch einige Wege, die man gehen kann<\/p>\n<p><a href='http:\/\/extra.inmontanis.info\/d\/77431-2\/DSC02547.jpg'><img src=http:\/\/extra.inmontanis.info\/d\/77430-3\/DSC02547.jpg \/><\/a><br \/>\n^ <\/p>\n<p><a href='http:\/\/extra.inmontanis.info\/d\/77435-2\/DSC02548.jpg'><img src=http:\/\/extra.inmontanis.info\/d\/77434-3\/DSC02548.jpg \/><\/a><br \/>\n^ <\/p>\n<p><a href='http:\/\/extra.inmontanis.info\/d\/77439-2\/DSC02550.jpg'><img src=http:\/\/extra.inmontanis.info\/d\/77438-3\/DSC02550.jpg \/><\/a><br \/>\n^ Lt. Beschilderung ginge es hier zu einer Gartenbahn.<\/p>\n<p><a href='http:\/\/extra.inmontanis.info\/d\/77443-2\/DSC02553.jpg'><img src=http:\/\/extra.inmontanis.info\/d\/77442-3\/DSC02553.jpg \/><\/a><br \/>\n^ Der ganze Beton und Asphalt (in anderen Bereichen) passt halt nicht zu Dampfzug und alter Doppelstock-Tram<\/p>\n<p><a href='http:\/\/extra.inmontanis.info\/d\/77447-2\/DSC02555.jpg'><img src=http:\/\/extra.inmontanis.info\/d\/77446-3\/DSC02555.jpg \/><\/a><br \/>\n^ Tram im unteren Stock<\/p>\n<p><a href='http:\/\/extra.inmontanis.info\/d\/77451-2\/DSC02558.jpg'><img src=http:\/\/extra.inmontanis.info\/d\/77450-3\/DSC02558.jpg \/><\/a><br \/>\n^ Tram im unteren Stock<\/p>\n<p><a href='http:\/\/extra.inmontanis.info\/d\/77455-2\/DSC02559.jpg'><img src=http:\/\/extra.inmontanis.info\/d\/77454-3\/DSC02559.jpg \/><\/a><br \/>\n^ Die Tram hat noch klassisch 4 R\u00e4der (2 pro Seite), keine 2 Drehgestelle (wie viele der anderen alten Trams dann oft hatten), entsprechend ist das Kurvenfahrverhalten schlechter und quietschender<\/p>\n<p><a href='http:\/\/extra.inmontanis.info\/d\/77459-2\/DSC02563.jpg'><img src=http:\/\/extra.inmontanis.info\/d\/77458-3\/DSC02563.jpg \/><\/a><br \/>\n^ Kinderspielecke in der Fabrikhalle ;)<\/p>\n<p><a href='http:\/\/extra.inmontanis.info\/d\/77463-2\/DSC02566.jpg'><img src=http:\/\/extra.inmontanis.info\/d\/77462-3\/DSC02566.jpg \/><\/a><br \/>\n^ Der offene rote Bus im unteren Stock<\/p>\n<p><a href='http:\/\/extra.inmontanis.info\/d\/77467-2\/DSC02569.jpg'><img src=http:\/\/extra.inmontanis.info\/d\/77466-3\/DSC02569.jpg \/><\/a><br \/>\n^ Der offene rote Bus im oberen Stock, durch Tamworth<\/p>\n<p><a href='http:\/\/extra.inmontanis.info\/d\/77471-3\/DSC02571.jpg'><img src=http:\/\/extra.inmontanis.info\/d\/77470-4\/DSC02571.jpg \/><\/a><br \/>\n^ Interessante Fahnen an dem Mini Markt. Hab aber ja momentan noch genug Sachen dabei. Gegen\u00fcber ein rum\u00e4nischer Supermarkt.<\/p>\n<p><a href='http:\/\/extra.inmontanis.info\/d\/77475-3\/DSC02572.jpg'><img src=http:\/\/extra.inmontanis.info\/d\/77474-4\/DSC02572.jpg \/><\/a><br \/>\n^ Weiteres Gel\u00e4nde, geradeaus hinter den B\u00e4umen k\u00f6nnte in etwa der Endbahnhof vom Zug sein; rechts bis zum Parkplatz gibts noch Fabrikhallen (womit die Firma wohl ihr Geld verdient)<\/p>\n<p><a href='http:\/\/extra.inmontanis.info\/d\/77479-3\/DSC02576.jpg'><img src=http:\/\/extra.inmontanis.info\/d\/77478-4\/DSC02576.jpg \/><\/a><br \/>\n^ Es gibt dann noch diesen Schmalspurzug ..<\/p>\n<p><a href='http:\/\/extra.inmontanis.info\/d\/77483-3\/DSC02577.jpg'><img src=http:\/\/extra.inmontanis.info\/d\/77482-4\/DSC02577.jpg \/><\/a><br \/>\n^ .. bei dem mir aber nicht klar war, ob der noch nicht oder nicht mehr in Betrieb ist<\/p>\n<p><a href='http:\/\/extra.inmontanis.info\/d\/77487-3\/DSC02578.jpg'><img src=http:\/\/extra.inmontanis.info\/d\/77486-4\/DSC02578.jpg \/><\/a><br \/>\n^ <\/p>\n<p><a href='http:\/\/extra.inmontanis.info\/d\/77491-3\/DSC02579.jpg'><img src=http:\/\/extra.inmontanis.info\/d\/77490-4\/DSC02579.jpg \/><\/a><br \/>\n^ Der zweite Bus, mit dem heute Rundfahrten durchgef\u00fchrt werden<\/p>\n<p><a href='http:\/\/extra.inmontanis.info\/d\/77495-3\/DSC02581.jpg'><img src=http:\/\/extra.inmontanis.info\/d\/77494-4\/DSC02581.jpg \/><\/a><br \/>\n^ .. ein Daimler-Bus<\/p>\n<p><a href='http:\/\/extra.inmontanis.info\/d\/77499-3\/DSC02582.jpg'><img src=http:\/\/extra.inmontanis.info\/d\/77498-4\/DSC02582.jpg \/><\/a><br \/>\n^ Und von hinten<\/p>\n<p><a href='http:\/\/extra.inmontanis.info\/d\/77503-3\/DSC02583.jpg'><img src=http:\/\/extra.inmontanis.info\/d\/77502-4\/DSC02583.jpg \/><\/a><br \/>\n^ Unterer Stock<\/p>\n<p><a href='http:\/\/extra.inmontanis.info\/d\/77507-3\/DSC02586.jpg'><img src=http:\/\/extra.inmontanis.info\/d\/77506-4\/DSC02586.jpg \/><\/a><br \/>\n^ Oberer Stock<\/p>\n<p>Nachmittags noch Gl\u00fcck an einer Autobahnrastst\u00e4tte gehabt, gratis Dusche und frei. Allerdings darf man an solchen Rastst\u00e4tten nur 2h gratis parken (sonst wird&#8217;s gleich mal teurer), daher f\u00e4llt das an Arbeitsvormittagen eher aus. Supermarktparkpl\u00e4tze sind mit 1,5-3h aber auch nicht sonderlich viel besser, aber es gibt meist irgendwelche Alternativen oder freie Stra\u00dfen in der Gegend. <\/p>\n<p>Weniger gl\u00fcckliche Nachrichten gibt&#8217;s von der Isle of Man, wo die Tram seit Mittwoch zwischen Douglas und Laxey eingestellt werden musste, weil ein Pick-Up mit Kanus (sp\u00e4tere Info: LKW mit Kajak) die Oberleitung mitgerissen hatte &#8211; und in der Nacht wurde ein Teil des abgerissenen Stromkabels auch noch gestohlen :( Hoffentlich wird das bis zum Transportfestival in ein paar Tagen behoben sein.<\/p>\n<p>Um 20:45 wurde der kleine Wanderparkplatz, an dem ich \u00fcbernachten wollte, pl\u00f6tzlich voller. Weil Wochenende und stadtnah, k\u00f6nnte das eh nachts ziemlich nervig werden. Die blieben auch recht lang und einer von den Jungs hat fast die ganze Zeit alleine geredet. Musik lief selten. Die Gruppe ging um 2:30 Uhr (hatte mich bis zur Abfahrt aber nicht gest\u00f6rt), sp\u00e4ter bzw. am fr\u00fchen Morgen kamen nochmals welche. Auch st\u00e4rkerer Regen weckte mich mal.<\/p>\n","protected":false},"excerpt":{"rendered":"<p>23.7.2022<\/p>\n<p>Auf dem Weg hielt ich an einer Autobahnrastst\u00e4tte (via Kreisverkehr abseits der Autobahn erreichbar), die Autobahn verlief quer und war nicht auf meinem Weg, da stand bei den WCs oben am Schild auch &#8220;Duschen&#8221;, aber dann keine T\u00fcr mehr mit entsprechendem Aufdruck gesehen. Das WC-Papier war das d\u00fcnnste, was ich je gesehen hab, man <a href=\"http:\/\/blog.inmontanis.info\/?p=7677\">[&#8230;]<\/a><\/p>\n","protected":false},"author":1,"featured_media":7679,"comment_status":"closed","ping_status":"closed","sticky":false,"template":"","format":"standard","meta":{"footnotes":""},"categories":[186,21,59],"tags":[40],"class_list":["post-7677","post","type-post","status-publish","format-standard","has-post-thumbnail","hentry","category-2022-07-uk-irl-iom","category-britain","category-nostalgie","tag-strasenbahn","odd"],"_links":{"self":[{"href":"http:\/\/blog.inmontanis.info\/index.php?rest_route=\/wp\/v2\/posts\/7677","targetHints":{"allow":["GET"]}}],"collection":[{"href":"http:\/\/blog.inmontanis.info\/index.php?rest_route=\/wp\/v2\/posts"}],"about":[{"href":"http:\/\/blog.inmontanis.info\/index.php?rest_route=\/wp\/v2\/types\/post"}],"author":[{"embeddable":true,"href":"http:\/\/blog.inmontanis.info\/index.php?rest_route=\/wp\/v2\/users\/1"}],"replies":[{"embeddable":true,"href":"http:\/\/blog.inmontanis.info\/index.php?rest_route=%2Fwp%2Fv2%2Fcomments&post=7677"}],"version-history":[{"count":4,"href":"http:\/\/blog.inmontanis.info\/index.php?rest_route=\/wp\/v2\/posts\/7677\/revisions"}],"predecessor-version":[{"id":7682,"href":"http:\/\/blog.inmontanis.info\/index.php?rest_route=\/wp\/v2\/posts\/7677\/revisions\/7682"}],"wp:featuredmedia":[{"embeddable":true,"href":"http:\/\/blog.inmontanis.info\/index.php?rest_route=\/wp\/v2\/media\/7679"}],"wp:attachment":[{"href":"http:\/\/blog.inmontanis.info\/index.php?rest_route=%2Fwp%2Fv2%2Fmedia&parent=7677"}],"wp:term":[{"taxonomy":"category","embeddable":true,"href":"http:\/\/blog.inmontanis.info\/index.php?rest_route=%2Fwp%2Fv2%2Fcategories&post=7677"},{"taxonomy":"post_tag","embeddable":true,"href":"http:\/\/blog.inmontanis.info\/index.php?rest_route=%2Fwp%2Fv2%2Ftags&post=7677"}],"curies":[{"name":"wp","href":"https:\/\/api.w.org\/{rel}","templated":true}]}}