{"id":7665,"date":"2022-07-21T21:01:22","date_gmt":"2022-07-21T19:01:22","guid":{"rendered":"http:\/\/blog.inmontanis.info\/?p=7665"},"modified":"2022-07-23T21:22:48","modified_gmt":"2022-07-23T19:22:48","slug":"east-anglia-transport-museum-21-7-2022","status":"publish","type":"post","link":"http:\/\/blog.inmontanis.info\/?p=7665","title":{"rendered":"East Anglia Transport Museum, 21.7.2022"},"content":{"rendered":"<p><strong>21.7.2022<\/strong><\/p>\n<p>Eine sehr kurze Nacht, nach 5,5h wurde ich vom anlaufenden K\u00fchlschrank geweckt, eine laute Eule gab&#8217;s nat\u00fcrlich auch. Keine Stunde sp\u00e4ter war aber eh der Wecker getellt.<\/p>\n<p>Bin zu einem Rastplatz mit WC gefahren (muss an einer Landstra\u00dfe im UK sehr selten ein), ist aber ziemlich eklig. Nicht wegen Verschmutzung, aber wegen der ganzen Insekten, die hier reinkommen, weil wohl \u00fcber Nacht die T\u00fcr selten geschlossen wird&#8230;<br \/>\n(und wieder eine laute Eule, geht ja wohl nicht anders)<\/p>\n<p>Die 1 Stunde Zeitverschiebung hat Vor- und Nachteile. Ich muss fr\u00fcher ins Bett, daf\u00fcr ist der Morgen eine Stunde weniger hell und ich bin in UK-Zeit gemessen 1h fr\u00fcher wieder unterwegs (weil ich ja in lokalzeit betrachtet nun statt von 8-11 von 7-10 Uhr arbeite) &#8211; jedenfalls besser als z.B. in Finnland oder Rum\u00e4nien, wo ich dann von 9-12 Uhr arbeiten m\u00fcsste. Oder gar noch weiter \u00f6stlich&#8230;<\/p>\n<p>Leider war der Rastplatz dann zu nah an meinem Ziel, daher mit kurzem Umweg nochmals an einem Supermarkt vorbei wg. Simkarte.<\/p>\n<p>SIM-Karten gab&#8217;s nur wenig zur Auswahl, die von EE mit lt. Aufschrift 5GB um 10,- \u00a3 mit lt. Aufschrift insg. 20 GB f\u00fcr die ersten 6 Monate. Egtl. h\u00e4tte ich ja die 30 GB um 20,- kaufen wollen. Au\u00dferdem gab&#8217;s eine gro\u00dfe warme Theke (und auch eine Salatbar) im Supermarkt selbst. Und viele maskierte Senioren. Daf\u00fcr, dass UK anfangs so entspannt mit Corona\/Covid umgegangen ist..<\/p>\n<p><a href='http:\/\/extra.inmontanis.info\/d\/77079-3\/IMG_20220721_112152.jpg'><img src=http:\/\/extra.inmontanis.info\/d\/77078-4\/IMG_20220721_112152.jpg \/><\/a><br \/>\n^ Hei\u00dfe Theke im Morrisons &#8211; Supermarkt, Asia-Ribs und dicke, lange Pommes. Preis jeweils 1,75 \u00a3, gesamt also etwas \u00fcber 4 \u20ac.<\/p>\n<p>Eintritt zum East Anglia Transport Museum (ab 12 Uhr offen) kostete 9,- \u00a3 (ca. 11,- \u20ac). Hatte ja auf mind. 1 Single-Decker gehofft, dann h\u00e4tt ich einen Grund mehr gehabt, Samstag nochmals zu kommen ;) (Morgen, Freitag, haben sie ja leider nicht offen.)<\/p>\n<p>Hab auch nachgefragt, wann die Tramerweiterung fertig wird &#8211; kommt auf Zeit und Geld an, kann sich \u00fcber viele Jahre hinstrecken. Als ich die Pl\u00e4ne sp\u00e4ter gesehen hab, war ich aber entt\u00e4uscht, was die Tram angeht.<\/p>\n<p>Vor dem Rausgehen im Museumsshop noch etwas viel alte, gebrauchte Tram-B\u00fccher\/Magazine mitgenommen (naja, 3+1) .. das schon am ersten Tag in UK &#8230;<\/p>\n<p><a href='http:\/\/extra.inmontanis.info\/d\/76907-2\/DSC02271.jpg'><img src=http:\/\/extra.inmontanis.info\/d\/76906-3\/DSC02271.jpg \/><\/a><br \/>\n^ Heute im East Anglia Transport Museum unterwegs, links der braune Trolleybus, mittig die Sheffield-Tram und rechts eine Blackpool-Standard-Tram (die lief auch bei meinem letzten Besuch)<\/p>\n<p><a href='http:\/\/extra.inmontanis.info\/d\/76911-2\/DSC02272.jpg'><img src=http:\/\/extra.inmontanis.info\/d\/76910-3\/DSC02272.jpg \/><\/a><br \/>\n^ <\/p>\n<p><a href='http:\/\/extra.inmontanis.info\/d\/76915-2\/DSC02274.jpg'><img src=http:\/\/extra.inmontanis.info\/d\/76914-3\/DSC02274.jpg \/><\/a><br \/>\n^ Blackpool 159, unterer Stock<\/p>\n<p><a href='http:\/\/extra.inmontanis.info\/d\/76919-2\/DSC02278.jpg'><img src=http:\/\/extra.inmontanis.info\/d\/76918-3\/DSC02278.jpg \/><\/a><br \/>\n^ Blackpool 159, Endstation im Wald<\/p>\n<p><a href='http:\/\/extra.inmontanis.info\/d\/76923-2\/DSC02280.jpg'><img src=http:\/\/extra.inmontanis.info\/d\/76922-3\/DSC02280.jpg \/><\/a><br \/>\n^ Waldstrecke<br \/>\n<a href='http:\/\/extra.inmontanis.info\/d\/76927-2\/DSC02282.jpg'><img src=http:\/\/extra.inmontanis.info\/d\/76926-3\/DSC02282.jpg \/><\/a><br \/>\n^ Blackpool 159, oberer Stock<\/p>\n<p><a href='http:\/\/extra.inmontanis.info\/d\/76931-2\/DSC02286.jpg'><img src=http:\/\/extra.inmontanis.info\/d\/76930-3\/DSC02286.jpg \/><\/a><br \/>\n^ Sheffield 513, unterer Stock<\/p>\n<p><a href='http:\/\/extra.inmontanis.info\/d\/76935-2\/DSC02288.jpg'><img src=http:\/\/extra.inmontanis.info\/d\/76934-3\/DSC02288.jpg \/><\/a><br \/>\n^ Brauner Trolleybus, Aufgang zum oberen Stock<\/p>\n<p><a href='http:\/\/extra.inmontanis.info\/d\/76939-2\/DSC02289.jpg'><img src=http:\/\/extra.inmontanis.info\/d\/76938-3\/DSC02289.jpg \/><\/a><br \/>\n^ Trolleybus, oberer Stock<\/p>\n<p><a href='http:\/\/extra.inmontanis.info\/d\/76943-2\/DSC02291.jpg'><img src=http:\/\/extra.inmontanis.info\/d\/76942-3\/DSC02291.jpg \/><\/a><br \/>\n^ Trolleybus-Decke<\/p>\n<p><a href='http:\/\/extra.inmontanis.info\/d\/76947-2\/DSC02292.jpg'><img src=http:\/\/extra.inmontanis.info\/d\/76946-3\/DSC02292.jpg \/><\/a><br \/>\n^ Notausgang im Trolleybus befindet sich im Obergeschoss am Heckfenster.<\/p>\n<p><a href='http:\/\/extra.inmontanis.info\/d\/76951-2\/DSC02295.jpg'><img src=http:\/\/extra.inmontanis.info\/d\/76950-3\/DSC02295.jpg \/><\/a><br \/>\n^ Die Trams fahren wie die Trolleybusse hier mit Trolley Shoes \/ Schleifschuhen. (Die auf der Isle of Man hat ja Trolley Wheels, also Metallr\u00e4der)<\/p>\n<p><a href='http:\/\/extra.inmontanis.info\/d\/76955-2\/DSC02298.jpg'><img src=http:\/\/extra.inmontanis.info\/d\/76954-3\/DSC02298.jpg \/><\/a><br \/>\n^ Die Nicht-Tram-Ausstellungen hab ich 2014 ausgiebig fotografiert, daher heute kaum was davon fotografiert.<br \/>\n(Link siehe am Ende des Beitrags unter &#8220;Category&#8221;)<\/p>\n<p><a href='http:\/\/extra.inmontanis.info\/d\/76959-2\/DSC02302.jpg'><img src=http:\/\/extra.inmontanis.info\/d\/76958-3\/DSC02302.jpg \/><\/a><br \/>\n^ Alter Wohnwagen<\/p>\n<p><a href='http:\/\/extra.inmontanis.info\/d\/76963-2\/DSC02304.jpg'><img src=http:\/\/extra.inmontanis.info\/d\/76962-3\/DSC02304.jpg \/><\/a><br \/>\n^ Alter Wohnwagen<\/p>\n<p><a href='http:\/\/extra.inmontanis.info\/d\/76967-2\/DSC02309.jpg'><img src=http:\/\/extra.inmontanis.info\/d\/76966-3\/DSC02309.jpg \/><\/a><br \/>\n^ Gr\u00fcner Van<\/p>\n<p><a href='http:\/\/extra.inmontanis.info\/d\/76971-2\/DSC02307.jpg'><img src=http:\/\/extra.inmontanis.info\/d\/76970-3\/DSC02307.jpg \/><\/a><br \/>\n^ Gr\u00fcner Van<\/p>\n<p><a href='http:\/\/extra.inmontanis.info\/d\/76975-2\/DSC02314.jpg'><img src=http:\/\/extra.inmontanis.info\/d\/76974-3\/DSC02314.jpg \/><\/a><br \/>\n^ Man soll sich nicht auf den Stuhl setzen, weil jetzige B\u00fcrost\u00fchle 5 Beine haben m\u00fcssen, damals haben noch 4 gereicht &#8230;<\/p>\n<p><a href='http:\/\/extra.inmontanis.info\/d\/76979-2\/DSC02316.jpg'><img src=http:\/\/extra.inmontanis.info\/d\/76978-3\/DSC02316.jpg \/><\/a><br \/>\n^ <\/p>\n<p><a href='http:\/\/extra.inmontanis.info\/d\/76983-2\/DSC02317.jpg'><img src=http:\/\/extra.inmontanis.info\/d\/76982-3\/DSC02317.jpg \/><\/a><br \/>\n^ <\/p>\n<p><a href='http:\/\/extra.inmontanis.info\/d\/76987-2\/DSC02323.jpg'><img src=http:\/\/extra.inmontanis.info\/d\/76986-3\/DSC02323.jpg \/><\/a><br \/>\n^ Verschiedene Zug-Spurgr\u00f6\u00dfen und Gleisbefestigungen<\/p>\n<p><a href='http:\/\/extra.inmontanis.info\/d\/76991-2\/DSC02327.jpg'><img src=http:\/\/extra.inmontanis.info\/d\/76990-3\/DSC02327.jpg \/><\/a><br \/>\n^ Bahhof<\/p>\n<p><a href='http:\/\/extra.inmontanis.info\/d\/76995-2\/DSC02320.jpg'><img src=http:\/\/extra.inmontanis.info\/d\/76994-3\/DSC02320.jpg \/><\/a><br \/>\n^ Neuer Plan; das Ausstellungsgeb\u00e4ude 21 samt Fu\u00dfweg auf dem neuen Grund ist wohl noch nicht offen, zumindest abgesperrt. Der Zug (gr\u00fcn) wurde dagegen sch\u00f6n verl\u00e4ngert.<\/p>\n<p><a href='http:\/\/extra.inmontanis.info\/d\/76999-2\/DSC02283.jpg'><img src=http:\/\/extra.inmontanis.info\/d\/76998-3\/DSC02283.jpg \/><\/a><br \/>\n^ Plan zum neuen Grundst\u00fcck, sah im ersten Moment besser aus als im zweiten, denn ..<\/p>\n<p><a href='http:\/\/extra.inmontanis.info\/d\/77003-2\/DSC02379.jpg'><img src=http:\/\/extra.inmontanis.info\/d\/77002-3\/DSC02379.jpg \/><\/a><br \/>\n^ .. im Kreis sollen nur die Trolleybusse verkehren, die Tram geht geradeaus durch und verzweigt zu zwei Termini (warum auch immer und wie auch immer das angefahren wird).  D.h. wenn der alte Wald-Teil wegfallen sollte, ist die Tram kaum l\u00e4nger als jetzt. Anstatt das man vom derzeitigen Waldbereich ins neue Gel\u00e4nde gefahren w\u00e4re oder einen Kreis gemacht h\u00e4tte &#8230;<\/p>\n<p><a href='http:\/\/extra.inmontanis.info\/d\/77007-2\/DSC02329.jpg'><img src=http:\/\/extra.inmontanis.info\/d\/77006-3\/DSC02329.jpg \/><\/a><br \/>\n^ Neues Gel\u00e4nde<\/p>\n<p><a href='http:\/\/extra.inmontanis.info\/d\/77011-2\/DSC02330.jpg'><img src=http:\/\/extra.inmontanis.info\/d\/77010-3\/DSC02330.jpg \/><\/a><br \/>\n^ Neues Gel\u00e4nde, der Zug wurde schon gebaut<\/p>\n<p><a href='http:\/\/extra.inmontanis.info\/d\/77015-2\/DSC02332.jpg'><img src=http:\/\/extra.inmontanis.info\/d\/77014-3\/DSC02332.jpg \/><\/a><br \/>\n^ Neues Geel\u00e4nde, schaut ja schon gro\u00df aus<\/p>\n<p><a href='http:\/\/extra.inmontanis.info\/d\/77019-2\/DSC02331.jpg'><img src=http:\/\/extra.inmontanis.info\/d\/77018-3\/DSC02331.jpg \/><\/a><br \/>\n^ Neues Gel\u00e4nde<\/p>\n<p><a href='http:\/\/extra.inmontanis.info\/d\/77023-2\/DSC02334.jpg'><img src=http:\/\/extra.inmontanis.info\/d\/77022-3\/DSC02334.jpg \/><\/a><br \/>\n^ Zug<\/p>\n<p><a href='http:\/\/extra.inmontanis.info\/d\/77027-2\/DSC02345.jpg'><img src=http:\/\/extra.inmontanis.info\/d\/77026-3\/DSC02345.jpg \/><\/a><br \/>\n^ <\/p>\n<p><a href='http:\/\/extra.inmontanis.info\/d\/77031-2\/DSC02346.jpg'><img src=http:\/\/extra.inmontanis.info\/d\/77030-3\/DSC02346.jpg \/><\/a><br \/>\n^ Links die derzeitige Strecke in den Wald, geradeaus zum neuen Gel\u00e4nde<\/p>\n<p><a href='http:\/\/extra.inmontanis.info\/d\/77035-2\/DSC02348.jpg'><img src=http:\/\/extra.inmontanis.info\/d\/77034-3\/DSC02348.jpg \/><\/a><br \/>\n^ Ein alter Plattenspieler steht zum Anfassen vor dem Gesch\u00e4ft<\/p>\n<p><a href='http:\/\/extra.inmontanis.info\/d\/77039-2\/DSC02349.jpg'><img src=http:\/\/extra.inmontanis.info\/d\/77038-3\/DSC02349.jpg \/><\/a><br \/>\n^ <\/p>\n<p><a href='http:\/\/extra.inmontanis.info\/d\/77043-2\/DSC02358.jpg'><img src=http:\/\/extra.inmontanis.info\/d\/77042-3\/DSC02358.jpg \/><\/a><br \/>\n^ Der braune Trolleybus. Man beachte auch die schmale T\u00fcr f\u00fcr den Fahrer oberhalb des vorderen Reifens. Da darf man nicht zu dick sein ;)<\/p>\n<p><a href='http:\/\/extra.inmontanis.info\/d\/77047-2\/DSC02360.jpg'><img src=http:\/\/extra.inmontanis.info\/d\/77046-3\/DSC02360.jpg \/><\/a><br \/>\n^ Sheffield 513, oberer Stock<\/p>\n<p><a href='http:\/\/extra.inmontanis.info\/d\/77051-2\/DSC02365.jpg'><img src=http:\/\/extra.inmontanis.info\/d\/77050-3\/DSC02365.jpg \/><\/a><br \/>\n^ Sheffield 513, Treppe<\/p>\n<p><a href='http:\/\/extra.inmontanis.info\/d\/77055-2\/DSC02299.jpg'><img src=http:\/\/extra.inmontanis.info\/d\/77054-3\/DSC02299.jpg \/><\/a><br \/>\n^ Tramdepot, links die rote London-Tram war bei meinem letzten Besuch im Einsatz. Die Blackpool-Tram ist auch nicht so gew\u00f6hnlich wie sie aussieht!<\/p>\n<p>Denn das ist eine sog. &#8220;Vambac&#8221;. 1939 wurden die Trams als &#8220;Sun Saloons&#8221; gekauft, d.h. man konnte damals sogar das Dach entfernen oder Zusammenschieben. In den 1950ern wurde die Steuerung ausgetauscht, die VAMBAC hie\u00df und f\u00fcr ruhigere Fahrten sorgen sollte. Aber es gab immer wieder Probleme (das galt auch f\u00fcr die Coronation-Fahrzeuge in den 1950ern), zudem ist die Teilstrecke, wo die im Einsatz waren, geschlossen worden und dieses hier ist das einzige \u00fcberlebende Exemplar. Ja, auch in Blackpool gibts zwar viele \u00e4hnlich aussehende Trams, aber nicht so eine. Insofern w\u00e4re ich heut tats\u00e4chlich gerne mal mit dieser hier gefahren.<\/p>\n<p>Etwas weniger technisch bestrachtet hat diese Tram noch eine Besonderheit: Die Front wurde noch nicht auf den &#8220;Single destination screen&#8221; umgebaut, d.h. vorne das Ziel \/ die Endhaltestelle wurde in Blackpool von diesen doppelten Anzeigen irgendwann ziemlich durchgehend auf einzelne Anzeigen umgestellt, was das ganze spitze Frontdesign ziemlich zerst\u00f6rt hatte.<\/p>\n<p><a href='http:\/\/extra.inmontanis.info\/d\/77059-2\/DSC02373.jpg'><img src=http:\/\/extra.inmontanis.info\/d\/77058-3\/DSC02373.jpg \/><\/a><br \/>\n^ Hat sogar Faltt\u00fcren<\/p>\n<p><a href='http:\/\/extra.inmontanis.info\/d\/77063-2\/DSC02367.jpg'><img src=http:\/\/extra.inmontanis.info\/d\/77062-3\/DSC02367.jpg \/><\/a><br \/>\n^ Dahinter steht noch eine blaue Single-Deck-Tram<\/p>\n<p><a href='http:\/\/extra.inmontanis.info\/d\/77067-2\/DSC02369.jpg'><img src=http:\/\/extra.inmontanis.info\/d\/77066-3\/DSC02369.jpg \/><\/a><br \/>\n^ Und eine Tram, die restauriert wird..<\/p>\n<p><a href='http:\/\/extra.inmontanis.info\/d\/77071-2\/DSC02371.jpg'><img src=http:\/\/extra.inmontanis.info\/d\/77070-3\/DSC02371.jpg \/><\/a><br \/>\n^ .. bereits seit 1962 soll die Restaurierung im Gange sein ..<\/p>\n<p><a href='http:\/\/extra.inmontanis.info\/d\/77075-2\/DSC02375.jpg'><img src=http:\/\/extra.inmontanis.info\/d\/77074-3\/DSC02375.jpg \/><\/a><br \/>\n^ Blackpool 159<\/p>\n<p><a href='http:\/\/extra.inmontanis.info\/d\/77083-3\/DSC02382.jpg'><img src=http:\/\/extra.inmontanis.info\/d\/77082-4\/DSC02382.jpg \/><\/a><br \/>\n^ Diverse B\u00fccher\/Hefte g\u00fcnstig gebraucht gekauft im Museumsshop. Riechen aber recht modrig.<\/p>\n<p>Hm, da hab ich so h\u00e4ufig gelesen, dass der EE-Empfang in l\u00e4ndlichen Gegenden viel besser sein soll als O2 oder Vodafone, also ja die EE-Simcard gekauft, aber an meinem abendlichen Platz ist O2 > Vodafone > EE &#8230; das ist dann der Vorteil an Roaming-Sims, dass man ggf. mehrere Anbieter zum W\u00e4hlen hat. <\/p>\n<p>Abends baute ich mir noch den Tisch auf, um mir das eine Fertigericht zu machen, das ich mir gestern Abend gekauft hatte &#8211; Chicken Curry von Morrison zum sehr g\u00fcnstigen Preis (um die 2 \u20ac oder g\u00fcnstiger). Es gab ja eine riesige Auswahl an gek\u00fchlten Fertiggerichten, die meisten allerdings teurer. Wobei jetzt nicht unbedingt soooo viel, was mich auch wirklich interessieren w\u00fcrde. Im TK noch gar nicht nachgeschaut. Das wird einige Zeit dauern, bis ich mich da durchgekostet hab ;)<\/p>\n<p><a href='http:\/\/extra.inmontanis.info\/d\/77087-3\/DSC02380.jpg'><img src=http:\/\/extra.inmontanis.info\/d\/77086-4\/DSC02380.jpg \/><\/a><br \/>\n^ H\u00fchnercurry-Fertiggericht von Morrisons<\/p>\n<p>Mein heutiger Parkplatz ist weder sonderlich ruhig (nahe einer 2&#215;2-spurigen Stra\u00dfe), noch irgendeine Aussicht (kleiner Platz umringt von B\u00fcschen+B\u00e4umen), zudem kommen hin und wieder Hundebesitzer mit ihrem Auto vorbei (witzig, k\u00f6nnte man auch anders sagen: Autobesitzer kommen mit ihrem Hund vorbei). Hatte aber keine Lust, sonderlich weit zu fahren&#8230;<\/p>\n<p>Ansonsten heute vormittags bedeckt, nachmittags etwas sonniger bei vielleicht 20\u00b0-24\u00b0, also wieder ertr\u00e4glich. Aber ohne Eule gehts nat\u00fcrlich nicht auf einem (l\u00e4ndlichen) Parkplatz. Sogar zwei, was recht selten ist, weil eine Eule eigentlich alleine in ihrem Revier sein will.<\/p>\n<p>Irgendwie nicht klar das alles mit der Sim-Card. Was f\u00fcr ein Schwachsinn. Da schreiben sie &#8220;10 \u00a3&#8221; drauf, dazu &#8220;5 GB&#8221; und &#8220;20 GB&#8221; (die n\u00e4chste 6 Monate) und dann schau ich grad auf die Rechnung drauf und das Teil hat nur 0,99 gekostet. Also h\u00e4tte man gleich noch einen Top-Up-Code mit dazu kaufen sollen. Ja warum schreiben sie dann 10 \u00a3 und 5 und 20 GB drauf? Wenn man dann ja sowieso jeden Tarif w\u00e4hlen kann? Mannmannmann, was f\u00fcr ein Bl\u00f6dsinn mal wieder. Und die an der Kasse h\u00e4tte einen nat\u00fcrlich fragen k\u00f6nnen.<\/p>\n<p>Jedenfalls, das mit den Extra-Daten ist im Kleingedruckten so erw\u00e4hnt, anscheinend gilt das jeweils die ersten 6 Monate:<br \/>\n+15 GB beim 10,- Pack (5 GB Standard, also insg. 20 GB f\u00fcr die ersten 6 Monate)<br \/>\n+35 GB beim 15,- Pack (15 GB Standard, also insg. 50 GB f\u00fcr die ersten 6 Monate)<br \/>\n+40 GB beim 20,- Pack (30 GB Standard, also insg. 70 GB f\u00fcr die ersten 6 Monate)<\/p>\n<p>Tjoa, guter Rat teuer. Reichen mir 20 GB? Brauch ich noch eine zweite Sim-Karte f\u00fcr Bereiche, wo die anderen Anbieter einen besseren Empfang haben? Und was wenn das mit den Extra-Daten doch nicht klappt, weil irgendwo noch irgendwas kleingedrucktes steht?<\/p>\n<p>Interessanterweise hat die Kreditkartenzahlung funktioniert &#8211; das ging in Schweden ja mal nicht bei der Halebop-Karte damals. Und mich dann f\u00fcr den 15,- \u00a3 Tarif entschieden.<\/p>\n<p>Na geil, erst 4G weg, dann 3G weg, jetzt gar kein Empfang mehr, f\u00e4ngt ja super an.<\/p>\n<p>Aber 50 GB f\u00fcr ca. 17-18 \u20ac \u20ac (vom Provider selbst, nicht von einem chinesischen Anbieter oder Reseller-Zeug oder einer Zweitbilligmarke) sind schon sehr geil. EU-Roaming ist bei den britischen Prepaid-SIM-Karten auch meist inkludiert. <\/p>\n<p>&#8212;<br \/>\nZum gestrigen Beitrag hinsichtlich Niederland-Fahne Rot-Wei\u00df-Blau vs. Blau-Wei\u00df-Rot bekam ich den Tipp, dass das evtl. mit den Bauernprotesten zu tun haben k\u00f6nnte. Lt. Websuche scheint das tats\u00e4chlich der Grund daf\u00fcr zu sein.<\/p>\n","protected":false},"excerpt":{"rendered":"<p>21.7.2022<\/p>\n<p>Eine sehr kurze Nacht, nach 5,5h wurde ich vom anlaufenden K\u00fchlschrank geweckt, eine laute Eule gab&#8217;s nat\u00fcrlich auch. Keine Stunde sp\u00e4ter war aber eh der Wecker getellt.<\/p>\n<p>Bin zu einem Rastplatz mit WC gefahren (muss an einer Landstra\u00dfe im UK sehr selten ein), ist aber ziemlich eklig. Nicht wegen Verschmutzung, aber wegen der ganzen <a href=\"http:\/\/blog.inmontanis.info\/?p=7665\">[&#8230;]<\/a><\/p>\n","protected":false},"author":1,"featured_media":7671,"comment_status":"closed","ping_status":"closed","sticky":false,"template":"","format":"standard","meta":{"footnotes":""},"categories":[186,187,21,59],"tags":[40],"class_list":["post-7665","post","type-post","status-publish","format-standard","has-post-thumbnail","hentry","category-2022-07-uk-irl-iom","category-east-anglia","category-britain","category-nostalgie","tag-strasenbahn","odd"],"_links":{"self":[{"href":"http:\/\/blog.inmontanis.info\/index.php?rest_route=\/wp\/v2\/posts\/7665","targetHints":{"allow":["GET"]}}],"collection":[{"href":"http:\/\/blog.inmontanis.info\/index.php?rest_route=\/wp\/v2\/posts"}],"about":[{"href":"http:\/\/blog.inmontanis.info\/index.php?rest_route=\/wp\/v2\/types\/post"}],"author":[{"embeddable":true,"href":"http:\/\/blog.inmontanis.info\/index.php?rest_route=\/wp\/v2\/users\/1"}],"replies":[{"embeddable":true,"href":"http:\/\/blog.inmontanis.info\/index.php?rest_route=%2Fwp%2Fv2%2Fcomments&post=7665"}],"version-history":[{"count":6,"href":"http:\/\/blog.inmontanis.info\/index.php?rest_route=\/wp\/v2\/posts\/7665\/revisions"}],"predecessor-version":[{"id":7672,"href":"http:\/\/blog.inmontanis.info\/index.php?rest_route=\/wp\/v2\/posts\/7665\/revisions\/7672"}],"wp:featuredmedia":[{"embeddable":true,"href":"http:\/\/blog.inmontanis.info\/index.php?rest_route=\/wp\/v2\/media\/7671"}],"wp:attachment":[{"href":"http:\/\/blog.inmontanis.info\/index.php?rest_route=%2Fwp%2Fv2%2Fmedia&parent=7665"}],"wp:term":[{"taxonomy":"category","embeddable":true,"href":"http:\/\/blog.inmontanis.info\/index.php?rest_route=%2Fwp%2Fv2%2Fcategories&post=7665"},{"taxonomy":"post_tag","embeddable":true,"href":"http:\/\/blog.inmontanis.info\/index.php?rest_route=%2Fwp%2Fv2%2Ftags&post=7665"}],"curies":[{"name":"wp","href":"https:\/\/api.w.org\/{rel}","templated":true}]}}