{"id":7656,"date":"2022-07-18T22:18:01","date_gmt":"2022-07-18T20:18:01","guid":{"rendered":"http:\/\/blog.inmontanis.info\/?p=7656"},"modified":"2022-07-19T22:28:45","modified_gmt":"2022-07-19T20:28:45","slug":"edersee-waldeck-18-7-2022-15-17-7","status":"publish","type":"post","link":"http:\/\/blog.inmontanis.info\/?p=7656","title":{"rendered":"Edersee\/Waldeck 18.7.2022 (+15.-17.7.)"},"content":{"rendered":"<p><strong>15.7.2022<\/strong><\/p>\n<p>F\u00fcr heute + morgen sind in Nordtirol keine zu hei\u00dfen Temperaturen gemeldet. Erster Halt an der Autobahnrastst\u00e4tte am Brenner auf italienischer Seite &#8211; die kann man ja anfahren, ohne auf die Autobahn zu m\u00fcssen. Blieb nat\u00fcrlich wieder mautsparend daneben.<\/p>\n<p>In der Werkstatt tats\u00e4chlich beim ersten Startversuch Gl\u00fcck gehabt, dass der innere Startknopf nicht funktioniert hat. Evtl. gefundene Ursache: Korrosion am Stecker. Den hat ja auch der Schwede in G\u00e4llivare als \u00dcbelt\u00e4ter genannt, aber ja keinen passenden hatte. Seitdem mal keine Startprobleme mehr aufgetreten. <\/p>\n<p>Zum Abendessen gab es heute fr\u00e4nkische K\u00fcche: &#8220;Falsche Pifferlinge&#8221; &#8211; gr\u00fcne Bohnen mit Ei\/R\u00fchrei (nicht angebraten) und Gurkensalat, aber statt klassischer Salzkartoffel (die hab ich noch nie gemocht) eben angebratene &#8220;italienische&#8221; Rosmarin-Kartoffeln.<\/p>\n<p><strong>So, 17.7.2022<\/strong><\/p>\n<p>Nachdem ich durch den Wegfall von den alten 2er Gondel\/Sesselbahnen in Saarbr\u00fccken und Dortmund Zeit hatte, blieb ich gestern noch bei meiner Mutter und fuhr heute erst los; vormittags noch einen Besuch bei meinem Vater und dann relativ autobahnfrei nach Heilbronn, wo ich mir einen Wienerwald erhofft hatte.<\/p>\n<p><a href='http:\/\/extra.inmontanis.info\/d\/76651-2\/DSC02042.jpg'><img src=http:\/\/extra.inmontanis.info\/d\/76650-3\/DSC02042.jpg \/><\/a><br \/>\n^ Neuer Umfahrungstunnel Oberau nun ge\u00f6ffnet. Muss man nur noch durch Garmisch durch ..<\/p>\n<p><a href='http:\/\/extra.inmontanis.info\/d\/76655-2\/DSC02043.jpg'><img src=http:\/\/extra.inmontanis.info\/d\/76654-3\/DSC02043.jpg \/><\/a><br \/>\n^ Mit 80 auf der Autobahn k\u00f6nnten 3,8 l\/100km drin sein. Sp\u00e4ter auf den h\u00fcgeligen Landstra\u00dfen ging es bald wieder hinauf auf 4,3 und 4,5l.<\/p>\n<p><a href='http:\/\/extra.inmontanis.info\/d\/76659-2\/DSC02046.jpg'><img src=http:\/\/extra.inmontanis.info\/d\/76658-3\/DSC02046.jpg \/><\/a><br \/>\n^ Diagonal ging es weiter nach Weilheim und Landsberg\/Lech<\/p>\n<p><a href='http:\/\/extra.inmontanis.info\/d\/76663-2\/DSC02053.jpg'><img src=http:\/\/extra.inmontanis.info\/d\/76662-3\/DSC02053.jpg \/><\/a><br \/>\n^ Eine schmale Stra\u00dfe war auch dabei (ca. 1h vor Heilbronn), erinnert doch gleich mal an das, was mich in England erwartet.<\/p>\n<p>Leider hei\u00dft auch der WW mittlerweile &#8220;Hendl Cube&#8221;, was somit die g\u00fcnstigeren (weil alte?) Preise auf der Wienerwald-Seite erkl\u00e4ren k\u00f6nnte. Innen erinnert allerdings noch viel an Wienerwald und auch die Speisen sind ident. Wenn auch nicht unbedingt ident zu fr\u00fcher.<\/p>\n<p>Die BBQ-Sauce, die mir, wenn auch etwas bitter, doch recht gut geschmeckt hatte, gibt es auch irgendwie noch, insofern dass sie mir etwas dickfl\u00fcssiger vom Geschmack aber auch noch bekannt vorkommt. Grundlegend war das von mir bestellte BBQ-Hendl leider viel zu salzig, entweder schon das Grillhendl allein und\/oder auch die BBQ-Sauce.<\/p>\n<p>In Tirol gibt es ja schon seit einigen Jahren keinen Wienerwald mehr, ich erinnere mich insbesondere an folgende Standorte: Das an der Rastst\u00e4tte an der Inntalautobahn, bei Vomp glaub ich, mit dem sch\u00f6nen Hundertwasser-Haus (das danach tats\u00e4chlich abgerissen wurde!), an der gro\u00dfen Tankstelle zwischen Innsbruck und Hall (evtl. erst sp\u00e4ter), in der Innenstadt von Innsbruck und in Landeck. <\/p>\n<p>Die in Innsbruck hatten auch noch Lieferungen angeboten; wann ich hier zuletzt was bestellt und liefern hab lassen, wei\u00df ich aber nicht mehr &#8211; und eine EMail find ich auch nicht.<\/p>\n<p><a href='http:\/\/extra.inmontanis.info\/d\/76667-2\/DSC02055.jpg'><img src=http:\/\/extra.inmontanis.info\/d\/76666-3\/DSC02055.jpg \/><\/a><br \/>\n^ Wienerwald in Heilbronn<\/p>\n<p><a href='http:\/\/extra.inmontanis.info\/d\/76671-2\/IMG_20220717_172352.jpg'><img src=http:\/\/extra.inmontanis.info\/d\/76670-3\/IMG_20220717_172352.jpg \/><\/a><br \/>\n^ Einrichtung ist CI-m\u00e4\u00dfig noch Wienerwald<\/p>\n<p><a href='http:\/\/extra.inmontanis.info\/d\/76675-2\/IMG_20220717_172358.jpg'><img src=http:\/\/extra.inmontanis.info\/d\/76674-3\/IMG_20220717_172358.jpg \/><\/a><br \/>\n^ <\/p>\n<p><a href='http:\/\/extra.inmontanis.info\/d\/76679-2\/IMG_20220717_172406.jpg'><img src=http:\/\/extra.inmontanis.info\/d\/76678-3\/IMG_20220717_172406.jpg \/><\/a><br \/>\n^ Es gibt keine Bedienung mehr<\/p>\n<p><a href='http:\/\/extra.inmontanis.info\/d\/76683-2\/IMG_20220717_173027.jpg'><img src=http:\/\/extra.inmontanis.info\/d\/76682-3\/IMG_20220717_173027.jpg \/><\/a><br \/>\n^ BBQ-Hendl<\/p>\n<p><a href='http:\/\/extra.inmontanis.info\/d\/76687-2\/IMG_20220717_173341.jpg'><img src=http:\/\/extra.inmontanis.info\/d\/76686-3\/IMG_20220717_173341.jpg \/><\/a><br \/>\n^ Aus Wienerwald wird HendlCube, zumindest anscheinend hier  in der Gegend, denn in anderen Teilen Deutschlands gibt es auch andere Namen wie Hendl-Eck oder Hendl-Gl\u00fcck oder was auch immer. Scheinen aber zumeist die vorherigen Wienerwald-Speisen zu verkaufen?<\/p>\n<p><a href='http:\/\/extra.inmontanis.info\/d\/76691-2\/DSC02057.jpg'><img src=http:\/\/extra.inmontanis.info\/d\/76690-3\/DSC02057.jpg \/><\/a><br \/>\n^ Wienerwald in Heilbronn<\/p>\n<p>G\u00fcnstigster Benzinpreise heute gesehen (Super E10): 1,709. Diesel ist tw. 20 Cent teurer. Ich hatte vor Garmisch um 1,889 getankt. Da kann ich den Deutschen in K\u00e4rnten noch mehr verstehen, als er den Tankstellenbetreiber mehrmals gefragt hatte, ob das (2,09 Benzin+Diesel glaub ich gleich) der korrekte Preis w\u00e4re oder man beim Bezahlen noch einen Rabatt bek\u00e4me :) (ich hatte ja bis zu 2,19 oder so gesehen). Aber ja, es gab ja auch in DE mal irgendeine staatliche Preissenkung .. im Juni oder wann das war..<\/p>\n<p><a href='http:\/\/extra.inmontanis.info\/d\/76695-2\/DSC02061.jpg'><img src=http:\/\/extra.inmontanis.info\/d\/76694-3\/DSC02061.jpg \/><\/a><br \/>\n^ <\/p>\n<p><a href='http:\/\/extra.inmontanis.info\/d\/76699-2\/DSC02062.jpg'><img src=http:\/\/extra.inmontanis.info\/d\/76698-3\/DSC02062.jpg \/><\/a><br \/>\n^ Ein Aussichtsplatz, wo man mit den hohen B\u00fcschen\/B\u00e4umen auch bald nichts mehr sieht.<\/p>\n<p>Leider hab ich das Fliegennetz f\u00fcr die Fahrert\u00fcr nicht mehr dabei. Irgendwie dachte ich glaub ich, die Fliegennetze, die da unten neben dem Fahrersitz verstreut lagen, waren alles Reste oder Ersatz, zudem wollte ich mir ja in UK eh engmaschigere kaufen wegen den kleinen Midges-Fliegen. Dass ich die Tage auch eines h\u00e4tte brauchen k\u00f6nnen, hatte ich vergessen.  Naja, wenigstens meinen kleinen USB-Ventilator hab ich dabei.. abends am PC sitz ich dann im Unterhemd .. logischerweise ist es hier am schattigen Waldparkplatz recht windstill. <\/p>\n<p>W\u00e4r sch\u00f6n, wenn ich den K\u00fchlschrank nicht laufen lassen m\u00fcsste &#8211; aber ich hatte ja noch die eine Packung Wurst aus Norwegen .. und naja, die Marmelade. Die man vielleicht nicht unbedingt k\u00fchlen m\u00fcsste..<\/p>\n<p>Abends vorm Schlafengerhen noch 26\u00b0 innen. Trotz nachmittags durchlaufender Klimaanlage. Aber die Sonne, die aufs Auto scheint, ist da einfach st\u00e4rker.. und die Motorw\u00e4rme gibts ja auch noch.. und nat\u00fcrlich der K\u00fchlschrank.. und mich.<\/p>\n<p>Die n\u00e4chsten 2 Abende\/N\u00e4chte sollen noch viel w\u00e4rmer werden. Aber evtl. kann ich morgen am Kahlen Asten nachts bleiben &#8211; da k\u00f6nnte es vielleicht eher abk\u00fchlen oder zumindest windiger sein?<\/p>\n<p><strong>18.7.2022<\/strong><\/p>\n<p>W\u00e4hrend mein Au\u00dfenthermomenter vom Auto bei Abfahrt am Parkplatz 18\u00b0 anzeigte, waren es sp\u00e4ter im Tal nur noch 13\u00b0, am Stausee  nur noch 11\u00b0, den ich wegen seines schattigen Waldparkplatzes samt Toilette f\u00fcr heute Vormittag anfuhr. (Morgen + \u00fcbermorgen hab ich mir Urlaub genommen.)<\/p>\n<p>Der 4G-Empfang ist leider auch hier nur minimalst.<\/p>\n<p>In Gie\u00dfen furh ich einen KFC an..<\/p>\n<p><a href='http:\/\/extra.inmontanis.info\/d\/76703-2\/IMG_20220718_132928.jpg'><img src=http:\/\/extra.inmontanis.info\/d\/76702-3\/IMG_20220718_132928.jpg \/><\/a><br \/>\n^ Heute ein Besuch im KFC mit der Kombibox um 11,99 (1x H\u00e4hnchenteil, 2x Crispy Filets und 3x Hot Wings, Pommes, Getr\u00e4nk und Coleslaw \/ Krautsalat, der mittlerweile wohl in ganz Deutschland so gut schmeckt, wie er fr\u00fcher teils nur im Raum N\u00fcrnberg schmeckte .. ?!<\/p>\n<p><a href='http:\/\/extra.inmontanis.info\/d\/76707-2\/DSC02067.jpg'><img src=http:\/\/extra.inmontanis.info\/d\/76706-3\/DSC02067.jpg \/><\/a><br \/>\n^ Beispielhafte Tankstellenpreise in DE, Super E10 hab ich bis zu 1,699 gesehen.<\/p>\n<p>Von den 3 heute mit wenig Umweg anfahrbaren Mix-M\u00e4rkten, wo ich die bei der letzten DE-Fahrt gekauften Getr\u00e4nke-Pfandflaschen zur\u00fcck geben wollte, entschied ich mich leider f\u00fcr den letzten: und der befand sich dann in einer Stra\u00dfe (lt. Navi vmtl. Sackgasse), die nur f\u00fcr Anlieger frei war. Bl\u00f6d, dann muss ich morgen wo vorbei.<\/p>\n<p>Um 15:50 kam ich an der Waldecker Bergbahn an, Temperaturen zuletzt lt. Auto waren 33-31\u00b0 :(<\/p>\n<p>H+R kostete 7\u20ac, ist ja recht kurz. Bin oben trotz der Hitze noch zur Burg oder zum Schloss rauf.<\/p>\n<p><a href='http:\/\/extra.inmontanis.info\/d\/76455-2\/DSC02068.jpg'><img src=http:\/\/extra.inmontanis.info\/d\/76454-3\/DSC02068.jpg \/><\/a><br \/>\n^ Talstation Waldecker Bergbahn<\/p>\n<p><a href='http:\/\/extra.inmontanis.info\/d\/76459-2\/DSC02069.jpg'><img src=http:\/\/extra.inmontanis.info\/d\/76458-3\/DSC02069.jpg \/><\/a><br \/>\n^ halboffene 2er Kabinen<\/p>\n<p><a href='http:\/\/extra.inmontanis.info\/d\/76463-2\/DSC02070.jpg'><img src=http:\/\/extra.inmontanis.info\/d\/76462-3\/DSC02070.jpg \/><\/a><br \/>\n^ Unterer Streckenteil<\/p>\n<p><a href='http:\/\/extra.inmontanis.info\/d\/76467-2\/DSC02071.jpg'><img src=http:\/\/extra.inmontanis.info\/d\/76466-3\/DSC02071.jpg \/><\/a><br \/>\n^ Talstation<\/p>\n<p><a href='http:\/\/extra.inmontanis.info\/d\/76471-2\/DSC02073.jpg'><img src=http:\/\/extra.inmontanis.info\/d\/76470-3\/DSC02073.jpg \/><\/a><br \/>\n^ Die sch\u00f6ne 3-Bein-St\u00fctze<\/p>\n<p><a href='http:\/\/extra.inmontanis.info\/d\/76475-2\/DSC02074.jpg'><img src=http:\/\/extra.inmontanis.info\/d\/76474-3\/DSC02074.jpg \/><\/a><br \/>\n^ <\/p>\n<p><a href='http:\/\/extra.inmontanis.info\/d\/76479-2\/DSC02076.jpg'><img src=http:\/\/extra.inmontanis.info\/d\/76478-3\/DSC02076.jpg \/><\/a><br \/>\n^ Oberer Streckenteil<\/p>\n<p><a href='http:\/\/extra.inmontanis.info\/d\/76483-2\/DSC02077.jpg'><img src=http:\/\/extra.inmontanis.info\/d\/76482-3\/DSC02077.jpg \/><\/a><br \/>\n^ Bergstation<\/p>\n<p><a href='http:\/\/extra.inmontanis.info\/d\/76487-2\/DSC02079.jpg'><img src=http:\/\/extra.inmontanis.info\/d\/76486-3\/DSC02079.jpg \/><\/a><br \/>\n^ Bergstation<\/p>\n<p><a href='http:\/\/extra.inmontanis.info\/d\/76491-2\/DSC02080.jpg'><img src=http:\/\/extra.inmontanis.info\/d\/76490-3\/DSC02080.jpg \/><\/a><br \/>\n^ Bergstation<\/p>\n<p><a href='http:\/\/extra.inmontanis.info\/d\/76495-2\/DSC02081.jpg'><img src=http:\/\/extra.inmontanis.info\/d\/76494-3\/DSC02081.jpg \/><\/a><br \/>\n^ Fahrkarte<\/p>\n<p><a href='http:\/\/extra.inmontanis.info\/d\/76499-2\/DSC02082.jpg'><img src=http:\/\/extra.inmontanis.info\/d\/76498-3\/DSC02082.jpg \/><\/a><br \/>\n^ Bergstation<\/p>\n<p><a href='http:\/\/extra.inmontanis.info\/d\/76503-2\/DSC02087.jpg'><img src=http:\/\/extra.inmontanis.info\/d\/76502-3\/DSC02087.jpg \/><\/a><br \/>\n^ Bergstation<\/p>\n<p><a href='http:\/\/extra.inmontanis.info\/d\/76507-2\/DSC02090.jpg'><img src=http:\/\/extra.inmontanis.info\/d\/76506-3\/DSC02090.jpg \/><\/a><br \/>\n^ Schloss Waldeck<\/p>\n<p><a href='http:\/\/extra.inmontanis.info\/d\/76511-2\/DSC02091.jpg'><img src=http:\/\/extra.inmontanis.info\/d\/76510-3\/DSC02091.jpg \/><\/a><br \/>\n^ Schloss \/ Burg Waldeck<\/p>\n<p><a href='http:\/\/extra.inmontanis.info\/d\/76515-2\/DSC02092.jpg'><img src=http:\/\/extra.inmontanis.info\/d\/76514-3\/DSC02092.jpg \/><\/a><br \/>\n^ Schloss \/ Burg Waldeck<\/p>\n<p><a href='http:\/\/extra.inmontanis.info\/d\/76519-2\/DSC02094.jpg'><img src=http:\/\/extra.inmontanis.info\/d\/76518-3\/DSC02094.jpg \/><\/a><br \/>\n^ Schloss \/ Burg Waldeck<\/p>\n<p><a href='http:\/\/extra.inmontanis.info\/d\/76523-2\/DSC02095.jpg'><img src=http:\/\/extra.inmontanis.info\/d\/76522-3\/DSC02095.jpg \/><\/a><br \/>\n^ Schloss \/ Burg Waldeck<\/p>\n<p><a href='http:\/\/extra.inmontanis.info\/d\/76527-2\/DSC02096.jpg'><img src=http:\/\/extra.inmontanis.info\/d\/76526-3\/DSC02096.jpg \/><\/a><br \/>\n^ Schloss \/ Burg Waldeck<\/p>\n<p><a href='http:\/\/extra.inmontanis.info\/d\/76531-2\/DSC02097.jpg'><img src=http:\/\/extra.inmontanis.info\/d\/76530-3\/DSC02097.jpg \/><\/a><br \/>\n^ Geschichte<\/p>\n<p><a href='http:\/\/extra.inmontanis.info\/d\/76535-2\/DSC02098.jpg'><img src=http:\/\/extra.inmontanis.info\/d\/76534-3\/DSC02098.jpg \/><\/a><br \/>\n^ Aussichtsterrasse<\/p>\n<p><a href='http:\/\/extra.inmontanis.info\/d\/76539-2\/DSC02099.jpg'><img src=http:\/\/extra.inmontanis.info\/d\/76538-3\/DSC02099.jpg \/><\/a><br \/>\n^ Edersee<\/p>\n<p><a href='http:\/\/extra.inmontanis.info\/d\/76543-2\/DSC02100.jpg'><img src=http:\/\/extra.inmontanis.info\/d\/76542-3\/DSC02100.jpg \/><\/a><br \/>\n^ Edersee<\/p>\n<p><a href='http:\/\/extra.inmontanis.info\/d\/76547-2\/DSC02101.jpg'><img src=http:\/\/extra.inmontanis.info\/d\/76546-3\/DSC02101.jpg \/><\/a><br \/>\n^ Edersee<\/p>\n<p><a href='http:\/\/extra.inmontanis.info\/d\/76551-2\/DSC02102.jpg'><img src=http:\/\/extra.inmontanis.info\/d\/76550-3\/DSC02102.jpg \/><\/a><br \/>\n^ Burg-Pano<\/p>\n<p><a href='http:\/\/extra.inmontanis.info\/d\/76555-2\/DSC02104.jpg'><img src=http:\/\/extra.inmontanis.info\/d\/76554-3\/DSC02104.jpg \/><\/a><br \/>\n^ <\/p>\n<p><a href='http:\/\/extra.inmontanis.info\/d\/76559-2\/DSC02105.jpg'><img src=http:\/\/extra.inmontanis.info\/d\/76558-3\/DSC02105.jpg \/><\/a><br \/>\n^ Infotafel<\/p>\n<p><a href='http:\/\/extra.inmontanis.info\/d\/76563-2\/DSC02108.jpg'><img src=http:\/\/extra.inmontanis.info\/d\/76562-3\/DSC02108.jpg \/><\/a><br \/>\n^ <\/p>\n<p><a href='http:\/\/extra.inmontanis.info\/d\/76567-2\/DSC02109.jpg'><img src=http:\/\/extra.inmontanis.info\/d\/76566-3\/DSC02109.jpg \/><\/a><br \/>\n^ Die Ein\/Auskuppelstelle  ist vor dem Bergstationsgeb\u00e4ude<\/p>\n<p><a href='http:\/\/extra.inmontanis.info\/d\/76571-2\/DSC02110.jpg'><img src=http:\/\/extra.inmontanis.info\/d\/76570-3\/DSC02110.jpg \/><\/a><br \/>\n^ Bergstation<\/p>\n<p><a href='http:\/\/extra.inmontanis.info\/d\/76575-2\/DSC02111.jpg'><img src=http:\/\/extra.inmontanis.info\/d\/76574-3\/DSC02111.jpg \/><\/a><br \/>\n^ Bergstation<\/p>\n<p><a href='http:\/\/extra.inmontanis.info\/d\/76579-2\/DSC02113.jpg'><img src=http:\/\/extra.inmontanis.info\/d\/76578-3\/DSC02113.jpg \/><\/a><br \/>\n^ Hin und wieder wird eine Kabine auf die Fahrt geschickt, ohne dass jemand runterf\u00e4hrt &#8211; evtl. weil in der anderen Richtung jemand eingestiegen ist?<\/p>\n<p><a href='http:\/\/extra.inmontanis.info\/d\/76583-2\/DSC02115.jpg'><img src=http:\/\/extra.inmontanis.info\/d\/76582-3\/DSC02115.jpg \/><\/a><br \/>\n^ Alte Schilder<\/p>\n<p><a href='http:\/\/extra.inmontanis.info\/d\/76587-2\/DSC02116.jpg'><img src=http:\/\/extra.inmontanis.info\/d\/76586-3\/DSC02116.jpg \/><\/a><br \/>\n^ <\/p>\n<p><a href='http:\/\/extra.inmontanis.info\/d\/76591-2\/DSC02117.jpg'><img src=http:\/\/extra.inmontanis.info\/d\/76590-3\/DSC02117.jpg \/><\/a><br \/>\n^ Spanngewicht<\/p>\n<p><a href='http:\/\/extra.inmontanis.info\/d\/76595-2\/DSC02119.jpg'><img src=http:\/\/extra.inmontanis.info\/d\/76594-3\/DSC02119.jpg \/><\/a><br \/>\n^ Bergstation. Die Kabinen der Bahnen in Saarbr\u00fccken und Dortmund sind ja wesentlich offener, daher wohl als Sessel und nicht als Gondelkabine bezeichnet.<\/p>\n<p><a href='http:\/\/extra.inmontanis.info\/d\/76599-2\/DSC02120.jpg'><img src=http:\/\/extra.inmontanis.info\/d\/76598-3\/DSC02120.jpg \/><\/a><br \/>\n^ Oberer Streckenteil<\/p>\n<p><a href='http:\/\/extra.inmontanis.info\/d\/76603-2\/DSC02121.jpg'><img src=http:\/\/extra.inmontanis.info\/d\/76602-3\/DSC02121.jpg \/><\/a><br \/>\n^ Oberer Streckenteil<\/p>\n<p><a href='http:\/\/extra.inmontanis.info\/d\/76607-2\/DSC02122.jpg'><img src=http:\/\/extra.inmontanis.info\/d\/76606-3\/DSC02122.jpg \/><\/a><br \/>\n^ Unterer, steilerer Teil<\/p>\n<p><a href='http:\/\/extra.inmontanis.info\/d\/76611-2\/DSC02124.jpg'><img src=http:\/\/extra.inmontanis.info\/d\/76610-3\/DSC02124.jpg \/><\/a><br \/>\n^ Leider ja recht kurz, die Bahn<\/p>\n<p><a href='http:\/\/extra.inmontanis.info\/d\/76615-2\/DSC02126.jpg'><img src=http:\/\/extra.inmontanis.info\/d\/76614-3\/DSC02126.jpg \/><\/a><br \/>\n^ Kabinenboden<\/p>\n<p><a href='http:\/\/extra.inmontanis.info\/d\/76619-2\/DSC02128.jpg'><img src=http:\/\/extra.inmontanis.info\/d\/76618-3\/DSC02128.jpg \/><\/a><br \/>\n^ Schmale Talstation<\/p>\n<p><a href='http:\/\/extra.inmontanis.info\/d\/76623-2\/DSC02130.jpg'><img src=http:\/\/extra.inmontanis.info\/d\/76622-3\/DSC02130.jpg \/><\/a><br \/>\n^ Talstation<\/p>\n<p><a href='http:\/\/extra.inmontanis.info\/d\/76627-2\/DSC02132.jpg'><img src=http:\/\/extra.inmontanis.info\/d\/76626-3\/DSC02132.jpg \/><\/a><br \/>\n^ Talstation<\/p>\n<p><a href='http:\/\/extra.inmontanis.info\/d\/76631-2\/DSC02134.jpg'><img src=http:\/\/extra.inmontanis.info\/d\/76630-3\/DSC02134.jpg \/><\/a><br \/>\n^ Das Logo Pohlig Drahtseilbahnen mit einer Materialseilbahn<\/p>\n<p><a href='http:\/\/extra.inmontanis.info\/d\/76635-2\/DSC02135.jpg'><img src=http:\/\/extra.inmontanis.info\/d\/76634-3\/DSC02135.jpg \/><\/a><br \/>\n^ Doppelst\u00fctze an der Talstation<\/p>\n<p><a href='http:\/\/extra.inmontanis.info\/d\/76639-2\/DSC02136.jpg'><img src=http:\/\/extra.inmontanis.info\/d\/76638-3\/DSC02136.jpg \/><\/a><br \/>\n^ Einfahrt Talstation<\/p>\n<p><a href='http:\/\/extra.inmontanis.info\/d\/76643-2\/DSC02137.jpg'><img src=http:\/\/extra.inmontanis.info\/d\/76642-3\/DSC02137.jpg \/><\/a><br \/>\n^ Talstation<\/p>\n<p><a href='http:\/\/extra.inmontanis.info\/d\/76647-2\/DSC02138.jpg'><img src=http:\/\/extra.inmontanis.info\/d\/76646-3\/DSC02138.jpg \/><\/a><br \/>\n^ Alte Kabine und wohl eine alte Lastenkabine<\/p>\n<p>Am Kahlen Asten heute auch sehr warm, 27\u00b0 um 17 Uhr und erst nach 22h soll&#8217;s unter 20\u00b0 werden :(<\/p>\n<p>Morgen allerdings noch schlimmer, 35-40\u00b0 und 28\u00b0 nachts, selbst an der K\u00fcste :(<\/p>\n<p>Wei\u00df gar ncht, ob ich da morgen Lust auf das niederl\u00e4ndische Freiluftmuseum hab um dort mit den alten Stra\u00dfenbahnen zu fahren, bei der Hitze. Leider also die falsche Woche erwischt.<\/p>\n<p>Daf\u00fcr soll es dann am Mittwoch etwas regnen &#8211; wenn ich mit dem Schiff nach England r\u00fcberfahre &#8230; naja, nach der Hitze ist mir jede Form von Abk\u00fchlung recht.<\/p>\n<p>19 Uhr, immer noch 27\u00b0 am Kahlen Asten lt. Wetterstation..<\/p>\n<p><a href='http:\/\/extra.inmontanis.info\/d\/76711-2\/DSC02142.jpg'><img src=http:\/\/extra.inmontanis.info\/d\/76710-3\/DSC02142.jpg \/><\/a><br \/>\n^ Die Berge im Sauerland sind h\u00fcgeliger (flacher) als erwartet<\/p>\n<p><a href='http:\/\/ski.inmontanis.info\/d\/306156-2\/DSC02145.jpg'><img src=http:\/\/ski.inmontanis.info\/d\/306154-3\/DSC02145.jpg \/><\/a><br \/>\n^ Skigebiet Schlossberg<\/p>\n<p><a href='http:\/\/ski.inmontanis.info\/d\/306160-2\/DSC02147.jpg'><img src=http:\/\/ski.inmontanis.info\/d\/306159-3\/DSC02147.jpg \/><\/a><br \/>\n^ Skigebiet Ruhrquellenh\u00fctte<\/p>\n<p><a href='http:\/\/ski.inmontanis.info\/d\/306164-2\/DSC02150.jpg'><img src=http:\/\/ski.inmontanis.info\/d\/306163-3\/DSC02150.jpg \/><\/a><br \/>\n^ Winterberg<\/p>\n<p><a href='http:\/\/ski.inmontanis.info\/d\/306168-2\/DSC02151.jpg'><img src=http:\/\/ski.inmontanis.info\/d\/306167-3\/DSC02151.jpg \/><\/a><br \/>\n^ Winterberg<\/p>\n<p><a href='http:\/\/ski.inmontanis.info\/d\/306172-2\/DSC02152.jpg'><img src=http:\/\/ski.inmontanis.info\/d\/306171-3\/DSC02152.jpg \/><\/a><br \/>\n^ Winterberg<\/p>\n<p><a href='http:\/\/ski.inmontanis.info\/d\/306176-2\/DSC02154.jpg'><img src=http:\/\/ski.inmontanis.info\/d\/306175-3\/DSC02154.jpg \/><\/a><br \/>\n^ Winterberg-Nordhang<\/p>\n<p><a href='http:\/\/ski.inmontanis.info\/d\/306180-2\/DSC02158.jpg'><img src=http:\/\/ski.inmontanis.info\/d\/306179-3\/DSC02158.jpg \/><\/a><br \/>\n^ Winterberg<\/p>\n<p><a href='http:\/\/ski.inmontanis.info\/d\/306184-2\/DSC02161.jpg'><img src=http:\/\/ski.inmontanis.info\/d\/306183-3\/DSC02161.jpg \/><\/a><br \/>\n^ Winterberg-Nordhang<\/p>\n<p>Ehrlich gesagt h\u00e4tt ich mir Winterberg anders vorgestellt. Der Ort zieht sich durchs komplette, mikadom\u00e4\u00dfig verteilte Skigebiet und man bekommt von Bergen\/H\u00fcgeln und T\u00e4ler oder den Liften nicht viel mit. Im Gegensatz zu manch anderen deutschen Mittelgebirgen.<\/p>\n<p>Um 20h am Kahlen Asten angekommen, gab es weder Wind, noch einen schattigen Parkplatz, noch k\u00fchle Temperaturen (immer noch 27\u00b0). Der Parkplatz ist nur von 8-18h kostenpflichtig. Ok, der Parkkplatz etwas unterhalb war etwas schattiger durch den Turm und danach vom Geb\u00fcsch.<\/p>\n<p><a href='http:\/\/extra.inmontanis.info\/d\/76715-2\/DSC02157.jpg'><img src=http:\/\/extra.inmontanis.info\/d\/76714-3\/DSC02157.jpg \/><\/a><br \/>\n^ Die 222.222km leider verpasst. und durch die vielen D\u00f6rfer und H\u00fcgel mittlerweile 4,6l. Hatte ich im Mai trotz Winterreifen, Dachlast, Harz und Th\u00fcringer Wald nicht auch nur 4,7?!<\/p>\n<p><a href='http:\/\/extra.inmontanis.info\/d\/76719-2\/DSC02163.jpg'><img src=http:\/\/extra.inmontanis.info\/d\/76718-3\/DSC02163.jpg \/><\/a><br \/>\n^ Kahler Asten<\/p>\n<p><a href='http:\/\/extra.inmontanis.info\/d\/76723-2\/DSC02165.jpg'><img src=http:\/\/extra.inmontanis.info\/d\/76722-3\/DSC02165.jpg \/><\/a><br \/>\n^ Kahler Asten. Der Turm ..<\/p>\n<p><a href='http:\/\/extra.inmontanis.info\/d\/76727-2\/DSC02166.jpg'><img src=http:\/\/extra.inmontanis.info\/d\/76726-3\/DSC02166.jpg \/><\/a><br \/>\n^ .. ist wohl leider eh zu.<\/p>\n<p><a href='http:\/\/extra.inmontanis.info\/d\/76731-2\/DSC02168.jpg'><img src=http:\/\/extra.inmontanis.info\/d\/76730-3\/DSC02168.jpg \/><\/a><br \/>\n^ Kahler Asten<\/p>\n<p><a href='http:\/\/extra.inmontanis.info\/d\/76735-2\/DSC02169.jpg'><img src=http:\/\/extra.inmontanis.info\/d\/76734-3\/DSC02169.jpg \/><\/a><br \/>\n^ Kahler Asten<\/p>\n<p>Wetterberichte schreiben teilweise &#8220;Tiefsttemperaturen meist 19 bis 13, in Ballungsgebieten und im mittleren Bergland um 20, in Tallagen des Berglandes \u00f6rtlich um 10 Grad.&#8221; .. das w\u00e4r ja geil, wo denn? Wird nicht erw\u00e4hnt. Nichts gefunden. Jedenfalls ist also dann wohl Kahler Asten heute nicht die beste Idee.<\/p>\n<p>Ich lie\u00df den USB-Ventilator nachts an, bis es mir etwas zu kalt wurde und ich ihn irgendwann im Halbschlaf ausschaltete.<\/p>\n<p>&#8211; &#8211;<\/p>\n<p>Nachdem eine der Anti-Corona-Impf-Gr\u00fcnde 2 Jahre lang als Verschw\u00f6rungs- und Schwurbler-Theorie abgestempelt wurde, haben es die Auswirkungen auf den Menstruationszyklus in die Mainstream-Medien geschafft:<br \/>\n<a href='https:\/\/orf.at\/#\/stories\/3276440\/'>https:\/\/orf.at\/#\/stories\/3276440\/<\/a><br \/>\n<a href='https:\/\/science.orf.at\/stories\/3214138\/'>https:\/\/science.orf.at\/stories\/3214138\/<\/a><\/p>\n<p>.. und im Detailbericht<br \/>\n&#8220;Sie helfe etwa dabei, die Bev\u00f6lkerung genauer \u00fcber die Nebenwirkungen der SARS-CoV-2-Impfungen aufzukl\u00e4ren.&#8221;<br \/>\nNa sowas, wurde von den Mainstreammedien nicht lange Zeit behauptet, die Corona-Impfung h\u00e4tte gar keine Nebenwirkungen und sei so absolut sicher?<\/p>\n<p>Naja, ganz k\u00f6nnen sie&#8217;s nicht lassen, Propagandamaschen wie gegen Russland zum Abschluss:<br \/>\n\u201eWeil nur so kann man den Frauen \u00c4ngste nehmen und gleichzeitig aufkommenden Mythen zu den Impfnebenwirkungen entgegenwirken.\u201c<br \/>\n.. witzig, wo man doch gerade eine der fr\u00fcher als &#8220;Mythos&#8221; bezeichneten Impfnebenwirkungen als &#8220;ja wahr aber&#8221; zugegeben hat.<\/p>\n<p>Wie hei\u00dfts so sch\u00f6n &#8220;was ist der Unterschied zwischen Verschw\u00f6rungstheorie und Wahrheit? 6 Monate&#8221; ;)<\/p>\n<p>&#8211;<br \/>\nSaudi-Arabien importiert jetzt \u00d6l aus Russland zur Stromerzeugung:<br \/>\n<a href='https:\/\/rtde.site\/der-nahe-osten\/143562-saudi-arabien-verdoppelt-oelimporte-aus-russland\/'>https:\/\/rtde.site\/der-nahe-osten\/143562-saudi-arabien-verdoppelt-oelimporte-aus-russland\/<\/a><br \/>\n.. das find ich ja schon krass. Also nicht nur, dass es nicht sein eigenes \u00d6l daf\u00fcr verwendet (weil es das teurer verkaufen kann, als es das \u00d6l aus Russland bekommt), sondern \u00fcberhaupt. Gerade in diesen Gebieten sollte doch Solarstrom perfekt m\u00f6glich sein?! Und schlie\u00dflich hat ja auch Saudi-Arabien auf lange Sicht was davon, wenn sie mit dem \u00d6l sparsamer umgehen. Was &#8220;heute&#8221; nicht gef\u00f6rdert wird, kann &#8220;morgen&#8221; zu einem viel teureren Preis verkauft werden?!<\/p>\n<p>Man mag es glauben oder nicht:<br \/>\n<a href='https:\/\/www.anti-spiegel.ru\/2022\/an-die-ukraine-gelieferte-waffen-gehen-fuer-den-kampf-gegen-die-tuerkei-an-die-kurdische-ypg\/'>https:\/\/www.anti-spiegel.ru\/2022\/an-die-ukraine-gelieferte-waffen-gehen-fuer-den-kampf-gegen-die-tuerkei-an-die-kurdische-ypg\/<\/a><\/p>\n<p>Dass 9\/11 vielleicht von den Amis inszeniert wurde, klang f\u00fcr mich schon seit vielen Jahren als &#8220;m\u00f6glich&#8221;, aber dass evtl.  gar keine Flugzeuge in die Twin Towers geflogen sind, diese These kannte ich noch nicht:<br \/>\n<a href='https:\/\/nuada1111.home.blog\/2021\/09\/10\/9-11-fur-fortgeschrittene\/'>https:\/\/nuada1111.home.blog\/2021\/09\/10\/9-11-fur-fortgeschrittene\/<\/a><\/p>\n","protected":false},"excerpt":{"rendered":"<p>15.7.2022<\/p>\n<p>F\u00fcr heute + morgen sind in Nordtirol keine zu hei\u00dfen Temperaturen gemeldet. Erster Halt an der Autobahnrastst\u00e4tte am Brenner auf italienischer Seite &#8211; die kann man ja anfahren, ohne auf die Autobahn zu m\u00fcssen. Blieb nat\u00fcrlich wieder mautsparend daneben.<\/p>\n<p>In der Werkstatt tats\u00e4chlich beim ersten Startversuch Gl\u00fcck gehabt, dass der innere Startknopf nicht funktioniert <a href=\"http:\/\/blog.inmontanis.info\/?p=7656\">[&#8230;]<\/a><\/p>\n","protected":false},"author":1,"featured_media":7658,"comment_status":"closed","ping_status":"closed","sticky":false,"template":"","format":"standard","meta":{"footnotes":""},"categories":[186,12,59],"tags":[44,45],"class_list":["post-7656","post","type-post","status-publish","format-standard","has-post-thumbnail","hentry","category-2022-07-uk-irl-iom","category-germany","category-nostalgie","tag-2eub","tag-see","odd"],"_links":{"self":[{"href":"http:\/\/blog.inmontanis.info\/index.php?rest_route=\/wp\/v2\/posts\/7656","targetHints":{"allow":["GET"]}}],"collection":[{"href":"http:\/\/blog.inmontanis.info\/index.php?rest_route=\/wp\/v2\/posts"}],"about":[{"href":"http:\/\/blog.inmontanis.info\/index.php?rest_route=\/wp\/v2\/types\/post"}],"author":[{"embeddable":true,"href":"http:\/\/blog.inmontanis.info\/index.php?rest_route=\/wp\/v2\/users\/1"}],"replies":[{"embeddable":true,"href":"http:\/\/blog.inmontanis.info\/index.php?rest_route=%2Fwp%2Fv2%2Fcomments&post=7656"}],"version-history":[{"count":3,"href":"http:\/\/blog.inmontanis.info\/index.php?rest_route=\/wp\/v2\/posts\/7656\/revisions"}],"predecessor-version":[{"id":7660,"href":"http:\/\/blog.inmontanis.info\/index.php?rest_route=\/wp\/v2\/posts\/7656\/revisions\/7660"}],"wp:featuredmedia":[{"embeddable":true,"href":"http:\/\/blog.inmontanis.info\/index.php?rest_route=\/wp\/v2\/media\/7658"}],"wp:attachment":[{"href":"http:\/\/blog.inmontanis.info\/index.php?rest_route=%2Fwp%2Fv2%2Fmedia&parent=7656"}],"wp:term":[{"taxonomy":"category","embeddable":true,"href":"http:\/\/blog.inmontanis.info\/index.php?rest_route=%2Fwp%2Fv2%2Fcategories&post=7656"},{"taxonomy":"post_tag","embeddable":true,"href":"http:\/\/blog.inmontanis.info\/index.php?rest_route=%2Fwp%2Fv2%2Ftags&post=7656"}],"curies":[{"name":"wp","href":"https:\/\/api.w.org\/{rel}","templated":true}]}}