{"id":7652,"date":"2022-07-14T20:31:15","date_gmt":"2022-07-14T18:31:15","guid":{"rendered":"http:\/\/blog.inmontanis.info\/?p=7652"},"modified":"2023-08-02T21:53:22","modified_gmt":"2023-08-02T19:53:22","slug":"eslkorblift-algund-vellau-leiteralm-14-7-2022","status":"publish","type":"post","link":"http:\/\/blog.inmontanis.info\/?p=7652","title":{"rendered":"ESL+Korblift Algund-Vellau-Leiteralm, 14.7.2022"},"content":{"rendered":"<p><strong>14.7.2022<\/strong><\/p>\n<p>Leider konnte ich nur schlecht einschlafen und wurde fr\u00fch morgens von einem Motorradfahrer geweckt, der die Gr\u00f6dnerjochpassstra\u00dfe mit hohen Drehzahlen und quietschenden Reifen fuhr. Wenig sp\u00e4ter kamen die ersten Wanderer\/Kletterer am Parkplatz an.<\/p>\n<p>Vormittags gab es hin und wieder ein paar Regentropfen, somit bedeckten Himmel und irgendwelche Camper am Platz, die mal wieder andere von ihrem Musikgeschmack \u00fcberzeugen mussten. Schlimm, dass es manche Leute ohne irgendeine Form von L\u00e4rm anscheinend nicht mehr aushalten.<\/p>\n<p>Bis 11 Uhr wurde es &#8211; trotz bedecktem Himmel und hinten ge\u00f6ffneter Fenster und der hohen H\u00f6he &#8211; recht warm im Auto, vmtl. Infrarot\/Strahlungsw\u00e4rme.<\/p>\n<p><a href='http:\/\/extra.inmontanis.info\/d\/76443-2\/DSC01978.jpg'><img src=http:\/\/extra.inmontanis.info\/d\/76442-3\/DSC01978.jpg \/><\/a><br \/>\n^ Gibt doch noch ein paar wenige Schneerestchen in den Dolomiten<\/p>\n<p>Der ESL in Algund hat von 12:30-13:40 Mittagspause und ich brauch gute 1,5h hin, also hab ich noch 1h extra Zeit&#8230;<\/p>\n<p>.. daher an einem Supermarkt gehalten und eine Packung Salsiccia gekauft, 3 gro\u00dfe W\u00fcrste. Heute Mittag (vorm Korblift bei 30\u00b0 im Tal) oder Abends am Jaufenpass machen? Oder gar nicht + einige Tage im K\u00fchlschrank aufheben?<\/p>\n<p>In Bozen soll es sogar einen KFC geben &#8211; den h\u00e4tte ich mal gebraucht, als ich noch in Innsbruck gewohnt hab und \u00f6fters mal in Bozen vorbei gefahren bin.<\/p>\n<p>Am ESL erwischte ich sogar einen letzten komplett schattigen Parkplatz unter einem gro\u00dfen Baum (bei ca. 31\u00b0).<\/p>\n<p>Im (oder auf dem) ESL war sehr warm, im Korblift etwas k\u00fchler. Noch das St\u00fcck rauf zur Leiteralm gelaufen (lt. Schild ist die auf 1550m). Aber f\u00fcr mich auch nur im Schatten ertr\u00e4glich.<\/p>\n<p>Die St\u00fctzenfundamente der beiden Lifte schienen neu zu sein, auf einem vom ESL stand 2020. Um Meran gibt&#8217;s ja nach wie vor 3 ESL, zu diesem hier noch der kurze Meran\/Dorf Tirol und Verdins\/Tall (als 2. Sektion einer PB), der vor ca. 20 Jahren evtl. noch im Skibetrieb offen gewesen w\u00e4re &#8211; aber weil glaub ich nur eine einzige und blaue Abfahrt war, bin ich damals nicht hin.<\/p>\n<p>Hab zwar vermutlich bei meinem letzten Besuch 2017 ziemlich die selben Fotos gemacht &#8211; bzw. hab ich mich daher auch etwas zur\u00fcckgehalten und zudem einige 3D-Fotos\/Filmchen gemacht.<\/p>\n<p><a href='http:\/\/extra.inmontanis.info\/d\/76319-2\/DSC01980.jpg'><img src=http:\/\/extra.inmontanis.info\/d\/76318-3\/DSC01980.jpg \/><\/a><br \/>\n^ ESL Sektion 1<\/p>\n<p><a href='http:\/\/extra.inmontanis.info\/d\/76323-2\/DSC01985.jpg'><img src=http:\/\/extra.inmontanis.info\/d\/76322-3\/DSC01985.jpg \/><\/a><br \/>\n^ ESL Sektion 1<\/p>\n<p><a href='http:\/\/extra.inmontanis.info\/d\/76327-2\/DSC01986.jpg'><img src=http:\/\/extra.inmontanis.info\/d\/76326-3\/DSC01986.jpg \/><\/a><br \/>\n^ ESL Sektion 1<\/p>\n<p><a href='http:\/\/extra.inmontanis.info\/d\/76331-2\/DSC01989.jpg'><img src=http:\/\/extra.inmontanis.info\/d\/76330-3\/DSC01989.jpg \/><\/a><br \/>\n^ Mittelstation<\/p>\n<p><a href='http:\/\/extra.inmontanis.info\/d\/76335-2\/DSC01990.jpg'><img src=http:\/\/extra.inmontanis.info\/d\/76334-3\/DSC01990.jpg \/><\/a><br \/>\n^ Bergstation ESL Sektion 1<\/p>\n<p><a href='http:\/\/extra.inmontanis.info\/d\/76339-2\/DSC01992.jpg'><img src=http:\/\/extra.inmontanis.info\/d\/76338-3\/DSC01992.jpg \/><\/a><br \/>\n^ Talstation Korblift Sektion 2<\/p>\n<p><a href='http:\/\/extra.inmontanis.info\/d\/76343-2\/DSC01994.jpg'><img src=http:\/\/extra.inmontanis.info\/d\/76342-3\/DSC01994.jpg \/><\/a><br \/>\n^ Talstation Korblift Sektion 2<\/p>\n<p><a href='http:\/\/extra.inmontanis.info\/d\/76347-2\/DSC01995.jpg'><img src=http:\/\/extra.inmontanis.info\/d\/76346-3\/DSC01995.jpg \/><\/a><br \/>\n^ Korblift Sektion 2<\/p>\n<p><a href='http:\/\/extra.inmontanis.info\/d\/76351-2\/DSC01998.jpg'><img src=http:\/\/extra.inmontanis.info\/d\/76350-3\/DSC01998.jpg \/><\/a><br \/>\n^ Korblift Sektion 2<\/p>\n<p><a href='http:\/\/extra.inmontanis.info\/d\/76355-2\/DSC01999.jpg'><img src=http:\/\/extra.inmontanis.info\/d\/76354-3\/DSC01999.jpg \/><\/a><br \/>\n^ korblift Sektion 2<\/p>\n<p><a href='http:\/\/extra.inmontanis.info\/d\/76359-2\/DSC02002.jpg'><img src=http:\/\/extra.inmontanis.info\/d\/76358-3\/DSC02002.jpg \/><\/a><br \/>\n^ Evtl. neue St\u00fctzenfundamente (oder ausgebessert)<\/p>\n<p><a href='http:\/\/extra.inmontanis.info\/d\/76363-2\/DSC02003.jpg'><img src=http:\/\/extra.inmontanis.info\/d\/76362-3\/DSC02003.jpg \/><\/a><br \/>\n^ korblift Sektion 2<\/p>\n<p><a href='http:\/\/extra.inmontanis.info\/d\/76367-2\/DSC02004.jpg'><img src=http:\/\/extra.inmontanis.info\/d\/76366-3\/DSC02004.jpg \/><\/a><br \/>\n^ korblift Sektion 2<\/p>\n<p><a href='http:\/\/extra.inmontanis.info\/d\/76371-2\/DSC02006.jpg'><img src=http:\/\/extra.inmontanis.info\/d\/76370-3\/DSC02006.jpg \/><\/a><br \/>\n^ Bergstation korblift Sektion 2<\/p>\n<p><a href='http:\/\/extra.inmontanis.info\/d\/76375-2\/DSC02007.jpg'><img src=http:\/\/extra.inmontanis.info\/d\/76374-3\/DSC02007.jpg \/><\/a><br \/>\n^ Bergstation korblift Sektion 2<\/p>\n<p><a href='http:\/\/extra.inmontanis.info\/d\/76379-2\/DSC02008.jpg'><img src=http:\/\/extra.inmontanis.info\/d\/76378-3\/DSC02008.jpg \/><\/a><br \/>\n^ Bergstation korblift Sektion 2<\/p>\n<p><a href='http:\/\/extra.inmontanis.info\/d\/76383-2\/DSC02009.jpg'><img src=http:\/\/extra.inmontanis.info\/d\/76382-3\/DSC02009.jpg \/><\/a><br \/>\n^ Der alte Plan mit den eingezeichneten Skilift h\u00e4ngt auch noch an der Bergstation<\/p>\n<p><a href='http:\/\/extra.inmontanis.info\/d\/76387-2\/DSC02010.jpg'><img src=http:\/\/extra.inmontanis.info\/d\/76386-3\/DSC02010.jpg \/><\/a><br \/>\n^ Vielleicht war das die Abfahrt vom SL zur Korblift-Bergstation<\/p>\n<p><a href='http:\/\/extra.inmontanis.info\/d\/76391-2\/DSC02011.jpg'><img src=http:\/\/extra.inmontanis.info\/d\/76390-3\/DSC02011.jpg \/><\/a><br \/>\n^ Bergstation Korblift Sektion 2 versteckt im Wald<\/p>\n<p><a href='http:\/\/extra.inmontanis.info\/d\/76395-2\/DSC02013.jpg'><img src=http:\/\/extra.inmontanis.info\/d\/76394-3\/DSC02013.jpg \/><\/a><br \/>\n^ Gletscherblick<\/p>\n<p><a href='http:\/\/extra.inmontanis.info\/d\/76399-2\/DSC02014.jpg'><img src=http:\/\/extra.inmontanis.info\/d\/76398-3\/DSC02014.jpg \/><\/a><br \/>\n^ Materialseilbahn<\/p>\n<p><a href='http:\/\/extra.inmontanis.info\/d\/76403-2\/DSC02017.jpg'><img src=http:\/\/extra.inmontanis.info\/d\/76402-3\/DSC02017.jpg \/><\/a><br \/>\n^ Irgendwo soll hier mal ein SL gestanden sein. Zwar flach, aber irgendwie nett.<\/p>\n<p><a href='http:\/\/extra.inmontanis.info\/d\/76407-2\/DSC02018.jpg'><img src=http:\/\/extra.inmontanis.info\/d\/76406-3\/DSC02018.jpg \/><\/a><br \/>\n^ Talblick Meran \/ richtung Bozen von Leiteralm<\/p>\n<p><a href='http:\/\/extra.inmontanis.info\/d\/76411-2\/DSC02021.jpg'><img src=http:\/\/extra.inmontanis.info\/d\/76410-3\/DSC02021.jpg \/><\/a><br \/>\n^ Tickets und aktuelle Hin-Retour-Preise<\/p>\n<p><a href='http:\/\/extra.inmontanis.info\/d\/76415-2\/DSC02022.jpg'><img src=http:\/\/extra.inmontanis.info\/d\/76414-3\/DSC02022.jpg \/><\/a><br \/>\n^ Die ungew\u00f6hnliche Portalst\u00fctze<\/p>\n<p><a href='http:\/\/extra.inmontanis.info\/d\/76419-2\/DSC02027.jpg'><img src=http:\/\/extra.inmontanis.info\/d\/76418-3\/DSC02027.jpg \/><\/a><br \/>\n^ Talblick Meran vom Korblift<\/p>\n<p><a href='http:\/\/extra.inmontanis.info\/d\/76423-2\/DSC02029.jpg'><img src=http:\/\/extra.inmontanis.info\/d\/76422-3\/DSC02029.jpg \/><\/a><br \/>\n^ Talstation Korblift Sektion 2<\/p>\n<p><a href='http:\/\/extra.inmontanis.info\/d\/76427-2\/DSC02030.jpg'><img src=http:\/\/extra.inmontanis.info\/d\/76426-3\/DSC02030.jpg \/><\/a><br \/>\n^ Bergstation ESL Sektion 1<\/p>\n<p><a href='http:\/\/extra.inmontanis.info\/d\/76431-2\/DSC02033.jpg'><img src=http:\/\/extra.inmontanis.info\/d\/76430-3\/DSC02033.jpg \/><\/a><br \/>\n^ Talblick weiter ins Vinschgau<\/p>\n<p><a href='http:\/\/extra.inmontanis.info\/d\/76435-2\/DSC02034.jpg'><img src=http:\/\/extra.inmontanis.info\/d\/76434-3\/DSC02034.jpg \/><\/a><br \/>\n^ ESL Sektion 1<\/p>\n<p><a href='http:\/\/extra.inmontanis.info\/d\/76439-2\/DSC02037.jpg'><img src=http:\/\/extra.inmontanis.info\/d\/76438-3\/DSC02037.jpg \/><\/a><br \/>\n^ Talstation und Parkplatz ESL Sektion 1<\/p>\n<p>Schade, dass der Korblift komplett in Gr\u00fcn ist (und nicht z.B. verschiedenfarbige K\u00f6rbe hat). Der ESL hat an den Sesseln wenigstens rote+blaue Farbtupfer&#8230;<\/p>\n<p>Das Auto macht momentan wieder h\u00e4ufig Startprobleme, ungef\u00e4hr jeden 2. Start muss ich mit dem Zusatzstartknopf im Motorraum machen..<\/p>\n<p>Am Jaufenpass sah es schlecht aus mit einem \u00dcbernachtungsplatz, aber etws unterhalb war ein Parkplatz etwas abseits der Stra\u00dfe, leider trotz B\u00e4umen noch recht sonnig und wenig Wind. Leider arg wenig 4G-Empfang hier (quasi 0 Balken, aber verbunden).<\/p>\n<p>Naja, ich machte mir also alle 3 Salsicce und zwar zumeist auf kleinster Stufe (200W), weil bereits bei 2. Stufe (400W) eine Spritzorgie entstand. Zus\u00e4tzlich versuchte ich mit Papiert\u00fcchern Fett\/Fleischsaft abzutupfen, damit es eben weniger spritzt.<\/p>\n<p>Das Problem ist ja, dass das Induktionskochfeld nicht durchgehend heizt, sondern pulsiert, also mal mit 1000W kurz einschaltet und dann wieder ausschaltet, bei der 200W-Einstellung also vmtl. ca. 1 zu 4 Sekunden. Bei 400W dann wohl ca. 2 : 2 Sekunden, somit starke kurze Aufheizung = Spritzer => Abk\u00fchlung.<\/p>\n<p>Zudem hab ich die W\u00fcrstl diesmal nicht nur mittig durchgeschnitten, sondern auch wieder enth\u00e4utet. Halt wegen der geringen Hitze nicht braun geworden. Dazu gab&#8217;s Semmel, also 2 (gr\u00f6\u00dfere, Schrippen-m\u00e4\u00dfige) hatte ich gekauft, somit 1,5 W\u00fcrstl heute und 1,5 W\u00fcrstl morgen kalt ..<\/p>\n<p><a href='http:\/\/extra.inmontanis.info\/d\/76447-2\/DSC02040.jpg'><img src=http:\/\/extra.inmontanis.info\/d\/76446-3\/DSC02040.jpg \/><\/a><br \/>\n^ Handreinigungsgel und dahinter die Salsiccia<\/p>\n<p>Das Handgel hab ich zuf\u00e4llig in Wolfsburg im Action geschenkt bekommen, als ich mir 2 Plastik-Schubladenboxen gekauft hatte. Wollte es ja erst abweisen, weil ich ein Corona-Desinfektionsgel bef\u00fcrchtet hatte &#8211; das ist ja das ekligste \u00fcberhaupt. Aber: &#8220;Reinigt deine H\u00e4nde ohne Wasser oder Seife&#8221; &#8211; h\u00f6rt sich ja perfekt f\u00fcr unterwegs an? Nur wo geht der Dreck dann hin, wenn man sich damit seine H\u00e4nde einreibt und die H\u00e4nde nirgends absp\u00fclt? Sollte man vielleicht wenigstens dann ein Papiertuch oder Handtuch noch nehmen. Trotzdem wohl praktischer als Wasser bei meinen Reisen. Also kam es mit. War gestern bei den klebrigen H\u00e4nden (K\u00fchlschrank &#8211; versch\u00fcttete Sojasauce) schon im Einsatz.<\/p>\n<p><a href='http:\/\/extra.inmontanis.info\/d\/76451-2\/DSC02041.jpg'><img src=http:\/\/extra.inmontanis.info\/d\/76450-3\/DSC02041.jpg \/><\/a><br \/>\n^ Salsiccia<\/p>\n<p>Da die Website im Westfalenpark Dortmund nicht ganz eindeutig war (es standen Betriebszeiten f\u00fcr die Seilbahn im Sommer 2022 da, zudem ganz oben &#8220;Winterpause&#8221; und &#8220;Seilbahn (aktuell geschlossen)&#8221; hab ich per EMail nachgefragt und es wurde mir best\u00e4tigt, dass sie leider derzeit geschlossen ist :(<\/p>\n<p>Sehr schade, beide alten 2EUB\/KDSB in Saarbr\u00fccken und Dortmund somit nicht anfahrbar :( Damit hab ich am Samstag\/Sonntag keinen Fahrstress und werde am klassischen Reisesamstag wohl gar nicht Auto fahren .. Montag st\u00fcnde dann eine andere alte 2EUB auf dem Plan (w\u00e4re zuvor nach Sonntag ein Umweg gewesen) &#8211; die in Waldeck.<\/p>\n<p>Positiv in den Alpen ist ja, dass man auch im Hochsommer auf hohe Regionen ausweichen kann und im Laufe des Abends k\u00fchlte es noch halbwegs brauchbar ab am Parkplatz.<\/p>\n<p>&#8211; &#8211;<\/p>\n<p>Westliche L\u00fcgenpropaganda mal wieder:<br \/>\n<a href='https:\/\/orf.at\/stories\/3276000\/'>https:\/\/orf.at\/stories\/3276000\/<\/a> schreibt:<\/p>\n<blockquote><p>Russlands Verwendung von Gas und \u00d6l als Waffe im Konflikt mit dem Westen<\/p><\/blockquote>\n<p>.. als ob Putin in der EU f\u00fcr Drohungen, Aussagen oder Sanktionen gesorgt h\u00e4tte, die den \u00d6l- und Gaspreis in die H\u00f6he schnellen haben lassen ..  <\/p>\n<p>Viel Zeit zum Lesen hatte ich die letzten Tage nicht, aber das wollte ich noch verlinken:<br \/>\n<a href='https:\/\/www.anti-spiegel.ru\/2022\/das-russische-fernsehen-ueber-die-schizophrenie-der-berliner-politik\/'>https:\/\/www.anti-spiegel.ru\/2022\/das-russische-fernsehen-ueber-die-schizophrenie-der-berliner-politik\/<\/a><\/p>\n","protected":false},"excerpt":{"rendered":"<p>14.7.2022<\/p>\n<p>Leider konnte ich nur schlecht einschlafen und wurde fr\u00fch morgens von einem Motorradfahrer geweckt, der die Gr\u00f6dnerjochpassstra\u00dfe mit hohen Drehzahlen und quietschenden Reifen fuhr. Wenig sp\u00e4ter kamen die ersten Wanderer\/Kletterer am Parkplatz an.<\/p>\n<p>Vormittags gab es hin und wieder ein paar Regentropfen, somit bedeckten Himmel und irgendwelche Camper am Platz, die mal wieder andere <a href=\"http:\/\/blog.inmontanis.info\/?p=7652\">[&#8230;]<\/a><\/p>\n","protected":false},"author":1,"featured_media":7654,"comment_status":"closed","ping_status":"closed","sticky":false,"template":"","format":"standard","meta":{"footnotes":""},"categories":[186,15,459,30],"tags":[35,63],"class_list":["post-7652","post","type-post","status-publish","format-standard","has-post-thumbnail","hentry","category-2022-07-uk-irl-iom","category-italienitaly","category-meran","category-wandern","tag-esl","tag-korblift","odd"],"_links":{"self":[{"href":"http:\/\/blog.inmontanis.info\/index.php?rest_route=\/wp\/v2\/posts\/7652","targetHints":{"allow":["GET"]}}],"collection":[{"href":"http:\/\/blog.inmontanis.info\/index.php?rest_route=\/wp\/v2\/posts"}],"about":[{"href":"http:\/\/blog.inmontanis.info\/index.php?rest_route=\/wp\/v2\/types\/post"}],"author":[{"embeddable":true,"href":"http:\/\/blog.inmontanis.info\/index.php?rest_route=\/wp\/v2\/users\/1"}],"replies":[{"embeddable":true,"href":"http:\/\/blog.inmontanis.info\/index.php?rest_route=%2Fwp%2Fv2%2Fcomments&post=7652"}],"version-history":[{"count":2,"href":"http:\/\/blog.inmontanis.info\/index.php?rest_route=\/wp\/v2\/posts\/7652\/revisions"}],"predecessor-version":[{"id":7655,"href":"http:\/\/blog.inmontanis.info\/index.php?rest_route=\/wp\/v2\/posts\/7652\/revisions\/7655"}],"wp:featuredmedia":[{"embeddable":true,"href":"http:\/\/blog.inmontanis.info\/index.php?rest_route=\/wp\/v2\/media\/7654"}],"wp:attachment":[{"href":"http:\/\/blog.inmontanis.info\/index.php?rest_route=%2Fwp%2Fv2%2Fmedia&parent=7652"}],"wp:term":[{"taxonomy":"category","embeddable":true,"href":"http:\/\/blog.inmontanis.info\/index.php?rest_route=%2Fwp%2Fv2%2Fcategories&post=7652"},{"taxonomy":"post_tag","embeddable":true,"href":"http:\/\/blog.inmontanis.info\/index.php?rest_route=%2Fwp%2Fv2%2Ftags&post=7652"}],"curies":[{"name":"wp","href":"https:\/\/api.w.org\/{rel}","templated":true}]}}