{"id":7646,"date":"2022-07-13T19:45:35","date_gmt":"2022-07-13T17:45:35","guid":{"rendered":"http:\/\/blog.inmontanis.info\/?p=7646"},"modified":"2022-07-14T20:00:36","modified_gmt":"2022-07-14T18:00:36","slug":"abreise-furkelpass-kronplatz-grodnerjoch-12-13-7-2022","status":"publish","type":"post","link":"http:\/\/blog.inmontanis.info\/?p=7646","title":{"rendered":"Abreise, Furkelpass\/Kronplatz, Gr\u00f6dnerjoch, 12.-13.7.2022"},"content":{"rendered":"<p><strong>12.7.2022<\/strong><\/p>\n<p>Die Entscheidung Wander- vs. Winterstiefel fiel auf Wanderstiefel. Zur Not sind die Wanderstiefel im Winter mit den montierten Spikes ja auch zu verwenden.. so die Spikes passen &#8211; nicht probiert. Ebenso nicht mehr probiert oder an die Reifengr\u00f6\u00dfe angepasst: die Schneeketten.. Wird ja vmtl. doch nix mit Winter in Schottland.<\/p>\n<p>Da ich in der Tiefk\u00fchltruhe auch noch Naschsachen hatte, sind es jetzt 2 prall gef\u00fcllte T\u00fcten S\u00fc\u00dfigkeiten, ufz.<\/p>\n<p>Krass: Obschon seit Jahren au\u00dfer Betrieb, steht der Korblift am Fedaia-Pass nach wie vor. Anscheinend sind die mit ihrem Gondelbahnbau noch nicht weiter gekommen. <\/p>\n<p>Selbiges gilt wohl auch f\u00fcr den Staunies-Gondellift bei Cortina, auch dieser scheint noch zu stehen, obwol ja seit Jahren au\u00dfer Betrieb und man h\u00e4tte eine Pendelbahn bauen wollen ..<\/p>\n<p>Das &#8220;Heilige Arschlochland Tirol&#8221; sperrt an den Sommerwochenenden weiterhin die Bundesstra\u00dfen f\u00fcr den Urlaubsverkehr von Deutschland nach Italien via Brenner (2019 oder so eingef\u00fchrt). Es betrifft mich ja nicht, aber k\u00f6nnte mich nat\u00fcrlich ebenso in anderen L\u00e4ndern betreffen. Es scheint definitiv nicht m\u00f6glich zu sein, z.B. von Garmisch \u00fcber den Brenner zu fahren, ohne die Autobahn fahren zu m\u00fcssen &#8211; und daf\u00fcr folglich eine Vignette kaufen zu m\u00fcssen. Dass das nicht gesetzeswidrig ist, find ich erstaunlich. In die Gegenrichtung k\u00f6nnte es funktionieren .. Ist einfach Abzocke, wenn man in dem Fall, also von Garmisch kommend, von Zirl bis Innsbruck S\u00fcd f\u00fcr die paar Kilometer die Vignette kaufen muss &#8211; ab Innsbruck S\u00fcd ist ja dann eh Brennermaut, f\u00fcr die braucht man keine Vignette, sondern muss Extramaut zahlen.<\/p>\n<p>Der ADAC titelt wie manch andere dar\u00fcber seit Jahren \u00e0 la &#8220;Stra\u00dfensperren in \u00d6sterreich: Autobahn bei Stau nicht verlassen&#8221; &#8212; aber was, wenn man gar nicht auf der Autobahn ist und gar nicht die Autobahn fahren will?! Ja, auch dann ist man davon betroffen.<\/p>\n<p>Boah wie nervig. Nicht nur die 2EUB\/KDSB in Saarbr\u00fccken f\u00e4hrt am Samstag nicht, auch die f\u00fcr Sonntag geplante 2EUB\/KDSB in Dortmund f\u00e4hrt wohl nicht. Lt. Homepage &#8220;Seilbahn (aktuell geschlossen)&#8221; :( Was ist da denn los?!<\/p>\n<p>Auch interessant: Blackpool Gazette meldete im M\u00e4rz, dass 50-60% des Fish&#8217;n&#8217;Chips &#8211; Fisches aus Russland kommt und es seitens der britischen Regierung nun darauf einen 35%-igen Zollaufschlag gibt. Nebenbei gibt&#8217;s um die 10.000 Fish&#8217;n&#8217;Chips &#8211; L\u00e4den in UK. Und das Problem der steigenden Speise\u00f6lpreise. (Dann m\u00fcssen die Briten halt etwas ges\u00fcnder leben in Zukunft ;) )<br \/>\n<a href='https:\/\/www.blackpoolgazette.co.uk\/news\/people\/could-our-chippies-now-be-under-threat-as-ukraine-crisis-pushes-up-costs-3621278'>https:\/\/www.blackpoolgazette.co.uk\/news\/people\/could-our-chippies-now-be-under-threat-as-ukraine-crisis-pushes-up-costs-3621278<\/a><\/p>\n<p><strong>Mi, 13.7.2022<\/strong> &#8211; Tag 1 der UK&#038;IRL&#038;IOM-Reise<\/p>\n<p>Am 12.5. war mein Werkstatt-Termin im Zuge meiner Skandinavien-R\u00fcckfahrt, am 13.7. geht&#8217;s wieder los. Im Gegensatz zu den vorherigen 2 Abreisen hab ich diesmal keinen Druck hinsichtlich Coronama\u00dfnahmen, allerdings etwas Druck, die F\u00e4hren zu erwischen. Aber die erste geht ja erst in einer Woche.<\/p>\n<p>Das Wohnungsfenster blieb seit gestern zu, daf\u00fcr lief der Luftentfeuchter durchgehend, um die Wohnung m\u00f6glichst trocken zu hinterlassen. Sp\u00e4testens bei Abk\u00fchlung steigt die relative Luftfeuchte ja wieder. Daf\u00fcr lass ich diesmal nicht den Luftentfeuchter laufen, sondern hab stromlose Luftentfeuchter-Packs verteilt. Einzig stromf\u00fchrend ist somit der Elektroheizk\u00f6rper (Konvektor) via einer Temperatursteuerung in der Wohnungsmitte, die ich mal zwischen 5\u00b0 und 10\u00b0 eingestellt hab.<\/p>\n<p>Das Abschotten und Verlassen der Wohnung heute (zum dritten Mal seitdem ich hier wohne) war auch irgendwie ein eigenartiges Gef\u00fchl, nach 2 Monaten &#8220;Sesshaftigkeit&#8221; &#8230;<\/p>\n<p>.. und wie sollte es anders sein, sprang mein Auto nicht an. Also schon, mit dem zweiten Startknopf unter der Motorhaube. Und das sollte heute und morgen noch \u00f6fters passieren. Am Freitag bin ich ja in der Werkstatt (2. Feder einbauen), es w\u00e4re ja zu sch\u00f6n, wenn der Fehler mal dort auftr\u00e4te und man messen k\u00f6nnte, wo das Problem ist, ggf. welcher Sensor hier zeitweise spinnt..<\/p>\n<p>Im Tal waren die Temperaturen meist unter 30\u00b0 oder eben 30\u00b0, es ging diesmal autobahnlos durch K\u00e4rnten (zieht sich auch ganz sch\u00f6n lang, allerdings h\u00e4tte man mehrere M\u00f6glichkeiten, ich entschied mich f\u00fcr die S\u00fcdvariante, wo man weder durch Klagenfurt, noch durch Villach muss) und weiter \u00fcber Osttirol nach Italien.<\/p>\n<p>Das Lesachtal ist schon recht m\u00fchsam zu fahren, quasi das \u00f6sterreichische Centovalli. Die paar km Umweg \u00fcber Lienz sind wohl spritpsarender.<\/p>\n<p><a href='http:\/\/extra.inmontanis.info\/d\/76295-2\/DSC01944.jpg'><img src=http:\/\/extra.inmontanis.info\/d\/76294-3\/DSC01944.jpg \/><\/a><br \/>\n^ Gro\u00dfe Burg oberhalb Griffen. K\u00f6nnte man sich mal anschauen ..<\/p>\n<p><a href='http:\/\/extra.inmontanis.info\/d\/76299-2\/DSC01946.jpg'><img src=http:\/\/extra.inmontanis.info\/d\/76298-3\/DSC01946.jpg \/><\/a><br \/>\n^ Gallizien .. erinnert mich immer an Gallien oder Spanien oder Asterix&#038;Obelix ..<\/p>\n<p><a href='http:\/\/extra.inmontanis.info\/d\/76303-2\/DSC01948.jpg'><img src=http:\/\/extra.inmontanis.info\/d\/76302-3\/DSC01948.jpg \/><\/a><br \/>\n^ An einigen Stra\u00dfen heute hab ich Reste der fr\u00fcheren, gelben Stra\u00dfenmarkierungen gesehen<\/p>\n<p><a href='http:\/\/extra.inmontanis.info\/d\/76307-2\/DSC01949.jpg'><img src=http:\/\/extra.inmontanis.info\/d\/76306-3\/DSC01949.jpg \/><\/a><br \/>\n^ Auf der Lesachtalstra\u00dfe<\/p>\n<p><a href='http:\/\/extra.inmontanis.info\/d\/76311-2\/DSC01952.jpg'><img src=http:\/\/extra.inmontanis.info\/d\/76310-3\/DSC01952.jpg \/><\/a><br \/>\n^ Es gibt immer noch eine kleine Umfahrung im Lesachtal, nur alle halbe Stunde f\u00fcr ein paar Minuten pro Richtung offen, ich hatte Gl\u00fcck, es war gerade Gr\u00fcn, als ich kam.<\/p>\n<p><a href='http:\/\/extra.inmontanis.info\/d\/76315-2\/DSC01954.jpg'><img src=http:\/\/extra.inmontanis.info\/d\/76314-3\/DSC01954.jpg \/><\/a><br \/>\n^ &#8230; staubige Naturstra\u00dfe<\/p>\n<p>Und dann der Grenz\u00fcbertritt nach Italien &#8211; vermutlich das erste Mal seit dem ber\u00fchmten 8.3.2020? Ein eigenartiges Gef\u00fchl und die Wut \u00fcber Italien, dass ich die letzten beiden Winter nicht hier sein konnte\/durfte und wohl auch mindestens den n\u00e4chsten nicht, ist weiterhin pr\u00e4sent.<\/p>\n<p>Den Furkelpass h\u00e4tte ich nicht fahren m\u00fcssen, aber ich glaub, ich bin den noch nie gefahren, und weil er ohne gro\u00dfen Umweg auf dem Weg lag, nahm ich ihn eben mit.<\/p>\n<p><a href='http:\/\/ski.inmontanis.info\/d\/306094-2\/DSC01957.jpg'><img src=http:\/\/ski.inmontanis.info\/d\/306093-3\/DSC01957.jpg \/><\/a><br \/>\n^ Olang \/ Richtung Furkelpass<\/p>\n<p><a href='http:\/\/ski.inmontanis.info\/d\/306098-2\/DSC01959.jpg'><img src=http:\/\/ski.inmontanis.info\/d\/306097-3\/DSC01959.jpg \/><\/a><br \/>\n^ Auffahrt von Olang zum Furkelpass<\/p>\n<p><a href='http:\/\/ski.inmontanis.info\/d\/306102-2\/DSC01961.jpg'><img src=http:\/\/ski.inmontanis.info\/d\/306101-3\/DSC01961.jpg \/><\/a><br \/>\n^ Furkelpass<\/p>\n<p><a href='http:\/\/ski.inmontanis.info\/d\/306106-2\/DSC01963.jpg'><img src=http:\/\/ski.inmontanis.info\/d\/306105-3\/DSC01963.jpg \/><\/a><br \/>\n^ Piz de Plaies<\/p>\n<p><a href='http:\/\/ski.inmontanis.info\/d\/306110-2\/DSC01964.jpg'><img src=http:\/\/ski.inmontanis.info\/d\/306109-3\/DSC01964.jpg \/><\/a><br \/>\n^ Piz de Plaies<\/p>\n<p><a href='http:\/\/ski.inmontanis.info\/d\/306114-2\/DSC01965.jpg'><img src=http:\/\/ski.inmontanis.info\/d\/306113-3\/DSC01965.jpg \/><\/a><br \/>\n^ <\/p>\n<p><a href='http:\/\/ski.inmontanis.info\/d\/306118-2\/DSC01966.jpg'><img src=http:\/\/ski.inmontanis.info\/d\/306117-3\/DSC01966.jpg \/><\/a><br \/>\n^ Ruis. Hier stand mal so eine sch\u00f6ne, wackelige, niedrige und auch damals schon klapprige Agudio-6EUB, w\u00e4hrend sonst fast noch nirgends eine 6EUB stand. Damals und auch in den ganzen 90ern fand ich den Kronplatz toll, weil er so viele moderne Lifte hatte ..<\/p>\n<p><a href='http:\/\/ski.inmontanis.info\/d\/306122-2\/DSC01967.jpg'><img src=http:\/\/ski.inmontanis.info\/d\/306121-3\/DSC01967.jpg \/><\/a><br \/>\n^ Furkelpass-St.Vigil<\/p>\n<p><a href='http:\/\/ski.inmontanis.info\/d\/306126-2\/DSC01968.jpg'><img src=http:\/\/ski.inmontanis.info\/d\/306125-3\/DSC01968.jpg \/><\/a><br \/>\n^ Furkelpass-St.Vigil<\/p>\n<p><a href='http:\/\/ski.inmontanis.info\/d\/306130-2\/DSC01969.jpg'><img src=http:\/\/ski.inmontanis.info\/d\/306129-3\/DSC01969.jpg \/><\/a><br \/>\n^ Furkelpass-St.Vigil<\/p>\n<p><a href='http:\/\/ski.inmontanis.info\/d\/306134-2\/DSC01970.jpg'><img src=http:\/\/ski.inmontanis.info\/d\/306133-3\/DSC01970.jpg \/><\/a><br \/>\n^ St. Vigil \/ Miara<\/p>\n<p>\u00dcbernachtet wird an einem Schotter-Wanderparkplatz unterhalb des Gr\u00f6dnerjochs mit vielen Campervans, einigen Wohnmobilen und 2 Stehtoilettenkabinen (was der Grund f\u00fcr die Platzwahl war, auch wegen morgen Vormittag, um mein eigenes WC nicht schon am ersten Tag ben\u00fctzen zu m\u00fcssen :) ).<\/p>\n<p>Nat\u00fcrlich nicht schattig, aber k\u00fchlere Temperaturen (weil h\u00f6her) und etwas Wind, der aber leider auch hin und wieder Zigarettenrauchgestank reinwehte.<\/p>\n<p>Leider war ich nicht mehr einkaufen zuvor und so hab ich gar nichts zum Abendessen dabei &#8211; h\u00e4tte evtl. essen gehen wollen, dann aber doch nicht wo gehalten&#8230; Naja, hab ja viel Naschzeug dabei. Und eine Fleischk\u00e4ssemmel in K\u00e4rnten hatte ich nachmittags auch gegessen. <\/p>\n<p>Pesto und Wurst h\u00e4tte ich zwar dabei (weil nicht mehr so lang haltbar), aber Nudeln nicht (sind noch bis 2023+ haltbar) und auch kein Brot o.\u00e4.<\/p>\n<p>Obwohl ich heute fr\u00fch der Meinung war, die Sojasauce st\u00e4nde fest im K\u00fchlschrank, fiel sie schon heute um und lief aus und zwar mehr als das oder die letzten Mal(e) &#8211; obwohl daheim extra mit Geweband den Verschluss noch zugeklebt. Schei\u00df teil. Jetzt schmei\u00df ich das Zeug weg. H\u00e4tt ich&#8217;s gleich daheim entsorgt, das Gelumpe.<\/p>\n<p>Es dauerte nat\u00fcrlich etwas, bis man sich nach 2 Monten wieder eingew\u00f6hnt und alles am Platz ist. PC installiert, ein paar der Naschsachen und noch andere Kleinigkeiten verr\u00e4umt, etc.<\/p>\n<p>Bei dem kleinen Bildschirm merk ich jetzt auch wieder, wie schlecht meine Augen geworden sind .. So wie ich sonst gesessen hab, kann ich den Bildschirm nur noch schwer &#8220;scharf&#8221; stellen. Zudem nervig, dass es wohl durch irgendwelche Linux-Updates in letzter Zeit jetzt an diesem Bildschirm zu Grafikfehlern beim Scrollen, Fenster\u00f6ffnen u.\u00e4. zu kommen scheint. Was daheim am Gro\u00dfen nicht sichtbar war. Was wiederum eigenartig ist, weil ja 1. gleicher HDMI-Ausgang und 2. selbe Aufl\u00f6sung 1920&#215;1080. Nur das Stift-\/Pen-Tablet-System ist anders (mit anderem Treiber). <\/p>\n<p>Gesehene Benzinpreise in AT heute 2,049-2,199 (ich hab bei den 2,049 nat\u00fcrlich getankt) und in Italien eher um die 2,10-2,15 (Diesel in IT noch einige Cent g\u00fcnstiger), Methan an einer Tankstelle 2,49 :) Das war aber die Ausnahme, sonst g\u00fcnstiger. Raum Bozen teilweise Benzin unter 2 \u20ac, insb. Diesel. GPL hab ich um 0,89 gesehen &#8211; wohl dem, der ein GPL-Gasauto hat, der spart momentan ja kr\u00e4ftig. Wobei man ja, soweit ich wei\u00df, die Menge nicht 1:1 in Kilometerlaufleistung umrechnen kann.<\/p>\n<p><a href='http:\/\/ski.inmontanis.info\/d\/306138-2\/DSC01971.jpg'><img src=http:\/\/ski.inmontanis.info\/d\/306137-3\/DSC01971.jpg \/><\/a><br \/>\n^ Kolfuschg-Gr\u00f6dnerjoch (Sella)<\/p>\n<p><a href='http:\/\/ski.inmontanis.info\/d\/306142-2\/DSC01973.jpg'><img src=http:\/\/ski.inmontanis.info\/d\/306141-3\/DSC01973.jpg \/><\/a><br \/>\n^ Parkplatz unterhalb des Gr\u00f6dnerjochs<\/p>\n<p><a href='http:\/\/ski.inmontanis.info\/d\/306146-2\/DSC01974.jpg'><img src=http:\/\/ski.inmontanis.info\/d\/306145-3\/DSC01974.jpg \/><\/a><br \/>\n^ Hier geht sogar eine Materialseilbahn rauf<\/p>\n<p><a href='http:\/\/ski.inmontanis.info\/d\/306150-2\/DSC01975.jpg'><img src=http:\/\/ski.inmontanis.info\/d\/306149-3\/DSC01975.jpg \/><\/a><br \/>\n^ Foto vom Parkplatz in die andere Richtung<\/p>\n<p>Durch meine letzten FR-\/UK-Restaurantketten-Suchen hab ich auch mal wieder nach Wienerwald gesucht. Fand ich ja auch immer lecker und bedauerte ich sehr, dass es da kaum noch was gibt. In \u00d6sterreich gibt&#8217;s mittlerweile nur noch Standorte im Raum Wien, in Deutschland scheinen sich auch nur noch ca. 5 Standorte verteilt \u00fcber ganz Deutschland zu befinden. Hoffentlich komm ich da mal wieder an einem vorbei n\u00e4chste Woche&#8230;<\/p>\n<p>Um 21 Uhr musste sich leider ein Wohnmobil direkt neben mich hinstellen. So voll ist&#8217;s hier nun auch wieder nicht, dass das n\u00f6tig gewesen w\u00e4re. Sehen tu ich somit nichts mehr, naja auch egal um die Uhrzeit.<\/p>\n<p>Mist, Mist, Mist, doch was vergessen: die Fernbedienung vom Projektor. Ich hab nur eine Fernbedienung eingesteckt in der Annahme, dass das die richtige sei &#8211; und weil ich eigentlich gar keine andere hab rumfliegen sehen. Aber das war nur die Fernbedienung vom USB-Mediastick, der ja auch eine Fernbedienung hatte (und ok, die ist wichtiger f\u00fcr dessen Bedienung). Kann mich aber gar nicht erinnern, wo die andere Fernbedienung rumgeflogen ist &#8211; und warum die dort ist, wo sie jetzt zu sein scheint..<\/p>\n<p>Bl\u00f6d ist das, weil der Projektor auch nach dem Firmware-Update keinen Autofocus macht und man dummerweise ja den Focus-Bildschirm nicht \u00fcber die eingebauten Tasten oder das Men\u00fc aufrufen kann.<\/p>\n<p>Ok, das Firmware-Update hatte doch was bewirkt: bei Bewegen des Ger\u00e4tes oder der Leinwand wird kurz der Focus-Bildschirm eingeblendet, so dass man schnell die Rauf\/Runter-Tasten am Ger\u00e4t dr\u00fccken kann zum scharf stellen. Bl\u00f6d nur, dass diese &#8220;Tasten&#8221; nicht beleuchtet und auch nicht sp\u00fcrbar sind, daher dr\u00fcckt man im Dunkeln recht blind rum. Da werd ich mal schaun, ob ich die irgendwie sp\u00fcrbar machen kann, vielleicht mit kleinen Geweband-Aufklebern dar\u00fcber oder dazwischen..<\/p>\n<p>Durch die vielen Camper (DE, CZ, PL, alles m\u00f6gliche) nat\u00fcrlich entsprechend viel T\u00fcr-auf-T\u00fcr-zu und ein paar, die drau\u00dfen labern, aber doch wesentlich ruhiger, als manche Nacht in Schweden letztes Jahr bei weniger Leuten war.<\/p>\n","protected":false},"excerpt":{"rendered":"<p>12.7.2022<\/p>\n<p>Die Entscheidung Wander- vs. Winterstiefel fiel auf Wanderstiefel. Zur Not sind die Wanderstiefel im Winter mit den montierten Spikes ja auch zu verwenden.. so die Spikes passen &#8211; nicht probiert. Ebenso nicht mehr probiert oder an die Reifengr\u00f6\u00dfe angepasst: die Schneeketten.. Wird ja vmtl. doch nix mit Winter in Schottland.<\/p>\n<p>Da ich in der <a href=\"http:\/\/blog.inmontanis.info\/?p=7646\">[&#8230;]<\/a><\/p>\n","protected":false},"author":1,"featured_media":7650,"comment_status":"closed","ping_status":"closed","sticky":false,"template":"","format":"standard","meta":{"footnotes":""},"categories":[186,15],"tags":[53],"class_list":["post-7646","post","type-post","status-publish","format-standard","has-post-thumbnail","hentry","category-2022-07-uk-irl-iom","category-italienitaly","tag-8eub","odd"],"_links":{"self":[{"href":"http:\/\/blog.inmontanis.info\/index.php?rest_route=\/wp\/v2\/posts\/7646","targetHints":{"allow":["GET"]}}],"collection":[{"href":"http:\/\/blog.inmontanis.info\/index.php?rest_route=\/wp\/v2\/posts"}],"about":[{"href":"http:\/\/blog.inmontanis.info\/index.php?rest_route=\/wp\/v2\/types\/post"}],"author":[{"embeddable":true,"href":"http:\/\/blog.inmontanis.info\/index.php?rest_route=\/wp\/v2\/users\/1"}],"replies":[{"embeddable":true,"href":"http:\/\/blog.inmontanis.info\/index.php?rest_route=%2Fwp%2Fv2%2Fcomments&post=7646"}],"version-history":[{"count":3,"href":"http:\/\/blog.inmontanis.info\/index.php?rest_route=\/wp\/v2\/posts\/7646\/revisions"}],"predecessor-version":[{"id":7651,"href":"http:\/\/blog.inmontanis.info\/index.php?rest_route=\/wp\/v2\/posts\/7646\/revisions\/7651"}],"wp:featuredmedia":[{"embeddable":true,"href":"http:\/\/blog.inmontanis.info\/index.php?rest_route=\/wp\/v2\/media\/7650"}],"wp:attachment":[{"href":"http:\/\/blog.inmontanis.info\/index.php?rest_route=%2Fwp%2Fv2%2Fmedia&parent=7646"}],"wp:term":[{"taxonomy":"category","embeddable":true,"href":"http:\/\/blog.inmontanis.info\/index.php?rest_route=%2Fwp%2Fv2%2Fcategories&post=7646"},{"taxonomy":"post_tag","embeddable":true,"href":"http:\/\/blog.inmontanis.info\/index.php?rest_route=%2Fwp%2Fv2%2Ftags&post=7646"}],"curies":[{"name":"wp","href":"https:\/\/api.w.org\/{rel}","templated":true}]}}