{"id":7641,"date":"2022-07-11T18:05:34","date_gmt":"2022-07-11T16:05:34","guid":{"rendered":"http:\/\/blog.inmontanis.info\/?p=7641"},"modified":"2022-07-11T18:05:34","modified_gmt":"2022-07-11T16:05:34","slug":"letzte-reisevorbereitungen-3-11-7-2022","status":"publish","type":"post","link":"http:\/\/blog.inmontanis.info\/?p=7641","title":{"rendered":"Letzte Reisevorbereitungen, 3.-11.7.2022"},"content":{"rendered":"<p><strong>So, 3.7.2022<\/strong><\/p>\n<p>Heute also die 3 L\u00fcfterchen ins Auto eingebaut (keine Ahnung, ob das was bringen wird, weil ja eh alles irgendwie vollstehen wird, und wenn, ob es positiv oder negativ sein wird), das Kabel f\u00fcr das 230V-Batterieladeger\u00e4t an die Bordbatterie angeschlossen und .. versucht, die Stahlseil-Kette am Dach nochmals zu l\u00f6sen.<\/p>\n<p>Aber auch das n\u00e4chtliche Eindringenlassen von WD40 hat nichts geholfen. Das Schloss hat ja so komische kugelf\u00f6rmige Z\u00e4pfchen, auf beiden Seiten des Schl\u00fcssels und somit ist er umdrehbar. In der einen Schlossh\u00e4lfte komm ich z.B. mit einem d\u00fcnnen Gegenstand (Nagel etc.) weit hinter, in der anderen jedoch nicht, d.h. also auf der Seite klemmt was. Nun nochmals eingespr\u00fcht und das Schloss mal mit dieser Seite nach unten geh\u00e4ngt, vielleicht dringt so was von dem \u00d6l rein. <\/p>\n<p>Man k\u00f6nnte evtl. auch probieren, mit einem Hammer was reinzurammen, aber schwierig das alles festzuhalten bzw. kann ich das Schloss ja schlecht aufs Dach legen und dann mit dem Hammer draufhauen.<\/p>\n<p>Ansonsten m\u00fcsst ich evtl. mal beim \u00d6AMTC vorbei fahren, dass mir die Kette jemand aufs\u00e4gt&#8230; oder einen Bolzenschneider kaufen? Oder Skitr\u00e4ger und  Rad auf Dach lassen bis zu einer Reifenpanne und dann den Pannendienst rufen, dass ich leider mein Ersatzrad nicht runtertun kann ;)<\/p>\n<p>Abends mal wieder ruhiger im Haus, die n\u00e4chsten Tage wohl zumeist oder ganz allein gewesen.<\/p>\n<p>&#8220;F\u00fcr&#8217;s Protokoll&#8221;: Tignes hatte heuer am 1.7. den letzten Skitag, weil zu wenig Schnee. Schaut auf den Webcams auch sehr schlecht aus. Der Felsbereich wird bald von der PB-Talstation bis zur Talstation des linken SL raufgehen (und damit den Gletscherrest zur 4SB-Talstation, die ja leider seit etlichen Jahren nicht mehr im Sommer in Betrieb war, abschneiden) &#8230; Immerhin konnte die 4KSB wohl ziemlich oder bis zum Schluss offen gelassen werden.<\/p>\n<p><a href='https:\/\/tignes.roundshot.com\/grande-motte\/'>https:\/\/tignes.roundshot.com\/grande-motte\/<\/a><\/p>\n<p><strong>Mo, 4.7.2022<\/strong><\/p>\n<p>Nach der Arbeit runter ins Tal gefahren, erster Halt Tabaktrafik, wo der faule GLS-Fahrer das Paket abgegeben hatte. <\/p>\n<p>Zweiter Halt Zulassungsstelle &#8211; erst ging es immer noch nicht, dann hat sie die Mitarbeiterin vom Land angerufen, wo ich das hab \u00e4ndern lassen, die hat ihr dann best\u00e4tigt, dass sie bei der Zulassung das \u00e4ndern m\u00fcssen. Also irgendeinen Vertreter angerufen, der wiederum lie\u00df ihr eine EMail mit den Instruktionen schicken (besonderer Zugang, besonderes Passwort, so was in der Richtung) -> danach konnte sie die \u00c4nderung durchf\u00fchren und die neue Juni-2023-Plakette ausdrucken. Somit ja praktisch gewesen, dass ich das heuer schon so weit \u00fcberzogen hatte, da ich nun kein zus\u00e4tzliches Gutachten gebraucht hab. <\/p>\n<p>Ich bekam auch noch neue Zulassungspapiere (da steht die \u00a757a-\u00c4nderung in den sonstigen Bemerkungen drin).<\/p>\n<p>Die Ersatzplakette kostete 1,90 \u20ac, die neue Zulassung nichts und bei der BH vorletzten Freitag hatte ich 35,10 \u20ac bezahlt. M\u00f6ge es mir was n\u00fctzen und der Ignis nicht doch noch in den n\u00e4chsten 12 Monaten ein Komplettschaden werden.<\/p>\n<p>Dritter Halt war beim Recyclinghof &#8211; da kann man nicht nur die \u00fcblichen Inseldinge abladen (Metalldosen, Plastik, Altpapier), sondern auch Altholz, Styropor&#038;Co und Sperrm\u00fcll. Ohne dass man da durch das 2. Tor fahren muss &#8211; und diese Wolfsbergcard braucht man anscheinend nur dann f\u00fcr die anderen Abf\u00e4lle, denn die heutigen Abf\u00e4lle bekam ich weiter vorne los. H\u00e4tte ich die Karte also gar nicht ben\u00f6tigt bzw. den M\u00fcll schon fr\u00fcher wegschmei\u00dfen k\u00f6nnen..<\/p>\n<p>Vierter Halt war bei einer Post, die R\u00fccksendung des unben\u00f6tigten Cam-Ersatzteils. <\/p>\n<p>F\u00fcnfter Halt war ein Kebap-Stand, der macht das Brot sogar frisch nach Bestellung des D\u00f6ner Kebap. Etliches an Salat zur Auswahl.  Vielleicht etwas weniger Fleisch als manch anderswo.<\/p>\n<p>Sechster Halt beim \u00d6AMTC. Das Stahlseil wurde mit der Flex in 2 Sekunden durchtrennt, ansonsten mit etwas Warten ca. 15-20 Minuten gebraucht, das Abflexen war dann kostenlos. Zumindest f\u00fcr Mitglieder ;)<\/p>\n<p>Siebenter Halt am Lidl-Parkplatz, wo Schlie\u00dff\u00e4cher sind, wo ich die UPS-R\u00fccksendungen der 2 defekten Sandisk-SD-Karten aufgeben konnte. Bis der Leser den richtigen Code gelesen hatte und dann ewig lang rumgesucht hatte, ich dann meine EMail-Adresse zur Best\u00e4tigung eingeben musste, das Kuvert in ein Fach legen konnte und das auch noch 2x &#8230; war ich wieder ziemlich nass geschwitzt. Obwohl es lt. Auto-Thermometer nur 26\u00b0 hatte?! Sp\u00e4ter auf der Heimfahrt auf 30\u00b0 gestiegen, aber trotzdem.. diese W\u00e4rme is nix f\u00fcr mich ..<\/p>\n<p>Achter Halt, weil zuf\u00e4llig gegen\u00fcber Lidl: Billa plus, fr\u00fcher Merkur. Etwas mehr Auswahl und gr\u00f6\u00dfer als der Eurospar (eher so Interspar-Gr\u00f6\u00dfe, da gibts hier aber keinen). Paar Sachen mitgenommen, es gab auch eine Salsiccia im K\u00fchlregal, mal testen. Aber auch hier keine Blasko-Tiefk\u00fchlprodukte (H\u00fchnerschnitzel, H\u00fchnercordonbleu, Faschierte Laibchen, Cevapcici, das hab ich fr\u00fcher in Innsbruck hier und da bekommen und waren die leckersten dieser TK-Produkte) &#8211; aktuell h\u00e4tte ich sie eh nicht gekauft, weil die zumindest fr\u00fcheren Packungen zu gro\u00df gewesen w\u00e4ren f\u00fcr die restlichen Tage vor Reiseabfahrt. <\/p>\n<p>Neunter Halt daheim, Ersatzrad vom Dach und Dachtr\u00e4ger runter. Der Spanngurt-Mechanismus war dankenswerterweise nicht eingerostet und ging problemlos, wenn auch nicht so flutschig wie neu. Auch die Schl\u00f6sser vom Dachtr\u00e4ger gingen problemlos zu \u00d6ffnen. <\/p>\n<p>Das Rad schien immer sauber aufzuliegen, es fand sich im Innenbereich kein vermehrter Dreck (wie es ohne die Schutzh\u00fclle nach wenigen Tagen im Zuge meines Tests letzten Sommer war). Klar ist das Dach etwas dreckig, aber das geht schon so.<\/p>\n<p><a href='http:\/\/extra.inmontanis.info\/d\/76287-2\/IMG_20220704_143945.jpg'><img src=http:\/\/extra.inmontanis.info\/d\/76286-3\/IMG_20220704_143945.jpg \/><\/a><br \/>\n^ Hier lag \u00fcber 10 Monate lang das Ersatzrad auf dem Dach<\/p>\n<p>Dann will ich mal hoffen, dass ich auf der UK-Reise keine Reifenpanne habe und das Ersatzrad gebraucht h\u00e4tte. Was besonders vor einer F\u00e4hren-Fahrt ja sehr unpassend w\u00e4re. Aber ich m\u00f6chte mal wieder ohne den pfeifenden Dachtr\u00e4ger fahren, bissl Sprit sparen (was sich bei einer Reifenpanne dann ggf. preislich nicht lohnen k\u00f6nnte) und das Ersatzrad ist ja eh ein Winterrad in der Winterradgr\u00f6\u00dfe. Die Sommerr\u00e4der sind ja leider etwas gr\u00f6\u00dfer, da musste sich Suzuki unbedingt solche komplett un\u00fcblichen 16&#8243; Alur\u00e4der einfallen lassen (175\/60), f\u00fcr die es keine oder kaum (und jedenfalls keine guten) Winterreifen gibt oder zumindest damals gab.<\/p>\n<p>&#8211;<\/p>\n<p>Schau schau .. die beiden Buffalo Grill in Luxemburg gibt&#8217;s wohl nicht mehr. Und die ca. 3 in Belgien scheint es auch nicht mehr zu geben. Und die in Frankreich wurden die letzten Jahre wohl etwas umgestylt (oder sollen es noch werden).  Meine 2 Lieblingsspeisen von fr\u00fcher gibt&#8217;s auch nicht mehr. Somit h\u00e4lt sich mein Bedauern in Grenzen, dass ich auf der Fahrt nach UK diesmal keinen besuchen werde k\u00f6nnen. <\/p>\n<p>Bei meinen bisherigen Besuchen auf der Isle of Man gab es ja nur einen einzigen McDonalds (wobei ich das letzte Mal ja nicht mit dem Auto dort war, somit nur eingeschr\u00e4nkt unterwegs). Einen BK gibts anscheinend weiterhin nicht, aber: neuerdings (erst seit wenigen Tagen\/Wochen) einen KFC. Yeah. 1h Wartezeit an den ersten Tagen :) Entsprechend miese Bewertungen aktuell. Wobei ich auf der UK-Reise vmtl. trotzdem \u00f6fters beim McD sein werde, Fr\u00fchst\u00fcck + Toilettenben\u00fctzung. KFC hat kein Fr\u00fchst\u00fcck und das bei Burger King kann man ja vergessen.<\/p>\n<p>Wusstet ihr, warum sich Kentucky Fried Chicken in KFC umbenannt hatte?<\/p>\n<blockquote><p>\nIn 1990, the Commonwealth of Kentucky trademarked their name, which meant that if KFC continued to use their original name they would be required to pay licensing fees. Unwilling to comply with this, they opted to instead change the company&#8217;s name to KFC, an acronym which many people were already using.\n<\/p><\/blockquote>\n<p><a href='https:\/\/www.mashed.com\/99890\/untold-truth-kfc\/?utm_campaign=clip'>https:\/\/www.mashed.com\/99890\/untold-truth-kfc\/?utm_campaign=clip<\/a><\/p>\n<p>Wir hatten in den 90ern in N\u00fcrnberg ja &#8220;gehn wir zum Kentucky&#8221; statt &#8220;gehn wir zum KFC&#8221; gesagt ..<\/p>\n<p><strong>5.7.2022<\/strong><\/p>\n<p>Heute Vormittag erstmals eine Eule hier oben auf der Koralpe geh\u00f6rt. Und auch sonst einige ungew\u00f6hnliche Vogellaute. Grundlegend aber leiser als die Vogelger\u00e4usche in Telfs bei meiner Mutter und auch mehr verschiedene.<\/p>\n<p>Es nutzt ja nix, das Aufr\u00e4umen der Wohnung muss weitergebracht werden. Unliebsamste Aufgabe: Ablage. Insbesondere durch den Wohnungswechsel hatten sich ja viele Dokumente angesammelt, die mal in diverse Ordner abgelegt werden sollten.<\/p>\n<p>Sogar der &#8220;Vorhang&#8221;, den ich im Auto zur Verdunkelung der Windschutzscheibe nehme, musste aufgrund &#8220;Geruchs&#8221; noch per Hand gewaschen werden. Ok, liegt tags\u00fcber ja auf dem Bett, trotzdem nicht erwartet.<\/p>\n<p>Das Trocknen geht recht gut &#8211; nach der Handw\u00e4sche gut auswringen, \u00fcber die Duschvorhangstange h\u00e4ngen und Luftentfeuchter einschalten (bei geschlossener T\u00fcre versteht sich), nach ein paar Stunden ist das schon fast trocken. <\/p>\n<p><strong>6.7.2022<\/strong><\/p>\n<p>Die N\u00e4chte sind diese Woche etwas k\u00fchler, hab morgens wieder unter 20\u00b0 in der Wohnung. \u00dcbrigens soll hier oben das Wasser schon bei 95\u00b0 kochen aufgrund der H\u00f6he. <\/p>\n<p>Gegen den Alttabakgeruch in der Wohnung hab ich mir ein Spray von Amazon schicken lassen &#8211; ob das dauerhaft hilft, bin ich mir zwar noch nicht sicher, aber damit spr\u00fch ich halt immer wieder mal einen Teil des Bodens oder der Sessel oder Eckbankpolster ein und beim Verlassen werd ich nochmals ordentlich spr\u00fchen.<\/p>\n<p>Da ich mit der Wohnung nun &#8220;halbwegs&#8221; fertig bin (naja) geht es nun vermehrt an die Reisevorbereitungen. DVDs f\u00fcr unterwegs auf SD-karte kopieren (und gesehene Staffeln l\u00f6schen) etc. <\/p>\n<p>Ich wei\u00df ja noch nicht, ob ich mich auf die Reise freuen soll oder nicht. Einerseits hab ich Bedenken wegen der zu erwartenden Hitze, andererseits wegen der bald wieder zu bef\u00fcrchtenden Corona-Ma\u00dfnahmen, wo ich mich insb. bei h\u00e4rteren Ma\u00dfnahmen in DE+AT entscheiden muss, ob ich dann ggf. noch in UK bleibe (bis es auch dort wieder losgeht) oder schnellstm\u00f6glichst retour fahre, um dann nach Schweden zu fahren, sofern nicht in Osteuropa die Lage angenehmer ist..<\/p>\n<p><strong>7.7.2022<\/strong><\/p>\n<p>Hab heut mal die Abdeckung des Bad-L\u00fcfters aufgeschraubt, obwohl ja nicht oft da, sah der Filter schon wieder recht verstopft aus. Hatte ich doch schon mal irgendwann gereinigt?! Jedenfalls mal im Netz geschaut, es gibt sogar sowohl den \u00f6sterreichischen Hersteller noch, wie auch Ersatzteile. Nach \u00fcber 40 Jahren! Ein Ersatzgebl\u00e4se w\u00fcrde aber \u00fcber 200 \u20ac kosten. Falls der mal defekt w\u00e4re&#8230; Sogar die  30-Minuten-Zeitschaltuhr mit Zeiteinzeichnung alle 6 Minuten gibt es noch (wenn auch leicht anderes Design).<\/p>\n<p>Leider scheint es aber keine st\u00e4rkeren Motoren bzw. h\u00f6heres Luftvolumen zu geben (das war der Grund f\u00fcr meine Suche), au\u00dfer ein anderes Modell w\u00fcrde passen oder die jetzigen Motoren h\u00e4tten sowieso mehr Luftdurchlass. Alternative Gebl\u00e4se, die gr\u00f6\u00dfenm\u00e4\u00dfig passen k\u00f6nnten (und mehr Luftdurchzug h\u00e4tten, wobei man ggf. den Abluftstutzen anpassen m\u00fcsste), scheint es bei Amazon um unter 100 \u20ac zu geben. Aber ich denke, das Thema werd ich verschieben und mir das Geld sparen, bis der L\u00fcfter mal den Geist aufgegeben hat &#8230; wenn ich das je erleben sollte ;)<\/p>\n<p><a href='http:\/\/extra.inmontanis.info\/d\/76291-2\/IMG_20220707_115452.jpg'><img src=http:\/\/extra.inmontanis.info\/d\/76290-3\/IMG_20220707_115452.jpg \/><\/a><br \/>\n^ Bad-L\u00fcfter<\/p>\n<p>Interessanterweise hat der L\u00fcfter ja quasi 2 Luftzug\u00e4nge: Einmal die Abdeckplatte (da Unterputz montiert) mit einem Lochraster samt Filter, sowie ein Rohr, das (Unterputz, siehe Bild in der Mitte) von der WC-Sch\u00fcssel aus ins Geh\u00e4use geht. Da scheint aber kein Filter zu sein. Und je verstopfter der Abdeckplattenfilter ist, desto mehr wird vmtl. von dort die Luft angezogen. Sofern das Rohr nicht verstopft ist. Hab ich nicht getestet.<\/p>\n<p>Da der Pharma-Fonds so sch\u00f6n im Plus war (als einziger), hab ich den mal abgesto\u00dfen. Bevor der auch irgendwann absackt, sp\u00e4testens wenn das Corona-Thema endlich mal aufgearbeitet wird&#8230; Stattdessen einige Ansparpl\u00e4ne mit monatlich 100, -\u20ac in anderen Fonds angelegt, so dass die Verkaufssumme erst in ca. 10 Monaten wieder gesamt reinvestiert w\u00e4re.<\/p>\n<p>Der Rest des Depots ist noch trauriger als es Ende Mai schon war..<\/p>\n<p><strong>8.7.2022<\/strong><\/p>\n<p>Heute die Salsciccia gebraten &#8211; f\u00fchrte gleich mal zu so starker Rauchentwickung, dass mein Feuermelder losging. Entsprechend auch \u00fcberall Fett rumgespritzt.. Teller ging mir sp\u00e4ter auch noch zu Bruch.. somit eine Wurst und eine Semmel ebenfalls in den M\u00fcll gewandert :(<\/p>\n<p>Leider hat sich das auch geschmacklich nicht gelohnt &#8211; die in Schweden erh\u00e4ltlichen Salsicce schmeckten wesentlich besser und &#8220;italienischer&#8221;.<\/p>\n<p>Ansonsten heute noch erledigt: Fenster\/Balkont\u00fcr au\u00dfen und die jeweiligen (Fenster-) L\u00e4den lackiert\/gestrichen. Zeitaufw\u00e4ndige Geschichte, die L\u00e4den. Das &#8220;Schokobraun&#8221;, das ich noch da hatte, war recht \u00e4hnlich, insb. an den Stellen, die der Witterung wenig bis gar nicht ausgesetzt waren.<\/p>\n<p>Desweiteren hab ich die Ski, die ich mitnehmen wollte, angesehen &#8211; bei den alten K2-Allmountains, die ich ggf. f\u00fcr den Winterstart in Schottland, falls das was werden sollte, nehmen wollte, kann man die Bindung anscheinend nur verstellen, aber nicht (ohne Schraube) komplett rausziehen, d.h. die kann ich ohne Skitr\u00e4ger nicht vern\u00fcnftig mitnehmen, klar, unterm Bett, aber das ist zu umst\u00e4ndlich, wenn ich dort auch andere Sachen lagern m\u00f6chte und die Ski dann ggf. im Winter t\u00e4glich raustun muss -> besser ein anders Paar Ski mitnehmen und die vorher noch ausbessern+wachsen ..<\/p>\n<p>Nach einer ruhigen Woche sind zum Wochenende wieder mehr Leute im Haus, zumindest die Nachbarn. &#8220;Antizyklisch&#8221; ist also auch bei mir daheim das Zauberwort, wenn man Ruhe haben m\u00f6chte.<\/p>\n<p>Die erw\u00e4hnte GLS-Lieferung hat noch ein Nachspiel bekommen. Oder 2, denn ich hatte dem Fahrer via SMS geantwortet, dass ich das Paket abgeholt hab und Post und DPD nicht so faul sind und zustellen. Die sinnloseste Antwort darauf &#8220;Paket ist morgen im Shop&#8221;&#8230;. <\/p>\n<p>Das zweite war, dass ich eine 2-Sterne-Bewertung dem Verk\u00e4ufer bei Amazon hinterlassen hab (zusammen mit 5-Sterne f\u00fcr die andere Lieferung, die nicht via GLS verschickt wurde), weil das alternativ zum Nicht-Annehmen der Lieferung eine Variante ist, H\u00e4ndler dazu zu bringen, keine schrottigen Lieferdienste zu verwenden. Und nun vom H\u00e4ndler eine Nachricht bekommen hab, dass sie mir 50% Nachlass g\u00e4ben, wenn ich die negative Bewertung l\u00f6sche. Worauf ich geantwortet hab, was wohl Amazon zu ihrem Bestechungsversuch sagen w\u00fcrde.. <\/p>\n<p>Nachdem ich danach nochmals eine Antwort bekommen hab, dass das Angebot nach wie vor steht, hab ich mir vorgenommen, beim n\u00e4chsten nicht zugestellten GLS-Paket wieder die Annahme zu verweigern. Wobei das letztes Jahr ja auch monatelang gedauert hat, der Trafikant hat mich 2x angerufen (w\u00e4hrend ich schon in Skandinavien war), dass ein Paket da ist und ich hab ihm also mehrmals gesagt, er solle es endlich zur\u00fcckschicken, weil ich es nicht abholen kann..<\/p>\n<p><strong>Sa, 9.7.2022<\/strong><\/p>\n<p>Da ich noch viel zu viel Zeug daheim hab, macht es keinen Sinn, irgendwo was zum Essen zu holen &#8211; da geh ich lieber wieder auf der Reise zum Essen, insb. weil ich ja eh bei zu warmen Temperaturen im Auto ungern kochen m\u00f6chte. Wollte mir eigentlich heute eine Burgruine in der N\u00e4he anschauen, aber dazu m\u00fcsste ich erst mal ein St\u00fcck ins Tal &#8211; und wenn man das dann nicht mit einem Einkauf o.\u00e4. verbinden kann, lohnt sich das ja nicht. Wenn ich in ein paar Tagen eh abfahre..<\/p>\n<p>Andererseits will ich daheim auch nicht mehr all zu viel machen. Vom Badfliesenlackieren hab ich mich derweil schon verabschiedet, hoffe mal, dass die Farben noch bis zum n\u00e4chsten Besuch halten. Vielleicht hab ich dann auch endlich mal \u00fcberlegt, wie ich&#8217;s mach.. Also vom Aussehen her gef\u00e4llts mir ja so, wie ich es in Innsbruck gemacht hatte*, aber das Fugen-Nachlackieren war so aufw\u00e4ndig, dass ich lieber was einfacheres, ggf. weniger gro\u00dffl\u00e4chiges gr\u00fcnes h\u00e4tte. Vielleicht find ich ja in UK noch ein paar Inspirationen. <\/p>\n<p>*) 2019 in Innsbruck so gestrichen, ein Jahr sp\u00e4ter dann ausgezogen:<\/p>\n<p><a href='http:\/\/extra.inmontanis.info\/d\/57211-3\/DSC01825.jpg'><img src=http:\/\/extra.inmontanis.info\/d\/57210-4\/DSC01825.jpg \/><\/a><\/p>\n<p><a href='http:\/\/extra.inmontanis.info\/d\/57199-3\/DSC01837.jpg'><img src=http:\/\/extra.inmontanis.info\/d\/57198-4\/DSC01837.jpg \/><\/a><\/p>\n<p>Stattdessen wohl sinnvoller dieses WE: Letzte Reisevorbereitungen treffen, Sachen packen, Auto beladen ..<\/p>\n<p>Bin zuf\u00e4llig \u00fcber einen interessanten britischen Architektur-Blog gesto\u00dfen. Wer etwas f\u00fcr Brutalismus oder halb-verfallene Geb\u00e4ude u.\u00e4. \u00fcbrig hat:<br \/>\n<a href='https:\/\/modernmooch.com\/'>https:\/\/modernmooch.com\/<\/a><\/p>\n<p>Seit ein paar Tagen ist es wieder k\u00e4lter, nicht nur bei mir hier oben, wohl auch in den T\u00e4lern. Entsprechend kein Fenster mehr nachts offen, nur noch vormittags etwas. Leider soll es sp\u00e4testens ab Mitte\/Ende n\u00e4chster Woche wieder w\u00e4rmer werden, gerade wenn ich dann unterwegs in DE+NL bin.<\/p>\n<p>W\u00e4hrend einige Betriebe nach wie vor (noch) keine Homepage haben, ist die Website von der seit 2018 stillgelegten britischen Little-Chef-Restaurantkette immer noch online ;)<\/p>\n<p>Im Gegenzug dazu die seit neuestem in UK wieder vertretene, amerikanische Fastfoodkette &#8220;Wendy&#8217;s&#8221; &#8211; da hab ich keine offizielle Website mit den derzeitigen Standorten gefunden, nur Zeitungsberichte mit den Standorten. <\/p>\n<p>Witzigerweise haben die beiden eine Gemeinsamkeit: Das erste Little-Chef-Restaurant war in Reading und das erste neue Wendy&#8217;s ebenso..<\/p>\n<p>Noch eine Autobahn-SB-Restaurantkette in Rastst\u00e4tten ist seit meinem letzten Besuch in UK verschwunden. &#8220;Eat &#038; Drink Co.&#8221; Schade, vmtl. wird man bald (oder jetzt schon) nur noch Burger in Autobahnrastst\u00e4tten bekommen, statt auch mal Fish&#8217;n&#8217;Chips, Pies mit Pommes&#038;Sauce oder ein britisches Fr\u00fchst\u00fcck. \u00dcberhaupt scheinen die Corona-Ma\u00dfnahmen da zu diversen Schlie\u00dfungen und Umstrukturierung gef\u00fchrt haben. Und da hab ich noch von einigen anderen Marken gelesen, die in Reading zum ersten Mal waren. <\/p>\n<p><a href='https:\/\/motorwayservices.uk\/Brands'>https:\/\/motorwayservices.uk\/Brands<\/a><\/p>\n<p><strong>10.7.2022<\/strong><\/p>\n<p>H\u00e4tte h\u00e4tte h\u00e4tte.. ich h\u00e4tte eigentlich in der Zeit daheim endlich die Filme und Dashcam-Videos der letzten beiden Skandinavienreisen mal durchschauen und evtl. bearbeiten und auf youtube stellen wollen. Null gemacht.<\/p>\n<p>Heute aber nochmals Backups gemacht, die f\u00fcr dabei + die daheim bleiben.<\/p>\n<p>Ansonsten endlich die Sachen und Kleidungen durchgegangen, die ich mitnehmen will &#8211; Mannomann, ist das wieder viel Zeug. Weil ich ja vorsorglich auch Winterzeug mitnehmen will &#8211; nicht f\u00fcr den ganzen Winter, aber eben eventuell f\u00fcr einen Teilwinter. D.h. ich will keine 2 Skijacken und keine 2 Skihosen mitnehmen, sondern nur jeweils 1.<\/p>\n<p>Trotzdem sind das teils schwierige Entscheidungen &#8211; welche Kleidung, welche Jacken und insbesondere: wieviel und welche Schuhe? Winterstiefelchen? Wanderstiefel? Die hatte ich ja letztes Jahr nicht dabei &#8211; bei tieferem Matsch w\u00e4ren sie evtl. sinnvoll gewesen, bei nassen Felsen sind die aber eh zu rutschig&#8230;<\/p>\n<p>Mitschleppen muss ich auch eine riesige prall gef\u00fcllte T\u00fcte S\u00fc\u00dfigkeiten &#8211; weil die Sachen innerhalb der n\u00e4chsten 6 Monate ablaufen ..  bis ich mir da in UK was werde kaufen k\u00f6nnen, wird lang dauern, hab ich doch auf der letzten Reise eh nur selten was genascht. Ok, war in Skandinavien ja auch teurer, trotzdem.<\/p>\n<p><strong>Mo, 11.7.2022<\/strong><\/p>\n<p>Wie nicht anders zu erwarten, sind die letzten Tage vor Abreise wieder sehr stressig und nat\u00fcrlich schaff ich nicht alles, was ich mir vorgenommen habe. Heute endlich das Auto einger\u00e4umt. War nach den ersten Fuhren noch so sch\u00f6n viel Platz, dass ich mich dr\u00fcber gefreut hab, war ich am Ende wieder genervt, dass alles voll ist &#8211; und noch keine Schuhe drin sind. Also Winter- oder Wanderstiefel, das ist die Frage. Beides geht nicht. Zudem wohl die alten halb zerflederten Halbschuhe zum Wandern, die letztes Jahr auf trockenen und feuchten Felsen so toll gehalten hatten (im Gegensatz zu den Wanderstiefel, die schon immer so rutschig waren). Und ein normales Paar angezogen, versteht sich.<\/p>\n<p>Ok, ich hab das 15m-Campingplatz-Kabel derweil unters Bett gebracht, statt im Fu\u00dfraum zu haben, wenn ich es derweil nicht brauch. Ebenso die 230V-4-Fach-Steckdose. Und auch 230V-Heizl\u00fcfter und -Schuhtrockner sind verstauter als zuletzt. Und die Ski sind im Auto statt auf dem Dach. Aber trotzdem. Da hab ich bei Abfahrt letztes Jahr weniger dabei gehabt?! Da werd ich nicht viel kaufen k\u00f6nnen auf der Reise &#8230;<\/p>\n<p>N\u00e4chsten Samstag h\u00e4tte ich ja endlich einmal die 2er-Gondelbahn in Saarbr\u00fccken fahren wollen &#8211; per E-Mail nachgefragt, leider momentan nicht in Betrieb :( Ob ich die wohl jeweils werde fahren k\u00f6nnen. Naja, dadurch hab ich wenigstens am Samstag etwas weniger Stress..<\/p>\n<p>Die Wettervorhersagen f\u00fcr Algund (ESL+Korblift Leiteralm) f\u00fcr Donnerstag sind auch noch unsicher bzw. teilweise schlecht -> d.h. ich werde am Mittwoch \u00fcberlegen, ob ich am Mittwoch abfahre + diese beiden Lifte am Donnerstag besuche, oder erst am Donnerstag losfahre.<\/p>\n<p>Der n\u00e4chste wieder bebilderte Reisebericht wird somit entweder am Ende der Woche von dort kommen, oder erst Anfang n\u00e4chster Woche von dort, wo ich dann n\u00e4chstes WE war.<\/p>\n<p>Grundlegend seh ich die folgende Reise als m\u00f6glicherweise letzte Sommerreise nach Gro\u00dfbritannien an. Nicht nur wegen Coronama\u00dfnahmen oder der politischen Situation, auch rein deshalb, weil ich vielleicht in Zukunft den Sommer lieber im k\u00fchlen Daheim verbringen m\u00f6chte, auch um Geld f\u00fcr den Winter zu sparen. In letzterem Fall k\u00e4me dann vielleicht mal noch eine Herbst\/Winterreise oder Winter\/Fr\u00fchjahrreise nach UK in Betracht. <\/p>\n<p>&#8211; &#8211;<\/p>\n<p>Hier geht es mal nicht um Ukraine oder Corona:<br \/>\n<a href='https:\/\/www.anti-spiegel.ru\/2022\/der-klimawandel-als-geschaeftsmodell-die-welt-sollte-schon-2020-untergehen\/'>https:\/\/www.anti-spiegel.ru\/2022\/der-klimawandel-als-geschaeftsmodell-die-welt-sollte-schon-2020-untergehen\/<\/a><\/p>\n<p><a href='https:\/\/www.anti-spiegel.ru\/2022\/europa-an-der-kurzen-leine-der-usa\/'>https:\/\/www.anti-spiegel.ru\/2022\/europa-an-der-kurzen-leine-der-usa\/<\/a><\/p>\n<p>Die spinnen, die \u00f6sterreichischen Politiker. Also, wissen wir ja seit Corona, und ist ja in Europa ebendem kein Alleinstellungsmerkmal, aber .. es wird immer wahnsinniger. Industrielle Gro\u00dfverbraucher von Gas sollen auf **\u00d6l** umsteigen, weil man hinsichtlich Gas zu sehr von Russland abh\u00e4ngig ist  :) Und nat\u00fcrlich noch m\u00f6glichst vor dem Winter :) Und das verlangen &#8211; ausgerechnet &#8211; die GR\u00dcNEN :)<br \/>\n<a href='https:\/\/orf.at\/stories\/3274764\/'>https:\/\/orf.at\/stories\/3274764\/<\/a><br \/>\n.. wer wird wohl der erste sein, der Kohle\u00f6fen zur Beheizung in Industriehallen + eine Reaktivierung des Kohlebergbaus in stillgelegten Bergwerken vorschlagen wird? :)<br \/>\n(H\u00e4tte ich eh nichts dagegen, ihr wisst ja, ich mag den altmodischen Kohlegeruch in machen L\u00e4ndern, trotz des dann wochenlangen Hustens.)<\/p>\n<p>Ich bin mir ja unsicher, ob ich mir w\u00fcnschen w\u00fcrde, dass Russland als Gegensanktion endlich den Gasexport in die EU einstellt, oder dass Russland weiterhin so EU-freundlich wie bisher Gas liefert &#8230;<\/p>\n<p>Das b\u00f6se Russland mit seinen Sanktionen gegen Europa .. \u00f6h, Moment .. nein .. die b\u00f6se EU mit ihren Sanktionen gegen sich selbst..<br \/>\n<a href='https:\/\/www.br.de\/nachrichten\/bayern\/wegen-energiekrise-augsburg-will-sogar-ampeln-ausschalten,TAkPBig'>https:\/\/www.br.de\/nachrichten\/bayern\/wegen-energiekrise-augsburg-will-sogar-ampeln-ausschalten,TAkPBig<\/a><\/p>\n<p>Auch die \u00f6sterreichischen Seilbahnunternehmen f\u00fcrchten anscheinend, dass sie im Herbst\/Winter keinen oder nicht genug Strom f\u00fcr Beschneiung und Liftbetrieb bekommen k\u00f6nnten..<br \/>\n<a href='https:\/\/tirol.orf.at\/stories\/3163951\/'>https:\/\/tirol.orf.at\/stories\/3163951\/<\/a><\/p>\n<p>Auch wieder so ein Hammer-Text:<br \/>\n<a href='https:\/\/www.orf.at\/#\/stories\/3275223\/'>https:\/\/www.orf.at\/#\/stories\/3275223\/<\/a><br \/>\nIm ersten Absatz wird zugegeben, dass die in der Nord Stream &#8211; Gasleitung fehlende Turbine von Kanada (weil dort in Wartung) festgehalten wird und nicht nach Russland geliefert wird.<br \/>\nIm zweiten Absatz dagegen steht<br \/>\n&#8220;Wenn man die Turbine wieder einsetzen k\u00f6nne, k\u00f6nne sich die russische Regierung nicht mehr auf das angebliche technische Problem berufen.&#8221;<br \/>\nWieso wird hier nun &#8220;angeblich&#8221; erg\u00e4nzt? (Und genau genommen ist es ja gar kein technisches Problem, dass die Kanadier die Turbine nicht zur\u00fcckliefern wollen, sondern ein politisches.) <\/p>\n<p>Ich hab&#8217;s noch nicht gesehen, aber sicherlich wieder sehr sehenswert, die neueste Ausgabe:<br \/>\n<object style=\"height: 500px; width: 900px\"><param name=\"movie\" value=\"http:\/\/www.youtube.com\/v\/s5iiF-BB_dw\"><\/param><param name=\"wmode\" value=\"transparent\"><\/param><embed src=\"http:\/\/www.youtube.com\/v\/s5iiF-BB_dw\" type=\"application\/x-shockwave-flash\" wmode=\"transparent\"  width=\"900\" height=\"480\"><\/embed><\/object><\/p>\n","protected":false},"excerpt":{"rendered":"<p>So, 3.7.2022<\/p>\n<p>Heute also die 3 L\u00fcfterchen ins Auto eingebaut (keine Ahnung, ob das was bringen wird, weil ja eh alles irgendwie vollstehen wird, und wenn, ob es positiv oder negativ sein wird), das Kabel f\u00fcr das 230V-Batterieladeger\u00e4t an die Bordbatterie angeschlossen und .. versucht, die Stahlseil-Kette am Dach nochmals zu l\u00f6sen.<\/p>\n<p>Aber auch das <a href=\"http:\/\/blog.inmontanis.info\/?p=7641\">[&#8230;]<\/a><\/p>\n","protected":false},"author":1,"featured_media":0,"comment_status":"closed","ping_status":"closed","sticky":false,"template":"","format":"standard","meta":{"footnotes":""},"categories":[186],"tags":[],"class_list":["post-7641","post","type-post","status-publish","format-standard","hentry","category-2022-07-uk-irl-iom","odd"],"_links":{"self":[{"href":"http:\/\/blog.inmontanis.info\/index.php?rest_route=\/wp\/v2\/posts\/7641","targetHints":{"allow":["GET"]}}],"collection":[{"href":"http:\/\/blog.inmontanis.info\/index.php?rest_route=\/wp\/v2\/posts"}],"about":[{"href":"http:\/\/blog.inmontanis.info\/index.php?rest_route=\/wp\/v2\/types\/post"}],"author":[{"embeddable":true,"href":"http:\/\/blog.inmontanis.info\/index.php?rest_route=\/wp\/v2\/users\/1"}],"replies":[{"embeddable":true,"href":"http:\/\/blog.inmontanis.info\/index.php?rest_route=%2Fwp%2Fv2%2Fcomments&post=7641"}],"version-history":[{"count":4,"href":"http:\/\/blog.inmontanis.info\/index.php?rest_route=\/wp\/v2\/posts\/7641\/revisions"}],"predecessor-version":[{"id":7645,"href":"http:\/\/blog.inmontanis.info\/index.php?rest_route=\/wp\/v2\/posts\/7641\/revisions\/7645"}],"wp:attachment":[{"href":"http:\/\/blog.inmontanis.info\/index.php?rest_route=%2Fwp%2Fv2%2Fmedia&parent=7641"}],"wp:term":[{"taxonomy":"category","embeddable":true,"href":"http:\/\/blog.inmontanis.info\/index.php?rest_route=%2Fwp%2Fv2%2Fcategories&post=7641"},{"taxonomy":"post_tag","embeddable":true,"href":"http:\/\/blog.inmontanis.info\/index.php?rest_route=%2Fwp%2Fv2%2Ftags&post=7641"}],"curies":[{"name":"wp","href":"https:\/\/api.w.org\/{rel}","templated":true}]}}