{"id":7635,"date":"2022-07-02T18:23:49","date_gmt":"2022-07-02T16:23:49","guid":{"rendered":"http:\/\/blog.inmontanis.info\/?p=7635"},"modified":"2022-07-03T14:41:46","modified_gmt":"2022-07-03T12:41:46","slug":"koralpe-25-6-2-7-2022","status":"publish","type":"post","link":"http:\/\/blog.inmontanis.info\/?p=7635","title":{"rendered":"Koralpe, 25.6.-2.7.2022"},"content":{"rendered":"<p><strong>Sa, 25.6.2022<\/strong><\/p>\n<p>Aus diversen Holzresten der Couch wollte ich ja noch ein kleines Regal f\u00fcr&#8217;s Badezimmer basteln. War in ca. 2,5h erledigt (musste noch ein letztes St\u00fcck der Couch zerlegen + 2 Bretter in der Mitte durchschneiden &#8211; machte mir dann aber doch nur 3 F\u00e4cher. Da die 2 Seitenteile zwischen Wand und Gefrierschrank (und den 3 Fachb\u00f6den) einegklemmt werden, gibt es keine fixe Befestigung zwischen den Seiten oder der Seiten mit den Brettern.<\/p>\n<p><a href='http:\/\/extra.inmontanis.info\/d\/76243-2\/IMG_20220625_092324.jpg'><img src=http:\/\/extra.inmontanis.info\/d\/76242-3\/IMG_20220625_092324.jpg \/><\/a><br \/>\n^ Teile von der alten Couch .. es wird ein Regal.<\/p>\n<p><a href='http:\/\/extra.inmontanis.info\/d\/76247-3\/IMG_20220625_100851.jpg'><img src=http:\/\/extra.inmontanis.info\/d\/76246-4\/IMG_20220625_100851.jpg \/><\/a><br \/>\n^ 2 Seitenw\u00e4nde, die eine hat ja schon diese Plastikdinger vom ehemaligen Lattenrost, da muss ich nur irgendwie oben und unten eine Latte festmachen; in die 2. Seitenwand hab ich 3 Streben festgeschraubt, dort werden die Bretter (Zwischenb\u00f6den) draufgelegt.<\/p>\n<p>Die anderen Bretter in der Mitte dienten als Abstandshalter, damit das halbwegs gerade wird.<\/p>\n<p><a href='http:\/\/extra.inmontanis.info\/d\/76251-3\/IMG_20220625_105511.jpg'><img src=http:\/\/extra.inmontanis.info\/d\/76250-4\/IMG_20220625_105511.jpg \/><\/a><br \/>\n^ Durch Wand und Gefrierschrank eingeklemmt, sind die beiden Seitenw\u00e4nde und die Fachb\u00f6den nicht miteinander verschraubt. Somit auch einfach wieder zerlegbar. Die B\u00f6den wackeln noch nicht mal.<\/p>\n<p>Sch\u00f6n geht nat\u00fcrlich anders, aber hier reicht mir die Funktionalit\u00e4t. Wenn ich die Badfliesen mal gestrichen hab (hab mich noch nicht entschieden, welche Farben\/Muster, also grundlegend nat\u00fcrlich Wei\u00df plus Dunkelgr\u00fcn plus Dunkelblau, hier hab ich ja noch jeweils Farbreste \u00fcbrig), dann werd ich das Regal noch passend anstreichen &#8211; Hellblau, Dunkelblau, Gr\u00fcn, Dunkelbraun &#8211; das sind die Farben, die ich da h\u00e4tte und eine von denen wird es dann werden, tendenziell aber nicht mehr vor der n\u00e4chsten Reise. <\/p>\n<p><a href='http:\/\/extra.inmontanis.info\/d\/76255-3\/IMG_20220625_105624.jpg'><img src=http:\/\/extra.inmontanis.info\/d\/76254-4\/IMG_20220625_105624.jpg \/><\/a><br \/>\n^ Lackieren werd ich das Regal sp\u00e4ter mal, wenn ich die Fliesen gemacht hab.<\/p>\n<p>Auch unsch\u00f6n: Halskratzen. Da werd ich mir gestern unten in der Stadt was eingefangen haben? Naja, lieber jetzt als auf der Reise oder die Woche davor.<\/p>\n<p><strong>So, 26.6.2022<\/strong><\/p>\n<p>Heute noch mehr Internet genutzt als gestern (Weekend-Flat), Streamings, Updates, Karten am Handy runterladen, noch ein paar Amazonk\u00e4ufe (nutzt halt nix) .. 30-40 GB hab ich die beiden Tage verbraucht ;)<\/p>\n<p><strong>27.6.2022<\/strong><\/p>\n<p>Weiterhin leichte Halsschmerzen und vmtl. etwas Fieber- und Gliederschmerzen. Da werd ich heut wohl nicht viel weiterstreichen in der Wohnung. W\u00e4nde ja mittlerweile fertig, aber Decken fehlt noch viel. <\/p>\n<p>Das Ersatzteil f\u00fcr die Cam kam heute mit der Post. Leider ohne Erfolg, es war nicht die Bedieneinheit, die defekt war. Evtl. die Zuleitung, die an einer Stelle sehr geknickt aussah. Aber da weiter zu zerlegen h\u00e4tte noch viele Zwischenschritte ben\u00f6tigt, worauf ich keine Lust hatte. <\/p>\n<p><a href='http:\/\/extra.inmontanis.info\/d\/76259-3\/IMG_20220627_152724.jpg'><img src=http:\/\/extra.inmontanis.info\/d\/76258-4\/IMG_20220627_152724.jpg \/><\/a><br \/>\n^ Tja, das Teil mit den Bedienkn\u00f6pfen\/Drehrad (unten in Blau  eingsteckt) war nicht die Schuld f\u00fcr die Probleme meiner A7. Evtl. liegt&#8217;s an dem orangenen Teil, vielleicht an dem Knick. Aber das geht in den oberen Teil und das weiter zu zerlegen, da muss man dann fast alles zerlegen :-( Was ja als erstes nicht mehr funktioniert hatte: der REC-Button, der auf der rechten Seite h\u00e4ngt. Aber die 2 Button links funktionierten.<\/p>\n<p>Nach dem Zusammenbauen ging die Cam dann eigentlich gar nicht mehr vern\u00fcnftig &#8211; entweder hatte sich wieder irgendein komischer Modus aktiviert, oder ich hab sonst was besch\u00e4digt. Naja, egal, mit dem Tasten-Kurzsschluss war die Cam sowieso nicht mehr sinnvoll verwendbar. Und nein, so eine teure Volformat-Cam (1800 \u20ac) werd ich  mir nicht mehr kaufen. Andererseits w\u00fcrde sich wohl auch eine Reparatur lohnen, selbst wenn sie 500 \u20ac kosten sollte. Problem ist halt nur, dass das sicher 1 Monat dauern wird. K\u00f6nnte ich mir dann maximal zu meiner Mutter schicken lassen und f\u00fcr die n\u00e4chste Reise wieder verwenden.. <\/p>\n<p>907,- \u20ac w\u00fcrde meine A7II aktuell auf Amazon neu kosten .. Die g\u00fcnstigste neue Cam mit E-Mount (f\u00fcr meine Objektive+Adapter) ist die Sony A6000 um die 450 \u20ac, die waren vmtl. die Nachfolger der Nex-Serie, seit 2014, nur 4 Jahre j\u00fcnger als die Nex-5 ..?!<\/p>\n<p>Was meine A7II jetzt macht? Das Bild ist viel zu dunkel. Man kann kaum was erkennen. Wenn ich, offen, am Mainboard an den einzelnen Kabeln etwas dr\u00fcck, dann ist es wieder hell. Aber die Kabel stecken alle sauber drin. Also wird vielleicht noch irgendein Kabel zu sehr abgeknickt sein. Das restliche Zusammenbauen hab ich mir gespart.<\/p>\n<p>Von den alten Cams h\u00e4tte ich noch die NEX-5 da, zwar auf Infrarot umger\u00fcstet, aber den Sperrfilter hab ich wieder etwas sporadisch eingeklebt, als ich sie via ebay verkaufen wollte &#8211; was nicht geklappt hatte. Die aktuelle IR-Cam ist ja die Nex-5R. K\u00f6nnte ich vmtl. auch wieder verwenden .. jedenfalls wesentlich besser als Handy-Bilder ;) Wird bei Ebay noch um die 100-150 \u20ac gehandelt. <\/p>\n<p>Die A7ii schl\u00e4gt die beiden anderen nat\u00fcrlich insbesondere bei hohen ISO-Werten, also Nachtfotos. Und hat zudem eine mechanische Objektiv-\/Bild-Stabilisierung, die bei allen Objektiven funktioniert.<\/p>\n<p>St\u00f6rend an der alten Nex-5 ist ja der kaputte Batteriefachdeckel bzw. das abgebrochene Gegenst\u00fcck, so dass dieser nicht mehr h\u00e4lt und dauerhaft offen ist und nicht nur f\u00fcr die Batterie, sondern auch die SD-Karte ge\u00f6ffnet werden muss.  Au\u00dfer man l\u00e4dt Akku in der Cam (so das geht) und transferiert Bilder nur noch \u00fcber USB, dann m\u00fcsste man den Deckel seltener \u00f6ffnen. Oder man f\u00e4nde eine alternative Befestigungsm\u00f6glichkeit. Bis dahin .. Gewebeband.<\/p>\n<p><a href='http:\/\/extra.inmontanis.info\/d\/76263-3\/IMG_20220627_134715.jpg'><img src=http:\/\/extra.inmontanis.info\/d\/76262-4\/IMG_20220627_134715.jpg \/><\/a><br \/>\n^ Den Knopf von der Standheizung wieder fest zu bekommen, hab ich auch aufgegeben. Stattdessen nehm ich in Zukunft einen von zwei alten Pinsel (aus Schulzeiten), deren R\u00fcckseite in die runde Vertiefung passen, damit man den Knopf dr\u00fccken kann. Und die Bedienung ist ja so gebaut, dass man den Knopf so oft wie m\u00f6glich dr\u00fccken muss: Man kann keine t\u00e4glichen Timer setzen, man muss einen Timer nach der Zeiteingabe nochmal extra aktivieren, etc.<\/p>\n<p><strong>28.6.2022<\/strong><\/p>\n<p>Diese Woche ist das Haus nicht mehr so leer, es sind nun mehrere Wohnungen belegt, dazu geh\u00f6rt auch regelm\u00e4\u00dfig die Nachbarswohnung. Mit der Ruhe ist es somit vorbei.<\/p>\n<p><a href='http:\/\/extra.inmontanis.info\/d\/76267-3\/DSC01856.jpg'><img src=http:\/\/extra.inmontanis.info\/d\/76266-4\/DSC01856.jpg \/><\/a><br \/>\n^ Der orangene Fensterschaumstoff kann morgens zu viel Helligkeit reinlassen, daher mal testweise beidseitig blau lackiert. Ob das eine gute Idee ist oder ob das zu Abf\u00e4rbungen, insb. bei Feuchtigkeit, f\u00fchren wird, wird sich zeigen.<\/p>\n<p>\u00dcbrigens, was den Auto-Heizl\u00fcfter angeht mit den Y-Schrauben -> die hatte ich vor einigen Tagen aufgebohrt, anstatt einen &#8220;vielleicht passenden&#8221; Schraubendreher zu kaufen. Die Befestigung des Schalters ist abgebrochen -> hab den kompletten Schalter nun \u00fcberbr\u00fcckt, weil eine Umfallsicherung braucht der bei dem Breit-Format bei mir im Auto am Boden eh nicht. (Der zweite hatte sowas auch gar nicht) Von der Verschmutzung des Heizelements her ging er noch, nicht so extrem wie der Schuhtrockner, der dann ja gar nicht mehr funktionierte ..<\/p>\n<p>Wie auch gestern ging ich heute wieder am fr\u00fchen Nachmittag zum Auto runter, um ein paar Sachen zu testen. Gestern: Handschuhfach aufr\u00e4umen, Heute: alternative Platzierungen f\u00fcr den schwarzen Windschutzscheiben-Vorhang, um evtl. noch mehr inkognito zu n\u00e4chtigen ;) Schwierig, die beste L\u00f6sung w\u00e4r nat\u00fcrlich hinter den Sitzen, da st\u00f6rt es ggf. an den F\u00fc\u00dfen beim liegen + problematisch, wie fest zu machen (weil Seitenairbags). Alternativ vorne wie bisher befestigen und dann hinter die Sitze spannen, dann aber brauch ich weiterhin die vorderen Seitenschaumstoffe. Naja, werd ich unterwegs ausprobieren, eine sinnvolle Dachhimmelbefestigung f\u00e4llt mir ja auch nicht ein.<\/p>\n<p>Die Zeit (im Auto) w\u00e4hle ich dabei jeweils so, dass ich, ggf. mit etwas Warten im -sehr- warmen Auto, was bei meiner &#8220;Erk\u00e4ltung&#8221; momentan aber angenehm ist &#8211; den Postler abzupassen. Aktuell bekomm ich ja t\u00e4glich eine Lieferung von Amazon.<\/p>\n<p><strong>29.6.2022<\/strong><\/p>\n<p>Anscheinend hat das Weiter-Oben-Wohnen auch einen gewissen Nachteil: es hagelt \u00f6fters?! Wenn es auch diesmal nicht f\u00fcr wei\u00dfe Fl\u00e4chen gereicht hat, ging auch nur ein paar Sekunden. Aber so h\u00e4ufig wie ich das hier auf der Koralpe in meinen kurzen Besuchen gesehen hab, kann ich mich in Innsbruck nicht erinnern.<\/p>\n<p>Mittlerweile 23\u00b0 in der Wohnung, drau\u00dfen hatte es lt. Wetterbericht die letzten Tage (und auch die n\u00e4chsten) 20-22\u00b0,  Fenster entsprechend vormittags offen, nachmittags zu, nachts bisher auch zu, was ich nun bald \u00e4ndern werde m\u00fcssen.<\/p>\n<p>Damit ist es hier jedenfalls k\u00fchler als in Nordskandinavien, wo fast rauf bis zum Nordkapp 30\u00b0 momentan sein sollen &#8230; ich bleib dabei, viel besser \u00fcbersommern, was Temperatur angeht, als hier, geht fast nicht. Au\u00dfer noch 500m weiter oben nat\u00fcrlich ;)<\/p>\n<p>Ungekl\u00e4rt im Auto bleibt die Beleuchtung. Der erste (\u00e4ltere, l\u00e4ngere) Teil LED-Strip spinnt ja aufgrund der vielen Winkel und Abzweigungen ziemlich, aber der zweite, hellere, hat leider den Nachteil, dass die Fernbedienung keine benutzerdefinierten Modi abspeichern kann. Und es w\u00e4re dann sehr m\u00fchsam, vom hellen Licht abends f\u00fcr ein minimales Licht f\u00fcr nachts\/morgens umzuschalten.  Wobei ich ja sogar noch einen zweiten Teilstrip an einem eigenen Anschluss anh\u00e4ngen k\u00f6nnte.<\/p>\n<p>Zudem fallen mit der Zeit die Klettstreifen vom Dachhimmel und die aufs Holz mit Gewebeband geklebten Halterungen werden sp\u00e4testens durch die Hitze auch fast alle locker. Aber eben, ganz ohne den alten gehts auch nicht, weil der auch diverse F\u00e4cher, Bereiche und den K\u00fchlschrank beleuchtet. <\/p>\n<p>Was ich ja schon vor einiger Zeit gemerkt hab, als ich m\u00f6glichst wenig Fernsicht-Brille getragen hab: Die Nahsicht wird umso schlechter, je seltener ich die Brille trage. Das bezog sich schon auf die schw\u00e4chere Brille, die ich vor einiger Zeit &#8211; online &#8211; bestellt hatte, die ich eigentlich nur bei Dunkelheit ben\u00f6tige. Irgendwann hab ich die aber doch wieder \u00f6fter tags\u00fcber getragen, eben weil ich danach, wenn ich die Brille abnehm, eine bessere Nahsicht hab. <\/p>\n<p>Daher heute mal die \u00e4ltere Brille mit den st\u00e4rkeren Gl\u00e4sern rausgeholt. Die vertrag ich gar nich mehr. Also maximal drau\u00dfen, aber da hab ich ja meist eine normale Sonnenbrille an. Ansonsten strengt die so an, dass ich darauf lieber verzichte. Klar, etwas sch\u00e4rfer ist das Skigebiet beim Blick aus dem Fenster, aber .. vernachl\u00e4ssigbar .. und auf den Entfernungen innerhalb der Wohnung bekomm ich da fast gar nichts mehr &#8220;scharf&#8221;.<\/p>\n<p>Sinnlos geliefert heute: Die Augenmuschel f\u00fcr die A7-Cam, die ja jetzt defekt ist. Wollte es zur\u00fcckschicken, aber Amazon meinte wohl, das lohne sich bei den unter 15 \u20ac nicht und ich bekam die Erstattung so und darf das Teil behalten ..<\/p>\n<p>.. soll mir auch recht sein. Bei einer anderen, falschen Lieferung hab ich auf die Erstattung verzichtet, hatte mir ein Holzl\u00f6ffelset und ein Holzgabelset bestellt und beim Holzgabelset waren statt 2 Gabeln 1x Gabel+1x L\u00f6ffel dabei, also hab ich jetzt etwas viel L\u00f6ffel da. Zum Kochen im Auto verwend ich ja fast eh nur L\u00f6ffel, weil einfacher zu reinigen. (Jeweils beschichtet, weil unbeschichtet schmecken die Dinger dann zu sehr nach Holz.)<\/p>\n<p>Zus\u00e4tzlich, alternativ zur Gabel, hab ich mir mal noch einen Satz Essst\u00e4bchen mitbestellt. Die sollte man ja auch sehr einfach reinigen k\u00f6nnen. Ob ich die dann ben\u00f6tigen bzw. verwenden werden oder nicht, wird sich zeigen. So wirklich gut war ich im Essst\u00e4bchenbenutzen nie, auch wenn ich schon in der Kindheit in den 80ern damit hin und wieder gespielt hab &#8211; wenn ich mich recht erinnere, waren das irgendwelche China-Wochen bei McDonalds, wo man dann die St\u00e4bchen dazu haben konnte. <\/p>\n<p>Plastik-Gabeln h\u00e4tte ich ja genug, insb. von franz\u00f6sischen Fertiggerichten, wo die immer dabei waren, aber die haben den Nachteil, dass sie bei hei\u00dfen Pfannen\/T\u00f6pfen immer schmelzen anfangen, wird sicher auch nicht so gesund gewesen sein.. Eine Portion angebratenen Speck hatte ich sogar mal weggeschmissen, weil das ehemals wei\u00dfe Fett so gelb aussah und die Gabel pl\u00f6tzlich so kurz war  ;)<\/p>\n<p>(Metallbesteck f\u00e4llt wegen der Pfannen+Topf-Beschichtung weg.)<\/p>\n<p>Unabh\u00e4ngig vom Schnupfen breitet sich inzwischen eine Lustlosigkeit aus. Decke streichen? Ach, egal. Badfliesen streichen? Ach egal. Aufr\u00e4umen? Ach egal. Dieses und jenes machen vor und f\u00fcr die Reise? Ja, aber hat ja noch Zeit. (Und dann 2 Tage vor Abreise wieder Stress haben und nicht alles schaffen, ich kenn mich doch..)<\/p>\n<p><strong>30.6.2022<\/strong><\/p>\n<p>Eigentlich h\u00e4tte ich sp\u00e4testens heute nochmals runter in die Stadt wollen. Auto-Plakette holen (noch keine Antwort von der Zulassung erhalten, ob das jetzt geht), M\u00fcll weggebracht, R\u00fccksendungen aufgegeben, nochmal zum BK = Burger King (letzter Tag Gutscheine) -> aber immer noch Schnupfen, daher eingeschr\u00e4nkter Geschmack, also kann man sich das Geld wohl sparen. <\/p>\n<p>Was die Paketlieferung angeht \u00fcbrigens der gleiche Schei\u00df wie letztes Jahr: W\u00e4hrend Post und DPD die 1000hm rauff\u00e4hrt und die Sachen abliefert, gibt GLS das einfach in einem Paketshop im Tal ab. &#8220;Erfoglreich im Paketshop zugestellt&#8221; mit einer Info &#8220;Das Paket konnte nicht zugestellt werden, da der Empf\u00e4nger nicht angetroffen wurde.&#8221; Obwohl ich quasi um die gleiche Zeit gestern die Amazon-Pakete vom Postler erhalten hab. Faules GLS-Pack.<\/p>\n<p><a href='http:\/\/extra.inmontanis.info\/d\/76271-3\/IMG_20220630_123653.jpg'><img src=http:\/\/extra.inmontanis.info\/d\/76270-4\/IMG_20220630_123653.jpg \/><\/a><br \/>\n^ Test der beiden Akku-Staubsauger.<\/p>\n<p>Vorteile des wei\u00dfen Saugers (letztes Jahr ja in Schweden gekauft): kleiner, bei Saugstufe 2 kr\u00e4ftiger<br \/>\nNachteile des wei\u00dfen: Filter ist sehr schnell verstopf und das ist dann umst\u00e4ndlich und langwierig mit Wasser bzw. einer alten Zahnb\u00fcrste zu reinigen. Wie das beim gro\u00dfen sein wird, wei\u00df ich noch nicht, das ganze Filter-Teil selbst ist aber mal gr\u00f6\u00dfer ..<\/p>\n<p>Vorteile des schwarzen: mit dem Verl\u00e4ngerungsschlauch und des schmalen Saugerteils kommt man viel besser \u00fcberallhin. Und er ist ja auch zum Saugen von Fl\u00fcssigkeiten zugelassen.<br \/>\nNachteile des schwarzen: keine Klappe, um den Staub nach dem Ausschalten im Inneren zu lassen&#8230;<\/p>\n<p>N\u00e4chste Reise kommt also der neue mit.<\/p>\n<p><a href='http:\/\/extra.inmontanis.info\/d\/76275-3\/IMG_20220630_130004.jpg'><img src=http:\/\/extra.inmontanis.info\/d\/76274-4\/IMG_20220630_130004.jpg \/><\/a><br \/>\n^ K\u00f6nnte man ja mal probieren, den L\u00fcfter so einzubauen, damit warme Luft in den hintersten Bodenbereich geblasen wird. Ob ich mir dadurch im Winter einen Gefallen tu, schlie\u00dflich ist damit die Luft feuchter, die an den kalten Stellen kondensieren kann, so dass es ggf. noch mehr Kondens- und Schimmelprobleme gibt?! Naja, haupts\u00e4chlich werde ich die L\u00fcfter halt morgens einige Zeit laufen lassen. Dann wiederum ist warme Luft vielleicht besser, weil sie mehr Feuchtigkeit aufnehmen kann.<\/p>\n<p><strong>1.7.2022<\/strong><\/p>\n<p>Letzte Nacht mal mit offenem Fenster geschlafen. Logischerweise dadurch heller + lauter (V\u00f6gelgezwitscher, nachbarlicher, wenn auch zugegebenerma\u00dfen leiser, Radiol\u00e4rm vor 7 Uhr), aber temperaturm\u00e4\u00dfig nicht viel gebracht; da m\u00fcssten die N\u00e4chte wohl k\u00e4lter verlaufen &#8211; oder st\u00fcrmischer.<\/p>\n<p>In den Arm gestochen oder gebissen wurde ich heute Nacht auch von irgendwas &#8211; ich hab ja immer noch das billige, zu gro\u00dfl\u00f6chrige, Fliegennetz am Fenster, das ich erst austauschen wollte, wenn die Fenster repariert + gestrichen wurden. Der Handwerkerbesuch hat sich ja nun durch den Schnupfen diese Woche verschoben. So konnte ich aber mal den Anti-M\u00fcckenstich-Stick probieren, der ja f\u00fcr ein paar Sekunden die Stichstelle aufheizt und so den juckenden Grund vernichten soll. Hat funktioniert.<\/p>\n<p>Gesundheitlich wieder etwas weniger Druck im Kopf, daher wieder &#8220;etwas machen m\u00fcssen&#8221;, z.B. nachmittags 3 Paar Ski etwas bearbeit, etwas gereinigt, etwas Rost abgekratzt, paar L\u00f6cher ausgebessert und etwas hei\u00df gewachst.<\/p>\n<p>Die Arbeiten im Auto sollte ich dagegen eher am WE machen, da hab ich vormittags Zeit und vormittags steht das Auto noch eine Zeit lang im Schatten + es ist somit k\u00fchler. Es schwirren halt laufend ein paar von diesen kleineren &#8220;Wespen&#8221; rum, die nach einer Google-Suche wohl eher Schwebfliegen (ohne Stachel) und keine Wespen sind, und wollen unbedingt ins Auto, mal neben mir, mal hinter mir, mal ober mir .. <\/p>\n<p>Die verschwinden zwar, wenn man leicht rumfuchtelt, sind aber gleich wieder da. Neugieriges Pack, wirkt aber intelligenter als andere Fliegen. Auch wenn eine mal im Auto ist, fliegt die recht schnell wieder von selbst raus, wenn man das m\u00f6chte. Und zwar so, wie sie hereingekommen ist, durch die schmale T\u00fcr und will nicht durch die Windschutzscheibe oder versteckt sich irgendwo. <\/p>\n<p>Morgen Vormittag m\u00f6chte ich aber mal rauf zu den Skiliften fahren und evtl. eine kleine Wanderung machen. Betonung auf klein, also keine 300-400hm bis zum Gipfelgrat oder so. Viel zu anstrengend und warm ;)<\/p>\n<p>Nachmittags mal die Sachen aus dem Auto durchgeschaut, aussortiert, gereinigt. Interessanterweise: Schimmelbefall auf einer der Ersatz-Heizsohlen der Skischuhe (in Plastik, aber nicht dicht verpackt). <\/p>\n<p>Die Nex-5 hat im Gegensatz zu Nex-5R anscheinend doch einige Nachteile, insb. passt der ansteckbare EVF nicht. Vmtl. war das damals einer der Hauptgr\u00fcnde, dass ich mir die 5R gekauft hatte.<\/p>\n<p>K\u00f6nnte nat\u00fcrlich den IR-Sperrfilter statt in die 5 wieder in die 5R kleben. Wenn nur die 5R nicht auch seit einiger Zeit ihre Macken h\u00e4tte. Ich knipps ja nicht viel IR, daher kann ich damit leben, aber: 1x Foto machen und das erste Foto resultiert fast immer in einen &#8220;Kamerafehler, Kamera Ein\/Ausschalten&#8221;. Das Foto selbst wird zwar gespeichert, aber f\u00fcrs n\u00e4chste Foto muss man dann wieder extra einschalten. Insofern fraglich, wie lang die das als Haupt-Kamera noch mitmachen w\u00fcrde.. <\/p>\n<p>Andererseits mag ich das Verwenden vom Bildschirm, erst recht bei sonnigem Wetter und erst recht zum Fokusieren bei den von mir ja immer verwendeten manuellen Objektiven und erst recht jetzt mit meiner Alters-Nah-Unsichtigkeit gar nicht. Aber nutzt nix, ist momentan die g\u00fcnstigste Alternative.<\/p>\n<p>Och wie albern: Die Dose Spam, die ich seit 1 oder 2 Reisen mit rumgeschleppt hab, aber nie aufgemacht hatte (weil halt doch zu gro\u00df, um auf einmal zu Essen bzw. hatte ich immer was frischeres dabei), hat MHD Ende Juni 2022, also musste ich sie heute doch endlich aufmachen. Dann halt Bratkartoffeln dazu. Und noch eine britische Dose: Erbsenp\u00fcree, vor ca.\/mind. 2 Jahren via Amazon UK gekauft und ebenfalls mindestens die letzete Reise dabei, nun auch endlich aufgemacht. (Hatte es mir f\u00fcr Fish&#8217;n&#8217;chips aufgehoben, aber dazu kam ich dann doch nie).<\/p>\n<p>Aus der Gew\u00fcrzkiste gab es die franz\u00f6sische Mischung vom Buffalo Grill dazu, die ich vor vielen Jahren mal geschenkt bekam. Hoffentlich nicht verschimmelt :) Und etwas Parmesan und R\u00f6stzwiebeln, weil auch noch da und weg muss. Durchaus lecker gewesen.<\/p>\n<p><a href='http:\/\/extra.inmontanis.info\/d\/76279-3\/DSC01863.jpg'><img src=http:\/\/extra.inmontanis.info\/d\/76278-4\/DSC01863.jpg \/><\/a><br \/>\n^ Spam mit Bratkartoffeln und mushy peas<\/p>\n<p>Beim Anschauen auf der Karte gerade gesehen: Es gibt s\u00fcdlich der Koralpe, knapp n\u00f6rdlich der Grenze zu Slowenien, wohl sogar noch eine kurvenreiche Stra\u00dfe in den Osten, also in die Steiermark. Nennt sich &#8220;s\u00fcdsteirische Grenzstra\u00dfe&#8221;. H\u00e4tte ich gar nicht erwartet. Und: mit dem Auto in den n\u00e4chstbesten slowenischen Ort sind von mir aus ca. 42km. H\u00e4tte ich gern mal gemacht, wenn ich Grund gehabt h\u00e4tte, was einzukaufen..<\/p>\n<p>200km in die leider falsche Richtung l\u00e4ge das \u00f6sterreichische Mattenskigebiet am Schneeberg. W\u00e4re ja gern zum Vergleich, bevor ich nach UK fahre, endlich mal wieder Neveplast-Matten gefahren. Die gibts in UK nur auf Tubingbahnen und evtl. \u00dcbungsbereichen, nicht auf den Haupt-Skipisten. Das war damals ja meine erste Mattenskipiste, Selvino, Lombardei. Liegt aber genauso wenig am Weg. Wobei, in der &#8220;N\u00e4he&#8221; vom \u00f6sterreichischen Gebiet w\u00e4re auch ein ESL, den ich noch nie gefahren bin (weil kein Skigebiet mehr): Muckenkogel. Ne, zu hohe Benzinpreise f\u00fcr einen Tagesausflug. Vielleicht n\u00e4chstes Jahr, wenn ich sonst keine Sommerreise mach. <\/p>\n<p>Leider knapp verpasst: Ende Juli soll der Korblift in Prada am Gardasee tats\u00e4chlich wieder \u00f6ffnen.<\/p>\n<p>Ende Juli k\u00f6nnte fr\u00fchestens auch die Pferdetram auf der Isle of Man wieder in Betrieb sein. (Zuletzt 2019, wo es mir ja nicht mehr so gefiel; bis zum Hafen wurden die neuen Gleise aber eh noch nicht gebaut und fraglich, ob \u00fcberhaupt). Und die Trams in Crich fahren jetzt auch wieder. <\/p>\n<p><strong>Sa, 2.7.2022<\/strong><\/p>\n<p>Die morgendlichen 14\u00b0 hatten heute Nacht zu mehr Abk\u00fchlung in der Wohnung dank offenem Fenster gef\u00fchrt.<\/p>\n<p>Heute also endlich mal zu den Liften raufgefahren, da ein paar Fotos gemacht und zum Wasserfall gewollt. Der Weg ging leider erst  einige St\u00fccke bergab, bevor es wieder steiler anzog. Und abgesehen vom anf\u00e4nglichen Schatten, wurde es bald sehr sonnig und zur fr\u00fchen Zeit wolkenlos.<\/p>\n<p>Abzweigung an der Br\u00fccke: entweder weiter auf dem Schotterweg, steil + komplett in der Sonne, oder der Wanderweg durch den Wald leider matschig \/ nass. Auf beides keine Lust gehabt und wieder umgekehrt. Naja, bissl Wasserfall hatte ich ja :) Aber der Hautpwasserfall w\u00e4r wohl weiter oben.<\/p>\n<p><a href='http:\/\/ski.inmontanis.info\/d\/305946-2\/DSC01864.jpg'><img src=http:\/\/ski.inmontanis.info\/d\/305945-3\/DSC01864.jpg \/><\/a><br \/>\n^ Erster Parkplatz vom Skigebiet ist an der 4KSB (zu der man mit dem Aufzug kommt), die aber letzten Winter wohl nicht in Betrieb war.<\/p>\n<p><a href='http:\/\/ski.inmontanis.info\/d\/305950-2\/DSC01866.jpg'><img src=http:\/\/ski.inmontanis.info\/d\/305949-3\/DSC01866.jpg \/><\/a><br \/>\n^ Sommerplan<\/p>\n<p><a href='http:\/\/ski.inmontanis.info\/d\/305954-2\/DSC01865.jpg'><img src=http:\/\/ski.inmontanis.info\/d\/305953-3\/DSC01865.jpg \/><\/a><br \/>\n^ Als zweites kommt man einer ehemaligen PB vorbei, ging evtl. zur Sendeanlage am Gipfel<\/p>\n<p><a href='http:\/\/ski.inmontanis.info\/d\/305958-2\/DSC01869.jpg'><img src=http:\/\/ski.inmontanis.info\/d\/305957-3\/DSC01869.jpg \/><\/a><br \/>\n^ Ex-PB<\/p>\n<p><a href='http:\/\/ski.inmontanis.info\/d\/305962-2\/DSC01870.jpg'><img src=http:\/\/ski.inmontanis.info\/d\/305961-3\/DSC01870.jpg \/><\/a><br \/>\n^ Ex-PB<\/p>\n<p><a href='http:\/\/ski.inmontanis.info\/d\/305966-2\/DSC01873.jpg'><img src=http:\/\/ski.inmontanis.info\/d\/305965-3\/DSC01873.jpg \/><\/a><br \/>\n^ Ex-PB<\/p>\n<p><a href='http:\/\/ski.inmontanis.info\/d\/305970-2\/DSC01867.jpg'><img src=http:\/\/ski.inmontanis.info\/d\/305969-3\/DSC01867.jpg \/><\/a><br \/>\n^ \u00dcber diese Stra\u00dfe k\u00e4me man zum Gipfel, aber das Zusatzschild am Fahrverbotsschild erw\u00e4hnt auch explizit &quot;gilt auch f\u00fcr Fahrr\u00e4der&quot;. Ob das Fahrverbot auch f\u00fcr mein elektrisches Einrad und\/oder den Bergm\u00f6nch gelten w\u00fcrde? Sollen&#8217;s halt Maut verlangen und die Stra\u00dfe f\u00fcr PKW \u00f6ffnen..<\/p>\n<p><a href='http:\/\/ski.inmontanis.info\/d\/305974-2\/DSC01874.jpg'><img src=http:\/\/ski.inmontanis.info\/d\/305973-3\/DSC01874.jpg \/><\/a><br \/>\n^ Rechts die Ex-PB<\/p>\n<p><a href='http:\/\/ski.inmontanis.info\/d\/305978-2\/DSC01877.jpg'><img src=http:\/\/ski.inmontanis.info\/d\/305977-3\/DSC01877.jpg \/><\/a><br \/>\n^ Forstweg zum Wasserfall<\/p>\n<p><a href='http:\/\/ski.inmontanis.info\/d\/305982-2\/DSC01880.jpg'><img src=http:\/\/ski.inmontanis.info\/d\/305981-3\/DSC01880.jpg \/><\/a><br \/>\n^ Tal mit dem Wasserfall bzw. ist ja auch hier ein Wasserfall. Aber weiter oben soll auch noch einer sein.<\/p>\n<p><a href='http:\/\/ski.inmontanis.info\/d\/305986-2\/DSC01881.jpg'><img src=http:\/\/ski.inmontanis.info\/d\/305985-3\/DSC01881.jpg \/><\/a><br \/>\n^ Wasserfall<\/p>\n<p><a href='http:\/\/ski.inmontanis.info\/d\/305990-2\/DSC01882.jpg'><img src=http:\/\/ski.inmontanis.info\/d\/305989-3\/DSC01882.jpg \/><\/a><br \/>\n^ Wohl die (linke) R\u00fcckseite vom Skigebiet<\/p>\n<p><a href='http:\/\/ski.inmontanis.info\/d\/305994-2\/DSC01883.jpg'><img src=http:\/\/ski.inmontanis.info\/d\/305993-3\/DSC01883.jpg \/><\/a><br \/>\n^ Hier bin ich dann nicht mehr weiter &#8211; der Fahrweg links steil und in der Sonne, der Wanderweg rechts matschig-nass.<\/p>\n<p><a href='http:\/\/ski.inmontanis.info\/d\/305998-2\/DSC01890.jpg'><img src=http:\/\/ski.inmontanis.info\/d\/305997-3\/DSC01890.jpg \/><\/a><br \/>\n^ Das Wasser kann man hier trockenen Fu\u00dfes auf festen Felsen queren<\/p>\n<p><a href='http:\/\/ski.inmontanis.info\/d\/306002-2\/DSC01892.jpg'><img src=http:\/\/ski.inmontanis.info\/d\/306001-3\/DSC01892.jpg \/><\/a><br \/>\n^ Skigebiet \/ Parkpl\u00e4tze<\/p>\n<p><a href='http:\/\/ski.inmontanis.info\/d\/306006-2\/DSC01893.jpg'><img src=http:\/\/ski.inmontanis.info\/d\/306005-3\/DSC01893.jpg \/><\/a><br \/>\n^ Talstationen der beiden Hauptliftachsen<\/p>\n<p><a href='http:\/\/ski.inmontanis.info\/d\/306010-2\/DSC01896.jpg'><img src=http:\/\/ski.inmontanis.info\/d\/306009-3\/DSC01896.jpg \/><\/a><br \/>\n^ Der Hipfellift erschlie\u00dft die linke Flanke (Stemag)<\/p>\n<p><a href='http:\/\/ski.inmontanis.info\/d\/306014-2\/DSC01898.jpg'><img src=http:\/\/ski.inmontanis.info\/d\/306013-3\/DSC01898.jpg \/><\/a><br \/>\n^ SL Steinschneider und Raiffeisen<\/p>\n<p><a href='http:\/\/ski.inmontanis.info\/d\/306018-2\/DSC01899.jpg'><img src=http:\/\/ski.inmontanis.info\/d\/306017-3\/DSC01899.jpg \/><\/a><br \/>\n^ Hipfellift und Abfahrten<\/p>\n<p><a href='http:\/\/ski.inmontanis.info\/d\/306022-2\/DSC01901.jpg'><img src=http:\/\/ski.inmontanis.info\/d\/306021-3\/DSC01901.jpg \/><\/a><br \/>\n^ SL Steinschneider und Raiffeisen, der linke hat eine Kurve, daher ist das linke Seil weit links<\/p>\n<p><a href='http:\/\/ski.inmontanis.info\/d\/306026-2\/DSC01902.jpg'><img src=http:\/\/ski.inmontanis.info\/d\/306025-3\/DSC01902.jpg \/><\/a><br \/>\n^ Hipfellift und Abfahrten<\/p>\n<p><a href='http:\/\/ski.inmontanis.info\/d\/306030-2\/DSC01904.jpg'><img src=http:\/\/ski.inmontanis.info\/d\/306029-3\/DSC01904.jpg \/><\/a><br \/>\n^ SL Steinschneider und Raiffeisen, von de Pretis (K\u00e4rnten)<\/p>\n<p><a href='http:\/\/ski.inmontanis.info\/d\/306034-2\/DSC01905.jpg'><img src=http:\/\/ski.inmontanis.info\/d\/306033-3\/DSC01905.jpg \/><\/a><br \/>\n^ Pistenplan. Leider soll ja der Gipfel-SL auch nur selten in Betrieb sein. Wegen dem geriet aber nat\u00fcrlich der Plan schon vor vielen Jahren auf meine Wunschliste. Wann wird mein 1. Skitag hier sein? Ohne 4KSB und ohne Gipfellift ist das Skigebiet aber schon stark kastriert. (rechts Sonnhof, von da ging auch mal ein Lift hinauf, quasi die untere Sektion des Gipfel-SL)<\/p>\n<p><a href='http:\/\/ski.inmontanis.info\/d\/306038-2\/DSC01906.jpg'><img src=http:\/\/ski.inmontanis.info\/d\/306037-3\/DSC01906.jpg \/><\/a><br \/>\n^ Hipfellift und Abfahrten, Parkpl\u00e4tze, Kassen, &#8230;<\/p>\n<p>Hier in der Gegend scheint man beim B\u00e4cker wei\u00dfe Brezen h\u00e4ufiger zu bekommen als Laugenbrezen, letzte Woche in der Stadt, heute hier oben. Schauen aber sonst gleich aus (gleiche Gr\u00f6\u00dfe, mit Salz bestreut, aber vom Teig her eher wie eine Salzstange). Direkt an den Liften ist n\u00e4mlich ein kleiner B\u00e4cker, Freitag und Samtag gibt&#8217;s abends wohl sogar Pizza. Vielleicht hol ich mir n\u00e4chsten Freitag mal eine?  Witzigerweise soll die B\u00e4ckerei (von Berlinern gef\u00fchrt) tats\u00e4chlich hier oben sein + auch Gesch\u00e4fte im Tal beliefern. (Nicht umgekehrt.) Vielleicht war das letzte Woche in der Stadt also die Breze vom selben B\u00e4cker..<\/p>\n<p>Nach dem Ausflug zur 4KSB hatten mir meine Knie auch schon geschmerzt, da war heute also eh nicht mehr drin. Das schlimmste am Wandern &#8211; neben den Knieproblemen beim Abstieg &#8211; ist aber ja das Schwitzen, ich mag mich nicht nassschwitzen.<\/p>\n<p><a href='http:\/\/ski.inmontanis.info\/d\/306042-2\/DSC01908.jpg'><img src=http:\/\/ski.inmontanis.info\/d\/306041-3\/DSC01908.jpg \/><\/a><br \/>\n^ Bevor die 4KSB noch verkauft und abgebaut wird, noch ein paar Fotos. Kassen und Aufzug, links geht ein Weg hinauf (bei Schnee wohl auch abfahrbar)<\/p>\n<p><a href='http:\/\/ski.inmontanis.info\/d\/306046-2\/DSC01909_001.jpg'><img src=http:\/\/ski.inmontanis.info\/d\/306045-3\/DSC01909_001.jpg \/><\/a><br \/>\n^ Abfahrt 4KSB<\/p>\n<p><a href='http:\/\/ski.inmontanis.info\/d\/306050-2\/DSC01912.jpg'><img src=http:\/\/ski.inmontanis.info\/d\/306049-3\/DSC01912.jpg \/><\/a><br \/>\n^ 4KSB-Talstation<\/p>\n<p><a href='http:\/\/ski.inmontanis.info\/d\/306054-2\/DSC01913.jpg'><img src=http:\/\/ski.inmontanis.info\/d\/306053-3\/DSC01913.jpg \/><\/a><br \/>\n^ 4KSB-Talstation, lt. Schild 1449m lang und 322 hm. W\u00e4r ja gar nicht so \u00fcbel.<\/p>\n<p><a href='http:\/\/ski.inmontanis.info\/d\/306058-2\/DSC01915.jpg'><img src=http:\/\/ski.inmontanis.info\/d\/306057-3\/DSC01915.jpg \/><\/a><br \/>\n^ Pistenplan an der 4KSB<\/p>\n<p><a href='http:\/\/ski.inmontanis.info\/d\/306062-2\/DSC01916.jpg'><img src=http:\/\/ski.inmontanis.info\/d\/306061-3\/DSC01916.jpg \/><\/a><br \/>\n^ Cash only. Irgendwann hei\u00dfts mal eCash only, wie in Skandinavien teilweise schon der Fall ..<\/p>\n<p><a href='http:\/\/ski.inmontanis.info\/d\/306066-2\/DSC01917_001.jpg'><img src=http:\/\/ski.inmontanis.info\/d\/306065-3\/DSC01917_001.jpg \/><\/a><br \/>\n^ Der Steg vom Aufzug bietet sch\u00f6ne Panoramablicke<\/p>\n<p><a href='http:\/\/ski.inmontanis.info\/d\/306070-2\/DSC01919.jpg'><img src=http:\/\/ski.inmontanis.info\/d\/306069-3\/DSC01919.jpg \/><\/a><br \/>\n^ Panorama am Aufzug<\/p>\n<p><a href='http:\/\/ski.inmontanis.info\/d\/306074-3\/DSC01920.jpg'><img src=http:\/\/ski.inmontanis.info\/d\/306073-4\/DSC01920.jpg \/><\/a><br \/>\n^ Blick runter nach Wolfsberg<\/p>\n<p><a href='http:\/\/ski.inmontanis.info\/d\/306078-3\/DSC01921.jpg'><img src=http:\/\/ski.inmontanis.info\/d\/306077-4\/DSC01921.jpg \/><\/a><br \/>\n^ .. und in Richtung Slowenien, einige der Gipfel k\u00f6nnten schon in Slowenien sein &#8211; oder die Grenze AT-SI ausmachen.<\/p>\n<p><a href='http:\/\/ski.inmontanis.info\/d\/306082-2\/DSC01922.jpg'><img src=http:\/\/ski.inmontanis.info\/d\/306081-3\/DSC01922.jpg \/><\/a><br \/>\n^ Aufzug &#8211; 4KSB<\/p>\n<p><a href='http:\/\/ski.inmontanis.info\/d\/306086-3\/DSC01923.jpg'><img src=http:\/\/ski.inmontanis.info\/d\/306085-4\/DSC01923.jpg \/><\/a><br \/>\n^ Und noch ein Blick auf die andere Seite vom Steg<\/p>\n<p><a href='http:\/\/ski.inmontanis.info\/d\/306090-3\/DSC01918.jpg'><img src=http:\/\/ski.inmontanis.info\/d\/306089-4\/DSC01918.jpg \/><\/a><br \/>\n^ 4KSB+Abfahrt<\/p>\n<p>Fotografiert hab ich heute nicht nur mit der alten Cam, sondern mit meinem alten Lieblingsobjektiv von damals. Das Tokina 17mm hab ich auf der A7ii nicht verwendet, da es an den R\u00e4ndern oder zumindest einer Seite zu unscharf wird und mir die 20mm des neuen, lichtstarken Objektivs auf Vollformat ja gereicht haben. Jetzt wieder am kleineren (glaub APS-C-) Sensor mit 1,5x Crop, h\u00e4tte das 20mm Objektiv 20*1,5 = 30mm &#8211; \u00c4quivalent und das 17mm ist mit 17*1,5 = 25,5mm wesentlich weitwinkliger.<\/p>\n<p>Aber das 20er hat einige Vorteile (wenn auch den Nachteil des viel gr\u00f6\u00dferen Gewichts), weshalb ich es vielleicht doch generell vorziehen w\u00fcrde. N\u00e4chster Fotoausflug also wieder mit dem neuen. In den letzten Monaten hatte ich auf der A7ii ja fast immer das Canon 28mm &#8211; Objektiv drauf. Weil mir das 20er fast zu weitwinkelig (und schwer und gro\u00df) war und ich regelm\u00e4\u00dfig die Bilder beschnitten hab. Evtl. ist das 20mm auf der kleinen Nex als Quasi-30er Objektiv also perfekt?!<\/p>\n<p>Wieder daheim angekommen, 2 Ent\u00e4uschungen..<\/p>\n<p>1. wollte ich Ersatzrad+Skitr\u00e4ger+Dachtr\u00e4ger wegtun. Als ich das Schloss sah, womit ich alles ja nochmals verzurrt hatte, bef\u00fcrchtete ich schon das Schlimmste, und das trat ein: Der Schl\u00fcssel l\u00e4sst sich nicht mal reinstecken. Also wir sind noch nicht mal so weit, dass sich das Schloss vielleicht nicht drehen k\u00f6nnte. Hab etliches an WD40 reingespr\u00fcht, aber der Schl\u00fcssel ging nicht weiter. Ich lass es jetzt also mal bis morgen einziehen, vielleicht hilft das was. H\u00e4tt ich das Schloss mal besser hinter den Reifen statt ganz vorne gehabt, dann w\u00e4re es zumindest mal weniger verdreckt worden. Und nach unten gerichtet, dass nicht laufend das Wasser reinl\u00e4uft. Oder auf der Reise hin und wieder probiert, ob es noch geht&#8230;<\/p>\n<p>Ich hab keine Ahnung, ob ich im Falle eines Reifenschadens so das Ersatzrad \u00fcberhaupt h\u00e4tte rausholen k\u00f6nnen ;) Vielleicht schon, weil das Metall-Kabel nicht gar so fest sitzt und nicht \u00fcber Kreuz verlegt ist. Fixiert ist das Rad ja haupts\u00e4chlich durch das Verzurrband.<\/p>\n<p><a href='http:\/\/extra.inmontanis.info\/d\/76283-3\/IMG_20220702_103843.jpg'><img src=http:\/\/extra.inmontanis.info\/d\/76282-4\/IMG_20220702_103843.jpg \/><\/a><br \/>\n^ Schl\u00fcssel geht nicht mehr in Schloss &#8211; wird mich das WD40 noch retten k\u00f6nnen?<\/p>\n<p>2. Danach zickte der Auto-Startknopf wieder rum. Also, es liegt definitiv weder an der K\u00e4lte, noch an einer schwachen Schl\u00fcsselbatterie &#8211; die wurde im Zuge des Service n\u00e4mlich getauscht. Das sporadische Problem bleibt sporadisch bestehen.<\/p>\n<p>Und: ich hab mich doch dazu entschlossen, den Bettmatratzen\u00fcberzug zu waschen. Weil ich eh das Bett raufnehmen musste, damit ich morgen die elektrischen Arbeiten machen kann (st\u00f6rt sonst). Ob nun die Matratze auch schon leicht verschimmelt ist, keine Ahnung, ich geh mal davon aus, dass das nur Abf\u00e4rbungen des \u00dcberzugs sind. <\/p>\n<p>Wann ich den \u00dcberzug zuletzt gewaschen hab? Keine Ahnung. Evtl. bei Umstellung Qubo-Ignis? St\u00f6rt mich jetzt auch nicht weiter. Einen Stuhl\u00fcberzug oder Couch oder Autositz, w\u00e4scht man ja normalerweise auch nicht regelm\u00e4\u00dfig. Komisch eigentlich, dass man dann antrainiert wurde, das Betttuch regelm\u00e4\u00dfig zu waschen?! Achja, die Milben .. ;) Da hab ich letztens gelesen, dass es sogar schon Milben gibt, die in der Gesichtshaut leben&#8230; Klar, bei fremden Betten oder G\u00e4sten. Oder wenn jemand nackt schl\u00e4ft. Oder wenn irgendwelche K\u00f6rpers\u00e4fte &#8230;.<\/p>\n<p>Vor einer Woche hab ich endlich einen Counter auf meinem Blog installiert, da ich wissen wollte, wie h\u00e4ufig meine Berichte, insbesonders die aktuell weniger interessanteren, gelesen werden. Bei nur 10 Lesern h\u00e4tte ich es wohl gelassen. Auch wenn ich nat\u00fcrlich oft selbst von meinen alten Aufzeichnungen profitiere. Aber es sind doch wesentlich mehr als 10.<\/p>\n<p>Und war durchaus \u00fcberrascht:<br \/>\n&#8211; Insg. wurden diverse Berichte in Summe in dieser einen Woche knapp 2000x aufgerufen, d.h. \u00fcber 250 gelesene Beitr\u00e4ge pro Tag.<br \/>\n&#8211; der letzte Bericht Schimmel\/Abrechnung wurde 312x aufgerufen, Hintertux 274x (wobei da ja die erste Woche fehlte).<br \/>\n&#8211; Kurioserweise war auch ein alter Bericht sehr gefragt: Ein Tag von meiner 2009er UK-Tour wurde 74x aufgerufen. Da ich auf Google keinen verwendeten Link gefunden hab, wird das wohl bedeuten, dass dieser Bericht wohl irgendwo verlinkt wurde, aber diese Seite entweder nur f\u00fcr Mitglieder, aber zumindest nicht f\u00fcr Google offen durchforstet werden kann.<\/p>\n<p>Da es auch nach wie vor Interesse an alten Berichten gibt, werde ich wohl auch endlich mal das umsetzen, was ich mir schon seit einigen Monaten vorgenommen habe: Die Kategorien nicht nur auf L\u00e4nder, sondern auf Gebiete\/Ortschaften runterbrechen. Dachte, da h\u00e4tte ich jetzt daheim Zeit. War aber mal wieder nicht so.<\/p>\n<p>&#8212;<\/p>\n<p>Es gibt ja sogar Leute, die wissen, wie der Westen l\u00fcgt, es aber trotzdem (oder genau deswegen) f\u00fcr gut hei\u00dfen. Ausschnitt aus einem Skype-Chat letztens:<\/p>\n<p>&#8220;Bist du eigentlich immer noch Nato-Fan? Nach den ganzen Sanktionen, die der EU mehr Schaden als Russland zuf\u00fchren, der von USA-Regierung&#038;Milit\u00e4r bezahlten Rand-Studie von 2019, bei der es nur darum geht, wie man Russland am besten schaden kann und dem ganzen (gelogenen) D\u00fcnnschiss, den Stoltenberg laufend verbreitet (aktuell: &#8220;denn die Ukraine erlebt eine Brutalit\u00e4t, die wir seit dem Zweiten Weltkrieg nicht mehr gesehen haben&#8221;) und \u00fcberhaupt bei der ganzen antirussischen L\u00fcgen-Propaganda der westlichen Mainstream-Medien?&#8221;<\/p>\n<p>.. folgte als Antwort:<\/p>\n<p>&#8220;Ja und ich halte das auch f\u00fcr richtig&#8221;<\/p>\n<p>.. was soll man dazu noch sagen?!<\/p>\n<p>A propos &#8220;ja und nein&#8221; &#8211; interessanter, englischsprachiger Artikel dar\u00fcber:<br \/>\n<a href='https:\/\/en.wikipedia.org\/wiki\/Yes_and_no'>https:\/\/en.wikipedia.org\/wiki\/Yes_and_no<\/a><\/p>\n<p>&#8211;<br \/>\nDie Nord-Amerikanische (synonymhaft: Nord-Atlantische) Terror-Organisation, NATO abgek\u00fcrzt, l\u00e4sst nun endg\u00fcltig die Hosen runter: Russland ist &#8220;Staatsfeind Nummer 1&#8221;. Und China &#8220;Staastfeind Nummer 2&#8221;. Nun endg\u00fcltig. Und offiziell zugegeben. <\/p>\n<p>&#8220;Die NATO erkl\u00e4rt Russland zur bedeutendsten und unmittelbarsten Sicherheitsbedrohung f\u00fcr das B\u00fcndnis.&#8221;<\/p>\n<p>Warum? Wann hat Russland denn ein Nato-Land bedroht? Oder die EU?! Eher umgekehrt ist&#8217;s doch wohl der Fall.<\/p>\n<p>&#8220;Das ist das Ende der Welt, wie wir sie bisher kannten.&#8221;:<\/p>\n<blockquote><p>\nZusammen mit dem unvermeidlichen wirtschaftlichen Einbruch wird die Bev\u00f6lkerung des Westens sp\u00fcrbar verarmen. Das Leben, wie wir es vor Corona kannten, als wir alle frei waren und reisen konnten und einen gewissen Wohlstand hatten, ist definitiv und f\u00fcr lange Zeit vorbei, was westliche Politiker auch offen sagen. Man fragt sich unversehens, ob die Politiker von ihren W\u00e4hlern gew\u00e4hlt wurden, um die Verarmung der W\u00e4hler herbeizuf\u00fchren?<\/p>\n<p>Und schuld an der unvermeidlichen Verarmung sind weder Russland noch China, sondern die Entscheidung der USA, zusammen mit ihren Vasallen offen auf Konfrontationskurs zu gehen und die bestehenden politischen und wirtschaftlichen Verbindungen mit einem gro\u00dfen Teil der Welt einfach zu kappen.\n<\/p><\/blockquote>\n<p><a href='https:\/\/www.anti-spiegel.ru\/2022\/das-ende-der-welt-wie-wir-sie-kannten\/'>https:\/\/www.anti-spiegel.ru\/2022\/das-ende-der-welt-wie-wir-sie-kannten\/<\/a><\/p>\n<p>.. und was die Chinesen davon halten&#8230;<br \/>\n<a href='https:\/\/rtde.site\/international\/142409-china-kritisiert-neues-strategiekonzept-nato\/'>https:\/\/rtde.site\/international\/142409-china-kritisiert-neues-strategiekonzept-nato\/<\/a><\/p>\n<p>Mir pers\u00f6nlich gefallen ja beide Weltordnungen nicht. Ich mag keinesfalls eine dystopische Weltdiktatur durch Gro\u00dfkonzerne oder \u00e4hnlichen machtgeilen Organisationen, die im Westen geplant sind. Die multipolare, Souver\u00e4ne Nationalstaaten Idee auf der andere Seite find ich aber auch nicht viel besser. Wie schon mal gesagt: Nationalstaaten und Religionen = Hauptschuld f\u00fcr Kriege => besser alles aufl\u00f6sen. Vielleicht g\u00e4be es ja noch einen dritten Weg?!<\/p>\n<p>&#8211;<\/p>\n<p>Diese &#8220;schei\u00df Franzosen&#8221; haben doch tats\u00e4chlich die 3G-Einreisepflicht &#8220;bis mindestens M\u00e4rz 2022&#8221; verl\u00e4ngert. Ich wei\u00df gar nicht, ob ich je wieder nach Frankreich will, im Winter jedenfalls mal nicht. Daf\u00fcr gibt es &#8211; erstaunlich, erstaunlich &#8211; in Finnland seit 1.7. wieder freie Einreise. <\/p>\n<p>&#8211;<\/p>\n<p>Tacheles 89, wer mal \u00fcber 2h Zeit hat, sollte sich das wieder einmal reinziehen:<\/p>\n<p><a href='https:\/\/www.youtube.com\/watch?v=Kw5rr8-mmiM'>https:\/\/www.youtube.com\/watch?v=Kw5rr8-mmiM<\/a><\/p>\n<p>&#8211;<br \/>\nDer Westen isoliert nicht Russland, er isoliert sich selbst:<br \/>\n<a href='https:\/\/www.anti-spiegel.ru\/2022\/der-neue-eiserne-vorhang-und-das-ende-des-wohlstandes-im-westen\/'>https:\/\/www.anti-spiegel.ru\/2022\/der-neue-eiserne-vorhang-und-das-ende-des-wohlstandes-im-westen\/<\/a><\/p>\n<p><a href='https:\/\/www.anti-spiegel.ru\/2022\/wollen-die-usa-russland-als-staat-zerschlagen\/'>https:\/\/www.anti-spiegel.ru\/2022\/wollen-die-usa-russland-als-staat-zerschlagen\/<\/a><\/p>\n","protected":false},"excerpt":{"rendered":"<p>Sa, 25.6.2022<\/p>\n<p>Aus diversen Holzresten der Couch wollte ich ja noch ein kleines Regal f\u00fcr&#8217;s Badezimmer basteln. War in ca. 2,5h erledigt (musste noch ein letztes St\u00fcck der Couch zerlegen + 2 Bretter in der Mitte durchschneiden &#8211; machte mir dann aber doch nur 3 F\u00e4cher. Da die 2 Seitenteile zwischen Wand und Gefrierschrank (und <a href=\"http:\/\/blog.inmontanis.info\/?p=7635\">[&#8230;]<\/a><\/p>\n","protected":false},"author":1,"featured_media":7639,"comment_status":"closed","ping_status":"closed","sticky":false,"template":"","format":"standard","meta":{"footnotes":""},"categories":[24,13,30],"tags":[49,52,47,86],"class_list":["post-7635","post","type-post","status-publish","format-standard","has-post-thumbnail","hentry","category-tagestour","category-austria","category-wandern","tag-4sb","tag-pb","tag-sl","tag-wasserfall","odd"],"_links":{"self":[{"href":"http:\/\/blog.inmontanis.info\/index.php?rest_route=\/wp\/v2\/posts\/7635","targetHints":{"allow":["GET"]}}],"collection":[{"href":"http:\/\/blog.inmontanis.info\/index.php?rest_route=\/wp\/v2\/posts"}],"about":[{"href":"http:\/\/blog.inmontanis.info\/index.php?rest_route=\/wp\/v2\/types\/post"}],"author":[{"embeddable":true,"href":"http:\/\/blog.inmontanis.info\/index.php?rest_route=\/wp\/v2\/users\/1"}],"replies":[{"embeddable":true,"href":"http:\/\/blog.inmontanis.info\/index.php?rest_route=%2Fwp%2Fv2%2Fcomments&post=7635"}],"version-history":[{"count":4,"href":"http:\/\/blog.inmontanis.info\/index.php?rest_route=\/wp\/v2\/posts\/7635\/revisions"}],"predecessor-version":[{"id":7640,"href":"http:\/\/blog.inmontanis.info\/index.php?rest_route=\/wp\/v2\/posts\/7635\/revisions\/7640"}],"wp:featuredmedia":[{"embeddable":true,"href":"http:\/\/blog.inmontanis.info\/index.php?rest_route=\/wp\/v2\/media\/7639"}],"wp:attachment":[{"href":"http:\/\/blog.inmontanis.info\/index.php?rest_route=%2Fwp%2Fv2%2Fmedia&parent=7635"}],"wp:term":[{"taxonomy":"category","embeddable":true,"href":"http:\/\/blog.inmontanis.info\/index.php?rest_route=%2Fwp%2Fv2%2Fcategories&post=7635"},{"taxonomy":"post_tag","embeddable":true,"href":"http:\/\/blog.inmontanis.info\/index.php?rest_route=%2Fwp%2Fv2%2Ftags&post=7635"}],"curies":[{"name":"wp","href":"https:\/\/api.w.org\/{rel}","templated":true}]}}