{"id":7627,"date":"2022-06-24T13:35:11","date_gmt":"2022-06-24T11:35:11","guid":{"rendered":"http:\/\/blog.inmontanis.info\/?p=7627"},"modified":"2022-06-26T14:22:30","modified_gmt":"2022-06-26T12:22:30","slug":"schimmel-abrechnung-9-monate-skandinavien-uk-reiseplanungen-16-6-24-6-2022","status":"publish","type":"post","link":"http:\/\/blog.inmontanis.info\/?p=7627","title":{"rendered":"Schimmel \/ Abrechnung 9 Monate Skandinavien  \/ UK-Reiseplanungen, 16.6.-24.6.2022"},"content":{"rendered":"<p><strong>Do, 16.6.2022<\/strong> <\/p>\n<p>Wir n\u00e4hern uns dem Abschlussbericht der Skandinavienreise &#8230;<\/p>\n<p>&#8230; hab heute den noch k\u00fchlen Vormittag genutzt (die n\u00e4chten Tage soll es auch hier oben w\u00e4rmer werden), um ..<\/p>\n<p>a) .. die Reifen umzustecken. Die Sommerreifen haben vorne >5mm (mal ausgewechselt) und hinten knapp \u00fcber 3mm, k\u00f6nnten hinten, hoffe ich, noch den Sommer reichen. Die Winterreifen sind nun nach 2 Wintern relativ gleich abgefahren und haben so zwischen 5,2 und 5,7mm, auch die k\u00f6nnten also n\u00e4chsten Winter noch reichen, evtl. muss ich im Laufe des Winters aber mal vorne+hinten vertauschen (lassen).<\/p>\n<p>b) .. nachzumessen. Die Skitr\u00e4ger sind ja vorne grauenhaft mit alten Insekten verziert, entsprechend sahen auch die Skispitzen vorne aus. Jaja, h\u00e4tte ich gestern um 22 Uhr noch eine Waschbox besuchen sollen. Jedenfalls h\u00e4tte ich neben dem Reserverad knapp 40cm auf dem Dachtr\u00e4ger Platz, d.h. eine Skibox mit dieser Breite w\u00fcrde draufpasen, wenn ich das m\u00f6chte. Die H\u00f6he inkl. Skitr\u00e4ger ist ca. 176cm, sollte also unter 180cm sein, sofern ich die Dinger montiert lassen sollte (wichtig f\u00fcr manche F\u00e4hren zu wissen). <\/p>\n<p>c) .. das Auto auszur\u00e4umen, also die meisten der beweglichen Sachen. Weiowei, ich hab ja hier und da den Zustand zwar etwas gesehen, aber es ist doch schlimmer als bef\u00fcrchtet. Im Bodenbereich, nicht nur am Holz, hat sich an etlichen Stellen Schimmel gebildet, der zumeist mit Staub bedeckt ist. Da werde ich also die n\u00e4chsten Tage nicht nur alles aussaugen m\u00fcssen, sondern auch reinigen + mit einem (vmtl. besser chlorfreiem) Anti-Schimmel-Spray hantieren m\u00fcssen. Man sollte wohl davon ausgehen, dass es hinter den ganzen T\u00fcr- und Seiten- und Kofferraumverkleidungen \u00e4hnlich ausschaut. Obwohl da vielleicht ja teilweie etwas mehr Luft durchzieht? Also wenn man dauerhaft im Auto lebt, sollte man wohl alle paar Jahre mal die ganzen Verkleidungen abbauen und dahinter reinigen, sch\u00e4tze ich.<\/p>\n<p><a href='http:\/\/extra.inmontanis.info\/d\/76175-2\/IMG_20220616_123206.jpg'><img src=http:\/\/extra.inmontanis.info\/d\/76174-3\/IMG_20220616_123206.jpg \/><\/a><br \/>\n^ Staub, Dreck und Schimmel im T\u00fcrfalz. Den Schimmel erkennt man an dem grauen Staub, der punktuell dann wohl am Schimmel festklebt. Oder das graue Zeug ist gar kein Staub, sondern Pilz. Das ist mir hier und da schon aufgefallen seit einiger Zeit.<\/p>\n<p><a href='http:\/\/extra.inmontanis.info\/d\/76179-2\/IMG_20220616_124002.jpg'><img src=http:\/\/extra.inmontanis.info\/d\/76178-3\/IMG_20220616_124002.jpg \/><\/a><br \/>\n^ Dachlast im Sommerhalbjahr = ekliges Insektengrab. Rechts ist&#8217;s nur deshalb so sauber, weil der ganze Fliegendreck auf den Skiern ist :-( Da m\u00f6chte man auch keinen Reifenschaden haben und das Rad wechseln m\u00fcssen .. <\/p>\n<p><a href='http:\/\/extra.inmontanis.info\/d\/76183-2\/IMG_20220616_124800.jpg'><img src=http:\/\/extra.inmontanis.info\/d\/76182-3\/IMG_20220616_124800.jpg \/><\/a><br \/>\n^ Kofferraum hinten links, wo die ganze Zeit die T\u00fcten mit Werkzeug, einget\u00fcteten Klamotten usw. war &#8211; und wo ich dann im Winter mal unten den Kondenswassersee gefunden hab. Gut m\u00f6glich, dass der Schimmel auch hinter der Plastikabdeckung ist.<\/p>\n<p><a href='http:\/\/extra.inmontanis.info\/d\/76187-2\/IMG_20220616_124836.jpg'><img src=http:\/\/extra.inmontanis.info\/d\/76186-3\/IMG_20220616_124836.jpg \/><\/a><br \/>\n^ Bereich unterm Bett, rechter Teil, war zuletzt mit vielen Sachen, insb. (verschlossenen) Lebensmitteln, vollgestopft<\/p>\n<p><a href='http:\/\/extra.inmontanis.info\/d\/76191-2\/IMG_20220616_124852.jpg'><img src=http:\/\/extra.inmontanis.info\/d\/76190-3\/IMG_20220616_124852.jpg \/><\/a><br \/>\n^ .. selbes Fach, andere Richtung, auch hier Schimmel im unteren Bereich am Holz.<\/p>\n<p><a href='http:\/\/extra.inmontanis.info\/d\/76195-2\/IMG_20220616_125827.jpg'><img src=http:\/\/extra.inmontanis.info\/d\/76194-3\/IMG_20220616_125827.jpg \/><\/a><br \/>\n^ Der Schimmel im T\u00fcrfalz st\u00f6rt nat\u00fcrlich nicht wirklich, kann aber wohl mit h\u00e4ufigerem \u00d6ffnen und Schlie\u00dfen der T\u00fcre entgegengewirkt werden. Letztes Jahr musste ich ja im Winter t\u00e4glich die Skier rein\/raustun, weil sie hier seitlich verstaut waren. Das war f\u00fcr die Durchl\u00fcftung nat\u00fcrlich besser &#8211; andererseits hatten die Ski+Bindung nachmittags auch immer wieder Schnee + N\u00e4sse reingebracht?!<\/p>\n<p><a href='http:\/\/extra.inmontanis.info\/d\/76199-2\/IMG_20220616_125853.jpg'><img src=http:\/\/extra.inmontanis.info\/d\/76198-3\/IMG_20220616_125853.jpg \/><\/a><br \/>\n^ Selber Bereich, hier war quasi die ganze Zeit irgendein Zeug, Skibindungen, etc. Die schwarze Nudel war nat\u00fcrlich mal wei\u00df und war tats\u00e4chlich der einzige Essensrest im Wohnbereich. Um den Fahrersitz gibts hin und wieder mal N\u00fcsse&#8230;<\/p>\n<p><a href='http:\/\/extra.inmontanis.info\/d\/76203-2\/IMG_20220616_125904.jpg'><img src=http:\/\/extra.inmontanis.info\/d\/76202-3\/IMG_20220616_125904.jpg \/><\/a><br \/>\n^ Unterhalb der Ersatzbretter (oben im Bild) ist die Querverstrebung auch angeschimmelt. Dank Lack aber leicht zu entfernen &#8211; im Gegensatz zu den unlackierten Stellen<\/p>\n<p><a href='http:\/\/extra.inmontanis.info\/d\/76207-2\/IMG_20220616_125920.jpg'><img src=http:\/\/extra.inmontanis.info\/d\/76206-3\/IMG_20220616_125920.jpg \/><\/a><br \/>\n^ Stauraum hinterm Beifahrersitz; hinterm schwarzen Brett ist die Batterie, da hab ich nicht weiter nachgeschaut. Und links vom Brett den schmalen Bereich, da komm ich auch nicht hin, daher nur etwas Anti-Schimmel-Spray reingespr\u00fcht. Rechts das helle Holz nach der Reinigung lackiert im unteren Bereich. Hier lagen am Boden die unben\u00fctzten Skibindungen, sowie Schuhe.<\/p>\n<p>Woran das heuer lag im Gegensatz zum letzten Winter, wo mir kein Schimmel aufgefallen w\u00e4re, da fallen mir mehrer m\u00f6gliche Gr\u00fcnde ein, keine Ahnung, was davon irrelevant ist und was dann Schuld war. Im Hochwinter hatte ich letzten Winter ja nicht im Auto geschlafen, d.h. es gab keine zu krassen Temperaturunterschiede. Ich hatte bei allen Skitagen die Ski aus dem Auto geholt, somit mehr Luftzufuhr an der hinteren rechten T\u00fcr gehabt, aber auch mehr Feuchtigkeit nachmittags durch die Skier reingetragen. Ich hatte den Schrankausbau noch nicht und somit wohl hinten nicht so eng gestellt alles. Zudem waren unterm Bett die Tourenski, also auch hier vielleicht etwas lockerer geschlichtet als in diesem Winter.<\/p>\n<p>Zudem hatte ich ja diesen Winter von dem &#8220;Kondenswassersee&#8221; im Kofferraum berichtet. Wo ich mir unsicher bin, ob auch meine Versuche, die kalten Bereiche da hinten mit Luft zu w\u00e4rmen (via verl\u00e4ngerter Rohre vom Schuhheizer bzw. mit hier und da platziertem USB-L\u00fcfter), eher positiv oder eher negativ f\u00fcr die Schimmelbildung sind: Einerseits kommt dadurch vielleicht mehr (frischere) Luft in die Bereiche, andererseits aufgrund der warmen Luft oben eben auch feuchtere Luft, die dann in den kalten unteren Bereichen wieder schneller kondensieren kann.<\/p>\n<p>Also, ich \u00fcberleg mir jetzt, kleine 12V-PC-L\u00fcfter zu verbauen, um da hinten die Durchl\u00fcftung zu erh\u00f6hen, was mit dem Gep\u00e4ck nat\u00fcrlich eh schwierig ist &#8211; aber ob das die Schimmelbildung nun verringert oder verst\u00e4rkt, kann ich schwer einsch\u00e4tzen. Zudem werd ich mir angew\u00f6hnen m\u00fcssen, die Fenster nachts \u00f6fters einen Spalt offen zu lassen oder vielleicht auch einen Schaumstoff nachts ganz weg zulassen, dass noch mehr Kondenswasser am Fenster landet &#8211; und weniger am kalten Boden. Und \u00f6fters mal Kofferraum und hintere rechte T\u00fcr \u00f6ffnen, dass da bissl Luft reinkommt..<\/p>\n<p>Es wird im Bodenbereich im Winter immer kalt sein, es gibt nicht genug Luftaustausch (sp\u00e4testens dann, wenn diverse Sachen gelagert werden) und die Luftfeuchte sucht sich den Weg zu den k\u00e4ltesten Stellen. Beste M\u00f6glichkeit w\u00e4re, dort nichts zu lagern, aber wozu soll der ganze Stauraum dann gut sein &#8211; und wohin soll ich das ganze Zeug denn sonst tun. <\/p>\n<p>Auch m\u00f6glich: hin und wieder irgendein Anti-Schimmel-Spray verwenden, dann wird auch das vorhandene Zeug mal etwas rumger\u00e4umt. Oder ich probier&#8217;s mal mit so einem (passiven) Luftentfeuchter .. zumindest an den schwierigsten Stellen.. Kann man an Campingpl\u00e4tzen im Hochwinter in Mikrowellen dann wieder trocknen. K\u00f6nnte vielleicht auch f\u00fcr die \u00dcberwinterung der Wohnung ausreichend sein, werd ich auch probieren statt des elektrischen Luftentfeuchters im letzten Winter. <\/p>\n<p>Den Boden mit Katzenstreu bestreuen k\u00f6nnte auch eine Idee sein, aber wenn sich das irgendwann vollgesaugt hat, m\u00fcsste man es ja irgendwie wieder rauskriegen  ;) <\/p>\n<p>Fast vergessen, an der Decke hab ich das Kondenswasserproblem ja auch hin und wieder, dass es da nach einer kalten Periode runtertropft. Sollte ich vielleicht ein paar Locher in den Dachhimmel bohren, dass das schneller trocknen \/ ablaufen kann.<\/p>\n<p>Noch was M\u00f6gliches gefunden: Akku\/Handstaubsauger gibts auch welche, die N\u00e4sse saugen k\u00f6nnen. Also f\u00fcr sowas wie meinen Kondenswassersee w\u00e4r das was ;) Oder vielleicht f\u00fcr das Kondenswasser an den Fenstern morgens. Daf\u00fcr gibts sogar sogenannte Fenstersauger. Und auch kombinierte Dinger. Aber ob man sich das dann jeden Tag regelm\u00e4\u00dfig antut..<\/p>\n<p>Nach 5 Stunden schwei\u00dftreibender Arbeit und um die oder \u00fcber 15 gelaufenen Stockwerken (f\u00fcr Reifen+WC hab ich ja meinen elektrischen Treppensteiger) hab ich&#8217;s f\u00fcr heute erstmal gelassen. Die Wohnung ist jetzt zwangsl\u00e4ufig noch voller, neeervig.<\/p>\n<p>Nach der ersten Grundreinigung des Portapotti-WCs hat es auch schon drau\u00dfen geregnet, sp\u00e4ter sogar etwas gehagelt, so dass der Rasen etwas wei\u00df wurde.<\/p>\n<p>Trotz des Feiertags war ich gestern\/heute allein im Haus, was sich ab morgen Abend \u00fcbers WE wieder etwas \u00e4ndern sollte. Die W\u00e4nde sind hier recht hellh\u00f6rig, aber abseits der Saisonen bin ich unter der Woche recht allein im Haus. <\/p>\n<p><a href='http:\/\/extra.inmontanis.info\/d\/76163-2\/ge202206c.jpg'><img src=http:\/\/extra.inmontanis.info\/d\/76162-3\/ge202206c.jpg \/><\/a><br \/>\n^ Gr\u00fcn: Fahrstrecke 15.6. Telfs-Koralpe mit Besuch am Hintertuxer Gletscher (A). Nicht enthalten ist die Fahrt vor einigen Wochen mit dem Leihauto, da bin ich ja hin+retour \u00fcber Obertauern gefahren, hier hinw\u00e4rts \u00fcber S\u00f6lkpass (blau, bei Schladming), retour \u00fcber Hohentauern (rechts) und links vom Blauen w\u00e4re dann Obertauern und links davon die Tauernautobahn.<\/p>\n<p><a href='http:\/\/extra.inmontanis.info\/d\/76167-2\/ge202206m.jpg'><img src=http:\/\/extra.inmontanis.info\/d\/76166-3\/ge202206m.jpg \/><\/a><br \/>\n^ Skandi-Touren 1-7\/2021 in Magenta und 8\/2021-6\/2022 in T\u00fcrkis. Es gab erstaunlich wenig gemeinsame Strecken.<\/p>\n<p><a href='http:\/\/extra.inmontanis.info\/d\/76171-2\/IMG_20220624_164334.jpg'><img src=http:\/\/extra.inmontanis.info\/d\/76170-3\/IMG_20220624_164334.jpg \/><\/a><br \/>\n^ Souvenirs, dachte ich hatte noch paar kleine gr\u00fcne Steinchen, aber ja eh zu viel eigentlich. Die Schimmer und gl\u00e4nzenden Stellen sieht man am Foto nat\u00fcrlich nicht. Und der ungew\u00f6hnliche, runde K\u00fchlschrankmagnet-Miniteller (sieh Bericht vom 5.9.2021)<\/p>\n<p>Zum finanziellen Thema, anscheinend hab ich noch nicht die letzten Kreditkartenabrechnungen genannt, die da w\u00e4ren:<\/p>\n<p>M\u00e4rz: 678,29<br \/>\nApril: 1291,22<br \/>\nMai: 817,07<\/p>\n<p>Dank der Saisonkarte und Campingpl\u00e4tze hab ich &#8220;diesen&#8221; Winter erwartungsgem\u00e4\u00df g\u00fcnstiger gelebt als den zuvor, auch wenn ein direkter Monatsvergleich nicht ganz passend ist, da ich ja diese Saison schon im Dezember in Skandinavien war und in der davor erst nach Neujahr nach Schweden gereist bin, daf\u00fcr aber ja im Mai noch in Skigebieten war. Und ich war heuer ja zudem viel \u00f6fters Skifahren, hatte ab Dezember eine Saisonkarte, &#8230;<\/p>\n<p>Dez 2021: 2060,99 \/ Dez 2020: unpassend<br \/>\nJan 2022: 1624,09 \/ Jan 2021: 2080,38<br \/>\nFeb 2022: 1804,21 \/ Feb 2021: 2132,87<br \/>\nM\u00e4r 2022: 678,29 \/ M\u00e4r 2021: 2550,18<br \/>\nApr 2022: 1291,22 \/ Apr 2021: 2044,97<br \/>\nMai 2022: 817,07 unpassend \/ Mai  2021: 1131,84<\/p>\n<p>2021 war das Fr\u00fchlings-Auto-Service in den Kreditkosten Mai+Juni inkludiert, da in Schweden gemacht, diesmal nicht, weil \u00fcberwiesen. <\/p>\n<p>Ich k\u00f6nnte noch die Monate der Reise zusammenz\u00e4hlen, August-Mai, das w\u00e4ren dann ca. 12.300,- \u20ac, was bei ca. 280 Tagen einen Schnitt von ca. 43,90 \u20ac ausmacht oder einen Schnitt von ca. 1.316,50 \u20ac pro Monat.<\/p>\n<p>Alternativ nur 1.1.-31.12.2021 betrachtet komm ich wohl auf ca. 17.860,- \u20ac = ca. 1488,- \u20ac pro Monat. Wobei da die Ausgaben in AT in dem 1 Monat, wo ich daheim war, nicht ganz inkludiert sind &#8211; da teilweise mit Bankomat oder Amazon-Abbuchung bezahlt.<\/p>\n<p>Meine diversen Fixkosten &#8211; Abbuchungen, Wohnungskosten, Versicherungen etc., kommen im Jahr auf ca. 3.500,- \u20ac oder ca. 290 \u20ac pro Monat, hatte ich 2020 ausgerechnet.<\/p>\n<p>Grundlegend kalkuliert hatte ich damals mit Minimum ca. 1000-1100,- \u20ac im Monat (und 22.000 km Autofahrt pro Jahr). Das hab ich 2021 nat\u00fcrlich nicht geschafft, musste ich aber auch nicht, weil mir ja etwas mehr zur Verf\u00fcgung stand und die Aktienkurse 2021 so wohlwollend verliefen &#8211; und ich ja auch im teuren Skandinavien war.<\/p>\n<p>Zur Verf\u00fcgung stehen mir (Gehalt + Entnahme vom Verm\u00f6gen, nat\u00fcrlich 2020 ohne den aktuellen Depot-Verlusten gerechnet)  ca. 1.800,- \u20ac pro Monat, was ich 2021 zwar knapp eingehalten hab, aber nat\u00fcrlich ohne Auto-Abn\u00fctzung, Reifen usw. Daf\u00fcr hab ich bei den 1800,- \u20ac aber auch mein 13. und 14. Gehalt (Urlaubs\/Weihnachtsentgelt) nicht mit einkalkuliert. <\/p>\n<p>H\u00e4tte ich diese Berechnung Anfang 2022 gemacht und die Kursgewinne mit ber\u00fccksichtigt, w\u00e4re ich wohl etwas Plusseitig ausgestiegen, ohne Wertpapieranlagen h\u00e4tte ich wohl etwas \u00fcber den Verh\u00e4ltnissen gelebt (also im Minus gewesen) und mit den momentanen Kursverlusten .. da reden wir mal lieber nicht dar\u00fcber, die d\u00fcrfte ich ja auch erst 2022 einrechnen und sind zudem ja auch nur rechnerische Verluste, da ich keine Fonds im Minus bisher verkauft hab. K\u00f6nnten ja auch wieder steigen. Was bei der momentanen russlandfeindlichen Poltik der EU aber unwahrscheinlich ist. 2 Jahre hat sich die westliche Politik in sinnlosen und kostspieligen Coronama\u00dfnahmen verrant, jetzt wird das Geld in sinnlose Kriegspolitik verpulvert.<\/p>\n<p>Andererseits waren die ersten 5 Monate 2022 vergleichsweise g\u00fcnstig: 1242,98 \u20ac im Schnitt auf die Kreditkarte. Und im Winter erwarte ich ja grundlegend h\u00f6here Ausgaben als im Sommer. Daf\u00fcr nun die teuren Reparaturkosten heuer.<\/p>\n<p>Also unterm Strich, denk ich, schaut das schon ganz gut so aus. Da ist die UK-Reise heuer drin. Und n\u00e4chsten Sommer kann ich ja mal daheim bleiben. Insbesondere wenn die Benzinpreise noch weiter steigen sollten.<\/p>\n<p><strong>17.6.2022<\/strong> <\/p>\n<p>Heut mal runter ins Tal gefahren, um bissl was einzukaufen &#8230; also chlorfreies Anti-Schimmelspray f\u00fcr&#8217;s Auto, 2 Plastik-Schubladen-Boxen f\u00fcr die Wohnung, Klopapier (hatte nur noch 2 oder 3 Rollen beim Einzug Ende 2020 dabei). Und ich wollte die f\u00fcr den Recyclinghof n\u00f6tige &#8220;Wolfsbergcard&#8221;  beantragen, aber die Uhrzeiten, die auf der Website aufgef\u00fchrt waren, galten wohl nur f\u00fcr den Recyclinghof und nicht f\u00fcr das dort befindliche B\u00fcro, das &#8211; wie erwartet &#8211; Freitag Nachmittag nat\u00fcrlich nicht offen hat.<\/p>\n<p>Wenn man die meiste Zeit bei 18\u00b0 in der Wohnung eher etwas friert, st\u00f6rt einem die Hitze unten im Tal gar nicht mal so sehr ;) Wobei es heut eh noch unter 30\u00b0 hatte. <\/p>\n<p>Das ist ein ziemlicher Stress, das Daheim-sein. Diese tagelangen Vorbereitungen f\u00fcr die n\u00e4chste Reise, die noch zu erledigenden Arbeiten in der Wohnung &#8230; ok, man will ja auch besch\u00e4ftigt sein .. <\/p>\n<p>Mal im Netz nach schmalen Dachboxen f\u00fcr Ski mit max. 40cm Breite gesucht -> nix gefunden, au\u00dfer einer, die aber keine T-Nut-Befestigung hat. \u00fcberhaupt sind Dachboxen ja unversch\u00e4mt teuer. Und das gilt f\u00fcr die Billigteile, von Thule erst gar nicht geredet. Und da ist noch nicht mal ein Solarpanel eingearbeitet ;)<\/p>\n<p>Dann halt so wie bisher oder vielleicht mit Skisack (gegen die Verschmutzung beim Fahren zumindest im Fr\u00fchjahr auf l\u00e4ngeren Strecken) ..<\/p>\n<p><strong>Sa, 18.6.2022<\/strong> <\/p>\n<p>Lieblingsthema Schimmel &#8211; der gr\u00f6\u00dften Befall in der Wohnung ist aktuell im Inneren des WC-Sp\u00fclkastens, wie ich bemerkt hab, sonst hat sich diesen Winter &#8211; auch dank Luftentfeuchter &#8211; auch keine kleinen Punktstellen gebildet. Nicht ganz verwunderlich (Sp\u00fclkasten), weil es ja da immer feucht ist. Das Wasser dort d\u00fcrfte im Laufe der l\u00e4ngeren Abwesenheit wohl zumindest teilweise verdunsten. Da k\u00f6nnte man sich also \u00fcberlegen, ob es nicht sinnvoll w\u00e4re, das Teil noch vor Abreise zu leeren. K\u00f6nnte aber auch schlecht f\u00fcr die Dichtungen sein..<\/p>\n<p>Leider war das Batterieladeger\u00e4t (im Auto, f\u00fcr die Innenraumbatterie) auf der Heimfahrt entweder nicht dauerhaft an oder funktionierte nicht dauerhaft, weshalb die Batterie nur halb voll war &#8211; und ich ja den 230V-Staubsauger anschlie\u00dfen will, der 800 Watt hat. Da werd ich nur ca. eine dreiviertel Stunde saugen k\u00f6nnen. Hat aber gereicht.<\/p>\n<p>Heut also Autoreinigung Teil 1 angesagt, erst den Schimmel im hinteren Teil ausgewischt, dann mit dem dreckigen Wasser noch die T\u00fcrrahmen usw. gereinigt &#8211; die waren auch ganz sch\u00f6n eingesandet durch die Naturstra\u00dfen vmtl. insb. im Herbst. Danach staubgesaugt und noch etwas gewischt. Das meiste war somit bis Mittag fertig.<\/p>\n<p>Nervig waren die vielen Insekten, M\u00fccken, Bremsen, kleine Wespen, so&#8217;n Zeug, was die ganze Zeit ums Auto und um mich geschwirrt ist.<\/p>\n<p>Keine gute Idee war auch, die Crimpzange unter dem K\u00fchlschrank zu verstauen, weil dort Platz war. Also vielleicht ja, wenn die Verpackung wasserdicht gewesen w\u00e4re. Und wenn nicht noch zus\u00e4tzlich ein Holzbrettchen dr\u00fcber gelegen w\u00e4re, das ich nicht mehr rausbekommen hab, nachdem ich den K\u00fchlschrank eingebaut hatte. Und auch vergessen, den Deckel vom K\u00fchlschrank die letzten Wochen aufzumachen, somit auch im K\u00fchlschrank das Schimmel-Entferner-Spray gebraucht.<\/p>\n<p>Unterwegs geht so eine komplette Feucht-Reinigungsaktion nicht, nicht nur weil alles verstellt ist, sondern auch wegen der ganzen Feuchtigkeit durch das Reinigen. Zugegeben, trocken wischen und staubsaugen k\u00f6nnte ich \u00f6fters mal machen. Allerdings in dem Bereich, wo ich mich aufhalte, gab es gar keinen sonderlich gro\u00dfen Staubbefall.<\/p>\n<p><a href='http:\/\/extra.inmontanis.info\/d\/76211-2\/IMG_20220618_115554.jpg'><img src=http:\/\/extra.inmontanis.info\/d\/76210-3\/IMG_20220618_115554.jpg \/><\/a><br \/>\n^ Rost am Tankdeckel<\/p>\n<p>Mindestens 3 weitere Wohnungen scheinen derzeit belegt zu sein, zumindest standen soviele weitere Autos unten. Und irgendeiner davon meint wohl, dass es eine gute Idee sei, die Haust\u00fcr stundenlang bzw. ganztags komplett offen zu lassen und mit dem Keil zu verriegeln. Das ist 1. nicht gut f\u00fcr den T\u00fcrschlie\u00dfmechanismus, 2. kommen dadurch Insekten rein, 3. kommt dadurch w\u00e4rmere Luft rein (-> was bei der n\u00e4chtlichen Abk\u00fchlung wieder zu mehr Luftfeuchtigkeit f\u00fchrt). L\u00fcften k\u00f6nnte man auch mit ein paar offenen Fenster in den G\u00e4ngen und das vmtl. besser&#8230; aber doch schade um die sch\u00f6ne K\u00fchle (15-17\u00b0) im Flur ;)<\/p>\n<p>Nervig ist auch, dass in AT und DE schon wieder die Politiker nach Coronama\u00dfnahmen schreien, sp\u00e4testens irgendwann im Herbst. In DE \u00fcberlegt man schon j\u00e4hrliche Maskenpflicht von Oktober bis Ostern, Komplettschuss haben die. Ich muss also bef\u00fcrchten, dass es ab September, sp\u00e4testens Oktober bei der R\u00fcckfahrt Komplikationen geben k\u00f6nnte. Oder auch Ma\u00dfnahmen in UK gibt. In Italien wurde die Maskenpflicht im \u00d6PNV auch nie abgeschafft und wurde unl\u00e4ngst bis September verl\u00e4ngert. Also muss man auch dort im Winter wieder mit Verschlimmerungen rechnen. Vielleicht sollte ich stattdessen UK einfach wieder ab Juli oder August nach Skandinavien fahren? Oder direkt von UK weiter nach Skandinavien? Gibt halt leider keine direkten F\u00e4hren mehr, 2008 wurde die von UK nach NO eingestellt und 2014 die von UK nach DK. Nur noch F\u00e4hren f\u00fcr LKW verkehren.<\/p>\n<p>Hab mich ja lange gewehrt gegen das Thema, aber es war dieses WE n\u00f6tig: UK-Reiseplanung. Tja, bl\u00f6de lange Autoreparaturzeit. W\u00e4r ich schon fr\u00fcher daheim gewesen, w\u00e4r ich wohl am WE 2\/3.7. in Manchester gewesen (Heaton Park Tramway hat ihr j\u00e4hrliches &#8220;Tramtastic&#8221; &#8211; Event. Dann h\u00e4tt ich Mitte Juli schon 2 Wochen auf die IoM gek\u00f6nnt, danach 1 Woche Irland und danach 2 Wochen Schottland und w\u00e4re Ende August in Blackpool gewesen. Aber 2.\/3.7. ist ja schon in 2 Wochen. Und auf dem Weg dazwischen m\u00fcsste ich eigentlich das East Anglia Museum samt Tram mitnehmen. Das hat nur DO+WE offen. Also m\u00fcsste ich unterm Strich bereits in 1 Woche wegfahren. Wenn bis dahin die 2. Feder kommt und ich die einbauen lassen kann. Und ich bis dahin mit den ganzen restlichen Vorbereitungen fertig bin. Das gibt ja Stress ohne Ende.<\/p>\n<p>Das generelle Problem an solchen Touren ist ja, man kann den Anfang nicht ohne das Ende planen. Also k\u00f6nnen schon, aber dann wird kein Schuh draus und muss zig mal hin und her fahren. Und es muss nat\u00fcrlich nicht im Detail geplant sein, aber eben gewisse Fixpunkte (Special-Event-Days) und Zeitr\u00e4ume (die Woche hier, die Woche da). UK ist zwar kleiner als Norwegen, aber es macht &#8211; bei den momentanen Spritkosten &#8211; keinen Sinn, zu oft kreuz und quer durchs Land zu fahren.<\/p>\n<p>Der wohl fixeste aller Fixpunkte der Reise w\u00e4re Ende Juli die Isle of Man (Transport-Festival). Die Museen Crich &#038; Beamish w\u00fcrde ich, aufgrund der automatischen Jahres-Zutrittsp\u00e4sse, eigentlich sogar gern 2x oder noch \u00f6fters besuchen, rauf&#038;runter. Wobei das bei Crich eben problematisch ist, weil man gar nicht wei\u00df, wann da die Trams endlich wieder fahren d\u00fcrfen. 2 Oberleitungsmasten samt Betonfundament vor dem Depot m\u00fcssen da n\u00e4mlich ersetzt werden. <\/p>\n<p>Bisher war ich immer davon ausgegangen, dass man Irland nach der IoM auf dem Weg nach Schottland mitnehmen sollte, wenn \u00fcberhaupt. Irland vor oder nach IoM hat ja den Vorteil, dass man sich die Kosten f\u00fcr eine F\u00e4hrfahrt spart, als wenn man Irland zus\u00e4tzlich irgendwann besuchen m\u00f6chte. Also man kann somit Irland besuchen und zahlt nur noch f\u00fcr 1 F\u00e4hre retour, nach Schottland\/Wales\/England, kostet zwar dann auch um die 140 \u20ac &#8211; das naheliegendste war da f\u00fcr mich wie beim letzten=ersten Besuch in Irland, dass ich dann nach Schottland fahren w\u00fcrde&#8230;<br \/>\n.. man k\u00f6nnte aber ja von Irland auch nach Wales, dann ein paar Trams\/.. mitnehmen und dabei nach Schottland fahren. Das h\u00e4tte den Vorteil, dass ich die landschaftlichen Schwerpunkte entzerren w\u00fcrde, aber den Nachteil, dass ich erst Anfang September in Schottland w\u00e4re. Wobei, ist das ein Nachteil?<\/p>\n<p>Bei meinen bisherigen UK-Reisen war ich ja immer erst im Zeitraum Mitte\/Ende August \/ Anfang\/Mitte September unterwegs und hatte in England schon noch teils sehr warme Temperaturen um oder an die 30\u00b0, w\u00e4hrend es zu der Zeit auf der Isle of Man und Schottland passender war. Wenn ich jetzt schon im Juli fahre ..  andererseits war&#8217;s mir Mitte August auch schon mal in Schottland zu warm zum wandern&#8230;<\/p>\n<p>Vielleicht noch optimaler fahr-\/kostenm\u00e4\u00dfig k\u00f6nnte man Irland zu Beginn mitnehmen: Indem man eine der F\u00e4hren von Frankreich nach Irland nehmen w\u00fcrde. Scheidet aber aus, weil ich f\u00fcr diese bl\u00f6den Franzosen keinen C-Test machen will. Wobei man ja vielleicht auch so ohne Grenzkontrollen reinkommt ;) Aber die Franzosen haben schon fr\u00fcher immer gern kontrolliert an den Grenzbereichen zu zumindest Italien. <\/p>\n<p>Weitere Fixpunkte w\u00e4re ja eines von den Event-WE in Blackpool, die w\u00e4ren am 27.-29.8. oder 24.-25.9., sowie evtl. der Tramday in Crich am 17.9.. Den hatte ich vor ein paar Jahren ja schon mal besucht, Vorteil: Alle Trams, die fahren k\u00f6nnen, sind unterwegs, Nachteil: Alle Trams, die fahren k\u00f6nnen, sind unterwegs => Daher viele Leute und Stau auf den Strecken.<\/p>\n<p>Zwischen 29.8. und 17.9. l\u00e4gen 18 Tage, zwischen 31.7. (letzter Tag IoM-Event) und 29.8. l\u00e4gen 26 Tage, aber ich will ja entweder vorher oder nachher noch eine zus\u00e4tzliche Woche auf der IoM bleiben, somit es im Falle von &#8220;danach&#8221; auch wieder ca. 18 Tage sind. In einer von diesen 18 Tagen k\u00e4me also Schottland dran. <\/p>\n<p>Achja, ich hab mal wieder irgendwann den Fehler gemacht, die Amazon-Prime-App am Handy upzudaten. Warum Fehler? Weil nur noch die alten Downloads, die schon am Ger\u00e4t waren, auf dem Projektor (via HDMI-Kabel) abgespielt werden. Die neuen Downloads werden nur noch am Handy-Bildschirm abgespielt, daf\u00fcr stattdessen mit einem &#8220;HD&#8221; &#8211; Button. Hei\u00dft das, die alten Downloads waren nie HD? Diese schei\u00df verfickten digitalen copyrightbeschr\u00e4nkten Ausgabesysteme immer.  Dann sollen sies halt verfickt nochmal auf SD runterwandeln \u00fcber HDMI oder einen analogen Videooutput machen, mir doch egal, besser SD auf der Projektorleinwand, als HD auf dem winzigen Handybildschirm. So kann ich das nicht brauchen, das darf ich dann wohl deinstallen, irgendwo eine passende alte Version finden und dann wieder die Sachen downloaden. Danke schei\u00df verficktes Amazon, verficktes Android, verficktes Google, verfickte neue Welt.<\/p>\n<p>Apropos verfickte neue Welt &#8211; Benzin kostet in Schweden momentan um die 23 SEK (ca. 2,20 \u20ac), Diesel um die 27 SEK (ca. 2,50 \u20ac). In Norwegen sind die Preise ja weniger homogen als in Schweden, aber was ich da find, ist: um die 27 NOK (ca. 2,60 \u20ac) f\u00fcr Benzin und Diesel. Da will man nicht mehr bis zum Nordkapp fahren.<\/p>\n<p>W\u00e4hrend vor einigen Jahren die Treibstoffpreise in Italien 20-40 Cent \u00fcber den \u00f6sterreichischen waren, sollen sie jetzt gleich und teilweise sogar g\u00fcnstiger sein, hab ich geh\u00f6rt. Auch Deutschland ist mittlerweile nicht mehr teurer als \u00d6sterreich, sondern eher so 5-15 Cent g\u00fcnstiger. In UK ist der Durchschnittspreis derzeit bei ca. 2,20 \u20ac, Diesel ca. 7-8 Eurocent teurer. Irland soll knapp unter 2 \u20ac sein.<\/p>\n<p><strong>19.6.2022<\/strong> <\/p>\n<p>Heute stand nur eine kurze Reinigungsaktion auf dem Plan: Winkel wegmontieren, um K\u00fchlschrank rauszuheben &#8211; yep, da hat sich auch Schimmel gebildet. Sp\u00e4testens vermutlich seit dem Kondenswassersee..<\/p>\n<p><a href='http:\/\/extra.inmontanis.info\/d\/76215-2\/IMG_20220619_101819.jpg'><img src=http:\/\/extra.inmontanis.info\/d\/76214-3\/IMG_20220619_101819.jpg \/><\/a><br \/>\n^ Der K\u00fchlschrank ist relativ fest in diesem Fach (wackelt nicht, hat seitlich zus\u00e4tzlich D\u00e4mmmatten), trotzdem auch hier im seitlichen Bodenbereich und sogar am Kabel etliche Schimmelans\u00e4tze.<\/p>\n<p><a href='http:\/\/extra.inmontanis.info\/d\/76223-2\/DSC05056.jpg'><img src=http:\/\/extra.inmontanis.info\/d\/76222-3\/DSC05056.jpg \/><\/a><br \/>\n^ Mit dem kleinen K\u00fchlschrank daheim bin ich ja sehr zufrieden, Platz reicht (grad so) und macht absolut keine Ger\u00e4usche ..<\/p>\n<p><a href='http:\/\/extra.inmontanis.info\/d\/76227-2\/IMG_20220624_174717.jpg'><img src=http:\/\/extra.inmontanis.info\/d\/76226-3\/IMG_20220624_174717.jpg \/><\/a><br \/>\n^ .. denn er hat keinen klassischen Kompressor<\/p>\n<p>Ich hab mal erw\u00e4hnt, dass ich ja eigentlich, wenn ich schon nach UK fahren will, so fr\u00fch wie m\u00f6glich fahren sollte, um mehr Zeit zu haben, l\u00e4nger fahren zu k\u00f6nnen, bevor es wieder C-Ma\u00dfnahmen gibt und &#8211; warum auch nicht.<\/p>\n<p>Nun, zum  &#8220;warum nicht&#8221; z\u00e4hlt eigentlich haupts\u00e4chlich ein v\u00f6llig von diversen politischen Gr\u00fcnden (dazu geh\u00f6ren auch die h\u00f6heren Spritpreise, denn die sind nur ein Grund von politischen Entscheidungen, sonst g\u00e4be es nicht L\u00e4nder, wo der Sprit wesentlich g\u00fcnstiger ist) losgel\u00f6ster, einziger Grund: Hitze. Warum sollte ich (auf der Tour, nicht nur tags\u00fcber, sondern auch nachts im Auto) schwitzen m\u00fcssen, w\u00e4hrend ich hier in der Wohnung frieren darf? Ganz bewusst &#8220;muss&#8221; (denn da hat man keine andere M\u00f6glichkeiten) und &#8220;darf&#8221; (denn hier oben k\u00f6nnte ich ja auch die Heizung einschalten).<\/p>\n<p>Bin heute die &#8211; wie bekannt erschreckend hohen &#8211; F\u00e4hrpreise zur Isle of Man durchgegangen. Also, egal ob ich im Juli\/August nun eine Woche fr\u00fcher oder sp\u00e4ter fahr, es sind immer 331,- \u20ac &#8220;any length of stay offer&#8221; als g\u00fcnstigste Variante, Standardpreis kostet dann 510,- \u20ac und an den Wochenenden jeweils noch teurer.<\/p>\n<p>Wenn man nur 5 Tage auf der IoM bleiben m\u00f6chte und dabei nicht am WE die F\u00e4hre ben\u00fctzen w\u00fcrde, k\u00e4me man mit dem &#8220;5 day short break offer&#8221; g\u00fcnstiger weg: 263,- \u20ac. Gilt nat\u00fcrlich nur f\u00fcr Autos bis 5,5m und bis 1,8m, wobei l\u00e4nger mehr kostet, h\u00f6her nicht. D.h. auch Wohnmobile \/ Campervans k\u00fcrzer 5,5m und egal-wie-hoch (aber nicht egal-wie-schwer) zahlen gleich viel! Das find ich mit meinem kleinen, leichten Ignis ja schon extremst unversch\u00e4mt. Preis gilt f\u00fcr hin und retour, also 2 F\u00e4hrfahrten, was das Ganze ja etwas relativiert.  <\/p>\n<p>Fu\u00dfg\u00e4nger fahren g\u00fcnstiger, aber dann br\u00e4uchte ich ja eine Unterkunft und da w\u00e4r ich schon innerhalb 1 Woche preislich dr\u00fcber. Ok, evtl. werd ich mir auch mit dem Auto einen Campingplatz mal suchen, weil ich ggf. Strom brauch, aber die sind im Sommer ja nicht so teuer wie die skandinavischen im Winter. Wobei Strom pauschal + recht teuer ist (meist um die 5 GBP pro Tag). Da w\u00fcrd ich dann bei 1 \u00dcbernachtung gleich mal meine Innenbatterie mit aufladen wollen. Dazu muss ich das Kabel mal anschlie\u00dfen ..<\/p>\n<p>Ok, also preislich sind alle m\u00f6glichen Wochen-Varianten gleich .. dann welche nehmen?<\/p>\n<p>Mitte August von Irland nach Wales r\u00fcber ist auch nicht g\u00fcnstig, derzeit oftmals \u00fcber 200,- \u20ac f\u00fcr eine einfache F\u00e4hre. Die g\u00fcnstigsten Preise gibt&#8217;s dienstags und mittwochs, und zwar bei Abendf\u00e4hren (so ca. 20:45 + 4h Fahrt), derzeit um die 135,- \u20ac. <\/p>\n<p>Alternativ, g\u00fcnstiger und l\u00e4nger ein anderer Anbieter, dann aber von Dublin nach Liverpool, an den selben Tagen um 114,- \u20ac, da ist man dann von 9-17 Uhr unterwegs, 2 Mahlzeiten inklusive! W\u00fcrde sich also interessant anh\u00f6ren (sofern man ein gutes Wetter erwischt), aber von der Fahrplanung her w\u00e4re mir die F\u00e4hre von S\u00fcdirland nach S\u00fcdwales lieber&#8230; Andererseits, wenn ich gar nicht nach Irland fahre, komme ich von den IoM-F\u00e4hren ja auch in Liverpool oder n\u00f6rdlich von Blackpool raus.<\/p>\n<p>.. aber ist mir diese eine Woche Irland diese zus\u00e4tzlichen 114\/135 \u20ac wert?<\/p>\n<p>Also, nur um das nochmal sch\u00f6n auszukosten .. orf.at meldet &#8220;Hitzewochenende mit neuem H\u00f6chstwert&#8221; und 36,5\u00b0 in Vorarlberg .. und mir w\u00e4rs heut Abend in meiner Wohnung (mittlerweile knapp 20\u00b0) zu kalt, um ohne J\u00e4ckchen rumzusitzen und hab sowieso die meiste Zeit kalte F\u00fc\u00dfe+H\u00e4nde ;) <\/p>\n<p><strong>20.6.2022<\/strong> <\/p>\n<p>Heutiges St\u00fcndchen Arbeit: Die bisher unlackierten Bereiche in der N\u00e4he des Bodens von meinem Holz-Ausbau lackiert. Der Schimmel ging von den lackierten Bereichen n\u00e4mlich viel leichter runter als von den Unlackierten, also hole ich das nun nach, auch im nichtsichtbaren Bereich.<\/p>\n<p>Wenn das bis morgen getrocknet ist, dann tu ich das alles mit dem Anti-Schimmel-Spray nochmals etwas einreiben (zur Vorbeugung).<\/p>\n<p>Au\u00dferdem wollte ich heute endlich die Entscheidung f\u00e4llen: UK oder nicht und wenn ja, dann die jeweiligen F\u00e4hren buchen &#8211; bis nat\u00fcrlich auf die Heimreise, im Herbst\/Winter ist&#8217;s ja eh g\u00fcnstiger und ich wei\u00df ja noch nicht, wann.<\/p>\n<p>Tja, da hatte ich mir gestern noch \u00fcberlegt, lieber noch etwas l\u00e4nger hier zu bleiben und erst im Bereich 14.-19.7. die F\u00e4hre zu nehmen .. was is, genau ab 14.7. sind die Tarife teurer, ab 15.7. noch teurer, am 20.7. g\u00e4b&#8217;s mal den selben Preis wie am 14.7., aber das ist fast zu sp\u00e4t.<\/p>\n<p>Stundenlang rum\u00fcberlegt, \u00fcberlegt, dass es ja doch egal ist, ob ich jetzt 3 Tage fr\u00fcher oder sp\u00e4ter fahre, teilweise den Plan von hinten nochmals aufgezogen, f\u00fcr die Tage vor der F\u00e4hre noch m\u00f6gliche Trammuseumslinien in NL gesucht und um 19:45 mich entschieden,  ca. 1 Woche vor F\u00e4hrabfahrt loszufahren, um &#8211; trotz der zu erwartenden Hitze &#8211; ein paar alte Seilbahnen und Stra\u00dfenbahnen mitzunehmen, dann 1 Woche England, dann 16,5 Tage Isle of Man (zugegeben, vielleicht etwas zu viel, aber wenn die g\u00fcnstigen F\u00e4hren nur an bestimmten Tagen fahren und davor\/danach anderswo auch nicht sinnvoller scheint), dann ca. 9 Tage in Irland (auch etwas mehr, aber die Alternative waren wg. den F\u00e4hren 5 und das schien wieder wenig), ca. 11 Tage mit Schwerpunkt Wales, dann Ende August das Blackpool-WE und 18 Tage Schottland rauf&#038;runter &#8230; dann ist Mitte September, danach dann in den S\u00fcden Englands (oder evtl. nochmals Wales), das hab ich dann nicht mehr geplant, weil da ja dann keine F\u00e4hren mehr f\u00e4llig sind.<\/p>\n<p>Wobei, man k\u00f6nnte auch eine Woche weniger schwitzen und doch sp\u00e4ter fahren &#8230; und auf der IoM und Irland jeweils 2 Tage k\u00fcrzen.. und die restlichen 3 Tage in der ersten Woche (vor IoM) waren eh irgendwie unn\u00fctz. Macht die F\u00e4hre NL-UK zwar 17 \u20ac teurer, aber das spart man sich ja mit 1 Woche weniger Reise wieder ein. Nachteilig an der 1-Woche-sp\u00e4ter-Variante ist, dass ich erst 1 Tag vor den Eventtagen auf der IoM bin, besser f\u00e4nde ich 5 Tage zuvor + 5 Tage danach, statt 9 Tage danach, weil man dann in den Tagen davor schon ein paar Trams gefahren ist und an den Eventtagen dann die nehmen kann, die in den Tagen davor nicht gefahren sind. Wenn man erst an den Eventtagen da ist und sich f\u00fcr Trams entscheiden muss, wei\u00df man ja nicht, welche man davon eh sp\u00e4ter noch f\u00e4hrt .. Andererseits gibt&#8217;s eben auch ein paar Vorteile an der 1-Woche-Sp\u00e4ter-Variante.<\/p>\n<p>Oh n\u00e4chstes Problem f\u00fcr den Fall, dass ich bis Winter in Schottland bleiben will: Meine Visa-Kreditkarte l\u00e4uft mit Dezember ab. Evtl. k\u00f6nnte ich jetzt eine neue beantragen, aber was, wenn die nicht bis zur Abreise kommt? Alternativ muss die normale Bankomat-EC-Karte, die jetzt auch eine Master-Debit-Card ist, hoffentlich f\u00fcr die Zeit danach funktionieren &#8211; evtl. vorher noch Bargeld abheben .. <\/p>\n<p>23:30 Uhr<\/p>\n<p>Ok, also gebucht, die 1-Woche-sp\u00e4ter-Variante mit F\u00e4hre am 20.7. Somit bin ich noch ca. 3 Wochen hier, das ist nicht nur wegen der geringeren Hitze, sondern auch wegen mehr Zeit f\u00fcr Arbeiten hier, gut. Kosten f\u00fcr die 4 F\u00e4hren (NL-England, England-IoM &#038; IoM-Nordirland, Irland-England) ca. 555,- \u20ac.<\/p>\n<p><strong>21.6.2022<\/strong> <\/p>\n<p>Bissl weiter saubermachen im Auto + in der Wohnung Decken\/W\u00e4nde weiter streichen, jeden Tag ein St\u00fcckchen weiter.<\/p>\n<p>Hab mich mittlerweile erkundigt zwecks Terminverschiebung \u00a757a-\u00dcberpr\u00fcfung, die in AT ja nach dem Erstzulassung ist und dann innerhalb -1\/+4 Monate gemacht werden muss. Trotzdem ist das mit Januar etwas problematisch, da eben der Bereich Dez-Mai mit etwaigen Skandinavienreisen kollidieren kann ;) Zudem soll es L\u00e4nder geben, insb. in Osteuropa, wo \u00d6sterreicher innerhalb der in AT erlaubten \u00dcberziehungsfrist trotzdem eine Strafe bekommen.<\/p>\n<p>Jedenfalls soll das 20,80 \u20ac kosten, man braucht einen Termin bei der BH (Bezirkshauptmannschaft) und das wird dann gleich erledigt. Danach muss man aber noch zur Versicherung, damit das irgendwo eingetragen wird oder zumindest die Plakette neu ausgestellt wird. Was nat\u00fcrlich auch nochmal bissl was kostet.<\/p>\n<p><strong>22.6.2022<\/strong> <\/p>\n<p>Heute den noch fehlenden Bereich meines Auto-Ausbaus gereinigt, der Bereich vor dem K\u00fchlschrank, auch dort hatte sich Schimmel angesetzt. Aber unter den Sitzen oder neben\/unter der Batterie, da werd ich jetzt nicht nachschauen.<\/p>\n<p>Au\u00dferdem heute gemacht: Neues Sitzkissen (war schon durchgesessen, das unterm Bett im Sitzbereich). Und in der Wohnung die alte Couch weiter zerlegt -> da bau ich demn\u00e4chst noch ein kleines Regal f\u00fcr&#8217;s Bad; das Haustelefon gr\u00fcn gestrichen &#8211; Rot w\u00e4r geiler gewesen, hatte ich aber nichts mehr da.<\/p>\n<p><a href='http:\/\/extra.inmontanis.info\/d\/76219-2\/IMG_20220622_120706.jpg'><img src=http:\/\/extra.inmontanis.info\/d\/76218-3\/IMG_20220622_120706.jpg \/><\/a><br \/>\n^ Nach dem Anti-Schimmel-Spray, Aussaugen, Reinigen, Nachstreichen, schaut das K\u00fchlschrankfach nun wieder sauber aus, gilt auch f\u00fcr die anderen Bereiche.<\/p>\n<p>Zum Schluss hab ich noch die Digicam (Sony A7 II) zerlegt &#8211; in der Hoffnung, es w\u00e4re nur ein Kontaktproblem, aber diese Tasteneinheit muss wohl getauscht werden, so das Kontaktproblem nicht am Kabel dahinter liegt. Leider nicht so einfach zu bekommen. Und mittlerweile eine ziemliche Qual f\u00fcr mich, da sich meine Augen in den letzten Wochen sehr verschlechtert haben, was das Nahsehen angeht &#8211; brauch nun unbedingt eine Lesebrille, die Arme werden bald zu kurz. Hat meine Kurzsichtigkeit in den letzten Jahren die Alterssichtigkeit kompensiert (so dass ich tags\u00fcber gar keine Brille mehr brauchte), schl\u00e4gt sie nun doch sp\u00fcrbar zu.<\/p>\n<p><a href='http:\/\/extra.inmontanis.info\/d\/76231-2\/IMG_20220622_180734.jpg'><img src=http:\/\/extra.inmontanis.info\/d\/76230-3\/IMG_20220622_180734.jpg \/><\/a><br \/>\n^ Sony A7, zerlegt<\/p>\n<p><a href='http:\/\/extra.inmontanis.info\/d\/76235-2\/IMG_20220622_181133.jpg'><img src=http:\/\/extra.inmontanis.info\/d\/76234-3\/IMG_20220622_181133.jpg \/><\/a><br \/>\n^ .. das Bedienfeld funktioniert nicht mehr bzw. es werden manchmal irgendwelche Tastendr\u00fccke von selbst bet\u00e4tigt, womit diverse Einstellungen gesetzt werden, die man dann nicht mehr r\u00fcckg\u00e4ngig machen kann. Absolut nervig in letzter Zeit. Ich hoffe, ein Austausch dieses Teils wird das beheben. K\u00f6nnte ja auch irgendwo anders sein.<\/p>\n<p>Ich hab dann nochmals im Internet rumgesucht und erst einen Lieferanten in Griechenland (ebay) gefunden, sp\u00e4ter endlich eine Teilenummer und somit sogar einen Lieferanten in \u00d6sterreich. Kostet nun knapp 40 \u20ac und soll n\u00e4chste Woche ankommen, das Ersatzteil f\u00fcr die Cam. M\u00f6ge es funktionieren, also das defekt sein.<\/p>\n<p><strong>23.6.2022<\/strong> <\/p>\n<p>Politisch brachte der Tag heut eine gute und eine schlechte Nachricht: Die Ukraine wird EU-Beitrittskandidat (und das noch vor Bosnien). Ob es Ukraine und EU aber noch gibt, bis die Ukraine reif genug f\u00fcr einen tats\u00e4chlichen Beitritt ist, wird sich zeigen. Aber so wird noch mehr EU-Geld in die korrupte Ukraine flie\u00dfen. Es ist einfach nur besch\u00e4mend, was die EU seit zumindest 2,5 Jahren auff\u00fchrt, wie b\u00fcrgerfeindlich die Politiker agieren.<\/p>\n<p>Die gute Nachricht: Die Corona-Impfpflicht in AT wird nun definitiv wieder abgeschafft. (Aber wer wei\u00df, vielleicht wird die Impfpflicht gegen Corona, Affen- oder sonstigen -Pocken dann im Herbst EU-weit wieder eingef\u00fchrt.)<\/p>\n<p>Das Aufladen der yesss-Wertkarte schlug leider insofern fehlt, als dass ich da wohl irgendwann mal einen 9GB-Extra-Daten-Zusatztarif aktiviert zu haben schien, den ich wohl nur einmal verwendete, aber er blieb anscheinend drin. Sobald ich dann 10 \u20ac auflud, hat sich anstelle des normalen Complete-L-Tarifs um 10,- \u20ac, der jetzt 20 GB Volumen hat, eben nur dieser 9GB-Daten-Tarif aktiviert. Bl\u00f6derweise hab ich aber eben auch nicht 15 \u20ac, sondern nur 10 \u20ac aufgeladen und das ist der Minimum-Betrag, d.h. ich kann jetzt auch am WE gar keinen WE-Flat-Tarif um 4 \u20ac aufbuchen, weil, sobald ich die Mindestsumme von 10 \u20ac einzahlen w\u00fcrde, w\u00fcrde der Comple-L-Tarif aktiviert werden.. <\/p>\n<p>M\u00f6glich w\u00e4re vielleicht, den Complete-L-Tarif derweil zum 0 \u20ac &#8211; Tarif zu wechseln ohne inkludiertem Datenvolumen oder zum teureren Tarif um 15 \u20ac &#8211; falls eines davon sofort durchgef\u00fchrt werden w\u00fcrde .. <\/p>\n<p>.. ok, der Tarifwechsel schien aktiviert zu werden, dann werd ich hoffentlich die 10 \u20ac aufbuchen und am WE den Flat-Tarif um 4 \u20ac buchen k\u00f6nnen.. <\/p>\n<p><strong>Fr, 24.6.2022<\/strong> <\/p>\n<p>Gestern kurzfristig den Termin f\u00fcr die &#8220;Pickerltermin\u00e4nderung&#8221; bei der BH f\u00fcr heute ausgemacht .. der Akt bei der BH ging soweit zackig, dort wird einem gesagt, dass man gleich zur Zulassungsstelle gehen soll, dort war ich dann auch 15-30min sp\u00e4ter, aber die konnten noch nichts machen &#8211; die meinten, das muss erst von der Regierung eingespielt werden, kann halben bis ganzen Tag dauern, also werd ich n\u00e4chste Woche nochmals runter fahren m\u00fcssen :(<\/p>\n<p>Unkomplizierter war das mit der Karte am Recyclinghof, die bekam ich gleich mit. Noch ein Halt im BK (Gutscheine noch bis Ende Juni) und im Eurospar (erstmals einen Supermarkt hier in der Gegend besucht) und dann genug von den eigentlich nicht so warmen 24\u00b0 unten im Tal gehabt, aber im Auto war&#8217;s hei\u00dfer. Puh, diese Hitze wird mich in einem Monat auf der Reise sicherlich nerven.<\/p>\n<p>In der Wohnung hab ich mittlerweile stabile 21-22\u00b0, nachts noch ohne offenem Fenster.<\/p>\n<p><a href='http:\/\/extra.inmontanis.info\/d\/76239-2\/IMG_20220624_151201.jpg'><img src=http:\/\/extra.inmontanis.info\/d\/76238-3\/IMG_20220624_151201.jpg \/><\/a><br \/>\n^ Neue Lampe, sch\u00f6n bunt und schaut nett aus, aber braucht eigenes Leuchtmittel und ist nicht sehr hell  &#8211; ob die im Flur bleibt, wei\u00df ich noch nicht. Daher die Befestigung oben nicht besser gemacht ;)<\/p>\n<p>&#8212;<\/p>\n<p>Was man hier liest, scheint aus einem Paralleluniversum zu kommen:<br \/>\n<a href='https:\/\/orf.at\/\/stories\/3272573\/'>https:\/\/orf.at\/\/stories\/3272573\/<\/a><br \/>\n.. zumindest und insbesondere dieser Satz:<\/p>\n<blockquote><p>Die G-7 werde au\u00dferdem \u201edie Vision einer Welt vorantreiben, die auf Freiheit und Offenheit beruht, nicht auf Zwang, nicht auf Aggression und nicht auf Einflusssph\u00e4ren\u201c. Der G-7 geh\u00f6ren neben den USA und Deutschland die anderen gro\u00dfen demokratischen Industriestaaten Kanada, Gro\u00dfbritannien, Frankreich, Italien und Japan an. <\/p><\/blockquote>\n<p>.. wobei .. wenn man unter &#8220;die Vision einer Welt vorantreiben&#8221; so was versteht wie die M\u00f6hre, die an einem vom Reiter in der Hand gehaltenen Stecken vor dem Pferd baumelt, das Pferd die selbige aber nie essen soll, weil es sonst stehen bleiben w\u00fcrde, dann mag das passen. <\/p>\n<p>&#8220;China &#038; Digital-finanzieller Komplex &#8211; Ernst Wolff im Gespr\u00e4ch mit Paula P\u2019Cay&#8221;<br \/>\n<a href='https:\/\/www.youtube.com\/watch?v=3Y1g4kzvXlg'>https:\/\/www.youtube.com\/watch?v=3Y1g4kzvXlg<\/a><\/p>\n<p>Selbstverbreitende Impfstoffe:<br \/>\n<a href='https:\/\/uncutnews.ch\/ansteckende-impfstoffe-eine-warnung\/'>https:\/\/uncutnews.ch\/ansteckende-impfstoffe-eine-warnung\/<\/a><\/p>\n<p>und sonst:<\/p>\n<p><a href='https:\/\/www.anti-spiegel.ru\/2022\/das-ende-der-menschenrechte-wie-wir-sie-kennen\/'>https:\/\/www.anti-spiegel.ru\/2022\/das-ende-der-menschenrechte-wie-wir-sie-kennen\/<\/a><\/p>\n<p><a href='https:\/\/www.anti-spiegel.ru\/2022\/wer-entscheidungen-der-deutschen-regierung-kritisiert-ist-ein-fall-fuer-den-verfassungsschutz\/'>https:\/\/www.anti-spiegel.ru\/2022\/wer-entscheidungen-der-deutschen-regierung-kritisiert-ist-ein-fall-fuer-den-verfassungsschutz\/<\/a><\/p>\n<p>.. aber klar .. &#8220;Freiheit und Offenheit, nicht auf Zwang&#8221; &#8230; es ist und bleibt das orwellsche Neusprech .. &#8220;Krieg ist Frieden&#8221; &#8230;<\/p>\n","protected":false},"excerpt":{"rendered":"<p>Do, 16.6.2022 <\/p>\n<p>Wir n\u00e4hern uns dem Abschlussbericht der Skandinavienreise &#8230;<\/p>\n<p>&#8230; hab heute den noch k\u00fchlen Vormittag genutzt (die n\u00e4chten Tage soll es auch hier oben w\u00e4rmer werden), um ..<\/p>\n<p>a) .. die Reifen umzustecken. Die Sommerreifen haben vorne >5mm (mal ausgewechselt) und hinten knapp \u00fcber 3mm, k\u00f6nnten hinten, hoffe ich, noch den Sommer <a href=\"http:\/\/blog.inmontanis.info\/?p=7627\">[&#8230;]<\/a><\/p>\n","protected":false},"author":1,"featured_media":7634,"comment_status":"closed","ping_status":"closed","sticky":false,"template":"","format":"standard","meta":{"footnotes":""},"categories":[185,186],"tags":[],"class_list":["post-7627","post","type-post","status-publish","format-standard","has-post-thumbnail","hentry","category-2021-08-skandinavien","category-2022-07-uk-irl-iom","odd"],"_links":{"self":[{"href":"http:\/\/blog.inmontanis.info\/index.php?rest_route=\/wp\/v2\/posts\/7627","targetHints":{"allow":["GET"]}}],"collection":[{"href":"http:\/\/blog.inmontanis.info\/index.php?rest_route=\/wp\/v2\/posts"}],"about":[{"href":"http:\/\/blog.inmontanis.info\/index.php?rest_route=\/wp\/v2\/types\/post"}],"author":[{"embeddable":true,"href":"http:\/\/blog.inmontanis.info\/index.php?rest_route=\/wp\/v2\/users\/1"}],"replies":[{"embeddable":true,"href":"http:\/\/blog.inmontanis.info\/index.php?rest_route=%2Fwp%2Fv2%2Fcomments&post=7627"}],"version-history":[{"count":6,"href":"http:\/\/blog.inmontanis.info\/index.php?rest_route=\/wp\/v2\/posts\/7627\/revisions"}],"predecessor-version":[{"id":7633,"href":"http:\/\/blog.inmontanis.info\/index.php?rest_route=\/wp\/v2\/posts\/7627\/revisions\/7633"}],"wp:featuredmedia":[{"embeddable":true,"href":"http:\/\/blog.inmontanis.info\/index.php?rest_route=\/wp\/v2\/media\/7634"}],"wp:attachment":[{"href":"http:\/\/blog.inmontanis.info\/index.php?rest_route=%2Fwp%2Fv2%2Fmedia&parent=7627"}],"wp:term":[{"taxonomy":"category","embeddable":true,"href":"http:\/\/blog.inmontanis.info\/index.php?rest_route=%2Fwp%2Fv2%2Fcategories&post=7627"},{"taxonomy":"post_tag","embeddable":true,"href":"http:\/\/blog.inmontanis.info\/index.php?rest_route=%2Fwp%2Fv2%2Ftags&post=7627"}],"curies":[{"name":"wp","href":"https:\/\/api.w.org\/{rel}","templated":true}]}}