{"id":7607,"date":"2022-06-14T14:30:53","date_gmt":"2022-06-14T12:30:53","guid":{"rendered":"http:\/\/blog.inmontanis.info\/?p=7607"},"modified":"2022-06-17T09:09:03","modified_gmt":"2022-06-17T07:09:03","slug":"warten-aufs-auto-uk-reiseplanungen-dies-das-4-14-6-2022","status":"publish","type":"post","link":"http:\/\/blog.inmontanis.info\/?p=7607","title":{"rendered":"Warten auf&#8217;s Auto, UK-Reiseplanungen, dies &#038; das,  4.-14.6.2022"},"content":{"rendered":"<p><em>(Achtung, viel Text und wer Bilder sehen will: Auf die Links klicken!)<\/em><\/p>\n<p><strong>Sa, 4.6.2022<\/strong> (Pfingstsamstag)<\/p>\n<p>Weitere schlechte Nachrichten aus IT:<br \/>\n.. Am Maniva-Skigebiet sollen demn\u00e4chst Nascivera-DSB und Nascivera-SL ersetzt werden :(<br \/>\n<a href='https:\/\/www.dovesciare.it\/news\/2022-05-23\/maniva-dalla-regione-lombardia-finanzialmenti-due-nuovi-impianti'>https:\/\/www.dovesciare.it\/news\/2022-05-23\/maniva-dalla-regione-lombardia-finanzialmenti-due-nuovi-impianti<\/a><br \/>\n.. Oropa mit PB und Korblift ist wohl auch zu (seit Dezember) und braucht wieder einmal (schon wieder?!) eine Revision<\/p>\n<p>.. immerhin scheinen die Sommer-ESL in S\u00fcdtirol samt Korblift noch in Betrieb zu sein.<\/p>\n<p>.. und der wiederaufgebaute Korblift am Gardasee (Prada Costabella) soll lt. Website auch endlich diesen Sommer wieder \u00f6ffnen? Naja.. abwarten .. Der ESL oben wurde ja mit einer DSB ersetzt. Lt. Infos vom April sind noch einige Arbeiten zu machen&#8230;<br \/>\nInfo + Bildergallerie:<br \/>\n<a href='https:\/\/www.facebook.com\/groups\/297302957052159\/posts\/5007354646046943\/'>https:\/\/www.facebook.com\/groups\/297302957052159\/posts\/5007354646046943\/<\/a><\/p>\n<p>Abends gab&#8217;s in Telfs wohl eine Open-Air-Disco (oder in einer nicht sonderlich schalldichten Halle). Wir sind hier zwar ein St\u00fcck weit weg, aber es war trotz geschlossener Fenster noch zu h\u00f6ren. Die Politiker, die so eine n\u00e4chtliche Ruhest\u00f6rung erlauben (Abschluss war morgen fr\u00fch, Pfingstsonntag, 2 Uhr mit einem Sierra Madre), sollte man exekutieren.<\/p>\n<p>(Diesmal ausnahmsweise vorteilhaft: der laute Tiefk\u00fchlschrank.)<\/p>\n<p><strong>5.6.2022<\/strong><\/p>\n<p>Updates meiner UK-Reiseplanungen: Von den nicht gefahrenen Monorails, weil in teuren ThemeParks, gibt es die im Chester Zoo (1991-2019) und die Chessington Safari Skyway (1986-2015) auch nicht mehr. Die im PleasureBeach Blackpool wurde ja schon 2012 (BJ 1966) geschlossen.<\/p>\n<p>Die in Alton Towers scheint noch zu laufen, hier dient sie als Transport vom Parkplatz zum Eingang. K\u00f6nnte also evtl. sogar ohne Ticket (au\u00dfer dem Parkticket) fahrbar sein.<\/p>\n<p>Die im Beaulieu Motormuseum soll auch noch existieren. Ist mit BJ 1974 oder so sogar noch die (zweit)\u00e4lteste davon. Vielleicht besuch ich das Museum mal wieder.<\/p>\n<p>Bei der Gelegenheit, die 1988 gebaute Monorail in Sydney (Australien) wurde auch 2013 abgerissen. Also relativ \u00e4hnliche Daten allesamt. Au\u00dfer die Merry Hill Monorail in UK, die gab es nur 5 Jahre (1991-1996). Da lob ich mir doch good old Wuppertal &#8230;<\/p>\n<p>Noch kurioser, eine Gyro-Monorail:<br \/>\n<a href='https:\/\/www.youtube.com\/watch?v=Eq01TANNzW0'>https:\/\/www.youtube.com\/watch?v=Eq01TANNzW0<\/a><br \/>\n<a href='https:\/\/www.lartiguemonorail.com\/'>https:\/\/www.lartiguemonorail.com\/<\/a><\/p>\n<p>.. und weil wir gerade bei kuriosen Dingen sind:<br \/>\n<a href='https:\/\/www.monorails.org\/tMspages\/History.html'>https:\/\/www.monorails.org\/tMspages\/History.html<\/a><br \/>\n&#8220;1929 The Bennie Railplane&#8221;<br \/>\n&#8220;Two electrically-powered propellers delivered 240 horsepower in a short burst for acceleration to the cruise speed of 160 kph. There were plans for a high-speed link between London and Paris, with a seaplane to carry passengers across the English Channel&#8221;<br \/>\n<a href='https:\/\/en.wikipedia.org\/wiki\/Bennie_Railplane'>https:\/\/en.wikipedia.org\/wiki\/Bennie_Railplane<\/a><br \/>\n<a href='https:\/\/archive.ph\/20130114002620\/http:\/\/www.gearwheelsmag.co.uk\/archive\/the_bennie_railplane_feature_13.htm'>https:\/\/archive.ph\/20130114002620\/http:\/\/www.gearwheelsmag.co.uk\/archive\/the_bennie_railplane_feature_13.htm<\/a><\/p>\n<p>Zuf\u00e4llig entdeckt:<br \/>\nAuf der Insel Jersey gab&#8217;s mal eine kurze (und sinnhaft-fragw\u00fcrdige) 4EUB, 1988 geschlossen, 2018 wurden anscheinend die Stationen abgetragen:<br \/>\n<a href='https:\/\/www.youtube.com\/watch?v=0pggDbIEQrw'>https:\/\/www.youtube.com\/watch?v=0pggDbIEQrw<\/a><br \/>\n<a href='https:\/\/www.gov.je\/News\/2018\/pages\/Cablecarstationdemolition.aspx'>https:\/\/www.gov.je\/News\/2018\/pages\/Cablecarstationdemolition.aspx<\/a><br \/>\n<a href='https:\/\/images.ctfassets.net\/pjshm78m9jt4\/257030_header\/7407e833657b4e9e696a8dc27e8351c4\/importedImage257030_header'>https:\/\/images.ctfassets.net\/pjshm78m9jt4\/257030_header\/7407e833657b4e9e696a8dc27e8351c4\/importedImage257030_header<\/a><\/p>\n<p>Hm. Die 4EUB im Flamingoland-Vergn\u00fcgungspark, die ich ebenfalls in UK nicht gefahren bin, wurde wohl auch stillgelegt. Daf\u00fcr scheint die dortige Monorail noch zu existieren. Die 2EUB oder 4EUB in Drayton Manor (Vergn\u00fcgungspark) dagegen wurde wohl 2017 stillgelegt.<\/p>\n<p>Evtl. sollte ich einige alte 2EUB in DE auf dem Weg mitnehmen, so es dort keine Maskenpflichten gibt..<\/p>\n<p>Und ich werde definitiv die 4er in Llandudno fahren m\u00fcssen. Und wenn ich eine Woche auf windstilles Wetter warten muss ;-)<\/p>\n<p>F\u00fcr die 5 Winter-Skigebiete in Schottland gibt&#8217;s sogar eine gemeinsame Saisonkarte &#8211; die ist aber anscheinend limitiert und muss schon jeweils im Sommer\/Herbst gekauft werden. Au\u00dfer das war letztes Jahr nur wegen Corona so.<br \/>\n<a href='https:\/\/snowsportscotland.org\/buy-an-all-area-pass\/'>https:\/\/snowsportscotland.org\/buy-an-all-area-pass\/<\/a><\/p>\n<p>Die Pistenpl\u00e4ne von 3-4 Skigebieten schauen ja schon sehr interessant aus.. echt bedauerlich, dass ich es hier noch nicht im Winter hergeschafft hab.<\/p>\n<p>Sp\u00e4t abends wieder Musikfestival .. . zwar leiser (wobei, gegen 23 Uhr am lautesten) und nicht so lang, trotzdem unversch\u00e4mt, das an einem Sonn- und Feiertag (Pfingstsonntag) zu erlauben.<\/p>\n<p><strong>6.6.2022<\/strong><\/p>\n<p>Ich nutze die Tage momentan ja mit Planungen f\u00fcr eine eventuelle UK-Reise. Hab mir dazu eine Excel-Tabelle angelegt und die \u00d6ffnungszeiten bzw. Events der historischen Trams reingeschrieben.<\/p>\n<p>Jetzt hab ich zwar &#8220;so viel Zeit&#8221; f\u00fcr die Reise, aber es wird trotzdem schwierig, alles unter einen Hut zu bekommen, da ich ja gerne z.B. 2 Wochen auf der Isle of Man und 3-5 Wochen in Schottland sein will, aber auch gerne 2-3 Wochen in Wales .. und Irland h\u00e4tte man ja auch mal 2-3 Wochen besuchen k\u00f6nnen und .. in S\u00fcdengland will ich aber vor Ende der Sommersaison auch noch sein (nicht jedoch am Anfang der Reise, da zu warm) &#8230; das wird sehr schwierig bzw. mit etlichen Umwegen oder Einschr\u00e4nkungen im Falle einer Rundfahrt &#8211; oder ich muss fr\u00fcher los. All zu viel kreuz und quer will ich ja schon allein aufgrund der teuren Benzinpreise auch nicht mehr fahren. Schwierig.<\/p>\n<p>\u00dcber eine stillgelegte Kugel-Gondel in Japan heute gestolpert:<br \/>\n<a href='https:\/\/www.obsidianurbexphotography.com\/other\/spaceship-ropeway-japan-haikyo\/'>https:\/\/www.obsidianurbexphotography.com\/other\/spaceship-ropeway-japan-haikyo\/<\/a><\/p>\n<p>Bei all der Suche nach ehemaligen (und vielleicht noch aktiven) Seilbahnen in Gro\u00dfbritannien hab ich doch tats\u00e4chlich noch einen ESL gefunden, der mir bisher unbekannt war! Nat\u00fcrlich kurz, in einem Zoo, aber sch\u00f6n alt: aus den 1950ern. Zus\u00e4tzlich zu dem einen ESL in einem Skigebiet in Schottland m\u00fcsste es dann somit derzeit 2 ESL in Gro\u00dfbritannien geben. <\/p>\n<p>Aufstellung ehemaliger Mattenskigebiete, nicht nur in UK, sondern weltweit, aber alle sind da auch nicht drin, von Italien fehlen z.B. alle:<br \/>\n<a href='https:\/\/dryslopenews.com\/former-slopes\/'>https:\/\/dryslopenews.com\/former-slopes\/<\/a><\/p>\n<p>Auf einer anderen Seite dort liest man, dass die l\u00e4ngste Mattenskipiste 2016 in Japan gebaut wurde: 1,1km lang. Coool. Kopaonik in Serbien ist ca. 800m. In Russland soll auch eine mit 1,1km 2019 gebaut worden sein. Die 20 l\u00e4ngsten derzeit weltweit:<br \/>\n<a href='https:\/\/dryslopenews.com\/2021\/05\/17\/the-worlds-20-longest-dry-ski-slopes\/'>https:\/\/dryslopenews.com\/2021\/05\/17\/the-worlds-20-longest-dry-ski-slopes\/<\/a><br \/>\nCap Devouverte in FR fehlt dort. War doch ca. 600m lang mit einer 4SB, wurde aber irgendwann auf Helmpflicht umgestellt, weshalb ich dann nicht hingefahren bin. Scheint mittlerweile wohl nicht mehr zu existieren? Find keine (aktuellen) Info mehr, wird auf den offiziellen Seiten nicht mehr aufgef\u00fchrt..<\/p>\n<p>Zu den verschiedenen Mattentypen und Herstellern, von denen mir bisher nur ein Bruchteil bekannt ist:<br \/>\n<a href='https:\/\/dryslopenews.com\/manufacturers\/'>https:\/\/dryslopenews.com\/manufacturers\/<\/a><\/p>\n<p>In Wales plant man ein gro\u00dfes Mattenskicenter mit Hauben-Sessellift:<br \/>\n<a href='https:\/\/www.thesun.co.uk\/travel\/17383752\/adventure-resort-wales-afan-valley\/'>https:\/\/www.thesun.co.uk\/travel\/17383752\/adventure-resort-wales-afan-valley\/<\/a><\/p>\n<p>N\u00e4he Innsbruck, in Scharnitz, gibts auch eine Mattenskipiste .. Naja, nur zum Springen f\u00fcr Funpark-Fans, aber ein Anfang:<br \/>\n<a href='https:\/\/bangerpark.com\/'>https:\/\/bangerpark.com\/<\/a><\/p>\n<p>Bei der Gelegenheit auch bemerkt: Llandudno hat nicht mehr diese bl\u00f6den Permasnow-Matten, die einem den Belag neben den Kanten rausgebrannt hat (railing), sondern rautenf\u00f6rmige &#8211; wie Dendix, aber anderer Hersteller (Skitech). Worth a visit! Auch wenn die 1,5h jetzt 20,- GBP statt fr\u00fcher 13,50 kosten&#8230;<\/p>\n<p><strong>7.6.2022<\/strong><\/p>\n<p>Der Tag war wohl mal nix. Im Interspar gab&#8217;s keine Salsiccia (obwohl Spar irgendwelche auf der Homepage listet), im Kika-Restaurant gabs den g\u00fcnstigen Hirtenspie\u00df nicht. Ein paar Tage sp\u00e4ter fand ich in einem normalen Spar die (Despar) Salsicce, aber beim Anbraten fehlte der eher typische Salsccia-Geruch und der fehlte auch beim Geschmack, obwohl sie sonst gut waren. Nicht so grob und r\u00f6ter kamen sie mir nach dem Anbraten auch vor.<\/p>\n<p>Im Gegensatz zu Deutschland, wo bei meiner Durchfahrt im Mai ja noch recht viele im Supermarkt eine Maske freiwillig aufgezogen hatten, hab ich im Interspar heute nur 1 gesehen, am Schluss ging noch eine junge Frau damit durch die T\u00fcr. Ein paar Tage sp\u00e4ter im anderen Supermarkt war ebenfalls nur ein Entenschnabel sichtbar. Hat die &#8220;Massenpsychose&#8221; in Deutschland etwa besser funktioniert?<\/p>\n<p>Wenigstens bleibt das voraussichtliche Lieferdatum der Feder noch beim 10.6&#8230;<\/p>\n<p><strong>8.6.2022<\/strong><\/p>\n<p>Also, vielleicht bleib ich doch den ersten Teil des Winters in Schottland, wenn es keine Corona-Ma\u00dfnahmen geben sollte. Dann muss Ich wohl vorsorglich auch mal gewisse Wintersachen mit nach UK nehmen, d.h. zus\u00e4tzlich zu den alten Mattenski auch noch normale Ski, wobei die alt sein sollten, weil ggf. wenig Schnee im Dez\/Jan .. also k\u00f6nnten die Mattenski auch reichen, aber alte Allmountains w\u00e4ren vielleicht besser .. aber jedenfalls also mal zumindest eine Garnitur warme Kleidung, Heizer f\u00fcrn Campingplatz und Schneeketten, die ich dann vielleicht doch zur Not auf die Sommerr\u00e4der montieren muss, so sie passen.<\/p>\n<p>In dem Fall muss ich nat\u00fcrlich mal UK verlassen wg. dem 180-Tage-Limit, entweder im August nach Irland r\u00fcber oder sp\u00e4ter mal auf den Kontinent und retour .. oder es reicht mein Besuch auf der Isle of Man? Geh\u00f6rt ja nicht zum UK &#8211; nur zum britischen Kronbesitz und war ja auch vor dem Brexit nicht Teil der EU. Da m\u00fcsste man also tiefer graben in den Gesetzen &#8230;<\/p>\n<p>.. getan, demnach IoM wie Irland zur &#8220;Common Travel Area (CTA)&#8221; geh\u00f6rt, d.h. es d\u00fcrfte keinen Unterschied machen, ob ich von der Isle of Man oder Irland ins UK gehe, entweder die 6 Monate z\u00e4hlen bei beiden erneut oder bei keinem. Letzteres k\u00f6nnte dann der Fall sein, wenn der Grenz\u00fcbertritt nicht als solches erfasst wird (weil vielleicht kein Pass elektronisch eingescannt wird) oder (wg. CTA) nicht als &#8220;so wirklicher Grenz\u00fcbertritt&#8221; gez\u00e4hlt wird -> da hab ich nun nichts mehr gefunden. Wobei streng genommen ja zumindest die 180 Tage ohne dem Zeitraum in IoM\/IRL gez\u00e4hlt werden m\u00fcssten?! Dann kann ich ggf. die dort verbrachten Wochen \u00fcberziehen. Werd mal den Grenzer fragen, ob er was wei\u00df..<\/p>\n<p>Sch\u00f6ner \u00dcberblick zum Stempeln von Reisep\u00e4ssen inkl. Bildern (sofern aktuell, aber f\u00fcr UK werden EU&#8217;ler wohl nicht abgestempelt):<br \/>\n<a href='https:\/\/en.wikipedia.org\/wiki\/Passport_stamp'>https:\/\/en.wikipedia.org\/wiki\/Passport_stamp<\/a><\/p>\n<p>Hintertuxer aktuell GB2 in Revision (sch\u00f6n, dann geht die 4EUB), aber auch die DSB (nicht sch\u00f6n, dann muss man nachmittags immer 10EUB oder GB3 nehmen, au\u00dfer der SL f\u00e4hrt wie es fr\u00fcher mal \u00fcblich war, auch nachmittags. War in den letzten Jahren aber nicht immer der Fall, meine ich.)<\/p>\n<p>Was meine sonstigen Planungen angeht .. Hintertux entweder auf dem Weg nach K\u00e4rnten oder dann richtung UK. Cervinia\/Zermatt werd ich auslassen, Plan Maison ist jetzt schon aper, Korblift Oropa f\u00e4hrt auch nicht, nach Frankreich will ich wegen den nach wie vor geltenden 3G-bei-Einreise nicht, also lohnt sich kein Besuch in den Westalpen.<\/p>\n<p>Korblifte\/ESL in S\u00fcdtirol k\u00f6nnte man ein paar mitnehmen, also insb. Vellau-Leiteralm. Da w\u00e4re dann der Stelvio nicht weit weg .. aber bei einem Tageskartenpreis von 51,- sag ich: N\u00f6. 2 Tage 100,- 3 Tage 141 .. sind kaum verg\u00fcnstigt. Nachmittagskarte um 34,- w\u00e4re OK, wenn Payer+Cristalo nicht mittags schlie\u00dfen w\u00fcrden. 2 Tage Hitux kosten ja auch 100,-, aber die 2,5 Tage am Tuxer machen mit 125,50 dann am meisten Sinn (weil ich so etwas auf 3 Tage rechne). Wobei ich auch erst mal Zeit f\u00fcr die 3 Tage haben muss bzw. das Wetter zumindest an 2 davon brauchbar sein sollte &#8230;Oder eine Tageskarte zum Einheimischentarif, so noch f\u00fcr mich erh\u00e4ltlich ;-) Die ist aber mittlerweile auch nicht mehr so g\u00fcnstig und kostet auch schon \u00fcber 40 \u20ac. Die 2,5 &#8211; Tageskarte zum Normalpreis auf 3 Tage runtergerechnet w\u00e4re g\u00fcnstiger&#8230; andererseits hab ich gerade wenig Lust, noch weitere 2 Tage in Tirol zu verbringen und am Parkplatz der Gletscherbahnen zu n\u00e4chtigen ..<\/p>\n<p>Ein paar alte DSB\/2EUB in DE k\u00f6nnte man auch noch mitnehmen. Aber zumindest eine der kleinen Seilbahnen in DE hat noch Maskenpflicht (in DE ist das ja den Firmen selbst \u00fcberlassen): Boppard. Sogar nochmals extra vehement auf der Homepage aufgef\u00fchrt. Die DSB (!) bin ich zwar eh schon gefahren, aber so kommt die halt nicht in Frage f\u00fcr einen eventuellen Wiederholungsbesuch. Entsprechend negative Bewertungen auf Google existieren auch, es ist also kein veralteter Text ..<\/p>\n<p>Die schon vor Jahren totgesagte Skihalle in Bottrop (Alpincenter) &#8211; bekanntlich die einzige, die mir je gefallen hat &#8211; gibt&#8217;s auch noch, hat aber anscheinend im Sommer generell oder zumindest auch diesen nicht offen. Schade.<\/p>\n<p>Spa\u00dfeshalber mal die Skihallen in NL durchgeschaut &#8211; da gibts jetzt \u00fcberall Helmpflicht, die fallen also auch aus. Wie mich diese Welt mehr und mehr ankotzt, unglaublich. Ja, Skihallen in NL braucht man nicht nachtrauern, aber es geht ums Prinzip und die immer gr\u00f6\u00dfere Bevormundung und immer kleinere Freiheit.<\/p>\n<p>Obwohl die Skihalle in Neuss auch zur niederl\u00e4ndischen Snowworld-Gruppe geh\u00f6rt, gilt da wenigstens noch keine Helmpflicht. Aber die Skihalle gefiel mir ja nicht. Snowworld in FR hat wohl auch noch keine Helmpflicht.<\/p>\n<p>Der alte Kaiserwagen der Wuppertaler Schwebebahn w\u00e4re auch ein guter Wiederholungsbesuchsgrund daf\u00fcr gewesen, ist aber fr\u00fchestens wieder 2024 in Betrieb. Und die aktuellen Wagen wurden vor ein paar Jahren modernisiert. Sicher, bei der Bahn geht&#8217;s &#8211; im Gegensatz zu den historischen Trams &#8211; ja weniger um die Mobilien als eher um die Immobilien. Wobei die Bahnh\u00f6fe mittlerweile auch allesamt recht modern sind. Und die Wagen aus den 70ern ja auch nicht so sch\u00f6n waren. Aber obwohl immer elektrisch, hat diese aufgest\u00e4nderte Monorail ein gewisses &#8220;Steampunk&#8221;-Ambiente. <\/p>\n<p>Leider gibts das Museum noch nicht, h\u00f6rt sich interessant an:<br \/>\n<a href='https:\/\/www.wz.de\/nrw\/wuppertal\/wuppertal-zeitreise-mit-der-schwebebahn-in-einem-neuen-museum-erleben_aid-69420317'>https:\/\/www.wz.de\/nrw\/wuppertal\/wuppertal-zeitreise-mit-der-schwebebahn-in-einem-neuen-museum-erleben_aid-69420317<\/a><\/p>\n<p><strong>9.6.2022<\/strong><\/p>\n<p>Falls morgen mein Auto wie geplant fertig werden sollte und ich am WE heimfahr, w\u00fcrde ich wieder nicht bei meinem Arbeitgeber vorbei kommen, also dann heute nach Innsbruck gefahren. Sehr viel reden m\u00fcssen und bis ich alle Umbauten, Neubauten und einige Mitarbeitergespr\u00e4che durch hatte, waren fast 7h vergangen. Das h\u00e4tte ich nicht erwartet&#8230;<\/p>\n<p>Obwohl es momentan ja kaum Kundenverkehr im Autoverkauf gibt (zu lange Lieferzeit, kaum was da, was man verkaufen kann), hab ich in den dortigen paar Minuten ein anderes bekanntes Gesicht gesehen: Kommt nicht der eine Seilbahner von der DSB vom Hintertuxer Gletscher rein? Zuf\u00e4lle gibt&#8217;s..<\/p>\n<p>In der Werkstatt etwas nachgefragt, es gibt in letzter Zeit nicht nur meinen Ignis mit einer gebrochenen Feder und die Lieferproblematik ist mal seit April, wobei die Federn in Japan hergestellt werden sollen. Also warum die dann so lang brauchen&#8230; Zus\u00e4tzlich nachgefragt: Beim Nachladen meiner Innenraumabtterie im Stand\/Leerlauf sollte ich die Motordrehzahl lieber auf 1500 upm bringen, wenn ich die Lichtmaschine entlasten m\u00f6chte &#8211; sonst ist der Kohlen-Anpressdruck h\u00f6her und somit auch der Verschlei\u00df. <\/p>\n<p><strong>Fr, 10.6.2022<\/strong><\/p>\n<p>Lieferung Feder, heute? Negativ: DELAY .. Na toll!!<\/p>\n<p>Aber in Innsbruck kamen gestern 3 Federn an (wann genau die bestellt wurden, ist mir nicht ganz klar, lt. System n\u00e4mlich einige Zeit nach der f\u00fcr mich!), 1 wurde gestern noch verbaut, von den anderen 2 bekomm ich nun 1, dass wenigstens die gebrochene ersetzt ist, die andere muss dann halt auf dem Weg nach UK ersetzt werden. Angeblich soll die Lieferung f\u00fcr mich nun Mitte n\u00e4chster Woche kommen. Aber ob mein Auto heute noch fahrbereit sein wird, blieb bis Nachmittag offen..<\/p>\n<p>.. um 14 Uhr dann der Anruf der Werkstatt, dass mein Ignis heute nicht fertig wird, weil noch irgendwelche &#8220;Kleinigkeiten&#8221; zu erledigen sind. Klar, f\u00fcr die w\u00e4r in den letzten 4 Wochen ja keine Zeit gewesen..?! Nerv. Somit dann auch kein Skifahren am Hintertuxer dieses WE, weiterhin keine F\u00e4hrbuchungen, kein Arbeiten mal am gr\u00f6\u00dferen Monitor daheim, &#8230;.<\/p>\n<p>Mein Angepisst-Level hat mal wieder hohe H\u00f6hen erreicht und das, was ich heut Nachmittag noch gelesen hab, hat nicht zu einer Verringerung desselben beigetragen &#8211; dazu aber am Ende des n\u00e4chsten Beitrags (vom Hintertuxer), der hier wird eh schon zu lang.<\/p>\n<p><strong>11.6.2022<\/strong><\/p>\n<p>Was mein bereits erw\u00e4hntes Skitr\u00e4ger-Solarpanel-Ersatzrad-&#8220;Problem&#8221; angeht ..<\/p>\n<p>.. eine M\u00f6glichkeit w\u00e4re auch, das Ersatzrad auf der Heckklappe zu montieren (und das Solarpanel auf den Dachgrundtr\u00e4ger neben dem Skitr\u00e4ger). R\u00fcckw\u00e4rts raussehen muss ich nicht unbedingt, hab ja Seitenspiegel und zum R\u00fcckw\u00e4rtsfahren die R\u00fcckfahrkamera. Bleibt das Befestigungsproblem. M\u00f6glich w\u00e4re evtl. so ein Heckklappen-Fahrradtr\u00e4ger, der ja nur eingeklemmt ist, und darauf dann das Rad (Ersatzrad, nicht Fahrrad) montieren. Tr\u00e4ger und Rad sollten dann aber nicht mit den Skiern auf dem Dachtr\u00e4ger kollidieren. Problem vielleicht, dass das Rad am Tr\u00e4ger weiter vom Auto (aufgest\u00e4ndert) entfernt ist, als es n\u00f6tig w\u00e4re. Und, dass solche Tr\u00e4ger ja, so meine ich, nur mit Guten eingeklemmt werden? Somit nicht wirklich diebstahlsicher. Heckklappe \u00f6ffnen geht dann auch nicht, aber wenn ich nicht gerade die Tourenski unterm Bett hab, auch nicht unbedingt n\u00f6tig, hab ich wochen- monatelang nicht ge\u00f6ffnet.<\/p>\n<p>.. eine andere M\u00f6glichkeit w\u00e4re, statt dem Ersatzrad, das Solarpanel auf der Heckklappe zu montieren. Dann liegt das Panel schr\u00e4g und w\u00fcrde mehr Ertrag liefern, wenn man mit dem Arsch richtung Sonne steht. Unterwegs dagegen vielleicht weniger Ertrag. Befestigungsm\u00e4\u00dfig g\u00e4be es hier wohl mehrere M\u00f6glichkeiten:<br \/>\na) fix verschrauben. M\u00fcsste man schaun, ob das erlaubt w\u00e4re, evtl. nicht<br \/>\nb) auf einen klemmbaren Fahrradhecktr\u00e4ger verschrauben. Auch hier wieder das Diebstahlrisiko des gesamten Ensambles, das es weiter wegliegt, etvl. noch weniger schr\u00e4g liegt, etc.<br \/>\nc) ein flexibles Solarmodul direkt auf die Heckscheibe kleben. Auch wieder fraglich, ob so was erlaubt ist<br \/>\nd) ein flexibles Solarmodul (oder Solarkoffer-Modul) mittels Gurten\/Seilen an den Enden in die Heckklappe einklemmen. Geht dann vmtl. nur w\u00e4hrend der Fahrt (nicht zu schnell) oder wenn man steht und sich im Auto befindet, denn unbeaufsichtigt gibt&#8217;s hier wieder ein Diebstahlrisiko, sowie h\u00f6heres Vandalismusrisiko? Gegen Diebstahl k\u00f6nnte man vielleicht ein (innen versperrbares) Stahlseil einf\u00e4deln&#8230; So ein Modul k\u00f6nnte man dann beim Stehen auch aufs Dach legen oder generell \u00fcber das Reserverad verzurren (zum Fahren aber vmtl. windm\u00e4\u00dfig zu problematisch), wenn man eine diebstahlsichere M\u00f6glichkeit gefunden hat. Nachteil ist, dass die vielleicht nicht so wetterfest sind, dass man die nicht dauernd montiert haben kann und ggf. mal innen einr\u00e4umen\/verr\u00e4umen muss -> Platz innen ben\u00f6tigt. Da meine Heckscheibe stark get\u00f6nt ist, kann das Solarpanel nicht einfach nur innen liegen&#8230;<\/p>\n<p>Man k\u00f6nnte ein Solarpanel auch auf die Motorhaube kleben. Bekommt aber da ggf. \u00f6fters mal Dreck und Steinchen ab, zudem st\u00f6ren die Windschutzscheiben-Spritzer.<\/p>\n<p>Oder halt doch eine Dachbox, in der die Ski reinkommen, neben dem Ersatzrad montiert &#8211; und dann Solarmodul draufkleben.<\/p>\n<p>.. aber egal welche Variante, die Kosten daf\u00fcr werden sich mit dem Solarertrag wohl nicht einsparen.. und Speziall\u00f6sungen sind immer nochmals teurer.<\/p>\n<p>Wieder nach UK, auf\u00fchrlicher und etwas witzig geschriebener (englischsprachiger) Artikel \u00fcber das Midges-Problem especially in Scotland:<br \/>\n<a href='https:\/\/outaboutscotland.com\/midges-in-scotland\/'>https:\/\/outaboutscotland.com\/midges-in-scotland\/<\/a><\/p>\n<p>Uh, interesant, es gibt nicht nur Midges, sondern auch sog. Thunderbugs, die sind \u00e4hnlich klein und nervig, aber weniger bei\u00dfend. Also wei\u00df ich gar nicht, ob meine bisherigen &#8220;Minim\u00fccken&#8221;-Erfahrungen wirklich immer nur Midges waren.<\/p>\n<p>Mein UK-Omen hab ich auch wieder geh\u00f6rt, kann mich nicht erinnern, schon mal eine Eule in Tirol geh\u00f6rt zu haben &#8211; jedenfalls nicht in der Wohnung, aber heute schon.<\/p>\n<p><strong>12.6.2022<\/strong><\/p>\n<p>.. ufz, dieses britische &#8220;safety first&#8221;-Gehabe .. in Nordirland gibts einen Pfad an der Steilk\u00fcste, den man nur mit F\u00fchrung (20 GBP) und Helm (und festem Schuhwerk) betreten darf und mitterweile wohl komplett mit Gel\u00e4nder versehen ist&#8230; (&#8220;The Gobblins&#8221;)<br \/>\nDazu nur bei Vorbuchung, die Tour wird auch bei Sturm und Regen duchgef\u00fchrt. Quatsch sowas. Auch wenn das sehr interesant auss\u00e4he:<\/p>\n<p><a href='https:\/\/discovernorthernireland.com\/things-to-do\/the-gobbins-p710801'>https:\/\/discovernorthernireland.com\/things-to-do\/the-gobbins-p710801<\/a><\/p>\n<p>Aktuell lt. \u00d6AMTC-Website immer noch 3G-Pflicht bei Einreise nach Frankreich, Finnland und Portugal. T\u00fcrkei und Spanien sind mittlerweile Gr\u00fcn.<\/p>\n<p>Witizg die Angabe in der L\u00e4nderinfo des BMEIA unter Russland:<\/p>\n<blockquote><p>Es wird zu Vorsicht bei politischen \u00c4u\u00dferungen in Russland geraten, insbes. in sozialen Medien. Hier k\u00f6nnten Haftstrafen drohen. <\/p><\/blockquote>\n<p>Bei meinen \u00c4u\u00dferungen drohen mir eher Strafen in AT, weil ja das Verbreiten von Inhalten zensierter Websites wie RT in AT unter Strafe steht. Links werden aber ja hoffentlich noch erlaubt sein.<\/p>\n<p>Allerdings f\u00e4llt eine Reise nach RU ja f\u00fcr mich weiterhin aus, da &#8211; seit Corona &#8211; man weiterhin nicht mit dem Auto \u00fcber Landesgrenzen rein kommen d\u00fcrfen soll. Nur mit Flugzeug (+ C-Test) geht das mittlerweile. Ebenfalls bl\u00f6d ist nat\u00fcrlich, dass europ\u00e4ische, pardon, &#8220;amerikanische&#8221; Kreditkarten im Zuge der EU-Sanktionen in RU nicht mehr funktionieren.<\/p>\n<p>Mittlerweile \u00fcber 4 Wochen in Telfs in einer Wohnung, da hab ich im Auto oftmals ruhigere N\u00e4chte gehabt. Leute, die um 23 und 6 Uhr Glasflaschen in den Container schmei\u00dfen, das laute und durchgehende Vogelgezwitschere ab 5\/5:30 Uhr, Baul\u00e4rm gab&#8217;s heut auch schon um 6 Uhr, die &#8211; wenn auch wenigen &#8211; vorbeifahrenden Autos und ein sp\u00e4tabendliches Moped fast t\u00e4glich &#8230; und daheim w\u00e4r ich die meiste Zeit allein im Haus, ohne Durchfahrstra\u00dfe in der N\u00e4he und wegen K\u00fchle geschlossener Fenster in der Nacht&#8230;<\/p>\n<p><strong>Mo, 13.6.2022<\/strong><\/p>\n<p>Und, wird mein Auto heute fertig? Nein. Getriebe\u00f6l fehlt noch. Und in einer anderen Filiale soll das entsprechende Gebinde ausgeronnen sein. Es ist zum Verzweifeln. Warum hat man das nicht die letzten 4 Wochen irgendwann mal gemacht? Ich kapier&#8217;s nicht. Extra noch hingewiesen, sie sollen die anderen Sachen ja alle vorher machen, falls fehlerhaftes Teil geliefert wurde oder noch was festgestellt wird. &#8220;Ja, sowieso.&#8221; <\/p>\n<p>In Foppolo (Lombardei) will man erweitern bzw. stillgelegte Teile wieder reaktivieren:<br \/>\n<a href='https:\/\/www.valbrembanaweb.com\/wp-content\/uploads\/2022\/06\/martignon1.jpeg'>https:\/\/www.valbrembanaweb.com\/wp-content\/uploads\/2022\/06\/martignon1.jpeg<\/a><br \/>\n<a href='https:\/\/www.dovesciare.it\/news\/2022-06-11\/foppolo-ce-un-piano-di-rilancio-con-nuove-seggiovie-e-piste'>https:\/\/www.dovesciare.it\/news\/2022-06-11\/foppolo-ce-un-piano-di-rilancio-con-nuove-seggiovie-e-piste<\/a><br \/>\n.. soweit so gut, aber anstatt erst einmal die Lifte zu bauen (3?4?5? Sessel um unter 10 Mio inkl. den ganzen Pistenarbeiten, wer auch immer das finanzieren und verschenken soll), was ist in Italien nat\u00fcrlich viiiel wichtiger und 100x nerviger?<br \/>\n&#8221; a ottobre si inizierabbe con la sistemazione di alcune piste&#8221;<br \/>\n.. und wer sich an die neuen Pistenbauten vor einigen Jahren in Foppolo erinnert, will lieber nicht wissen, wie die neuen aussehen werden..<br \/>\nAber &#8220;riaprire e sistemare tutte le piste nell&#8217;area Giretta&#8221; &#8211; das ist der Bereich mit dem stillgelegten, orangest\u00fctzenen Lift, der auch von der KSB vonseiten Carona erschlossen wird und der mir recht gut gefallen hat. Also wiederer\u00f6ffnen k\u00f6nnte man die restlichen Pisten auch aktuell. Aber bitte nicht umpfl\u00fcgen :(<br \/>\n<a href='https:\/\/www.valbrembanaweb.com\/redazionale\/notizie-dalla-val-brembana\/foppolo-ecco-il-progetto-del-rilancio-21-piste-riapertura-di-toro-giretta-e-nuova-area-al-convento\/'>https:\/\/www.valbrembanaweb.com\/redazionale\/notizie-dalla-val-brembana\/foppolo-ecco-il-progetto-del-rilancio-21-piste-riapertura-di-toro-giretta-e-nuova-area-al-convento\/<\/a><\/p>\n<p>Das Benzin kostet in Tirol mittlerweile auch \u00fcber 2,- \u20ac (war ja vor einem Monat noch um die 1,80). In Nordschweden zahlt man mittlerweile teils 23,50 SEK &#8230;<\/p>\n<p>Da mein Auto heut nicht fertig wurde, ging es halt nochmals zum Griechen, Mittagsmen\u00fc unter der Woche ist g\u00fcnstiger als am WE. Zum dritten Mal jetzt in den letzten 4-5 Wochen &#8211; und jedesmal den selben Tisch bekommen, das f\u00fchlt sich nun schon als Stammtisch an.<\/p>\n<p>Dazu ein kleiner Nachruf auf ein ehemaliges Restaurant bzw. Hotel, und zwar in Heroldsberg, n\u00f6rdlich von N\u00fcrnberg: Gelber L\u00f6we. Da gabs &#8211; als wir in den 80er\/Anfang90ern in Heroldsberg wohnten, leckere Schweinemedaillons (oder Schweinelende oder wie auch immer) mit 3 verschiedenen Saucen und Kroketten. Was genau das f\u00fcr Saucen waren, hatten wir damals glaub ich nie nachgefragt oder rausgeschmeckt, ich kann mich an eine dunkle und eine helle erinnern und die dritte vielleicht was dazwischen und gelber. Jedenfalls waren diese Saucen sehr lecker und Mutter+ich haben das die seltenen Male, wo wir dort a\u00dfen, stets genommen. Wobei ich teilweise ja noch sehr klein war und zumindest anfangs gar keine eigene  Portion bekam.<\/p>\n<p>Es hatte ja einen Vorteil: 3 verschiedene &#8220;Speisen&#8221; zum Preis von einer, wenn das Hotelrestaurant aber auch eher teurer war. Und so mischen tu ich, wenn m\u00f6glich, ja immer noch gerne. (Tris di Pasta im Autogrill z.B.)<\/p>\n<p>Ja, also, &#8220;Nachruf&#8221; deshalb, weil das Hotel samt Gasthof seit einigen Jahren geschlossen ist und auf den diversen Hotelbuchungsportalen von ca. 2012-2016 ultraschlechte Bewertungen (viele unter 2 von 5 Sternen) hatte. Lt. eines Firmenregisters besa\u00df das Hotel von 1993-2017 jemand, d.h. diese &#8220;kulinarische Sensation&#8221; (auch im urspr\u00fcnglich gemeinten Wortsinn) k\u00f6nnte schon in den 90ern nicht mehr verkauft worden sein.<\/p>\n<p><a href='https:\/\/www.google.de\/search?q=%22Gelber+L%C3%B6we%22+%22heroldsberg%22&#038;source=lnms&#038;tbm=isch'>https:\/\/www.google.de\/search?q=%22Gelber+L%C3%B6we%22+%22heroldsberg%22&#038;source=lnms&#038;tbm=isch<\/a><\/p>\n<p>Hab mich heute endlich mal auf die epass24-Website eingeloggt, wo die norwegischen Maut- und F\u00e4hrzahlungen abgerechnet werden. Hatte ich ja nie nachgepr\u00fcft, was die mir da abgebucht haben. Die Website \/ Anzeige der Rechnungen ist lahm, wird monatsweise angezeigt und die einzelnen Fahrten seh ich mal nicht. &#8220;Gefickt eingesch\u00e4delt&#8221;, das kontrolliert doch keiner, wenn das so umst\u00e4ndlich ist oder nur mit bestimmten Browsern vielleicht hin und wieder funktioniert?! Was f\u00fcr ein M\u00fcll. Naja, ca. 150 \u20ac waren es. Meist F\u00e4hren, nur wenig Mautstra\u00dfen.<\/p>\n<p><strong>Di, 14.6.2022<\/strong><\/p>\n<p>Tja, heut w\u00e4re wohl ein sch\u00f6ner Tag am Hintertuxer gewesen, klarer Morgen, ganztags wolkenlos, Nachtfrost gehabt&#8230;. F\u00fcr morgen sind schon ab Vormittag Quellwolken gemeldet und je nach Wetterbericht teils schon ab 11\/12 Uhr etwas Regen\/Gewitterwahrscheinlichkeit, zum Nachmittag hin zunehmend. F\u00fcr den Feiertag am Donnerstag eher noch schlechter, aber ich w\u00fcrde jetzt eh nicht noch l\u00e4nger hier bleiben wollen.<\/p>\n<p>Um 16 Uhr bekam ich endlich wieder meinen Ignis, das Serviceheft wurde aber nicht gefunden, naja, muss ja demn\u00e4chst nochmal her wegen der 2. Feder, bevor die auch bricht und dann ggf. kein Weiterfahren m\u00f6glich ist.<\/p>\n<p>Letzer Abend somit bei meiner Mutter, und wie jeden Tag der letzten Wochen, haben wir Karten gespielt. Samba-Canasta, Romme, Uno und dazwischen mal ein paar Runden Kniffel.<\/p>\n<p>Von einem anderen Kartenspiel, das wir fr\u00fcher oft gespielt hatten, fiel uns fast nichts mehr ein und ich fand im Internet auch keine sonderlich ausf\u00fchrlichen Regeln. Hin und wieder erinnerte ich mich an irgendwas und besonders gestern Abend konnte ich nicht einschlafen und hab da einiges aus dem verschwundenen Ged\u00e4chtnis geholt. Allerdings fielen mir schon mehrere verschiedene Varianten ein, wie der Trumpf bestimmt wird &#8211; da vermisch ich also doch mehrere Spiele?<\/p>\n<p>Nichts desto trotz heute nochmals im Internet rumgesucht. Handeln tut es sich um &#8220;Dreck&#8221; bzw. &#8220;N\u00fcrnberger Dreck&#8221; oder lt. Internet  &#8220;Dreeg&#8221; ausgesprochen. Also in unserer Family hie\u00df das immer &#8220;Dregg&#8221;, eher sogar noch mit einem harten D, gut m\u00f6glich, dass ich das fr\u00fcher in meinen Tageb\u00fcchern als &#8220;Treck&#8221; reingeschrieben hatte..<\/p>\n<p><a href='https:\/\/de.wikipedia.org\/wiki\/N%C3%BCrnberger_Dreck'>https:\/\/de.wikipedia.org\/wiki\/N%C3%BCrnberger_Dreck<\/a><\/p>\n<p>Woran ich mich n\u00e4mlich gar nicht mehr erinnern konnte, war, dass das tats\u00e4chlich 4 verschiedene Kartenspiele waren, die man nacheinander &#8220;rauf und dann wieder runter&#8221; gespielt hat. Das hat einige Zeit gedauert, bis ich mich daran wieder erinnerte. Stimmt, und eine von den 4 Varianten musste man doch auslassen, weil man die zu zweit nicht spielen konnte und konnten wir nur zu dritt oder viert spielen? Das kann dann also nur das &#8220;Rufen&#8221; gewesen sein.<\/p>\n<p>Das 4. Spiel wird dort &#8220;Kamerun&#8221; genannt, aber so hie\u00df das bei uns doch sicher nicht, da klingelt mal gar nix. Alternativ wird im Internet auch &#8220;Ramsch&#8221; genannt, vielleicht eher. Die genauen Regeln daf\u00fcr zu finden, ist noch schwieriger. <\/p>\n<p>Eine andere Website spricht von Ansagen &#8220;Durchmarsch&#8221; und &#8220;Jungfrau&#8221;. Erkl\u00e4rt aber nicht, ob bei 2 Personen nun alle Karten ausgegeben werden oder ein Stapel in der Mitte bleibt wie bei den anderen Spielen? Und wie die Punktevergabe ist, insb. bei nur 2 Personen? Die erste Runde spielten wir mit Stapel, danach gaben wir alle Karten aus &#8211; hat sich irgendwie logischer angef\u00fchlt. <\/p>\n<p>Auch die 9er haben wir entgegen der Beschreibung generell wieder raus, denn das Rauben des Trumpfs bei 66 unterm Stapel,da meinte ich mich an den Unter zu erinnern. Und die alten Karten unterm Unter hatten alle einen hellen\/sauberen Rand, wurden also nicht verwendet und waren auch in der Box alle aussortiert. Nur die 7er hatten einen dreckigeren Rand, die hatten wir also bei irgendeinem (vmtl. anderen) Kartenspiel verwendet&#8230;<\/p>\n<p>Au\u00dferdem fiel dann meiner Mutter noch ein, dass es da vielleicht was gegeben haben m\u00fcsste (wenns nicht ein anderes Kartenspiel war), &#8220;man darf nicht nachspielen &#8211; au\u00dfer man muss unbedingt&#8221;? Und mir fiel ein Spruch ein &#8220;versuchst wohl einen Durchmarsch?&#8221; &#8211; weshalb also das bei uns vermutlich keiner vorherigen Ansage bedarf. Ob wir nun &#8220;Jungfrau&#8221; auch so genannt hatten und angesagt hatten, bleib ungekl\u00e4rt &#8211; irgendwas meine ich schon, dass wir so eine angesagte &#8220;Ich-mach-keinen-Stich&#8221;-Variante auch gespielt hatten. Wird aber wohl bei 3-4 Spielern stimmiger sein als bei 2 Spielern, insb. wenn man alle Karten ausgibt, k\u00f6nnte dann bei Mit-Stapel interessanter sein..<\/p>\n<p>Na jedenfalls haben wir das einmal rauf &#038; runter gespielt und sind ansonsten soweit ganz gut zurecht gekommen. Aber falls jemand ein paar weitere Erkl\u00e4rungen hat -> her damit.<\/p>\n<p>Morgen dann also Skifahren am Hintertuxer Gletscher, Urlaub genommen. <\/p>\n","protected":false},"excerpt":{"rendered":"<p>(Achtung, viel Text und wer Bilder sehen will: Auf die Links klicken!)<\/p>\n<p>Sa, 4.6.2022 (Pfingstsamstag)<\/p>\n<p>Weitere schlechte Nachrichten aus IT: .. Am Maniva-Skigebiet sollen demn\u00e4chst Nascivera-DSB und Nascivera-SL ersetzt werden :( https:\/\/www.dovesciare.it\/news\/2022-05-23\/maniva-dalla-regione-lombardia-finanzialmenti-due-nuovi-impianti .. Oropa mit PB und Korblift ist wohl auch zu (seit Dezember) und braucht wieder einmal (schon wieder?!) eine Revision<\/p>\n<p>.. immerhin scheinen <a href=\"http:\/\/blog.inmontanis.info\/?p=7607\">[&#8230;]<\/a><\/p>\n","protected":false},"author":1,"featured_media":0,"comment_status":"closed","ping_status":"closed","sticky":false,"template":"","format":"standard","meta":{"footnotes":""},"categories":[185],"tags":[],"class_list":["post-7607","post","type-post","status-publish","format-standard","hentry","category-2021-08-skandinavien","odd"],"_links":{"self":[{"href":"http:\/\/blog.inmontanis.info\/index.php?rest_route=\/wp\/v2\/posts\/7607","targetHints":{"allow":["GET"]}}],"collection":[{"href":"http:\/\/blog.inmontanis.info\/index.php?rest_route=\/wp\/v2\/posts"}],"about":[{"href":"http:\/\/blog.inmontanis.info\/index.php?rest_route=\/wp\/v2\/types\/post"}],"author":[{"embeddable":true,"href":"http:\/\/blog.inmontanis.info\/index.php?rest_route=\/wp\/v2\/users\/1"}],"replies":[{"embeddable":true,"href":"http:\/\/blog.inmontanis.info\/index.php?rest_route=%2Fwp%2Fv2%2Fcomments&post=7607"}],"version-history":[{"count":8,"href":"http:\/\/blog.inmontanis.info\/index.php?rest_route=\/wp\/v2\/posts\/7607\/revisions"}],"predecessor-version":[{"id":7615,"href":"http:\/\/blog.inmontanis.info\/index.php?rest_route=\/wp\/v2\/posts\/7607\/revisions\/7615"}],"wp:attachment":[{"href":"http:\/\/blog.inmontanis.info\/index.php?rest_route=%2Fwp%2Fv2%2Fmedia&parent=7607"}],"wp:term":[{"taxonomy":"category","embeddable":true,"href":"http:\/\/blog.inmontanis.info\/index.php?rest_route=%2Fwp%2Fv2%2Fcategories&post=7607"},{"taxonomy":"post_tag","embeddable":true,"href":"http:\/\/blog.inmontanis.info\/index.php?rest_route=%2Fwp%2Fv2%2Ftags&post=7607"}],"curies":[{"name":"wp","href":"https:\/\/api.w.org\/{rel}","templated":true}]}}