{"id":7595,"date":"2022-06-03T14:59:43","date_gmt":"2022-06-03T12:59:43","guid":{"rendered":"http:\/\/blog.inmontanis.info\/?p=7595"},"modified":"2022-06-03T15:11:28","modified_gmt":"2022-06-03T13:11:28","slug":"25-5-3-6-2022-nach-9-monaten-kurz-daheim-neue-reiseplanungen","status":"publish","type":"post","link":"http:\/\/blog.inmontanis.info\/?p=7595","title":{"rendered":"25.5.-3.6.2022 \/ Nach 9 Monaten (kurz) daheim + neue Reiseplanungen"},"content":{"rendered":"<p>(Interessant.. lt. Bergfex hatte der Stubaier Gletscher nur bis 23.5. offen gehabt statt bis 6.6.? Auch Kaunertaler nur bis 25.5. statt 5.6.? Dann hatte ich ja Gl\u00fcck gehabt ..)<\/p>\n<p><strong>25.5.2022<\/strong>  &#8211; Reisetag Nr. 290<\/p>\n<p>Sch\u00f6ner Schei\u00df, die Lieferzeit der Feder wurde mittlerweile nochmals verschoben, jetzt auf den 10.6. :( Somit dann (mind.) 1 Monat Wartezeit und kein Auto. F\u00fcr ein St\u00fcck Metall!!??!! <\/p>\n<p>Aufgrund des morgigen Donnerstag-Feiertages bekam ich ein Leihfahrzeug bis Montag, so dass ich mal heimfahren konnte. Paar Eink\u00e4ufe verstauen (teils einfrieren), Briefkasten leeren, &#8230;<\/p>\n<p><a href='http:\/\/ski.inmontanis.info\/d\/305830-2\/DSC04958.jpg'><img src=http:\/\/ski.inmontanis.info\/d\/305829-3\/DSC04958.jpg \/><\/a><br \/>\n^ Obertauern, Restschneeskitouren vom Tal\/Pass schauen eher schlecht aus, kurze Abfahrten w\u00e4ren aber schon noch machbar.<\/p>\n<p>Um 19:30 kam ich somit nach fast 300 Tagen bei 10\u00b0 und starkem Regen auf der Koralpe an. Hab nicht mal den Briefkasten geleert bei dem starken Regen. Heute Nacht mal wieder allein im Haus. Ruhig, dunkel, kalt. Doch nicht so kalt wie erwartet in der Wohnung.<\/p>\n<p>Weil, nervig: die Zeitschaltuhr, die den Luftentfeuchter 1-2h am Tag einschalten sollte, funktionierte insofern nicht mehr, dass sie auf &#8220;Dauer Ein&#8221; lief (selbst wenn man den Schalter von &#8220;Auto&#8221; auf &#8220;Aus&#8221; gestellt hatte!), somit der Luftentfeuchter also nun vielleicht schon monatelang 24h durchgelaufen ist und somit hohe Stromkosten produziert hat. Andererseits auch W\u00e4rme produziert hat und die Wohnung gut ausgetrocknet hat. Knapp 20\u00b0 h\u00e4tte es sonst wohl nicht in der Wohnung gehabt.<\/p>\n<p>Werd ich n\u00e4chstes Mal wohl nicht mehr einschalten, vielleicht doch etwas zu gef\u00e4hrlich.<\/p>\n<p>Mein schmales Ex-Lattenrost-CD\/DVD-Regal hat auch \u00fcberlebt, keine CDs\/DVDs runtergefallen. Nur ein kleines Spinnchen in einer Deckenecke. Soweit so gut, nach 9 Monaten.<\/p>\n<p>Bl\u00f6derweise hatte ich ja einige Naschsachen noch von der letzten Reise aufgehoben, weil ich die nicht mitnehmen wollte und die noch bis Februar\/M\u00e4rz\/April\/Mai 2022 haltbar waren &#8211; an die hab ich ja gar nicht mehr gedacht gehabt, die m\u00fcssen nun auch noch aufgefuttert werden.<\/p>\n<p>Nicht \u00fcberlebt hat diese 9 Monate anscheinend der Einschaltknopf meiner kleinen DD\/THX\/DTS-Surroundanlage, da dr\u00fcckt man ins leere. Fernbedienung geht noch.<\/p>\n<p>Wenn man nicht daheim ist, f\u00e4llt auch nicht viel Staub an &#8211; also keine dicke Staubschicht \u00fcberall. Es war ja auch kein Fenster offen. PS3 und Projektor gingen auch, daher gleich mal mit den Blurays weiter. PC ist noch bei den anderen Sachen im Auto, die ich erst morgen raufholen wollte. Die >2m-Diagonale-Full-HD-Projektion samt Surround-Sound war schon bissl besser als meine Leinwand samt Handy-Spiegelung im Auto und (in letzter Zeit) Kopfh\u00f6rer.<\/p>\n<p>Der alte Rauch\/Tabakgestank hielt sich in der Luft ebenfalls in Grenzen, ich bekam keine verstopfte Nase.<\/p>\n<p>Aber, obwohl das Bett letztes Jahr weniger stark nach Tabak gestunken hatte als zB. Sofa\/Sessel (und ich  mittels Nass-Staubsauger etliches Gelb rausholen konnte), hat sich der Gestank in das draufliegende Zeug eingenistet, vom Bett oder von der Luft her, also in Bettdecken und Schlafanzug. Da h\u00e4tte ich vor Abfahrt  mal besser das Zeug im Schrank oder im Koffer unter dem Bett deponiert. Da ich keine Waschmaschine hab, werd ich das Zeug also nach dem WE nach Tirol schleppen und bei meiner Mutter nochmals waschen. Insofern auch gut, dass ich dieses WE mal kurz daheim war&#8230;<\/p>\n<p>Beim Kaufen eines 50-\u20ac-Bodenstaubsaugers heute h\u00e4tte ich im Mediamarkt zwar eine s\u00fc\u00dfe, kleine 3kg-Waschmaschine gesehen. Kostet aber mehr als gr\u00f6\u00dfere und wiegt auch \u00fcber 50kg &#8211; lohnt sich also weder preislich, zudem ist das Gewicht mein Hauptproblem mit den ganzen Waschmaschinen. Ich will eigentlich nichts mehr in der Wohnung haben, was ich nicht selbst zumindest in und aus dem Auto laden kann. (Zum Rauftragen h\u00e4tte ich ja den Treppensteiger.)<\/p>\n<p>Vielleicht sollte ich mal einen Eimer Pisse aufs Bett sch\u00fctten. um mit einem anderen Gestank den Tabakgeruch zu \u00fcbert\u00fcnchen ;) Oder Parfum oder Rosenwasser oder Lavendel\u00f6l gro\u00dffl\u00e4chig dr\u00fcbersch\u00fctten &#8211; letzteres in Spritzern hat bisher nicht viel gebracht. Oder Papier oder Plastikfolie als Geruchstrenner. Zumindest bei Abwesenheit.<\/p>\n<p><strong>26.5.2022<\/strong><\/p>\n<p>Der Briefkasten war tats\u00e4chlich komplett voll. Ok, dann wei\u00df ich das auch mal, 9 Monate gehen sich gerade so aus ;) Schwerpunkt nat\u00fcrlich \u00d6AMTC- und DSV-Hefte. Wann ich das alle lesen soll?! <\/p>\n<p>Ob ich bald wieder so eine lange oder l\u00e4ngere Reise machen werde, ist nat\u00fcrlich unsicher, vmtl. eher wieder etwas k\u00fcrzer.<\/p>\n<p><a href='http:\/\/extra.inmontanis.info\/d\/76147-2\/DSC04961.jpg'><img src=http:\/\/extra.inmontanis.info\/d\/76146-3\/DSC04961.jpg \/><\/a><br \/>\n^ Bl\u00fctenstaub oder Sahara-Sandstaub am Balkon? Oder eine Mischung?!<\/p>\n<p><a href='http:\/\/extra.inmontanis.info\/d\/76151-2\/DSC04965.jpg'><img src=http:\/\/extra.inmontanis.info\/d\/76150-3\/DSC04965.jpg \/><\/a><br \/>\n^ 9 Monate voller Briefkasten. Da passt schon viel rein.<\/p>\n<p>Danach den PC aufgebaut .. ooooh.. 22&#8243; Monitor, soooo riesig ;) Und in der Arbeit haben mittlerweile viele 26&#8243; Bildschirme. (Die dann nat\u00fcrlich wesentlich weiter weg gestellt werden&#8230;.)<\/p>\n<p><strong>27.5.2022<\/strong><\/p>\n<p>W\u00e4hrend ich gestern etwas mit Streichen \/ Malen besch\u00e4ftigt war (einige W\u00e4nde\/Decken hatte ich letztes Jahr noch nicht gestrichen), hab ich heute die alte Bett-Couch weiter zerlegt. Da sind noch einige brauchbare Bretter zum Vorschein gekommen. K\u00f6nnte ich mal noch ein paar Regale machen. Fraglich nur wohin &#8211; und wof\u00fcr. Also lohnt sich das alles hier \u00fcberhaupt noch 1. f\u00fcr die paar Wochen\/Monate im Jahr, wann ich hier bin oder 2. aus den bekannten (gesundheits)politischen und geopolitischen Gr\u00fcnden eines vielleicht baldigen, pers\u00f6nlichen &#8220;\u00d6xits&#8221; und 3. was soll man auf Regale tun, was man alternativ nicht auch einfach in Kartons gestapelt lassen k\u00f6nnte?!<\/p>\n<p>Mittlerweile mal den Stromz\u00e4hlerstand abgelesen und mit der Rg. verglichen, wo der Z\u00e4hlerstand vom 31.12.2021 angegeben sein soll (wenn&#8217;s stimmt..), demnach seitdem ca. 360 kWh verbraucht. Geht grad noch, was die defekte Zeitschaltuhr da betrifft. Wobei da auch die Heizung mit dabei sein sollte, falls die sich eingeschaltet hat. War ja eher auf 3-8\u00b0 gestellt. <\/p>\n<p>Hab mich danach im Portal des Stromlieferanten registriert, anscheinend werden die Verbr\u00e4uche t\u00e4glich \u00fcbermittelt &#8211; oder auch nicht?! Demnach gab es ab 12.8. einen t\u00e4glichen Verbrauch von 0,2 kWh (das k\u00f6nnte also der durch die Zeitschaltuhr mittags eingeschaltete Luftentfeuchter sein), ab 13.10. bis 12.1. einen recht regelm\u00e4\u00dfigen Verbrauch von 4 kWh (evtl. die Heizung), aber ab 13.1. dann nur noch einen Verbrauch von 0,05 pro Tag bis 10.2., dann ab 11.2. bis 26.2. wieder regelm\u00e4\u00dfig 4 kWh pro Tag. Im M\u00e4rz zwischen 0 und 0,05 und seit 21.3. sind gar keine Werte mehr vorhanden ..<\/p>\n<p>.. also ob das so stimmt, darf wohl bezweifelt werden .. oder die Heizung war generell aus und die defekte Zeitschaltuhr hat f\u00fcr dieses Muster gesorgt? Aber warum dann seit Mitte M\u00e4rz noch keine Werte vorhanden sind, wo der Luftenfeuchter ja lief. Also vielleicht werden die Werte doch nicht t\u00e4glich \u00fcbermittelt.<\/p>\n<p><a href='http:\/\/extra.inmontanis.info\/d\/76155-2\/DSC04966.jpg'><img src=http:\/\/extra.inmontanis.info\/d\/76154-3\/DSC04966.jpg \/><\/a><br \/>\n^ \u00c4h, ja. Das waren mal tiefgek\u00fchlte Pelmeni. Die sollte man wohl besser nicht aufgetaut transportieren, weil der Nudelteig wohl noch roh und nicht in Form gekocht ist?! Bei normal gek\u00fchlten Tortellini passiert sowas ja nicht ;)<\/p>\n<p>Die Wettervorhersage f\u00fcr heute von Bergfex war auch wieder M\u00fcll. Erst hie\u00df es, dass es schon am fr\u00fchen Nachmittag regnen soll &#8211; und dann war&#8217;s nachmittags fast wolkenlos und erst abends gewittrig, da h\u00e4tt ich dann doch eine kleine Wanderung machen k\u00f6nnen &#8230;<\/p>\n<p>Abends leider auch nicht mehr so ruhig im Haus, Nachbarn neben mir sind mal wieder da.. ausgerechnet, sonst vmtl. wieder keiner im ganzen Haus. Falsche Wohnung ;)<\/p>\n<p><strong>28.5.2022<\/strong><\/p>\n<p>Tja, wurde erst f\u00fcr heute besser gemeldet als f\u00fcr gestern, hat sich die Vorhersage mal wieder ge\u00e4ndert und es w\u00e4re umgekehrt gewesen. Wie so h\u00e4ufig.<\/p>\n<p>Beim vormitt\u00e4glichen Regen doch noch 3 Regale gebaut. Zudem h\u00e4tte ich noch 2&#215;2 weitere Regalwinkel (von der vor-vorherigen Wohnung), um noch 2 Regale zu bauen&#8230; Schubladen w\u00e4ren aber interessanter. Oder ein Schrank im Bad. Was schwieriger ist. Und mehr Holz braucht. Wie ich die Fliesen streiche bzw. mit welchen Farben und Muster, hab ich auch noch nicht entschieden.<\/p>\n<p><a href='http:\/\/extra.inmontanis.info\/d\/76159-2\/DSC04967.jpg'><img src=http:\/\/extra.inmontanis.info\/d\/76158-3\/DSC04967.jpg \/><\/a><br \/>\n^ Zum mittleren Regal links hab ich heut noch die 3 anderen Regale dazu gebaut.<\/p>\n<p>(Die Metallboxen, wo die ganzen Skiprospekte und &#8211; in den Lebkuchendosen &#8211; die Skip\u00e4sse drin sind, waren zuvor in einem Schrank, wo halt jetzt anderes Zeug reinkommt, was bisher irgendwo rumliegt.)<\/p>\n<p>Auch zu Mittag nochmals Regen, danach Nebel .. da lohnt es sich herzlich wenig, mal zur Talstation des Skigebiets zu fahren .. Und da morgen st\u00e4rkerer\/dauerhafterer Regen gemeldet wird, werd ich das wohl auf den n\u00e4chsten &#8220;Besuch daheim&#8221; verschieben m\u00fcssen.<\/p>\n<p>Folglich wieder ein St\u00fcckchen weiter Wand+Decke gestrichen. So ein St\u00fcndchen, damit man besch\u00e4ftigt ist.<\/p>\n<p>Danach mal wieder meine Wertpapierdepots (Fonds) durchgegangen. D\u00fcster, d\u00fcster. H\u00e4tte ich im April doch mehr verkaufen sollen ..<br \/>\n.. Depot 1: nochmals -6% seit 3.4. (insg. auf gesamte Zeitdauer -8%)<br \/>\n.. Depot 2: insg, -4,29 %, das war im M\u00e4rz noch im Plus<\/p>\n<p>Insgesamt derzeit knapp 7.000 \u20ac verloren. Und ich war ja mal sch\u00f6n im Plus. Also eigentlich noch mehr verloren. Nur 2 Fonds oder so sind noch im Plus: Holz und Gold. Hatte ich aber nicht so viel bzw. noch nicht so lang.<\/p>\n<p>Dazu kommt noch die (vmtl. schongerechnete) 8%-Inflation .. \u00c4rgerlich. Schei\u00df WHO mit ihrem Corona, schei\u00df EU\/USA mit ihren Sanktionen.<\/p>\n<p>Ab 16 Uhr wurde die Sicht drau\u00dfen besser.. aber keine Lust mehr gehabt, jetzt noch rauszugehen.<\/p>\n<p><strong>29.5.2022<\/strong><\/p>\n<p>Bin gestern und heute mal die (alten) Trams und andere Ziele in UK durchgegangen ..<\/p>\n<p>.. einige sind dzt. abschnittsweise oder immer noch gesperrt, weil es irgendwelche Schienenprobleme gibt..<\/p>\n<p>.. z.B. ist die Pferdetram auf der Isle of Man, die ja bei meinem letzten Besuch 2019 schon nur teilweise in Betrieb war, weil die Promenade neu gebaut und die Schienen ersetzt wurden, auch 2022 immer noch nicht wieder in gesamter L\u00e4nge in Betrieb.<br \/>\n.. Crich wurde derzeit sogar komplett beh\u00f6rdlich gesperrt.<br \/>\n.. Volk&#8217;s in Brighton ist nur die halbe Strecke offen wegen Bauarbeiten<br \/>\n.. Birkenhead f\u00e4hrt derzeit auch nicht bis zur F\u00e4hre<br \/>\n.. Beamish &#8220;bittet&#8221; weiterhin vehement um das Maskentragen bei zB. den Trams\/Bussen. (Aber bei aktuellen Bildern via Google von dort sieht man zum Gl\u00fcck mal keine Leute damit.)<br \/>\n.. wie in jedem Jahr, wenn ich nach UK will, ist die Tramway im BlackCountryLivingMuseum nicht in Betrieb. Soll aber zwischenzeitlich angeblich ja immer mal wieder in Betrieb gewesen sein.<br \/>\n.. in Irland ist die kleine Dursey-Island-Pendelbahn (schon mal besucht) von April bis November 2022 wg. umfangreicher Sanierungsarbeiten au\u00dfer Betrieb<br \/>\n.. die Snowdon-Zahnradbahn f\u00e4hrt heuer auch nicht bis zum Gipfel, weil Umbauarbeiten im oberen Teil ..<\/p>\n<p>&#8230; man m\u00fcsste doch meinen, die h\u00e4tten allesamt in den letzten 2 Corona-Jahren genug Zeit f\u00fcr all diese Arbeiten gehabt?!<\/p>\n<blockquote><p>\n&#8220;we encourage our visitors to wear a face covering in indoor public places (unless exempt). Our staff continue to wear face coverings (unless exempt). We have also removed our indoor seating. We\u2019ve installed lots of guidance on hygiene, social distancing, and safety measures as friendly reminders to everyone on how to enjoy their day \u2013 these include floor stickers to emphasise two-metre distancing and supporting signage.&#8221;<\/p><\/blockquote>\n<p>.. da vergeht einem doch schon wieder die Lust auf einen Museumsbesuch ..<\/p>\n<p>Das einst gro\u00dfe Matten-Skigebiet in Sheffield, seit 2012 nach diversen Br\u00e4nden geschlossen, ist auch immer noch ein &#8220;Lost Place&#8221;, obwohl bereits 2016 von einem Wiederaufbau gesprochen wurde.<br \/>\n<a href='https:\/\/www.inthesnow.com\/decade-since-sheffield-ski-village-destroyed\/'>https:\/\/www.inthesnow.com\/decade-since-sheffield-ski-village-destroyed\/<\/a><\/p>\n<p>A propos Mattenskigebiete: Skistar will im August in seinem Stockholmer Skigebiet eine Mattenskipiste er\u00f6ffnen.<\/p>\n<p>Die Mattenskigebiete in UK scheinen auch immer uninteressanter zu werden.. seltener offen, teurere Skip\u00e4sse (z.B. 16 GBP f\u00fcr 1h statt 17,- f\u00fcr 2h oder nur noch 29,- f\u00fcr 4h statt fr\u00fcher 2h f\u00fcr 19,- ..), man muss oder sollte nun fast \u00fcberall online vorbuchen ..<\/p>\n<p>.. und im besten britische Mattenskigebiet, in Midlothian, steht nun &#8220;ALL participants must wear a helmet.&#8221; &#8211; ausgerechnet <em>das<\/em> f\u00e4llt in Zukunft f\u00fcr mich also auch weg :(<\/p>\n<p>.. viele Museen\/H\u00f6hlen\/&#8230; haben jetzt ein Vorbuchungssystem (umst\u00e4ndlich und nicht spontan)<br \/>\n.. andere besuchenswerte Sites hatten fr\u00fcher ein Vorbuchungssystem f\u00fcr ihre seltenen Events, jetzt nicht mehr (nur noch telefonisch) ..<\/p>\n<p>Dazu die hohen Kosten f\u00fcr die F\u00e4hren, insb. IoM .. <\/p>\n<p>.. da hat man echt schon langsam gar keine Lust mehr auf UK. Vielleicht sollte ich UK und IT einfach nie mehr besuchen und nur in meiner Erinnerung hegen. Ist ja doch alles nur noch ein fader Abklatsch von fr\u00fcher.<\/p>\n<p>Aber immerhin laufen noch die anderen, alten Sachen, wie z.B. die 4EUB in Llandudno, auf der IoM g\u00e4be es Ende Juli und Oktober die altbekannten Events der alten Tram und auch sonst l\u00e4uft ziemlich alles, was ich in den letzten etwas \u00fcber 10 Jahren besucht hab. Au\u00dfer nat\u00fcrlich der eine ESL in Schottland, der wurde ja mal ersetzt.<\/p>\n<p>Heute Dauerregen auf der Koralpe, ca. 14:30 mal etwas Schneeregen. um 15\/16 Uhr mal einige Zeit lang trocken. Also bin ich die ganzen Tage nur in der Wohnung gewesen.<\/p>\n<p><strong>30.5.2022<\/strong><\/p>\n<p><a href='http:\/\/ski.inmontanis.info\/d\/305826-2\/DSC04970.jpg'><img src=http:\/\/ski.inmontanis.info\/d\/305825-3\/DSC04970.jpg \/><\/a><br \/>\n^ Etwas sommerlicher Neuschnee auf den Berggipfeln, wobei links hinten der Schnee anscheinend tiefer liegen blieb als rechts im Koralpen-Skigebiet<\/p>\n<p>Heute wieder Fahrt retour nach Tirol. Da der Leihwagen eine Autobahnvignette hat, k\u00f6nnte ich ja mehr Autobahn fahren &#8211; und tat es auch etwas, blieb aber grundlegend wieder auf der inner\u00f6sterreichischen Variante, Murtal &#8211; Obertauern &#8211; Hochk\u00f6nig &#8211; Saalfelden. Ist mit die k\u00fcrzeste und spritsparendste.<\/p>\n<p><a href='http:\/\/ski.inmontanis.info\/d\/305834-2\/DSC04972.jpg'><img src=http:\/\/ski.inmontanis.info\/d\/305833-3\/DSC04972.jpg \/><\/a><br \/>\n^ Obertauern vom S\u00fcden angefahren<\/p>\n<p><a href='http:\/\/ski.inmontanis.info\/d\/305838-2\/DSC04973.jpg'><img src=http:\/\/ski.inmontanis.info\/d\/305837-3\/DSC04973.jpg \/><\/a><br \/>\n^ .. schaut teilweise ja gar nicht so \u00fcbel aus ..<\/p>\n<p><a href='http:\/\/ski.inmontanis.info\/d\/305842-2\/DSC04976.jpg'><img src=http:\/\/ski.inmontanis.info\/d\/305841-3\/DSC04976.jpg \/><\/a><br \/>\n^ .. im Sommer vermutlich sch\u00f6ner als im Winter ;) Bzw. wird man die modellierten Abfahrten evtl. erst weiter oben so wirklich sp\u00fcrbar erkennen. Zudem bin ich vom letzten Winter ja etwas Skistar-gesch\u00e4digt.<\/p>\n<p><a href='http:\/\/ski.inmontanis.info\/d\/305846-2\/DSC04977.jpg'><img src=http:\/\/ski.inmontanis.info\/d\/305845-3\/DSC04977.jpg \/><\/a><br \/>\n^ Altschneereste und links oben Neuschnee von letzer Nacht<\/p>\n<p>Kaum auf dem kurzen Autobahnst\u00fcck (Radstadt-Bischofshofen), schon stehender Stau gehabt und somit an der n\u00e4chsten Ausfahrt Eben wieder raus.<\/p>\n<p>Getankt hab ich &#8211; damit ich nicht zu h\u00e4ufig stoppen muss, in K\u00e4rnten w\u00e4re es n\u00e4mlich etwas g\u00fcnstiger gewesen &#8211; in Saalfelden bzw. Leogang. Was, gem\u00e4\u00df getankter Liter und gefahrener km (je nach Bordcomputer oder Googlemapsentfernung) ca. 3,9 &#8211; 4,1 l \/ 100 km im Schnitt waren. Ordentlich wenig, da ja doch mehrere P\u00e4sse \/ Bergstrecken dabei waren. Daf\u00fcr halt nur minimal Autobahn und auch auf der Bundesstra\u00dfe selten mehr wie 70-80 gefahren, entweder weil ich nicht wollte oder noch langsamer, weil LKW. <\/p>\n<p>Ansonsten aufgefallen, das war ja ein Suzuki Swift Smart-Hybrid 2WD in shine oder light-shine-Ausf\u00fchrung:<\/p>\n<p>&#8211; Meldung &#8220;Fahrzeug schlingert&#8221; hat er mehrfach bei Bergstra\u00dfen gemeldet, liegt in der Natur der Sache. Da ist mein Ignis weniger penibel<br \/>\n&#8211; schade, dass man den adaptiven Tempomat nicht deaktivieren kann (oder doch?), manchmal praktisch, manchmal nervig<br \/>\n&#8211; die Verkehrszeichenerkennung nervt manchmal, weil sie oft dauerhaft den restlichen Bordcomputer \u00fcberdeckt (und man sie wegdr\u00fccken muss)<br \/>\n&#8211; die Spielereien vom Bordcomputer .. naja, braucht man auch nicht<br \/>\n&#8211; das automatische Lenken (ja, das gibt&#8217;s sogar schon im Swift!) fand ich tendenziell eher unsympathisch, weil das System anscheinend entweder den rechten oder linken Stra\u00dfenmarkierungsrand bevorzugt, aber seltener die Mitte<br \/>\n-> Start-Knopf und schl\u00fcsselfreies T\u00fcr\u00f6ffnen\/schlie\u00dfen ist mir (zus\u00e4tzlich zur R\u00fcckfahrkamera) &#8211; wie in meinem Ignis &#8211; lieber als manch andere Features, die mein Ignis im Gegensatz zu diesem Swift nicht hat <\/p>\n<p>Franz\u00f6sisch musste ich heute auch reden, weil an der Avanti-Automatentankstelle gibt&#8217;s zwar 8 oder 10 verschiedene Sprachen zur Auswahl, aber kein Franz\u00f6sisch und ein Porschefahrer, der tanken wollte, sprach nur franz\u00f6sisch. Wie der sich dann generell hier in der Gegend zurechtfindet, ist mir dann auch nicht so ganz klar ..<\/p>\n<p><strong>31.5.2022<\/strong><\/p>\n<p>Mist, hab was vergessen daheim: mein externes Festpl\u00e4ttchen, wo mein Linux-Home-Verzeichnis drauf ist => daher die n\u00e4chsten 2 Wochen nur Windows 10 booten und diverse andere Unannehmlichkeiten :( Dazu geh\u00f6rt, dass ich mein anderes E-Mail-Konto nicht abfragen kann, dass ich meine ganzen Email-Entw\u00fcrfe nicht hab, wo ich z.B. die Planungen f\u00fcr UK die letzten Tage gemacht hab -> das hab ich nun nicht dabei und kann nicht vern\u00fcnftig weitermachen.<\/p>\n<p>Die Daten-Partition hab ich dagegen intern, also dabei, die ist auch NTFS. D.h. ich kann zumindest auf meine Bilder zugreifen oder mittels einer alten Win7-Installation auch auf Lightroom zugreifen. <\/p>\n<p>Nat\u00fcrlich h\u00e4tte ich das letzte Backup dabei (auf Micro-SD-Karten), aber das ist ja auch schon wieder einige Zeit alt, das bringt ja auch nichts. Und zudem auch gar keinen Platz f\u00fcr ein Restore. <\/p>\n<p><strong>1.6.2022<\/strong><\/p>\n<p>Nein, die Maskenpflicht in AT wird anscheinend nicht aufgehoben, sie wird wohl ledlich bis 23.8. in \u00d6PNV, Superm\u00e4rkte, &#038; Co pausiert. In Gesundsheits\/Kranken\/Pflegeanstalten\/Arztpraxen bleibt sie auch aktuell sowieso bestehen. Und in Wien auch noch anderswo. Mal gespannt, wann ich endlich mal wieder zu einem Zahnarzt gehen darf ;-) Nicht, dass ich mich darum rei\u00dfen w\u00fcrde..<\/p>\n<p>Ebenfalls ausgesetzt um weitere 3 Monate wurde wieder die Impflicht in AT, die somit voraussichtlich ab 1.9. aktiv w\u00fcrde. So sie dann nicht nochmals ausgesetzt wird. <\/p>\n<p>In Italien braucht man wohl seit heute auch keinen 3G-Nachweis mehr f\u00fcr die Einreise. Nach AT ja schon seit 16.5. nicht mehr. F\u00fcr DE wohl mittlerweile auch nicht mehr?! Aber leider noch immer nach Frankreich (und \u00fcbrigens auch Finnland). Will ich mir das also bei einer Reise nach UK sparen, m\u00fcsste ich die l\u00e4ngere und teurere F\u00e4hre von NL oder BE nehmen, sowie \u00fcber DE fahren. Au\u00dfer FR h\u00f6rt mit dem Schei\u00df bald mal auf. <\/p>\n<p>Beachten muss man nat\u00fcrlich auch die R\u00fcckreise, denn aus UK kommt man dann ja aus einem Nicht-EU-Staat, wo also gern gleich mal strengere Einreiseregeln sind. Und man muss noch aufpassen, wo Maskenpflicht auf Schiffen sein k\u00f6nnte, weil es im jeweiligen Hafen eines Landes ggf. als \u00d6PNV z\u00e4hlt..<\/p>\n<p>Boah, das ist schon wieder so ein Theater, da \u00fcberall Informationen zusammenzusuchen und w\u00e4hrend der Reise st\u00e4ndig aktuell zu sein, dass ich schon wieder gar keine Lust mehr hab. Ab nach Schweden und ich hab wieder meine Ruhe von dem Thema.<\/p>\n<p>Lt. einer britischen GOV-Website ist die Maskenpflicht im Eurostar-Tunnel&#038;Zug aufgehoben, bei diversen F\u00e4hrgesellschaften aber nicht. Eurostar ist aber ja Frankreich, und da gilt wieder die 3G-Pflicht, zumindest aktuell.<\/p>\n<p>Von Belgien gibts wohl eh keine F\u00e4hren mehr nach UK (Hull-Zeebrugge wurde 2020 eingestellt), bleiben noch 3 aus den Niederlanden, wobei davon 2 sauterure Nachtf\u00e4hren ebenfalls zu streichen sind und nur noch eine (Hook of Holland &#8211; Harwich) \u00fcbrig bleibt. Die wollte ich eh schon mal nehmen. \u00c4hnliche Preise wie Frankreich-England, aber l\u00e4ngere \u00dcberfahrt = man bekommt mehr f\u00fcr&#8217;s Geld.<\/p>\n<p>Mittlerweile per E-Mail bei Stenaline nachgefragt und ein paar Tage sp\u00e4ter eine Antwort erhalten im Hinblick auf die widerspr\u00fcchlichen Angaben auf der Homepage:<br \/>\n&#8220;Im Moment besteht keine Maskenpflicht, wir empfehlen aber aus Sicherheitsgr\u00fcnden f\u00fcr Sie und auch f\u00fcr andere Personen eine Maske zu tragen.&#8221;<\/p>\n<p>Ok, das passt also wenigstens, geht maskenfrei. Zumindest hinw\u00e4rts. Retour wenn kurzfristig eine w\u00e4re und es keine Alternative g\u00e4be, w\u00fcrde mir das ja die ganze Reise versauen. F\u00fcr eine eventuelle \u00dcberwinterung in UK (was mich angesichts der Skigebiete in Schottland ja schon interessieren w\u00fcrde) hab ich aber dann weder genug Ski, noch Winterr\u00e4der dabei. Und bei den bl\u00f6den gr\u00f6\u00dferen Sommer-Alur\u00e4dern sind keine Ketten zugelassen.<\/p>\n<p>Kurios, nebenbei: Wenn am S\u00fcdpol in jeder Richtung Norden ist .. dann geht die Sonne (wenn sie es tut) stets im Norden auf, stets im Norden unter und steht auch zu jeder Uhrzeit im Norden, trotzdem aber nicht immer am gleichen Fleck. Wobei es pro Jahr nur einen einzigen Sonnenaufgang und nur einen einzigen Sonnenuntergang gibt. Aber wo dann der &#8220;jeweilige&#8221; Norden im 360\u00b0 Betrachtungswinkel ist, wei\u00df man nicht bzw. kann man genau genommen gar nicht bestimmen, solang man nicht wenigstens einen Schritt nach (irgendeinem) Norden macht, wo es dann wieder West und Ost gibt ;)<\/p>\n<p>Nebenbei bin ich seit April ja auch etwas am \u00fcberlegen, doch ein Solarpanel aufs Dach zu stecken, damit man im Fr\u00fchjahr\/Sommer weniger fahren bzw. weniger im Stand den Motor laufen lassen muss, falls man mal einige Zeit nicht so viel rumf\u00e4hrt .. evtl. in den Skitr\u00e4ger legen, sofern ich das Ersatzrad mitnehmen m\u00f6chte, dann sollte es also ein schmales Modell sein -> kostet etwas mehr. Bei 35cm Breite k\u00f6nnte sich vielleicht sogar noch ein paar Ski ausgehen, m\u00fcsste ich mal ausmessen. W\u00e4re dann wohl ein 70-100W &#8211; Modul. Wie man das im Skitr\u00e4ger gegen Diebstahl befestigen kann, dass es keiner einfach rauszieht (oder rausrutscht), m\u00fcsste ich mir noch \u00fcberlegen. Evtl. Stahlseilschloss durch vorhandene L\u00f6cher im Rahmen ziehen und um Skitr\u00e4ger wickeln.<\/p>\n<p>Optimalerweise sollte man wohl Panels mit Bypass-Dioden gegen Teil-Verschattung nehmen, wird dann bei der geringen Auswahl schmaler Panels schon schwierig oder gleich nochmals teurer. Zudem soll ein MPPT-Laderegler einen sp\u00fcrbar besseren Ertrag liefern &#8211; allerdings kostet der auch ein vielfaches von einem g\u00fcnstigen PWM-Laderegler&#8230;<\/p>\n<p>Problematisch k\u00f6nnte vielleicht sogar die Tatsache sein, dass das Panel dann im Skitr\u00e4ger vorne\/hinten eingeklemmt ist + die Skitr\u00e4ger und nebenliegenden Skier etwas Schatten werfen => also keine Ahnung, ob das schon zu viel Schatten erzeugt..?!<\/p>\n<p>Mehr als 150-200,- m\u00f6cht ich daf\u00fcr jedenfalls nicht ausgeben. Und selbst 100 \u20ac sind eigentlich grenzwertig unwirtschaftlich &#8230; also selbst bei einen Literpreis von 3 \u20ac k\u00f6nnte man noch 33 Liter Benzin drum kaufen. Und bei einem &#8211; vielleicht, keine Ahnung &#8211; Verbrauch von 0,2 l \/ h, wenn ich im Stand die Batterie nachlade, w\u00e4ren das 165 Stunden Nachladen, 165x30A = 4950 Ah.<\/p>\n<p>Nat\u00fcrlich w\u00fcrd ich im Zweifelsfall lieber 20 \u20ac mehr ausgeben, wenn der Ertrag bei Bew\u00f6lkung oder niedrigem Sonnenstand dann x-fach h\u00f6her ist. Aber ungern 2-3x so viel&#8230;<\/p>\n<p>Weiter recherchiert .. das Teilverschattungsproblem k\u00f6nnte doch problematischer sein als angenommen, wenn man sich hier diese Tests\/Kennlinien anschaut:<br \/>\n<a href='https:\/\/photovoltaikbuero.de\/pv-know-how-blog\/teilverschattung-bei-solarmodulen-messungen\/'>https:\/\/photovoltaikbuero.de\/pv-know-how-blog\/teilverschattung-bei-solarmodulen-messungen\/<\/a><br \/>\n.. selbst mit Bypass-Dioden geht da schnell das komplette Panel nutzlos .. denn: der Ertrag des Solarpenels entspricht dem niedrigsten Einzelertrag einer Zelle (Solarmodule sind ja aus vielen Zellen aufgebaut) bzw. bei Bypass-Dioden eines Strings (mehrere Zellen sind zu einem String verbunden) ..<\/p>\n<p><a href='https:\/\/www.amumot.de\/verschattung-beim-pv-solarmodul\/'>https:\/\/www.amumot.de\/verschattung-beim-pv-solarmodul\/<\/a><\/p>\n<blockquote><p>Ich habe schon Leute gesehen, die ein Solarmodul mit dem Spanngurt auf dem Dach montiert haben. Der Spanngurt hat nat\u00fcrlich einen Teil der Zellen verschattet und das Modul brachte fast null Leistung.&#8221;\n<\/p><\/blockquote>\n<p>.. puh, ich glaub, das mit dem Solarpanel hat sich damit erledigt. Oder ich kanns nur entweder ohne Skitr\u00e4ger oder ohne Ersatzreifen verwenden und m\u00fcsste es direkt am Grundtr\u00e4ger jeweils daneben festschrauben &#8230; Da w\u00e4re es jetz praktisch, wenn man das Ersatzrad irgendwie an der Heckscheibe befestigen k\u00f6nnte (nat\u00fcrlich wohl nicht direkt auf der Heckscheibe, aber halt mit Verstrebungen &#8230;) ..<\/p>\n<p>.. oder ich nehm ein Panel, das von den Skitr\u00e4gern her nicht beschattet wird -> das w\u00e4r dann aber recht kurz und m\u00fcsste dann breiter sein (damit es noch genug Watt hat) und dann w\u00e4re kein Platz f\u00fcr Ski -> was h\u00e4tte dann der Skitr\u00e4ger f\u00fcr einen Sinn, keinen, also Skitr\u00e4ger weg und Solarpanel hin &#8230;?!<\/p>\n<p>.. jedenfalls, solche &#8220;hot-spot-freien&#8221; Panele (mit Bypass-Diode bei jeder Zelle, nicht pro String) sind mir zu teuer .. Schindel-Module k\u00f6nnten bei Teilverschattung auch wesentlich problemloser sein, aber auch hier gilt anscheinend, je nach Verkabelung, dass ein stabf\u00f6rmiger Schatten in einer Richtung (da ist eben die Frage, in welcher) das komplette Panel in die Knie zwingen kann..<\/p>\n<p><strong>3.6.2022<\/strong><\/p>\n<p>Oha. M\u00f6lltaler hat ja im April noch die Gopass-Saisonkarten f\u00fcr 2022\/23 verkauft inkl. Angabe, dass damit Sommerskifahren am M\u00f6lltaler inkludiert sei. Heute nachgesehen, auf der Homepage vom M\u00f6lltaler steht nun:<br \/>\n&#8220;Leider kein Skibetrieb im Sommer 2022!&#8221;<\/p>\n<p>Schade.<\/p>\n<p>Aktuell ist das voraussichtliche, gesch\u00e4tzte Lieferdatum f\u00fcr die Feder immer noch der 10.6. Hoffentlich bleibt das so. M\u00f6chte ja doch noch gern wenigstens 2 Wochen in der Wohnung sein, bevor ich dann ggf. nach UK abfahre. Sommerr\u00e4der muss ich dann auch noch umstecken ;)<\/p>\n<p>Gute Nachrichten wohl auch von einer anderen Front, die WHO-Diktatur k\u00f6nnte sich zumindest verz\u00f6gern:<\/p>\n<p><a href='https:\/\/norberthaering.de\/macht-kontrolle\/wha75-ihr-verschaerfung\/'>https:\/\/norberthaering.de\/macht-kontrolle\/wha75-ihr-verschaerfung\/<\/a><\/p>\n<p>Ansonsten .. lesenswert ..<\/p>\n<p>Manipulationen in den Medien:<\/p>\n<p><a href='https:\/\/www.nachdenkseiten.de\/?p=84151'>https:\/\/www.nachdenkseiten.de\/?p=84151<\/a><\/p>\n<p>.. zum WEF in Davos 2022:<br \/>\n<a href='https:\/\/www.rubikon.news\/artikel\/geschichtlicher-wendepunkt'>https:\/\/www.rubikon.news\/artikel\/geschichtlicher-wendepunkt<\/a><\/p>\n<p>&#8230;<\/p>\n<p><a href='https:\/\/norberthaering.de\/macht-kontrolle\/affenpockenuebung\/'>https:\/\/norberthaering.de\/macht-kontrolle\/affenpockenuebung\/<\/a><\/p>\n<p><a href='https:\/\/tkp.at\/2022\/05\/27\/die-waehrung-der-neuen-normalitaet-ist-gehorsam\/'>https:\/\/tkp.at\/2022\/05\/27\/die-waehrung-der-neuen-normalitaet-ist-gehorsam\/<\/a><\/p>\n<p>Schon bekannt? Die totale \u00dcberwachung in Europa ist geplant (und mit dem Datensammeln wird schon angefangen), Stasi 2.0, ein &#8220;Europ\u00e4ischer Polizeistaat&#8221;:<br \/>\n<a href='https:\/\/fm4.orf.at\/stories\/3024715\/'>https:\/\/fm4.orf.at\/stories\/3024715\/<\/a><\/p>\n<blockquote><p>Die haushohe Mehrheit aller dieser auf Vorrat gespeicherten Inhalts-, Stamm- und Metadaten werden Kommunikation sowie Finanztranstransaktionen von Millionen EU-B\u00fcrger:innen sein.<\/p><\/blockquote>\n<p><a href='https:\/\/fm4.orf.at\/stories\/3024478\/'>https:\/\/fm4.orf.at\/stories\/3024478\/<\/a><\/p>\n<blockquote><p>Dar\u00fcber sollen s\u00e4mtliche Provider &#8211; von Whatsapp bis zu E-Mail-Services &#8211; weite Teile ihres Datenverkehrs mit einer zentralen Datenbank abgleichen.<\/p><\/blockquote>\n<p><a href='https:\/\/fm4.orf.at\/stories\/3024321\/'>https:\/\/fm4.orf.at\/stories\/3024321\/<\/a><\/p>\n<blockquote><p>im Zweifelsfall \u00fcberwiegt die totale \u00dcberwachung, weil zur Wahrung des Kindeswohls jede Ma\u00dfnahme gerechtfertigt ist. <\/p><\/blockquote>\n<blockquote><p>orwellianischen Verordnung aus der EU-Kommission<\/p><\/blockquote>\n<p>Aber es passt nat\u00fcrlich zur aktuellen Zeit. Jeder steht unter Generalverdacht, ein Krimineller oder Kranker zu sein &#8211; siehe Corona, wo man beweisen muss(te), dass man gesund ist. Oder dass f\u00fcr &#8220;den Westen&#8221; immer sofort Russland die Schuld tr\u00e4gt, wenn Russland auch nur angeblich irgendwie involviert sein k\u00f6nnte.<\/p>\n<p>Kann man die EU-Politiker nicht wegen Hochverrat verklagen, daf\u00fcr, dass sie so vehement gegen das eigene Volk arbeitet?!<\/p>\n<p><a href='https:\/\/www.anti-spiegel.ru\/2022\/eu-oelembargo-der-schuss-ins-eigene-knie-oder-etwas-hoeher\/'>https:\/\/www.anti-spiegel.ru\/2022\/eu-oelembargo-der-schuss-ins-eigene-knie-oder-etwas-hoeher\/<\/a><\/p>\n<p>Wer lieber schaut statt liest, Tacheles 86, so lang es noch online ist:<\/p>\n<p><object style=\"height: 500px; width: 900px\"><param name=\"movie\" value=\"http:\/\/www.youtube.com\/v\/Bs03nLp5EoI\"><\/param><param name=\"wmode\" value=\"transparent\"><\/param><embed src=\"http:\/\/www.youtube.com\/v\/Bs03nLp5EoI\" type=\"application\/x-shockwave-flash\" wmode=\"transparent\"  width=\"900\" height=\"480\"><\/embed><\/object><\/p>\n<p>Hier steht die Wahrheit (\u00fcber das Getreide-Export-Problem):<br \/>\n<a href='https:\/\/www.anti-spiegel.ru\/2022\/telefonat-von-putin-und-scholz-der-spiegel-desinformiert-ueber-die-lebensmittelkrise\/'>https:\/\/www.anti-spiegel.ru\/2022\/telefonat-von-putin-und-scholz-der-spiegel-desinformiert-ueber-die-lebensmittelkrise\/<\/a><br \/>\n+ dazu passend:<br \/>\n<a href='https:\/\/www.anti-spiegel.ru\/2022\/wie-in-russland-ueber-die-kommende-weltweite-hungersnot-berichtet-wird\/'>https:\/\/www.anti-spiegel.ru\/2022\/wie-in-russland-ueber-die-kommende-weltweite-hungersnot-berichtet-wird\/<\/a><\/p>\n<p>Aber eben:<\/p>\n<blockquote><p>Ist das ein weiterer Hinweis darauf, dass Russland wom\u00f6glich doch kein Gegenspieler, sondern selber Teil des grossen Spiels ist?<\/p><\/blockquote>\n<p><a href='https:\/\/transition-news.org\/russland-treibt-digitales-zentralbankgeld-voran'>https:\/\/transition-news.org\/russland-treibt-digitales-zentralbankgeld-voran<\/a><\/p>\n<p><a href='https:\/\/orf.at\/#\/stories\/3269241\/'>https:\/\/orf.at\/#\/stories\/3269241\/<\/a><\/p>\n<blockquote><p>EU-Parlament erteilt russischen Lobbyisten Hausverbot [&#8230; ] Das Zutrittsverbot f\u00fcr Vertreter und Vertreterinnen russischer Firmen gelte \u201eab sofort\u201c<\/p><\/blockquote>\n<p>Mir war gar nicht bewusst, dass Lobbyismus in den EU-Institutionen a) so gro\u00df b) gewollt ist und c) so offen zugegeben wird. Hat m.E. in der Politik gar nichts zu suchen. Eine schnelle Google-Suche offenbart: <\/p>\n<blockquote><p>Sch\u00e4tzungsweise 25.000 Lobbyisten mit einem Jahresbudget von 1,5 Milliarden Euro nehmen in Br\u00fcssel Einfluss auf die EU-Institutionen.<\/p><\/blockquote>\n<p><a href='https:\/\/www.lobbycontrol.de\/schwerpunkt\/lobbyismus-in-der-eu\/'>https:\/\/www.lobbycontrol.de\/schwerpunkt\/lobbyismus-in-der-eu\/<\/a><\/p>\n<p>Ach und .. hier wird mal wieder die Besonnenheit Putins gelobt, andere russische Politiker h\u00e4tten da vielleicht schon strenger reagiert:<br \/>\n<a href='https:\/\/test.rtde.live\/europa\/139965-deutschland-verdankt-seine-existenz-putin-russlands-aergernis-ueber-deutschen\/'>https:\/\/test.rtde.live\/europa\/139965-deutschland-verdankt-seine-existenz-putin-russlands-aergernis-ueber-deutschen\/<\/a><\/p>\n","protected":false},"excerpt":{"rendered":"<p>(Interessant.. lt. Bergfex hatte der Stubaier Gletscher nur bis 23.5. offen gehabt statt bis 6.6.? Auch Kaunertaler nur bis 25.5. statt 5.6.? Dann hatte ich ja Gl\u00fcck gehabt ..)<\/p>\n<p>25.5.2022 &#8211; Reisetag Nr. 290<\/p>\n<p>Sch\u00f6ner Schei\u00df, die Lieferzeit der Feder wurde mittlerweile nochmals verschoben, jetzt auf den 10.6. :( Somit dann (mind.) 1 Monat Wartezeit <a href=\"http:\/\/blog.inmontanis.info\/?p=7595\">[&#8230;]<\/a><\/p>\n","protected":false},"author":1,"featured_media":7603,"comment_status":"closed","ping_status":"closed","sticky":false,"template":"","format":"standard","meta":{"footnotes":""},"categories":[185,13],"tags":[],"class_list":["post-7595","post","type-post","status-publish","format-standard","has-post-thumbnail","hentry","category-2021-08-skandinavien","category-austria","odd"],"_links":{"self":[{"href":"http:\/\/blog.inmontanis.info\/index.php?rest_route=\/wp\/v2\/posts\/7595","targetHints":{"allow":["GET"]}}],"collection":[{"href":"http:\/\/blog.inmontanis.info\/index.php?rest_route=\/wp\/v2\/posts"}],"about":[{"href":"http:\/\/blog.inmontanis.info\/index.php?rest_route=\/wp\/v2\/types\/post"}],"author":[{"embeddable":true,"href":"http:\/\/blog.inmontanis.info\/index.php?rest_route=\/wp\/v2\/users\/1"}],"replies":[{"embeddable":true,"href":"http:\/\/blog.inmontanis.info\/index.php?rest_route=%2Fwp%2Fv2%2Fcomments&post=7595"}],"version-history":[{"count":10,"href":"http:\/\/blog.inmontanis.info\/index.php?rest_route=\/wp\/v2\/posts\/7595\/revisions"}],"predecessor-version":[{"id":7606,"href":"http:\/\/blog.inmontanis.info\/index.php?rest_route=\/wp\/v2\/posts\/7595\/revisions\/7606"}],"wp:featuredmedia":[{"embeddable":true,"href":"http:\/\/blog.inmontanis.info\/index.php?rest_route=\/wp\/v2\/media\/7603"}],"wp:attachment":[{"href":"http:\/\/blog.inmontanis.info\/index.php?rest_route=%2Fwp%2Fv2%2Fmedia&parent=7595"}],"wp:term":[{"taxonomy":"category","embeddable":true,"href":"http:\/\/blog.inmontanis.info\/index.php?rest_route=%2Fwp%2Fv2%2Fcategories&post=7595"},{"taxonomy":"post_tag","embeddable":true,"href":"http:\/\/blog.inmontanis.info\/index.php?rest_route=%2Fwp%2Fv2%2Ftags&post=7595"}],"curies":[{"name":"wp","href":"https:\/\/api.w.org\/{rel}","templated":true}]}}