{"id":7589,"date":"2022-05-23T15:04:44","date_gmt":"2022-05-23T13:04:44","guid":{"rendered":"http:\/\/blog.inmontanis.info\/?p=7589"},"modified":"2023-08-06T10:49:57","modified_gmt":"2023-08-06T08:49:57","slug":"stubaier-gletscher-18-20-5-2022","status":"publish","type":"post","link":"http:\/\/blog.inmontanis.info\/?p=7589","title":{"rendered":"Stubaier Gletscher, 18.-20.5.2022"},"content":{"rendered":"<p><strong>Mi, 18.5.2022<\/strong> &#8211; Saisonskitag Nr. 142, Reisetag Nr. 283<\/p>\n<p>Notgedrungen mit dem Auto meiner Mutter (bin kein Fan von dem Fiesta an sich und erst recht nicht von diesem Automatikgetriebe) ging es zum Stubaier Gletscher, wobei ich morgens noch etwas arbeitete und auch diverse Skisachen aus meinem Auto, das nach wie vor in der Werkstatt ist, holen musste. <\/p>\n<p>Um kurz nach 12 Uhr war ich an der Gamsgartenbahn und kaufte mir den 2,5-Tages-Skipass, weil der auf den Tag runtergebrochen nicht nur g\u00fcnstiger als der 1,5-, sondern auch g\u00fcnstiger als der 3,5-Tagespass ist. Er kostete 89,30, was also pro Tag 29,77 \u20ac sind. Der 3,5-Tagespass ist dagegen 42 \u20ac teurer. Klarerweise werden diese Skip\u00e4sse als 2- bzw. 3-Tageskarte kalkuliert und der halbe Tag am Ausgabetag ist halt &#8220;gratis&#8221;, aber ob ich nun 3 oder 6 Stunden am Tag fahr, ab 8 oder 12 Uhr, ist mir ja recht egal, Skitag ist Skitag.<\/p>\n<p>Allerdings wollte mir die Kassiererin noch vom Kauf des Skipasses abraten: &#8220;Ist aber schon sehr weich jetzt&#8221;. Naja, lieber weich als Eis.<\/p>\n<p>Betriebszeiten derzeit 8:00-15:30, offen sind Rotadl+Daunferner+Mittelstationsabfahrt, die in fr\u00fcheren Jahren schon bei k\u00e4lteren Temperaturen und mehr Schnee geschlossen war. Durch die &#8220;neue&#8221; Zufahrt zur Mittelstation vom Tal aus (wegen Bau der 3S damals) hat man aber auch keine solch Notwendigkeit mehr, die Stra\u00dfe von oben aus so schnell frei zu machen.*<\/p>\n<p>Nix gegen &#8220;sehr weich&#8221;, aber das hier war komisch weich on-piste und sehr bremsend-weich off-piste. Gr\u00fcnde daf\u00fcr fallen mir ja einige ein, was nun davon in welcher Gewichtung zutrifft, wei\u00df ich nicht:<\/p>\n<p>&#8211; hohe W\u00e4rme (um\/\u00fcber 30\u00b0 im Inntal an diesen Tagen)<br \/>\n&#8211; darunterliegende Schneedecke noch nicht so h\u00e4ufig getaut&#038;durchgefroren (wie bei Restschneefeldern sp\u00e4ter im Juni\/Jul\u00ed)<br \/>\n&#8211; fehlendes Skiwachs am Belag meiner Skier<br \/>\n&#8211; viel Sand (der jedenfalls f\u00fcr ein schnelleres Aufweichen und selten guten Firn sorgt)<br \/>\n&#8211; Ausschlie\u00dfen kann man derzeit wohl zu neuen Neuschnee, der sonst im Mai gerne mal Schuld an Bremsschnee ist.<br \/>\n&#8211; Lt. Bergfex-Vorhersagen sollten auch die N\u00e4chte eher klar gewesen sein, hab das aber nicht auf den Webcams verifiziert.<\/p>\n<p>Wenn man sich \u00fcberlegt, wie lang im Tagesverlauf der sandige Eierkartonschnee bei Restschneefeldern oder in franz\u00f6sischen Sommerskigebieten im Juni\/Juli braucht, bis er weich wird, w\u00e4re er hier momentan ja eigentlich gut zu fahren &#8211; w\u00e4re er nicht so stockend-bremsend teilweise.<\/p>\n<p>Naja, dadurch bin ich heute halt nicht nur Mittelstaionsabfahrt gefahren, sondern auch paar Mal den Daunferner, wo es, insbesondere im Trainingsbereich nachmittags, besser ging. Aber auch auf der pr\u00e4parierten Mittelstationsbfahrt ging es &#8211; dank Pistenraupenspuren hin und wieder &#8211; nachmittags wieder besser.<\/p>\n<p>Leider gibt es unterhalb der Rotadl-KSB, vom Gamsgarten bis zum Eisjoch-Steilhang, rege Baut\u00e4tigkeit, wodurch s\u00e4mtliche gesperrten Abfahrten, Routen und Offpistevarianten hier nicht zu befahren sind, was das Angebot also stark einschr\u00e4kt.<\/p>\n<p>W\u00e4rend mir also normalerweise im Fr\u00fchjahr die Rotadl-Daunferner-\u00d6ffnung lieber ist als eine Eisjoch-Windach-\u00d6ffnung, w\u00e4re es, insb. durch die ge\u00f6ffnete Mittelstationsabfahrt, momentan angenehmer, wenn entweder die Eisgratbahn oder die Eisjoch-KSB offen w\u00e4re, ggf. mit Eisjoch-SL und Windachferner-Sl oder Wildspitz-DSB, anstelle Rotadl-KSB und Daunferner.<\/p>\n<p>Konnte ich heute am Daunferner-SL noch zumeist selbstbedienend einsteigen, waren die n\u00e4chsten beiden Tage fast dauernd B\u00fcgelgeber im Einsatz, schade &#8230;<\/p>\n<p><a href='http:\/\/ski.inmontanis.info\/d\/305582-2\/DSC04781.jpg'><img src=http:\/\/ski.inmontanis.info\/d\/305581-3\/DSC04781.jpg \/><\/a><br \/>\n^ Derzeit ge\u00f6ffnet: Rotadl\/Daunferner und Mittelstationsabfahrt, aber nur der kurze Daunferner-SL; evtl. f\u00e4hrt der lange am WE.<\/p>\n<p><a href='http:\/\/ski.inmontanis.info\/d\/305586-2\/DSC04782.jpg'><img src=http:\/\/ski.inmontanis.info\/d\/305585-3\/DSC04782.jpg \/><\/a><br \/>\n^ Der Parkplatz oberhalb der Gamsgartenbahn-Talstation ist etwas kleiner als fr\u00fcher<\/p>\n<p><a href='http:\/\/ski.inmontanis.info\/d\/305590-2\/DSC04787.jpg'><img src=http:\/\/ski.inmontanis.info\/d\/305589-3\/DSC04787.jpg \/><\/a><br \/>\n^ Mittelstationsabfahrten, (nur) die 4\/4a ist offiziell offen<\/p>\n<p><a href='http:\/\/ski.inmontanis.info\/d\/305594-2\/DSC04789.jpg'><img src=http:\/\/ski.inmontanis.info\/d\/305593-3\/DSC04789.jpg \/><\/a><br \/>\n^ An der Mittelstationsabfahrt vom Gamsgarten wurde der Schnee leider aus der Piste bef\u00f6rdert und schien mir somit wegen der rauhen Pistenraupenspuren nicht lohnenswert<\/p>\n<p><a href='http:\/\/ski.inmontanis.info\/d\/305598-2\/DSC04797.jpg'><img src=http:\/\/ski.inmontanis.info\/d\/305597-3\/DSC04797.jpg \/><\/a><br \/>\n^ Wegen Bauarbeiten auf der Eisjochabfahrt fallen in der heurigen Fr\u00fchjahrssaison leider s\u00e4mtliche Abfahrtsvarianten an der Rotadl-8KSB weg, au\u00dfer der offiziell ge\u00f6ffneten Daunfernerabfahrt<\/p>\n<p><a href='http:\/\/ski.inmontanis.info\/d\/305602-2\/DSC04798.jpg'><img src=http:\/\/ski.inmontanis.info\/d\/305601-3\/DSC04798.jpg \/><\/a><br \/>\n^ .. auch von den Varianten vom Daunferner aus kommt man nicht sinnvoll zur Talstation der 8KSB<\/p>\n<p><a href='http:\/\/ski.inmontanis.info\/d\/305606-2\/DSC04804.jpg'><img src=http:\/\/ski.inmontanis.info\/d\/305605-3\/DSC04804.jpg \/><\/a><br \/>\n^ Unterhalb des Eisjoch-Steilhangs wird das zuvor abgebaute Erd- und Steinmaterial abgeladen<\/p>\n<p><a href='http:\/\/ski.inmontanis.info\/d\/305610-2\/DSC04810.jpg'><img src=http:\/\/ski.inmontanis.info\/d\/305609-3\/DSC04810.jpg \/><\/a><br \/>\n^ Vermattungsarbeiten an der Eish\u00f6hle am Eisgrat<\/p>\n<p><a href='http:\/\/ski.inmontanis.info\/d\/305614-2\/DSC04811.jpg'><img src=http:\/\/ski.inmontanis.info\/d\/305613-3\/DSC04811.jpg \/><\/a><br \/>\n^ Mittelstationsroute Kanonenrohr, schaut ja eigentlich gut aus, war aber extrem bremsend<\/p>\n<p><a href='http:\/\/ski.inmontanis.info\/d\/305618-2\/DSC04813.jpg'><img src=http:\/\/ski.inmontanis.info\/d\/305617-3\/DSC04813.jpg \/><\/a><br \/>\n^ Schneedepot Daunfernerabfahrt H\u00f6he Gamsgarten (links Rotadl-KSB-Talstation)<\/p>\n<p><a href='http:\/\/ski.inmontanis.info\/d\/305622-2\/DSC04816.jpg'><img src=http:\/\/ski.inmontanis.info\/d\/305621-3\/DSC04816.jpg \/><\/a><br \/>\n^ Die Stra\u00dfe f\u00fcr die Erdarbeiten ist relativ hoch gebaut?!<\/p>\n<p><a href='http:\/\/ski.inmontanis.info\/d\/305626-3\/DSC04827.jpg'><img src=http:\/\/ski.inmontanis.info\/d\/305625-4\/DSC04827.jpg \/><\/a><br \/>\n^ Eisjoch-SL und KSB<\/p>\n<p><a href='http:\/\/ski.inmontanis.info\/d\/305630-3\/DSC04832.jpg'><img src=http:\/\/ski.inmontanis.info\/d\/305629-4\/DSC04832.jpg \/><\/a><br \/>\n^ Revisionsarbeiten an der 3S<\/p>\n<p><a href='http:\/\/ski.inmontanis.info\/d\/305634-2\/DSC04842.jpg'><img src=http:\/\/ski.inmontanis.info\/d\/305633-3\/DSC04842.jpg \/><\/a><br \/>\n^ Der lange Daunferner-SL war die Tage nicht in Betrieb (leider), daneben gibts ein Schneedepot<\/p>\n<p><a href='http:\/\/ski.inmontanis.info\/d\/305638-2\/DSC04843.jpg'><img src=http:\/\/ski.inmontanis.info\/d\/305637-3\/DSC04843.jpg \/><\/a><br \/>\n^ Schneedepot am Gletscherende Daunferner<\/p>\n<p><a href='http:\/\/ski.inmontanis.info\/d\/305642-2\/DSC04846.jpg'><img src=http:\/\/ski.inmontanis.info\/d\/305641-3\/DSC04846.jpg \/><\/a><br \/>\n^ Rotadl-Varianten vom Daunferner wegen Bauarbeiten aktuell nicht fahrbar, aber vom Schnee her wohl eh nicht lohnenswert<\/p>\n<p><a href='http:\/\/ski.inmontanis.info\/d\/305646-2\/DSC04847.jpg'><img src=http:\/\/ski.inmontanis.info\/d\/305645-3\/DSC04847.jpg \/><\/a><br \/>\n^ Die linke Abfahrt an den Daunferner-SL verl\u00e4uft nun standardm\u00e4\u00dfig nicht mehr in der Kurve \u00fcber die KSB-Bergstation, sondern (nur) direkt. Eh gut, bissl mehr Abwechslung zu sonst, wo die direkte Variante nicht mehr pr\u00e4pariert wurde im Fr\u00fchjahr oder f\u00fcr Trainings reserviert war.<\/p>\n<p><a href='http:\/\/ski.inmontanis.info\/d\/305650-2\/DSC04848.jpg'><img src=http:\/\/ski.inmontanis.info\/d\/305649-3\/DSC04848.jpg \/><\/a><br \/>\n^ SL Daunferner und Daunscharte<\/p>\n<p><a href='http:\/\/ski.inmontanis.info\/d\/305654-2\/DSC04850.jpg'><img src=http:\/\/ski.inmontanis.info\/d\/305653-3\/DSC04850.jpg \/><\/a><br \/>\n^ Abfahrt Wildspitz-DSB zum Daunferner<\/p>\n<p><a href='http:\/\/ski.inmontanis.info\/d\/305658-2\/DSC04852.jpg'><img src=http:\/\/ski.inmontanis.info\/d\/305657-3\/DSC04852.jpg \/><\/a><br \/>\n^ SL Daunferner<\/p>\n<p><a href='http:\/\/ski.inmontanis.info\/d\/305662-2\/DSC04855.jpg'><img src=http:\/\/ski.inmontanis.info\/d\/305661-3\/DSC04855.jpg \/><\/a><br \/>\n^ Eisgrat mit Mulden und Depots<\/p>\n<p><a href='http:\/\/ski.inmontanis.info\/d\/305666-2\/DSC04857.jpg'><img src=http:\/\/ski.inmontanis.info\/d\/305665-3\/DSC04857.jpg \/><\/a><br \/>\n^ Verbindung Rotadl-Eisgrat; Depotarbeiten; Eisjoch<\/p>\n<p><a href='http:\/\/ski.inmontanis.info\/d\/305670-2\/DSC04858.jpg'><img src=http:\/\/ski.inmontanis.info\/d\/305669-3\/DSC04858.jpg \/><\/a><br \/>\n^ Mittelstationsabfahrt 4<\/p>\n<p><a href='http:\/\/ski.inmontanis.info\/d\/305674-2\/DSC04860.jpg'><img src=http:\/\/ski.inmontanis.info\/d\/305673-3\/DSC04860.jpg \/><\/a><br \/>\n^ Die Variante der Mittelstationsabfahrt 4 oberhalb der Fernau-KSB wurde nun um eine weitere Abfahrtsvariante erg\u00e4nzt<\/p>\n<p>Was das H\u00f6henprofil von der Handy-Tracker-Software angeht, das bei meiner letzten Wanderung in Larvik wieder normal ausgesehen hatte: es ist jetzt wieder M\u00fcll.<\/p>\n<p>Die \u00fcber 140km Autofahrt pro Tag kommen bei den momentanen Spritpreisen (wenn auch mit ca. 1,80 \u20ac etwas g\u00fcnstiger als die letzten Wochen) erschwerend hinzu. Wobei ich mir die Brennerautobahnmaut gespart hab und die Bundesstra\u00dfe gefahren bin, wo im Bereich Innsbruck-Brenner ja auch der nervigste Teil ist.<\/p>\n<p>Urspr\u00fcnglich h\u00e4tte ich ja die 2,5 Skitage Stubai mit dem Ignis fahren und im Tal im Auto \u00fcbernachten wollen, aber die Berichte auf park4night sind grundlegend negativ, man wird sehr h\u00e4ufig vertrieben. Generell h\u00e4tte ich zwar in Tirol kein Problem (das Schlafverbot gilt egtl. nur f\u00fcr touristische Zwecke, sofern das Gesetz nicht ge\u00e4ndert wurde, also nicht bei Arbeit oder Verwandtenbesuche oder Werkstattbesuche etc., aber diese Gr\u00fcnde kann ich hinten im Stubai wohl nur schwer geltend machen und wenn man dann mitten in der Nacht von einer Streife geweckt wird, ist das ja auch nervig.)<\/p>\n<p>*) lt. meiner Datenbank bzw. meinen Bildern ..<br \/>\n.. war die Mittelstationsabfahrt am 2.6.2019 offiziell offen (und es lag wesentlich mehr Schnee damals)<br \/>\n.. waren z.B. am 14.5.2016 alle Mittelstationsabfahrten zu &#8211; allerdings 3S-Bau. 2015 ebenso Mitte Mai geschlossen.<br \/>\n.. war mein letzter Besuch am Stubaier am 7.11.2019, gar noch nicht so lang her.<br \/>\n.. scheine ich in allen Mai-Berichten was von &#8220;pappig&#8221; o.\u00e4. zu erw\u00e4hnen.. Jaja, Mai ist nicht mein Lieblingsskimonat, au\u00dfer in ausnahmsweise mal ge\u00f6ffneten Skigebieten zum Restschnee-Skifahren. Juni+Juli ist normalerweise besser. Wobei, heuer, bei dem vielen Sand .. ich da auch wenig Hoffnung habe. Viel Sand bedeutet, wie schon gesagt, selten guten Firn, fr\u00fcher weicheren Schnee onpiste, sowie tieferen, nervigeren Eierkartonschnee im Offpistebereich.<\/p>\n<p><strong>19.5.2022<\/strong><\/p>\n<p>Heute war ich um 9 Uhr an der Talstation, die Mittelsttionsabfahrt war bereits bei meiner ersten Fahrt vor 10 Uhr pappig. Schade.<\/p>\n<p>Mir hat heut sogar von der Fr\u00fch weg das kurze T-Shirt unter der d\u00fcnnen Sommer-\/Regenjacke gereicht. Beim Skifahren im Sommer hab ich morgens normalerweise ein paar Stunden noch ein lang\u00e4rmeliges Shirt oder d\u00fcnnes Sweatshirt an.<\/p>\n<p>Nach einer Mittelstationsabfahrt und anschlie\u00dfender Bergfahrt mit der Gasmsgartenbahn sieht man schon viel Sand auf dem Skibelag. Ob da Wachsen viel bringt? Hab mal im Intersport auf die Preistafel geschaut: Wachsen 7 \u20ac, Hei\u00dfwachsen 15 \u20ac, normales Service 25 \u20ac,  Professional 40 \u20ac. Wusste gar nicht, dass man auch &#8220;kaltwachsen&#8221; in Sportgesch\u00e4ften machen kann?! Ist das dann ident zu dem Einspr\u00fchen \/ Auftragen von so einem Fl\u00fcssigwachs? Das bringt ja selten f\u00fcr mehr als 1-2 Abfahrten was. 5-10 \u20ac h\u00e4tt ich f\u00fcr Hei\u00dfwachsen ja mal testweise investiert, auch wenn das bei nassem Sand-Schnee im Sommer wohl auch nicht lang h\u00e4lt, vielleicht einen halben Tag, aber 15 \u20ac f\u00fcr so einen Test, schien mir nicht lohnenswert. Und die teureren Services schienen mir auch nicht so wirklich n\u00f6tig bei diesen Skiern.<\/p>\n<p><a href='http:\/\/ski.inmontanis.info\/d\/305678-2\/DSC04867.jpg'><img src=http:\/\/ski.inmontanis.info\/d\/305677-3\/DSC04867.jpg \/><\/a><br \/>\n^ Stubaital mit Elfer bei Fulpmes.<\/p>\n<p><a href='http:\/\/ski.inmontanis.info\/d\/305682-2\/DSC04873.jpg'><img src=http:\/\/ski.inmontanis.info\/d\/305681-3\/DSC04873.jpg \/><\/a><br \/>\n^ SL Daunferner und Trainingsbereich<\/p>\n<p><a href='http:\/\/ski.inmontanis.info\/d\/305686-2\/DSC04875.jpg'><img src=http:\/\/ski.inmontanis.info\/d\/305685-3\/DSC04875.jpg \/><\/a><br \/>\n^ Eisjoch<\/p>\n<p><a href='http:\/\/ski.inmontanis.info\/d\/305690-2\/DSC04878.jpg'><img src=http:\/\/ski.inmontanis.info\/d\/305689-3\/DSC04878.jpg \/><\/a><br \/>\n^ Riesiges Schneedepot (?) am Eisgrat<\/p>\n<p><a href='http:\/\/ski.inmontanis.info\/d\/305694-2\/DSC04884.jpg'><img src=http:\/\/ski.inmontanis.info\/d\/305693-3\/DSC04884.jpg \/><\/a><br \/>\n^ Mittelstationsabfahrt 4<\/p>\n<p><a href='http:\/\/ski.inmontanis.info\/d\/305698-2\/DSC04887.jpg'><img src=http:\/\/ski.inmontanis.info\/d\/305697-3\/DSC04887.jpg \/><\/a><br \/>\n^ Der Parkplatz(?) oberhalb der Rotadl-Talstation wurde nun mit Steinen befestigt<\/p>\n<p><a href='http:\/\/ski.inmontanis.info\/d\/305702-2\/DSC04888.jpg'><img src=http:\/\/ski.inmontanis.info\/d\/305701-3\/DSC04888.jpg \/><\/a><br \/>\n^ Eisjochferner-Steilhang. Hat&#8217;s da \u00fcberhaupt noch Eis? Wird man auch dort, wo jetzt noch Schnee\/Gletscherreste sind, mit der Aufsch\u00fcttung fortf\u00fchren?<\/p>\n<p><a href='http:\/\/ski.inmontanis.info\/d\/305706-2\/DSC04889.jpg'><img src=http:\/\/ski.inmontanis.info\/d\/305705-3\/DSC04889.jpg \/><\/a><br \/>\n^ Den Stecken konnte man offpiste mit ca. 1-3 leichteren Widerst\u00e4nden tief reindr\u00fccken.<\/p>\n<p><a href='http:\/\/ski.inmontanis.info\/d\/305710-2\/DSC04890.jpg'><img src=http:\/\/ski.inmontanis.info\/d\/305709-3\/DSC04890.jpg \/><\/a><br \/>\n^ Fernau-KSB\/SL<\/p>\n<p><a href='http:\/\/ski.inmontanis.info\/d\/305714-2\/DSC04893.jpg'><img src=http:\/\/ski.inmontanis.info\/d\/305713-3\/DSC04893.jpg \/><\/a><br \/>\n^ Mittelstationsabfahrt 2 im unteren Bereich, ging besser zu fahren als offpiste, weil befestigt<\/p>\n<p><a href='http:\/\/ski.inmontanis.info\/d\/305718-2\/DSC04896.jpg'><img src=http:\/\/ski.inmontanis.info\/d\/305717-3\/DSC04896.jpg \/><\/a><br \/>\n^ Mittelstationsabfahrt 2 im oberen Bereich schien dagegen heuer nicht pr\u00e4pariert worden zu sein?!<\/p>\n<p><a href='http:\/\/ski.inmontanis.info\/d\/305722-2\/DSC04897.jpg'><img src=http:\/\/ski.inmontanis.info\/d\/305721-3\/DSC04897.jpg \/><\/a><br \/>\n^ Mittelstationsabfahrt 2 im oberen Bereich schien dagegen heuer nicht pr\u00e4pariert worden zu sein?!<\/p>\n<p><a href='http:\/\/ski.inmontanis.info\/d\/305726-2\/DSC04904.jpg'><img src=http:\/\/ski.inmontanis.info\/d\/305725-3\/DSC04904.jpg \/><\/a><br \/>\n^ Schnabelmaskenpflicht gibts momentan zwar keine, aber weil man im Herbst wohl damit rechnen muss, sind die Aufkleber noch nicht entfernt worden. Leider hatte ich keinen Stift zum Durchstreichen dabei ;)<\/p>\n<p><a href='http:\/\/ski.inmontanis.info\/d\/305730-2\/DSC04906.jpg'><img src=http:\/\/ski.inmontanis.info\/d\/305729-3\/DSC04906.jpg \/><\/a><br \/>\n^ Un\u00fcbliche Kombination<\/p>\n<p><a href='http:\/\/ski.inmontanis.info\/d\/305734-2\/DSC04907.jpg'><img src=http:\/\/ski.inmontanis.info\/d\/305733-3\/DSC04907.jpg \/><\/a><br \/>\n^ Dort werden Erde und Steine wieder abgeladen. Vielleicht baut man hier noch einen Damm und sch\u00fcttet dann den Rest auf  den Restgletscher und arbeitet sich so nach oben?!<\/p>\n<p><strong>20.5.2022<\/strong><\/p>\n<p>Heute der w\u00e4rmste der 3 Tage. Wieder kurzes T-Shirt am Morgen ausreichend, die Daunferner-SL-Abfahrten waren vormittags h\u00e4rter als gestern. Ansonsten aber generell noch bremsender als gestern und vorgestern und die eh schon recht sinnlose Abfahrt vom Daunferner zum Gamsgarten war heute noch sinnloser. Von der Daunferner-SL-Talstation in Schuss fahren und trotzdem 2x schieben m\u00fcssen.<\/p>\n<p>Ausgerechnet heute am &#8220;bremsendsten&#8221; Tag gab es untertags keine Pr\u00e4parierung bis Fernau-KSB-Talstation :(<\/p>\n<p>Vormittags wolkenloser, daf\u00fcr vor und nach 14 Uhr einige Male einige Regentropfen.<\/p>\n<p><a href='http:\/\/ski.inmontanis.info\/d\/305738-2\/DSC04919.jpg'><img src=http:\/\/ski.inmontanis.info\/d\/305737-3\/DSC04919.jpg \/><\/a><br \/>\n^ Gamsgarten<\/p>\n<p><a href='http:\/\/ski.inmontanis.info\/d\/305742-2\/DSC04920.jpg'><img src=http:\/\/ski.inmontanis.info\/d\/305741-3\/DSC04920.jpg \/><\/a><br \/>\n^ Gamsgarten\/Rotadl<\/p>\n<p><a href='http:\/\/ski.inmontanis.info\/d\/305746-2\/DSC04922.jpg'><img src=http:\/\/ski.inmontanis.info\/d\/305745-3\/DSC04922.jpg \/><\/a><br \/>\n^ Fernau-KSB<\/p>\n<p><a href='http:\/\/ski.inmontanis.info\/d\/305750-2\/DSC04923.jpg'><img src=http:\/\/ski.inmontanis.info\/d\/305749-3\/DSC04923.jpg \/><\/a><br \/>\n^ Nervig ist die Lauferei von der Gamsgarten-EUB zur Rotadl-KSB ja schon nach jeder Mittelstationsabfahrt&#8230;<\/p>\n<p><a href='http:\/\/ski.inmontanis.info\/d\/305754-2\/DSC04924.jpg'><img src=http:\/\/ski.inmontanis.info\/d\/305753-3\/DSC04924.jpg \/><\/a><br \/>\n^ Der Steine-Zerkleinerer ist nun n\u00e4her zur 8KSB gewandert, nun mehr Staub und L\u00e4rm hier. \u00dcbrigens wird die Rotadl-8KSB heuer auch schon 10 Jahre alt, wo ist nur die Zeit hin :(<\/p>\n<p><a href='http:\/\/ski.inmontanis.info\/d\/305758-2\/DSC04925.jpg'><img src=http:\/\/ski.inmontanis.info\/d\/305757-3\/DSC04925.jpg \/><\/a><br \/>\n^ Eisgrat mit seinen Mulden, H\u00fcgeln und Depots<\/p>\n<p><a href='http:\/\/ski.inmontanis.info\/d\/305762-2\/DSC04927.jpg'><img src=http:\/\/ski.inmontanis.info\/d\/305761-3\/DSC04927.jpg \/><\/a><br \/>\n^ SL Daunscharte<\/p>\n<p><a href='http:\/\/ski.inmontanis.info\/d\/305766-3\/DSC04928.jpg'><img src=http:\/\/ski.inmontanis.info\/d\/305765-3\/DSC04928.jpg \/><\/a><br \/>\n^ Abfahrt Daunferner-Eisgrat-Mittelstation<\/p>\n<p><a href='http:\/\/ski.inmontanis.info\/d\/305770-3\/DSC04931.jpg'><img src=http:\/\/ski.inmontanis.info\/d\/305769-3\/DSC04931.jpg \/><\/a><br \/>\n^ Die Stra\u00dfe von den Erdarbeiten wird nun noch h\u00f6her, weil mit Steinen befestigt<\/p>\n<p><a href='http:\/\/ski.inmontanis.info\/d\/305774-2\/DSC04932.jpg'><img src=http:\/\/ski.inmontanis.info\/d\/305773-3\/DSC04932.jpg \/><\/a><br \/>\n^ Mittelstationsabfahrt 2 geht wohl nur noch heute durchg\u00e4ngig auf Schnee<\/p>\n<p><a href='http:\/\/ski.inmontanis.info\/d\/305778-2\/DSC04933.jpg'><img src=http:\/\/ski.inmontanis.info\/d\/305777-3\/DSC04933.jpg \/><\/a><br \/>\n^ Daunferner-Abfahrt zum Gamsgarten mit einem kleineren Depot<\/p>\n<p><a href='http:\/\/ski.inmontanis.info\/d\/305782-3\/DSC04935.jpg'><img src=http:\/\/ski.inmontanis.info\/d\/305781-4\/DSC04935.jpg \/><\/a><br \/>\n^ .. und Blick zu Rotadl-Eisjoch-KSB<\/p>\n<p><a href='http:\/\/ski.inmontanis.info\/d\/305786-3\/DSC04937.jpg'><img src=http:\/\/ski.inmontanis.info\/d\/305785-3\/DSC04937.jpg \/><\/a><br \/>\n^ Heute wurde das Abfahrtsst\u00fcck vom Daunferner-SL zur Rotadl-Bergstation pr\u00e4pariert<\/p>\n<p><a href='http:\/\/ski.inmontanis.info\/d\/305790-3\/DSC04938.jpg'><img src=http:\/\/ski.inmontanis.info\/d\/305789-3\/DSC04938.jpg \/><\/a><br \/>\n^ St\u00fctzenversetzung am SL Daunscharte<\/p>\n<p><a href='http:\/\/ski.inmontanis.info\/d\/305794-2\/DSC04939.jpg'><img src=http:\/\/ski.inmontanis.info\/d\/305793-3\/DSC04939.jpg \/><\/a><br \/>\n^ SL Daunferner<\/p>\n<p><a href='http:\/\/ski.inmontanis.info\/d\/305798-2\/DSC04941.jpg'><img src=http:\/\/ski.inmontanis.info\/d\/305797-3\/DSC04941.jpg \/><\/a><br \/>\n^ So ein bescheuerter Snowboarder meinte, er m\u00fcsse die ge\u00f6ffnete Lifttrasse mehrmals runterfahren<\/p>\n<p><a href='http:\/\/ski.inmontanis.info\/d\/305802-3\/DSC04947.jpg'><img src=http:\/\/ski.inmontanis.info\/d\/305801-3\/DSC04947.jpg \/><\/a><br \/>\n^ Eisgrat und Mulde davor<\/p>\n<p><a href='http:\/\/ski.inmontanis.info\/d\/305806-3\/DSC04948.jpg'><img src=http:\/\/ski.inmontanis.info\/d\/305805-3\/DSC04948.jpg \/><\/a><br \/>\n^ Mittelstationsabfahrt Bereich Fernau-KSB<\/p>\n<p><a href='http:\/\/ski.inmontanis.info\/d\/305810-3\/DSC04951.jpg'><img src=http:\/\/ski.inmontanis.info\/d\/305809-4\/DSC04951.jpg \/><\/a><br \/>\n^ SL Fernau und Eisgrat<\/p>\n<p><a href='http:\/\/ski.inmontanis.info\/d\/305814-3\/DSC04952.jpg'><img src=http:\/\/ski.inmontanis.info\/d\/305813-4\/DSC04952.jpg \/><\/a><br \/>\n^ Mittelstationsabfahrt<\/p>\n<p><a href='http:\/\/ski.inmontanis.info\/d\/305818-3\/DSC04957.jpg'><img src=http:\/\/ski.inmontanis.info\/d\/305817-4\/DSC04957.jpg \/><\/a><br \/>\n^ Abschied, vielleicht f\u00fcr immer?<\/p>\n<p><a href='http:\/\/ski.inmontanis.info\/d\/305822-3\/ge20220520c.jpg'><img src=http:\/\/ski.inmontanis.info\/d\/305821-4\/ge20220520c.jpg \/><\/a><br \/>\n^ GPS-Track der 3 Tage<\/p>\n<p>Tja, vielleicht war das heute mein allerletzter Skitag am Stubaier? Wer wei\u00df, wie das heurige Jahr noch weitergeht, wie das n\u00e4chste weitergeht, ob ich dann noch in \u00d6sterreich oder Europa bin ..<br \/>\nWar heute jedenfalls mein 226. Skitag am Stubaier. Von insg. 2830 Skitagen. Fast ein Zw\u00f6lftel aller Skitage war ich also am Stubaier Gletscher &#8211; das reicht eigentlich auch.<br \/>\nPlatz 2 Hintertuxer: 210 Tage<br \/>\nPlatz 3 Axamer Lizum: 99 &#8211; zuletzt 2017<br \/>\nKronplatz: 86 &#8211; zuletzt 2006<br \/>\nSFL: 79 &#8211; zuletzt 2016.<\/p>\n<p>Nach meiner Anzahl-Liste k\u00e4me ich auf derzeit 695 besuchte Skigebiete. Da sind mittlerweile einige drin, die ich bisher nur per Skitour besucht hatte (ein paar davon existieren auch gar nicht mehr). Und einige, die sich mittlerweile zusammengeschlossen haben. Und andere, die ich egtl. als zwei Gebiete z\u00e4hlen m\u00fcsste.<\/p>\n<p>Von diesen also nicht ganz korrekt gez\u00e4hlten 695 Skigebieten w\u00e4ren<br \/>\nca. 185 in Italien,<br \/>\nca. 122 in \u00d6sterreich (unerwartet viel daf\u00fcr, dass ich in der \u00f6stlichen H\u00e4lfte fast noch nichts besucht hab),<br \/>\nca. 71 in Schweden (dank der letzten 2 Jahre),<br \/>\nca. 71 in der Schweiz,<br \/>\nca. 69 in Frankreich,<br \/>\nca. 33 in Deutschland,<br \/>\nca. 28 in Norwegen,<br \/>\n18 in Gro\u00dfbritannien,<br \/>\n13 in Russland,<br \/>\n13 in der T\u00fcrkei,<br \/>\n12 in Griechenland und dann wird&#8217;s einstellig.<\/p>\n<p>Insgesamt 27 L\u00e4nder in Eurasien.<\/p>\n<p>Sogar nach der Anzahl der Skitage ist Schweden mittlerweile auf Platz 3:<br \/>\n\u00d6sterreich 1628 Skitage,<br \/>\nItalien 511,<br \/>\nSchweden 212 (allein diese Saison 109),<br \/>\nFrankreich 109,<br \/>\nSchweiz 96,<br \/>\nNorwegen 64,<br \/>\nDeutschland 57,<br \/>\nGro\u00dfbritannien 27,<br \/>\nGriechenland 15,<br \/>\nT\u00fcrkei 13,<br \/>\nBulgarien 13,<br \/>\nRussland 11 &#8230; und dann wird&#8217;s einstellig.<\/p>\n<p><strong>22.5.2022<\/strong><\/p>\n<p>Nach langer Zeit mal wieder auf dovesciare rumgetrieben, was es in Italien an f\u00fcrchterlichen News aus den Skigebieten geben mag &#8211; ich will es ja gar nicht wissen, aber falls ich doch im Winter unwahrscheinlicherweise mal wieder nach Italien kommen sollte ..<\/p>\n<p>.. in Aprica wurde die Marchisio-DSB stillgelegt, eine nervige 4SB (Sitztrenner\/Minifu\u00dfrasten\/Werwei\u00dfwasnochf\u00fcrnschei\u00df) wird heuer gebaut, die Agudio-6EUB k\u00f6nnte wohl noch n\u00e4chsten Winter in Betrieb sein, soll aber n\u00e4chstes Jahr mit einer Standard-10EUB ersetzt werden. D.h. der Winter 2022\/23 w\u00e4re f\u00fcr mich der letzte m\u00f6gliche Winter in Aprica, bevor es ganz uninteressant ist.<br \/>\n<a href='https:\/\/www.dovesciare.it\/news\/2022-05-21\/aprica-ecco-i-nuovi-impianti-magnolta-e-piana-dei-galli'>https:\/\/www.dovesciare.it\/news\/2022-05-21\/aprica-ecco-i-nuovi-impianti-magnolta-e-piana-dei-galli<\/a><\/p>\n<p>.. Am Montecampione werden 3 Sessellifte demn\u00e4chst ersetzt, wird also auch bald uninteressant werden:<br \/>\n<a href='https:\/\/www.dovesciare.it\/news\/2022-05-03\/montecampione-dalla-regione-libera-al-piano-rifare-3-seggiovie'>https:\/\/www.dovesciare.it\/news\/2022-05-03\/montecampione-dalla-regione-libera-al-piano-rifare-3-seggiovie<\/a><\/p>\n<p>.. positive Nachrichten aus Laceno insofern, dass das seit Jahren stillgelegte Skigebiet (ehemals 2 Marchisio-DSB, soweit ich mich erinnere), wieder in Betrieb gehen soll &#8211; aber leider mit 2 4SBen :(   .. mit 700 p\/h ..<br \/>\n<a href='https:\/\/www.dovesciare.it\/news\/2022-04-29\/laceno-alla-ricostruzione-assegnate-doppelmayr-seggiovie-e-skilift'>https:\/\/www.dovesciare.it\/news\/2022-04-29\/laceno-alla-ricostruzione-assegnate-doppelmayr-seggiovie-e-skilift<\/a><\/p>\n<p>.. in Sarnano soll eine neue KSB gebaut werden, zudem eine Mattensommerskipiste (die waren in IT bisher ja selten lange in Verwendung):<br \/>\n<a href='https:\/\/www.dovesciare.it\/news\/2022-04-28\/sarnano-nuova-seggiovia-pista-da-sci-estiva-e-sviluppo-trekking-e-mtb'>https:\/\/www.dovesciare.it\/news\/2022-04-28\/sarnano-nuova-seggiovia-pista-da-sci-estiva-e-sviluppo-trekking-e-mtb<\/a><\/p>\n<p>.. auch im sch\u00f6nen Bolognola muss leider bald eine 4SB gebaut werden:<br \/>\n<a href='https:\/\/www.dovesciare.it\/news\/2022-04-20\/bolognola-si-attende-lesito-della-la-nuova-seggiovia'>https:\/\/www.dovesciare.it\/news\/2022-04-20\/bolognola-si-attende-lesito-della-la-nuova-seggiovia<\/a><\/p>\n<p>.. auch in Teglio ist eine neue SB geplant (dem Namen nach ist das derzeit der kastrierte SL oberhalb der DSB; wenn die neue SB dann wenigstens wieder das oberste St\u00fcck erschlie\u00dft, k\u00f6nnte es ja vielleicht positiv sein):<br \/>\n<a href='https:\/\/www.dovesciare.it\/news\/2022-04-13\/aprica-e-teglio-incrementato-il-piano-di-sviluppo-e-il-supporto-di-regione'>https:\/\/www.dovesciare.it\/news\/2022-04-13\/aprica-e-teglio-incrementato-il-piano-di-sviluppo-e-il-supporto-di-regione<\/a><\/p>\n<p>.. anscheinend gibts seit Jan 2022 ein neues Gesetz in IT, das f\u00fcr Skifahrer weitere Restriktionen unter dem Safety-First-Deckm\u00e4ntelchen bringt .. Helm bis 18, kein Alkohol, Zwangsversicherung &#8211; das gabs doch eh schon?! Naja betrifft mich alles nicht<\/p>\n<p>.. in Piani di Bobbio soll der letzte SL mit einer SB ersetzt werden &#8211; bescheuert, ist doch eh haupts\u00e4chlich f\u00fcr Rennen\/Trainings verwendet:<br \/>\n<a href='https:\/\/www.dovesciare.it\/news\/2022-04-07\/piani-di-bobbio-gli-ambientalisti-contro-la-nuova-seggiovia-ongania'>https:\/\/www.dovesciare.it\/news\/2022-04-07\/piani-di-bobbio-gli-ambientalisti-contro-la-nuova-seggiovia-ongania<\/a><\/p>\n<p>.. wenigstens soll in Carona die alte Nascivera-Zubringer-DSB wieder nur mit einer DSB ersetzt werden, weil wohl kein Geld da:<br \/>\n<a href='https:\/\/www.dovesciare.it\/news\/2022-04-05\/carona-la-nuova-seggiovia-alpe-soliva-sara-sempre-una-biposto'>https:\/\/www.dovesciare.it\/news\/2022-04-05\/carona-la-nuova-seggiovia-alpe-soliva-sara-sempre-una-biposto<\/a><\/p>\n<p>.. die EUB in Foppolo (Ersatz der beiden 4SB-Sektionen) soll nun auch nicht mehr gebaut werden:<br \/>\n<a href='https:\/\/www.dovesciare.it\/news\/2022-04-01\/foppolo-bye-bye-cabinovia-storia-di-un-grande-spreco'>https:\/\/www.dovesciare.it\/news\/2022-04-01\/foppolo-bye-bye-cabinovia-storia-di-un-grande-spreco<\/a><\/p>\n<p>.. nach dem Ersatz des Gondellifts mit den 2 4SBen, will man in Borno nun wieder eine Gondelbahn bauen.. dann doch lieber die beiden 4SBen lassen ..<br \/>\n<a href='https:\/\/www.dovesciare.it\/news\/2022-03-03\/borno-il-rilancio-passa-dal-sogno-cabinovia'>https:\/\/www.dovesciare.it\/news\/2022-03-03\/borno-il-rilancio-passa-dal-sogno-cabinovia<\/a><\/p>\n<p>.. 6 Jahre nach dem Erdbeben sind wieder Lifte in Frontignano in Betrieb, w\u00e4re positiv, wenn auch DSB oder ESL wieder in Betrieb gehen w\u00fcrden..<br \/>\n<a href='https:\/\/www.dovesciare.it\/news\/2022-02-24\/frontignano-domani-si-t'>https:\/\/www.dovesciare.it\/news\/2022-02-24\/frontignano-domani-si-t<\/a><\/p>\n<p>.. doch noch was Positives: Auch San Simone soll nach einigen Jahren der Schlie\u00dfung wieder \u00f6ffnen:<br \/>\n<a href='https:\/\/www.dovesciare.it\/news\/2022-02-10\/san-simone-obiettivo-riaprire-la-ski-area-la-stagione-20222023'>https:\/\/www.dovesciare.it\/news\/2022-02-10\/san-simone-obiettivo-riaprire-la-ski-area-la-stagione-20222023<\/a><\/p>\n<p>.. und in Gambarie sind anscheinend die neuen DSBen in Betrieb, die vor einigen Jahren gebaut wurden und die die fast nie gelaufenen SL ersetzt haben:<br \/>\n<a href='https:\/\/www.dovesciare.it\/news\/2022-01-14\/gambarie-la-stagione-sciistica-e-iniziata-nonostante-manchi-la-seggiovia'>https:\/\/www.dovesciare.it\/news\/2022-01-14\/gambarie-la-stagione-sciistica-e-iniziata-nonostante-manchi-la-seggiovia<\/a><\/p>\n<p>.. und in Lorica ist auch wieder Skibetrieb, nachdem man den Korblift mit der BMF-EUB ersetzt hat, war die ja auch jahrelang nicht in Betrieb..<br \/>\n<a href='https:\/\/www.dovesciare.it\/news\/2021-12-31\/lorica-la-stagione-sciistica-e-iniziata'>https:\/\/www.dovesciare.it\/news\/2021-12-31\/lorica-la-stagione-sciistica-e-iniziata<\/a><\/p>\n<p>.. da war ich doch im Herbst vor Corona, als ich meine Lombardei-Saisonkarte gekauft hatte und gezweifelt hatte, dass da noch Skibetrieb sei, ja es ist:<br \/>\n<a href='https:\/\/www.dovesciare.it\/news\/2021-12-11\/bergamasca-piccolo-e-bello-si-scia-anche-oltre-il-colle-zambla-e-selvino'>https:\/\/www.dovesciare.it\/news\/2021-12-11\/bergamasca-piccolo-e-bello-si-scia-anche-oltre-il-colle-zambla-e-selvino<\/a><\/p>\n<p>.. hatte ich glaub ich schon letztes Jahr mal gelesen: die Nascivera-DSB in Prato Spilla ist wieder in Betrieb, sch\u00f6n (aber: 1 Mio \u20ac f\u00fcr 10 Jahre Vita-tecnica-Verl\u00e4ngerung ..):<br \/>\n<a href='https:\/\/www.dovesciare.it\/news\/2021-07-27\/prato-spilla-inaugurata-la-seggiovia-dopo-i-lavori-di-manutenzione'>https:\/\/www.dovesciare.it\/news\/2021-07-27\/prato-spilla-inaugurata-la-seggiovia-dopo-i-lavori-di-manutenzione<\/a><\/p>\n<p>.. nuja, die Hiobsbotschaften halten sich wohl in Grenzen, mal schaun, was im Sommer noch alles dazu kommt.. oder welche durch Corona aufgelassene Skigebiete nicht erw\u00e4hnt wurden ..<\/p>\n<p><strong>23.5.2022<\/strong><\/p>\n<p>Na nerv, das voraussichtliche Lieferdatum f\u00fcr die Ersatz-Feder f\u00fcr meinen Ignis hat sich nun von 27.5. auf 4.6. verschoben, d.h. wohl fr\u00fchestens nach Pfingsten eine Reparatur :( 3 Wochen Lieferzeit f\u00fcr eine popelige Feder, kann&#8217;s ja wohl nicht sein.<\/p>\n<p>F\u00fcr&#8217;s &#8220;verl\u00e4ngerte Feiertags-WE&#8221; bekomm ich nun einen Leihwagen, somit ich mal ein paar Tage daheim sein kann, Briefkasten leeren, paar Eink\u00e4ufe heimbringen+einfrieren, bei den Benzinpreisen wohl eigentlich ein fragw\u00fcrdiges unterfangen &#8211; und von den Temperaturvorhersagen auch nicht unbedingt n\u00f6tig.<\/p>\n<p>Das k\u00f6nnte ich dann eigentlich als offizielles Ende der Reise werten, aber einen Abschlussbericht mach ich erst sp\u00e4ter, wenn ich mit meinem Ignis endlich daheim bin. Das wird dann voraussichtlich auch der n\u00e4chste Bericht\/Beitrag sein, in ca. 2 Wochen .. genug Zeit zum Lesen der unten stehenden Links ;-)<\/p>\n<p>&#8211; &#8211; <\/p>\n<p>Zur aktuellen politischen Situation hab ich nat\u00fcrlich auch wieder ein paar Links, die ich mich moralisch verpflichtet zu teilen f\u00fchle ..<\/p>\n<blockquote><p>\nAlbrecht M\u00fcller geh\u00f6rt zu der Sorte SPD-Politiker, die heute vom Aussterben bedroht sind. M\u00fcller arbeitete in den 70er-Jahren im Bundeskanzleramt f\u00fcr Willy Brandt. Sp\u00e4ter war er mehrere Jahre SPD-Abgeordneter im Bundestag. <\/p><\/blockquote>\n<p>-> <a href='https:\/\/transition-news.org\/baerbock-ist-offenbar-gebrieft-und-wird-gesteuert-von-einflussagenten'>https:\/\/transition-news.org\/baerbock-ist-offenbar-gebrieft-und-wird-gesteuert-von-einflussagenten<\/a><\/p>\n<p>Alle umgepolt heutzutage, selbst die Punks von fr\u00fcher ..<br \/>\n<a href='https:\/\/www.wochenblick.at\/brisant\/tote-hose-auf-gruener-linie-campino-traeumt-vom-dienst-an-der-waffe\/'>https:\/\/www.wochenblick.at\/brisant\/tote-hose-auf-gruener-linie-campino-traeumt-vom-dienst-an-der-waffe\/<\/a><\/p>\n<p>.. dazu f\u00e4llt mir nat\u00fcrlich der Song &#8220;180 Grad&#8221; vom Album &#8220;Ein kleines bisschen Horrorschau&#8221; (Clockwork Orange) ein:<br \/>\n<a href='https:\/\/www.youtube.com\/results?search_query=toten+hosen+Ein+kleines+bisschen+Horrorschau'>https:\/\/www.youtube.com\/results?search_query=toten+hosen+Ein+kleines+bisschen+Horrorschau<\/a><\/p>\n<blockquote><p>Wir brauchen hier keinen, der aus der Reihe tanzt<br \/>\nKeinen, der zuviel denkt und auch noch Zweifel hat<br \/>\nWir brauchen keinen, der st\u00e4ndig dagegen ist<br \/>\nUnd dem Fortschritt immer nur als eine Bremse dient<br \/>\nDu warst viel zu lange viel zu unbequem<br \/>\nDoch wir bringen dich schon auf den richtigen Weg<br \/>\nJa, du wirst bald lernen, an deinem Platz zu stehen<br \/>\nWir werden dir deinen Kopf wieder grade drehen<\/p>\n<p>Um hundert achtzig Grad<br \/>\nUm hundert achtzig Grad<br \/>\nUm hundert achtzig Grad<br \/>\nIn Reih und Glied mit uns ziehen<br \/>\nUm hundert achtzig Grad<\/p>\n<p>Keiner entkommt unserem Intensiv-System<br \/>\nIn jedem Supermarkt l\u00e4uft unsere Weichsp\u00fcl-Melodie<br \/>\nAn jeder H\u00e4userwand ein Verhaltensbefehl<br \/>\nWir polen alles um, was in die falsche Richtung geht\n<\/p><\/blockquote>\n<p>.. tja, passt so gut zur momentanen Zeit (H\u00e4userwand, Verhaltensbefehl: ich erinnere an die ganzen Corona-Ma\u00dfnahmen-Schilder!) und es hat funktioniert, nicht nur bei &#8220;Alex&#8221;, nicht nur bei Straft\u00e4tern (so wie urspr\u00fcnglich in &#8220;Clockwork Orange&#8221; vorgesehen), sondern bei nahezu der kompletten Bev\u00f6lkerung. Bye Bye, Campino..<\/p>\n<blockquote><p>\nDer gro\u00dfe Rebell von gestern<br \/>\nSagt nun f\u00fcr immer ja!<br \/>\nZum b\u00fcrgerlichen Leben<br \/>\nUnd den Dingen, gegen die er war\n<\/p><\/blockquote>\n<p>.. aber das wird wohl auf viele Punks oder 68er zutreffen..<\/p>\n<blockquote><p>\nHey (hey, hey!) Bye bye Alex!<br \/>\nNur noch ein Clown<br \/>\nTraurig anzuschauen<\/p>\n<p>Ursache und Wirkung<br \/>\nUnterdr\u00fcckung und Aggression<br \/>\nEs ist immer dasselbe \u00dcbel<br \/>\nUnd keiner bleibt davon verschont<br \/>\nSie alle geh\u00f6ren zur Maschinerie<br \/>\nAls ein R\u00e4dchen im System<br \/>\nOhne sie w\u00fcrde sich das Uhrwerk<br \/>\nNicht mehr lange drehen\n<\/p><\/blockquote>\n<p>.. es ist so passend f\u00fcr die heutige Zeit ..<\/p>\n<blockquote><p>\n(Songwriter: Andreas Frege \/ Wolfgang Rohde \/ Andreas Meurer Songtext  \u00a9 Warner Chappell Music, Inc \/  \u00a9 BMG Rights Management)\n<\/p><\/blockquote>\n<p>Nach der Coronavirus-Plandemie kommt demn\u00e4chst wohl die Pockenvirus-Plandemie, ob jetzt von Affen oder Leoparden oder woher auch immer:<br \/>\n<a href='https:\/\/rtde.site\/meinung\/138854-affenpocken-sind-real-todliche-leopard\/'>https:\/\/rtde.site\/meinung\/138854-affenpocken-sind-real-todliche-leopard\/<\/a><\/p>\n<p>*stinkefinger*<\/p>\n<p>.. aber .. sie fangen schon an, die Bev\u00f6lkerung zu &#8220;sensibilisieren&#8221;, das Thema medial aufzubauschen, so wie es mit Corona im Dezember 2019 \/ Januar 2020 losging ..<\/p>\n<p><a href='https:\/\/www.focus.de\/gesundheit\/affenpocken-jetzt-auch-in-deutschland-entdeckt-das-muessen-sie-zum-virus-wissen_id_101724534.html'>https:\/\/www.focus.de\/gesundheit\/affenpocken-jetzt-auch-in-deutschland-entdeckt-das-muessen-sie-zum-virus-wissen_id_101724534.html<\/a><\/p>\n<p><a href='https:\/\/reitschuster.de\/post\/vorsicht-leopard-pocken-g7-gesundheitsminister-spielen-pandemie\/'>https:\/\/reitschuster.de\/post\/vorsicht-leopard-pocken-g7-gesundheitsminister-spielen-pandemie\/<\/a><\/p>\n<p><a href='https:\/\/ansage.org\/alles-nach-plan-passend-zum-un-pandemievertrag-wird-die-affenpocken-panik-losgetreten\/'>https:\/\/ansage.org\/alles-nach-plan-passend-zum-un-pandemievertrag-wird-die-affenpocken-panik-losgetreten\/<\/a><\/p>\n<p>.. oder wird&#8217;s doch noch der Voggegrippevirus?<br \/>\n<a href='https:\/\/transition-news.org\/gates-und-fauci-finanzierten-gain-of-function-forschung-zur-entwicklung-eines'>https:\/\/transition-news.org\/gates-und-fauci-finanzierten-gain-of-function-forschung-zur-entwicklung-eines<\/a><\/p>\n<p>Themenwechsel:<br \/>\n<a href='https:\/\/rtde.site\/international\/138892-liste-unfreundlicher-staaten-dumasprecher-wolodin\/'>https:\/\/rtde.site\/international\/138892-liste-unfreundlicher-staaten-dumasprecher-wolodin\/<\/a><\/p>\n<p><a href='https:\/\/rtde.site\/europa\/138877-russlands-aussenministerium-antwortet-un-antirussische-sanktionen-ursache-lebensmittelkrise\/'>https:\/\/rtde.site\/europa\/138877-russlands-aussenministerium-antwortet-un-antirussische-sanktionen-ursache-lebensmittelkrise\/<\/a><\/p>\n<p>zu Mariupol\/Asowstal:<br \/>\n<a href='https:\/\/transition-news.org\/evakuierung-oder-kapitulation-der-ukrainischen-kampfer'>https:\/\/transition-news.org\/evakuierung-oder-kapitulation-der-ukrainischen-kampfer<\/a><\/p>\n<p><a href='https:\/\/www.anti-spiegel.ru\/2022\/wie-deutsche-medien-berichte-aus-mariupol-manipulieren\/'>https:\/\/www.anti-spiegel.ru\/2022\/wie-deutsche-medien-berichte-aus-mariupol-manipulieren\/<\/a><\/p>\n<p>.. und dazu passend:<br \/>\n<a href='https:\/\/www.anti-spiegel.ru\/2022\/tag-1-meiner-dritten-reise-in-den-donbass-mariupol\/'>https:\/\/www.anti-spiegel.ru\/2022\/tag-1-meiner-dritten-reise-in-den-donbass-mariupol\/<\/a><\/p>\n<p><a href='https:\/\/www.anti-spiegel.ru\/2022\/wie-in-russland-ueber-die-kapitulation-von-asow-berichtet-wird\/'>https:\/\/www.anti-spiegel.ru\/2022\/wie-in-russland-ueber-die-kapitulation-von-asow-berichtet-wird\/<\/a><\/p>\n<p><a href='https:\/\/www.anti-spiegel.ru\/2022\/cherson-teil-2-meiner-dritten-reise-in-den-donbass\/'>https:\/\/www.anti-spiegel.ru\/2022\/cherson-teil-2-meiner-dritten-reise-in-den-donbass\/<\/a><\/p>\n<p>Zur Krim:<br \/>\n<a href='https:\/\/rtde.site\/europa\/138879-sowjetische-schenkung-krim-an-ukraine\/'>https:\/\/rtde.site\/europa\/138879-sowjetische-schenkung-krim-an-ukraine\/<\/a><\/p>\n<p>Die aktuellen Themen etwas zusammenfassend:<br \/>\n<a href='https:\/\/www.anti-spiegel.ru\/2022\/russisches-fernsehen-die-eu-energiepolitik-ist-so-realistisch-wie-ein-fliegender-teppich\/'>https:\/\/www.anti-spiegel.ru\/2022\/russisches-fernsehen-die-eu-energiepolitik-ist-so-realistisch-wie-ein-fliegender-teppich\/<\/a><\/p>\n<p>Auch sch\u00f6n, mal wieder zum C-Thema:<br \/>\n<a href='https:\/\/ansage.org\/maskenkonformismus-als-in-deutschland-die-logik-starb\/'>https:\/\/ansage.org\/maskenkonformismus-als-in-deutschland-die-logik-starb\/<\/a><\/p>\n<p>Nicht sch\u00f6n:<br \/>\n<a href='https:\/\/transition-news.org\/venu-de-chine-le-credit-social-se-repand-en-europe'>https:\/\/transition-news.org\/venu-de-chine-le-credit-social-se-repand-en-europe<\/a><\/p>\n<p>Zusammenfassend zum Sozialkreditsystem, Digitalgeld,&#8230;:<br \/>\n<a href='https:\/\/norberthaering.de\/news\/soziale-mega-maschine\/'>https:\/\/norberthaering.de\/news\/soziale-mega-maschine\/<\/a><\/p>\n","protected":false},"excerpt":{"rendered":"<p>Mi, 18.5.2022 &#8211; Saisonskitag Nr. 142, Reisetag Nr. 283<\/p>\n<p>Notgedrungen mit dem Auto meiner Mutter (bin kein Fan von dem Fiesta an sich und erst recht nicht von diesem Automatikgetriebe) ging es zum Stubaier Gletscher, wobei ich morgens noch etwas arbeitete und auch diverse Skisachen aus meinem Auto, das nach wie vor in der Werkstatt <a href=\"http:\/\/blog.inmontanis.info\/?p=7589\">[&#8230;]<\/a><\/p>\n","protected":false},"author":1,"featured_media":7593,"comment_status":"closed","ping_status":"closed","sticky":false,"template":"","format":"standard","meta":{"footnotes":""},"categories":[185,13,28,895],"tags":[39,57,78,47],"class_list":["post-7589","post","type-post","status-publish","format-standard","has-post-thumbnail","hentry","category-2021-08-skandinavien","category-austria","category-skifahren-sommer","category-stubaier-gletscher","tag-6eub","tag-8sb","tag-restschnee","tag-sl","odd"],"_links":{"self":[{"href":"http:\/\/blog.inmontanis.info\/index.php?rest_route=\/wp\/v2\/posts\/7589","targetHints":{"allow":["GET"]}}],"collection":[{"href":"http:\/\/blog.inmontanis.info\/index.php?rest_route=\/wp\/v2\/posts"}],"about":[{"href":"http:\/\/blog.inmontanis.info\/index.php?rest_route=\/wp\/v2\/types\/post"}],"author":[{"embeddable":true,"href":"http:\/\/blog.inmontanis.info\/index.php?rest_route=\/wp\/v2\/users\/1"}],"replies":[{"embeddable":true,"href":"http:\/\/blog.inmontanis.info\/index.php?rest_route=%2Fwp%2Fv2%2Fcomments&post=7589"}],"version-history":[{"count":4,"href":"http:\/\/blog.inmontanis.info\/index.php?rest_route=\/wp\/v2\/posts\/7589\/revisions"}],"predecessor-version":[{"id":7594,"href":"http:\/\/blog.inmontanis.info\/index.php?rest_route=\/wp\/v2\/posts\/7589\/revisions\/7594"}],"wp:featuredmedia":[{"embeddable":true,"href":"http:\/\/blog.inmontanis.info\/index.php?rest_route=\/wp\/v2\/media\/7593"}],"wp:attachment":[{"href":"http:\/\/blog.inmontanis.info\/index.php?rest_route=%2Fwp%2Fv2%2Fmedia&parent=7589"}],"wp:term":[{"taxonomy":"category","embeddable":true,"href":"http:\/\/blog.inmontanis.info\/index.php?rest_route=%2Fwp%2Fv2%2Fcategories&post=7589"},{"taxonomy":"post_tag","embeddable":true,"href":"http:\/\/blog.inmontanis.info\/index.php?rest_route=%2Fwp%2Fv2%2Ftags&post=7589"}],"curies":[{"name":"wp","href":"https:\/\/api.w.org\/{rel}","templated":true}]}}