{"id":7582,"date":"2022-05-17T18:46:31","date_gmt":"2022-05-17T16:46:31","guid":{"rendered":"http:\/\/blog.inmontanis.info\/?p=7582"},"modified":"2022-05-22T11:33:08","modified_gmt":"2022-05-22T09:33:08","slug":"flensburg-tirol-9-17-5-2022-schones-thuringen-totalschaden-am-ignis","status":"publish","type":"post","link":"http:\/\/blog.inmontanis.info\/?p=7582","title":{"rendered":"Flensburg-Tirol, 9.-17.5.2022 \/ Sch\u00f6nes Th\u00fcringen &#038; Totalschaden am Ignis?"},"content":{"rendered":"<p><strong>9.5.2022<\/strong><\/p>\n<p>F\u00fcr heute und morgen h\u00e4tte ich mir ca. 730km vorgenommen (Verwandtenbesuch im Raum N\u00fcrnberg), teils Autobahnen, teils Landstra\u00dfen, wo eine Abk\u00fcrzung sinnvoll ist, also wie gestern in D\u00e4nemark. Dort bin ich ja 70-75 km\/h auf Landstra\u00dfen und 80-82 km\/h auf Autobahnen gefahren. Mal gespannt, ob ich das in DE auch so durchhalten kann bzw. wieviele mich auf Landstra\u00dfen &#8220;anlichthupen&#8221; werden.. (Spoiler: Tats\u00e4chlich keiner, nicht mal LKWs, die mich \u00fcberholten, wobei ich dann doch eher 75-85 gefahren bin.)<\/p>\n<p><a href='http:\/\/extra.inmontanis.info\/d\/76035-2\/DSC04727.jpg'><img src=http:\/\/extra.inmontanis.info\/d\/76033-3\/DSC04727.jpg \/><\/a><br \/>\n^ Meer oder Fjord  von einem Parkplatz in D\u00e4nemark gegen\u00fcber Flensburg<\/p>\n<p><a href='http:\/\/extra.inmontanis.info\/d\/76039-2\/DSC04729.jpg'><img src=http:\/\/extra.inmontanis.info\/d\/76038-3\/DSC04729.jpg \/><\/a><br \/>\n^ Blick nach Flensburg von D\u00e4nemark aus<\/p>\n<p>Kaum in Deutschland angekommen (keine Grenzkontrollen) wurde ich wohl von jemand mit FL-Kennzeichen erkannt und leicht angehupt samt V-Finger. Nun, mein Auto ist auch leicht zu erkennen mit den Skiern und dem Rad auf dem Dach ..<\/p>\n<p><a href='http:\/\/extra.inmontanis.info\/d\/76043-2\/DSC04732.jpg'><img src=http:\/\/extra.inmontanis.info\/d\/76042-3\/DSC04732.jpg \/><\/a><br \/>\n^ Einziger Stau auf der Heimreise &#8211; nat\u00fcrlich &#8211; bei Hamburg. Grund diesmal: Tunnelbaustelle und Verengung von 4 auf 2 Fahrstreifen. Der LKW-Stau war noch viel l\u00e4nger. Naja, nach \u00fcber 9 Monaten Autofahren ohne Stau&#8230; was soll&#8217;s.<\/p>\n<p>Ich wei\u00df zwar nicht, wie dieses Thema bei Burger King oder KFC ist, aber McDonalds und Shell konnten nicht fr\u00fch und vehement genug gegen Russland wettern. McD will seine Filialen in RU gar nicht mehr \u00f6ffnen? Seitdem boykottier ich Shell-Tankstellen und hab mir vorgenommen, auch bei der Heimreise keinen McDonalds zu besuchen &#8211; was mir im Hinblick auf den McRib und McMuffin zwar etwas Leid tut, aber trotzdem. KFC schmeckt &#8211; von den zweien abgesehen &#8211; ja eh besser.<\/p>\n<p>In einem nahe der A7 befindlichen KFC in Hamburg war um 12:30 Uhr sehr wenig los, Masken trugen ca. die H\u00e4lfte der sp\u00e4rlich auftauchenden G\u00e4ste. Einer &#8211; selbst als der mit mir allein im Restaurant war &#8211; hatte am Platz zwar keine auf, zog sie aber auf dem Weg zur Getr\u00e4nke-Refill-Station auf. Oh Mann..<\/p>\n<p>Nach Hamburg kam ich durch T\u00f6tensen &#8230; so ein winziger Ort, warum kommt mir der Name nur so bekannt vor &#8230; sp\u00e4ter fiel mir &#8220;Dieter&#8221; als m\u00f6glicher Grund ein.<\/p>\n<p>Kurz dahinter ein Edeka, wo selbst am Parkplatz die meisten Leute mit Maske rumliefen. Generell gab es einen ziemlichen Mix mit\/ohne Entenschnabel (FFP2-Maske, schaut doch aus wie Entenschnabel) im Supermarkt, sowohl auf Kunden, wie Mitarbeiterseite.<\/p>\n<p>An einer Tankstelle (morgen) tankte sogar noch einer mit FFP2-Gesichtswindel, drau\u00dfen&#8230; Hat jahrzehntelang die giftigen\/krebserregenden D\u00e4mpfe beim Tanken eingeatmet, hat ihn doch auch nicht gest\u00f6rt ;)<\/p>\n<p>Fr\u00fcher h\u00e4tte man das Gesichtswindeltragen und dauernde H\u00e4ndewaschen+Desinfizieren &#8220;Zwangsneurose&#8221; genannt. Ich hatte mit dem Wort &#8220;Massenpsychose&#8221; bisher nicht so viel anfangen k\u00f6nnen, aber jetzt versteh ich das.<\/p>\n<p>Ob das mit der &#8220;west-medialen&#8221; Ukraine-Propaganda auch nur deshalb so gut funktioniert, weil die Menschen im Westen durch Corona nun 2 Jahre durchindoktriniert sind?<\/p>\n<p>Gesehene Benzinpreise in DE heute: 1,979-2,129 \u20ac<\/p>\n<p><a href='http:\/\/extra.inmontanis.info\/d\/76047-2\/DSC04737.jpg'><img src=http:\/\/extra.inmontanis.info\/d\/76046-3\/DSC04737.jpg \/><\/a><br \/>\n^ Wenn man abseits der Autobahn schattige Alleen fahren kann, w\u00e4rmt sich das Auto bei weitem nicht so auf.<\/p>\n<p><a href='http:\/\/extra.inmontanis.info\/d\/76051-2\/DSC04740.jpg'><img src=http:\/\/extra.inmontanis.info\/d\/76050-3\/DSC04740.jpg \/><\/a><br \/>\n^ Abends kam ich im Harz an. Das da dr\u00fcben wird wohl der Brocken sein. (Glaub ich bin hier zumeist die B4 gefahren)<\/p>\n<p><a href='http:\/\/extra.inmontanis.info\/d\/76055-2\/DSC04742.jpg'><img src=http:\/\/extra.inmontanis.info\/d\/76054-3\/DSC04742.jpg \/><\/a><br \/>\n^ Burgberg-Seilbahn Bad Harzburg (17:22 Uhr). Glaub bei der hatte ich vor ein paar Tagen nachgeschaut und weil sie zum \u00d6PNV z\u00e4hlt, ist hier noch maskenpflicht. Also fahr ich eben nicht.<\/p>\n<p><a href='http:\/\/extra.inmontanis.info\/d\/76059-2\/DSC04746.jpg'><img src=http:\/\/extra.inmontanis.info\/d\/76058-3\/DSC04746.jpg \/><\/a><br \/>\n^ Bodenmarkierungsversuchstrecke. Und mal wieder etwas bergiger.<\/p>\n<p><a href='http:\/\/extra.inmontanis.info\/d\/76063-2\/DSC04751.jpg'><img src=http:\/\/extra.inmontanis.info\/d\/76062-3\/DSC04751.jpg \/><\/a><br \/>\n^ .. und wieder abw\u00e4rts<\/p>\n<p>Auf dem Parkplatz im Harz, wo ich \u00fcbernachten wollte, war abends mal wieder eine Eule zu h\u00f6ren. <\/p>\n<p><strong>10.5.2022<\/strong><\/p>\n<p>Vom Harz ging es weiter durch das sch\u00f6ne Th\u00fcringen, das mich schon auf der Hinfahrt im August, wenn auch leider im Dunklen, \u00fcberzeugen konnte. <\/p>\n<p><a href='http:\/\/extra.inmontanis.info\/d\/76067-2\/DSC04754.jpg'><img src=http:\/\/extra.inmontanis.info\/d\/76066-3\/DSC04754.jpg \/><\/a><br \/>\n^ Wohl noch im Harz<\/p>\n<p><a href='http:\/\/extra.inmontanis.info\/d\/76071-2\/DSC04756.jpg'><img src=http:\/\/extra.inmontanis.info\/d\/76070-3\/DSC04756.jpg \/><\/a><br \/>\n^ .. mit etwas Gl\u00fcck sieht man sogar noch einen Trabbi rumfahren ;) \u00dcbrigens \u00e4hnlich lang wie mein Ignis. Und evtl. bin ich hier mittlerweile in Th\u00fcringen.<\/p>\n<p>Historisches aus der DDR dazu:<br \/>\n<a href='https:\/\/de.wikipedia.org\/wiki\/Verf%C3%BCgbarkeit_von_Pkw_in_der_DDR'>https:\/\/de.wikipedia.org\/wiki\/Verf%C3%BCgbarkeit_von_Pkw_in_der_DDR<\/a><\/p>\n<p><a href='http:\/\/extra.inmontanis.info\/d\/76075-2\/DSC04757.jpg'><img src=http:\/\/extra.inmontanis.info\/d\/76074-3\/DSC04757.jpg \/><\/a><br \/>\n^ Diese gelben Felder riechen eklig.<\/p>\n<p><a href='http:\/\/extra.inmontanis.info\/d\/76079-2\/DSC04758.jpg'><img src=http:\/\/extra.inmontanis.info\/d\/76078-3\/DSC04758.jpg \/><\/a><br \/>\n^ Schon fast toskanische Landschaft in Th\u00fcringen<\/p>\n<p><a href='http:\/\/extra.inmontanis.info\/d\/76083-2\/DSC04759.jpg'><img src=http:\/\/extra.inmontanis.info\/d\/76082-3\/DSC04759.jpg \/><\/a><br \/>\n^ <\/p>\n<p><a href='http:\/\/extra.inmontanis.info\/d\/76087-2\/DSC04763.jpg'><img src=http:\/\/extra.inmontanis.info\/d\/76086-3\/DSC04763.jpg \/><\/a><br \/>\n^ Wenigstens mal etwas mehr Aussicht und weniger Wald<\/p>\n<p><a href='http:\/\/extra.inmontanis.info\/d\/76091-2\/DSC04764.jpg'><img src=http:\/\/extra.inmontanis.info\/d\/76090-3\/DSC04764.jpg \/><\/a><br \/>\n^ Dem Fahrzeugkennzeichen und der gefahrenen Strecke nach war das wohl in (oder um) Ilmenau, Fahrverbot f\u00fcr l\u00e4ngere LKWs und zuerst eine nette Waldstra\u00dfe, dann..<\/p>\n<p><a href='http:\/\/extra.inmontanis.info\/d\/76095-2\/DSC04768.jpg'><img src=http:\/\/extra.inmontanis.info\/d\/76094-3\/DSC04768.jpg \/><\/a><br \/>\n^ .. eine noch schm\u00e4lere Stra\u00dfe<\/p>\n<p><a href='http:\/\/extra.inmontanis.info\/d\/76099-2\/DSC04769.jpg'><img src=http:\/\/extra.inmontanis.info\/d\/76098-3\/DSC04769.jpg \/><\/a><br \/>\n^ .. mit Ausblick<\/p>\n<p><a href='http:\/\/extra.inmontanis.info\/d\/76103-2\/DSC04770.jpg'><img src=http:\/\/extra.inmontanis.info\/d\/76102-3\/DSC04770.jpg \/><\/a><br \/>\n^ Doch viel sch\u00f6ner als eine Autobahn oder Bundesstra\u00dfe..<\/p>\n<p><a href='http:\/\/extra.inmontanis.info\/d\/76107-2\/DSC04772.jpg'><img src=http:\/\/extra.inmontanis.info\/d\/76106-3\/DSC04772.jpg \/><\/a><br \/>\n^ .. und erinnerte nicht nur hier etwas an die schmalen Stra\u00dfen in England.<\/p>\n<p><a href='http:\/\/extra.inmontanis.info\/d\/76111-2\/DSC04775.jpg'><img src=http:\/\/extra.inmontanis.info\/d\/76110-3\/DSC04775.jpg \/><\/a><br \/>\n^ Wie schon bei der Hinfahrt im August (via Rennsteig, aber ja leider in der Nacht) gefiel mir auch bei der R\u00fcckfahrt Th\u00fcringen \/ der Bereich  Th\u00fcringer Wald (?)<\/p>\n<p>Das Men\u00fc, das ich gestern im KFC in Hamburg gegessen hab, w\u00e4r heute in Coburg 2 \u20ac g\u00fcnstiger gewesen.<\/p>\n<p>In Coburg lag auch ein Mix-Markt mit wenig Umweg auf dem Weg. Ob die noch Produkte aus Russland verkaufen? Ja, schien so. Wobei einiges ja eh in Deutschland produziert wird. Gut gut, paar Sachen mitgenommen, 2 tiefgek\u00fchlte kleine Packungen Pelmeni\/Wareniki, aber ob die im K\u00fchlschrank statt tiefgek\u00fchlt aushalten, bis ich daheim bin, wird sich zeigen m\u00fcssen.<\/p>\n<p><a href='http:\/\/extra.inmontanis.info\/d\/76115-2\/DSC04776.jpg'><img src=http:\/\/extra.inmontanis.info\/d\/76114-3\/DSC04776.jpg \/><\/a><br \/>\n^ N\u00e4he Bamberg gibts ein Busendorf, in dessen N\u00e4he auch ein Poppendorf liegt. Jaja, die Ortsnamen in Deutschland sind schon manchmal lustig&#8230; wenn man sonst nichts zum Lachen hat .. Wobei, in \u00d6sterreich gibts ja sogar einen Ort namens Fucking ;) Bzw. hat der sich mittlerweile ja in Fugging umbenannt, weil die Ortstafeln zu h\u00e4ufig geklaut wurden&#8230;<\/p>\n<p>Beim Verwandtenbesuch im Raum N\u00fcrnberg\/F\u00fcrth leider keinen schattigen Parkplatz gehabt, daher abends das Auto sehr warm gewesen. Um 22 Uhr hatte es noch 18 Grad drau\u00dfen und innen viel mehr, windstill und kein Luftaustausch, au\u00dfer \u00fcber die L\u00fcftungsfunktion der Standheizung, die alle 1 Stunde aktivitivert werden musste. Konnte erst nach 1 Uhr einschlafen ..<\/p>\n<p><strong>11.5.2022<\/strong><\/p>\n<p>.. und war vor 6 Uhr vom Stra\u00dfenl\u00e4rm geweckt worden. War kein sch\u00f6ner Platz hier. Achja, eine Eule gabs auch wieder zu h\u00f6ren. <\/p>\n<p>Schei\u00df Hitze und durchgehender Sonnenschein auch heute wieder. Die L\u00fcftung braucht man gar nicht einschalten, die ist durch die Motorw\u00e4rme auch warm, die Fenster alle aufrei\u00dfen ist hinten ok, weil Fliegennetze, aber vorne f\u00fchrt es dazu, dass K\u00e4fer und andere Insekten reinkommen :(<\/p>\n<p>Noch ein letztes Mal im Real N\u00fcrnberg Virnsberger Stra\u00dfe bissl eingekauft (wird aufgelassen) und Fraunholz Lebkuchen eingekauft (die besten Lebkuchen) und in Ingolstadt nahe der A9 &#8211; heute war wohl die Autobahn die k\u00fcrzeste Route &#8211; im KFC gewesen. Auf mehr Superm\u00e4rkte hatte ich bei der Hitze keine Lust mehr&#8230;<\/p>\n<p>\u00dcberrascht war ich, Jysk-L\u00e4den au\u00dferhalb von Skandinavien zu sehen. Lt. Wikipedia hie\u00dfen die fr\u00fcher bei uns D\u00e4nisches Bettenlager, das kannte ich nat\u00fcrlich. Aber mir kam vor, dass diese &#8220;DB&#8221;-Gesch\u00e4fte in DE\/AT vom Sortiment her anders aufgestellt waren als die Jysk-L\u00e4den in Skandinavien, wobe ich eh nur einen besucht hatte, da deren Sortiment auf meiner Reise irrelevant war.<\/p>\n<p>Im S\u00fcden Bayerns besuchte ich noch meinen Vater, hielt den Besuch aber sehr kurz, weil ich von der bl\u00f6den Hitze die Schnauze voll hatte und meine Sachen endlich aus dem Auto tun wollte. Auf der Autobahn M\u00fcnchen-Garmisch fuhr ich wegen der Hitze nun auch \u00fcber 100 km\/h. Ansonsten hielt ich mich auch in DE meist an die spritsparenden 70-90 km\/h und konnte somit &#8211; auch dank nicht mehr ben\u00f6tigter Standheizung &#8211; auf der D\u00e4nemark-Deutschland-Durchfahrung endlich mal wieder Verbr\u00e4uche von unter 5 Litern in die Tabelle schreiben, trotz den Skiern am Dach.<\/p>\n<p><a href='http:\/\/extra.inmontanis.info\/d\/76119-2\/DSC04778.jpg'><img src=http:\/\/extra.inmontanis.info\/d\/76118-3\/DSC04778.jpg \/><\/a><br \/>\n^ 34\u00b0 im Auto w\u00e4hrend der Fahrt trotz teils komplett offener Fenster &#8211; die Klimaanlage fehlt mir heute sehr.<\/p>\n<p><a href='http:\/\/extra.inmontanis.info\/d\/76123-2\/DSC04780.jpg'><img src=http:\/\/extra.inmontanis.info\/d\/76122-3\/DSC04780.jpg \/><\/a><br \/>\n^ Garmisch und die Alpen. <\/p>\n<p>Ob ich die Alpen, Tirol oder \u00d6sterreich vermisst hab? N\u00f6. Sogar an die Nichtexistenz von Italien und Frankreich und ein dauerhaftes Nichtmehrbesuchenk\u00f6nnen meinerseits k\u00f6nnte ich mich mittlerweile abfinden.<\/p>\n<p>So kam ich (ohne Grenzkontrolle) etwas fr\u00fcher bei meiner Mutter in Telfs an, wo ich \u00fcber das Wochenende bleiben wollte, insb. falls beim Service was repariert werden muss.<\/p>\n<p><strong>Do, 12.5.2022<\/strong><\/p>\n<p>Jaja, da soll man unbedingt um 7:30 in der Werkstatt sein, damit gleich nachgeschaut werden kann, ob was bestellt werden muss und dann muss doch erst ein anderes Auto fertig gemacht werden :)<\/p>\n<p>Zus\u00e4tzlich zum 220.000km Service, der \u00a757a-\u00dcberpr\u00fcfung und der ja seit letztem Sommer noch undichteren Klimaanlage wurden aber leider noch ein paar weitere Dinge festgestellt. Vorne rechts ist die Feder gebrochen, was ich gar nicht mitbekommen hatte (weder den \u00fcblichen Schlag, noch wurde der Reifen besch\u00e4digt, wie schon bei zwei vorherigen Fahrzeugen, noch w\u00e4re mir ein tiefer liegender Reifen aufgefallen. Hinten links meinte ich mal, w\u00e4r was, aber da war ich nur unsch\u00f6n gestanden, vielleicht auch deshalb einen eventuell tiefer liegenden Reifen vorne  nicht beachtet.<\/p>\n<p>Dazu gibts Differential\u00f6lverlust oder so \u00e4hnlich an der Hinterachse, wodurch auch die Bremse hinten mit \u00d6l versaut ist. Und zus\u00e4tzlich einen \u00d6laustritt zwischen Haupt- und Verteilergetriebe, wenn ich das richtig verstanden hab. Mit irgendeinem \u00d6lverlust hatte ich doch da auch schon mal was?! <\/p>\n<p>Ein sp\u00e4terer Anruf schockte mich dann in zweierlei Hinsicht: Es wird 2-3 Wochen dauern, weil Teile nicht lieferbar sind, und trotz Mitarbeiterrabatt um die 3.000,- \u20ac kosten. Hoffentlich wenigstens alles zusammen. Und fahren darf ich jetzt nat\u00fcrlich nicht mehr mit meinem Ignis, bis das repariert w\u00e4re.<\/p>\n<p>Ich \u00fcberlegte mir bis zum n\u00e4chsten Tag, was ich nun machen soll. Wenn man jetzt einen g\u00fcnstigen, wenig gefahrenen, gebrauchten Ignis bekommen w\u00fcrde, oder einen Vorf\u00fchrwagen g\u00fcnstig, aber das ist in den momentanen Zeiten ja auch schwer bis unm\u00f6glich. Der g\u00fcnstigste Ignis (nicht das vorherige Modell) in \u00d6sterreich st\u00fcnde sogar &#8220;bei uns&#8221;, 5 Jahre alt wie meiner, aber 100.000 km. W\u00e4r ja ok, aber angeschrieben \u00fcber 12.000,- \u20ac, das scheint mir nicht sinnvoll. Ist ja mehr als 2\/3, was ich f\u00fcr meinen damals neu als Vorf\u00fchrwagen bezahlt hab.<\/p>\n<p>Der Aus- und Wiedereinbau von Standheizung und Batterieladung usw. in ein anderes Fahrzeug w\u00e4r zudem wieder mit Zusatzkosten verbunden, wohl auch mit 1-2000,-<\/p>\n<p>Mein Ignis, wenn er in Top-Konditionen und ohne Standheizung usw. w\u00e4re, w\u00e4re bei dem Alter\/km-Stand aktuell wohl ca.\/max. 5.000,- \u20ac wert. Im Verkauf, nicht im Einkauf. Also im Prinzip w\u00e4re dies nun ein Totalschaden, insb. ohne Mitarbeiterkonditionen und bei dem sonstigen Zustand.<\/p>\n<p><strong>13.5.2022<\/strong><\/p>\n<p>Ich entschied mich f\u00fcr eine Reparatur meines Ignis, mangels besserer Alternativen. Und wenn man einen Gebrauchten kauft, wei\u00df man ja auch nicht, ob das Gleiche nicht demn\u00e4chst kaputt wird.<\/p>\n<p>Zudem ber\u00fccksichtigte ich folgendes: Sollte der Benzinpreis nun auf 3 \u20ac steigen und dauerhaft bleiben, w\u00fcrde ich wohl auf ein Elektrofahrzeug umsteigen. Leider ist der X-Bus (ehemals eBussy) auch noch nicht lieferbar, der schien mir nach wie vor eine sinnvolle L\u00f6sung f\u00fcr mich zu sein, m\u00f6chte aber noch auf z.B. die endg\u00fcltige Ausstattung und den tats\u00e4chlichen Verbrauch warten.<\/p>\n<p>Meine Eink\u00e4ufe bekomm ich so nat\u00fcrlich nicht so schnell heim &#8211; also durfte ich das alles ausladen und es bei meiner Mutter in der Wohnung \/ Tiefk\u00fchler deponieren. <\/p>\n<p>Andererseits nat\u00fcrlich Gl\u00fcck gehabt, dass das nicht beim letzten Service im August gewesen ist, weil ich durch die Verz\u00f6gerung dann vmtl nicht mehr nach Norwegen gekonnt h\u00e4tte. Wobei die Teile damals vielleicht schneller lieferbar gewesen w\u00e4ren. Und aucht gut, dass ich das Service nicht im April in Skandinavien machen lie\u00df. Da w\u00e4r alles wesentlich teurer geworden. Ich glaub, in dem Fall h\u00e4tte ich mich tats\u00e4chlich um eine Wohnung \/ ein Haus in Schweden umgesehen und gleich ein Auto in Schweden gekauft und es als &#8220;Wink des Schicksals&#8221; genommen.<\/p>\n<p><strong>17.5.2022<\/strong><\/p>\n<p>So wie&#8217;s ausschaut, sind nur die Federn l\u00e4nger nicht lieferbar. Mehrzahl, weil ich entschieden hab, dass wir auch die linke Feder erneuern. Wenn schon die rechte gebrochen ist, wird die linke das wohl auch bald tun. Leider sind die voraussichtlich erst Ende n\u00e4chster Woche lieferbar. D.h. vielleicht kann ich schon am 30.5. wieder mit meinem Ignis fahren. Derweil schlaf ich auf der Couch in der Wohnung meiner Mutter. Wobei mir das hier tageweise zu warm zu laut und zu hell ist. Alternativ k\u00f6nnte ich auch im Auto schlafen, in der Tiefgarage w\u00e4r&#8217;s auch sch\u00f6n k\u00fchl, aber windstill, weshalb in meinem Auto ein ziemlicher mief war, als ich die Ski raus hab.<\/p>\n<p>Interessant. Ich hab zwar mitbekommen, dass der Strolz am Arlberg in Konkurs gegangen ist, aber anscheinend gibt&#8217;s jetzt 2 verschiedene Strolz-Skischuhe &#8211; die beim Sport Strolz, im altbekannten Geb\u00e4ude in Lech, der hat nun Schuhe in Kooperation mit Tecnica. Die altbekannten Strolz-Skischuhe dagegen firmieren jetzt anscheinend unter &#8220;hannes-strolz.com&#8221; und f\u00fchren den &#8220;neuen&#8221; Strolz-Sport gar nicht als H\u00e4ndler auf. (Ich m\u00fcsste ja mal wieder die Gummiabs\u00e4tze tauschen lassen..)<\/p>\n<p>Zudem ist seit gestern Montag in AT kein 3G mehr bei Einreise. Somit k\u00f6nnte ich nun leichter im Ausland einkaufen.<\/p>\n<p><a href='http:\/\/extra.inmontanis.info\/d\/76127-2\/ge202205m.jpg'><img src=http:\/\/extra.inmontanis.info\/d\/76126-3\/ge202205m.jpg \/><\/a><br \/>\n^ Rot: Fahrstrecke 27.4.-12.5.2022 (ca. 1700km)<\/p>\n<p><a href='http:\/\/extra.inmontanis.info\/d\/76131-2\/ge202205b.jpg'><img src=http:\/\/extra.inmontanis.info\/d\/76130-3\/ge202205b.jpg \/><\/a><br \/>\n^ Strecke und POIs Ende April \/ Anfang Mai 2022<\/p>\n<p>A) Hemsedal<br \/>\nB) Gol (Skitour)<br \/>\nC) Geilo (Skitour)<br \/>\nD) Lia<br \/>\nE) Dagali (Skitour)<br \/>\nF) Uvdal (Skitour)<br \/>\nG) Rjukan \/ Gaustatoppen (zur Info)<br \/>\nH) Kongsberg<br \/>\nI) Svarstad (LSAP)<br \/>\nJ) Larvik<br \/>\n(F\u00e4hre)<\/p>\n<p><a href='http:\/\/extra.inmontanis.info\/d\/76135-2\/ge202205n.jpg'><img src=http:\/\/extra.inmontanis.info\/d\/76134-3\/ge202205n.jpg \/><\/a><br \/>\n^ T\u00fcrkis: die 9-monatige Tour von August 2021 bis Mai 2022, Orange: meine vorherigen Skandinavienreisen<\/p>\n<p><a href='http:\/\/extra.inmontanis.info\/d\/76139-2\/ge202205e.jpg'><img src=http:\/\/extra.inmontanis.info\/d\/76138-3\/ge202205e.jpg \/><\/a><br \/>\n^ Fahrstrecke 8.-12.5.2022<br \/>\nK) Hirtshals<br \/>\nL) Telfs<\/p>\n<p><a href='http:\/\/extra.inmontanis.info\/d\/76143-2\/ge202205f.jpg'><img src=http:\/\/extra.inmontanis.info\/d\/76142-3\/ge202205f.jpg \/><\/a><br \/>\n^ .. Ausschnitt des mitteldeutschen Bereiches, zumeist abseits Autobahnen. Leider kann man in GE nicht nur die Autobahnen darstellen, entweder gar keine Stra\u00dfen oder gleich zu viel.<\/p>\n<p>Da ich noch nicht daheim bin, ist die Reise aber ja noch nicht beendet ..<\/p>\n<p>Morgen, 18.5., geht&#8217;s zum Stubaier Gletscher, Bericht folgt.<\/p>\n<p>&#8211; &#8211;<\/p>\n<p>Ich schau&#8217;s mir ja seit einigen Jahren nicht mehr an &#8211; aber Ukraine gewinnt den ESC \/ Song Contest? Schwachsinnig, inszeniert sowas&#8230; Oder es lag an den ukrainischen Fl\u00fcchtlingen im Ausland, die nun wie wild f\u00fcr ihre UA angerufen haben!?<\/p>\n<p><a href='https:\/\/unser-mitteleuropa.com\/ukrainischer-song-contest-sieg-verkommt-zu-nazi-show-inklusive-hitler-gruss-video\/'>https:\/\/unser-mitteleuropa.com\/ukrainischer-song-contest-sieg-verkommt-zu-nazi-show-inklusive-hitler-gruss-video\/<\/a><\/p>\n<p>Zum Wahlsieg der  Gr\u00fcnen \/ NRW-Wahl:<br \/>\n<a href='https:\/\/www.wochenblick.at\/brisant\/nach-nordrhein-westfalen-wahl-wir-koennen-das-buch-deutschland-zuklappen\/'>https:\/\/www.wochenblick.at\/brisant\/nach-nordrhein-westfalen-wahl-wir-koennen-das-buch-deutschland-zuklappen\/<\/a><\/p>\n<p>Mal eine etwas andere Sicht zum Kosovo-Thema:<br \/>\n<a href='https:\/\/rtde.site\/europa\/138646-serbien-und-russland-sanktionen-wilde-joker-karte-kosovo\/'>https:\/\/rtde.site\/europa\/138646-serbien-und-russland-sanktionen-wilde-joker-karte-kosovo\/<\/a><\/p>\n<p>Dazu auch passend:<br \/>\n<a href='https:\/\/www.anti-spiegel.ru\/2022\/wird-die-suedostukraine-ein-teil-russlands\/'>https:\/\/www.anti-spiegel.ru\/2022\/wird-die-suedostukraine-ein-teil-russlands\/<\/a><\/p>\n<p>Not amused sind in der Hinsicht ja die Serben, genau wegen des Kosovo-Themas. Dann da ist Russland eigentlich auf der Seite Serbiens. Genau umgekehrt, wie es sich im Hinblick auf Ukraine\/Georgien verh\u00e4lt. Da ist RU f\u00fcr eine Abspaltung der abtr\u00fcnnigen Regionen und &#8220;der Westen&#8221; dagegen. Wobei es sich im Kosovo &#8211; siehe oberer Artikel &#8211; aus russischer Sicht eben etwas anders verhalten soll. Von mir aus: das Volk sollte entscheiden.<\/p>\n<p>Immerhin nun auch kritische T\u00f6ne in den Mainstreammedien.. und den Kommentaren nach &#8220;brodelt&#8221; es ordentlich im Volk. Trotz ukraineverherrlichender Propaganda, wenn&#8217;s ums Geld geht, ist f\u00fcr viele Deutsche die Grenze innerhalb der eigenen 4 W\u00e4nde.<br \/>\n<a href='https:\/\/www.focus.de\/politik\/deutschland\/kommentar-von-ulrich-reitz-aufwachen-ampel-unternehmt-endlich-etwas-gegen-die-grosse-wohlstandsvernichtung_id_100601492.html'>https:\/\/www.focus.de\/politik\/deutschland\/kommentar-von-ulrich-reitz-aufwachen-ampel-unternehmt-endlich-etwas-gegen-die-grosse-wohlstandsvernichtung_id_100601492.html<\/a><\/p>\n","protected":false},"excerpt":{"rendered":"<p>9.5.2022<\/p>\n<p>F\u00fcr heute und morgen h\u00e4tte ich mir ca. 730km vorgenommen (Verwandtenbesuch im Raum N\u00fcrnberg), teils Autobahnen, teils Landstra\u00dfen, wo eine Abk\u00fcrzung sinnvoll ist, also wie gestern in D\u00e4nemark. Dort bin ich ja 70-75 km\/h auf Landstra\u00dfen und 80-82 km\/h auf Autobahnen gefahren. Mal gespannt, ob ich das in DE auch so durchhalten kann bzw. <a href=\"http:\/\/blog.inmontanis.info\/?p=7582\">[&#8230;]<\/a><\/p>\n","protected":false},"author":1,"featured_media":7586,"comment_status":"closed","ping_status":"closed","sticky":false,"template":"","format":"standard","meta":{"footnotes":""},"categories":[185,12],"tags":[37,52],"class_list":["post-7582","post","type-post","status-publish","format-standard","has-post-thumbnail","hentry","category-2021-08-skandinavien","category-germany","tag-meer","tag-pb","odd"],"_links":{"self":[{"href":"http:\/\/blog.inmontanis.info\/index.php?rest_route=\/wp\/v2\/posts\/7582","targetHints":{"allow":["GET"]}}],"collection":[{"href":"http:\/\/blog.inmontanis.info\/index.php?rest_route=\/wp\/v2\/posts"}],"about":[{"href":"http:\/\/blog.inmontanis.info\/index.php?rest_route=\/wp\/v2\/types\/post"}],"author":[{"embeddable":true,"href":"http:\/\/blog.inmontanis.info\/index.php?rest_route=\/wp\/v2\/users\/1"}],"replies":[{"embeddable":true,"href":"http:\/\/blog.inmontanis.info\/index.php?rest_route=%2Fwp%2Fv2%2Fcomments&post=7582"}],"version-history":[{"count":5,"href":"http:\/\/blog.inmontanis.info\/index.php?rest_route=\/wp\/v2\/posts\/7582\/revisions"}],"predecessor-version":[{"id":7588,"href":"http:\/\/blog.inmontanis.info\/index.php?rest_route=\/wp\/v2\/posts\/7582\/revisions\/7588"}],"wp:featuredmedia":[{"embeddable":true,"href":"http:\/\/blog.inmontanis.info\/index.php?rest_route=\/wp\/v2\/media\/7586"}],"wp:attachment":[{"href":"http:\/\/blog.inmontanis.info\/index.php?rest_route=%2Fwp%2Fv2%2Fmedia&parent=7582"}],"wp:term":[{"taxonomy":"category","embeddable":true,"href":"http:\/\/blog.inmontanis.info\/index.php?rest_route=%2Fwp%2Fv2%2Fcategories&post=7582"},{"taxonomy":"post_tag","embeddable":true,"href":"http:\/\/blog.inmontanis.info\/index.php?rest_route=%2Fwp%2Fv2%2Ftags&post=7582"}],"curies":[{"name":"wp","href":"https:\/\/api.w.org\/{rel}","templated":true}]}}